{"id":6221,"date":"2024-10-21T22:20:42","date_gmt":"2024-10-21T19:20:42","guid":{"rendered":"https:\/\/denizcankizil.tr\/uncategorized-tr\/teror-orgutu-lideri-fetullah-gulenin-cenazesi-nereye-gomulecek\/"},"modified":"2024-10-21T22:20:42","modified_gmt":"2024-10-21T19:20:42","slug":"teror-orgutu-lideri-fetullah-gulenin-cenazesi-nereye-gomulecek","status":"publish","type":"post","link":"http:\/\/denizcankizil.tr\/en\/haberler\/gundem\/teror-orgutu-lideri-fetullah-gulenin-cenazesi-nereye-gomulecek\/","title":{"rendered":"Ter\u00f6r \u00f6rg\u00fct\u00fc lideri Fetullah G\u00fclen\u2019in cenazesi nereye g\u00f6m\u00fclecek"},"content":{"rendered":"<p>G\u00fcvenlik kaynaklar\u0131ndan edinilen bilgilere g\u00f6re, Fetullah G\u00fclen&#8217;in \u00f6l\u00fcm\u00fc ile \u00f6rg\u00fct \u00fcst y\u00f6netiminde panik ba\u015flad\u0131. Fetullah G\u00fclen&#8217;in hastal\u0131klar\u0131n\u0131n a\u011f\u0131rla\u015fmas\u0131na neden olan ila\u00e7lar\u0131 veren yan\u0131ndakiler, haberin saklanamayaca\u011f\u0131 karar\u0131na vard\u0131. FET\u00d6 eleba\u015f\u0131 Fetullah G\u00fclen&#8217;in sa\u011fl\u0131k durumunun a\u011f\u0131r seyretti\u011fi, ak\u0131l sa\u011fl\u0131\u011f\u0131n\u0131n yerinde olmad\u0131\u011f\u0131 biliniyordu. \u201cUzun Cevdet\u201d lakapl\u0131 kara kutusu olan Cevdet T\u00fcrkyolu&#8217;nun, \u00f6rg\u00fcte para yard\u0131mlar\u0131n\u0131n kesilmemesi i\u00e7in Fetullah G\u00fclen&#8217;e sa\u011fl\u0131kl\u0131 gibi g\u00f6r\u00fcnmesi ad\u0131na ila\u00e7 verdi\u011fi, \u00f6rg\u00fctteki da\u011f\u0131lmay\u0131 engellemek ad\u0131na daha \u00f6nce \u00e7ekilen videolar\u0131 yeniymi\u015f gibi yay\u0131nland\u0131\u011f\u0131 ortaya \u00e7\u0131km\u0131\u015ft\u0131. Hatta T\u00fcrkyolu, hem Fetullah G\u00fclen&#8217;i hem de \u00f6rg\u00fct\u00fcn paras\u0131n\u0131 kendine g\u00f6re y\u00f6netebilmek i\u00e7in \u00f6rg\u00fct eleba\u015f\u0131n\u0131 Pensilvanya&#8217;daki \u00e7iftlikten ka\u00e7\u0131r\u0131p, damad\u0131n\u0131n evine g\u00f6t\u00fcrm\u00fc\u015ft\u00fc.\u00a0<\/p>\n<p>G\u00dcLEN\u2019\u0130N CENAZES\u0130 NEREYE DEFNED\u0130LECEK?\u00a0<\/p>\n<p>\u00d6rg\u00fct eleba\u015f\u0131 Fetullah G\u00fclen&#8217;in \u00f6l\u00fcm\u00fc heyet i\u00e7indeki m\u00fccadeleyi ate\u015fe \u00e7evirdi\u011fi \u00f6rg\u00fct liderinin nereye g\u00f6m\u00fclece\u011fi, namaz\u0131 kimin k\u0131ld\u0131raca\u011f\u0131 ve cenazeye kimlerin kat\u0131laca\u011f\u0131 tart\u0131\u015fma konusu oldu\u011fu belirtildi. T\u00fcrkyolu, cenazenin kendi kontrol\u00fcnde bir an \u00f6nce defnedilmesini istiyor ancak heyetin ya\u015fl\u0131lar\u0131 Avrupa&#8217;dan geleceklerin beklenmesi taraftar\u0131 oldu\u011fu T\u00fcrkyolu&#8217;nun, bu y\u00fczden g\u00f6stermelik bir cenaze t\u00f6reni d\u00fczenleyip, cenazeyi ka\u00e7\u0131raca\u011f\u0131 y\u00f6n\u00fcnde haberler de ortaya at\u0131ld\u0131\u011f\u0131 \u00f6\u011frenildi. \u00d6rg\u00fct i\u00e7inde Fetullah G\u00fclen&#8217;in mezar\u0131n\u0131n bilinmemesi konusunda ortak bir karar var. Cenazenin \u00e7ok az say\u0131da insan\u0131n kat\u0131l\u0131m\u0131 ile k\u0131l\u0131n\u0131p, son ikamet etti\u011fi T\u00fcrkyolu&#8217;nun damad\u0131n\u0131n evinin arazisi i\u00e7indeki ormanl\u0131k alanda defnedilmesi planlan\u0131yor. Bu \u015fekilde mezar\u0131n g\u00fcvende olaca\u011f\u0131 d\u00fc\u015f\u00fcn\u00fcl\u00fcyor ancak T\u00fcrkyolu&#8217;nun cenazeyi ka\u00e7\u0131rma ihtimalinin olmas\u0131 da \u00f6rg\u00fct\u00fcn di\u011fer g\u00fc\u00e7 odaklar\u0131n\u0131 endi\u015feye sevk ediyor.\u00a0<\/p>\n<p>YER\u0130NE K\u0130M GE\u00c7ECEK?\u00a0<\/p>\n<p>\u00d6rg\u00fct i\u00e7inde meydana gelen b\u00f6l\u00fcnmeler \u00e7ok uzun zamand\u0131r biliniyordu. Fetullah G\u00fclen \u00f6l\u00fcnce kimin ba\u015fa ge\u00e7ece\u011fi, \u00f6rg\u00fct\u00fcn sahip oldu\u011fu paray\u0131 kimin y\u00f6netece\u011fi ile ilgili b\u00fcy\u00fck kavgalar ya\u015fand\u0131\u011f\u0131 ortaya \u00e7\u0131km\u0131\u015ft\u0131. Eleba\u015f\u0131 Fetullah G\u00fclen&#8217;in \u00f6lmesi ile g\u00fcc\u00fc elinde tutmaya \u00e7al\u0131\u015fan T\u00fcrkyolu asl\u0131nda heyet i\u00e7indeki ya\u015fl\u0131lar taraf\u0131ndan istenmedi\u011fi, kontrols\u00fcz bir \u015fekilde zenginle\u015fti\u011fi g\u00f6r\u00fclen T\u00fcrkyolu&#8217;nun etkisizle\u015ftirilmesi i\u00e7in \u00f6rg\u00fct i\u00e7inde kulisler yap\u0131lmaya ba\u015fland\u0131\u011f\u0131 ifade edildi. \u00a0\u00d6rg\u00fct servetinin b\u00fcy\u00fckl\u00fc\u011f\u00fc \u00f6rg\u00fct i\u00e7indeki \u00fcst kademelerin g\u00f6z\u00fcn\u00fc d\u00f6nd\u00fcrm\u00fc\u015f durumda. \u00dcst kademelerde yer alan isimler paran\u0131n kontrol\u00fcn\u00fc eline ge\u00e7irmek istiyor. Ancak, paran\u0131n b\u00fcy\u00fck b\u00f6l\u00fcm\u00fcn\u00fcn kontrol\u00fc, Fetullah G\u00fclen&#8217;in sa\u011fl\u0131k durumunun k\u00f6t\u00fcye gitmesi ile onu kontrol\u00fc alt\u0131na alan T\u00fcrkyolu&#8217;nda. T\u00fcrkyolu, paray\u0131 kendi hiziplerini kontrol alt\u0131nda tutabilmek i\u00e7in kullan\u0131yor. \u00d6rg\u00fct\u00fcn y\u00f6netim kadrosundaki di\u011fer isimler de T\u00fcrkyolu&#8217;nun paran\u0131n kontrol\u00fcn\u00fc elinde tuttu\u011funun fark\u0131nda ve bundan \u015fikayet\u00e7i. \u00d6rg\u00fct\u00fcn Avrupa aya\u011f\u0131n\u0131 y\u00f6neten Abdullah Aymaz&#8217;\u0131n, ABD aya\u011f\u0131n\u0131 y\u00f6neten T\u00fcrkyolu ve yan\u0131ndaki Mustafa \u00d6zcan&#8217;\u0131n etkisini k\u0131rmak i\u00e7in yo\u011fun bir \u00e7aba sarf etti\u011fi biliniyor. Aymaz, gerekirse \u201cAvrupa aya\u011f\u0131 olarak \u00f6rg\u00fctten ayr\u0131lma\u201d bahanesi ile ABD taraf\u0131n\u0131 tehdit ediyor. \u00d6rg\u00fct i\u00e7inde g\u00fcc\u00fc elinde tutmak isteyenler aras\u0131nda suikastlara kadar varacak sert kavgalar bekleniyor.\u00a0<\/p>\n<p>\u00d6RG\u00dcT \u0130\u00c7\u0130NDE B\u00d6L\u00dcNMELER BA\u015eLADI\u00a0<\/p>\n<p>\u00d6rg\u00fct i\u00e7inde yer alan Mustafa Ye\u015fil, Ali Ursava\u015f, Barbaros Kocakurt, Talip B\u00fcy\u00fck, Bilal Karaduman ve \u0130smail Cing\u00f6z, Aymaz ile hareket ediyor. Bu isimlere kar\u015f\u0131l\u0131k Zaman gazetesi eski Genel Yay\u0131n Y\u00f6netmeni Ekrem Dumanl\u0131, \u0130smet Aksoy, Adem Kala\u00e7, Naci Tosun, Muhammed \u00c7etin de T\u00fcrkyolu ve \u00d6zcan ile hareket ediyor.\u00a0<br \/>\n\u00d6rg\u00fct i\u00e7indeki bu ayr\u0131\u015fman\u0131n Avrupa ve ABD ayr\u0131\u015fmas\u0131 olarak ger\u00e7ekle\u015fece\u011fi, Afrika \u00fclkelerindeki faaliyetlerin Avrupa etkisinde kalaca\u011f\u0131, Asya \u00fclkelerindeki faaliyetlerin ise ABD taraf\u0131ndan kontrol edilmesi bekleniyor.\u00a0<br \/>\n\u00a0 \u00a0 \u00a0 \u00a0 \u00a0 \u00a0 \u00a0 \u00a0 \u00a0 \u00a0 \u00a0 \u00a0 \u00a0 \u00a0 \u00a0 \u00a0 \u00a0 \u00a0 \u00a0 \u00a0 \u00a0<br \/>\n\u00a0<\/p>\n<p>\u200b15 Temmuz 2016\u2019da giri\u015filen ba\u015far\u0131s\u0131z darbe giri\u015fiminin mimarlar\u0131ndan olan FET\u00d6 ter\u00f6r \u00f6rg\u00fct\u00fc lideri Fetullah G\u00fclen\u2019in \u00f6l\u00fcm\u00fc, \u00f6rg\u00fct\u00fc i\u00e7inde tart\u0131\u015fmalara neden oldu. \u00d6rg\u00fct liderinin nereye g\u00f6m\u00fclece\u011fi, namaz\u0131 kimin k\u0131ld\u0131raca\u011f\u0131 ve cenazeye kimlerin kat\u0131laca\u011f\u0131 ise tart\u0131\u015f\u0131lan konular aras\u0131nda\u00a0<\/p>\n<p>\u200bHaberin Al\u0131nt\u0131land\u0131\u011f\u0131 Kaynak: www.antalyakorfez.com<\/p>","protected":false},"excerpt":{"rendered":"<p>G\u00fcvenlik kaynaklar\u0131ndan edinilen bilgilere g\u00f6re, Fetullah G\u00fclen&#8217;in \u00f6l\u00fcm\u00fc ile \u00f6rg\u00fct \u00fcst y\u00f6netiminde panik ba\u015flad\u0131. Fetullah G\u00fclen&#8217;in hastal\u0131klar\u0131n\u0131n a\u011f\u0131rla\u015fmas\u0131na neden olan ila\u00e7lar\u0131 veren yan\u0131ndakiler, haberin saklanamayaca\u011f\u0131 karar\u0131na vard\u0131. FET\u00d6 eleba\u015f\u0131 Fetullah G\u00fclen&#8217;in sa\u011fl\u0131k durumunun a\u011f\u0131r seyretti\u011fi, ak\u0131l sa\u011fl\u0131\u011f\u0131n\u0131n yerinde olmad\u0131\u011f\u0131 biliniyordu. \u201cUzun Cevdet\u201d lakapl\u0131 kara kutusu olan Cevdet T\u00fcrkyolu&#8217;nun, \u00f6rg\u00fcte para yard\u0131mlar\u0131n\u0131n kesilmemesi i\u00e7in Fetullah G\u00fclen&#8217;e sa\u011fl\u0131kl\u0131 gibi g\u00f6r\u00fcnmesi ad\u0131na ila\u00e7 verdi\u011fi, \u00f6rg\u00fctteki da\u011f\u0131lmay\u0131 engellemek ad\u0131na daha \u00f6nce \u00e7ekilen videolar\u0131 yeniymi\u015f gibi yay\u0131nland\u0131\u011f\u0131 ortaya \u00e7\u0131km\u0131\u015ft\u0131. Hatta T\u00fcrkyolu, hem Fetullah G\u00fclen&#8217;i hem de \u00f6rg\u00fct\u00fcn paras\u0131n\u0131 kendine g\u00f6re y\u00f6netebilmek i\u00e7in \u00f6rg\u00fct eleba\u015f\u0131n\u0131 Pensilvanya&#8217;daki \u00e7iftlikten ka\u00e7\u0131r\u0131p, damad\u0131n\u0131n evine g\u00f6t\u00fcrm\u00fc\u015ft\u00fc.\u00a0 G\u00dcLEN\u2019\u0130N CENAZES\u0130 NEREYE DEFNED\u0130LECEK?\u00a0 \u00d6rg\u00fct eleba\u015f\u0131 Fetullah G\u00fclen&#8217;in \u00f6l\u00fcm\u00fc heyet i\u00e7indeki m\u00fccadeleyi ate\u015fe \u00e7evirdi\u011fi \u00f6rg\u00fct liderinin nereye g\u00f6m\u00fclece\u011fi, namaz\u0131 kimin k\u0131ld\u0131raca\u011f\u0131 ve cenazeye kimlerin kat\u0131laca\u011f\u0131 tart\u0131\u015fma konusu oldu\u011fu belirtildi. T\u00fcrkyolu, cenazenin kendi kontrol\u00fcnde bir an \u00f6nce defnedilmesini istiyor ancak heyetin ya\u015fl\u0131lar\u0131 Avrupa&#8217;dan geleceklerin beklenmesi taraftar\u0131 oldu\u011fu T\u00fcrkyolu&#8217;nun, bu y\u00fczden g\u00f6stermelik bir cenaze t\u00f6reni d\u00fczenleyip, cenazeyi ka\u00e7\u0131raca\u011f\u0131 y\u00f6n\u00fcnde haberler de ortaya at\u0131ld\u0131\u011f\u0131 \u00f6\u011frenildi. \u00d6rg\u00fct i\u00e7inde Fetullah G\u00fclen&#8217;in mezar\u0131n\u0131n bilinmemesi konusunda ortak bir karar var. Cenazenin \u00e7ok az say\u0131da insan\u0131n kat\u0131l\u0131m\u0131 ile k\u0131l\u0131n\u0131p, son ikamet etti\u011fi T\u00fcrkyolu&#8217;nun damad\u0131n\u0131n evinin arazisi i\u00e7indeki ormanl\u0131k alanda defnedilmesi planlan\u0131yor. Bu \u015fekilde mezar\u0131n g\u00fcvende olaca\u011f\u0131 d\u00fc\u015f\u00fcn\u00fcl\u00fcyor ancak T\u00fcrkyolu&#8217;nun cenazeyi ka\u00e7\u0131rma ihtimalinin olmas\u0131 &hellip;<\/p>","protected":false},"author":5,"featured_media":0,"comment_status":"open","ping_status":"open","sticky":false,"template":"","format":"standard","meta":{"_acf_changed":false,"footnotes":""},"categories":[24,535],"tags":[],"class_list":["post-6221","post","type-post","status-publish","format-standard","has-post-thumbnail","hentry","category-gundem","category-uncategorized-tr"],"acf":[],"yoast_head":"<!-- This site is optimized with the Yoast SEO Premium plugin v26.6 (Yoast SEO v27.1.1) - https:\/\/yoast.com\/product\/yoast-seo-premium-wordpress\/ -->\n<title>Ter\u00f6r \u00f6rg\u00fct\u00fc lideri Fetullah G\u00fclen\u2019in cenazesi nereye g\u00f6m\u00fclecek - Av. Deniz Can K\u0131z\u0131l<\/title>\n<meta name=\"robots\" content=\"index, follow, max-snippet:-1, max-image-preview:large, max-video-preview:-1\" \/>\n<link rel=\"canonical\" href=\"https:\/\/denizcankizil.tr\/en\/haberler\/gundem\/teror-orgutu-lideri-fetullah-gulenin-cenazesi-nereye-gomulecek\/\" \/>\n<meta property=\"og:locale\" content=\"en_GB\" \/>\n<meta property=\"og:type\" content=\"article\" \/>\n<meta property=\"og:title\" content=\"Ter\u00f6r \u00f6rg\u00fct\u00fc lideri Fetullah G\u00fclen\u2019in cenazesi nereye g\u00f6m\u00fclecek\" \/>\n<meta property=\"og:description\" content=\"G\u00fcvenlik kaynaklar\u0131ndan edinilen bilgilere g\u00f6re, Fetullah G\u00fclen&#8217;in \u00f6l\u00fcm\u00fc ile \u00f6rg\u00fct \u00fcst y\u00f6netiminde panik ba\u015flad\u0131. Fetullah G\u00fclen&#8217;in hastal\u0131klar\u0131n\u0131n a\u011f\u0131rla\u015fmas\u0131na neden olan ila\u00e7lar\u0131 veren yan\u0131ndakiler, haberin saklanamayaca\u011f\u0131 karar\u0131na vard\u0131. FET\u00d6 eleba\u015f\u0131 Fetullah G\u00fclen&#8217;in sa\u011fl\u0131k durumunun a\u011f\u0131r seyretti\u011fi, ak\u0131l sa\u011fl\u0131\u011f\u0131n\u0131n yerinde olmad\u0131\u011f\u0131 biliniyordu. \u201cUzun Cevdet\u201d lakapl\u0131 kara kutusu olan Cevdet T\u00fcrkyolu&#8217;nun, \u00f6rg\u00fcte para yard\u0131mlar\u0131n\u0131n kesilmemesi i\u00e7in Fetullah G\u00fclen&#8217;e sa\u011fl\u0131kl\u0131 gibi g\u00f6r\u00fcnmesi ad\u0131na ila\u00e7 verdi\u011fi, \u00f6rg\u00fctteki da\u011f\u0131lmay\u0131 engellemek ad\u0131na daha \u00f6nce \u00e7ekilen videolar\u0131 yeniymi\u015f gibi yay\u0131nland\u0131\u011f\u0131 ortaya \u00e7\u0131km\u0131\u015ft\u0131. Hatta T\u00fcrkyolu, hem Fetullah G\u00fclen&#8217;i hem de \u00f6rg\u00fct\u00fcn paras\u0131n\u0131 kendine g\u00f6re y\u00f6netebilmek i\u00e7in \u00f6rg\u00fct eleba\u015f\u0131n\u0131 Pensilvanya&#8217;daki \u00e7iftlikten ka\u00e7\u0131r\u0131p, damad\u0131n\u0131n evine g\u00f6t\u00fcrm\u00fc\u015ft\u00fc.\u00a0 G\u00dcLEN\u2019\u0130N CENAZES\u0130 NEREYE DEFNED\u0130LECEK?\u00a0 \u00d6rg\u00fct eleba\u015f\u0131 Fetullah G\u00fclen&#8217;in \u00f6l\u00fcm\u00fc heyet i\u00e7indeki m\u00fccadeleyi ate\u015fe \u00e7evirdi\u011fi \u00f6rg\u00fct liderinin nereye g\u00f6m\u00fclece\u011fi, namaz\u0131 kimin k\u0131ld\u0131raca\u011f\u0131 ve cenazeye kimlerin kat\u0131laca\u011f\u0131 tart\u0131\u015fma konusu oldu\u011fu belirtildi. T\u00fcrkyolu, cenazenin kendi kontrol\u00fcnde bir an \u00f6nce defnedilmesini istiyor ancak heyetin ya\u015fl\u0131lar\u0131 Avrupa&#8217;dan geleceklerin beklenmesi taraftar\u0131 oldu\u011fu T\u00fcrkyolu&#8217;nun, bu y\u00fczden g\u00f6stermelik bir cenaze t\u00f6reni d\u00fczenleyip, cenazeyi ka\u00e7\u0131raca\u011f\u0131 y\u00f6n\u00fcnde haberler de ortaya at\u0131ld\u0131\u011f\u0131 \u00f6\u011frenildi. \u00d6rg\u00fct i\u00e7inde Fetullah G\u00fclen&#8217;in mezar\u0131n\u0131n bilinmemesi konusunda ortak bir karar var. Cenazenin \u00e7ok az say\u0131da insan\u0131n kat\u0131l\u0131m\u0131 ile k\u0131l\u0131n\u0131p, son ikamet etti\u011fi T\u00fcrkyolu&#8217;nun damad\u0131n\u0131n evinin arazisi i\u00e7indeki ormanl\u0131k alanda defnedilmesi planlan\u0131yor. Bu \u015fekilde mezar\u0131n g\u00fcvende olaca\u011f\u0131 d\u00fc\u015f\u00fcn\u00fcl\u00fcyor ancak T\u00fcrkyolu&#8217;nun cenazeyi ka\u00e7\u0131rma ihtimalinin olmas\u0131 &hellip;\" \/>\n<meta property=\"og:url\" content=\"https:\/\/denizcankizil.tr\/en\/haberler\/gundem\/teror-orgutu-lideri-fetullah-gulenin-cenazesi-nereye-gomulecek\/\" \/>\n<meta property=\"og:site_name\" content=\"Av. Deniz Can K\u0131z\u0131l\" \/>\n<meta property=\"article:published_time\" content=\"2024-10-21T19:20:42+00:00\" \/>\n<meta name=\"author\" content=\"Antalya K\u00f6rfez\" \/>\n<meta name=\"twitter:card\" content=\"summary_large_image\" \/>\n<meta name=\"twitter:label1\" content=\"Written by\" \/>\n\t<meta name=\"twitter:data1\" content=\"Antalya K\u00f6rfez\" \/>\n\t<meta name=\"twitter:label2\" content=\"Estimated reading time\" \/>\n\t<meta name=\"twitter:data2\" content=\"4 minutes\" \/>\n<script type=\"application\/ld+json\" class=\"yoast-schema-graph\">{\"@context\":\"https:\/\/schema.org\",\"@graph\":[{\"@type\":\"Article\",\"@id\":\"https:\/\/denizcankizil.tr\/de\/haberler\/gundem\/teror-orgutu-lideri-fetullah-gulenin-cenazesi-nereye-gomulecek\/#article\",\"isPartOf\":{\"@id\":\"https:\/\/denizcankizil.tr\/de\/haberler\/gundem\/teror-orgutu-lideri-fetullah-gulenin-cenazesi-nereye-gomulecek\/\"},\"author\":{\"name\":\"Antalya K\u00f6rfez\",\"@id\":\"https:\/\/denizcankizil.tr\/#\/schema\/person\/e1eb71bb4dd684d46563f0af307e1234\"},\"headline\":\"Ter\u00f6r \u00f6rg\u00fct\u00fc lideri Fetullah G\u00fclen\u2019in cenazesi nereye g\u00f6m\u00fclecek\",\"datePublished\":\"2024-10-21T19:20:42+00:00\",\"mainEntityOfPage\":{\"@id\":\"https:\/\/denizcankizil.tr\/de\/haberler\/gundem\/teror-orgutu-lideri-fetullah-gulenin-cenazesi-nereye-gomulecek\/\"},\"wordCount\":809,\"commentCount\":0,\"publisher\":{\"@id\":\"https:\/\/denizcankizil.tr\/#organization\"},\"articleSection\":[\"G\u00fcndem\",\"Uncategorized\"],\"inLanguage\":\"en-GB\",\"potentialAction\":[{\"@type\":\"CommentAction\",\"name\":\"Comment\",\"target\":[\"https:\/\/denizcankizil.tr\/de\/haberler\/gundem\/teror-orgutu-lideri-fetullah-gulenin-cenazesi-nereye-gomulecek\/#respond\"]}]},{\"@type\":\"WebPage\",\"@id\":\"https:\/\/denizcankizil.tr\/de\/haberler\/gundem\/teror-orgutu-lideri-fetullah-gulenin-cenazesi-nereye-gomulecek\/\",\"url\":\"https:\/\/denizcankizil.tr\/de\/haberler\/gundem\/teror-orgutu-lideri-fetullah-gulenin-cenazesi-nereye-gomulecek\/\",\"name\":\"Ter\u00f6r \u00f6rg\u00fct\u00fc lideri Fetullah G\u00fclen\u2019in cenazesi nereye g\u00f6m\u00fclecek - Av. Deniz Can K\u0131z\u0131l\",\"isPartOf\":{\"@id\":\"https:\/\/denizcankizil.tr\/#website\"},\"datePublished\":\"2024-10-21T19:20:42+00:00\",\"breadcrumb\":{\"@id\":\"https:\/\/denizcankizil.tr\/de\/haberler\/gundem\/teror-orgutu-lideri-fetullah-gulenin-cenazesi-nereye-gomulecek\/#breadcrumb\"},\"inLanguage\":\"en-GB\",\"potentialAction\":[{\"@type\":\"ReadAction\",\"target\":[\"https:\/\/denizcankizil.tr\/de\/haberler\/gundem\/teror-orgutu-lideri-fetullah-gulenin-cenazesi-nereye-gomulecek\/\"]}]},{\"@type\":\"BreadcrumbList\",\"@id\":\"https:\/\/denizcankizil.tr\/de\/haberler\/gundem\/teror-orgutu-lideri-fetullah-gulenin-cenazesi-nereye-gomulecek\/#breadcrumb\",\"itemListElement\":[{\"@type\":\"ListItem\",\"position\":1,\"name\":\"Home\",\"item\":\"https:\/\/denizcankizil.tr\/de\/\"},{\"@type\":\"ListItem\",\"position\":2,\"name\":\"Ter\u00f6r \u00f6rg\u00fct\u00fc lideri Fetullah G\u00fclen\u2019in cenazesi nereye g\u00f6m\u00fclecek\"}]},{\"@type\":\"WebSite\",\"@id\":\"https:\/\/denizcankizil.tr\/#website\",\"url\":\"https:\/\/denizcankizil.tr\/\",\"name\":\"Av. Deniz Can K\u0131z\u0131l\",\"description\":\"Avukat Deniz Can K\u0131z\u0131l Antalya Barosu\",\"publisher\":{\"@id\":\"https:\/\/denizcankizil.tr\/#organization\"},\"potentialAction\":[{\"@type\":\"SearchAction\",\"target\":{\"@type\":\"EntryPoint\",\"urlTemplate\":\"https:\/\/denizcankizil.tr\/?s={search_term_string}\"},\"query-input\":{\"@type\":\"PropertyValueSpecification\",\"valueRequired\":true,\"valueName\":\"search_term_string\"}}],\"inLanguage\":\"en-GB\"},{\"@type\":\"Organization\",\"@id\":\"https:\/\/denizcankizil.tr\/#organization\",\"name\":\"Av. Deniz Can K\u0131z\u0131l\",\"url\":\"https:\/\/denizcankizil.tr\/\",\"logo\":{\"@type\":\"ImageObject\",\"inLanguage\":\"en-GB\",\"@id\":\"https:\/\/denizcankizil.tr\/#\/schema\/logo\/image\/\",\"url\":\"http:\/\/denizcankizil.tr\/wp-content\/uploads\/2024\/10\/siyah-logo-svg.svg\",\"contentUrl\":\"http:\/\/denizcankizil.tr\/wp-content\/uploads\/2024\/10\/siyah-logo-svg.svg\",\"width\":1080,\"height\":1080,\"caption\":\"Av. Deniz Can K\u0131z\u0131l\"},\"image\":{\"@id\":\"https:\/\/denizcankizil.tr\/#\/schema\/logo\/image\/\"}},{\"@type\":\"Person\",\"@id\":\"https:\/\/denizcankizil.tr\/#\/schema\/person\/e1eb71bb4dd684d46563f0af307e1234\",\"name\":\"Antalya K\u00f6rfez\",\"image\":{\"@type\":\"ImageObject\",\"inLanguage\":\"en-GB\",\"@id\":\"https:\/\/denizcankizil.tr\/#\/schema\/person\/image\/\",\"url\":\"https:\/\/secure.gravatar.com\/avatar\/42b01982558a48a0b501fdcab6a408d3717ea5919095ee2e67b0e521799c5905?s=96&d=mm&r=g\",\"contentUrl\":\"https:\/\/secure.gravatar.com\/avatar\/42b01982558a48a0b501fdcab6a408d3717ea5919095ee2e67b0e521799c5905?s=96&d=mm&r=g\",\"caption\":\"Antalya K\u00f6rfez\"},\"sameAs\":[\"http:\/\/www.antalyakorfez.com\"],\"url\":\"https:\/\/www.antalyakorfez.com\/teror-orgutu-lideri-fetullah-gulenin-cenazesi-nereye-gomulecek\"}]}<\/script>\n<!-- \/ Yoast SEO Premium plugin. -->","yoast_head_json":{"title":"Ter\u00f6r \u00f6rg\u00fct\u00fc lideri Fetullah G\u00fclen\u2019in cenazesi nereye g\u00f6m\u00fclecek - Av. Deniz Can K\u0131z\u0131l","robots":{"index":"index","follow":"follow","max-snippet":"max-snippet:-1","max-image-preview":"max-image-preview:large","max-video-preview":"max-video-preview:-1"},"canonical":"https:\/\/denizcankizil.tr\/en\/haberler\/gundem\/teror-orgutu-lideri-fetullah-gulenin-cenazesi-nereye-gomulecek\/","og_locale":"en_GB","og_type":"article","og_title":"Ter\u00f6r \u00f6rg\u00fct\u00fc lideri Fetullah G\u00fclen\u2019in cenazesi nereye g\u00f6m\u00fclecek","og_description":"G\u00fcvenlik kaynaklar\u0131ndan edinilen bilgilere g\u00f6re, Fetullah G\u00fclen&#8217;in \u00f6l\u00fcm\u00fc ile \u00f6rg\u00fct \u00fcst y\u00f6netiminde panik ba\u015flad\u0131. Fetullah G\u00fclen&#8217;in hastal\u0131klar\u0131n\u0131n a\u011f\u0131rla\u015fmas\u0131na neden olan ila\u00e7lar\u0131 veren yan\u0131ndakiler, haberin saklanamayaca\u011f\u0131 karar\u0131na vard\u0131. FET\u00d6 eleba\u015f\u0131 Fetullah G\u00fclen&#8217;in sa\u011fl\u0131k durumunun a\u011f\u0131r seyretti\u011fi, ak\u0131l sa\u011fl\u0131\u011f\u0131n\u0131n yerinde olmad\u0131\u011f\u0131 biliniyordu. \u201cUzun Cevdet\u201d lakapl\u0131 kara kutusu olan Cevdet T\u00fcrkyolu&#8217;nun, \u00f6rg\u00fcte para yard\u0131mlar\u0131n\u0131n kesilmemesi i\u00e7in Fetullah G\u00fclen&#8217;e sa\u011fl\u0131kl\u0131 gibi g\u00f6r\u00fcnmesi ad\u0131na ila\u00e7 verdi\u011fi, \u00f6rg\u00fctteki da\u011f\u0131lmay\u0131 engellemek ad\u0131na daha \u00f6nce \u00e7ekilen videolar\u0131 yeniymi\u015f gibi yay\u0131nland\u0131\u011f\u0131 ortaya \u00e7\u0131km\u0131\u015ft\u0131. Hatta T\u00fcrkyolu, hem Fetullah G\u00fclen&#8217;i hem de \u00f6rg\u00fct\u00fcn paras\u0131n\u0131 kendine g\u00f6re y\u00f6netebilmek i\u00e7in \u00f6rg\u00fct eleba\u015f\u0131n\u0131 Pensilvanya&#8217;daki \u00e7iftlikten ka\u00e7\u0131r\u0131p, damad\u0131n\u0131n evine g\u00f6t\u00fcrm\u00fc\u015ft\u00fc.\u00a0 G\u00dcLEN\u2019\u0130N CENAZES\u0130 NEREYE DEFNED\u0130LECEK?\u00a0 \u00d6rg\u00fct eleba\u015f\u0131 Fetullah G\u00fclen&#8217;in \u00f6l\u00fcm\u00fc heyet i\u00e7indeki m\u00fccadeleyi ate\u015fe \u00e7evirdi\u011fi \u00f6rg\u00fct liderinin nereye g\u00f6m\u00fclece\u011fi, namaz\u0131 kimin k\u0131ld\u0131raca\u011f\u0131 ve cenazeye kimlerin kat\u0131laca\u011f\u0131 tart\u0131\u015fma konusu oldu\u011fu belirtildi. T\u00fcrkyolu, cenazenin kendi kontrol\u00fcnde bir an \u00f6nce defnedilmesini istiyor ancak heyetin ya\u015fl\u0131lar\u0131 Avrupa&#8217;dan geleceklerin beklenmesi taraftar\u0131 oldu\u011fu T\u00fcrkyolu&#8217;nun, bu y\u00fczden g\u00f6stermelik bir cenaze t\u00f6reni d\u00fczenleyip, cenazeyi ka\u00e7\u0131raca\u011f\u0131 y\u00f6n\u00fcnde haberler de ortaya at\u0131ld\u0131\u011f\u0131 \u00f6\u011frenildi. \u00d6rg\u00fct i\u00e7inde Fetullah G\u00fclen&#8217;in mezar\u0131n\u0131n bilinmemesi konusunda ortak bir karar var. Cenazenin \u00e7ok az say\u0131da insan\u0131n kat\u0131l\u0131m\u0131 ile k\u0131l\u0131n\u0131p, son ikamet etti\u011fi T\u00fcrkyolu&#8217;nun damad\u0131n\u0131n evinin arazisi i\u00e7indeki ormanl\u0131k alanda defnedilmesi planlan\u0131yor. Bu \u015fekilde mezar\u0131n g\u00fcvende olaca\u011f\u0131 d\u00fc\u015f\u00fcn\u00fcl\u00fcyor ancak T\u00fcrkyolu&#8217;nun cenazeyi ka\u00e7\u0131rma ihtimalinin olmas\u0131 &hellip;","og_url":"https:\/\/denizcankizil.tr\/en\/haberler\/gundem\/teror-orgutu-lideri-fetullah-gulenin-cenazesi-nereye-gomulecek\/","og_site_name":"Av. Deniz Can K\u0131z\u0131l","article_published_time":"2024-10-21T19:20:42+00:00","author":"Antalya K\u00f6rfez","twitter_card":"summary_large_image","twitter_misc":{"Written by":"Antalya K\u00f6rfez","Estimated reading time":"4 minutes"},"schema":{"@context":"https:\/\/schema.org","@graph":[{"@type":"Article","@id":"https:\/\/denizcankizil.tr\/de\/haberler\/gundem\/teror-orgutu-lideri-fetullah-gulenin-cenazesi-nereye-gomulecek\/#article","isPartOf":{"@id":"https:\/\/denizcankizil.tr\/de\/haberler\/gundem\/teror-orgutu-lideri-fetullah-gulenin-cenazesi-nereye-gomulecek\/"},"author":{"name":"Antalya K\u00f6rfez","@id":"https:\/\/denizcankizil.tr\/#\/schema\/person\/e1eb71bb4dd684d46563f0af307e1234"},"headline":"Ter\u00f6r \u00f6rg\u00fct\u00fc lideri Fetullah G\u00fclen\u2019in cenazesi nereye g\u00f6m\u00fclecek","datePublished":"2024-10-21T19:20:42+00:00","mainEntityOfPage":{"@id":"https:\/\/denizcankizil.tr\/de\/haberler\/gundem\/teror-orgutu-lideri-fetullah-gulenin-cenazesi-nereye-gomulecek\/"},"wordCount":809,"commentCount":0,"publisher":{"@id":"https:\/\/denizcankizil.tr\/#organization"},"articleSection":["G\u00fcndem","Uncategorized"],"inLanguage":"en-GB","potentialAction":[{"@type":"CommentAction","name":"Comment","target":["https:\/\/denizcankizil.tr\/de\/haberler\/gundem\/teror-orgutu-lideri-fetullah-gulenin-cenazesi-nereye-gomulecek\/#respond"]}]},{"@type":"WebPage","@id":"https:\/\/denizcankizil.tr\/de\/haberler\/gundem\/teror-orgutu-lideri-fetullah-gulenin-cenazesi-nereye-gomulecek\/","url":"https:\/\/denizcankizil.tr\/de\/haberler\/gundem\/teror-orgutu-lideri-fetullah-gulenin-cenazesi-nereye-gomulecek\/","name":"Ter\u00f6r \u00f6rg\u00fct\u00fc lideri Fetullah G\u00fclen\u2019in cenazesi nereye g\u00f6m\u00fclecek - Av. Deniz Can K\u0131z\u0131l","isPartOf":{"@id":"https:\/\/denizcankizil.tr\/#website"},"datePublished":"2024-10-21T19:20:42+00:00","breadcrumb":{"@id":"https:\/\/denizcankizil.tr\/de\/haberler\/gundem\/teror-orgutu-lideri-fetullah-gulenin-cenazesi-nereye-gomulecek\/#breadcrumb"},"inLanguage":"en-GB","potentialAction":[{"@type":"ReadAction","target":["https:\/\/denizcankizil.tr\/de\/haberler\/gundem\/teror-orgutu-lideri-fetullah-gulenin-cenazesi-nereye-gomulecek\/"]}]},{"@type":"BreadcrumbList","@id":"https:\/\/denizcankizil.tr\/de\/haberler\/gundem\/teror-orgutu-lideri-fetullah-gulenin-cenazesi-nereye-gomulecek\/#breadcrumb","itemListElement":[{"@type":"ListItem","position":1,"name":"Home","item":"https:\/\/denizcankizil.tr\/de\/"},{"@type":"ListItem","position":2,"name":"Ter\u00f6r \u00f6rg\u00fct\u00fc lideri Fetullah G\u00fclen\u2019in cenazesi nereye g\u00f6m\u00fclecek"}]},{"@type":"WebSite","@id":"https:\/\/denizcankizil.tr\/#website","url":"https:\/\/denizcankizil.tr\/","name":"Av. Deniz Can K\u0131z\u0131l","description":"Avukat Deniz Can K\u0131z\u0131l Antalya Barosu","publisher":{"@id":"https:\/\/denizcankizil.tr\/#organization"},"potentialAction":[{"@type":"SearchAction","target":{"@type":"EntryPoint","urlTemplate":"https:\/\/denizcankizil.tr\/?s={search_term_string}"},"query-input":{"@type":"PropertyValueSpecification","valueRequired":true,"valueName":"search_term_string"}}],"inLanguage":"en-GB"},{"@type":"Organization","@id":"https:\/\/denizcankizil.tr\/#organization","name":"Av. Deniz Can K\u0131z\u0131l","url":"https:\/\/denizcankizil.tr\/","logo":{"@type":"ImageObject","inLanguage":"en-GB","@id":"https:\/\/denizcankizil.tr\/#\/schema\/logo\/image\/","url":"http:\/\/denizcankizil.tr\/wp-content\/uploads\/2024\/10\/siyah-logo-svg.svg","contentUrl":"http:\/\/denizcankizil.tr\/wp-content\/uploads\/2024\/10\/siyah-logo-svg.svg","width":1080,"height":1080,"caption":"Av. Deniz Can K\u0131z\u0131l"},"image":{"@id":"https:\/\/denizcankizil.tr\/#\/schema\/logo\/image\/"}},{"@type":"Person","@id":"https:\/\/denizcankizil.tr\/#\/schema\/person\/e1eb71bb4dd684d46563f0af307e1234","name":"Antalya K\u00f6rfez","image":{"@type":"ImageObject","inLanguage":"en-GB","@id":"https:\/\/denizcankizil.tr\/#\/schema\/person\/image\/","url":"https:\/\/secure.gravatar.com\/avatar\/42b01982558a48a0b501fdcab6a408d3717ea5919095ee2e67b0e521799c5905?s=96&d=mm&r=g","contentUrl":"https:\/\/secure.gravatar.com\/avatar\/42b01982558a48a0b501fdcab6a408d3717ea5919095ee2e67b0e521799c5905?s=96&d=mm&r=g","caption":"Antalya K\u00f6rfez"},"sameAs":["http:\/\/www.antalyakorfez.com"],"url":"https:\/\/www.antalyakorfez.com\/teror-orgutu-lideri-fetullah-gulenin-cenazesi-nereye-gomulecek"}]}},"_links":{"self":[{"href":"http:\/\/denizcankizil.tr\/en\/wp-json\/wp\/v2\/posts\/6221","targetHints":{"allow":["GET"]}}],"collection":[{"href":"http:\/\/denizcankizil.tr\/en\/wp-json\/wp\/v2\/posts"}],"about":[{"href":"http:\/\/denizcankizil.tr\/en\/wp-json\/wp\/v2\/types\/post"}],"author":[{"embeddable":true,"href":"http:\/\/denizcankizil.tr\/en\/wp-json\/wp\/v2\/users\/5"}],"replies":[{"embeddable":true,"href":"http:\/\/denizcankizil.tr\/en\/wp-json\/wp\/v2\/comments?post=6221"}],"version-history":[{"count":0,"href":"http:\/\/denizcankizil.tr\/en\/wp-json\/wp\/v2\/posts\/6221\/revisions"}],"wp:attachment":[{"href":"http:\/\/denizcankizil.tr\/en\/wp-json\/wp\/v2\/media?parent=6221"}],"wp:term":[{"taxonomy":"category","embeddable":true,"href":"http:\/\/denizcankizil.tr\/en\/wp-json\/wp\/v2\/categories?post=6221"},{"taxonomy":"post_tag","embeddable":true,"href":"http:\/\/denizcankizil.tr\/en\/wp-json\/wp\/v2\/tags?post=6221"}],"curies":[{"name":"wp","href":"https:\/\/api.w.org\/{rel}","templated":true}]}}