{"id":60314,"date":"2025-04-19T18:42:03","date_gmt":"2025-04-19T15:42:03","guid":{"rendered":"https:\/\/denizcankizil.tr\/uncategorized-tr\/asat-iklim-krizi-ve-su-kayiplari-calistayina-ev-sahipligi-yapti\/"},"modified":"2025-04-19T18:42:03","modified_gmt":"2025-04-19T15:42:03","slug":"asat-iklim-krizi-ve-su-kayiplari-calistayina-ev-sahipligi-yapti","status":"publish","type":"post","link":"http:\/\/denizcankizil.tr\/en\/haberler\/gundem\/asat-iklim-krizi-ve-su-kayiplari-calistayina-ev-sahipligi-yapti\/","title":{"rendered":"ASAT iklim krizi ve su kay\u0131plar\u0131 \u00e7al\u0131\u015ftay\u0131na ev sahipli\u011fi yapt\u0131"},"content":{"rendered":"<p>Antalya B\u00fcy\u00fck\u015fehir Belediyesi ASAT Genel M\u00fcd\u00fcrl\u00fc\u011f\u00fc, iklim de\u011fi\u015fikli\u011fine uyum kapsam\u0131nda i\u00e7me suyu kay\u0131plar\u0131n\u0131n kontrol\u00fc, su verimlili\u011finin geli\u015ftirilmesi ve gelir getirmeyen suyun azalt\u0131lmas\u0131na y\u00f6nelik \u201cB\u00fcy\u00fck\u015fehir Belediyeleri Proje \u00c7al\u0131\u015ftay\u0131\u201d d\u00fczenlendi. \u00c7al\u0131\u015ftaya 26 B\u00fcy\u00fck\u015fehir Belediyesi kat\u0131l\u0131m sa\u011flad\u0131.ANTALYA (\u0130GFA) &#8211; Avrupa Birli\u011fi ile \u00c7evre, \u015eehircilik ve \u0130klim De\u011fi\u015fikli\u011fi Bakanl\u0131\u011f\u0131 taraf\u0131ndan desteklenen, Antalya B\u00fcy\u00fck\u015fehir Belediyesi ASAT Genel M\u00fcd\u00fcrl\u00fc\u011f\u00fc, Akdeniz \u00dcniversitesi ve Malta Su ve Enerji Ajans\u0131 i\u015f birli\u011fiyle &#8220;\u0130klim De\u011fi\u015fikli\u011fi ile M\u00fccadele i\u00e7in Kentsel Su Temin Sistemlerinde Verimlili\u011fin ve G\u00fcvenilirli\u011fin Geli\u015ftirilmesi&#8221; projesi 3\u2019\u00fcnc\u00fc \u00e7al\u0131\u015ftay\u0131 tamamland\u0131. ASAT konferans salonunda a\u00e7\u0131l\u0131\u015f paneliyle ba\u015flayan \u00e7al\u0131\u015ftaya ASAT Genel M\u00fcd\u00fcr\u00fc \u0130brahim Kurt, Akdeniz \u00dcniversitesi Rekt\u00f6r Yard\u0131mc\u0131s\u0131 Prof. Dr. \u015e\u00fckr\u00fc \u00d6zen, Malta Enerji ve Su Ajans\u0131 Genel M\u00fcd\u00fcr\u00fc Manuel Sapiano, bakanl\u0131k temsilcileri, akademisyenler, 26 B\u00fcy\u00fck\u015fehir Belediyesinin Su ve At\u0131ksu \u0130daresi y\u00f6neticileri ve \u015fube m\u00fcd\u00fcrleri kat\u0131l\u0131m sa\u011flad\u0131.<br \/>\nPANELLER VE TEKN\u0130K GEZ\u0130LER<br \/>\nPaneller, sunumlar ve teknik gezilerin yer ald\u0131\u011f\u0131 3 g\u00fcnl\u00fck \u00e7al\u0131\u015ftay program\u0131 kapsam\u0131nda, iklim de\u011fi\u015fikli\u011finin olumsuz etkilerini azaltmak amac\u0131yla su kay\u0131plar\u0131n\u0131 \u00f6nlemeye y\u00f6nelik \u00e7al\u0131\u015fmalar, gelir getirmeyen suyun azalt\u0131lmas\u0131, kentsel su temin sisteminde verimlili\u011fin ve g\u00fcvenirlili\u011fin artt\u0131r\u0131lmas\u0131 konular\u0131 detayl\u0131 bir \u015fekilde ele al\u0131nd\u0131.\u00a0 \u0130\u00e7me suyu \u015febekelerindeki su kay\u0131plar\u0131 ile m\u00fccadele y\u00f6ntemleri, SCADA, DMA ve aktif s\u0131z\u0131nt\u0131 kontrol\u00fc uygulamalar\u0131, abone saya\u00e7 y\u00f6netimi ve pilot b\u00f6lge uygulamalar\u0131 ile ilgili sunumlar ve teknik gezilerinde yer ald\u0131\u011f\u0131 programlarda kurumlar aras\u0131 bilgi ve deneyimler payla\u015f\u0131ld\u0131.<br \/>\n\u2018\u00d6NEML\u0130 OLAN MEVCUT SUYU KORUMAK\u2019<br \/>\nB\u00fcy\u00fck\u015fehir Belediyesi Proje \u00c7al\u0131\u015ftay\u0131 a\u00e7\u0131l\u0131\u015f\u0131nda konu\u015fan ASAT Genel M\u00fcd\u00fcr\u00fc \u0130brahim Kurt \u201cB\u00fcy\u00fck\u015fehir belediyelerimizin kentlerimizde sorumluluk alanlar\u0131 h\u0131zl\u0131 bir \u015fekilde b\u00fcy\u00fcd\u00fc. Mevcut uzun vadeli planlamalar\u0131m\u0131z\u0131n yan\u0131nda yeni yerle\u015fim planlamas\u0131 yapan kurumlar haline geldik. Artan bu sorumluluklar\u0131m\u0131z\u0131n B\u00fcy\u00fck\u015fehir belediyelerimizin kendi imk\u00e2nlar\u0131 do\u011frultusunda suyumuzu korumak ad\u0131na gerekli m\u00fccadeleyi ve yat\u0131r\u0131mlar\u0131 yap\u0131yoruz. Ne kadar \u00f6nemli yat\u0131r\u0131mlar yap\u0131lsa da bize gelen verilerde \u00fclkemizde y\u00fczde 40-50 aras\u0131 su kayb\u0131 oldu\u011fu y\u00f6n\u00fcnde. Biz \u00fclkemizdeki en \u00f6nemli kaynaklar\u0131 maalesef bir \u015fekilde t\u00fcketiyoruz. \u00d6nemli olan yeni su kaynaklar\u0131 bulmak de\u011fil var olan kaynaklar\u0131m\u0131z\u0131 korumak ve nas\u0131l tasarruf sa\u011flayabiliriz sorular\u0131na \u00e7\u00f6z\u00fcm aramak\u201d dedi.<br \/>\n\u2018SOMUT VE PRAT\u0130K \u00c7\u00d6Z\u00dcMLER SUNUYORUZ\u2019<br \/>\nAkdeniz \u00dcniversitesi Rekt\u00f6r Yard\u0131mc\u0131s\u0131 Prof. Dr. \u015e\u00fckr\u00fc \u00d6zen ise \u201c\u00dcniversite kent b\u00fct\u00fcnle\u015fmesi, kentimizin sorunlar\u0131na bilimsel yakla\u015f\u0131mlar\u0131n sa\u011flanmas\u0131 ve somut \u00e7\u00f6z\u00fcm \u00f6nerilerinin sunulmas\u0131 noktas\u0131nda projeye destek veriyoruz. Bu \u00e7al\u0131\u015ftaylar\u0131 \u00e7ok \u00f6nemli buluyoruz. Suyumuzun \u00f6nemi giderek artmaktad\u0131r bu nedenle su kaynaklar\u0131m\u0131z\u0131n korunmas\u0131 ve kent alanlar\u0131nda i\u00e7me suyu olarak kullan\u0131lan i\u00e7me suyunun birim maliyetine yans\u0131yan verimli kullan\u0131m\u0131 anlam\u0131nda \u00e7ok \u00f6nemli konular\u0131 de\u011ferlendiriyoruz\u201d \u015feklinde konu\u015ftu.<br \/>\n\u0130STANBUL VE ANTALYA \u00d6NC\u00dc BELED\u0130YE<br \/>\n\u0130stanbul B\u00fcy\u00fck\u015fehir Belediyesi \u0130SK\u0130 Genel M\u00fcd\u00fcrl\u00fc\u011f\u00fc Su ve At\u0131ksu Teknolojileri Daire Ba\u015fkan\u0131 \u0130smail Ayd\u0131n da \u00e7al\u0131\u015ftay da \u015f\u00f6yle konu\u015ftu: \u201c\u0130stanbul olarak yak\u0131ndan takip etti\u011fimiz \u00f6nemli bir projeyiz. Antalya B\u00fcy\u00fck\u015fehir Belediyemiz bu konuda \u00e7ok g\u00fczel \u00e7al\u0131\u015fmalara imza at\u0131yorlar. \u0130klim de\u011fi\u015fiklerine ba\u011fl\u0131 suyun verimli kullan\u0131lmas\u0131na y\u00f6nelik \u0130SK\u0130 olarak \u00f6nemli \u00e7al\u0131\u015fmalara imza att\u0131k. 2014\u2019te bakanl\u0131\u011f\u0131m\u0131z\u0131n yay\u0131nlad\u0131\u011f\u0131 genelge ile B\u00fcy\u00fck\u015fehirlerde 2028 y\u0131l\u0131na kadar su kay\u0131plar\u0131n\u0131n y\u00fczde 25 seviyelerine d\u00fc\u015f\u00fcr\u00fclmesi hedefleniyor. Bu a\u00e7\u0131dan \u0130stanbul ve Antalya Belediyelerimiz \u00f6nc\u00fc bir konumda yer al\u0131yor. Di\u011fer belediyelerimize \u00f6rnek olacak \u00e7al\u0131\u015fmalar\u0131m\u0131z\u0131 payla\u015f\u0131yoruz.\u201d<br \/>\nTECR\u00dcBELER PAYLA\u015eILDI<br \/>\n\u00c7al\u0131\u015ftay\u0131n tecr\u00fcbe ve bilgi payla\u015f\u0131m\u0131 ad\u0131na \u00e7ok verimli ge\u00e7ti\u011fini belirten Tekirda\u011f Su ve At\u0131ksu Kanalizasyon \u0130daresi SCADA \u015eube M\u00fcd\u00fcr\u00fc Berkay Yazan \u201cFiziki su kay\u0131plar\u0131 ve ka\u00e7aklarla m\u00fccadelenin \u00f6neminin artt\u0131\u011f\u0131 bu zamanlarda ayn\u0131 \u00e7al\u0131\u015fma arkada\u015flar\u0131m\u0131zla bir arada olmam\u0131z bizlere \u00e7ok b\u00fcy\u00fck katk\u0131lar sa\u011fl\u0131yor. \u00c7ok faydal\u0131 bir organizasyon. Antalya gibi bir turizm \u015fehri olan Tekirda\u011f\u2019\u0131m\u0131za buradaki \u00f6rnek te\u015fkil eden ve edecek \u00e7al\u0131\u015fmalar\u0131 aktaraca\u011f\u0131z. ASAT Genel M\u00fcd\u00fcrl\u00fc\u011f\u00fcm\u00fcze ve bu \u00e7al\u0131\u015ftaya katk\u0131 sunan t\u00fcm payda\u015flara \u00e7ok te\u015fekk\u00fcr ediyoruz. Yar\u0131n\u0131n suyunu bug\u00fcnden korumak i\u00e7in var g\u00fcc\u00fcm\u00fczle \u00e7al\u0131\u015fmalar\u0131m\u0131za devam edece\u011fiz\u201d dedi.<\/p>\n<p>\u200bAntalya B\u00fcy\u00fck\u015fehir Belediyesi ASAT Genel M\u00fcd\u00fcrl\u00fc\u011f\u00fc, iklim de\u011fi\u015fikli\u011fine uyum kapsam\u0131nda i\u00e7me suyu kay\u0131plar\u0131n\u0131n kontrol\u00fc, su verimlili\u011finin geli\u015ftirilmesi ve gelir getirmeyen suyun azalt\u0131lmas\u0131na y\u00f6nelik \u201cB\u00fcy\u00fck\u015fehir Belediyeleri Proje \u00c7al\u0131\u015ftay\u0131\u201d d\u00fczenlendi. \u00c7al\u0131\u015ftaya 26 B\u00fcy\u00fck\u015fehir Belediyesi kat\u0131l\u0131m sa\u011flad\u0131.ANTALYA (\u0130GFA) &#8211; Avrupa Birli\u011fi ile \u00c7evre, \u015eehircilik ve \u0130klim De\u011fi\u015fikli\u011fi Bakanl\u0131\u011f\u0131 taraf\u0131ndan desteklenen, Antalya B\u00fcy\u00fck\u015fehir Belediyesi ASAT Genel M\u00fcd\u00fcrl\u00fc\u011f\u00fc, Akdeniz \u00dcniversitesi ve Malta Su ve Enerji Ajans\u0131 i\u015f birli\u011fiyle &#8220;\u0130klim De\u011fi\u015fikli\u011fi ile M\u00fccadele i\u00e7in Kentsel Su Temin Sistemlerinde Verimlili\u011fin ve G\u00fcvenilirli\u011fin Geli\u015ftirilmesi&#8221; projesi 3\u2019\u00fcnc\u00fc \u00e7al\u0131\u015ftay\u0131 tamamland\u0131. ASAT konferans salonunda a\u00e7\u0131l\u0131\u015f paneliyle ba\u015flayan \u00e7al\u0131\u015ftaya ASAT Genel M\u00fcd\u00fcr\u00fc \u0130brahim Kurt, Akdeniz \u00dcniversitesi Rekt\u00f6r Yard\u0131mc\u0131s\u0131 Prof. Dr. \u015e\u00fckr\u00fc \u00d6zen, Malta Enerji ve Su Ajans\u0131 Genel M\u00fcd\u00fcr\u00fc Manuel Sapiano, bakanl\u0131k temsilcileri, akademisyenler, 26 B\u00fcy\u00fck\u015fehir Belediyesinin Su ve At\u0131ksu \u0130daresi y\u00f6neticileri ve \u015fube m\u00fcd\u00fcrleri kat\u0131l\u0131m sa\u011flad\u0131.<br \/>\nPANELLER VE TEKN\u0130K GEZ\u0130LER<br \/>\nPaneller, sunumlar ve teknik gezilerin yer ald\u0131\u011f\u0131 3 g\u00fcnl\u00fck \u00e7al\u0131\u015ftay program\u0131 kapsam\u0131nda, iklim de\u011fi\u015fikli\u011finin olumsuz etkilerini azaltmak amac\u0131yla su kay\u0131plar\u0131n\u0131 \u00f6nlemeye y\u00f6nelik \u00e7al\u0131\u015fmalar, gelir getirmeyen suyun azalt\u0131lmas\u0131, kentsel su temin sisteminde verimlili\u011fin ve g\u00fcvenirlili\u011fin artt\u0131r\u0131lmas\u0131 konular\u0131 detayl\u0131 bir \u015fekilde ele al\u0131nd\u0131.\u00a0 \u0130\u00e7me suyu \u015febekelerindeki su kay\u0131plar\u0131 ile m\u00fccadele y\u00f6ntemleri, SCADA, DMA ve aktif s\u0131z\u0131nt\u0131 kontrol\u00fc uygulamalar\u0131, abone saya\u00e7 y\u00f6netimi ve pilot b\u00f6lge uygulamalar\u0131 ile ilgili sunumlar ve teknik gezilerinde yer ald\u0131\u011f\u0131 programlarda kurumlar aras\u0131 bilgi ve deneyimler payla\u015f\u0131ld\u0131.<br \/>\n\u2018\u00d6NEML\u0130 OLAN MEVCUT SUYU KORUMAK\u2019<br \/>\nB\u00fcy\u00fck\u015fehir Belediyesi Proje \u00c7al\u0131\u015ftay\u0131 a\u00e7\u0131l\u0131\u015f\u0131nda konu\u015fan ASAT Genel M\u00fcd\u00fcr\u00fc \u0130brahim Kurt \u201cB\u00fcy\u00fck\u015fehir belediyelerimizin kentlerimizde sorumluluk alanlar\u0131 h\u0131zl\u0131 bir \u015fekilde b\u00fcy\u00fcd\u00fc. Mevcut uzun vadeli planlamalar\u0131m\u0131z\u0131n yan\u0131nda yeni yerle\u015fim planlamas\u0131 yapan kurumlar haline geldik. Artan bu sorumluluklar\u0131m\u0131z\u0131n B\u00fcy\u00fck\u015fehir belediyelerimizin kendi imk\u00e2nlar\u0131 do\u011frultusunda suyumuzu korumak ad\u0131na gerekli m\u00fccadeleyi ve yat\u0131r\u0131mlar\u0131 yap\u0131yoruz. Ne kadar \u00f6nemli yat\u0131r\u0131mlar yap\u0131lsa da bize gelen verilerde \u00fclkemizde y\u00fczde 40-50 aras\u0131 su kayb\u0131 oldu\u011fu y\u00f6n\u00fcnde. Biz \u00fclkemizdeki en \u00f6nemli kaynaklar\u0131 maalesef bir \u015fekilde t\u00fcketiyoruz. \u00d6nemli olan yeni su kaynaklar\u0131 bulmak de\u011fil var olan kaynaklar\u0131m\u0131z\u0131 korumak ve nas\u0131l tasarruf sa\u011flayabiliriz sorular\u0131na \u00e7\u00f6z\u00fcm aramak\u201d dedi.<br \/>\n\u2018SOMUT VE PRAT\u0130K \u00c7\u00d6Z\u00dcMLER SUNUYORUZ\u2019<br \/>\nAkdeniz \u00dcniversitesi Rekt\u00f6r Yard\u0131mc\u0131s\u0131 Prof. Dr. \u015e\u00fckr\u00fc \u00d6zen ise \u201c\u00dcniversite kent b\u00fct\u00fcnle\u015fmesi, kentimizin sorunlar\u0131na bilimsel yakla\u015f\u0131mlar\u0131n sa\u011flanmas\u0131 ve somut \u00e7\u00f6z\u00fcm \u00f6nerilerinin sunulmas\u0131 noktas\u0131nda projeye destek veriyoruz. Bu \u00e7al\u0131\u015ftaylar\u0131 \u00e7ok \u00f6nemli buluyoruz. Suyumuzun \u00f6nemi giderek artmaktad\u0131r bu nedenle su kaynaklar\u0131m\u0131z\u0131n korunmas\u0131 ve kent alanlar\u0131nda i\u00e7me suyu olarak kullan\u0131lan i\u00e7me suyunun birim maliyetine yans\u0131yan verimli kullan\u0131m\u0131 anlam\u0131nda \u00e7ok \u00f6nemli konular\u0131 de\u011ferlendiriyoruz\u201d \u015feklinde konu\u015ftu.<br \/>\n\u0130STANBUL VE ANTALYA \u00d6NC\u00dc BELED\u0130YE<br \/>\n\u0130stanbul B\u00fcy\u00fck\u015fehir Belediyesi \u0130SK\u0130 Genel M\u00fcd\u00fcrl\u00fc\u011f\u00fc Su ve At\u0131ksu Teknolojileri Daire Ba\u015fkan\u0131 \u0130smail Ayd\u0131n da \u00e7al\u0131\u015ftay da \u015f\u00f6yle konu\u015ftu: \u201c\u0130stanbul olarak yak\u0131ndan takip etti\u011fimiz \u00f6nemli bir projeyiz. Antalya B\u00fcy\u00fck\u015fehir Belediyemiz bu konuda \u00e7ok g\u00fczel \u00e7al\u0131\u015fmalara imza at\u0131yorlar. \u0130klim de\u011fi\u015fiklerine ba\u011fl\u0131 suyun verimli kullan\u0131lmas\u0131na y\u00f6nelik \u0130SK\u0130 olarak \u00f6nemli \u00e7al\u0131\u015fmalara imza att\u0131k. 2014\u2019te bakanl\u0131\u011f\u0131m\u0131z\u0131n yay\u0131nlad\u0131\u011f\u0131 genelge ile B\u00fcy\u00fck\u015fehirlerde 2028 y\u0131l\u0131na kadar su kay\u0131plar\u0131n\u0131n y\u00fczde 25 seviyelerine d\u00fc\u015f\u00fcr\u00fclmesi hedefleniyor. Bu a\u00e7\u0131dan \u0130stanbul ve Antalya Belediyelerimiz \u00f6nc\u00fc bir konumda yer al\u0131yor. Di\u011fer belediyelerimize \u00f6rnek olacak \u00e7al\u0131\u015fmalar\u0131m\u0131z\u0131 payla\u015f\u0131yoruz.\u201d<br \/>\nTECR\u00dcBELER PAYLA\u015eILDI<br \/>\n\u00c7al\u0131\u015ftay\u0131n tecr\u00fcbe ve bilgi payla\u015f\u0131m\u0131 ad\u0131na \u00e7ok verimli ge\u00e7ti\u011fini belirten Tekirda\u011f Su ve At\u0131ksu Kanalizasyon \u0130daresi SCADA \u015eube M\u00fcd\u00fcr\u00fc Berkay Yazan \u201cFiziki su kay\u0131plar\u0131 ve ka\u00e7aklarla m\u00fccadelenin \u00f6neminin artt\u0131\u011f\u0131 bu zamanlarda ayn\u0131 \u00e7al\u0131\u015fma arkada\u015flar\u0131m\u0131zla bir arada olmam\u0131z bizlere \u00e7ok b\u00fcy\u00fck katk\u0131lar sa\u011fl\u0131yor. \u00c7ok faydal\u0131 bir organizasyon. Antalya gibi bir turizm \u015fehri olan Tekirda\u011f\u2019\u0131m\u0131za buradaki \u00f6rnek te\u015fkil eden ve edecek \u00e7al\u0131\u015fmalar\u0131 aktaraca\u011f\u0131z. ASAT Genel M\u00fcd\u00fcrl\u00fc\u011f\u00fcm\u00fcze ve bu \u00e7al\u0131\u015ftaya katk\u0131 sunan t\u00fcm payda\u015flara \u00e7ok te\u015fekk\u00fcr ediyoruz. Yar\u0131n\u0131n suyunu bug\u00fcnden korumak i\u00e7in var g\u00fcc\u00fcm\u00fczle \u00e7al\u0131\u015fmalar\u0131m\u0131za devam edece\u011fiz\u201d dedi.\u00a0<\/p>\n<p>\u200bHaberin Al\u0131nt\u0131land\u0131\u011f\u0131 Kaynak: www.iskenderun.org<\/p>","protected":false},"excerpt":{"rendered":"<p>Antalya B\u00fcy\u00fck\u015fehir Belediyesi ASAT Genel M\u00fcd\u00fcrl\u00fc\u011f\u00fc, iklim de\u011fi\u015fikli\u011fine uyum kapsam\u0131nda i\u00e7me suyu kay\u0131plar\u0131n\u0131n kontrol\u00fc, su verimlili\u011finin geli\u015ftirilmesi ve gelir getirmeyen suyun azalt\u0131lmas\u0131na y\u00f6nelik \u201cB\u00fcy\u00fck\u015fehir Belediyeleri Proje \u00c7al\u0131\u015ftay\u0131\u201d d\u00fczenlendi. \u00c7al\u0131\u015ftaya 26 B\u00fcy\u00fck\u015fehir Belediyesi kat\u0131l\u0131m sa\u011flad\u0131.ANTALYA (\u0130GFA) &#8211; Avrupa Birli\u011fi ile \u00c7evre, \u015eehircilik ve \u0130klim De\u011fi\u015fikli\u011fi Bakanl\u0131\u011f\u0131 taraf\u0131ndan desteklenen, Antalya B\u00fcy\u00fck\u015fehir Belediyesi ASAT Genel M\u00fcd\u00fcrl\u00fc\u011f\u00fc, Akdeniz \u00dcniversitesi ve Malta Su ve Enerji Ajans\u0131 i\u015f birli\u011fiyle &#8220;\u0130klim De\u011fi\u015fikli\u011fi ile M\u00fccadele i\u00e7in Kentsel Su Temin Sistemlerinde Verimlili\u011fin ve G\u00fcvenilirli\u011fin Geli\u015ftirilmesi&#8221; projesi 3\u2019\u00fcnc\u00fc \u00e7al\u0131\u015ftay\u0131 tamamland\u0131. ASAT konferans salonunda a\u00e7\u0131l\u0131\u015f paneliyle ba\u015flayan \u00e7al\u0131\u015ftaya ASAT Genel M\u00fcd\u00fcr\u00fc \u0130brahim Kurt, Akdeniz \u00dcniversitesi Rekt\u00f6r Yard\u0131mc\u0131s\u0131 Prof. Dr. \u015e\u00fckr\u00fc \u00d6zen, Malta Enerji ve Su Ajans\u0131 Genel M\u00fcd\u00fcr\u00fc Manuel Sapiano, bakanl\u0131k temsilcileri, akademisyenler, 26 B\u00fcy\u00fck\u015fehir Belediyesinin Su ve At\u0131ksu \u0130daresi y\u00f6neticileri ve \u015fube m\u00fcd\u00fcrleri kat\u0131l\u0131m sa\u011flad\u0131. PANELLER VE TEKN\u0130K GEZ\u0130LER Paneller, sunumlar ve teknik gezilerin yer ald\u0131\u011f\u0131 3 g\u00fcnl\u00fck \u00e7al\u0131\u015ftay program\u0131 kapsam\u0131nda, iklim de\u011fi\u015fikli\u011finin olumsuz etkilerini azaltmak amac\u0131yla su kay\u0131plar\u0131n\u0131 \u00f6nlemeye y\u00f6nelik \u00e7al\u0131\u015fmalar, gelir getirmeyen suyun azalt\u0131lmas\u0131, kentsel su temin sisteminde verimlili\u011fin ve g\u00fcvenirlili\u011fin artt\u0131r\u0131lmas\u0131 konular\u0131 detayl\u0131 bir \u015fekilde ele al\u0131nd\u0131.\u00a0 \u0130\u00e7me suyu \u015febekelerindeki su kay\u0131plar\u0131 ile m\u00fccadele y\u00f6ntemleri, SCADA, DMA ve aktif s\u0131z\u0131nt\u0131 kontrol\u00fc uygulamalar\u0131, abone saya\u00e7 y\u00f6netimi ve pilot b\u00f6lge uygulamalar\u0131 ile ilgili sunumlar ve teknik gezilerinde yer ald\u0131\u011f\u0131 &hellip;<\/p>","protected":false},"author":1,"featured_media":0,"comment_status":"","ping_status":"open","sticky":false,"template":"","format":"standard","meta":{"_acf_changed":false,"footnotes":""},"categories":[24],"tags":[],"class_list":["post-60314","post","type-post","status-publish","format-standard","has-post-thumbnail","hentry","category-gundem"],"acf":[],"yoast_head":"<!-- This site is optimized with the Yoast SEO Premium plugin v26.6 (Yoast SEO v27.1.1) - https:\/\/yoast.com\/product\/yoast-seo-premium-wordpress\/ -->\n<title>ASAT iklim krizi ve su kay\u0131plar\u0131 \u00e7al\u0131\u015ftay\u0131na ev sahipli\u011fi yapt\u0131 - Av. Deniz Can K\u0131z\u0131l<\/title>\n<meta name=\"robots\" content=\"index, follow, max-snippet:-1, max-image-preview:large, max-video-preview:-1\" \/>\n<link rel=\"canonical\" href=\"http:\/\/denizcankizil.tr\/en\/haberler\/gundem\/asat-iklim-krizi-ve-su-kayiplari-calistayina-ev-sahipligi-yapti\/\" \/>\n<meta property=\"og:locale\" content=\"en_GB\" \/>\n<meta property=\"og:type\" content=\"article\" \/>\n<meta property=\"og:title\" content=\"ASAT iklim krizi ve su kay\u0131plar\u0131 \u00e7al\u0131\u015ftay\u0131na ev sahipli\u011fi yapt\u0131\" \/>\n<meta property=\"og:description\" content=\"Antalya B\u00fcy\u00fck\u015fehir Belediyesi ASAT Genel M\u00fcd\u00fcrl\u00fc\u011f\u00fc, iklim de\u011fi\u015fikli\u011fine uyum kapsam\u0131nda i\u00e7me suyu kay\u0131plar\u0131n\u0131n kontrol\u00fc, su verimlili\u011finin geli\u015ftirilmesi ve gelir getirmeyen suyun azalt\u0131lmas\u0131na y\u00f6nelik \u201cB\u00fcy\u00fck\u015fehir Belediyeleri Proje \u00c7al\u0131\u015ftay\u0131\u201d d\u00fczenlendi. \u00c7al\u0131\u015ftaya 26 B\u00fcy\u00fck\u015fehir Belediyesi kat\u0131l\u0131m sa\u011flad\u0131.ANTALYA (\u0130GFA) &#8211; Avrupa Birli\u011fi ile \u00c7evre, \u015eehircilik ve \u0130klim De\u011fi\u015fikli\u011fi Bakanl\u0131\u011f\u0131 taraf\u0131ndan desteklenen, Antalya B\u00fcy\u00fck\u015fehir Belediyesi ASAT Genel M\u00fcd\u00fcrl\u00fc\u011f\u00fc, Akdeniz \u00dcniversitesi ve Malta Su ve Enerji Ajans\u0131 i\u015f birli\u011fiyle &#8220;\u0130klim De\u011fi\u015fikli\u011fi ile M\u00fccadele i\u00e7in Kentsel Su Temin Sistemlerinde Verimlili\u011fin ve G\u00fcvenilirli\u011fin Geli\u015ftirilmesi&#8221; projesi 3\u2019\u00fcnc\u00fc \u00e7al\u0131\u015ftay\u0131 tamamland\u0131. ASAT konferans salonunda a\u00e7\u0131l\u0131\u015f paneliyle ba\u015flayan \u00e7al\u0131\u015ftaya ASAT Genel M\u00fcd\u00fcr\u00fc \u0130brahim Kurt, Akdeniz \u00dcniversitesi Rekt\u00f6r Yard\u0131mc\u0131s\u0131 Prof. Dr. \u015e\u00fckr\u00fc \u00d6zen, Malta Enerji ve Su Ajans\u0131 Genel M\u00fcd\u00fcr\u00fc Manuel Sapiano, bakanl\u0131k temsilcileri, akademisyenler, 26 B\u00fcy\u00fck\u015fehir Belediyesinin Su ve At\u0131ksu \u0130daresi y\u00f6neticileri ve \u015fube m\u00fcd\u00fcrleri kat\u0131l\u0131m sa\u011flad\u0131. PANELLER VE TEKN\u0130K GEZ\u0130LER Paneller, sunumlar ve teknik gezilerin yer ald\u0131\u011f\u0131 3 g\u00fcnl\u00fck \u00e7al\u0131\u015ftay program\u0131 kapsam\u0131nda, iklim de\u011fi\u015fikli\u011finin olumsuz etkilerini azaltmak amac\u0131yla su kay\u0131plar\u0131n\u0131 \u00f6nlemeye y\u00f6nelik \u00e7al\u0131\u015fmalar, gelir getirmeyen suyun azalt\u0131lmas\u0131, kentsel su temin sisteminde verimlili\u011fin ve g\u00fcvenirlili\u011fin artt\u0131r\u0131lmas\u0131 konular\u0131 detayl\u0131 bir \u015fekilde ele al\u0131nd\u0131.\u00a0 \u0130\u00e7me suyu \u015febekelerindeki su kay\u0131plar\u0131 ile m\u00fccadele y\u00f6ntemleri, SCADA, DMA ve aktif s\u0131z\u0131nt\u0131 kontrol\u00fc uygulamalar\u0131, abone saya\u00e7 y\u00f6netimi ve pilot b\u00f6lge uygulamalar\u0131 ile ilgili sunumlar ve teknik gezilerinde yer ald\u0131\u011f\u0131 &hellip;\" \/>\n<meta property=\"og:url\" content=\"http:\/\/denizcankizil.tr\/en\/haberler\/gundem\/asat-iklim-krizi-ve-su-kayiplari-calistayina-ev-sahipligi-yapti\/\" \/>\n<meta property=\"og:site_name\" content=\"Av. Deniz Can K\u0131z\u0131l\" \/>\n<meta property=\"article:published_time\" content=\"2025-04-19T15:42:03+00:00\" \/>\n<meta name=\"author\" content=\"admin\" \/>\n<meta name=\"twitter:card\" content=\"summary_large_image\" \/>\n<meta name=\"twitter:label1\" content=\"Written by\" \/>\n\t<meta name=\"twitter:data1\" content=\"admin\" \/>\n\t<meta name=\"twitter:label2\" content=\"Estimated reading time\" \/>\n\t<meta name=\"twitter:data2\" content=\"8 minutes\" \/>\n<script type=\"application\/ld+json\" class=\"yoast-schema-graph\">{\"@context\":\"https:\/\/schema.org\",\"@graph\":[{\"@type\":\"Article\",\"@id\":\"http:\/\/denizcankizil.tr\/en\/haberler\/gundem\/asat-iklim-krizi-ve-su-kayiplari-calistayina-ev-sahipligi-yapti\/#article\",\"isPartOf\":{\"@id\":\"http:\/\/denizcankizil.tr\/en\/haberler\/gundem\/asat-iklim-krizi-ve-su-kayiplari-calistayina-ev-sahipligi-yapti\/\"},\"author\":{\"name\":\"admin\",\"@id\":\"https:\/\/denizcankizil.tr\/#\/schema\/person\/be3c05fe6a12686905512445d8185489\"},\"headline\":\"ASAT iklim krizi ve su kay\u0131plar\u0131 \u00e7al\u0131\u015ftay\u0131na ev sahipli\u011fi yapt\u0131\",\"datePublished\":\"2025-04-19T15:42:03+00:00\",\"mainEntityOfPage\":{\"@id\":\"http:\/\/denizcankizil.tr\/en\/haberler\/gundem\/asat-iklim-krizi-ve-su-kayiplari-calistayina-ev-sahipligi-yapti\/\"},\"wordCount\":1658,\"publisher\":{\"@id\":\"https:\/\/denizcankizil.tr\/#organization\"},\"articleSection\":[\"G\u00fcndem\"],\"inLanguage\":\"en-GB\"},{\"@type\":\"WebPage\",\"@id\":\"http:\/\/denizcankizil.tr\/en\/haberler\/gundem\/asat-iklim-krizi-ve-su-kayiplari-calistayina-ev-sahipligi-yapti\/\",\"url\":\"http:\/\/denizcankizil.tr\/en\/haberler\/gundem\/asat-iklim-krizi-ve-su-kayiplari-calistayina-ev-sahipligi-yapti\/\",\"name\":\"ASAT iklim krizi ve su kay\u0131plar\u0131 \u00e7al\u0131\u015ftay\u0131na ev sahipli\u011fi yapt\u0131 - Av. Deniz Can K\u0131z\u0131l\",\"isPartOf\":{\"@id\":\"https:\/\/denizcankizil.tr\/#website\"},\"datePublished\":\"2025-04-19T15:42:03+00:00\",\"breadcrumb\":{\"@id\":\"http:\/\/denizcankizil.tr\/en\/haberler\/gundem\/asat-iklim-krizi-ve-su-kayiplari-calistayina-ev-sahipligi-yapti\/#breadcrumb\"},\"inLanguage\":\"en-GB\",\"potentialAction\":[{\"@type\":\"ReadAction\",\"target\":[\"http:\/\/denizcankizil.tr\/en\/haberler\/gundem\/asat-iklim-krizi-ve-su-kayiplari-calistayina-ev-sahipligi-yapti\/\"]}]},{\"@type\":\"BreadcrumbList\",\"@id\":\"http:\/\/denizcankizil.tr\/en\/haberler\/gundem\/asat-iklim-krizi-ve-su-kayiplari-calistayina-ev-sahipligi-yapti\/#breadcrumb\",\"itemListElement\":[{\"@type\":\"ListItem\",\"position\":1,\"name\":\"Home\",\"item\":\"https:\/\/denizcankizil.tr\/de\/\"},{\"@type\":\"ListItem\",\"position\":2,\"name\":\"ASAT iklim krizi ve su kay\u0131plar\u0131 \u00e7al\u0131\u015ftay\u0131na ev sahipli\u011fi yapt\u0131\"}]},{\"@type\":\"WebSite\",\"@id\":\"https:\/\/denizcankizil.tr\/#website\",\"url\":\"https:\/\/denizcankizil.tr\/\",\"name\":\"Av. Deniz Can K\u0131z\u0131l\",\"description\":\"Avukat Deniz Can K\u0131z\u0131l Antalya Barosu\",\"publisher\":{\"@id\":\"https:\/\/denizcankizil.tr\/#organization\"},\"potentialAction\":[{\"@type\":\"SearchAction\",\"target\":{\"@type\":\"EntryPoint\",\"urlTemplate\":\"https:\/\/denizcankizil.tr\/?s={search_term_string}\"},\"query-input\":{\"@type\":\"PropertyValueSpecification\",\"valueRequired\":true,\"valueName\":\"search_term_string\"}}],\"inLanguage\":\"en-GB\"},{\"@type\":\"Organization\",\"@id\":\"https:\/\/denizcankizil.tr\/#organization\",\"name\":\"Av. Deniz Can K\u0131z\u0131l\",\"url\":\"https:\/\/denizcankizil.tr\/\",\"logo\":{\"@type\":\"ImageObject\",\"inLanguage\":\"en-GB\",\"@id\":\"https:\/\/denizcankizil.tr\/#\/schema\/logo\/image\/\",\"url\":\"http:\/\/denizcankizil.tr\/wp-content\/uploads\/2024\/10\/siyah-logo-svg.svg\",\"contentUrl\":\"http:\/\/denizcankizil.tr\/wp-content\/uploads\/2024\/10\/siyah-logo-svg.svg\",\"width\":1080,\"height\":1080,\"caption\":\"Av. Deniz Can K\u0131z\u0131l\"},\"image\":{\"@id\":\"https:\/\/denizcankizil.tr\/#\/schema\/logo\/image\/\"}},{\"@type\":\"Person\",\"@id\":\"https:\/\/denizcankizil.tr\/#\/schema\/person\/be3c05fe6a12686905512445d8185489\",\"name\":\"admin\",\"image\":{\"@type\":\"ImageObject\",\"inLanguage\":\"en-GB\",\"@id\":\"https:\/\/denizcankizil.tr\/#\/schema\/person\/image\/\",\"url\":\"https:\/\/secure.gravatar.com\/avatar\/c1fce94c830dc79107e174f890d7210541c4a63e8e5d816341794a2151c9d58c?s=96&d=mm&r=g\",\"contentUrl\":\"https:\/\/secure.gravatar.com\/avatar\/c1fce94c830dc79107e174f890d7210541c4a63e8e5d816341794a2151c9d58c?s=96&d=mm&r=g\",\"caption\":\"admin\"},\"sameAs\":[\"http:\/\/denizcankizil.tr\"],\"url\":\"https:\/\/www.iskenderun.org\/asat-iklim-krizi-ve-su-kayiplari-calistayina-ev-sahipligi-yapti\"}]}<\/script>\n<!-- \/ Yoast SEO Premium plugin. -->","yoast_head_json":{"title":"ASAT iklim krizi ve su kay\u0131plar\u0131 \u00e7al\u0131\u015ftay\u0131na ev sahipli\u011fi yapt\u0131 - Av. Deniz Can K\u0131z\u0131l","robots":{"index":"index","follow":"follow","max-snippet":"max-snippet:-1","max-image-preview":"max-image-preview:large","max-video-preview":"max-video-preview:-1"},"canonical":"http:\/\/denizcankizil.tr\/en\/haberler\/gundem\/asat-iklim-krizi-ve-su-kayiplari-calistayina-ev-sahipligi-yapti\/","og_locale":"en_GB","og_type":"article","og_title":"ASAT iklim krizi ve su kay\u0131plar\u0131 \u00e7al\u0131\u015ftay\u0131na ev sahipli\u011fi yapt\u0131","og_description":"Antalya B\u00fcy\u00fck\u015fehir Belediyesi ASAT Genel M\u00fcd\u00fcrl\u00fc\u011f\u00fc, iklim de\u011fi\u015fikli\u011fine uyum kapsam\u0131nda i\u00e7me suyu kay\u0131plar\u0131n\u0131n kontrol\u00fc, su verimlili\u011finin geli\u015ftirilmesi ve gelir getirmeyen suyun azalt\u0131lmas\u0131na y\u00f6nelik \u201cB\u00fcy\u00fck\u015fehir Belediyeleri Proje \u00c7al\u0131\u015ftay\u0131\u201d d\u00fczenlendi. \u00c7al\u0131\u015ftaya 26 B\u00fcy\u00fck\u015fehir Belediyesi kat\u0131l\u0131m sa\u011flad\u0131.ANTALYA (\u0130GFA) &#8211; Avrupa Birli\u011fi ile \u00c7evre, \u015eehircilik ve \u0130klim De\u011fi\u015fikli\u011fi Bakanl\u0131\u011f\u0131 taraf\u0131ndan desteklenen, Antalya B\u00fcy\u00fck\u015fehir Belediyesi ASAT Genel M\u00fcd\u00fcrl\u00fc\u011f\u00fc, Akdeniz \u00dcniversitesi ve Malta Su ve Enerji Ajans\u0131 i\u015f birli\u011fiyle &#8220;\u0130klim De\u011fi\u015fikli\u011fi ile M\u00fccadele i\u00e7in Kentsel Su Temin Sistemlerinde Verimlili\u011fin ve G\u00fcvenilirli\u011fin Geli\u015ftirilmesi&#8221; projesi 3\u2019\u00fcnc\u00fc \u00e7al\u0131\u015ftay\u0131 tamamland\u0131. ASAT konferans salonunda a\u00e7\u0131l\u0131\u015f paneliyle ba\u015flayan \u00e7al\u0131\u015ftaya ASAT Genel M\u00fcd\u00fcr\u00fc \u0130brahim Kurt, Akdeniz \u00dcniversitesi Rekt\u00f6r Yard\u0131mc\u0131s\u0131 Prof. Dr. \u015e\u00fckr\u00fc \u00d6zen, Malta Enerji ve Su Ajans\u0131 Genel M\u00fcd\u00fcr\u00fc Manuel Sapiano, bakanl\u0131k temsilcileri, akademisyenler, 26 B\u00fcy\u00fck\u015fehir Belediyesinin Su ve At\u0131ksu \u0130daresi y\u00f6neticileri ve \u015fube m\u00fcd\u00fcrleri kat\u0131l\u0131m sa\u011flad\u0131. PANELLER VE TEKN\u0130K GEZ\u0130LER Paneller, sunumlar ve teknik gezilerin yer ald\u0131\u011f\u0131 3 g\u00fcnl\u00fck \u00e7al\u0131\u015ftay program\u0131 kapsam\u0131nda, iklim de\u011fi\u015fikli\u011finin olumsuz etkilerini azaltmak amac\u0131yla su kay\u0131plar\u0131n\u0131 \u00f6nlemeye y\u00f6nelik \u00e7al\u0131\u015fmalar, gelir getirmeyen suyun azalt\u0131lmas\u0131, kentsel su temin sisteminde verimlili\u011fin ve g\u00fcvenirlili\u011fin artt\u0131r\u0131lmas\u0131 konular\u0131 detayl\u0131 bir \u015fekilde ele al\u0131nd\u0131.\u00a0 \u0130\u00e7me suyu \u015febekelerindeki su kay\u0131plar\u0131 ile m\u00fccadele y\u00f6ntemleri, SCADA, DMA ve aktif s\u0131z\u0131nt\u0131 kontrol\u00fc uygulamalar\u0131, abone saya\u00e7 y\u00f6netimi ve pilot b\u00f6lge uygulamalar\u0131 ile ilgili sunumlar ve teknik gezilerinde yer ald\u0131\u011f\u0131 &hellip;","og_url":"http:\/\/denizcankizil.tr\/en\/haberler\/gundem\/asat-iklim-krizi-ve-su-kayiplari-calistayina-ev-sahipligi-yapti\/","og_site_name":"Av. Deniz Can K\u0131z\u0131l","article_published_time":"2025-04-19T15:42:03+00:00","author":"admin","twitter_card":"summary_large_image","twitter_misc":{"Written by":"admin","Estimated reading time":"8 minutes"},"schema":{"@context":"https:\/\/schema.org","@graph":[{"@type":"Article","@id":"http:\/\/denizcankizil.tr\/en\/haberler\/gundem\/asat-iklim-krizi-ve-su-kayiplari-calistayina-ev-sahipligi-yapti\/#article","isPartOf":{"@id":"http:\/\/denizcankizil.tr\/en\/haberler\/gundem\/asat-iklim-krizi-ve-su-kayiplari-calistayina-ev-sahipligi-yapti\/"},"author":{"name":"admin","@id":"https:\/\/denizcankizil.tr\/#\/schema\/person\/be3c05fe6a12686905512445d8185489"},"headline":"ASAT iklim krizi ve su kay\u0131plar\u0131 \u00e7al\u0131\u015ftay\u0131na ev sahipli\u011fi yapt\u0131","datePublished":"2025-04-19T15:42:03+00:00","mainEntityOfPage":{"@id":"http:\/\/denizcankizil.tr\/en\/haberler\/gundem\/asat-iklim-krizi-ve-su-kayiplari-calistayina-ev-sahipligi-yapti\/"},"wordCount":1658,"publisher":{"@id":"https:\/\/denizcankizil.tr\/#organization"},"articleSection":["G\u00fcndem"],"inLanguage":"en-GB"},{"@type":"WebPage","@id":"http:\/\/denizcankizil.tr\/en\/haberler\/gundem\/asat-iklim-krizi-ve-su-kayiplari-calistayina-ev-sahipligi-yapti\/","url":"http:\/\/denizcankizil.tr\/en\/haberler\/gundem\/asat-iklim-krizi-ve-su-kayiplari-calistayina-ev-sahipligi-yapti\/","name":"ASAT iklim krizi ve su kay\u0131plar\u0131 \u00e7al\u0131\u015ftay\u0131na ev sahipli\u011fi yapt\u0131 - Av. Deniz Can K\u0131z\u0131l","isPartOf":{"@id":"https:\/\/denizcankizil.tr\/#website"},"datePublished":"2025-04-19T15:42:03+00:00","breadcrumb":{"@id":"http:\/\/denizcankizil.tr\/en\/haberler\/gundem\/asat-iklim-krizi-ve-su-kayiplari-calistayina-ev-sahipligi-yapti\/#breadcrumb"},"inLanguage":"en-GB","potentialAction":[{"@type":"ReadAction","target":["http:\/\/denizcankizil.tr\/en\/haberler\/gundem\/asat-iklim-krizi-ve-su-kayiplari-calistayina-ev-sahipligi-yapti\/"]}]},{"@type":"BreadcrumbList","@id":"http:\/\/denizcankizil.tr\/en\/haberler\/gundem\/asat-iklim-krizi-ve-su-kayiplari-calistayina-ev-sahipligi-yapti\/#breadcrumb","itemListElement":[{"@type":"ListItem","position":1,"name":"Home","item":"https:\/\/denizcankizil.tr\/de\/"},{"@type":"ListItem","position":2,"name":"ASAT iklim krizi ve su kay\u0131plar\u0131 \u00e7al\u0131\u015ftay\u0131na ev sahipli\u011fi yapt\u0131"}]},{"@type":"WebSite","@id":"https:\/\/denizcankizil.tr\/#website","url":"https:\/\/denizcankizil.tr\/","name":"Av. Deniz Can K\u0131z\u0131l","description":"Avukat Deniz Can K\u0131z\u0131l Antalya Barosu","publisher":{"@id":"https:\/\/denizcankizil.tr\/#organization"},"potentialAction":[{"@type":"SearchAction","target":{"@type":"EntryPoint","urlTemplate":"https:\/\/denizcankizil.tr\/?s={search_term_string}"},"query-input":{"@type":"PropertyValueSpecification","valueRequired":true,"valueName":"search_term_string"}}],"inLanguage":"en-GB"},{"@type":"Organization","@id":"https:\/\/denizcankizil.tr\/#organization","name":"Av. Deniz Can K\u0131z\u0131l","url":"https:\/\/denizcankizil.tr\/","logo":{"@type":"ImageObject","inLanguage":"en-GB","@id":"https:\/\/denizcankizil.tr\/#\/schema\/logo\/image\/","url":"http:\/\/denizcankizil.tr\/wp-content\/uploads\/2024\/10\/siyah-logo-svg.svg","contentUrl":"http:\/\/denizcankizil.tr\/wp-content\/uploads\/2024\/10\/siyah-logo-svg.svg","width":1080,"height":1080,"caption":"Av. Deniz Can K\u0131z\u0131l"},"image":{"@id":"https:\/\/denizcankizil.tr\/#\/schema\/logo\/image\/"}},{"@type":"Person","@id":"https:\/\/denizcankizil.tr\/#\/schema\/person\/be3c05fe6a12686905512445d8185489","name":"admin","image":{"@type":"ImageObject","inLanguage":"en-GB","@id":"https:\/\/denizcankizil.tr\/#\/schema\/person\/image\/","url":"https:\/\/secure.gravatar.com\/avatar\/c1fce94c830dc79107e174f890d7210541c4a63e8e5d816341794a2151c9d58c?s=96&d=mm&r=g","contentUrl":"https:\/\/secure.gravatar.com\/avatar\/c1fce94c830dc79107e174f890d7210541c4a63e8e5d816341794a2151c9d58c?s=96&d=mm&r=g","caption":"admin"},"sameAs":["http:\/\/denizcankizil.tr"],"url":"https:\/\/www.iskenderun.org\/asat-iklim-krizi-ve-su-kayiplari-calistayina-ev-sahipligi-yapti"}]}},"_links":{"self":[{"href":"http:\/\/denizcankizil.tr\/en\/wp-json\/wp\/v2\/posts\/60314","targetHints":{"allow":["GET"]}}],"collection":[{"href":"http:\/\/denizcankizil.tr\/en\/wp-json\/wp\/v2\/posts"}],"about":[{"href":"http:\/\/denizcankizil.tr\/en\/wp-json\/wp\/v2\/types\/post"}],"author":[{"embeddable":true,"href":"http:\/\/denizcankizil.tr\/en\/wp-json\/wp\/v2\/users\/1"}],"replies":[{"embeddable":true,"href":"http:\/\/denizcankizil.tr\/en\/wp-json\/wp\/v2\/comments?post=60314"}],"version-history":[{"count":0,"href":"http:\/\/denizcankizil.tr\/en\/wp-json\/wp\/v2\/posts\/60314\/revisions"}],"wp:attachment":[{"href":"http:\/\/denizcankizil.tr\/en\/wp-json\/wp\/v2\/media?parent=60314"}],"wp:term":[{"taxonomy":"category","embeddable":true,"href":"http:\/\/denizcankizil.tr\/en\/wp-json\/wp\/v2\/categories?post=60314"},{"taxonomy":"post_tag","embeddable":true,"href":"http:\/\/denizcankizil.tr\/en\/wp-json\/wp\/v2\/tags?post=60314"}],"curies":[{"name":"wp","href":"https:\/\/api.w.org\/{rel}","templated":true}]}}