{"id":59204,"date":"2025-04-18T11:41:22","date_gmt":"2025-04-18T08:41:22","guid":{"rendered":"https:\/\/denizcankizil.tr\/uncategorized-tr\/acik-hava-sinema-festivali-sona-erdi\/"},"modified":"2025-04-18T11:41:22","modified_gmt":"2025-04-18T08:41:22","slug":"acik-hava-sinema-festivali-sona-erdi","status":"publish","type":"post","link":"http:\/\/denizcankizil.tr\/en\/haberler\/antalya\/acik-hava-sinema-festivali-sona-erdi\/","title":{"rendered":"A\u00e7\u0131k hava sinema festivali sona erdi"},"content":{"rendered":"<p>Alanya Belediyesi Gen\u00e7lik Hizmetleri Birimi taraf\u0131ndan organize edilen festival, Kestel Futbol Sahas\u0131\u2019nda ger\u00e7ekle\u015ftirildi. Alanya Alaaddin Keykubat \u00dcniversitesi ve Alanya \u00dcniversitesi \u00f6\u011frencileri i\u00e7in \u00f6zel olarak haz\u0131rlanan film se\u00e7kisi, sosyal medyadaki anketle gen\u00e7lerin tercihlerine g\u00f6re belirlendi. Festivalin ilk g\u00fcn\u00fcnde &#8220;Unutursam F\u0131s\u0131lda&#8221;, ikinci g\u00fcn\u00fcnde &#8220;3 Idiots&#8221; filmi sinemaseverlerle bulu\u015ftu. Finalde ise her ya\u015ftan izleyicinin be\u011fenisini kazanan animasyon klasi\u011fi &#8220;Buz Devri&#8221; g\u00f6sterildi.<\/p>\n<p>Kre\u015f \u00f6\u011frencileri festivalde yer ald\u0131<br \/>\n\u00d6\u011frencilerin sosyal ya\u015famlar\u0131na renk katabilecekleri ve yorucu ders maratonunda \u00fccretsiz olarak e\u011flenebilece\u011fi bir konseptte yap\u0131lan festivalde, Alanya Belediyesi\u2019nin kre\u015fleri ve \u00e7ocuk akademilerinde e\u011fitim g\u00f6ren minikler ile aileleri de yer ald\u0131. Ayr\u0131ca \u00fccretsiz patlam\u0131\u015f m\u0131s\u0131r ve limonata ikram\u0131yla a\u00e7\u0131k havada arkada\u015flar\u0131yla birlikte film izleyen gen\u00e7ler, e\u011flenceli ve unutulmaz bir ak\u015fam ge\u00e7irdi.<\/p>\n<p>\u00d6\u011frencilerden belediyeye te\u015fekk\u00fcr<br \/>\nFestival sonunda konu\u015fan \u00f6\u011frenciler, b\u00f6ylesi samimi ve gen\u00e7 dostu etkinlikler d\u00fczenledi\u011fi i\u00e7in Alanya Belediyesi\u2019ne te\u015fekk\u00fcr ederek, gelecek y\u0131l be\u015fincisi yap\u0131lmas\u0131 planlanan festival i\u00e7in \u015fimdiden heyecanland\u0131klar\u0131n\u0131 ifade ettiler. \u00d6te yandan Alanya Belediyesi&#8217;nin, \u00fcniversite \u00f6\u011frencilerine y\u00f6nelik sosyal, k\u00fclt\u00fcrel ve sanatsal etkinliklerle gen\u00e7lere verdi\u011fi deste\u011fin s\u00fcrd\u00fcr\u00fclece\u011fi kaydedildi.<\/p>\n<p>Kaynak: www.kanalv.com.tr Haber Sitesinden Al\u0131nm\u0131\u015ft\u0131r.<\/p>","protected":false},"excerpt":{"rendered":"<p>Alanya Belediyesi Gen\u00e7lik Hizmetleri Birimi taraf\u0131ndan organize edilen festival, Kestel Futbol Sahas\u0131\u2019nda ger\u00e7ekle\u015ftirildi. Alanya Alaaddin Keykubat \u00dcniversitesi ve Alanya \u00dcniversitesi \u00f6\u011frencileri i\u00e7in \u00f6zel olarak haz\u0131rlanan film se\u00e7kisi, sosyal medyadaki anketle gen\u00e7lerin tercihlerine g\u00f6re belirlendi. Festivalin ilk g\u00fcn\u00fcnde &#8220;Unutursam F\u0131s\u0131lda&#8221;, ikinci g\u00fcn\u00fcnde &#8220;3 Idiots&#8221; filmi sinemaseverlerle bulu\u015ftu. Finalde ise her ya\u015ftan izleyicinin be\u011fenisini kazanan animasyon klasi\u011fi &#8220;Buz Devri&#8221; g\u00f6sterildi. Kre\u015f \u00f6\u011frencileri festivalde yer ald\u0131 \u00d6\u011frencilerin sosyal ya\u015famlar\u0131na renk katabilecekleri ve yorucu ders maratonunda \u00fccretsiz olarak e\u011flenebilece\u011fi bir konseptte yap\u0131lan festivalde, Alanya Belediyesi\u2019nin kre\u015fleri ve \u00e7ocuk akademilerinde e\u011fitim g\u00f6ren minikler ile aileleri de yer ald\u0131. Ayr\u0131ca \u00fccretsiz patlam\u0131\u015f m\u0131s\u0131r ve limonata ikram\u0131yla a\u00e7\u0131k havada arkada\u015flar\u0131yla birlikte film izleyen gen\u00e7ler, e\u011flenceli ve unutulmaz bir ak\u015fam ge\u00e7irdi. \u00d6\u011frencilerden belediyeye te\u015fekk\u00fcr Festival sonunda konu\u015fan \u00f6\u011frenciler, b\u00f6ylesi samimi ve gen\u00e7 dostu etkinlikler d\u00fczenledi\u011fi i\u00e7in Alanya Belediyesi\u2019ne te\u015fekk\u00fcr ederek, gelecek y\u0131l be\u015fincisi yap\u0131lmas\u0131 planlanan festival i\u00e7in \u015fimdiden heyecanland\u0131klar\u0131n\u0131 ifade ettiler. \u00d6te yandan Alanya Belediyesi&#8217;nin, \u00fcniversite \u00f6\u011frencilerine y\u00f6nelik sosyal, k\u00fclt\u00fcrel ve sanatsal etkinliklerle gen\u00e7lere verdi\u011fi deste\u011fin s\u00fcrd\u00fcr\u00fclece\u011fi kaydedildi. Kaynak: www.kanalv.com.tr Haber Sitesinden Al\u0131nm\u0131\u015ft\u0131r.<\/p>","protected":false},"author":4,"featured_media":59205,"comment_status":"","ping_status":"open","sticky":false,"template":"","format":"standard","meta":{"_acf_changed":false,"footnotes":""},"categories":[26],"tags":[],"class_list":["post-59204","post","type-post","status-publish","format-standard","has-post-thumbnail","hentry","category-antalya"],"acf":[],"yoast_head":"<!-- This site is optimized with the Yoast SEO Premium plugin v26.6 (Yoast SEO v27.1.1) - https:\/\/yoast.com\/product\/yoast-seo-premium-wordpress\/ -->\n<title>A\u00e7\u0131k hava sinema festivali sona erdi - Av. Deniz Can K\u0131z\u0131l<\/title>\n<meta name=\"robots\" content=\"index, follow, max-snippet:-1, max-image-preview:large, max-video-preview:-1\" \/>\n<link rel=\"canonical\" href=\"http:\/\/denizcankizil.tr\/en\/haberler\/antalya\/acik-hava-sinema-festivali-sona-erdi\/\" \/>\n<meta property=\"og:locale\" content=\"en_GB\" \/>\n<meta property=\"og:type\" content=\"article\" \/>\n<meta property=\"og:title\" content=\"A\u00e7\u0131k hava sinema festivali sona erdi\" \/>\n<meta property=\"og:description\" content=\"Alanya Belediyesi Gen\u00e7lik Hizmetleri Birimi taraf\u0131ndan organize edilen festival, Kestel Futbol Sahas\u0131\u2019nda ger\u00e7ekle\u015ftirildi. Alanya Alaaddin Keykubat \u00dcniversitesi ve Alanya \u00dcniversitesi \u00f6\u011frencileri i\u00e7in \u00f6zel olarak haz\u0131rlanan film se\u00e7kisi, sosyal medyadaki anketle gen\u00e7lerin tercihlerine g\u00f6re belirlendi. Festivalin ilk g\u00fcn\u00fcnde &#8220;Unutursam F\u0131s\u0131lda&#8221;, ikinci g\u00fcn\u00fcnde &#8220;3 Idiots&#8221; filmi sinemaseverlerle bulu\u015ftu. Finalde ise her ya\u015ftan izleyicinin be\u011fenisini kazanan animasyon klasi\u011fi &#8220;Buz Devri&#8221; g\u00f6sterildi. Kre\u015f \u00f6\u011frencileri festivalde yer ald\u0131 \u00d6\u011frencilerin sosyal ya\u015famlar\u0131na renk katabilecekleri ve yorucu ders maratonunda \u00fccretsiz olarak e\u011flenebilece\u011fi bir konseptte yap\u0131lan festivalde, Alanya Belediyesi\u2019nin kre\u015fleri ve \u00e7ocuk akademilerinde e\u011fitim g\u00f6ren minikler ile aileleri de yer ald\u0131. Ayr\u0131ca \u00fccretsiz patlam\u0131\u015f m\u0131s\u0131r ve limonata ikram\u0131yla a\u00e7\u0131k havada arkada\u015flar\u0131yla birlikte film izleyen gen\u00e7ler, e\u011flenceli ve unutulmaz bir ak\u015fam ge\u00e7irdi. \u00d6\u011frencilerden belediyeye te\u015fekk\u00fcr Festival sonunda konu\u015fan \u00f6\u011frenciler, b\u00f6ylesi samimi ve gen\u00e7 dostu etkinlikler d\u00fczenledi\u011fi i\u00e7in Alanya Belediyesi\u2019ne te\u015fekk\u00fcr ederek, gelecek y\u0131l be\u015fincisi yap\u0131lmas\u0131 planlanan festival i\u00e7in \u015fimdiden heyecanland\u0131klar\u0131n\u0131 ifade ettiler. \u00d6te yandan Alanya Belediyesi&#8217;nin, \u00fcniversite \u00f6\u011frencilerine y\u00f6nelik sosyal, k\u00fclt\u00fcrel ve sanatsal etkinliklerle gen\u00e7lere verdi\u011fi deste\u011fin s\u00fcrd\u00fcr\u00fclece\u011fi kaydedildi. Kaynak: www.kanalv.com.tr Haber Sitesinden Al\u0131nm\u0131\u015ft\u0131r.\" \/>\n<meta property=\"og:url\" content=\"http:\/\/denizcankizil.tr\/en\/haberler\/antalya\/acik-hava-sinema-festivali-sona-erdi\/\" \/>\n<meta property=\"og:site_name\" content=\"Av. Deniz Can K\u0131z\u0131l\" \/>\n<meta property=\"article:published_time\" content=\"2025-04-18T08:41:22+00:00\" \/>\n<meta property=\"og:image\" content=\"http:\/\/denizcankizil.tr\/wp-content\/uploads\/2025\/04\/5868-01-NfLjiI.jpg\" \/>\n\t<meta property=\"og:image:width\" content=\"1280\" \/>\n\t<meta property=\"og:image:height\" content=\"720\" \/>\n\t<meta property=\"og:image:type\" content=\"image\/jpeg\" \/>\n<meta name=\"author\" content=\"Av. Deniz Can K\u0131z\u0131l\" \/>\n<meta name=\"twitter:card\" content=\"summary_large_image\" \/>\n<meta name=\"twitter:label1\" content=\"Written by\" \/>\n\t<meta name=\"twitter:data1\" content=\"Av. Deniz Can K\u0131z\u0131l\" \/>\n\t<meta name=\"twitter:label2\" content=\"Estimated reading time\" \/>\n\t<meta name=\"twitter:data2\" content=\"1 minute\" \/>\n<script type=\"application\/ld+json\" class=\"yoast-schema-graph\">{\"@context\":\"https:\/\/schema.org\",\"@graph\":[{\"@type\":\"Article\",\"@id\":\"http:\/\/denizcankizil.tr\/en\/haberler\/antalya\/acik-hava-sinema-festivali-sona-erdi\/#article\",\"isPartOf\":{\"@id\":\"http:\/\/denizcankizil.tr\/en\/haberler\/antalya\/acik-hava-sinema-festivali-sona-erdi\/\"},\"author\":{\"name\":\"Av. Deniz Can K\u0131z\u0131l\",\"@id\":\"https:\/\/denizcankizil.tr\/de\/#\/schema\/person\/5dc1b22991bd7ac833867c10afc9b0ff\"},\"headline\":\"A\u00e7\u0131k hava sinema festivali sona erdi\",\"datePublished\":\"2025-04-18T08:41:22+00:00\",\"mainEntityOfPage\":{\"@id\":\"http:\/\/denizcankizil.tr\/en\/haberler\/antalya\/acik-hava-sinema-festivali-sona-erdi\/\"},\"wordCount\":245,\"publisher\":{\"@id\":\"https:\/\/denizcankizil.tr\/de\/#organization\"},\"image\":{\"@id\":\"http:\/\/denizcankizil.tr\/en\/haberler\/antalya\/acik-hava-sinema-festivali-sona-erdi\/#primaryimage\"},\"thumbnailUrl\":\"http:\/\/denizcankizil.tr\/wp-content\/uploads\/2025\/04\/5868-01-NfLjiI.jpg\",\"articleSection\":[\"Antalya\"],\"inLanguage\":\"en-GB\"},{\"@type\":\"WebPage\",\"@id\":\"http:\/\/denizcankizil.tr\/en\/haberler\/antalya\/acik-hava-sinema-festivali-sona-erdi\/\",\"url\":\"http:\/\/denizcankizil.tr\/en\/haberler\/antalya\/acik-hava-sinema-festivali-sona-erdi\/\",\"name\":\"A\u00e7\u0131k hava sinema festivali sona erdi - Av. Deniz Can K\u0131z\u0131l\",\"isPartOf\":{\"@id\":\"https:\/\/denizcankizil.tr\/de\/#website\"},\"primaryImageOfPage\":{\"@id\":\"http:\/\/denizcankizil.tr\/en\/haberler\/antalya\/acik-hava-sinema-festivali-sona-erdi\/#primaryimage\"},\"image\":{\"@id\":\"http:\/\/denizcankizil.tr\/en\/haberler\/antalya\/acik-hava-sinema-festivali-sona-erdi\/#primaryimage\"},\"thumbnailUrl\":\"http:\/\/denizcankizil.tr\/wp-content\/uploads\/2025\/04\/5868-01-NfLjiI.jpg\",\"datePublished\":\"2025-04-18T08:41:22+00:00\",\"breadcrumb\":{\"@id\":\"http:\/\/denizcankizil.tr\/en\/haberler\/antalya\/acik-hava-sinema-festivali-sona-erdi\/#breadcrumb\"},\"inLanguage\":\"en-GB\",\"potentialAction\":[{\"@type\":\"ReadAction\",\"target\":[\"http:\/\/denizcankizil.tr\/en\/haberler\/antalya\/acik-hava-sinema-festivali-sona-erdi\/\"]}]},{\"@type\":\"ImageObject\",\"inLanguage\":\"en-GB\",\"@id\":\"http:\/\/denizcankizil.tr\/en\/haberler\/antalya\/acik-hava-sinema-festivali-sona-erdi\/#primaryimage\",\"url\":\"http:\/\/denizcankizil.tr\/wp-content\/uploads\/2025\/04\/5868-01-NfLjiI.jpg\",\"contentUrl\":\"http:\/\/denizcankizil.tr\/wp-content\/uploads\/2025\/04\/5868-01-NfLjiI.jpg\",\"width\":1280,\"height\":720},{\"@type\":\"BreadcrumbList\",\"@id\":\"http:\/\/denizcankizil.tr\/en\/haberler\/antalya\/acik-hava-sinema-festivali-sona-erdi\/#breadcrumb\",\"itemListElement\":[{\"@type\":\"ListItem\",\"position\":1,\"name\":\"Home\",\"item\":\"https:\/\/denizcankizil.tr\/de\/\"},{\"@type\":\"ListItem\",\"position\":2,\"name\":\"A\u00e7\u0131k hava sinema festivali sona erdi\"}]},{\"@type\":\"WebSite\",\"@id\":\"https:\/\/denizcankizil.tr\/de\/#website\",\"url\":\"https:\/\/denizcankizil.tr\/de\/\",\"name\":\"Av. Deniz Can K\u0131z\u0131l\",\"description\":\"Avukat Deniz Can K\u0131z\u0131l Antalya Barosu\",\"publisher\":{\"@id\":\"https:\/\/denizcankizil.tr\/de\/#organization\"},\"potentialAction\":[{\"@type\":\"SearchAction\",\"target\":{\"@type\":\"EntryPoint\",\"urlTemplate\":\"https:\/\/denizcankizil.tr\/de\/?s={search_term_string}\"},\"query-input\":{\"@type\":\"PropertyValueSpecification\",\"valueRequired\":true,\"valueName\":\"search_term_string\"}}],\"inLanguage\":\"en-GB\"},{\"@type\":\"Organization\",\"@id\":\"https:\/\/denizcankizil.tr\/de\/#organization\",\"name\":\"Av. Deniz Can K\u0131z\u0131l\",\"url\":\"https:\/\/denizcankizil.tr\/de\/\",\"logo\":{\"@type\":\"ImageObject\",\"inLanguage\":\"en-GB\",\"@id\":\"https:\/\/denizcankizil.tr\/de\/#\/schema\/logo\/image\/\",\"url\":\"http:\/\/denizcankizil.tr\/wp-content\/uploads\/2024\/10\/siyah-logo-svg.svg\",\"contentUrl\":\"http:\/\/denizcankizil.tr\/wp-content\/uploads\/2024\/10\/siyah-logo-svg.svg\",\"width\":1080,\"height\":1080,\"caption\":\"Av. Deniz Can K\u0131z\u0131l\"},\"image\":{\"@id\":\"https:\/\/denizcankizil.tr\/de\/#\/schema\/logo\/image\/\"}},{\"@type\":\"Person\",\"@id\":\"https:\/\/denizcankizil.tr\/de\/#\/schema\/person\/5dc1b22991bd7ac833867c10afc9b0ff\",\"name\":\"Av. Deniz Can K\u0131z\u0131l\",\"image\":{\"@type\":\"ImageObject\",\"inLanguage\":\"en-GB\",\"@id\":\"https:\/\/denizcankizil.tr\/de\/#\/schema\/person\/image\/\",\"url\":\"https:\/\/secure.gravatar.com\/avatar\/a0b128fb9855c79efc976d5640eedb31dc35ec297594d6016d2cf7c60e975bb6?s=96&d=mm&r=g\",\"contentUrl\":\"https:\/\/secure.gravatar.com\/avatar\/a0b128fb9855c79efc976d5640eedb31dc35ec297594d6016d2cf7c60e975bb6?s=96&d=mm&r=g\",\"caption\":\"Av. Deniz Can K\u0131z\u0131l\"},\"sameAs\":[\"http:\/\/www.denizcankizil.tr\"],\"url\":\"http:\/\/denizcankizil.tr\/en\/author\/denizcankizil\/\"}]}<\/script>\n<!-- \/ Yoast SEO Premium plugin. -->","yoast_head_json":{"title":"A\u00e7\u0131k hava sinema festivali sona erdi - Av. Deniz Can K\u0131z\u0131l","robots":{"index":"index","follow":"follow","max-snippet":"max-snippet:-1","max-image-preview":"max-image-preview:large","max-video-preview":"max-video-preview:-1"},"canonical":"http:\/\/denizcankizil.tr\/en\/haberler\/antalya\/acik-hava-sinema-festivali-sona-erdi\/","og_locale":"en_GB","og_type":"article","og_title":"A\u00e7\u0131k hava sinema festivali sona erdi","og_description":"Alanya Belediyesi Gen\u00e7lik Hizmetleri Birimi taraf\u0131ndan organize edilen festival, Kestel Futbol Sahas\u0131\u2019nda ger\u00e7ekle\u015ftirildi. Alanya Alaaddin Keykubat \u00dcniversitesi ve Alanya \u00dcniversitesi \u00f6\u011frencileri i\u00e7in \u00f6zel olarak haz\u0131rlanan film se\u00e7kisi, sosyal medyadaki anketle gen\u00e7lerin tercihlerine g\u00f6re belirlendi. Festivalin ilk g\u00fcn\u00fcnde &#8220;Unutursam F\u0131s\u0131lda&#8221;, ikinci g\u00fcn\u00fcnde &#8220;3 Idiots&#8221; filmi sinemaseverlerle bulu\u015ftu. Finalde ise her ya\u015ftan izleyicinin be\u011fenisini kazanan animasyon klasi\u011fi &#8220;Buz Devri&#8221; g\u00f6sterildi. Kre\u015f \u00f6\u011frencileri festivalde yer ald\u0131 \u00d6\u011frencilerin sosyal ya\u015famlar\u0131na renk katabilecekleri ve yorucu ders maratonunda \u00fccretsiz olarak e\u011flenebilece\u011fi bir konseptte yap\u0131lan festivalde, Alanya Belediyesi\u2019nin kre\u015fleri ve \u00e7ocuk akademilerinde e\u011fitim g\u00f6ren minikler ile aileleri de yer ald\u0131. Ayr\u0131ca \u00fccretsiz patlam\u0131\u015f m\u0131s\u0131r ve limonata ikram\u0131yla a\u00e7\u0131k havada arkada\u015flar\u0131yla birlikte film izleyen gen\u00e7ler, e\u011flenceli ve unutulmaz bir ak\u015fam ge\u00e7irdi. \u00d6\u011frencilerden belediyeye te\u015fekk\u00fcr Festival sonunda konu\u015fan \u00f6\u011frenciler, b\u00f6ylesi samimi ve gen\u00e7 dostu etkinlikler d\u00fczenledi\u011fi i\u00e7in Alanya Belediyesi\u2019ne te\u015fekk\u00fcr ederek, gelecek y\u0131l be\u015fincisi yap\u0131lmas\u0131 planlanan festival i\u00e7in \u015fimdiden heyecanland\u0131klar\u0131n\u0131 ifade ettiler. \u00d6te yandan Alanya Belediyesi&#8217;nin, \u00fcniversite \u00f6\u011frencilerine y\u00f6nelik sosyal, k\u00fclt\u00fcrel ve sanatsal etkinliklerle gen\u00e7lere verdi\u011fi deste\u011fin s\u00fcrd\u00fcr\u00fclece\u011fi kaydedildi. Kaynak: www.kanalv.com.tr Haber Sitesinden Al\u0131nm\u0131\u015ft\u0131r.","og_url":"http:\/\/denizcankizil.tr\/en\/haberler\/antalya\/acik-hava-sinema-festivali-sona-erdi\/","og_site_name":"Av. Deniz Can K\u0131z\u0131l","article_published_time":"2025-04-18T08:41:22+00:00","og_image":[{"width":1280,"height":720,"url":"http:\/\/denizcankizil.tr\/wp-content\/uploads\/2025\/04\/5868-01-NfLjiI.jpg","type":"image\/jpeg"}],"author":"Av. Deniz Can K\u0131z\u0131l","twitter_card":"summary_large_image","twitter_misc":{"Written by":"Av. Deniz Can K\u0131z\u0131l","Estimated reading time":"1 minute"},"schema":{"@context":"https:\/\/schema.org","@graph":[{"@type":"Article","@id":"http:\/\/denizcankizil.tr\/en\/haberler\/antalya\/acik-hava-sinema-festivali-sona-erdi\/#article","isPartOf":{"@id":"http:\/\/denizcankizil.tr\/en\/haberler\/antalya\/acik-hava-sinema-festivali-sona-erdi\/"},"author":{"name":"Av. Deniz Can K\u0131z\u0131l","@id":"https:\/\/denizcankizil.tr\/de\/#\/schema\/person\/5dc1b22991bd7ac833867c10afc9b0ff"},"headline":"A\u00e7\u0131k hava sinema festivali sona erdi","datePublished":"2025-04-18T08:41:22+00:00","mainEntityOfPage":{"@id":"http:\/\/denizcankizil.tr\/en\/haberler\/antalya\/acik-hava-sinema-festivali-sona-erdi\/"},"wordCount":245,"publisher":{"@id":"https:\/\/denizcankizil.tr\/de\/#organization"},"image":{"@id":"http:\/\/denizcankizil.tr\/en\/haberler\/antalya\/acik-hava-sinema-festivali-sona-erdi\/#primaryimage"},"thumbnailUrl":"http:\/\/denizcankizil.tr\/wp-content\/uploads\/2025\/04\/5868-01-NfLjiI.jpg","articleSection":["Antalya"],"inLanguage":"en-GB"},{"@type":"WebPage","@id":"http:\/\/denizcankizil.tr\/en\/haberler\/antalya\/acik-hava-sinema-festivali-sona-erdi\/","url":"http:\/\/denizcankizil.tr\/en\/haberler\/antalya\/acik-hava-sinema-festivali-sona-erdi\/","name":"A\u00e7\u0131k hava sinema festivali sona erdi - Av. Deniz Can K\u0131z\u0131l","isPartOf":{"@id":"https:\/\/denizcankizil.tr\/de\/#website"},"primaryImageOfPage":{"@id":"http:\/\/denizcankizil.tr\/en\/haberler\/antalya\/acik-hava-sinema-festivali-sona-erdi\/#primaryimage"},"image":{"@id":"http:\/\/denizcankizil.tr\/en\/haberler\/antalya\/acik-hava-sinema-festivali-sona-erdi\/#primaryimage"},"thumbnailUrl":"http:\/\/denizcankizil.tr\/wp-content\/uploads\/2025\/04\/5868-01-NfLjiI.jpg","datePublished":"2025-04-18T08:41:22+00:00","breadcrumb":{"@id":"http:\/\/denizcankizil.tr\/en\/haberler\/antalya\/acik-hava-sinema-festivali-sona-erdi\/#breadcrumb"},"inLanguage":"en-GB","potentialAction":[{"@type":"ReadAction","target":["http:\/\/denizcankizil.tr\/en\/haberler\/antalya\/acik-hava-sinema-festivali-sona-erdi\/"]}]},{"@type":"ImageObject","inLanguage":"en-GB","@id":"http:\/\/denizcankizil.tr\/en\/haberler\/antalya\/acik-hava-sinema-festivali-sona-erdi\/#primaryimage","url":"http:\/\/denizcankizil.tr\/wp-content\/uploads\/2025\/04\/5868-01-NfLjiI.jpg","contentUrl":"http:\/\/denizcankizil.tr\/wp-content\/uploads\/2025\/04\/5868-01-NfLjiI.jpg","width":1280,"height":720},{"@type":"BreadcrumbList","@id":"http:\/\/denizcankizil.tr\/en\/haberler\/antalya\/acik-hava-sinema-festivali-sona-erdi\/#breadcrumb","itemListElement":[{"@type":"ListItem","position":1,"name":"Home","item":"https:\/\/denizcankizil.tr\/de\/"},{"@type":"ListItem","position":2,"name":"A\u00e7\u0131k hava sinema festivali sona erdi"}]},{"@type":"WebSite","@id":"https:\/\/denizcankizil.tr\/de\/#website","url":"https:\/\/denizcankizil.tr\/de\/","name":"Av. Deniz Can K\u0131z\u0131l","description":"Avukat Deniz Can K\u0131z\u0131l Antalya Barosu","publisher":{"@id":"https:\/\/denizcankizil.tr\/de\/#organization"},"potentialAction":[{"@type":"SearchAction","target":{"@type":"EntryPoint","urlTemplate":"https:\/\/denizcankizil.tr\/de\/?s={search_term_string}"},"query-input":{"@type":"PropertyValueSpecification","valueRequired":true,"valueName":"search_term_string"}}],"inLanguage":"en-GB"},{"@type":"Organization","@id":"https:\/\/denizcankizil.tr\/de\/#organization","name":"Av. Deniz Can K\u0131z\u0131l","url":"https:\/\/denizcankizil.tr\/de\/","logo":{"@type":"ImageObject","inLanguage":"en-GB","@id":"https:\/\/denizcankizil.tr\/de\/#\/schema\/logo\/image\/","url":"http:\/\/denizcankizil.tr\/wp-content\/uploads\/2024\/10\/siyah-logo-svg.svg","contentUrl":"http:\/\/denizcankizil.tr\/wp-content\/uploads\/2024\/10\/siyah-logo-svg.svg","width":1080,"height":1080,"caption":"Av. Deniz Can K\u0131z\u0131l"},"image":{"@id":"https:\/\/denizcankizil.tr\/de\/#\/schema\/logo\/image\/"}},{"@type":"Person","@id":"https:\/\/denizcankizil.tr\/de\/#\/schema\/person\/5dc1b22991bd7ac833867c10afc9b0ff","name":"Av. Deniz Can K\u0131z\u0131l","image":{"@type":"ImageObject","inLanguage":"en-GB","@id":"https:\/\/denizcankizil.tr\/de\/#\/schema\/person\/image\/","url":"https:\/\/secure.gravatar.com\/avatar\/a0b128fb9855c79efc976d5640eedb31dc35ec297594d6016d2cf7c60e975bb6?s=96&d=mm&r=g","contentUrl":"https:\/\/secure.gravatar.com\/avatar\/a0b128fb9855c79efc976d5640eedb31dc35ec297594d6016d2cf7c60e975bb6?s=96&d=mm&r=g","caption":"Av. Deniz Can K\u0131z\u0131l"},"sameAs":["http:\/\/www.denizcankizil.tr"],"url":"http:\/\/denizcankizil.tr\/en\/author\/denizcankizil\/"}]}},"_links":{"self":[{"href":"http:\/\/denizcankizil.tr\/en\/wp-json\/wp\/v2\/posts\/59204","targetHints":{"allow":["GET"]}}],"collection":[{"href":"http:\/\/denizcankizil.tr\/en\/wp-json\/wp\/v2\/posts"}],"about":[{"href":"http:\/\/denizcankizil.tr\/en\/wp-json\/wp\/v2\/types\/post"}],"author":[{"embeddable":true,"href":"http:\/\/denizcankizil.tr\/en\/wp-json\/wp\/v2\/users\/4"}],"replies":[{"embeddable":true,"href":"http:\/\/denizcankizil.tr\/en\/wp-json\/wp\/v2\/comments?post=59204"}],"version-history":[{"count":0,"href":"http:\/\/denizcankizil.tr\/en\/wp-json\/wp\/v2\/posts\/59204\/revisions"}],"wp:featuredmedia":[{"embeddable":true,"href":"http:\/\/denizcankizil.tr\/en\/wp-json\/wp\/v2\/media\/59205"}],"wp:attachment":[{"href":"http:\/\/denizcankizil.tr\/en\/wp-json\/wp\/v2\/media?parent=59204"}],"wp:term":[{"taxonomy":"category","embeddable":true,"href":"http:\/\/denizcankizil.tr\/en\/wp-json\/wp\/v2\/categories?post=59204"},{"taxonomy":"post_tag","embeddable":true,"href":"http:\/\/denizcankizil.tr\/en\/wp-json\/wp\/v2\/tags?post=59204"}],"curies":[{"name":"wp","href":"https:\/\/api.w.org\/{rel}","templated":true}]}}