{"id":58299,"date":"2025-04-17T09:42:10","date_gmt":"2025-04-17T06:42:10","guid":{"rendered":"https:\/\/denizcankizil.tr\/uncategorized-tr\/antalyada-danisma-kurulu-toplantisi-gerceklestirildi\/"},"modified":"2025-04-17T09:42:10","modified_gmt":"2025-04-17T06:42:10","slug":"antalyada-danisma-kurulu-toplantisi-gerceklestirildi","status":"publish","type":"post","link":"http:\/\/denizcankizil.tr\/en\/haberler\/gundem\/antalyada-danisma-kurulu-toplantisi-gerceklestirildi\/","title":{"rendered":"Antalya&#8217;da Dan\u0131\u015fma Kurulu toplant\u0131s\u0131 ger\u00e7ekle\u015ftirildi"},"content":{"rendered":"<p>Antalya B\u00fcy\u00fck\u015fehir Belediyesi taraf\u0131ndan 9-11 May\u0131s tarihleri aras\u0131ndan bu y\u0131l 4.\u2019s\u00fc d\u00fczenlenecek olan Uluslararas\u0131 Gastronomi Festivali FoodFest Antalya \u00f6ncesi dan\u0131\u015fma kurulu toplant\u0131s\u0131 yap\u0131ld\u0131.ANTALYA (\u0130GFA) &#8211;\u00a09-11 May\u0131s tarihleri aras\u0131nda bu y\u0131l 4.\u2019s\u00fc d\u00fczenlenecek olan Uluslararas\u0131 Gastronomi Festivali FoodFest Antalya i\u00e7in haz\u0131rl\u0131klar s\u00fcr\u00fcyor. Antalya B\u00fcy\u00fck\u015fehir Belediye Ba\u015fkan\u0131 Muhittin B\u00f6cek, ba\u015fkanl\u0131\u011f\u0131nda ger\u00e7ekle\u015fen Dan\u0131\u015fma Kurulu Toplant\u0131s\u0131nda, festival organizat\u00f6r\u00fc G\u00f6kmen S\u00f6zen, B\u00fcy\u00fck\u015fehir Belediyesi Genel Sekreteri ve Festival \u0130dari Direkt\u00f6r\u00fc Cansel Tuncer ile Dan\u0131\u015fma Kurulunda yer alan kurum, kurulu\u015f y\u00f6neticileri ile STK ve sekt\u00f6r temsilcileri haz\u0131rl\u0131klar\u0131 ele al\u0131nd\u0131.<br \/>\nYO\u011eUN B\u0130R PROGRAM OLACAK<br \/>\n9-11 May\u0131s 2025 tarihleri\u00a0aras\u0131nda Karaalio\u011flu Park\u0131\u2019nda d\u00fczenlenecek olan\u00a0Fast Food Antalya, her y\u0131l oldu\u011fu gibi bu y\u0131l da d\u00fcnya \u00e7ap\u0131nda tan\u0131nan y\u0131ld\u0131z \u015fefleri\u00a0Antalya\u2019da a\u011f\u0131rlayacak.\u00a04.\u00a0Uluslararas\u0131 Gastronomi Festivali\u00a0kapsam\u0131nda s\u00f6yle\u015filer, paneller, work shoplar ger\u00e7ekle\u015ftirilecek. Ba\u015fkan Muhittin B\u00f6cek, festivalin her ge\u00e7en y\u0131l daha da geli\u015fti\u011fini belirterek, \u201cBu y\u0131l da Antalya\u2019m\u0131z\u0131n tarladan sofraya zengin gastronomi k\u00fclt\u00fcr\u00fcn\u00fc ve \u00fcr\u00fcn \u00e7e\u015fitlili\u011fini tan\u0131tmak i\u00e7in zengin bir program i\u00e7eri\u011fi haz\u0131rlad\u0131k\u201d dedi.<\/p>\n<p>\u200bAntalya B\u00fcy\u00fck\u015fehir Belediyesi taraf\u0131ndan 9-11 May\u0131s tarihleri aras\u0131ndan bu y\u0131l 4.\u2019s\u00fc d\u00fczenlenecek olan Uluslararas\u0131 Gastronomi Festivali FoodFest Antalya \u00f6ncesi dan\u0131\u015fma kurulu toplant\u0131s\u0131 yap\u0131ld\u0131.ANTALYA (\u0130GFA) &#8211;\u00a09-11 May\u0131s tarihleri aras\u0131nda bu y\u0131l 4.\u2019s\u00fc d\u00fczenlenecek olan Uluslararas\u0131 Gastronomi Festivali FoodFest Antalya i\u00e7in haz\u0131rl\u0131klar s\u00fcr\u00fcyor. Antalya B\u00fcy\u00fck\u015fehir Belediye Ba\u015fkan\u0131 Muhittin B\u00f6cek, ba\u015fkanl\u0131\u011f\u0131nda ger\u00e7ekle\u015fen Dan\u0131\u015fma Kurulu Toplant\u0131s\u0131nda, festival organizat\u00f6r\u00fc G\u00f6kmen S\u00f6zen, B\u00fcy\u00fck\u015fehir Belediyesi Genel Sekreteri ve Festival \u0130dari Direkt\u00f6r\u00fc Cansel Tuncer ile Dan\u0131\u015fma Kurulunda yer alan kurum, kurulu\u015f y\u00f6neticileri ile STK ve sekt\u00f6r temsilcileri haz\u0131rl\u0131klar\u0131 ele al\u0131nd\u0131.<br \/>\nYO\u011eUN B\u0130R PROGRAM OLACAK<br \/>\n9-11 May\u0131s 2025 tarihleri\u00a0aras\u0131nda Karaalio\u011flu Park\u0131\u2019nda d\u00fczenlenecek olan\u00a0Fast Food Antalya, her y\u0131l oldu\u011fu gibi bu y\u0131l da d\u00fcnya \u00e7ap\u0131nda tan\u0131nan y\u0131ld\u0131z \u015fefleri\u00a0Antalya\u2019da a\u011f\u0131rlayacak.\u00a04.\u00a0Uluslararas\u0131 Gastronomi Festivali\u00a0kapsam\u0131nda s\u00f6yle\u015filer, paneller, work shoplar ger\u00e7ekle\u015ftirilecek. Ba\u015fkan Muhittin B\u00f6cek, festivalin her ge\u00e7en y\u0131l daha da geli\u015fti\u011fini belirterek, \u201cBu y\u0131l da Antalya\u2019m\u0131z\u0131n tarladan sofraya zengin gastronomi k\u00fclt\u00fcr\u00fcn\u00fc ve \u00fcr\u00fcn \u00e7e\u015fitlili\u011fini tan\u0131tmak i\u00e7in zengin bir program i\u00e7eri\u011fi haz\u0131rlad\u0131k\u201d dedi.\u00a0<\/p>\n<p>\u200bHaberin Al\u0131nt\u0131land\u0131\u011f\u0131 Kaynak: www.iskenderun.org<\/p>","protected":false},"excerpt":{"rendered":"<p>Antalya B\u00fcy\u00fck\u015fehir Belediyesi taraf\u0131ndan 9-11 May\u0131s tarihleri aras\u0131ndan bu y\u0131l 4.\u2019s\u00fc d\u00fczenlenecek olan Uluslararas\u0131 Gastronomi Festivali FoodFest Antalya \u00f6ncesi dan\u0131\u015fma kurulu toplant\u0131s\u0131 yap\u0131ld\u0131.ANTALYA (\u0130GFA) &#8211;\u00a09-11 May\u0131s tarihleri aras\u0131nda bu y\u0131l 4.\u2019s\u00fc d\u00fczenlenecek olan Uluslararas\u0131 Gastronomi Festivali FoodFest Antalya i\u00e7in haz\u0131rl\u0131klar s\u00fcr\u00fcyor. Antalya B\u00fcy\u00fck\u015fehir Belediye Ba\u015fkan\u0131 Muhittin B\u00f6cek, ba\u015fkanl\u0131\u011f\u0131nda ger\u00e7ekle\u015fen Dan\u0131\u015fma Kurulu Toplant\u0131s\u0131nda, festival organizat\u00f6r\u00fc G\u00f6kmen S\u00f6zen, B\u00fcy\u00fck\u015fehir Belediyesi Genel Sekreteri ve Festival \u0130dari Direkt\u00f6r\u00fc Cansel Tuncer ile Dan\u0131\u015fma Kurulunda yer alan kurum, kurulu\u015f y\u00f6neticileri ile STK ve sekt\u00f6r temsilcileri haz\u0131rl\u0131klar\u0131 ele al\u0131nd\u0131. YO\u011eUN B\u0130R PROGRAM OLACAK 9-11 May\u0131s 2025 tarihleri\u00a0aras\u0131nda Karaalio\u011flu Park\u0131\u2019nda d\u00fczenlenecek olan\u00a0Fast Food Antalya, her y\u0131l oldu\u011fu gibi bu y\u0131l da d\u00fcnya \u00e7ap\u0131nda tan\u0131nan y\u0131ld\u0131z \u015fefleri\u00a0Antalya\u2019da a\u011f\u0131rlayacak.\u00a04.\u00a0Uluslararas\u0131 Gastronomi Festivali\u00a0kapsam\u0131nda s\u00f6yle\u015filer, paneller, work shoplar ger\u00e7ekle\u015ftirilecek. Ba\u015fkan Muhittin B\u00f6cek, festivalin her ge\u00e7en y\u0131l daha da geli\u015fti\u011fini belirterek, \u201cBu y\u0131l da Antalya\u2019m\u0131z\u0131n tarladan sofraya zengin gastronomi k\u00fclt\u00fcr\u00fcn\u00fc ve \u00fcr\u00fcn \u00e7e\u015fitlili\u011fini tan\u0131tmak i\u00e7in zengin bir program i\u00e7eri\u011fi haz\u0131rlad\u0131k\u201d dedi. \u200bAntalya B\u00fcy\u00fck\u015fehir Belediyesi taraf\u0131ndan 9-11 May\u0131s tarihleri aras\u0131ndan bu y\u0131l 4.\u2019s\u00fc d\u00fczenlenecek olan Uluslararas\u0131 Gastronomi Festivali FoodFest Antalya \u00f6ncesi dan\u0131\u015fma kurulu toplant\u0131s\u0131 yap\u0131ld\u0131.ANTALYA (\u0130GFA) &#8211;\u00a09-11 May\u0131s tarihleri aras\u0131nda bu y\u0131l 4.\u2019s\u00fc d\u00fczenlenecek olan Uluslararas\u0131 Gastronomi Festivali FoodFest Antalya i\u00e7in haz\u0131rl\u0131klar s\u00fcr\u00fcyor. Antalya B\u00fcy\u00fck\u015fehir Belediye Ba\u015fkan\u0131 Muhittin B\u00f6cek, ba\u015fkanl\u0131\u011f\u0131nda ger\u00e7ekle\u015fen Dan\u0131\u015fma Kurulu Toplant\u0131s\u0131nda, festival &hellip;<\/p>","protected":false},"author":1,"featured_media":0,"comment_status":"","ping_status":"open","sticky":false,"template":"","format":"standard","meta":{"_acf_changed":false,"footnotes":""},"categories":[24],"tags":[],"class_list":["post-58299","post","type-post","status-publish","format-standard","has-post-thumbnail","hentry","category-gundem"],"acf":[],"yoast_head":"<!-- This site is optimized with the Yoast SEO Premium plugin v26.6 (Yoast SEO v27.1.1) - https:\/\/yoast.com\/product\/yoast-seo-premium-wordpress\/ -->\n<title>Antalya&#039;da Dan\u0131\u015fma Kurulu toplant\u0131s\u0131 ger\u00e7ekle\u015ftirildi - Av. Deniz Can K\u0131z\u0131l<\/title>\n<meta name=\"robots\" content=\"index, follow, max-snippet:-1, max-image-preview:large, max-video-preview:-1\" \/>\n<link rel=\"canonical\" href=\"http:\/\/denizcankizil.tr\/en\/haberler\/gundem\/antalyada-danisma-kurulu-toplantisi-gerceklestirildi\/\" \/>\n<meta property=\"og:locale\" content=\"en_GB\" \/>\n<meta property=\"og:type\" content=\"article\" \/>\n<meta property=\"og:title\" content=\"Antalya&#039;da Dan\u0131\u015fma Kurulu toplant\u0131s\u0131 ger\u00e7ekle\u015ftirildi\" \/>\n<meta property=\"og:description\" content=\"Antalya B\u00fcy\u00fck\u015fehir Belediyesi taraf\u0131ndan 9-11 May\u0131s tarihleri aras\u0131ndan bu y\u0131l 4.\u2019s\u00fc d\u00fczenlenecek olan Uluslararas\u0131 Gastronomi Festivali FoodFest Antalya \u00f6ncesi dan\u0131\u015fma kurulu toplant\u0131s\u0131 yap\u0131ld\u0131.ANTALYA (\u0130GFA) &#8211;\u00a09-11 May\u0131s tarihleri aras\u0131nda bu y\u0131l 4.\u2019s\u00fc d\u00fczenlenecek olan Uluslararas\u0131 Gastronomi Festivali FoodFest Antalya i\u00e7in haz\u0131rl\u0131klar s\u00fcr\u00fcyor. Antalya B\u00fcy\u00fck\u015fehir Belediye Ba\u015fkan\u0131 Muhittin B\u00f6cek, ba\u015fkanl\u0131\u011f\u0131nda ger\u00e7ekle\u015fen Dan\u0131\u015fma Kurulu Toplant\u0131s\u0131nda, festival organizat\u00f6r\u00fc G\u00f6kmen S\u00f6zen, B\u00fcy\u00fck\u015fehir Belediyesi Genel Sekreteri ve Festival \u0130dari Direkt\u00f6r\u00fc Cansel Tuncer ile Dan\u0131\u015fma Kurulunda yer alan kurum, kurulu\u015f y\u00f6neticileri ile STK ve sekt\u00f6r temsilcileri haz\u0131rl\u0131klar\u0131 ele al\u0131nd\u0131. YO\u011eUN B\u0130R PROGRAM OLACAK 9-11 May\u0131s 2025 tarihleri\u00a0aras\u0131nda Karaalio\u011flu Park\u0131\u2019nda d\u00fczenlenecek olan\u00a0Fast Food Antalya, her y\u0131l oldu\u011fu gibi bu y\u0131l da d\u00fcnya \u00e7ap\u0131nda tan\u0131nan y\u0131ld\u0131z \u015fefleri\u00a0Antalya\u2019da a\u011f\u0131rlayacak.\u00a04.\u00a0Uluslararas\u0131 Gastronomi Festivali\u00a0kapsam\u0131nda s\u00f6yle\u015filer, paneller, work shoplar ger\u00e7ekle\u015ftirilecek. Ba\u015fkan Muhittin B\u00f6cek, festivalin her ge\u00e7en y\u0131l daha da geli\u015fti\u011fini belirterek, \u201cBu y\u0131l da Antalya\u2019m\u0131z\u0131n tarladan sofraya zengin gastronomi k\u00fclt\u00fcr\u00fcn\u00fc ve \u00fcr\u00fcn \u00e7e\u015fitlili\u011fini tan\u0131tmak i\u00e7in zengin bir program i\u00e7eri\u011fi haz\u0131rlad\u0131k\u201d dedi. \u200bAntalya B\u00fcy\u00fck\u015fehir Belediyesi taraf\u0131ndan 9-11 May\u0131s tarihleri aras\u0131ndan bu y\u0131l 4.\u2019s\u00fc d\u00fczenlenecek olan Uluslararas\u0131 Gastronomi Festivali FoodFest Antalya \u00f6ncesi dan\u0131\u015fma kurulu toplant\u0131s\u0131 yap\u0131ld\u0131.ANTALYA (\u0130GFA) &#8211;\u00a09-11 May\u0131s tarihleri aras\u0131nda bu y\u0131l 4.\u2019s\u00fc d\u00fczenlenecek olan Uluslararas\u0131 Gastronomi Festivali FoodFest Antalya i\u00e7in haz\u0131rl\u0131klar s\u00fcr\u00fcyor. Antalya B\u00fcy\u00fck\u015fehir Belediye Ba\u015fkan\u0131 Muhittin B\u00f6cek, ba\u015fkanl\u0131\u011f\u0131nda ger\u00e7ekle\u015fen Dan\u0131\u015fma Kurulu Toplant\u0131s\u0131nda, festival &hellip;\" \/>\n<meta property=\"og:url\" content=\"http:\/\/denizcankizil.tr\/en\/haberler\/gundem\/antalyada-danisma-kurulu-toplantisi-gerceklestirildi\/\" \/>\n<meta property=\"og:site_name\" content=\"Av. Deniz Can K\u0131z\u0131l\" \/>\n<meta property=\"article:published_time\" content=\"2025-04-17T06:42:10+00:00\" \/>\n<meta name=\"author\" content=\"admin\" \/>\n<meta name=\"twitter:card\" content=\"summary_large_image\" \/>\n<meta name=\"twitter:label1\" content=\"Written by\" \/>\n\t<meta name=\"twitter:data1\" content=\"admin\" \/>\n\t<meta name=\"twitter:label2\" content=\"Estimated reading time\" \/>\n\t<meta name=\"twitter:data2\" content=\"2 minutes\" \/>\n<script type=\"application\/ld+json\" class=\"yoast-schema-graph\">{\"@context\":\"https:\/\/schema.org\",\"@graph\":[{\"@type\":\"Article\",\"@id\":\"http:\/\/denizcankizil.tr\/ru\/haberler\/gundem\/antalyada-danisma-kurulu-toplantisi-gerceklestirildi\/#article\",\"isPartOf\":{\"@id\":\"http:\/\/denizcankizil.tr\/ru\/haberler\/gundem\/antalyada-danisma-kurulu-toplantisi-gerceklestirildi\/\"},\"author\":{\"name\":\"admin\",\"@id\":\"https:\/\/denizcankizil.tr\/de\/#\/schema\/person\/be3c05fe6a12686905512445d8185489\"},\"headline\":\"Antalya&#8217;da Dan\u0131\u015fma Kurulu toplant\u0131s\u0131 ger\u00e7ekle\u015ftirildi\",\"datePublished\":\"2025-04-17T06:42:10+00:00\",\"mainEntityOfPage\":{\"@id\":\"http:\/\/denizcankizil.tr\/ru\/haberler\/gundem\/antalyada-danisma-kurulu-toplantisi-gerceklestirildi\/\"},\"wordCount\":502,\"publisher\":{\"@id\":\"https:\/\/denizcankizil.tr\/de\/#organization\"},\"articleSection\":[\"G\u00fcndem\"],\"inLanguage\":\"en-GB\"},{\"@type\":\"WebPage\",\"@id\":\"http:\/\/denizcankizil.tr\/ru\/haberler\/gundem\/antalyada-danisma-kurulu-toplantisi-gerceklestirildi\/\",\"url\":\"http:\/\/denizcankizil.tr\/ru\/haberler\/gundem\/antalyada-danisma-kurulu-toplantisi-gerceklestirildi\/\",\"name\":\"Antalya'da Dan\u0131\u015fma Kurulu toplant\u0131s\u0131 ger\u00e7ekle\u015ftirildi - Av. Deniz Can K\u0131z\u0131l\",\"isPartOf\":{\"@id\":\"https:\/\/denizcankizil.tr\/de\/#website\"},\"datePublished\":\"2025-04-17T06:42:10+00:00\",\"breadcrumb\":{\"@id\":\"http:\/\/denizcankizil.tr\/ru\/haberler\/gundem\/antalyada-danisma-kurulu-toplantisi-gerceklestirildi\/#breadcrumb\"},\"inLanguage\":\"en-GB\",\"potentialAction\":[{\"@type\":\"ReadAction\",\"target\":[\"http:\/\/denizcankizil.tr\/ru\/haberler\/gundem\/antalyada-danisma-kurulu-toplantisi-gerceklestirildi\/\"]}]},{\"@type\":\"BreadcrumbList\",\"@id\":\"http:\/\/denizcankizil.tr\/ru\/haberler\/gundem\/antalyada-danisma-kurulu-toplantisi-gerceklestirildi\/#breadcrumb\",\"itemListElement\":[{\"@type\":\"ListItem\",\"position\":1,\"name\":\"Home\",\"item\":\"https:\/\/denizcankizil.tr\/de\/\"},{\"@type\":\"ListItem\",\"position\":2,\"name\":\"Antalya&#8217;da Dan\u0131\u015fma Kurulu toplant\u0131s\u0131 ger\u00e7ekle\u015ftirildi\"}]},{\"@type\":\"WebSite\",\"@id\":\"https:\/\/denizcankizil.tr\/de\/#website\",\"url\":\"https:\/\/denizcankizil.tr\/de\/\",\"name\":\"Av. Deniz Can K\u0131z\u0131l\",\"description\":\"Avukat Deniz Can K\u0131z\u0131l Antalya Barosu\",\"publisher\":{\"@id\":\"https:\/\/denizcankizil.tr\/de\/#organization\"},\"potentialAction\":[{\"@type\":\"SearchAction\",\"target\":{\"@type\":\"EntryPoint\",\"urlTemplate\":\"https:\/\/denizcankizil.tr\/de\/?s={search_term_string}\"},\"query-input\":{\"@type\":\"PropertyValueSpecification\",\"valueRequired\":true,\"valueName\":\"search_term_string\"}}],\"inLanguage\":\"en-GB\"},{\"@type\":\"Organization\",\"@id\":\"https:\/\/denizcankizil.tr\/de\/#organization\",\"name\":\"Av. Deniz Can K\u0131z\u0131l\",\"url\":\"https:\/\/denizcankizil.tr\/de\/\",\"logo\":{\"@type\":\"ImageObject\",\"inLanguage\":\"en-GB\",\"@id\":\"https:\/\/denizcankizil.tr\/de\/#\/schema\/logo\/image\/\",\"url\":\"http:\/\/denizcankizil.tr\/wp-content\/uploads\/2024\/10\/siyah-logo-svg.svg\",\"contentUrl\":\"http:\/\/denizcankizil.tr\/wp-content\/uploads\/2024\/10\/siyah-logo-svg.svg\",\"width\":1080,\"height\":1080,\"caption\":\"Av. Deniz Can K\u0131z\u0131l\"},\"image\":{\"@id\":\"https:\/\/denizcankizil.tr\/de\/#\/schema\/logo\/image\/\"}},{\"@type\":\"Person\",\"@id\":\"https:\/\/denizcankizil.tr\/de\/#\/schema\/person\/be3c05fe6a12686905512445d8185489\",\"name\":\"admin\",\"image\":{\"@type\":\"ImageObject\",\"inLanguage\":\"en-GB\",\"@id\":\"https:\/\/denizcankizil.tr\/de\/#\/schema\/person\/image\/\",\"url\":\"https:\/\/secure.gravatar.com\/avatar\/c1fce94c830dc79107e174f890d7210541c4a63e8e5d816341794a2151c9d58c?s=96&d=mm&r=g\",\"contentUrl\":\"https:\/\/secure.gravatar.com\/avatar\/c1fce94c830dc79107e174f890d7210541c4a63e8e5d816341794a2151c9d58c?s=96&d=mm&r=g\",\"caption\":\"admin\"},\"sameAs\":[\"http:\/\/denizcankizil.tr\"],\"url\":\"https:\/\/www.iskenderun.org\/antalyada-danisma-kurulu-toplantisi-gerceklestirildi\"}]}<\/script>\n<!-- \/ Yoast SEO Premium plugin. -->","yoast_head_json":{"title":"Antalya'da Dan\u0131\u015fma Kurulu toplant\u0131s\u0131 ger\u00e7ekle\u015ftirildi - Av. Deniz Can K\u0131z\u0131l","robots":{"index":"index","follow":"follow","max-snippet":"max-snippet:-1","max-image-preview":"max-image-preview:large","max-video-preview":"max-video-preview:-1"},"canonical":"http:\/\/denizcankizil.tr\/en\/haberler\/gundem\/antalyada-danisma-kurulu-toplantisi-gerceklestirildi\/","og_locale":"en_GB","og_type":"article","og_title":"Antalya'da Dan\u0131\u015fma Kurulu toplant\u0131s\u0131 ger\u00e7ekle\u015ftirildi","og_description":"Antalya B\u00fcy\u00fck\u015fehir Belediyesi taraf\u0131ndan 9-11 May\u0131s tarihleri aras\u0131ndan bu y\u0131l 4.\u2019s\u00fc d\u00fczenlenecek olan Uluslararas\u0131 Gastronomi Festivali FoodFest Antalya \u00f6ncesi dan\u0131\u015fma kurulu toplant\u0131s\u0131 yap\u0131ld\u0131.ANTALYA (\u0130GFA) &#8211;\u00a09-11 May\u0131s tarihleri aras\u0131nda bu y\u0131l 4.\u2019s\u00fc d\u00fczenlenecek olan Uluslararas\u0131 Gastronomi Festivali FoodFest Antalya i\u00e7in haz\u0131rl\u0131klar s\u00fcr\u00fcyor. Antalya B\u00fcy\u00fck\u015fehir Belediye Ba\u015fkan\u0131 Muhittin B\u00f6cek, ba\u015fkanl\u0131\u011f\u0131nda ger\u00e7ekle\u015fen Dan\u0131\u015fma Kurulu Toplant\u0131s\u0131nda, festival organizat\u00f6r\u00fc G\u00f6kmen S\u00f6zen, B\u00fcy\u00fck\u015fehir Belediyesi Genel Sekreteri ve Festival \u0130dari Direkt\u00f6r\u00fc Cansel Tuncer ile Dan\u0131\u015fma Kurulunda yer alan kurum, kurulu\u015f y\u00f6neticileri ile STK ve sekt\u00f6r temsilcileri haz\u0131rl\u0131klar\u0131 ele al\u0131nd\u0131. YO\u011eUN B\u0130R PROGRAM OLACAK 9-11 May\u0131s 2025 tarihleri\u00a0aras\u0131nda Karaalio\u011flu Park\u0131\u2019nda d\u00fczenlenecek olan\u00a0Fast Food Antalya, her y\u0131l oldu\u011fu gibi bu y\u0131l da d\u00fcnya \u00e7ap\u0131nda tan\u0131nan y\u0131ld\u0131z \u015fefleri\u00a0Antalya\u2019da a\u011f\u0131rlayacak.\u00a04.\u00a0Uluslararas\u0131 Gastronomi Festivali\u00a0kapsam\u0131nda s\u00f6yle\u015filer, paneller, work shoplar ger\u00e7ekle\u015ftirilecek. Ba\u015fkan Muhittin B\u00f6cek, festivalin her ge\u00e7en y\u0131l daha da geli\u015fti\u011fini belirterek, \u201cBu y\u0131l da Antalya\u2019m\u0131z\u0131n tarladan sofraya zengin gastronomi k\u00fclt\u00fcr\u00fcn\u00fc ve \u00fcr\u00fcn \u00e7e\u015fitlili\u011fini tan\u0131tmak i\u00e7in zengin bir program i\u00e7eri\u011fi haz\u0131rlad\u0131k\u201d dedi. \u200bAntalya B\u00fcy\u00fck\u015fehir Belediyesi taraf\u0131ndan 9-11 May\u0131s tarihleri aras\u0131ndan bu y\u0131l 4.\u2019s\u00fc d\u00fczenlenecek olan Uluslararas\u0131 Gastronomi Festivali FoodFest Antalya \u00f6ncesi dan\u0131\u015fma kurulu toplant\u0131s\u0131 yap\u0131ld\u0131.ANTALYA (\u0130GFA) &#8211;\u00a09-11 May\u0131s tarihleri aras\u0131nda bu y\u0131l 4.\u2019s\u00fc d\u00fczenlenecek olan Uluslararas\u0131 Gastronomi Festivali FoodFest Antalya i\u00e7in haz\u0131rl\u0131klar s\u00fcr\u00fcyor. Antalya B\u00fcy\u00fck\u015fehir Belediye Ba\u015fkan\u0131 Muhittin B\u00f6cek, ba\u015fkanl\u0131\u011f\u0131nda ger\u00e7ekle\u015fen Dan\u0131\u015fma Kurulu Toplant\u0131s\u0131nda, festival &hellip;","og_url":"http:\/\/denizcankizil.tr\/en\/haberler\/gundem\/antalyada-danisma-kurulu-toplantisi-gerceklestirildi\/","og_site_name":"Av. Deniz Can K\u0131z\u0131l","article_published_time":"2025-04-17T06:42:10+00:00","author":"admin","twitter_card":"summary_large_image","twitter_misc":{"Written by":"admin","Estimated reading time":"2 minutes"},"schema":{"@context":"https:\/\/schema.org","@graph":[{"@type":"Article","@id":"http:\/\/denizcankizil.tr\/ru\/haberler\/gundem\/antalyada-danisma-kurulu-toplantisi-gerceklestirildi\/#article","isPartOf":{"@id":"http:\/\/denizcankizil.tr\/ru\/haberler\/gundem\/antalyada-danisma-kurulu-toplantisi-gerceklestirildi\/"},"author":{"name":"admin","@id":"https:\/\/denizcankizil.tr\/de\/#\/schema\/person\/be3c05fe6a12686905512445d8185489"},"headline":"Antalya&#8217;da Dan\u0131\u015fma Kurulu toplant\u0131s\u0131 ger\u00e7ekle\u015ftirildi","datePublished":"2025-04-17T06:42:10+00:00","mainEntityOfPage":{"@id":"http:\/\/denizcankizil.tr\/ru\/haberler\/gundem\/antalyada-danisma-kurulu-toplantisi-gerceklestirildi\/"},"wordCount":502,"publisher":{"@id":"https:\/\/denizcankizil.tr\/de\/#organization"},"articleSection":["G\u00fcndem"],"inLanguage":"en-GB"},{"@type":"WebPage","@id":"http:\/\/denizcankizil.tr\/ru\/haberler\/gundem\/antalyada-danisma-kurulu-toplantisi-gerceklestirildi\/","url":"http:\/\/denizcankizil.tr\/ru\/haberler\/gundem\/antalyada-danisma-kurulu-toplantisi-gerceklestirildi\/","name":"Antalya'da Dan\u0131\u015fma Kurulu toplant\u0131s\u0131 ger\u00e7ekle\u015ftirildi - Av. Deniz Can K\u0131z\u0131l","isPartOf":{"@id":"https:\/\/denizcankizil.tr\/de\/#website"},"datePublished":"2025-04-17T06:42:10+00:00","breadcrumb":{"@id":"http:\/\/denizcankizil.tr\/ru\/haberler\/gundem\/antalyada-danisma-kurulu-toplantisi-gerceklestirildi\/#breadcrumb"},"inLanguage":"en-GB","potentialAction":[{"@type":"ReadAction","target":["http:\/\/denizcankizil.tr\/ru\/haberler\/gundem\/antalyada-danisma-kurulu-toplantisi-gerceklestirildi\/"]}]},{"@type":"BreadcrumbList","@id":"http:\/\/denizcankizil.tr\/ru\/haberler\/gundem\/antalyada-danisma-kurulu-toplantisi-gerceklestirildi\/#breadcrumb","itemListElement":[{"@type":"ListItem","position":1,"name":"Home","item":"https:\/\/denizcankizil.tr\/de\/"},{"@type":"ListItem","position":2,"name":"Antalya&#8217;da Dan\u0131\u015fma Kurulu toplant\u0131s\u0131 ger\u00e7ekle\u015ftirildi"}]},{"@type":"WebSite","@id":"https:\/\/denizcankizil.tr\/de\/#website","url":"https:\/\/denizcankizil.tr\/de\/","name":"Av. Deniz Can K\u0131z\u0131l","description":"Avukat Deniz Can K\u0131z\u0131l Antalya Barosu","publisher":{"@id":"https:\/\/denizcankizil.tr\/de\/#organization"},"potentialAction":[{"@type":"SearchAction","target":{"@type":"EntryPoint","urlTemplate":"https:\/\/denizcankizil.tr\/de\/?s={search_term_string}"},"query-input":{"@type":"PropertyValueSpecification","valueRequired":true,"valueName":"search_term_string"}}],"inLanguage":"en-GB"},{"@type":"Organization","@id":"https:\/\/denizcankizil.tr\/de\/#organization","name":"Av. Deniz Can K\u0131z\u0131l","url":"https:\/\/denizcankizil.tr\/de\/","logo":{"@type":"ImageObject","inLanguage":"en-GB","@id":"https:\/\/denizcankizil.tr\/de\/#\/schema\/logo\/image\/","url":"http:\/\/denizcankizil.tr\/wp-content\/uploads\/2024\/10\/siyah-logo-svg.svg","contentUrl":"http:\/\/denizcankizil.tr\/wp-content\/uploads\/2024\/10\/siyah-logo-svg.svg","width":1080,"height":1080,"caption":"Av. Deniz Can K\u0131z\u0131l"},"image":{"@id":"https:\/\/denizcankizil.tr\/de\/#\/schema\/logo\/image\/"}},{"@type":"Person","@id":"https:\/\/denizcankizil.tr\/de\/#\/schema\/person\/be3c05fe6a12686905512445d8185489","name":"admin","image":{"@type":"ImageObject","inLanguage":"en-GB","@id":"https:\/\/denizcankizil.tr\/de\/#\/schema\/person\/image\/","url":"https:\/\/secure.gravatar.com\/avatar\/c1fce94c830dc79107e174f890d7210541c4a63e8e5d816341794a2151c9d58c?s=96&d=mm&r=g","contentUrl":"https:\/\/secure.gravatar.com\/avatar\/c1fce94c830dc79107e174f890d7210541c4a63e8e5d816341794a2151c9d58c?s=96&d=mm&r=g","caption":"admin"},"sameAs":["http:\/\/denizcankizil.tr"],"url":"https:\/\/www.iskenderun.org\/antalyada-danisma-kurulu-toplantisi-gerceklestirildi"}]}},"_links":{"self":[{"href":"http:\/\/denizcankizil.tr\/en\/wp-json\/wp\/v2\/posts\/58299","targetHints":{"allow":["GET"]}}],"collection":[{"href":"http:\/\/denizcankizil.tr\/en\/wp-json\/wp\/v2\/posts"}],"about":[{"href":"http:\/\/denizcankizil.tr\/en\/wp-json\/wp\/v2\/types\/post"}],"author":[{"embeddable":true,"href":"http:\/\/denizcankizil.tr\/en\/wp-json\/wp\/v2\/users\/1"}],"replies":[{"embeddable":true,"href":"http:\/\/denizcankizil.tr\/en\/wp-json\/wp\/v2\/comments?post=58299"}],"version-history":[{"count":0,"href":"http:\/\/denizcankizil.tr\/en\/wp-json\/wp\/v2\/posts\/58299\/revisions"}],"wp:attachment":[{"href":"http:\/\/denizcankizil.tr\/en\/wp-json\/wp\/v2\/media?parent=58299"}],"wp:term":[{"taxonomy":"category","embeddable":true,"href":"http:\/\/denizcankizil.tr\/en\/wp-json\/wp\/v2\/categories?post=58299"},{"taxonomy":"post_tag","embeddable":true,"href":"http:\/\/denizcankizil.tr\/en\/wp-json\/wp\/v2\/tags?post=58299"}],"curies":[{"name":"wp","href":"https:\/\/api.w.org\/{rel}","templated":true}]}}