{"id":57380,"date":"2025-04-16T11:42:42","date_gmt":"2025-04-16T08:42:42","guid":{"rendered":"https:\/\/denizcankizil.tr\/uncategorized-tr\/selcuklu-belediyesinin-surdurulebilirlik-raporu-bm-platformunda\/"},"modified":"2025-04-16T11:42:42","modified_gmt":"2025-04-16T08:42:42","slug":"selcuklu-belediyesinin-surdurulebilirlik-raporu-bm-platformunda","status":"publish","type":"post","link":"http:\/\/denizcankizil.tr\/en\/haberler\/gundem\/selcuklu-belediyesinin-surdurulebilirlik-raporu-bm-platformunda\/","title":{"rendered":"Sel\u00e7uklu Belediyesi\u2019nin S\u00fcrd\u00fcr\u00fclebilirlik Raporu BM Platformu&#8217;nda"},"content":{"rendered":"<p>Sel\u00e7uklu Belediyesi taraf\u0131ndan, 2030 y\u0131l\u0131 S\u00fcrd\u00fcr\u00fclebilir Kalk\u0131nma Ama\u00e7lar\u0131 (SDG) do\u011frultusunda haz\u0131rlanan S\u00fcrd\u00fcr\u00fclebilirlik Raporu, bu y\u0131l\u0131n ilk \u00e7eyre\u011finde BM\u2019nin resmi web sayfas\u0131nda yay\u0131nlanarak uluslararas\u0131 kamuoyunun eri\u015fimine a\u00e7\u0131ld\u0131.<\/p>\n<p>\u200bSel\u00e7uklu Belediyesi taraf\u0131ndan, 2030 y\u0131l\u0131 S\u00fcrd\u00fcr\u00fclebilir Kalk\u0131nma Ama\u00e7lar\u0131 (SDG) do\u011frultusunda haz\u0131rlanan S\u00fcrd\u00fcr\u00fclebilirlik Raporu, bu y\u0131l\u0131n ilk \u00e7eyre\u011finde BM\u2019nin resmi web sayfas\u0131nda yay\u0131nlanarak uluslararas\u0131 kamuoyunun eri\u015fimine a\u00e7\u0131ld\u0131.\u00a0<\/p>\n<p>\u200bHaberin Al\u0131nt\u0131land\u0131\u011f\u0131 Kaynak: www.iskenderun.org<\/p>","protected":false},"excerpt":{"rendered":"<p>Sel\u00e7uklu Belediyesi taraf\u0131ndan, 2030 y\u0131l\u0131 S\u00fcrd\u00fcr\u00fclebilir Kalk\u0131nma Ama\u00e7lar\u0131 (SDG) do\u011frultusunda haz\u0131rlanan S\u00fcrd\u00fcr\u00fclebilirlik Raporu, bu y\u0131l\u0131n ilk \u00e7eyre\u011finde BM\u2019nin resmi web sayfas\u0131nda yay\u0131nlanarak uluslararas\u0131 kamuoyunun eri\u015fimine a\u00e7\u0131ld\u0131. \u200bSel\u00e7uklu Belediyesi taraf\u0131ndan, 2030 y\u0131l\u0131 S\u00fcrd\u00fcr\u00fclebilir Kalk\u0131nma Ama\u00e7lar\u0131 (SDG) do\u011frultusunda haz\u0131rlanan S\u00fcrd\u00fcr\u00fclebilirlik Raporu, bu y\u0131l\u0131n ilk \u00e7eyre\u011finde BM\u2019nin resmi web sayfas\u0131nda yay\u0131nlanarak uluslararas\u0131 kamuoyunun eri\u015fimine a\u00e7\u0131ld\u0131.\u00a0 \u200bHaberin Al\u0131nt\u0131land\u0131\u011f\u0131 Kaynak: www.iskenderun.org<\/p>","protected":false},"author":1,"featured_media":0,"comment_status":"","ping_status":"open","sticky":false,"template":"","format":"standard","meta":{"_acf_changed":false,"footnotes":""},"categories":[24],"tags":[],"class_list":["post-57380","post","type-post","status-publish","format-standard","has-post-thumbnail","hentry","category-gundem"],"acf":[],"yoast_head":"<!-- This site is optimized with the Yoast SEO Premium plugin v26.6 (Yoast SEO v27.1.1) - https:\/\/yoast.com\/product\/yoast-seo-premium-wordpress\/ -->\n<title>Sel\u00e7uklu Belediyesi\u2019nin S\u00fcrd\u00fcr\u00fclebilirlik Raporu BM Platformu&#039;nda - Av. Deniz Can K\u0131z\u0131l<\/title>\n<meta name=\"robots\" content=\"index, follow, max-snippet:-1, max-image-preview:large, max-video-preview:-1\" \/>\n<link rel=\"canonical\" href=\"http:\/\/denizcankizil.tr\/en\/haberler\/gundem\/selcuklu-belediyesinin-surdurulebilirlik-raporu-bm-platformunda\/\" \/>\n<meta property=\"og:locale\" content=\"en_GB\" \/>\n<meta property=\"og:type\" content=\"article\" \/>\n<meta property=\"og:title\" content=\"Sel\u00e7uklu Belediyesi\u2019nin S\u00fcrd\u00fcr\u00fclebilirlik Raporu BM Platformu&#039;nda\" \/>\n<meta property=\"og:description\" content=\"Sel\u00e7uklu Belediyesi taraf\u0131ndan, 2030 y\u0131l\u0131 S\u00fcrd\u00fcr\u00fclebilir Kalk\u0131nma Ama\u00e7lar\u0131 (SDG) do\u011frultusunda haz\u0131rlanan S\u00fcrd\u00fcr\u00fclebilirlik Raporu, bu y\u0131l\u0131n ilk \u00e7eyre\u011finde BM\u2019nin resmi web sayfas\u0131nda yay\u0131nlanarak uluslararas\u0131 kamuoyunun eri\u015fimine a\u00e7\u0131ld\u0131. \u200bSel\u00e7uklu Belediyesi taraf\u0131ndan, 2030 y\u0131l\u0131 S\u00fcrd\u00fcr\u00fclebilir Kalk\u0131nma Ama\u00e7lar\u0131 (SDG) do\u011frultusunda haz\u0131rlanan S\u00fcrd\u00fcr\u00fclebilirlik Raporu, bu y\u0131l\u0131n ilk \u00e7eyre\u011finde BM\u2019nin resmi web sayfas\u0131nda yay\u0131nlanarak uluslararas\u0131 kamuoyunun eri\u015fimine a\u00e7\u0131ld\u0131.\u00a0 \u200bHaberin Al\u0131nt\u0131land\u0131\u011f\u0131 Kaynak: www.iskenderun.org\" \/>\n<meta property=\"og:url\" content=\"http:\/\/denizcankizil.tr\/en\/haberler\/gundem\/selcuklu-belediyesinin-surdurulebilirlik-raporu-bm-platformunda\/\" \/>\n<meta property=\"og:site_name\" content=\"Av. Deniz Can K\u0131z\u0131l\" \/>\n<meta property=\"article:published_time\" content=\"2025-04-16T08:42:42+00:00\" \/>\n<meta name=\"author\" content=\"admin\" \/>\n<meta name=\"twitter:card\" content=\"summary_large_image\" \/>\n<meta name=\"twitter:label1\" content=\"Written by\" \/>\n\t<meta name=\"twitter:data1\" content=\"admin\" \/>\n\t<meta name=\"twitter:label2\" content=\"Estimated reading time\" \/>\n\t<meta name=\"twitter:data2\" content=\"1 minute\" \/>\n<script type=\"application\/ld+json\" class=\"yoast-schema-graph\">{\"@context\":\"https:\/\/schema.org\",\"@graph\":[{\"@type\":\"Article\",\"@id\":\"http:\/\/denizcankizil.tr\/de\/haberler\/gundem\/selcuklu-belediyesinin-surdurulebilirlik-raporu-bm-platformunda\/#article\",\"isPartOf\":{\"@id\":\"http:\/\/denizcankizil.tr\/de\/haberler\/gundem\/selcuklu-belediyesinin-surdurulebilirlik-raporu-bm-platformunda\/\"},\"author\":{\"name\":\"admin\",\"@id\":\"https:\/\/denizcankizil.tr\/de\/#\/schema\/person\/be3c05fe6a12686905512445d8185489\"},\"headline\":\"Sel\u00e7uklu Belediyesi\u2019nin S\u00fcrd\u00fcr\u00fclebilirlik Raporu BM Platformu&#8217;nda\",\"datePublished\":\"2025-04-16T08:42:42+00:00\",\"mainEntityOfPage\":{\"@id\":\"http:\/\/denizcankizil.tr\/de\/haberler\/gundem\/selcuklu-belediyesinin-surdurulebilirlik-raporu-bm-platformunda\/\"},\"wordCount\":112,\"publisher\":{\"@id\":\"https:\/\/denizcankizil.tr\/de\/#organization\"},\"articleSection\":[\"G\u00fcndem\"],\"inLanguage\":\"en-GB\"},{\"@type\":\"WebPage\",\"@id\":\"http:\/\/denizcankizil.tr\/de\/haberler\/gundem\/selcuklu-belediyesinin-surdurulebilirlik-raporu-bm-platformunda\/\",\"url\":\"http:\/\/denizcankizil.tr\/de\/haberler\/gundem\/selcuklu-belediyesinin-surdurulebilirlik-raporu-bm-platformunda\/\",\"name\":\"Sel\u00e7uklu Belediyesi\u2019nin S\u00fcrd\u00fcr\u00fclebilirlik Raporu BM Platformu'nda - Av. Deniz Can K\u0131z\u0131l\",\"isPartOf\":{\"@id\":\"https:\/\/denizcankizil.tr\/de\/#website\"},\"datePublished\":\"2025-04-16T08:42:42+00:00\",\"breadcrumb\":{\"@id\":\"http:\/\/denizcankizil.tr\/de\/haberler\/gundem\/selcuklu-belediyesinin-surdurulebilirlik-raporu-bm-platformunda\/#breadcrumb\"},\"inLanguage\":\"en-GB\",\"potentialAction\":[{\"@type\":\"ReadAction\",\"target\":[\"http:\/\/denizcankizil.tr\/de\/haberler\/gundem\/selcuklu-belediyesinin-surdurulebilirlik-raporu-bm-platformunda\/\"]}]},{\"@type\":\"BreadcrumbList\",\"@id\":\"http:\/\/denizcankizil.tr\/de\/haberler\/gundem\/selcuklu-belediyesinin-surdurulebilirlik-raporu-bm-platformunda\/#breadcrumb\",\"itemListElement\":[{\"@type\":\"ListItem\",\"position\":1,\"name\":\"Home\",\"item\":\"https:\/\/denizcankizil.tr\/de\/\"},{\"@type\":\"ListItem\",\"position\":2,\"name\":\"Sel\u00e7uklu Belediyesi\u2019nin S\u00fcrd\u00fcr\u00fclebilirlik Raporu BM Platformu&#8217;nda\"}]},{\"@type\":\"WebSite\",\"@id\":\"https:\/\/denizcankizil.tr\/de\/#website\",\"url\":\"https:\/\/denizcankizil.tr\/de\/\",\"name\":\"Av. Deniz Can K\u0131z\u0131l\",\"description\":\"Avukat Deniz Can K\u0131z\u0131l Antalya Barosu\",\"publisher\":{\"@id\":\"https:\/\/denizcankizil.tr\/de\/#organization\"},\"potentialAction\":[{\"@type\":\"SearchAction\",\"target\":{\"@type\":\"EntryPoint\",\"urlTemplate\":\"https:\/\/denizcankizil.tr\/de\/?s={search_term_string}\"},\"query-input\":{\"@type\":\"PropertyValueSpecification\",\"valueRequired\":true,\"valueName\":\"search_term_string\"}}],\"inLanguage\":\"en-GB\"},{\"@type\":\"Organization\",\"@id\":\"https:\/\/denizcankizil.tr\/de\/#organization\",\"name\":\"Av. Deniz Can K\u0131z\u0131l\",\"url\":\"https:\/\/denizcankizil.tr\/de\/\",\"logo\":{\"@type\":\"ImageObject\",\"inLanguage\":\"en-GB\",\"@id\":\"https:\/\/denizcankizil.tr\/de\/#\/schema\/logo\/image\/\",\"url\":\"http:\/\/denizcankizil.tr\/wp-content\/uploads\/2024\/10\/siyah-logo-svg.svg\",\"contentUrl\":\"http:\/\/denizcankizil.tr\/wp-content\/uploads\/2024\/10\/siyah-logo-svg.svg\",\"width\":1080,\"height\":1080,\"caption\":\"Av. Deniz Can K\u0131z\u0131l\"},\"image\":{\"@id\":\"https:\/\/denizcankizil.tr\/de\/#\/schema\/logo\/image\/\"}},{\"@type\":\"Person\",\"@id\":\"https:\/\/denizcankizil.tr\/de\/#\/schema\/person\/be3c05fe6a12686905512445d8185489\",\"name\":\"admin\",\"image\":{\"@type\":\"ImageObject\",\"inLanguage\":\"en-GB\",\"@id\":\"https:\/\/denizcankizil.tr\/de\/#\/schema\/person\/image\/\",\"url\":\"https:\/\/secure.gravatar.com\/avatar\/c1fce94c830dc79107e174f890d7210541c4a63e8e5d816341794a2151c9d58c?s=96&d=mm&r=g\",\"contentUrl\":\"https:\/\/secure.gravatar.com\/avatar\/c1fce94c830dc79107e174f890d7210541c4a63e8e5d816341794a2151c9d58c?s=96&d=mm&r=g\",\"caption\":\"admin\"},\"sameAs\":[\"http:\/\/denizcankizil.tr\"],\"url\":\"https:\/\/www.iskenderun.org\/selcuklu-belediyesinin-surdurulebilirlik-raporu-bm-platformunda\"}]}<\/script>\n<!-- \/ Yoast SEO Premium plugin. -->","yoast_head_json":{"title":"Sel\u00e7uklu Belediyesi\u2019nin S\u00fcrd\u00fcr\u00fclebilirlik Raporu BM Platformu'nda - Av. Deniz Can K\u0131z\u0131l","robots":{"index":"index","follow":"follow","max-snippet":"max-snippet:-1","max-image-preview":"max-image-preview:large","max-video-preview":"max-video-preview:-1"},"canonical":"http:\/\/denizcankizil.tr\/en\/haberler\/gundem\/selcuklu-belediyesinin-surdurulebilirlik-raporu-bm-platformunda\/","og_locale":"en_GB","og_type":"article","og_title":"Sel\u00e7uklu Belediyesi\u2019nin S\u00fcrd\u00fcr\u00fclebilirlik Raporu BM Platformu'nda","og_description":"Sel\u00e7uklu Belediyesi taraf\u0131ndan, 2030 y\u0131l\u0131 S\u00fcrd\u00fcr\u00fclebilir Kalk\u0131nma Ama\u00e7lar\u0131 (SDG) do\u011frultusunda haz\u0131rlanan S\u00fcrd\u00fcr\u00fclebilirlik Raporu, bu y\u0131l\u0131n ilk \u00e7eyre\u011finde BM\u2019nin resmi web sayfas\u0131nda yay\u0131nlanarak uluslararas\u0131 kamuoyunun eri\u015fimine a\u00e7\u0131ld\u0131. \u200bSel\u00e7uklu Belediyesi taraf\u0131ndan, 2030 y\u0131l\u0131 S\u00fcrd\u00fcr\u00fclebilir Kalk\u0131nma Ama\u00e7lar\u0131 (SDG) do\u011frultusunda haz\u0131rlanan S\u00fcrd\u00fcr\u00fclebilirlik Raporu, bu y\u0131l\u0131n ilk \u00e7eyre\u011finde BM\u2019nin resmi web sayfas\u0131nda yay\u0131nlanarak uluslararas\u0131 kamuoyunun eri\u015fimine a\u00e7\u0131ld\u0131.\u00a0 \u200bHaberin Al\u0131nt\u0131land\u0131\u011f\u0131 Kaynak: www.iskenderun.org","og_url":"http:\/\/denizcankizil.tr\/en\/haberler\/gundem\/selcuklu-belediyesinin-surdurulebilirlik-raporu-bm-platformunda\/","og_site_name":"Av. Deniz Can K\u0131z\u0131l","article_published_time":"2025-04-16T08:42:42+00:00","author":"admin","twitter_card":"summary_large_image","twitter_misc":{"Written by":"admin","Estimated reading time":"1 minute"},"schema":{"@context":"https:\/\/schema.org","@graph":[{"@type":"Article","@id":"http:\/\/denizcankizil.tr\/de\/haberler\/gundem\/selcuklu-belediyesinin-surdurulebilirlik-raporu-bm-platformunda\/#article","isPartOf":{"@id":"http:\/\/denizcankizil.tr\/de\/haberler\/gundem\/selcuklu-belediyesinin-surdurulebilirlik-raporu-bm-platformunda\/"},"author":{"name":"admin","@id":"https:\/\/denizcankizil.tr\/de\/#\/schema\/person\/be3c05fe6a12686905512445d8185489"},"headline":"Sel\u00e7uklu Belediyesi\u2019nin S\u00fcrd\u00fcr\u00fclebilirlik Raporu BM Platformu&#8217;nda","datePublished":"2025-04-16T08:42:42+00:00","mainEntityOfPage":{"@id":"http:\/\/denizcankizil.tr\/de\/haberler\/gundem\/selcuklu-belediyesinin-surdurulebilirlik-raporu-bm-platformunda\/"},"wordCount":112,"publisher":{"@id":"https:\/\/denizcankizil.tr\/de\/#organization"},"articleSection":["G\u00fcndem"],"inLanguage":"en-GB"},{"@type":"WebPage","@id":"http:\/\/denizcankizil.tr\/de\/haberler\/gundem\/selcuklu-belediyesinin-surdurulebilirlik-raporu-bm-platformunda\/","url":"http:\/\/denizcankizil.tr\/de\/haberler\/gundem\/selcuklu-belediyesinin-surdurulebilirlik-raporu-bm-platformunda\/","name":"Sel\u00e7uklu Belediyesi\u2019nin S\u00fcrd\u00fcr\u00fclebilirlik Raporu BM Platformu'nda - Av. Deniz Can K\u0131z\u0131l","isPartOf":{"@id":"https:\/\/denizcankizil.tr\/de\/#website"},"datePublished":"2025-04-16T08:42:42+00:00","breadcrumb":{"@id":"http:\/\/denizcankizil.tr\/de\/haberler\/gundem\/selcuklu-belediyesinin-surdurulebilirlik-raporu-bm-platformunda\/#breadcrumb"},"inLanguage":"en-GB","potentialAction":[{"@type":"ReadAction","target":["http:\/\/denizcankizil.tr\/de\/haberler\/gundem\/selcuklu-belediyesinin-surdurulebilirlik-raporu-bm-platformunda\/"]}]},{"@type":"BreadcrumbList","@id":"http:\/\/denizcankizil.tr\/de\/haberler\/gundem\/selcuklu-belediyesinin-surdurulebilirlik-raporu-bm-platformunda\/#breadcrumb","itemListElement":[{"@type":"ListItem","position":1,"name":"Home","item":"https:\/\/denizcankizil.tr\/de\/"},{"@type":"ListItem","position":2,"name":"Sel\u00e7uklu Belediyesi\u2019nin S\u00fcrd\u00fcr\u00fclebilirlik Raporu BM Platformu&#8217;nda"}]},{"@type":"WebSite","@id":"https:\/\/denizcankizil.tr\/de\/#website","url":"https:\/\/denizcankizil.tr\/de\/","name":"Av. Deniz Can K\u0131z\u0131l","description":"Avukat Deniz Can K\u0131z\u0131l Antalya Barosu","publisher":{"@id":"https:\/\/denizcankizil.tr\/de\/#organization"},"potentialAction":[{"@type":"SearchAction","target":{"@type":"EntryPoint","urlTemplate":"https:\/\/denizcankizil.tr\/de\/?s={search_term_string}"},"query-input":{"@type":"PropertyValueSpecification","valueRequired":true,"valueName":"search_term_string"}}],"inLanguage":"en-GB"},{"@type":"Organization","@id":"https:\/\/denizcankizil.tr\/de\/#organization","name":"Av. Deniz Can K\u0131z\u0131l","url":"https:\/\/denizcankizil.tr\/de\/","logo":{"@type":"ImageObject","inLanguage":"en-GB","@id":"https:\/\/denizcankizil.tr\/de\/#\/schema\/logo\/image\/","url":"http:\/\/denizcankizil.tr\/wp-content\/uploads\/2024\/10\/siyah-logo-svg.svg","contentUrl":"http:\/\/denizcankizil.tr\/wp-content\/uploads\/2024\/10\/siyah-logo-svg.svg","width":1080,"height":1080,"caption":"Av. Deniz Can K\u0131z\u0131l"},"image":{"@id":"https:\/\/denizcankizil.tr\/de\/#\/schema\/logo\/image\/"}},{"@type":"Person","@id":"https:\/\/denizcankizil.tr\/de\/#\/schema\/person\/be3c05fe6a12686905512445d8185489","name":"admin","image":{"@type":"ImageObject","inLanguage":"en-GB","@id":"https:\/\/denizcankizil.tr\/de\/#\/schema\/person\/image\/","url":"https:\/\/secure.gravatar.com\/avatar\/c1fce94c830dc79107e174f890d7210541c4a63e8e5d816341794a2151c9d58c?s=96&d=mm&r=g","contentUrl":"https:\/\/secure.gravatar.com\/avatar\/c1fce94c830dc79107e174f890d7210541c4a63e8e5d816341794a2151c9d58c?s=96&d=mm&r=g","caption":"admin"},"sameAs":["http:\/\/denizcankizil.tr"],"url":"https:\/\/www.iskenderun.org\/selcuklu-belediyesinin-surdurulebilirlik-raporu-bm-platformunda"}]}},"_links":{"self":[{"href":"http:\/\/denizcankizil.tr\/en\/wp-json\/wp\/v2\/posts\/57380","targetHints":{"allow":["GET"]}}],"collection":[{"href":"http:\/\/denizcankizil.tr\/en\/wp-json\/wp\/v2\/posts"}],"about":[{"href":"http:\/\/denizcankizil.tr\/en\/wp-json\/wp\/v2\/types\/post"}],"author":[{"embeddable":true,"href":"http:\/\/denizcankizil.tr\/en\/wp-json\/wp\/v2\/users\/1"}],"replies":[{"embeddable":true,"href":"http:\/\/denizcankizil.tr\/en\/wp-json\/wp\/v2\/comments?post=57380"}],"version-history":[{"count":0,"href":"http:\/\/denizcankizil.tr\/en\/wp-json\/wp\/v2\/posts\/57380\/revisions"}],"wp:attachment":[{"href":"http:\/\/denizcankizil.tr\/en\/wp-json\/wp\/v2\/media?parent=57380"}],"wp:term":[{"taxonomy":"category","embeddable":true,"href":"http:\/\/denizcankizil.tr\/en\/wp-json\/wp\/v2\/categories?post=57380"},{"taxonomy":"post_tag","embeddable":true,"href":"http:\/\/denizcankizil.tr\/en\/wp-json\/wp\/v2\/tags?post=57380"}],"curies":[{"name":"wp","href":"https:\/\/api.w.org\/{rel}","templated":true}]}}