{"id":56308,"date":"2025-04-15T11:41:18","date_gmt":"2025-04-15T08:41:18","guid":{"rendered":"https:\/\/denizcankizil.tr\/uncategorized-tr\/aile-ve-sosyal-hizmetler-bakani-duyurdu-evde-bakim-yardimi-hesaplara-yatiriliyor\/"},"modified":"2025-04-15T11:41:18","modified_gmt":"2025-04-15T08:41:18","slug":"aile-ve-sosyal-hizmetler-bakani-duyurdu-evde-bakim-yardimi-hesaplara-yatiriliyor","status":"publish","type":"post","link":"http:\/\/denizcankizil.tr\/en\/haberler\/gundem\/aile-ve-sosyal-hizmetler-bakani-duyurdu-evde-bakim-yardimi-hesaplara-yatiriliyor\/","title":{"rendered":"Aile ve Sosyal Hizmetler Bakan\u0131 duyurdu: Evde Bak\u0131m Yard\u0131m\u0131 hesaplara yat\u0131r\u0131l\u0131yor"},"content":{"rendered":"<p>Aile ve Sosyal Hizmetler Bakan\u0131 Mahinur \u00d6zdemir G\u00f6kta\u015f, evlerinde bak\u0131lan tam ba\u011f\u0131ml\u0131 vatanda\u015flara ve ailelerine ekonomik destek sa\u011flamak amac\u0131yla bu ay toplam 5,4 milyar lira Evde Bak\u0131m Yard\u0131m\u0131\u2019n\u0131 hesaplara yat\u0131rmaya ba\u015flad\u0131klar\u0131n\u0131 a\u00e7\u0131klad\u0131.<\/p>\n<p>BAKAN G\u00d6KTA\u015e DUYURDU<\/p>\n<p>Bakan G\u00f6kta\u015f, bakanl\u0131k taraf\u0131ndan sunulan en \u00f6nemli aile odakl\u0131 bak\u0131m hizmet modellerinden biri olan Evde Bak\u0131m Yard\u0131m\u0131\u2019n\u0131n 2006 y\u0131l\u0131nda engelli bireylerin \u00f6ncelikle aile yan\u0131nda desteklenmeleri d\u00fc\u015f\u00fcncesiyle ba\u015flat\u0131ld\u0131\u011f\u0131n\u0131 hat\u0131rlatt\u0131. G\u00f6kta\u015f, &#8220;Engelli vatanda\u015flar\u0131m\u0131z\u0131n aile b\u00fct\u00fcnl\u00fcklerini muhafaza edecek \u015fekilde bak\u0131mlar\u0131n\u0131n evde yap\u0131lmas\u0131n\u0131 \u00f6nceliyoruz. Evde Bak\u0131m Yard\u0131m\u0131 ile engellilerin ya\u015fad\u0131\u011f\u0131 ortamdan ayr\u0131lmadan, ailesi veya yak\u0131nlar\u0131yla birlikte ya\u015fayarak aile birli\u011finin korunmas\u0131na ve g\u00fc\u00e7lenmesine destek oluyoruz.&#8221; ifadelerini kulland\u0131.<\/p>\n<p>AYLIK 10 B\u0130N 125 L\u0130RA<\/p>\n<p>Evde Bak\u0131m Yard\u0131m\u0131 kapsam\u0131nda hak sahibi ba\u015f\u0131na ayl\u0131k 10 bin 125 lira \u00f6deme yap\u0131ld\u0131\u011f\u0131n\u0131 belirten G\u00f6kta\u015f, \u015funlar\u0131 kaydetti: &#8220;Evlerinde bak\u0131lan tam ba\u011f\u0131ml\u0131 vatanda\u015flar ve aileleri i\u00e7in bu ay toplam 5,4 milyar lira Evde Bak\u0131m Yard\u0131m\u0131\u2019n\u0131 hesaplara yat\u0131rmaya ba\u015flad\u0131k. Ayl\u0131k ortalama 544 bin vatanda\u015f\u0131m\u0131z Evde Bak\u0131m Yard\u0131m\u0131\u2019ndan yararlan\u0131yor. \u00d6demelerin t\u00fcm engelli vatanda\u015flar\u0131m\u0131za ve ailelerine hay\u0131rl\u0131 olmas\u0131n\u0131 diliyorum. Bakanl\u0131k olarak engellilik alan\u0131ndaki hak temelli sosyal yard\u0131mlar\u0131n \u015feffaf bir anlay\u0131\u015fla s\u00fcrd\u00fcr\u00fclebilir olmas\u0131 i\u00e7in \u00e7al\u0131\u015fmalar\u0131m\u0131z\u0131 s\u00fcrd\u00fcrece\u011fiz.&#8221;<\/p>\n<p>\u200bAile ve Sosyal Hizmetler Bakan\u0131 Mahinur \u00d6zdemir G\u00f6kta\u015f, Evde Bak\u0131m Yard\u0131m\u0131&#8217;n\u0131n hesaplara yat\u0131r\u0131lmaya ba\u015fland\u0131\u011f\u0131n\u0131 duyurdu. Hak sahibi ba\u015f\u0131na ayl\u0131k 10 bin 125 lira \u00f6deme yap\u0131lacak.\u00a0<\/p>\n<p>\u200bHaberin Al\u0131nt\u0131land\u0131\u011f\u0131 Kaynak: www.antalyakorfez.com<\/p>","protected":false},"excerpt":{"rendered":"<p>Aile ve Sosyal Hizmetler Bakan\u0131 Mahinur \u00d6zdemir G\u00f6kta\u015f, evlerinde bak\u0131lan tam ba\u011f\u0131ml\u0131 vatanda\u015flara ve ailelerine ekonomik destek sa\u011flamak amac\u0131yla bu ay toplam 5,4 milyar lira Evde Bak\u0131m Yard\u0131m\u0131\u2019n\u0131 hesaplara yat\u0131rmaya ba\u015flad\u0131klar\u0131n\u0131 a\u00e7\u0131klad\u0131. BAKAN G\u00d6KTA\u015e DUYURDU Bakan G\u00f6kta\u015f, bakanl\u0131k taraf\u0131ndan sunulan en \u00f6nemli aile odakl\u0131 bak\u0131m hizmet modellerinden biri olan Evde Bak\u0131m Yard\u0131m\u0131\u2019n\u0131n 2006 y\u0131l\u0131nda engelli bireylerin \u00f6ncelikle aile yan\u0131nda desteklenmeleri d\u00fc\u015f\u00fcncesiyle ba\u015flat\u0131ld\u0131\u011f\u0131n\u0131 hat\u0131rlatt\u0131. G\u00f6kta\u015f, &#8220;Engelli vatanda\u015flar\u0131m\u0131z\u0131n aile b\u00fct\u00fcnl\u00fcklerini muhafaza edecek \u015fekilde bak\u0131mlar\u0131n\u0131n evde yap\u0131lmas\u0131n\u0131 \u00f6nceliyoruz. Evde Bak\u0131m Yard\u0131m\u0131 ile engellilerin ya\u015fad\u0131\u011f\u0131 ortamdan ayr\u0131lmadan, ailesi veya yak\u0131nlar\u0131yla birlikte ya\u015fayarak aile birli\u011finin korunmas\u0131na ve g\u00fc\u00e7lenmesine destek oluyoruz.&#8221; ifadelerini kulland\u0131. AYLIK 10 B\u0130N 125 L\u0130RA Evde Bak\u0131m Yard\u0131m\u0131 kapsam\u0131nda hak sahibi ba\u015f\u0131na ayl\u0131k 10 bin 125 lira \u00f6deme yap\u0131ld\u0131\u011f\u0131n\u0131 belirten G\u00f6kta\u015f, \u015funlar\u0131 kaydetti: &#8220;Evlerinde bak\u0131lan tam ba\u011f\u0131ml\u0131 vatanda\u015flar ve aileleri i\u00e7in bu ay toplam 5,4 milyar lira Evde Bak\u0131m Yard\u0131m\u0131\u2019n\u0131 hesaplara yat\u0131rmaya ba\u015flad\u0131k. Ayl\u0131k ortalama 544 bin vatanda\u015f\u0131m\u0131z Evde Bak\u0131m Yard\u0131m\u0131\u2019ndan yararlan\u0131yor. \u00d6demelerin t\u00fcm engelli vatanda\u015flar\u0131m\u0131za ve ailelerine hay\u0131rl\u0131 olmas\u0131n\u0131 diliyorum. Bakanl\u0131k olarak engellilik alan\u0131ndaki hak temelli sosyal yard\u0131mlar\u0131n \u015feffaf bir anlay\u0131\u015fla s\u00fcrd\u00fcr\u00fclebilir olmas\u0131 i\u00e7in \u00e7al\u0131\u015fmalar\u0131m\u0131z\u0131 s\u00fcrd\u00fcrece\u011fiz.&#8221; \u200bAile ve Sosyal Hizmetler Bakan\u0131 Mahinur \u00d6zdemir G\u00f6kta\u015f, Evde Bak\u0131m Yard\u0131m\u0131&#8217;n\u0131n hesaplara yat\u0131r\u0131lmaya ba\u015fland\u0131\u011f\u0131n\u0131 duyurdu. Hak sahibi ba\u015f\u0131na ayl\u0131k 10 bin 125 lira \u00f6deme yap\u0131lacak.\u00a0 \u200bHaberin &hellip;<\/p>","protected":false},"author":5,"featured_media":0,"comment_status":"","ping_status":"open","sticky":false,"template":"","format":"standard","meta":{"_acf_changed":false,"footnotes":""},"categories":[24],"tags":[],"class_list":["post-56308","post","type-post","status-publish","format-standard","has-post-thumbnail","hentry","category-gundem"],"acf":[],"yoast_head":"<!-- This site is optimized with the Yoast SEO Premium plugin v26.6 (Yoast SEO v27.1.1) - https:\/\/yoast.com\/product\/yoast-seo-premium-wordpress\/ -->\n<title>Aile ve Sosyal Hizmetler Bakan\u0131 duyurdu: Evde Bak\u0131m Yard\u0131m\u0131 hesaplara yat\u0131r\u0131l\u0131yor - Av. Deniz Can K\u0131z\u0131l<\/title>\n<meta name=\"robots\" content=\"index, follow, max-snippet:-1, max-image-preview:large, max-video-preview:-1\" \/>\n<link rel=\"canonical\" href=\"https:\/\/denizcankizil.tr\/en\/haberler\/gundem\/aile-ve-sosyal-hizmetler-bakani-duyurdu-evde-bakim-yardimi-hesaplara-yatiriliyor\/\" \/>\n<meta property=\"og:locale\" content=\"en_GB\" \/>\n<meta property=\"og:type\" content=\"article\" \/>\n<meta property=\"og:title\" content=\"Aile ve Sosyal Hizmetler Bakan\u0131 duyurdu: Evde Bak\u0131m Yard\u0131m\u0131 hesaplara yat\u0131r\u0131l\u0131yor\" \/>\n<meta property=\"og:description\" content=\"Aile ve Sosyal Hizmetler Bakan\u0131 Mahinur \u00d6zdemir G\u00f6kta\u015f, evlerinde bak\u0131lan tam ba\u011f\u0131ml\u0131 vatanda\u015flara ve ailelerine ekonomik destek sa\u011flamak amac\u0131yla bu ay toplam 5,4 milyar lira Evde Bak\u0131m Yard\u0131m\u0131\u2019n\u0131 hesaplara yat\u0131rmaya ba\u015flad\u0131klar\u0131n\u0131 a\u00e7\u0131klad\u0131. BAKAN G\u00d6KTA\u015e DUYURDU Bakan G\u00f6kta\u015f, bakanl\u0131k taraf\u0131ndan sunulan en \u00f6nemli aile odakl\u0131 bak\u0131m hizmet modellerinden biri olan Evde Bak\u0131m Yard\u0131m\u0131\u2019n\u0131n 2006 y\u0131l\u0131nda engelli bireylerin \u00f6ncelikle aile yan\u0131nda desteklenmeleri d\u00fc\u015f\u00fcncesiyle ba\u015flat\u0131ld\u0131\u011f\u0131n\u0131 hat\u0131rlatt\u0131. G\u00f6kta\u015f, &#8220;Engelli vatanda\u015flar\u0131m\u0131z\u0131n aile b\u00fct\u00fcnl\u00fcklerini muhafaza edecek \u015fekilde bak\u0131mlar\u0131n\u0131n evde yap\u0131lmas\u0131n\u0131 \u00f6nceliyoruz. Evde Bak\u0131m Yard\u0131m\u0131 ile engellilerin ya\u015fad\u0131\u011f\u0131 ortamdan ayr\u0131lmadan, ailesi veya yak\u0131nlar\u0131yla birlikte ya\u015fayarak aile birli\u011finin korunmas\u0131na ve g\u00fc\u00e7lenmesine destek oluyoruz.&#8221; ifadelerini kulland\u0131. AYLIK 10 B\u0130N 125 L\u0130RA Evde Bak\u0131m Yard\u0131m\u0131 kapsam\u0131nda hak sahibi ba\u015f\u0131na ayl\u0131k 10 bin 125 lira \u00f6deme yap\u0131ld\u0131\u011f\u0131n\u0131 belirten G\u00f6kta\u015f, \u015funlar\u0131 kaydetti: &#8220;Evlerinde bak\u0131lan tam ba\u011f\u0131ml\u0131 vatanda\u015flar ve aileleri i\u00e7in bu ay toplam 5,4 milyar lira Evde Bak\u0131m Yard\u0131m\u0131\u2019n\u0131 hesaplara yat\u0131rmaya ba\u015flad\u0131k. Ayl\u0131k ortalama 544 bin vatanda\u015f\u0131m\u0131z Evde Bak\u0131m Yard\u0131m\u0131\u2019ndan yararlan\u0131yor. \u00d6demelerin t\u00fcm engelli vatanda\u015flar\u0131m\u0131za ve ailelerine hay\u0131rl\u0131 olmas\u0131n\u0131 diliyorum. Bakanl\u0131k olarak engellilik alan\u0131ndaki hak temelli sosyal yard\u0131mlar\u0131n \u015feffaf bir anlay\u0131\u015fla s\u00fcrd\u00fcr\u00fclebilir olmas\u0131 i\u00e7in \u00e7al\u0131\u015fmalar\u0131m\u0131z\u0131 s\u00fcrd\u00fcrece\u011fiz.&#8221; \u200bAile ve Sosyal Hizmetler Bakan\u0131 Mahinur \u00d6zdemir G\u00f6kta\u015f, Evde Bak\u0131m Yard\u0131m\u0131&#8217;n\u0131n hesaplara yat\u0131r\u0131lmaya ba\u015fland\u0131\u011f\u0131n\u0131 duyurdu. Hak sahibi ba\u015f\u0131na ayl\u0131k 10 bin 125 lira \u00f6deme yap\u0131lacak.\u00a0 \u200bHaberin &hellip;\" \/>\n<meta property=\"og:url\" content=\"https:\/\/denizcankizil.tr\/en\/haberler\/gundem\/aile-ve-sosyal-hizmetler-bakani-duyurdu-evde-bakim-yardimi-hesaplara-yatiriliyor\/\" \/>\n<meta property=\"og:site_name\" content=\"Av. Deniz Can K\u0131z\u0131l\" \/>\n<meta property=\"article:published_time\" content=\"2025-04-15T08:41:18+00:00\" \/>\n<meta name=\"author\" content=\"Antalya K\u00f6rfez\" \/>\n<meta name=\"twitter:card\" content=\"summary_large_image\" \/>\n<meta name=\"twitter:label1\" content=\"Written by\" \/>\n\t<meta name=\"twitter:data1\" content=\"Antalya K\u00f6rfez\" \/>\n\t<meta name=\"twitter:label2\" content=\"Estimated reading time\" \/>\n\t<meta name=\"twitter:data2\" content=\"2 minutes\" \/>\n<script type=\"application\/ld+json\" class=\"yoast-schema-graph\">{\"@context\":\"https:\/\/schema.org\",\"@graph\":[{\"@type\":\"Article\",\"@id\":\"https:\/\/denizcankizil.tr\/uk\/haberler\/gundem\/aile-ve-sosyal-hizmetler-bakani-duyurdu-evde-bakim-yardimi-hesaplara-yatiriliyor\/#article\",\"isPartOf\":{\"@id\":\"https:\/\/denizcankizil.tr\/uk\/haberler\/gundem\/aile-ve-sosyal-hizmetler-bakani-duyurdu-evde-bakim-yardimi-hesaplara-yatiriliyor\/\"},\"author\":{\"name\":\"Antalya K\u00f6rfez\",\"@id\":\"https:\/\/denizcankizil.tr\/de\/#\/schema\/person\/e1eb71bb4dd684d46563f0af307e1234\"},\"headline\":\"Aile ve Sosyal Hizmetler Bakan\u0131 duyurdu: Evde Bak\u0131m Yard\u0131m\u0131 hesaplara yat\u0131r\u0131l\u0131yor\",\"datePublished\":\"2025-04-15T08:41:18+00:00\",\"mainEntityOfPage\":{\"@id\":\"https:\/\/denizcankizil.tr\/uk\/haberler\/gundem\/aile-ve-sosyal-hizmetler-bakani-duyurdu-evde-bakim-yardimi-hesaplara-yatiriliyor\/\"},\"wordCount\":327,\"publisher\":{\"@id\":\"https:\/\/denizcankizil.tr\/de\/#organization\"},\"articleSection\":[\"G\u00fcndem\"],\"inLanguage\":\"en-GB\"},{\"@type\":\"WebPage\",\"@id\":\"https:\/\/denizcankizil.tr\/uk\/haberler\/gundem\/aile-ve-sosyal-hizmetler-bakani-duyurdu-evde-bakim-yardimi-hesaplara-yatiriliyor\/\",\"url\":\"https:\/\/denizcankizil.tr\/uk\/haberler\/gundem\/aile-ve-sosyal-hizmetler-bakani-duyurdu-evde-bakim-yardimi-hesaplara-yatiriliyor\/\",\"name\":\"Aile ve Sosyal Hizmetler Bakan\u0131 duyurdu: Evde Bak\u0131m Yard\u0131m\u0131 hesaplara yat\u0131r\u0131l\u0131yor - Av. Deniz Can K\u0131z\u0131l\",\"isPartOf\":{\"@id\":\"https:\/\/denizcankizil.tr\/de\/#website\"},\"datePublished\":\"2025-04-15T08:41:18+00:00\",\"breadcrumb\":{\"@id\":\"https:\/\/denizcankizil.tr\/uk\/haberler\/gundem\/aile-ve-sosyal-hizmetler-bakani-duyurdu-evde-bakim-yardimi-hesaplara-yatiriliyor\/#breadcrumb\"},\"inLanguage\":\"en-GB\",\"potentialAction\":[{\"@type\":\"ReadAction\",\"target\":[\"https:\/\/denizcankizil.tr\/uk\/haberler\/gundem\/aile-ve-sosyal-hizmetler-bakani-duyurdu-evde-bakim-yardimi-hesaplara-yatiriliyor\/\"]}]},{\"@type\":\"BreadcrumbList\",\"@id\":\"https:\/\/denizcankizil.tr\/uk\/haberler\/gundem\/aile-ve-sosyal-hizmetler-bakani-duyurdu-evde-bakim-yardimi-hesaplara-yatiriliyor\/#breadcrumb\",\"itemListElement\":[{\"@type\":\"ListItem\",\"position\":1,\"name\":\"Home\",\"item\":\"https:\/\/denizcankizil.tr\/de\/\"},{\"@type\":\"ListItem\",\"position\":2,\"name\":\"Aile ve Sosyal Hizmetler Bakan\u0131 duyurdu: Evde Bak\u0131m Yard\u0131m\u0131 hesaplara yat\u0131r\u0131l\u0131yor\"}]},{\"@type\":\"WebSite\",\"@id\":\"https:\/\/denizcankizil.tr\/de\/#website\",\"url\":\"https:\/\/denizcankizil.tr\/de\/\",\"name\":\"Av. Deniz Can K\u0131z\u0131l\",\"description\":\"Avukat Deniz Can K\u0131z\u0131l Antalya Barosu\",\"publisher\":{\"@id\":\"https:\/\/denizcankizil.tr\/de\/#organization\"},\"potentialAction\":[{\"@type\":\"SearchAction\",\"target\":{\"@type\":\"EntryPoint\",\"urlTemplate\":\"https:\/\/denizcankizil.tr\/de\/?s={search_term_string}\"},\"query-input\":{\"@type\":\"PropertyValueSpecification\",\"valueRequired\":true,\"valueName\":\"search_term_string\"}}],\"inLanguage\":\"en-GB\"},{\"@type\":\"Organization\",\"@id\":\"https:\/\/denizcankizil.tr\/de\/#organization\",\"name\":\"Av. Deniz Can K\u0131z\u0131l\",\"url\":\"https:\/\/denizcankizil.tr\/de\/\",\"logo\":{\"@type\":\"ImageObject\",\"inLanguage\":\"en-GB\",\"@id\":\"https:\/\/denizcankizil.tr\/de\/#\/schema\/logo\/image\/\",\"url\":\"http:\/\/denizcankizil.tr\/wp-content\/uploads\/2024\/10\/siyah-logo-svg.svg\",\"contentUrl\":\"http:\/\/denizcankizil.tr\/wp-content\/uploads\/2024\/10\/siyah-logo-svg.svg\",\"width\":1080,\"height\":1080,\"caption\":\"Av. Deniz Can K\u0131z\u0131l\"},\"image\":{\"@id\":\"https:\/\/denizcankizil.tr\/de\/#\/schema\/logo\/image\/\"}},{\"@type\":\"Person\",\"@id\":\"https:\/\/denizcankizil.tr\/de\/#\/schema\/person\/e1eb71bb4dd684d46563f0af307e1234\",\"name\":\"Antalya K\u00f6rfez\",\"image\":{\"@type\":\"ImageObject\",\"inLanguage\":\"en-GB\",\"@id\":\"https:\/\/denizcankizil.tr\/de\/#\/schema\/person\/image\/\",\"url\":\"https:\/\/secure.gravatar.com\/avatar\/42b01982558a48a0b501fdcab6a408d3717ea5919095ee2e67b0e521799c5905?s=96&d=mm&r=g\",\"contentUrl\":\"https:\/\/secure.gravatar.com\/avatar\/42b01982558a48a0b501fdcab6a408d3717ea5919095ee2e67b0e521799c5905?s=96&d=mm&r=g\",\"caption\":\"Antalya K\u00f6rfez\"},\"sameAs\":[\"http:\/\/www.antalyakorfez.com\"],\"url\":\"https:\/\/www.antalyakorfez.com\/aile-ve-sosyal-hizmetler-bakani-duyurdu-evde-bakim-yardimi-hesaplara-yatiriliyor\"}]}<\/script>\n<!-- \/ Yoast SEO Premium plugin. -->","yoast_head_json":{"title":"Aile ve Sosyal Hizmetler Bakan\u0131 duyurdu: Evde Bak\u0131m Yard\u0131m\u0131 hesaplara yat\u0131r\u0131l\u0131yor - Av. Deniz Can K\u0131z\u0131l","robots":{"index":"index","follow":"follow","max-snippet":"max-snippet:-1","max-image-preview":"max-image-preview:large","max-video-preview":"max-video-preview:-1"},"canonical":"https:\/\/denizcankizil.tr\/en\/haberler\/gundem\/aile-ve-sosyal-hizmetler-bakani-duyurdu-evde-bakim-yardimi-hesaplara-yatiriliyor\/","og_locale":"en_GB","og_type":"article","og_title":"Aile ve Sosyal Hizmetler Bakan\u0131 duyurdu: Evde Bak\u0131m Yard\u0131m\u0131 hesaplara yat\u0131r\u0131l\u0131yor","og_description":"Aile ve Sosyal Hizmetler Bakan\u0131 Mahinur \u00d6zdemir G\u00f6kta\u015f, evlerinde bak\u0131lan tam ba\u011f\u0131ml\u0131 vatanda\u015flara ve ailelerine ekonomik destek sa\u011flamak amac\u0131yla bu ay toplam 5,4 milyar lira Evde Bak\u0131m Yard\u0131m\u0131\u2019n\u0131 hesaplara yat\u0131rmaya ba\u015flad\u0131klar\u0131n\u0131 a\u00e7\u0131klad\u0131. BAKAN G\u00d6KTA\u015e DUYURDU Bakan G\u00f6kta\u015f, bakanl\u0131k taraf\u0131ndan sunulan en \u00f6nemli aile odakl\u0131 bak\u0131m hizmet modellerinden biri olan Evde Bak\u0131m Yard\u0131m\u0131\u2019n\u0131n 2006 y\u0131l\u0131nda engelli bireylerin \u00f6ncelikle aile yan\u0131nda desteklenmeleri d\u00fc\u015f\u00fcncesiyle ba\u015flat\u0131ld\u0131\u011f\u0131n\u0131 hat\u0131rlatt\u0131. G\u00f6kta\u015f, &#8220;Engelli vatanda\u015flar\u0131m\u0131z\u0131n aile b\u00fct\u00fcnl\u00fcklerini muhafaza edecek \u015fekilde bak\u0131mlar\u0131n\u0131n evde yap\u0131lmas\u0131n\u0131 \u00f6nceliyoruz. Evde Bak\u0131m Yard\u0131m\u0131 ile engellilerin ya\u015fad\u0131\u011f\u0131 ortamdan ayr\u0131lmadan, ailesi veya yak\u0131nlar\u0131yla birlikte ya\u015fayarak aile birli\u011finin korunmas\u0131na ve g\u00fc\u00e7lenmesine destek oluyoruz.&#8221; ifadelerini kulland\u0131. AYLIK 10 B\u0130N 125 L\u0130RA Evde Bak\u0131m Yard\u0131m\u0131 kapsam\u0131nda hak sahibi ba\u015f\u0131na ayl\u0131k 10 bin 125 lira \u00f6deme yap\u0131ld\u0131\u011f\u0131n\u0131 belirten G\u00f6kta\u015f, \u015funlar\u0131 kaydetti: &#8220;Evlerinde bak\u0131lan tam ba\u011f\u0131ml\u0131 vatanda\u015flar ve aileleri i\u00e7in bu ay toplam 5,4 milyar lira Evde Bak\u0131m Yard\u0131m\u0131\u2019n\u0131 hesaplara yat\u0131rmaya ba\u015flad\u0131k. Ayl\u0131k ortalama 544 bin vatanda\u015f\u0131m\u0131z Evde Bak\u0131m Yard\u0131m\u0131\u2019ndan yararlan\u0131yor. \u00d6demelerin t\u00fcm engelli vatanda\u015flar\u0131m\u0131za ve ailelerine hay\u0131rl\u0131 olmas\u0131n\u0131 diliyorum. Bakanl\u0131k olarak engellilik alan\u0131ndaki hak temelli sosyal yard\u0131mlar\u0131n \u015feffaf bir anlay\u0131\u015fla s\u00fcrd\u00fcr\u00fclebilir olmas\u0131 i\u00e7in \u00e7al\u0131\u015fmalar\u0131m\u0131z\u0131 s\u00fcrd\u00fcrece\u011fiz.&#8221; \u200bAile ve Sosyal Hizmetler Bakan\u0131 Mahinur \u00d6zdemir G\u00f6kta\u015f, Evde Bak\u0131m Yard\u0131m\u0131&#8217;n\u0131n hesaplara yat\u0131r\u0131lmaya ba\u015fland\u0131\u011f\u0131n\u0131 duyurdu. Hak sahibi ba\u015f\u0131na ayl\u0131k 10 bin 125 lira \u00f6deme yap\u0131lacak.\u00a0 \u200bHaberin &hellip;","og_url":"https:\/\/denizcankizil.tr\/en\/haberler\/gundem\/aile-ve-sosyal-hizmetler-bakani-duyurdu-evde-bakim-yardimi-hesaplara-yatiriliyor\/","og_site_name":"Av. Deniz Can K\u0131z\u0131l","article_published_time":"2025-04-15T08:41:18+00:00","author":"Antalya K\u00f6rfez","twitter_card":"summary_large_image","twitter_misc":{"Written by":"Antalya K\u00f6rfez","Estimated reading time":"2 minutes"},"schema":{"@context":"https:\/\/schema.org","@graph":[{"@type":"Article","@id":"https:\/\/denizcankizil.tr\/uk\/haberler\/gundem\/aile-ve-sosyal-hizmetler-bakani-duyurdu-evde-bakim-yardimi-hesaplara-yatiriliyor\/#article","isPartOf":{"@id":"https:\/\/denizcankizil.tr\/uk\/haberler\/gundem\/aile-ve-sosyal-hizmetler-bakani-duyurdu-evde-bakim-yardimi-hesaplara-yatiriliyor\/"},"author":{"name":"Antalya K\u00f6rfez","@id":"https:\/\/denizcankizil.tr\/de\/#\/schema\/person\/e1eb71bb4dd684d46563f0af307e1234"},"headline":"Aile ve Sosyal Hizmetler Bakan\u0131 duyurdu: Evde Bak\u0131m Yard\u0131m\u0131 hesaplara yat\u0131r\u0131l\u0131yor","datePublished":"2025-04-15T08:41:18+00:00","mainEntityOfPage":{"@id":"https:\/\/denizcankizil.tr\/uk\/haberler\/gundem\/aile-ve-sosyal-hizmetler-bakani-duyurdu-evde-bakim-yardimi-hesaplara-yatiriliyor\/"},"wordCount":327,"publisher":{"@id":"https:\/\/denizcankizil.tr\/de\/#organization"},"articleSection":["G\u00fcndem"],"inLanguage":"en-GB"},{"@type":"WebPage","@id":"https:\/\/denizcankizil.tr\/uk\/haberler\/gundem\/aile-ve-sosyal-hizmetler-bakani-duyurdu-evde-bakim-yardimi-hesaplara-yatiriliyor\/","url":"https:\/\/denizcankizil.tr\/uk\/haberler\/gundem\/aile-ve-sosyal-hizmetler-bakani-duyurdu-evde-bakim-yardimi-hesaplara-yatiriliyor\/","name":"Aile ve Sosyal Hizmetler Bakan\u0131 duyurdu: Evde Bak\u0131m Yard\u0131m\u0131 hesaplara yat\u0131r\u0131l\u0131yor - Av. Deniz Can K\u0131z\u0131l","isPartOf":{"@id":"https:\/\/denizcankizil.tr\/de\/#website"},"datePublished":"2025-04-15T08:41:18+00:00","breadcrumb":{"@id":"https:\/\/denizcankizil.tr\/uk\/haberler\/gundem\/aile-ve-sosyal-hizmetler-bakani-duyurdu-evde-bakim-yardimi-hesaplara-yatiriliyor\/#breadcrumb"},"inLanguage":"en-GB","potentialAction":[{"@type":"ReadAction","target":["https:\/\/denizcankizil.tr\/uk\/haberler\/gundem\/aile-ve-sosyal-hizmetler-bakani-duyurdu-evde-bakim-yardimi-hesaplara-yatiriliyor\/"]}]},{"@type":"BreadcrumbList","@id":"https:\/\/denizcankizil.tr\/uk\/haberler\/gundem\/aile-ve-sosyal-hizmetler-bakani-duyurdu-evde-bakim-yardimi-hesaplara-yatiriliyor\/#breadcrumb","itemListElement":[{"@type":"ListItem","position":1,"name":"Home","item":"https:\/\/denizcankizil.tr\/de\/"},{"@type":"ListItem","position":2,"name":"Aile ve Sosyal Hizmetler Bakan\u0131 duyurdu: Evde Bak\u0131m Yard\u0131m\u0131 hesaplara yat\u0131r\u0131l\u0131yor"}]},{"@type":"WebSite","@id":"https:\/\/denizcankizil.tr\/de\/#website","url":"https:\/\/denizcankizil.tr\/de\/","name":"Av. Deniz Can K\u0131z\u0131l","description":"Avukat Deniz Can K\u0131z\u0131l Antalya Barosu","publisher":{"@id":"https:\/\/denizcankizil.tr\/de\/#organization"},"potentialAction":[{"@type":"SearchAction","target":{"@type":"EntryPoint","urlTemplate":"https:\/\/denizcankizil.tr\/de\/?s={search_term_string}"},"query-input":{"@type":"PropertyValueSpecification","valueRequired":true,"valueName":"search_term_string"}}],"inLanguage":"en-GB"},{"@type":"Organization","@id":"https:\/\/denizcankizil.tr\/de\/#organization","name":"Av. Deniz Can K\u0131z\u0131l","url":"https:\/\/denizcankizil.tr\/de\/","logo":{"@type":"ImageObject","inLanguage":"en-GB","@id":"https:\/\/denizcankizil.tr\/de\/#\/schema\/logo\/image\/","url":"http:\/\/denizcankizil.tr\/wp-content\/uploads\/2024\/10\/siyah-logo-svg.svg","contentUrl":"http:\/\/denizcankizil.tr\/wp-content\/uploads\/2024\/10\/siyah-logo-svg.svg","width":1080,"height":1080,"caption":"Av. Deniz Can K\u0131z\u0131l"},"image":{"@id":"https:\/\/denizcankizil.tr\/de\/#\/schema\/logo\/image\/"}},{"@type":"Person","@id":"https:\/\/denizcankizil.tr\/de\/#\/schema\/person\/e1eb71bb4dd684d46563f0af307e1234","name":"Antalya K\u00f6rfez","image":{"@type":"ImageObject","inLanguage":"en-GB","@id":"https:\/\/denizcankizil.tr\/de\/#\/schema\/person\/image\/","url":"https:\/\/secure.gravatar.com\/avatar\/42b01982558a48a0b501fdcab6a408d3717ea5919095ee2e67b0e521799c5905?s=96&d=mm&r=g","contentUrl":"https:\/\/secure.gravatar.com\/avatar\/42b01982558a48a0b501fdcab6a408d3717ea5919095ee2e67b0e521799c5905?s=96&d=mm&r=g","caption":"Antalya K\u00f6rfez"},"sameAs":["http:\/\/www.antalyakorfez.com"],"url":"https:\/\/www.antalyakorfez.com\/aile-ve-sosyal-hizmetler-bakani-duyurdu-evde-bakim-yardimi-hesaplara-yatiriliyor"}]}},"_links":{"self":[{"href":"http:\/\/denizcankizil.tr\/en\/wp-json\/wp\/v2\/posts\/56308","targetHints":{"allow":["GET"]}}],"collection":[{"href":"http:\/\/denizcankizil.tr\/en\/wp-json\/wp\/v2\/posts"}],"about":[{"href":"http:\/\/denizcankizil.tr\/en\/wp-json\/wp\/v2\/types\/post"}],"author":[{"embeddable":true,"href":"http:\/\/denizcankizil.tr\/en\/wp-json\/wp\/v2\/users\/5"}],"replies":[{"embeddable":true,"href":"http:\/\/denizcankizil.tr\/en\/wp-json\/wp\/v2\/comments?post=56308"}],"version-history":[{"count":0,"href":"http:\/\/denizcankizil.tr\/en\/wp-json\/wp\/v2\/posts\/56308\/revisions"}],"wp:attachment":[{"href":"http:\/\/denizcankizil.tr\/en\/wp-json\/wp\/v2\/media?parent=56308"}],"wp:term":[{"taxonomy":"category","embeddable":true,"href":"http:\/\/denizcankizil.tr\/en\/wp-json\/wp\/v2\/categories?post=56308"},{"taxonomy":"post_tag","embeddable":true,"href":"http:\/\/denizcankizil.tr\/en\/wp-json\/wp\/v2\/tags?post=56308"}],"curies":[{"name":"wp","href":"https:\/\/api.w.org\/{rel}","templated":true}]}}