{"id":54765,"date":"2025-04-13T23:41:17","date_gmt":"2025-04-13T20:41:17","guid":{"rendered":"https:\/\/denizcankizil.tr\/uncategorized-tr\/nisanin-ortasinda-kar-tatili-o-illerde-egitime-1-gun-ara-verildi\/"},"modified":"2025-04-13T23:41:17","modified_gmt":"2025-04-13T20:41:17","slug":"nisanin-ortasinda-kar-tatili-o-illerde-egitime-1-gun-ara-verildi","status":"publish","type":"post","link":"http:\/\/denizcankizil.tr\/en\/haberler\/gundem\/nisanin-ortasinda-kar-tatili-o-illerde-egitime-1-gun-ara-verildi\/","title":{"rendered":"Nisan\u0131n ortas\u0131nda kar tatili! O illerde e\u011fitime 1 g\u00fcn ara verildi"},"content":{"rendered":"<p>Balkanlardan gelen so\u011fuk hava dalgas\u0131 T\u00fcrkiye\u2019yi etkisi alt\u0131na ald\u0131. Nisan ay\u0131n\u0131n ortalar\u0131na gelinmesine ra\u011fmen kar ya\u011f\u0131\u015f\u0131 ve so\u011fuk hava hala devam ediyor. Yeni haftayla beraber s\u0131cakl\u0131klar\u0131n y\u00fcklemesi beklenirken baz\u0131 illerde ise e\u011fitime 1 g\u00fcn ara verildi.<\/p>\n<p>E\u011e\u0130T\u0130ME KAR ENGELL\u0130 <\/p>\n<p>T\u00fcrkiye genelinde etkili olan serin ve ya\u011f\u0131\u015fl\u0131 hava nedeniyle Kastamonu, Mu\u015f, Karab\u00fck, Bart\u0131n ve \u00c7orum&#8217;da 14 Nisan Pazartesi g\u00fcn\u00fc (yar\u0131n) e\u011fitime 1 g\u00fcn ara verildi\u011fi a\u00e7\u0131kland\u0131.<\/p>\n<p>KASTAMONU\u2019DA OKULLAR TAT\u0130L ED\u0130LD\u0130<\/p>\n<p> \u015eenpazar ve Devrekani il\u00e7elerinde: Ta\u015f\u0131mal\u0131 e\u011fitim yapan okullar tatil edildi.<\/p>\n<p> P\u0131narba\u015f\u0131 il\u00e7esinde: T\u00fcm resmi ve \u00f6zel okullarda e\u011fitime 1 g\u00fcn ara verildi.<\/p>\n<p>MU\u015e&#8217;TA E\u011e\u0130T\u0130ME KAR ENGEL\u0130<\/p>\n<p> \u0130l genelinde (\u00fcniversiteler hari\u00e7) t\u00fcm resmi ve \u00f6zel okullar tatil edildi.<\/p>\n<p> Kamu \u00e7al\u0131\u015fanlar\u0131 i\u00e7in ek tedbirleri al\u0131narak Hamile, engelli ve a\u011f\u0131r kronik hastal\u0131\u011f\u0131 olan personel, Anaokulu\/kre\u015fe \u00e7ocu\u011fu giden kad\u0131n personel, idari izinli say\u0131lacak.<\/p>\n<p>KARAB\u00dcK&#8217;TE E\u011e\u0130T\u0130ME 1 G\u00dcN ARA <\/p>\n<p> \u0130l genelindeki t\u00fcm okullarda (resmi ve \u00f6zel) e\u011fitime 1 g\u00fcn ara verildi.<\/p>\n<p>BARTIN&#8217;DA TA\u015eIMALI E\u011e\u0130T\u0130ME ARA<\/p>\n<p> Bart\u0131n&#8217;\u0131n Ulus il\u00e7esinde ta\u015f\u0131mal\u0131 e\u011fitim kapsam\u0131ndaki okullar tatil edildi.<\/p>\n<p>\u00c7ORUM&#8217;DA KAR TAT\u0130L\u0130 <\/p>\n<p> Bo\u011fazkale il\u00e7esinde: T\u00fcm okullar \u00f6\u011fleden sonra tatil edildi.<\/p>\n<p> Sungurlu ve Osmanc\u0131k il\u00e7elerinde: Ta\u015f\u0131mal\u0131 e\u011fitim \u00f6\u011fleden sonra durduruldu.<\/p>\n<p>\u200bT\u00fcrkiye genelinde etkili olan so\u011fuk hava ve kar ya\u011f\u0131\u015f\u0131 nedeniyle baz\u0131 illerde e\u011fitime ara verildi. \u0130\u015fte detaylar&#8230;\u00a0<\/p>\n<p>\u200bHaberin Al\u0131nt\u0131land\u0131\u011f\u0131 Kaynak: www.antalyakorfez.com<\/p>","protected":false},"excerpt":{"rendered":"<p>Balkanlardan gelen so\u011fuk hava dalgas\u0131 T\u00fcrkiye\u2019yi etkisi alt\u0131na ald\u0131. Nisan ay\u0131n\u0131n ortalar\u0131na gelinmesine ra\u011fmen kar ya\u011f\u0131\u015f\u0131 ve so\u011fuk hava hala devam ediyor. Yeni haftayla beraber s\u0131cakl\u0131klar\u0131n y\u00fcklemesi beklenirken baz\u0131 illerde ise e\u011fitime 1 g\u00fcn ara verildi. E\u011e\u0130T\u0130ME KAR ENGELL\u0130 T\u00fcrkiye genelinde etkili olan serin ve ya\u011f\u0131\u015fl\u0131 hava nedeniyle Kastamonu, Mu\u015f, Karab\u00fck, Bart\u0131n ve \u00c7orum&#8217;da 14 Nisan Pazartesi g\u00fcn\u00fc (yar\u0131n) e\u011fitime 1 g\u00fcn ara verildi\u011fi a\u00e7\u0131kland\u0131. KASTAMONU\u2019DA OKULLAR TAT\u0130L ED\u0130LD\u0130 \u015eenpazar ve Devrekani il\u00e7elerinde: Ta\u015f\u0131mal\u0131 e\u011fitim yapan okullar tatil edildi. P\u0131narba\u015f\u0131 il\u00e7esinde: T\u00fcm resmi ve \u00f6zel okullarda e\u011fitime 1 g\u00fcn ara verildi. MU\u015e&#8217;TA E\u011e\u0130T\u0130ME KAR ENGEL\u0130 \u0130l genelinde (\u00fcniversiteler hari\u00e7) t\u00fcm resmi ve \u00f6zel okullar tatil edildi. Kamu \u00e7al\u0131\u015fanlar\u0131 i\u00e7in ek tedbirleri al\u0131narak Hamile, engelli ve a\u011f\u0131r kronik hastal\u0131\u011f\u0131 olan personel, Anaokulu\/kre\u015fe \u00e7ocu\u011fu giden kad\u0131n personel, idari izinli say\u0131lacak. KARAB\u00dcK&#8217;TE E\u011e\u0130T\u0130ME 1 G\u00dcN ARA \u0130l genelindeki t\u00fcm okullarda (resmi ve \u00f6zel) e\u011fitime 1 g\u00fcn ara verildi. BARTIN&#8217;DA TA\u015eIMALI E\u011e\u0130T\u0130ME ARA Bart\u0131n&#8217;\u0131n Ulus il\u00e7esinde ta\u015f\u0131mal\u0131 e\u011fitim kapsam\u0131ndaki okullar tatil edildi. \u00c7ORUM&#8217;DA KAR TAT\u0130L\u0130 Bo\u011fazkale il\u00e7esinde: T\u00fcm okullar \u00f6\u011fleden sonra tatil edildi. Sungurlu ve Osmanc\u0131k il\u00e7elerinde: Ta\u015f\u0131mal\u0131 e\u011fitim \u00f6\u011fleden sonra durduruldu. \u200bT\u00fcrkiye genelinde etkili olan so\u011fuk hava ve kar ya\u011f\u0131\u015f\u0131 nedeniyle baz\u0131 illerde e\u011fitime ara verildi. \u0130\u015fte detaylar&#8230;\u00a0 \u200bHaberin Al\u0131nt\u0131land\u0131\u011f\u0131 Kaynak: www.antalyakorfez.com<\/p>","protected":false},"author":5,"featured_media":0,"comment_status":"","ping_status":"open","sticky":false,"template":"","format":"standard","meta":{"_acf_changed":false,"footnotes":""},"categories":[24],"tags":[],"class_list":["post-54765","post","type-post","status-publish","format-standard","has-post-thumbnail","hentry","category-gundem"],"acf":[],"yoast_head":"<!-- This site is optimized with the Yoast SEO Premium plugin v26.6 (Yoast SEO v27.1.1) - https:\/\/yoast.com\/product\/yoast-seo-premium-wordpress\/ -->\n<title>Nisan\u0131n ortas\u0131nda kar tatili! O illerde e\u011fitime 1 g\u00fcn ara verildi - Av. Deniz Can K\u0131z\u0131l<\/title>\n<meta name=\"robots\" content=\"index, follow, max-snippet:-1, max-image-preview:large, max-video-preview:-1\" \/>\n<link rel=\"canonical\" href=\"https:\/\/denizcankizil.tr\/en\/haberler\/gundem\/nisanin-ortasinda-kar-tatili-o-illerde-egitime-1-gun-ara-verildi\/\" \/>\n<meta property=\"og:locale\" content=\"en_GB\" \/>\n<meta property=\"og:type\" content=\"article\" \/>\n<meta property=\"og:title\" content=\"Nisan\u0131n ortas\u0131nda kar tatili! O illerde e\u011fitime 1 g\u00fcn ara verildi\" \/>\n<meta property=\"og:description\" content=\"Balkanlardan gelen so\u011fuk hava dalgas\u0131 T\u00fcrkiye\u2019yi etkisi alt\u0131na ald\u0131. Nisan ay\u0131n\u0131n ortalar\u0131na gelinmesine ra\u011fmen kar ya\u011f\u0131\u015f\u0131 ve so\u011fuk hava hala devam ediyor. Yeni haftayla beraber s\u0131cakl\u0131klar\u0131n y\u00fcklemesi beklenirken baz\u0131 illerde ise e\u011fitime 1 g\u00fcn ara verildi. E\u011e\u0130T\u0130ME KAR ENGELL\u0130 T\u00fcrkiye genelinde etkili olan serin ve ya\u011f\u0131\u015fl\u0131 hava nedeniyle Kastamonu, Mu\u015f, Karab\u00fck, Bart\u0131n ve \u00c7orum&#8217;da 14 Nisan Pazartesi g\u00fcn\u00fc (yar\u0131n) e\u011fitime 1 g\u00fcn ara verildi\u011fi a\u00e7\u0131kland\u0131. KASTAMONU\u2019DA OKULLAR TAT\u0130L ED\u0130LD\u0130 \u015eenpazar ve Devrekani il\u00e7elerinde: Ta\u015f\u0131mal\u0131 e\u011fitim yapan okullar tatil edildi. P\u0131narba\u015f\u0131 il\u00e7esinde: T\u00fcm resmi ve \u00f6zel okullarda e\u011fitime 1 g\u00fcn ara verildi. MU\u015e&#8217;TA E\u011e\u0130T\u0130ME KAR ENGEL\u0130 \u0130l genelinde (\u00fcniversiteler hari\u00e7) t\u00fcm resmi ve \u00f6zel okullar tatil edildi. Kamu \u00e7al\u0131\u015fanlar\u0131 i\u00e7in ek tedbirleri al\u0131narak Hamile, engelli ve a\u011f\u0131r kronik hastal\u0131\u011f\u0131 olan personel, Anaokulu\/kre\u015fe \u00e7ocu\u011fu giden kad\u0131n personel, idari izinli say\u0131lacak. KARAB\u00dcK&#8217;TE E\u011e\u0130T\u0130ME 1 G\u00dcN ARA \u0130l genelindeki t\u00fcm okullarda (resmi ve \u00f6zel) e\u011fitime 1 g\u00fcn ara verildi. BARTIN&#8217;DA TA\u015eIMALI E\u011e\u0130T\u0130ME ARA Bart\u0131n&#8217;\u0131n Ulus il\u00e7esinde ta\u015f\u0131mal\u0131 e\u011fitim kapsam\u0131ndaki okullar tatil edildi. \u00c7ORUM&#8217;DA KAR TAT\u0130L\u0130 Bo\u011fazkale il\u00e7esinde: T\u00fcm okullar \u00f6\u011fleden sonra tatil edildi. Sungurlu ve Osmanc\u0131k il\u00e7elerinde: Ta\u015f\u0131mal\u0131 e\u011fitim \u00f6\u011fleden sonra durduruldu. \u200bT\u00fcrkiye genelinde etkili olan so\u011fuk hava ve kar ya\u011f\u0131\u015f\u0131 nedeniyle baz\u0131 illerde e\u011fitime ara verildi. \u0130\u015fte detaylar&#8230;\u00a0 \u200bHaberin Al\u0131nt\u0131land\u0131\u011f\u0131 Kaynak: www.antalyakorfez.com\" \/>\n<meta property=\"og:url\" content=\"https:\/\/denizcankizil.tr\/en\/haberler\/gundem\/nisanin-ortasinda-kar-tatili-o-illerde-egitime-1-gun-ara-verildi\/\" \/>\n<meta property=\"og:site_name\" content=\"Av. Deniz Can K\u0131z\u0131l\" \/>\n<meta property=\"article:published_time\" content=\"2025-04-13T20:41:17+00:00\" \/>\n<meta name=\"author\" content=\"Antalya K\u00f6rfez\" \/>\n<meta name=\"twitter:card\" content=\"summary_large_image\" \/>\n<meta name=\"twitter:label1\" content=\"Written by\" \/>\n\t<meta name=\"twitter:data1\" content=\"Antalya K\u00f6rfez\" \/>\n\t<meta name=\"twitter:label2\" content=\"Estimated reading time\" \/>\n\t<meta name=\"twitter:data2\" content=\"1 minute\" \/>\n<script type=\"application\/ld+json\" class=\"yoast-schema-graph\">{\"@context\":\"https:\/\/schema.org\",\"@graph\":[{\"@type\":\"Article\",\"@id\":\"https:\/\/denizcankizil.tr\/uk\/haberler\/gundem\/nisanin-ortasinda-kar-tatili-o-illerde-egitime-1-gun-ara-verildi\/#article\",\"isPartOf\":{\"@id\":\"https:\/\/denizcankizil.tr\/uk\/haberler\/gundem\/nisanin-ortasinda-kar-tatili-o-illerde-egitime-1-gun-ara-verildi\/\"},\"author\":{\"name\":\"Antalya K\u00f6rfez\",\"@id\":\"https:\/\/denizcankizil.tr\/#\/schema\/person\/e1eb71bb4dd684d46563f0af307e1234\"},\"headline\":\"Nisan\u0131n ortas\u0131nda kar tatili! O illerde e\u011fitime 1 g\u00fcn ara verildi\",\"datePublished\":\"2025-04-13T20:41:17+00:00\",\"mainEntityOfPage\":{\"@id\":\"https:\/\/denizcankizil.tr\/uk\/haberler\/gundem\/nisanin-ortasinda-kar-tatili-o-illerde-egitime-1-gun-ara-verildi\/\"},\"wordCount\":293,\"publisher\":{\"@id\":\"https:\/\/denizcankizil.tr\/#organization\"},\"articleSection\":[\"G\u00fcndem\"],\"inLanguage\":\"en-GB\"},{\"@type\":\"WebPage\",\"@id\":\"https:\/\/denizcankizil.tr\/uk\/haberler\/gundem\/nisanin-ortasinda-kar-tatili-o-illerde-egitime-1-gun-ara-verildi\/\",\"url\":\"https:\/\/denizcankizil.tr\/uk\/haberler\/gundem\/nisanin-ortasinda-kar-tatili-o-illerde-egitime-1-gun-ara-verildi\/\",\"name\":\"Nisan\u0131n ortas\u0131nda kar tatili! O illerde e\u011fitime 1 g\u00fcn ara verildi - Av. Deniz Can K\u0131z\u0131l\",\"isPartOf\":{\"@id\":\"https:\/\/denizcankizil.tr\/#website\"},\"datePublished\":\"2025-04-13T20:41:17+00:00\",\"breadcrumb\":{\"@id\":\"https:\/\/denizcankizil.tr\/uk\/haberler\/gundem\/nisanin-ortasinda-kar-tatili-o-illerde-egitime-1-gun-ara-verildi\/#breadcrumb\"},\"inLanguage\":\"en-GB\",\"potentialAction\":[{\"@type\":\"ReadAction\",\"target\":[\"https:\/\/denizcankizil.tr\/uk\/haberler\/gundem\/nisanin-ortasinda-kar-tatili-o-illerde-egitime-1-gun-ara-verildi\/\"]}]},{\"@type\":\"BreadcrumbList\",\"@id\":\"https:\/\/denizcankizil.tr\/uk\/haberler\/gundem\/nisanin-ortasinda-kar-tatili-o-illerde-egitime-1-gun-ara-verildi\/#breadcrumb\",\"itemListElement\":[{\"@type\":\"ListItem\",\"position\":1,\"name\":\"Home\",\"item\":\"https:\/\/denizcankizil.tr\/de\/\"},{\"@type\":\"ListItem\",\"position\":2,\"name\":\"Nisan\u0131n ortas\u0131nda kar tatili! O illerde e\u011fitime 1 g\u00fcn ara verildi\"}]},{\"@type\":\"WebSite\",\"@id\":\"https:\/\/denizcankizil.tr\/#website\",\"url\":\"https:\/\/denizcankizil.tr\/\",\"name\":\"Av. Deniz Can K\u0131z\u0131l\",\"description\":\"Avukat Deniz Can K\u0131z\u0131l Antalya Barosu\",\"publisher\":{\"@id\":\"https:\/\/denizcankizil.tr\/#organization\"},\"potentialAction\":[{\"@type\":\"SearchAction\",\"target\":{\"@type\":\"EntryPoint\",\"urlTemplate\":\"https:\/\/denizcankizil.tr\/?s={search_term_string}\"},\"query-input\":{\"@type\":\"PropertyValueSpecification\",\"valueRequired\":true,\"valueName\":\"search_term_string\"}}],\"inLanguage\":\"en-GB\"},{\"@type\":\"Organization\",\"@id\":\"https:\/\/denizcankizil.tr\/#organization\",\"name\":\"Av. Deniz Can K\u0131z\u0131l\",\"url\":\"https:\/\/denizcankizil.tr\/\",\"logo\":{\"@type\":\"ImageObject\",\"inLanguage\":\"en-GB\",\"@id\":\"https:\/\/denizcankizil.tr\/#\/schema\/logo\/image\/\",\"url\":\"http:\/\/denizcankizil.tr\/wp-content\/uploads\/2024\/10\/siyah-logo-svg.svg\",\"contentUrl\":\"http:\/\/denizcankizil.tr\/wp-content\/uploads\/2024\/10\/siyah-logo-svg.svg\",\"width\":1080,\"height\":1080,\"caption\":\"Av. Deniz Can K\u0131z\u0131l\"},\"image\":{\"@id\":\"https:\/\/denizcankizil.tr\/#\/schema\/logo\/image\/\"}},{\"@type\":\"Person\",\"@id\":\"https:\/\/denizcankizil.tr\/#\/schema\/person\/e1eb71bb4dd684d46563f0af307e1234\",\"name\":\"Antalya K\u00f6rfez\",\"image\":{\"@type\":\"ImageObject\",\"inLanguage\":\"en-GB\",\"@id\":\"https:\/\/denizcankizil.tr\/#\/schema\/person\/image\/\",\"url\":\"https:\/\/secure.gravatar.com\/avatar\/42b01982558a48a0b501fdcab6a408d3717ea5919095ee2e67b0e521799c5905?s=96&d=mm&r=g\",\"contentUrl\":\"https:\/\/secure.gravatar.com\/avatar\/42b01982558a48a0b501fdcab6a408d3717ea5919095ee2e67b0e521799c5905?s=96&d=mm&r=g\",\"caption\":\"Antalya K\u00f6rfez\"},\"sameAs\":[\"http:\/\/www.antalyakorfez.com\"],\"url\":\"https:\/\/www.antalyakorfez.com\/nisanin-ortasinda-kar-tatili-o-illerde-egitime-1-gun-ara-verildi\"}]}<\/script>\n<!-- \/ Yoast SEO Premium plugin. -->","yoast_head_json":{"title":"Nisan\u0131n ortas\u0131nda kar tatili! O illerde e\u011fitime 1 g\u00fcn ara verildi - Av. Deniz Can K\u0131z\u0131l","robots":{"index":"index","follow":"follow","max-snippet":"max-snippet:-1","max-image-preview":"max-image-preview:large","max-video-preview":"max-video-preview:-1"},"canonical":"https:\/\/denizcankizil.tr\/en\/haberler\/gundem\/nisanin-ortasinda-kar-tatili-o-illerde-egitime-1-gun-ara-verildi\/","og_locale":"en_GB","og_type":"article","og_title":"Nisan\u0131n ortas\u0131nda kar tatili! O illerde e\u011fitime 1 g\u00fcn ara verildi","og_description":"Balkanlardan gelen so\u011fuk hava dalgas\u0131 T\u00fcrkiye\u2019yi etkisi alt\u0131na ald\u0131. Nisan ay\u0131n\u0131n ortalar\u0131na gelinmesine ra\u011fmen kar ya\u011f\u0131\u015f\u0131 ve so\u011fuk hava hala devam ediyor. Yeni haftayla beraber s\u0131cakl\u0131klar\u0131n y\u00fcklemesi beklenirken baz\u0131 illerde ise e\u011fitime 1 g\u00fcn ara verildi. E\u011e\u0130T\u0130ME KAR ENGELL\u0130 T\u00fcrkiye genelinde etkili olan serin ve ya\u011f\u0131\u015fl\u0131 hava nedeniyle Kastamonu, Mu\u015f, Karab\u00fck, Bart\u0131n ve \u00c7orum&#8217;da 14 Nisan Pazartesi g\u00fcn\u00fc (yar\u0131n) e\u011fitime 1 g\u00fcn ara verildi\u011fi a\u00e7\u0131kland\u0131. KASTAMONU\u2019DA OKULLAR TAT\u0130L ED\u0130LD\u0130 \u015eenpazar ve Devrekani il\u00e7elerinde: Ta\u015f\u0131mal\u0131 e\u011fitim yapan okullar tatil edildi. P\u0131narba\u015f\u0131 il\u00e7esinde: T\u00fcm resmi ve \u00f6zel okullarda e\u011fitime 1 g\u00fcn ara verildi. MU\u015e&#8217;TA E\u011e\u0130T\u0130ME KAR ENGEL\u0130 \u0130l genelinde (\u00fcniversiteler hari\u00e7) t\u00fcm resmi ve \u00f6zel okullar tatil edildi. Kamu \u00e7al\u0131\u015fanlar\u0131 i\u00e7in ek tedbirleri al\u0131narak Hamile, engelli ve a\u011f\u0131r kronik hastal\u0131\u011f\u0131 olan personel, Anaokulu\/kre\u015fe \u00e7ocu\u011fu giden kad\u0131n personel, idari izinli say\u0131lacak. KARAB\u00dcK&#8217;TE E\u011e\u0130T\u0130ME 1 G\u00dcN ARA \u0130l genelindeki t\u00fcm okullarda (resmi ve \u00f6zel) e\u011fitime 1 g\u00fcn ara verildi. BARTIN&#8217;DA TA\u015eIMALI E\u011e\u0130T\u0130ME ARA Bart\u0131n&#8217;\u0131n Ulus il\u00e7esinde ta\u015f\u0131mal\u0131 e\u011fitim kapsam\u0131ndaki okullar tatil edildi. \u00c7ORUM&#8217;DA KAR TAT\u0130L\u0130 Bo\u011fazkale il\u00e7esinde: T\u00fcm okullar \u00f6\u011fleden sonra tatil edildi. Sungurlu ve Osmanc\u0131k il\u00e7elerinde: Ta\u015f\u0131mal\u0131 e\u011fitim \u00f6\u011fleden sonra durduruldu. \u200bT\u00fcrkiye genelinde etkili olan so\u011fuk hava ve kar ya\u011f\u0131\u015f\u0131 nedeniyle baz\u0131 illerde e\u011fitime ara verildi. \u0130\u015fte detaylar&#8230;\u00a0 \u200bHaberin Al\u0131nt\u0131land\u0131\u011f\u0131 Kaynak: www.antalyakorfez.com","og_url":"https:\/\/denizcankizil.tr\/en\/haberler\/gundem\/nisanin-ortasinda-kar-tatili-o-illerde-egitime-1-gun-ara-verildi\/","og_site_name":"Av. Deniz Can K\u0131z\u0131l","article_published_time":"2025-04-13T20:41:17+00:00","author":"Antalya K\u00f6rfez","twitter_card":"summary_large_image","twitter_misc":{"Written by":"Antalya K\u00f6rfez","Estimated reading time":"1 minute"},"schema":{"@context":"https:\/\/schema.org","@graph":[{"@type":"Article","@id":"https:\/\/denizcankizil.tr\/uk\/haberler\/gundem\/nisanin-ortasinda-kar-tatili-o-illerde-egitime-1-gun-ara-verildi\/#article","isPartOf":{"@id":"https:\/\/denizcankizil.tr\/uk\/haberler\/gundem\/nisanin-ortasinda-kar-tatili-o-illerde-egitime-1-gun-ara-verildi\/"},"author":{"name":"Antalya K\u00f6rfez","@id":"https:\/\/denizcankizil.tr\/#\/schema\/person\/e1eb71bb4dd684d46563f0af307e1234"},"headline":"Nisan\u0131n ortas\u0131nda kar tatili! O illerde e\u011fitime 1 g\u00fcn ara verildi","datePublished":"2025-04-13T20:41:17+00:00","mainEntityOfPage":{"@id":"https:\/\/denizcankizil.tr\/uk\/haberler\/gundem\/nisanin-ortasinda-kar-tatili-o-illerde-egitime-1-gun-ara-verildi\/"},"wordCount":293,"publisher":{"@id":"https:\/\/denizcankizil.tr\/#organization"},"articleSection":["G\u00fcndem"],"inLanguage":"en-GB"},{"@type":"WebPage","@id":"https:\/\/denizcankizil.tr\/uk\/haberler\/gundem\/nisanin-ortasinda-kar-tatili-o-illerde-egitime-1-gun-ara-verildi\/","url":"https:\/\/denizcankizil.tr\/uk\/haberler\/gundem\/nisanin-ortasinda-kar-tatili-o-illerde-egitime-1-gun-ara-verildi\/","name":"Nisan\u0131n ortas\u0131nda kar tatili! O illerde e\u011fitime 1 g\u00fcn ara verildi - Av. Deniz Can K\u0131z\u0131l","isPartOf":{"@id":"https:\/\/denizcankizil.tr\/#website"},"datePublished":"2025-04-13T20:41:17+00:00","breadcrumb":{"@id":"https:\/\/denizcankizil.tr\/uk\/haberler\/gundem\/nisanin-ortasinda-kar-tatili-o-illerde-egitime-1-gun-ara-verildi\/#breadcrumb"},"inLanguage":"en-GB","potentialAction":[{"@type":"ReadAction","target":["https:\/\/denizcankizil.tr\/uk\/haberler\/gundem\/nisanin-ortasinda-kar-tatili-o-illerde-egitime-1-gun-ara-verildi\/"]}]},{"@type":"BreadcrumbList","@id":"https:\/\/denizcankizil.tr\/uk\/haberler\/gundem\/nisanin-ortasinda-kar-tatili-o-illerde-egitime-1-gun-ara-verildi\/#breadcrumb","itemListElement":[{"@type":"ListItem","position":1,"name":"Home","item":"https:\/\/denizcankizil.tr\/de\/"},{"@type":"ListItem","position":2,"name":"Nisan\u0131n ortas\u0131nda kar tatili! O illerde e\u011fitime 1 g\u00fcn ara verildi"}]},{"@type":"WebSite","@id":"https:\/\/denizcankizil.tr\/#website","url":"https:\/\/denizcankizil.tr\/","name":"Av. Deniz Can K\u0131z\u0131l","description":"Avukat Deniz Can K\u0131z\u0131l Antalya Barosu","publisher":{"@id":"https:\/\/denizcankizil.tr\/#organization"},"potentialAction":[{"@type":"SearchAction","target":{"@type":"EntryPoint","urlTemplate":"https:\/\/denizcankizil.tr\/?s={search_term_string}"},"query-input":{"@type":"PropertyValueSpecification","valueRequired":true,"valueName":"search_term_string"}}],"inLanguage":"en-GB"},{"@type":"Organization","@id":"https:\/\/denizcankizil.tr\/#organization","name":"Av. Deniz Can K\u0131z\u0131l","url":"https:\/\/denizcankizil.tr\/","logo":{"@type":"ImageObject","inLanguage":"en-GB","@id":"https:\/\/denizcankizil.tr\/#\/schema\/logo\/image\/","url":"http:\/\/denizcankizil.tr\/wp-content\/uploads\/2024\/10\/siyah-logo-svg.svg","contentUrl":"http:\/\/denizcankizil.tr\/wp-content\/uploads\/2024\/10\/siyah-logo-svg.svg","width":1080,"height":1080,"caption":"Av. Deniz Can K\u0131z\u0131l"},"image":{"@id":"https:\/\/denizcankizil.tr\/#\/schema\/logo\/image\/"}},{"@type":"Person","@id":"https:\/\/denizcankizil.tr\/#\/schema\/person\/e1eb71bb4dd684d46563f0af307e1234","name":"Antalya K\u00f6rfez","image":{"@type":"ImageObject","inLanguage":"en-GB","@id":"https:\/\/denizcankizil.tr\/#\/schema\/person\/image\/","url":"https:\/\/secure.gravatar.com\/avatar\/42b01982558a48a0b501fdcab6a408d3717ea5919095ee2e67b0e521799c5905?s=96&d=mm&r=g","contentUrl":"https:\/\/secure.gravatar.com\/avatar\/42b01982558a48a0b501fdcab6a408d3717ea5919095ee2e67b0e521799c5905?s=96&d=mm&r=g","caption":"Antalya K\u00f6rfez"},"sameAs":["http:\/\/www.antalyakorfez.com"],"url":"https:\/\/www.antalyakorfez.com\/nisanin-ortasinda-kar-tatili-o-illerde-egitime-1-gun-ara-verildi"}]}},"_links":{"self":[{"href":"http:\/\/denizcankizil.tr\/en\/wp-json\/wp\/v2\/posts\/54765","targetHints":{"allow":["GET"]}}],"collection":[{"href":"http:\/\/denizcankizil.tr\/en\/wp-json\/wp\/v2\/posts"}],"about":[{"href":"http:\/\/denizcankizil.tr\/en\/wp-json\/wp\/v2\/types\/post"}],"author":[{"embeddable":true,"href":"http:\/\/denizcankizil.tr\/en\/wp-json\/wp\/v2\/users\/5"}],"replies":[{"embeddable":true,"href":"http:\/\/denizcankizil.tr\/en\/wp-json\/wp\/v2\/comments?post=54765"}],"version-history":[{"count":0,"href":"http:\/\/denizcankizil.tr\/en\/wp-json\/wp\/v2\/posts\/54765\/revisions"}],"wp:attachment":[{"href":"http:\/\/denizcankizil.tr\/en\/wp-json\/wp\/v2\/media?parent=54765"}],"wp:term":[{"taxonomy":"category","embeddable":true,"href":"http:\/\/denizcankizil.tr\/en\/wp-json\/wp\/v2\/categories?post=54765"},{"taxonomy":"post_tag","embeddable":true,"href":"http:\/\/denizcankizil.tr\/en\/wp-json\/wp\/v2\/tags?post=54765"}],"curies":[{"name":"wp","href":"https:\/\/api.w.org\/{rel}","templated":true}]}}