{"id":52465,"date":"2025-04-08T16:26:00","date_gmt":"2025-04-08T13:26:00","guid":{"rendered":"https:\/\/denizcankizil.tr\/uncategorized-tr\/masumlar-oluyor-dunya-sessiz-uluslararasi-kuruluslarin-iki-yuzlulugu\/"},"modified":"2025-04-08T16:26:00","modified_gmt":"2025-04-08T13:26:00","slug":"masumlar-oluyor-dunya-sessiz-uluslararasi-kuruluslarin-iki-yuzlulugu","status":"publish","type":"post","link":"http:\/\/denizcankizil.tr\/en\/hukukihaber\/masumlar-oluyor-dunya-sessiz-uluslararasi-kuruluslarin-iki-yuzlulugu\/","title":{"rendered":"Masumlar \u00d6l\u00fcyor, D\u00fcnya Sessiz: Uluslararas\u0131 Kurulu\u015flar\u0131n \u0130ki Y\u00fczl\u00fcl\u00fc\u011f\u00fc"},"content":{"rendered":"<p>D\u00fcnyan\u0131n neresinde bir sava\u015f veya \u00e7at\u0131\u015fma \u00e7\u0131karsa \u00e7\u0131ks\u0131n, ya\u015fanan ac\u0131n\u0131n en b\u00fcy\u00fck y\u00fck\u00fcn\u00fc her zaman \u00e7ocuklar, kad\u0131nlar ve savunmas\u0131z siviller ta\u015f\u0131yor. Sava\u015flar\u0131n ger\u00e7ek y\u00fcz\u00fc; y\u0131k\u0131lm\u0131\u015f evler, kaybedilmi\u015f hayatlar ve geride kalan sessiz \u00e7\u0131\u011fl\u0131klarla ortaya \u00e7\u0131k\u0131yor. Her kur\u015fun, her bomba asl\u0131nda bir masumun hayat\u0131na mal oluyor.\u00a0<\/p>\n<p>Bu dramatik tablo kar\u015f\u0131s\u0131nda insan haklar\u0131n\u0131 ve buna ba\u011fl\u0131 olarak ya\u015fam hakk\u0131n\u0131 korumak, bar\u0131\u015f\u0131 tesis etmek ve adaleti sa\u011flamak amac\u0131yla kuruldu\u011fu iddia edilen uluslararas\u0131 kurulu\u015flar ise derin bir sessizlik i\u00e7inde. Birle\u015fmi\u015f Milletler (BM), NATO ve Avrupa Birli\u011fi (AB) gibi yap\u0131lar, her kriz an\u0131nda ya tarafs\u0131zl\u0131k bahanesine s\u0131\u011f\u0131n\u0131yor ya da sessizlikleriyle zalimin saf\u0131nda yer al\u0131yor. Daha okul s\u0131ralar\u0131ndayken ad\u0131n\u0131 \u00a0\u00f6\u011frendi\u011fimiz bu kurulu\u015flar\u0131n insanl\u0131k ve adalet i\u00e7in \u00e7al\u0131\u015ft\u0131\u011f\u0131n\u0131 d\u00fc\u015f\u00fcnd\u00fck ama \u00e7ok ge\u00e7meden ac\u0131 ger\u00e7eklerle bunun b\u00f6yle olmad\u0131\u011f\u0131n\u0131 \u00f6\u011frendik.\u00a0<\/p>\n<p>Bu tutum, yaln\u0131zca bir kay\u0131ts\u0131zl\u0131k de\u011fil; apa\u00e7\u0131k bir ikiy\u00fczl\u00fcl\u00fck ve sistematik bir menfaat politikas\u0131n\u0131n yans\u0131mas\u0131d\u0131r. S\u00f6zde bar\u0131\u015f i\u00e7in kurulmu\u015f bu yap\u0131lar, hi\u00e7bir zaman mazlumun yan\u0131nda olmam\u0131\u015f, yaln\u0131zca kendi \u00e7\u0131karlar\u0131 do\u011frultusunda hareket etmi\u015flerdir. Ya\u015fam hakk\u0131 ihlal edilirken, hastaneler ve okullar bombalan\u0131rken, bebekler ve \u00e7ocuklar katledilirken \u00a0bu kurulu\u015flar\u0131n tepkisizli\u011fi asl\u0131nda ger\u00e7ek y\u00fczlerini ortaya koymaktad\u0131r.<\/p>\n<p>Bug\u00fcn art\u0131k insan haklar\u0131 kavram\u0131; i\u00e7i bo\u015falt\u0131lm\u0131\u015f, sadece uluslararas\u0131 seminerlerde veya akademik platformlarda geli\u015fig\u00fczel kullan\u0131lan, pratikte ise hi\u00e7bir kar\u015f\u0131l\u0131\u011f\u0131 kalmam\u0131\u015f bir s\u00f6ylem haline gelmi\u015ftir. B\u00fct\u00fcn d\u00fcnyan\u0131n g\u00f6z\u00fc \u00f6n\u00fcnde ya\u015fanan ger\u00e7ekler, bu kavramlar\u0131n ka\u011f\u0131t \u00fczerinde kald\u0131\u011f\u0131n\u0131 a\u00e7\u0131k\u00e7a g\u00f6stermektedir.<\/p>\n<p>Uluslararas\u0131 toplumun bu suskunlu\u011fu, onlar\u0131n kurulu\u015f ama\u00e7lar\u0131n\u0131n insanl\u0131k de\u011fil, g\u00fc\u00e7 ve menfaat \u00fczerine kurulu oldu\u011funu g\u00f6stermektedir. Her ge\u00e7en g\u00fcn adalet biraz daha sessizle\u015firken, vicdanlar k\u00f6relmekte, hukuk ise i\u015flevsiz hale getirilmeye \u00e7al\u0131\u015f\u0131lmaktad\u0131r. Hukukun g\u00fcc\u00fc de\u011fil g\u00fcc\u00fcn hukuku uygulanmaya \u00e7al\u0131\u015f\u0131lmaktad\u0131r. \u0130nsan var oldu\u011fundan beri d\u00fcnyaya s\u0131\u011famam\u0131\u015ft\u0131r ve sahip oldu\u011fu bir avu\u00e7 topra\u011f\u0131 geni\u015fletmek u\u011fruna her \u00e7e\u015fit hukuksuzlu\u011fu yapm\u0131\u015ft\u0131r ve kendince bunu me\u015frula\u015ft\u0131rmaya ve yasal zemine oturtmaya \u00e7al\u0131\u015fm\u0131\u015ft\u0131r.\u00a0<\/p>\n<p>Bug\u00fcn ya\u015fad\u0131\u011f\u0131m\u0131z d\u00fcnya, belki de insanl\u0131k tarihinin en karanl\u0131k d\u00f6nemlerinden birini ya\u015famaktad\u0131r. \u00c7\u00fcnk\u00fc zul\u00fcm kar\u015f\u0131s\u0131nda susan her yap\u0131, her kurum, her insan; adaletin \u00e7\u00f6k\u00fc\u015f\u00fcne katk\u0131 sa\u011flamaktad\u0131r ve hukukun \u00fcst\u00fcnl\u00fc\u011f\u00fc kavram\u0131n\u0131 arka plana itmektedir. Yap\u0131lan haks\u0131zl\u0131k ve zul\u00fcmlere kar\u015f\u0131 sesini \u00e7\u0131karmayan insanl\u0131k kendi sonunu h\u0131zla haz\u0131rlamaktad\u0131r.<\/p>\n<p>Kaybeden sadece mazlumlar de\u011fil, insanl\u0131kt\u0131r.\u00a0<\/p>\n<p>Av. Aykut Yavuz<\/p>\n<p>Bursa Barosu \u0130nsan Haklar\u0131, \u00c7ocuk Haklar\u0131, Kad\u0131n Haklar\u0131 Komisyon \u00dcyesi<\/p>\n<p>&#8212;***&#8212;<\/p>\n<p>Innocents Die, the World Remains Silent: The Hypocrisy of International Organizations<\/p>\n<p>Wherever in the world a war or conflict erupts, it is always the children, women, and defenseless civilians who bear the heaviest burden of pain. The true face of war is revealed through destroyed homes, lost lives, and the silent screams that linger in the aftermath. Every bullet, every bomb, ultimately claims the life of an innocent person.<\/p>\n<p>In the face of this tragic reality, international organizations that claim to have been established to protect human rights\u2014and with them, the right to life\u2014to establish peace and ensure justice, remain in deep silence. Institutions such as the United Nations (UN), NATO, and the European Union (EU) either hide behind a fa\u00e7ade of neutrality in every moment of crisis or, through their silence, stand on the side of the oppressor. We learned the names of these institutions back in our school years, believing they existed to defend humanity and justice. But before long, we were met with the harsh truth: this is far from the case.<\/p>\n<p>This stance is not mere indifference\u2014it is a blatant hypocrisy and the reflection of a systematic policy of self-interest. These so-called peacekeeping organizations have never truly stood with the oppressed; they have always acted in line with their own agendas. While the right to life is being violated, while hospitals and schools are being bombed, while babies and children are being slaughtered, the indifference of these institutions exposes their true nature.<\/p>\n<p>Today, the concept of human rights has become hollow\u2014nothing more than a term casually thrown around in international seminars or academic settings, with no real application in practice. The brutal realities unfolding before the world\u2019s eyes prove that these principles remain confined to paper.<\/p>\n<p>The silence of the international community reveals that these organizations were never founded on the basis of humanity, but on power and self-interest. With each passing day, justice grows quieter, consciences become more numb, and the law is systematically rendered ineffective. It is not the rule of law that prevails, but the law of the powerful. Since the dawn of humankind, man has never been able to contain himself within the boundaries of the world. For the sake of expanding a handful of land, he has committed every kind of injustice\u2014and attempted to legitimize it, placing it on a supposed legal foundation.<\/p>\n<p>The world we live in today may well be witnessing one of the darkest periods in human history. Every institution, every structure, every individual that remains silent in the face of oppression contributes to the collapse of justice and pushes the principle of the rule of law to the background. Humanity, in failing to raise its voice against injustice and tyranny, is accelerating its own end. It is not only the oppressed who are losing\u2014but all of humanity.<\/p>\n<p>Atty. Aykut Yavuz<br \/>\nMember of the Bursa Bar Association Human Rights, Children\u2019s Rights, and Women\u2019s Rights Commissions<\/p>\n<p>&#8212;***&#8212;<\/p>\n<p>Des Innocents Meurent, le Monde Reste Silencieux : L\u2019Hypocrisie des Organisations Internationales<\/p>\n<p>Peu importe o\u00f9 une guerre ou un conflit \u00e9clate dans le monde, ce sont toujours les enfants, les femmes et les civils sans d\u00e9fense qui portent le poids le plus lourd de la souffrance. Le vrai visage de la guerre se manifeste \u00e0 travers des maisons d\u00e9truites, des vies perdues et des cris silencieux laiss\u00e9s derri\u00e8re. Chaque balle, chaque bombe co\u00fbte en r\u00e9alit\u00e9 la vie d\u2019un innocent.<\/p>\n<p>Face \u00e0 ce tableau dramatique, les organisations internationales qui pr\u00e9tendent avoir \u00e9t\u00e9 cr\u00e9\u00e9es pour prot\u00e9ger les droits de l\u2019homme \u2014 et par extension le droit \u00e0 la vie \u2014, pour \u00e9tablir la paix et garantir la justice, gardent un silence profond. Des institutions comme les Nations Unies (ONU), l\u2019OTAN ou l\u2019Union europ\u00e9enne (UE) se r\u00e9fugient derri\u00e8re une soi-disant neutralit\u00e9 \u00e0 chaque crise, ou bien, par leur silence, se rangent du c\u00f4t\u00e9 des oppresseurs. D\u00e8s les bancs de l\u2019\u00e9cole, nous avons appris leurs noms, pensant qu\u2019elles \u0153uvraient pour l\u2019humanit\u00e9 et la justice. Mais nous avons rapidement compris, \u00e0 travers des r\u00e9alit\u00e9s douloureuses, qu\u2019il n\u2019en \u00e9tait rien.<\/p>\n<p>Cette attitude n\u2019est pas seulement une indiff\u00e9rence ; elle est le reflet d\u2019une hypocrisie flagrante et d\u2019une politique d\u2019int\u00e9r\u00eat syst\u00e9matique. Ces structures pr\u00e9tendument fond\u00e9es pour la paix n\u2019ont jamais \u00e9t\u00e9 aux c\u00f4t\u00e9s des opprim\u00e9s ; elles ont toujours agi en fonction de leurs propres int\u00e9r\u00eats. Alors que le droit \u00e0 la vie est viol\u00e9, que des h\u00f4pitaux et des \u00e9coles sont bombard\u00e9s, que des b\u00e9b\u00e9s et des enfants sont massacr\u00e9s, leur inaction r\u00e9v\u00e8le leur v\u00e9ritable visage.<\/p>\n<p>Aujourd\u2019hui, la notion de droits de l\u2019homme est devenue une coquille vide \u2014 un concept utilis\u00e9 de mani\u00e8re superficielle dans les s\u00e9minaires internationaux ou les milieux acad\u00e9miques, sans aucune port\u00e9e concr\u00e8te dans la r\u00e9alit\u00e9. Les faits qui se d\u00e9roulent sous les yeux du monde entier prouvent clairement que ces principes ne restent que des mots sur le papier.<\/p>\n<p>Le silence de la communaut\u00e9 internationale d\u00e9montre que ces structures n\u2019ont jamais \u00e9t\u00e9 fond\u00e9es au nom de l\u2019humanit\u00e9, mais sur la base du pouvoir et des int\u00e9r\u00eats. Chaque jour, la justice se tait un peu plus, les consciences s\u2019endurcissent, et le droit est rendu inefficace. Ce n\u2019est plus la force du droit qui pr\u00e9vaut, mais le droit du plus fort. Depuis toujours, l\u2019homme n\u2019a jamais su se contenter de ce que le monde pouvait lui offrir ; pour \u00e9largir une poign\u00e9e de terre, il a commis toutes sortes d\u2019injustices et tent\u00e9 de les justifier en leur donnant une l\u00e9gitimit\u00e9 juridique.<\/p>\n<p>Le monde dans lequel nous vivons traverse peut-\u00eatre l\u2019une des p\u00e9riodes les plus sombres de l\u2019histoire de l\u2019humanit\u00e9. Toute structure, tout organe, tout \u00eatre humain qui reste silencieux face \u00e0 l\u2019oppression contribue \u00e0 l\u2019effondrement de la justice et rel\u00e8gue au second plan la notion de primaut\u00e9 du droit. L\u2019humanit\u00e9, en refusant d\u2019\u00e9lever la voix contre l\u2019injustice et la cruaut\u00e9, pr\u00e9pare rapidement sa propre fin. Les perdants ne sont pas seulement les opprim\u00e9s, mais l\u2019humanit\u00e9 tout enti\u00e8re.<\/p>\n<p>Me Aykut Yavuz<br \/>\nAvocat Membre des Commissions des Droits de l\u2019Homme, des Droits de l\u2019Enfant et des Droits des Femmes du Barreau de Bursa<\/p>\n<p>\u200bD\u00fcnyan\u0131n neresinde bir sava\u015f veya \u00e7at\u0131\u015fma \u00e7\u0131karsa \u00e7\u0131ks\u0131n, ya\u015fanan ac\u0131n\u0131n en b\u00fcy\u00fck y\u00fck\u00fcn\u00fc her zaman \u00e7ocuklar, kad\u0131nlar ve savunmas\u0131z siviller ta\u015f\u0131yor. Sava\u015flar\u0131n ger\u00e7ek y\u00fcz\u00fc; y\u0131k\u0131lm\u0131\u015f evler, kaybedilmi\u015f hayatlar ve geride kalan sessiz \u00e7\u0131\u011fl\u0131klarla ortaya \u00e7\u0131k\u0131yor. Her kur\u015fun, her bomba asl\u0131nda bir masumun hayat\u0131na mal oluyor.\u00a0<\/p>\n<p>Bu dramatik tablo kar\u015f\u0131s\u0131nda insan haklar\u0131n\u0131 ve buna ba\u011fl\u0131 olarak ya\u015fam hakk\u0131n\u0131 korumak, bar\u0131\u015f\u0131 tesis etmek ve adaleti sa\u011flamak amac\u0131yla kuruldu\u011fu iddia edilen uluslararas\u0131 kurulu\u015flar ise derin bir sessizlik i\u00e7inde. Birle\u015fmi\u015f Milletler (BM), NATO ve Avrupa Birli\u011fi (AB) gibi yap\u0131lar, her kriz an\u0131nda ya tarafs\u0131zl\u0131k bahanesine s\u0131\u011f\u0131n\u0131yor ya da sessizlikleriyle zalimin saf\u0131nda yer al\u0131yor. Daha okul s\u0131ralar\u0131ndayken ad\u0131n\u0131 \u00a0\u00f6\u011frendi\u011fimiz bu kurulu\u015flar\u0131n insanl\u0131k ve adalet i\u00e7in \u00e7al\u0131\u015ft\u0131\u011f\u0131n\u0131 d\u00fc\u015f\u00fcnd\u00fck ama \u00e7ok ge\u00e7meden ac\u0131 ger\u00e7eklerle bunun b\u00f6yle olmad\u0131\u011f\u0131n\u0131 \u00f6\u011frendik.\u00a0<\/p>\n<p>Bu tutum, yaln\u0131zca bir kay\u0131ts\u0131zl\u0131k de\u011fil; apa\u00e7\u0131k bir ikiy\u00fczl\u00fcl\u00fck ve sistematik bir menfaat politikas\u0131n\u0131n yans\u0131mas\u0131d\u0131r. S\u00f6zde bar\u0131\u015f i\u00e7in kurulmu\u015f bu yap\u0131lar, hi\u00e7bir zaman mazlumun yan\u0131nda olmam\u0131\u015f, yaln\u0131zca kendi \u00e7\u0131karlar\u0131 do\u011frultusunda hareket etmi\u015flerdir. Ya\u015fam hakk\u0131 ihlal edilirken, hastaneler ve okullar bombalan\u0131rken, bebekler ve \u00e7ocuklar katledilirken \u00a0bu kurulu\u015flar\u0131n tepkisizli\u011fi asl\u0131nda ger\u00e7ek y\u00fczlerini ortaya koymaktad\u0131r.<\/p>\n<p>Bug\u00fcn art\u0131k insan haklar\u0131 kavram\u0131; i\u00e7i bo\u015falt\u0131lm\u0131\u015f, sadece uluslararas\u0131 seminerlerde veya akademik platformlarda geli\u015fig\u00fczel kullan\u0131lan, pratikte ise hi\u00e7bir kar\u015f\u0131l\u0131\u011f\u0131 kalmam\u0131\u015f bir s\u00f6ylem haline gelmi\u015ftir. B\u00fct\u00fcn d\u00fcnyan\u0131n g\u00f6z\u00fc \u00f6n\u00fcnde ya\u015fanan ger\u00e7ekler, bu kavramlar\u0131n ka\u011f\u0131t \u00fczerinde kald\u0131\u011f\u0131n\u0131 a\u00e7\u0131k\u00e7a g\u00f6stermektedir.<\/p>\n<p>Uluslararas\u0131 toplumun bu suskunlu\u011fu, onlar\u0131n kurulu\u015f ama\u00e7lar\u0131n\u0131n insanl\u0131k de\u011fil, g\u00fc\u00e7 ve menfaat \u00fczerine kurulu oldu\u011funu g\u00f6stermektedir. Her ge\u00e7en g\u00fcn adalet biraz daha sessizle\u015firken, vicdanlar k\u00f6relmekte, hukuk ise i\u015flevsiz hale getirilmeye \u00e7al\u0131\u015f\u0131lmaktad\u0131r. Hukukun g\u00fcc\u00fc de\u011fil g\u00fcc\u00fcn hukuku uygulanmaya \u00e7al\u0131\u015f\u0131lmaktad\u0131r. \u0130nsan var oldu\u011fundan beri d\u00fcnyaya s\u0131\u011famam\u0131\u015ft\u0131r ve sahip oldu\u011fu bir avu\u00e7 topra\u011f\u0131 geni\u015fletmek u\u011fruna her \u00e7e\u015fit hukuksuzlu\u011fu yapm\u0131\u015ft\u0131r ve kendince bunu me\u015frula\u015ft\u0131rmaya ve yasal zemine oturtmaya \u00e7al\u0131\u015fm\u0131\u015ft\u0131r.\u00a0<\/p>\n<p>Bug\u00fcn ya\u015fad\u0131\u011f\u0131m\u0131z d\u00fcnya, belki de insanl\u0131k tarihinin en karanl\u0131k d\u00f6nemlerinden birini ya\u015famaktad\u0131r. \u00c7\u00fcnk\u00fc zul\u00fcm kar\u015f\u0131s\u0131nda susan her yap\u0131, her kurum, her insan; adaletin \u00e7\u00f6k\u00fc\u015f\u00fcne katk\u0131 sa\u011flamaktad\u0131r ve hukukun \u00fcst\u00fcnl\u00fc\u011f\u00fc kavram\u0131n\u0131 arka plana itmektedir. Yap\u0131lan haks\u0131zl\u0131k ve zul\u00fcmlere kar\u015f\u0131 sesini \u00e7\u0131karmayan insanl\u0131k kendi sonunu h\u0131zla haz\u0131rlamaktad\u0131r.<\/p>\n<p>Kaybeden sadece mazlumlar de\u011fil, insanl\u0131kt\u0131r.\u00a0<\/p>\n<p>Av. Aykut Yavuz<\/p>\n<p>Bursa Barosu \u0130nsan Haklar\u0131, \u00c7ocuk Haklar\u0131, Kad\u0131n Haklar\u0131 Komisyon \u00dcyesi<\/p>\n<p>&#8212;***&#8212;<\/p>\n<p>Innocents Die, the World Remains Silent: The Hypocrisy of International Organizations<\/p>\n<p>Wherever in the world a war or conflict erupts, it is always the children, women, and defenseless civilians who bear the heaviest burden of pain. The true face of war is revealed through destroyed homes, lost lives, and the silent screams that linger in the aftermath. Every bullet, every bomb, ultimately claims the life of an innocent person.<\/p>\n<p>In the face of this tragic reality, international organizations that claim to have been established to protect human rights\u2014and with them, the right to life\u2014to establish peace and ensure justice, remain in deep silence. Institutions such as the United Nations (UN), NATO, and the European Union (EU) either hide behind a fa\u00e7ade of neutrality in every moment of crisis or, through their silence, stand on the side of the oppressor. We learned the names of these institutions back in our school years, believing they existed to defend humanity and justice. But before long, we were met with the harsh truth: this is far from the case.<\/p>\n<p>This stance is not mere indifference\u2014it is a blatant hypocrisy and the reflection of a systematic policy of self-interest. These so-called peacekeeping organizations have never truly stood with the oppressed; they have always acted in line with their own agendas. While the right to life is being violated, while hospitals and schools are being bombed, while babies and children are being slaughtered, the indifference of these institutions exposes their true nature.<\/p>\n<p>Today, the concept of human rights has become hollow\u2014nothing more than a term casually thrown around in international seminars or academic settings, with no real application in practice. The brutal realities unfolding before the world\u2019s eyes prove that these principles remain confined to paper.<\/p>\n<p>The silence of the international community reveals that these organizations were never founded on the basis of humanity, but on power and self-interest. With each passing day, justice grows quieter, consciences become more numb, and the law is systematically rendered ineffective. It is not the rule of law that prevails, but the law of the powerful. Since the dawn of humankind, man has never been able to contain himself within the boundaries of the world. For the sake of expanding a handful of land, he has committed every kind of injustice\u2014and attempted to legitimize it, placing it on a supposed legal foundation.<\/p>\n<p>The world we live in today may well be witnessing one of the darkest periods in human history. Every institution, every structure, every individual that remains silent in the face of oppression contributes to the collapse of justice and pushes the principle of the rule of law to the background. Humanity, in failing to raise its voice against injustice and tyranny, is accelerating its own end. It is not only the oppressed who are losing\u2014but all of humanity.<\/p>\n<p>Atty. Aykut Yavuz<br \/>\nMember of the Bursa Bar Association Human Rights, Children\u2019s Rights, and Women\u2019s Rights Commissions<\/p>\n<p>&#8212;***&#8212;<\/p>\n<p>Des Innocents Meurent, le Monde Reste Silencieux : L\u2019Hypocrisie des Organisations Internationales<\/p>\n<p>Peu importe o\u00f9 une guerre ou un conflit \u00e9clate dans le monde, ce sont toujours les enfants, les femmes et les civils sans d\u00e9fense qui portent le poids le plus lourd de la souffrance. Le vrai visage de la guerre se manifeste \u00e0 travers des maisons d\u00e9truites, des vies perdues et des cris silencieux laiss\u00e9s derri\u00e8re. Chaque balle, chaque bombe co\u00fbte en r\u00e9alit\u00e9 la vie d\u2019un innocent.<\/p>\n<p>Face \u00e0 ce tableau dramatique, les organisations internationales qui pr\u00e9tendent avoir \u00e9t\u00e9 cr\u00e9\u00e9es pour prot\u00e9ger les droits de l\u2019homme \u2014 et par extension le droit \u00e0 la vie \u2014, pour \u00e9tablir la paix et garantir la justice, gardent un silence profond. Des institutions comme les Nations Unies (ONU), l\u2019OTAN ou l\u2019Union europ\u00e9enne (UE) se r\u00e9fugient derri\u00e8re une soi-disant neutralit\u00e9 \u00e0 chaque crise, ou bien, par leur silence, se rangent du c\u00f4t\u00e9 des oppresseurs. D\u00e8s les bancs de l\u2019\u00e9cole, nous avons appris leurs noms, pensant qu\u2019elles \u0153uvraient pour l\u2019humanit\u00e9 et la justice. Mais nous avons rapidement compris, \u00e0 travers des r\u00e9alit\u00e9s douloureuses, qu\u2019il n\u2019en \u00e9tait rien.<\/p>\n<p>Cette attitude n\u2019est pas seulement une indiff\u00e9rence ; elle est le reflet d\u2019une hypocrisie flagrante et d\u2019une politique d\u2019int\u00e9r\u00eat syst\u00e9matique. Ces structures pr\u00e9tendument fond\u00e9es pour la paix n\u2019ont jamais \u00e9t\u00e9 aux c\u00f4t\u00e9s des opprim\u00e9s ; elles ont toujours agi en fonction de leurs propres int\u00e9r\u00eats. Alors que le droit \u00e0 la vie est viol\u00e9, que des h\u00f4pitaux et des \u00e9coles sont bombard\u00e9s, que des b\u00e9b\u00e9s et des enfants sont massacr\u00e9s, leur inaction r\u00e9v\u00e8le leur v\u00e9ritable visage.<\/p>\n<p>Aujourd\u2019hui, la notion de droits de l\u2019homme est devenue une coquille vide \u2014 un concept utilis\u00e9 de mani\u00e8re superficielle dans les s\u00e9minaires internationaux ou les milieux acad\u00e9miques, sans aucune port\u00e9e concr\u00e8te dans la r\u00e9alit\u00e9. Les faits qui se d\u00e9roulent sous les yeux du monde entier prouvent clairement que ces principes ne restent que des mots sur le papier.<\/p>\n<p>Le silence de la communaut\u00e9 internationale d\u00e9montre que ces structures n\u2019ont jamais \u00e9t\u00e9 fond\u00e9es au nom de l\u2019humanit\u00e9, mais sur la base du pouvoir et des int\u00e9r\u00eats. Chaque jour, la justice se tait un peu plus, les consciences s\u2019endurcissent, et le droit est rendu inefficace. Ce n\u2019est plus la force du droit qui pr\u00e9vaut, mais le droit du plus fort. Depuis toujours, l\u2019homme n\u2019a jamais su se contenter de ce que le monde pouvait lui offrir ; pour \u00e9largir une poign\u00e9e de terre, il a commis toutes sortes d\u2019injustices et tent\u00e9 de les justifier en leur donnant une l\u00e9gitimit\u00e9 juridique.<\/p>\n<p>Le monde dans lequel nous vivons traverse peut-\u00eatre l\u2019une des p\u00e9riodes les plus sombres de l\u2019histoire de l\u2019humanit\u00e9. Toute structure, tout organe, tout \u00eatre humain qui reste silencieux face \u00e0 l\u2019oppression contribue \u00e0 l\u2019effondrement de la justice et rel\u00e8gue au second plan la notion de primaut\u00e9 du droit. L\u2019humanit\u00e9, en refusant d\u2019\u00e9lever la voix contre l\u2019injustice et la cruaut\u00e9, pr\u00e9pare rapidement sa propre fin. Les perdants ne sont pas seulement les opprim\u00e9s, mais l\u2019humanit\u00e9 tout enti\u00e8re.<\/p>\n<p>Me Aykut Yavuz<br \/>\nAvocat Membre des Commissions des Droits de l\u2019Homme, des Droits de l\u2019Enfant et des Droits des Femmes du Barreau de Bursa\u00a0Hukuki Haber<\/p>\n<p>Haberin Al\u0131nt\u0131land\u0131\u011f\u0131 Kaynak: www.hukukihaber.net<\/p>","protected":false},"excerpt":{"rendered":"<p>D\u00fcnyan\u0131n neresinde bir sava\u015f veya \u00e7at\u0131\u015fma \u00e7\u0131karsa \u00e7\u0131ks\u0131n, ya\u015fanan ac\u0131n\u0131n en b\u00fcy\u00fck y\u00fck\u00fcn\u00fc her zaman \u00e7ocuklar, kad\u0131nlar ve savunmas\u0131z siviller ta\u015f\u0131yor. Sava\u015flar\u0131n ger\u00e7ek y\u00fcz\u00fc; y\u0131k\u0131lm\u0131\u015f evler, kaybedilmi\u015f hayatlar ve geride kalan sessiz \u00e7\u0131\u011fl\u0131klarla ortaya \u00e7\u0131k\u0131yor. Her kur\u015fun, her bomba asl\u0131nda bir masumun hayat\u0131na mal oluyor.\u00a0 Bu dramatik tablo kar\u015f\u0131s\u0131nda insan haklar\u0131n\u0131 ve buna ba\u011fl\u0131 olarak ya\u015fam hakk\u0131n\u0131 korumak, bar\u0131\u015f\u0131 tesis etmek ve adaleti sa\u011flamak amac\u0131yla kuruldu\u011fu iddia edilen uluslararas\u0131 kurulu\u015flar ise derin bir sessizlik i\u00e7inde. Birle\u015fmi\u015f Milletler (BM), NATO ve Avrupa Birli\u011fi (AB) gibi yap\u0131lar, her kriz an\u0131nda ya tarafs\u0131zl\u0131k bahanesine s\u0131\u011f\u0131n\u0131yor ya da sessizlikleriyle zalimin saf\u0131nda yer al\u0131yor. Daha okul s\u0131ralar\u0131ndayken ad\u0131n\u0131 \u00a0\u00f6\u011frendi\u011fimiz bu kurulu\u015flar\u0131n insanl\u0131k ve adalet i\u00e7in \u00e7al\u0131\u015ft\u0131\u011f\u0131n\u0131 d\u00fc\u015f\u00fcnd\u00fck ama \u00e7ok ge\u00e7meden ac\u0131 ger\u00e7eklerle bunun b\u00f6yle olmad\u0131\u011f\u0131n\u0131 \u00f6\u011frendik.\u00a0 Bu tutum, yaln\u0131zca bir kay\u0131ts\u0131zl\u0131k de\u011fil; apa\u00e7\u0131k bir ikiy\u00fczl\u00fcl\u00fck ve sistematik bir menfaat politikas\u0131n\u0131n yans\u0131mas\u0131d\u0131r. S\u00f6zde bar\u0131\u015f i\u00e7in kurulmu\u015f bu yap\u0131lar, hi\u00e7bir zaman mazlumun yan\u0131nda olmam\u0131\u015f, yaln\u0131zca kendi \u00e7\u0131karlar\u0131 do\u011frultusunda hareket etmi\u015flerdir. Ya\u015fam hakk\u0131 ihlal edilirken, hastaneler ve okullar bombalan\u0131rken, bebekler ve \u00e7ocuklar katledilirken \u00a0bu kurulu\u015flar\u0131n tepkisizli\u011fi asl\u0131nda ger\u00e7ek y\u00fczlerini ortaya koymaktad\u0131r. Bug\u00fcn art\u0131k insan haklar\u0131 kavram\u0131; i\u00e7i bo\u015falt\u0131lm\u0131\u015f, sadece uluslararas\u0131 seminerlerde veya akademik platformlarda geli\u015fig\u00fczel kullan\u0131lan, pratikte ise hi\u00e7bir kar\u015f\u0131l\u0131\u011f\u0131 kalmam\u0131\u015f bir s\u00f6ylem haline gelmi\u015ftir. B\u00fct\u00fcn d\u00fcnyan\u0131n g\u00f6z\u00fc &hellip;<\/p>","protected":false},"author":3,"featured_media":0,"comment_status":"","ping_status":"open","sticky":false,"template":"","format":"standard","meta":{"_acf_changed":false,"footnotes":""},"categories":[27],"tags":[],"class_list":["post-52465","post","type-post","status-publish","format-standard","has-post-thumbnail","hentry","category-hukukihaber"],"acf":[],"yoast_head":"<!-- This site is optimized with the Yoast SEO Premium plugin v26.6 (Yoast SEO v27.1.1) - https:\/\/yoast.com\/product\/yoast-seo-premium-wordpress\/ -->\n<title>Masumlar \u00d6l\u00fcyor, D\u00fcnya Sessiz: Uluslararas\u0131 Kurulu\u015flar\u0131n \u0130ki Y\u00fczl\u00fcl\u00fc\u011f\u00fc - Av. Deniz Can K\u0131z\u0131l<\/title>\n<meta name=\"robots\" content=\"index, follow, max-snippet:-1, max-image-preview:large, max-video-preview:-1\" \/>\n<link rel=\"canonical\" href=\"http:\/\/denizcankizil.tr\/en\/hukukihaber\/masumlar-oluyor-dunya-sessiz-uluslararasi-kuruluslarin-iki-yuzlulugu\/\" \/>\n<meta property=\"og:locale\" content=\"en_GB\" \/>\n<meta property=\"og:type\" content=\"article\" \/>\n<meta property=\"og:title\" content=\"Masumlar \u00d6l\u00fcyor, D\u00fcnya Sessiz: Uluslararas\u0131 Kurulu\u015flar\u0131n \u0130ki Y\u00fczl\u00fcl\u00fc\u011f\u00fc\" \/>\n<meta property=\"og:description\" content=\"D\u00fcnyan\u0131n neresinde bir sava\u015f veya \u00e7at\u0131\u015fma \u00e7\u0131karsa \u00e7\u0131ks\u0131n, ya\u015fanan ac\u0131n\u0131n en b\u00fcy\u00fck y\u00fck\u00fcn\u00fc her zaman \u00e7ocuklar, kad\u0131nlar ve savunmas\u0131z siviller ta\u015f\u0131yor. Sava\u015flar\u0131n ger\u00e7ek y\u00fcz\u00fc; y\u0131k\u0131lm\u0131\u015f evler, kaybedilmi\u015f hayatlar ve geride kalan sessiz \u00e7\u0131\u011fl\u0131klarla ortaya \u00e7\u0131k\u0131yor. Her kur\u015fun, her bomba asl\u0131nda bir masumun hayat\u0131na mal oluyor.\u00a0 Bu dramatik tablo kar\u015f\u0131s\u0131nda insan haklar\u0131n\u0131 ve buna ba\u011fl\u0131 olarak ya\u015fam hakk\u0131n\u0131 korumak, bar\u0131\u015f\u0131 tesis etmek ve adaleti sa\u011flamak amac\u0131yla kuruldu\u011fu iddia edilen uluslararas\u0131 kurulu\u015flar ise derin bir sessizlik i\u00e7inde. Birle\u015fmi\u015f Milletler (BM), NATO ve Avrupa Birli\u011fi (AB) gibi yap\u0131lar, her kriz an\u0131nda ya tarafs\u0131zl\u0131k bahanesine s\u0131\u011f\u0131n\u0131yor ya da sessizlikleriyle zalimin saf\u0131nda yer al\u0131yor. Daha okul s\u0131ralar\u0131ndayken ad\u0131n\u0131 \u00a0\u00f6\u011frendi\u011fimiz bu kurulu\u015flar\u0131n insanl\u0131k ve adalet i\u00e7in \u00e7al\u0131\u015ft\u0131\u011f\u0131n\u0131 d\u00fc\u015f\u00fcnd\u00fck ama \u00e7ok ge\u00e7meden ac\u0131 ger\u00e7eklerle bunun b\u00f6yle olmad\u0131\u011f\u0131n\u0131 \u00f6\u011frendik.\u00a0 Bu tutum, yaln\u0131zca bir kay\u0131ts\u0131zl\u0131k de\u011fil; apa\u00e7\u0131k bir ikiy\u00fczl\u00fcl\u00fck ve sistematik bir menfaat politikas\u0131n\u0131n yans\u0131mas\u0131d\u0131r. S\u00f6zde bar\u0131\u015f i\u00e7in kurulmu\u015f bu yap\u0131lar, hi\u00e7bir zaman mazlumun yan\u0131nda olmam\u0131\u015f, yaln\u0131zca kendi \u00e7\u0131karlar\u0131 do\u011frultusunda hareket etmi\u015flerdir. Ya\u015fam hakk\u0131 ihlal edilirken, hastaneler ve okullar bombalan\u0131rken, bebekler ve \u00e7ocuklar katledilirken \u00a0bu kurulu\u015flar\u0131n tepkisizli\u011fi asl\u0131nda ger\u00e7ek y\u00fczlerini ortaya koymaktad\u0131r. Bug\u00fcn art\u0131k insan haklar\u0131 kavram\u0131; i\u00e7i bo\u015falt\u0131lm\u0131\u015f, sadece uluslararas\u0131 seminerlerde veya akademik platformlarda geli\u015fig\u00fczel kullan\u0131lan, pratikte ise hi\u00e7bir kar\u015f\u0131l\u0131\u011f\u0131 kalmam\u0131\u015f bir s\u00f6ylem haline gelmi\u015ftir. B\u00fct\u00fcn d\u00fcnyan\u0131n g\u00f6z\u00fc &hellip;\" \/>\n<meta property=\"og:url\" content=\"http:\/\/denizcankizil.tr\/en\/hukukihaber\/masumlar-oluyor-dunya-sessiz-uluslararasi-kuruluslarin-iki-yuzlulugu\/\" \/>\n<meta property=\"og:site_name\" content=\"Av. Deniz Can K\u0131z\u0131l\" \/>\n<meta property=\"article:published_time\" content=\"2025-04-08T13:26:00+00:00\" \/>\n<meta name=\"author\" content=\"Hukuki Haber.net\" \/>\n<meta name=\"twitter:card\" content=\"summary_large_image\" \/>\n<meta name=\"twitter:label1\" content=\"Written by\" \/>\n\t<meta name=\"twitter:data1\" content=\"Hukuki Haber.net\" \/>\n\t<meta name=\"twitter:label2\" content=\"Estimated reading time\" \/>\n\t<meta name=\"twitter:data2\" content=\"16 minutes\" \/>\n<script type=\"application\/ld+json\" class=\"yoast-schema-graph\">{\"@context\":\"https:\/\/schema.org\",\"@graph\":[{\"@type\":\"Article\",\"@id\":\"http:\/\/denizcankizil.tr\/de\/hukukihaber\/masumlar-oluyor-dunya-sessiz-uluslararasi-kuruluslarin-iki-yuzlulugu\/#article\",\"isPartOf\":{\"@id\":\"http:\/\/denizcankizil.tr\/de\/hukukihaber\/masumlar-oluyor-dunya-sessiz-uluslararasi-kuruluslarin-iki-yuzlulugu\/\"},\"author\":{\"name\":\"Hukuki Haber.net\",\"@id\":\"https:\/\/denizcankizil.tr\/de\/#\/schema\/person\/001a271de994a0aa3f90eea084424822\"},\"headline\":\"Masumlar \u00d6l\u00fcyor, D\u00fcnya Sessiz: Uluslararas\u0131 Kurulu\u015flar\u0131n \u0130ki Y\u00fczl\u00fcl\u00fc\u011f\u00fc\",\"datePublished\":\"2025-04-08T13:26:00+00:00\",\"mainEntityOfPage\":{\"@id\":\"http:\/\/denizcankizil.tr\/de\/hukukihaber\/masumlar-oluyor-dunya-sessiz-uluslararasi-kuruluslarin-iki-yuzlulugu\/\"},\"wordCount\":3266,\"publisher\":{\"@id\":\"https:\/\/denizcankizil.tr\/de\/#organization\"},\"articleSection\":[\"Hukuki Haberler\"],\"inLanguage\":\"en-GB\"},{\"@type\":\"WebPage\",\"@id\":\"http:\/\/denizcankizil.tr\/de\/hukukihaber\/masumlar-oluyor-dunya-sessiz-uluslararasi-kuruluslarin-iki-yuzlulugu\/\",\"url\":\"http:\/\/denizcankizil.tr\/de\/hukukihaber\/masumlar-oluyor-dunya-sessiz-uluslararasi-kuruluslarin-iki-yuzlulugu\/\",\"name\":\"Masumlar \u00d6l\u00fcyor, D\u00fcnya Sessiz: Uluslararas\u0131 Kurulu\u015flar\u0131n \u0130ki Y\u00fczl\u00fcl\u00fc\u011f\u00fc - Av. Deniz Can K\u0131z\u0131l\",\"isPartOf\":{\"@id\":\"https:\/\/denizcankizil.tr\/de\/#website\"},\"datePublished\":\"2025-04-08T13:26:00+00:00\",\"breadcrumb\":{\"@id\":\"http:\/\/denizcankizil.tr\/de\/hukukihaber\/masumlar-oluyor-dunya-sessiz-uluslararasi-kuruluslarin-iki-yuzlulugu\/#breadcrumb\"},\"inLanguage\":\"en-GB\",\"potentialAction\":[{\"@type\":\"ReadAction\",\"target\":[\"http:\/\/denizcankizil.tr\/de\/hukukihaber\/masumlar-oluyor-dunya-sessiz-uluslararasi-kuruluslarin-iki-yuzlulugu\/\"]}]},{\"@type\":\"BreadcrumbList\",\"@id\":\"http:\/\/denizcankizil.tr\/de\/hukukihaber\/masumlar-oluyor-dunya-sessiz-uluslararasi-kuruluslarin-iki-yuzlulugu\/#breadcrumb\",\"itemListElement\":[{\"@type\":\"ListItem\",\"position\":1,\"name\":\"Home\",\"item\":\"https:\/\/denizcankizil.tr\/de\/\"},{\"@type\":\"ListItem\",\"position\":2,\"name\":\"Masumlar \u00d6l\u00fcyor, D\u00fcnya Sessiz: Uluslararas\u0131 Kurulu\u015flar\u0131n \u0130ki Y\u00fczl\u00fcl\u00fc\u011f\u00fc\"}]},{\"@type\":\"WebSite\",\"@id\":\"https:\/\/denizcankizil.tr\/de\/#website\",\"url\":\"https:\/\/denizcankizil.tr\/de\/\",\"name\":\"Av. Deniz Can K\u0131z\u0131l\",\"description\":\"Avukat Deniz Can K\u0131z\u0131l Antalya Barosu\",\"publisher\":{\"@id\":\"https:\/\/denizcankizil.tr\/de\/#organization\"},\"potentialAction\":[{\"@type\":\"SearchAction\",\"target\":{\"@type\":\"EntryPoint\",\"urlTemplate\":\"https:\/\/denizcankizil.tr\/de\/?s={search_term_string}\"},\"query-input\":{\"@type\":\"PropertyValueSpecification\",\"valueRequired\":true,\"valueName\":\"search_term_string\"}}],\"inLanguage\":\"en-GB\"},{\"@type\":\"Organization\",\"@id\":\"https:\/\/denizcankizil.tr\/de\/#organization\",\"name\":\"Av. Deniz Can K\u0131z\u0131l\",\"url\":\"https:\/\/denizcankizil.tr\/de\/\",\"logo\":{\"@type\":\"ImageObject\",\"inLanguage\":\"en-GB\",\"@id\":\"https:\/\/denizcankizil.tr\/de\/#\/schema\/logo\/image\/\",\"url\":\"http:\/\/denizcankizil.tr\/wp-content\/uploads\/2024\/10\/siyah-logo-svg.svg\",\"contentUrl\":\"http:\/\/denizcankizil.tr\/wp-content\/uploads\/2024\/10\/siyah-logo-svg.svg\",\"width\":1080,\"height\":1080,\"caption\":\"Av. Deniz Can K\u0131z\u0131l\"},\"image\":{\"@id\":\"https:\/\/denizcankizil.tr\/de\/#\/schema\/logo\/image\/\"}},{\"@type\":\"Person\",\"@id\":\"https:\/\/denizcankizil.tr\/de\/#\/schema\/person\/001a271de994a0aa3f90eea084424822\",\"name\":\"Hukuki Haber.net\",\"image\":{\"@type\":\"ImageObject\",\"inLanguage\":\"en-GB\",\"@id\":\"https:\/\/denizcankizil.tr\/de\/#\/schema\/person\/image\/\",\"url\":\"https:\/\/secure.gravatar.com\/avatar\/57d8a49151495586611a149d29fc42865b951dc053a84709a3172ccb5abf3118?s=96&d=mm&r=g\",\"contentUrl\":\"https:\/\/secure.gravatar.com\/avatar\/57d8a49151495586611a149d29fc42865b951dc053a84709a3172ccb5abf3118?s=96&d=mm&r=g\",\"caption\":\"Hukuki Haber.net\"},\"sameAs\":[\"http:\/\/www.hukukihaber.net\"],\"url\":\"https:\/\/www.hukukihaber.net\/masumlar-oluyor-dunya-sessiz-uluslararasi-kuruluslarin-iki-yuzlulugu\"}]}<\/script>\n<!-- \/ Yoast SEO Premium plugin. -->","yoast_head_json":{"title":"Masumlar \u00d6l\u00fcyor, D\u00fcnya Sessiz: Uluslararas\u0131 Kurulu\u015flar\u0131n \u0130ki Y\u00fczl\u00fcl\u00fc\u011f\u00fc - Av. Deniz Can K\u0131z\u0131l","robots":{"index":"index","follow":"follow","max-snippet":"max-snippet:-1","max-image-preview":"max-image-preview:large","max-video-preview":"max-video-preview:-1"},"canonical":"http:\/\/denizcankizil.tr\/en\/hukukihaber\/masumlar-oluyor-dunya-sessiz-uluslararasi-kuruluslarin-iki-yuzlulugu\/","og_locale":"en_GB","og_type":"article","og_title":"Masumlar \u00d6l\u00fcyor, D\u00fcnya Sessiz: Uluslararas\u0131 Kurulu\u015flar\u0131n \u0130ki Y\u00fczl\u00fcl\u00fc\u011f\u00fc","og_description":"D\u00fcnyan\u0131n neresinde bir sava\u015f veya \u00e7at\u0131\u015fma \u00e7\u0131karsa \u00e7\u0131ks\u0131n, ya\u015fanan ac\u0131n\u0131n en b\u00fcy\u00fck y\u00fck\u00fcn\u00fc her zaman \u00e7ocuklar, kad\u0131nlar ve savunmas\u0131z siviller ta\u015f\u0131yor. Sava\u015flar\u0131n ger\u00e7ek y\u00fcz\u00fc; y\u0131k\u0131lm\u0131\u015f evler, kaybedilmi\u015f hayatlar ve geride kalan sessiz \u00e7\u0131\u011fl\u0131klarla ortaya \u00e7\u0131k\u0131yor. Her kur\u015fun, her bomba asl\u0131nda bir masumun hayat\u0131na mal oluyor.\u00a0 Bu dramatik tablo kar\u015f\u0131s\u0131nda insan haklar\u0131n\u0131 ve buna ba\u011fl\u0131 olarak ya\u015fam hakk\u0131n\u0131 korumak, bar\u0131\u015f\u0131 tesis etmek ve adaleti sa\u011flamak amac\u0131yla kuruldu\u011fu iddia edilen uluslararas\u0131 kurulu\u015flar ise derin bir sessizlik i\u00e7inde. Birle\u015fmi\u015f Milletler (BM), NATO ve Avrupa Birli\u011fi (AB) gibi yap\u0131lar, her kriz an\u0131nda ya tarafs\u0131zl\u0131k bahanesine s\u0131\u011f\u0131n\u0131yor ya da sessizlikleriyle zalimin saf\u0131nda yer al\u0131yor. Daha okul s\u0131ralar\u0131ndayken ad\u0131n\u0131 \u00a0\u00f6\u011frendi\u011fimiz bu kurulu\u015flar\u0131n insanl\u0131k ve adalet i\u00e7in \u00e7al\u0131\u015ft\u0131\u011f\u0131n\u0131 d\u00fc\u015f\u00fcnd\u00fck ama \u00e7ok ge\u00e7meden ac\u0131 ger\u00e7eklerle bunun b\u00f6yle olmad\u0131\u011f\u0131n\u0131 \u00f6\u011frendik.\u00a0 Bu tutum, yaln\u0131zca bir kay\u0131ts\u0131zl\u0131k de\u011fil; apa\u00e7\u0131k bir ikiy\u00fczl\u00fcl\u00fck ve sistematik bir menfaat politikas\u0131n\u0131n yans\u0131mas\u0131d\u0131r. S\u00f6zde bar\u0131\u015f i\u00e7in kurulmu\u015f bu yap\u0131lar, hi\u00e7bir zaman mazlumun yan\u0131nda olmam\u0131\u015f, yaln\u0131zca kendi \u00e7\u0131karlar\u0131 do\u011frultusunda hareket etmi\u015flerdir. Ya\u015fam hakk\u0131 ihlal edilirken, hastaneler ve okullar bombalan\u0131rken, bebekler ve \u00e7ocuklar katledilirken \u00a0bu kurulu\u015flar\u0131n tepkisizli\u011fi asl\u0131nda ger\u00e7ek y\u00fczlerini ortaya koymaktad\u0131r. Bug\u00fcn art\u0131k insan haklar\u0131 kavram\u0131; i\u00e7i bo\u015falt\u0131lm\u0131\u015f, sadece uluslararas\u0131 seminerlerde veya akademik platformlarda geli\u015fig\u00fczel kullan\u0131lan, pratikte ise hi\u00e7bir kar\u015f\u0131l\u0131\u011f\u0131 kalmam\u0131\u015f bir s\u00f6ylem haline gelmi\u015ftir. B\u00fct\u00fcn d\u00fcnyan\u0131n g\u00f6z\u00fc &hellip;","og_url":"http:\/\/denizcankizil.tr\/en\/hukukihaber\/masumlar-oluyor-dunya-sessiz-uluslararasi-kuruluslarin-iki-yuzlulugu\/","og_site_name":"Av. Deniz Can K\u0131z\u0131l","article_published_time":"2025-04-08T13:26:00+00:00","author":"Hukuki Haber.net","twitter_card":"summary_large_image","twitter_misc":{"Written by":"Hukuki Haber.net","Estimated reading time":"16 minutes"},"schema":{"@context":"https:\/\/schema.org","@graph":[{"@type":"Article","@id":"http:\/\/denizcankizil.tr\/de\/hukukihaber\/masumlar-oluyor-dunya-sessiz-uluslararasi-kuruluslarin-iki-yuzlulugu\/#article","isPartOf":{"@id":"http:\/\/denizcankizil.tr\/de\/hukukihaber\/masumlar-oluyor-dunya-sessiz-uluslararasi-kuruluslarin-iki-yuzlulugu\/"},"author":{"name":"Hukuki Haber.net","@id":"https:\/\/denizcankizil.tr\/de\/#\/schema\/person\/001a271de994a0aa3f90eea084424822"},"headline":"Masumlar \u00d6l\u00fcyor, D\u00fcnya Sessiz: Uluslararas\u0131 Kurulu\u015flar\u0131n \u0130ki Y\u00fczl\u00fcl\u00fc\u011f\u00fc","datePublished":"2025-04-08T13:26:00+00:00","mainEntityOfPage":{"@id":"http:\/\/denizcankizil.tr\/de\/hukukihaber\/masumlar-oluyor-dunya-sessiz-uluslararasi-kuruluslarin-iki-yuzlulugu\/"},"wordCount":3266,"publisher":{"@id":"https:\/\/denizcankizil.tr\/de\/#organization"},"articleSection":["Hukuki Haberler"],"inLanguage":"en-GB"},{"@type":"WebPage","@id":"http:\/\/denizcankizil.tr\/de\/hukukihaber\/masumlar-oluyor-dunya-sessiz-uluslararasi-kuruluslarin-iki-yuzlulugu\/","url":"http:\/\/denizcankizil.tr\/de\/hukukihaber\/masumlar-oluyor-dunya-sessiz-uluslararasi-kuruluslarin-iki-yuzlulugu\/","name":"Masumlar \u00d6l\u00fcyor, D\u00fcnya Sessiz: Uluslararas\u0131 Kurulu\u015flar\u0131n \u0130ki Y\u00fczl\u00fcl\u00fc\u011f\u00fc - Av. Deniz Can K\u0131z\u0131l","isPartOf":{"@id":"https:\/\/denizcankizil.tr\/de\/#website"},"datePublished":"2025-04-08T13:26:00+00:00","breadcrumb":{"@id":"http:\/\/denizcankizil.tr\/de\/hukukihaber\/masumlar-oluyor-dunya-sessiz-uluslararasi-kuruluslarin-iki-yuzlulugu\/#breadcrumb"},"inLanguage":"en-GB","potentialAction":[{"@type":"ReadAction","target":["http:\/\/denizcankizil.tr\/de\/hukukihaber\/masumlar-oluyor-dunya-sessiz-uluslararasi-kuruluslarin-iki-yuzlulugu\/"]}]},{"@type":"BreadcrumbList","@id":"http:\/\/denizcankizil.tr\/de\/hukukihaber\/masumlar-oluyor-dunya-sessiz-uluslararasi-kuruluslarin-iki-yuzlulugu\/#breadcrumb","itemListElement":[{"@type":"ListItem","position":1,"name":"Home","item":"https:\/\/denizcankizil.tr\/de\/"},{"@type":"ListItem","position":2,"name":"Masumlar \u00d6l\u00fcyor, D\u00fcnya Sessiz: Uluslararas\u0131 Kurulu\u015flar\u0131n \u0130ki Y\u00fczl\u00fcl\u00fc\u011f\u00fc"}]},{"@type":"WebSite","@id":"https:\/\/denizcankizil.tr\/de\/#website","url":"https:\/\/denizcankizil.tr\/de\/","name":"Av. Deniz Can K\u0131z\u0131l","description":"Avukat Deniz Can K\u0131z\u0131l Antalya Barosu","publisher":{"@id":"https:\/\/denizcankizil.tr\/de\/#organization"},"potentialAction":[{"@type":"SearchAction","target":{"@type":"EntryPoint","urlTemplate":"https:\/\/denizcankizil.tr\/de\/?s={search_term_string}"},"query-input":{"@type":"PropertyValueSpecification","valueRequired":true,"valueName":"search_term_string"}}],"inLanguage":"en-GB"},{"@type":"Organization","@id":"https:\/\/denizcankizil.tr\/de\/#organization","name":"Av. Deniz Can K\u0131z\u0131l","url":"https:\/\/denizcankizil.tr\/de\/","logo":{"@type":"ImageObject","inLanguage":"en-GB","@id":"https:\/\/denizcankizil.tr\/de\/#\/schema\/logo\/image\/","url":"http:\/\/denizcankizil.tr\/wp-content\/uploads\/2024\/10\/siyah-logo-svg.svg","contentUrl":"http:\/\/denizcankizil.tr\/wp-content\/uploads\/2024\/10\/siyah-logo-svg.svg","width":1080,"height":1080,"caption":"Av. Deniz Can K\u0131z\u0131l"},"image":{"@id":"https:\/\/denizcankizil.tr\/de\/#\/schema\/logo\/image\/"}},{"@type":"Person","@id":"https:\/\/denizcankizil.tr\/de\/#\/schema\/person\/001a271de994a0aa3f90eea084424822","name":"Hukuki Haber.net","image":{"@type":"ImageObject","inLanguage":"en-GB","@id":"https:\/\/denizcankizil.tr\/de\/#\/schema\/person\/image\/","url":"https:\/\/secure.gravatar.com\/avatar\/57d8a49151495586611a149d29fc42865b951dc053a84709a3172ccb5abf3118?s=96&d=mm&r=g","contentUrl":"https:\/\/secure.gravatar.com\/avatar\/57d8a49151495586611a149d29fc42865b951dc053a84709a3172ccb5abf3118?s=96&d=mm&r=g","caption":"Hukuki Haber.net"},"sameAs":["http:\/\/www.hukukihaber.net"],"url":"https:\/\/www.hukukihaber.net\/masumlar-oluyor-dunya-sessiz-uluslararasi-kuruluslarin-iki-yuzlulugu"}]}},"_links":{"self":[{"href":"http:\/\/denizcankizil.tr\/en\/wp-json\/wp\/v2\/posts\/52465","targetHints":{"allow":["GET"]}}],"collection":[{"href":"http:\/\/denizcankizil.tr\/en\/wp-json\/wp\/v2\/posts"}],"about":[{"href":"http:\/\/denizcankizil.tr\/en\/wp-json\/wp\/v2\/types\/post"}],"author":[{"embeddable":true,"href":"http:\/\/denizcankizil.tr\/en\/wp-json\/wp\/v2\/users\/3"}],"replies":[{"embeddable":true,"href":"http:\/\/denizcankizil.tr\/en\/wp-json\/wp\/v2\/comments?post=52465"}],"version-history":[{"count":0,"href":"http:\/\/denizcankizil.tr\/en\/wp-json\/wp\/v2\/posts\/52465\/revisions"}],"wp:attachment":[{"href":"http:\/\/denizcankizil.tr\/en\/wp-json\/wp\/v2\/media?parent=52465"}],"wp:term":[{"taxonomy":"category","embeddable":true,"href":"http:\/\/denizcankizil.tr\/en\/wp-json\/wp\/v2\/categories?post=52465"},{"taxonomy":"post_tag","embeddable":true,"href":"http:\/\/denizcankizil.tr\/en\/wp-json\/wp\/v2\/tags?post=52465"}],"curies":[{"name":"wp","href":"https:\/\/api.w.org\/{rel}","templated":true}]}}