{"id":52447,"date":"2025-04-11T13:41:21","date_gmt":"2025-04-11T10:41:21","guid":{"rendered":"https:\/\/denizcankizil.tr\/uncategorized-tr\/antalyada-diplomasi-forumuna-tkpden-tepki-ktil-sara-kentimizden-defol\/"},"modified":"2025-04-11T13:41:21","modified_gmt":"2025-04-11T10:41:21","slug":"antalyada-diplomasi-forumuna-tkpden-tepki-ktil-sara-kentimizden-defol","status":"publish","type":"post","link":"http:\/\/denizcankizil.tr\/en\/haberler\/gundem\/antalyada-diplomasi-forumuna-tkpden-tepki-ktil-sara-kentimizden-defol\/","title":{"rendered":"Antalya\u2019da Diplomasi Forumu\u2019na TKP\u2019den tepki: K*til \u015eara kentimizden defol"},"content":{"rendered":"<p>Her y\u0131l milyonlarca turisti a\u011f\u0131rlayan Antalya&#8217;da bu hafta sonu diplomasi trafi\u011fi ya\u015fanacak. Daha \u00f6nce G20, NATO zirveleri gibi \u00f6nemli organizasyonlarla d\u00fcnya liderlerini a\u011f\u0131rlayan kent, Diplomasi Forumu&#8217;na d\u00f6rd\u00fcnc\u00fc kez ev sahipli\u011fi yapacak. Foruma kat\u0131lacak isimler aras\u0131nda yer alan Suriye Devlet Ba\u015fkan\u0131 Ahmet El \u015eara, Antalya\u2019da tepki g\u00f6rd\u00fc. T\u00fcrkiye Kom\u00fcnist Partisi Antalya \u0130l Ba\u015fkan\u0131 Ece Mutlu, \u015eara\u2019n\u0131n Antalya\u2019dan bir an \u00f6nce ayr\u0131lmas\u0131n\u0131 istedi.<\/p>\n<p>SUR\u0130YE VE B\u00d6LGEY\u0130 KARANLI\u011eA S\u00dcR\u00dcKL\u00dcYOR<\/p>\n<p>Cumhurba\u015fkan\u0131 Recep Tayyip Erdo\u011fan&#8217;\u0131n kat\u0131l\u0131m\u0131yla ger\u00e7ekle\u015fecek Antalya Diplomasi Forumu bug\u00fcn ba\u015flad\u0131. Bir\u00e7ok d\u00fcnya liderinin kat\u0131l\u0131m g\u00f6sterece\u011fi zirveye Suriye Cumhurba\u015fkan\u0131 Ahmet \u015eara da kat\u0131lacak. \u201cAhmet El \u015eara Antalya Diplomasi Forumu\u2019na kat\u0131lmak \u00fczere 11 Nisan Cuma g\u00fcn\u00fc \u015fehrimize geliyor\u201d \u015feklinde s\u00f6zlerine ba\u015flayan T\u00fcrkiye Kom\u00fcnist Partisi Antalya \u0130l Ba\u015fkan\u0131 Ece Mutlu, \u201cEl Kaide ve I\u015e\u0130D kal\u0131nt\u0131s\u0131 cihat\u00e7\u0131lardan olu\u015fan ve Suriye\u2019de y\u00f6netimi ele ge\u00e7iren ba\u015f\u0131bozuk \u00e7ete HT\u015e, Suriye\u2019yi ve b\u00f6lgeyi karanl\u0131\u011fa s\u00fcr\u00fckl\u00fcyor. Liderleri \u015eara \u00fclkemizi ziyaret etti\u011fi esnada, ABD, \u0130srail ve \u0130ngiltere\u2019nin deste\u011fi ile iktidara gelen bu \u00e7ete, ba\u015fta Alevilerin ya\u015fad\u0131\u011f\u0131 b\u00f6lgeler olmak \u00fczere Suriye\u2019de katliamlara devam ediyor\u201d dedi.<\/p>\n<p>\u0130MAJ YEN\u0130LEME \u00c7ALI\u015eMASI\u2026<\/p>\n<p>\u201cSuriye\u2019deki iktidar\u0131n devrilmesinde rol\u00fc olan AKP iktidar\u0131 ise \u015eara ve HT\u015e\u2019nin \u201cimaj yenileme\u201d \u00e7abas\u0131na deste\u011fini bir an olsun esirgemiyor\u201d \u015feklinde s\u00f6zlerini s\u00fcrd\u00fcren Mutlu a\u00e7\u0131klamalar\u0131n\u0131 \u015fu \u015fekilde s\u00fcrd\u00fcrd\u00fc: \u201cK*til \u015eara kimli\u011fini \u201cdiplomasi\u201d ad\u0131mlar\u0131yla has\u0131ralt\u0131 edebilece\u011fini san\u0131yorsa yan\u0131l\u0131yor. Suriye\u2019deki katliamlar\u0131n sorumlusunu Antalya\u2019da a\u011f\u0131rlayanlar bu su\u00e7a ortak olmaktad\u0131r. \u00dclkemiz bu denklemden \u00e7\u0131kmal\u0131d\u0131r. Cihat\u00e7\u0131 katillerin kentimizde de, \u00fclkemizde de yeri yoktur.\u201d<\/p>\n<p>\u200bAntalya Diplomasi Forumu, Cumhurba\u015fkan\u0131 Recep Tayyip Erdo\u011fan&#8217;\u0131n kat\u0131l\u0131m\u0131yla ba\u015flad\u0131. D\u00fcnya liderleri Antalya&#8217;da bulu\u015fuyor. O liderler aras\u0131nda yer alan Suriye Devlet Ba\u015fkan\u0131 Ahmet El \u015eara, tepkilerin oda\u011f\u0131ndaki isim. TKP Antalya \u0130l Ba\u015fkan\u0131 Ece Mutlu yapt\u0131\u011f\u0131 a\u00e7\u0131klamada, \u201cK*til \u015eara kentimizden defol\u201d dedi.\u00a0<\/p>\n<p>\u200bHaberin Al\u0131nt\u0131land\u0131\u011f\u0131 Kaynak: www.antalyakorfez.com<\/p>","protected":false},"excerpt":{"rendered":"<p>Her y\u0131l milyonlarca turisti a\u011f\u0131rlayan Antalya&#8217;da bu hafta sonu diplomasi trafi\u011fi ya\u015fanacak. Daha \u00f6nce G20, NATO zirveleri gibi \u00f6nemli organizasyonlarla d\u00fcnya liderlerini a\u011f\u0131rlayan kent, Diplomasi Forumu&#8217;na d\u00f6rd\u00fcnc\u00fc kez ev sahipli\u011fi yapacak. Foruma kat\u0131lacak isimler aras\u0131nda yer alan Suriye Devlet Ba\u015fkan\u0131 Ahmet El \u015eara, Antalya\u2019da tepki g\u00f6rd\u00fc. T\u00fcrkiye Kom\u00fcnist Partisi Antalya \u0130l Ba\u015fkan\u0131 Ece Mutlu, \u015eara\u2019n\u0131n Antalya\u2019dan bir an \u00f6nce ayr\u0131lmas\u0131n\u0131 istedi. SUR\u0130YE VE B\u00d6LGEY\u0130 KARANLI\u011eA S\u00dcR\u00dcKL\u00dcYOR Cumhurba\u015fkan\u0131 Recep Tayyip Erdo\u011fan&#8217;\u0131n kat\u0131l\u0131m\u0131yla ger\u00e7ekle\u015fecek Antalya Diplomasi Forumu bug\u00fcn ba\u015flad\u0131. Bir\u00e7ok d\u00fcnya liderinin kat\u0131l\u0131m g\u00f6sterece\u011fi zirveye Suriye Cumhurba\u015fkan\u0131 Ahmet \u015eara da kat\u0131lacak. \u201cAhmet El \u015eara Antalya Diplomasi Forumu\u2019na kat\u0131lmak \u00fczere 11 Nisan Cuma g\u00fcn\u00fc \u015fehrimize geliyor\u201d \u015feklinde s\u00f6zlerine ba\u015flayan T\u00fcrkiye Kom\u00fcnist Partisi Antalya \u0130l Ba\u015fkan\u0131 Ece Mutlu, \u201cEl Kaide ve I\u015e\u0130D kal\u0131nt\u0131s\u0131 cihat\u00e7\u0131lardan olu\u015fan ve Suriye\u2019de y\u00f6netimi ele ge\u00e7iren ba\u015f\u0131bozuk \u00e7ete HT\u015e, Suriye\u2019yi ve b\u00f6lgeyi karanl\u0131\u011fa s\u00fcr\u00fckl\u00fcyor. Liderleri \u015eara \u00fclkemizi ziyaret etti\u011fi esnada, ABD, \u0130srail ve \u0130ngiltere\u2019nin deste\u011fi ile iktidara gelen bu \u00e7ete, ba\u015fta Alevilerin ya\u015fad\u0131\u011f\u0131 b\u00f6lgeler olmak \u00fczere Suriye\u2019de katliamlara devam ediyor\u201d dedi. \u0130MAJ YEN\u0130LEME \u00c7ALI\u015eMASI\u2026 \u201cSuriye\u2019deki iktidar\u0131n devrilmesinde rol\u00fc olan AKP iktidar\u0131 ise \u015eara ve HT\u015e\u2019nin \u201cimaj yenileme\u201d \u00e7abas\u0131na deste\u011fini bir an olsun esirgemiyor\u201d \u015feklinde s\u00f6zlerini s\u00fcrd\u00fcren Mutlu a\u00e7\u0131klamalar\u0131n\u0131 \u015fu \u015fekilde s\u00fcrd\u00fcrd\u00fc: \u201cK*til \u015eara kimli\u011fini \u201cdiplomasi\u201d ad\u0131mlar\u0131yla has\u0131ralt\u0131 edebilece\u011fini san\u0131yorsa yan\u0131l\u0131yor. &hellip;<\/p>","protected":false},"author":5,"featured_media":0,"comment_status":"","ping_status":"open","sticky":false,"template":"","format":"standard","meta":{"_acf_changed":false,"footnotes":""},"categories":[24],"tags":[],"class_list":["post-52447","post","type-post","status-publish","format-standard","has-post-thumbnail","hentry","category-gundem"],"acf":[],"yoast_head":"<!-- This site is optimized with the Yoast SEO Premium plugin v26.6 (Yoast SEO v27.1.1) - https:\/\/yoast.com\/product\/yoast-seo-premium-wordpress\/ -->\n<title>Antalya\u2019da Diplomasi Forumu\u2019na TKP\u2019den tepki: K*til \u015eara kentimizden defol - Av. Deniz Can K\u0131z\u0131l<\/title>\n<meta name=\"robots\" content=\"index, follow, max-snippet:-1, max-image-preview:large, max-video-preview:-1\" \/>\n<link rel=\"canonical\" href=\"https:\/\/denizcankizil.tr\/en\/haberler\/gundem\/antalyada-diplomasi-forumuna-tkpden-tepki-ktil-sara-kentimizden-defol\/\" \/>\n<meta property=\"og:locale\" content=\"en_GB\" \/>\n<meta property=\"og:type\" content=\"article\" \/>\n<meta property=\"og:title\" content=\"Antalya\u2019da Diplomasi Forumu\u2019na TKP\u2019den tepki: K*til \u015eara kentimizden defol\" \/>\n<meta property=\"og:description\" content=\"Her y\u0131l milyonlarca turisti a\u011f\u0131rlayan Antalya&#8217;da bu hafta sonu diplomasi trafi\u011fi ya\u015fanacak. Daha \u00f6nce G20, NATO zirveleri gibi \u00f6nemli organizasyonlarla d\u00fcnya liderlerini a\u011f\u0131rlayan kent, Diplomasi Forumu&#8217;na d\u00f6rd\u00fcnc\u00fc kez ev sahipli\u011fi yapacak. Foruma kat\u0131lacak isimler aras\u0131nda yer alan Suriye Devlet Ba\u015fkan\u0131 Ahmet El \u015eara, Antalya\u2019da tepki g\u00f6rd\u00fc. T\u00fcrkiye Kom\u00fcnist Partisi Antalya \u0130l Ba\u015fkan\u0131 Ece Mutlu, \u015eara\u2019n\u0131n Antalya\u2019dan bir an \u00f6nce ayr\u0131lmas\u0131n\u0131 istedi. SUR\u0130YE VE B\u00d6LGEY\u0130 KARANLI\u011eA S\u00dcR\u00dcKL\u00dcYOR Cumhurba\u015fkan\u0131 Recep Tayyip Erdo\u011fan&#8217;\u0131n kat\u0131l\u0131m\u0131yla ger\u00e7ekle\u015fecek Antalya Diplomasi Forumu bug\u00fcn ba\u015flad\u0131. Bir\u00e7ok d\u00fcnya liderinin kat\u0131l\u0131m g\u00f6sterece\u011fi zirveye Suriye Cumhurba\u015fkan\u0131 Ahmet \u015eara da kat\u0131lacak. \u201cAhmet El \u015eara Antalya Diplomasi Forumu\u2019na kat\u0131lmak \u00fczere 11 Nisan Cuma g\u00fcn\u00fc \u015fehrimize geliyor\u201d \u015feklinde s\u00f6zlerine ba\u015flayan T\u00fcrkiye Kom\u00fcnist Partisi Antalya \u0130l Ba\u015fkan\u0131 Ece Mutlu, \u201cEl Kaide ve I\u015e\u0130D kal\u0131nt\u0131s\u0131 cihat\u00e7\u0131lardan olu\u015fan ve Suriye\u2019de y\u00f6netimi ele ge\u00e7iren ba\u015f\u0131bozuk \u00e7ete HT\u015e, Suriye\u2019yi ve b\u00f6lgeyi karanl\u0131\u011fa s\u00fcr\u00fckl\u00fcyor. Liderleri \u015eara \u00fclkemizi ziyaret etti\u011fi esnada, ABD, \u0130srail ve \u0130ngiltere\u2019nin deste\u011fi ile iktidara gelen bu \u00e7ete, ba\u015fta Alevilerin ya\u015fad\u0131\u011f\u0131 b\u00f6lgeler olmak \u00fczere Suriye\u2019de katliamlara devam ediyor\u201d dedi. \u0130MAJ YEN\u0130LEME \u00c7ALI\u015eMASI\u2026 \u201cSuriye\u2019deki iktidar\u0131n devrilmesinde rol\u00fc olan AKP iktidar\u0131 ise \u015eara ve HT\u015e\u2019nin \u201cimaj yenileme\u201d \u00e7abas\u0131na deste\u011fini bir an olsun esirgemiyor\u201d \u015feklinde s\u00f6zlerini s\u00fcrd\u00fcren Mutlu a\u00e7\u0131klamalar\u0131n\u0131 \u015fu \u015fekilde s\u00fcrd\u00fcrd\u00fc: \u201cK*til \u015eara kimli\u011fini \u201cdiplomasi\u201d ad\u0131mlar\u0131yla has\u0131ralt\u0131 edebilece\u011fini san\u0131yorsa yan\u0131l\u0131yor. &hellip;\" \/>\n<meta property=\"og:url\" content=\"https:\/\/denizcankizil.tr\/en\/haberler\/gundem\/antalyada-diplomasi-forumuna-tkpden-tepki-ktil-sara-kentimizden-defol\/\" \/>\n<meta property=\"og:site_name\" content=\"Av. Deniz Can K\u0131z\u0131l\" \/>\n<meta property=\"article:published_time\" content=\"2025-04-11T10:41:21+00:00\" \/>\n<meta name=\"author\" content=\"Antalya K\u00f6rfez\" \/>\n<meta name=\"twitter:card\" content=\"summary_large_image\" \/>\n<meta name=\"twitter:label1\" content=\"Written by\" \/>\n\t<meta name=\"twitter:data1\" content=\"Antalya K\u00f6rfez\" \/>\n\t<meta name=\"twitter:label2\" content=\"Estimated reading time\" \/>\n\t<meta name=\"twitter:data2\" content=\"2 minutes\" \/>\n<script type=\"application\/ld+json\" class=\"yoast-schema-graph\">{\"@context\":\"https:\/\/schema.org\",\"@graph\":[{\"@type\":\"Article\",\"@id\":\"https:\/\/denizcankizil.tr\/ru\/haberler\/gundem\/antalyada-diplomasi-forumuna-tkpden-tepki-ktil-sara-kentimizden-defol\/#article\",\"isPartOf\":{\"@id\":\"https:\/\/denizcankizil.tr\/ru\/haberler\/gundem\/antalyada-diplomasi-forumuna-tkpden-tepki-ktil-sara-kentimizden-defol\/\"},\"author\":{\"name\":\"Antalya K\u00f6rfez\",\"@id\":\"https:\/\/denizcankizil.tr\/de\/#\/schema\/person\/e1eb71bb4dd684d46563f0af307e1234\"},\"headline\":\"Antalya\u2019da Diplomasi Forumu\u2019na TKP\u2019den tepki: K*til \u015eara kentimizden defol\",\"datePublished\":\"2025-04-11T10:41:21+00:00\",\"mainEntityOfPage\":{\"@id\":\"https:\/\/denizcankizil.tr\/ru\/haberler\/gundem\/antalyada-diplomasi-forumuna-tkpden-tepki-ktil-sara-kentimizden-defol\/\"},\"wordCount\":406,\"publisher\":{\"@id\":\"https:\/\/denizcankizil.tr\/de\/#organization\"},\"articleSection\":[\"G\u00fcndem\"],\"inLanguage\":\"en-GB\"},{\"@type\":\"WebPage\",\"@id\":\"https:\/\/denizcankizil.tr\/ru\/haberler\/gundem\/antalyada-diplomasi-forumuna-tkpden-tepki-ktil-sara-kentimizden-defol\/\",\"url\":\"https:\/\/denizcankizil.tr\/ru\/haberler\/gundem\/antalyada-diplomasi-forumuna-tkpden-tepki-ktil-sara-kentimizden-defol\/\",\"name\":\"Antalya\u2019da Diplomasi Forumu\u2019na TKP\u2019den tepki: K*til \u015eara kentimizden defol - Av. Deniz Can K\u0131z\u0131l\",\"isPartOf\":{\"@id\":\"https:\/\/denizcankizil.tr\/de\/#website\"},\"datePublished\":\"2025-04-11T10:41:21+00:00\",\"breadcrumb\":{\"@id\":\"https:\/\/denizcankizil.tr\/ru\/haberler\/gundem\/antalyada-diplomasi-forumuna-tkpden-tepki-ktil-sara-kentimizden-defol\/#breadcrumb\"},\"inLanguage\":\"en-GB\",\"potentialAction\":[{\"@type\":\"ReadAction\",\"target\":[\"https:\/\/denizcankizil.tr\/ru\/haberler\/gundem\/antalyada-diplomasi-forumuna-tkpden-tepki-ktil-sara-kentimizden-defol\/\"]}]},{\"@type\":\"BreadcrumbList\",\"@id\":\"https:\/\/denizcankizil.tr\/ru\/haberler\/gundem\/antalyada-diplomasi-forumuna-tkpden-tepki-ktil-sara-kentimizden-defol\/#breadcrumb\",\"itemListElement\":[{\"@type\":\"ListItem\",\"position\":1,\"name\":\"Home\",\"item\":\"https:\/\/denizcankizil.tr\/de\/\"},{\"@type\":\"ListItem\",\"position\":2,\"name\":\"Antalya\u2019da Diplomasi Forumu\u2019na TKP\u2019den tepki: K*til \u015eara kentimizden defol\"}]},{\"@type\":\"WebSite\",\"@id\":\"https:\/\/denizcankizil.tr\/de\/#website\",\"url\":\"https:\/\/denizcankizil.tr\/de\/\",\"name\":\"Av. Deniz Can K\u0131z\u0131l\",\"description\":\"Avukat Deniz Can K\u0131z\u0131l Antalya Barosu\",\"publisher\":{\"@id\":\"https:\/\/denizcankizil.tr\/de\/#organization\"},\"potentialAction\":[{\"@type\":\"SearchAction\",\"target\":{\"@type\":\"EntryPoint\",\"urlTemplate\":\"https:\/\/denizcankizil.tr\/de\/?s={search_term_string}\"},\"query-input\":{\"@type\":\"PropertyValueSpecification\",\"valueRequired\":true,\"valueName\":\"search_term_string\"}}],\"inLanguage\":\"en-GB\"},{\"@type\":\"Organization\",\"@id\":\"https:\/\/denizcankizil.tr\/de\/#organization\",\"name\":\"Av. Deniz Can K\u0131z\u0131l\",\"url\":\"https:\/\/denizcankizil.tr\/de\/\",\"logo\":{\"@type\":\"ImageObject\",\"inLanguage\":\"en-GB\",\"@id\":\"https:\/\/denizcankizil.tr\/de\/#\/schema\/logo\/image\/\",\"url\":\"http:\/\/denizcankizil.tr\/wp-content\/uploads\/2024\/10\/siyah-logo-svg.svg\",\"contentUrl\":\"http:\/\/denizcankizil.tr\/wp-content\/uploads\/2024\/10\/siyah-logo-svg.svg\",\"width\":1080,\"height\":1080,\"caption\":\"Av. Deniz Can K\u0131z\u0131l\"},\"image\":{\"@id\":\"https:\/\/denizcankizil.tr\/de\/#\/schema\/logo\/image\/\"}},{\"@type\":\"Person\",\"@id\":\"https:\/\/denizcankizil.tr\/de\/#\/schema\/person\/e1eb71bb4dd684d46563f0af307e1234\",\"name\":\"Antalya K\u00f6rfez\",\"image\":{\"@type\":\"ImageObject\",\"inLanguage\":\"en-GB\",\"@id\":\"https:\/\/denizcankizil.tr\/de\/#\/schema\/person\/image\/\",\"url\":\"https:\/\/secure.gravatar.com\/avatar\/42b01982558a48a0b501fdcab6a408d3717ea5919095ee2e67b0e521799c5905?s=96&d=mm&r=g\",\"contentUrl\":\"https:\/\/secure.gravatar.com\/avatar\/42b01982558a48a0b501fdcab6a408d3717ea5919095ee2e67b0e521799c5905?s=96&d=mm&r=g\",\"caption\":\"Antalya K\u00f6rfez\"},\"sameAs\":[\"http:\/\/www.antalyakorfez.com\"],\"url\":\"https:\/\/www.antalyakorfez.com\/antalyada-diplomasi-forumuna-tkpden-tepki-ktil-sara-kentimizden-defol\"}]}<\/script>\n<!-- \/ Yoast SEO Premium plugin. -->","yoast_head_json":{"title":"Antalya\u2019da Diplomasi Forumu\u2019na TKP\u2019den tepki: K*til \u015eara kentimizden defol - Av. Deniz Can K\u0131z\u0131l","robots":{"index":"index","follow":"follow","max-snippet":"max-snippet:-1","max-image-preview":"max-image-preview:large","max-video-preview":"max-video-preview:-1"},"canonical":"https:\/\/denizcankizil.tr\/en\/haberler\/gundem\/antalyada-diplomasi-forumuna-tkpden-tepki-ktil-sara-kentimizden-defol\/","og_locale":"en_GB","og_type":"article","og_title":"Antalya\u2019da Diplomasi Forumu\u2019na TKP\u2019den tepki: K*til \u015eara kentimizden defol","og_description":"Her y\u0131l milyonlarca turisti a\u011f\u0131rlayan Antalya&#8217;da bu hafta sonu diplomasi trafi\u011fi ya\u015fanacak. Daha \u00f6nce G20, NATO zirveleri gibi \u00f6nemli organizasyonlarla d\u00fcnya liderlerini a\u011f\u0131rlayan kent, Diplomasi Forumu&#8217;na d\u00f6rd\u00fcnc\u00fc kez ev sahipli\u011fi yapacak. Foruma kat\u0131lacak isimler aras\u0131nda yer alan Suriye Devlet Ba\u015fkan\u0131 Ahmet El \u015eara, Antalya\u2019da tepki g\u00f6rd\u00fc. T\u00fcrkiye Kom\u00fcnist Partisi Antalya \u0130l Ba\u015fkan\u0131 Ece Mutlu, \u015eara\u2019n\u0131n Antalya\u2019dan bir an \u00f6nce ayr\u0131lmas\u0131n\u0131 istedi. SUR\u0130YE VE B\u00d6LGEY\u0130 KARANLI\u011eA S\u00dcR\u00dcKL\u00dcYOR Cumhurba\u015fkan\u0131 Recep Tayyip Erdo\u011fan&#8217;\u0131n kat\u0131l\u0131m\u0131yla ger\u00e7ekle\u015fecek Antalya Diplomasi Forumu bug\u00fcn ba\u015flad\u0131. Bir\u00e7ok d\u00fcnya liderinin kat\u0131l\u0131m g\u00f6sterece\u011fi zirveye Suriye Cumhurba\u015fkan\u0131 Ahmet \u015eara da kat\u0131lacak. \u201cAhmet El \u015eara Antalya Diplomasi Forumu\u2019na kat\u0131lmak \u00fczere 11 Nisan Cuma g\u00fcn\u00fc \u015fehrimize geliyor\u201d \u015feklinde s\u00f6zlerine ba\u015flayan T\u00fcrkiye Kom\u00fcnist Partisi Antalya \u0130l Ba\u015fkan\u0131 Ece Mutlu, \u201cEl Kaide ve I\u015e\u0130D kal\u0131nt\u0131s\u0131 cihat\u00e7\u0131lardan olu\u015fan ve Suriye\u2019de y\u00f6netimi ele ge\u00e7iren ba\u015f\u0131bozuk \u00e7ete HT\u015e, Suriye\u2019yi ve b\u00f6lgeyi karanl\u0131\u011fa s\u00fcr\u00fckl\u00fcyor. Liderleri \u015eara \u00fclkemizi ziyaret etti\u011fi esnada, ABD, \u0130srail ve \u0130ngiltere\u2019nin deste\u011fi ile iktidara gelen bu \u00e7ete, ba\u015fta Alevilerin ya\u015fad\u0131\u011f\u0131 b\u00f6lgeler olmak \u00fczere Suriye\u2019de katliamlara devam ediyor\u201d dedi. \u0130MAJ YEN\u0130LEME \u00c7ALI\u015eMASI\u2026 \u201cSuriye\u2019deki iktidar\u0131n devrilmesinde rol\u00fc olan AKP iktidar\u0131 ise \u015eara ve HT\u015e\u2019nin \u201cimaj yenileme\u201d \u00e7abas\u0131na deste\u011fini bir an olsun esirgemiyor\u201d \u015feklinde s\u00f6zlerini s\u00fcrd\u00fcren Mutlu a\u00e7\u0131klamalar\u0131n\u0131 \u015fu \u015fekilde s\u00fcrd\u00fcrd\u00fc: \u201cK*til \u015eara kimli\u011fini \u201cdiplomasi\u201d ad\u0131mlar\u0131yla has\u0131ralt\u0131 edebilece\u011fini san\u0131yorsa yan\u0131l\u0131yor. &hellip;","og_url":"https:\/\/denizcankizil.tr\/en\/haberler\/gundem\/antalyada-diplomasi-forumuna-tkpden-tepki-ktil-sara-kentimizden-defol\/","og_site_name":"Av. Deniz Can K\u0131z\u0131l","article_published_time":"2025-04-11T10:41:21+00:00","author":"Antalya K\u00f6rfez","twitter_card":"summary_large_image","twitter_misc":{"Written by":"Antalya K\u00f6rfez","Estimated reading time":"2 minutes"},"schema":{"@context":"https:\/\/schema.org","@graph":[{"@type":"Article","@id":"https:\/\/denizcankizil.tr\/ru\/haberler\/gundem\/antalyada-diplomasi-forumuna-tkpden-tepki-ktil-sara-kentimizden-defol\/#article","isPartOf":{"@id":"https:\/\/denizcankizil.tr\/ru\/haberler\/gundem\/antalyada-diplomasi-forumuna-tkpden-tepki-ktil-sara-kentimizden-defol\/"},"author":{"name":"Antalya K\u00f6rfez","@id":"https:\/\/denizcankizil.tr\/de\/#\/schema\/person\/e1eb71bb4dd684d46563f0af307e1234"},"headline":"Antalya\u2019da Diplomasi Forumu\u2019na TKP\u2019den tepki: K*til \u015eara kentimizden defol","datePublished":"2025-04-11T10:41:21+00:00","mainEntityOfPage":{"@id":"https:\/\/denizcankizil.tr\/ru\/haberler\/gundem\/antalyada-diplomasi-forumuna-tkpden-tepki-ktil-sara-kentimizden-defol\/"},"wordCount":406,"publisher":{"@id":"https:\/\/denizcankizil.tr\/de\/#organization"},"articleSection":["G\u00fcndem"],"inLanguage":"en-GB"},{"@type":"WebPage","@id":"https:\/\/denizcankizil.tr\/ru\/haberler\/gundem\/antalyada-diplomasi-forumuna-tkpden-tepki-ktil-sara-kentimizden-defol\/","url":"https:\/\/denizcankizil.tr\/ru\/haberler\/gundem\/antalyada-diplomasi-forumuna-tkpden-tepki-ktil-sara-kentimizden-defol\/","name":"Antalya\u2019da Diplomasi Forumu\u2019na TKP\u2019den tepki: K*til \u015eara kentimizden defol - Av. Deniz Can K\u0131z\u0131l","isPartOf":{"@id":"https:\/\/denizcankizil.tr\/de\/#website"},"datePublished":"2025-04-11T10:41:21+00:00","breadcrumb":{"@id":"https:\/\/denizcankizil.tr\/ru\/haberler\/gundem\/antalyada-diplomasi-forumuna-tkpden-tepki-ktil-sara-kentimizden-defol\/#breadcrumb"},"inLanguage":"en-GB","potentialAction":[{"@type":"ReadAction","target":["https:\/\/denizcankizil.tr\/ru\/haberler\/gundem\/antalyada-diplomasi-forumuna-tkpden-tepki-ktil-sara-kentimizden-defol\/"]}]},{"@type":"BreadcrumbList","@id":"https:\/\/denizcankizil.tr\/ru\/haberler\/gundem\/antalyada-diplomasi-forumuna-tkpden-tepki-ktil-sara-kentimizden-defol\/#breadcrumb","itemListElement":[{"@type":"ListItem","position":1,"name":"Home","item":"https:\/\/denizcankizil.tr\/de\/"},{"@type":"ListItem","position":2,"name":"Antalya\u2019da Diplomasi Forumu\u2019na TKP\u2019den tepki: K*til \u015eara kentimizden defol"}]},{"@type":"WebSite","@id":"https:\/\/denizcankizil.tr\/de\/#website","url":"https:\/\/denizcankizil.tr\/de\/","name":"Av. Deniz Can K\u0131z\u0131l","description":"Avukat Deniz Can K\u0131z\u0131l Antalya Barosu","publisher":{"@id":"https:\/\/denizcankizil.tr\/de\/#organization"},"potentialAction":[{"@type":"SearchAction","target":{"@type":"EntryPoint","urlTemplate":"https:\/\/denizcankizil.tr\/de\/?s={search_term_string}"},"query-input":{"@type":"PropertyValueSpecification","valueRequired":true,"valueName":"search_term_string"}}],"inLanguage":"en-GB"},{"@type":"Organization","@id":"https:\/\/denizcankizil.tr\/de\/#organization","name":"Av. Deniz Can K\u0131z\u0131l","url":"https:\/\/denizcankizil.tr\/de\/","logo":{"@type":"ImageObject","inLanguage":"en-GB","@id":"https:\/\/denizcankizil.tr\/de\/#\/schema\/logo\/image\/","url":"http:\/\/denizcankizil.tr\/wp-content\/uploads\/2024\/10\/siyah-logo-svg.svg","contentUrl":"http:\/\/denizcankizil.tr\/wp-content\/uploads\/2024\/10\/siyah-logo-svg.svg","width":1080,"height":1080,"caption":"Av. Deniz Can K\u0131z\u0131l"},"image":{"@id":"https:\/\/denizcankizil.tr\/de\/#\/schema\/logo\/image\/"}},{"@type":"Person","@id":"https:\/\/denizcankizil.tr\/de\/#\/schema\/person\/e1eb71bb4dd684d46563f0af307e1234","name":"Antalya K\u00f6rfez","image":{"@type":"ImageObject","inLanguage":"en-GB","@id":"https:\/\/denizcankizil.tr\/de\/#\/schema\/person\/image\/","url":"https:\/\/secure.gravatar.com\/avatar\/42b01982558a48a0b501fdcab6a408d3717ea5919095ee2e67b0e521799c5905?s=96&d=mm&r=g","contentUrl":"https:\/\/secure.gravatar.com\/avatar\/42b01982558a48a0b501fdcab6a408d3717ea5919095ee2e67b0e521799c5905?s=96&d=mm&r=g","caption":"Antalya K\u00f6rfez"},"sameAs":["http:\/\/www.antalyakorfez.com"],"url":"https:\/\/www.antalyakorfez.com\/antalyada-diplomasi-forumuna-tkpden-tepki-ktil-sara-kentimizden-defol"}]}},"_links":{"self":[{"href":"http:\/\/denizcankizil.tr\/en\/wp-json\/wp\/v2\/posts\/52447","targetHints":{"allow":["GET"]}}],"collection":[{"href":"http:\/\/denizcankizil.tr\/en\/wp-json\/wp\/v2\/posts"}],"about":[{"href":"http:\/\/denizcankizil.tr\/en\/wp-json\/wp\/v2\/types\/post"}],"author":[{"embeddable":true,"href":"http:\/\/denizcankizil.tr\/en\/wp-json\/wp\/v2\/users\/5"}],"replies":[{"embeddable":true,"href":"http:\/\/denizcankizil.tr\/en\/wp-json\/wp\/v2\/comments?post=52447"}],"version-history":[{"count":0,"href":"http:\/\/denizcankizil.tr\/en\/wp-json\/wp\/v2\/posts\/52447\/revisions"}],"wp:attachment":[{"href":"http:\/\/denizcankizil.tr\/en\/wp-json\/wp\/v2\/media?parent=52447"}],"wp:term":[{"taxonomy":"category","embeddable":true,"href":"http:\/\/denizcankizil.tr\/en\/wp-json\/wp\/v2\/categories?post=52447"},{"taxonomy":"post_tag","embeddable":true,"href":"http:\/\/denizcankizil.tr\/en\/wp-json\/wp\/v2\/tags?post=52447"}],"curies":[{"name":"wp","href":"https:\/\/api.w.org\/{rel}","templated":true}]}}