{"id":5186,"date":"2024-10-20T11:48:50","date_gmt":"2024-10-20T08:48:50","guid":{"rendered":"https:\/\/denizcankizil.tr\/uncategorized-tr\/ic-ege-ve-ic-anadoluda-zirai-don-uyarisi-dogu-karadenizin-yukseklerinde-kar\/"},"modified":"2024-10-20T11:48:59","modified_gmt":"2024-10-20T08:48:59","slug":"ic-ege-ve-ic-anadoluda-zirai-don-uyarisi-dogu-karadenizin-yukseklerinde-kar","status":"publish","type":"post","link":"http:\/\/denizcankizil.tr\/en\/haberler\/gundem\/ic-ege-ve-ic-anadoluda-zirai-don-uyarisi-dogu-karadenizin-yukseklerinde-kar\/","title":{"rendered":"\u0130\u00e7 Ege ve \u0130\u00e7 Anadolu&#8217;da zirai don uyar\u0131s\u0131&#8230; Do\u011fu Karadeniz&#8217;in y\u00fckseklerinde kar!"},"content":{"rendered":"<h1>T\u00fcrkiye&#8217;de Hava Durumu Tahminleri ve Uyar\u0131lar<\/h1>\n\n<p>Bug\u00fcn \u00fclke genelinde hava s\u0131cakl\u0131klar\u0131nda kayda de\u011fer bir de\u011fi\u015fiklik beklenmiyor; ancak s\u0131cakl\u0131klar\u0131n mevsim normallerinin alt\u0131nda seyretmesi \u00f6ng\u00f6r\u00fcl\u00fcyor. Meteoroloji Genel M\u00fcd\u00fcrl\u00fc\u011f\u00fc, \u0130\u00e7 Ege ve \u0130\u00e7 Anadolu b\u00f6lgelerinde don olaylar\u0131n\u0131n ya\u015fanabilece\u011fi konusunda tar\u0131msal \u00fcreticileri uyararak dikkatli olmalar\u0131n\u0131 tavsiye etti. Ayr\u0131ca, Do\u011fu Karadeniz&#8217;in y\u00fcksek kesimlerinde kar ya\u011f\u0131\u015f\u0131 bekleniyor.<\/p>\n\n<h2>Hava Durumu Raporu<\/h2>\n<p>Ankara (\u0130GFA) &#8211; Meteoroloji Genel M\u00fcd\u00fcrl\u00fc\u011f\u00fc, 20 Ekim Pazar g\u00fcn\u00fc i\u00e7in hava tahmin raporunu yay\u0131mlad\u0131. T\u00fcrkiye&#8217;nin kuzey b\u00f6lgeleri par\u00e7al\u0131 bulutlu iken, Karadeniz ile \u0130stanbul&#8217;un Anadolu Yakas\u0131 ve Kocaeli \u00e7evrelerinde ya\u011fmur ve sa\u011fanak ya\u011f\u0131\u015flar g\u00f6r\u00fclecek. Do\u011fu Karadeniz\u2019in i\u00e7 k\u0131s\u0131mlar\u0131nda ise karla kar\u0131\u015f\u0131k ya\u011fmur ve kar bekleniyor; di\u011fer yerlerde ise az bulutlu ve a\u00e7\u0131k bir hava hakim olacak.<\/p>\n\n<h2>Ya\u011f\u0131\u015flar ve R\u00fczgar Beklentileri<\/h2>\n<p>Ya\u011f\u0131\u015flar\u0131n Orta ve Do\u011fu Karadeniz k\u0131y\u0131lar\u0131 ile Kastamonu \u00e7evresinde yerel olarak kuvvetli olmas\u0131 \u00f6ng\u00f6r\u00fcl\u00fcyor. R\u00fczgar\u0131n genellikle kuzey y\u00f6nlerinden hafif esmesi beklenirken, ara s\u0131ra orta kuvvette r\u00fczgarlar da g\u00f6r\u00fclebilir. \u00d6zellikle Orta ve Do\u011fu Karadeniz k\u0131y\u0131lar\u0131nda r\u00fczgar\u0131n zaman zaman 40-60 km\/saat h\u0131zla esece\u011fi tahmin ediliyor.<\/p>\n\n<h3>Dikkat Edilmesi Gerekenler<\/h3>\n<p>Meteoroloji Genel M\u00fcd\u00fcrl\u00fc\u011f\u00fc taraf\u0131ndan yap\u0131lan a\u00e7\u0131klamada, g\u00fc\u00e7l\u00fc ya\u011f\u0131\u015flar ile r\u00fczgarlara kar\u015f\u0131 uyar\u0131larda bulunuldu. \u0130\u00e7 Ege ve \u0130\u00e7 Anadolu&#8217;da don olaylar\u0131 beklendi\u011finden tar\u0131msal \u00fcreticilerin bu duruma kar\u015f\u0131 tedbirli olmalar\u0131 gerekti\u011fi vurguland\u0131. Ya\u011f\u0131\u015flar\u0131n \u00f6zellikle Orta ve Do\u011fu Karadeniz k\u0131y\u0131lar\u0131 ile Kastamonu \u00e7evresinde yo\u011funla\u015fmas\u0131 nedeniyle olumsuz durumlarla kar\u015f\u0131la\u015fmamak i\u00e7in dikkatli olunmas\u0131 \u00f6nerildi.<\/p>\n\n<p>Bug\u00fcn \u00fclke genelindeki hava s\u0131cakl\u0131klar\u0131nda \u00f6nemli bir de\u011fi\u015fiklik olmayacak; ancak mevsim normallerinin alt\u0131nda kalaca\u011f\u0131 d\u00fc\u015f\u00fcn\u00fcl\u00fcyor. Tar\u0131msal \u00fcreticilerin don olaylar\u0131na kar\u015f\u0131 \u00f6nlem almas\u0131 gerekti\u011fi hat\u0131rlat\u0131ld\u0131.<\/p>\n\n<p><em>Haberin Al\u0131nt\u0131land\u0131\u011f\u0131 Kaynak: www.iskenderun.org<\/em><\/p>","protected":false},"excerpt":{"rendered":"<p>T\u00fcrkiye&#8217;de Hava Durumu Tahminleri ve Uyar\u0131lar Bug\u00fcn \u00fclke genelinde hava s\u0131cakl\u0131klar\u0131nda kayda de\u011fer bir de\u011fi\u015fiklik beklenmiyor; ancak s\u0131cakl\u0131klar\u0131n mevsim normallerinin alt\u0131nda seyretmesi \u00f6ng\u00f6r\u00fcl\u00fcyor. Meteoroloji Genel M\u00fcd\u00fcrl\u00fc\u011f\u00fc, \u0130\u00e7 Ege ve \u0130\u00e7 Anadolu b\u00f6lgelerinde don olaylar\u0131n\u0131n ya\u015fanabilece\u011fi konusunda tar\u0131msal \u00fcreticileri uyararak dikkatli olmalar\u0131n\u0131 tavsiye etti. Ayr\u0131ca, Do\u011fu Karadeniz&#8217;in y\u00fcksek kesimlerinde kar ya\u011f\u0131\u015f\u0131 bekleniyor. Hava Durumu Raporu Ankara (\u0130GFA) &#8211; Meteoroloji Genel M\u00fcd\u00fcrl\u00fc\u011f\u00fc, 20 Ekim Pazar g\u00fcn\u00fc i\u00e7in hava tahmin raporunu yay\u0131mlad\u0131. T\u00fcrkiye&#8217;nin kuzey b\u00f6lgeleri par\u00e7al\u0131 bulutlu iken, Karadeniz ile \u0130stanbul&#8217;un Anadolu Yakas\u0131 ve Kocaeli \u00e7evrelerinde ya\u011fmur ve sa\u011fanak ya\u011f\u0131\u015flar g\u00f6r\u00fclecek. Do\u011fu Karadeniz\u2019in i\u00e7 k\u0131s\u0131mlar\u0131nda ise karla kar\u0131\u015f\u0131k ya\u011fmur ve kar bekleniyor; di\u011fer yerlerde ise az bulutlu ve a\u00e7\u0131k bir hava hakim olacak. Ya\u011f\u0131\u015flar ve R\u00fczgar Beklentileri Ya\u011f\u0131\u015flar\u0131n Orta ve Do\u011fu Karadeniz k\u0131y\u0131lar\u0131 ile Kastamonu \u00e7evresinde yerel olarak kuvvetli olmas\u0131 \u00f6ng\u00f6r\u00fcl\u00fcyor. R\u00fczgar\u0131n genellikle kuzey y\u00f6nlerinden hafif esmesi beklenirken, ara s\u0131ra orta kuvvette r\u00fczgarlar da g\u00f6r\u00fclebilir. \u00d6zellikle Orta ve Do\u011fu Karadeniz k\u0131y\u0131lar\u0131nda r\u00fczgar\u0131n zaman zaman 40-60 km\/saat h\u0131zla esece\u011fi tahmin ediliyor. Dikkat Edilmesi Gerekenler Meteoroloji Genel M\u00fcd\u00fcrl\u00fc\u011f\u00fc taraf\u0131ndan yap\u0131lan a\u00e7\u0131klamada, g\u00fc\u00e7l\u00fc ya\u011f\u0131\u015flar ile r\u00fczgarlara kar\u015f\u0131 uyar\u0131larda bulunuldu. \u0130\u00e7 Ege ve \u0130\u00e7 Anadolu&#8217;da don olaylar\u0131 beklendi\u011finden tar\u0131msal \u00fcreticilerin bu duruma kar\u015f\u0131 tedbirli olmalar\u0131 gerekti\u011fi vurguland\u0131. Ya\u011f\u0131\u015flar\u0131n \u00f6zellikle Orta ve Do\u011fu Karadeniz k\u0131y\u0131lar\u0131 ile Kastamonu \u00e7evresinde &hellip;<\/p>","protected":false},"author":0,"featured_media":0,"comment_status":"open","ping_status":"open","sticky":false,"template":"","format":"standard","meta":{"_acf_changed":false,"footnotes":""},"categories":[24,535],"tags":[],"class_list":["post-5186","post","type-post","status-publish","format-standard","has-post-thumbnail","hentry","category-gundem","category-uncategorized-tr"],"acf":[],"yoast_head":"<!-- This site is optimized with the Yoast SEO Premium plugin v26.6 (Yoast SEO v27.1.1) - https:\/\/yoast.com\/product\/yoast-seo-premium-wordpress\/ -->\n<title>\u0130\u00e7 Ege ve \u0130\u00e7 Anadolu&#039;da zirai don uyar\u0131s\u0131... Do\u011fu Karadeniz&#039;in y\u00fckseklerinde kar! - Av. Deniz Can K\u0131z\u0131l<\/title>\n<meta name=\"robots\" content=\"index, follow, max-snippet:-1, max-image-preview:large, max-video-preview:-1\" \/>\n<link rel=\"canonical\" href=\"http:\/\/denizcankizil.tr\/en\/haberler\/gundem\/ic-ege-ve-ic-anadoluda-zirai-don-uyarisi-dogu-karadenizin-yukseklerinde-kar\/\" \/>\n<meta property=\"og:locale\" content=\"en_GB\" \/>\n<meta property=\"og:type\" content=\"article\" \/>\n<meta property=\"og:title\" content=\"\u0130\u00e7 Ege ve \u0130\u00e7 Anadolu&#039;da zirai don uyar\u0131s\u0131... Do\u011fu Karadeniz&#039;in y\u00fckseklerinde kar!\" \/>\n<meta property=\"og:description\" content=\"T\u00fcrkiye&#8217;de Hava Durumu Tahminleri ve Uyar\u0131lar Bug\u00fcn \u00fclke genelinde hava s\u0131cakl\u0131klar\u0131nda kayda de\u011fer bir de\u011fi\u015fiklik beklenmiyor; ancak s\u0131cakl\u0131klar\u0131n mevsim normallerinin alt\u0131nda seyretmesi \u00f6ng\u00f6r\u00fcl\u00fcyor. Meteoroloji Genel M\u00fcd\u00fcrl\u00fc\u011f\u00fc, \u0130\u00e7 Ege ve \u0130\u00e7 Anadolu b\u00f6lgelerinde don olaylar\u0131n\u0131n ya\u015fanabilece\u011fi konusunda tar\u0131msal \u00fcreticileri uyararak dikkatli olmalar\u0131n\u0131 tavsiye etti. Ayr\u0131ca, Do\u011fu Karadeniz&#8217;in y\u00fcksek kesimlerinde kar ya\u011f\u0131\u015f\u0131 bekleniyor. Hava Durumu Raporu Ankara (\u0130GFA) &#8211; Meteoroloji Genel M\u00fcd\u00fcrl\u00fc\u011f\u00fc, 20 Ekim Pazar g\u00fcn\u00fc i\u00e7in hava tahmin raporunu yay\u0131mlad\u0131. T\u00fcrkiye&#8217;nin kuzey b\u00f6lgeleri par\u00e7al\u0131 bulutlu iken, Karadeniz ile \u0130stanbul&#8217;un Anadolu Yakas\u0131 ve Kocaeli \u00e7evrelerinde ya\u011fmur ve sa\u011fanak ya\u011f\u0131\u015flar g\u00f6r\u00fclecek. Do\u011fu Karadeniz\u2019in i\u00e7 k\u0131s\u0131mlar\u0131nda ise karla kar\u0131\u015f\u0131k ya\u011fmur ve kar bekleniyor; di\u011fer yerlerde ise az bulutlu ve a\u00e7\u0131k bir hava hakim olacak. Ya\u011f\u0131\u015flar ve R\u00fczgar Beklentileri Ya\u011f\u0131\u015flar\u0131n Orta ve Do\u011fu Karadeniz k\u0131y\u0131lar\u0131 ile Kastamonu \u00e7evresinde yerel olarak kuvvetli olmas\u0131 \u00f6ng\u00f6r\u00fcl\u00fcyor. R\u00fczgar\u0131n genellikle kuzey y\u00f6nlerinden hafif esmesi beklenirken, ara s\u0131ra orta kuvvette r\u00fczgarlar da g\u00f6r\u00fclebilir. \u00d6zellikle Orta ve Do\u011fu Karadeniz k\u0131y\u0131lar\u0131nda r\u00fczgar\u0131n zaman zaman 40-60 km\/saat h\u0131zla esece\u011fi tahmin ediliyor. Dikkat Edilmesi Gerekenler Meteoroloji Genel M\u00fcd\u00fcrl\u00fc\u011f\u00fc taraf\u0131ndan yap\u0131lan a\u00e7\u0131klamada, g\u00fc\u00e7l\u00fc ya\u011f\u0131\u015flar ile r\u00fczgarlara kar\u015f\u0131 uyar\u0131larda bulunuldu. \u0130\u00e7 Ege ve \u0130\u00e7 Anadolu&#8217;da don olaylar\u0131 beklendi\u011finden tar\u0131msal \u00fcreticilerin bu duruma kar\u015f\u0131 tedbirli olmalar\u0131 gerekti\u011fi vurguland\u0131. Ya\u011f\u0131\u015flar\u0131n \u00f6zellikle Orta ve Do\u011fu Karadeniz k\u0131y\u0131lar\u0131 ile Kastamonu \u00e7evresinde &hellip;\" \/>\n<meta property=\"og:url\" content=\"http:\/\/denizcankizil.tr\/en\/haberler\/gundem\/ic-ege-ve-ic-anadoluda-zirai-don-uyarisi-dogu-karadenizin-yukseklerinde-kar\/\" \/>\n<meta property=\"og:site_name\" content=\"Av. Deniz Can K\u0131z\u0131l\" \/>\n<meta property=\"article:published_time\" content=\"2024-10-20T08:48:50+00:00\" \/>\n<meta property=\"article:modified_time\" content=\"2024-10-20T08:48:59+00:00\" \/>\n<meta name=\"twitter:card\" content=\"summary_large_image\" \/>\n<meta name=\"twitter:label1\" content=\"Estimated reading time\" \/>\n\t<meta name=\"twitter:data1\" content=\"2 minutes\" \/>\n<script type=\"application\/ld+json\" class=\"yoast-schema-graph\">{\"@context\":\"https:\/\/schema.org\",\"@graph\":[{\"@type\":\"Article\",\"@id\":\"http:\/\/denizcankizil.tr\/en\/haberler\/gundem\/ic-ege-ve-ic-anadoluda-zirai-don-uyarisi-dogu-karadenizin-yukseklerinde-kar\/#article\",\"isPartOf\":{\"@id\":\"http:\/\/denizcankizil.tr\/en\/haberler\/gundem\/ic-ege-ve-ic-anadoluda-zirai-don-uyarisi-dogu-karadenizin-yukseklerinde-kar\/\"},\"author\":{\"name\":\"\",\"@id\":\"\"},\"headline\":\"\u0130\u00e7 Ege ve \u0130\u00e7 Anadolu&#8217;da zirai don uyar\u0131s\u0131&#8230; Do\u011fu Karadeniz&#8217;in y\u00fckseklerinde kar!\",\"datePublished\":\"2024-10-20T08:48:50+00:00\",\"dateModified\":\"2024-10-20T08:48:59+00:00\",\"mainEntityOfPage\":{\"@id\":\"http:\/\/denizcankizil.tr\/en\/haberler\/gundem\/ic-ege-ve-ic-anadoluda-zirai-don-uyarisi-dogu-karadenizin-yukseklerinde-kar\/\"},\"wordCount\":369,\"commentCount\":0,\"publisher\":{\"@id\":\"https:\/\/denizcankizil.tr\/#organization\"},\"articleSection\":[\"G\u00fcndem\",\"Uncategorized\"],\"inLanguage\":\"en-GB\",\"potentialAction\":[{\"@type\":\"CommentAction\",\"name\":\"Comment\",\"target\":[\"http:\/\/denizcankizil.tr\/en\/haberler\/gundem\/ic-ege-ve-ic-anadoluda-zirai-don-uyarisi-dogu-karadenizin-yukseklerinde-kar\/#respond\"]}]},{\"@type\":\"WebPage\",\"@id\":\"http:\/\/denizcankizil.tr\/en\/haberler\/gundem\/ic-ege-ve-ic-anadoluda-zirai-don-uyarisi-dogu-karadenizin-yukseklerinde-kar\/\",\"url\":\"http:\/\/denizcankizil.tr\/en\/haberler\/gundem\/ic-ege-ve-ic-anadoluda-zirai-don-uyarisi-dogu-karadenizin-yukseklerinde-kar\/\",\"name\":\"\u0130\u00e7 Ege ve \u0130\u00e7 Anadolu'da zirai don uyar\u0131s\u0131... Do\u011fu Karadeniz'in y\u00fckseklerinde kar! - Av. Deniz Can K\u0131z\u0131l\",\"isPartOf\":{\"@id\":\"https:\/\/denizcankizil.tr\/#website\"},\"datePublished\":\"2024-10-20T08:48:50+00:00\",\"dateModified\":\"2024-10-20T08:48:59+00:00\",\"breadcrumb\":{\"@id\":\"http:\/\/denizcankizil.tr\/en\/haberler\/gundem\/ic-ege-ve-ic-anadoluda-zirai-don-uyarisi-dogu-karadenizin-yukseklerinde-kar\/#breadcrumb\"},\"inLanguage\":\"en-GB\",\"potentialAction\":[{\"@type\":\"ReadAction\",\"target\":[\"http:\/\/denizcankizil.tr\/en\/haberler\/gundem\/ic-ege-ve-ic-anadoluda-zirai-don-uyarisi-dogu-karadenizin-yukseklerinde-kar\/\"]}]},{\"@type\":\"BreadcrumbList\",\"@id\":\"http:\/\/denizcankizil.tr\/en\/haberler\/gundem\/ic-ege-ve-ic-anadoluda-zirai-don-uyarisi-dogu-karadenizin-yukseklerinde-kar\/#breadcrumb\",\"itemListElement\":[{\"@type\":\"ListItem\",\"position\":1,\"name\":\"Home\",\"item\":\"https:\/\/denizcankizil.tr\/de\/\"},{\"@type\":\"ListItem\",\"position\":2,\"name\":\"\u0130\u00e7 Ege ve \u0130\u00e7 Anadolu&#8217;da zirai don uyar\u0131s\u0131&#8230; Do\u011fu Karadeniz&#8217;in y\u00fckseklerinde kar!\"}]},{\"@type\":\"WebSite\",\"@id\":\"https:\/\/denizcankizil.tr\/#website\",\"url\":\"https:\/\/denizcankizil.tr\/\",\"name\":\"Av. Deniz Can K\u0131z\u0131l\",\"description\":\"Avukat Deniz Can K\u0131z\u0131l Antalya Barosu\",\"publisher\":{\"@id\":\"https:\/\/denizcankizil.tr\/#organization\"},\"potentialAction\":[{\"@type\":\"SearchAction\",\"target\":{\"@type\":\"EntryPoint\",\"urlTemplate\":\"https:\/\/denizcankizil.tr\/?s={search_term_string}\"},\"query-input\":{\"@type\":\"PropertyValueSpecification\",\"valueRequired\":true,\"valueName\":\"search_term_string\"}}],\"inLanguage\":\"en-GB\"},{\"@type\":\"Organization\",\"@id\":\"https:\/\/denizcankizil.tr\/#organization\",\"name\":\"Av. Deniz Can K\u0131z\u0131l\",\"url\":\"https:\/\/denizcankizil.tr\/\",\"logo\":{\"@type\":\"ImageObject\",\"inLanguage\":\"en-GB\",\"@id\":\"https:\/\/denizcankizil.tr\/#\/schema\/logo\/image\/\",\"url\":\"http:\/\/denizcankizil.tr\/wp-content\/uploads\/2024\/10\/siyah-logo-svg.svg\",\"contentUrl\":\"http:\/\/denizcankizil.tr\/wp-content\/uploads\/2024\/10\/siyah-logo-svg.svg\",\"width\":1080,\"height\":1080,\"caption\":\"Av. Deniz Can K\u0131z\u0131l\"},\"image\":{\"@id\":\"https:\/\/denizcankizil.tr\/#\/schema\/logo\/image\/\"}}]}<\/script>\n<!-- \/ Yoast SEO Premium plugin. -->","yoast_head_json":{"title":"\u0130\u00e7 Ege ve \u0130\u00e7 Anadolu'da zirai don uyar\u0131s\u0131... Do\u011fu Karadeniz'in y\u00fckseklerinde kar! - Av. Deniz Can K\u0131z\u0131l","robots":{"index":"index","follow":"follow","max-snippet":"max-snippet:-1","max-image-preview":"max-image-preview:large","max-video-preview":"max-video-preview:-1"},"canonical":"http:\/\/denizcankizil.tr\/en\/haberler\/gundem\/ic-ege-ve-ic-anadoluda-zirai-don-uyarisi-dogu-karadenizin-yukseklerinde-kar\/","og_locale":"en_GB","og_type":"article","og_title":"\u0130\u00e7 Ege ve \u0130\u00e7 Anadolu'da zirai don uyar\u0131s\u0131... Do\u011fu Karadeniz'in y\u00fckseklerinde kar!","og_description":"T\u00fcrkiye&#8217;de Hava Durumu Tahminleri ve Uyar\u0131lar Bug\u00fcn \u00fclke genelinde hava s\u0131cakl\u0131klar\u0131nda kayda de\u011fer bir de\u011fi\u015fiklik beklenmiyor; ancak s\u0131cakl\u0131klar\u0131n mevsim normallerinin alt\u0131nda seyretmesi \u00f6ng\u00f6r\u00fcl\u00fcyor. Meteoroloji Genel M\u00fcd\u00fcrl\u00fc\u011f\u00fc, \u0130\u00e7 Ege ve \u0130\u00e7 Anadolu b\u00f6lgelerinde don olaylar\u0131n\u0131n ya\u015fanabilece\u011fi konusunda tar\u0131msal \u00fcreticileri uyararak dikkatli olmalar\u0131n\u0131 tavsiye etti. Ayr\u0131ca, Do\u011fu Karadeniz&#8217;in y\u00fcksek kesimlerinde kar ya\u011f\u0131\u015f\u0131 bekleniyor. Hava Durumu Raporu Ankara (\u0130GFA) &#8211; Meteoroloji Genel M\u00fcd\u00fcrl\u00fc\u011f\u00fc, 20 Ekim Pazar g\u00fcn\u00fc i\u00e7in hava tahmin raporunu yay\u0131mlad\u0131. T\u00fcrkiye&#8217;nin kuzey b\u00f6lgeleri par\u00e7al\u0131 bulutlu iken, Karadeniz ile \u0130stanbul&#8217;un Anadolu Yakas\u0131 ve Kocaeli \u00e7evrelerinde ya\u011fmur ve sa\u011fanak ya\u011f\u0131\u015flar g\u00f6r\u00fclecek. Do\u011fu Karadeniz\u2019in i\u00e7 k\u0131s\u0131mlar\u0131nda ise karla kar\u0131\u015f\u0131k ya\u011fmur ve kar bekleniyor; di\u011fer yerlerde ise az bulutlu ve a\u00e7\u0131k bir hava hakim olacak. Ya\u011f\u0131\u015flar ve R\u00fczgar Beklentileri Ya\u011f\u0131\u015flar\u0131n Orta ve Do\u011fu Karadeniz k\u0131y\u0131lar\u0131 ile Kastamonu \u00e7evresinde yerel olarak kuvvetli olmas\u0131 \u00f6ng\u00f6r\u00fcl\u00fcyor. R\u00fczgar\u0131n genellikle kuzey y\u00f6nlerinden hafif esmesi beklenirken, ara s\u0131ra orta kuvvette r\u00fczgarlar da g\u00f6r\u00fclebilir. \u00d6zellikle Orta ve Do\u011fu Karadeniz k\u0131y\u0131lar\u0131nda r\u00fczgar\u0131n zaman zaman 40-60 km\/saat h\u0131zla esece\u011fi tahmin ediliyor. Dikkat Edilmesi Gerekenler Meteoroloji Genel M\u00fcd\u00fcrl\u00fc\u011f\u00fc taraf\u0131ndan yap\u0131lan a\u00e7\u0131klamada, g\u00fc\u00e7l\u00fc ya\u011f\u0131\u015flar ile r\u00fczgarlara kar\u015f\u0131 uyar\u0131larda bulunuldu. \u0130\u00e7 Ege ve \u0130\u00e7 Anadolu&#8217;da don olaylar\u0131 beklendi\u011finden tar\u0131msal \u00fcreticilerin bu duruma kar\u015f\u0131 tedbirli olmalar\u0131 gerekti\u011fi vurguland\u0131. Ya\u011f\u0131\u015flar\u0131n \u00f6zellikle Orta ve Do\u011fu Karadeniz k\u0131y\u0131lar\u0131 ile Kastamonu \u00e7evresinde &hellip;","og_url":"http:\/\/denizcankizil.tr\/en\/haberler\/gundem\/ic-ege-ve-ic-anadoluda-zirai-don-uyarisi-dogu-karadenizin-yukseklerinde-kar\/","og_site_name":"Av. Deniz Can K\u0131z\u0131l","article_published_time":"2024-10-20T08:48:50+00:00","article_modified_time":"2024-10-20T08:48:59+00:00","twitter_card":"summary_large_image","twitter_misc":{"Estimated reading time":"2 minutes"},"schema":{"@context":"https:\/\/schema.org","@graph":[{"@type":"Article","@id":"http:\/\/denizcankizil.tr\/en\/haberler\/gundem\/ic-ege-ve-ic-anadoluda-zirai-don-uyarisi-dogu-karadenizin-yukseklerinde-kar\/#article","isPartOf":{"@id":"http:\/\/denizcankizil.tr\/en\/haberler\/gundem\/ic-ege-ve-ic-anadoluda-zirai-don-uyarisi-dogu-karadenizin-yukseklerinde-kar\/"},"author":{"name":"","@id":""},"headline":"\u0130\u00e7 Ege ve \u0130\u00e7 Anadolu&#8217;da zirai don uyar\u0131s\u0131&#8230; Do\u011fu Karadeniz&#8217;in y\u00fckseklerinde kar!","datePublished":"2024-10-20T08:48:50+00:00","dateModified":"2024-10-20T08:48:59+00:00","mainEntityOfPage":{"@id":"http:\/\/denizcankizil.tr\/en\/haberler\/gundem\/ic-ege-ve-ic-anadoluda-zirai-don-uyarisi-dogu-karadenizin-yukseklerinde-kar\/"},"wordCount":369,"commentCount":0,"publisher":{"@id":"https:\/\/denizcankizil.tr\/#organization"},"articleSection":["G\u00fcndem","Uncategorized"],"inLanguage":"en-GB","potentialAction":[{"@type":"CommentAction","name":"Comment","target":["http:\/\/denizcankizil.tr\/en\/haberler\/gundem\/ic-ege-ve-ic-anadoluda-zirai-don-uyarisi-dogu-karadenizin-yukseklerinde-kar\/#respond"]}]},{"@type":"WebPage","@id":"http:\/\/denizcankizil.tr\/en\/haberler\/gundem\/ic-ege-ve-ic-anadoluda-zirai-don-uyarisi-dogu-karadenizin-yukseklerinde-kar\/","url":"http:\/\/denizcankizil.tr\/en\/haberler\/gundem\/ic-ege-ve-ic-anadoluda-zirai-don-uyarisi-dogu-karadenizin-yukseklerinde-kar\/","name":"\u0130\u00e7 Ege ve \u0130\u00e7 Anadolu'da zirai don uyar\u0131s\u0131... Do\u011fu Karadeniz'in y\u00fckseklerinde kar! - Av. Deniz Can K\u0131z\u0131l","isPartOf":{"@id":"https:\/\/denizcankizil.tr\/#website"},"datePublished":"2024-10-20T08:48:50+00:00","dateModified":"2024-10-20T08:48:59+00:00","breadcrumb":{"@id":"http:\/\/denizcankizil.tr\/en\/haberler\/gundem\/ic-ege-ve-ic-anadoluda-zirai-don-uyarisi-dogu-karadenizin-yukseklerinde-kar\/#breadcrumb"},"inLanguage":"en-GB","potentialAction":[{"@type":"ReadAction","target":["http:\/\/denizcankizil.tr\/en\/haberler\/gundem\/ic-ege-ve-ic-anadoluda-zirai-don-uyarisi-dogu-karadenizin-yukseklerinde-kar\/"]}]},{"@type":"BreadcrumbList","@id":"http:\/\/denizcankizil.tr\/en\/haberler\/gundem\/ic-ege-ve-ic-anadoluda-zirai-don-uyarisi-dogu-karadenizin-yukseklerinde-kar\/#breadcrumb","itemListElement":[{"@type":"ListItem","position":1,"name":"Home","item":"https:\/\/denizcankizil.tr\/de\/"},{"@type":"ListItem","position":2,"name":"\u0130\u00e7 Ege ve \u0130\u00e7 Anadolu&#8217;da zirai don uyar\u0131s\u0131&#8230; Do\u011fu Karadeniz&#8217;in y\u00fckseklerinde kar!"}]},{"@type":"WebSite","@id":"https:\/\/denizcankizil.tr\/#website","url":"https:\/\/denizcankizil.tr\/","name":"Av. Deniz Can K\u0131z\u0131l","description":"Avukat Deniz Can K\u0131z\u0131l Antalya Barosu","publisher":{"@id":"https:\/\/denizcankizil.tr\/#organization"},"potentialAction":[{"@type":"SearchAction","target":{"@type":"EntryPoint","urlTemplate":"https:\/\/denizcankizil.tr\/?s={search_term_string}"},"query-input":{"@type":"PropertyValueSpecification","valueRequired":true,"valueName":"search_term_string"}}],"inLanguage":"en-GB"},{"@type":"Organization","@id":"https:\/\/denizcankizil.tr\/#organization","name":"Av. Deniz Can K\u0131z\u0131l","url":"https:\/\/denizcankizil.tr\/","logo":{"@type":"ImageObject","inLanguage":"en-GB","@id":"https:\/\/denizcankizil.tr\/#\/schema\/logo\/image\/","url":"http:\/\/denizcankizil.tr\/wp-content\/uploads\/2024\/10\/siyah-logo-svg.svg","contentUrl":"http:\/\/denizcankizil.tr\/wp-content\/uploads\/2024\/10\/siyah-logo-svg.svg","width":1080,"height":1080,"caption":"Av. Deniz Can K\u0131z\u0131l"},"image":{"@id":"https:\/\/denizcankizil.tr\/#\/schema\/logo\/image\/"}}]}},"_links":{"self":[{"href":"http:\/\/denizcankizil.tr\/en\/wp-json\/wp\/v2\/posts\/5186","targetHints":{"allow":["GET"]}}],"collection":[{"href":"http:\/\/denizcankizil.tr\/en\/wp-json\/wp\/v2\/posts"}],"about":[{"href":"http:\/\/denizcankizil.tr\/en\/wp-json\/wp\/v2\/types\/post"}],"replies":[{"embeddable":true,"href":"http:\/\/denizcankizil.tr\/en\/wp-json\/wp\/v2\/comments?post=5186"}],"version-history":[{"count":1,"href":"http:\/\/denizcankizil.tr\/en\/wp-json\/wp\/v2\/posts\/5186\/revisions"}],"predecessor-version":[{"id":5187,"href":"http:\/\/denizcankizil.tr\/en\/wp-json\/wp\/v2\/posts\/5186\/revisions\/5187"}],"wp:attachment":[{"href":"http:\/\/denizcankizil.tr\/en\/wp-json\/wp\/v2\/media?parent=5186"}],"wp:term":[{"taxonomy":"category","embeddable":true,"href":"http:\/\/denizcankizil.tr\/en\/wp-json\/wp\/v2\/categories?post=5186"},{"taxonomy":"post_tag","embeddable":true,"href":"http:\/\/denizcankizil.tr\/en\/wp-json\/wp\/v2\/tags?post=5186"}],"curies":[{"name":"wp","href":"https:\/\/api.w.org\/{rel}","templated":true}]}}