{"id":5170,"date":"2024-10-20T11:47:22","date_gmt":"2024-10-20T08:47:22","guid":{"rendered":"https:\/\/denizcankizil.tr\/uncategorized-tr\/bursa-milletvekili-kilictan-mudanyali-muhtarlara-ziyaret\/"},"modified":"2024-10-20T11:47:29","modified_gmt":"2024-10-20T08:47:29","slug":"bursa-milletvekili-kilictan-mudanyali-muhtarlara-ziyaret","status":"publish","type":"post","link":"http:\/\/denizcankizil.tr\/en\/haberler\/gundem\/bursa-milletvekili-kilictan-mudanyali-muhtarlara-ziyaret\/","title":{"rendered":"Bursa Milletvekili K\u0131l\u0131\u00e7&#8217;tan Mudanyal\u0131 muhtarlara ziyaret"},"content":{"rendered":"<h1>Muhtarlar G\u00fcn\u00fc&#8217;nde Mudanya&#8217;da \u00d6nemli Ziyaret<\/h1>\n\n<p>19 Ekim Muhtarlar G\u00fcn\u00fc dolay\u0131s\u0131yla, AK Parti Bursa Milletvekili Ahmet K\u0131l\u0131\u00e7 ve AK Parti Mudanya \u0130l\u00e7e Ba\u015fkan\u0131 Arif Bayrak, Mudanya Muhtarlar Derne\u011fi&#8217;ni ziyaret etti. Bu anlaml\u0131 g\u00fcnde, muhtarlarla bir araya gelen K\u0131l\u0131\u00e7, onlar\u0131n \u00f6nemli rollerine dikkat \u00e7ekti.<\/p>\n\n<h2>Muhtarlar\u0131n Yerel Y\u00f6netimdeki Rol\u00fc<\/h2>\n<p>Bursa Milletvekili Ahmet K\u0131l\u0131\u00e7, ziyareti s\u0131ras\u0131nda muhtarlara hitap ederek yerel y\u00f6netimlerdeki kritik g\u00f6revlerini vurgulad\u0131. Muhtarlar\u0131n mahallelerindeki ihtiya\u00e7lar\u0131 dinleyerek toplumsal sorunlara \u00e7\u00f6z\u00fcm bulma noktas\u0131nda b\u00fcy\u00fck bir sorumluluk ta\u015f\u0131d\u0131\u011f\u0131n\u0131 ifade etti. Ayr\u0131ca, Bursa&#8217;daki yat\u0131r\u0131mlar hakk\u0131nda bilgi vererek bu s\u00fcre\u00e7te muhtarlar\u0131n katk\u0131s\u0131n\u0131n \u00f6nemine de\u011findi.<\/p>\n\n<h2>\u00d6zverili \u00c7al\u0131\u015fmalar ve Destek Mesaj\u0131<\/h2>\n<p>K\u0131l\u0131\u00e7, gece g\u00fcnd\u00fcz demeden \u00e7al\u0131\u015fan muhtarlara her zaman destek olduklar\u0131n\u0131 belirtti. Ziyaretin sonunda Mudanyal\u0131 muhtarlara kalem hediye eden K\u0131l\u0131\u00e7, onlar\u0131 Ankara\u2019ya davet ederek daha geni\u015f bir platformda g\u00f6r\u00fc\u015f al\u0131\u015fveri\u015finde bulunmay\u0131 \u00f6nerdi.<\/p>\n\n<h3>Toplumsal Ba\u011flant\u0131lar ve \u0130\u015fbirli\u011fi<\/h3>\n<p>B\u00f6yle etkinliklerin yerel y\u00f6netim ile halk aras\u0131nda k\u00f6pr\u00fc kurdu\u011funu s\u00f6yleyen K\u0131l\u0131\u00e7, bu t\u00fcr bulu\u015fmalar\u0131n \u00f6nemini vurgulad\u0131. Muhtarlar\u0131n taleplerinin dikkate al\u0131nmas\u0131 gerekti\u011fini belirterek i\u015fbirli\u011finin g\u00fc\u00e7lendirilmesi gerekti\u011fine inand\u0131\u011f\u0131n\u0131 ifade etti.<\/p>\n\n<p>Ziyaretin ard\u0131ndan yap\u0131lan a\u00e7\u0131klamalarla birlikte bu t\u00fcr etkinliklerin devam etmesi gerekti\u011fi mesaj\u0131 verildi. Bu ba\u011flamda yerel y\u00f6neticilerin ve halk\u0131n birlikte hareket etmesinin \u00f6nemi tekrar g\u00f6zler \u00f6n\u00fcne serildi.<\/p>","protected":false},"excerpt":{"rendered":"<p>Muhtarlar G\u00fcn\u00fc&#8217;nde Mudanya&#8217;da \u00d6nemli Ziyaret 19 Ekim Muhtarlar G\u00fcn\u00fc dolay\u0131s\u0131yla, AK Parti Bursa Milletvekili Ahmet K\u0131l\u0131\u00e7 ve AK Parti Mudanya \u0130l\u00e7e Ba\u015fkan\u0131 Arif Bayrak, Mudanya Muhtarlar Derne\u011fi&#8217;ni ziyaret etti. Bu anlaml\u0131 g\u00fcnde, muhtarlarla bir araya gelen K\u0131l\u0131\u00e7, onlar\u0131n \u00f6nemli rollerine dikkat \u00e7ekti. Muhtarlar\u0131n Yerel Y\u00f6netimdeki Rol\u00fc Bursa Milletvekili Ahmet K\u0131l\u0131\u00e7, ziyareti s\u0131ras\u0131nda muhtarlara hitap ederek yerel y\u00f6netimlerdeki kritik g\u00f6revlerini vurgulad\u0131. Muhtarlar\u0131n mahallelerindeki ihtiya\u00e7lar\u0131 dinleyerek toplumsal sorunlara \u00e7\u00f6z\u00fcm bulma noktas\u0131nda b\u00fcy\u00fck bir sorumluluk ta\u015f\u0131d\u0131\u011f\u0131n\u0131 ifade etti. Ayr\u0131ca, Bursa&#8217;daki yat\u0131r\u0131mlar hakk\u0131nda bilgi vererek bu s\u00fcre\u00e7te muhtarlar\u0131n katk\u0131s\u0131n\u0131n \u00f6nemine de\u011findi. \u00d6zverili \u00c7al\u0131\u015fmalar ve Destek Mesaj\u0131 K\u0131l\u0131\u00e7, gece g\u00fcnd\u00fcz demeden \u00e7al\u0131\u015fan muhtarlara her zaman destek olduklar\u0131n\u0131 belirtti. Ziyaretin sonunda Mudanyal\u0131 muhtarlara kalem hediye eden K\u0131l\u0131\u00e7, onlar\u0131 Ankara\u2019ya davet ederek daha geni\u015f bir platformda g\u00f6r\u00fc\u015f al\u0131\u015fveri\u015finde bulunmay\u0131 \u00f6nerdi. Toplumsal Ba\u011flant\u0131lar ve \u0130\u015fbirli\u011fi B\u00f6yle etkinliklerin yerel y\u00f6netim ile halk aras\u0131nda k\u00f6pr\u00fc kurdu\u011funu s\u00f6yleyen K\u0131l\u0131\u00e7, bu t\u00fcr bulu\u015fmalar\u0131n \u00f6nemini vurgulad\u0131. Muhtarlar\u0131n taleplerinin dikkate al\u0131nmas\u0131 gerekti\u011fini belirterek i\u015fbirli\u011finin g\u00fc\u00e7lendirilmesi gerekti\u011fine inand\u0131\u011f\u0131n\u0131 ifade etti. Ziyaretin ard\u0131ndan yap\u0131lan a\u00e7\u0131klamalarla birlikte bu t\u00fcr etkinliklerin devam etmesi gerekti\u011fi mesaj\u0131 verildi. Bu ba\u011flamda yerel y\u00f6neticilerin ve halk\u0131n birlikte hareket etmesinin \u00f6nemi tekrar g\u00f6zler \u00f6n\u00fcne serildi.<\/p>","protected":false},"author":0,"featured_media":0,"comment_status":"open","ping_status":"open","sticky":false,"template":"","format":"standard","meta":{"_acf_changed":false,"footnotes":""},"categories":[24,535],"tags":[],"class_list":["post-5170","post","type-post","status-publish","format-standard","has-post-thumbnail","hentry","category-gundem","category-uncategorized-tr"],"acf":[],"yoast_head":"<!-- This site is optimized with the Yoast SEO Premium plugin v26.6 (Yoast SEO v27.1.1) - https:\/\/yoast.com\/product\/yoast-seo-premium-wordpress\/ -->\n<title>Bursa Milletvekili K\u0131l\u0131\u00e7&#039;tan Mudanyal\u0131 muhtarlara ziyaret - Av. Deniz Can K\u0131z\u0131l<\/title>\n<meta name=\"robots\" content=\"index, follow, max-snippet:-1, max-image-preview:large, max-video-preview:-1\" \/>\n<link rel=\"canonical\" href=\"http:\/\/denizcankizil.tr\/en\/haberler\/gundem\/bursa-milletvekili-kilictan-mudanyali-muhtarlara-ziyaret\/\" \/>\n<meta property=\"og:locale\" content=\"en_GB\" \/>\n<meta property=\"og:type\" content=\"article\" \/>\n<meta property=\"og:title\" content=\"Bursa Milletvekili K\u0131l\u0131\u00e7&#039;tan Mudanyal\u0131 muhtarlara ziyaret\" \/>\n<meta property=\"og:description\" content=\"Muhtarlar G\u00fcn\u00fc&#8217;nde Mudanya&#8217;da \u00d6nemli Ziyaret 19 Ekim Muhtarlar G\u00fcn\u00fc dolay\u0131s\u0131yla, AK Parti Bursa Milletvekili Ahmet K\u0131l\u0131\u00e7 ve AK Parti Mudanya \u0130l\u00e7e Ba\u015fkan\u0131 Arif Bayrak, Mudanya Muhtarlar Derne\u011fi&#8217;ni ziyaret etti. Bu anlaml\u0131 g\u00fcnde, muhtarlarla bir araya gelen K\u0131l\u0131\u00e7, onlar\u0131n \u00f6nemli rollerine dikkat \u00e7ekti. Muhtarlar\u0131n Yerel Y\u00f6netimdeki Rol\u00fc Bursa Milletvekili Ahmet K\u0131l\u0131\u00e7, ziyareti s\u0131ras\u0131nda muhtarlara hitap ederek yerel y\u00f6netimlerdeki kritik g\u00f6revlerini vurgulad\u0131. Muhtarlar\u0131n mahallelerindeki ihtiya\u00e7lar\u0131 dinleyerek toplumsal sorunlara \u00e7\u00f6z\u00fcm bulma noktas\u0131nda b\u00fcy\u00fck bir sorumluluk ta\u015f\u0131d\u0131\u011f\u0131n\u0131 ifade etti. Ayr\u0131ca, Bursa&#8217;daki yat\u0131r\u0131mlar hakk\u0131nda bilgi vererek bu s\u00fcre\u00e7te muhtarlar\u0131n katk\u0131s\u0131n\u0131n \u00f6nemine de\u011findi. \u00d6zverili \u00c7al\u0131\u015fmalar ve Destek Mesaj\u0131 K\u0131l\u0131\u00e7, gece g\u00fcnd\u00fcz demeden \u00e7al\u0131\u015fan muhtarlara her zaman destek olduklar\u0131n\u0131 belirtti. Ziyaretin sonunda Mudanyal\u0131 muhtarlara kalem hediye eden K\u0131l\u0131\u00e7, onlar\u0131 Ankara\u2019ya davet ederek daha geni\u015f bir platformda g\u00f6r\u00fc\u015f al\u0131\u015fveri\u015finde bulunmay\u0131 \u00f6nerdi. Toplumsal Ba\u011flant\u0131lar ve \u0130\u015fbirli\u011fi B\u00f6yle etkinliklerin yerel y\u00f6netim ile halk aras\u0131nda k\u00f6pr\u00fc kurdu\u011funu s\u00f6yleyen K\u0131l\u0131\u00e7, bu t\u00fcr bulu\u015fmalar\u0131n \u00f6nemini vurgulad\u0131. Muhtarlar\u0131n taleplerinin dikkate al\u0131nmas\u0131 gerekti\u011fini belirterek i\u015fbirli\u011finin g\u00fc\u00e7lendirilmesi gerekti\u011fine inand\u0131\u011f\u0131n\u0131 ifade etti. Ziyaretin ard\u0131ndan yap\u0131lan a\u00e7\u0131klamalarla birlikte bu t\u00fcr etkinliklerin devam etmesi gerekti\u011fi mesaj\u0131 verildi. Bu ba\u011flamda yerel y\u00f6neticilerin ve halk\u0131n birlikte hareket etmesinin \u00f6nemi tekrar g\u00f6zler \u00f6n\u00fcne serildi.\" \/>\n<meta property=\"og:url\" content=\"http:\/\/denizcankizil.tr\/en\/haberler\/gundem\/bursa-milletvekili-kilictan-mudanyali-muhtarlara-ziyaret\/\" \/>\n<meta property=\"og:site_name\" content=\"Av. Deniz Can K\u0131z\u0131l\" \/>\n<meta property=\"article:published_time\" content=\"2024-10-20T08:47:22+00:00\" \/>\n<meta property=\"article:modified_time\" content=\"2024-10-20T08:47:29+00:00\" \/>\n<meta name=\"twitter:card\" content=\"summary_large_image\" \/>\n<meta name=\"twitter:label1\" content=\"Estimated reading time\" \/>\n\t<meta name=\"twitter:data1\" content=\"1 minute\" \/>\n<script type=\"application\/ld+json\" class=\"yoast-schema-graph\">{\"@context\":\"https:\/\/schema.org\",\"@graph\":[{\"@type\":\"Article\",\"@id\":\"http:\/\/denizcankizil.tr\/ru\/haberler\/gundem\/bursa-milletvekili-kilictan-mudanyali-muhtarlara-ziyaret\/#article\",\"isPartOf\":{\"@id\":\"http:\/\/denizcankizil.tr\/ru\/haberler\/gundem\/bursa-milletvekili-kilictan-mudanyali-muhtarlara-ziyaret\/\"},\"author\":{\"name\":\"\",\"@id\":\"\"},\"headline\":\"Bursa Milletvekili K\u0131l\u0131\u00e7&#8217;tan Mudanyal\u0131 muhtarlara ziyaret\",\"datePublished\":\"2024-10-20T08:47:22+00:00\",\"dateModified\":\"2024-10-20T08:47:29+00:00\",\"mainEntityOfPage\":{\"@id\":\"http:\/\/denizcankizil.tr\/ru\/haberler\/gundem\/bursa-milletvekili-kilictan-mudanyali-muhtarlara-ziyaret\/\"},\"wordCount\":272,\"commentCount\":0,\"publisher\":{\"@id\":\"https:\/\/denizcankizil.tr\/de\/#organization\"},\"articleSection\":[\"G\u00fcndem\",\"Uncategorized\"],\"inLanguage\":\"en-GB\",\"potentialAction\":[{\"@type\":\"CommentAction\",\"name\":\"Comment\",\"target\":[\"http:\/\/denizcankizil.tr\/ru\/haberler\/gundem\/bursa-milletvekili-kilictan-mudanyali-muhtarlara-ziyaret\/#respond\"]}]},{\"@type\":\"WebPage\",\"@id\":\"http:\/\/denizcankizil.tr\/ru\/haberler\/gundem\/bursa-milletvekili-kilictan-mudanyali-muhtarlara-ziyaret\/\",\"url\":\"http:\/\/denizcankizil.tr\/ru\/haberler\/gundem\/bursa-milletvekili-kilictan-mudanyali-muhtarlara-ziyaret\/\",\"name\":\"Bursa Milletvekili K\u0131l\u0131\u00e7'tan Mudanyal\u0131 muhtarlara ziyaret - Av. Deniz Can K\u0131z\u0131l\",\"isPartOf\":{\"@id\":\"https:\/\/denizcankizil.tr\/de\/#website\"},\"datePublished\":\"2024-10-20T08:47:22+00:00\",\"dateModified\":\"2024-10-20T08:47:29+00:00\",\"breadcrumb\":{\"@id\":\"http:\/\/denizcankizil.tr\/ru\/haberler\/gundem\/bursa-milletvekili-kilictan-mudanyali-muhtarlara-ziyaret\/#breadcrumb\"},\"inLanguage\":\"en-GB\",\"potentialAction\":[{\"@type\":\"ReadAction\",\"target\":[\"http:\/\/denizcankizil.tr\/ru\/haberler\/gundem\/bursa-milletvekili-kilictan-mudanyali-muhtarlara-ziyaret\/\"]}]},{\"@type\":\"BreadcrumbList\",\"@id\":\"http:\/\/denizcankizil.tr\/ru\/haberler\/gundem\/bursa-milletvekili-kilictan-mudanyali-muhtarlara-ziyaret\/#breadcrumb\",\"itemListElement\":[{\"@type\":\"ListItem\",\"position\":1,\"name\":\"Home\",\"item\":\"https:\/\/denizcankizil.tr\/de\/\"},{\"@type\":\"ListItem\",\"position\":2,\"name\":\"Bursa Milletvekili K\u0131l\u0131\u00e7&#8217;tan Mudanyal\u0131 muhtarlara ziyaret\"}]},{\"@type\":\"WebSite\",\"@id\":\"https:\/\/denizcankizil.tr\/de\/#website\",\"url\":\"https:\/\/denizcankizil.tr\/de\/\",\"name\":\"Av. Deniz Can K\u0131z\u0131l\",\"description\":\"Avukat Deniz Can K\u0131z\u0131l Antalya Barosu\",\"publisher\":{\"@id\":\"https:\/\/denizcankizil.tr\/de\/#organization\"},\"potentialAction\":[{\"@type\":\"SearchAction\",\"target\":{\"@type\":\"EntryPoint\",\"urlTemplate\":\"https:\/\/denizcankizil.tr\/de\/?s={search_term_string}\"},\"query-input\":{\"@type\":\"PropertyValueSpecification\",\"valueRequired\":true,\"valueName\":\"search_term_string\"}}],\"inLanguage\":\"en-GB\"},{\"@type\":\"Organization\",\"@id\":\"https:\/\/denizcankizil.tr\/de\/#organization\",\"name\":\"Av. Deniz Can K\u0131z\u0131l\",\"url\":\"https:\/\/denizcankizil.tr\/de\/\",\"logo\":{\"@type\":\"ImageObject\",\"inLanguage\":\"en-GB\",\"@id\":\"https:\/\/denizcankizil.tr\/de\/#\/schema\/logo\/image\/\",\"url\":\"http:\/\/denizcankizil.tr\/wp-content\/uploads\/2024\/10\/siyah-logo-svg.svg\",\"contentUrl\":\"http:\/\/denizcankizil.tr\/wp-content\/uploads\/2024\/10\/siyah-logo-svg.svg\",\"width\":1080,\"height\":1080,\"caption\":\"Av. Deniz Can K\u0131z\u0131l\"},\"image\":{\"@id\":\"https:\/\/denizcankizil.tr\/de\/#\/schema\/logo\/image\/\"}}]}<\/script>\n<!-- \/ Yoast SEO Premium plugin. -->","yoast_head_json":{"title":"Bursa Milletvekili K\u0131l\u0131\u00e7'tan Mudanyal\u0131 muhtarlara ziyaret - Av. Deniz Can K\u0131z\u0131l","robots":{"index":"index","follow":"follow","max-snippet":"max-snippet:-1","max-image-preview":"max-image-preview:large","max-video-preview":"max-video-preview:-1"},"canonical":"http:\/\/denizcankizil.tr\/en\/haberler\/gundem\/bursa-milletvekili-kilictan-mudanyali-muhtarlara-ziyaret\/","og_locale":"en_GB","og_type":"article","og_title":"Bursa Milletvekili K\u0131l\u0131\u00e7'tan Mudanyal\u0131 muhtarlara ziyaret","og_description":"Muhtarlar G\u00fcn\u00fc&#8217;nde Mudanya&#8217;da \u00d6nemli Ziyaret 19 Ekim Muhtarlar G\u00fcn\u00fc dolay\u0131s\u0131yla, AK Parti Bursa Milletvekili Ahmet K\u0131l\u0131\u00e7 ve AK Parti Mudanya \u0130l\u00e7e Ba\u015fkan\u0131 Arif Bayrak, Mudanya Muhtarlar Derne\u011fi&#8217;ni ziyaret etti. Bu anlaml\u0131 g\u00fcnde, muhtarlarla bir araya gelen K\u0131l\u0131\u00e7, onlar\u0131n \u00f6nemli rollerine dikkat \u00e7ekti. Muhtarlar\u0131n Yerel Y\u00f6netimdeki Rol\u00fc Bursa Milletvekili Ahmet K\u0131l\u0131\u00e7, ziyareti s\u0131ras\u0131nda muhtarlara hitap ederek yerel y\u00f6netimlerdeki kritik g\u00f6revlerini vurgulad\u0131. Muhtarlar\u0131n mahallelerindeki ihtiya\u00e7lar\u0131 dinleyerek toplumsal sorunlara \u00e7\u00f6z\u00fcm bulma noktas\u0131nda b\u00fcy\u00fck bir sorumluluk ta\u015f\u0131d\u0131\u011f\u0131n\u0131 ifade etti. Ayr\u0131ca, Bursa&#8217;daki yat\u0131r\u0131mlar hakk\u0131nda bilgi vererek bu s\u00fcre\u00e7te muhtarlar\u0131n katk\u0131s\u0131n\u0131n \u00f6nemine de\u011findi. \u00d6zverili \u00c7al\u0131\u015fmalar ve Destek Mesaj\u0131 K\u0131l\u0131\u00e7, gece g\u00fcnd\u00fcz demeden \u00e7al\u0131\u015fan muhtarlara her zaman destek olduklar\u0131n\u0131 belirtti. Ziyaretin sonunda Mudanyal\u0131 muhtarlara kalem hediye eden K\u0131l\u0131\u00e7, onlar\u0131 Ankara\u2019ya davet ederek daha geni\u015f bir platformda g\u00f6r\u00fc\u015f al\u0131\u015fveri\u015finde bulunmay\u0131 \u00f6nerdi. Toplumsal Ba\u011flant\u0131lar ve \u0130\u015fbirli\u011fi B\u00f6yle etkinliklerin yerel y\u00f6netim ile halk aras\u0131nda k\u00f6pr\u00fc kurdu\u011funu s\u00f6yleyen K\u0131l\u0131\u00e7, bu t\u00fcr bulu\u015fmalar\u0131n \u00f6nemini vurgulad\u0131. Muhtarlar\u0131n taleplerinin dikkate al\u0131nmas\u0131 gerekti\u011fini belirterek i\u015fbirli\u011finin g\u00fc\u00e7lendirilmesi gerekti\u011fine inand\u0131\u011f\u0131n\u0131 ifade etti. Ziyaretin ard\u0131ndan yap\u0131lan a\u00e7\u0131klamalarla birlikte bu t\u00fcr etkinliklerin devam etmesi gerekti\u011fi mesaj\u0131 verildi. Bu ba\u011flamda yerel y\u00f6neticilerin ve halk\u0131n birlikte hareket etmesinin \u00f6nemi tekrar g\u00f6zler \u00f6n\u00fcne serildi.","og_url":"http:\/\/denizcankizil.tr\/en\/haberler\/gundem\/bursa-milletvekili-kilictan-mudanyali-muhtarlara-ziyaret\/","og_site_name":"Av. Deniz Can K\u0131z\u0131l","article_published_time":"2024-10-20T08:47:22+00:00","article_modified_time":"2024-10-20T08:47:29+00:00","twitter_card":"summary_large_image","twitter_misc":{"Estimated reading time":"1 minute"},"schema":{"@context":"https:\/\/schema.org","@graph":[{"@type":"Article","@id":"http:\/\/denizcankizil.tr\/ru\/haberler\/gundem\/bursa-milletvekili-kilictan-mudanyali-muhtarlara-ziyaret\/#article","isPartOf":{"@id":"http:\/\/denizcankizil.tr\/ru\/haberler\/gundem\/bursa-milletvekili-kilictan-mudanyali-muhtarlara-ziyaret\/"},"author":{"name":"","@id":""},"headline":"Bursa Milletvekili K\u0131l\u0131\u00e7&#8217;tan Mudanyal\u0131 muhtarlara ziyaret","datePublished":"2024-10-20T08:47:22+00:00","dateModified":"2024-10-20T08:47:29+00:00","mainEntityOfPage":{"@id":"http:\/\/denizcankizil.tr\/ru\/haberler\/gundem\/bursa-milletvekili-kilictan-mudanyali-muhtarlara-ziyaret\/"},"wordCount":272,"commentCount":0,"publisher":{"@id":"https:\/\/denizcankizil.tr\/de\/#organization"},"articleSection":["G\u00fcndem","Uncategorized"],"inLanguage":"en-GB","potentialAction":[{"@type":"CommentAction","name":"Comment","target":["http:\/\/denizcankizil.tr\/ru\/haberler\/gundem\/bursa-milletvekili-kilictan-mudanyali-muhtarlara-ziyaret\/#respond"]}]},{"@type":"WebPage","@id":"http:\/\/denizcankizil.tr\/ru\/haberler\/gundem\/bursa-milletvekili-kilictan-mudanyali-muhtarlara-ziyaret\/","url":"http:\/\/denizcankizil.tr\/ru\/haberler\/gundem\/bursa-milletvekili-kilictan-mudanyali-muhtarlara-ziyaret\/","name":"Bursa Milletvekili K\u0131l\u0131\u00e7'tan Mudanyal\u0131 muhtarlara ziyaret - Av. Deniz Can K\u0131z\u0131l","isPartOf":{"@id":"https:\/\/denizcankizil.tr\/de\/#website"},"datePublished":"2024-10-20T08:47:22+00:00","dateModified":"2024-10-20T08:47:29+00:00","breadcrumb":{"@id":"http:\/\/denizcankizil.tr\/ru\/haberler\/gundem\/bursa-milletvekili-kilictan-mudanyali-muhtarlara-ziyaret\/#breadcrumb"},"inLanguage":"en-GB","potentialAction":[{"@type":"ReadAction","target":["http:\/\/denizcankizil.tr\/ru\/haberler\/gundem\/bursa-milletvekili-kilictan-mudanyali-muhtarlara-ziyaret\/"]}]},{"@type":"BreadcrumbList","@id":"http:\/\/denizcankizil.tr\/ru\/haberler\/gundem\/bursa-milletvekili-kilictan-mudanyali-muhtarlara-ziyaret\/#breadcrumb","itemListElement":[{"@type":"ListItem","position":1,"name":"Home","item":"https:\/\/denizcankizil.tr\/de\/"},{"@type":"ListItem","position":2,"name":"Bursa Milletvekili K\u0131l\u0131\u00e7&#8217;tan Mudanyal\u0131 muhtarlara ziyaret"}]},{"@type":"WebSite","@id":"https:\/\/denizcankizil.tr\/de\/#website","url":"https:\/\/denizcankizil.tr\/de\/","name":"Av. Deniz Can K\u0131z\u0131l","description":"Avukat Deniz Can K\u0131z\u0131l Antalya Barosu","publisher":{"@id":"https:\/\/denizcankizil.tr\/de\/#organization"},"potentialAction":[{"@type":"SearchAction","target":{"@type":"EntryPoint","urlTemplate":"https:\/\/denizcankizil.tr\/de\/?s={search_term_string}"},"query-input":{"@type":"PropertyValueSpecification","valueRequired":true,"valueName":"search_term_string"}}],"inLanguage":"en-GB"},{"@type":"Organization","@id":"https:\/\/denizcankizil.tr\/de\/#organization","name":"Av. Deniz Can K\u0131z\u0131l","url":"https:\/\/denizcankizil.tr\/de\/","logo":{"@type":"ImageObject","inLanguage":"en-GB","@id":"https:\/\/denizcankizil.tr\/de\/#\/schema\/logo\/image\/","url":"http:\/\/denizcankizil.tr\/wp-content\/uploads\/2024\/10\/siyah-logo-svg.svg","contentUrl":"http:\/\/denizcankizil.tr\/wp-content\/uploads\/2024\/10\/siyah-logo-svg.svg","width":1080,"height":1080,"caption":"Av. Deniz Can K\u0131z\u0131l"},"image":{"@id":"https:\/\/denizcankizil.tr\/de\/#\/schema\/logo\/image\/"}}]}},"_links":{"self":[{"href":"http:\/\/denizcankizil.tr\/en\/wp-json\/wp\/v2\/posts\/5170","targetHints":{"allow":["GET"]}}],"collection":[{"href":"http:\/\/denizcankizil.tr\/en\/wp-json\/wp\/v2\/posts"}],"about":[{"href":"http:\/\/denizcankizil.tr\/en\/wp-json\/wp\/v2\/types\/post"}],"replies":[{"embeddable":true,"href":"http:\/\/denizcankizil.tr\/en\/wp-json\/wp\/v2\/comments?post=5170"}],"version-history":[{"count":1,"href":"http:\/\/denizcankizil.tr\/en\/wp-json\/wp\/v2\/posts\/5170\/revisions"}],"predecessor-version":[{"id":5171,"href":"http:\/\/denizcankizil.tr\/en\/wp-json\/wp\/v2\/posts\/5170\/revisions\/5171"}],"wp:attachment":[{"href":"http:\/\/denizcankizil.tr\/en\/wp-json\/wp\/v2\/media?parent=5170"}],"wp:term":[{"taxonomy":"category","embeddable":true,"href":"http:\/\/denizcankizil.tr\/en\/wp-json\/wp\/v2\/categories?post=5170"},{"taxonomy":"post_tag","embeddable":true,"href":"http:\/\/denizcankizil.tr\/en\/wp-json\/wp\/v2\/tags?post=5170"}],"curies":[{"name":"wp","href":"https:\/\/api.w.org\/{rel}","templated":true}]}}