{"id":51581,"date":"2025-04-10T17:41:33","date_gmt":"2025-04-10T14:41:33","guid":{"rendered":"https:\/\/denizcankizil.tr\/uncategorized-tr\/ozel-ogrencilerden-emniyet-mudurlugune-ziyaret\/"},"modified":"2025-04-10T17:41:33","modified_gmt":"2025-04-10T14:41:33","slug":"ozel-ogrencilerden-emniyet-mudurlugune-ziyaret","status":"publish","type":"post","link":"http:\/\/denizcankizil.tr\/en\/haberler\/antalya\/ozel-ogrencilerden-emniyet-mudurlugune-ziyaret\/","title":{"rendered":"\u00d6zel \u00f6\u011frencilerden Emniyet M\u00fcd\u00fcrl\u00fc\u011f\u00fc\u2019ne ziyaret"},"content":{"rendered":"<p>Gazipa\u015fa\u00a0\u00d6zel E\u011fitim Uygulama Okulu \u00f6\u011frencileri taraf\u0131ndan T\u00fcrk\u00a0Polis\u00a0Te\u015fkilat\u0131n\u0131n 180. kurulu\u015f y\u0131l d\u00f6n\u00fcm\u00fc ve Polis Haftas\u0131 nedeniyle Gazipa\u015fa \u0130l\u00e7e Emniyet M\u00fcd\u00fcrl\u00fc\u011f\u00fc\u2019ne anlaml\u0131 bir ziyaret ger\u00e7ekle\u015fti. Burada \u0130l\u00e7e Emniyet M\u00fcd\u00fcr\u00fc Mehmet Ali Kayhan taraf\u0131ndan kar\u015f\u0131lanan\u00a0\u00f6zel \u00f6\u011frenciler, ard\u0131ndan makam da \u00f6zel olarak a\u011f\u0131rland\u0131. \u00d6\u011frencilerle tek tek sohbet edip, polislik mesle\u011fine dair bilgilendirme yapan Kayhan, ziyaretlerinden dolay\u0131 \u00f6zel \u00f6\u011frencilere te\u015fekk\u00fcr edip derslerinde ba\u015far\u0131lar diledi.\u00a0<\/p>\n<p>\u00a0 Renkli g\u00f6r\u00fcnt\u00fclere sahne olan ziyarette Toplum Destekli Polislik B\u00fcro Amirli\u011fi taraf\u0131ndan bilgi verilerek; \u00a0polislerin g\u00f6revleri, \u00e7al\u0131\u015fma ortamlar\u0131 ve \u015fartlar\u0131 ile kulland\u0131klar\u0131 ara\u00e7-gere\u00e7 ve ekipmanlar\u0131 \u00f6\u011frencilere aktar\u0131ld\u0131. Polis ara\u00e7lar\u0131n\u0131n da tan\u0131t\u0131ld\u0131\u011f\u0131 etkinlikte \u00f6\u011frencilere ayr\u0131ca trafik kurallar\u0131, ge\u00e7it yerleri ve trafikteki di\u011fer \u00f6nemli hususlar hakk\u0131nda da bilgilendirme yap\u0131ld\u0131. Program\u0131n sonunda ise \u00f6\u011frencilerin merak etti\u011fi sorular ekipler taraf\u0131ndan cevapland\u0131r\u0131ld\u0131.\u00a0<\/p>\n<p>\u00a0 \u00c7e\u015fitli aktivitelerle e\u011flenceli bir zaman ge\u00e7iren \u00f6zel \u00f6\u011frencilere ziyaretin sonunda \u00e7e\u015fitli hediyeler takdim edildi. Etkinlik, hat\u0131ra foto\u011fraf\u0131 \u00e7ekimiyle son buldu.\u00a0<\/p>\n<p>Kaynak: www.kanalv.com.tr Haber Sitesinden Al\u0131nm\u0131\u015ft\u0131r.<\/p>","protected":false},"excerpt":{"rendered":"<p>Gazipa\u015fa\u00a0\u00d6zel E\u011fitim Uygulama Okulu \u00f6\u011frencileri taraf\u0131ndan T\u00fcrk\u00a0Polis\u00a0Te\u015fkilat\u0131n\u0131n 180. kurulu\u015f y\u0131l d\u00f6n\u00fcm\u00fc ve Polis Haftas\u0131 nedeniyle Gazipa\u015fa \u0130l\u00e7e Emniyet M\u00fcd\u00fcrl\u00fc\u011f\u00fc\u2019ne anlaml\u0131 bir ziyaret ger\u00e7ekle\u015fti. Burada \u0130l\u00e7e Emniyet M\u00fcd\u00fcr\u00fc Mehmet Ali Kayhan taraf\u0131ndan kar\u015f\u0131lanan\u00a0\u00f6zel \u00f6\u011frenciler, ard\u0131ndan makam da \u00f6zel olarak a\u011f\u0131rland\u0131. \u00d6\u011frencilerle tek tek sohbet edip, polislik mesle\u011fine dair bilgilendirme yapan Kayhan, ziyaretlerinden dolay\u0131 \u00f6zel \u00f6\u011frencilere te\u015fekk\u00fcr edip derslerinde ba\u015far\u0131lar diledi.\u00a0 \u00a0 Renkli g\u00f6r\u00fcnt\u00fclere sahne olan ziyarette Toplum Destekli Polislik B\u00fcro Amirli\u011fi taraf\u0131ndan bilgi verilerek; \u00a0polislerin g\u00f6revleri, \u00e7al\u0131\u015fma ortamlar\u0131 ve \u015fartlar\u0131 ile kulland\u0131klar\u0131 ara\u00e7-gere\u00e7 ve ekipmanlar\u0131 \u00f6\u011frencilere aktar\u0131ld\u0131. Polis ara\u00e7lar\u0131n\u0131n da tan\u0131t\u0131ld\u0131\u011f\u0131 etkinlikte \u00f6\u011frencilere ayr\u0131ca trafik kurallar\u0131, ge\u00e7it yerleri ve trafikteki di\u011fer \u00f6nemli hususlar hakk\u0131nda da bilgilendirme yap\u0131ld\u0131. Program\u0131n sonunda ise \u00f6\u011frencilerin merak etti\u011fi sorular ekipler taraf\u0131ndan cevapland\u0131r\u0131ld\u0131.\u00a0 \u00a0 \u00c7e\u015fitli aktivitelerle e\u011flenceli bir zaman ge\u00e7iren \u00f6zel \u00f6\u011frencilere ziyaretin sonunda \u00e7e\u015fitli hediyeler takdim edildi. Etkinlik, hat\u0131ra foto\u011fraf\u0131 \u00e7ekimiyle son buldu.\u00a0 Kaynak: www.kanalv.com.tr Haber Sitesinden Al\u0131nm\u0131\u015ft\u0131r.<\/p>","protected":false},"author":4,"featured_media":51582,"comment_status":"","ping_status":"open","sticky":false,"template":"","format":"standard","meta":{"_acf_changed":false,"footnotes":""},"categories":[26],"tags":[],"class_list":["post-51581","post","type-post","status-publish","format-standard","has-post-thumbnail","hentry","category-antalya"],"acf":[],"yoast_head":"<!-- This site is optimized with the Yoast SEO Premium plugin v26.6 (Yoast SEO v27.1.1) - https:\/\/yoast.com\/product\/yoast-seo-premium-wordpress\/ -->\n<title>\u00d6zel \u00f6\u011frencilerden Emniyet M\u00fcd\u00fcrl\u00fc\u011f\u00fc\u2019ne ziyaret - Av. Deniz Can K\u0131z\u0131l<\/title>\n<meta name=\"robots\" content=\"index, follow, max-snippet:-1, max-image-preview:large, max-video-preview:-1\" \/>\n<link rel=\"canonical\" href=\"http:\/\/denizcankizil.tr\/en\/haberler\/antalya\/ozel-ogrencilerden-emniyet-mudurlugune-ziyaret\/\" \/>\n<meta property=\"og:locale\" content=\"en_GB\" \/>\n<meta property=\"og:type\" content=\"article\" \/>\n<meta property=\"og:title\" content=\"\u00d6zel \u00f6\u011frencilerden Emniyet M\u00fcd\u00fcrl\u00fc\u011f\u00fc\u2019ne ziyaret\" \/>\n<meta property=\"og:description\" content=\"Gazipa\u015fa\u00a0\u00d6zel E\u011fitim Uygulama Okulu \u00f6\u011frencileri taraf\u0131ndan T\u00fcrk\u00a0Polis\u00a0Te\u015fkilat\u0131n\u0131n 180. kurulu\u015f y\u0131l d\u00f6n\u00fcm\u00fc ve Polis Haftas\u0131 nedeniyle Gazipa\u015fa \u0130l\u00e7e Emniyet M\u00fcd\u00fcrl\u00fc\u011f\u00fc\u2019ne anlaml\u0131 bir ziyaret ger\u00e7ekle\u015fti. Burada \u0130l\u00e7e Emniyet M\u00fcd\u00fcr\u00fc Mehmet Ali Kayhan taraf\u0131ndan kar\u015f\u0131lanan\u00a0\u00f6zel \u00f6\u011frenciler, ard\u0131ndan makam da \u00f6zel olarak a\u011f\u0131rland\u0131. \u00d6\u011frencilerle tek tek sohbet edip, polislik mesle\u011fine dair bilgilendirme yapan Kayhan, ziyaretlerinden dolay\u0131 \u00f6zel \u00f6\u011frencilere te\u015fekk\u00fcr edip derslerinde ba\u015far\u0131lar diledi.\u00a0 \u00a0 Renkli g\u00f6r\u00fcnt\u00fclere sahne olan ziyarette Toplum Destekli Polislik B\u00fcro Amirli\u011fi taraf\u0131ndan bilgi verilerek; \u00a0polislerin g\u00f6revleri, \u00e7al\u0131\u015fma ortamlar\u0131 ve \u015fartlar\u0131 ile kulland\u0131klar\u0131 ara\u00e7-gere\u00e7 ve ekipmanlar\u0131 \u00f6\u011frencilere aktar\u0131ld\u0131. Polis ara\u00e7lar\u0131n\u0131n da tan\u0131t\u0131ld\u0131\u011f\u0131 etkinlikte \u00f6\u011frencilere ayr\u0131ca trafik kurallar\u0131, ge\u00e7it yerleri ve trafikteki di\u011fer \u00f6nemli hususlar hakk\u0131nda da bilgilendirme yap\u0131ld\u0131. Program\u0131n sonunda ise \u00f6\u011frencilerin merak etti\u011fi sorular ekipler taraf\u0131ndan cevapland\u0131r\u0131ld\u0131.\u00a0 \u00a0 \u00c7e\u015fitli aktivitelerle e\u011flenceli bir zaman ge\u00e7iren \u00f6zel \u00f6\u011frencilere ziyaretin sonunda \u00e7e\u015fitli hediyeler takdim edildi. Etkinlik, hat\u0131ra foto\u011fraf\u0131 \u00e7ekimiyle son buldu.\u00a0 Kaynak: www.kanalv.com.tr Haber Sitesinden Al\u0131nm\u0131\u015ft\u0131r.\" \/>\n<meta property=\"og:url\" content=\"http:\/\/denizcankizil.tr\/en\/haberler\/antalya\/ozel-ogrencilerden-emniyet-mudurlugune-ziyaret\/\" \/>\n<meta property=\"og:site_name\" content=\"Av. Deniz Can K\u0131z\u0131l\" \/>\n<meta property=\"article:published_time\" content=\"2025-04-10T14:41:33+00:00\" \/>\n<meta property=\"og:image\" content=\"http:\/\/denizcankizil.tr\/wp-content\/uploads\/2025\/04\/a-w429874-01-gTiznK.webp\" \/>\n\t<meta property=\"og:image:width\" content=\"1280\" \/>\n\t<meta property=\"og:image:height\" content=\"720\" \/>\n\t<meta property=\"og:image:type\" content=\"image\/webp\" \/>\n<meta name=\"author\" content=\"Av. Deniz Can K\u0131z\u0131l\" \/>\n<meta name=\"twitter:card\" content=\"summary_large_image\" \/>\n<meta name=\"twitter:label1\" content=\"Written by\" \/>\n\t<meta name=\"twitter:data1\" content=\"Av. Deniz Can K\u0131z\u0131l\" \/>\n\t<meta name=\"twitter:label2\" content=\"Estimated reading time\" \/>\n\t<meta name=\"twitter:data2\" content=\"1 minute\" \/>\n<script type=\"application\/ld+json\" class=\"yoast-schema-graph\">{\"@context\":\"https:\/\/schema.org\",\"@graph\":[{\"@type\":\"Article\",\"@id\":\"http:\/\/denizcankizil.tr\/en\/haberler\/antalya\/ozel-ogrencilerden-emniyet-mudurlugune-ziyaret\/#article\",\"isPartOf\":{\"@id\":\"http:\/\/denizcankizil.tr\/en\/haberler\/antalya\/ozel-ogrencilerden-emniyet-mudurlugune-ziyaret\/\"},\"author\":{\"name\":\"Av. Deniz Can K\u0131z\u0131l\",\"@id\":\"https:\/\/denizcankizil.tr\/de\/#\/schema\/person\/5dc1b22991bd7ac833867c10afc9b0ff\"},\"headline\":\"\u00d6zel \u00f6\u011frencilerden Emniyet M\u00fcd\u00fcrl\u00fc\u011f\u00fc\u2019ne ziyaret\",\"datePublished\":\"2025-04-10T14:41:33+00:00\",\"mainEntityOfPage\":{\"@id\":\"http:\/\/denizcankizil.tr\/en\/haberler\/antalya\/ozel-ogrencilerden-emniyet-mudurlugune-ziyaret\/\"},\"wordCount\":218,\"publisher\":{\"@id\":\"https:\/\/denizcankizil.tr\/de\/#organization\"},\"image\":{\"@id\":\"http:\/\/denizcankizil.tr\/en\/haberler\/antalya\/ozel-ogrencilerden-emniyet-mudurlugune-ziyaret\/#primaryimage\"},\"thumbnailUrl\":\"http:\/\/denizcankizil.tr\/wp-content\/uploads\/2025\/04\/a-w429874-01-gTiznK.webp\",\"articleSection\":[\"Antalya\"],\"inLanguage\":\"en-GB\"},{\"@type\":\"WebPage\",\"@id\":\"http:\/\/denizcankizil.tr\/en\/haberler\/antalya\/ozel-ogrencilerden-emniyet-mudurlugune-ziyaret\/\",\"url\":\"http:\/\/denizcankizil.tr\/en\/haberler\/antalya\/ozel-ogrencilerden-emniyet-mudurlugune-ziyaret\/\",\"name\":\"\u00d6zel \u00f6\u011frencilerden Emniyet M\u00fcd\u00fcrl\u00fc\u011f\u00fc\u2019ne ziyaret - Av. Deniz Can K\u0131z\u0131l\",\"isPartOf\":{\"@id\":\"https:\/\/denizcankizil.tr\/de\/#website\"},\"primaryImageOfPage\":{\"@id\":\"http:\/\/denizcankizil.tr\/en\/haberler\/antalya\/ozel-ogrencilerden-emniyet-mudurlugune-ziyaret\/#primaryimage\"},\"image\":{\"@id\":\"http:\/\/denizcankizil.tr\/en\/haberler\/antalya\/ozel-ogrencilerden-emniyet-mudurlugune-ziyaret\/#primaryimage\"},\"thumbnailUrl\":\"http:\/\/denizcankizil.tr\/wp-content\/uploads\/2025\/04\/a-w429874-01-gTiznK.webp\",\"datePublished\":\"2025-04-10T14:41:33+00:00\",\"breadcrumb\":{\"@id\":\"http:\/\/denizcankizil.tr\/en\/haberler\/antalya\/ozel-ogrencilerden-emniyet-mudurlugune-ziyaret\/#breadcrumb\"},\"inLanguage\":\"en-GB\",\"potentialAction\":[{\"@type\":\"ReadAction\",\"target\":[\"http:\/\/denizcankizil.tr\/en\/haberler\/antalya\/ozel-ogrencilerden-emniyet-mudurlugune-ziyaret\/\"]}]},{\"@type\":\"ImageObject\",\"inLanguage\":\"en-GB\",\"@id\":\"http:\/\/denizcankizil.tr\/en\/haberler\/antalya\/ozel-ogrencilerden-emniyet-mudurlugune-ziyaret\/#primaryimage\",\"url\":\"http:\/\/denizcankizil.tr\/wp-content\/uploads\/2025\/04\/a-w429874-01-gTiznK.webp\",\"contentUrl\":\"http:\/\/denizcankizil.tr\/wp-content\/uploads\/2025\/04\/a-w429874-01-gTiznK.webp\",\"width\":1280,\"height\":720},{\"@type\":\"BreadcrumbList\",\"@id\":\"http:\/\/denizcankizil.tr\/en\/haberler\/antalya\/ozel-ogrencilerden-emniyet-mudurlugune-ziyaret\/#breadcrumb\",\"itemListElement\":[{\"@type\":\"ListItem\",\"position\":1,\"name\":\"Home\",\"item\":\"https:\/\/denizcankizil.tr\/de\/\"},{\"@type\":\"ListItem\",\"position\":2,\"name\":\"\u00d6zel \u00f6\u011frencilerden Emniyet M\u00fcd\u00fcrl\u00fc\u011f\u00fc\u2019ne ziyaret\"}]},{\"@type\":\"WebSite\",\"@id\":\"https:\/\/denizcankizil.tr\/de\/#website\",\"url\":\"https:\/\/denizcankizil.tr\/de\/\",\"name\":\"Av. Deniz Can K\u0131z\u0131l\",\"description\":\"Avukat Deniz Can K\u0131z\u0131l Antalya Barosu\",\"publisher\":{\"@id\":\"https:\/\/denizcankizil.tr\/de\/#organization\"},\"potentialAction\":[{\"@type\":\"SearchAction\",\"target\":{\"@type\":\"EntryPoint\",\"urlTemplate\":\"https:\/\/denizcankizil.tr\/de\/?s={search_term_string}\"},\"query-input\":{\"@type\":\"PropertyValueSpecification\",\"valueRequired\":true,\"valueName\":\"search_term_string\"}}],\"inLanguage\":\"en-GB\"},{\"@type\":\"Organization\",\"@id\":\"https:\/\/denizcankizil.tr\/de\/#organization\",\"name\":\"Av. Deniz Can K\u0131z\u0131l\",\"url\":\"https:\/\/denizcankizil.tr\/de\/\",\"logo\":{\"@type\":\"ImageObject\",\"inLanguage\":\"en-GB\",\"@id\":\"https:\/\/denizcankizil.tr\/de\/#\/schema\/logo\/image\/\",\"url\":\"http:\/\/denizcankizil.tr\/wp-content\/uploads\/2024\/10\/siyah-logo-svg.svg\",\"contentUrl\":\"http:\/\/denizcankizil.tr\/wp-content\/uploads\/2024\/10\/siyah-logo-svg.svg\",\"width\":1080,\"height\":1080,\"caption\":\"Av. Deniz Can K\u0131z\u0131l\"},\"image\":{\"@id\":\"https:\/\/denizcankizil.tr\/de\/#\/schema\/logo\/image\/\"}},{\"@type\":\"Person\",\"@id\":\"https:\/\/denizcankizil.tr\/de\/#\/schema\/person\/5dc1b22991bd7ac833867c10afc9b0ff\",\"name\":\"Av. Deniz Can K\u0131z\u0131l\",\"image\":{\"@type\":\"ImageObject\",\"inLanguage\":\"en-GB\",\"@id\":\"https:\/\/denizcankizil.tr\/de\/#\/schema\/person\/image\/\",\"url\":\"https:\/\/secure.gravatar.com\/avatar\/a0b128fb9855c79efc976d5640eedb31dc35ec297594d6016d2cf7c60e975bb6?s=96&d=mm&r=g\",\"contentUrl\":\"https:\/\/secure.gravatar.com\/avatar\/a0b128fb9855c79efc976d5640eedb31dc35ec297594d6016d2cf7c60e975bb6?s=96&d=mm&r=g\",\"caption\":\"Av. Deniz Can K\u0131z\u0131l\"},\"sameAs\":[\"http:\/\/www.denizcankizil.tr\"],\"url\":\"http:\/\/denizcankizil.tr\/en\/author\/denizcankizil\/\"}]}<\/script>\n<!-- \/ Yoast SEO Premium plugin. -->","yoast_head_json":{"title":"\u00d6zel \u00f6\u011frencilerden Emniyet M\u00fcd\u00fcrl\u00fc\u011f\u00fc\u2019ne ziyaret - Av. Deniz Can K\u0131z\u0131l","robots":{"index":"index","follow":"follow","max-snippet":"max-snippet:-1","max-image-preview":"max-image-preview:large","max-video-preview":"max-video-preview:-1"},"canonical":"http:\/\/denizcankizil.tr\/en\/haberler\/antalya\/ozel-ogrencilerden-emniyet-mudurlugune-ziyaret\/","og_locale":"en_GB","og_type":"article","og_title":"\u00d6zel \u00f6\u011frencilerden Emniyet M\u00fcd\u00fcrl\u00fc\u011f\u00fc\u2019ne ziyaret","og_description":"Gazipa\u015fa\u00a0\u00d6zel E\u011fitim Uygulama Okulu \u00f6\u011frencileri taraf\u0131ndan T\u00fcrk\u00a0Polis\u00a0Te\u015fkilat\u0131n\u0131n 180. kurulu\u015f y\u0131l d\u00f6n\u00fcm\u00fc ve Polis Haftas\u0131 nedeniyle Gazipa\u015fa \u0130l\u00e7e Emniyet M\u00fcd\u00fcrl\u00fc\u011f\u00fc\u2019ne anlaml\u0131 bir ziyaret ger\u00e7ekle\u015fti. Burada \u0130l\u00e7e Emniyet M\u00fcd\u00fcr\u00fc Mehmet Ali Kayhan taraf\u0131ndan kar\u015f\u0131lanan\u00a0\u00f6zel \u00f6\u011frenciler, ard\u0131ndan makam da \u00f6zel olarak a\u011f\u0131rland\u0131. \u00d6\u011frencilerle tek tek sohbet edip, polislik mesle\u011fine dair bilgilendirme yapan Kayhan, ziyaretlerinden dolay\u0131 \u00f6zel \u00f6\u011frencilere te\u015fekk\u00fcr edip derslerinde ba\u015far\u0131lar diledi.\u00a0 \u00a0 Renkli g\u00f6r\u00fcnt\u00fclere sahne olan ziyarette Toplum Destekli Polislik B\u00fcro Amirli\u011fi taraf\u0131ndan bilgi verilerek; \u00a0polislerin g\u00f6revleri, \u00e7al\u0131\u015fma ortamlar\u0131 ve \u015fartlar\u0131 ile kulland\u0131klar\u0131 ara\u00e7-gere\u00e7 ve ekipmanlar\u0131 \u00f6\u011frencilere aktar\u0131ld\u0131. Polis ara\u00e7lar\u0131n\u0131n da tan\u0131t\u0131ld\u0131\u011f\u0131 etkinlikte \u00f6\u011frencilere ayr\u0131ca trafik kurallar\u0131, ge\u00e7it yerleri ve trafikteki di\u011fer \u00f6nemli hususlar hakk\u0131nda da bilgilendirme yap\u0131ld\u0131. Program\u0131n sonunda ise \u00f6\u011frencilerin merak etti\u011fi sorular ekipler taraf\u0131ndan cevapland\u0131r\u0131ld\u0131.\u00a0 \u00a0 \u00c7e\u015fitli aktivitelerle e\u011flenceli bir zaman ge\u00e7iren \u00f6zel \u00f6\u011frencilere ziyaretin sonunda \u00e7e\u015fitli hediyeler takdim edildi. Etkinlik, hat\u0131ra foto\u011fraf\u0131 \u00e7ekimiyle son buldu.\u00a0 Kaynak: www.kanalv.com.tr Haber Sitesinden Al\u0131nm\u0131\u015ft\u0131r.","og_url":"http:\/\/denizcankizil.tr\/en\/haberler\/antalya\/ozel-ogrencilerden-emniyet-mudurlugune-ziyaret\/","og_site_name":"Av. Deniz Can K\u0131z\u0131l","article_published_time":"2025-04-10T14:41:33+00:00","og_image":[{"width":1280,"height":720,"url":"http:\/\/denizcankizil.tr\/wp-content\/uploads\/2025\/04\/a-w429874-01-gTiznK.webp","type":"image\/webp"}],"author":"Av. Deniz Can K\u0131z\u0131l","twitter_card":"summary_large_image","twitter_misc":{"Written by":"Av. Deniz Can K\u0131z\u0131l","Estimated reading time":"1 minute"},"schema":{"@context":"https:\/\/schema.org","@graph":[{"@type":"Article","@id":"http:\/\/denizcankizil.tr\/en\/haberler\/antalya\/ozel-ogrencilerden-emniyet-mudurlugune-ziyaret\/#article","isPartOf":{"@id":"http:\/\/denizcankizil.tr\/en\/haberler\/antalya\/ozel-ogrencilerden-emniyet-mudurlugune-ziyaret\/"},"author":{"name":"Av. Deniz Can K\u0131z\u0131l","@id":"https:\/\/denizcankizil.tr\/de\/#\/schema\/person\/5dc1b22991bd7ac833867c10afc9b0ff"},"headline":"\u00d6zel \u00f6\u011frencilerden Emniyet M\u00fcd\u00fcrl\u00fc\u011f\u00fc\u2019ne ziyaret","datePublished":"2025-04-10T14:41:33+00:00","mainEntityOfPage":{"@id":"http:\/\/denizcankizil.tr\/en\/haberler\/antalya\/ozel-ogrencilerden-emniyet-mudurlugune-ziyaret\/"},"wordCount":218,"publisher":{"@id":"https:\/\/denizcankizil.tr\/de\/#organization"},"image":{"@id":"http:\/\/denizcankizil.tr\/en\/haberler\/antalya\/ozel-ogrencilerden-emniyet-mudurlugune-ziyaret\/#primaryimage"},"thumbnailUrl":"http:\/\/denizcankizil.tr\/wp-content\/uploads\/2025\/04\/a-w429874-01-gTiznK.webp","articleSection":["Antalya"],"inLanguage":"en-GB"},{"@type":"WebPage","@id":"http:\/\/denizcankizil.tr\/en\/haberler\/antalya\/ozel-ogrencilerden-emniyet-mudurlugune-ziyaret\/","url":"http:\/\/denizcankizil.tr\/en\/haberler\/antalya\/ozel-ogrencilerden-emniyet-mudurlugune-ziyaret\/","name":"\u00d6zel \u00f6\u011frencilerden Emniyet M\u00fcd\u00fcrl\u00fc\u011f\u00fc\u2019ne ziyaret - Av. Deniz Can K\u0131z\u0131l","isPartOf":{"@id":"https:\/\/denizcankizil.tr\/de\/#website"},"primaryImageOfPage":{"@id":"http:\/\/denizcankizil.tr\/en\/haberler\/antalya\/ozel-ogrencilerden-emniyet-mudurlugune-ziyaret\/#primaryimage"},"image":{"@id":"http:\/\/denizcankizil.tr\/en\/haberler\/antalya\/ozel-ogrencilerden-emniyet-mudurlugune-ziyaret\/#primaryimage"},"thumbnailUrl":"http:\/\/denizcankizil.tr\/wp-content\/uploads\/2025\/04\/a-w429874-01-gTiznK.webp","datePublished":"2025-04-10T14:41:33+00:00","breadcrumb":{"@id":"http:\/\/denizcankizil.tr\/en\/haberler\/antalya\/ozel-ogrencilerden-emniyet-mudurlugune-ziyaret\/#breadcrumb"},"inLanguage":"en-GB","potentialAction":[{"@type":"ReadAction","target":["http:\/\/denizcankizil.tr\/en\/haberler\/antalya\/ozel-ogrencilerden-emniyet-mudurlugune-ziyaret\/"]}]},{"@type":"ImageObject","inLanguage":"en-GB","@id":"http:\/\/denizcankizil.tr\/en\/haberler\/antalya\/ozel-ogrencilerden-emniyet-mudurlugune-ziyaret\/#primaryimage","url":"http:\/\/denizcankizil.tr\/wp-content\/uploads\/2025\/04\/a-w429874-01-gTiznK.webp","contentUrl":"http:\/\/denizcankizil.tr\/wp-content\/uploads\/2025\/04\/a-w429874-01-gTiznK.webp","width":1280,"height":720},{"@type":"BreadcrumbList","@id":"http:\/\/denizcankizil.tr\/en\/haberler\/antalya\/ozel-ogrencilerden-emniyet-mudurlugune-ziyaret\/#breadcrumb","itemListElement":[{"@type":"ListItem","position":1,"name":"Home","item":"https:\/\/denizcankizil.tr\/de\/"},{"@type":"ListItem","position":2,"name":"\u00d6zel \u00f6\u011frencilerden Emniyet M\u00fcd\u00fcrl\u00fc\u011f\u00fc\u2019ne ziyaret"}]},{"@type":"WebSite","@id":"https:\/\/denizcankizil.tr\/de\/#website","url":"https:\/\/denizcankizil.tr\/de\/","name":"Av. Deniz Can K\u0131z\u0131l","description":"Avukat Deniz Can K\u0131z\u0131l Antalya Barosu","publisher":{"@id":"https:\/\/denizcankizil.tr\/de\/#organization"},"potentialAction":[{"@type":"SearchAction","target":{"@type":"EntryPoint","urlTemplate":"https:\/\/denizcankizil.tr\/de\/?s={search_term_string}"},"query-input":{"@type":"PropertyValueSpecification","valueRequired":true,"valueName":"search_term_string"}}],"inLanguage":"en-GB"},{"@type":"Organization","@id":"https:\/\/denizcankizil.tr\/de\/#organization","name":"Av. Deniz Can K\u0131z\u0131l","url":"https:\/\/denizcankizil.tr\/de\/","logo":{"@type":"ImageObject","inLanguage":"en-GB","@id":"https:\/\/denizcankizil.tr\/de\/#\/schema\/logo\/image\/","url":"http:\/\/denizcankizil.tr\/wp-content\/uploads\/2024\/10\/siyah-logo-svg.svg","contentUrl":"http:\/\/denizcankizil.tr\/wp-content\/uploads\/2024\/10\/siyah-logo-svg.svg","width":1080,"height":1080,"caption":"Av. Deniz Can K\u0131z\u0131l"},"image":{"@id":"https:\/\/denizcankizil.tr\/de\/#\/schema\/logo\/image\/"}},{"@type":"Person","@id":"https:\/\/denizcankizil.tr\/de\/#\/schema\/person\/5dc1b22991bd7ac833867c10afc9b0ff","name":"Av. Deniz Can K\u0131z\u0131l","image":{"@type":"ImageObject","inLanguage":"en-GB","@id":"https:\/\/denizcankizil.tr\/de\/#\/schema\/person\/image\/","url":"https:\/\/secure.gravatar.com\/avatar\/a0b128fb9855c79efc976d5640eedb31dc35ec297594d6016d2cf7c60e975bb6?s=96&d=mm&r=g","contentUrl":"https:\/\/secure.gravatar.com\/avatar\/a0b128fb9855c79efc976d5640eedb31dc35ec297594d6016d2cf7c60e975bb6?s=96&d=mm&r=g","caption":"Av. Deniz Can K\u0131z\u0131l"},"sameAs":["http:\/\/www.denizcankizil.tr"],"url":"http:\/\/denizcankizil.tr\/en\/author\/denizcankizil\/"}]}},"_links":{"self":[{"href":"http:\/\/denizcankizil.tr\/en\/wp-json\/wp\/v2\/posts\/51581","targetHints":{"allow":["GET"]}}],"collection":[{"href":"http:\/\/denizcankizil.tr\/en\/wp-json\/wp\/v2\/posts"}],"about":[{"href":"http:\/\/denizcankizil.tr\/en\/wp-json\/wp\/v2\/types\/post"}],"author":[{"embeddable":true,"href":"http:\/\/denizcankizil.tr\/en\/wp-json\/wp\/v2\/users\/4"}],"replies":[{"embeddable":true,"href":"http:\/\/denizcankizil.tr\/en\/wp-json\/wp\/v2\/comments?post=51581"}],"version-history":[{"count":0,"href":"http:\/\/denizcankizil.tr\/en\/wp-json\/wp\/v2\/posts\/51581\/revisions"}],"wp:featuredmedia":[{"embeddable":true,"href":"http:\/\/denizcankizil.tr\/en\/wp-json\/wp\/v2\/media\/51582"}],"wp:attachment":[{"href":"http:\/\/denizcankizil.tr\/en\/wp-json\/wp\/v2\/media?parent=51581"}],"wp:term":[{"taxonomy":"category","embeddable":true,"href":"http:\/\/denizcankizil.tr\/en\/wp-json\/wp\/v2\/categories?post=51581"},{"taxonomy":"post_tag","embeddable":true,"href":"http:\/\/denizcankizil.tr\/en\/wp-json\/wp\/v2\/tags?post=51581"}],"curies":[{"name":"wp","href":"https:\/\/api.w.org\/{rel}","templated":true}]}}