{"id":51219,"date":"2025-04-10T09:41:16","date_gmt":"2025-04-10T06:41:16","guid":{"rendered":"https:\/\/denizcankizil.tr\/uncategorized-tr\/antalyada-kirmizi-alarm-kus-dahi-ucurulmayacak\/"},"modified":"2025-04-10T09:41:16","modified_gmt":"2025-04-10T06:41:16","slug":"antalyada-kirmizi-alarm-kus-dahi-ucurulmayacak","status":"publish","type":"post","link":"http:\/\/denizcankizil.tr\/en\/haberler\/gundem\/antalyada-kirmizi-alarm-kus-dahi-ucurulmayacak\/","title":{"rendered":"Antalya\u2019da k\u0131rm\u0131z\u0131 alarm: Ku\u015f dahi u\u00e7urulmayacak!"},"content":{"rendered":"<p>K\u00fcresel krizlerin, jeopolitik gerilimlerin ve yeni i\u015f birliklerinin yo\u011fun bi\u00e7imde tart\u0131\u015f\u0131ld\u0131\u011f\u0131 bir d\u00f6nemde, diplomasi sahnesinin g\u00f6zleri bir kez daha Antalya\u2019ya \u00e7evrildi. Antalya Diplomasi Forumu (ADF 2025), yar\u0131n d\u00fczenlenen a\u00e7\u0131l\u0131\u015f program\u0131yla resmen ba\u015fl\u0131yor.\u00a0Forum kapsam\u0131nda ba\u015fta Belek b\u00f6lgesi olmak \u00fczere kentte g\u00fcvenlik seviyesi en \u00fcst d\u00fczeye \u00e7\u0131kar\u0131ld\u0131. Forum s\u00fcresince kentte 10 bine yak\u0131n g\u00fcvenlik g\u00f6revlisi g\u00f6rev almas\u0131 beklenirken g\u00fcvenlik \u00f6nlemleri kapsam\u0131nda adeta ku\u015f dahi u\u00e7urtulmayacak.<\/p>\n<p>A\u00c7ILI\u015eI ERDO\u011eAN YAPACAK<\/p>\n<p>Antalya K\u00f6rfez Gazetesi Ertu\u011frul G\u00fcn&#8217;\u00fcn haberine g\u00f6re, Antalya Diplomasi Forumu&#8217;nun (ADF2025) d\u00f6rd\u00fcnc\u00fcs\u00fc, Cumhurba\u015fkan\u0131 Say\u0131n Recep Tayyip Erdo\u011fan&#8217;\u0131n himayelerinde ve T\u00fcrkiye Cumhuriyeti D\u0131\u015fi\u015fleri Bakanl\u0131\u011f\u0131n\u0131n ev sahipli\u011finde, 11-13 Nisan 2025 tarihlerinde Antalya\u2019da ger\u00e7ekle\u015ftirilecek. Temas\u0131 &#8220;Ayr\u0131\u015fan D\u00fcnyada Diplomasiyi Sahiplenmek&#8221; olarak belirlenen forum, a\u00e7\u0131l\u0131\u015f\u0131 yar\u0131n Cumhurba\u015fkan\u0131 Erdo\u011fan ve D\u0131\u015fi\u015fleri Bakan\u0131 Hakan Fidan&#8217;\u0131n konu\u015fmalar\u0131yla ger\u00e7ekle\u015ftirilecek.<\/p>\n<p>D\u00dcNYANIN G\u00d6Z\u00dc ANTALYA\u2019DA OLACAK<\/p>\n<p>Antalya, 11-13 Nisan tarihlerinde d\u00f6rd\u00fcnc\u00fc Diplomasi Forumu&#8217;na ev sahipli\u011fi yapacak. 140&#8217;\u0131 a\u015fk\u0131n \u00fclkeden siyasiler, diplomatlar, akademisyenler, gazeteciler ve \u00f6\u011frenciler bir araya gelecek, k\u00fcresel meseleler ele al\u0131nacak. Bu y\u0131l\u0131n temas\u0131 \u201cAyr\u0131\u015fan D\u00fcnyada Diplomasiyi Sahiplenmek\u201d olarak belirlendi. B\u00fcy\u00fcyen jeopolitik \u00e7atlaklar, derinle\u015fen k\u00fcresel e\u015fitsizlikler, sivilleri hedef alan \u015fiddet olaylar\u0131ndaki art\u0131\u015f, farkl\u0131 g\u00f6r\u00fc\u015flere y\u00f6nelik ho\u015fg\u00f6r\u00fcs\u00fczl\u00fck, teknolojik k\u0131r\u0131lmalar\u0131n yol a\u00e7t\u0131\u011f\u0131 belirsizlikler ve iklim krizinin \u00e7ok boyutlu etkileri formun ba\u015fl\u0131ca \u00f6ne \u00e7\u0131kan konular\u0131 olacak.<\/p>\n<p>D\u00dcNYAYA \u0130LHAM VERECEK<\/p>\n<p>Antalya Diplomasi Forumu, diplomasinin gidi\u015fat\u0131 nas\u0131l de\u011fi\u015ftirebilece\u011fi ve ayr\u0131\u015fan bir d\u00fcnyada birlikte harekete ge\u00e7mek i\u00e7in ortak bir zemin bulunmas\u0131nda nas\u0131l yol g\u00f6sterebilece\u011fini ara\u015ft\u0131rmak \u00fczere k\u00fcresel liderleri, politika yap\u0131c\u0131lar\u0131, akademisyenleri, i\u015f d\u00fcnyas\u0131 uzmanlar\u0131n\u0131 ve medya ile sivil toplum temsilcilerini bir araya getirecek. Forumda giderek kutupla\u015fan bir ortamda diplomasinin rol\u00fcn\u00fc ve temel ilkelerini yeniden tan\u0131mlama yolunda diyalo\u011fa ilham vermesi ama\u00e7lan\u0131yor.<\/p>\n<p>140 \u00dcLKEDEN \u00dcST D\u00dcZEY KATILIM<\/p>\n<p>Forumu&#8217;na 140&#8217;\u0131 a\u015fk\u0131n \u00fclkeden; 20&#8217;yi a\u015fk\u0131n devlet\/h\u00fck\u00fcmet ba\u015fkan\u0131, 50&#8217;den fazlas\u0131 d\u0131\u015fi\u015fleri bakan\u0131 olmak \u00fczere 70&#8217;i a\u015fk\u0131n bakan, yakla\u015f\u0131k 60 \u00fcst d\u00fczey uluslararas\u0131 kurulu\u015f temsilcisi ile aralar\u0131nda \u00f6\u011frencilerin de bulundu\u011fu d\u00f6rt bini a\u015fk\u0131n konu\u011fun kat\u0131lmas\u0131 bekleniyor. Azerbaycan Cumhurba\u015fkan\u0131, Macaristan, Filistin Ba\u015fbakan\u0131, Irak K\u00fcrt B\u00f6lgesel Y\u00f6netimi Ba\u015fkan\u0131, \u0130ngiltere Devlet Bakan\u0131, Ukrayna, M\u0131s\u0131r, \u0130ran ve Irak D\u0131\u015fi\u015fleri Bakan\u0131 \u00f6ne \u00e7\u0131kan isimler aras\u0131na yer ald\u0131.<\/p>\n<p>4 B\u0130N 500 KATILIM<\/p>\n<p>2021 y\u0131l\u0131nda yakla\u015f\u0131k 2 bin ki\u015finin kat\u0131l\u0131m sa\u011flad\u0131\u011f\u0131 ADF&#8217;de bu y\u0131l kat\u0131l\u0131mc\u0131 say\u0131s\u0131n\u0131n 4 bin 500&#8217;e yak\u0131n olmas\u0131 bekleniyor. 2022 ADF&#8217;de 30 panel d\u00fczenlenirken bu y\u0131l 1-3 Mart&#8217;ta 52 panel ger\u00e7ekle\u015ftirilecek. Ev sahipli\u011fini D\u0131\u015fi\u015fleri Bakan\u0131 Hakan Fidan&#8217;\u0131n yapaca\u011f\u0131 &#8220;Gazze Temas Grubu&#8221; panelinde Filistin meselesi ve Gazze&#8217;de ya\u015fanan katliam\u0131n durdurulmas\u0131 i\u00e7in giri\u015fimler, \u00e7abalar yeniden g\u00fcndeme getirilecek ve g\u00f6r\u00fc\u015f al\u0131\u015fveri\u015finde bulunulacak. Temas Grubu \u00fcyeleri aras\u0131nda d\u00fczenlenecek panele \u00dcrd\u00fcn Ba\u015fbakan Yard\u0131mc\u0131s\u0131 ve D\u0131\u015fi\u015fleri Bakan\u0131, Filistin, M\u0131s\u0131r ve Suudi Arabistan d\u0131\u015fi\u015fleri bakanlar\u0131n\u0131n kat\u0131lmas\u0131 planlan\u0131yor.<\/p>\n<p>AVRUPA KOM\u0130SYONU\u2019NDAN \u0130MAMO\u011eLU BOYKOTU<\/p>\n<p>Di\u011fer taraftan k\u0131sa bir s\u00fcre \u00f6nce ya\u015fanan \u00f6nemli bir geli\u015fme dikkat \u00e7ekti. Avrupa Komisyonu\u2019nun Geni\u015flemeden Sorumlu \u00fcyesi Marta Kos, Strasbourg\u2019daki oturumda yapt\u0131\u011f\u0131 konu\u015fmada, CHP\u2019nin Cumhurba\u015fkan\u0131 Aday\u0131 Ekrem \u0130mamo\u011flu\u2019nun tutuklanmas\u0131 ve g\u00f6revden al\u0131nmas\u0131n\u0131 protesto amac\u0131yla Antalya Diplomasi Forumu\u2019na kat\u0131l\u0131m\u0131n\u0131 ve Ankara\u2019da T\u00fcrkiye D\u0131\u015fi\u015fleri Bakan\u0131 Hakan Fidan ile yapaca\u011f\u0131 g\u00f6r\u00fc\u015fmeyi iptal etti\u011fini bildirdi. Karar\u0131n de\u011fi\u015fip de\u011fi\u015fmeyece\u011fi ise belirsizli\u011fini koruyor.<\/p>\n<p>G\u00dcVENL\u0130K SEV\u0130YES\u0130 EN \u00dcST D\u00dcZEYDE<\/p>\n<p>Temas\u0131 &#8220;Ayr\u0131\u015fan D\u00fcnyada Diplomasiyi Sahiplenmek&#8221; olarak belirlenen forum a\u00e7\u0131l\u0131\u015f\u0131 yar\u0131n Cumhurba\u015fkan\u0131 Erdo\u011fan ve D\u0131\u015fi\u015fleri Bakan\u0131 Hakan Fidan&#8217;\u0131n konu\u015fmalar\u0131yla ba\u015flayacak. Forum kapsam\u0131nda g\u00fcvenlik seviyesi en \u00fcst d\u00fczeye \u00e7\u0131kar\u0131ld\u0131. Kentte g\u00fcvenlik alarm\u0131 verildi. G\u00fcvenlik \u00f6nlemleri kapsam\u0131nda forum s\u00fcresince 10 bine yak\u0131n g\u00fcvenlik g\u00f6revlisinin g\u00f6rev almas\u0131 bekleniyor.<\/p>\n<p>ADETA KU\u015e U\u00c7URTULMAYACAK<\/p>\n<p>Forumun ba\u015flamas\u0131yla birlikte, Antalya\u2019da \u00f6zellikle Belek b\u00f6lgesinde g\u00fcvenlik seviyesi en \u00fcst d\u00fczeye \u00e7\u0131kar\u0131ld\u0131. Binlerce g\u00fcvenlik g\u00f6revlisinin g\u00f6revlendirildi\u011fi kentte, kara, hava ve denizden gelebilecek t\u00fcm tehditlere kar\u015f\u0131 geni\u015f \u00e7apl\u0131 \u00f6nlemler al\u0131nd\u0131. B\u00f6lgede adeta ku\u015f u\u00e7urtulmayacak.<\/p>\n<p>ANTALYA\u2019DA D\u0130PLOMAS\u0130 ALARMI<\/p>\n<p>Bu b\u00f6lgelerde \u015f\u00fcpheli g\u00f6r\u00fclen her duruma ve her ki\u015fiye m\u00fcdahale edilecek. Yol g\u00fcvenli\u011fi ise polis ekipleri taraf\u0131ndan sa\u011flanacak. Antalya Havaliman\u0131 ve Belek b\u00f6lgesi aras\u0131nda belirli aral\u0131klarda polis ekiplerine sabit g\u00f6revlendire yap\u0131lacak. B\u00f6lgeye giren ara\u00e7lar ve \u015f\u00fcpheli \u015fah\u0131slar \u00fczerinde Genel Bilgi Taramas\u0131 (GBT) yap\u0131lacak.<\/p>\n<p>HER T\u00dcRL\u00dc TEHD\u0130DE KAR\u015eI \u00d6NLEM<\/p>\n<p>Kent genelinde trafik d\u00fczenlemeleri yap\u0131l\u0131rken, kat\u0131l\u0131mc\u0131lar\u0131n ula\u015f\u0131mlar\u0131nda aksama ya\u015fanmamas\u0131 i\u00e7in \u00f6zel birtak\u0131m \u00f6nlemler al\u0131nd\u0131. Ayn\u0131 zamanda siber g\u00fcvenlik \u00f6nlemleri de art\u0131r\u0131ld\u0131; forum s\u00fcresince dijital tehditlere kar\u015f\u0131 7\/24 takip yap\u0131laca\u011f\u0131 bildirildi. Foruma alan\u0131na g\u00f6revli ve akreditasyonu olan ki\u015filerin haricinde hi\u00e7bir kimsenin al\u0131m\u0131 yap\u0131lmayacak. Forumda g\u00f6rev alacak olan personel ise g\u00fcnler \u00f6ncesinden \u00f6zenle se\u00e7ildi.<\/p>\n<p>PERSONELE GBT<\/p>\n<p>Al\u0131nan g\u00fcvenlik \u00f6nlemi sadece bununla kalmad\u0131. Devlet, h\u00fck\u00fcmet ba\u015fkan\u0131 ve bakanlar\u0131n konaklayaca\u011f\u0131 turizm tesislerinde de adeta k\u0131rm\u0131z\u0131 alarm verildi. Forum boyunca tesislerde g\u00f6rev alacak t\u00fcm personelin listeleri ilgili birimlerle payla\u015f\u0131ld\u0131. Bu listedeki her personel i\u00e7in Genel Bilgi Taramas\u0131 (GBT) yap\u0131ld\u0131\u011f\u0131 bildirildi.<\/p>\n<p>\u200bD\u00fcnyada diplomasi sahnesinin g\u00f6zleri bir kez daha Antalya\u2019ya \u00e7evrildi. Antalya Diplomasi Forumu&#8217;nun (ADF2025) a\u00e7\u0131l\u0131\u015f\u0131 yar\u0131n (11 Nisan) resmen ger\u00e7ekle\u015ftirilecek. Kentte adeta k\u0131rm\u0131z\u0131 alarma ge\u00e7ilerek, g\u00fcvenlik seviyesi en \u00fcst d\u00fczeye \u00e7\u0131kar\u0131ld\u0131. Forum boyunca 10 bine yak\u0131n g\u00fcvenlik g\u00f6revlisi g\u00f6rev yapacak. B\u00f6lgede ku\u015f u\u00e7urtulmayacak.\u00a0<\/p>\n<p>\u200bHaberin Al\u0131nt\u0131land\u0131\u011f\u0131 Kaynak: www.antalyakorfez.com<\/p>","protected":false},"excerpt":{"rendered":"<p>K\u00fcresel krizlerin, jeopolitik gerilimlerin ve yeni i\u015f birliklerinin yo\u011fun bi\u00e7imde tart\u0131\u015f\u0131ld\u0131\u011f\u0131 bir d\u00f6nemde, diplomasi sahnesinin g\u00f6zleri bir kez daha Antalya\u2019ya \u00e7evrildi. Antalya Diplomasi Forumu (ADF 2025), yar\u0131n d\u00fczenlenen a\u00e7\u0131l\u0131\u015f program\u0131yla resmen ba\u015fl\u0131yor.\u00a0Forum kapsam\u0131nda ba\u015fta Belek b\u00f6lgesi olmak \u00fczere kentte g\u00fcvenlik seviyesi en \u00fcst d\u00fczeye \u00e7\u0131kar\u0131ld\u0131. Forum s\u00fcresince kentte 10 bine yak\u0131n g\u00fcvenlik g\u00f6revlisi g\u00f6rev almas\u0131 beklenirken g\u00fcvenlik \u00f6nlemleri kapsam\u0131nda adeta ku\u015f dahi u\u00e7urtulmayacak. A\u00c7ILI\u015eI ERDO\u011eAN YAPACAK Antalya K\u00f6rfez Gazetesi Ertu\u011frul G\u00fcn&#8217;\u00fcn haberine g\u00f6re, Antalya Diplomasi Forumu&#8217;nun (ADF2025) d\u00f6rd\u00fcnc\u00fcs\u00fc, Cumhurba\u015fkan\u0131 Say\u0131n Recep Tayyip Erdo\u011fan&#8217;\u0131n himayelerinde ve T\u00fcrkiye Cumhuriyeti D\u0131\u015fi\u015fleri Bakanl\u0131\u011f\u0131n\u0131n ev sahipli\u011finde, 11-13 Nisan 2025 tarihlerinde Antalya\u2019da ger\u00e7ekle\u015ftirilecek. Temas\u0131 &#8220;Ayr\u0131\u015fan D\u00fcnyada Diplomasiyi Sahiplenmek&#8221; olarak belirlenen forum, a\u00e7\u0131l\u0131\u015f\u0131 yar\u0131n Cumhurba\u015fkan\u0131 Erdo\u011fan ve D\u0131\u015fi\u015fleri Bakan\u0131 Hakan Fidan&#8217;\u0131n konu\u015fmalar\u0131yla ger\u00e7ekle\u015ftirilecek. D\u00dcNYANIN G\u00d6Z\u00dc ANTALYA\u2019DA OLACAK Antalya, 11-13 Nisan tarihlerinde d\u00f6rd\u00fcnc\u00fc Diplomasi Forumu&#8217;na ev sahipli\u011fi yapacak. 140&#8217;\u0131 a\u015fk\u0131n \u00fclkeden siyasiler, diplomatlar, akademisyenler, gazeteciler ve \u00f6\u011frenciler bir araya gelecek, k\u00fcresel meseleler ele al\u0131nacak. Bu y\u0131l\u0131n temas\u0131 \u201cAyr\u0131\u015fan D\u00fcnyada Diplomasiyi Sahiplenmek\u201d olarak belirlendi. B\u00fcy\u00fcyen jeopolitik \u00e7atlaklar, derinle\u015fen k\u00fcresel e\u015fitsizlikler, sivilleri hedef alan \u015fiddet olaylar\u0131ndaki art\u0131\u015f, farkl\u0131 g\u00f6r\u00fc\u015flere y\u00f6nelik ho\u015fg\u00f6r\u00fcs\u00fczl\u00fck, teknolojik k\u0131r\u0131lmalar\u0131n yol a\u00e7t\u0131\u011f\u0131 belirsizlikler ve iklim krizinin \u00e7ok boyutlu etkileri formun ba\u015fl\u0131ca \u00f6ne \u00e7\u0131kan konular\u0131 olacak. D\u00dcNYAYA \u0130LHAM VERECEK Antalya Diplomasi Forumu, diplomasinin gidi\u015fat\u0131 nas\u0131l de\u011fi\u015ftirebilece\u011fi ve ayr\u0131\u015fan &hellip;<\/p>","protected":false},"author":5,"featured_media":0,"comment_status":"","ping_status":"open","sticky":false,"template":"","format":"standard","meta":{"_acf_changed":false,"footnotes":""},"categories":[24],"tags":[],"class_list":["post-51219","post","type-post","status-publish","format-standard","has-post-thumbnail","hentry","category-gundem"],"acf":[],"yoast_head":"<!-- This site is optimized with the Yoast SEO Premium plugin v26.6 (Yoast SEO v27.1.1) - https:\/\/yoast.com\/product\/yoast-seo-premium-wordpress\/ -->\n<title>Antalya\u2019da k\u0131rm\u0131z\u0131 alarm: Ku\u015f dahi u\u00e7urulmayacak! - Av. Deniz Can K\u0131z\u0131l<\/title>\n<meta name=\"robots\" content=\"index, follow, max-snippet:-1, max-image-preview:large, max-video-preview:-1\" \/>\n<link rel=\"canonical\" href=\"http:\/\/denizcankizil.tr\/en\/haberler\/gundem\/antalyada-kirmizi-alarm-kus-dahi-ucurulmayacak\/\" \/>\n<meta property=\"og:locale\" content=\"en_GB\" \/>\n<meta property=\"og:type\" content=\"article\" \/>\n<meta property=\"og:title\" content=\"Antalya\u2019da k\u0131rm\u0131z\u0131 alarm: Ku\u015f dahi u\u00e7urulmayacak!\" \/>\n<meta property=\"og:description\" content=\"K\u00fcresel krizlerin, jeopolitik gerilimlerin ve yeni i\u015f birliklerinin yo\u011fun bi\u00e7imde tart\u0131\u015f\u0131ld\u0131\u011f\u0131 bir d\u00f6nemde, diplomasi sahnesinin g\u00f6zleri bir kez daha Antalya\u2019ya \u00e7evrildi. Antalya Diplomasi Forumu (ADF 2025), yar\u0131n d\u00fczenlenen a\u00e7\u0131l\u0131\u015f program\u0131yla resmen ba\u015fl\u0131yor.\u00a0Forum kapsam\u0131nda ba\u015fta Belek b\u00f6lgesi olmak \u00fczere kentte g\u00fcvenlik seviyesi en \u00fcst d\u00fczeye \u00e7\u0131kar\u0131ld\u0131. Forum s\u00fcresince kentte 10 bine yak\u0131n g\u00fcvenlik g\u00f6revlisi g\u00f6rev almas\u0131 beklenirken g\u00fcvenlik \u00f6nlemleri kapsam\u0131nda adeta ku\u015f dahi u\u00e7urtulmayacak. A\u00c7ILI\u015eI ERDO\u011eAN YAPACAK Antalya K\u00f6rfez Gazetesi Ertu\u011frul G\u00fcn&#8217;\u00fcn haberine g\u00f6re, Antalya Diplomasi Forumu&#8217;nun (ADF2025) d\u00f6rd\u00fcnc\u00fcs\u00fc, Cumhurba\u015fkan\u0131 Say\u0131n Recep Tayyip Erdo\u011fan&#8217;\u0131n himayelerinde ve T\u00fcrkiye Cumhuriyeti D\u0131\u015fi\u015fleri Bakanl\u0131\u011f\u0131n\u0131n ev sahipli\u011finde, 11-13 Nisan 2025 tarihlerinde Antalya\u2019da ger\u00e7ekle\u015ftirilecek. Temas\u0131 &#8220;Ayr\u0131\u015fan D\u00fcnyada Diplomasiyi Sahiplenmek&#8221; olarak belirlenen forum, a\u00e7\u0131l\u0131\u015f\u0131 yar\u0131n Cumhurba\u015fkan\u0131 Erdo\u011fan ve D\u0131\u015fi\u015fleri Bakan\u0131 Hakan Fidan&#8217;\u0131n konu\u015fmalar\u0131yla ger\u00e7ekle\u015ftirilecek. D\u00dcNYANIN G\u00d6Z\u00dc ANTALYA\u2019DA OLACAK Antalya, 11-13 Nisan tarihlerinde d\u00f6rd\u00fcnc\u00fc Diplomasi Forumu&#8217;na ev sahipli\u011fi yapacak. 140&#8217;\u0131 a\u015fk\u0131n \u00fclkeden siyasiler, diplomatlar, akademisyenler, gazeteciler ve \u00f6\u011frenciler bir araya gelecek, k\u00fcresel meseleler ele al\u0131nacak. Bu y\u0131l\u0131n temas\u0131 \u201cAyr\u0131\u015fan D\u00fcnyada Diplomasiyi Sahiplenmek\u201d olarak belirlendi. B\u00fcy\u00fcyen jeopolitik \u00e7atlaklar, derinle\u015fen k\u00fcresel e\u015fitsizlikler, sivilleri hedef alan \u015fiddet olaylar\u0131ndaki art\u0131\u015f, farkl\u0131 g\u00f6r\u00fc\u015flere y\u00f6nelik ho\u015fg\u00f6r\u00fcs\u00fczl\u00fck, teknolojik k\u0131r\u0131lmalar\u0131n yol a\u00e7t\u0131\u011f\u0131 belirsizlikler ve iklim krizinin \u00e7ok boyutlu etkileri formun ba\u015fl\u0131ca \u00f6ne \u00e7\u0131kan konular\u0131 olacak. D\u00dcNYAYA \u0130LHAM VERECEK Antalya Diplomasi Forumu, diplomasinin gidi\u015fat\u0131 nas\u0131l de\u011fi\u015ftirebilece\u011fi ve ayr\u0131\u015fan &hellip;\" \/>\n<meta property=\"og:url\" content=\"http:\/\/denizcankizil.tr\/en\/haberler\/gundem\/antalyada-kirmizi-alarm-kus-dahi-ucurulmayacak\/\" \/>\n<meta property=\"og:site_name\" content=\"Av. Deniz Can K\u0131z\u0131l\" \/>\n<meta property=\"article:published_time\" content=\"2025-04-10T06:41:16+00:00\" \/>\n<meta name=\"author\" content=\"Antalya K\u00f6rfez\" \/>\n<meta name=\"twitter:card\" content=\"summary_large_image\" \/>\n<meta name=\"twitter:label1\" content=\"Written by\" \/>\n\t<meta name=\"twitter:data1\" content=\"Antalya K\u00f6rfez\" \/>\n\t<meta name=\"twitter:label2\" content=\"Estimated reading time\" \/>\n\t<meta name=\"twitter:data2\" content=\"5 minutes\" \/>\n<script type=\"application\/ld+json\" class=\"yoast-schema-graph\">{\"@context\":\"https:\/\/schema.org\",\"@graph\":[{\"@type\":\"Article\",\"@id\":\"http:\/\/denizcankizil.tr\/uk\/haberler\/gundem\/antalyada-kirmizi-alarm-kus-dahi-ucurulmayacak\/#article\",\"isPartOf\":{\"@id\":\"http:\/\/denizcankizil.tr\/uk\/haberler\/gundem\/antalyada-kirmizi-alarm-kus-dahi-ucurulmayacak\/\"},\"author\":{\"name\":\"Antalya K\u00f6rfez\",\"@id\":\"https:\/\/denizcankizil.tr\/de\/#\/schema\/person\/e1eb71bb4dd684d46563f0af307e1234\"},\"headline\":\"Antalya\u2019da k\u0131rm\u0131z\u0131 alarm: Ku\u015f dahi u\u00e7urulmayacak!\",\"datePublished\":\"2025-04-10T06:41:16+00:00\",\"mainEntityOfPage\":{\"@id\":\"http:\/\/denizcankizil.tr\/uk\/haberler\/gundem\/antalyada-kirmizi-alarm-kus-dahi-ucurulmayacak\/\"},\"wordCount\":1111,\"publisher\":{\"@id\":\"https:\/\/denizcankizil.tr\/de\/#organization\"},\"articleSection\":[\"G\u00fcndem\"],\"inLanguage\":\"en-GB\"},{\"@type\":\"WebPage\",\"@id\":\"http:\/\/denizcankizil.tr\/uk\/haberler\/gundem\/antalyada-kirmizi-alarm-kus-dahi-ucurulmayacak\/\",\"url\":\"http:\/\/denizcankizil.tr\/uk\/haberler\/gundem\/antalyada-kirmizi-alarm-kus-dahi-ucurulmayacak\/\",\"name\":\"Antalya\u2019da k\u0131rm\u0131z\u0131 alarm: Ku\u015f dahi u\u00e7urulmayacak! - Av. Deniz Can K\u0131z\u0131l\",\"isPartOf\":{\"@id\":\"https:\/\/denizcankizil.tr\/de\/#website\"},\"datePublished\":\"2025-04-10T06:41:16+00:00\",\"breadcrumb\":{\"@id\":\"http:\/\/denizcankizil.tr\/uk\/haberler\/gundem\/antalyada-kirmizi-alarm-kus-dahi-ucurulmayacak\/#breadcrumb\"},\"inLanguage\":\"en-GB\",\"potentialAction\":[{\"@type\":\"ReadAction\",\"target\":[\"http:\/\/denizcankizil.tr\/uk\/haberler\/gundem\/antalyada-kirmizi-alarm-kus-dahi-ucurulmayacak\/\"]}]},{\"@type\":\"BreadcrumbList\",\"@id\":\"http:\/\/denizcankizil.tr\/uk\/haberler\/gundem\/antalyada-kirmizi-alarm-kus-dahi-ucurulmayacak\/#breadcrumb\",\"itemListElement\":[{\"@type\":\"ListItem\",\"position\":1,\"name\":\"Home\",\"item\":\"https:\/\/denizcankizil.tr\/de\/\"},{\"@type\":\"ListItem\",\"position\":2,\"name\":\"Antalya\u2019da k\u0131rm\u0131z\u0131 alarm: Ku\u015f dahi u\u00e7urulmayacak!\"}]},{\"@type\":\"WebSite\",\"@id\":\"https:\/\/denizcankizil.tr\/de\/#website\",\"url\":\"https:\/\/denizcankizil.tr\/de\/\",\"name\":\"Av. Deniz Can K\u0131z\u0131l\",\"description\":\"Avukat Deniz Can K\u0131z\u0131l Antalya Barosu\",\"publisher\":{\"@id\":\"https:\/\/denizcankizil.tr\/de\/#organization\"},\"potentialAction\":[{\"@type\":\"SearchAction\",\"target\":{\"@type\":\"EntryPoint\",\"urlTemplate\":\"https:\/\/denizcankizil.tr\/de\/?s={search_term_string}\"},\"query-input\":{\"@type\":\"PropertyValueSpecification\",\"valueRequired\":true,\"valueName\":\"search_term_string\"}}],\"inLanguage\":\"en-GB\"},{\"@type\":\"Organization\",\"@id\":\"https:\/\/denizcankizil.tr\/de\/#organization\",\"name\":\"Av. Deniz Can K\u0131z\u0131l\",\"url\":\"https:\/\/denizcankizil.tr\/de\/\",\"logo\":{\"@type\":\"ImageObject\",\"inLanguage\":\"en-GB\",\"@id\":\"https:\/\/denizcankizil.tr\/de\/#\/schema\/logo\/image\/\",\"url\":\"http:\/\/denizcankizil.tr\/wp-content\/uploads\/2024\/10\/siyah-logo-svg.svg\",\"contentUrl\":\"http:\/\/denizcankizil.tr\/wp-content\/uploads\/2024\/10\/siyah-logo-svg.svg\",\"width\":1080,\"height\":1080,\"caption\":\"Av. Deniz Can K\u0131z\u0131l\"},\"image\":{\"@id\":\"https:\/\/denizcankizil.tr\/de\/#\/schema\/logo\/image\/\"}},{\"@type\":\"Person\",\"@id\":\"https:\/\/denizcankizil.tr\/de\/#\/schema\/person\/e1eb71bb4dd684d46563f0af307e1234\",\"name\":\"Antalya K\u00f6rfez\",\"image\":{\"@type\":\"ImageObject\",\"inLanguage\":\"en-GB\",\"@id\":\"https:\/\/denizcankizil.tr\/de\/#\/schema\/person\/image\/\",\"url\":\"https:\/\/secure.gravatar.com\/avatar\/42b01982558a48a0b501fdcab6a408d3717ea5919095ee2e67b0e521799c5905?s=96&d=mm&r=g\",\"contentUrl\":\"https:\/\/secure.gravatar.com\/avatar\/42b01982558a48a0b501fdcab6a408d3717ea5919095ee2e67b0e521799c5905?s=96&d=mm&r=g\",\"caption\":\"Antalya K\u00f6rfez\"},\"sameAs\":[\"http:\/\/www.antalyakorfez.com\"],\"url\":\"https:\/\/www.antalyakorfez.com\/antalyada-kirmizi-alarm-kus-dahi-ucurulmayacak\"}]}<\/script>\n<!-- \/ Yoast SEO Premium plugin. -->","yoast_head_json":{"title":"Antalya\u2019da k\u0131rm\u0131z\u0131 alarm: Ku\u015f dahi u\u00e7urulmayacak! - Av. Deniz Can K\u0131z\u0131l","robots":{"index":"index","follow":"follow","max-snippet":"max-snippet:-1","max-image-preview":"max-image-preview:large","max-video-preview":"max-video-preview:-1"},"canonical":"http:\/\/denizcankizil.tr\/en\/haberler\/gundem\/antalyada-kirmizi-alarm-kus-dahi-ucurulmayacak\/","og_locale":"en_GB","og_type":"article","og_title":"Antalya\u2019da k\u0131rm\u0131z\u0131 alarm: Ku\u015f dahi u\u00e7urulmayacak!","og_description":"K\u00fcresel krizlerin, jeopolitik gerilimlerin ve yeni i\u015f birliklerinin yo\u011fun bi\u00e7imde tart\u0131\u015f\u0131ld\u0131\u011f\u0131 bir d\u00f6nemde, diplomasi sahnesinin g\u00f6zleri bir kez daha Antalya\u2019ya \u00e7evrildi. Antalya Diplomasi Forumu (ADF 2025), yar\u0131n d\u00fczenlenen a\u00e7\u0131l\u0131\u015f program\u0131yla resmen ba\u015fl\u0131yor.\u00a0Forum kapsam\u0131nda ba\u015fta Belek b\u00f6lgesi olmak \u00fczere kentte g\u00fcvenlik seviyesi en \u00fcst d\u00fczeye \u00e7\u0131kar\u0131ld\u0131. Forum s\u00fcresince kentte 10 bine yak\u0131n g\u00fcvenlik g\u00f6revlisi g\u00f6rev almas\u0131 beklenirken g\u00fcvenlik \u00f6nlemleri kapsam\u0131nda adeta ku\u015f dahi u\u00e7urtulmayacak. A\u00c7ILI\u015eI ERDO\u011eAN YAPACAK Antalya K\u00f6rfez Gazetesi Ertu\u011frul G\u00fcn&#8217;\u00fcn haberine g\u00f6re, Antalya Diplomasi Forumu&#8217;nun (ADF2025) d\u00f6rd\u00fcnc\u00fcs\u00fc, Cumhurba\u015fkan\u0131 Say\u0131n Recep Tayyip Erdo\u011fan&#8217;\u0131n himayelerinde ve T\u00fcrkiye Cumhuriyeti D\u0131\u015fi\u015fleri Bakanl\u0131\u011f\u0131n\u0131n ev sahipli\u011finde, 11-13 Nisan 2025 tarihlerinde Antalya\u2019da ger\u00e7ekle\u015ftirilecek. Temas\u0131 &#8220;Ayr\u0131\u015fan D\u00fcnyada Diplomasiyi Sahiplenmek&#8221; olarak belirlenen forum, a\u00e7\u0131l\u0131\u015f\u0131 yar\u0131n Cumhurba\u015fkan\u0131 Erdo\u011fan ve D\u0131\u015fi\u015fleri Bakan\u0131 Hakan Fidan&#8217;\u0131n konu\u015fmalar\u0131yla ger\u00e7ekle\u015ftirilecek. D\u00dcNYANIN G\u00d6Z\u00dc ANTALYA\u2019DA OLACAK Antalya, 11-13 Nisan tarihlerinde d\u00f6rd\u00fcnc\u00fc Diplomasi Forumu&#8217;na ev sahipli\u011fi yapacak. 140&#8217;\u0131 a\u015fk\u0131n \u00fclkeden siyasiler, diplomatlar, akademisyenler, gazeteciler ve \u00f6\u011frenciler bir araya gelecek, k\u00fcresel meseleler ele al\u0131nacak. Bu y\u0131l\u0131n temas\u0131 \u201cAyr\u0131\u015fan D\u00fcnyada Diplomasiyi Sahiplenmek\u201d olarak belirlendi. B\u00fcy\u00fcyen jeopolitik \u00e7atlaklar, derinle\u015fen k\u00fcresel e\u015fitsizlikler, sivilleri hedef alan \u015fiddet olaylar\u0131ndaki art\u0131\u015f, farkl\u0131 g\u00f6r\u00fc\u015flere y\u00f6nelik ho\u015fg\u00f6r\u00fcs\u00fczl\u00fck, teknolojik k\u0131r\u0131lmalar\u0131n yol a\u00e7t\u0131\u011f\u0131 belirsizlikler ve iklim krizinin \u00e7ok boyutlu etkileri formun ba\u015fl\u0131ca \u00f6ne \u00e7\u0131kan konular\u0131 olacak. D\u00dcNYAYA \u0130LHAM VERECEK Antalya Diplomasi Forumu, diplomasinin gidi\u015fat\u0131 nas\u0131l de\u011fi\u015ftirebilece\u011fi ve ayr\u0131\u015fan &hellip;","og_url":"http:\/\/denizcankizil.tr\/en\/haberler\/gundem\/antalyada-kirmizi-alarm-kus-dahi-ucurulmayacak\/","og_site_name":"Av. Deniz Can K\u0131z\u0131l","article_published_time":"2025-04-10T06:41:16+00:00","author":"Antalya K\u00f6rfez","twitter_card":"summary_large_image","twitter_misc":{"Written by":"Antalya K\u00f6rfez","Estimated reading time":"5 minutes"},"schema":{"@context":"https:\/\/schema.org","@graph":[{"@type":"Article","@id":"http:\/\/denizcankizil.tr\/uk\/haberler\/gundem\/antalyada-kirmizi-alarm-kus-dahi-ucurulmayacak\/#article","isPartOf":{"@id":"http:\/\/denizcankizil.tr\/uk\/haberler\/gundem\/antalyada-kirmizi-alarm-kus-dahi-ucurulmayacak\/"},"author":{"name":"Antalya K\u00f6rfez","@id":"https:\/\/denizcankizil.tr\/de\/#\/schema\/person\/e1eb71bb4dd684d46563f0af307e1234"},"headline":"Antalya\u2019da k\u0131rm\u0131z\u0131 alarm: Ku\u015f dahi u\u00e7urulmayacak!","datePublished":"2025-04-10T06:41:16+00:00","mainEntityOfPage":{"@id":"http:\/\/denizcankizil.tr\/uk\/haberler\/gundem\/antalyada-kirmizi-alarm-kus-dahi-ucurulmayacak\/"},"wordCount":1111,"publisher":{"@id":"https:\/\/denizcankizil.tr\/de\/#organization"},"articleSection":["G\u00fcndem"],"inLanguage":"en-GB"},{"@type":"WebPage","@id":"http:\/\/denizcankizil.tr\/uk\/haberler\/gundem\/antalyada-kirmizi-alarm-kus-dahi-ucurulmayacak\/","url":"http:\/\/denizcankizil.tr\/uk\/haberler\/gundem\/antalyada-kirmizi-alarm-kus-dahi-ucurulmayacak\/","name":"Antalya\u2019da k\u0131rm\u0131z\u0131 alarm: Ku\u015f dahi u\u00e7urulmayacak! - Av. Deniz Can K\u0131z\u0131l","isPartOf":{"@id":"https:\/\/denizcankizil.tr\/de\/#website"},"datePublished":"2025-04-10T06:41:16+00:00","breadcrumb":{"@id":"http:\/\/denizcankizil.tr\/uk\/haberler\/gundem\/antalyada-kirmizi-alarm-kus-dahi-ucurulmayacak\/#breadcrumb"},"inLanguage":"en-GB","potentialAction":[{"@type":"ReadAction","target":["http:\/\/denizcankizil.tr\/uk\/haberler\/gundem\/antalyada-kirmizi-alarm-kus-dahi-ucurulmayacak\/"]}]},{"@type":"BreadcrumbList","@id":"http:\/\/denizcankizil.tr\/uk\/haberler\/gundem\/antalyada-kirmizi-alarm-kus-dahi-ucurulmayacak\/#breadcrumb","itemListElement":[{"@type":"ListItem","position":1,"name":"Home","item":"https:\/\/denizcankizil.tr\/de\/"},{"@type":"ListItem","position":2,"name":"Antalya\u2019da k\u0131rm\u0131z\u0131 alarm: Ku\u015f dahi u\u00e7urulmayacak!"}]},{"@type":"WebSite","@id":"https:\/\/denizcankizil.tr\/de\/#website","url":"https:\/\/denizcankizil.tr\/de\/","name":"Av. Deniz Can K\u0131z\u0131l","description":"Avukat Deniz Can K\u0131z\u0131l Antalya Barosu","publisher":{"@id":"https:\/\/denizcankizil.tr\/de\/#organization"},"potentialAction":[{"@type":"SearchAction","target":{"@type":"EntryPoint","urlTemplate":"https:\/\/denizcankizil.tr\/de\/?s={search_term_string}"},"query-input":{"@type":"PropertyValueSpecification","valueRequired":true,"valueName":"search_term_string"}}],"inLanguage":"en-GB"},{"@type":"Organization","@id":"https:\/\/denizcankizil.tr\/de\/#organization","name":"Av. Deniz Can K\u0131z\u0131l","url":"https:\/\/denizcankizil.tr\/de\/","logo":{"@type":"ImageObject","inLanguage":"en-GB","@id":"https:\/\/denizcankizil.tr\/de\/#\/schema\/logo\/image\/","url":"http:\/\/denizcankizil.tr\/wp-content\/uploads\/2024\/10\/siyah-logo-svg.svg","contentUrl":"http:\/\/denizcankizil.tr\/wp-content\/uploads\/2024\/10\/siyah-logo-svg.svg","width":1080,"height":1080,"caption":"Av. Deniz Can K\u0131z\u0131l"},"image":{"@id":"https:\/\/denizcankizil.tr\/de\/#\/schema\/logo\/image\/"}},{"@type":"Person","@id":"https:\/\/denizcankizil.tr\/de\/#\/schema\/person\/e1eb71bb4dd684d46563f0af307e1234","name":"Antalya K\u00f6rfez","image":{"@type":"ImageObject","inLanguage":"en-GB","@id":"https:\/\/denizcankizil.tr\/de\/#\/schema\/person\/image\/","url":"https:\/\/secure.gravatar.com\/avatar\/42b01982558a48a0b501fdcab6a408d3717ea5919095ee2e67b0e521799c5905?s=96&d=mm&r=g","contentUrl":"https:\/\/secure.gravatar.com\/avatar\/42b01982558a48a0b501fdcab6a408d3717ea5919095ee2e67b0e521799c5905?s=96&d=mm&r=g","caption":"Antalya K\u00f6rfez"},"sameAs":["http:\/\/www.antalyakorfez.com"],"url":"https:\/\/www.antalyakorfez.com\/antalyada-kirmizi-alarm-kus-dahi-ucurulmayacak"}]}},"_links":{"self":[{"href":"http:\/\/denizcankizil.tr\/en\/wp-json\/wp\/v2\/posts\/51219","targetHints":{"allow":["GET"]}}],"collection":[{"href":"http:\/\/denizcankizil.tr\/en\/wp-json\/wp\/v2\/posts"}],"about":[{"href":"http:\/\/denizcankizil.tr\/en\/wp-json\/wp\/v2\/types\/post"}],"author":[{"embeddable":true,"href":"http:\/\/denizcankizil.tr\/en\/wp-json\/wp\/v2\/users\/5"}],"replies":[{"embeddable":true,"href":"http:\/\/denizcankizil.tr\/en\/wp-json\/wp\/v2\/comments?post=51219"}],"version-history":[{"count":0,"href":"http:\/\/denizcankizil.tr\/en\/wp-json\/wp\/v2\/posts\/51219\/revisions"}],"wp:attachment":[{"href":"http:\/\/denizcankizil.tr\/en\/wp-json\/wp\/v2\/media?parent=51219"}],"wp:term":[{"taxonomy":"category","embeddable":true,"href":"http:\/\/denizcankizil.tr\/en\/wp-json\/wp\/v2\/categories?post=51219"},{"taxonomy":"post_tag","embeddable":true,"href":"http:\/\/denizcankizil.tr\/en\/wp-json\/wp\/v2\/tags?post=51219"}],"curies":[{"name":"wp","href":"https:\/\/api.w.org\/{rel}","templated":true}]}}