{"id":50433,"date":"2025-04-09T14:41:19","date_gmt":"2025-04-09T11:41:19","guid":{"rendered":"https:\/\/denizcankizil.tr\/uncategorized-tr\/turizmde-yeni-yol-haritasina-ihtiyac-var\/"},"modified":"2025-04-09T14:41:19","modified_gmt":"2025-04-09T11:41:19","slug":"turizmde-yeni-yol-haritasina-ihtiyac-var","status":"publish","type":"post","link":"http:\/\/denizcankizil.tr\/en\/haberler\/antalya\/turizmde-yeni-yol-haritasina-ihtiyac-var\/","title":{"rendered":"&#8216;Turizmde yeni yol haritas\u0131na ihtiya\u00e7 var&#8217;"},"content":{"rendered":"<p>Antalya Kent Konseyi&#8217;nin 200&#8217;\u00fcn \u00fczerinde payda\u015f\u0131n katk\u0131s\u0131yla haz\u0131rlad\u0131\u011f\u0131 21. Y\u00fczy\u0131lda Antalya \u00c7al\u0131\u015ftay\u0131&#8217;n\u0131n &#8220;Antalya\u00a0Turizmi ve S\u00fcrd\u00fcr\u00fclebilirlik&#8221; ba\u015fl\u0131kl\u0131 oturumu, Antalya Arkeoloji M\u00fczesi Konferans Salonu&#8217;nda ger\u00e7ekle\u015ftirildi. Oturum sonras\u0131 konu\u015fan turizmci Hamit\u00a0Kuk, Antalya&#8217;n\u0131n d\u00fcnya turizminde \u00f6nemli bir noktada yer ald\u0131\u011f\u0131n\u0131 belirterek, &#8220;Antalya turizm potansiyeli a\u00e7\u0131s\u0131ndan d\u00fcnyan\u0131n sahil \u015fehirlerinden bir tanesi. Bunu da son k\u0131rk y\u0131lda g\u00f6sterdi\u011fimiz performansla ortaya koyduk. Bug\u00fcn 17-18 milyon turistlerden, 20 milyon turistlerden bahsediyoruz. S\u00fcrekli b\u00fcy\u00fcyen bir trende sahip nadir \u015fehirlerden biriyiz. 2024 verilerine g\u00f6re Antalya, d\u00fcnyada en \u00e7ok turist alan ilk alt\u0131 \u015fehir aras\u0131nda yer ald\u0131. Bu bizim i\u00e7in sevindirici&#8221; dedi.\u00a0<br \/>\n\u00a0<br \/>\n&#8220;Rekabet\u00a0g\u00fcc\u00fcm\u00fcz\u00fc gelece\u011fe ta\u015f\u0131mak zorunday\u0131z&#8221;\u00a0<br \/>\nT\u00fcrkiye&#8217;nin turizmde rekabet g\u00fcc\u00fc a\u00e7\u0131s\u0131ndan hala \u00f6nemli kozlara sahip oldu\u011funu belirten Hamit Kuk, \u0130stanbul&#8217;un da turist \u00e7eken \u015fehirler aras\u0131nda d\u00fcnyada ikinci s\u0131raya y\u00fckseldi\u011fine dikkat \u00e7ekti. T\u00fcrkiye&#8217;nin genel turist say\u0131s\u0131 bak\u0131m\u0131ndan d\u00fcnyada ilk be\u015fte yer ald\u0131\u011f\u0131n\u0131 s\u00f6yleyen Kuk, &#8220;T\u00fcm bu veriler \u0131\u015f\u0131\u011f\u0131nda turizmde rekabet g\u00fcc\u00fc en y\u00fcksek \u00fclkelerden biriyiz. Ama bu g\u00fcc\u00fc s\u00fcrd\u00fcr\u00fclebilir ve planl\u0131 bir yap\u0131yla gelece\u011fe ta\u015f\u0131mam\u0131z gerekiyor&#8221; ifadelerini kulland\u0131.\u00a0<\/p>\n<p>Rekabet \u015fartlar\u0131n\u0131n s\u00fcrekli de\u011fi\u015fti\u011fine dikkat \u00e7eken Kuk, &#8220;M\u00fc\u015fterilerin beklentileri, k\u00fcresel geli\u015fmelerle birlikte de\u011fi\u015fiyor. Bu de\u011fi\u015fimi iyi analiz edip kendimize uygun bir yol \u00e7izmeliyiz. Rakip \u00fclkeleri \u00e7ok yak\u0131ndan takip etmeli, iyi yapt\u0131klar\u0131 \u015feylerden \u00f6\u011frenmeli, yapamad\u0131klar\u0131n\u0131 do\u011fru analiz etmeliyiz. Kal\u0131c\u0131 bir rekabet g\u00fcc\u00fc i\u00e7in bu \u015fart&#8221; diye konu\u015ftu.\u00a0<br \/>\n\u00a0<br \/>\n&#8220;Stratejik sekt\u00f6r olmam\u0131z b\u00fcy\u00fck avantaj&#8221;\u00a0<br \/>\nCumhurba\u015fkan\u0131n\u0131n turizmi stratejik sekt\u00f6r ilan etmesinin uluslararas\u0131 alg\u0131 a\u00e7\u0131s\u0131ndan \u00f6nemli bir ad\u0131m oldu\u011funu belirten Hamit Kuk, fiyat avantaj\u0131n\u0131n ise son y\u0131llarda azald\u0131\u011f\u0131na dikkat \u00e7ekti. Kuk, &#8220;Ge\u00e7mi\u015fte \u00e7ok ciddi fiyat avantaj\u0131m\u0131z vard\u0131. Bu avantaj\u0131 istedi\u011fimiz zaman kullanabiliyorduk. Son iki y\u0131lda bu konuda geriledik. Rekabet g\u00fcc\u00fcm\u00fcz\u00fc k\u0131smen kaybettik diyebiliriz ama hala bu alanda avantajl\u0131y\u0131z. Yeniden toparlamam\u0131z gerekiyor&#8221; \u015feklinde konu\u015ftu.\u00a0<br \/>\n\u00a0<br \/>\n\u00c7evre, ula\u015f\u0131m ve insan kayna\u011f\u0131 vurgusu\u00a0<br \/>\nHamit Kuk, turizmin s\u00fcrd\u00fcr\u00fclebilirli\u011fi i\u00e7in \u00e7evre, ula\u015f\u0131m ve altyap\u0131 konular\u0131nda eksikliklerin giderilmesi gerekti\u011fine dikkat \u00e7ekerek \u015f\u00f6yle konu\u015ftu:\u00a0&#8220;Geli\u015fen turizmle paralel olmayan, yetersiz kalan ciddi eksikliklerimiz var. Bunlar\u0131 h\u0131zl\u0131ca tamamlamal\u0131y\u0131z. \u0130nsan kayna\u011f\u0131 olmadan turizm olmaz. Turizm e\u011fitimi alm\u0131\u015f personele ihtiyac\u0131m\u0131z var. Bu soruna da acil \u00e7\u00f6z\u00fcm \u00fcretmemiz gerekiyor.&#8221;\u00a0<\/p>\n<p>Kaynak: www.kanalv.com.tr Haber Sitesinden Al\u0131nm\u0131\u015ft\u0131r.<\/p>","protected":false},"excerpt":{"rendered":"<p>Antalya Kent Konseyi&#8217;nin 200&#8217;\u00fcn \u00fczerinde payda\u015f\u0131n katk\u0131s\u0131yla haz\u0131rlad\u0131\u011f\u0131 21. Y\u00fczy\u0131lda Antalya \u00c7al\u0131\u015ftay\u0131&#8217;n\u0131n &#8220;Antalya\u00a0Turizmi ve S\u00fcrd\u00fcr\u00fclebilirlik&#8221; ba\u015fl\u0131kl\u0131 oturumu, Antalya Arkeoloji M\u00fczesi Konferans Salonu&#8217;nda ger\u00e7ekle\u015ftirildi. Oturum sonras\u0131 konu\u015fan turizmci Hamit\u00a0Kuk, Antalya&#8217;n\u0131n d\u00fcnya turizminde \u00f6nemli bir noktada yer ald\u0131\u011f\u0131n\u0131 belirterek, &#8220;Antalya turizm potansiyeli a\u00e7\u0131s\u0131ndan d\u00fcnyan\u0131n sahil \u015fehirlerinden bir tanesi. Bunu da son k\u0131rk y\u0131lda g\u00f6sterdi\u011fimiz performansla ortaya koyduk. Bug\u00fcn 17-18 milyon turistlerden, 20 milyon turistlerden bahsediyoruz. S\u00fcrekli b\u00fcy\u00fcyen bir trende sahip nadir \u015fehirlerden biriyiz. 2024 verilerine g\u00f6re Antalya, d\u00fcnyada en \u00e7ok turist alan ilk alt\u0131 \u015fehir aras\u0131nda yer ald\u0131. Bu bizim i\u00e7in sevindirici&#8221; dedi.\u00a0 \u00a0 &#8220;Rekabet\u00a0g\u00fcc\u00fcm\u00fcz\u00fc gelece\u011fe ta\u015f\u0131mak zorunday\u0131z&#8221;\u00a0 T\u00fcrkiye&#8217;nin turizmde rekabet g\u00fcc\u00fc a\u00e7\u0131s\u0131ndan hala \u00f6nemli kozlara sahip oldu\u011funu belirten Hamit Kuk, \u0130stanbul&#8217;un da turist \u00e7eken \u015fehirler aras\u0131nda d\u00fcnyada ikinci s\u0131raya y\u00fckseldi\u011fine dikkat \u00e7ekti. T\u00fcrkiye&#8217;nin genel turist say\u0131s\u0131 bak\u0131m\u0131ndan d\u00fcnyada ilk be\u015fte yer ald\u0131\u011f\u0131n\u0131 s\u00f6yleyen Kuk, &#8220;T\u00fcm bu veriler \u0131\u015f\u0131\u011f\u0131nda turizmde rekabet g\u00fcc\u00fc en y\u00fcksek \u00fclkelerden biriyiz. Ama bu g\u00fcc\u00fc s\u00fcrd\u00fcr\u00fclebilir ve planl\u0131 bir yap\u0131yla gelece\u011fe ta\u015f\u0131mam\u0131z gerekiyor&#8221; ifadelerini kulland\u0131.\u00a0 Rekabet \u015fartlar\u0131n\u0131n s\u00fcrekli de\u011fi\u015fti\u011fine dikkat \u00e7eken Kuk, &#8220;M\u00fc\u015fterilerin beklentileri, k\u00fcresel geli\u015fmelerle birlikte de\u011fi\u015fiyor. Bu de\u011fi\u015fimi iyi analiz edip kendimize uygun bir yol \u00e7izmeliyiz. Rakip \u00fclkeleri \u00e7ok yak\u0131ndan takip etmeli, iyi yapt\u0131klar\u0131 \u015feylerden \u00f6\u011frenmeli, yapamad\u0131klar\u0131n\u0131 do\u011fru analiz etmeliyiz. Kal\u0131c\u0131 bir rekabet g\u00fcc\u00fc i\u00e7in bu &hellip;<\/p>","protected":false},"author":4,"featured_media":50434,"comment_status":"","ping_status":"open","sticky":false,"template":"","format":"standard","meta":{"_acf_changed":false,"footnotes":""},"categories":[26],"tags":[],"class_list":["post-50433","post","type-post","status-publish","format-standard","has-post-thumbnail","hentry","category-antalya"],"acf":[],"yoast_head":"<!-- This site is optimized with the Yoast SEO Premium plugin v26.6 (Yoast SEO v27.1.1) - https:\/\/yoast.com\/product\/yoast-seo-premium-wordpress\/ -->\n<title>&#039;Turizmde yeni yol haritas\u0131na ihtiya\u00e7 var&#039; - Av. Deniz Can K\u0131z\u0131l<\/title>\n<meta name=\"robots\" content=\"index, follow, max-snippet:-1, max-image-preview:large, max-video-preview:-1\" \/>\n<link rel=\"canonical\" href=\"http:\/\/denizcankizil.tr\/en\/haberler\/antalya\/turizmde-yeni-yol-haritasina-ihtiyac-var\/\" \/>\n<meta property=\"og:locale\" content=\"en_GB\" \/>\n<meta property=\"og:type\" content=\"article\" \/>\n<meta property=\"og:title\" content=\"&#039;Turizmde yeni yol haritas\u0131na ihtiya\u00e7 var&#039;\" \/>\n<meta property=\"og:description\" content=\"Antalya Kent Konseyi&#8217;nin 200&#8217;\u00fcn \u00fczerinde payda\u015f\u0131n katk\u0131s\u0131yla haz\u0131rlad\u0131\u011f\u0131 21. Y\u00fczy\u0131lda Antalya \u00c7al\u0131\u015ftay\u0131&#8217;n\u0131n &#8220;Antalya\u00a0Turizmi ve S\u00fcrd\u00fcr\u00fclebilirlik&#8221; ba\u015fl\u0131kl\u0131 oturumu, Antalya Arkeoloji M\u00fczesi Konferans Salonu&#8217;nda ger\u00e7ekle\u015ftirildi. Oturum sonras\u0131 konu\u015fan turizmci Hamit\u00a0Kuk, Antalya&#8217;n\u0131n d\u00fcnya turizminde \u00f6nemli bir noktada yer ald\u0131\u011f\u0131n\u0131 belirterek, &#8220;Antalya turizm potansiyeli a\u00e7\u0131s\u0131ndan d\u00fcnyan\u0131n sahil \u015fehirlerinden bir tanesi. Bunu da son k\u0131rk y\u0131lda g\u00f6sterdi\u011fimiz performansla ortaya koyduk. Bug\u00fcn 17-18 milyon turistlerden, 20 milyon turistlerden bahsediyoruz. S\u00fcrekli b\u00fcy\u00fcyen bir trende sahip nadir \u015fehirlerden biriyiz. 2024 verilerine g\u00f6re Antalya, d\u00fcnyada en \u00e7ok turist alan ilk alt\u0131 \u015fehir aras\u0131nda yer ald\u0131. Bu bizim i\u00e7in sevindirici&#8221; dedi.\u00a0 \u00a0 &#8220;Rekabet\u00a0g\u00fcc\u00fcm\u00fcz\u00fc gelece\u011fe ta\u015f\u0131mak zorunday\u0131z&#8221;\u00a0 T\u00fcrkiye&#8217;nin turizmde rekabet g\u00fcc\u00fc a\u00e7\u0131s\u0131ndan hala \u00f6nemli kozlara sahip oldu\u011funu belirten Hamit Kuk, \u0130stanbul&#8217;un da turist \u00e7eken \u015fehirler aras\u0131nda d\u00fcnyada ikinci s\u0131raya y\u00fckseldi\u011fine dikkat \u00e7ekti. T\u00fcrkiye&#8217;nin genel turist say\u0131s\u0131 bak\u0131m\u0131ndan d\u00fcnyada ilk be\u015fte yer ald\u0131\u011f\u0131n\u0131 s\u00f6yleyen Kuk, &#8220;T\u00fcm bu veriler \u0131\u015f\u0131\u011f\u0131nda turizmde rekabet g\u00fcc\u00fc en y\u00fcksek \u00fclkelerden biriyiz. Ama bu g\u00fcc\u00fc s\u00fcrd\u00fcr\u00fclebilir ve planl\u0131 bir yap\u0131yla gelece\u011fe ta\u015f\u0131mam\u0131z gerekiyor&#8221; ifadelerini kulland\u0131.\u00a0 Rekabet \u015fartlar\u0131n\u0131n s\u00fcrekli de\u011fi\u015fti\u011fine dikkat \u00e7eken Kuk, &#8220;M\u00fc\u015fterilerin beklentileri, k\u00fcresel geli\u015fmelerle birlikte de\u011fi\u015fiyor. Bu de\u011fi\u015fimi iyi analiz edip kendimize uygun bir yol \u00e7izmeliyiz. Rakip \u00fclkeleri \u00e7ok yak\u0131ndan takip etmeli, iyi yapt\u0131klar\u0131 \u015feylerden \u00f6\u011frenmeli, yapamad\u0131klar\u0131n\u0131 do\u011fru analiz etmeliyiz. Kal\u0131c\u0131 bir rekabet g\u00fcc\u00fc i\u00e7in bu &hellip;\" \/>\n<meta property=\"og:url\" content=\"http:\/\/denizcankizil.tr\/en\/haberler\/antalya\/turizmde-yeni-yol-haritasina-ihtiyac-var\/\" \/>\n<meta property=\"og:site_name\" content=\"Av. Deniz Can K\u0131z\u0131l\" \/>\n<meta property=\"article:published_time\" content=\"2025-04-09T11:41:19+00:00\" \/>\n<meta property=\"og:image\" content=\"http:\/\/denizcankizil.tr\/wp-content\/uploads\/2025\/04\/a-w428702-01-AVKHkB.webp\" \/>\n\t<meta property=\"og:image:width\" content=\"1280\" \/>\n\t<meta property=\"og:image:height\" content=\"720\" \/>\n\t<meta property=\"og:image:type\" content=\"image\/webp\" \/>\n<meta name=\"author\" content=\"Av. Deniz Can K\u0131z\u0131l\" \/>\n<meta name=\"twitter:card\" content=\"summary_large_image\" \/>\n<meta name=\"twitter:label1\" content=\"Written by\" \/>\n\t<meta name=\"twitter:data1\" content=\"Av. Deniz Can K\u0131z\u0131l\" \/>\n\t<meta name=\"twitter:label2\" content=\"Estimated reading time\" \/>\n\t<meta name=\"twitter:data2\" content=\"2 minutes\" \/>\n<script type=\"application\/ld+json\" class=\"yoast-schema-graph\">{\"@context\":\"https:\/\/schema.org\",\"@graph\":[{\"@type\":\"Article\",\"@id\":\"http:\/\/denizcankizil.tr\/en\/haberler\/antalya\/turizmde-yeni-yol-haritasina-ihtiyac-var\/#article\",\"isPartOf\":{\"@id\":\"http:\/\/denizcankizil.tr\/en\/haberler\/antalya\/turizmde-yeni-yol-haritasina-ihtiyac-var\/\"},\"author\":{\"name\":\"Av. Deniz Can K\u0131z\u0131l\",\"@id\":\"https:\/\/denizcankizil.tr\/de\/#\/schema\/person\/5dc1b22991bd7ac833867c10afc9b0ff\"},\"headline\":\"&#8216;Turizmde yeni yol haritas\u0131na ihtiya\u00e7 var&#8217;\",\"datePublished\":\"2025-04-09T11:41:19+00:00\",\"mainEntityOfPage\":{\"@id\":\"http:\/\/denizcankizil.tr\/en\/haberler\/antalya\/turizmde-yeni-yol-haritasina-ihtiyac-var\/\"},\"wordCount\":484,\"publisher\":{\"@id\":\"https:\/\/denizcankizil.tr\/de\/#organization\"},\"image\":{\"@id\":\"http:\/\/denizcankizil.tr\/en\/haberler\/antalya\/turizmde-yeni-yol-haritasina-ihtiyac-var\/#primaryimage\"},\"thumbnailUrl\":\"http:\/\/denizcankizil.tr\/wp-content\/uploads\/2025\/04\/a-w428702-01-AVKHkB.webp\",\"articleSection\":[\"Antalya\"],\"inLanguage\":\"en-GB\"},{\"@type\":\"WebPage\",\"@id\":\"http:\/\/denizcankizil.tr\/en\/haberler\/antalya\/turizmde-yeni-yol-haritasina-ihtiyac-var\/\",\"url\":\"http:\/\/denizcankizil.tr\/en\/haberler\/antalya\/turizmde-yeni-yol-haritasina-ihtiyac-var\/\",\"name\":\"'Turizmde yeni yol haritas\u0131na ihtiya\u00e7 var' - Av. Deniz Can K\u0131z\u0131l\",\"isPartOf\":{\"@id\":\"https:\/\/denizcankizil.tr\/de\/#website\"},\"primaryImageOfPage\":{\"@id\":\"http:\/\/denizcankizil.tr\/en\/haberler\/antalya\/turizmde-yeni-yol-haritasina-ihtiyac-var\/#primaryimage\"},\"image\":{\"@id\":\"http:\/\/denizcankizil.tr\/en\/haberler\/antalya\/turizmde-yeni-yol-haritasina-ihtiyac-var\/#primaryimage\"},\"thumbnailUrl\":\"http:\/\/denizcankizil.tr\/wp-content\/uploads\/2025\/04\/a-w428702-01-AVKHkB.webp\",\"datePublished\":\"2025-04-09T11:41:19+00:00\",\"breadcrumb\":{\"@id\":\"http:\/\/denizcankizil.tr\/en\/haberler\/antalya\/turizmde-yeni-yol-haritasina-ihtiyac-var\/#breadcrumb\"},\"inLanguage\":\"en-GB\",\"potentialAction\":[{\"@type\":\"ReadAction\",\"target\":[\"http:\/\/denizcankizil.tr\/en\/haberler\/antalya\/turizmde-yeni-yol-haritasina-ihtiyac-var\/\"]}]},{\"@type\":\"ImageObject\",\"inLanguage\":\"en-GB\",\"@id\":\"http:\/\/denizcankizil.tr\/en\/haberler\/antalya\/turizmde-yeni-yol-haritasina-ihtiyac-var\/#primaryimage\",\"url\":\"http:\/\/denizcankizil.tr\/wp-content\/uploads\/2025\/04\/a-w428702-01-AVKHkB.webp\",\"contentUrl\":\"http:\/\/denizcankizil.tr\/wp-content\/uploads\/2025\/04\/a-w428702-01-AVKHkB.webp\",\"width\":1280,\"height\":720},{\"@type\":\"BreadcrumbList\",\"@id\":\"http:\/\/denizcankizil.tr\/en\/haberler\/antalya\/turizmde-yeni-yol-haritasina-ihtiyac-var\/#breadcrumb\",\"itemListElement\":[{\"@type\":\"ListItem\",\"position\":1,\"name\":\"Home\",\"item\":\"https:\/\/denizcankizil.tr\/de\/\"},{\"@type\":\"ListItem\",\"position\":2,\"name\":\"&#8216;Turizmde yeni yol haritas\u0131na ihtiya\u00e7 var&#8217;\"}]},{\"@type\":\"WebSite\",\"@id\":\"https:\/\/denizcankizil.tr\/de\/#website\",\"url\":\"https:\/\/denizcankizil.tr\/de\/\",\"name\":\"Av. Deniz Can K\u0131z\u0131l\",\"description\":\"Avukat Deniz Can K\u0131z\u0131l Antalya Barosu\",\"publisher\":{\"@id\":\"https:\/\/denizcankizil.tr\/de\/#organization\"},\"potentialAction\":[{\"@type\":\"SearchAction\",\"target\":{\"@type\":\"EntryPoint\",\"urlTemplate\":\"https:\/\/denizcankizil.tr\/de\/?s={search_term_string}\"},\"query-input\":{\"@type\":\"PropertyValueSpecification\",\"valueRequired\":true,\"valueName\":\"search_term_string\"}}],\"inLanguage\":\"en-GB\"},{\"@type\":\"Organization\",\"@id\":\"https:\/\/denizcankizil.tr\/de\/#organization\",\"name\":\"Av. Deniz Can K\u0131z\u0131l\",\"url\":\"https:\/\/denizcankizil.tr\/de\/\",\"logo\":{\"@type\":\"ImageObject\",\"inLanguage\":\"en-GB\",\"@id\":\"https:\/\/denizcankizil.tr\/de\/#\/schema\/logo\/image\/\",\"url\":\"http:\/\/denizcankizil.tr\/wp-content\/uploads\/2024\/10\/siyah-logo-svg.svg\",\"contentUrl\":\"http:\/\/denizcankizil.tr\/wp-content\/uploads\/2024\/10\/siyah-logo-svg.svg\",\"width\":1080,\"height\":1080,\"caption\":\"Av. Deniz Can K\u0131z\u0131l\"},\"image\":{\"@id\":\"https:\/\/denizcankizil.tr\/de\/#\/schema\/logo\/image\/\"}},{\"@type\":\"Person\",\"@id\":\"https:\/\/denizcankizil.tr\/de\/#\/schema\/person\/5dc1b22991bd7ac833867c10afc9b0ff\",\"name\":\"Av. Deniz Can K\u0131z\u0131l\",\"image\":{\"@type\":\"ImageObject\",\"inLanguage\":\"en-GB\",\"@id\":\"https:\/\/denizcankizil.tr\/de\/#\/schema\/person\/image\/\",\"url\":\"https:\/\/secure.gravatar.com\/avatar\/a0b128fb9855c79efc976d5640eedb31dc35ec297594d6016d2cf7c60e975bb6?s=96&d=mm&r=g\",\"contentUrl\":\"https:\/\/secure.gravatar.com\/avatar\/a0b128fb9855c79efc976d5640eedb31dc35ec297594d6016d2cf7c60e975bb6?s=96&d=mm&r=g\",\"caption\":\"Av. Deniz Can K\u0131z\u0131l\"},\"sameAs\":[\"http:\/\/www.denizcankizil.tr\"],\"url\":\"http:\/\/denizcankizil.tr\/en\/author\/denizcankizil\/\"}]}<\/script>\n<!-- \/ Yoast SEO Premium plugin. -->","yoast_head_json":{"title":"'Turizmde yeni yol haritas\u0131na ihtiya\u00e7 var' - Av. Deniz Can K\u0131z\u0131l","robots":{"index":"index","follow":"follow","max-snippet":"max-snippet:-1","max-image-preview":"max-image-preview:large","max-video-preview":"max-video-preview:-1"},"canonical":"http:\/\/denizcankizil.tr\/en\/haberler\/antalya\/turizmde-yeni-yol-haritasina-ihtiyac-var\/","og_locale":"en_GB","og_type":"article","og_title":"'Turizmde yeni yol haritas\u0131na ihtiya\u00e7 var'","og_description":"Antalya Kent Konseyi&#8217;nin 200&#8217;\u00fcn \u00fczerinde payda\u015f\u0131n katk\u0131s\u0131yla haz\u0131rlad\u0131\u011f\u0131 21. Y\u00fczy\u0131lda Antalya \u00c7al\u0131\u015ftay\u0131&#8217;n\u0131n &#8220;Antalya\u00a0Turizmi ve S\u00fcrd\u00fcr\u00fclebilirlik&#8221; ba\u015fl\u0131kl\u0131 oturumu, Antalya Arkeoloji M\u00fczesi Konferans Salonu&#8217;nda ger\u00e7ekle\u015ftirildi. Oturum sonras\u0131 konu\u015fan turizmci Hamit\u00a0Kuk, Antalya&#8217;n\u0131n d\u00fcnya turizminde \u00f6nemli bir noktada yer ald\u0131\u011f\u0131n\u0131 belirterek, &#8220;Antalya turizm potansiyeli a\u00e7\u0131s\u0131ndan d\u00fcnyan\u0131n sahil \u015fehirlerinden bir tanesi. Bunu da son k\u0131rk y\u0131lda g\u00f6sterdi\u011fimiz performansla ortaya koyduk. Bug\u00fcn 17-18 milyon turistlerden, 20 milyon turistlerden bahsediyoruz. S\u00fcrekli b\u00fcy\u00fcyen bir trende sahip nadir \u015fehirlerden biriyiz. 2024 verilerine g\u00f6re Antalya, d\u00fcnyada en \u00e7ok turist alan ilk alt\u0131 \u015fehir aras\u0131nda yer ald\u0131. Bu bizim i\u00e7in sevindirici&#8221; dedi.\u00a0 \u00a0 &#8220;Rekabet\u00a0g\u00fcc\u00fcm\u00fcz\u00fc gelece\u011fe ta\u015f\u0131mak zorunday\u0131z&#8221;\u00a0 T\u00fcrkiye&#8217;nin turizmde rekabet g\u00fcc\u00fc a\u00e7\u0131s\u0131ndan hala \u00f6nemli kozlara sahip oldu\u011funu belirten Hamit Kuk, \u0130stanbul&#8217;un da turist \u00e7eken \u015fehirler aras\u0131nda d\u00fcnyada ikinci s\u0131raya y\u00fckseldi\u011fine dikkat \u00e7ekti. T\u00fcrkiye&#8217;nin genel turist say\u0131s\u0131 bak\u0131m\u0131ndan d\u00fcnyada ilk be\u015fte yer ald\u0131\u011f\u0131n\u0131 s\u00f6yleyen Kuk, &#8220;T\u00fcm bu veriler \u0131\u015f\u0131\u011f\u0131nda turizmde rekabet g\u00fcc\u00fc en y\u00fcksek \u00fclkelerden biriyiz. Ama bu g\u00fcc\u00fc s\u00fcrd\u00fcr\u00fclebilir ve planl\u0131 bir yap\u0131yla gelece\u011fe ta\u015f\u0131mam\u0131z gerekiyor&#8221; ifadelerini kulland\u0131.\u00a0 Rekabet \u015fartlar\u0131n\u0131n s\u00fcrekli de\u011fi\u015fti\u011fine dikkat \u00e7eken Kuk, &#8220;M\u00fc\u015fterilerin beklentileri, k\u00fcresel geli\u015fmelerle birlikte de\u011fi\u015fiyor. Bu de\u011fi\u015fimi iyi analiz edip kendimize uygun bir yol \u00e7izmeliyiz. Rakip \u00fclkeleri \u00e7ok yak\u0131ndan takip etmeli, iyi yapt\u0131klar\u0131 \u015feylerden \u00f6\u011frenmeli, yapamad\u0131klar\u0131n\u0131 do\u011fru analiz etmeliyiz. Kal\u0131c\u0131 bir rekabet g\u00fcc\u00fc i\u00e7in bu &hellip;","og_url":"http:\/\/denizcankizil.tr\/en\/haberler\/antalya\/turizmde-yeni-yol-haritasina-ihtiyac-var\/","og_site_name":"Av. Deniz Can K\u0131z\u0131l","article_published_time":"2025-04-09T11:41:19+00:00","og_image":[{"width":1280,"height":720,"url":"http:\/\/denizcankizil.tr\/wp-content\/uploads\/2025\/04\/a-w428702-01-AVKHkB.webp","type":"image\/webp"}],"author":"Av. Deniz Can K\u0131z\u0131l","twitter_card":"summary_large_image","twitter_misc":{"Written by":"Av. Deniz Can K\u0131z\u0131l","Estimated reading time":"2 minutes"},"schema":{"@context":"https:\/\/schema.org","@graph":[{"@type":"Article","@id":"http:\/\/denizcankizil.tr\/en\/haberler\/antalya\/turizmde-yeni-yol-haritasina-ihtiyac-var\/#article","isPartOf":{"@id":"http:\/\/denizcankizil.tr\/en\/haberler\/antalya\/turizmde-yeni-yol-haritasina-ihtiyac-var\/"},"author":{"name":"Av. Deniz Can K\u0131z\u0131l","@id":"https:\/\/denizcankizil.tr\/de\/#\/schema\/person\/5dc1b22991bd7ac833867c10afc9b0ff"},"headline":"&#8216;Turizmde yeni yol haritas\u0131na ihtiya\u00e7 var&#8217;","datePublished":"2025-04-09T11:41:19+00:00","mainEntityOfPage":{"@id":"http:\/\/denizcankizil.tr\/en\/haberler\/antalya\/turizmde-yeni-yol-haritasina-ihtiyac-var\/"},"wordCount":484,"publisher":{"@id":"https:\/\/denizcankizil.tr\/de\/#organization"},"image":{"@id":"http:\/\/denizcankizil.tr\/en\/haberler\/antalya\/turizmde-yeni-yol-haritasina-ihtiyac-var\/#primaryimage"},"thumbnailUrl":"http:\/\/denizcankizil.tr\/wp-content\/uploads\/2025\/04\/a-w428702-01-AVKHkB.webp","articleSection":["Antalya"],"inLanguage":"en-GB"},{"@type":"WebPage","@id":"http:\/\/denizcankizil.tr\/en\/haberler\/antalya\/turizmde-yeni-yol-haritasina-ihtiyac-var\/","url":"http:\/\/denizcankizil.tr\/en\/haberler\/antalya\/turizmde-yeni-yol-haritasina-ihtiyac-var\/","name":"'Turizmde yeni yol haritas\u0131na ihtiya\u00e7 var' - Av. Deniz Can K\u0131z\u0131l","isPartOf":{"@id":"https:\/\/denizcankizil.tr\/de\/#website"},"primaryImageOfPage":{"@id":"http:\/\/denizcankizil.tr\/en\/haberler\/antalya\/turizmde-yeni-yol-haritasina-ihtiyac-var\/#primaryimage"},"image":{"@id":"http:\/\/denizcankizil.tr\/en\/haberler\/antalya\/turizmde-yeni-yol-haritasina-ihtiyac-var\/#primaryimage"},"thumbnailUrl":"http:\/\/denizcankizil.tr\/wp-content\/uploads\/2025\/04\/a-w428702-01-AVKHkB.webp","datePublished":"2025-04-09T11:41:19+00:00","breadcrumb":{"@id":"http:\/\/denizcankizil.tr\/en\/haberler\/antalya\/turizmde-yeni-yol-haritasina-ihtiyac-var\/#breadcrumb"},"inLanguage":"en-GB","potentialAction":[{"@type":"ReadAction","target":["http:\/\/denizcankizil.tr\/en\/haberler\/antalya\/turizmde-yeni-yol-haritasina-ihtiyac-var\/"]}]},{"@type":"ImageObject","inLanguage":"en-GB","@id":"http:\/\/denizcankizil.tr\/en\/haberler\/antalya\/turizmde-yeni-yol-haritasina-ihtiyac-var\/#primaryimage","url":"http:\/\/denizcankizil.tr\/wp-content\/uploads\/2025\/04\/a-w428702-01-AVKHkB.webp","contentUrl":"http:\/\/denizcankizil.tr\/wp-content\/uploads\/2025\/04\/a-w428702-01-AVKHkB.webp","width":1280,"height":720},{"@type":"BreadcrumbList","@id":"http:\/\/denizcankizil.tr\/en\/haberler\/antalya\/turizmde-yeni-yol-haritasina-ihtiyac-var\/#breadcrumb","itemListElement":[{"@type":"ListItem","position":1,"name":"Home","item":"https:\/\/denizcankizil.tr\/de\/"},{"@type":"ListItem","position":2,"name":"&#8216;Turizmde yeni yol haritas\u0131na ihtiya\u00e7 var&#8217;"}]},{"@type":"WebSite","@id":"https:\/\/denizcankizil.tr\/de\/#website","url":"https:\/\/denizcankizil.tr\/de\/","name":"Av. Deniz Can K\u0131z\u0131l","description":"Avukat Deniz Can K\u0131z\u0131l Antalya Barosu","publisher":{"@id":"https:\/\/denizcankizil.tr\/de\/#organization"},"potentialAction":[{"@type":"SearchAction","target":{"@type":"EntryPoint","urlTemplate":"https:\/\/denizcankizil.tr\/de\/?s={search_term_string}"},"query-input":{"@type":"PropertyValueSpecification","valueRequired":true,"valueName":"search_term_string"}}],"inLanguage":"en-GB"},{"@type":"Organization","@id":"https:\/\/denizcankizil.tr\/de\/#organization","name":"Av. Deniz Can K\u0131z\u0131l","url":"https:\/\/denizcankizil.tr\/de\/","logo":{"@type":"ImageObject","inLanguage":"en-GB","@id":"https:\/\/denizcankizil.tr\/de\/#\/schema\/logo\/image\/","url":"http:\/\/denizcankizil.tr\/wp-content\/uploads\/2024\/10\/siyah-logo-svg.svg","contentUrl":"http:\/\/denizcankizil.tr\/wp-content\/uploads\/2024\/10\/siyah-logo-svg.svg","width":1080,"height":1080,"caption":"Av. Deniz Can K\u0131z\u0131l"},"image":{"@id":"https:\/\/denizcankizil.tr\/de\/#\/schema\/logo\/image\/"}},{"@type":"Person","@id":"https:\/\/denizcankizil.tr\/de\/#\/schema\/person\/5dc1b22991bd7ac833867c10afc9b0ff","name":"Av. Deniz Can K\u0131z\u0131l","image":{"@type":"ImageObject","inLanguage":"en-GB","@id":"https:\/\/denizcankizil.tr\/de\/#\/schema\/person\/image\/","url":"https:\/\/secure.gravatar.com\/avatar\/a0b128fb9855c79efc976d5640eedb31dc35ec297594d6016d2cf7c60e975bb6?s=96&d=mm&r=g","contentUrl":"https:\/\/secure.gravatar.com\/avatar\/a0b128fb9855c79efc976d5640eedb31dc35ec297594d6016d2cf7c60e975bb6?s=96&d=mm&r=g","caption":"Av. Deniz Can K\u0131z\u0131l"},"sameAs":["http:\/\/www.denizcankizil.tr"],"url":"http:\/\/denizcankizil.tr\/en\/author\/denizcankizil\/"}]}},"_links":{"self":[{"href":"http:\/\/denizcankizil.tr\/en\/wp-json\/wp\/v2\/posts\/50433","targetHints":{"allow":["GET"]}}],"collection":[{"href":"http:\/\/denizcankizil.tr\/en\/wp-json\/wp\/v2\/posts"}],"about":[{"href":"http:\/\/denizcankizil.tr\/en\/wp-json\/wp\/v2\/types\/post"}],"author":[{"embeddable":true,"href":"http:\/\/denizcankizil.tr\/en\/wp-json\/wp\/v2\/users\/4"}],"replies":[{"embeddable":true,"href":"http:\/\/denizcankizil.tr\/en\/wp-json\/wp\/v2\/comments?post=50433"}],"version-history":[{"count":0,"href":"http:\/\/denizcankizil.tr\/en\/wp-json\/wp\/v2\/posts\/50433\/revisions"}],"wp:featuredmedia":[{"embeddable":true,"href":"http:\/\/denizcankizil.tr\/en\/wp-json\/wp\/v2\/media\/50434"}],"wp:attachment":[{"href":"http:\/\/denizcankizil.tr\/en\/wp-json\/wp\/v2\/media?parent=50433"}],"wp:term":[{"taxonomy":"category","embeddable":true,"href":"http:\/\/denizcankizil.tr\/en\/wp-json\/wp\/v2\/categories?post=50433"},{"taxonomy":"post_tag","embeddable":true,"href":"http:\/\/denizcankizil.tr\/en\/wp-json\/wp\/v2\/tags?post=50433"}],"curies":[{"name":"wp","href":"https:\/\/api.w.org\/{rel}","templated":true}]}}