{"id":46396,"date":"2025-04-05T16:41:16","date_gmt":"2025-04-05T13:41:16","guid":{"rendered":"https:\/\/denizcankizil.tr\/uncategorized-tr\/kreste-akran-zorbaligi-iddiasi\/"},"modified":"2025-04-05T16:41:16","modified_gmt":"2025-04-05T13:41:16","slug":"kreste-akran-zorbaligi-iddiasi","status":"publish","type":"post","link":"http:\/\/denizcankizil.tr\/en\/haberler\/antalya\/kreste-akran-zorbaligi-iddiasi\/","title":{"rendered":"Kre\u015fte akran zorbal\u0131\u011f\u0131 iddias\u0131!"},"content":{"rendered":"<p>Antalya&#8217;n\u0131n Muratpa\u015fa il\u00e7esindeki \u00f6zel bir kre\u015fte, 2 ya\u015f\u0131ndaki bir k\u0131z \u00e7ocu\u011fu, uyku odas\u0131nda ya\u015f\u0131 daha b\u00fcy\u00fck iki \u00e7ocuk taraf\u0131ndan yakla\u015f\u0131k 15 dakika boyunca darbedildi. Olay g\u00fcvenlik kameras\u0131 g\u00f6r\u00fcnt\u00fcleriyle ortaya \u00e7\u0131karken, aile hem kre\u015f y\u00f6netimi hem de olayda sorumlulu\u011fu bulunan personel hakk\u0131nda su\u00e7 duyurusunda bulundu. Adli s\u00fcre\u00e7 ba\u015flat\u0131ld\u0131.<\/p>\n<p>&#8220;K\u0131z\u0131m\u0131 sa\u011fl\u0131kl\u0131 b\u0131rakt\u0131m&#8221;<br \/>\nAnne Buse Alt\u0131parmak, olay g\u00fcn\u00fc sabah saat 08.30 sular\u0131nda k\u0131z\u0131n\u0131 kre\u015fe b\u0131rakt\u0131\u011f\u0131n\u0131, g\u00fcn i\u00e7inde saat 13.55\u2019te kre\u015ften arand\u0131\u011f\u0131n\u0131 belirtti. K\u0131z\u0131n\u0131n ba\u015fka bir \u00e7ocuk taraf\u0131ndan \u0131s\u0131r\u0131ld\u0131\u011f\u0131n\u0131n s\u00f6ylendi\u011fini aktaran Alt\u0131parmak, ayn\u0131 hafta i\u00e7inde ikinci kez benzer bir olay ya\u015fanmas\u0131 \u00fczerine endi\u015felendi\u011fini s\u00f6yledi. Alt\u0131parmak, &#8220;O g\u00fcn her zamanki gibi k\u0131z\u0131m\u0131 karde\u015fiyle birlikte haz\u0131rlay\u0131p kre\u015fe b\u0131rakt\u0131m. Sa\u011fl\u0131kl\u0131, ne\u015feli bir \u015fekildeydi. \u00d6\u011fle saatlerinde kre\u015f aray\u0131p sadece \u2018\u0131s\u0131r\u0131ld\u0131\u2019 dediklerinde ilk ba\u015fta ciddi bir \u015fey d\u00fc\u015f\u00fcnmedim ama ayn\u0131 hafta ikinci kez oldu\u011fu i\u00e7in endi\u015felendim. Foto\u011fraf istedim ama &#8216;karanl\u0131k ortamda uyuyor&#8217; denilip g\u00f6nderilmedi. \u0130\u015f yerinden izin almaya \u00e7al\u0131\u015f\u0131rken ikinci kez arand\u0131m, bu kez &#8216;\u0131s\u0131ran \u00e7ocu\u011fun okuldan al\u0131nd\u0131\u011f\u0131&#8217; s\u00f6ylendi. O anda iyice pani\u011fe kap\u0131ld\u0131m&#8221; \u015feklinde konu\u015ftu.<\/p>\n<p>&#8220;Konuyu ge\u00e7i\u015ftirmeye \u00e7al\u0131\u015ft\u0131lar&#8221;<br \/>\nKre\u015fe vard\u0131\u011f\u0131nda k\u0131z\u0131n\u0131n h\u00e2l\u00e2 uyuyor oldu\u011funu \u00f6\u011frenen Alt\u0131parmak, k\u0131z\u0131n\u0131 uyand\u0131rmadan \u00f6nce \u00f6\u011fretmenlerden bilgi almaya \u00e7al\u0131\u015ft\u0131. Ancak anlat\u0131lanlar\u0131n olay\u0131n a\u011f\u0131rl\u0131\u011f\u0131yla \u00f6rt\u00fc\u015fmedi\u011fini vurgulayarak, \u015f\u00f6yle devam etti: &#8220;Yemekhanede bayramla\u015fma s\u0131ras\u0131nda sar\u0131lmak isterken \u0131s\u0131rd\u0131\u011f\u0131 gibi senaryolar anlatt\u0131lar. Kamera yokmu\u015f orada. Bana \u00e7ocu\u011fun \u2018d\u00fcrt\u00fcsel\u2019 oldu\u011funu, o g\u00fcn ila\u00e7 verilmedi\u011fini falan s\u00f6ylediler. Resmen konuyu ge\u00e7i\u015ftirmeye \u00e7al\u0131\u015ft\u0131lar. O an k\u0131z\u0131m\u0131 hen\u00fcz g\u00f6rmemi\u015ftim ama i\u00e7imde k\u00f6t\u00fc bir \u015fey oldu\u011funu hissettim.&#8221;<\/p>\n<p>&#8220;\u00c7ocu\u011fun yana\u011f\u0131ndan bir yanak daha vard\u0131&#8221;<br \/>\nYakla\u015f\u0131k 15 dakika sonra uyand\u0131r\u0131lan \u00e7ocu\u011funu ilk g\u00f6rd\u00fc\u011f\u00fc an\u0131 anlatan anne, ya\u015fad\u0131\u011f\u0131 \u015foku \u015fu s\u00f6zlerle dile getirdi: &#8220;K\u0131z\u0131m\u0131n y\u00fcz\u00fcne bakt\u0131\u011f\u0131mda tan\u0131yamad\u0131m. \u00c7ocu\u011fun yana\u011f\u0131ndan bir yanak daha vard\u0131. Surat\u0131nda darbeler vard\u0131. Yana\u011f\u0131 \u015fi\u015fmi\u015fti, morluklar vard\u0131. Burnunun i\u00e7inde kan, kulaklar\u0131n\u0131n i\u00e7i morarm\u0131\u015f ve kurumu\u015f kanla doluydu. \u00d6\u011fretmen h\u00e2l\u00e2 &#8216;g\u0131da alerjisidir&#8217; diyordu. O anda anlad\u0131m ki, burada bana hi\u00e7bir zaman do\u011fruyu s\u00f6ylemeyecekler.&#8221;<\/p>\n<p>&#8220;\u0130nsan o an her \u015feyi d\u00fc\u015f\u00fcn\u00fcyor&#8221;<br \/>\nBuse Alt\u0131parmak, e\u015fini arayarak hemen gelmesini istedi. Bu s\u0131rada k\u0131z\u0131n\u0131 yan taraftaki bir kafeye g\u00f6t\u00fcr\u00fcp kontrol etti\u011fini, \u00fcst\u00fcn\u00fc \u00e7\u0131kartarak ba\u015fka yerlerinde darp izi olup olmad\u0131\u011f\u0131n\u0131 inceledi\u011fini \u015fu \u015fekilde anlatt\u0131: &#8220;E\u015fim gelene kadar kafede bekledim. K\u0131z\u0131m\u0131 oturttum, \u00fcst\u00fcn\u00fc \u00e7\u0131kard\u0131m. V\u00fccudunda ba\u015fka yerlerinde de izler var m\u0131 diye bakt\u0131m. \u0130nsan o an her \u015feyi d\u00fc\u015f\u00fcn\u00fcyor; \u00f6\u011fretmeni mi d\u00f6vd\u00fc, merdivenden mi yuvarland\u0131? Hi\u00e7bir \u015fey s\u00f6ylenmiyor, net bir bilgi yok. K\u0131z\u0131m beni g\u00f6r\u00fcnce a\u011flamaya ba\u015flad\u0131 ama sonra sar\u0131l\u0131p sakinle\u015fti.&#8221;<\/p>\n<p>2 ya\u015f\u0131ndaki bebe\u011fe darp raporu<br \/>\nKre\u015f y\u00f6netiminin h\u00e2l\u00e2 hastaneye g\u00f6t\u00fcrme teklifinde bulunmad\u0131\u011f\u0131n\u0131, sadece &#8220;buz ve krem s\u00fcrd\u00fcklerini&#8221; s\u00f6yledi\u011fini belirten anne, \u00e7ocu\u011funu alarak e\u015fiyle birlikte hastaneye gittiklerini kaydetti. Buse Alt\u0131parmak, tomografi \u00e7ekilen \u00e7ocukta beyin hasar\u0131 bulunmazken, doktorlar\u0131n darp te\u015fhisi koyarak rapor d\u00fczenledi\u011fini bildirdi. Alt\u0131parmak, &#8220;Doktor, bu yaralar\u0131n bir \u0131s\u0131r\u0131k olmad\u0131\u011f\u0131n\u0131, sistematik darp oldu\u011funu s\u00f6yledi. Tomografi temizdi ama biz o geceyi bile korkuyla ge\u00e7irdik. Ya i\u00e7 kanama varsa? Ya ge\u00e7 fark edersek?&#8221; diye konu\u015ftu.<\/p>\n<p>Anne Alt\u0131parmak, olay sonras\u0131 karakola gidene kadar neyle kar\u015f\u0131 kar\u015f\u0131ya olduklar\u0131n\u0131 tam anlayamad\u0131klar\u0131n\u0131, ancak kamera g\u00f6r\u00fcnt\u00fclerine ula\u015f\u0131ld\u0131ktan sonra as\u0131l tabloyu g\u00f6rd\u00fcklerini \u015fu \u015fekilde dile getirdi: &#8220;Karakolda \u00f6\u011frendik ki k\u0131z\u0131m\u0131za sald\u0131ran \u00e7ocuklar\u0131n g\u00f6r\u00fcnt\u00fcleri izlenmi\u015f, kendi ailelerine izletilmi\u015f. Bize h\u00e2l\u00e2 &#8216;g\u00f6r\u00fcnt\u00fc yok&#8217; deniyordu. O haldeki \u00e7ocu\u011fumuzu uyutmu\u015flar, ne ambulans ne polis. Hi\u00e7bir \u015fey yap\u0131lmam\u0131\u015f. Bu nas\u0131l ihmalsizlik de\u011fil de kas\u0131t olmas\u0131n?&#8221;<\/p>\n<p>&#8220;K\u0131z\u0131m\u0131n \u00fczerine \u00e7\u0131k\u0131p bast\u0131lar, sonra bayg\u0131n halde yat\u0131rd\u0131lar&#8221;<br \/>\nBaba Onur Alt\u0131parmak ise, kamera g\u00f6r\u00fcnt\u00fclerinde izlediklerini &#8220;tarifsiz bir vah\u015fet&#8221; olarak nitelendirdi. Alt\u0131parmak, &#8220;\u0130ki \u00e7ocuk 15 dakika boyunca k\u0131z\u0131m\u0131 d\u00f6v\u00fcyor. Bezini \u00e7\u0131kar\u0131yor, yerde s\u00fcr\u00fckl\u00fcyorlar. En ac\u0131s\u0131ysa, birisi k\u0131z\u0131m\u0131n \u00fczerine \u00e7\u0131k\u0131yor ve kafas\u0131na basmaya \u00e7al\u0131\u015f\u0131yor. Bu d\u00f6vme de\u011fil, eziyet. K\u0131z\u0131m a\u011fl\u0131yor, \u00e7\u0131\u011fl\u0131k at\u0131yor ama hi\u00e7bir g\u00f6revli yok&#8221; dedi.<\/p>\n<p>G\u00f6r\u00fcnt\u00fclerde, \u00f6\u011fretmenin odadan \u00e7\u0131kt\u0131ktan sonra 15 dakika boyunca geri d\u00f6nmedi\u011fini, olaydan sonra k\u0131zlar\u0131n\u0131n bayg\u0131n halde bulundu\u011funu anlatan Alt\u0131parmak, &#8220;K\u0131z\u0131m neredeyse hayat\u0131n\u0131 kaybedebilirdi&#8221; diyerek \u015funlar\u0131 s\u00f6yledi: &#8220;K\u0131z\u0131m\u0131 uyu\u015fuk gibi geri getiriyorlar yatak odas\u0131na. Ondan sonra o haldeyken yat\u0131rmaya \u00e7al\u0131\u015f\u0131yorlar. Bir beyin kanamas\u0131 ge\u00e7irse, bir \u015fey olsa \u00f6l\u00fcp kal\u0131rd\u0131 orada. Ondan sonra 15-20 dakika yat\u0131rmaya \u00e7al\u0131\u015f\u0131yorlar. Saat 13.44-13.45 gibi b\u00fct\u00fcn herkes k\u0131z\u0131m\u0131n ba\u015f\u0131na toplan\u0131yor. Ondan sonra onu ba\u015fka bir s\u0131n\u0131fa g\u00f6t\u00fcr\u00fcyorlar. Orada kameran\u0131n \u0131\u015f\u0131klar\u0131yla y\u00fcz\u00fcne bak\u0131yorlar, durumun ne kadar vahim oldu\u011funu anl\u0131yorlar. \u00d6teki tarafa g\u00f6t\u00fcr\u00fcp orada yere yat\u0131r\u0131yorlar. K\u0131z\u0131m zaten bayg\u0131n gibi. Ondan sonra hi\u00e7bir ne polisi aramak, ne ambulans\u0131 aramak, hi\u00e7bir \u015fey yapm\u0131yorlar. Orada bekletiyorlar k\u0131z\u0131m\u0131. En k\u00f6t\u00fc yar\u0131m saat k\u0131rk dakika boyunca. Ondan sonra e\u015fimi ar\u0131yorlar.&#8221;<\/p>\n<p>&#8220;B\u00fct\u00fcn bilgileri bizden gizlediler&#8221;<br \/>\nBaba Alt\u0131parmak, kre\u015f y\u00f6netiminin g\u00f6r\u00fcnt\u00fcleri kendilerine vermedi\u011fini ancak darp olay\u0131na kar\u0131\u015ft\u0131\u011f\u0131 iddia edilen \u00e7ocu\u011fun ailesine izletildi\u011fini s\u00f6yledi. \u0130lk etapta &#8220;kamera yok&#8221; denilmesine ra\u011fmen savc\u0131l\u0131k talebiyle t\u00fcm g\u00f6r\u00fcnt\u00fclere ula\u015f\u0131ld\u0131\u011f\u0131n\u0131 belirten Alt\u0131parmak, &#8220;G\u00f6r\u00fcnt\u00fc yok dedikleri odada her \u015fey kay\u0131ttayd\u0131. Her \u015feyle ilgili bilgiyi saklad\u0131lar. Neyse ki kamera g\u00f6r\u00fcnt\u00fclerini ald\u0131k ve her \u015feyi \u00f6\u011frendik. Sorumlular\u0131n ceza almas\u0131n\u0131 istiyoruz&#8221; dedi.<\/p>\n<p>Olay sonras\u0131 kre\u015fin sosyal medya hesaplar\u0131ndan ve ileti\u015fim gruplar\u0131ndan engellendiklerini aktaran aile, kurumu bilin\u00e7li olarak ger\u00e7e\u011fi gizlemekle su\u00e7lad\u0131. Anne ve baba, di\u011fer velilerle g\u00f6r\u00fc\u015ft\u00fcklerinde benzer \u015fikayetlerin daha \u00f6nce de ya\u015fand\u0131\u011f\u0131n\u0131 \u00f6\u011frendiklerini ifade etti.<\/p>\n<p>Aileden su\u00e7 duyurusu, bakanl\u0131k s\u00fcrece dahil oldu<br \/>\nAlt\u0131parmak \u00e7ifti, olay\u0131n ard\u0131ndan hastaneden al\u0131nan raporla birlikte karakola giderek kre\u015f y\u00f6netimi, \u00f6\u011fretmenler, yard\u0131mc\u0131 personel ve darp olay\u0131na kar\u0131\u015ft\u0131\u011f\u0131 belirtilen \u00e7ocuklar\u0131n aileleri hakk\u0131nda su\u00e7 duyurusunda bulundu. Aile, Aile ve Sosyal Hizmetler Bakanl\u0131\u011f\u0131&#8217;n\u0131n 183 ihbar hatt\u0131 \u00fczerinden de \u015fikayette bulundu. Bakanl\u0131k s\u00fcrece dahil olurken, savc\u0131l\u0131k kamera kay\u0131tlar\u0131na el koydu.<\/p>\n<p>Kaynak: www.kanalv.com.tr Haber Sitesinden Al\u0131nm\u0131\u015ft\u0131r.<\/p>","protected":false},"excerpt":{"rendered":"<p>Antalya&#8217;n\u0131n Muratpa\u015fa il\u00e7esindeki \u00f6zel bir kre\u015fte, 2 ya\u015f\u0131ndaki bir k\u0131z \u00e7ocu\u011fu, uyku odas\u0131nda ya\u015f\u0131 daha b\u00fcy\u00fck iki \u00e7ocuk taraf\u0131ndan yakla\u015f\u0131k 15 dakika boyunca darbedildi. Olay g\u00fcvenlik kameras\u0131 g\u00f6r\u00fcnt\u00fcleriyle ortaya \u00e7\u0131karken, aile hem kre\u015f y\u00f6netimi hem de olayda sorumlulu\u011fu bulunan personel hakk\u0131nda su\u00e7 duyurusunda bulundu. Adli s\u00fcre\u00e7 ba\u015flat\u0131ld\u0131. &#8220;K\u0131z\u0131m\u0131 sa\u011fl\u0131kl\u0131 b\u0131rakt\u0131m&#8221; Anne Buse Alt\u0131parmak, olay g\u00fcn\u00fc sabah saat 08.30 sular\u0131nda k\u0131z\u0131n\u0131 kre\u015fe b\u0131rakt\u0131\u011f\u0131n\u0131, g\u00fcn i\u00e7inde saat 13.55\u2019te kre\u015ften arand\u0131\u011f\u0131n\u0131 belirtti. K\u0131z\u0131n\u0131n ba\u015fka bir \u00e7ocuk taraf\u0131ndan \u0131s\u0131r\u0131ld\u0131\u011f\u0131n\u0131n s\u00f6ylendi\u011fini aktaran Alt\u0131parmak, ayn\u0131 hafta i\u00e7inde ikinci kez benzer bir olay ya\u015fanmas\u0131 \u00fczerine endi\u015felendi\u011fini s\u00f6yledi. Alt\u0131parmak, &#8220;O g\u00fcn her zamanki gibi k\u0131z\u0131m\u0131 karde\u015fiyle birlikte haz\u0131rlay\u0131p kre\u015fe b\u0131rakt\u0131m. Sa\u011fl\u0131kl\u0131, ne\u015feli bir \u015fekildeydi. \u00d6\u011fle saatlerinde kre\u015f aray\u0131p sadece \u2018\u0131s\u0131r\u0131ld\u0131\u2019 dediklerinde ilk ba\u015fta ciddi bir \u015fey d\u00fc\u015f\u00fcnmedim ama ayn\u0131 hafta ikinci kez oldu\u011fu i\u00e7in endi\u015felendim. Foto\u011fraf istedim ama &#8216;karanl\u0131k ortamda uyuyor&#8217; denilip g\u00f6nderilmedi. \u0130\u015f yerinden izin almaya \u00e7al\u0131\u015f\u0131rken ikinci kez arand\u0131m, bu kez &#8216;\u0131s\u0131ran \u00e7ocu\u011fun okuldan al\u0131nd\u0131\u011f\u0131&#8217; s\u00f6ylendi. O anda iyice pani\u011fe kap\u0131ld\u0131m&#8221; \u015feklinde konu\u015ftu. &#8220;Konuyu ge\u00e7i\u015ftirmeye \u00e7al\u0131\u015ft\u0131lar&#8221; Kre\u015fe vard\u0131\u011f\u0131nda k\u0131z\u0131n\u0131n h\u00e2l\u00e2 uyuyor oldu\u011funu \u00f6\u011frenen Alt\u0131parmak, k\u0131z\u0131n\u0131 uyand\u0131rmadan \u00f6nce \u00f6\u011fretmenlerden bilgi almaya \u00e7al\u0131\u015ft\u0131. Ancak anlat\u0131lanlar\u0131n olay\u0131n a\u011f\u0131rl\u0131\u011f\u0131yla \u00f6rt\u00fc\u015fmedi\u011fini vurgulayarak, \u015f\u00f6yle devam etti: &#8220;Yemekhanede bayramla\u015fma s\u0131ras\u0131nda sar\u0131lmak isterken \u0131s\u0131rd\u0131\u011f\u0131 gibi senaryolar anlatt\u0131lar. Kamera yokmu\u015f orada. Bana \u00e7ocu\u011fun \u2018d\u00fcrt\u00fcsel\u2019 oldu\u011funu, &hellip;<\/p>","protected":false},"author":4,"featured_media":0,"comment_status":"","ping_status":"open","sticky":false,"template":"","format":"standard","meta":{"_acf_changed":false,"footnotes":""},"categories":[26],"tags":[],"class_list":["post-46396","post","type-post","status-publish","format-standard","hentry","category-antalya"],"acf":[],"yoast_head":"<!-- This site is optimized with the Yoast SEO Premium plugin v26.6 (Yoast SEO v27.1.1) - https:\/\/yoast.com\/product\/yoast-seo-premium-wordpress\/ -->\n<title>Kre\u015fte akran zorbal\u0131\u011f\u0131 iddias\u0131! - Av. Deniz Can K\u0131z\u0131l<\/title>\n<meta name=\"robots\" content=\"index, follow, max-snippet:-1, max-image-preview:large, max-video-preview:-1\" \/>\n<link rel=\"canonical\" href=\"http:\/\/denizcankizil.tr\/en\/haberler\/antalya\/kreste-akran-zorbaligi-iddiasi\/\" \/>\n<meta property=\"og:locale\" content=\"en_GB\" \/>\n<meta property=\"og:type\" content=\"article\" \/>\n<meta property=\"og:title\" content=\"Kre\u015fte akran zorbal\u0131\u011f\u0131 iddias\u0131!\" \/>\n<meta property=\"og:description\" content=\"Antalya&#8217;n\u0131n Muratpa\u015fa il\u00e7esindeki \u00f6zel bir kre\u015fte, 2 ya\u015f\u0131ndaki bir k\u0131z \u00e7ocu\u011fu, uyku odas\u0131nda ya\u015f\u0131 daha b\u00fcy\u00fck iki \u00e7ocuk taraf\u0131ndan yakla\u015f\u0131k 15 dakika boyunca darbedildi. Olay g\u00fcvenlik kameras\u0131 g\u00f6r\u00fcnt\u00fcleriyle ortaya \u00e7\u0131karken, aile hem kre\u015f y\u00f6netimi hem de olayda sorumlulu\u011fu bulunan personel hakk\u0131nda su\u00e7 duyurusunda bulundu. Adli s\u00fcre\u00e7 ba\u015flat\u0131ld\u0131. &#8220;K\u0131z\u0131m\u0131 sa\u011fl\u0131kl\u0131 b\u0131rakt\u0131m&#8221; Anne Buse Alt\u0131parmak, olay g\u00fcn\u00fc sabah saat 08.30 sular\u0131nda k\u0131z\u0131n\u0131 kre\u015fe b\u0131rakt\u0131\u011f\u0131n\u0131, g\u00fcn i\u00e7inde saat 13.55\u2019te kre\u015ften arand\u0131\u011f\u0131n\u0131 belirtti. K\u0131z\u0131n\u0131n ba\u015fka bir \u00e7ocuk taraf\u0131ndan \u0131s\u0131r\u0131ld\u0131\u011f\u0131n\u0131n s\u00f6ylendi\u011fini aktaran Alt\u0131parmak, ayn\u0131 hafta i\u00e7inde ikinci kez benzer bir olay ya\u015fanmas\u0131 \u00fczerine endi\u015felendi\u011fini s\u00f6yledi. Alt\u0131parmak, &#8220;O g\u00fcn her zamanki gibi k\u0131z\u0131m\u0131 karde\u015fiyle birlikte haz\u0131rlay\u0131p kre\u015fe b\u0131rakt\u0131m. Sa\u011fl\u0131kl\u0131, ne\u015feli bir \u015fekildeydi. \u00d6\u011fle saatlerinde kre\u015f aray\u0131p sadece \u2018\u0131s\u0131r\u0131ld\u0131\u2019 dediklerinde ilk ba\u015fta ciddi bir \u015fey d\u00fc\u015f\u00fcnmedim ama ayn\u0131 hafta ikinci kez oldu\u011fu i\u00e7in endi\u015felendim. Foto\u011fraf istedim ama &#8216;karanl\u0131k ortamda uyuyor&#8217; denilip g\u00f6nderilmedi. \u0130\u015f yerinden izin almaya \u00e7al\u0131\u015f\u0131rken ikinci kez arand\u0131m, bu kez &#8216;\u0131s\u0131ran \u00e7ocu\u011fun okuldan al\u0131nd\u0131\u011f\u0131&#8217; s\u00f6ylendi. O anda iyice pani\u011fe kap\u0131ld\u0131m&#8221; \u015feklinde konu\u015ftu. &#8220;Konuyu ge\u00e7i\u015ftirmeye \u00e7al\u0131\u015ft\u0131lar&#8221; Kre\u015fe vard\u0131\u011f\u0131nda k\u0131z\u0131n\u0131n h\u00e2l\u00e2 uyuyor oldu\u011funu \u00f6\u011frenen Alt\u0131parmak, k\u0131z\u0131n\u0131 uyand\u0131rmadan \u00f6nce \u00f6\u011fretmenlerden bilgi almaya \u00e7al\u0131\u015ft\u0131. Ancak anlat\u0131lanlar\u0131n olay\u0131n a\u011f\u0131rl\u0131\u011f\u0131yla \u00f6rt\u00fc\u015fmedi\u011fini vurgulayarak, \u015f\u00f6yle devam etti: &#8220;Yemekhanede bayramla\u015fma s\u0131ras\u0131nda sar\u0131lmak isterken \u0131s\u0131rd\u0131\u011f\u0131 gibi senaryolar anlatt\u0131lar. Kamera yokmu\u015f orada. Bana \u00e7ocu\u011fun \u2018d\u00fcrt\u00fcsel\u2019 oldu\u011funu, &hellip;\" \/>\n<meta property=\"og:url\" content=\"http:\/\/denizcankizil.tr\/en\/haberler\/antalya\/kreste-akran-zorbaligi-iddiasi\/\" \/>\n<meta property=\"og:site_name\" content=\"Av. Deniz Can K\u0131z\u0131l\" \/>\n<meta property=\"article:published_time\" content=\"2025-04-05T13:41:16+00:00\" \/>\n<meta name=\"author\" content=\"Av. Deniz Can K\u0131z\u0131l\" \/>\n<meta name=\"twitter:card\" content=\"summary_large_image\" \/>\n<meta name=\"twitter:label1\" content=\"Written by\" \/>\n\t<meta name=\"twitter:data1\" content=\"Av. Deniz Can K\u0131z\u0131l\" \/>\n\t<meta name=\"twitter:label2\" content=\"Estimated reading time\" \/>\n\t<meta name=\"twitter:data2\" content=\"6 minutes\" \/>\n<script type=\"application\/ld+json\" class=\"yoast-schema-graph\">{\"@context\":\"https:\/\/schema.org\",\"@graph\":[{\"@type\":\"Article\",\"@id\":\"http:\/\/denizcankizil.tr\/en\/haberler\/antalya\/kreste-akran-zorbaligi-iddiasi\/#article\",\"isPartOf\":{\"@id\":\"http:\/\/denizcankizil.tr\/en\/haberler\/antalya\/kreste-akran-zorbaligi-iddiasi\/\"},\"author\":{\"name\":\"Av. Deniz Can K\u0131z\u0131l\",\"@id\":\"https:\/\/denizcankizil.tr\/de\/#\/schema\/person\/5dc1b22991bd7ac833867c10afc9b0ff\"},\"headline\":\"Kre\u015fte akran zorbal\u0131\u011f\u0131 iddias\u0131!\",\"datePublished\":\"2025-04-05T13:41:16+00:00\",\"mainEntityOfPage\":{\"@id\":\"http:\/\/denizcankizil.tr\/en\/haberler\/antalya\/kreste-akran-zorbaligi-iddiasi\/\"},\"wordCount\":1265,\"publisher\":{\"@id\":\"https:\/\/denizcankizil.tr\/de\/#organization\"},\"articleSection\":[\"Antalya\"],\"inLanguage\":\"en-GB\"},{\"@type\":\"WebPage\",\"@id\":\"http:\/\/denizcankizil.tr\/en\/haberler\/antalya\/kreste-akran-zorbaligi-iddiasi\/\",\"url\":\"http:\/\/denizcankizil.tr\/en\/haberler\/antalya\/kreste-akran-zorbaligi-iddiasi\/\",\"name\":\"Kre\u015fte akran zorbal\u0131\u011f\u0131 iddias\u0131! - Av. Deniz Can K\u0131z\u0131l\",\"isPartOf\":{\"@id\":\"https:\/\/denizcankizil.tr\/de\/#website\"},\"datePublished\":\"2025-04-05T13:41:16+00:00\",\"breadcrumb\":{\"@id\":\"http:\/\/denizcankizil.tr\/en\/haberler\/antalya\/kreste-akran-zorbaligi-iddiasi\/#breadcrumb\"},\"inLanguage\":\"en-GB\",\"potentialAction\":[{\"@type\":\"ReadAction\",\"target\":[\"http:\/\/denizcankizil.tr\/en\/haberler\/antalya\/kreste-akran-zorbaligi-iddiasi\/\"]}]},{\"@type\":\"BreadcrumbList\",\"@id\":\"http:\/\/denizcankizil.tr\/en\/haberler\/antalya\/kreste-akran-zorbaligi-iddiasi\/#breadcrumb\",\"itemListElement\":[{\"@type\":\"ListItem\",\"position\":1,\"name\":\"Home\",\"item\":\"https:\/\/denizcankizil.tr\/de\/\"},{\"@type\":\"ListItem\",\"position\":2,\"name\":\"Kre\u015fte akran zorbal\u0131\u011f\u0131 iddias\u0131!\"}]},{\"@type\":\"WebSite\",\"@id\":\"https:\/\/denizcankizil.tr\/de\/#website\",\"url\":\"https:\/\/denizcankizil.tr\/de\/\",\"name\":\"Av. Deniz Can K\u0131z\u0131l\",\"description\":\"Avukat Deniz Can K\u0131z\u0131l Antalya Barosu\",\"publisher\":{\"@id\":\"https:\/\/denizcankizil.tr\/de\/#organization\"},\"potentialAction\":[{\"@type\":\"SearchAction\",\"target\":{\"@type\":\"EntryPoint\",\"urlTemplate\":\"https:\/\/denizcankizil.tr\/de\/?s={search_term_string}\"},\"query-input\":{\"@type\":\"PropertyValueSpecification\",\"valueRequired\":true,\"valueName\":\"search_term_string\"}}],\"inLanguage\":\"en-GB\"},{\"@type\":\"Organization\",\"@id\":\"https:\/\/denizcankizil.tr\/de\/#organization\",\"name\":\"Av. Deniz Can K\u0131z\u0131l\",\"url\":\"https:\/\/denizcankizil.tr\/de\/\",\"logo\":{\"@type\":\"ImageObject\",\"inLanguage\":\"en-GB\",\"@id\":\"https:\/\/denizcankizil.tr\/de\/#\/schema\/logo\/image\/\",\"url\":\"http:\/\/denizcankizil.tr\/wp-content\/uploads\/2024\/10\/siyah-logo-svg.svg\",\"contentUrl\":\"http:\/\/denizcankizil.tr\/wp-content\/uploads\/2024\/10\/siyah-logo-svg.svg\",\"width\":1080,\"height\":1080,\"caption\":\"Av. Deniz Can K\u0131z\u0131l\"},\"image\":{\"@id\":\"https:\/\/denizcankizil.tr\/de\/#\/schema\/logo\/image\/\"}},{\"@type\":\"Person\",\"@id\":\"https:\/\/denizcankizil.tr\/de\/#\/schema\/person\/5dc1b22991bd7ac833867c10afc9b0ff\",\"name\":\"Av. Deniz Can K\u0131z\u0131l\",\"image\":{\"@type\":\"ImageObject\",\"inLanguage\":\"en-GB\",\"@id\":\"https:\/\/denizcankizil.tr\/de\/#\/schema\/person\/image\/\",\"url\":\"https:\/\/secure.gravatar.com\/avatar\/a0b128fb9855c79efc976d5640eedb31dc35ec297594d6016d2cf7c60e975bb6?s=96&d=mm&r=g\",\"contentUrl\":\"https:\/\/secure.gravatar.com\/avatar\/a0b128fb9855c79efc976d5640eedb31dc35ec297594d6016d2cf7c60e975bb6?s=96&d=mm&r=g\",\"caption\":\"Av. Deniz Can K\u0131z\u0131l\"},\"sameAs\":[\"http:\/\/www.denizcankizil.tr\"],\"url\":\"http:\/\/denizcankizil.tr\/en\/author\/denizcankizil\/\"}]}<\/script>\n<!-- \/ Yoast SEO Premium plugin. -->","yoast_head_json":{"title":"Kre\u015fte akran zorbal\u0131\u011f\u0131 iddias\u0131! - Av. Deniz Can K\u0131z\u0131l","robots":{"index":"index","follow":"follow","max-snippet":"max-snippet:-1","max-image-preview":"max-image-preview:large","max-video-preview":"max-video-preview:-1"},"canonical":"http:\/\/denizcankizil.tr\/en\/haberler\/antalya\/kreste-akran-zorbaligi-iddiasi\/","og_locale":"en_GB","og_type":"article","og_title":"Kre\u015fte akran zorbal\u0131\u011f\u0131 iddias\u0131!","og_description":"Antalya&#8217;n\u0131n Muratpa\u015fa il\u00e7esindeki \u00f6zel bir kre\u015fte, 2 ya\u015f\u0131ndaki bir k\u0131z \u00e7ocu\u011fu, uyku odas\u0131nda ya\u015f\u0131 daha b\u00fcy\u00fck iki \u00e7ocuk taraf\u0131ndan yakla\u015f\u0131k 15 dakika boyunca darbedildi. Olay g\u00fcvenlik kameras\u0131 g\u00f6r\u00fcnt\u00fcleriyle ortaya \u00e7\u0131karken, aile hem kre\u015f y\u00f6netimi hem de olayda sorumlulu\u011fu bulunan personel hakk\u0131nda su\u00e7 duyurusunda bulundu. Adli s\u00fcre\u00e7 ba\u015flat\u0131ld\u0131. &#8220;K\u0131z\u0131m\u0131 sa\u011fl\u0131kl\u0131 b\u0131rakt\u0131m&#8221; Anne Buse Alt\u0131parmak, olay g\u00fcn\u00fc sabah saat 08.30 sular\u0131nda k\u0131z\u0131n\u0131 kre\u015fe b\u0131rakt\u0131\u011f\u0131n\u0131, g\u00fcn i\u00e7inde saat 13.55\u2019te kre\u015ften arand\u0131\u011f\u0131n\u0131 belirtti. K\u0131z\u0131n\u0131n ba\u015fka bir \u00e7ocuk taraf\u0131ndan \u0131s\u0131r\u0131ld\u0131\u011f\u0131n\u0131n s\u00f6ylendi\u011fini aktaran Alt\u0131parmak, ayn\u0131 hafta i\u00e7inde ikinci kez benzer bir olay ya\u015fanmas\u0131 \u00fczerine endi\u015felendi\u011fini s\u00f6yledi. Alt\u0131parmak, &#8220;O g\u00fcn her zamanki gibi k\u0131z\u0131m\u0131 karde\u015fiyle birlikte haz\u0131rlay\u0131p kre\u015fe b\u0131rakt\u0131m. Sa\u011fl\u0131kl\u0131, ne\u015feli bir \u015fekildeydi. \u00d6\u011fle saatlerinde kre\u015f aray\u0131p sadece \u2018\u0131s\u0131r\u0131ld\u0131\u2019 dediklerinde ilk ba\u015fta ciddi bir \u015fey d\u00fc\u015f\u00fcnmedim ama ayn\u0131 hafta ikinci kez oldu\u011fu i\u00e7in endi\u015felendim. Foto\u011fraf istedim ama &#8216;karanl\u0131k ortamda uyuyor&#8217; denilip g\u00f6nderilmedi. \u0130\u015f yerinden izin almaya \u00e7al\u0131\u015f\u0131rken ikinci kez arand\u0131m, bu kez &#8216;\u0131s\u0131ran \u00e7ocu\u011fun okuldan al\u0131nd\u0131\u011f\u0131&#8217; s\u00f6ylendi. O anda iyice pani\u011fe kap\u0131ld\u0131m&#8221; \u015feklinde konu\u015ftu. &#8220;Konuyu ge\u00e7i\u015ftirmeye \u00e7al\u0131\u015ft\u0131lar&#8221; Kre\u015fe vard\u0131\u011f\u0131nda k\u0131z\u0131n\u0131n h\u00e2l\u00e2 uyuyor oldu\u011funu \u00f6\u011frenen Alt\u0131parmak, k\u0131z\u0131n\u0131 uyand\u0131rmadan \u00f6nce \u00f6\u011fretmenlerden bilgi almaya \u00e7al\u0131\u015ft\u0131. Ancak anlat\u0131lanlar\u0131n olay\u0131n a\u011f\u0131rl\u0131\u011f\u0131yla \u00f6rt\u00fc\u015fmedi\u011fini vurgulayarak, \u015f\u00f6yle devam etti: &#8220;Yemekhanede bayramla\u015fma s\u0131ras\u0131nda sar\u0131lmak isterken \u0131s\u0131rd\u0131\u011f\u0131 gibi senaryolar anlatt\u0131lar. Kamera yokmu\u015f orada. Bana \u00e7ocu\u011fun \u2018d\u00fcrt\u00fcsel\u2019 oldu\u011funu, &hellip;","og_url":"http:\/\/denizcankizil.tr\/en\/haberler\/antalya\/kreste-akran-zorbaligi-iddiasi\/","og_site_name":"Av. Deniz Can K\u0131z\u0131l","article_published_time":"2025-04-05T13:41:16+00:00","author":"Av. Deniz Can K\u0131z\u0131l","twitter_card":"summary_large_image","twitter_misc":{"Written by":"Av. Deniz Can K\u0131z\u0131l","Estimated reading time":"6 minutes"},"schema":{"@context":"https:\/\/schema.org","@graph":[{"@type":"Article","@id":"http:\/\/denizcankizil.tr\/en\/haberler\/antalya\/kreste-akran-zorbaligi-iddiasi\/#article","isPartOf":{"@id":"http:\/\/denizcankizil.tr\/en\/haberler\/antalya\/kreste-akran-zorbaligi-iddiasi\/"},"author":{"name":"Av. Deniz Can K\u0131z\u0131l","@id":"https:\/\/denizcankizil.tr\/de\/#\/schema\/person\/5dc1b22991bd7ac833867c10afc9b0ff"},"headline":"Kre\u015fte akran zorbal\u0131\u011f\u0131 iddias\u0131!","datePublished":"2025-04-05T13:41:16+00:00","mainEntityOfPage":{"@id":"http:\/\/denizcankizil.tr\/en\/haberler\/antalya\/kreste-akran-zorbaligi-iddiasi\/"},"wordCount":1265,"publisher":{"@id":"https:\/\/denizcankizil.tr\/de\/#organization"},"articleSection":["Antalya"],"inLanguage":"en-GB"},{"@type":"WebPage","@id":"http:\/\/denizcankizil.tr\/en\/haberler\/antalya\/kreste-akran-zorbaligi-iddiasi\/","url":"http:\/\/denizcankizil.tr\/en\/haberler\/antalya\/kreste-akran-zorbaligi-iddiasi\/","name":"Kre\u015fte akran zorbal\u0131\u011f\u0131 iddias\u0131! - Av. Deniz Can K\u0131z\u0131l","isPartOf":{"@id":"https:\/\/denizcankizil.tr\/de\/#website"},"datePublished":"2025-04-05T13:41:16+00:00","breadcrumb":{"@id":"http:\/\/denizcankizil.tr\/en\/haberler\/antalya\/kreste-akran-zorbaligi-iddiasi\/#breadcrumb"},"inLanguage":"en-GB","potentialAction":[{"@type":"ReadAction","target":["http:\/\/denizcankizil.tr\/en\/haberler\/antalya\/kreste-akran-zorbaligi-iddiasi\/"]}]},{"@type":"BreadcrumbList","@id":"http:\/\/denizcankizil.tr\/en\/haberler\/antalya\/kreste-akran-zorbaligi-iddiasi\/#breadcrumb","itemListElement":[{"@type":"ListItem","position":1,"name":"Home","item":"https:\/\/denizcankizil.tr\/de\/"},{"@type":"ListItem","position":2,"name":"Kre\u015fte akran zorbal\u0131\u011f\u0131 iddias\u0131!"}]},{"@type":"WebSite","@id":"https:\/\/denizcankizil.tr\/de\/#website","url":"https:\/\/denizcankizil.tr\/de\/","name":"Av. Deniz Can K\u0131z\u0131l","description":"Avukat Deniz Can K\u0131z\u0131l Antalya Barosu","publisher":{"@id":"https:\/\/denizcankizil.tr\/de\/#organization"},"potentialAction":[{"@type":"SearchAction","target":{"@type":"EntryPoint","urlTemplate":"https:\/\/denizcankizil.tr\/de\/?s={search_term_string}"},"query-input":{"@type":"PropertyValueSpecification","valueRequired":true,"valueName":"search_term_string"}}],"inLanguage":"en-GB"},{"@type":"Organization","@id":"https:\/\/denizcankizil.tr\/de\/#organization","name":"Av. Deniz Can K\u0131z\u0131l","url":"https:\/\/denizcankizil.tr\/de\/","logo":{"@type":"ImageObject","inLanguage":"en-GB","@id":"https:\/\/denizcankizil.tr\/de\/#\/schema\/logo\/image\/","url":"http:\/\/denizcankizil.tr\/wp-content\/uploads\/2024\/10\/siyah-logo-svg.svg","contentUrl":"http:\/\/denizcankizil.tr\/wp-content\/uploads\/2024\/10\/siyah-logo-svg.svg","width":1080,"height":1080,"caption":"Av. Deniz Can K\u0131z\u0131l"},"image":{"@id":"https:\/\/denizcankizil.tr\/de\/#\/schema\/logo\/image\/"}},{"@type":"Person","@id":"https:\/\/denizcankizil.tr\/de\/#\/schema\/person\/5dc1b22991bd7ac833867c10afc9b0ff","name":"Av. Deniz Can K\u0131z\u0131l","image":{"@type":"ImageObject","inLanguage":"en-GB","@id":"https:\/\/denizcankizil.tr\/de\/#\/schema\/person\/image\/","url":"https:\/\/secure.gravatar.com\/avatar\/a0b128fb9855c79efc976d5640eedb31dc35ec297594d6016d2cf7c60e975bb6?s=96&d=mm&r=g","contentUrl":"https:\/\/secure.gravatar.com\/avatar\/a0b128fb9855c79efc976d5640eedb31dc35ec297594d6016d2cf7c60e975bb6?s=96&d=mm&r=g","caption":"Av. Deniz Can K\u0131z\u0131l"},"sameAs":["http:\/\/www.denizcankizil.tr"],"url":"http:\/\/denizcankizil.tr\/en\/author\/denizcankizil\/"}]}},"_links":{"self":[{"href":"http:\/\/denizcankizil.tr\/en\/wp-json\/wp\/v2\/posts\/46396","targetHints":{"allow":["GET"]}}],"collection":[{"href":"http:\/\/denizcankizil.tr\/en\/wp-json\/wp\/v2\/posts"}],"about":[{"href":"http:\/\/denizcankizil.tr\/en\/wp-json\/wp\/v2\/types\/post"}],"author":[{"embeddable":true,"href":"http:\/\/denizcankizil.tr\/en\/wp-json\/wp\/v2\/users\/4"}],"replies":[{"embeddable":true,"href":"http:\/\/denizcankizil.tr\/en\/wp-json\/wp\/v2\/comments?post=46396"}],"version-history":[{"count":0,"href":"http:\/\/denizcankizil.tr\/en\/wp-json\/wp\/v2\/posts\/46396\/revisions"}],"wp:attachment":[{"href":"http:\/\/denizcankizil.tr\/en\/wp-json\/wp\/v2\/media?parent=46396"}],"wp:term":[{"taxonomy":"category","embeddable":true,"href":"http:\/\/denizcankizil.tr\/en\/wp-json\/wp\/v2\/categories?post=46396"},{"taxonomy":"post_tag","embeddable":true,"href":"http:\/\/denizcankizil.tr\/en\/wp-json\/wp\/v2\/tags?post=46396"}],"curies":[{"name":"wp","href":"https:\/\/api.w.org\/{rel}","templated":true}]}}