{"id":45696,"date":"2025-04-04T22:41:14","date_gmt":"2025-04-04T19:41:14","guid":{"rendered":"https:\/\/denizcankizil.tr\/uncategorized-tr\/egitim-senden-tutuklu-ogrenciler-icin-sinav-hakki-cagrisi\/"},"modified":"2025-04-04T22:41:14","modified_gmt":"2025-04-04T19:41:14","slug":"egitim-senden-tutuklu-ogrenciler-icin-sinav-hakki-cagrisi","status":"publish","type":"post","link":"http:\/\/denizcankizil.tr\/en\/haberler\/gundem\/egitim-senden-tutuklu-ogrenciler-icin-sinav-hakki-cagrisi\/","title":{"rendered":"E\u011fitim-Sen&#8217;den tutuklu \u00f6\u011frenciler i\u00e7in s\u0131nav hakk\u0131 \u00e7a\u011fr\u0131s\u0131"},"content":{"rendered":"<p>E\u011fitim ve Bilim Emek\u00e7ileri sendikas\u0131 (E\u011e\u0130T\u0130M SEN) Genel Ba\u015fkan\u0131 Kemal Irmak sosyal medya hesab\u0131ndan yapt\u0131\u011f\u0131 a\u00e7\u0131klama ile tutuklu ve ev hapsinde olan \u00f6\u011frencilere s\u0131nav hakk\u0131n\u0131n tan\u0131nmas\u0131n\u0131 istedi.<\/p>\n<p>Ba\u015fkan Irmak a\u00e7\u0131klamas\u0131nda \u015fu ifadelere yer verdi:<\/p>\n<p>&#8220;E\u011fitim \u00f6\u011fretim anayasal bir hakt\u0131r. Anayasal protesto haklar\u0131n\u0131 kulland\u0131klar\u0131 i\u00e7in y\u00fczlerce e\u011fitim \u00e7a\u011f\u0131ndaki \u00f6\u011frenci haks\u0131z ve hukuksuz bir \u015fekilde hapis tutuluyor. Tutuklu ve ev hapsinde tutulan t\u00fcm \u00f6\u011frencilere s\u0131nav hakk\u0131 tan\u0131nmal\u0131d\u0131r.&#8221;<\/p>\n<p>NE OLMU\u015eTU?<\/p>\n<p>\u0130stanbul B\u00fcy\u00fck\u015fehir Belediyesi Ba\u015fkan\u0131 Ekrem \u0130mamo\u011flu \u0130BB&#8217;ye y\u00f6nelik soru\u015fturma kapsam\u0131nda 19 Mart sabah\u0131 evine d\u00fczenlenen \u015fafak operasyonu ile g\u00f6zalt\u0131na al\u0131nd\u0131. \u0130mamo\u011flu&#8217;nun g\u00f6zalt\u0131na al\u0131nmas\u0131yla \u00fclke genelinde b\u00fcy\u00fck \u00e7apl\u0131 protesto g\u00f6sterileri d\u00fczenlendi. Protestolar \u00f6\u011frenci kamp\u00fcslerinde de s\u0131\u00e7rad\u0131. Bir\u00e7ok ilde \u00f6\u011frenciler eylemlere destek g\u00f6sterdi. D\u00fczenlenen protestolarda \u00f6\u011frenciler \u00e7ok defa polis m\u00fcdahalesiyle kar\u015f\u0131 kar\u015f\u0131ya kald\u0131. Bir\u00e7ok \u00f6\u011frenci d\u00fczenlenen protestolarda g\u00f6zalt\u0131na al\u0131narak tutukland\u0131.<\/p>\n<p>\u200bE\u011fitim-Sen Genel Ba\u015fkan\u0131 Kemal Irmak, Ekrem \u0130mamo\u011flu&#8217;nun tutuklanmas\u0131n\u0131n ard\u0131ndan ba\u015flayan protestolarda g\u00f6zalt\u0131na al\u0131narak tutuklanan ya da ev hapsinde tutulan \u00f6\u011frencilere s\u0131nav hakk\u0131 tan\u0131nmas\u0131 gerekti\u011fini vurgulad\u0131.\u00a0<\/p>\n<p>\u200bHaberin Al\u0131nt\u0131land\u0131\u011f\u0131 Kaynak: www.antalyakorfez.com<\/p>","protected":false},"excerpt":{"rendered":"<p>E\u011fitim ve Bilim Emek\u00e7ileri sendikas\u0131 (E\u011e\u0130T\u0130M SEN) Genel Ba\u015fkan\u0131 Kemal Irmak sosyal medya hesab\u0131ndan yapt\u0131\u011f\u0131 a\u00e7\u0131klama ile tutuklu ve ev hapsinde olan \u00f6\u011frencilere s\u0131nav hakk\u0131n\u0131n tan\u0131nmas\u0131n\u0131 istedi. Ba\u015fkan Irmak a\u00e7\u0131klamas\u0131nda \u015fu ifadelere yer verdi: &#8220;E\u011fitim \u00f6\u011fretim anayasal bir hakt\u0131r. Anayasal protesto haklar\u0131n\u0131 kulland\u0131klar\u0131 i\u00e7in y\u00fczlerce e\u011fitim \u00e7a\u011f\u0131ndaki \u00f6\u011frenci haks\u0131z ve hukuksuz bir \u015fekilde hapis tutuluyor. Tutuklu ve ev hapsinde tutulan t\u00fcm \u00f6\u011frencilere s\u0131nav hakk\u0131 tan\u0131nmal\u0131d\u0131r.&#8221; NE OLMU\u015eTU? \u0130stanbul B\u00fcy\u00fck\u015fehir Belediyesi Ba\u015fkan\u0131 Ekrem \u0130mamo\u011flu \u0130BB&#8217;ye y\u00f6nelik soru\u015fturma kapsam\u0131nda 19 Mart sabah\u0131 evine d\u00fczenlenen \u015fafak operasyonu ile g\u00f6zalt\u0131na al\u0131nd\u0131. \u0130mamo\u011flu&#8217;nun g\u00f6zalt\u0131na al\u0131nmas\u0131yla \u00fclke genelinde b\u00fcy\u00fck \u00e7apl\u0131 protesto g\u00f6sterileri d\u00fczenlendi. Protestolar \u00f6\u011frenci kamp\u00fcslerinde de s\u0131\u00e7rad\u0131. Bir\u00e7ok ilde \u00f6\u011frenciler eylemlere destek g\u00f6sterdi. D\u00fczenlenen protestolarda \u00f6\u011frenciler \u00e7ok defa polis m\u00fcdahalesiyle kar\u015f\u0131 kar\u015f\u0131ya kald\u0131. Bir\u00e7ok \u00f6\u011frenci d\u00fczenlenen protestolarda g\u00f6zalt\u0131na al\u0131narak tutukland\u0131. \u200bE\u011fitim-Sen Genel Ba\u015fkan\u0131 Kemal Irmak, Ekrem \u0130mamo\u011flu&#8217;nun tutuklanmas\u0131n\u0131n ard\u0131ndan ba\u015flayan protestolarda g\u00f6zalt\u0131na al\u0131narak tutuklanan ya da ev hapsinde tutulan \u00f6\u011frencilere s\u0131nav hakk\u0131 tan\u0131nmas\u0131 gerekti\u011fini vurgulad\u0131.\u00a0 \u200bHaberin Al\u0131nt\u0131land\u0131\u011f\u0131 Kaynak: www.antalyakorfez.com<\/p>","protected":false},"author":5,"featured_media":0,"comment_status":"","ping_status":"open","sticky":false,"template":"","format":"standard","meta":{"_acf_changed":false,"footnotes":""},"categories":[24],"tags":[],"class_list":["post-45696","post","type-post","status-publish","format-standard","has-post-thumbnail","hentry","category-gundem"],"acf":[],"yoast_head":"<!-- This site is optimized with the Yoast SEO Premium plugin v26.6 (Yoast SEO v27.1.1) - https:\/\/yoast.com\/product\/yoast-seo-premium-wordpress\/ -->\n<title>E\u011fitim-Sen&#039;den tutuklu \u00f6\u011frenciler i\u00e7in s\u0131nav hakk\u0131 \u00e7a\u011fr\u0131s\u0131 - Av. Deniz Can K\u0131z\u0131l<\/title>\n<meta name=\"robots\" content=\"index, follow, max-snippet:-1, max-image-preview:large, max-video-preview:-1\" \/>\n<link rel=\"canonical\" href=\"http:\/\/denizcankizil.tr\/en\/haberler\/gundem\/egitim-senden-tutuklu-ogrenciler-icin-sinav-hakki-cagrisi\/\" \/>\n<meta property=\"og:locale\" content=\"en_GB\" \/>\n<meta property=\"og:type\" content=\"article\" \/>\n<meta property=\"og:title\" content=\"E\u011fitim-Sen&#039;den tutuklu \u00f6\u011frenciler i\u00e7in s\u0131nav hakk\u0131 \u00e7a\u011fr\u0131s\u0131\" \/>\n<meta property=\"og:description\" content=\"E\u011fitim ve Bilim Emek\u00e7ileri sendikas\u0131 (E\u011e\u0130T\u0130M SEN) Genel Ba\u015fkan\u0131 Kemal Irmak sosyal medya hesab\u0131ndan yapt\u0131\u011f\u0131 a\u00e7\u0131klama ile tutuklu ve ev hapsinde olan \u00f6\u011frencilere s\u0131nav hakk\u0131n\u0131n tan\u0131nmas\u0131n\u0131 istedi. Ba\u015fkan Irmak a\u00e7\u0131klamas\u0131nda \u015fu ifadelere yer verdi: &#8220;E\u011fitim \u00f6\u011fretim anayasal bir hakt\u0131r. Anayasal protesto haklar\u0131n\u0131 kulland\u0131klar\u0131 i\u00e7in y\u00fczlerce e\u011fitim \u00e7a\u011f\u0131ndaki \u00f6\u011frenci haks\u0131z ve hukuksuz bir \u015fekilde hapis tutuluyor. Tutuklu ve ev hapsinde tutulan t\u00fcm \u00f6\u011frencilere s\u0131nav hakk\u0131 tan\u0131nmal\u0131d\u0131r.&#8221; NE OLMU\u015eTU? \u0130stanbul B\u00fcy\u00fck\u015fehir Belediyesi Ba\u015fkan\u0131 Ekrem \u0130mamo\u011flu \u0130BB&#8217;ye y\u00f6nelik soru\u015fturma kapsam\u0131nda 19 Mart sabah\u0131 evine d\u00fczenlenen \u015fafak operasyonu ile g\u00f6zalt\u0131na al\u0131nd\u0131. \u0130mamo\u011flu&#8217;nun g\u00f6zalt\u0131na al\u0131nmas\u0131yla \u00fclke genelinde b\u00fcy\u00fck \u00e7apl\u0131 protesto g\u00f6sterileri d\u00fczenlendi. Protestolar \u00f6\u011frenci kamp\u00fcslerinde de s\u0131\u00e7rad\u0131. Bir\u00e7ok ilde \u00f6\u011frenciler eylemlere destek g\u00f6sterdi. D\u00fczenlenen protestolarda \u00f6\u011frenciler \u00e7ok defa polis m\u00fcdahalesiyle kar\u015f\u0131 kar\u015f\u0131ya kald\u0131. Bir\u00e7ok \u00f6\u011frenci d\u00fczenlenen protestolarda g\u00f6zalt\u0131na al\u0131narak tutukland\u0131. \u200bE\u011fitim-Sen Genel Ba\u015fkan\u0131 Kemal Irmak, Ekrem \u0130mamo\u011flu&#8217;nun tutuklanmas\u0131n\u0131n ard\u0131ndan ba\u015flayan protestolarda g\u00f6zalt\u0131na al\u0131narak tutuklanan ya da ev hapsinde tutulan \u00f6\u011frencilere s\u0131nav hakk\u0131 tan\u0131nmas\u0131 gerekti\u011fini vurgulad\u0131.\u00a0 \u200bHaberin Al\u0131nt\u0131land\u0131\u011f\u0131 Kaynak: www.antalyakorfez.com\" \/>\n<meta property=\"og:url\" content=\"http:\/\/denizcankizil.tr\/en\/haberler\/gundem\/egitim-senden-tutuklu-ogrenciler-icin-sinav-hakki-cagrisi\/\" \/>\n<meta property=\"og:site_name\" content=\"Av. Deniz Can K\u0131z\u0131l\" \/>\n<meta property=\"article:published_time\" content=\"2025-04-04T19:41:14+00:00\" \/>\n<meta name=\"author\" content=\"Antalya K\u00f6rfez\" \/>\n<meta name=\"twitter:card\" content=\"summary_large_image\" \/>\n<meta name=\"twitter:label1\" content=\"Written by\" \/>\n\t<meta name=\"twitter:data1\" content=\"Antalya K\u00f6rfez\" \/>\n\t<meta name=\"twitter:label2\" content=\"Estimated reading time\" \/>\n\t<meta name=\"twitter:data2\" content=\"1 minute\" \/>\n<script type=\"application\/ld+json\" class=\"yoast-schema-graph\">{\"@context\":\"https:\/\/schema.org\",\"@graph\":[{\"@type\":\"Article\",\"@id\":\"http:\/\/denizcankizil.tr\/en\/haberler\/gundem\/egitim-senden-tutuklu-ogrenciler-icin-sinav-hakki-cagrisi\/#article\",\"isPartOf\":{\"@id\":\"http:\/\/denizcankizil.tr\/en\/haberler\/gundem\/egitim-senden-tutuklu-ogrenciler-icin-sinav-hakki-cagrisi\/\"},\"author\":{\"name\":\"Antalya K\u00f6rfez\",\"@id\":\"https:\/\/denizcankizil.tr\/de\/#\/schema\/person\/e1eb71bb4dd684d46563f0af307e1234\"},\"headline\":\"E\u011fitim-Sen&#8217;den tutuklu \u00f6\u011frenciler i\u00e7in s\u0131nav hakk\u0131 \u00e7a\u011fr\u0131s\u0131\",\"datePublished\":\"2025-04-04T19:41:14+00:00\",\"mainEntityOfPage\":{\"@id\":\"http:\/\/denizcankizil.tr\/en\/haberler\/gundem\/egitim-senden-tutuklu-ogrenciler-icin-sinav-hakki-cagrisi\/\"},\"wordCount\":249,\"publisher\":{\"@id\":\"https:\/\/denizcankizil.tr\/de\/#organization\"},\"articleSection\":[\"G\u00fcndem\"],\"inLanguage\":\"en-GB\"},{\"@type\":\"WebPage\",\"@id\":\"http:\/\/denizcankizil.tr\/en\/haberler\/gundem\/egitim-senden-tutuklu-ogrenciler-icin-sinav-hakki-cagrisi\/\",\"url\":\"http:\/\/denizcankizil.tr\/en\/haberler\/gundem\/egitim-senden-tutuklu-ogrenciler-icin-sinav-hakki-cagrisi\/\",\"name\":\"E\u011fitim-Sen'den tutuklu \u00f6\u011frenciler i\u00e7in s\u0131nav hakk\u0131 \u00e7a\u011fr\u0131s\u0131 - Av. Deniz Can K\u0131z\u0131l\",\"isPartOf\":{\"@id\":\"https:\/\/denizcankizil.tr\/de\/#website\"},\"datePublished\":\"2025-04-04T19:41:14+00:00\",\"breadcrumb\":{\"@id\":\"http:\/\/denizcankizil.tr\/en\/haberler\/gundem\/egitim-senden-tutuklu-ogrenciler-icin-sinav-hakki-cagrisi\/#breadcrumb\"},\"inLanguage\":\"en-GB\",\"potentialAction\":[{\"@type\":\"ReadAction\",\"target\":[\"http:\/\/denizcankizil.tr\/en\/haberler\/gundem\/egitim-senden-tutuklu-ogrenciler-icin-sinav-hakki-cagrisi\/\"]}]},{\"@type\":\"BreadcrumbList\",\"@id\":\"http:\/\/denizcankizil.tr\/en\/haberler\/gundem\/egitim-senden-tutuklu-ogrenciler-icin-sinav-hakki-cagrisi\/#breadcrumb\",\"itemListElement\":[{\"@type\":\"ListItem\",\"position\":1,\"name\":\"Home\",\"item\":\"https:\/\/denizcankizil.tr\/de\/\"},{\"@type\":\"ListItem\",\"position\":2,\"name\":\"E\u011fitim-Sen&#8217;den tutuklu \u00f6\u011frenciler i\u00e7in s\u0131nav hakk\u0131 \u00e7a\u011fr\u0131s\u0131\"}]},{\"@type\":\"WebSite\",\"@id\":\"https:\/\/denizcankizil.tr\/de\/#website\",\"url\":\"https:\/\/denizcankizil.tr\/de\/\",\"name\":\"Av. Deniz Can K\u0131z\u0131l\",\"description\":\"Avukat Deniz Can K\u0131z\u0131l Antalya Barosu\",\"publisher\":{\"@id\":\"https:\/\/denizcankizil.tr\/de\/#organization\"},\"potentialAction\":[{\"@type\":\"SearchAction\",\"target\":{\"@type\":\"EntryPoint\",\"urlTemplate\":\"https:\/\/denizcankizil.tr\/de\/?s={search_term_string}\"},\"query-input\":{\"@type\":\"PropertyValueSpecification\",\"valueRequired\":true,\"valueName\":\"search_term_string\"}}],\"inLanguage\":\"en-GB\"},{\"@type\":\"Organization\",\"@id\":\"https:\/\/denizcankizil.tr\/de\/#organization\",\"name\":\"Av. Deniz Can K\u0131z\u0131l\",\"url\":\"https:\/\/denizcankizil.tr\/de\/\",\"logo\":{\"@type\":\"ImageObject\",\"inLanguage\":\"en-GB\",\"@id\":\"https:\/\/denizcankizil.tr\/de\/#\/schema\/logo\/image\/\",\"url\":\"http:\/\/denizcankizil.tr\/wp-content\/uploads\/2024\/10\/siyah-logo-svg.svg\",\"contentUrl\":\"http:\/\/denizcankizil.tr\/wp-content\/uploads\/2024\/10\/siyah-logo-svg.svg\",\"width\":1080,\"height\":1080,\"caption\":\"Av. Deniz Can K\u0131z\u0131l\"},\"image\":{\"@id\":\"https:\/\/denizcankizil.tr\/de\/#\/schema\/logo\/image\/\"}},{\"@type\":\"Person\",\"@id\":\"https:\/\/denizcankizil.tr\/de\/#\/schema\/person\/e1eb71bb4dd684d46563f0af307e1234\",\"name\":\"Antalya K\u00f6rfez\",\"image\":{\"@type\":\"ImageObject\",\"inLanguage\":\"en-GB\",\"@id\":\"https:\/\/denizcankizil.tr\/de\/#\/schema\/person\/image\/\",\"url\":\"https:\/\/secure.gravatar.com\/avatar\/42b01982558a48a0b501fdcab6a408d3717ea5919095ee2e67b0e521799c5905?s=96&d=mm&r=g\",\"contentUrl\":\"https:\/\/secure.gravatar.com\/avatar\/42b01982558a48a0b501fdcab6a408d3717ea5919095ee2e67b0e521799c5905?s=96&d=mm&r=g\",\"caption\":\"Antalya K\u00f6rfez\"},\"sameAs\":[\"http:\/\/www.antalyakorfez.com\"],\"url\":\"https:\/\/www.antalyakorfez.com\/egitim-senden-tutuklu-ogrenciler-icin-sinav-hakki-cagrisi\"}]}<\/script>\n<!-- \/ Yoast SEO Premium plugin. -->","yoast_head_json":{"title":"E\u011fitim-Sen'den tutuklu \u00f6\u011frenciler i\u00e7in s\u0131nav hakk\u0131 \u00e7a\u011fr\u0131s\u0131 - Av. Deniz Can K\u0131z\u0131l","robots":{"index":"index","follow":"follow","max-snippet":"max-snippet:-1","max-image-preview":"max-image-preview:large","max-video-preview":"max-video-preview:-1"},"canonical":"http:\/\/denizcankizil.tr\/en\/haberler\/gundem\/egitim-senden-tutuklu-ogrenciler-icin-sinav-hakki-cagrisi\/","og_locale":"en_GB","og_type":"article","og_title":"E\u011fitim-Sen'den tutuklu \u00f6\u011frenciler i\u00e7in s\u0131nav hakk\u0131 \u00e7a\u011fr\u0131s\u0131","og_description":"E\u011fitim ve Bilim Emek\u00e7ileri sendikas\u0131 (E\u011e\u0130T\u0130M SEN) Genel Ba\u015fkan\u0131 Kemal Irmak sosyal medya hesab\u0131ndan yapt\u0131\u011f\u0131 a\u00e7\u0131klama ile tutuklu ve ev hapsinde olan \u00f6\u011frencilere s\u0131nav hakk\u0131n\u0131n tan\u0131nmas\u0131n\u0131 istedi. Ba\u015fkan Irmak a\u00e7\u0131klamas\u0131nda \u015fu ifadelere yer verdi: &#8220;E\u011fitim \u00f6\u011fretim anayasal bir hakt\u0131r. Anayasal protesto haklar\u0131n\u0131 kulland\u0131klar\u0131 i\u00e7in y\u00fczlerce e\u011fitim \u00e7a\u011f\u0131ndaki \u00f6\u011frenci haks\u0131z ve hukuksuz bir \u015fekilde hapis tutuluyor. Tutuklu ve ev hapsinde tutulan t\u00fcm \u00f6\u011frencilere s\u0131nav hakk\u0131 tan\u0131nmal\u0131d\u0131r.&#8221; NE OLMU\u015eTU? \u0130stanbul B\u00fcy\u00fck\u015fehir Belediyesi Ba\u015fkan\u0131 Ekrem \u0130mamo\u011flu \u0130BB&#8217;ye y\u00f6nelik soru\u015fturma kapsam\u0131nda 19 Mart sabah\u0131 evine d\u00fczenlenen \u015fafak operasyonu ile g\u00f6zalt\u0131na al\u0131nd\u0131. \u0130mamo\u011flu&#8217;nun g\u00f6zalt\u0131na al\u0131nmas\u0131yla \u00fclke genelinde b\u00fcy\u00fck \u00e7apl\u0131 protesto g\u00f6sterileri d\u00fczenlendi. Protestolar \u00f6\u011frenci kamp\u00fcslerinde de s\u0131\u00e7rad\u0131. Bir\u00e7ok ilde \u00f6\u011frenciler eylemlere destek g\u00f6sterdi. D\u00fczenlenen protestolarda \u00f6\u011frenciler \u00e7ok defa polis m\u00fcdahalesiyle kar\u015f\u0131 kar\u015f\u0131ya kald\u0131. Bir\u00e7ok \u00f6\u011frenci d\u00fczenlenen protestolarda g\u00f6zalt\u0131na al\u0131narak tutukland\u0131. \u200bE\u011fitim-Sen Genel Ba\u015fkan\u0131 Kemal Irmak, Ekrem \u0130mamo\u011flu&#8217;nun tutuklanmas\u0131n\u0131n ard\u0131ndan ba\u015flayan protestolarda g\u00f6zalt\u0131na al\u0131narak tutuklanan ya da ev hapsinde tutulan \u00f6\u011frencilere s\u0131nav hakk\u0131 tan\u0131nmas\u0131 gerekti\u011fini vurgulad\u0131.\u00a0 \u200bHaberin Al\u0131nt\u0131land\u0131\u011f\u0131 Kaynak: www.antalyakorfez.com","og_url":"http:\/\/denizcankizil.tr\/en\/haberler\/gundem\/egitim-senden-tutuklu-ogrenciler-icin-sinav-hakki-cagrisi\/","og_site_name":"Av. Deniz Can K\u0131z\u0131l","article_published_time":"2025-04-04T19:41:14+00:00","author":"Antalya K\u00f6rfez","twitter_card":"summary_large_image","twitter_misc":{"Written by":"Antalya K\u00f6rfez","Estimated reading time":"1 minute"},"schema":{"@context":"https:\/\/schema.org","@graph":[{"@type":"Article","@id":"http:\/\/denizcankizil.tr\/en\/haberler\/gundem\/egitim-senden-tutuklu-ogrenciler-icin-sinav-hakki-cagrisi\/#article","isPartOf":{"@id":"http:\/\/denizcankizil.tr\/en\/haberler\/gundem\/egitim-senden-tutuklu-ogrenciler-icin-sinav-hakki-cagrisi\/"},"author":{"name":"Antalya K\u00f6rfez","@id":"https:\/\/denizcankizil.tr\/de\/#\/schema\/person\/e1eb71bb4dd684d46563f0af307e1234"},"headline":"E\u011fitim-Sen&#8217;den tutuklu \u00f6\u011frenciler i\u00e7in s\u0131nav hakk\u0131 \u00e7a\u011fr\u0131s\u0131","datePublished":"2025-04-04T19:41:14+00:00","mainEntityOfPage":{"@id":"http:\/\/denizcankizil.tr\/en\/haberler\/gundem\/egitim-senden-tutuklu-ogrenciler-icin-sinav-hakki-cagrisi\/"},"wordCount":249,"publisher":{"@id":"https:\/\/denizcankizil.tr\/de\/#organization"},"articleSection":["G\u00fcndem"],"inLanguage":"en-GB"},{"@type":"WebPage","@id":"http:\/\/denizcankizil.tr\/en\/haberler\/gundem\/egitim-senden-tutuklu-ogrenciler-icin-sinav-hakki-cagrisi\/","url":"http:\/\/denizcankizil.tr\/en\/haberler\/gundem\/egitim-senden-tutuklu-ogrenciler-icin-sinav-hakki-cagrisi\/","name":"E\u011fitim-Sen'den tutuklu \u00f6\u011frenciler i\u00e7in s\u0131nav hakk\u0131 \u00e7a\u011fr\u0131s\u0131 - Av. Deniz Can K\u0131z\u0131l","isPartOf":{"@id":"https:\/\/denizcankizil.tr\/de\/#website"},"datePublished":"2025-04-04T19:41:14+00:00","breadcrumb":{"@id":"http:\/\/denizcankizil.tr\/en\/haberler\/gundem\/egitim-senden-tutuklu-ogrenciler-icin-sinav-hakki-cagrisi\/#breadcrumb"},"inLanguage":"en-GB","potentialAction":[{"@type":"ReadAction","target":["http:\/\/denizcankizil.tr\/en\/haberler\/gundem\/egitim-senden-tutuklu-ogrenciler-icin-sinav-hakki-cagrisi\/"]}]},{"@type":"BreadcrumbList","@id":"http:\/\/denizcankizil.tr\/en\/haberler\/gundem\/egitim-senden-tutuklu-ogrenciler-icin-sinav-hakki-cagrisi\/#breadcrumb","itemListElement":[{"@type":"ListItem","position":1,"name":"Home","item":"https:\/\/denizcankizil.tr\/de\/"},{"@type":"ListItem","position":2,"name":"E\u011fitim-Sen&#8217;den tutuklu \u00f6\u011frenciler i\u00e7in s\u0131nav hakk\u0131 \u00e7a\u011fr\u0131s\u0131"}]},{"@type":"WebSite","@id":"https:\/\/denizcankizil.tr\/de\/#website","url":"https:\/\/denizcankizil.tr\/de\/","name":"Av. Deniz Can K\u0131z\u0131l","description":"Avukat Deniz Can K\u0131z\u0131l Antalya Barosu","publisher":{"@id":"https:\/\/denizcankizil.tr\/de\/#organization"},"potentialAction":[{"@type":"SearchAction","target":{"@type":"EntryPoint","urlTemplate":"https:\/\/denizcankizil.tr\/de\/?s={search_term_string}"},"query-input":{"@type":"PropertyValueSpecification","valueRequired":true,"valueName":"search_term_string"}}],"inLanguage":"en-GB"},{"@type":"Organization","@id":"https:\/\/denizcankizil.tr\/de\/#organization","name":"Av. Deniz Can K\u0131z\u0131l","url":"https:\/\/denizcankizil.tr\/de\/","logo":{"@type":"ImageObject","inLanguage":"en-GB","@id":"https:\/\/denizcankizil.tr\/de\/#\/schema\/logo\/image\/","url":"http:\/\/denizcankizil.tr\/wp-content\/uploads\/2024\/10\/siyah-logo-svg.svg","contentUrl":"http:\/\/denizcankizil.tr\/wp-content\/uploads\/2024\/10\/siyah-logo-svg.svg","width":1080,"height":1080,"caption":"Av. Deniz Can K\u0131z\u0131l"},"image":{"@id":"https:\/\/denizcankizil.tr\/de\/#\/schema\/logo\/image\/"}},{"@type":"Person","@id":"https:\/\/denizcankizil.tr\/de\/#\/schema\/person\/e1eb71bb4dd684d46563f0af307e1234","name":"Antalya K\u00f6rfez","image":{"@type":"ImageObject","inLanguage":"en-GB","@id":"https:\/\/denizcankizil.tr\/de\/#\/schema\/person\/image\/","url":"https:\/\/secure.gravatar.com\/avatar\/42b01982558a48a0b501fdcab6a408d3717ea5919095ee2e67b0e521799c5905?s=96&d=mm&r=g","contentUrl":"https:\/\/secure.gravatar.com\/avatar\/42b01982558a48a0b501fdcab6a408d3717ea5919095ee2e67b0e521799c5905?s=96&d=mm&r=g","caption":"Antalya K\u00f6rfez"},"sameAs":["http:\/\/www.antalyakorfez.com"],"url":"https:\/\/www.antalyakorfez.com\/egitim-senden-tutuklu-ogrenciler-icin-sinav-hakki-cagrisi"}]}},"_links":{"self":[{"href":"http:\/\/denizcankizil.tr\/en\/wp-json\/wp\/v2\/posts\/45696","targetHints":{"allow":["GET"]}}],"collection":[{"href":"http:\/\/denizcankizil.tr\/en\/wp-json\/wp\/v2\/posts"}],"about":[{"href":"http:\/\/denizcankizil.tr\/en\/wp-json\/wp\/v2\/types\/post"}],"author":[{"embeddable":true,"href":"http:\/\/denizcankizil.tr\/en\/wp-json\/wp\/v2\/users\/5"}],"replies":[{"embeddable":true,"href":"http:\/\/denizcankizil.tr\/en\/wp-json\/wp\/v2\/comments?post=45696"}],"version-history":[{"count":0,"href":"http:\/\/denizcankizil.tr\/en\/wp-json\/wp\/v2\/posts\/45696\/revisions"}],"wp:attachment":[{"href":"http:\/\/denizcankizil.tr\/en\/wp-json\/wp\/v2\/media?parent=45696"}],"wp:term":[{"taxonomy":"category","embeddable":true,"href":"http:\/\/denizcankizil.tr\/en\/wp-json\/wp\/v2\/categories?post=45696"},{"taxonomy":"post_tag","embeddable":true,"href":"http:\/\/denizcankizil.tr\/en\/wp-json\/wp\/v2\/tags?post=45696"}],"curies":[{"name":"wp","href":"https:\/\/api.w.org\/{rel}","templated":true}]}}