{"id":45321,"date":"2025-04-04T13:41:54","date_gmt":"2025-04-04T10:41:54","guid":{"rendered":"https:\/\/denizcankizil.tr\/uncategorized-tr\/baskan-altay-ilbank-yonetim-kurulu-uyeligine-secildi\/"},"modified":"2025-04-04T13:41:54","modified_gmt":"2025-04-04T10:41:54","slug":"baskan-altay-ilbank-yonetim-kurulu-uyeligine-secildi","status":"publish","type":"post","link":"http:\/\/denizcankizil.tr\/en\/haberler\/gundem\/baskan-altay-ilbank-yonetim-kurulu-uyeligine-secildi\/","title":{"rendered":"Ba\u015fkan Altay \u0130LBANK Y\u00f6netim Kurulu \u00fcyeli\u011fine se\u00e7ildi"},"content":{"rendered":"<p>Konya B\u00fcy\u00fck\u015fehir Belediye Ba\u015fkan\u0131 U\u011fur \u0130brahim Altay, Ankara\u2019da d\u00fczenlenen \u0130LBANK 2024 Y\u0131l\u0131 Ola\u011fan Genel Kurulu\u2019nda \u0130LBANK Y\u00f6netim Kurulu \u00fcyeli\u011fine se\u00e7ildi.<br \/>\nKONYA (\u0130GFA) &#8211; Konya B\u00fcy\u00fck\u015fehir Belediye Ba\u015fkan\u0131 U\u011fur \u0130brahim Altay, \u0130LBANK 2024 Y\u0131l\u0131 Ola\u011fan Genel Kurulu\u2019nda \u0130LBANK Y\u00f6netim Kurulu \u00fcyeli\u011fine se\u00e7ildi.\u00a0 Ba\u015fkan Altay, \u201cMilletimize hizmete vesile olacak bu g\u00f6revden dolay\u0131 ba\u015fta Say\u0131n Cumhurba\u015fkan\u0131m\u0131z Recep Tayyip Erdo\u011fan\u2019a, \u00c7evre, \u015eehircilik ve \u0130klim De\u011fi\u015fikli\u011fi Bakan\u0131m\u0131z Say\u0131n Murat Kurum\u2019a, b\u00fcy\u00fck\u015fehir ve il belediye ba\u015fkanlar\u0131m\u0131za, il genel meclisi temsilcilerimize, yerel y\u00f6neticilerimize ve t\u00fcm delegelere te\u015fekk\u00fcr ediyorum\u201d dedi.\u00a0\u00a0<br \/>\nKonuyla ilgili bir a\u00e7\u0131klama yapan Ba\u015fkan Altay, 81 ilin kalk\u0131nmas\u0131na katk\u0131 sunmak, yerel y\u00f6netimlerle g\u00fc\u00e7l\u00fc i\u015f birlikleri kurmak ve \u015fehirlerin ihtiya\u00e7lar\u0131na \u00e7\u00f6z\u00fcm \u00fcretmek i\u00e7in var g\u00fc\u00e7leriyle \u00e7al\u0131\u015facaklar\u0131n\u0131 belirtti.<br \/>\nHer g\u00f6revde oldu\u011fu gibi bu g\u00f6revde de titizlikle \u00e7al\u0131\u015facaklar\u0131n\u0131 vurgulayan Ba\u015fkan Altay, \u201cMilletimize hizmete vesile olacak bu g\u00f6revden dolay\u0131 ba\u015fta Say\u0131n Cumhurba\u015fkan\u0131m\u0131z Recep Tayyip Erdo\u011fan\u2019a, \u00c7evre, \u015eehircilik ve \u0130klim De\u011fi\u015fikli\u011fi Bakan\u0131m\u0131z Say\u0131n Murat Kurum\u2019a, b\u00fcy\u00fck\u015fehir ve il belediye ba\u015fkanlar\u0131m\u0131za, il genel meclisi temsilcilerimize, yerel y\u00f6neticilerimize ve t\u00fcm delegelere te\u015fekk\u00fcr ediyorum\u201d ifadelerini kulland\u0131.\u00a0<\/p>\n<p>\u200bKonya B\u00fcy\u00fck\u015fehir Belediye Ba\u015fkan\u0131 U\u011fur \u0130brahim Altay, Ankara\u2019da d\u00fczenlenen \u0130LBANK 2024 Y\u0131l\u0131 Ola\u011fan Genel Kurulu\u2019nda \u0130LBANK Y\u00f6netim Kurulu \u00fcyeli\u011fine se\u00e7ildi.<br \/>\nKONYA (\u0130GFA) &#8211; Konya B\u00fcy\u00fck\u015fehir Belediye Ba\u015fkan\u0131 U\u011fur \u0130brahim Altay, \u0130LBANK 2024 Y\u0131l\u0131 Ola\u011fan Genel Kurulu\u2019nda \u0130LBANK Y\u00f6netim Kurulu \u00fcyeli\u011fine se\u00e7ildi.\u00a0 Ba\u015fkan Altay, \u201cMilletimize hizmete vesile olacak bu g\u00f6revden dolay\u0131 ba\u015fta Say\u0131n Cumhurba\u015fkan\u0131m\u0131z Recep Tayyip Erdo\u011fan\u2019a, \u00c7evre, \u015eehircilik ve \u0130klim De\u011fi\u015fikli\u011fi Bakan\u0131m\u0131z Say\u0131n Murat Kurum\u2019a, b\u00fcy\u00fck\u015fehir ve il belediye ba\u015fkanlar\u0131m\u0131za, il genel meclisi temsilcilerimize, yerel y\u00f6neticilerimize ve t\u00fcm delegelere te\u015fekk\u00fcr ediyorum\u201d dedi.\u00a0\u00a0<br \/>\nKonuyla ilgili bir a\u00e7\u0131klama yapan Ba\u015fkan Altay, 81 ilin kalk\u0131nmas\u0131na katk\u0131 sunmak, yerel y\u00f6netimlerle g\u00fc\u00e7l\u00fc i\u015f birlikleri kurmak ve \u015fehirlerin ihtiya\u00e7lar\u0131na \u00e7\u00f6z\u00fcm \u00fcretmek i\u00e7in var g\u00fc\u00e7leriyle \u00e7al\u0131\u015facaklar\u0131n\u0131 belirtti.<br \/>\nHer g\u00f6revde oldu\u011fu gibi bu g\u00f6revde de titizlikle \u00e7al\u0131\u015facaklar\u0131n\u0131 vurgulayan Ba\u015fkan Altay, \u201cMilletimize hizmete vesile olacak bu g\u00f6revden dolay\u0131 ba\u015fta Say\u0131n Cumhurba\u015fkan\u0131m\u0131z Recep Tayyip Erdo\u011fan\u2019a, \u00c7evre, \u015eehircilik ve \u0130klim De\u011fi\u015fikli\u011fi Bakan\u0131m\u0131z Say\u0131n Murat Kurum\u2019a, b\u00fcy\u00fck\u015fehir ve il belediye ba\u015fkanlar\u0131m\u0131za, il genel meclisi temsilcilerimize, yerel y\u00f6neticilerimize ve t\u00fcm delegelere te\u015fekk\u00fcr ediyorum\u201d ifadelerini kulland\u0131.\u00a0\u00a0<\/p>\n<p>\u200bHaberin Al\u0131nt\u0131land\u0131\u011f\u0131 Kaynak: www.iskenderun.org<\/p>","protected":false},"excerpt":{"rendered":"<p>Konya B\u00fcy\u00fck\u015fehir Belediye Ba\u015fkan\u0131 U\u011fur \u0130brahim Altay, Ankara\u2019da d\u00fczenlenen \u0130LBANK 2024 Y\u0131l\u0131 Ola\u011fan Genel Kurulu\u2019nda \u0130LBANK Y\u00f6netim Kurulu \u00fcyeli\u011fine se\u00e7ildi. KONYA (\u0130GFA) &#8211; Konya B\u00fcy\u00fck\u015fehir Belediye Ba\u015fkan\u0131 U\u011fur \u0130brahim Altay, \u0130LBANK 2024 Y\u0131l\u0131 Ola\u011fan Genel Kurulu\u2019nda \u0130LBANK Y\u00f6netim Kurulu \u00fcyeli\u011fine se\u00e7ildi.\u00a0 Ba\u015fkan Altay, \u201cMilletimize hizmete vesile olacak bu g\u00f6revden dolay\u0131 ba\u015fta Say\u0131n Cumhurba\u015fkan\u0131m\u0131z Recep Tayyip Erdo\u011fan\u2019a, \u00c7evre, \u015eehircilik ve \u0130klim De\u011fi\u015fikli\u011fi Bakan\u0131m\u0131z Say\u0131n Murat Kurum\u2019a, b\u00fcy\u00fck\u015fehir ve il belediye ba\u015fkanlar\u0131m\u0131za, il genel meclisi temsilcilerimize, yerel y\u00f6neticilerimize ve t\u00fcm delegelere te\u015fekk\u00fcr ediyorum\u201d dedi.\u00a0\u00a0 Konuyla ilgili bir a\u00e7\u0131klama yapan Ba\u015fkan Altay, 81 ilin kalk\u0131nmas\u0131na katk\u0131 sunmak, yerel y\u00f6netimlerle g\u00fc\u00e7l\u00fc i\u015f birlikleri kurmak ve \u015fehirlerin ihtiya\u00e7lar\u0131na \u00e7\u00f6z\u00fcm \u00fcretmek i\u00e7in var g\u00fc\u00e7leriyle \u00e7al\u0131\u015facaklar\u0131n\u0131 belirtti. Her g\u00f6revde oldu\u011fu gibi bu g\u00f6revde de titizlikle \u00e7al\u0131\u015facaklar\u0131n\u0131 vurgulayan Ba\u015fkan Altay, \u201cMilletimize hizmete vesile olacak bu g\u00f6revden dolay\u0131 ba\u015fta Say\u0131n Cumhurba\u015fkan\u0131m\u0131z Recep Tayyip Erdo\u011fan\u2019a, \u00c7evre, \u015eehircilik ve \u0130klim De\u011fi\u015fikli\u011fi Bakan\u0131m\u0131z Say\u0131n Murat Kurum\u2019a, b\u00fcy\u00fck\u015fehir ve il belediye ba\u015fkanlar\u0131m\u0131za, il genel meclisi temsilcilerimize, yerel y\u00f6neticilerimize ve t\u00fcm delegelere te\u015fekk\u00fcr ediyorum\u201d ifadelerini kulland\u0131.\u00a0 \u200bKonya B\u00fcy\u00fck\u015fehir Belediye Ba\u015fkan\u0131 U\u011fur \u0130brahim Altay, Ankara\u2019da d\u00fczenlenen \u0130LBANK 2024 Y\u0131l\u0131 Ola\u011fan Genel Kurulu\u2019nda \u0130LBANK Y\u00f6netim Kurulu \u00fcyeli\u011fine se\u00e7ildi. KONYA (\u0130GFA) &#8211; Konya B\u00fcy\u00fck\u015fehir Belediye Ba\u015fkan\u0131 U\u011fur \u0130brahim Altay, \u0130LBANK 2024 Y\u0131l\u0131 Ola\u011fan Genel Kurulu\u2019nda \u0130LBANK Y\u00f6netim &hellip;<\/p>","protected":false},"author":1,"featured_media":0,"comment_status":"","ping_status":"open","sticky":false,"template":"","format":"standard","meta":{"_acf_changed":false,"footnotes":""},"categories":[24],"tags":[],"class_list":["post-45321","post","type-post","status-publish","format-standard","has-post-thumbnail","hentry","category-gundem"],"acf":[],"yoast_head":"<!-- This site is optimized with the Yoast SEO Premium plugin v26.6 (Yoast SEO v27.1.1) - https:\/\/yoast.com\/product\/yoast-seo-premium-wordpress\/ -->\n<title>Ba\u015fkan Altay \u0130LBANK Y\u00f6netim Kurulu \u00fcyeli\u011fine se\u00e7ildi - Av. Deniz Can K\u0131z\u0131l<\/title>\n<meta name=\"robots\" content=\"index, follow, max-snippet:-1, max-image-preview:large, max-video-preview:-1\" \/>\n<link rel=\"canonical\" href=\"http:\/\/denizcankizil.tr\/en\/haberler\/gundem\/baskan-altay-ilbank-yonetim-kurulu-uyeligine-secildi\/\" \/>\n<meta property=\"og:locale\" content=\"en_GB\" \/>\n<meta property=\"og:type\" content=\"article\" \/>\n<meta property=\"og:title\" content=\"Ba\u015fkan Altay \u0130LBANK Y\u00f6netim Kurulu \u00fcyeli\u011fine se\u00e7ildi\" \/>\n<meta property=\"og:description\" content=\"Konya B\u00fcy\u00fck\u015fehir Belediye Ba\u015fkan\u0131 U\u011fur \u0130brahim Altay, Ankara\u2019da d\u00fczenlenen \u0130LBANK 2024 Y\u0131l\u0131 Ola\u011fan Genel Kurulu\u2019nda \u0130LBANK Y\u00f6netim Kurulu \u00fcyeli\u011fine se\u00e7ildi. KONYA (\u0130GFA) &#8211; Konya B\u00fcy\u00fck\u015fehir Belediye Ba\u015fkan\u0131 U\u011fur \u0130brahim Altay, \u0130LBANK 2024 Y\u0131l\u0131 Ola\u011fan Genel Kurulu\u2019nda \u0130LBANK Y\u00f6netim Kurulu \u00fcyeli\u011fine se\u00e7ildi.\u00a0 Ba\u015fkan Altay, \u201cMilletimize hizmete vesile olacak bu g\u00f6revden dolay\u0131 ba\u015fta Say\u0131n Cumhurba\u015fkan\u0131m\u0131z Recep Tayyip Erdo\u011fan\u2019a, \u00c7evre, \u015eehircilik ve \u0130klim De\u011fi\u015fikli\u011fi Bakan\u0131m\u0131z Say\u0131n Murat Kurum\u2019a, b\u00fcy\u00fck\u015fehir ve il belediye ba\u015fkanlar\u0131m\u0131za, il genel meclisi temsilcilerimize, yerel y\u00f6neticilerimize ve t\u00fcm delegelere te\u015fekk\u00fcr ediyorum\u201d dedi.\u00a0\u00a0 Konuyla ilgili bir a\u00e7\u0131klama yapan Ba\u015fkan Altay, 81 ilin kalk\u0131nmas\u0131na katk\u0131 sunmak, yerel y\u00f6netimlerle g\u00fc\u00e7l\u00fc i\u015f birlikleri kurmak ve \u015fehirlerin ihtiya\u00e7lar\u0131na \u00e7\u00f6z\u00fcm \u00fcretmek i\u00e7in var g\u00fc\u00e7leriyle \u00e7al\u0131\u015facaklar\u0131n\u0131 belirtti. Her g\u00f6revde oldu\u011fu gibi bu g\u00f6revde de titizlikle \u00e7al\u0131\u015facaklar\u0131n\u0131 vurgulayan Ba\u015fkan Altay, \u201cMilletimize hizmete vesile olacak bu g\u00f6revden dolay\u0131 ba\u015fta Say\u0131n Cumhurba\u015fkan\u0131m\u0131z Recep Tayyip Erdo\u011fan\u2019a, \u00c7evre, \u015eehircilik ve \u0130klim De\u011fi\u015fikli\u011fi Bakan\u0131m\u0131z Say\u0131n Murat Kurum\u2019a, b\u00fcy\u00fck\u015fehir ve il belediye ba\u015fkanlar\u0131m\u0131za, il genel meclisi temsilcilerimize, yerel y\u00f6neticilerimize ve t\u00fcm delegelere te\u015fekk\u00fcr ediyorum\u201d ifadelerini kulland\u0131.\u00a0 \u200bKonya B\u00fcy\u00fck\u015fehir Belediye Ba\u015fkan\u0131 U\u011fur \u0130brahim Altay, Ankara\u2019da d\u00fczenlenen \u0130LBANK 2024 Y\u0131l\u0131 Ola\u011fan Genel Kurulu\u2019nda \u0130LBANK Y\u00f6netim Kurulu \u00fcyeli\u011fine se\u00e7ildi. KONYA (\u0130GFA) &#8211; Konya B\u00fcy\u00fck\u015fehir Belediye Ba\u015fkan\u0131 U\u011fur \u0130brahim Altay, \u0130LBANK 2024 Y\u0131l\u0131 Ola\u011fan Genel Kurulu\u2019nda \u0130LBANK Y\u00f6netim &hellip;\" \/>\n<meta property=\"og:url\" content=\"http:\/\/denizcankizil.tr\/en\/haberler\/gundem\/baskan-altay-ilbank-yonetim-kurulu-uyeligine-secildi\/\" \/>\n<meta property=\"og:site_name\" content=\"Av. Deniz Can K\u0131z\u0131l\" \/>\n<meta property=\"article:published_time\" content=\"2025-04-04T10:41:54+00:00\" \/>\n<meta name=\"author\" content=\"admin\" \/>\n<meta name=\"twitter:card\" content=\"summary_large_image\" \/>\n<meta name=\"twitter:label1\" content=\"Written by\" \/>\n\t<meta name=\"twitter:data1\" content=\"admin\" \/>\n\t<meta name=\"twitter:label2\" content=\"Estimated reading time\" \/>\n\t<meta name=\"twitter:data2\" content=\"3 minutes\" \/>\n<script type=\"application\/ld+json\" class=\"yoast-schema-graph\">{\"@context\":\"https:\/\/schema.org\",\"@graph\":[{\"@type\":\"Article\",\"@id\":\"http:\/\/denizcankizil.tr\/en\/haberler\/gundem\/baskan-altay-ilbank-yonetim-kurulu-uyeligine-secildi\/#article\",\"isPartOf\":{\"@id\":\"http:\/\/denizcankizil.tr\/en\/haberler\/gundem\/baskan-altay-ilbank-yonetim-kurulu-uyeligine-secildi\/\"},\"author\":{\"name\":\"admin\",\"@id\":\"https:\/\/denizcankizil.tr\/#\/schema\/person\/be3c05fe6a12686905512445d8185489\"},\"headline\":\"Ba\u015fkan Altay \u0130LBANK Y\u00f6netim Kurulu \u00fcyeli\u011fine se\u00e7ildi\",\"datePublished\":\"2025-04-04T10:41:54+00:00\",\"mainEntityOfPage\":{\"@id\":\"http:\/\/denizcankizil.tr\/en\/haberler\/gundem\/baskan-altay-ilbank-yonetim-kurulu-uyeligine-secildi\/\"},\"wordCount\":525,\"publisher\":{\"@id\":\"https:\/\/denizcankizil.tr\/#organization\"},\"articleSection\":[\"G\u00fcndem\"],\"inLanguage\":\"en-GB\"},{\"@type\":\"WebPage\",\"@id\":\"http:\/\/denizcankizil.tr\/en\/haberler\/gundem\/baskan-altay-ilbank-yonetim-kurulu-uyeligine-secildi\/\",\"url\":\"http:\/\/denizcankizil.tr\/en\/haberler\/gundem\/baskan-altay-ilbank-yonetim-kurulu-uyeligine-secildi\/\",\"name\":\"Ba\u015fkan Altay \u0130LBANK Y\u00f6netim Kurulu \u00fcyeli\u011fine se\u00e7ildi - Av. Deniz Can K\u0131z\u0131l\",\"isPartOf\":{\"@id\":\"https:\/\/denizcankizil.tr\/#website\"},\"datePublished\":\"2025-04-04T10:41:54+00:00\",\"breadcrumb\":{\"@id\":\"http:\/\/denizcankizil.tr\/en\/haberler\/gundem\/baskan-altay-ilbank-yonetim-kurulu-uyeligine-secildi\/#breadcrumb\"},\"inLanguage\":\"en-GB\",\"potentialAction\":[{\"@type\":\"ReadAction\",\"target\":[\"http:\/\/denizcankizil.tr\/en\/haberler\/gundem\/baskan-altay-ilbank-yonetim-kurulu-uyeligine-secildi\/\"]}]},{\"@type\":\"BreadcrumbList\",\"@id\":\"http:\/\/denizcankizil.tr\/en\/haberler\/gundem\/baskan-altay-ilbank-yonetim-kurulu-uyeligine-secildi\/#breadcrumb\",\"itemListElement\":[{\"@type\":\"ListItem\",\"position\":1,\"name\":\"Home\",\"item\":\"https:\/\/denizcankizil.tr\/de\/\"},{\"@type\":\"ListItem\",\"position\":2,\"name\":\"Ba\u015fkan Altay \u0130LBANK Y\u00f6netim Kurulu \u00fcyeli\u011fine se\u00e7ildi\"}]},{\"@type\":\"WebSite\",\"@id\":\"https:\/\/denizcankizil.tr\/#website\",\"url\":\"https:\/\/denizcankizil.tr\/\",\"name\":\"Av. Deniz Can K\u0131z\u0131l\",\"description\":\"Avukat Deniz Can K\u0131z\u0131l Antalya Barosu\",\"publisher\":{\"@id\":\"https:\/\/denizcankizil.tr\/#organization\"},\"potentialAction\":[{\"@type\":\"SearchAction\",\"target\":{\"@type\":\"EntryPoint\",\"urlTemplate\":\"https:\/\/denizcankizil.tr\/?s={search_term_string}\"},\"query-input\":{\"@type\":\"PropertyValueSpecification\",\"valueRequired\":true,\"valueName\":\"search_term_string\"}}],\"inLanguage\":\"en-GB\"},{\"@type\":\"Organization\",\"@id\":\"https:\/\/denizcankizil.tr\/#organization\",\"name\":\"Av. Deniz Can K\u0131z\u0131l\",\"url\":\"https:\/\/denizcankizil.tr\/\",\"logo\":{\"@type\":\"ImageObject\",\"inLanguage\":\"en-GB\",\"@id\":\"https:\/\/denizcankizil.tr\/#\/schema\/logo\/image\/\",\"url\":\"http:\/\/denizcankizil.tr\/wp-content\/uploads\/2024\/10\/siyah-logo-svg.svg\",\"contentUrl\":\"http:\/\/denizcankizil.tr\/wp-content\/uploads\/2024\/10\/siyah-logo-svg.svg\",\"width\":1080,\"height\":1080,\"caption\":\"Av. Deniz Can K\u0131z\u0131l\"},\"image\":{\"@id\":\"https:\/\/denizcankizil.tr\/#\/schema\/logo\/image\/\"}},{\"@type\":\"Person\",\"@id\":\"https:\/\/denizcankizil.tr\/#\/schema\/person\/be3c05fe6a12686905512445d8185489\",\"name\":\"admin\",\"image\":{\"@type\":\"ImageObject\",\"inLanguage\":\"en-GB\",\"@id\":\"https:\/\/denizcankizil.tr\/#\/schema\/person\/image\/\",\"url\":\"https:\/\/secure.gravatar.com\/avatar\/c1fce94c830dc79107e174f890d7210541c4a63e8e5d816341794a2151c9d58c?s=96&d=mm&r=g\",\"contentUrl\":\"https:\/\/secure.gravatar.com\/avatar\/c1fce94c830dc79107e174f890d7210541c4a63e8e5d816341794a2151c9d58c?s=96&d=mm&r=g\",\"caption\":\"admin\"},\"sameAs\":[\"http:\/\/denizcankizil.tr\"],\"url\":\"https:\/\/www.iskenderun.org\/baskan-altay-ilbank-yonetim-kurulu-uyeligine-secildi\"}]}<\/script>\n<!-- \/ Yoast SEO Premium plugin. -->","yoast_head_json":{"title":"Ba\u015fkan Altay \u0130LBANK Y\u00f6netim Kurulu \u00fcyeli\u011fine se\u00e7ildi - Av. Deniz Can K\u0131z\u0131l","robots":{"index":"index","follow":"follow","max-snippet":"max-snippet:-1","max-image-preview":"max-image-preview:large","max-video-preview":"max-video-preview:-1"},"canonical":"http:\/\/denizcankizil.tr\/en\/haberler\/gundem\/baskan-altay-ilbank-yonetim-kurulu-uyeligine-secildi\/","og_locale":"en_GB","og_type":"article","og_title":"Ba\u015fkan Altay \u0130LBANK Y\u00f6netim Kurulu \u00fcyeli\u011fine se\u00e7ildi","og_description":"Konya B\u00fcy\u00fck\u015fehir Belediye Ba\u015fkan\u0131 U\u011fur \u0130brahim Altay, Ankara\u2019da d\u00fczenlenen \u0130LBANK 2024 Y\u0131l\u0131 Ola\u011fan Genel Kurulu\u2019nda \u0130LBANK Y\u00f6netim Kurulu \u00fcyeli\u011fine se\u00e7ildi. KONYA (\u0130GFA) &#8211; Konya B\u00fcy\u00fck\u015fehir Belediye Ba\u015fkan\u0131 U\u011fur \u0130brahim Altay, \u0130LBANK 2024 Y\u0131l\u0131 Ola\u011fan Genel Kurulu\u2019nda \u0130LBANK Y\u00f6netim Kurulu \u00fcyeli\u011fine se\u00e7ildi.\u00a0 Ba\u015fkan Altay, \u201cMilletimize hizmete vesile olacak bu g\u00f6revden dolay\u0131 ba\u015fta Say\u0131n Cumhurba\u015fkan\u0131m\u0131z Recep Tayyip Erdo\u011fan\u2019a, \u00c7evre, \u015eehircilik ve \u0130klim De\u011fi\u015fikli\u011fi Bakan\u0131m\u0131z Say\u0131n Murat Kurum\u2019a, b\u00fcy\u00fck\u015fehir ve il belediye ba\u015fkanlar\u0131m\u0131za, il genel meclisi temsilcilerimize, yerel y\u00f6neticilerimize ve t\u00fcm delegelere te\u015fekk\u00fcr ediyorum\u201d dedi.\u00a0\u00a0 Konuyla ilgili bir a\u00e7\u0131klama yapan Ba\u015fkan Altay, 81 ilin kalk\u0131nmas\u0131na katk\u0131 sunmak, yerel y\u00f6netimlerle g\u00fc\u00e7l\u00fc i\u015f birlikleri kurmak ve \u015fehirlerin ihtiya\u00e7lar\u0131na \u00e7\u00f6z\u00fcm \u00fcretmek i\u00e7in var g\u00fc\u00e7leriyle \u00e7al\u0131\u015facaklar\u0131n\u0131 belirtti. Her g\u00f6revde oldu\u011fu gibi bu g\u00f6revde de titizlikle \u00e7al\u0131\u015facaklar\u0131n\u0131 vurgulayan Ba\u015fkan Altay, \u201cMilletimize hizmete vesile olacak bu g\u00f6revden dolay\u0131 ba\u015fta Say\u0131n Cumhurba\u015fkan\u0131m\u0131z Recep Tayyip Erdo\u011fan\u2019a, \u00c7evre, \u015eehircilik ve \u0130klim De\u011fi\u015fikli\u011fi Bakan\u0131m\u0131z Say\u0131n Murat Kurum\u2019a, b\u00fcy\u00fck\u015fehir ve il belediye ba\u015fkanlar\u0131m\u0131za, il genel meclisi temsilcilerimize, yerel y\u00f6neticilerimize ve t\u00fcm delegelere te\u015fekk\u00fcr ediyorum\u201d ifadelerini kulland\u0131.\u00a0 \u200bKonya B\u00fcy\u00fck\u015fehir Belediye Ba\u015fkan\u0131 U\u011fur \u0130brahim Altay, Ankara\u2019da d\u00fczenlenen \u0130LBANK 2024 Y\u0131l\u0131 Ola\u011fan Genel Kurulu\u2019nda \u0130LBANK Y\u00f6netim Kurulu \u00fcyeli\u011fine se\u00e7ildi. KONYA (\u0130GFA) &#8211; Konya B\u00fcy\u00fck\u015fehir Belediye Ba\u015fkan\u0131 U\u011fur \u0130brahim Altay, \u0130LBANK 2024 Y\u0131l\u0131 Ola\u011fan Genel Kurulu\u2019nda \u0130LBANK Y\u00f6netim &hellip;","og_url":"http:\/\/denizcankizil.tr\/en\/haberler\/gundem\/baskan-altay-ilbank-yonetim-kurulu-uyeligine-secildi\/","og_site_name":"Av. Deniz Can K\u0131z\u0131l","article_published_time":"2025-04-04T10:41:54+00:00","author":"admin","twitter_card":"summary_large_image","twitter_misc":{"Written by":"admin","Estimated reading time":"3 minutes"},"schema":{"@context":"https:\/\/schema.org","@graph":[{"@type":"Article","@id":"http:\/\/denizcankizil.tr\/en\/haberler\/gundem\/baskan-altay-ilbank-yonetim-kurulu-uyeligine-secildi\/#article","isPartOf":{"@id":"http:\/\/denizcankizil.tr\/en\/haberler\/gundem\/baskan-altay-ilbank-yonetim-kurulu-uyeligine-secildi\/"},"author":{"name":"admin","@id":"https:\/\/denizcankizil.tr\/#\/schema\/person\/be3c05fe6a12686905512445d8185489"},"headline":"Ba\u015fkan Altay \u0130LBANK Y\u00f6netim Kurulu \u00fcyeli\u011fine se\u00e7ildi","datePublished":"2025-04-04T10:41:54+00:00","mainEntityOfPage":{"@id":"http:\/\/denizcankizil.tr\/en\/haberler\/gundem\/baskan-altay-ilbank-yonetim-kurulu-uyeligine-secildi\/"},"wordCount":525,"publisher":{"@id":"https:\/\/denizcankizil.tr\/#organization"},"articleSection":["G\u00fcndem"],"inLanguage":"en-GB"},{"@type":"WebPage","@id":"http:\/\/denizcankizil.tr\/en\/haberler\/gundem\/baskan-altay-ilbank-yonetim-kurulu-uyeligine-secildi\/","url":"http:\/\/denizcankizil.tr\/en\/haberler\/gundem\/baskan-altay-ilbank-yonetim-kurulu-uyeligine-secildi\/","name":"Ba\u015fkan Altay \u0130LBANK Y\u00f6netim Kurulu \u00fcyeli\u011fine se\u00e7ildi - Av. Deniz Can K\u0131z\u0131l","isPartOf":{"@id":"https:\/\/denizcankizil.tr\/#website"},"datePublished":"2025-04-04T10:41:54+00:00","breadcrumb":{"@id":"http:\/\/denizcankizil.tr\/en\/haberler\/gundem\/baskan-altay-ilbank-yonetim-kurulu-uyeligine-secildi\/#breadcrumb"},"inLanguage":"en-GB","potentialAction":[{"@type":"ReadAction","target":["http:\/\/denizcankizil.tr\/en\/haberler\/gundem\/baskan-altay-ilbank-yonetim-kurulu-uyeligine-secildi\/"]}]},{"@type":"BreadcrumbList","@id":"http:\/\/denizcankizil.tr\/en\/haberler\/gundem\/baskan-altay-ilbank-yonetim-kurulu-uyeligine-secildi\/#breadcrumb","itemListElement":[{"@type":"ListItem","position":1,"name":"Home","item":"https:\/\/denizcankizil.tr\/de\/"},{"@type":"ListItem","position":2,"name":"Ba\u015fkan Altay \u0130LBANK Y\u00f6netim Kurulu \u00fcyeli\u011fine se\u00e7ildi"}]},{"@type":"WebSite","@id":"https:\/\/denizcankizil.tr\/#website","url":"https:\/\/denizcankizil.tr\/","name":"Av. Deniz Can K\u0131z\u0131l","description":"Avukat Deniz Can K\u0131z\u0131l Antalya Barosu","publisher":{"@id":"https:\/\/denizcankizil.tr\/#organization"},"potentialAction":[{"@type":"SearchAction","target":{"@type":"EntryPoint","urlTemplate":"https:\/\/denizcankizil.tr\/?s={search_term_string}"},"query-input":{"@type":"PropertyValueSpecification","valueRequired":true,"valueName":"search_term_string"}}],"inLanguage":"en-GB"},{"@type":"Organization","@id":"https:\/\/denizcankizil.tr\/#organization","name":"Av. Deniz Can K\u0131z\u0131l","url":"https:\/\/denizcankizil.tr\/","logo":{"@type":"ImageObject","inLanguage":"en-GB","@id":"https:\/\/denizcankizil.tr\/#\/schema\/logo\/image\/","url":"http:\/\/denizcankizil.tr\/wp-content\/uploads\/2024\/10\/siyah-logo-svg.svg","contentUrl":"http:\/\/denizcankizil.tr\/wp-content\/uploads\/2024\/10\/siyah-logo-svg.svg","width":1080,"height":1080,"caption":"Av. Deniz Can K\u0131z\u0131l"},"image":{"@id":"https:\/\/denizcankizil.tr\/#\/schema\/logo\/image\/"}},{"@type":"Person","@id":"https:\/\/denizcankizil.tr\/#\/schema\/person\/be3c05fe6a12686905512445d8185489","name":"admin","image":{"@type":"ImageObject","inLanguage":"en-GB","@id":"https:\/\/denizcankizil.tr\/#\/schema\/person\/image\/","url":"https:\/\/secure.gravatar.com\/avatar\/c1fce94c830dc79107e174f890d7210541c4a63e8e5d816341794a2151c9d58c?s=96&d=mm&r=g","contentUrl":"https:\/\/secure.gravatar.com\/avatar\/c1fce94c830dc79107e174f890d7210541c4a63e8e5d816341794a2151c9d58c?s=96&d=mm&r=g","caption":"admin"},"sameAs":["http:\/\/denizcankizil.tr"],"url":"https:\/\/www.iskenderun.org\/baskan-altay-ilbank-yonetim-kurulu-uyeligine-secildi"}]}},"_links":{"self":[{"href":"http:\/\/denizcankizil.tr\/en\/wp-json\/wp\/v2\/posts\/45321","targetHints":{"allow":["GET"]}}],"collection":[{"href":"http:\/\/denizcankizil.tr\/en\/wp-json\/wp\/v2\/posts"}],"about":[{"href":"http:\/\/denizcankizil.tr\/en\/wp-json\/wp\/v2\/types\/post"}],"author":[{"embeddable":true,"href":"http:\/\/denizcankizil.tr\/en\/wp-json\/wp\/v2\/users\/1"}],"replies":[{"embeddable":true,"href":"http:\/\/denizcankizil.tr\/en\/wp-json\/wp\/v2\/comments?post=45321"}],"version-history":[{"count":0,"href":"http:\/\/denizcankizil.tr\/en\/wp-json\/wp\/v2\/posts\/45321\/revisions"}],"wp:attachment":[{"href":"http:\/\/denizcankizil.tr\/en\/wp-json\/wp\/v2\/media?parent=45321"}],"wp:term":[{"taxonomy":"category","embeddable":true,"href":"http:\/\/denizcankizil.tr\/en\/wp-json\/wp\/v2\/categories?post=45321"},{"taxonomy":"post_tag","embeddable":true,"href":"http:\/\/denizcankizil.tr\/en\/wp-json\/wp\/v2\/tags?post=45321"}],"curies":[{"name":"wp","href":"https:\/\/api.w.org\/{rel}","templated":true}]}}