{"id":44465,"date":"2025-04-03T18:41:16","date_gmt":"2025-04-03T15:41:16","guid":{"rendered":"https:\/\/denizcankizil.tr\/uncategorized-tr\/ogrencilerin-genclige-hitabeyi-okumasini-engelleyen-idareciye-suc-duyurusu\/"},"modified":"2025-04-03T18:41:16","modified_gmt":"2025-04-03T15:41:16","slug":"ogrencilerin-genclige-hitabeyi-okumasini-engelleyen-idareciye-suc-duyurusu","status":"publish","type":"post","link":"http:\/\/denizcankizil.tr\/en\/haberler\/gundem\/ogrencilerin-genclige-hitabeyi-okumasini-engelleyen-idareciye-suc-duyurusu\/","title":{"rendered":"\u00d6\u011frencilerin &#8220;Gen\u00e7li\u011fe Hitabe&#8221;yi okumas\u0131n\u0131 engelleyen idareciye su\u00e7 duyurusu!"},"content":{"rendered":"<p>Ankara \u00c7ankaya&#8217;daki Dr. Binnaz Ege-Dr. R\u0131dvan Ege Anadolu Lisesi&#8217;nde ya\u015fanan olay, kamuoyunda b\u00fcy\u00fck tepki toplad\u0131. 24 Mart Pazartesi g\u00fcn\u00fc okul bah\u00e7esinde \u0130stiklal Mar\u015f\u0131 ve Atat\u00fcrk&#8217;\u00fcn Gen\u00e7li\u011fe Hitabesini okumak isteyen \u00f6\u011frencilerin, m\u00fcd\u00fcr yard\u0131mc\u0131s\u0131 taraf\u0131ndan engellendi\u011fi iddia edildi.<\/p>\n<p>&#8220;BA\u015eLARIM SEN\u0130N ATANA&#8221; DED\u0130, E\u011e\u0130T\u0130M SEND\u0130KALARI SU\u00c7 DUYURUSUNDA BULUNDU<\/p>\n<p>\u0130ddiaya g\u00f6re, okul idarecisi \u00f6\u011frencilere &#8220;Ba\u015flar\u0131m senin atana&#8221; \u015feklinde hakaret etti. Ya\u015fanan olay\u0131n ard\u0131ndan, e\u011fitim sendikalar\u0131 harekete ge\u00e7erek idareci hakk\u0131nda su\u00e7 duyurusunda bulundu.<\/p>\n<p>&#8220;MEB&#8217;\u0130N GEREKEN ADIMLARI ATMASINI BEKL\u0130YORUZ&#8221;<\/p>\n<p>E\u011fitim-Sen Antalya \u015eube Ba\u015fkan\u0131 Sad\u0131k Acar taraf\u0131ndan yap\u0131lan a\u00e7\u0131klamada, &#8220;Bir g\u00fcn dahi idarecilik g\u00f6revi yapmamas\u0131 gereken bu \u015fahs\u0131n derhal g\u00f6revden uzakla\u015ft\u0131r\u0131lmas\u0131 konusunda Milli E\u011fitim Bakanl\u0131\u011f\u0131&#8217;n\u0131n (MEB) gereken ad\u0131mlar\u0131 atmas\u0131n\u0131 bekliyoruz ve konunun takip\u00e7isi olaca\u011f\u0131z&#8221; ifadelerini kulland\u0131.<\/p>\n<p>Olayla ilgili soru\u015fturma ba\u015flat\u0131p ba\u015flat\u0131lmad\u0131\u011f\u0131 konusunda hen\u00fcz resmi bir a\u00e7\u0131klama yap\u0131lmazken, olay e\u011fitim camias\u0131nda ve toplumda b\u00fcy\u00fck yank\u0131 uyand\u0131rd\u0131.\u00a0<\/p>\n<p>\u200bAnkara&#8217;da bir lise m\u00fcd\u00fcr yard\u0131mc\u0131s\u0131n\u0131n, \u00f6\u011frencilerin Atat\u00fcrk&#8217;\u00fcn Gen\u00e7li\u011fe Hitabesini okumas\u0131n\u0131 engelledi\u011fi ve Atat\u00fcrk&#8217;e hakaret etti\u011fi iddias\u0131 \u00fczerine E\u011fitim-Sen sendikas\u0131 taraf\u0131ndan su\u00e7 duyurusunda bulunuldu.\u00a0<\/p>\n<p>\u200bHaberin Al\u0131nt\u0131land\u0131\u011f\u0131 Kaynak: www.antalyakorfez.com<\/p>","protected":false},"excerpt":{"rendered":"<p>Ankara \u00c7ankaya&#8217;daki Dr. Binnaz Ege-Dr. R\u0131dvan Ege Anadolu Lisesi&#8217;nde ya\u015fanan olay, kamuoyunda b\u00fcy\u00fck tepki toplad\u0131. 24 Mart Pazartesi g\u00fcn\u00fc okul bah\u00e7esinde \u0130stiklal Mar\u015f\u0131 ve Atat\u00fcrk&#8217;\u00fcn Gen\u00e7li\u011fe Hitabesini okumak isteyen \u00f6\u011frencilerin, m\u00fcd\u00fcr yard\u0131mc\u0131s\u0131 taraf\u0131ndan engellendi\u011fi iddia edildi. &#8220;BA\u015eLARIM SEN\u0130N ATANA&#8221; DED\u0130, E\u011e\u0130T\u0130M SEND\u0130KALARI SU\u00c7 DUYURUSUNDA BULUNDU \u0130ddiaya g\u00f6re, okul idarecisi \u00f6\u011frencilere &#8220;Ba\u015flar\u0131m senin atana&#8221; \u015feklinde hakaret etti. Ya\u015fanan olay\u0131n ard\u0131ndan, e\u011fitim sendikalar\u0131 harekete ge\u00e7erek idareci hakk\u0131nda su\u00e7 duyurusunda bulundu. &#8220;MEB&#8217;\u0130N GEREKEN ADIMLARI ATMASINI BEKL\u0130YORUZ&#8221; E\u011fitim-Sen Antalya \u015eube Ba\u015fkan\u0131 Sad\u0131k Acar taraf\u0131ndan yap\u0131lan a\u00e7\u0131klamada, &#8220;Bir g\u00fcn dahi idarecilik g\u00f6revi yapmamas\u0131 gereken bu \u015fahs\u0131n derhal g\u00f6revden uzakla\u015ft\u0131r\u0131lmas\u0131 konusunda Milli E\u011fitim Bakanl\u0131\u011f\u0131&#8217;n\u0131n (MEB) gereken ad\u0131mlar\u0131 atmas\u0131n\u0131 bekliyoruz ve konunun takip\u00e7isi olaca\u011f\u0131z&#8221; ifadelerini kulland\u0131. Olayla ilgili soru\u015fturma ba\u015flat\u0131p ba\u015flat\u0131lmad\u0131\u011f\u0131 konusunda hen\u00fcz resmi bir a\u00e7\u0131klama yap\u0131lmazken, olay e\u011fitim camias\u0131nda ve toplumda b\u00fcy\u00fck yank\u0131 uyand\u0131rd\u0131.\u00a0 \u200bAnkara&#8217;da bir lise m\u00fcd\u00fcr yard\u0131mc\u0131s\u0131n\u0131n, \u00f6\u011frencilerin Atat\u00fcrk&#8217;\u00fcn Gen\u00e7li\u011fe Hitabesini okumas\u0131n\u0131 engelledi\u011fi ve Atat\u00fcrk&#8217;e hakaret etti\u011fi iddias\u0131 \u00fczerine E\u011fitim-Sen sendikas\u0131 taraf\u0131ndan su\u00e7 duyurusunda bulunuldu.\u00a0 \u200bHaberin Al\u0131nt\u0131land\u0131\u011f\u0131 Kaynak: www.antalyakorfez.com<\/p>","protected":false},"author":5,"featured_media":0,"comment_status":"","ping_status":"open","sticky":false,"template":"","format":"standard","meta":{"_acf_changed":false,"footnotes":""},"categories":[24],"tags":[],"class_list":["post-44465","post","type-post","status-publish","format-standard","has-post-thumbnail","hentry","category-gundem"],"acf":[],"yoast_head":"<!-- This site is optimized with the Yoast SEO Premium plugin v26.6 (Yoast SEO v27.1.1) - https:\/\/yoast.com\/product\/yoast-seo-premium-wordpress\/ -->\n<title>\u00d6\u011frencilerin &quot;Gen\u00e7li\u011fe Hitabe&quot;yi okumas\u0131n\u0131 engelleyen idareciye su\u00e7 duyurusu! - Av. Deniz Can K\u0131z\u0131l<\/title>\n<meta name=\"robots\" content=\"index, follow, max-snippet:-1, max-image-preview:large, max-video-preview:-1\" \/>\n<link rel=\"canonical\" href=\"http:\/\/denizcankizil.tr\/en\/haberler\/gundem\/ogrencilerin-genclige-hitabeyi-okumasini-engelleyen-idareciye-suc-duyurusu\/\" \/>\n<meta property=\"og:locale\" content=\"en_GB\" \/>\n<meta property=\"og:type\" content=\"article\" \/>\n<meta property=\"og:title\" content=\"\u00d6\u011frencilerin &quot;Gen\u00e7li\u011fe Hitabe&quot;yi okumas\u0131n\u0131 engelleyen idareciye su\u00e7 duyurusu!\" \/>\n<meta property=\"og:description\" content=\"Ankara \u00c7ankaya&#8217;daki Dr. Binnaz Ege-Dr. R\u0131dvan Ege Anadolu Lisesi&#8217;nde ya\u015fanan olay, kamuoyunda b\u00fcy\u00fck tepki toplad\u0131. 24 Mart Pazartesi g\u00fcn\u00fc okul bah\u00e7esinde \u0130stiklal Mar\u015f\u0131 ve Atat\u00fcrk&#8217;\u00fcn Gen\u00e7li\u011fe Hitabesini okumak isteyen \u00f6\u011frencilerin, m\u00fcd\u00fcr yard\u0131mc\u0131s\u0131 taraf\u0131ndan engellendi\u011fi iddia edildi. &#8220;BA\u015eLARIM SEN\u0130N ATANA&#8221; DED\u0130, E\u011e\u0130T\u0130M SEND\u0130KALARI SU\u00c7 DUYURUSUNDA BULUNDU \u0130ddiaya g\u00f6re, okul idarecisi \u00f6\u011frencilere &#8220;Ba\u015flar\u0131m senin atana&#8221; \u015feklinde hakaret etti. Ya\u015fanan olay\u0131n ard\u0131ndan, e\u011fitim sendikalar\u0131 harekete ge\u00e7erek idareci hakk\u0131nda su\u00e7 duyurusunda bulundu. &#8220;MEB&#8217;\u0130N GEREKEN ADIMLARI ATMASINI BEKL\u0130YORUZ&#8221; E\u011fitim-Sen Antalya \u015eube Ba\u015fkan\u0131 Sad\u0131k Acar taraf\u0131ndan yap\u0131lan a\u00e7\u0131klamada, &#8220;Bir g\u00fcn dahi idarecilik g\u00f6revi yapmamas\u0131 gereken bu \u015fahs\u0131n derhal g\u00f6revden uzakla\u015ft\u0131r\u0131lmas\u0131 konusunda Milli E\u011fitim Bakanl\u0131\u011f\u0131&#8217;n\u0131n (MEB) gereken ad\u0131mlar\u0131 atmas\u0131n\u0131 bekliyoruz ve konunun takip\u00e7isi olaca\u011f\u0131z&#8221; ifadelerini kulland\u0131. Olayla ilgili soru\u015fturma ba\u015flat\u0131p ba\u015flat\u0131lmad\u0131\u011f\u0131 konusunda hen\u00fcz resmi bir a\u00e7\u0131klama yap\u0131lmazken, olay e\u011fitim camias\u0131nda ve toplumda b\u00fcy\u00fck yank\u0131 uyand\u0131rd\u0131.\u00a0 \u200bAnkara&#8217;da bir lise m\u00fcd\u00fcr yard\u0131mc\u0131s\u0131n\u0131n, \u00f6\u011frencilerin Atat\u00fcrk&#8217;\u00fcn Gen\u00e7li\u011fe Hitabesini okumas\u0131n\u0131 engelledi\u011fi ve Atat\u00fcrk&#8217;e hakaret etti\u011fi iddias\u0131 \u00fczerine E\u011fitim-Sen sendikas\u0131 taraf\u0131ndan su\u00e7 duyurusunda bulunuldu.\u00a0 \u200bHaberin Al\u0131nt\u0131land\u0131\u011f\u0131 Kaynak: www.antalyakorfez.com\" \/>\n<meta property=\"og:url\" content=\"http:\/\/denizcankizil.tr\/en\/haberler\/gundem\/ogrencilerin-genclige-hitabeyi-okumasini-engelleyen-idareciye-suc-duyurusu\/\" \/>\n<meta property=\"og:site_name\" content=\"Av. Deniz Can K\u0131z\u0131l\" \/>\n<meta property=\"article:published_time\" content=\"2025-04-03T15:41:16+00:00\" \/>\n<meta name=\"author\" content=\"Antalya K\u00f6rfez\" \/>\n<meta name=\"twitter:card\" content=\"summary_large_image\" \/>\n<meta name=\"twitter:label1\" content=\"Written by\" \/>\n\t<meta name=\"twitter:data1\" content=\"Antalya K\u00f6rfez\" \/>\n\t<meta name=\"twitter:label2\" content=\"Estimated reading time\" \/>\n\t<meta name=\"twitter:data2\" content=\"1 minute\" \/>\n<script type=\"application\/ld+json\" class=\"yoast-schema-graph\">{\"@context\":\"https:\/\/schema.org\",\"@graph\":[{\"@type\":\"Article\",\"@id\":\"http:\/\/denizcankizil.tr\/de\/haberler\/gundem\/ogrencilerin-genclige-hitabeyi-okumasini-engelleyen-idareciye-suc-duyurusu\/#article\",\"isPartOf\":{\"@id\":\"http:\/\/denizcankizil.tr\/de\/haberler\/gundem\/ogrencilerin-genclige-hitabeyi-okumasini-engelleyen-idareciye-suc-duyurusu\/\"},\"author\":{\"name\":\"Antalya K\u00f6rfez\",\"@id\":\"https:\/\/denizcankizil.tr\/de\/#\/schema\/person\/e1eb71bb4dd684d46563f0af307e1234\"},\"headline\":\"\u00d6\u011frencilerin &#8220;Gen\u00e7li\u011fe Hitabe&#8221;yi okumas\u0131n\u0131 engelleyen idareciye su\u00e7 duyurusu!\",\"datePublished\":\"2025-04-03T15:41:16+00:00\",\"mainEntityOfPage\":{\"@id\":\"http:\/\/denizcankizil.tr\/de\/haberler\/gundem\/ogrencilerin-genclige-hitabeyi-okumasini-engelleyen-idareciye-suc-duyurusu\/\"},\"wordCount\":255,\"publisher\":{\"@id\":\"https:\/\/denizcankizil.tr\/de\/#organization\"},\"articleSection\":[\"G\u00fcndem\"],\"inLanguage\":\"en-GB\"},{\"@type\":\"WebPage\",\"@id\":\"http:\/\/denizcankizil.tr\/de\/haberler\/gundem\/ogrencilerin-genclige-hitabeyi-okumasini-engelleyen-idareciye-suc-duyurusu\/\",\"url\":\"http:\/\/denizcankizil.tr\/de\/haberler\/gundem\/ogrencilerin-genclige-hitabeyi-okumasini-engelleyen-idareciye-suc-duyurusu\/\",\"name\":\"\u00d6\u011frencilerin \\\"Gen\u00e7li\u011fe Hitabe\\\"yi okumas\u0131n\u0131 engelleyen idareciye su\u00e7 duyurusu! - Av. Deniz Can K\u0131z\u0131l\",\"isPartOf\":{\"@id\":\"https:\/\/denizcankizil.tr\/de\/#website\"},\"datePublished\":\"2025-04-03T15:41:16+00:00\",\"breadcrumb\":{\"@id\":\"http:\/\/denizcankizil.tr\/de\/haberler\/gundem\/ogrencilerin-genclige-hitabeyi-okumasini-engelleyen-idareciye-suc-duyurusu\/#breadcrumb\"},\"inLanguage\":\"en-GB\",\"potentialAction\":[{\"@type\":\"ReadAction\",\"target\":[\"http:\/\/denizcankizil.tr\/de\/haberler\/gundem\/ogrencilerin-genclige-hitabeyi-okumasini-engelleyen-idareciye-suc-duyurusu\/\"]}]},{\"@type\":\"BreadcrumbList\",\"@id\":\"http:\/\/denizcankizil.tr\/de\/haberler\/gundem\/ogrencilerin-genclige-hitabeyi-okumasini-engelleyen-idareciye-suc-duyurusu\/#breadcrumb\",\"itemListElement\":[{\"@type\":\"ListItem\",\"position\":1,\"name\":\"Home\",\"item\":\"https:\/\/denizcankizil.tr\/de\/\"},{\"@type\":\"ListItem\",\"position\":2,\"name\":\"\u00d6\u011frencilerin &#8220;Gen\u00e7li\u011fe Hitabe&#8221;yi okumas\u0131n\u0131 engelleyen idareciye su\u00e7 duyurusu!\"}]},{\"@type\":\"WebSite\",\"@id\":\"https:\/\/denizcankizil.tr\/de\/#website\",\"url\":\"https:\/\/denizcankizil.tr\/de\/\",\"name\":\"Av. Deniz Can K\u0131z\u0131l\",\"description\":\"Avukat Deniz Can K\u0131z\u0131l Antalya Barosu\",\"publisher\":{\"@id\":\"https:\/\/denizcankizil.tr\/de\/#organization\"},\"potentialAction\":[{\"@type\":\"SearchAction\",\"target\":{\"@type\":\"EntryPoint\",\"urlTemplate\":\"https:\/\/denizcankizil.tr\/de\/?s={search_term_string}\"},\"query-input\":{\"@type\":\"PropertyValueSpecification\",\"valueRequired\":true,\"valueName\":\"search_term_string\"}}],\"inLanguage\":\"en-GB\"},{\"@type\":\"Organization\",\"@id\":\"https:\/\/denizcankizil.tr\/de\/#organization\",\"name\":\"Av. Deniz Can K\u0131z\u0131l\",\"url\":\"https:\/\/denizcankizil.tr\/de\/\",\"logo\":{\"@type\":\"ImageObject\",\"inLanguage\":\"en-GB\",\"@id\":\"https:\/\/denizcankizil.tr\/de\/#\/schema\/logo\/image\/\",\"url\":\"http:\/\/denizcankizil.tr\/wp-content\/uploads\/2024\/10\/siyah-logo-svg.svg\",\"contentUrl\":\"http:\/\/denizcankizil.tr\/wp-content\/uploads\/2024\/10\/siyah-logo-svg.svg\",\"width\":1080,\"height\":1080,\"caption\":\"Av. Deniz Can K\u0131z\u0131l\"},\"image\":{\"@id\":\"https:\/\/denizcankizil.tr\/de\/#\/schema\/logo\/image\/\"}},{\"@type\":\"Person\",\"@id\":\"https:\/\/denizcankizil.tr\/de\/#\/schema\/person\/e1eb71bb4dd684d46563f0af307e1234\",\"name\":\"Antalya K\u00f6rfez\",\"image\":{\"@type\":\"ImageObject\",\"inLanguage\":\"en-GB\",\"@id\":\"https:\/\/denizcankizil.tr\/de\/#\/schema\/person\/image\/\",\"url\":\"https:\/\/secure.gravatar.com\/avatar\/42b01982558a48a0b501fdcab6a408d3717ea5919095ee2e67b0e521799c5905?s=96&d=mm&r=g\",\"contentUrl\":\"https:\/\/secure.gravatar.com\/avatar\/42b01982558a48a0b501fdcab6a408d3717ea5919095ee2e67b0e521799c5905?s=96&d=mm&r=g\",\"caption\":\"Antalya K\u00f6rfez\"},\"sameAs\":[\"http:\/\/www.antalyakorfez.com\"],\"url\":\"https:\/\/www.antalyakorfez.com\/ogrencilerin-genclige-hitabeyi-okumasini-engelleyen-idareciye-suc-duyurusu\"}]}<\/script>\n<!-- \/ Yoast SEO Premium plugin. -->","yoast_head_json":{"title":"\u00d6\u011frencilerin \"Gen\u00e7li\u011fe Hitabe\"yi okumas\u0131n\u0131 engelleyen idareciye su\u00e7 duyurusu! - Av. Deniz Can K\u0131z\u0131l","robots":{"index":"index","follow":"follow","max-snippet":"max-snippet:-1","max-image-preview":"max-image-preview:large","max-video-preview":"max-video-preview:-1"},"canonical":"http:\/\/denizcankizil.tr\/en\/haberler\/gundem\/ogrencilerin-genclige-hitabeyi-okumasini-engelleyen-idareciye-suc-duyurusu\/","og_locale":"en_GB","og_type":"article","og_title":"\u00d6\u011frencilerin \"Gen\u00e7li\u011fe Hitabe\"yi okumas\u0131n\u0131 engelleyen idareciye su\u00e7 duyurusu!","og_description":"Ankara \u00c7ankaya&#8217;daki Dr. Binnaz Ege-Dr. R\u0131dvan Ege Anadolu Lisesi&#8217;nde ya\u015fanan olay, kamuoyunda b\u00fcy\u00fck tepki toplad\u0131. 24 Mart Pazartesi g\u00fcn\u00fc okul bah\u00e7esinde \u0130stiklal Mar\u015f\u0131 ve Atat\u00fcrk&#8217;\u00fcn Gen\u00e7li\u011fe Hitabesini okumak isteyen \u00f6\u011frencilerin, m\u00fcd\u00fcr yard\u0131mc\u0131s\u0131 taraf\u0131ndan engellendi\u011fi iddia edildi. &#8220;BA\u015eLARIM SEN\u0130N ATANA&#8221; DED\u0130, E\u011e\u0130T\u0130M SEND\u0130KALARI SU\u00c7 DUYURUSUNDA BULUNDU \u0130ddiaya g\u00f6re, okul idarecisi \u00f6\u011frencilere &#8220;Ba\u015flar\u0131m senin atana&#8221; \u015feklinde hakaret etti. Ya\u015fanan olay\u0131n ard\u0131ndan, e\u011fitim sendikalar\u0131 harekete ge\u00e7erek idareci hakk\u0131nda su\u00e7 duyurusunda bulundu. &#8220;MEB&#8217;\u0130N GEREKEN ADIMLARI ATMASINI BEKL\u0130YORUZ&#8221; E\u011fitim-Sen Antalya \u015eube Ba\u015fkan\u0131 Sad\u0131k Acar taraf\u0131ndan yap\u0131lan a\u00e7\u0131klamada, &#8220;Bir g\u00fcn dahi idarecilik g\u00f6revi yapmamas\u0131 gereken bu \u015fahs\u0131n derhal g\u00f6revden uzakla\u015ft\u0131r\u0131lmas\u0131 konusunda Milli E\u011fitim Bakanl\u0131\u011f\u0131&#8217;n\u0131n (MEB) gereken ad\u0131mlar\u0131 atmas\u0131n\u0131 bekliyoruz ve konunun takip\u00e7isi olaca\u011f\u0131z&#8221; ifadelerini kulland\u0131. Olayla ilgili soru\u015fturma ba\u015flat\u0131p ba\u015flat\u0131lmad\u0131\u011f\u0131 konusunda hen\u00fcz resmi bir a\u00e7\u0131klama yap\u0131lmazken, olay e\u011fitim camias\u0131nda ve toplumda b\u00fcy\u00fck yank\u0131 uyand\u0131rd\u0131.\u00a0 \u200bAnkara&#8217;da bir lise m\u00fcd\u00fcr yard\u0131mc\u0131s\u0131n\u0131n, \u00f6\u011frencilerin Atat\u00fcrk&#8217;\u00fcn Gen\u00e7li\u011fe Hitabesini okumas\u0131n\u0131 engelledi\u011fi ve Atat\u00fcrk&#8217;e hakaret etti\u011fi iddias\u0131 \u00fczerine E\u011fitim-Sen sendikas\u0131 taraf\u0131ndan su\u00e7 duyurusunda bulunuldu.\u00a0 \u200bHaberin Al\u0131nt\u0131land\u0131\u011f\u0131 Kaynak: www.antalyakorfez.com","og_url":"http:\/\/denizcankizil.tr\/en\/haberler\/gundem\/ogrencilerin-genclige-hitabeyi-okumasini-engelleyen-idareciye-suc-duyurusu\/","og_site_name":"Av. Deniz Can K\u0131z\u0131l","article_published_time":"2025-04-03T15:41:16+00:00","author":"Antalya K\u00f6rfez","twitter_card":"summary_large_image","twitter_misc":{"Written by":"Antalya K\u00f6rfez","Estimated reading time":"1 minute"},"schema":{"@context":"https:\/\/schema.org","@graph":[{"@type":"Article","@id":"http:\/\/denizcankizil.tr\/de\/haberler\/gundem\/ogrencilerin-genclige-hitabeyi-okumasini-engelleyen-idareciye-suc-duyurusu\/#article","isPartOf":{"@id":"http:\/\/denizcankizil.tr\/de\/haberler\/gundem\/ogrencilerin-genclige-hitabeyi-okumasini-engelleyen-idareciye-suc-duyurusu\/"},"author":{"name":"Antalya K\u00f6rfez","@id":"https:\/\/denizcankizil.tr\/de\/#\/schema\/person\/e1eb71bb4dd684d46563f0af307e1234"},"headline":"\u00d6\u011frencilerin &#8220;Gen\u00e7li\u011fe Hitabe&#8221;yi okumas\u0131n\u0131 engelleyen idareciye su\u00e7 duyurusu!","datePublished":"2025-04-03T15:41:16+00:00","mainEntityOfPage":{"@id":"http:\/\/denizcankizil.tr\/de\/haberler\/gundem\/ogrencilerin-genclige-hitabeyi-okumasini-engelleyen-idareciye-suc-duyurusu\/"},"wordCount":255,"publisher":{"@id":"https:\/\/denizcankizil.tr\/de\/#organization"},"articleSection":["G\u00fcndem"],"inLanguage":"en-GB"},{"@type":"WebPage","@id":"http:\/\/denizcankizil.tr\/de\/haberler\/gundem\/ogrencilerin-genclige-hitabeyi-okumasini-engelleyen-idareciye-suc-duyurusu\/","url":"http:\/\/denizcankizil.tr\/de\/haberler\/gundem\/ogrencilerin-genclige-hitabeyi-okumasini-engelleyen-idareciye-suc-duyurusu\/","name":"\u00d6\u011frencilerin \"Gen\u00e7li\u011fe Hitabe\"yi okumas\u0131n\u0131 engelleyen idareciye su\u00e7 duyurusu! - Av. Deniz Can K\u0131z\u0131l","isPartOf":{"@id":"https:\/\/denizcankizil.tr\/de\/#website"},"datePublished":"2025-04-03T15:41:16+00:00","breadcrumb":{"@id":"http:\/\/denizcankizil.tr\/de\/haberler\/gundem\/ogrencilerin-genclige-hitabeyi-okumasini-engelleyen-idareciye-suc-duyurusu\/#breadcrumb"},"inLanguage":"en-GB","potentialAction":[{"@type":"ReadAction","target":["http:\/\/denizcankizil.tr\/de\/haberler\/gundem\/ogrencilerin-genclige-hitabeyi-okumasini-engelleyen-idareciye-suc-duyurusu\/"]}]},{"@type":"BreadcrumbList","@id":"http:\/\/denizcankizil.tr\/de\/haberler\/gundem\/ogrencilerin-genclige-hitabeyi-okumasini-engelleyen-idareciye-suc-duyurusu\/#breadcrumb","itemListElement":[{"@type":"ListItem","position":1,"name":"Home","item":"https:\/\/denizcankizil.tr\/de\/"},{"@type":"ListItem","position":2,"name":"\u00d6\u011frencilerin &#8220;Gen\u00e7li\u011fe Hitabe&#8221;yi okumas\u0131n\u0131 engelleyen idareciye su\u00e7 duyurusu!"}]},{"@type":"WebSite","@id":"https:\/\/denizcankizil.tr\/de\/#website","url":"https:\/\/denizcankizil.tr\/de\/","name":"Av. Deniz Can K\u0131z\u0131l","description":"Avukat Deniz Can K\u0131z\u0131l Antalya Barosu","publisher":{"@id":"https:\/\/denizcankizil.tr\/de\/#organization"},"potentialAction":[{"@type":"SearchAction","target":{"@type":"EntryPoint","urlTemplate":"https:\/\/denizcankizil.tr\/de\/?s={search_term_string}"},"query-input":{"@type":"PropertyValueSpecification","valueRequired":true,"valueName":"search_term_string"}}],"inLanguage":"en-GB"},{"@type":"Organization","@id":"https:\/\/denizcankizil.tr\/de\/#organization","name":"Av. Deniz Can K\u0131z\u0131l","url":"https:\/\/denizcankizil.tr\/de\/","logo":{"@type":"ImageObject","inLanguage":"en-GB","@id":"https:\/\/denizcankizil.tr\/de\/#\/schema\/logo\/image\/","url":"http:\/\/denizcankizil.tr\/wp-content\/uploads\/2024\/10\/siyah-logo-svg.svg","contentUrl":"http:\/\/denizcankizil.tr\/wp-content\/uploads\/2024\/10\/siyah-logo-svg.svg","width":1080,"height":1080,"caption":"Av. Deniz Can K\u0131z\u0131l"},"image":{"@id":"https:\/\/denizcankizil.tr\/de\/#\/schema\/logo\/image\/"}},{"@type":"Person","@id":"https:\/\/denizcankizil.tr\/de\/#\/schema\/person\/e1eb71bb4dd684d46563f0af307e1234","name":"Antalya K\u00f6rfez","image":{"@type":"ImageObject","inLanguage":"en-GB","@id":"https:\/\/denizcankizil.tr\/de\/#\/schema\/person\/image\/","url":"https:\/\/secure.gravatar.com\/avatar\/42b01982558a48a0b501fdcab6a408d3717ea5919095ee2e67b0e521799c5905?s=96&d=mm&r=g","contentUrl":"https:\/\/secure.gravatar.com\/avatar\/42b01982558a48a0b501fdcab6a408d3717ea5919095ee2e67b0e521799c5905?s=96&d=mm&r=g","caption":"Antalya K\u00f6rfez"},"sameAs":["http:\/\/www.antalyakorfez.com"],"url":"https:\/\/www.antalyakorfez.com\/ogrencilerin-genclige-hitabeyi-okumasini-engelleyen-idareciye-suc-duyurusu"}]}},"_links":{"self":[{"href":"http:\/\/denizcankizil.tr\/en\/wp-json\/wp\/v2\/posts\/44465","targetHints":{"allow":["GET"]}}],"collection":[{"href":"http:\/\/denizcankizil.tr\/en\/wp-json\/wp\/v2\/posts"}],"about":[{"href":"http:\/\/denizcankizil.tr\/en\/wp-json\/wp\/v2\/types\/post"}],"author":[{"embeddable":true,"href":"http:\/\/denizcankizil.tr\/en\/wp-json\/wp\/v2\/users\/5"}],"replies":[{"embeddable":true,"href":"http:\/\/denizcankizil.tr\/en\/wp-json\/wp\/v2\/comments?post=44465"}],"version-history":[{"count":0,"href":"http:\/\/denizcankizil.tr\/en\/wp-json\/wp\/v2\/posts\/44465\/revisions"}],"wp:attachment":[{"href":"http:\/\/denizcankizil.tr\/en\/wp-json\/wp\/v2\/media?parent=44465"}],"wp:term":[{"taxonomy":"category","embeddable":true,"href":"http:\/\/denizcankizil.tr\/en\/wp-json\/wp\/v2\/categories?post=44465"},{"taxonomy":"post_tag","embeddable":true,"href":"http:\/\/denizcankizil.tr\/en\/wp-json\/wp\/v2\/tags?post=44465"}],"curies":[{"name":"wp","href":"https:\/\/api.w.org\/{rel}","templated":true}]}}