{"id":44156,"date":"2025-04-03T11:41:18","date_gmt":"2025-04-03T08:41:18","guid":{"rendered":"https:\/\/denizcankizil.tr\/uncategorized-tr\/antalya-barosundan-sert-tepki-mucadelemizi-surdurecegiz\/"},"modified":"2025-04-03T11:41:18","modified_gmt":"2025-04-03T08:41:18","slug":"antalya-barosundan-sert-tepki-mucadelemizi-surdurecegiz","status":"publish","type":"post","link":"http:\/\/denizcankizil.tr\/en\/haberler\/gundem\/antalya-barosundan-sert-tepki-mucadelemizi-surdurecegiz\/","title":{"rendered":"Antalya Barosu\u2019ndan sert tepki: M\u00fccadelemizi s\u00fcrd\u00fcrece\u011fiz"},"content":{"rendered":"<p>\u015eanl\u0131urfa\u2019n\u0131n Suru\u00e7 il\u00e7esinden darp edilen m\u00fcvekkiliyle g\u00f6r\u00fc\u015fmek isteyen avukat Y\u0131lmaz Birden\u2019e, \u00f6zel hareket polislerinin \u015fiddet uygulad\u0131\u011f\u0131 iddia edildi. Silah dip\u00e7i\u011fiyle darp edildi\u011fi belirtilen Birden, ba\u015f\u0131ndan yaraland\u0131. Suru\u00e7 il\u00e7esinden darp edilerek g\u00f6zalt\u0131na al\u0131nan m\u00fcvekkili ile g\u00f6r\u00fc\u015fmek isteyen avukat Y\u0131lmaz Birden\u2019e \u00f6zel harekat polisleri \u015fiddet uygulad\u0131. Ya\u015fanan bu olay\u0131n ard\u0131ndan a\u00e7\u0131klamalarda bulunan Antalya Barosu Ba\u015fkan\u0131 Av. Ali \u00c7a\u011fda\u015f Bozaner, \u201cMesle\u011fini ifa ederken kolluk g\u00f6revlileri taraf\u0131ndan uygulanan \u015fiddet yaln\u0131zca meslekta\u015f\u0131m\u0131za de\u011fil; avukatl\u0131k mesle\u011fine ve savunmaya kar\u015f\u0131 yap\u0131lm\u0131\u015f bir sald\u0131r\u0131d\u0131r\u201d dedi.<\/p>\n<p>SU\u00c7 TE\u015eK\u0130L ED\u0130YOR<\/p>\n<p>\u201c\u015eanl\u0131urfa Barosuna mensup meslekta\u015f\u0131m\u0131z\u0131n m\u00fcvekkili ile g\u00f6r\u00fc\u015fmek \u00fczere gitti\u011fi Suru\u00e7 B\u00f6lge Trafik M\u00fcd\u00fcrl\u00fc\u011f\u00fcnde, g\u00f6revli kolluk g\u00fc\u00e7leri taraf\u0131ndan \u00f6nce g\u00f6r\u00fc\u015fmesi engellenmi\u015f daha sonra da meslekta\u015f\u0131m\u0131z kolluk taraf\u0131ndan a\u011f\u0131r bir \u015fekilde darp edilmi\u015ftir\u201d \u015feklinde a\u00e7\u0131klamalar\u0131n\u0131 s\u00fcrd\u00fcren Ali \u00c7a\u011fda\u015f Bozaner a\u00e7\u0131klamalar\u0131n\u0131 \u015fu \u015fekilde s\u00fcrd\u00fcrd\u00fc:<\/p>\n<p>KABUL ED\u0130LEMEZ<\/p>\n<p>\u201cYa\u015fanan bu elim olay her a\u015famas\u0131 ile su\u00e7 te\u015fkil eder niteliktedir. Kolluk g\u00f6revlilerinin Avukatl\u0131k mesle\u011fine ve meslekta\u015f\u0131m\u0131za y\u00f6neltti\u011fi \u015fiddet i\u00e7eren bu eylem, bir hukuk devletinde kabul ve izah\u0131 m\u00fcmk\u00fcn olmayan kolluk \u015fiddeti \u015feklinde kay\u0131tlara ge\u00e7mi\u015ftir. Antalya Barosu olarak bu a\u011f\u0131r sald\u0131r\u0131 kar\u015f\u0131s\u0131nda meslekta\u015f\u0131m\u0131z\u0131n yan\u0131nday\u0131z, failler yarg\u0131 \u00f6n\u00fcnde hesap verene ve bu s\u00fcrekli hale gelen \u015fiddet olaylar\u0131 son bulana kadar m\u00fccadelemizi s\u00fcrd\u00fcrece\u011fiz. Kamuoyunun bilgisine sunar\u0131z.\u201d<\/p>\n<p>\u200b\u015eanl\u0131urfa&#8217;n\u0131n Suru\u00e7 il\u00e7esinde, trafik cezas\u0131na itiraz etti\u011fi gerek\u00e7esiyle g\u00f6zalt\u0131na al\u0131nan m\u00fcvekkili F.B. ile g\u00f6r\u00fc\u015fmek isteyen avukat Y\u0131lmaz Birden\u2019in, ya\u015fanan tart\u0131\u015fma s\u0131ras\u0131nda \u00f6zel harekat polisi taraf\u0131ndan silah\u0131n dip\u00e7i\u011fiyle darp edildi\u011fi iddia edildi. Ya\u015fanan olay\u0131n ard\u0131ndan Antalya Barosunun tepkisi sert oldu.\u00a0<\/p>\n<p>\u200bHaberin Al\u0131nt\u0131land\u0131\u011f\u0131 Kaynak: www.antalyakorfez.com<\/p>","protected":false},"excerpt":{"rendered":"<p>\u015eanl\u0131urfa\u2019n\u0131n Suru\u00e7 il\u00e7esinden darp edilen m\u00fcvekkiliyle g\u00f6r\u00fc\u015fmek isteyen avukat Y\u0131lmaz Birden\u2019e, \u00f6zel hareket polislerinin \u015fiddet uygulad\u0131\u011f\u0131 iddia edildi. Silah dip\u00e7i\u011fiyle darp edildi\u011fi belirtilen Birden, ba\u015f\u0131ndan yaraland\u0131. Suru\u00e7 il\u00e7esinden darp edilerek g\u00f6zalt\u0131na al\u0131nan m\u00fcvekkili ile g\u00f6r\u00fc\u015fmek isteyen avukat Y\u0131lmaz Birden\u2019e \u00f6zel harekat polisleri \u015fiddet uygulad\u0131. Ya\u015fanan bu olay\u0131n ard\u0131ndan a\u00e7\u0131klamalarda bulunan Antalya Barosu Ba\u015fkan\u0131 Av. Ali \u00c7a\u011fda\u015f Bozaner, \u201cMesle\u011fini ifa ederken kolluk g\u00f6revlileri taraf\u0131ndan uygulanan \u015fiddet yaln\u0131zca meslekta\u015f\u0131m\u0131za de\u011fil; avukatl\u0131k mesle\u011fine ve savunmaya kar\u015f\u0131 yap\u0131lm\u0131\u015f bir sald\u0131r\u0131d\u0131r\u201d dedi. SU\u00c7 TE\u015eK\u0130L ED\u0130YOR \u201c\u015eanl\u0131urfa Barosuna mensup meslekta\u015f\u0131m\u0131z\u0131n m\u00fcvekkili ile g\u00f6r\u00fc\u015fmek \u00fczere gitti\u011fi Suru\u00e7 B\u00f6lge Trafik M\u00fcd\u00fcrl\u00fc\u011f\u00fcnde, g\u00f6revli kolluk g\u00fc\u00e7leri taraf\u0131ndan \u00f6nce g\u00f6r\u00fc\u015fmesi engellenmi\u015f daha sonra da meslekta\u015f\u0131m\u0131z kolluk taraf\u0131ndan a\u011f\u0131r bir \u015fekilde darp edilmi\u015ftir\u201d \u015feklinde a\u00e7\u0131klamalar\u0131n\u0131 s\u00fcrd\u00fcren Ali \u00c7a\u011fda\u015f Bozaner a\u00e7\u0131klamalar\u0131n\u0131 \u015fu \u015fekilde s\u00fcrd\u00fcrd\u00fc: KABUL ED\u0130LEMEZ \u201cYa\u015fanan bu elim olay her a\u015famas\u0131 ile su\u00e7 te\u015fkil eder niteliktedir. Kolluk g\u00f6revlilerinin Avukatl\u0131k mesle\u011fine ve meslekta\u015f\u0131m\u0131za y\u00f6neltti\u011fi \u015fiddet i\u00e7eren bu eylem, bir hukuk devletinde kabul ve izah\u0131 m\u00fcmk\u00fcn olmayan kolluk \u015fiddeti \u015feklinde kay\u0131tlara ge\u00e7mi\u015ftir. Antalya Barosu olarak bu a\u011f\u0131r sald\u0131r\u0131 kar\u015f\u0131s\u0131nda meslekta\u015f\u0131m\u0131z\u0131n yan\u0131nday\u0131z, failler yarg\u0131 \u00f6n\u00fcnde hesap verene ve bu s\u00fcrekli hale gelen \u015fiddet olaylar\u0131 son bulana kadar m\u00fccadelemizi s\u00fcrd\u00fcrece\u011fiz. Kamuoyunun bilgisine sunar\u0131z.\u201d \u200b\u015eanl\u0131urfa&#8217;n\u0131n Suru\u00e7 il\u00e7esinde, trafik cezas\u0131na itiraz etti\u011fi gerek\u00e7esiyle g\u00f6zalt\u0131na al\u0131nan m\u00fcvekkili F.B. ile &hellip;<\/p>","protected":false},"author":5,"featured_media":0,"comment_status":"","ping_status":"open","sticky":false,"template":"","format":"standard","meta":{"_acf_changed":false,"footnotes":""},"categories":[24],"tags":[],"class_list":["post-44156","post","type-post","status-publish","format-standard","has-post-thumbnail","hentry","category-gundem"],"acf":[],"yoast_head":"<!-- This site is optimized with the Yoast SEO Premium plugin v26.6 (Yoast SEO v27.1.1) - https:\/\/yoast.com\/product\/yoast-seo-premium-wordpress\/ -->\n<title>Antalya Barosu\u2019ndan sert tepki: M\u00fccadelemizi s\u00fcrd\u00fcrece\u011fiz - Av. Deniz Can K\u0131z\u0131l<\/title>\n<meta name=\"robots\" content=\"index, follow, max-snippet:-1, max-image-preview:large, max-video-preview:-1\" \/>\n<link rel=\"canonical\" href=\"https:\/\/denizcankizil.tr\/en\/haberler\/gundem\/antalya-barosundan-sert-tepki-mucadelemizi-surdurecegiz\/\" \/>\n<meta property=\"og:locale\" content=\"en_GB\" \/>\n<meta property=\"og:type\" content=\"article\" \/>\n<meta property=\"og:title\" content=\"Antalya Barosu\u2019ndan sert tepki: M\u00fccadelemizi s\u00fcrd\u00fcrece\u011fiz\" \/>\n<meta property=\"og:description\" content=\"\u015eanl\u0131urfa\u2019n\u0131n Suru\u00e7 il\u00e7esinden darp edilen m\u00fcvekkiliyle g\u00f6r\u00fc\u015fmek isteyen avukat Y\u0131lmaz Birden\u2019e, \u00f6zel hareket polislerinin \u015fiddet uygulad\u0131\u011f\u0131 iddia edildi. Silah dip\u00e7i\u011fiyle darp edildi\u011fi belirtilen Birden, ba\u015f\u0131ndan yaraland\u0131. Suru\u00e7 il\u00e7esinden darp edilerek g\u00f6zalt\u0131na al\u0131nan m\u00fcvekkili ile g\u00f6r\u00fc\u015fmek isteyen avukat Y\u0131lmaz Birden\u2019e \u00f6zel harekat polisleri \u015fiddet uygulad\u0131. Ya\u015fanan bu olay\u0131n ard\u0131ndan a\u00e7\u0131klamalarda bulunan Antalya Barosu Ba\u015fkan\u0131 Av. Ali \u00c7a\u011fda\u015f Bozaner, \u201cMesle\u011fini ifa ederken kolluk g\u00f6revlileri taraf\u0131ndan uygulanan \u015fiddet yaln\u0131zca meslekta\u015f\u0131m\u0131za de\u011fil; avukatl\u0131k mesle\u011fine ve savunmaya kar\u015f\u0131 yap\u0131lm\u0131\u015f bir sald\u0131r\u0131d\u0131r\u201d dedi. SU\u00c7 TE\u015eK\u0130L ED\u0130YOR \u201c\u015eanl\u0131urfa Barosuna mensup meslekta\u015f\u0131m\u0131z\u0131n m\u00fcvekkili ile g\u00f6r\u00fc\u015fmek \u00fczere gitti\u011fi Suru\u00e7 B\u00f6lge Trafik M\u00fcd\u00fcrl\u00fc\u011f\u00fcnde, g\u00f6revli kolluk g\u00fc\u00e7leri taraf\u0131ndan \u00f6nce g\u00f6r\u00fc\u015fmesi engellenmi\u015f daha sonra da meslekta\u015f\u0131m\u0131z kolluk taraf\u0131ndan a\u011f\u0131r bir \u015fekilde darp edilmi\u015ftir\u201d \u015feklinde a\u00e7\u0131klamalar\u0131n\u0131 s\u00fcrd\u00fcren Ali \u00c7a\u011fda\u015f Bozaner a\u00e7\u0131klamalar\u0131n\u0131 \u015fu \u015fekilde s\u00fcrd\u00fcrd\u00fc: KABUL ED\u0130LEMEZ \u201cYa\u015fanan bu elim olay her a\u015famas\u0131 ile su\u00e7 te\u015fkil eder niteliktedir. Kolluk g\u00f6revlilerinin Avukatl\u0131k mesle\u011fine ve meslekta\u015f\u0131m\u0131za y\u00f6neltti\u011fi \u015fiddet i\u00e7eren bu eylem, bir hukuk devletinde kabul ve izah\u0131 m\u00fcmk\u00fcn olmayan kolluk \u015fiddeti \u015feklinde kay\u0131tlara ge\u00e7mi\u015ftir. Antalya Barosu olarak bu a\u011f\u0131r sald\u0131r\u0131 kar\u015f\u0131s\u0131nda meslekta\u015f\u0131m\u0131z\u0131n yan\u0131nday\u0131z, failler yarg\u0131 \u00f6n\u00fcnde hesap verene ve bu s\u00fcrekli hale gelen \u015fiddet olaylar\u0131 son bulana kadar m\u00fccadelemizi s\u00fcrd\u00fcrece\u011fiz. Kamuoyunun bilgisine sunar\u0131z.\u201d \u200b\u015eanl\u0131urfa&#8217;n\u0131n Suru\u00e7 il\u00e7esinde, trafik cezas\u0131na itiraz etti\u011fi gerek\u00e7esiyle g\u00f6zalt\u0131na al\u0131nan m\u00fcvekkili F.B. ile &hellip;\" \/>\n<meta property=\"og:url\" content=\"https:\/\/denizcankizil.tr\/en\/haberler\/gundem\/antalya-barosundan-sert-tepki-mucadelemizi-surdurecegiz\/\" \/>\n<meta property=\"og:site_name\" content=\"Av. Deniz Can K\u0131z\u0131l\" \/>\n<meta property=\"article:published_time\" content=\"2025-04-03T08:41:18+00:00\" \/>\n<meta name=\"author\" content=\"Antalya K\u00f6rfez\" \/>\n<meta name=\"twitter:card\" content=\"summary_large_image\" \/>\n<meta name=\"twitter:label1\" content=\"Written by\" \/>\n\t<meta name=\"twitter:data1\" content=\"Antalya K\u00f6rfez\" \/>\n\t<meta name=\"twitter:label2\" content=\"Estimated reading time\" \/>\n\t<meta name=\"twitter:data2\" content=\"2 minutes\" \/>\n<script type=\"application\/ld+json\" class=\"yoast-schema-graph\">{\"@context\":\"https:\/\/schema.org\",\"@graph\":[{\"@type\":\"Article\",\"@id\":\"https:\/\/denizcankizil.tr\/ru\/haberler\/gundem\/antalya-barosundan-sert-tepki-mucadelemizi-surdurecegiz\/#article\",\"isPartOf\":{\"@id\":\"https:\/\/denizcankizil.tr\/ru\/haberler\/gundem\/antalya-barosundan-sert-tepki-mucadelemizi-surdurecegiz\/\"},\"author\":{\"name\":\"Antalya K\u00f6rfez\",\"@id\":\"https:\/\/denizcankizil.tr\/de\/#\/schema\/person\/e1eb71bb4dd684d46563f0af307e1234\"},\"headline\":\"Antalya Barosu\u2019ndan sert tepki: M\u00fccadelemizi s\u00fcrd\u00fcrece\u011fiz\",\"datePublished\":\"2025-04-03T08:41:18+00:00\",\"mainEntityOfPage\":{\"@id\":\"https:\/\/denizcankizil.tr\/ru\/haberler\/gundem\/antalya-barosundan-sert-tepki-mucadelemizi-surdurecegiz\/\"},\"wordCount\":381,\"publisher\":{\"@id\":\"https:\/\/denizcankizil.tr\/de\/#organization\"},\"articleSection\":[\"G\u00fcndem\"],\"inLanguage\":\"en-GB\"},{\"@type\":\"WebPage\",\"@id\":\"https:\/\/denizcankizil.tr\/ru\/haberler\/gundem\/antalya-barosundan-sert-tepki-mucadelemizi-surdurecegiz\/\",\"url\":\"https:\/\/denizcankizil.tr\/ru\/haberler\/gundem\/antalya-barosundan-sert-tepki-mucadelemizi-surdurecegiz\/\",\"name\":\"Antalya Barosu\u2019ndan sert tepki: M\u00fccadelemizi s\u00fcrd\u00fcrece\u011fiz - Av. Deniz Can K\u0131z\u0131l\",\"isPartOf\":{\"@id\":\"https:\/\/denizcankizil.tr\/de\/#website\"},\"datePublished\":\"2025-04-03T08:41:18+00:00\",\"breadcrumb\":{\"@id\":\"https:\/\/denizcankizil.tr\/ru\/haberler\/gundem\/antalya-barosundan-sert-tepki-mucadelemizi-surdurecegiz\/#breadcrumb\"},\"inLanguage\":\"en-GB\",\"potentialAction\":[{\"@type\":\"ReadAction\",\"target\":[\"https:\/\/denizcankizil.tr\/ru\/haberler\/gundem\/antalya-barosundan-sert-tepki-mucadelemizi-surdurecegiz\/\"]}]},{\"@type\":\"BreadcrumbList\",\"@id\":\"https:\/\/denizcankizil.tr\/ru\/haberler\/gundem\/antalya-barosundan-sert-tepki-mucadelemizi-surdurecegiz\/#breadcrumb\",\"itemListElement\":[{\"@type\":\"ListItem\",\"position\":1,\"name\":\"Home\",\"item\":\"https:\/\/denizcankizil.tr\/de\/\"},{\"@type\":\"ListItem\",\"position\":2,\"name\":\"Antalya Barosu\u2019ndan sert tepki: M\u00fccadelemizi s\u00fcrd\u00fcrece\u011fiz\"}]},{\"@type\":\"WebSite\",\"@id\":\"https:\/\/denizcankizil.tr\/de\/#website\",\"url\":\"https:\/\/denizcankizil.tr\/de\/\",\"name\":\"Av. Deniz Can K\u0131z\u0131l\",\"description\":\"Avukat Deniz Can K\u0131z\u0131l Antalya Barosu\",\"publisher\":{\"@id\":\"https:\/\/denizcankizil.tr\/de\/#organization\"},\"potentialAction\":[{\"@type\":\"SearchAction\",\"target\":{\"@type\":\"EntryPoint\",\"urlTemplate\":\"https:\/\/denizcankizil.tr\/de\/?s={search_term_string}\"},\"query-input\":{\"@type\":\"PropertyValueSpecification\",\"valueRequired\":true,\"valueName\":\"search_term_string\"}}],\"inLanguage\":\"en-GB\"},{\"@type\":\"Organization\",\"@id\":\"https:\/\/denizcankizil.tr\/de\/#organization\",\"name\":\"Av. Deniz Can K\u0131z\u0131l\",\"url\":\"https:\/\/denizcankizil.tr\/de\/\",\"logo\":{\"@type\":\"ImageObject\",\"inLanguage\":\"en-GB\",\"@id\":\"https:\/\/denizcankizil.tr\/de\/#\/schema\/logo\/image\/\",\"url\":\"http:\/\/denizcankizil.tr\/wp-content\/uploads\/2024\/10\/siyah-logo-svg.svg\",\"contentUrl\":\"http:\/\/denizcankizil.tr\/wp-content\/uploads\/2024\/10\/siyah-logo-svg.svg\",\"width\":1080,\"height\":1080,\"caption\":\"Av. Deniz Can K\u0131z\u0131l\"},\"image\":{\"@id\":\"https:\/\/denizcankizil.tr\/de\/#\/schema\/logo\/image\/\"}},{\"@type\":\"Person\",\"@id\":\"https:\/\/denizcankizil.tr\/de\/#\/schema\/person\/e1eb71bb4dd684d46563f0af307e1234\",\"name\":\"Antalya K\u00f6rfez\",\"image\":{\"@type\":\"ImageObject\",\"inLanguage\":\"en-GB\",\"@id\":\"https:\/\/denizcankizil.tr\/de\/#\/schema\/person\/image\/\",\"url\":\"https:\/\/secure.gravatar.com\/avatar\/42b01982558a48a0b501fdcab6a408d3717ea5919095ee2e67b0e521799c5905?s=96&d=mm&r=g\",\"contentUrl\":\"https:\/\/secure.gravatar.com\/avatar\/42b01982558a48a0b501fdcab6a408d3717ea5919095ee2e67b0e521799c5905?s=96&d=mm&r=g\",\"caption\":\"Antalya K\u00f6rfez\"},\"sameAs\":[\"http:\/\/www.antalyakorfez.com\"],\"url\":\"https:\/\/www.antalyakorfez.com\/antalya-barosundan-sert-tepki-mucadelemizi-surdurecegiz\"}]}<\/script>\n<!-- \/ Yoast SEO Premium plugin. -->","yoast_head_json":{"title":"Antalya Barosu\u2019ndan sert tepki: M\u00fccadelemizi s\u00fcrd\u00fcrece\u011fiz - Av. Deniz Can K\u0131z\u0131l","robots":{"index":"index","follow":"follow","max-snippet":"max-snippet:-1","max-image-preview":"max-image-preview:large","max-video-preview":"max-video-preview:-1"},"canonical":"https:\/\/denizcankizil.tr\/en\/haberler\/gundem\/antalya-barosundan-sert-tepki-mucadelemizi-surdurecegiz\/","og_locale":"en_GB","og_type":"article","og_title":"Antalya Barosu\u2019ndan sert tepki: M\u00fccadelemizi s\u00fcrd\u00fcrece\u011fiz","og_description":"\u015eanl\u0131urfa\u2019n\u0131n Suru\u00e7 il\u00e7esinden darp edilen m\u00fcvekkiliyle g\u00f6r\u00fc\u015fmek isteyen avukat Y\u0131lmaz Birden\u2019e, \u00f6zel hareket polislerinin \u015fiddet uygulad\u0131\u011f\u0131 iddia edildi. Silah dip\u00e7i\u011fiyle darp edildi\u011fi belirtilen Birden, ba\u015f\u0131ndan yaraland\u0131. Suru\u00e7 il\u00e7esinden darp edilerek g\u00f6zalt\u0131na al\u0131nan m\u00fcvekkili ile g\u00f6r\u00fc\u015fmek isteyen avukat Y\u0131lmaz Birden\u2019e \u00f6zel harekat polisleri \u015fiddet uygulad\u0131. Ya\u015fanan bu olay\u0131n ard\u0131ndan a\u00e7\u0131klamalarda bulunan Antalya Barosu Ba\u015fkan\u0131 Av. Ali \u00c7a\u011fda\u015f Bozaner, \u201cMesle\u011fini ifa ederken kolluk g\u00f6revlileri taraf\u0131ndan uygulanan \u015fiddet yaln\u0131zca meslekta\u015f\u0131m\u0131za de\u011fil; avukatl\u0131k mesle\u011fine ve savunmaya kar\u015f\u0131 yap\u0131lm\u0131\u015f bir sald\u0131r\u0131d\u0131r\u201d dedi. SU\u00c7 TE\u015eK\u0130L ED\u0130YOR \u201c\u015eanl\u0131urfa Barosuna mensup meslekta\u015f\u0131m\u0131z\u0131n m\u00fcvekkili ile g\u00f6r\u00fc\u015fmek \u00fczere gitti\u011fi Suru\u00e7 B\u00f6lge Trafik M\u00fcd\u00fcrl\u00fc\u011f\u00fcnde, g\u00f6revli kolluk g\u00fc\u00e7leri taraf\u0131ndan \u00f6nce g\u00f6r\u00fc\u015fmesi engellenmi\u015f daha sonra da meslekta\u015f\u0131m\u0131z kolluk taraf\u0131ndan a\u011f\u0131r bir \u015fekilde darp edilmi\u015ftir\u201d \u015feklinde a\u00e7\u0131klamalar\u0131n\u0131 s\u00fcrd\u00fcren Ali \u00c7a\u011fda\u015f Bozaner a\u00e7\u0131klamalar\u0131n\u0131 \u015fu \u015fekilde s\u00fcrd\u00fcrd\u00fc: KABUL ED\u0130LEMEZ \u201cYa\u015fanan bu elim olay her a\u015famas\u0131 ile su\u00e7 te\u015fkil eder niteliktedir. Kolluk g\u00f6revlilerinin Avukatl\u0131k mesle\u011fine ve meslekta\u015f\u0131m\u0131za y\u00f6neltti\u011fi \u015fiddet i\u00e7eren bu eylem, bir hukuk devletinde kabul ve izah\u0131 m\u00fcmk\u00fcn olmayan kolluk \u015fiddeti \u015feklinde kay\u0131tlara ge\u00e7mi\u015ftir. Antalya Barosu olarak bu a\u011f\u0131r sald\u0131r\u0131 kar\u015f\u0131s\u0131nda meslekta\u015f\u0131m\u0131z\u0131n yan\u0131nday\u0131z, failler yarg\u0131 \u00f6n\u00fcnde hesap verene ve bu s\u00fcrekli hale gelen \u015fiddet olaylar\u0131 son bulana kadar m\u00fccadelemizi s\u00fcrd\u00fcrece\u011fiz. Kamuoyunun bilgisine sunar\u0131z.\u201d \u200b\u015eanl\u0131urfa&#8217;n\u0131n Suru\u00e7 il\u00e7esinde, trafik cezas\u0131na itiraz etti\u011fi gerek\u00e7esiyle g\u00f6zalt\u0131na al\u0131nan m\u00fcvekkili F.B. ile &hellip;","og_url":"https:\/\/denizcankizil.tr\/en\/haberler\/gundem\/antalya-barosundan-sert-tepki-mucadelemizi-surdurecegiz\/","og_site_name":"Av. Deniz Can K\u0131z\u0131l","article_published_time":"2025-04-03T08:41:18+00:00","author":"Antalya K\u00f6rfez","twitter_card":"summary_large_image","twitter_misc":{"Written by":"Antalya K\u00f6rfez","Estimated reading time":"2 minutes"},"schema":{"@context":"https:\/\/schema.org","@graph":[{"@type":"Article","@id":"https:\/\/denizcankizil.tr\/ru\/haberler\/gundem\/antalya-barosundan-sert-tepki-mucadelemizi-surdurecegiz\/#article","isPartOf":{"@id":"https:\/\/denizcankizil.tr\/ru\/haberler\/gundem\/antalya-barosundan-sert-tepki-mucadelemizi-surdurecegiz\/"},"author":{"name":"Antalya K\u00f6rfez","@id":"https:\/\/denizcankizil.tr\/de\/#\/schema\/person\/e1eb71bb4dd684d46563f0af307e1234"},"headline":"Antalya Barosu\u2019ndan sert tepki: M\u00fccadelemizi s\u00fcrd\u00fcrece\u011fiz","datePublished":"2025-04-03T08:41:18+00:00","mainEntityOfPage":{"@id":"https:\/\/denizcankizil.tr\/ru\/haberler\/gundem\/antalya-barosundan-sert-tepki-mucadelemizi-surdurecegiz\/"},"wordCount":381,"publisher":{"@id":"https:\/\/denizcankizil.tr\/de\/#organization"},"articleSection":["G\u00fcndem"],"inLanguage":"en-GB"},{"@type":"WebPage","@id":"https:\/\/denizcankizil.tr\/ru\/haberler\/gundem\/antalya-barosundan-sert-tepki-mucadelemizi-surdurecegiz\/","url":"https:\/\/denizcankizil.tr\/ru\/haberler\/gundem\/antalya-barosundan-sert-tepki-mucadelemizi-surdurecegiz\/","name":"Antalya Barosu\u2019ndan sert tepki: M\u00fccadelemizi s\u00fcrd\u00fcrece\u011fiz - Av. Deniz Can K\u0131z\u0131l","isPartOf":{"@id":"https:\/\/denizcankizil.tr\/de\/#website"},"datePublished":"2025-04-03T08:41:18+00:00","breadcrumb":{"@id":"https:\/\/denizcankizil.tr\/ru\/haberler\/gundem\/antalya-barosundan-sert-tepki-mucadelemizi-surdurecegiz\/#breadcrumb"},"inLanguage":"en-GB","potentialAction":[{"@type":"ReadAction","target":["https:\/\/denizcankizil.tr\/ru\/haberler\/gundem\/antalya-barosundan-sert-tepki-mucadelemizi-surdurecegiz\/"]}]},{"@type":"BreadcrumbList","@id":"https:\/\/denizcankizil.tr\/ru\/haberler\/gundem\/antalya-barosundan-sert-tepki-mucadelemizi-surdurecegiz\/#breadcrumb","itemListElement":[{"@type":"ListItem","position":1,"name":"Home","item":"https:\/\/denizcankizil.tr\/de\/"},{"@type":"ListItem","position":2,"name":"Antalya Barosu\u2019ndan sert tepki: M\u00fccadelemizi s\u00fcrd\u00fcrece\u011fiz"}]},{"@type":"WebSite","@id":"https:\/\/denizcankizil.tr\/de\/#website","url":"https:\/\/denizcankizil.tr\/de\/","name":"Av. Deniz Can K\u0131z\u0131l","description":"Avukat Deniz Can K\u0131z\u0131l Antalya Barosu","publisher":{"@id":"https:\/\/denizcankizil.tr\/de\/#organization"},"potentialAction":[{"@type":"SearchAction","target":{"@type":"EntryPoint","urlTemplate":"https:\/\/denizcankizil.tr\/de\/?s={search_term_string}"},"query-input":{"@type":"PropertyValueSpecification","valueRequired":true,"valueName":"search_term_string"}}],"inLanguage":"en-GB"},{"@type":"Organization","@id":"https:\/\/denizcankizil.tr\/de\/#organization","name":"Av. Deniz Can K\u0131z\u0131l","url":"https:\/\/denizcankizil.tr\/de\/","logo":{"@type":"ImageObject","inLanguage":"en-GB","@id":"https:\/\/denizcankizil.tr\/de\/#\/schema\/logo\/image\/","url":"http:\/\/denizcankizil.tr\/wp-content\/uploads\/2024\/10\/siyah-logo-svg.svg","contentUrl":"http:\/\/denizcankizil.tr\/wp-content\/uploads\/2024\/10\/siyah-logo-svg.svg","width":1080,"height":1080,"caption":"Av. Deniz Can K\u0131z\u0131l"},"image":{"@id":"https:\/\/denizcankizil.tr\/de\/#\/schema\/logo\/image\/"}},{"@type":"Person","@id":"https:\/\/denizcankizil.tr\/de\/#\/schema\/person\/e1eb71bb4dd684d46563f0af307e1234","name":"Antalya K\u00f6rfez","image":{"@type":"ImageObject","inLanguage":"en-GB","@id":"https:\/\/denizcankizil.tr\/de\/#\/schema\/person\/image\/","url":"https:\/\/secure.gravatar.com\/avatar\/42b01982558a48a0b501fdcab6a408d3717ea5919095ee2e67b0e521799c5905?s=96&d=mm&r=g","contentUrl":"https:\/\/secure.gravatar.com\/avatar\/42b01982558a48a0b501fdcab6a408d3717ea5919095ee2e67b0e521799c5905?s=96&d=mm&r=g","caption":"Antalya K\u00f6rfez"},"sameAs":["http:\/\/www.antalyakorfez.com"],"url":"https:\/\/www.antalyakorfez.com\/antalya-barosundan-sert-tepki-mucadelemizi-surdurecegiz"}]}},"_links":{"self":[{"href":"http:\/\/denizcankizil.tr\/en\/wp-json\/wp\/v2\/posts\/44156","targetHints":{"allow":["GET"]}}],"collection":[{"href":"http:\/\/denizcankizil.tr\/en\/wp-json\/wp\/v2\/posts"}],"about":[{"href":"http:\/\/denizcankizil.tr\/en\/wp-json\/wp\/v2\/types\/post"}],"author":[{"embeddable":true,"href":"http:\/\/denizcankizil.tr\/en\/wp-json\/wp\/v2\/users\/5"}],"replies":[{"embeddable":true,"href":"http:\/\/denizcankizil.tr\/en\/wp-json\/wp\/v2\/comments?post=44156"}],"version-history":[{"count":0,"href":"http:\/\/denizcankizil.tr\/en\/wp-json\/wp\/v2\/posts\/44156\/revisions"}],"wp:attachment":[{"href":"http:\/\/denizcankizil.tr\/en\/wp-json\/wp\/v2\/media?parent=44156"}],"wp:term":[{"taxonomy":"category","embeddable":true,"href":"http:\/\/denizcankizil.tr\/en\/wp-json\/wp\/v2\/categories?post=44156"},{"taxonomy":"post_tag","embeddable":true,"href":"http:\/\/denizcankizil.tr\/en\/wp-json\/wp\/v2\/tags?post=44156"}],"curies":[{"name":"wp","href":"https:\/\/api.w.org\/{rel}","templated":true}]}}