{"id":42309,"date":"2025-04-01T16:41:14","date_gmt":"2025-04-01T13:41:14","guid":{"rendered":"https:\/\/denizcankizil.tr\/uncategorized-tr\/antalyada-kuvvetli-yagis-uyarisi-sel-ve-su-baskini-bekleniyor\/"},"modified":"2025-04-01T16:41:14","modified_gmt":"2025-04-01T13:41:14","slug":"antalyada-kuvvetli-yagis-uyarisi-sel-ve-su-baskini-bekleniyor","status":"publish","type":"post","link":"http:\/\/denizcankizil.tr\/en\/haberler\/gundem\/antalyada-kuvvetli-yagis-uyarisi-sel-ve-su-baskini-bekleniyor\/","title":{"rendered":"Antalya&#8217;da kuvvetli ya\u011f\u0131\u015f uyar\u0131s\u0131: Sel ve su bask\u0131n\u0131 bekleniyor!"},"content":{"rendered":"<p>Meteoroloji 4.B\u00f6lge M\u00fcd\u00fcrl\u00fc\u011f\u00fc, 2 Nisan (yar\u0131n) \u00c7ar\u015famba g\u00fcn\u00fc itibariyle Antalya&#8217;n\u0131n merkez ve do\u011fu il\u00e7elerinde kuvvetli ya\u011f\u0131\u015flar\u0131n etkili olaca\u011f\u0131n\u0131 duyurdu. Ya\u011f\u0131\u015flar\u0131n, yerel olarak \u00e7ok kuvvetli olaca\u011f\u0131 tahmin ediliyor.<\/p>\n<p>OLUMSUZ HAVA KO\u015eULLARINA KAR\u015eI TEDB\u0130R \u00c7A\u011eRISI\u00a0<\/p>\n<p>Ya\u011f\u0131\u015flar\u0131n yol a\u00e7abilece\u011fi ani sel, su bask\u0131n\u0131, y\u0131ld\u0131r\u0131m, hortum, dolu ve kuvvetli r\u00fczgar gibi olumsuz hava \u015fartlar\u0131na kar\u015f\u0131 vatanda\u015flar\u0131n tedbirli olmalar\u0131 gerekti\u011fi belirtildi. Yetkililer, bu t\u00fcr hava ko\u015fullar\u0131na kar\u015f\u0131 dikkatli olunmas\u0131 gerekti\u011fini vurgulad\u0131.<\/p>\n<p>S\u00dcR\u00dcC\u00dcLER, YA\u011eI\u015e SEBEB\u0130YLE UYARILDI\u00a0<\/p>\n<p>Antalya&#8217;da \u00f6zellikle ya\u011f\u0131\u015f\u0131n yo\u011fun olaca\u011f\u0131 saatlerde ani su bask\u0131nlar\u0131na kar\u015f\u0131 haz\u0131rl\u0131kl\u0131 olunmas\u0131, ara\u00e7larda seyahat edenlerin ise h\u0131zlar\u0131n\u0131 d\u00fc\u015f\u00fcrerek dikkatli bir \u015fekilde yol almas\u0131 tavsiye edildi.\u00a0<\/p>\n<p>\u200bMeteoroloji 4.B\u00f6lge M\u00fcd\u00fcrl\u00fc\u011f\u00fc, 2 Nisan (yar\u0131n) \u00c7ar\u015famba g\u00fcn\u00fc itibariyle Antalya&#8217;n\u0131n merkez ve do\u011fu il\u00e7elerinde kuvvetli ya\u011f\u0131\u015f uyar\u0131s\u0131nda bulundu. Ani sel ve su bask\u0131nlar\u0131 gibi olumsuzluklar i\u00e7in vatanda\u015flar uyar\u0131ld\u0131.\u00a0<\/p>\n<p>\u200bHaberin Al\u0131nt\u0131land\u0131\u011f\u0131 Kaynak: www.antalyakorfez.com<\/p>","protected":false},"excerpt":{"rendered":"<p>Meteoroloji 4.B\u00f6lge M\u00fcd\u00fcrl\u00fc\u011f\u00fc, 2 Nisan (yar\u0131n) \u00c7ar\u015famba g\u00fcn\u00fc itibariyle Antalya&#8217;n\u0131n merkez ve do\u011fu il\u00e7elerinde kuvvetli ya\u011f\u0131\u015flar\u0131n etkili olaca\u011f\u0131n\u0131 duyurdu. Ya\u011f\u0131\u015flar\u0131n, yerel olarak \u00e7ok kuvvetli olaca\u011f\u0131 tahmin ediliyor. OLUMSUZ HAVA KO\u015eULLARINA KAR\u015eI TEDB\u0130R \u00c7A\u011eRISI\u00a0 Ya\u011f\u0131\u015flar\u0131n yol a\u00e7abilece\u011fi ani sel, su bask\u0131n\u0131, y\u0131ld\u0131r\u0131m, hortum, dolu ve kuvvetli r\u00fczgar gibi olumsuz hava \u015fartlar\u0131na kar\u015f\u0131 vatanda\u015flar\u0131n tedbirli olmalar\u0131 gerekti\u011fi belirtildi. Yetkililer, bu t\u00fcr hava ko\u015fullar\u0131na kar\u015f\u0131 dikkatli olunmas\u0131 gerekti\u011fini vurgulad\u0131. S\u00dcR\u00dcC\u00dcLER, YA\u011eI\u015e SEBEB\u0130YLE UYARILDI\u00a0 Antalya&#8217;da \u00f6zellikle ya\u011f\u0131\u015f\u0131n yo\u011fun olaca\u011f\u0131 saatlerde ani su bask\u0131nlar\u0131na kar\u015f\u0131 haz\u0131rl\u0131kl\u0131 olunmas\u0131, ara\u00e7larda seyahat edenlerin ise h\u0131zlar\u0131n\u0131 d\u00fc\u015f\u00fcrerek dikkatli bir \u015fekilde yol almas\u0131 tavsiye edildi.\u00a0 \u200bMeteoroloji 4.B\u00f6lge M\u00fcd\u00fcrl\u00fc\u011f\u00fc, 2 Nisan (yar\u0131n) \u00c7ar\u015famba g\u00fcn\u00fc itibariyle Antalya&#8217;n\u0131n merkez ve do\u011fu il\u00e7elerinde kuvvetli ya\u011f\u0131\u015f uyar\u0131s\u0131nda bulundu. Ani sel ve su bask\u0131nlar\u0131 gibi olumsuzluklar i\u00e7in vatanda\u015flar uyar\u0131ld\u0131.\u00a0 \u200bHaberin Al\u0131nt\u0131land\u0131\u011f\u0131 Kaynak: www.antalyakorfez.com<\/p>","protected":false},"author":5,"featured_media":0,"comment_status":"","ping_status":"open","sticky":false,"template":"","format":"standard","meta":{"_acf_changed":false,"footnotes":""},"categories":[24],"tags":[],"class_list":["post-42309","post","type-post","status-publish","format-standard","has-post-thumbnail","hentry","category-gundem"],"acf":[],"yoast_head":"<!-- This site is optimized with the Yoast SEO Premium plugin v26.6 (Yoast SEO v27.1.1) - https:\/\/yoast.com\/product\/yoast-seo-premium-wordpress\/ -->\n<title>Antalya&#039;da kuvvetli ya\u011f\u0131\u015f uyar\u0131s\u0131: Sel ve su bask\u0131n\u0131 bekleniyor! - Av. Deniz Can K\u0131z\u0131l<\/title>\n<meta name=\"robots\" content=\"index, follow, max-snippet:-1, max-image-preview:large, max-video-preview:-1\" \/>\n<link rel=\"canonical\" href=\"http:\/\/denizcankizil.tr\/en\/haberler\/gundem\/antalyada-kuvvetli-yagis-uyarisi-sel-ve-su-baskini-bekleniyor\/\" \/>\n<meta property=\"og:locale\" content=\"en_GB\" \/>\n<meta property=\"og:type\" content=\"article\" \/>\n<meta property=\"og:title\" content=\"Antalya&#039;da kuvvetli ya\u011f\u0131\u015f uyar\u0131s\u0131: Sel ve su bask\u0131n\u0131 bekleniyor!\" \/>\n<meta property=\"og:description\" content=\"Meteoroloji 4.B\u00f6lge M\u00fcd\u00fcrl\u00fc\u011f\u00fc, 2 Nisan (yar\u0131n) \u00c7ar\u015famba g\u00fcn\u00fc itibariyle Antalya&#8217;n\u0131n merkez ve do\u011fu il\u00e7elerinde kuvvetli ya\u011f\u0131\u015flar\u0131n etkili olaca\u011f\u0131n\u0131 duyurdu. Ya\u011f\u0131\u015flar\u0131n, yerel olarak \u00e7ok kuvvetli olaca\u011f\u0131 tahmin ediliyor. OLUMSUZ HAVA KO\u015eULLARINA KAR\u015eI TEDB\u0130R \u00c7A\u011eRISI\u00a0 Ya\u011f\u0131\u015flar\u0131n yol a\u00e7abilece\u011fi ani sel, su bask\u0131n\u0131, y\u0131ld\u0131r\u0131m, hortum, dolu ve kuvvetli r\u00fczgar gibi olumsuz hava \u015fartlar\u0131na kar\u015f\u0131 vatanda\u015flar\u0131n tedbirli olmalar\u0131 gerekti\u011fi belirtildi. Yetkililer, bu t\u00fcr hava ko\u015fullar\u0131na kar\u015f\u0131 dikkatli olunmas\u0131 gerekti\u011fini vurgulad\u0131. S\u00dcR\u00dcC\u00dcLER, YA\u011eI\u015e SEBEB\u0130YLE UYARILDI\u00a0 Antalya&#8217;da \u00f6zellikle ya\u011f\u0131\u015f\u0131n yo\u011fun olaca\u011f\u0131 saatlerde ani su bask\u0131nlar\u0131na kar\u015f\u0131 haz\u0131rl\u0131kl\u0131 olunmas\u0131, ara\u00e7larda seyahat edenlerin ise h\u0131zlar\u0131n\u0131 d\u00fc\u015f\u00fcrerek dikkatli bir \u015fekilde yol almas\u0131 tavsiye edildi.\u00a0 \u200bMeteoroloji 4.B\u00f6lge M\u00fcd\u00fcrl\u00fc\u011f\u00fc, 2 Nisan (yar\u0131n) \u00c7ar\u015famba g\u00fcn\u00fc itibariyle Antalya&#8217;n\u0131n merkez ve do\u011fu il\u00e7elerinde kuvvetli ya\u011f\u0131\u015f uyar\u0131s\u0131nda bulundu. Ani sel ve su bask\u0131nlar\u0131 gibi olumsuzluklar i\u00e7in vatanda\u015flar uyar\u0131ld\u0131.\u00a0 \u200bHaberin Al\u0131nt\u0131land\u0131\u011f\u0131 Kaynak: www.antalyakorfez.com\" \/>\n<meta property=\"og:url\" content=\"http:\/\/denizcankizil.tr\/en\/haberler\/gundem\/antalyada-kuvvetli-yagis-uyarisi-sel-ve-su-baskini-bekleniyor\/\" \/>\n<meta property=\"og:site_name\" content=\"Av. Deniz Can K\u0131z\u0131l\" \/>\n<meta property=\"article:published_time\" content=\"2025-04-01T13:41:14+00:00\" \/>\n<meta name=\"author\" content=\"Antalya K\u00f6rfez\" \/>\n<meta name=\"twitter:card\" content=\"summary_large_image\" \/>\n<meta name=\"twitter:label1\" content=\"Written by\" \/>\n\t<meta name=\"twitter:data1\" content=\"Antalya K\u00f6rfez\" \/>\n\t<meta name=\"twitter:label2\" content=\"Estimated reading time\" \/>\n\t<meta name=\"twitter:data2\" content=\"1 minute\" \/>\n<script type=\"application\/ld+json\" class=\"yoast-schema-graph\">{\"@context\":\"https:\/\/schema.org\",\"@graph\":[{\"@type\":\"Article\",\"@id\":\"http:\/\/denizcankizil.tr\/ru\/haberler\/gundem\/antalyada-kuvvetli-yagis-uyarisi-sel-ve-su-baskini-bekleniyor\/#article\",\"isPartOf\":{\"@id\":\"http:\/\/denizcankizil.tr\/ru\/haberler\/gundem\/antalyada-kuvvetli-yagis-uyarisi-sel-ve-su-baskini-bekleniyor\/\"},\"author\":{\"name\":\"Antalya K\u00f6rfez\",\"@id\":\"https:\/\/denizcankizil.tr\/de\/#\/schema\/person\/e1eb71bb4dd684d46563f0af307e1234\"},\"headline\":\"Antalya&#8217;da kuvvetli ya\u011f\u0131\u015f uyar\u0131s\u0131: Sel ve su bask\u0131n\u0131 bekleniyor!\",\"datePublished\":\"2025-04-01T13:41:14+00:00\",\"mainEntityOfPage\":{\"@id\":\"http:\/\/denizcankizil.tr\/ru\/haberler\/gundem\/antalyada-kuvvetli-yagis-uyarisi-sel-ve-su-baskini-bekleniyor\/\"},\"wordCount\":209,\"publisher\":{\"@id\":\"https:\/\/denizcankizil.tr\/de\/#organization\"},\"articleSection\":[\"G\u00fcndem\"],\"inLanguage\":\"en-GB\"},{\"@type\":\"WebPage\",\"@id\":\"http:\/\/denizcankizil.tr\/ru\/haberler\/gundem\/antalyada-kuvvetli-yagis-uyarisi-sel-ve-su-baskini-bekleniyor\/\",\"url\":\"http:\/\/denizcankizil.tr\/ru\/haberler\/gundem\/antalyada-kuvvetli-yagis-uyarisi-sel-ve-su-baskini-bekleniyor\/\",\"name\":\"Antalya'da kuvvetli ya\u011f\u0131\u015f uyar\u0131s\u0131: Sel ve su bask\u0131n\u0131 bekleniyor! - Av. Deniz Can K\u0131z\u0131l\",\"isPartOf\":{\"@id\":\"https:\/\/denizcankizil.tr\/de\/#website\"},\"datePublished\":\"2025-04-01T13:41:14+00:00\",\"breadcrumb\":{\"@id\":\"http:\/\/denizcankizil.tr\/ru\/haberler\/gundem\/antalyada-kuvvetli-yagis-uyarisi-sel-ve-su-baskini-bekleniyor\/#breadcrumb\"},\"inLanguage\":\"en-GB\",\"potentialAction\":[{\"@type\":\"ReadAction\",\"target\":[\"http:\/\/denizcankizil.tr\/ru\/haberler\/gundem\/antalyada-kuvvetli-yagis-uyarisi-sel-ve-su-baskini-bekleniyor\/\"]}]},{\"@type\":\"BreadcrumbList\",\"@id\":\"http:\/\/denizcankizil.tr\/ru\/haberler\/gundem\/antalyada-kuvvetli-yagis-uyarisi-sel-ve-su-baskini-bekleniyor\/#breadcrumb\",\"itemListElement\":[{\"@type\":\"ListItem\",\"position\":1,\"name\":\"Home\",\"item\":\"https:\/\/denizcankizil.tr\/de\/\"},{\"@type\":\"ListItem\",\"position\":2,\"name\":\"Antalya&#8217;da kuvvetli ya\u011f\u0131\u015f uyar\u0131s\u0131: Sel ve su bask\u0131n\u0131 bekleniyor!\"}]},{\"@type\":\"WebSite\",\"@id\":\"https:\/\/denizcankizil.tr\/de\/#website\",\"url\":\"https:\/\/denizcankizil.tr\/de\/\",\"name\":\"Av. Deniz Can K\u0131z\u0131l\",\"description\":\"Avukat Deniz Can K\u0131z\u0131l Antalya Barosu\",\"publisher\":{\"@id\":\"https:\/\/denizcankizil.tr\/de\/#organization\"},\"potentialAction\":[{\"@type\":\"SearchAction\",\"target\":{\"@type\":\"EntryPoint\",\"urlTemplate\":\"https:\/\/denizcankizil.tr\/de\/?s={search_term_string}\"},\"query-input\":{\"@type\":\"PropertyValueSpecification\",\"valueRequired\":true,\"valueName\":\"search_term_string\"}}],\"inLanguage\":\"en-GB\"},{\"@type\":\"Organization\",\"@id\":\"https:\/\/denizcankizil.tr\/de\/#organization\",\"name\":\"Av. Deniz Can K\u0131z\u0131l\",\"url\":\"https:\/\/denizcankizil.tr\/de\/\",\"logo\":{\"@type\":\"ImageObject\",\"inLanguage\":\"en-GB\",\"@id\":\"https:\/\/denizcankizil.tr\/de\/#\/schema\/logo\/image\/\",\"url\":\"http:\/\/denizcankizil.tr\/wp-content\/uploads\/2024\/10\/siyah-logo-svg.svg\",\"contentUrl\":\"http:\/\/denizcankizil.tr\/wp-content\/uploads\/2024\/10\/siyah-logo-svg.svg\",\"width\":1080,\"height\":1080,\"caption\":\"Av. Deniz Can K\u0131z\u0131l\"},\"image\":{\"@id\":\"https:\/\/denizcankizil.tr\/de\/#\/schema\/logo\/image\/\"}},{\"@type\":\"Person\",\"@id\":\"https:\/\/denizcankizil.tr\/de\/#\/schema\/person\/e1eb71bb4dd684d46563f0af307e1234\",\"name\":\"Antalya K\u00f6rfez\",\"image\":{\"@type\":\"ImageObject\",\"inLanguage\":\"en-GB\",\"@id\":\"https:\/\/denizcankizil.tr\/de\/#\/schema\/person\/image\/\",\"url\":\"https:\/\/secure.gravatar.com\/avatar\/42b01982558a48a0b501fdcab6a408d3717ea5919095ee2e67b0e521799c5905?s=96&d=mm&r=g\",\"contentUrl\":\"https:\/\/secure.gravatar.com\/avatar\/42b01982558a48a0b501fdcab6a408d3717ea5919095ee2e67b0e521799c5905?s=96&d=mm&r=g\",\"caption\":\"Antalya K\u00f6rfez\"},\"sameAs\":[\"http:\/\/www.antalyakorfez.com\"],\"url\":\"https:\/\/www.antalyakorfez.com\/antalyada-kuvvetli-yagis-uyarisi-sel-ve-su-baskini-bekleniyor\"}]}<\/script>\n<!-- \/ Yoast SEO Premium plugin. -->","yoast_head_json":{"title":"Antalya'da kuvvetli ya\u011f\u0131\u015f uyar\u0131s\u0131: Sel ve su bask\u0131n\u0131 bekleniyor! - Av. Deniz Can K\u0131z\u0131l","robots":{"index":"index","follow":"follow","max-snippet":"max-snippet:-1","max-image-preview":"max-image-preview:large","max-video-preview":"max-video-preview:-1"},"canonical":"http:\/\/denizcankizil.tr\/en\/haberler\/gundem\/antalyada-kuvvetli-yagis-uyarisi-sel-ve-su-baskini-bekleniyor\/","og_locale":"en_GB","og_type":"article","og_title":"Antalya'da kuvvetli ya\u011f\u0131\u015f uyar\u0131s\u0131: Sel ve su bask\u0131n\u0131 bekleniyor!","og_description":"Meteoroloji 4.B\u00f6lge M\u00fcd\u00fcrl\u00fc\u011f\u00fc, 2 Nisan (yar\u0131n) \u00c7ar\u015famba g\u00fcn\u00fc itibariyle Antalya&#8217;n\u0131n merkez ve do\u011fu il\u00e7elerinde kuvvetli ya\u011f\u0131\u015flar\u0131n etkili olaca\u011f\u0131n\u0131 duyurdu. Ya\u011f\u0131\u015flar\u0131n, yerel olarak \u00e7ok kuvvetli olaca\u011f\u0131 tahmin ediliyor. OLUMSUZ HAVA KO\u015eULLARINA KAR\u015eI TEDB\u0130R \u00c7A\u011eRISI\u00a0 Ya\u011f\u0131\u015flar\u0131n yol a\u00e7abilece\u011fi ani sel, su bask\u0131n\u0131, y\u0131ld\u0131r\u0131m, hortum, dolu ve kuvvetli r\u00fczgar gibi olumsuz hava \u015fartlar\u0131na kar\u015f\u0131 vatanda\u015flar\u0131n tedbirli olmalar\u0131 gerekti\u011fi belirtildi. Yetkililer, bu t\u00fcr hava ko\u015fullar\u0131na kar\u015f\u0131 dikkatli olunmas\u0131 gerekti\u011fini vurgulad\u0131. S\u00dcR\u00dcC\u00dcLER, YA\u011eI\u015e SEBEB\u0130YLE UYARILDI\u00a0 Antalya&#8217;da \u00f6zellikle ya\u011f\u0131\u015f\u0131n yo\u011fun olaca\u011f\u0131 saatlerde ani su bask\u0131nlar\u0131na kar\u015f\u0131 haz\u0131rl\u0131kl\u0131 olunmas\u0131, ara\u00e7larda seyahat edenlerin ise h\u0131zlar\u0131n\u0131 d\u00fc\u015f\u00fcrerek dikkatli bir \u015fekilde yol almas\u0131 tavsiye edildi.\u00a0 \u200bMeteoroloji 4.B\u00f6lge M\u00fcd\u00fcrl\u00fc\u011f\u00fc, 2 Nisan (yar\u0131n) \u00c7ar\u015famba g\u00fcn\u00fc itibariyle Antalya&#8217;n\u0131n merkez ve do\u011fu il\u00e7elerinde kuvvetli ya\u011f\u0131\u015f uyar\u0131s\u0131nda bulundu. Ani sel ve su bask\u0131nlar\u0131 gibi olumsuzluklar i\u00e7in vatanda\u015flar uyar\u0131ld\u0131.\u00a0 \u200bHaberin Al\u0131nt\u0131land\u0131\u011f\u0131 Kaynak: www.antalyakorfez.com","og_url":"http:\/\/denizcankizil.tr\/en\/haberler\/gundem\/antalyada-kuvvetli-yagis-uyarisi-sel-ve-su-baskini-bekleniyor\/","og_site_name":"Av. Deniz Can K\u0131z\u0131l","article_published_time":"2025-04-01T13:41:14+00:00","author":"Antalya K\u00f6rfez","twitter_card":"summary_large_image","twitter_misc":{"Written by":"Antalya K\u00f6rfez","Estimated reading time":"1 minute"},"schema":{"@context":"https:\/\/schema.org","@graph":[{"@type":"Article","@id":"http:\/\/denizcankizil.tr\/ru\/haberler\/gundem\/antalyada-kuvvetli-yagis-uyarisi-sel-ve-su-baskini-bekleniyor\/#article","isPartOf":{"@id":"http:\/\/denizcankizil.tr\/ru\/haberler\/gundem\/antalyada-kuvvetli-yagis-uyarisi-sel-ve-su-baskini-bekleniyor\/"},"author":{"name":"Antalya K\u00f6rfez","@id":"https:\/\/denizcankizil.tr\/de\/#\/schema\/person\/e1eb71bb4dd684d46563f0af307e1234"},"headline":"Antalya&#8217;da kuvvetli ya\u011f\u0131\u015f uyar\u0131s\u0131: Sel ve su bask\u0131n\u0131 bekleniyor!","datePublished":"2025-04-01T13:41:14+00:00","mainEntityOfPage":{"@id":"http:\/\/denizcankizil.tr\/ru\/haberler\/gundem\/antalyada-kuvvetli-yagis-uyarisi-sel-ve-su-baskini-bekleniyor\/"},"wordCount":209,"publisher":{"@id":"https:\/\/denizcankizil.tr\/de\/#organization"},"articleSection":["G\u00fcndem"],"inLanguage":"en-GB"},{"@type":"WebPage","@id":"http:\/\/denizcankizil.tr\/ru\/haberler\/gundem\/antalyada-kuvvetli-yagis-uyarisi-sel-ve-su-baskini-bekleniyor\/","url":"http:\/\/denizcankizil.tr\/ru\/haberler\/gundem\/antalyada-kuvvetli-yagis-uyarisi-sel-ve-su-baskini-bekleniyor\/","name":"Antalya'da kuvvetli ya\u011f\u0131\u015f uyar\u0131s\u0131: Sel ve su bask\u0131n\u0131 bekleniyor! - Av. Deniz Can K\u0131z\u0131l","isPartOf":{"@id":"https:\/\/denizcankizil.tr\/de\/#website"},"datePublished":"2025-04-01T13:41:14+00:00","breadcrumb":{"@id":"http:\/\/denizcankizil.tr\/ru\/haberler\/gundem\/antalyada-kuvvetli-yagis-uyarisi-sel-ve-su-baskini-bekleniyor\/#breadcrumb"},"inLanguage":"en-GB","potentialAction":[{"@type":"ReadAction","target":["http:\/\/denizcankizil.tr\/ru\/haberler\/gundem\/antalyada-kuvvetli-yagis-uyarisi-sel-ve-su-baskini-bekleniyor\/"]}]},{"@type":"BreadcrumbList","@id":"http:\/\/denizcankizil.tr\/ru\/haberler\/gundem\/antalyada-kuvvetli-yagis-uyarisi-sel-ve-su-baskini-bekleniyor\/#breadcrumb","itemListElement":[{"@type":"ListItem","position":1,"name":"Home","item":"https:\/\/denizcankizil.tr\/de\/"},{"@type":"ListItem","position":2,"name":"Antalya&#8217;da kuvvetli ya\u011f\u0131\u015f uyar\u0131s\u0131: Sel ve su bask\u0131n\u0131 bekleniyor!"}]},{"@type":"WebSite","@id":"https:\/\/denizcankizil.tr\/de\/#website","url":"https:\/\/denizcankizil.tr\/de\/","name":"Av. Deniz Can K\u0131z\u0131l","description":"Avukat Deniz Can K\u0131z\u0131l Antalya Barosu","publisher":{"@id":"https:\/\/denizcankizil.tr\/de\/#organization"},"potentialAction":[{"@type":"SearchAction","target":{"@type":"EntryPoint","urlTemplate":"https:\/\/denizcankizil.tr\/de\/?s={search_term_string}"},"query-input":{"@type":"PropertyValueSpecification","valueRequired":true,"valueName":"search_term_string"}}],"inLanguage":"en-GB"},{"@type":"Organization","@id":"https:\/\/denizcankizil.tr\/de\/#organization","name":"Av. Deniz Can K\u0131z\u0131l","url":"https:\/\/denizcankizil.tr\/de\/","logo":{"@type":"ImageObject","inLanguage":"en-GB","@id":"https:\/\/denizcankizil.tr\/de\/#\/schema\/logo\/image\/","url":"http:\/\/denizcankizil.tr\/wp-content\/uploads\/2024\/10\/siyah-logo-svg.svg","contentUrl":"http:\/\/denizcankizil.tr\/wp-content\/uploads\/2024\/10\/siyah-logo-svg.svg","width":1080,"height":1080,"caption":"Av. Deniz Can K\u0131z\u0131l"},"image":{"@id":"https:\/\/denizcankizil.tr\/de\/#\/schema\/logo\/image\/"}},{"@type":"Person","@id":"https:\/\/denizcankizil.tr\/de\/#\/schema\/person\/e1eb71bb4dd684d46563f0af307e1234","name":"Antalya K\u00f6rfez","image":{"@type":"ImageObject","inLanguage":"en-GB","@id":"https:\/\/denizcankizil.tr\/de\/#\/schema\/person\/image\/","url":"https:\/\/secure.gravatar.com\/avatar\/42b01982558a48a0b501fdcab6a408d3717ea5919095ee2e67b0e521799c5905?s=96&d=mm&r=g","contentUrl":"https:\/\/secure.gravatar.com\/avatar\/42b01982558a48a0b501fdcab6a408d3717ea5919095ee2e67b0e521799c5905?s=96&d=mm&r=g","caption":"Antalya K\u00f6rfez"},"sameAs":["http:\/\/www.antalyakorfez.com"],"url":"https:\/\/www.antalyakorfez.com\/antalyada-kuvvetli-yagis-uyarisi-sel-ve-su-baskini-bekleniyor"}]}},"_links":{"self":[{"href":"http:\/\/denizcankizil.tr\/en\/wp-json\/wp\/v2\/posts\/42309","targetHints":{"allow":["GET"]}}],"collection":[{"href":"http:\/\/denizcankizil.tr\/en\/wp-json\/wp\/v2\/posts"}],"about":[{"href":"http:\/\/denizcankizil.tr\/en\/wp-json\/wp\/v2\/types\/post"}],"author":[{"embeddable":true,"href":"http:\/\/denizcankizil.tr\/en\/wp-json\/wp\/v2\/users\/5"}],"replies":[{"embeddable":true,"href":"http:\/\/denizcankizil.tr\/en\/wp-json\/wp\/v2\/comments?post=42309"}],"version-history":[{"count":0,"href":"http:\/\/denizcankizil.tr\/en\/wp-json\/wp\/v2\/posts\/42309\/revisions"}],"wp:attachment":[{"href":"http:\/\/denizcankizil.tr\/en\/wp-json\/wp\/v2\/media?parent=42309"}],"wp:term":[{"taxonomy":"category","embeddable":true,"href":"http:\/\/denizcankizil.tr\/en\/wp-json\/wp\/v2\/categories?post=42309"},{"taxonomy":"post_tag","embeddable":true,"href":"http:\/\/denizcankizil.tr\/en\/wp-json\/wp\/v2\/tags?post=42309"}],"curies":[{"name":"wp","href":"https:\/\/api.w.org\/{rel}","templated":true}]}}