{"id":41644,"date":"2025-03-31T22:42:43","date_gmt":"2025-03-31T19:42:43","guid":{"rendered":"https:\/\/denizcankizil.tr\/uncategorized-tr\/tatilin-ilk-iki-gununde-trafik-19-can-aldi\/"},"modified":"2025-03-31T22:42:43","modified_gmt":"2025-03-31T19:42:43","slug":"tatilin-ilk-iki-gununde-trafik-19-can-aldi","status":"publish","type":"post","link":"http:\/\/denizcankizil.tr\/en\/haberler\/gundem\/tatilin-ilk-iki-gununde-trafik-19-can-aldi\/","title":{"rendered":"Tatilin ilk iki g\u00fcn\u00fcnde trafik 19 can ald\u0131!"},"content":{"rendered":"<p>\u0130\u00e7i\u015fleri Bakanl\u0131\u011f\u0131, 9 g\u00fcnl\u00fck tatilin ikinci g\u00fcn\u00fc olan 30 Mart Pazar g\u00fcn\u00fcne ili\u015fkin trafik raporunu kamuoyuyla payla\u015ft\u0131. 709 trafik kazas\u0131n\u0131n meydana geldi\u011fi tatilin ikinci g\u00fcn\u00fcnde 14 ki\u015fi hayat\u0131n\u0131 kaybederken, bin 280 ki\u015fi yaraland\u0131.ANKARA (\u0130GFA) &#8211; \u0130\u00e7i\u015fleri Bakan\u0131 Ali Yerlikaya, 9 g\u00fcnl\u00fck tatilinin ikinci g\u00fcn\u00fc, Ramazan Bayram\u0131&#8217;n\u0131n ilk g\u00fcn\u00fc olan 30 Mart Pazar g\u00fcn\u00fcne ili\u015fkin trafik bilan\u00e7osunu a\u00e7\u0131klad\u0131.\u00a0<br \/>\nBakan Yerlikaya, 14 can\u0131n geride g\u00f6z\u00fc ya\u015fl\u0131 anne, baba, evlat, karde\u015f, akraba b\u0131rakt\u0131\u011f\u0131n\u0131 belirterek, &#8220;L\u00fctfen, trafik kurallar\u0131na uyal\u0131m. Bayram sevin\u00e7lerimize ac\u0131 kar\u0131\u015fmas\u0131n. Yollar bizleri kavu\u015fturmak i\u00e7in var, ay\u0131rmak i\u00e7in de\u011fil&#8221; mesaj\u0131n\u0131 yineledi.<br \/>\nRamazan Bayram\u0131 tatilinin 2. g\u00fcn\u00fc (Pazar) 709 trafik kazas\u0131 meydana geldi. Maalesef ????14 vatanda\u015f\u0131m\u0131z hayat\u0131n\u0131 kaybetti, ????1.280 vatanda\u015f\u0131m\u0131z ise yaraland\u0131. 14 can geride g\u00f6z\u00fc ya\u015fl\u0131 anne, baba, evlat, karde\u015f, akraba b\u0131rakt\u0131. L\u00fctfen, trafik kurallar\u0131na uyal\u0131m. Bayram\u2026 pic.twitter.com\/FpeCUHXL7S\u2014 Ali Yerlikaya (@AliYerlikaya) March 31, 2025<br \/>\nBu arada 9 g\u00fcnl\u00fck Ramazan Bayram\u0131 Tatilinde Emniyet ve Jandarma Trafik ekiplerinin denetimleri s\u00fcrd\u00fc\u011f\u00fcn\u00fc ifade eden Bakan Yerlikaya, bayram tatilinin 2. g\u00fcn\u00fc 30 Mart 2025 Pazar g\u00fcn\u00fc trafik ekiplerimizce; 420 bin 737 ara\u00e7 denetlendi\u011fini, 22 bin 310 araca h\u0131z ve radar i\u015flemi, 18 bin 49 araca ise di\u011fer i\u015flemler yap\u0131ld\u0131\u011f\u0131n\u0131 belirterek, &#8220;Denetlemelerimiz i\u015flem yapmak i\u00e7in de\u011fil, kazalar\u0131 \u00f6nlemek ve can kayb\u0131m\u0131z\u0131 s\u0131f\u0131ra indirmek i\u00e7indir. Hayat\u0131n\u0131 kaybeden vatanda\u015flar\u0131m\u0131za Allah\u2019tan rahmet, yaral\u0131lar\u0131m\u0131za acil \u015fifalar diliyorum&#8221; dedi.<\/p>\n<p>\u200b\u0130\u00e7i\u015fleri Bakanl\u0131\u011f\u0131, 9 g\u00fcnl\u00fck tatilin ikinci g\u00fcn\u00fc olan 30 Mart Pazar g\u00fcn\u00fcne ili\u015fkin trafik raporunu kamuoyuyla payla\u015ft\u0131. 709 trafik kazas\u0131n\u0131n meydana geldi\u011fi tatilin ikinci g\u00fcn\u00fcnde 14 ki\u015fi hayat\u0131n\u0131 kaybederken, bin 280 ki\u015fi yaraland\u0131.ANKARA (\u0130GFA) &#8211; \u0130\u00e7i\u015fleri Bakan\u0131 Ali Yerlikaya, 9 g\u00fcnl\u00fck tatilinin ikinci g\u00fcn\u00fc, Ramazan Bayram\u0131&#8217;n\u0131n ilk g\u00fcn\u00fc olan 30 Mart Pazar g\u00fcn\u00fcne ili\u015fkin trafik bilan\u00e7osunu a\u00e7\u0131klad\u0131.\u00a0<br \/>\nBakan Yerlikaya, 14 can\u0131n geride g\u00f6z\u00fc ya\u015fl\u0131 anne, baba, evlat, karde\u015f, akraba b\u0131rakt\u0131\u011f\u0131n\u0131 belirterek, &#8220;L\u00fctfen, trafik kurallar\u0131na uyal\u0131m. Bayram sevin\u00e7lerimize ac\u0131 kar\u0131\u015fmas\u0131n. Yollar bizleri kavu\u015fturmak i\u00e7in var, ay\u0131rmak i\u00e7in de\u011fil&#8221; mesaj\u0131n\u0131 yineledi.<br \/>\nRamazan Bayram\u0131 tatilinin 2. g\u00fcn\u00fc (Pazar) 709 trafik kazas\u0131 meydana geldi. Maalesef ????14 vatanda\u015f\u0131m\u0131z hayat\u0131n\u0131 kaybetti, ????1.280 vatanda\u015f\u0131m\u0131z ise yaraland\u0131. 14 can geride g\u00f6z\u00fc ya\u015fl\u0131 anne, baba, evlat, karde\u015f, akraba b\u0131rakt\u0131. L\u00fctfen, trafik kurallar\u0131na uyal\u0131m. Bayram\u2026 pic.twitter.com\/FpeCUHXL7S\u2014 Ali Yerlikaya (@AliYerlikaya) March 31, 2025<br \/>\nBu arada 9 g\u00fcnl\u00fck Ramazan Bayram\u0131 Tatilinde Emniyet ve Jandarma Trafik ekiplerinin denetimleri s\u00fcrd\u00fc\u011f\u00fcn\u00fc ifade eden Bakan Yerlikaya, bayram tatilinin 2. g\u00fcn\u00fc 30 Mart 2025 Pazar g\u00fcn\u00fc trafik ekiplerimizce; 420 bin 737 ara\u00e7 denetlendi\u011fini, 22 bin 310 araca h\u0131z ve radar i\u015flemi, 18 bin 49 araca ise di\u011fer i\u015flemler yap\u0131ld\u0131\u011f\u0131n\u0131 belirterek, &#8220;Denetlemelerimiz i\u015flem yapmak i\u00e7in de\u011fil, kazalar\u0131 \u00f6nlemek ve can kayb\u0131m\u0131z\u0131 s\u0131f\u0131ra indirmek i\u00e7indir. Hayat\u0131n\u0131 kaybeden vatanda\u015flar\u0131m\u0131za Allah\u2019tan rahmet, yaral\u0131lar\u0131m\u0131za acil \u015fifalar diliyorum&#8221; dedi.\u00a0<\/p>\n<p>\u200bHaberin Al\u0131nt\u0131land\u0131\u011f\u0131 Kaynak: www.iskenderun.org<\/p>","protected":false},"excerpt":{"rendered":"<p>\u0130\u00e7i\u015fleri Bakanl\u0131\u011f\u0131, 9 g\u00fcnl\u00fck tatilin ikinci g\u00fcn\u00fc olan 30 Mart Pazar g\u00fcn\u00fcne ili\u015fkin trafik raporunu kamuoyuyla payla\u015ft\u0131. 709 trafik kazas\u0131n\u0131n meydana geldi\u011fi tatilin ikinci g\u00fcn\u00fcnde 14 ki\u015fi hayat\u0131n\u0131 kaybederken, bin 280 ki\u015fi yaraland\u0131.ANKARA (\u0130GFA) &#8211; \u0130\u00e7i\u015fleri Bakan\u0131 Ali Yerlikaya, 9 g\u00fcnl\u00fck tatilinin ikinci g\u00fcn\u00fc, Ramazan Bayram\u0131&#8217;n\u0131n ilk g\u00fcn\u00fc olan 30 Mart Pazar g\u00fcn\u00fcne ili\u015fkin trafik bilan\u00e7osunu a\u00e7\u0131klad\u0131.\u00a0 Bakan Yerlikaya, 14 can\u0131n geride g\u00f6z\u00fc ya\u015fl\u0131 anne, baba, evlat, karde\u015f, akraba b\u0131rakt\u0131\u011f\u0131n\u0131 belirterek, &#8220;L\u00fctfen, trafik kurallar\u0131na uyal\u0131m. Bayram sevin\u00e7lerimize ac\u0131 kar\u0131\u015fmas\u0131n. Yollar bizleri kavu\u015fturmak i\u00e7in var, ay\u0131rmak i\u00e7in de\u011fil&#8221; mesaj\u0131n\u0131 yineledi. Ramazan Bayram\u0131 tatilinin 2. g\u00fcn\u00fc (Pazar) 709 trafik kazas\u0131 meydana geldi. Maalesef ????14 vatanda\u015f\u0131m\u0131z hayat\u0131n\u0131 kaybetti, ????1.280 vatanda\u015f\u0131m\u0131z ise yaraland\u0131. 14 can geride g\u00f6z\u00fc ya\u015fl\u0131 anne, baba, evlat, karde\u015f, akraba b\u0131rakt\u0131. L\u00fctfen, trafik kurallar\u0131na uyal\u0131m. Bayram\u2026 pic.twitter.com\/FpeCUHXL7S\u2014 Ali Yerlikaya (@AliYerlikaya) March 31, 2025 Bu arada 9 g\u00fcnl\u00fck Ramazan Bayram\u0131 Tatilinde Emniyet ve Jandarma Trafik ekiplerinin denetimleri s\u00fcrd\u00fc\u011f\u00fcn\u00fc ifade eden Bakan Yerlikaya, bayram tatilinin 2. g\u00fcn\u00fc 30 Mart 2025 Pazar g\u00fcn\u00fc trafik ekiplerimizce; 420 bin 737 ara\u00e7 denetlendi\u011fini, 22 bin 310 araca h\u0131z ve radar i\u015flemi, 18 bin 49 araca ise di\u011fer i\u015flemler yap\u0131ld\u0131\u011f\u0131n\u0131 belirterek, &#8220;Denetlemelerimiz i\u015flem yapmak i\u00e7in de\u011fil, kazalar\u0131 \u00f6nlemek ve can kayb\u0131m\u0131z\u0131 s\u0131f\u0131ra indirmek i\u00e7indir. Hayat\u0131n\u0131 kaybeden vatanda\u015flar\u0131m\u0131za Allah\u2019tan &hellip;<\/p>","protected":false},"author":1,"featured_media":0,"comment_status":"","ping_status":"open","sticky":false,"template":"","format":"standard","meta":{"_acf_changed":false,"footnotes":""},"categories":[24],"tags":[],"class_list":["post-41644","post","type-post","status-publish","format-standard","has-post-thumbnail","hentry","category-gundem"],"acf":[],"yoast_head":"<!-- This site is optimized with the Yoast SEO Premium plugin v26.6 (Yoast SEO v27.1.1) - https:\/\/yoast.com\/product\/yoast-seo-premium-wordpress\/ -->\n<title>Tatilin ilk iki g\u00fcn\u00fcnde trafik 19 can ald\u0131! - Av. Deniz Can K\u0131z\u0131l<\/title>\n<meta name=\"robots\" content=\"index, follow, max-snippet:-1, max-image-preview:large, max-video-preview:-1\" \/>\n<link rel=\"canonical\" href=\"http:\/\/denizcankizil.tr\/en\/haberler\/gundem\/tatilin-ilk-iki-gununde-trafik-19-can-aldi\/\" \/>\n<meta property=\"og:locale\" content=\"en_GB\" \/>\n<meta property=\"og:type\" content=\"article\" \/>\n<meta property=\"og:title\" content=\"Tatilin ilk iki g\u00fcn\u00fcnde trafik 19 can ald\u0131!\" \/>\n<meta property=\"og:description\" content=\"\u0130\u00e7i\u015fleri Bakanl\u0131\u011f\u0131, 9 g\u00fcnl\u00fck tatilin ikinci g\u00fcn\u00fc olan 30 Mart Pazar g\u00fcn\u00fcne ili\u015fkin trafik raporunu kamuoyuyla payla\u015ft\u0131. 709 trafik kazas\u0131n\u0131n meydana geldi\u011fi tatilin ikinci g\u00fcn\u00fcnde 14 ki\u015fi hayat\u0131n\u0131 kaybederken, bin 280 ki\u015fi yaraland\u0131.ANKARA (\u0130GFA) &#8211; \u0130\u00e7i\u015fleri Bakan\u0131 Ali Yerlikaya, 9 g\u00fcnl\u00fck tatilinin ikinci g\u00fcn\u00fc, Ramazan Bayram\u0131&#8217;n\u0131n ilk g\u00fcn\u00fc olan 30 Mart Pazar g\u00fcn\u00fcne ili\u015fkin trafik bilan\u00e7osunu a\u00e7\u0131klad\u0131.\u00a0 Bakan Yerlikaya, 14 can\u0131n geride g\u00f6z\u00fc ya\u015fl\u0131 anne, baba, evlat, karde\u015f, akraba b\u0131rakt\u0131\u011f\u0131n\u0131 belirterek, &#8220;L\u00fctfen, trafik kurallar\u0131na uyal\u0131m. Bayram sevin\u00e7lerimize ac\u0131 kar\u0131\u015fmas\u0131n. Yollar bizleri kavu\u015fturmak i\u00e7in var, ay\u0131rmak i\u00e7in de\u011fil&#8221; mesaj\u0131n\u0131 yineledi. Ramazan Bayram\u0131 tatilinin 2. g\u00fcn\u00fc (Pazar) 709 trafik kazas\u0131 meydana geldi. Maalesef ????14 vatanda\u015f\u0131m\u0131z hayat\u0131n\u0131 kaybetti, ????1.280 vatanda\u015f\u0131m\u0131z ise yaraland\u0131. 14 can geride g\u00f6z\u00fc ya\u015fl\u0131 anne, baba, evlat, karde\u015f, akraba b\u0131rakt\u0131. L\u00fctfen, trafik kurallar\u0131na uyal\u0131m. Bayram\u2026 pic.twitter.com\/FpeCUHXL7S\u2014 Ali Yerlikaya (@AliYerlikaya) March 31, 2025 Bu arada 9 g\u00fcnl\u00fck Ramazan Bayram\u0131 Tatilinde Emniyet ve Jandarma Trafik ekiplerinin denetimleri s\u00fcrd\u00fc\u011f\u00fcn\u00fc ifade eden Bakan Yerlikaya, bayram tatilinin 2. g\u00fcn\u00fc 30 Mart 2025 Pazar g\u00fcn\u00fc trafik ekiplerimizce; 420 bin 737 ara\u00e7 denetlendi\u011fini, 22 bin 310 araca h\u0131z ve radar i\u015flemi, 18 bin 49 araca ise di\u011fer i\u015flemler yap\u0131ld\u0131\u011f\u0131n\u0131 belirterek, &#8220;Denetlemelerimiz i\u015flem yapmak i\u00e7in de\u011fil, kazalar\u0131 \u00f6nlemek ve can kayb\u0131m\u0131z\u0131 s\u0131f\u0131ra indirmek i\u00e7indir. Hayat\u0131n\u0131 kaybeden vatanda\u015flar\u0131m\u0131za Allah\u2019tan &hellip;\" \/>\n<meta property=\"og:url\" content=\"http:\/\/denizcankizil.tr\/en\/haberler\/gundem\/tatilin-ilk-iki-gununde-trafik-19-can-aldi\/\" \/>\n<meta property=\"og:site_name\" content=\"Av. Deniz Can K\u0131z\u0131l\" \/>\n<meta property=\"article:published_time\" content=\"2025-03-31T19:42:43+00:00\" \/>\n<meta name=\"author\" content=\"admin\" \/>\n<meta name=\"twitter:card\" content=\"summary_large_image\" \/>\n<meta name=\"twitter:label1\" content=\"Written by\" \/>\n\t<meta name=\"twitter:data1\" content=\"admin\" \/>\n\t<meta name=\"twitter:label2\" content=\"Estimated reading time\" \/>\n\t<meta name=\"twitter:data2\" content=\"3 minutes\" \/>\n<script type=\"application\/ld+json\" class=\"yoast-schema-graph\">{\"@context\":\"https:\/\/schema.org\",\"@graph\":[{\"@type\":\"Article\",\"@id\":\"http:\/\/denizcankizil.tr\/de\/haberler\/gundem\/tatilin-ilk-iki-gununde-trafik-19-can-aldi\/#article\",\"isPartOf\":{\"@id\":\"http:\/\/denizcankizil.tr\/de\/haberler\/gundem\/tatilin-ilk-iki-gununde-trafik-19-can-aldi\/\"},\"author\":{\"name\":\"admin\",\"@id\":\"https:\/\/denizcankizil.tr\/de\/#\/schema\/person\/be3c05fe6a12686905512445d8185489\"},\"headline\":\"Tatilin ilk iki g\u00fcn\u00fcnde trafik 19 can ald\u0131!\",\"datePublished\":\"2025-03-31T19:42:43+00:00\",\"mainEntityOfPage\":{\"@id\":\"http:\/\/denizcankizil.tr\/de\/haberler\/gundem\/tatilin-ilk-iki-gununde-trafik-19-can-aldi\/\"},\"wordCount\":561,\"publisher\":{\"@id\":\"https:\/\/denizcankizil.tr\/de\/#organization\"},\"articleSection\":[\"G\u00fcndem\"],\"inLanguage\":\"en-GB\"},{\"@type\":\"WebPage\",\"@id\":\"http:\/\/denizcankizil.tr\/de\/haberler\/gundem\/tatilin-ilk-iki-gununde-trafik-19-can-aldi\/\",\"url\":\"http:\/\/denizcankizil.tr\/de\/haberler\/gundem\/tatilin-ilk-iki-gununde-trafik-19-can-aldi\/\",\"name\":\"Tatilin ilk iki g\u00fcn\u00fcnde trafik 19 can ald\u0131! - Av. Deniz Can K\u0131z\u0131l\",\"isPartOf\":{\"@id\":\"https:\/\/denizcankizil.tr\/de\/#website\"},\"datePublished\":\"2025-03-31T19:42:43+00:00\",\"breadcrumb\":{\"@id\":\"http:\/\/denizcankizil.tr\/de\/haberler\/gundem\/tatilin-ilk-iki-gununde-trafik-19-can-aldi\/#breadcrumb\"},\"inLanguage\":\"en-GB\",\"potentialAction\":[{\"@type\":\"ReadAction\",\"target\":[\"http:\/\/denizcankizil.tr\/de\/haberler\/gundem\/tatilin-ilk-iki-gununde-trafik-19-can-aldi\/\"]}]},{\"@type\":\"BreadcrumbList\",\"@id\":\"http:\/\/denizcankizil.tr\/de\/haberler\/gundem\/tatilin-ilk-iki-gununde-trafik-19-can-aldi\/#breadcrumb\",\"itemListElement\":[{\"@type\":\"ListItem\",\"position\":1,\"name\":\"Home\",\"item\":\"https:\/\/denizcankizil.tr\/de\/\"},{\"@type\":\"ListItem\",\"position\":2,\"name\":\"Tatilin ilk iki g\u00fcn\u00fcnde trafik 19 can ald\u0131!\"}]},{\"@type\":\"WebSite\",\"@id\":\"https:\/\/denizcankizil.tr\/de\/#website\",\"url\":\"https:\/\/denizcankizil.tr\/de\/\",\"name\":\"Av. Deniz Can K\u0131z\u0131l\",\"description\":\"Avukat Deniz Can K\u0131z\u0131l Antalya Barosu\",\"publisher\":{\"@id\":\"https:\/\/denizcankizil.tr\/de\/#organization\"},\"potentialAction\":[{\"@type\":\"SearchAction\",\"target\":{\"@type\":\"EntryPoint\",\"urlTemplate\":\"https:\/\/denizcankizil.tr\/de\/?s={search_term_string}\"},\"query-input\":{\"@type\":\"PropertyValueSpecification\",\"valueRequired\":true,\"valueName\":\"search_term_string\"}}],\"inLanguage\":\"en-GB\"},{\"@type\":\"Organization\",\"@id\":\"https:\/\/denizcankizil.tr\/de\/#organization\",\"name\":\"Av. Deniz Can K\u0131z\u0131l\",\"url\":\"https:\/\/denizcankizil.tr\/de\/\",\"logo\":{\"@type\":\"ImageObject\",\"inLanguage\":\"en-GB\",\"@id\":\"https:\/\/denizcankizil.tr\/de\/#\/schema\/logo\/image\/\",\"url\":\"http:\/\/denizcankizil.tr\/wp-content\/uploads\/2024\/10\/siyah-logo-svg.svg\",\"contentUrl\":\"http:\/\/denizcankizil.tr\/wp-content\/uploads\/2024\/10\/siyah-logo-svg.svg\",\"width\":1080,\"height\":1080,\"caption\":\"Av. Deniz Can K\u0131z\u0131l\"},\"image\":{\"@id\":\"https:\/\/denizcankizil.tr\/de\/#\/schema\/logo\/image\/\"}},{\"@type\":\"Person\",\"@id\":\"https:\/\/denizcankizil.tr\/de\/#\/schema\/person\/be3c05fe6a12686905512445d8185489\",\"name\":\"admin\",\"image\":{\"@type\":\"ImageObject\",\"inLanguage\":\"en-GB\",\"@id\":\"https:\/\/denizcankizil.tr\/de\/#\/schema\/person\/image\/\",\"url\":\"https:\/\/secure.gravatar.com\/avatar\/c1fce94c830dc79107e174f890d7210541c4a63e8e5d816341794a2151c9d58c?s=96&d=mm&r=g\",\"contentUrl\":\"https:\/\/secure.gravatar.com\/avatar\/c1fce94c830dc79107e174f890d7210541c4a63e8e5d816341794a2151c9d58c?s=96&d=mm&r=g\",\"caption\":\"admin\"},\"sameAs\":[\"http:\/\/denizcankizil.tr\"],\"url\":\"https:\/\/www.iskenderun.org\/tatilin-ilk-iki-gununde-trafik-19-can-aldi\"}]}<\/script>\n<!-- \/ Yoast SEO Premium plugin. -->","yoast_head_json":{"title":"Tatilin ilk iki g\u00fcn\u00fcnde trafik 19 can ald\u0131! - Av. Deniz Can K\u0131z\u0131l","robots":{"index":"index","follow":"follow","max-snippet":"max-snippet:-1","max-image-preview":"max-image-preview:large","max-video-preview":"max-video-preview:-1"},"canonical":"http:\/\/denizcankizil.tr\/en\/haberler\/gundem\/tatilin-ilk-iki-gununde-trafik-19-can-aldi\/","og_locale":"en_GB","og_type":"article","og_title":"Tatilin ilk iki g\u00fcn\u00fcnde trafik 19 can ald\u0131!","og_description":"\u0130\u00e7i\u015fleri Bakanl\u0131\u011f\u0131, 9 g\u00fcnl\u00fck tatilin ikinci g\u00fcn\u00fc olan 30 Mart Pazar g\u00fcn\u00fcne ili\u015fkin trafik raporunu kamuoyuyla payla\u015ft\u0131. 709 trafik kazas\u0131n\u0131n meydana geldi\u011fi tatilin ikinci g\u00fcn\u00fcnde 14 ki\u015fi hayat\u0131n\u0131 kaybederken, bin 280 ki\u015fi yaraland\u0131.ANKARA (\u0130GFA) &#8211; \u0130\u00e7i\u015fleri Bakan\u0131 Ali Yerlikaya, 9 g\u00fcnl\u00fck tatilinin ikinci g\u00fcn\u00fc, Ramazan Bayram\u0131&#8217;n\u0131n ilk g\u00fcn\u00fc olan 30 Mart Pazar g\u00fcn\u00fcne ili\u015fkin trafik bilan\u00e7osunu a\u00e7\u0131klad\u0131.\u00a0 Bakan Yerlikaya, 14 can\u0131n geride g\u00f6z\u00fc ya\u015fl\u0131 anne, baba, evlat, karde\u015f, akraba b\u0131rakt\u0131\u011f\u0131n\u0131 belirterek, &#8220;L\u00fctfen, trafik kurallar\u0131na uyal\u0131m. Bayram sevin\u00e7lerimize ac\u0131 kar\u0131\u015fmas\u0131n. Yollar bizleri kavu\u015fturmak i\u00e7in var, ay\u0131rmak i\u00e7in de\u011fil&#8221; mesaj\u0131n\u0131 yineledi. Ramazan Bayram\u0131 tatilinin 2. g\u00fcn\u00fc (Pazar) 709 trafik kazas\u0131 meydana geldi. Maalesef ????14 vatanda\u015f\u0131m\u0131z hayat\u0131n\u0131 kaybetti, ????1.280 vatanda\u015f\u0131m\u0131z ise yaraland\u0131. 14 can geride g\u00f6z\u00fc ya\u015fl\u0131 anne, baba, evlat, karde\u015f, akraba b\u0131rakt\u0131. L\u00fctfen, trafik kurallar\u0131na uyal\u0131m. Bayram\u2026 pic.twitter.com\/FpeCUHXL7S\u2014 Ali Yerlikaya (@AliYerlikaya) March 31, 2025 Bu arada 9 g\u00fcnl\u00fck Ramazan Bayram\u0131 Tatilinde Emniyet ve Jandarma Trafik ekiplerinin denetimleri s\u00fcrd\u00fc\u011f\u00fcn\u00fc ifade eden Bakan Yerlikaya, bayram tatilinin 2. g\u00fcn\u00fc 30 Mart 2025 Pazar g\u00fcn\u00fc trafik ekiplerimizce; 420 bin 737 ara\u00e7 denetlendi\u011fini, 22 bin 310 araca h\u0131z ve radar i\u015flemi, 18 bin 49 araca ise di\u011fer i\u015flemler yap\u0131ld\u0131\u011f\u0131n\u0131 belirterek, &#8220;Denetlemelerimiz i\u015flem yapmak i\u00e7in de\u011fil, kazalar\u0131 \u00f6nlemek ve can kayb\u0131m\u0131z\u0131 s\u0131f\u0131ra indirmek i\u00e7indir. Hayat\u0131n\u0131 kaybeden vatanda\u015flar\u0131m\u0131za Allah\u2019tan &hellip;","og_url":"http:\/\/denizcankizil.tr\/en\/haberler\/gundem\/tatilin-ilk-iki-gununde-trafik-19-can-aldi\/","og_site_name":"Av. Deniz Can K\u0131z\u0131l","article_published_time":"2025-03-31T19:42:43+00:00","author":"admin","twitter_card":"summary_large_image","twitter_misc":{"Written by":"admin","Estimated reading time":"3 minutes"},"schema":{"@context":"https:\/\/schema.org","@graph":[{"@type":"Article","@id":"http:\/\/denizcankizil.tr\/de\/haberler\/gundem\/tatilin-ilk-iki-gununde-trafik-19-can-aldi\/#article","isPartOf":{"@id":"http:\/\/denizcankizil.tr\/de\/haberler\/gundem\/tatilin-ilk-iki-gununde-trafik-19-can-aldi\/"},"author":{"name":"admin","@id":"https:\/\/denizcankizil.tr\/de\/#\/schema\/person\/be3c05fe6a12686905512445d8185489"},"headline":"Tatilin ilk iki g\u00fcn\u00fcnde trafik 19 can ald\u0131!","datePublished":"2025-03-31T19:42:43+00:00","mainEntityOfPage":{"@id":"http:\/\/denizcankizil.tr\/de\/haberler\/gundem\/tatilin-ilk-iki-gununde-trafik-19-can-aldi\/"},"wordCount":561,"publisher":{"@id":"https:\/\/denizcankizil.tr\/de\/#organization"},"articleSection":["G\u00fcndem"],"inLanguage":"en-GB"},{"@type":"WebPage","@id":"http:\/\/denizcankizil.tr\/de\/haberler\/gundem\/tatilin-ilk-iki-gununde-trafik-19-can-aldi\/","url":"http:\/\/denizcankizil.tr\/de\/haberler\/gundem\/tatilin-ilk-iki-gununde-trafik-19-can-aldi\/","name":"Tatilin ilk iki g\u00fcn\u00fcnde trafik 19 can ald\u0131! - Av. Deniz Can K\u0131z\u0131l","isPartOf":{"@id":"https:\/\/denizcankizil.tr\/de\/#website"},"datePublished":"2025-03-31T19:42:43+00:00","breadcrumb":{"@id":"http:\/\/denizcankizil.tr\/de\/haberler\/gundem\/tatilin-ilk-iki-gununde-trafik-19-can-aldi\/#breadcrumb"},"inLanguage":"en-GB","potentialAction":[{"@type":"ReadAction","target":["http:\/\/denizcankizil.tr\/de\/haberler\/gundem\/tatilin-ilk-iki-gununde-trafik-19-can-aldi\/"]}]},{"@type":"BreadcrumbList","@id":"http:\/\/denizcankizil.tr\/de\/haberler\/gundem\/tatilin-ilk-iki-gununde-trafik-19-can-aldi\/#breadcrumb","itemListElement":[{"@type":"ListItem","position":1,"name":"Home","item":"https:\/\/denizcankizil.tr\/de\/"},{"@type":"ListItem","position":2,"name":"Tatilin ilk iki g\u00fcn\u00fcnde trafik 19 can ald\u0131!"}]},{"@type":"WebSite","@id":"https:\/\/denizcankizil.tr\/de\/#website","url":"https:\/\/denizcankizil.tr\/de\/","name":"Av. Deniz Can K\u0131z\u0131l","description":"Avukat Deniz Can K\u0131z\u0131l Antalya Barosu","publisher":{"@id":"https:\/\/denizcankizil.tr\/de\/#organization"},"potentialAction":[{"@type":"SearchAction","target":{"@type":"EntryPoint","urlTemplate":"https:\/\/denizcankizil.tr\/de\/?s={search_term_string}"},"query-input":{"@type":"PropertyValueSpecification","valueRequired":true,"valueName":"search_term_string"}}],"inLanguage":"en-GB"},{"@type":"Organization","@id":"https:\/\/denizcankizil.tr\/de\/#organization","name":"Av. Deniz Can K\u0131z\u0131l","url":"https:\/\/denizcankizil.tr\/de\/","logo":{"@type":"ImageObject","inLanguage":"en-GB","@id":"https:\/\/denizcankizil.tr\/de\/#\/schema\/logo\/image\/","url":"http:\/\/denizcankizil.tr\/wp-content\/uploads\/2024\/10\/siyah-logo-svg.svg","contentUrl":"http:\/\/denizcankizil.tr\/wp-content\/uploads\/2024\/10\/siyah-logo-svg.svg","width":1080,"height":1080,"caption":"Av. Deniz Can K\u0131z\u0131l"},"image":{"@id":"https:\/\/denizcankizil.tr\/de\/#\/schema\/logo\/image\/"}},{"@type":"Person","@id":"https:\/\/denizcankizil.tr\/de\/#\/schema\/person\/be3c05fe6a12686905512445d8185489","name":"admin","image":{"@type":"ImageObject","inLanguage":"en-GB","@id":"https:\/\/denizcankizil.tr\/de\/#\/schema\/person\/image\/","url":"https:\/\/secure.gravatar.com\/avatar\/c1fce94c830dc79107e174f890d7210541c4a63e8e5d816341794a2151c9d58c?s=96&d=mm&r=g","contentUrl":"https:\/\/secure.gravatar.com\/avatar\/c1fce94c830dc79107e174f890d7210541c4a63e8e5d816341794a2151c9d58c?s=96&d=mm&r=g","caption":"admin"},"sameAs":["http:\/\/denizcankizil.tr"],"url":"https:\/\/www.iskenderun.org\/tatilin-ilk-iki-gununde-trafik-19-can-aldi"}]}},"_links":{"self":[{"href":"http:\/\/denizcankizil.tr\/en\/wp-json\/wp\/v2\/posts\/41644","targetHints":{"allow":["GET"]}}],"collection":[{"href":"http:\/\/denizcankizil.tr\/en\/wp-json\/wp\/v2\/posts"}],"about":[{"href":"http:\/\/denizcankizil.tr\/en\/wp-json\/wp\/v2\/types\/post"}],"author":[{"embeddable":true,"href":"http:\/\/denizcankizil.tr\/en\/wp-json\/wp\/v2\/users\/1"}],"replies":[{"embeddable":true,"href":"http:\/\/denizcankizil.tr\/en\/wp-json\/wp\/v2\/comments?post=41644"}],"version-history":[{"count":0,"href":"http:\/\/denizcankizil.tr\/en\/wp-json\/wp\/v2\/posts\/41644\/revisions"}],"wp:attachment":[{"href":"http:\/\/denizcankizil.tr\/en\/wp-json\/wp\/v2\/media?parent=41644"}],"wp:term":[{"taxonomy":"category","embeddable":true,"href":"http:\/\/denizcankizil.tr\/en\/wp-json\/wp\/v2\/categories?post=41644"},{"taxonomy":"post_tag","embeddable":true,"href":"http:\/\/denizcankizil.tr\/en\/wp-json\/wp\/v2\/tags?post=41644"}],"curies":[{"name":"wp","href":"https:\/\/api.w.org\/{rel}","templated":true}]}}