{"id":41358,"date":"2025-03-31T17:41:25","date_gmt":"2025-03-31T14:41:25","guid":{"rendered":"https:\/\/denizcankizil.tr\/uncategorized-tr\/baskan-bocek-partililer-ile-bayramlasti-umudumuzu-kaybetmeyecegiz\/"},"modified":"2025-03-31T17:41:25","modified_gmt":"2025-03-31T14:41:25","slug":"baskan-bocek-partililer-ile-bayramlasti-umudumuzu-kaybetmeyecegiz","status":"publish","type":"post","link":"http:\/\/denizcankizil.tr\/en\/haberler\/gundem\/baskan-bocek-partililer-ile-bayramlasti-umudumuzu-kaybetmeyecegiz\/","title":{"rendered":"Ba\u015fkan B\u00f6cek, partililer ile bayramla\u015ft\u0131: &#8220;Umudumuzu kaybetmeyece\u011fiz&#8221;"},"content":{"rendered":"<p>Antalya B\u00fcy\u00fck\u015fehir Belediye Ba\u015fkan\u0131 Muhittin B\u00f6cek, Cumhuriyet Halk Partisi (CHP) Antalya \u0130l Ba\u015fkanl\u0131\u011f\u0131\u2019nda d\u00fczenlenen geleneksel bayramla\u015fma t\u00f6reninde partililerle bayramla\u015ft\u0131. \u00a0\u00a0<\/p>\n<p>&#8220;\u0130MAMO\u011eLU&#8217;NUN HAKSIZ YERE CEZAEV\u0130&#8217;NDE OLMASINDAN DOLAYI BAYRAMIMIZ BURUK&#8221;<\/p>\n<p>CHP Antalya \u0130l Ba\u015fkanl\u0131\u011f\u0131\u2019nda ger\u00e7ekle\u015ftirilen geleneksel bayramla\u015fma t\u00f6renine Antalya B\u00fcy\u00fck\u015fehir Belediye Ba\u015fkan\u0131 Muhittin B\u00f6cek, CHP Antalya \u0130l Ba\u015fkan\u0131 Nail Kamac\u0131, CHP Antalya milletvekilleri, belediye ba\u015fkanlar\u0131 ve partililer kat\u0131ld\u0131. Ba\u015fkan Muhittin B\u00f6cek, \u0130l Ba\u015fkanl\u0131\u011f\u0131 \u00f6n\u00fcnde partililerle tek tek bayramla\u015farak, bayramlar\u0131n\u0131 kutlad\u0131. G\u00fcne \u00fcz\u00fcc\u00fc bir haberle ba\u015flad\u0131klar\u0131n\u0131 s\u00f6yleyen Ba\u015fkan Muhittin B\u00f6cek, \u00fcnl\u00fc sanat\u00e7\u0131 Volkan Konak\u2019\u0131 kaybetmenin \u00fcz\u00fcnt\u00fcs\u00fcn\u00fc ya\u015fad\u0131klar\u0131n\u0131 belirterek, sevenlerine ve ailesine sab\u0131rlar diledi. Ba\u015fkan B\u00f6cek t\u00f6rende yapt\u0131\u011f\u0131 konu\u015fmada, &#8220;T\u00fcrkiye Belediyeler Birli\u011fi Ba\u015fkan\u0131m\u0131z ve Cumhurba\u015fkan\u0131 aday\u0131m\u0131z Ekrem \u0130mamo\u011flu\u2019nun cezaevinde olmas\u0131 ve belediye ba\u015fkanlar\u0131m\u0131z\u0131n haks\u0131z yere orada olmas\u0131ndan dolay\u0131 bu bayram\u0131 buruk kar\u015f\u0131lad\u0131k ama umudumuzu hi\u00e7 kaybetmeyece\u011fiz. Bug\u00fcn 31 Mart; se\u00e7imlerin \u00fczerinden bir y\u0131l ge\u00e7ti. Burada bulunan il ba\u015fkan\u0131m\u0131z, il\u00e7e ba\u015fkanlar\u0131m\u0131z, belediye ba\u015fkanlar\u0131m\u0131z ve yol arkada\u015flar\u0131m\u0131zla 19 il\u00e7ede, belediye ba\u015fkan\u0131 aday\u0131 arkada\u015flar\u0131m\u0131zla Antalya ittifak\u0131 ile iktidara 20 belediyenin 18\u2019ini kaybettirmi\u015f bir \u00f6rg\u00fct\u00fcm\u00fcz var. Onlara bir kez daha te\u015fekk\u00fcr ediyorum. Hi\u00e7bir zaman umudumuzu kaybetmeyece\u011fiz. \u00d6n\u00fcm\u00fczde hep ayd\u0131nl\u0131k g\u00fczel g\u00fcnler var&#8221; dedi.\u00a0<\/p>\n<p>\u00a0<\/p>\n<p>\u200bAntalya B\u00fcy\u00fck\u015fehir Belediye Ba\u015fkan\u0131 Muhittin B\u00f6cek, CHP Antalya \u0130l Ba\u015fkanl\u0131\u011f\u0131&#8217;nda d\u00fczenlenen bayramla\u015fma t\u00f6reninde partililerle bir araya geldi. Volkan Konak&#8217;\u0131n vefat\u0131 nedeniyle \u00fcz\u00fcnt\u00fcs\u00fcn\u00fc dile getiren B\u00f6cek, Ekrem \u0130mamo\u011flu&#8217;nun cezaevinde olmas\u0131na da de\u011finerek, &#8220;Bu bayram buruk ama umudumuzu kaybetmeyece\u011fiz&#8221; dedi.\u00a0<\/p>\n<p>\u200bHaberin Al\u0131nt\u0131land\u0131\u011f\u0131 Kaynak: www.antalyakorfez.com<\/p>","protected":false},"excerpt":{"rendered":"<p>Antalya B\u00fcy\u00fck\u015fehir Belediye Ba\u015fkan\u0131 Muhittin B\u00f6cek, Cumhuriyet Halk Partisi (CHP) Antalya \u0130l Ba\u015fkanl\u0131\u011f\u0131\u2019nda d\u00fczenlenen geleneksel bayramla\u015fma t\u00f6reninde partililerle bayramla\u015ft\u0131. \u00a0\u00a0 &#8220;\u0130MAMO\u011eLU&#8217;NUN HAKSIZ YERE CEZAEV\u0130&#8217;NDE OLMASINDAN DOLAYI BAYRAMIMIZ BURUK&#8221; CHP Antalya \u0130l Ba\u015fkanl\u0131\u011f\u0131\u2019nda ger\u00e7ekle\u015ftirilen geleneksel bayramla\u015fma t\u00f6renine Antalya B\u00fcy\u00fck\u015fehir Belediye Ba\u015fkan\u0131 Muhittin B\u00f6cek, CHP Antalya \u0130l Ba\u015fkan\u0131 Nail Kamac\u0131, CHP Antalya milletvekilleri, belediye ba\u015fkanlar\u0131 ve partililer kat\u0131ld\u0131. Ba\u015fkan Muhittin B\u00f6cek, \u0130l Ba\u015fkanl\u0131\u011f\u0131 \u00f6n\u00fcnde partililerle tek tek bayramla\u015farak, bayramlar\u0131n\u0131 kutlad\u0131. G\u00fcne \u00fcz\u00fcc\u00fc bir haberle ba\u015flad\u0131klar\u0131n\u0131 s\u00f6yleyen Ba\u015fkan Muhittin B\u00f6cek, \u00fcnl\u00fc sanat\u00e7\u0131 Volkan Konak\u2019\u0131 kaybetmenin \u00fcz\u00fcnt\u00fcs\u00fcn\u00fc ya\u015fad\u0131klar\u0131n\u0131 belirterek, sevenlerine ve ailesine sab\u0131rlar diledi. Ba\u015fkan B\u00f6cek t\u00f6rende yapt\u0131\u011f\u0131 konu\u015fmada, &#8220;T\u00fcrkiye Belediyeler Birli\u011fi Ba\u015fkan\u0131m\u0131z ve Cumhurba\u015fkan\u0131 aday\u0131m\u0131z Ekrem \u0130mamo\u011flu\u2019nun cezaevinde olmas\u0131 ve belediye ba\u015fkanlar\u0131m\u0131z\u0131n haks\u0131z yere orada olmas\u0131ndan dolay\u0131 bu bayram\u0131 buruk kar\u015f\u0131lad\u0131k ama umudumuzu hi\u00e7 kaybetmeyece\u011fiz. Bug\u00fcn 31 Mart; se\u00e7imlerin \u00fczerinden bir y\u0131l ge\u00e7ti. Burada bulunan il ba\u015fkan\u0131m\u0131z, il\u00e7e ba\u015fkanlar\u0131m\u0131z, belediye ba\u015fkanlar\u0131m\u0131z ve yol arkada\u015flar\u0131m\u0131zla 19 il\u00e7ede, belediye ba\u015fkan\u0131 aday\u0131 arkada\u015flar\u0131m\u0131zla Antalya ittifak\u0131 ile iktidara 20 belediyenin 18\u2019ini kaybettirmi\u015f bir \u00f6rg\u00fct\u00fcm\u00fcz var. Onlara bir kez daha te\u015fekk\u00fcr ediyorum. Hi\u00e7bir zaman umudumuzu kaybetmeyece\u011fiz. \u00d6n\u00fcm\u00fczde hep ayd\u0131nl\u0131k g\u00fczel g\u00fcnler var&#8221; dedi.\u00a0 \u00a0 \u200bAntalya B\u00fcy\u00fck\u015fehir Belediye Ba\u015fkan\u0131 Muhittin B\u00f6cek, CHP Antalya \u0130l Ba\u015fkanl\u0131\u011f\u0131&#8217;nda d\u00fczenlenen bayramla\u015fma t\u00f6reninde partililerle bir araya geldi. Volkan Konak&#8217;\u0131n vefat\u0131 nedeniyle \u00fcz\u00fcnt\u00fcs\u00fcn\u00fc dile getiren &hellip;<\/p>","protected":false},"author":5,"featured_media":0,"comment_status":"","ping_status":"open","sticky":false,"template":"","format":"standard","meta":{"_acf_changed":false,"footnotes":""},"categories":[24],"tags":[],"class_list":["post-41358","post","type-post","status-publish","format-standard","has-post-thumbnail","hentry","category-gundem"],"acf":[],"yoast_head":"<!-- This site is optimized with the Yoast SEO Premium plugin v26.6 (Yoast SEO v27.1.1) - https:\/\/yoast.com\/product\/yoast-seo-premium-wordpress\/ -->\n<title>Ba\u015fkan B\u00f6cek, partililer ile bayramla\u015ft\u0131: &quot;Umudumuzu kaybetmeyece\u011fiz&quot; - Av. Deniz Can K\u0131z\u0131l<\/title>\n<meta name=\"robots\" content=\"index, follow, max-snippet:-1, max-image-preview:large, max-video-preview:-1\" \/>\n<link rel=\"canonical\" href=\"http:\/\/denizcankizil.tr\/en\/haberler\/gundem\/baskan-bocek-partililer-ile-bayramlasti-umudumuzu-kaybetmeyecegiz\/\" \/>\n<meta property=\"og:locale\" content=\"en_GB\" \/>\n<meta property=\"og:type\" content=\"article\" \/>\n<meta property=\"og:title\" content=\"Ba\u015fkan B\u00f6cek, partililer ile bayramla\u015ft\u0131: &quot;Umudumuzu kaybetmeyece\u011fiz&quot;\" \/>\n<meta property=\"og:description\" content=\"Antalya B\u00fcy\u00fck\u015fehir Belediye Ba\u015fkan\u0131 Muhittin B\u00f6cek, Cumhuriyet Halk Partisi (CHP) Antalya \u0130l Ba\u015fkanl\u0131\u011f\u0131\u2019nda d\u00fczenlenen geleneksel bayramla\u015fma t\u00f6reninde partililerle bayramla\u015ft\u0131. \u00a0\u00a0 &#8220;\u0130MAMO\u011eLU&#8217;NUN HAKSIZ YERE CEZAEV\u0130&#8217;NDE OLMASINDAN DOLAYI BAYRAMIMIZ BURUK&#8221; CHP Antalya \u0130l Ba\u015fkanl\u0131\u011f\u0131\u2019nda ger\u00e7ekle\u015ftirilen geleneksel bayramla\u015fma t\u00f6renine Antalya B\u00fcy\u00fck\u015fehir Belediye Ba\u015fkan\u0131 Muhittin B\u00f6cek, CHP Antalya \u0130l Ba\u015fkan\u0131 Nail Kamac\u0131, CHP Antalya milletvekilleri, belediye ba\u015fkanlar\u0131 ve partililer kat\u0131ld\u0131. Ba\u015fkan Muhittin B\u00f6cek, \u0130l Ba\u015fkanl\u0131\u011f\u0131 \u00f6n\u00fcnde partililerle tek tek bayramla\u015farak, bayramlar\u0131n\u0131 kutlad\u0131. G\u00fcne \u00fcz\u00fcc\u00fc bir haberle ba\u015flad\u0131klar\u0131n\u0131 s\u00f6yleyen Ba\u015fkan Muhittin B\u00f6cek, \u00fcnl\u00fc sanat\u00e7\u0131 Volkan Konak\u2019\u0131 kaybetmenin \u00fcz\u00fcnt\u00fcs\u00fcn\u00fc ya\u015fad\u0131klar\u0131n\u0131 belirterek, sevenlerine ve ailesine sab\u0131rlar diledi. Ba\u015fkan B\u00f6cek t\u00f6rende yapt\u0131\u011f\u0131 konu\u015fmada, &#8220;T\u00fcrkiye Belediyeler Birli\u011fi Ba\u015fkan\u0131m\u0131z ve Cumhurba\u015fkan\u0131 aday\u0131m\u0131z Ekrem \u0130mamo\u011flu\u2019nun cezaevinde olmas\u0131 ve belediye ba\u015fkanlar\u0131m\u0131z\u0131n haks\u0131z yere orada olmas\u0131ndan dolay\u0131 bu bayram\u0131 buruk kar\u015f\u0131lad\u0131k ama umudumuzu hi\u00e7 kaybetmeyece\u011fiz. Bug\u00fcn 31 Mart; se\u00e7imlerin \u00fczerinden bir y\u0131l ge\u00e7ti. Burada bulunan il ba\u015fkan\u0131m\u0131z, il\u00e7e ba\u015fkanlar\u0131m\u0131z, belediye ba\u015fkanlar\u0131m\u0131z ve yol arkada\u015flar\u0131m\u0131zla 19 il\u00e7ede, belediye ba\u015fkan\u0131 aday\u0131 arkada\u015flar\u0131m\u0131zla Antalya ittifak\u0131 ile iktidara 20 belediyenin 18\u2019ini kaybettirmi\u015f bir \u00f6rg\u00fct\u00fcm\u00fcz var. Onlara bir kez daha te\u015fekk\u00fcr ediyorum. Hi\u00e7bir zaman umudumuzu kaybetmeyece\u011fiz. \u00d6n\u00fcm\u00fczde hep ayd\u0131nl\u0131k g\u00fczel g\u00fcnler var&#8221; dedi.\u00a0 \u00a0 \u200bAntalya B\u00fcy\u00fck\u015fehir Belediye Ba\u015fkan\u0131 Muhittin B\u00f6cek, CHP Antalya \u0130l Ba\u015fkanl\u0131\u011f\u0131&#8217;nda d\u00fczenlenen bayramla\u015fma t\u00f6reninde partililerle bir araya geldi. Volkan Konak&#8217;\u0131n vefat\u0131 nedeniyle \u00fcz\u00fcnt\u00fcs\u00fcn\u00fc dile getiren &hellip;\" \/>\n<meta property=\"og:url\" content=\"http:\/\/denizcankizil.tr\/en\/haberler\/gundem\/baskan-bocek-partililer-ile-bayramlasti-umudumuzu-kaybetmeyecegiz\/\" \/>\n<meta property=\"og:site_name\" content=\"Av. Deniz Can K\u0131z\u0131l\" \/>\n<meta property=\"article:published_time\" content=\"2025-03-31T14:41:25+00:00\" \/>\n<meta name=\"author\" content=\"Antalya K\u00f6rfez\" \/>\n<meta name=\"twitter:card\" content=\"summary_large_image\" \/>\n<meta name=\"twitter:label1\" content=\"Written by\" \/>\n\t<meta name=\"twitter:data1\" content=\"Antalya K\u00f6rfez\" \/>\n\t<meta name=\"twitter:label2\" content=\"Estimated reading time\" \/>\n\t<meta name=\"twitter:data2\" content=\"2 minutes\" \/>\n<script type=\"application\/ld+json\" class=\"yoast-schema-graph\">{\"@context\":\"https:\/\/schema.org\",\"@graph\":[{\"@type\":\"Article\",\"@id\":\"http:\/\/denizcankizil.tr\/en\/haberler\/gundem\/baskan-bocek-partililer-ile-bayramlasti-umudumuzu-kaybetmeyecegiz\/#article\",\"isPartOf\":{\"@id\":\"http:\/\/denizcankizil.tr\/en\/haberler\/gundem\/baskan-bocek-partililer-ile-bayramlasti-umudumuzu-kaybetmeyecegiz\/\"},\"author\":{\"name\":\"Antalya K\u00f6rfez\",\"@id\":\"https:\/\/denizcankizil.tr\/de\/#\/schema\/person\/e1eb71bb4dd684d46563f0af307e1234\"},\"headline\":\"Ba\u015fkan B\u00f6cek, partililer ile bayramla\u015ft\u0131: &#8220;Umudumuzu kaybetmeyece\u011fiz&#8221;\",\"datePublished\":\"2025-03-31T14:41:25+00:00\",\"mainEntityOfPage\":{\"@id\":\"http:\/\/denizcankizil.tr\/en\/haberler\/gundem\/baskan-bocek-partililer-ile-bayramlasti-umudumuzu-kaybetmeyecegiz\/\"},\"wordCount\":355,\"publisher\":{\"@id\":\"https:\/\/denizcankizil.tr\/de\/#organization\"},\"articleSection\":[\"G\u00fcndem\"],\"inLanguage\":\"en-GB\"},{\"@type\":\"WebPage\",\"@id\":\"http:\/\/denizcankizil.tr\/en\/haberler\/gundem\/baskan-bocek-partililer-ile-bayramlasti-umudumuzu-kaybetmeyecegiz\/\",\"url\":\"http:\/\/denizcankizil.tr\/en\/haberler\/gundem\/baskan-bocek-partililer-ile-bayramlasti-umudumuzu-kaybetmeyecegiz\/\",\"name\":\"Ba\u015fkan B\u00f6cek, partililer ile bayramla\u015ft\u0131: \\\"Umudumuzu kaybetmeyece\u011fiz\\\" - Av. Deniz Can K\u0131z\u0131l\",\"isPartOf\":{\"@id\":\"https:\/\/denizcankizil.tr\/de\/#website\"},\"datePublished\":\"2025-03-31T14:41:25+00:00\",\"breadcrumb\":{\"@id\":\"http:\/\/denizcankizil.tr\/en\/haberler\/gundem\/baskan-bocek-partililer-ile-bayramlasti-umudumuzu-kaybetmeyecegiz\/#breadcrumb\"},\"inLanguage\":\"en-GB\",\"potentialAction\":[{\"@type\":\"ReadAction\",\"target\":[\"http:\/\/denizcankizil.tr\/en\/haberler\/gundem\/baskan-bocek-partililer-ile-bayramlasti-umudumuzu-kaybetmeyecegiz\/\"]}]},{\"@type\":\"BreadcrumbList\",\"@id\":\"http:\/\/denizcankizil.tr\/en\/haberler\/gundem\/baskan-bocek-partililer-ile-bayramlasti-umudumuzu-kaybetmeyecegiz\/#breadcrumb\",\"itemListElement\":[{\"@type\":\"ListItem\",\"position\":1,\"name\":\"Home\",\"item\":\"https:\/\/denizcankizil.tr\/de\/\"},{\"@type\":\"ListItem\",\"position\":2,\"name\":\"Ba\u015fkan B\u00f6cek, partililer ile bayramla\u015ft\u0131: &#8220;Umudumuzu kaybetmeyece\u011fiz&#8221;\"}]},{\"@type\":\"WebSite\",\"@id\":\"https:\/\/denizcankizil.tr\/de\/#website\",\"url\":\"https:\/\/denizcankizil.tr\/de\/\",\"name\":\"Av. Deniz Can K\u0131z\u0131l\",\"description\":\"Avukat Deniz Can K\u0131z\u0131l Antalya Barosu\",\"publisher\":{\"@id\":\"https:\/\/denizcankizil.tr\/de\/#organization\"},\"potentialAction\":[{\"@type\":\"SearchAction\",\"target\":{\"@type\":\"EntryPoint\",\"urlTemplate\":\"https:\/\/denizcankizil.tr\/de\/?s={search_term_string}\"},\"query-input\":{\"@type\":\"PropertyValueSpecification\",\"valueRequired\":true,\"valueName\":\"search_term_string\"}}],\"inLanguage\":\"en-GB\"},{\"@type\":\"Organization\",\"@id\":\"https:\/\/denizcankizil.tr\/de\/#organization\",\"name\":\"Av. Deniz Can K\u0131z\u0131l\",\"url\":\"https:\/\/denizcankizil.tr\/de\/\",\"logo\":{\"@type\":\"ImageObject\",\"inLanguage\":\"en-GB\",\"@id\":\"https:\/\/denizcankizil.tr\/de\/#\/schema\/logo\/image\/\",\"url\":\"http:\/\/denizcankizil.tr\/wp-content\/uploads\/2024\/10\/siyah-logo-svg.svg\",\"contentUrl\":\"http:\/\/denizcankizil.tr\/wp-content\/uploads\/2024\/10\/siyah-logo-svg.svg\",\"width\":1080,\"height\":1080,\"caption\":\"Av. Deniz Can K\u0131z\u0131l\"},\"image\":{\"@id\":\"https:\/\/denizcankizil.tr\/de\/#\/schema\/logo\/image\/\"}},{\"@type\":\"Person\",\"@id\":\"https:\/\/denizcankizil.tr\/de\/#\/schema\/person\/e1eb71bb4dd684d46563f0af307e1234\",\"name\":\"Antalya K\u00f6rfez\",\"image\":{\"@type\":\"ImageObject\",\"inLanguage\":\"en-GB\",\"@id\":\"https:\/\/denizcankizil.tr\/de\/#\/schema\/person\/image\/\",\"url\":\"https:\/\/secure.gravatar.com\/avatar\/42b01982558a48a0b501fdcab6a408d3717ea5919095ee2e67b0e521799c5905?s=96&d=mm&r=g\",\"contentUrl\":\"https:\/\/secure.gravatar.com\/avatar\/42b01982558a48a0b501fdcab6a408d3717ea5919095ee2e67b0e521799c5905?s=96&d=mm&r=g\",\"caption\":\"Antalya K\u00f6rfez\"},\"sameAs\":[\"http:\/\/www.antalyakorfez.com\"],\"url\":\"https:\/\/www.antalyakorfez.com\/baskan-bocek-partililer-ile-bayramlasti-umudumuzu-kaybetmeyecegiz\"}]}<\/script>\n<!-- \/ Yoast SEO Premium plugin. -->","yoast_head_json":{"title":"Ba\u015fkan B\u00f6cek, partililer ile bayramla\u015ft\u0131: \"Umudumuzu kaybetmeyece\u011fiz\" - Av. Deniz Can K\u0131z\u0131l","robots":{"index":"index","follow":"follow","max-snippet":"max-snippet:-1","max-image-preview":"max-image-preview:large","max-video-preview":"max-video-preview:-1"},"canonical":"http:\/\/denizcankizil.tr\/en\/haberler\/gundem\/baskan-bocek-partililer-ile-bayramlasti-umudumuzu-kaybetmeyecegiz\/","og_locale":"en_GB","og_type":"article","og_title":"Ba\u015fkan B\u00f6cek, partililer ile bayramla\u015ft\u0131: \"Umudumuzu kaybetmeyece\u011fiz\"","og_description":"Antalya B\u00fcy\u00fck\u015fehir Belediye Ba\u015fkan\u0131 Muhittin B\u00f6cek, Cumhuriyet Halk Partisi (CHP) Antalya \u0130l Ba\u015fkanl\u0131\u011f\u0131\u2019nda d\u00fczenlenen geleneksel bayramla\u015fma t\u00f6reninde partililerle bayramla\u015ft\u0131. \u00a0\u00a0 &#8220;\u0130MAMO\u011eLU&#8217;NUN HAKSIZ YERE CEZAEV\u0130&#8217;NDE OLMASINDAN DOLAYI BAYRAMIMIZ BURUK&#8221; CHP Antalya \u0130l Ba\u015fkanl\u0131\u011f\u0131\u2019nda ger\u00e7ekle\u015ftirilen geleneksel bayramla\u015fma t\u00f6renine Antalya B\u00fcy\u00fck\u015fehir Belediye Ba\u015fkan\u0131 Muhittin B\u00f6cek, CHP Antalya \u0130l Ba\u015fkan\u0131 Nail Kamac\u0131, CHP Antalya milletvekilleri, belediye ba\u015fkanlar\u0131 ve partililer kat\u0131ld\u0131. Ba\u015fkan Muhittin B\u00f6cek, \u0130l Ba\u015fkanl\u0131\u011f\u0131 \u00f6n\u00fcnde partililerle tek tek bayramla\u015farak, bayramlar\u0131n\u0131 kutlad\u0131. G\u00fcne \u00fcz\u00fcc\u00fc bir haberle ba\u015flad\u0131klar\u0131n\u0131 s\u00f6yleyen Ba\u015fkan Muhittin B\u00f6cek, \u00fcnl\u00fc sanat\u00e7\u0131 Volkan Konak\u2019\u0131 kaybetmenin \u00fcz\u00fcnt\u00fcs\u00fcn\u00fc ya\u015fad\u0131klar\u0131n\u0131 belirterek, sevenlerine ve ailesine sab\u0131rlar diledi. Ba\u015fkan B\u00f6cek t\u00f6rende yapt\u0131\u011f\u0131 konu\u015fmada, &#8220;T\u00fcrkiye Belediyeler Birli\u011fi Ba\u015fkan\u0131m\u0131z ve Cumhurba\u015fkan\u0131 aday\u0131m\u0131z Ekrem \u0130mamo\u011flu\u2019nun cezaevinde olmas\u0131 ve belediye ba\u015fkanlar\u0131m\u0131z\u0131n haks\u0131z yere orada olmas\u0131ndan dolay\u0131 bu bayram\u0131 buruk kar\u015f\u0131lad\u0131k ama umudumuzu hi\u00e7 kaybetmeyece\u011fiz. Bug\u00fcn 31 Mart; se\u00e7imlerin \u00fczerinden bir y\u0131l ge\u00e7ti. Burada bulunan il ba\u015fkan\u0131m\u0131z, il\u00e7e ba\u015fkanlar\u0131m\u0131z, belediye ba\u015fkanlar\u0131m\u0131z ve yol arkada\u015flar\u0131m\u0131zla 19 il\u00e7ede, belediye ba\u015fkan\u0131 aday\u0131 arkada\u015flar\u0131m\u0131zla Antalya ittifak\u0131 ile iktidara 20 belediyenin 18\u2019ini kaybettirmi\u015f bir \u00f6rg\u00fct\u00fcm\u00fcz var. Onlara bir kez daha te\u015fekk\u00fcr ediyorum. Hi\u00e7bir zaman umudumuzu kaybetmeyece\u011fiz. \u00d6n\u00fcm\u00fczde hep ayd\u0131nl\u0131k g\u00fczel g\u00fcnler var&#8221; dedi.\u00a0 \u00a0 \u200bAntalya B\u00fcy\u00fck\u015fehir Belediye Ba\u015fkan\u0131 Muhittin B\u00f6cek, CHP Antalya \u0130l Ba\u015fkanl\u0131\u011f\u0131&#8217;nda d\u00fczenlenen bayramla\u015fma t\u00f6reninde partililerle bir araya geldi. Volkan Konak&#8217;\u0131n vefat\u0131 nedeniyle \u00fcz\u00fcnt\u00fcs\u00fcn\u00fc dile getiren &hellip;","og_url":"http:\/\/denizcankizil.tr\/en\/haberler\/gundem\/baskan-bocek-partililer-ile-bayramlasti-umudumuzu-kaybetmeyecegiz\/","og_site_name":"Av. Deniz Can K\u0131z\u0131l","article_published_time":"2025-03-31T14:41:25+00:00","author":"Antalya K\u00f6rfez","twitter_card":"summary_large_image","twitter_misc":{"Written by":"Antalya K\u00f6rfez","Estimated reading time":"2 minutes"},"schema":{"@context":"https:\/\/schema.org","@graph":[{"@type":"Article","@id":"http:\/\/denizcankizil.tr\/en\/haberler\/gundem\/baskan-bocek-partililer-ile-bayramlasti-umudumuzu-kaybetmeyecegiz\/#article","isPartOf":{"@id":"http:\/\/denizcankizil.tr\/en\/haberler\/gundem\/baskan-bocek-partililer-ile-bayramlasti-umudumuzu-kaybetmeyecegiz\/"},"author":{"name":"Antalya K\u00f6rfez","@id":"https:\/\/denizcankizil.tr\/de\/#\/schema\/person\/e1eb71bb4dd684d46563f0af307e1234"},"headline":"Ba\u015fkan B\u00f6cek, partililer ile bayramla\u015ft\u0131: &#8220;Umudumuzu kaybetmeyece\u011fiz&#8221;","datePublished":"2025-03-31T14:41:25+00:00","mainEntityOfPage":{"@id":"http:\/\/denizcankizil.tr\/en\/haberler\/gundem\/baskan-bocek-partililer-ile-bayramlasti-umudumuzu-kaybetmeyecegiz\/"},"wordCount":355,"publisher":{"@id":"https:\/\/denizcankizil.tr\/de\/#organization"},"articleSection":["G\u00fcndem"],"inLanguage":"en-GB"},{"@type":"WebPage","@id":"http:\/\/denizcankizil.tr\/en\/haberler\/gundem\/baskan-bocek-partililer-ile-bayramlasti-umudumuzu-kaybetmeyecegiz\/","url":"http:\/\/denizcankizil.tr\/en\/haberler\/gundem\/baskan-bocek-partililer-ile-bayramlasti-umudumuzu-kaybetmeyecegiz\/","name":"Ba\u015fkan B\u00f6cek, partililer ile bayramla\u015ft\u0131: \"Umudumuzu kaybetmeyece\u011fiz\" - Av. Deniz Can K\u0131z\u0131l","isPartOf":{"@id":"https:\/\/denizcankizil.tr\/de\/#website"},"datePublished":"2025-03-31T14:41:25+00:00","breadcrumb":{"@id":"http:\/\/denizcankizil.tr\/en\/haberler\/gundem\/baskan-bocek-partililer-ile-bayramlasti-umudumuzu-kaybetmeyecegiz\/#breadcrumb"},"inLanguage":"en-GB","potentialAction":[{"@type":"ReadAction","target":["http:\/\/denizcankizil.tr\/en\/haberler\/gundem\/baskan-bocek-partililer-ile-bayramlasti-umudumuzu-kaybetmeyecegiz\/"]}]},{"@type":"BreadcrumbList","@id":"http:\/\/denizcankizil.tr\/en\/haberler\/gundem\/baskan-bocek-partililer-ile-bayramlasti-umudumuzu-kaybetmeyecegiz\/#breadcrumb","itemListElement":[{"@type":"ListItem","position":1,"name":"Home","item":"https:\/\/denizcankizil.tr\/de\/"},{"@type":"ListItem","position":2,"name":"Ba\u015fkan B\u00f6cek, partililer ile bayramla\u015ft\u0131: &#8220;Umudumuzu kaybetmeyece\u011fiz&#8221;"}]},{"@type":"WebSite","@id":"https:\/\/denizcankizil.tr\/de\/#website","url":"https:\/\/denizcankizil.tr\/de\/","name":"Av. Deniz Can K\u0131z\u0131l","description":"Avukat Deniz Can K\u0131z\u0131l Antalya Barosu","publisher":{"@id":"https:\/\/denizcankizil.tr\/de\/#organization"},"potentialAction":[{"@type":"SearchAction","target":{"@type":"EntryPoint","urlTemplate":"https:\/\/denizcankizil.tr\/de\/?s={search_term_string}"},"query-input":{"@type":"PropertyValueSpecification","valueRequired":true,"valueName":"search_term_string"}}],"inLanguage":"en-GB"},{"@type":"Organization","@id":"https:\/\/denizcankizil.tr\/de\/#organization","name":"Av. Deniz Can K\u0131z\u0131l","url":"https:\/\/denizcankizil.tr\/de\/","logo":{"@type":"ImageObject","inLanguage":"en-GB","@id":"https:\/\/denizcankizil.tr\/de\/#\/schema\/logo\/image\/","url":"http:\/\/denizcankizil.tr\/wp-content\/uploads\/2024\/10\/siyah-logo-svg.svg","contentUrl":"http:\/\/denizcankizil.tr\/wp-content\/uploads\/2024\/10\/siyah-logo-svg.svg","width":1080,"height":1080,"caption":"Av. Deniz Can K\u0131z\u0131l"},"image":{"@id":"https:\/\/denizcankizil.tr\/de\/#\/schema\/logo\/image\/"}},{"@type":"Person","@id":"https:\/\/denizcankizil.tr\/de\/#\/schema\/person\/e1eb71bb4dd684d46563f0af307e1234","name":"Antalya K\u00f6rfez","image":{"@type":"ImageObject","inLanguage":"en-GB","@id":"https:\/\/denizcankizil.tr\/de\/#\/schema\/person\/image\/","url":"https:\/\/secure.gravatar.com\/avatar\/42b01982558a48a0b501fdcab6a408d3717ea5919095ee2e67b0e521799c5905?s=96&d=mm&r=g","contentUrl":"https:\/\/secure.gravatar.com\/avatar\/42b01982558a48a0b501fdcab6a408d3717ea5919095ee2e67b0e521799c5905?s=96&d=mm&r=g","caption":"Antalya K\u00f6rfez"},"sameAs":["http:\/\/www.antalyakorfez.com"],"url":"https:\/\/www.antalyakorfez.com\/baskan-bocek-partililer-ile-bayramlasti-umudumuzu-kaybetmeyecegiz"}]}},"_links":{"self":[{"href":"http:\/\/denizcankizil.tr\/en\/wp-json\/wp\/v2\/posts\/41358","targetHints":{"allow":["GET"]}}],"collection":[{"href":"http:\/\/denizcankizil.tr\/en\/wp-json\/wp\/v2\/posts"}],"about":[{"href":"http:\/\/denizcankizil.tr\/en\/wp-json\/wp\/v2\/types\/post"}],"author":[{"embeddable":true,"href":"http:\/\/denizcankizil.tr\/en\/wp-json\/wp\/v2\/users\/5"}],"replies":[{"embeddable":true,"href":"http:\/\/denizcankizil.tr\/en\/wp-json\/wp\/v2\/comments?post=41358"}],"version-history":[{"count":0,"href":"http:\/\/denizcankizil.tr\/en\/wp-json\/wp\/v2\/posts\/41358\/revisions"}],"wp:attachment":[{"href":"http:\/\/denizcankizil.tr\/en\/wp-json\/wp\/v2\/media?parent=41358"}],"wp:term":[{"taxonomy":"category","embeddable":true,"href":"http:\/\/denizcankizil.tr\/en\/wp-json\/wp\/v2\/categories?post=41358"},{"taxonomy":"post_tag","embeddable":true,"href":"http:\/\/denizcankizil.tr\/en\/wp-json\/wp\/v2\/tags?post=41358"}],"curies":[{"name":"wp","href":"https:\/\/api.w.org\/{rel}","templated":true}]}}