{"id":4112,"date":"2024-10-18T20:53:42","date_gmt":"2024-10-18T17:53:42","guid":{"rendered":"https:\/\/denizcankizil.tr\/uncategorized-tr\/buyuksehirden-meme-kanseri-farkindalik-yuruyusu\/"},"modified":"2024-10-18T20:53:42","modified_gmt":"2024-10-18T17:53:42","slug":"buyuksehirden-meme-kanseri-farkindalik-yuruyusu","status":"publish","type":"post","link":"http:\/\/denizcankizil.tr\/en\/haberler\/gundem\/buyuksehirden-meme-kanseri-farkindalik-yuruyusu\/","title":{"rendered":"B\u00fcy\u00fck\u015fehir\u2019den meme kanseri fark\u0131ndal\u0131k y\u00fcr\u00fcy\u00fc\u015f\u00fc"},"content":{"rendered":"<p>Kocaeli B\u00fcy\u00fck\u015fehir Belediyesi, 1-31 Ekim Meme Kanseri Fark\u0131ndal\u0131k Ay\u0131\u2019na dikkat \u00e7ekmek \u00fczere y\u00fcr\u00fcy\u00fc\u015f d\u00fczenledi. Kad\u0131n ve Aile Hizmetleri Dairesi Ba\u015fkanl\u0131\u011f\u0131\u2019na ba\u011fl\u0131 Kad\u0131n ve Aile Hizmetleri \u015eube M\u00fcd\u00fcrl\u00fc\u011f\u00fc taraf\u0131ndan ger\u00e7ekle\u015ftirilen etkinlik, toplumu ve bireyleri meme kanseri hakk\u0131nda bilgilendirerek fark\u0131ndal\u0131k olu\u015fturdu.<\/p>\n<p>\u200bKocaeli B\u00fcy\u00fck\u015fehir Belediyesi, 1-31 Ekim Meme Kanseri Fark\u0131ndal\u0131k Ay\u0131\u2019na dikkat \u00e7ekmek \u00fczere y\u00fcr\u00fcy\u00fc\u015f d\u00fczenledi. Kad\u0131n ve Aile Hizmetleri Dairesi Ba\u015fkanl\u0131\u011f\u0131\u2019na ba\u011fl\u0131 Kad\u0131n ve Aile Hizmetleri \u015eube M\u00fcd\u00fcrl\u00fc\u011f\u00fc taraf\u0131ndan ger\u00e7ekle\u015ftirilen etkinlik, toplumu ve bireyleri meme kanseri hakk\u0131nda bilgilendirerek fark\u0131ndal\u0131k olu\u015fturdu.\u00a0<\/p>\n<p>\u200bHaberin Al\u0131nt\u0131land\u0131\u011f\u0131 Kaynak: www.iskenderun.org<\/p>","protected":false},"excerpt":{"rendered":"<p>Kocaeli B\u00fcy\u00fck\u015fehir Belediyesi, 1-31 Ekim Meme Kanseri Fark\u0131ndal\u0131k Ay\u0131\u2019na dikkat \u00e7ekmek \u00fczere y\u00fcr\u00fcy\u00fc\u015f d\u00fczenledi. Kad\u0131n ve Aile Hizmetleri Dairesi Ba\u015fkanl\u0131\u011f\u0131\u2019na ba\u011fl\u0131 Kad\u0131n ve Aile Hizmetleri \u015eube M\u00fcd\u00fcrl\u00fc\u011f\u00fc taraf\u0131ndan ger\u00e7ekle\u015ftirilen etkinlik, toplumu ve bireyleri meme kanseri hakk\u0131nda bilgilendirerek fark\u0131ndal\u0131k olu\u015fturdu. \u200bKocaeli B\u00fcy\u00fck\u015fehir Belediyesi, 1-31 Ekim Meme Kanseri Fark\u0131ndal\u0131k Ay\u0131\u2019na dikkat \u00e7ekmek \u00fczere y\u00fcr\u00fcy\u00fc\u015f d\u00fczenledi. Kad\u0131n ve Aile Hizmetleri Dairesi Ba\u015fkanl\u0131\u011f\u0131\u2019na ba\u011fl\u0131 Kad\u0131n ve Aile Hizmetleri \u015eube M\u00fcd\u00fcrl\u00fc\u011f\u00fc taraf\u0131ndan ger\u00e7ekle\u015ftirilen etkinlik, toplumu ve bireyleri meme kanseri hakk\u0131nda bilgilendirerek fark\u0131ndal\u0131k olu\u015fturdu.\u00a0 \u200bHaberin Al\u0131nt\u0131land\u0131\u011f\u0131 Kaynak: www.iskenderun.org<\/p>","protected":false},"author":0,"featured_media":0,"comment_status":"open","ping_status":"open","sticky":false,"template":"","format":"standard","meta":{"_acf_changed":false,"footnotes":""},"categories":[24,535],"tags":[],"class_list":["post-4112","post","type-post","status-publish","format-standard","has-post-thumbnail","hentry","category-gundem","category-uncategorized-tr"],"acf":[],"yoast_head":"<!-- This site is optimized with the Yoast SEO Premium plugin v26.6 (Yoast SEO v27.1.1) - https:\/\/yoast.com\/product\/yoast-seo-premium-wordpress\/ -->\n<title>B\u00fcy\u00fck\u015fehir\u2019den meme kanseri fark\u0131ndal\u0131k y\u00fcr\u00fcy\u00fc\u015f\u00fc - Av. Deniz Can K\u0131z\u0131l<\/title>\n<meta name=\"robots\" content=\"index, follow, max-snippet:-1, max-image-preview:large, max-video-preview:-1\" \/>\n<link rel=\"canonical\" href=\"http:\/\/denizcankizil.tr\/en\/haberler\/gundem\/buyuksehirden-meme-kanseri-farkindalik-yuruyusu\/\" \/>\n<meta property=\"og:locale\" content=\"en_GB\" \/>\n<meta property=\"og:type\" content=\"article\" \/>\n<meta property=\"og:title\" content=\"B\u00fcy\u00fck\u015fehir\u2019den meme kanseri fark\u0131ndal\u0131k y\u00fcr\u00fcy\u00fc\u015f\u00fc\" \/>\n<meta property=\"og:description\" content=\"Kocaeli B\u00fcy\u00fck\u015fehir Belediyesi, 1-31 Ekim Meme Kanseri Fark\u0131ndal\u0131k Ay\u0131\u2019na dikkat \u00e7ekmek \u00fczere y\u00fcr\u00fcy\u00fc\u015f d\u00fczenledi. Kad\u0131n ve Aile Hizmetleri Dairesi Ba\u015fkanl\u0131\u011f\u0131\u2019na ba\u011fl\u0131 Kad\u0131n ve Aile Hizmetleri \u015eube M\u00fcd\u00fcrl\u00fc\u011f\u00fc taraf\u0131ndan ger\u00e7ekle\u015ftirilen etkinlik, toplumu ve bireyleri meme kanseri hakk\u0131nda bilgilendirerek fark\u0131ndal\u0131k olu\u015fturdu. \u200bKocaeli B\u00fcy\u00fck\u015fehir Belediyesi, 1-31 Ekim Meme Kanseri Fark\u0131ndal\u0131k Ay\u0131\u2019na dikkat \u00e7ekmek \u00fczere y\u00fcr\u00fcy\u00fc\u015f d\u00fczenledi. Kad\u0131n ve Aile Hizmetleri Dairesi Ba\u015fkanl\u0131\u011f\u0131\u2019na ba\u011fl\u0131 Kad\u0131n ve Aile Hizmetleri \u015eube M\u00fcd\u00fcrl\u00fc\u011f\u00fc taraf\u0131ndan ger\u00e7ekle\u015ftirilen etkinlik, toplumu ve bireyleri meme kanseri hakk\u0131nda bilgilendirerek fark\u0131ndal\u0131k olu\u015fturdu.\u00a0 \u200bHaberin Al\u0131nt\u0131land\u0131\u011f\u0131 Kaynak: www.iskenderun.org\" \/>\n<meta property=\"og:url\" content=\"http:\/\/denizcankizil.tr\/en\/haberler\/gundem\/buyuksehirden-meme-kanseri-farkindalik-yuruyusu\/\" \/>\n<meta property=\"og:site_name\" content=\"Av. Deniz Can K\u0131z\u0131l\" \/>\n<meta property=\"article:published_time\" content=\"2024-10-18T17:53:42+00:00\" \/>\n<meta name=\"twitter:card\" content=\"summary_large_image\" \/>\n<meta name=\"twitter:label1\" content=\"Estimated reading time\" \/>\n\t<meta name=\"twitter:data1\" content=\"1 minute\" \/>\n<script type=\"application\/ld+json\" class=\"yoast-schema-graph\">{\"@context\":\"https:\/\/schema.org\",\"@graph\":[{\"@type\":\"Article\",\"@id\":\"http:\/\/denizcankizil.tr\/en\/haberler\/gundem\/buyuksehirden-meme-kanseri-farkindalik-yuruyusu\/#article\",\"isPartOf\":{\"@id\":\"http:\/\/denizcankizil.tr\/en\/haberler\/gundem\/buyuksehirden-meme-kanseri-farkindalik-yuruyusu\/\"},\"author\":{\"name\":\"\",\"@id\":\"\"},\"headline\":\"B\u00fcy\u00fck\u015fehir\u2019den meme kanseri fark\u0131ndal\u0131k y\u00fcr\u00fcy\u00fc\u015f\u00fc\",\"datePublished\":\"2024-10-18T17:53:42+00:00\",\"mainEntityOfPage\":{\"@id\":\"http:\/\/denizcankizil.tr\/en\/haberler\/gundem\/buyuksehirden-meme-kanseri-farkindalik-yuruyusu\/\"},\"wordCount\":145,\"commentCount\":0,\"publisher\":{\"@id\":\"https:\/\/denizcankizil.tr\/de\/#organization\"},\"articleSection\":[\"G\u00fcndem\",\"Uncategorized\"],\"inLanguage\":\"en-GB\",\"potentialAction\":[{\"@type\":\"CommentAction\",\"name\":\"Comment\",\"target\":[\"http:\/\/denizcankizil.tr\/en\/haberler\/gundem\/buyuksehirden-meme-kanseri-farkindalik-yuruyusu\/#respond\"]}]},{\"@type\":\"WebPage\",\"@id\":\"http:\/\/denizcankizil.tr\/en\/haberler\/gundem\/buyuksehirden-meme-kanseri-farkindalik-yuruyusu\/\",\"url\":\"http:\/\/denizcankizil.tr\/en\/haberler\/gundem\/buyuksehirden-meme-kanseri-farkindalik-yuruyusu\/\",\"name\":\"B\u00fcy\u00fck\u015fehir\u2019den meme kanseri fark\u0131ndal\u0131k y\u00fcr\u00fcy\u00fc\u015f\u00fc - Av. Deniz Can K\u0131z\u0131l\",\"isPartOf\":{\"@id\":\"https:\/\/denizcankizil.tr\/de\/#website\"},\"datePublished\":\"2024-10-18T17:53:42+00:00\",\"breadcrumb\":{\"@id\":\"http:\/\/denizcankizil.tr\/en\/haberler\/gundem\/buyuksehirden-meme-kanseri-farkindalik-yuruyusu\/#breadcrumb\"},\"inLanguage\":\"en-GB\",\"potentialAction\":[{\"@type\":\"ReadAction\",\"target\":[\"http:\/\/denizcankizil.tr\/en\/haberler\/gundem\/buyuksehirden-meme-kanseri-farkindalik-yuruyusu\/\"]}]},{\"@type\":\"BreadcrumbList\",\"@id\":\"http:\/\/denizcankizil.tr\/en\/haberler\/gundem\/buyuksehirden-meme-kanseri-farkindalik-yuruyusu\/#breadcrumb\",\"itemListElement\":[{\"@type\":\"ListItem\",\"position\":1,\"name\":\"Home\",\"item\":\"https:\/\/denizcankizil.tr\/de\/\"},{\"@type\":\"ListItem\",\"position\":2,\"name\":\"B\u00fcy\u00fck\u015fehir\u2019den meme kanseri fark\u0131ndal\u0131k y\u00fcr\u00fcy\u00fc\u015f\u00fc\"}]},{\"@type\":\"WebSite\",\"@id\":\"https:\/\/denizcankizil.tr\/de\/#website\",\"url\":\"https:\/\/denizcankizil.tr\/de\/\",\"name\":\"Av. Deniz Can K\u0131z\u0131l\",\"description\":\"Avukat Deniz Can K\u0131z\u0131l Antalya Barosu\",\"publisher\":{\"@id\":\"https:\/\/denizcankizil.tr\/de\/#organization\"},\"potentialAction\":[{\"@type\":\"SearchAction\",\"target\":{\"@type\":\"EntryPoint\",\"urlTemplate\":\"https:\/\/denizcankizil.tr\/de\/?s={search_term_string}\"},\"query-input\":{\"@type\":\"PropertyValueSpecification\",\"valueRequired\":true,\"valueName\":\"search_term_string\"}}],\"inLanguage\":\"en-GB\"},{\"@type\":\"Organization\",\"@id\":\"https:\/\/denizcankizil.tr\/de\/#organization\",\"name\":\"Av. Deniz Can K\u0131z\u0131l\",\"url\":\"https:\/\/denizcankizil.tr\/de\/\",\"logo\":{\"@type\":\"ImageObject\",\"inLanguage\":\"en-GB\",\"@id\":\"https:\/\/denizcankizil.tr\/de\/#\/schema\/logo\/image\/\",\"url\":\"http:\/\/denizcankizil.tr\/wp-content\/uploads\/2024\/10\/siyah-logo-svg.svg\",\"contentUrl\":\"http:\/\/denizcankizil.tr\/wp-content\/uploads\/2024\/10\/siyah-logo-svg.svg\",\"width\":1080,\"height\":1080,\"caption\":\"Av. Deniz Can K\u0131z\u0131l\"},\"image\":{\"@id\":\"https:\/\/denizcankizil.tr\/de\/#\/schema\/logo\/image\/\"}}]}<\/script>\n<!-- \/ Yoast SEO Premium plugin. -->","yoast_head_json":{"title":"B\u00fcy\u00fck\u015fehir\u2019den meme kanseri fark\u0131ndal\u0131k y\u00fcr\u00fcy\u00fc\u015f\u00fc - Av. Deniz Can K\u0131z\u0131l","robots":{"index":"index","follow":"follow","max-snippet":"max-snippet:-1","max-image-preview":"max-image-preview:large","max-video-preview":"max-video-preview:-1"},"canonical":"http:\/\/denizcankizil.tr\/en\/haberler\/gundem\/buyuksehirden-meme-kanseri-farkindalik-yuruyusu\/","og_locale":"en_GB","og_type":"article","og_title":"B\u00fcy\u00fck\u015fehir\u2019den meme kanseri fark\u0131ndal\u0131k y\u00fcr\u00fcy\u00fc\u015f\u00fc","og_description":"Kocaeli B\u00fcy\u00fck\u015fehir Belediyesi, 1-31 Ekim Meme Kanseri Fark\u0131ndal\u0131k Ay\u0131\u2019na dikkat \u00e7ekmek \u00fczere y\u00fcr\u00fcy\u00fc\u015f d\u00fczenledi. Kad\u0131n ve Aile Hizmetleri Dairesi Ba\u015fkanl\u0131\u011f\u0131\u2019na ba\u011fl\u0131 Kad\u0131n ve Aile Hizmetleri \u015eube M\u00fcd\u00fcrl\u00fc\u011f\u00fc taraf\u0131ndan ger\u00e7ekle\u015ftirilen etkinlik, toplumu ve bireyleri meme kanseri hakk\u0131nda bilgilendirerek fark\u0131ndal\u0131k olu\u015fturdu. \u200bKocaeli B\u00fcy\u00fck\u015fehir Belediyesi, 1-31 Ekim Meme Kanseri Fark\u0131ndal\u0131k Ay\u0131\u2019na dikkat \u00e7ekmek \u00fczere y\u00fcr\u00fcy\u00fc\u015f d\u00fczenledi. Kad\u0131n ve Aile Hizmetleri Dairesi Ba\u015fkanl\u0131\u011f\u0131\u2019na ba\u011fl\u0131 Kad\u0131n ve Aile Hizmetleri \u015eube M\u00fcd\u00fcrl\u00fc\u011f\u00fc taraf\u0131ndan ger\u00e7ekle\u015ftirilen etkinlik, toplumu ve bireyleri meme kanseri hakk\u0131nda bilgilendirerek fark\u0131ndal\u0131k olu\u015fturdu.\u00a0 \u200bHaberin Al\u0131nt\u0131land\u0131\u011f\u0131 Kaynak: www.iskenderun.org","og_url":"http:\/\/denizcankizil.tr\/en\/haberler\/gundem\/buyuksehirden-meme-kanseri-farkindalik-yuruyusu\/","og_site_name":"Av. Deniz Can K\u0131z\u0131l","article_published_time":"2024-10-18T17:53:42+00:00","twitter_card":"summary_large_image","twitter_misc":{"Estimated reading time":"1 minute"},"schema":{"@context":"https:\/\/schema.org","@graph":[{"@type":"Article","@id":"http:\/\/denizcankizil.tr\/en\/haberler\/gundem\/buyuksehirden-meme-kanseri-farkindalik-yuruyusu\/#article","isPartOf":{"@id":"http:\/\/denizcankizil.tr\/en\/haberler\/gundem\/buyuksehirden-meme-kanseri-farkindalik-yuruyusu\/"},"author":{"name":"","@id":""},"headline":"B\u00fcy\u00fck\u015fehir\u2019den meme kanseri fark\u0131ndal\u0131k y\u00fcr\u00fcy\u00fc\u015f\u00fc","datePublished":"2024-10-18T17:53:42+00:00","mainEntityOfPage":{"@id":"http:\/\/denizcankizil.tr\/en\/haberler\/gundem\/buyuksehirden-meme-kanseri-farkindalik-yuruyusu\/"},"wordCount":145,"commentCount":0,"publisher":{"@id":"https:\/\/denizcankizil.tr\/de\/#organization"},"articleSection":["G\u00fcndem","Uncategorized"],"inLanguage":"en-GB","potentialAction":[{"@type":"CommentAction","name":"Comment","target":["http:\/\/denizcankizil.tr\/en\/haberler\/gundem\/buyuksehirden-meme-kanseri-farkindalik-yuruyusu\/#respond"]}]},{"@type":"WebPage","@id":"http:\/\/denizcankizil.tr\/en\/haberler\/gundem\/buyuksehirden-meme-kanseri-farkindalik-yuruyusu\/","url":"http:\/\/denizcankizil.tr\/en\/haberler\/gundem\/buyuksehirden-meme-kanseri-farkindalik-yuruyusu\/","name":"B\u00fcy\u00fck\u015fehir\u2019den meme kanseri fark\u0131ndal\u0131k y\u00fcr\u00fcy\u00fc\u015f\u00fc - Av. Deniz Can K\u0131z\u0131l","isPartOf":{"@id":"https:\/\/denizcankizil.tr\/de\/#website"},"datePublished":"2024-10-18T17:53:42+00:00","breadcrumb":{"@id":"http:\/\/denizcankizil.tr\/en\/haberler\/gundem\/buyuksehirden-meme-kanseri-farkindalik-yuruyusu\/#breadcrumb"},"inLanguage":"en-GB","potentialAction":[{"@type":"ReadAction","target":["http:\/\/denizcankizil.tr\/en\/haberler\/gundem\/buyuksehirden-meme-kanseri-farkindalik-yuruyusu\/"]}]},{"@type":"BreadcrumbList","@id":"http:\/\/denizcankizil.tr\/en\/haberler\/gundem\/buyuksehirden-meme-kanseri-farkindalik-yuruyusu\/#breadcrumb","itemListElement":[{"@type":"ListItem","position":1,"name":"Home","item":"https:\/\/denizcankizil.tr\/de\/"},{"@type":"ListItem","position":2,"name":"B\u00fcy\u00fck\u015fehir\u2019den meme kanseri fark\u0131ndal\u0131k y\u00fcr\u00fcy\u00fc\u015f\u00fc"}]},{"@type":"WebSite","@id":"https:\/\/denizcankizil.tr\/de\/#website","url":"https:\/\/denizcankizil.tr\/de\/","name":"Av. Deniz Can K\u0131z\u0131l","description":"Avukat Deniz Can K\u0131z\u0131l Antalya Barosu","publisher":{"@id":"https:\/\/denizcankizil.tr\/de\/#organization"},"potentialAction":[{"@type":"SearchAction","target":{"@type":"EntryPoint","urlTemplate":"https:\/\/denizcankizil.tr\/de\/?s={search_term_string}"},"query-input":{"@type":"PropertyValueSpecification","valueRequired":true,"valueName":"search_term_string"}}],"inLanguage":"en-GB"},{"@type":"Organization","@id":"https:\/\/denizcankizil.tr\/de\/#organization","name":"Av. Deniz Can K\u0131z\u0131l","url":"https:\/\/denizcankizil.tr\/de\/","logo":{"@type":"ImageObject","inLanguage":"en-GB","@id":"https:\/\/denizcankizil.tr\/de\/#\/schema\/logo\/image\/","url":"http:\/\/denizcankizil.tr\/wp-content\/uploads\/2024\/10\/siyah-logo-svg.svg","contentUrl":"http:\/\/denizcankizil.tr\/wp-content\/uploads\/2024\/10\/siyah-logo-svg.svg","width":1080,"height":1080,"caption":"Av. Deniz Can K\u0131z\u0131l"},"image":{"@id":"https:\/\/denizcankizil.tr\/de\/#\/schema\/logo\/image\/"}}]}},"_links":{"self":[{"href":"http:\/\/denizcankizil.tr\/en\/wp-json\/wp\/v2\/posts\/4112","targetHints":{"allow":["GET"]}}],"collection":[{"href":"http:\/\/denizcankizil.tr\/en\/wp-json\/wp\/v2\/posts"}],"about":[{"href":"http:\/\/denizcankizil.tr\/en\/wp-json\/wp\/v2\/types\/post"}],"replies":[{"embeddable":true,"href":"http:\/\/denizcankizil.tr\/en\/wp-json\/wp\/v2\/comments?post=4112"}],"version-history":[{"count":0,"href":"http:\/\/denizcankizil.tr\/en\/wp-json\/wp\/v2\/posts\/4112\/revisions"}],"wp:attachment":[{"href":"http:\/\/denizcankizil.tr\/en\/wp-json\/wp\/v2\/media?parent=4112"}],"wp:term":[{"taxonomy":"category","embeddable":true,"href":"http:\/\/denizcankizil.tr\/en\/wp-json\/wp\/v2\/categories?post=4112"},{"taxonomy":"post_tag","embeddable":true,"href":"http:\/\/denizcankizil.tr\/en\/wp-json\/wp\/v2\/tags?post=4112"}],"curies":[{"name":"wp","href":"https:\/\/api.w.org\/{rel}","templated":true}]}}