{"id":41079,"date":"2025-03-31T09:41:55","date_gmt":"2025-03-31T06:41:55","guid":{"rendered":"https:\/\/denizcankizil.tr\/uncategorized-tr\/sifir-atikta-geri-kazanim-yuzde-3608e-cikti\/"},"modified":"2025-03-31T09:41:55","modified_gmt":"2025-03-31T06:41:55","slug":"sifir-atikta-geri-kazanim-yuzde-3608e-cikti","status":"publish","type":"post","link":"http:\/\/denizcankizil.tr\/en\/haberler\/gundem\/sifir-atikta-geri-kazanim-yuzde-3608e-cikti\/","title":{"rendered":"S\u0131f\u0131r At\u0131k&#8217;ta &#8216;geri kazan\u0131m&#8217; y\u00fczde 36,08&#8217;e \u00e7\u0131kt\u0131"},"content":{"rendered":"<p>\u00c7evre, \u015eehircilik ve \u0130klim De\u011fi\u015fikli\u011fi Bakan\u0131 Murat Kurum, T\u00fcrkiye\u2019nin BM nezdinde de kabul g\u00f6ren \u00e7evre hareketi S\u0131f\u0131r At\u0131k ile ilgili 30 Mart Uluslararas\u0131 S\u0131f\u0131r At\u0131k G\u00fcn\u00fc\u2019nde 7 y\u0131ll\u0131k kazan\u0131mlar\u0131 anlatan video-animasyon payla\u015f\u0131m\u0131 yapt\u0131.  Bakan Kurum, geri kazan\u0131m oran\u0131n\u0131n y\u00fczde 36.08\u2019e \u00e7\u0131kt\u0131\u011f\u0131, 2035\u2019te ise y\u00fczde 60 olaca\u011f\u0131 kaydedildi.ANKARA (\u0130GFA) &#8211; \u00c7evre, \u015eehircilik ve \u0130klim De\u011fi\u015fikli\u011fi Bakan\u0131 Murat Kurum, 30 Mart Uluslararas\u0131 S\u0131f\u0131r At\u0131k G\u00fcn\u00fc dolay\u0131s\u0131yla sosyal medya hesab\u0131ndan yapt\u0131\u011f\u0131 g\u00f6r\u00fcnt\u00fcl\u00fc payla\u015f\u0131mda d\u00fcnyan\u0131n ve insanl\u0131\u011f\u0131n gelece\u011finin tehdit alt\u0131nda oldu\u011fu b\u00f6ylesi bir d\u00f6nemde d\u00fc\u015fen g\u00f6revin\u00a0 do\u011faya, canl\u0131lara kar\u015f\u0131 daha sorumlu hayatlar ya\u015famaktan ge\u00e7ti\u011fini belirtti.<br \/>\nS\u0131f\u0131r At\u0131k hareketinin hayati \u00f6nemde oldu\u011funa dikkati \u00e7ekeilen payla\u015f\u0131mda, &#8220;Uluslararas\u0131 S\u0131f\u0131r At\u0131k G\u00fcn\u00fc de bu alana t\u00fcm d\u00fcnyan\u0131n dikkatini \u00e7ekerek k\u00fcresel bir \u00e7evre seferberli\u011fine \u00f6nc\u00fcl\u00fck etmesi a\u00e7\u0131s\u0131ndan son derece anlaml\u0131. Sayg\u0131de\u011fer Emine Erdo\u011fan Han\u0131mefendi\u2019nin \u00f6nc\u00fcl\u00fc\u011f\u00fcnde 7 y\u0131lda 7 k\u0131taya yay\u0131lan S\u0131f\u0131r At\u0131k ile hedeflerimizi bir bir hayata ge\u00e7iyoruz. Geri kazan\u0131m oran\u0131m\u0131z\u0131 y\u00fczde 36.08\u2019e \u00e7\u0131kard\u0131k. 2035\u2019te bu oran y\u00fczde 60 olacak, \u00e7\u00fcnk\u00fc elimizde Yeterince Var\u201d ifadelerini kulland\u0131.<br \/>\nSIFIR GER\u0130 KAZANIM ORANI Y\u00dcZDE 36,08\u2019E \u00c7IKTI<br \/>\nBakan Kurum, S\u0131f\u0131r At\u0131k ile bug\u00fcne kadar 205 bin binada S\u0131f\u0131r At\u0131k Y\u00f6netim Sistemi\u2019ne ge\u00e7ildi\u011fi; 2017&#8217;de y\u00fczde 13 olan geri kazan\u0131m oran\u0131n\u0131 2024&#8217;te y\u00fczde 36,08&#8217;e \u00e7\u0131kar\u0131ld\u0131\u011f\u0131n\u0131 kaydetti.\u00a0<br \/>\nD\u00fcnyam\u0131z\u0131n ve insanl\u0131\u011f\u0131n gelece\u011finin tehdit alt\u0131nda oldu\u011fu b\u00f6ylesi bir d\u00f6nemde bizlere d\u00fc\u015fen g\u00f6rev; do\u011faya, canl\u0131lara kar\u015f\u0131 daha sorumlu hayatlar ya\u015famaktan ge\u00e7iyor. Bunun i\u00e7in #S\u0131f\u0131rAt\u0131k hareketimiz hayati \u00f6nemde. #Uluslararas\u0131S\u0131f\u0131rAt\u0131kG\u00fcn\u00fc de bu alana t\u00fcm d\u00fcnyan\u0131n dikkatini\u2026 pic.twitter.com\/TAXyVUtLLd\u2014 Murat KURUM (@murat_kurum) March 30, 2025<br \/>\n74,5 M\u0130LYON TON ATIK TOPLANDI, EKONOM\u0130YE 256 M\u0130LYAR TL KATKI SA\u011eLANDI<br \/>\nT\u00fcrkiye&#8217;nin 2035 y\u0131l\u0131nda geri kazan\u0131m oran\u0131n\u0131 y\u00fczde 60&#8217;a \u00e7\u0131karmay\u0131 hedefledi\u011fini belirten Bakan Kurum, &#8220;Yine 7 y\u0131lda S\u0131f\u0131r At\u0131k fark\u0131ndal\u0131\u011f\u0131 olu\u015fturmak i\u00e7in 25 milyon ki\u015fiye e\u011fitim verildi. 7 y\u0131lda 32,5 milyon ton ka\u011f\u0131t-karton, 9,1 milyon ton plastik, 3,1 milyon ton cam, 6,4 milyon ton metal, 23,4 milyon ton organik ve di\u011fer geri d\u00f6n\u00fc\u015ft\u00fcr\u00fclebilir malzemelerden olu\u015fan toplam 74,5 milyon ton at\u0131k geri kazan\u0131ld\u0131. Geri d\u00f6n\u00fc\u015f\u00fcmle ekonomiye 256 milyar TL\u2019lik katk\u0131 sa\u011fland\u0131. Bu rakam 10 milyon hanenin y\u0131ll\u0131k elektrik faturas\u0131 kadar tasarrufa, 10 \u015fehir hastanesi veya 500\u2019den fazla okul in\u015fa edilebilecek b\u00fcy\u00fckl\u00fckte kayna\u011fa ve y\u00fcz binlerce ki\u015fiye istihdam sa\u011flayacak i\u015f g\u00fcc\u00fcne kar\u015f\u0131l\u0131k geliyor&#8221; diye konu\u015ftu.<\/p>\n<p>SUDAN 1.71 TR\u0130LYON L\u0130TRE TASARRUF<br \/>\n7 y\u0131lda \u0130stanbul\u2019un 7 y\u0131ll\u0131k t\u00fcketimine e\u015f de\u011fer, 10 milyar insan\u0131n 1 y\u0131l boyunca her g\u00fcn du\u015f almas\u0131na yetecek kadar sudan tasarruf edildi\u011fine dikkati \u00e7eken Bakan Kurum, payla\u015f\u0131m\u0131nda, &#8220;Petrolden 54.6 milyar litre tasarrufla; T\u00fcrkiye\u2019deki t\u00fcm ara\u00e7lar\u0131n y\u0131ll\u0131k yak\u0131t t\u00fcketimi kadar kazan\u0131m elde edildi.\u00a0 Geri d\u00f6n\u00fc\u015f\u00fcm sayesinde 227.3 milyar kilovatsaat enerji tasarrufuyla; 40 milyon hanenin 1 y\u0131ll\u0131k elektrik ihtiyac\u0131na e\u015f de\u011fer kazan\u0131m elde edildi. Amazon Ormanlar\u0131\u2019nda yakla\u015f\u0131k 10.000 kilometrekarelik alana e\u015f de\u011fer, T\u00fcrkiye\u2019deki t\u00fcm ormanlar\u0131n y\u00fczde 6\u2019s\u0131na denk gelen 552.7 milyon a\u011fa\u00e7 kesilmekten kurtar\u0131ld\u0131. 150 milyon ton karbondioksit sal\u0131m\u0131 \u00f6nlenerek; yakla\u015f\u0131k 30 milyon arac\u0131n y\u0131ll\u0131k karbon sal\u0131m\u0131na e\u015f de\u011fer kazan\u0131m elde edildi. 284 milyon metrek\u00fcp at\u0131k depolama alan\u0131 tasarrufuyla; yakla\u015f\u0131k 40 bin futbol sahas\u0131 b\u00fcy\u00fckl\u00fc\u011f\u00fcnde bir alan kazan\u0131ld\u0131&#8221; dedi.<\/p>\n<p>SIFIR ATIK \u0130\u00c7\u0130N YEN\u0130 ADIM: DEPOZ\u0130TO \u00a0<br \/>\nS\u0131f\u0131r At\u0131k Hareketi kapsam\u0131nda \u00c7evre, \u015eehircilik ve \u0130klim De\u011fi\u015fikli\u011fi Bakanl\u0131\u011f\u0131\u2019na ba\u011fl\u0131 T\u00fcrkiye \u00c7evre Ajans\u0131 (T\u00dc\u00c7A) Depozito Y\u00f6netim Sistemi\u2019ni (DYS) pilot il Sakarya ile ba\u015flatt\u0131.<br \/>\nBu sistem ile \u201cDepozitosu Olan Ambalajlar\u201d (DOA) logosu olan plastik ve cam \u015fi\u015feler ile al\u00fcminyum ambalajlar DOA \u0130ade Makineleri\u2019ne b\u0131rak\u0131l\u0131yor. T\u00fcketiciler iade s\u00fcre\u00e7lerinde \u201cDOA\u201d dijital uygulamas\u0131n\u0131 telefonlar\u0131na y\u00fckleyip tamamen yerli teknoloji ile tasarlanan DOA iade makinelerine QR kod okuttuklar\u0131nda iade ettikleri ambalajlara kar\u015f\u0131l\u0131k gelen te\u015fvik bedelini dijital c\u00fczdanlar\u0131nda biriktirebiliyor. Uygulamada biriken tutar, anla\u015fmal\u0131 ma\u011fazalar, marketler ve restoranlarda QR okutularak kullan\u0131l\u0131yor. Yine biriken bakiye, transfer yoluyla banka hesaplar\u0131na aktar\u0131labiliyor. Dileyen Emlak Kat\u0131l\u0131m Bankas\u0131 ATM\u2019lerinden QR kod okutarak para da \u00e7ekebiliyor. Ak\u0131ll\u0131 telefonu olmayanlar i\u00e7in de Emlak Kat\u0131l\u0131m Bankas\u0131 arac\u0131l\u0131\u011f\u0131yla bir DOA kart\u0131 uygulamas\u0131 hizmete sunuldu. TC kimlik numaras\u0131yla ili\u015fkilendirilen kart, Emlak Kat\u0131l\u0131m \u015fubelerinden temin edilerek kullan\u0131labilecek.<\/p>\n<p>DOA \u0130LE YILDA 520 M\u0130LYON AVRO KAZAN\u00c7 SA\u011eLANACAK<br \/>\nDepozito sistemi sayesinde y\u0131ll\u0131k 120 milyon avro geri kazan\u0131m geliri, ikincil ham madde kullan\u0131m\u0131ndan 250 milyon avro kazan\u00e7, at\u0131k ithalat\u0131nda 50 milyon avro azalma,yerel y\u00f6netimlerin at\u0131k bertaraf\u0131 ve elektrik kullan\u0131m\u0131ndan 100 milyon avro tasarruf sa\u011flanacak. Denizlerdeki plastik kirlili\u011fi azalt\u0131lacak. D\u00fczenli depolama sahalar\u0131ndan ve enerjiden tasarruf sa\u011flanacak.<\/p>\n<p>\u200b\u00c7evre, \u015eehircilik ve \u0130klim De\u011fi\u015fikli\u011fi Bakan\u0131 Murat Kurum, T\u00fcrkiye\u2019nin BM nezdinde de kabul g\u00f6ren \u00e7evre hareketi S\u0131f\u0131r At\u0131k ile ilgili 30 Mart Uluslararas\u0131 S\u0131f\u0131r At\u0131k G\u00fcn\u00fc\u2019nde 7 y\u0131ll\u0131k kazan\u0131mlar\u0131 anlatan video-animasyon payla\u015f\u0131m\u0131 yapt\u0131.  Bakan Kurum, geri kazan\u0131m oran\u0131n\u0131n y\u00fczde 36.08\u2019e \u00e7\u0131kt\u0131\u011f\u0131, 2035\u2019te ise y\u00fczde 60 olaca\u011f\u0131 kaydedildi.ANKARA (\u0130GFA) &#8211; \u00c7evre, \u015eehircilik ve \u0130klim De\u011fi\u015fikli\u011fi Bakan\u0131 Murat Kurum, 30 Mart Uluslararas\u0131 S\u0131f\u0131r At\u0131k G\u00fcn\u00fc dolay\u0131s\u0131yla sosyal medya hesab\u0131ndan yapt\u0131\u011f\u0131 g\u00f6r\u00fcnt\u00fcl\u00fc payla\u015f\u0131mda d\u00fcnyan\u0131n ve insanl\u0131\u011f\u0131n gelece\u011finin tehdit alt\u0131nda oldu\u011fu b\u00f6ylesi bir d\u00f6nemde d\u00fc\u015fen g\u00f6revin\u00a0 do\u011faya, canl\u0131lara kar\u015f\u0131 daha sorumlu hayatlar ya\u015famaktan ge\u00e7ti\u011fini belirtti.<br \/>\nS\u0131f\u0131r At\u0131k hareketinin hayati \u00f6nemde oldu\u011funa dikkati \u00e7ekeilen payla\u015f\u0131mda, &#8220;Uluslararas\u0131 S\u0131f\u0131r At\u0131k G\u00fcn\u00fc de bu alana t\u00fcm d\u00fcnyan\u0131n dikkatini \u00e7ekerek k\u00fcresel bir \u00e7evre seferberli\u011fine \u00f6nc\u00fcl\u00fck etmesi a\u00e7\u0131s\u0131ndan son derece anlaml\u0131. Sayg\u0131de\u011fer Emine Erdo\u011fan Han\u0131mefendi\u2019nin \u00f6nc\u00fcl\u00fc\u011f\u00fcnde 7 y\u0131lda 7 k\u0131taya yay\u0131lan S\u0131f\u0131r At\u0131k ile hedeflerimizi bir bir hayata ge\u00e7iyoruz. Geri kazan\u0131m oran\u0131m\u0131z\u0131 y\u00fczde 36.08\u2019e \u00e7\u0131kard\u0131k. 2035\u2019te bu oran y\u00fczde 60 olacak, \u00e7\u00fcnk\u00fc elimizde Yeterince Var\u201d ifadelerini kulland\u0131.<br \/>\nSIFIR GER\u0130 KAZANIM ORANI Y\u00dcZDE 36,08\u2019E \u00c7IKTI<br \/>\nBakan Kurum, S\u0131f\u0131r At\u0131k ile bug\u00fcne kadar 205 bin binada S\u0131f\u0131r At\u0131k Y\u00f6netim Sistemi\u2019ne ge\u00e7ildi\u011fi; 2017&#8217;de y\u00fczde 13 olan geri kazan\u0131m oran\u0131n\u0131 2024&#8217;te y\u00fczde 36,08&#8217;e \u00e7\u0131kar\u0131ld\u0131\u011f\u0131n\u0131 kaydetti.\u00a0<br \/>\nD\u00fcnyam\u0131z\u0131n ve insanl\u0131\u011f\u0131n gelece\u011finin tehdit alt\u0131nda oldu\u011fu b\u00f6ylesi bir d\u00f6nemde bizlere d\u00fc\u015fen g\u00f6rev; do\u011faya, canl\u0131lara kar\u015f\u0131 daha sorumlu hayatlar ya\u015famaktan ge\u00e7iyor. Bunun i\u00e7in #S\u0131f\u0131rAt\u0131k hareketimiz hayati \u00f6nemde. #Uluslararas\u0131S\u0131f\u0131rAt\u0131kG\u00fcn\u00fc de bu alana t\u00fcm d\u00fcnyan\u0131n dikkatini\u2026 pic.twitter.com\/TAXyVUtLLd\u2014 Murat KURUM (@murat_kurum) March 30, 2025<br \/>\n74,5 M\u0130LYON TON ATIK TOPLANDI, EKONOM\u0130YE 256 M\u0130LYAR TL KATKI SA\u011eLANDI<br \/>\nT\u00fcrkiye&#8217;nin 2035 y\u0131l\u0131nda geri kazan\u0131m oran\u0131n\u0131 y\u00fczde 60&#8217;a \u00e7\u0131karmay\u0131 hedefledi\u011fini belirten Bakan Kurum, &#8220;Yine 7 y\u0131lda S\u0131f\u0131r At\u0131k fark\u0131ndal\u0131\u011f\u0131 olu\u015fturmak i\u00e7in 25 milyon ki\u015fiye e\u011fitim verildi. 7 y\u0131lda 32,5 milyon ton ka\u011f\u0131t-karton, 9,1 milyon ton plastik, 3,1 milyon ton cam, 6,4 milyon ton metal, 23,4 milyon ton organik ve di\u011fer geri d\u00f6n\u00fc\u015ft\u00fcr\u00fclebilir malzemelerden olu\u015fan toplam 74,5 milyon ton at\u0131k geri kazan\u0131ld\u0131. Geri d\u00f6n\u00fc\u015f\u00fcmle ekonomiye 256 milyar TL\u2019lik katk\u0131 sa\u011fland\u0131. Bu rakam 10 milyon hanenin y\u0131ll\u0131k elektrik faturas\u0131 kadar tasarrufa, 10 \u015fehir hastanesi veya 500\u2019den fazla okul in\u015fa edilebilecek b\u00fcy\u00fckl\u00fckte kayna\u011fa ve y\u00fcz binlerce ki\u015fiye istihdam sa\u011flayacak i\u015f g\u00fcc\u00fcne kar\u015f\u0131l\u0131k geliyor&#8221; diye konu\u015ftu.<\/p>\n<p>SUDAN 1.71 TR\u0130LYON L\u0130TRE TASARRUF<br \/>\n7 y\u0131lda \u0130stanbul\u2019un 7 y\u0131ll\u0131k t\u00fcketimine e\u015f de\u011fer, 10 milyar insan\u0131n 1 y\u0131l boyunca her g\u00fcn du\u015f almas\u0131na yetecek kadar sudan tasarruf edildi\u011fine dikkati \u00e7eken Bakan Kurum, payla\u015f\u0131m\u0131nda, &#8220;Petrolden 54.6 milyar litre tasarrufla; T\u00fcrkiye\u2019deki t\u00fcm ara\u00e7lar\u0131n y\u0131ll\u0131k yak\u0131t t\u00fcketimi kadar kazan\u0131m elde edildi.\u00a0 Geri d\u00f6n\u00fc\u015f\u00fcm sayesinde 227.3 milyar kilovatsaat enerji tasarrufuyla; 40 milyon hanenin 1 y\u0131ll\u0131k elektrik ihtiyac\u0131na e\u015f de\u011fer kazan\u0131m elde edildi. Amazon Ormanlar\u0131\u2019nda yakla\u015f\u0131k 10.000 kilometrekarelik alana e\u015f de\u011fer, T\u00fcrkiye\u2019deki t\u00fcm ormanlar\u0131n y\u00fczde 6\u2019s\u0131na denk gelen 552.7 milyon a\u011fa\u00e7 kesilmekten kurtar\u0131ld\u0131. 150 milyon ton karbondioksit sal\u0131m\u0131 \u00f6nlenerek; yakla\u015f\u0131k 30 milyon arac\u0131n y\u0131ll\u0131k karbon sal\u0131m\u0131na e\u015f de\u011fer kazan\u0131m elde edildi. 284 milyon metrek\u00fcp at\u0131k depolama alan\u0131 tasarrufuyla; yakla\u015f\u0131k 40 bin futbol sahas\u0131 b\u00fcy\u00fckl\u00fc\u011f\u00fcnde bir alan kazan\u0131ld\u0131&#8221; dedi.<\/p>\n<p>SIFIR ATIK \u0130\u00c7\u0130N YEN\u0130 ADIM: DEPOZ\u0130TO \u00a0<br \/>\nS\u0131f\u0131r At\u0131k Hareketi kapsam\u0131nda \u00c7evre, \u015eehircilik ve \u0130klim De\u011fi\u015fikli\u011fi Bakanl\u0131\u011f\u0131\u2019na ba\u011fl\u0131 T\u00fcrkiye \u00c7evre Ajans\u0131 (T\u00dc\u00c7A) Depozito Y\u00f6netim Sistemi\u2019ni (DYS) pilot il Sakarya ile ba\u015flatt\u0131.<br \/>\nBu sistem ile \u201cDepozitosu Olan Ambalajlar\u201d (DOA) logosu olan plastik ve cam \u015fi\u015feler ile al\u00fcminyum ambalajlar DOA \u0130ade Makineleri\u2019ne b\u0131rak\u0131l\u0131yor. T\u00fcketiciler iade s\u00fcre\u00e7lerinde \u201cDOA\u201d dijital uygulamas\u0131n\u0131 telefonlar\u0131na y\u00fckleyip tamamen yerli teknoloji ile tasarlanan DOA iade makinelerine QR kod okuttuklar\u0131nda iade ettikleri ambalajlara kar\u015f\u0131l\u0131k gelen te\u015fvik bedelini dijital c\u00fczdanlar\u0131nda biriktirebiliyor. Uygulamada biriken tutar, anla\u015fmal\u0131 ma\u011fazalar, marketler ve restoranlarda QR okutularak kullan\u0131l\u0131yor. Yine biriken bakiye, transfer yoluyla banka hesaplar\u0131na aktar\u0131labiliyor. Dileyen Emlak Kat\u0131l\u0131m Bankas\u0131 ATM\u2019lerinden QR kod okutarak para da \u00e7ekebiliyor. Ak\u0131ll\u0131 telefonu olmayanlar i\u00e7in de Emlak Kat\u0131l\u0131m Bankas\u0131 arac\u0131l\u0131\u011f\u0131yla bir DOA kart\u0131 uygulamas\u0131 hizmete sunuldu. TC kimlik numaras\u0131yla ili\u015fkilendirilen kart, Emlak Kat\u0131l\u0131m \u015fubelerinden temin edilerek kullan\u0131labilecek.<\/p>\n<p>DOA \u0130LE YILDA 520 M\u0130LYON AVRO KAZAN\u00c7 SA\u011eLANACAK<br \/>\nDepozito sistemi sayesinde y\u0131ll\u0131k 120 milyon avro geri kazan\u0131m geliri, ikincil ham madde kullan\u0131m\u0131ndan 250 milyon avro kazan\u00e7, at\u0131k ithalat\u0131nda 50 milyon avro azalma,yerel y\u00f6netimlerin at\u0131k bertaraf\u0131 ve elektrik kullan\u0131m\u0131ndan 100 milyon avro tasarruf sa\u011flanacak. Denizlerdeki plastik kirlili\u011fi azalt\u0131lacak. D\u00fczenli depolama sahalar\u0131ndan ve enerjiden tasarruf sa\u011flanacak.\u00a0<\/p>\n<p>\u200bHaberin Al\u0131nt\u0131land\u0131\u011f\u0131 Kaynak: www.iskenderun.org<\/p>","protected":false},"excerpt":{"rendered":"<p>\u00c7evre, \u015eehircilik ve \u0130klim De\u011fi\u015fikli\u011fi Bakan\u0131 Murat Kurum, T\u00fcrkiye\u2019nin BM nezdinde de kabul g\u00f6ren \u00e7evre hareketi S\u0131f\u0131r At\u0131k ile ilgili 30 Mart Uluslararas\u0131 S\u0131f\u0131r At\u0131k G\u00fcn\u00fc\u2019nde 7 y\u0131ll\u0131k kazan\u0131mlar\u0131 anlatan video-animasyon payla\u015f\u0131m\u0131 yapt\u0131. Bakan Kurum, geri kazan\u0131m oran\u0131n\u0131n y\u00fczde 36.08\u2019e \u00e7\u0131kt\u0131\u011f\u0131, 2035\u2019te ise y\u00fczde 60 olaca\u011f\u0131 kaydedildi.ANKARA (\u0130GFA) &#8211; \u00c7evre, \u015eehircilik ve \u0130klim De\u011fi\u015fikli\u011fi Bakan\u0131 Murat Kurum, 30 Mart Uluslararas\u0131 S\u0131f\u0131r At\u0131k G\u00fcn\u00fc dolay\u0131s\u0131yla sosyal medya hesab\u0131ndan yapt\u0131\u011f\u0131 g\u00f6r\u00fcnt\u00fcl\u00fc payla\u015f\u0131mda d\u00fcnyan\u0131n ve insanl\u0131\u011f\u0131n gelece\u011finin tehdit alt\u0131nda oldu\u011fu b\u00f6ylesi bir d\u00f6nemde d\u00fc\u015fen g\u00f6revin\u00a0 do\u011faya, canl\u0131lara kar\u015f\u0131 daha sorumlu hayatlar ya\u015famaktan ge\u00e7ti\u011fini belirtti. S\u0131f\u0131r At\u0131k hareketinin hayati \u00f6nemde oldu\u011funa dikkati \u00e7ekeilen payla\u015f\u0131mda, &#8220;Uluslararas\u0131 S\u0131f\u0131r At\u0131k G\u00fcn\u00fc de bu alana t\u00fcm d\u00fcnyan\u0131n dikkatini \u00e7ekerek k\u00fcresel bir \u00e7evre seferberli\u011fine \u00f6nc\u00fcl\u00fck etmesi a\u00e7\u0131s\u0131ndan son derece anlaml\u0131. Sayg\u0131de\u011fer Emine Erdo\u011fan Han\u0131mefendi\u2019nin \u00f6nc\u00fcl\u00fc\u011f\u00fcnde 7 y\u0131lda 7 k\u0131taya yay\u0131lan S\u0131f\u0131r At\u0131k ile hedeflerimizi bir bir hayata ge\u00e7iyoruz. Geri kazan\u0131m oran\u0131m\u0131z\u0131 y\u00fczde 36.08\u2019e \u00e7\u0131kard\u0131k. 2035\u2019te bu oran y\u00fczde 60 olacak, \u00e7\u00fcnk\u00fc elimizde Yeterince Var\u201d ifadelerini kulland\u0131. SIFIR GER\u0130 KAZANIM ORANI Y\u00dcZDE 36,08\u2019E \u00c7IKTI Bakan Kurum, S\u0131f\u0131r At\u0131k ile bug\u00fcne kadar 205 bin binada S\u0131f\u0131r At\u0131k Y\u00f6netim Sistemi\u2019ne ge\u00e7ildi\u011fi; 2017&#8217;de y\u00fczde 13 olan geri kazan\u0131m oran\u0131n\u0131 2024&#8217;te y\u00fczde 36,08&#8217;e \u00e7\u0131kar\u0131ld\u0131\u011f\u0131n\u0131 kaydetti.\u00a0 D\u00fcnyam\u0131z\u0131n ve insanl\u0131\u011f\u0131n gelece\u011finin tehdit alt\u0131nda oldu\u011fu b\u00f6ylesi bir &hellip;<\/p>","protected":false},"author":1,"featured_media":0,"comment_status":"","ping_status":"open","sticky":false,"template":"","format":"standard","meta":{"_acf_changed":false,"footnotes":""},"categories":[24],"tags":[],"class_list":["post-41079","post","type-post","status-publish","format-standard","has-post-thumbnail","hentry","category-gundem"],"acf":[],"yoast_head":"<!-- This site is optimized with the Yoast SEO Premium plugin v26.6 (Yoast SEO v27.1.1) - https:\/\/yoast.com\/product\/yoast-seo-premium-wordpress\/ -->\n<title>S\u0131f\u0131r At\u0131k&#039;ta &#039;geri kazan\u0131m&#039; y\u00fczde 36,08&#039;e \u00e7\u0131kt\u0131 - Av. Deniz Can K\u0131z\u0131l<\/title>\n<meta name=\"robots\" content=\"index, follow, max-snippet:-1, max-image-preview:large, max-video-preview:-1\" \/>\n<link rel=\"canonical\" href=\"http:\/\/denizcankizil.tr\/en\/haberler\/gundem\/sifir-atikta-geri-kazanim-yuzde-3608e-cikti\/\" \/>\n<meta property=\"og:locale\" content=\"en_GB\" \/>\n<meta property=\"og:type\" content=\"article\" \/>\n<meta property=\"og:title\" content=\"S\u0131f\u0131r At\u0131k&#039;ta &#039;geri kazan\u0131m&#039; y\u00fczde 36,08&#039;e \u00e7\u0131kt\u0131\" \/>\n<meta property=\"og:description\" content=\"\u00c7evre, \u015eehircilik ve \u0130klim De\u011fi\u015fikli\u011fi Bakan\u0131 Murat Kurum, T\u00fcrkiye\u2019nin BM nezdinde de kabul g\u00f6ren \u00e7evre hareketi S\u0131f\u0131r At\u0131k ile ilgili 30 Mart Uluslararas\u0131 S\u0131f\u0131r At\u0131k G\u00fcn\u00fc\u2019nde 7 y\u0131ll\u0131k kazan\u0131mlar\u0131 anlatan video-animasyon payla\u015f\u0131m\u0131 yapt\u0131. Bakan Kurum, geri kazan\u0131m oran\u0131n\u0131n y\u00fczde 36.08\u2019e \u00e7\u0131kt\u0131\u011f\u0131, 2035\u2019te ise y\u00fczde 60 olaca\u011f\u0131 kaydedildi.ANKARA (\u0130GFA) &#8211; \u00c7evre, \u015eehircilik ve \u0130klim De\u011fi\u015fikli\u011fi Bakan\u0131 Murat Kurum, 30 Mart Uluslararas\u0131 S\u0131f\u0131r At\u0131k G\u00fcn\u00fc dolay\u0131s\u0131yla sosyal medya hesab\u0131ndan yapt\u0131\u011f\u0131 g\u00f6r\u00fcnt\u00fcl\u00fc payla\u015f\u0131mda d\u00fcnyan\u0131n ve insanl\u0131\u011f\u0131n gelece\u011finin tehdit alt\u0131nda oldu\u011fu b\u00f6ylesi bir d\u00f6nemde d\u00fc\u015fen g\u00f6revin\u00a0 do\u011faya, canl\u0131lara kar\u015f\u0131 daha sorumlu hayatlar ya\u015famaktan ge\u00e7ti\u011fini belirtti. S\u0131f\u0131r At\u0131k hareketinin hayati \u00f6nemde oldu\u011funa dikkati \u00e7ekeilen payla\u015f\u0131mda, &#8220;Uluslararas\u0131 S\u0131f\u0131r At\u0131k G\u00fcn\u00fc de bu alana t\u00fcm d\u00fcnyan\u0131n dikkatini \u00e7ekerek k\u00fcresel bir \u00e7evre seferberli\u011fine \u00f6nc\u00fcl\u00fck etmesi a\u00e7\u0131s\u0131ndan son derece anlaml\u0131. Sayg\u0131de\u011fer Emine Erdo\u011fan Han\u0131mefendi\u2019nin \u00f6nc\u00fcl\u00fc\u011f\u00fcnde 7 y\u0131lda 7 k\u0131taya yay\u0131lan S\u0131f\u0131r At\u0131k ile hedeflerimizi bir bir hayata ge\u00e7iyoruz. Geri kazan\u0131m oran\u0131m\u0131z\u0131 y\u00fczde 36.08\u2019e \u00e7\u0131kard\u0131k. 2035\u2019te bu oran y\u00fczde 60 olacak, \u00e7\u00fcnk\u00fc elimizde Yeterince Var\u201d ifadelerini kulland\u0131. SIFIR GER\u0130 KAZANIM ORANI Y\u00dcZDE 36,08\u2019E \u00c7IKTI Bakan Kurum, S\u0131f\u0131r At\u0131k ile bug\u00fcne kadar 205 bin binada S\u0131f\u0131r At\u0131k Y\u00f6netim Sistemi\u2019ne ge\u00e7ildi\u011fi; 2017&#8217;de y\u00fczde 13 olan geri kazan\u0131m oran\u0131n\u0131 2024&#8217;te y\u00fczde 36,08&#8217;e \u00e7\u0131kar\u0131ld\u0131\u011f\u0131n\u0131 kaydetti.\u00a0 D\u00fcnyam\u0131z\u0131n ve insanl\u0131\u011f\u0131n gelece\u011finin tehdit alt\u0131nda oldu\u011fu b\u00f6ylesi bir &hellip;\" \/>\n<meta property=\"og:url\" content=\"http:\/\/denizcankizil.tr\/en\/haberler\/gundem\/sifir-atikta-geri-kazanim-yuzde-3608e-cikti\/\" \/>\n<meta property=\"og:site_name\" content=\"Av. Deniz Can K\u0131z\u0131l\" \/>\n<meta property=\"article:published_time\" content=\"2025-03-31T06:41:55+00:00\" \/>\n<meta name=\"author\" content=\"admin\" \/>\n<meta name=\"twitter:card\" content=\"summary_large_image\" \/>\n<meta name=\"twitter:label1\" content=\"Written by\" \/>\n\t<meta name=\"twitter:data1\" content=\"admin\" \/>\n\t<meta name=\"twitter:label2\" content=\"Estimated reading time\" \/>\n\t<meta name=\"twitter:data2\" content=\"9 minutes\" \/>\n<script type=\"application\/ld+json\" class=\"yoast-schema-graph\">{\"@context\":\"https:\/\/schema.org\",\"@graph\":[{\"@type\":\"Article\",\"@id\":\"http:\/\/denizcankizil.tr\/uk\/haberler\/gundem\/sifir-atikta-geri-kazanim-yuzde-3608e-cikti\/#article\",\"isPartOf\":{\"@id\":\"http:\/\/denizcankizil.tr\/uk\/haberler\/gundem\/sifir-atikta-geri-kazanim-yuzde-3608e-cikti\/\"},\"author\":{\"name\":\"admin\",\"@id\":\"https:\/\/denizcankizil.tr\/de\/#\/schema\/person\/be3c05fe6a12686905512445d8185489\"},\"headline\":\"S\u0131f\u0131r At\u0131k&#8217;ta &#8216;geri kazan\u0131m&#8217; y\u00fczde 36,08&#8217;e \u00e7\u0131kt\u0131\",\"datePublished\":\"2025-03-31T06:41:55+00:00\",\"mainEntityOfPage\":{\"@id\":\"http:\/\/denizcankizil.tr\/uk\/haberler\/gundem\/sifir-atikta-geri-kazanim-yuzde-3608e-cikti\/\"},\"wordCount\":1887,\"publisher\":{\"@id\":\"https:\/\/denizcankizil.tr\/de\/#organization\"},\"articleSection\":[\"G\u00fcndem\"],\"inLanguage\":\"en-GB\"},{\"@type\":\"WebPage\",\"@id\":\"http:\/\/denizcankizil.tr\/uk\/haberler\/gundem\/sifir-atikta-geri-kazanim-yuzde-3608e-cikti\/\",\"url\":\"http:\/\/denizcankizil.tr\/uk\/haberler\/gundem\/sifir-atikta-geri-kazanim-yuzde-3608e-cikti\/\",\"name\":\"S\u0131f\u0131r At\u0131k'ta 'geri kazan\u0131m' y\u00fczde 36,08'e \u00e7\u0131kt\u0131 - Av. Deniz Can K\u0131z\u0131l\",\"isPartOf\":{\"@id\":\"https:\/\/denizcankizil.tr\/de\/#website\"},\"datePublished\":\"2025-03-31T06:41:55+00:00\",\"breadcrumb\":{\"@id\":\"http:\/\/denizcankizil.tr\/uk\/haberler\/gundem\/sifir-atikta-geri-kazanim-yuzde-3608e-cikti\/#breadcrumb\"},\"inLanguage\":\"en-GB\",\"potentialAction\":[{\"@type\":\"ReadAction\",\"target\":[\"http:\/\/denizcankizil.tr\/uk\/haberler\/gundem\/sifir-atikta-geri-kazanim-yuzde-3608e-cikti\/\"]}]},{\"@type\":\"BreadcrumbList\",\"@id\":\"http:\/\/denizcankizil.tr\/uk\/haberler\/gundem\/sifir-atikta-geri-kazanim-yuzde-3608e-cikti\/#breadcrumb\",\"itemListElement\":[{\"@type\":\"ListItem\",\"position\":1,\"name\":\"Home\",\"item\":\"https:\/\/denizcankizil.tr\/de\/\"},{\"@type\":\"ListItem\",\"position\":2,\"name\":\"S\u0131f\u0131r At\u0131k&#8217;ta &#8216;geri kazan\u0131m&#8217; y\u00fczde 36,08&#8217;e \u00e7\u0131kt\u0131\"}]},{\"@type\":\"WebSite\",\"@id\":\"https:\/\/denizcankizil.tr\/de\/#website\",\"url\":\"https:\/\/denizcankizil.tr\/de\/\",\"name\":\"Av. Deniz Can K\u0131z\u0131l\",\"description\":\"Avukat Deniz Can K\u0131z\u0131l Antalya Barosu\",\"publisher\":{\"@id\":\"https:\/\/denizcankizil.tr\/de\/#organization\"},\"potentialAction\":[{\"@type\":\"SearchAction\",\"target\":{\"@type\":\"EntryPoint\",\"urlTemplate\":\"https:\/\/denizcankizil.tr\/de\/?s={search_term_string}\"},\"query-input\":{\"@type\":\"PropertyValueSpecification\",\"valueRequired\":true,\"valueName\":\"search_term_string\"}}],\"inLanguage\":\"en-GB\"},{\"@type\":\"Organization\",\"@id\":\"https:\/\/denizcankizil.tr\/de\/#organization\",\"name\":\"Av. Deniz Can K\u0131z\u0131l\",\"url\":\"https:\/\/denizcankizil.tr\/de\/\",\"logo\":{\"@type\":\"ImageObject\",\"inLanguage\":\"en-GB\",\"@id\":\"https:\/\/denizcankizil.tr\/de\/#\/schema\/logo\/image\/\",\"url\":\"http:\/\/denizcankizil.tr\/wp-content\/uploads\/2024\/10\/siyah-logo-svg.svg\",\"contentUrl\":\"http:\/\/denizcankizil.tr\/wp-content\/uploads\/2024\/10\/siyah-logo-svg.svg\",\"width\":1080,\"height\":1080,\"caption\":\"Av. Deniz Can K\u0131z\u0131l\"},\"image\":{\"@id\":\"https:\/\/denizcankizil.tr\/de\/#\/schema\/logo\/image\/\"}},{\"@type\":\"Person\",\"@id\":\"https:\/\/denizcankizil.tr\/de\/#\/schema\/person\/be3c05fe6a12686905512445d8185489\",\"name\":\"admin\",\"image\":{\"@type\":\"ImageObject\",\"inLanguage\":\"en-GB\",\"@id\":\"https:\/\/denizcankizil.tr\/de\/#\/schema\/person\/image\/\",\"url\":\"https:\/\/secure.gravatar.com\/avatar\/c1fce94c830dc79107e174f890d7210541c4a63e8e5d816341794a2151c9d58c?s=96&d=mm&r=g\",\"contentUrl\":\"https:\/\/secure.gravatar.com\/avatar\/c1fce94c830dc79107e174f890d7210541c4a63e8e5d816341794a2151c9d58c?s=96&d=mm&r=g\",\"caption\":\"admin\"},\"sameAs\":[\"http:\/\/denizcankizil.tr\"],\"url\":\"https:\/\/www.iskenderun.org\/sifir-atikta-geri-kazanim-yuzde-3608e-cikti\"}]}<\/script>\n<!-- \/ Yoast SEO Premium plugin. -->","yoast_head_json":{"title":"S\u0131f\u0131r At\u0131k'ta 'geri kazan\u0131m' y\u00fczde 36,08'e \u00e7\u0131kt\u0131 - Av. Deniz Can K\u0131z\u0131l","robots":{"index":"index","follow":"follow","max-snippet":"max-snippet:-1","max-image-preview":"max-image-preview:large","max-video-preview":"max-video-preview:-1"},"canonical":"http:\/\/denizcankizil.tr\/en\/haberler\/gundem\/sifir-atikta-geri-kazanim-yuzde-3608e-cikti\/","og_locale":"en_GB","og_type":"article","og_title":"S\u0131f\u0131r At\u0131k'ta 'geri kazan\u0131m' y\u00fczde 36,08'e \u00e7\u0131kt\u0131","og_description":"\u00c7evre, \u015eehircilik ve \u0130klim De\u011fi\u015fikli\u011fi Bakan\u0131 Murat Kurum, T\u00fcrkiye\u2019nin BM nezdinde de kabul g\u00f6ren \u00e7evre hareketi S\u0131f\u0131r At\u0131k ile ilgili 30 Mart Uluslararas\u0131 S\u0131f\u0131r At\u0131k G\u00fcn\u00fc\u2019nde 7 y\u0131ll\u0131k kazan\u0131mlar\u0131 anlatan video-animasyon payla\u015f\u0131m\u0131 yapt\u0131. Bakan Kurum, geri kazan\u0131m oran\u0131n\u0131n y\u00fczde 36.08\u2019e \u00e7\u0131kt\u0131\u011f\u0131, 2035\u2019te ise y\u00fczde 60 olaca\u011f\u0131 kaydedildi.ANKARA (\u0130GFA) &#8211; \u00c7evre, \u015eehircilik ve \u0130klim De\u011fi\u015fikli\u011fi Bakan\u0131 Murat Kurum, 30 Mart Uluslararas\u0131 S\u0131f\u0131r At\u0131k G\u00fcn\u00fc dolay\u0131s\u0131yla sosyal medya hesab\u0131ndan yapt\u0131\u011f\u0131 g\u00f6r\u00fcnt\u00fcl\u00fc payla\u015f\u0131mda d\u00fcnyan\u0131n ve insanl\u0131\u011f\u0131n gelece\u011finin tehdit alt\u0131nda oldu\u011fu b\u00f6ylesi bir d\u00f6nemde d\u00fc\u015fen g\u00f6revin\u00a0 do\u011faya, canl\u0131lara kar\u015f\u0131 daha sorumlu hayatlar ya\u015famaktan ge\u00e7ti\u011fini belirtti. S\u0131f\u0131r At\u0131k hareketinin hayati \u00f6nemde oldu\u011funa dikkati \u00e7ekeilen payla\u015f\u0131mda, &#8220;Uluslararas\u0131 S\u0131f\u0131r At\u0131k G\u00fcn\u00fc de bu alana t\u00fcm d\u00fcnyan\u0131n dikkatini \u00e7ekerek k\u00fcresel bir \u00e7evre seferberli\u011fine \u00f6nc\u00fcl\u00fck etmesi a\u00e7\u0131s\u0131ndan son derece anlaml\u0131. Sayg\u0131de\u011fer Emine Erdo\u011fan Han\u0131mefendi\u2019nin \u00f6nc\u00fcl\u00fc\u011f\u00fcnde 7 y\u0131lda 7 k\u0131taya yay\u0131lan S\u0131f\u0131r At\u0131k ile hedeflerimizi bir bir hayata ge\u00e7iyoruz. Geri kazan\u0131m oran\u0131m\u0131z\u0131 y\u00fczde 36.08\u2019e \u00e7\u0131kard\u0131k. 2035\u2019te bu oran y\u00fczde 60 olacak, \u00e7\u00fcnk\u00fc elimizde Yeterince Var\u201d ifadelerini kulland\u0131. SIFIR GER\u0130 KAZANIM ORANI Y\u00dcZDE 36,08\u2019E \u00c7IKTI Bakan Kurum, S\u0131f\u0131r At\u0131k ile bug\u00fcne kadar 205 bin binada S\u0131f\u0131r At\u0131k Y\u00f6netim Sistemi\u2019ne ge\u00e7ildi\u011fi; 2017&#8217;de y\u00fczde 13 olan geri kazan\u0131m oran\u0131n\u0131 2024&#8217;te y\u00fczde 36,08&#8217;e \u00e7\u0131kar\u0131ld\u0131\u011f\u0131n\u0131 kaydetti.\u00a0 D\u00fcnyam\u0131z\u0131n ve insanl\u0131\u011f\u0131n gelece\u011finin tehdit alt\u0131nda oldu\u011fu b\u00f6ylesi bir &hellip;","og_url":"http:\/\/denizcankizil.tr\/en\/haberler\/gundem\/sifir-atikta-geri-kazanim-yuzde-3608e-cikti\/","og_site_name":"Av. Deniz Can K\u0131z\u0131l","article_published_time":"2025-03-31T06:41:55+00:00","author":"admin","twitter_card":"summary_large_image","twitter_misc":{"Written by":"admin","Estimated reading time":"9 minutes"},"schema":{"@context":"https:\/\/schema.org","@graph":[{"@type":"Article","@id":"http:\/\/denizcankizil.tr\/uk\/haberler\/gundem\/sifir-atikta-geri-kazanim-yuzde-3608e-cikti\/#article","isPartOf":{"@id":"http:\/\/denizcankizil.tr\/uk\/haberler\/gundem\/sifir-atikta-geri-kazanim-yuzde-3608e-cikti\/"},"author":{"name":"admin","@id":"https:\/\/denizcankizil.tr\/de\/#\/schema\/person\/be3c05fe6a12686905512445d8185489"},"headline":"S\u0131f\u0131r At\u0131k&#8217;ta &#8216;geri kazan\u0131m&#8217; y\u00fczde 36,08&#8217;e \u00e7\u0131kt\u0131","datePublished":"2025-03-31T06:41:55+00:00","mainEntityOfPage":{"@id":"http:\/\/denizcankizil.tr\/uk\/haberler\/gundem\/sifir-atikta-geri-kazanim-yuzde-3608e-cikti\/"},"wordCount":1887,"publisher":{"@id":"https:\/\/denizcankizil.tr\/de\/#organization"},"articleSection":["G\u00fcndem"],"inLanguage":"en-GB"},{"@type":"WebPage","@id":"http:\/\/denizcankizil.tr\/uk\/haberler\/gundem\/sifir-atikta-geri-kazanim-yuzde-3608e-cikti\/","url":"http:\/\/denizcankizil.tr\/uk\/haberler\/gundem\/sifir-atikta-geri-kazanim-yuzde-3608e-cikti\/","name":"S\u0131f\u0131r At\u0131k'ta 'geri kazan\u0131m' y\u00fczde 36,08'e \u00e7\u0131kt\u0131 - Av. Deniz Can K\u0131z\u0131l","isPartOf":{"@id":"https:\/\/denizcankizil.tr\/de\/#website"},"datePublished":"2025-03-31T06:41:55+00:00","breadcrumb":{"@id":"http:\/\/denizcankizil.tr\/uk\/haberler\/gundem\/sifir-atikta-geri-kazanim-yuzde-3608e-cikti\/#breadcrumb"},"inLanguage":"en-GB","potentialAction":[{"@type":"ReadAction","target":["http:\/\/denizcankizil.tr\/uk\/haberler\/gundem\/sifir-atikta-geri-kazanim-yuzde-3608e-cikti\/"]}]},{"@type":"BreadcrumbList","@id":"http:\/\/denizcankizil.tr\/uk\/haberler\/gundem\/sifir-atikta-geri-kazanim-yuzde-3608e-cikti\/#breadcrumb","itemListElement":[{"@type":"ListItem","position":1,"name":"Home","item":"https:\/\/denizcankizil.tr\/de\/"},{"@type":"ListItem","position":2,"name":"S\u0131f\u0131r At\u0131k&#8217;ta &#8216;geri kazan\u0131m&#8217; y\u00fczde 36,08&#8217;e \u00e7\u0131kt\u0131"}]},{"@type":"WebSite","@id":"https:\/\/denizcankizil.tr\/de\/#website","url":"https:\/\/denizcankizil.tr\/de\/","name":"Av. Deniz Can K\u0131z\u0131l","description":"Avukat Deniz Can K\u0131z\u0131l Antalya Barosu","publisher":{"@id":"https:\/\/denizcankizil.tr\/de\/#organization"},"potentialAction":[{"@type":"SearchAction","target":{"@type":"EntryPoint","urlTemplate":"https:\/\/denizcankizil.tr\/de\/?s={search_term_string}"},"query-input":{"@type":"PropertyValueSpecification","valueRequired":true,"valueName":"search_term_string"}}],"inLanguage":"en-GB"},{"@type":"Organization","@id":"https:\/\/denizcankizil.tr\/de\/#organization","name":"Av. Deniz Can K\u0131z\u0131l","url":"https:\/\/denizcankizil.tr\/de\/","logo":{"@type":"ImageObject","inLanguage":"en-GB","@id":"https:\/\/denizcankizil.tr\/de\/#\/schema\/logo\/image\/","url":"http:\/\/denizcankizil.tr\/wp-content\/uploads\/2024\/10\/siyah-logo-svg.svg","contentUrl":"http:\/\/denizcankizil.tr\/wp-content\/uploads\/2024\/10\/siyah-logo-svg.svg","width":1080,"height":1080,"caption":"Av. Deniz Can K\u0131z\u0131l"},"image":{"@id":"https:\/\/denizcankizil.tr\/de\/#\/schema\/logo\/image\/"}},{"@type":"Person","@id":"https:\/\/denizcankizil.tr\/de\/#\/schema\/person\/be3c05fe6a12686905512445d8185489","name":"admin","image":{"@type":"ImageObject","inLanguage":"en-GB","@id":"https:\/\/denizcankizil.tr\/de\/#\/schema\/person\/image\/","url":"https:\/\/secure.gravatar.com\/avatar\/c1fce94c830dc79107e174f890d7210541c4a63e8e5d816341794a2151c9d58c?s=96&d=mm&r=g","contentUrl":"https:\/\/secure.gravatar.com\/avatar\/c1fce94c830dc79107e174f890d7210541c4a63e8e5d816341794a2151c9d58c?s=96&d=mm&r=g","caption":"admin"},"sameAs":["http:\/\/denizcankizil.tr"],"url":"https:\/\/www.iskenderun.org\/sifir-atikta-geri-kazanim-yuzde-3608e-cikti"}]}},"_links":{"self":[{"href":"http:\/\/denizcankizil.tr\/en\/wp-json\/wp\/v2\/posts\/41079","targetHints":{"allow":["GET"]}}],"collection":[{"href":"http:\/\/denizcankizil.tr\/en\/wp-json\/wp\/v2\/posts"}],"about":[{"href":"http:\/\/denizcankizil.tr\/en\/wp-json\/wp\/v2\/types\/post"}],"author":[{"embeddable":true,"href":"http:\/\/denizcankizil.tr\/en\/wp-json\/wp\/v2\/users\/1"}],"replies":[{"embeddable":true,"href":"http:\/\/denizcankizil.tr\/en\/wp-json\/wp\/v2\/comments?post=41079"}],"version-history":[{"count":0,"href":"http:\/\/denizcankizil.tr\/en\/wp-json\/wp\/v2\/posts\/41079\/revisions"}],"wp:attachment":[{"href":"http:\/\/denizcankizil.tr\/en\/wp-json\/wp\/v2\/media?parent=41079"}],"wp:term":[{"taxonomy":"category","embeddable":true,"href":"http:\/\/denizcankizil.tr\/en\/wp-json\/wp\/v2\/categories?post=41079"},{"taxonomy":"post_tag","embeddable":true,"href":"http:\/\/denizcankizil.tr\/en\/wp-json\/wp\/v2\/tags?post=41079"}],"curies":[{"name":"wp","href":"https:\/\/api.w.org\/{rel}","templated":true}]}}