{"id":39178,"date":"2025-03-29T14:42:10","date_gmt":"2025-03-29T11:42:10","guid":{"rendered":"https:\/\/denizcankizil.tr\/uncategorized-tr\/cam-agaclari-icin-bocekler-devrede\/"},"modified":"2025-03-29T14:42:10","modified_gmt":"2025-03-29T11:42:10","slug":"cam-agaclari-icin-bocekler-devrede","status":"publish","type":"post","link":"http:\/\/denizcankizil.tr\/en\/haberler\/antalya\/cam-agaclari-icin-bocekler-devrede\/","title":{"rendered":"\u00c7am a\u011fa\u00e7lar\u0131 i\u00e7in b\u00f6cekler devrede"},"content":{"rendered":"<p>Manavgat\u2019ta g\u00f6revliler, \u00e7am kese b\u00f6ce\u011fiyle m\u00fccadele amac\u0131yla bin 500 adet terminat\u00f6r b\u00f6ce\u011fi Manavgat Merkez, Kasaplar, Sar\u0131lar, Sorgun, Side b\u00f6lgelerinde bulunan okullar\u0131n bah\u00e7eleri ve T\u00fcrkbeleni orman\u0131nda do\u011faya b\u0131rakt\u0131.<br \/>\nManavgat Orman \u0130\u015fletme M\u00fcd\u00fcrl\u00fc\u011f\u00fc Biyolojik M\u00fccadele Laboratuvar\u0131&#8217;nda b\u00fcy\u00fck bir titizlikle \u00fcretilen ve ormanlar\u0131n bek\u00e7ili\u011fini yapan, \u00e7am kese b\u00f6ceklerinin do\u011fal d\u00fc\u015fman\u0131 olan terminat\u00f6r b\u00f6cekler ormanlar\u0131 korumas\u0131n\u0131n yan\u0131nda do\u011fal dengenin sa\u011flanmas\u0131na yard\u0131mc\u0131 oluyor.<br \/>\nOrman Genel M\u00fcd\u00fcrl\u00fc\u011f\u00fc\u2019n\u00fcn uzun s\u00fcredir orman zararl\u0131lar\u0131na kar\u015f\u0131 kimyasal m\u00fccadele yerine biyolojik m\u00fccadele yapt\u0131\u011f\u0131n\u0131 belirten Manavgat Orman \u0130\u015fletme M\u00fcd\u00fcr\u00fc \u0130sa Tarhan, &#8220;Manavgat Orman \u0130\u015fletme M\u00fcd\u00fcrl\u00fc\u011f\u00fc olarak ormanlar\u0131m\u0131z\u0131n korunmas\u0131 ve kurumamas\u0131 i\u00e7in orman zararl\u0131lar\u0131 ile biyolojik m\u00fccadele uygulamas\u0131na ba\u015flad\u0131k. \u0130lk etapta \u00e7ocuklar\u0131m\u0131z\u0131n okul bah\u00e7elerinde rahatl\u0131kla oynayabilmeleri amac\u0131yla bah\u00e7esinde ve \u00e7evresinde \u00e7am a\u011fac\u0131 bulunan okullar\u0131m\u0131zda ve T\u00fcrkbeleni\u2019nde 500 adet b\u00f6ce\u011fi do\u011faya b\u0131rakt\u0131k. \u00d6n\u00fcm\u00fczdeki g\u00fcnlerde sorumluluk alan\u0131m\u0131zda bulunan ormanlar\u0131m\u0131zda b\u00f6cek sal\u0131m\u0131 devam edecektir&#8221; dedi.<\/p>\n<p>Kaynak: www.kanalv.com.tr Haber Sitesinden Al\u0131nm\u0131\u015ft\u0131r.<\/p>","protected":false},"excerpt":{"rendered":"<p>Manavgat\u2019ta g\u00f6revliler, \u00e7am kese b\u00f6ce\u011fiyle m\u00fccadele amac\u0131yla bin 500 adet terminat\u00f6r b\u00f6ce\u011fi Manavgat Merkez, Kasaplar, Sar\u0131lar, Sorgun, Side b\u00f6lgelerinde bulunan okullar\u0131n bah\u00e7eleri ve T\u00fcrkbeleni orman\u0131nda do\u011faya b\u0131rakt\u0131. Manavgat Orman \u0130\u015fletme M\u00fcd\u00fcrl\u00fc\u011f\u00fc Biyolojik M\u00fccadele Laboratuvar\u0131&#8217;nda b\u00fcy\u00fck bir titizlikle \u00fcretilen ve ormanlar\u0131n bek\u00e7ili\u011fini yapan, \u00e7am kese b\u00f6ceklerinin do\u011fal d\u00fc\u015fman\u0131 olan terminat\u00f6r b\u00f6cekler ormanlar\u0131 korumas\u0131n\u0131n yan\u0131nda do\u011fal dengenin sa\u011flanmas\u0131na yard\u0131mc\u0131 oluyor. Orman Genel M\u00fcd\u00fcrl\u00fc\u011f\u00fc\u2019n\u00fcn uzun s\u00fcredir orman zararl\u0131lar\u0131na kar\u015f\u0131 kimyasal m\u00fccadele yerine biyolojik m\u00fccadele yapt\u0131\u011f\u0131n\u0131 belirten Manavgat Orman \u0130\u015fletme M\u00fcd\u00fcr\u00fc \u0130sa Tarhan, &#8220;Manavgat Orman \u0130\u015fletme M\u00fcd\u00fcrl\u00fc\u011f\u00fc olarak ormanlar\u0131m\u0131z\u0131n korunmas\u0131 ve kurumamas\u0131 i\u00e7in orman zararl\u0131lar\u0131 ile biyolojik m\u00fccadele uygulamas\u0131na ba\u015flad\u0131k. \u0130lk etapta \u00e7ocuklar\u0131m\u0131z\u0131n okul bah\u00e7elerinde rahatl\u0131kla oynayabilmeleri amac\u0131yla bah\u00e7esinde ve \u00e7evresinde \u00e7am a\u011fac\u0131 bulunan okullar\u0131m\u0131zda ve T\u00fcrkbeleni\u2019nde 500 adet b\u00f6ce\u011fi do\u011faya b\u0131rakt\u0131k. \u00d6n\u00fcm\u00fczdeki g\u00fcnlerde sorumluluk alan\u0131m\u0131zda bulunan ormanlar\u0131m\u0131zda b\u00f6cek sal\u0131m\u0131 devam edecektir&#8221; dedi. Kaynak: www.kanalv.com.tr Haber Sitesinden Al\u0131nm\u0131\u015ft\u0131r.<\/p>","protected":false},"author":4,"featured_media":39179,"comment_status":"","ping_status":"open","sticky":false,"template":"","format":"standard","meta":{"_acf_changed":false,"footnotes":""},"categories":[26],"tags":[],"class_list":["post-39178","post","type-post","status-publish","format-standard","has-post-thumbnail","hentry","category-antalya"],"acf":[],"yoast_head":"<!-- This site is optimized with the Yoast SEO Premium plugin v26.6 (Yoast SEO v27.1.1) - https:\/\/yoast.com\/product\/yoast-seo-premium-wordpress\/ -->\n<title>\u00c7am a\u011fa\u00e7lar\u0131 i\u00e7in b\u00f6cekler devrede - Av. Deniz Can K\u0131z\u0131l<\/title>\n<meta name=\"robots\" content=\"index, follow, max-snippet:-1, max-image-preview:large, max-video-preview:-1\" \/>\n<link rel=\"canonical\" href=\"http:\/\/denizcankizil.tr\/en\/haberler\/antalya\/cam-agaclari-icin-bocekler-devrede\/\" \/>\n<meta property=\"og:locale\" content=\"en_GB\" \/>\n<meta property=\"og:type\" content=\"article\" \/>\n<meta property=\"og:title\" content=\"\u00c7am a\u011fa\u00e7lar\u0131 i\u00e7in b\u00f6cekler devrede\" \/>\n<meta property=\"og:description\" content=\"Manavgat\u2019ta g\u00f6revliler, \u00e7am kese b\u00f6ce\u011fiyle m\u00fccadele amac\u0131yla bin 500 adet terminat\u00f6r b\u00f6ce\u011fi Manavgat Merkez, Kasaplar, Sar\u0131lar, Sorgun, Side b\u00f6lgelerinde bulunan okullar\u0131n bah\u00e7eleri ve T\u00fcrkbeleni orman\u0131nda do\u011faya b\u0131rakt\u0131. Manavgat Orman \u0130\u015fletme M\u00fcd\u00fcrl\u00fc\u011f\u00fc Biyolojik M\u00fccadele Laboratuvar\u0131&#8217;nda b\u00fcy\u00fck bir titizlikle \u00fcretilen ve ormanlar\u0131n bek\u00e7ili\u011fini yapan, \u00e7am kese b\u00f6ceklerinin do\u011fal d\u00fc\u015fman\u0131 olan terminat\u00f6r b\u00f6cekler ormanlar\u0131 korumas\u0131n\u0131n yan\u0131nda do\u011fal dengenin sa\u011flanmas\u0131na yard\u0131mc\u0131 oluyor. Orman Genel M\u00fcd\u00fcrl\u00fc\u011f\u00fc\u2019n\u00fcn uzun s\u00fcredir orman zararl\u0131lar\u0131na kar\u015f\u0131 kimyasal m\u00fccadele yerine biyolojik m\u00fccadele yapt\u0131\u011f\u0131n\u0131 belirten Manavgat Orman \u0130\u015fletme M\u00fcd\u00fcr\u00fc \u0130sa Tarhan, &#8220;Manavgat Orman \u0130\u015fletme M\u00fcd\u00fcrl\u00fc\u011f\u00fc olarak ormanlar\u0131m\u0131z\u0131n korunmas\u0131 ve kurumamas\u0131 i\u00e7in orman zararl\u0131lar\u0131 ile biyolojik m\u00fccadele uygulamas\u0131na ba\u015flad\u0131k. \u0130lk etapta \u00e7ocuklar\u0131m\u0131z\u0131n okul bah\u00e7elerinde rahatl\u0131kla oynayabilmeleri amac\u0131yla bah\u00e7esinde ve \u00e7evresinde \u00e7am a\u011fac\u0131 bulunan okullar\u0131m\u0131zda ve T\u00fcrkbeleni\u2019nde 500 adet b\u00f6ce\u011fi do\u011faya b\u0131rakt\u0131k. \u00d6n\u00fcm\u00fczdeki g\u00fcnlerde sorumluluk alan\u0131m\u0131zda bulunan ormanlar\u0131m\u0131zda b\u00f6cek sal\u0131m\u0131 devam edecektir&#8221; dedi. Kaynak: www.kanalv.com.tr Haber Sitesinden Al\u0131nm\u0131\u015ft\u0131r.\" \/>\n<meta property=\"og:url\" content=\"http:\/\/denizcankizil.tr\/en\/haberler\/antalya\/cam-agaclari-icin-bocekler-devrede\/\" \/>\n<meta property=\"og:site_name\" content=\"Av. Deniz Can K\u0131z\u0131l\" \/>\n<meta property=\"article:published_time\" content=\"2025-03-29T11:42:10+00:00\" \/>\n<meta property=\"og:image\" content=\"http:\/\/denizcankizil.tr\/wp-content\/uploads\/2025\/03\/5803-01-n2yArr.jpeg\" \/>\n\t<meta property=\"og:image:width\" content=\"1280\" \/>\n\t<meta property=\"og:image:height\" content=\"720\" \/>\n\t<meta property=\"og:image:type\" content=\"image\/jpeg\" \/>\n<meta name=\"author\" content=\"Av. Deniz Can K\u0131z\u0131l\" \/>\n<meta name=\"twitter:card\" content=\"summary_large_image\" \/>\n<meta name=\"twitter:label1\" content=\"Written by\" \/>\n\t<meta name=\"twitter:data1\" content=\"Av. Deniz Can K\u0131z\u0131l\" \/>\n\t<meta name=\"twitter:label2\" content=\"Estimated reading time\" \/>\n\t<meta name=\"twitter:data2\" content=\"1 minute\" \/>\n<script type=\"application\/ld+json\" class=\"yoast-schema-graph\">{\"@context\":\"https:\/\/schema.org\",\"@graph\":[{\"@type\":\"Article\",\"@id\":\"http:\/\/denizcankizil.tr\/en\/haberler\/antalya\/cam-agaclari-icin-bocekler-devrede\/#article\",\"isPartOf\":{\"@id\":\"http:\/\/denizcankizil.tr\/en\/haberler\/antalya\/cam-agaclari-icin-bocekler-devrede\/\"},\"author\":{\"name\":\"Av. Deniz Can K\u0131z\u0131l\",\"@id\":\"https:\/\/denizcankizil.tr\/#\/schema\/person\/5dc1b22991bd7ac833867c10afc9b0ff\"},\"headline\":\"\u00c7am a\u011fa\u00e7lar\u0131 i\u00e7in b\u00f6cekler devrede\",\"datePublished\":\"2025-03-29T11:42:10+00:00\",\"mainEntityOfPage\":{\"@id\":\"http:\/\/denizcankizil.tr\/en\/haberler\/antalya\/cam-agaclari-icin-bocekler-devrede\/\"},\"wordCount\":234,\"publisher\":{\"@id\":\"https:\/\/denizcankizil.tr\/#organization\"},\"image\":{\"@id\":\"http:\/\/denizcankizil.tr\/en\/haberler\/antalya\/cam-agaclari-icin-bocekler-devrede\/#primaryimage\"},\"thumbnailUrl\":\"http:\/\/denizcankizil.tr\/wp-content\/uploads\/2025\/03\/5803-01-n2yArr.jpeg\",\"articleSection\":[\"Antalya\"],\"inLanguage\":\"en-GB\"},{\"@type\":\"WebPage\",\"@id\":\"http:\/\/denizcankizil.tr\/en\/haberler\/antalya\/cam-agaclari-icin-bocekler-devrede\/\",\"url\":\"http:\/\/denizcankizil.tr\/en\/haberler\/antalya\/cam-agaclari-icin-bocekler-devrede\/\",\"name\":\"\u00c7am a\u011fa\u00e7lar\u0131 i\u00e7in b\u00f6cekler devrede - Av. Deniz Can K\u0131z\u0131l\",\"isPartOf\":{\"@id\":\"https:\/\/denizcankizil.tr\/#website\"},\"primaryImageOfPage\":{\"@id\":\"http:\/\/denizcankizil.tr\/en\/haberler\/antalya\/cam-agaclari-icin-bocekler-devrede\/#primaryimage\"},\"image\":{\"@id\":\"http:\/\/denizcankizil.tr\/en\/haberler\/antalya\/cam-agaclari-icin-bocekler-devrede\/#primaryimage\"},\"thumbnailUrl\":\"http:\/\/denizcankizil.tr\/wp-content\/uploads\/2025\/03\/5803-01-n2yArr.jpeg\",\"datePublished\":\"2025-03-29T11:42:10+00:00\",\"breadcrumb\":{\"@id\":\"http:\/\/denizcankizil.tr\/en\/haberler\/antalya\/cam-agaclari-icin-bocekler-devrede\/#breadcrumb\"},\"inLanguage\":\"en-GB\",\"potentialAction\":[{\"@type\":\"ReadAction\",\"target\":[\"http:\/\/denizcankizil.tr\/en\/haberler\/antalya\/cam-agaclari-icin-bocekler-devrede\/\"]}]},{\"@type\":\"ImageObject\",\"inLanguage\":\"en-GB\",\"@id\":\"http:\/\/denizcankizil.tr\/en\/haberler\/antalya\/cam-agaclari-icin-bocekler-devrede\/#primaryimage\",\"url\":\"http:\/\/denizcankizil.tr\/wp-content\/uploads\/2025\/03\/5803-01-n2yArr.jpeg\",\"contentUrl\":\"http:\/\/denizcankizil.tr\/wp-content\/uploads\/2025\/03\/5803-01-n2yArr.jpeg\",\"width\":1280,\"height\":720},{\"@type\":\"BreadcrumbList\",\"@id\":\"http:\/\/denizcankizil.tr\/en\/haberler\/antalya\/cam-agaclari-icin-bocekler-devrede\/#breadcrumb\",\"itemListElement\":[{\"@type\":\"ListItem\",\"position\":1,\"name\":\"Home\",\"item\":\"https:\/\/denizcankizil.tr\/de\/\"},{\"@type\":\"ListItem\",\"position\":2,\"name\":\"\u00c7am a\u011fa\u00e7lar\u0131 i\u00e7in b\u00f6cekler devrede\"}]},{\"@type\":\"WebSite\",\"@id\":\"https:\/\/denizcankizil.tr\/#website\",\"url\":\"https:\/\/denizcankizil.tr\/\",\"name\":\"Av. Deniz Can K\u0131z\u0131l\",\"description\":\"Avukat Deniz Can K\u0131z\u0131l Antalya Barosu\",\"publisher\":{\"@id\":\"https:\/\/denizcankizil.tr\/#organization\"},\"potentialAction\":[{\"@type\":\"SearchAction\",\"target\":{\"@type\":\"EntryPoint\",\"urlTemplate\":\"https:\/\/denizcankizil.tr\/?s={search_term_string}\"},\"query-input\":{\"@type\":\"PropertyValueSpecification\",\"valueRequired\":true,\"valueName\":\"search_term_string\"}}],\"inLanguage\":\"en-GB\"},{\"@type\":\"Organization\",\"@id\":\"https:\/\/denizcankizil.tr\/#organization\",\"name\":\"Av. Deniz Can K\u0131z\u0131l\",\"url\":\"https:\/\/denizcankizil.tr\/\",\"logo\":{\"@type\":\"ImageObject\",\"inLanguage\":\"en-GB\",\"@id\":\"https:\/\/denizcankizil.tr\/#\/schema\/logo\/image\/\",\"url\":\"http:\/\/denizcankizil.tr\/wp-content\/uploads\/2024\/10\/siyah-logo-svg.svg\",\"contentUrl\":\"http:\/\/denizcankizil.tr\/wp-content\/uploads\/2024\/10\/siyah-logo-svg.svg\",\"width\":1080,\"height\":1080,\"caption\":\"Av. Deniz Can K\u0131z\u0131l\"},\"image\":{\"@id\":\"https:\/\/denizcankizil.tr\/#\/schema\/logo\/image\/\"}},{\"@type\":\"Person\",\"@id\":\"https:\/\/denizcankizil.tr\/#\/schema\/person\/5dc1b22991bd7ac833867c10afc9b0ff\",\"name\":\"Av. Deniz Can K\u0131z\u0131l\",\"image\":{\"@type\":\"ImageObject\",\"inLanguage\":\"en-GB\",\"@id\":\"https:\/\/denizcankizil.tr\/#\/schema\/person\/image\/\",\"url\":\"https:\/\/secure.gravatar.com\/avatar\/a0b128fb9855c79efc976d5640eedb31dc35ec297594d6016d2cf7c60e975bb6?s=96&d=mm&r=g\",\"contentUrl\":\"https:\/\/secure.gravatar.com\/avatar\/a0b128fb9855c79efc976d5640eedb31dc35ec297594d6016d2cf7c60e975bb6?s=96&d=mm&r=g\",\"caption\":\"Av. Deniz Can K\u0131z\u0131l\"},\"sameAs\":[\"http:\/\/www.denizcankizil.tr\"],\"url\":\"http:\/\/denizcankizil.tr\/en\/author\/denizcankizil\/\"}]}<\/script>\n<!-- \/ Yoast SEO Premium plugin. -->","yoast_head_json":{"title":"\u00c7am a\u011fa\u00e7lar\u0131 i\u00e7in b\u00f6cekler devrede - Av. Deniz Can K\u0131z\u0131l","robots":{"index":"index","follow":"follow","max-snippet":"max-snippet:-1","max-image-preview":"max-image-preview:large","max-video-preview":"max-video-preview:-1"},"canonical":"http:\/\/denizcankizil.tr\/en\/haberler\/antalya\/cam-agaclari-icin-bocekler-devrede\/","og_locale":"en_GB","og_type":"article","og_title":"\u00c7am a\u011fa\u00e7lar\u0131 i\u00e7in b\u00f6cekler devrede","og_description":"Manavgat\u2019ta g\u00f6revliler, \u00e7am kese b\u00f6ce\u011fiyle m\u00fccadele amac\u0131yla bin 500 adet terminat\u00f6r b\u00f6ce\u011fi Manavgat Merkez, Kasaplar, Sar\u0131lar, Sorgun, Side b\u00f6lgelerinde bulunan okullar\u0131n bah\u00e7eleri ve T\u00fcrkbeleni orman\u0131nda do\u011faya b\u0131rakt\u0131. Manavgat Orman \u0130\u015fletme M\u00fcd\u00fcrl\u00fc\u011f\u00fc Biyolojik M\u00fccadele Laboratuvar\u0131&#8217;nda b\u00fcy\u00fck bir titizlikle \u00fcretilen ve ormanlar\u0131n bek\u00e7ili\u011fini yapan, \u00e7am kese b\u00f6ceklerinin do\u011fal d\u00fc\u015fman\u0131 olan terminat\u00f6r b\u00f6cekler ormanlar\u0131 korumas\u0131n\u0131n yan\u0131nda do\u011fal dengenin sa\u011flanmas\u0131na yard\u0131mc\u0131 oluyor. Orman Genel M\u00fcd\u00fcrl\u00fc\u011f\u00fc\u2019n\u00fcn uzun s\u00fcredir orman zararl\u0131lar\u0131na kar\u015f\u0131 kimyasal m\u00fccadele yerine biyolojik m\u00fccadele yapt\u0131\u011f\u0131n\u0131 belirten Manavgat Orman \u0130\u015fletme M\u00fcd\u00fcr\u00fc \u0130sa Tarhan, &#8220;Manavgat Orman \u0130\u015fletme M\u00fcd\u00fcrl\u00fc\u011f\u00fc olarak ormanlar\u0131m\u0131z\u0131n korunmas\u0131 ve kurumamas\u0131 i\u00e7in orman zararl\u0131lar\u0131 ile biyolojik m\u00fccadele uygulamas\u0131na ba\u015flad\u0131k. \u0130lk etapta \u00e7ocuklar\u0131m\u0131z\u0131n okul bah\u00e7elerinde rahatl\u0131kla oynayabilmeleri amac\u0131yla bah\u00e7esinde ve \u00e7evresinde \u00e7am a\u011fac\u0131 bulunan okullar\u0131m\u0131zda ve T\u00fcrkbeleni\u2019nde 500 adet b\u00f6ce\u011fi do\u011faya b\u0131rakt\u0131k. \u00d6n\u00fcm\u00fczdeki g\u00fcnlerde sorumluluk alan\u0131m\u0131zda bulunan ormanlar\u0131m\u0131zda b\u00f6cek sal\u0131m\u0131 devam edecektir&#8221; dedi. Kaynak: www.kanalv.com.tr Haber Sitesinden Al\u0131nm\u0131\u015ft\u0131r.","og_url":"http:\/\/denizcankizil.tr\/en\/haberler\/antalya\/cam-agaclari-icin-bocekler-devrede\/","og_site_name":"Av. Deniz Can K\u0131z\u0131l","article_published_time":"2025-03-29T11:42:10+00:00","og_image":[{"width":1280,"height":720,"url":"http:\/\/denizcankizil.tr\/wp-content\/uploads\/2025\/03\/5803-01-n2yArr.jpeg","type":"image\/jpeg"}],"author":"Av. Deniz Can K\u0131z\u0131l","twitter_card":"summary_large_image","twitter_misc":{"Written by":"Av. Deniz Can K\u0131z\u0131l","Estimated reading time":"1 minute"},"schema":{"@context":"https:\/\/schema.org","@graph":[{"@type":"Article","@id":"http:\/\/denizcankizil.tr\/en\/haberler\/antalya\/cam-agaclari-icin-bocekler-devrede\/#article","isPartOf":{"@id":"http:\/\/denizcankizil.tr\/en\/haberler\/antalya\/cam-agaclari-icin-bocekler-devrede\/"},"author":{"name":"Av. Deniz Can K\u0131z\u0131l","@id":"https:\/\/denizcankizil.tr\/#\/schema\/person\/5dc1b22991bd7ac833867c10afc9b0ff"},"headline":"\u00c7am a\u011fa\u00e7lar\u0131 i\u00e7in b\u00f6cekler devrede","datePublished":"2025-03-29T11:42:10+00:00","mainEntityOfPage":{"@id":"http:\/\/denizcankizil.tr\/en\/haberler\/antalya\/cam-agaclari-icin-bocekler-devrede\/"},"wordCount":234,"publisher":{"@id":"https:\/\/denizcankizil.tr\/#organization"},"image":{"@id":"http:\/\/denizcankizil.tr\/en\/haberler\/antalya\/cam-agaclari-icin-bocekler-devrede\/#primaryimage"},"thumbnailUrl":"http:\/\/denizcankizil.tr\/wp-content\/uploads\/2025\/03\/5803-01-n2yArr.jpeg","articleSection":["Antalya"],"inLanguage":"en-GB"},{"@type":"WebPage","@id":"http:\/\/denizcankizil.tr\/en\/haberler\/antalya\/cam-agaclari-icin-bocekler-devrede\/","url":"http:\/\/denizcankizil.tr\/en\/haberler\/antalya\/cam-agaclari-icin-bocekler-devrede\/","name":"\u00c7am a\u011fa\u00e7lar\u0131 i\u00e7in b\u00f6cekler devrede - Av. Deniz Can K\u0131z\u0131l","isPartOf":{"@id":"https:\/\/denizcankizil.tr\/#website"},"primaryImageOfPage":{"@id":"http:\/\/denizcankizil.tr\/en\/haberler\/antalya\/cam-agaclari-icin-bocekler-devrede\/#primaryimage"},"image":{"@id":"http:\/\/denizcankizil.tr\/en\/haberler\/antalya\/cam-agaclari-icin-bocekler-devrede\/#primaryimage"},"thumbnailUrl":"http:\/\/denizcankizil.tr\/wp-content\/uploads\/2025\/03\/5803-01-n2yArr.jpeg","datePublished":"2025-03-29T11:42:10+00:00","breadcrumb":{"@id":"http:\/\/denizcankizil.tr\/en\/haberler\/antalya\/cam-agaclari-icin-bocekler-devrede\/#breadcrumb"},"inLanguage":"en-GB","potentialAction":[{"@type":"ReadAction","target":["http:\/\/denizcankizil.tr\/en\/haberler\/antalya\/cam-agaclari-icin-bocekler-devrede\/"]}]},{"@type":"ImageObject","inLanguage":"en-GB","@id":"http:\/\/denizcankizil.tr\/en\/haberler\/antalya\/cam-agaclari-icin-bocekler-devrede\/#primaryimage","url":"http:\/\/denizcankizil.tr\/wp-content\/uploads\/2025\/03\/5803-01-n2yArr.jpeg","contentUrl":"http:\/\/denizcankizil.tr\/wp-content\/uploads\/2025\/03\/5803-01-n2yArr.jpeg","width":1280,"height":720},{"@type":"BreadcrumbList","@id":"http:\/\/denizcankizil.tr\/en\/haberler\/antalya\/cam-agaclari-icin-bocekler-devrede\/#breadcrumb","itemListElement":[{"@type":"ListItem","position":1,"name":"Home","item":"https:\/\/denizcankizil.tr\/de\/"},{"@type":"ListItem","position":2,"name":"\u00c7am a\u011fa\u00e7lar\u0131 i\u00e7in b\u00f6cekler devrede"}]},{"@type":"WebSite","@id":"https:\/\/denizcankizil.tr\/#website","url":"https:\/\/denizcankizil.tr\/","name":"Av. Deniz Can K\u0131z\u0131l","description":"Avukat Deniz Can K\u0131z\u0131l Antalya Barosu","publisher":{"@id":"https:\/\/denizcankizil.tr\/#organization"},"potentialAction":[{"@type":"SearchAction","target":{"@type":"EntryPoint","urlTemplate":"https:\/\/denizcankizil.tr\/?s={search_term_string}"},"query-input":{"@type":"PropertyValueSpecification","valueRequired":true,"valueName":"search_term_string"}}],"inLanguage":"en-GB"},{"@type":"Organization","@id":"https:\/\/denizcankizil.tr\/#organization","name":"Av. Deniz Can K\u0131z\u0131l","url":"https:\/\/denizcankizil.tr\/","logo":{"@type":"ImageObject","inLanguage":"en-GB","@id":"https:\/\/denizcankizil.tr\/#\/schema\/logo\/image\/","url":"http:\/\/denizcankizil.tr\/wp-content\/uploads\/2024\/10\/siyah-logo-svg.svg","contentUrl":"http:\/\/denizcankizil.tr\/wp-content\/uploads\/2024\/10\/siyah-logo-svg.svg","width":1080,"height":1080,"caption":"Av. Deniz Can K\u0131z\u0131l"},"image":{"@id":"https:\/\/denizcankizil.tr\/#\/schema\/logo\/image\/"}},{"@type":"Person","@id":"https:\/\/denizcankizil.tr\/#\/schema\/person\/5dc1b22991bd7ac833867c10afc9b0ff","name":"Av. Deniz Can K\u0131z\u0131l","image":{"@type":"ImageObject","inLanguage":"en-GB","@id":"https:\/\/denizcankizil.tr\/#\/schema\/person\/image\/","url":"https:\/\/secure.gravatar.com\/avatar\/a0b128fb9855c79efc976d5640eedb31dc35ec297594d6016d2cf7c60e975bb6?s=96&d=mm&r=g","contentUrl":"https:\/\/secure.gravatar.com\/avatar\/a0b128fb9855c79efc976d5640eedb31dc35ec297594d6016d2cf7c60e975bb6?s=96&d=mm&r=g","caption":"Av. Deniz Can K\u0131z\u0131l"},"sameAs":["http:\/\/www.denizcankizil.tr"],"url":"http:\/\/denizcankizil.tr\/en\/author\/denizcankizil\/"}]}},"_links":{"self":[{"href":"http:\/\/denizcankizil.tr\/en\/wp-json\/wp\/v2\/posts\/39178","targetHints":{"allow":["GET"]}}],"collection":[{"href":"http:\/\/denizcankizil.tr\/en\/wp-json\/wp\/v2\/posts"}],"about":[{"href":"http:\/\/denizcankizil.tr\/en\/wp-json\/wp\/v2\/types\/post"}],"author":[{"embeddable":true,"href":"http:\/\/denizcankizil.tr\/en\/wp-json\/wp\/v2\/users\/4"}],"replies":[{"embeddable":true,"href":"http:\/\/denizcankizil.tr\/en\/wp-json\/wp\/v2\/comments?post=39178"}],"version-history":[{"count":0,"href":"http:\/\/denizcankizil.tr\/en\/wp-json\/wp\/v2\/posts\/39178\/revisions"}],"wp:featuredmedia":[{"embeddable":true,"href":"http:\/\/denizcankizil.tr\/en\/wp-json\/wp\/v2\/media\/39179"}],"wp:attachment":[{"href":"http:\/\/denizcankizil.tr\/en\/wp-json\/wp\/v2\/media?parent=39178"}],"wp:term":[{"taxonomy":"category","embeddable":true,"href":"http:\/\/denizcankizil.tr\/en\/wp-json\/wp\/v2\/categories?post=39178"},{"taxonomy":"post_tag","embeddable":true,"href":"http:\/\/denizcankizil.tr\/en\/wp-json\/wp\/v2\/tags?post=39178"}],"curies":[{"name":"wp","href":"https:\/\/api.w.org\/{rel}","templated":true}]}}