{"id":38218,"date":"2025-03-28T15:42:18","date_gmt":"2025-03-28T12:42:18","guid":{"rendered":"https:\/\/denizcankizil.tr\/uncategorized-tr\/baskan-bocek-sehit-yakinlari-ve-gazi-aileleri-ile-iftarda-bulustu\/"},"modified":"2025-03-28T15:42:18","modified_gmt":"2025-03-28T12:42:18","slug":"baskan-bocek-sehit-yakinlari-ve-gazi-aileleri-ile-iftarda-bulustu","status":"publish","type":"post","link":"http:\/\/denizcankizil.tr\/en\/haberler\/antalya\/baskan-bocek-sehit-yakinlari-ve-gazi-aileleri-ile-iftarda-bulustu\/","title":{"rendered":"Ba\u015fkan B\u00f6cek \u015fehit yak\u0131nlar\u0131 ve gazi aileleri ile iftarda bulu\u015ftu"},"content":{"rendered":"<p>Cam Piramit Fuar ve Kongre Merkezi&#8217;ndeki iftar program\u0131nda ilahi dinletisi sonras\u0131 okunan ezanla birlikte oru\u00e7lar a\u00e7\u0131ld\u0131. \u0130ftar program\u0131nda semazen g\u00f6sterisi ve tasavvuf m\u00fczi\u011fi dinletisi de yer ald\u0131.<\/p>\n<p>Bayram sonras\u0131nda protokol imzalanacak<br \/>\n\u0130ftar program\u0131nda konu\u015fan Ba\u015fkan Muhittin B\u00f6cek, Ramazan ay\u0131 boyunca tutulan oru\u00e7lar\u0131n kabul olmas\u0131n\u0131 dileyerek, &#8220;T\u00fcrkiye Cumhuriyeti&#8217;mizin kurucusu Gazi Mustafa Kemal Atat\u00fcrk ba\u015fta olmak \u00fczere, aziz \u015fehitlerimizi bir kez daha rahmetle minnetle an\u0131yoruz. Kahraman gazilerimize \u015f\u00fckranlar\u0131m\u0131z\u0131 sunuyoruz. Antalya B\u00fcy\u00fck\u015fehir Belediyesi olarak \u015fehit yak\u0131nlar\u0131 ve gazilerimize y\u00f6nelik \u00f6zel bir proje hayata ge\u00e7irece\u011fiz. Bayramdan sonra imzalayaca\u011f\u0131m\u0131z protokolle, \u015fehit yak\u0131nlar\u0131 ve gazilerimizin dernek binalar\u0131n\u0131n elektrik ve su giderlerine destek olarak, onlar\u0131n sosyal alanlarda daha rahat vakit ge\u00e7irebilece\u011fi bir ortam olu\u015fturaca\u011f\u0131z. Bu \u00e7al\u0131\u015fma T\u00fcrkiye&#8217;de bir ilk olacak. Onlar vatan\u0131m\u0131z i\u00e7in \u015fehit oldular, gazi oldular. Biz de onlar\u0131n haklar\u0131n\u0131 g\u00f6zetmek i\u00e7in \u00e7al\u0131\u015fmaya devam edece\u011fiz. \u015eimdiden Ramazan Bayram\u0131n\u0131z\u0131 kutlar, bu bayram\u0131n d\u00fcnyaya bar\u0131\u015f, huzur ve adalet getirmesini dilerim&#8221; dedi.<br \/>\nBa\u015fkan Muhittin B\u00f6cek, iftar sonras\u0131nda \u015fehit yak\u0131nlar\u0131 ve gaziler ile sohbet ederek, onlar\u0131 dinledi. Antalya B\u00fcy\u00fck\u015fehir Belediyesi&#8217;nin \u015fehit yak\u0131nlar\u0131 ve gazi ailelerine verdi\u011fi iftar yeme\u011fine B\u00fcy\u00fck\u015fehir Belediye Ba\u015fkan\u0131 Muhittin B\u00f6cek, Cumhuriyet Halk Partisi (CHP) Antalya \u0130l Ba\u015fkan\u0131 Nail Kamac\u0131, milletvekilleri, belediye ba\u015fkanlar\u0131, sivil toplum kurulu\u015fu temsilcileri, oda ba\u015fkanlar\u0131, meclis \u00fcyeleri, muhtarlar ve B\u00fcy\u00fck\u015fehir Belediyesi b\u00fcrokratlar\u0131 kat\u0131ld\u0131.<\/p>\n<p>Kaynak: www.kanalv.com.tr Haber Sitesinden Al\u0131nm\u0131\u015ft\u0131r.<\/p>","protected":false},"excerpt":{"rendered":"<p>Cam Piramit Fuar ve Kongre Merkezi&#8217;ndeki iftar program\u0131nda ilahi dinletisi sonras\u0131 okunan ezanla birlikte oru\u00e7lar a\u00e7\u0131ld\u0131. \u0130ftar program\u0131nda semazen g\u00f6sterisi ve tasavvuf m\u00fczi\u011fi dinletisi de yer ald\u0131. Bayram sonras\u0131nda protokol imzalanacak \u0130ftar program\u0131nda konu\u015fan Ba\u015fkan Muhittin B\u00f6cek, Ramazan ay\u0131 boyunca tutulan oru\u00e7lar\u0131n kabul olmas\u0131n\u0131 dileyerek, &#8220;T\u00fcrkiye Cumhuriyeti&#8217;mizin kurucusu Gazi Mustafa Kemal Atat\u00fcrk ba\u015fta olmak \u00fczere, aziz \u015fehitlerimizi bir kez daha rahmetle minnetle an\u0131yoruz. Kahraman gazilerimize \u015f\u00fckranlar\u0131m\u0131z\u0131 sunuyoruz. Antalya B\u00fcy\u00fck\u015fehir Belediyesi olarak \u015fehit yak\u0131nlar\u0131 ve gazilerimize y\u00f6nelik \u00f6zel bir proje hayata ge\u00e7irece\u011fiz. Bayramdan sonra imzalayaca\u011f\u0131m\u0131z protokolle, \u015fehit yak\u0131nlar\u0131 ve gazilerimizin dernek binalar\u0131n\u0131n elektrik ve su giderlerine destek olarak, onlar\u0131n sosyal alanlarda daha rahat vakit ge\u00e7irebilece\u011fi bir ortam olu\u015fturaca\u011f\u0131z. Bu \u00e7al\u0131\u015fma T\u00fcrkiye&#8217;de bir ilk olacak. Onlar vatan\u0131m\u0131z i\u00e7in \u015fehit oldular, gazi oldular. Biz de onlar\u0131n haklar\u0131n\u0131 g\u00f6zetmek i\u00e7in \u00e7al\u0131\u015fmaya devam edece\u011fiz. \u015eimdiden Ramazan Bayram\u0131n\u0131z\u0131 kutlar, bu bayram\u0131n d\u00fcnyaya bar\u0131\u015f, huzur ve adalet getirmesini dilerim&#8221; dedi. Ba\u015fkan Muhittin B\u00f6cek, iftar sonras\u0131nda \u015fehit yak\u0131nlar\u0131 ve gaziler ile sohbet ederek, onlar\u0131 dinledi. Antalya B\u00fcy\u00fck\u015fehir Belediyesi&#8217;nin \u015fehit yak\u0131nlar\u0131 ve gazi ailelerine verdi\u011fi iftar yeme\u011fine B\u00fcy\u00fck\u015fehir Belediye Ba\u015fkan\u0131 Muhittin B\u00f6cek, Cumhuriyet Halk Partisi (CHP) Antalya \u0130l Ba\u015fkan\u0131 Nail Kamac\u0131, milletvekilleri, belediye ba\u015fkanlar\u0131, sivil toplum kurulu\u015fu temsilcileri, oda ba\u015fkanlar\u0131, meclis \u00fcyeleri, muhtarlar ve B\u00fcy\u00fck\u015fehir Belediyesi b\u00fcrokratlar\u0131 kat\u0131ld\u0131. Kaynak: &hellip;<\/p>","protected":false},"author":4,"featured_media":38219,"comment_status":"","ping_status":"open","sticky":false,"template":"","format":"standard","meta":{"_acf_changed":false,"footnotes":""},"categories":[26],"tags":[],"class_list":["post-38218","post","type-post","status-publish","format-standard","has-post-thumbnail","hentry","category-antalya"],"acf":[],"yoast_head":"<!-- This site is optimized with the Yoast SEO Premium plugin v26.6 (Yoast SEO v27.1.1) - https:\/\/yoast.com\/product\/yoast-seo-premium-wordpress\/ -->\n<title>Ba\u015fkan B\u00f6cek \u015fehit yak\u0131nlar\u0131 ve gazi aileleri ile iftarda bulu\u015ftu - Av. Deniz Can K\u0131z\u0131l<\/title>\n<meta name=\"robots\" content=\"index, follow, max-snippet:-1, max-image-preview:large, max-video-preview:-1\" \/>\n<link rel=\"canonical\" href=\"https:\/\/denizcankizil.tr\/en\/haberler\/antalya\/baskan-bocek-sehit-yakinlari-ve-gazi-aileleri-ile-iftarda-bulustu\/\" \/>\n<meta property=\"og:locale\" content=\"en_GB\" \/>\n<meta property=\"og:type\" content=\"article\" \/>\n<meta property=\"og:title\" content=\"Ba\u015fkan B\u00f6cek \u015fehit yak\u0131nlar\u0131 ve gazi aileleri ile iftarda bulu\u015ftu\" \/>\n<meta property=\"og:description\" content=\"Cam Piramit Fuar ve Kongre Merkezi&#8217;ndeki iftar program\u0131nda ilahi dinletisi sonras\u0131 okunan ezanla birlikte oru\u00e7lar a\u00e7\u0131ld\u0131. \u0130ftar program\u0131nda semazen g\u00f6sterisi ve tasavvuf m\u00fczi\u011fi dinletisi de yer ald\u0131. Bayram sonras\u0131nda protokol imzalanacak \u0130ftar program\u0131nda konu\u015fan Ba\u015fkan Muhittin B\u00f6cek, Ramazan ay\u0131 boyunca tutulan oru\u00e7lar\u0131n kabul olmas\u0131n\u0131 dileyerek, &#8220;T\u00fcrkiye Cumhuriyeti&#8217;mizin kurucusu Gazi Mustafa Kemal Atat\u00fcrk ba\u015fta olmak \u00fczere, aziz \u015fehitlerimizi bir kez daha rahmetle minnetle an\u0131yoruz. Kahraman gazilerimize \u015f\u00fckranlar\u0131m\u0131z\u0131 sunuyoruz. Antalya B\u00fcy\u00fck\u015fehir Belediyesi olarak \u015fehit yak\u0131nlar\u0131 ve gazilerimize y\u00f6nelik \u00f6zel bir proje hayata ge\u00e7irece\u011fiz. Bayramdan sonra imzalayaca\u011f\u0131m\u0131z protokolle, \u015fehit yak\u0131nlar\u0131 ve gazilerimizin dernek binalar\u0131n\u0131n elektrik ve su giderlerine destek olarak, onlar\u0131n sosyal alanlarda daha rahat vakit ge\u00e7irebilece\u011fi bir ortam olu\u015fturaca\u011f\u0131z. Bu \u00e7al\u0131\u015fma T\u00fcrkiye&#8217;de bir ilk olacak. Onlar vatan\u0131m\u0131z i\u00e7in \u015fehit oldular, gazi oldular. Biz de onlar\u0131n haklar\u0131n\u0131 g\u00f6zetmek i\u00e7in \u00e7al\u0131\u015fmaya devam edece\u011fiz. \u015eimdiden Ramazan Bayram\u0131n\u0131z\u0131 kutlar, bu bayram\u0131n d\u00fcnyaya bar\u0131\u015f, huzur ve adalet getirmesini dilerim&#8221; dedi. Ba\u015fkan Muhittin B\u00f6cek, iftar sonras\u0131nda \u015fehit yak\u0131nlar\u0131 ve gaziler ile sohbet ederek, onlar\u0131 dinledi. Antalya B\u00fcy\u00fck\u015fehir Belediyesi&#8217;nin \u015fehit yak\u0131nlar\u0131 ve gazi ailelerine verdi\u011fi iftar yeme\u011fine B\u00fcy\u00fck\u015fehir Belediye Ba\u015fkan\u0131 Muhittin B\u00f6cek, Cumhuriyet Halk Partisi (CHP) Antalya \u0130l Ba\u015fkan\u0131 Nail Kamac\u0131, milletvekilleri, belediye ba\u015fkanlar\u0131, sivil toplum kurulu\u015fu temsilcileri, oda ba\u015fkanlar\u0131, meclis \u00fcyeleri, muhtarlar ve B\u00fcy\u00fck\u015fehir Belediyesi b\u00fcrokratlar\u0131 kat\u0131ld\u0131. Kaynak: &hellip;\" \/>\n<meta property=\"og:url\" content=\"https:\/\/denizcankizil.tr\/en\/haberler\/antalya\/baskan-bocek-sehit-yakinlari-ve-gazi-aileleri-ile-iftarda-bulustu\/\" \/>\n<meta property=\"og:site_name\" content=\"Av. Deniz Can K\u0131z\u0131l\" \/>\n<meta property=\"article:published_time\" content=\"2025-03-28T12:42:18+00:00\" \/>\n<meta property=\"og:image\" content=\"https:\/\/denizcankizil.tr\/wp-content\/uploads\/2025\/03\/5790-01-XUC7Gr.jpeg\" \/>\n\t<meta property=\"og:image:width\" content=\"1280\" \/>\n\t<meta property=\"og:image:height\" content=\"720\" \/>\n\t<meta property=\"og:image:type\" content=\"image\/jpeg\" \/>\n<meta name=\"author\" content=\"Av. Deniz Can K\u0131z\u0131l\" \/>\n<meta name=\"twitter:card\" content=\"summary_large_image\" \/>\n<meta name=\"twitter:label1\" content=\"Written by\" \/>\n\t<meta name=\"twitter:data1\" content=\"Av. Deniz Can K\u0131z\u0131l\" \/>\n\t<meta name=\"twitter:label2\" content=\"Estimated reading time\" \/>\n\t<meta name=\"twitter:data2\" content=\"1 minute\" \/>\n<script type=\"application\/ld+json\" class=\"yoast-schema-graph\">{\"@context\":\"https:\/\/schema.org\",\"@graph\":[{\"@type\":\"Article\",\"@id\":\"https:\/\/denizcankizil.tr\/ru\/haberler\/antalya\/baskan-bocek-sehit-yakinlari-ve-gazi-aileleri-ile-iftarda-bulustu\/#article\",\"isPartOf\":{\"@id\":\"https:\/\/denizcankizil.tr\/ru\/haberler\/antalya\/baskan-bocek-sehit-yakinlari-ve-gazi-aileleri-ile-iftarda-bulustu\/\"},\"author\":{\"name\":\"Av. Deniz Can K\u0131z\u0131l\",\"@id\":\"https:\/\/denizcankizil.tr\/de\/#\/schema\/person\/5dc1b22991bd7ac833867c10afc9b0ff\"},\"headline\":\"Ba\u015fkan B\u00f6cek \u015fehit yak\u0131nlar\u0131 ve gazi aileleri ile iftarda bulu\u015ftu\",\"datePublished\":\"2025-03-28T12:42:18+00:00\",\"mainEntityOfPage\":{\"@id\":\"https:\/\/denizcankizil.tr\/ru\/haberler\/antalya\/baskan-bocek-sehit-yakinlari-ve-gazi-aileleri-ile-iftarda-bulustu\/\"},\"wordCount\":305,\"publisher\":{\"@id\":\"https:\/\/denizcankizil.tr\/de\/#organization\"},\"image\":{\"@id\":\"https:\/\/denizcankizil.tr\/ru\/haberler\/antalya\/baskan-bocek-sehit-yakinlari-ve-gazi-aileleri-ile-iftarda-bulustu\/#primaryimage\"},\"thumbnailUrl\":\"http:\/\/denizcankizil.tr\/wp-content\/uploads\/2025\/03\/5790-01-XUC7Gr.jpeg\",\"articleSection\":[\"Antalya\"],\"inLanguage\":\"en-GB\"},{\"@type\":\"WebPage\",\"@id\":\"https:\/\/denizcankizil.tr\/ru\/haberler\/antalya\/baskan-bocek-sehit-yakinlari-ve-gazi-aileleri-ile-iftarda-bulustu\/\",\"url\":\"https:\/\/denizcankizil.tr\/ru\/haberler\/antalya\/baskan-bocek-sehit-yakinlari-ve-gazi-aileleri-ile-iftarda-bulustu\/\",\"name\":\"Ba\u015fkan B\u00f6cek \u015fehit yak\u0131nlar\u0131 ve gazi aileleri ile iftarda bulu\u015ftu - Av. Deniz Can K\u0131z\u0131l\",\"isPartOf\":{\"@id\":\"https:\/\/denizcankizil.tr\/de\/#website\"},\"primaryImageOfPage\":{\"@id\":\"https:\/\/denizcankizil.tr\/ru\/haberler\/antalya\/baskan-bocek-sehit-yakinlari-ve-gazi-aileleri-ile-iftarda-bulustu\/#primaryimage\"},\"image\":{\"@id\":\"https:\/\/denizcankizil.tr\/ru\/haberler\/antalya\/baskan-bocek-sehit-yakinlari-ve-gazi-aileleri-ile-iftarda-bulustu\/#primaryimage\"},\"thumbnailUrl\":\"http:\/\/denizcankizil.tr\/wp-content\/uploads\/2025\/03\/5790-01-XUC7Gr.jpeg\",\"datePublished\":\"2025-03-28T12:42:18+00:00\",\"breadcrumb\":{\"@id\":\"https:\/\/denizcankizil.tr\/ru\/haberler\/antalya\/baskan-bocek-sehit-yakinlari-ve-gazi-aileleri-ile-iftarda-bulustu\/#breadcrumb\"},\"inLanguage\":\"en-GB\",\"potentialAction\":[{\"@type\":\"ReadAction\",\"target\":[\"https:\/\/denizcankizil.tr\/ru\/haberler\/antalya\/baskan-bocek-sehit-yakinlari-ve-gazi-aileleri-ile-iftarda-bulustu\/\"]}]},{\"@type\":\"ImageObject\",\"inLanguage\":\"en-GB\",\"@id\":\"https:\/\/denizcankizil.tr\/ru\/haberler\/antalya\/baskan-bocek-sehit-yakinlari-ve-gazi-aileleri-ile-iftarda-bulustu\/#primaryimage\",\"url\":\"http:\/\/denizcankizil.tr\/wp-content\/uploads\/2025\/03\/5790-01-XUC7Gr.jpeg\",\"contentUrl\":\"http:\/\/denizcankizil.tr\/wp-content\/uploads\/2025\/03\/5790-01-XUC7Gr.jpeg\",\"width\":1280,\"height\":720},{\"@type\":\"BreadcrumbList\",\"@id\":\"https:\/\/denizcankizil.tr\/ru\/haberler\/antalya\/baskan-bocek-sehit-yakinlari-ve-gazi-aileleri-ile-iftarda-bulustu\/#breadcrumb\",\"itemListElement\":[{\"@type\":\"ListItem\",\"position\":1,\"name\":\"Home\",\"item\":\"https:\/\/denizcankizil.tr\/de\/\"},{\"@type\":\"ListItem\",\"position\":2,\"name\":\"Ba\u015fkan B\u00f6cek \u015fehit yak\u0131nlar\u0131 ve gazi aileleri ile iftarda bulu\u015ftu\"}]},{\"@type\":\"WebSite\",\"@id\":\"https:\/\/denizcankizil.tr\/de\/#website\",\"url\":\"https:\/\/denizcankizil.tr\/de\/\",\"name\":\"Av. Deniz Can K\u0131z\u0131l\",\"description\":\"Avukat Deniz Can K\u0131z\u0131l Antalya Barosu\",\"publisher\":{\"@id\":\"https:\/\/denizcankizil.tr\/de\/#organization\"},\"potentialAction\":[{\"@type\":\"SearchAction\",\"target\":{\"@type\":\"EntryPoint\",\"urlTemplate\":\"https:\/\/denizcankizil.tr\/de\/?s={search_term_string}\"},\"query-input\":{\"@type\":\"PropertyValueSpecification\",\"valueRequired\":true,\"valueName\":\"search_term_string\"}}],\"inLanguage\":\"en-GB\"},{\"@type\":\"Organization\",\"@id\":\"https:\/\/denizcankizil.tr\/de\/#organization\",\"name\":\"Av. Deniz Can K\u0131z\u0131l\",\"url\":\"https:\/\/denizcankizil.tr\/de\/\",\"logo\":{\"@type\":\"ImageObject\",\"inLanguage\":\"en-GB\",\"@id\":\"https:\/\/denizcankizil.tr\/de\/#\/schema\/logo\/image\/\",\"url\":\"http:\/\/denizcankizil.tr\/wp-content\/uploads\/2024\/10\/siyah-logo-svg.svg\",\"contentUrl\":\"http:\/\/denizcankizil.tr\/wp-content\/uploads\/2024\/10\/siyah-logo-svg.svg\",\"width\":1080,\"height\":1080,\"caption\":\"Av. Deniz Can K\u0131z\u0131l\"},\"image\":{\"@id\":\"https:\/\/denizcankizil.tr\/de\/#\/schema\/logo\/image\/\"}},{\"@type\":\"Person\",\"@id\":\"https:\/\/denizcankizil.tr\/de\/#\/schema\/person\/5dc1b22991bd7ac833867c10afc9b0ff\",\"name\":\"Av. Deniz Can K\u0131z\u0131l\",\"image\":{\"@type\":\"ImageObject\",\"inLanguage\":\"en-GB\",\"@id\":\"https:\/\/denizcankizil.tr\/de\/#\/schema\/person\/image\/\",\"url\":\"https:\/\/secure.gravatar.com\/avatar\/a0b128fb9855c79efc976d5640eedb31dc35ec297594d6016d2cf7c60e975bb6?s=96&d=mm&r=g\",\"contentUrl\":\"https:\/\/secure.gravatar.com\/avatar\/a0b128fb9855c79efc976d5640eedb31dc35ec297594d6016d2cf7c60e975bb6?s=96&d=mm&r=g\",\"caption\":\"Av. Deniz Can K\u0131z\u0131l\"},\"sameAs\":[\"http:\/\/www.denizcankizil.tr\"],\"url\":\"http:\/\/denizcankizil.tr\/en\/author\/denizcankizil\/\"}]}<\/script>\n<!-- \/ Yoast SEO Premium plugin. -->","yoast_head_json":{"title":"Ba\u015fkan B\u00f6cek \u015fehit yak\u0131nlar\u0131 ve gazi aileleri ile iftarda bulu\u015ftu - Av. Deniz Can K\u0131z\u0131l","robots":{"index":"index","follow":"follow","max-snippet":"max-snippet:-1","max-image-preview":"max-image-preview:large","max-video-preview":"max-video-preview:-1"},"canonical":"https:\/\/denizcankizil.tr\/en\/haberler\/antalya\/baskan-bocek-sehit-yakinlari-ve-gazi-aileleri-ile-iftarda-bulustu\/","og_locale":"en_GB","og_type":"article","og_title":"Ba\u015fkan B\u00f6cek \u015fehit yak\u0131nlar\u0131 ve gazi aileleri ile iftarda bulu\u015ftu","og_description":"Cam Piramit Fuar ve Kongre Merkezi&#8217;ndeki iftar program\u0131nda ilahi dinletisi sonras\u0131 okunan ezanla birlikte oru\u00e7lar a\u00e7\u0131ld\u0131. \u0130ftar program\u0131nda semazen g\u00f6sterisi ve tasavvuf m\u00fczi\u011fi dinletisi de yer ald\u0131. Bayram sonras\u0131nda protokol imzalanacak \u0130ftar program\u0131nda konu\u015fan Ba\u015fkan Muhittin B\u00f6cek, Ramazan ay\u0131 boyunca tutulan oru\u00e7lar\u0131n kabul olmas\u0131n\u0131 dileyerek, &#8220;T\u00fcrkiye Cumhuriyeti&#8217;mizin kurucusu Gazi Mustafa Kemal Atat\u00fcrk ba\u015fta olmak \u00fczere, aziz \u015fehitlerimizi bir kez daha rahmetle minnetle an\u0131yoruz. Kahraman gazilerimize \u015f\u00fckranlar\u0131m\u0131z\u0131 sunuyoruz. Antalya B\u00fcy\u00fck\u015fehir Belediyesi olarak \u015fehit yak\u0131nlar\u0131 ve gazilerimize y\u00f6nelik \u00f6zel bir proje hayata ge\u00e7irece\u011fiz. Bayramdan sonra imzalayaca\u011f\u0131m\u0131z protokolle, \u015fehit yak\u0131nlar\u0131 ve gazilerimizin dernek binalar\u0131n\u0131n elektrik ve su giderlerine destek olarak, onlar\u0131n sosyal alanlarda daha rahat vakit ge\u00e7irebilece\u011fi bir ortam olu\u015fturaca\u011f\u0131z. Bu \u00e7al\u0131\u015fma T\u00fcrkiye&#8217;de bir ilk olacak. Onlar vatan\u0131m\u0131z i\u00e7in \u015fehit oldular, gazi oldular. Biz de onlar\u0131n haklar\u0131n\u0131 g\u00f6zetmek i\u00e7in \u00e7al\u0131\u015fmaya devam edece\u011fiz. \u015eimdiden Ramazan Bayram\u0131n\u0131z\u0131 kutlar, bu bayram\u0131n d\u00fcnyaya bar\u0131\u015f, huzur ve adalet getirmesini dilerim&#8221; dedi. Ba\u015fkan Muhittin B\u00f6cek, iftar sonras\u0131nda \u015fehit yak\u0131nlar\u0131 ve gaziler ile sohbet ederek, onlar\u0131 dinledi. Antalya B\u00fcy\u00fck\u015fehir Belediyesi&#8217;nin \u015fehit yak\u0131nlar\u0131 ve gazi ailelerine verdi\u011fi iftar yeme\u011fine B\u00fcy\u00fck\u015fehir Belediye Ba\u015fkan\u0131 Muhittin B\u00f6cek, Cumhuriyet Halk Partisi (CHP) Antalya \u0130l Ba\u015fkan\u0131 Nail Kamac\u0131, milletvekilleri, belediye ba\u015fkanlar\u0131, sivil toplum kurulu\u015fu temsilcileri, oda ba\u015fkanlar\u0131, meclis \u00fcyeleri, muhtarlar ve B\u00fcy\u00fck\u015fehir Belediyesi b\u00fcrokratlar\u0131 kat\u0131ld\u0131. Kaynak: &hellip;","og_url":"https:\/\/denizcankizil.tr\/en\/haberler\/antalya\/baskan-bocek-sehit-yakinlari-ve-gazi-aileleri-ile-iftarda-bulustu\/","og_site_name":"Av. Deniz Can K\u0131z\u0131l","article_published_time":"2025-03-28T12:42:18+00:00","og_image":[{"width":1280,"height":720,"url":"https:\/\/denizcankizil.tr\/wp-content\/uploads\/2025\/03\/5790-01-XUC7Gr.jpeg","type":"image\/jpeg"}],"author":"Av. Deniz Can K\u0131z\u0131l","twitter_card":"summary_large_image","twitter_misc":{"Written by":"Av. Deniz Can K\u0131z\u0131l","Estimated reading time":"1 minute"},"schema":{"@context":"https:\/\/schema.org","@graph":[{"@type":"Article","@id":"https:\/\/denizcankizil.tr\/ru\/haberler\/antalya\/baskan-bocek-sehit-yakinlari-ve-gazi-aileleri-ile-iftarda-bulustu\/#article","isPartOf":{"@id":"https:\/\/denizcankizil.tr\/ru\/haberler\/antalya\/baskan-bocek-sehit-yakinlari-ve-gazi-aileleri-ile-iftarda-bulustu\/"},"author":{"name":"Av. Deniz Can K\u0131z\u0131l","@id":"https:\/\/denizcankizil.tr\/de\/#\/schema\/person\/5dc1b22991bd7ac833867c10afc9b0ff"},"headline":"Ba\u015fkan B\u00f6cek \u015fehit yak\u0131nlar\u0131 ve gazi aileleri ile iftarda bulu\u015ftu","datePublished":"2025-03-28T12:42:18+00:00","mainEntityOfPage":{"@id":"https:\/\/denizcankizil.tr\/ru\/haberler\/antalya\/baskan-bocek-sehit-yakinlari-ve-gazi-aileleri-ile-iftarda-bulustu\/"},"wordCount":305,"publisher":{"@id":"https:\/\/denizcankizil.tr\/de\/#organization"},"image":{"@id":"https:\/\/denizcankizil.tr\/ru\/haberler\/antalya\/baskan-bocek-sehit-yakinlari-ve-gazi-aileleri-ile-iftarda-bulustu\/#primaryimage"},"thumbnailUrl":"http:\/\/denizcankizil.tr\/wp-content\/uploads\/2025\/03\/5790-01-XUC7Gr.jpeg","articleSection":["Antalya"],"inLanguage":"en-GB"},{"@type":"WebPage","@id":"https:\/\/denizcankizil.tr\/ru\/haberler\/antalya\/baskan-bocek-sehit-yakinlari-ve-gazi-aileleri-ile-iftarda-bulustu\/","url":"https:\/\/denizcankizil.tr\/ru\/haberler\/antalya\/baskan-bocek-sehit-yakinlari-ve-gazi-aileleri-ile-iftarda-bulustu\/","name":"Ba\u015fkan B\u00f6cek \u015fehit yak\u0131nlar\u0131 ve gazi aileleri ile iftarda bulu\u015ftu - Av. Deniz Can K\u0131z\u0131l","isPartOf":{"@id":"https:\/\/denizcankizil.tr\/de\/#website"},"primaryImageOfPage":{"@id":"https:\/\/denizcankizil.tr\/ru\/haberler\/antalya\/baskan-bocek-sehit-yakinlari-ve-gazi-aileleri-ile-iftarda-bulustu\/#primaryimage"},"image":{"@id":"https:\/\/denizcankizil.tr\/ru\/haberler\/antalya\/baskan-bocek-sehit-yakinlari-ve-gazi-aileleri-ile-iftarda-bulustu\/#primaryimage"},"thumbnailUrl":"http:\/\/denizcankizil.tr\/wp-content\/uploads\/2025\/03\/5790-01-XUC7Gr.jpeg","datePublished":"2025-03-28T12:42:18+00:00","breadcrumb":{"@id":"https:\/\/denizcankizil.tr\/ru\/haberler\/antalya\/baskan-bocek-sehit-yakinlari-ve-gazi-aileleri-ile-iftarda-bulustu\/#breadcrumb"},"inLanguage":"en-GB","potentialAction":[{"@type":"ReadAction","target":["https:\/\/denizcankizil.tr\/ru\/haberler\/antalya\/baskan-bocek-sehit-yakinlari-ve-gazi-aileleri-ile-iftarda-bulustu\/"]}]},{"@type":"ImageObject","inLanguage":"en-GB","@id":"https:\/\/denizcankizil.tr\/ru\/haberler\/antalya\/baskan-bocek-sehit-yakinlari-ve-gazi-aileleri-ile-iftarda-bulustu\/#primaryimage","url":"http:\/\/denizcankizil.tr\/wp-content\/uploads\/2025\/03\/5790-01-XUC7Gr.jpeg","contentUrl":"http:\/\/denizcankizil.tr\/wp-content\/uploads\/2025\/03\/5790-01-XUC7Gr.jpeg","width":1280,"height":720},{"@type":"BreadcrumbList","@id":"https:\/\/denizcankizil.tr\/ru\/haberler\/antalya\/baskan-bocek-sehit-yakinlari-ve-gazi-aileleri-ile-iftarda-bulustu\/#breadcrumb","itemListElement":[{"@type":"ListItem","position":1,"name":"Home","item":"https:\/\/denizcankizil.tr\/de\/"},{"@type":"ListItem","position":2,"name":"Ba\u015fkan B\u00f6cek \u015fehit yak\u0131nlar\u0131 ve gazi aileleri ile iftarda bulu\u015ftu"}]},{"@type":"WebSite","@id":"https:\/\/denizcankizil.tr\/de\/#website","url":"https:\/\/denizcankizil.tr\/de\/","name":"Av. Deniz Can K\u0131z\u0131l","description":"Avukat Deniz Can K\u0131z\u0131l Antalya Barosu","publisher":{"@id":"https:\/\/denizcankizil.tr\/de\/#organization"},"potentialAction":[{"@type":"SearchAction","target":{"@type":"EntryPoint","urlTemplate":"https:\/\/denizcankizil.tr\/de\/?s={search_term_string}"},"query-input":{"@type":"PropertyValueSpecification","valueRequired":true,"valueName":"search_term_string"}}],"inLanguage":"en-GB"},{"@type":"Organization","@id":"https:\/\/denizcankizil.tr\/de\/#organization","name":"Av. Deniz Can K\u0131z\u0131l","url":"https:\/\/denizcankizil.tr\/de\/","logo":{"@type":"ImageObject","inLanguage":"en-GB","@id":"https:\/\/denizcankizil.tr\/de\/#\/schema\/logo\/image\/","url":"http:\/\/denizcankizil.tr\/wp-content\/uploads\/2024\/10\/siyah-logo-svg.svg","contentUrl":"http:\/\/denizcankizil.tr\/wp-content\/uploads\/2024\/10\/siyah-logo-svg.svg","width":1080,"height":1080,"caption":"Av. Deniz Can K\u0131z\u0131l"},"image":{"@id":"https:\/\/denizcankizil.tr\/de\/#\/schema\/logo\/image\/"}},{"@type":"Person","@id":"https:\/\/denizcankizil.tr\/de\/#\/schema\/person\/5dc1b22991bd7ac833867c10afc9b0ff","name":"Av. Deniz Can K\u0131z\u0131l","image":{"@type":"ImageObject","inLanguage":"en-GB","@id":"https:\/\/denizcankizil.tr\/de\/#\/schema\/person\/image\/","url":"https:\/\/secure.gravatar.com\/avatar\/a0b128fb9855c79efc976d5640eedb31dc35ec297594d6016d2cf7c60e975bb6?s=96&d=mm&r=g","contentUrl":"https:\/\/secure.gravatar.com\/avatar\/a0b128fb9855c79efc976d5640eedb31dc35ec297594d6016d2cf7c60e975bb6?s=96&d=mm&r=g","caption":"Av. Deniz Can K\u0131z\u0131l"},"sameAs":["http:\/\/www.denizcankizil.tr"],"url":"http:\/\/denizcankizil.tr\/en\/author\/denizcankizil\/"}]}},"_links":{"self":[{"href":"http:\/\/denizcankizil.tr\/en\/wp-json\/wp\/v2\/posts\/38218","targetHints":{"allow":["GET"]}}],"collection":[{"href":"http:\/\/denizcankizil.tr\/en\/wp-json\/wp\/v2\/posts"}],"about":[{"href":"http:\/\/denizcankizil.tr\/en\/wp-json\/wp\/v2\/types\/post"}],"author":[{"embeddable":true,"href":"http:\/\/denizcankizil.tr\/en\/wp-json\/wp\/v2\/users\/4"}],"replies":[{"embeddable":true,"href":"http:\/\/denizcankizil.tr\/en\/wp-json\/wp\/v2\/comments?post=38218"}],"version-history":[{"count":0,"href":"http:\/\/denizcankizil.tr\/en\/wp-json\/wp\/v2\/posts\/38218\/revisions"}],"wp:featuredmedia":[{"embeddable":true,"href":"http:\/\/denizcankizil.tr\/en\/wp-json\/wp\/v2\/media\/38219"}],"wp:attachment":[{"href":"http:\/\/denizcankizil.tr\/en\/wp-json\/wp\/v2\/media?parent=38218"}],"wp:term":[{"taxonomy":"category","embeddable":true,"href":"http:\/\/denizcankizil.tr\/en\/wp-json\/wp\/v2\/categories?post=38218"},{"taxonomy":"post_tag","embeddable":true,"href":"http:\/\/denizcankizil.tr\/en\/wp-json\/wp\/v2\/tags?post=38218"}],"curies":[{"name":"wp","href":"https:\/\/api.w.org\/{rel}","templated":true}]}}