{"id":37222,"date":"2025-03-26T11:40:00","date_gmt":"2025-03-26T08:40:00","guid":{"rendered":"https:\/\/denizcankizil.tr\/uncategorized-tr\/toplanti-ve-gosteri-yuruyusu-hakki-ve-bu-hakka-kamu-mudahalesinin-sinirlari-1\/"},"modified":"2025-03-26T11:40:00","modified_gmt":"2025-03-26T08:40:00","slug":"toplanti-ve-gosteri-yuruyusu-hakki-ve-bu-hakka-kamu-mudahalesinin-sinirlari-1","status":"publish","type":"post","link":"http:\/\/denizcankizil.tr\/en\/hukukihaber\/toplanti-ve-gosteri-yuruyusu-hakki-ve-bu-hakka-kamu-mudahalesinin-sinirlari-1\/","title":{"rendered":"TOPLANTI VE G\u00d6STER\u0130 Y\u00dcR\u00dcY\u00dc\u015e\u00dc HAKKI VE BU HAKKA KAMU M\u00dcDAHALES\u0130N\u0130N SINIRLARI-1"},"content":{"rendered":"<p>Bu \u00e7al\u0131\u015fmada dizi halinde \u00a0toplant\u0131 ve g\u00f6steri y\u00fcr\u00fcy\u00fc\u015f\u00fc hakk\u0131 ile bu hakka y\u00f6nelik kamu m\u00fcdahalesi ve bu m\u00fcdahalenin s\u0131n\u0131rlar\u0131 incelenmeye \u00e7al\u0131\u015f\u0131lacakt\u0131r. Dizinin 1. b\u00f6l\u00fcmde toplant\u0131 ve g\u00f6steri y\u00fcr\u00fcy\u00fc\u015f\u00fc hakk\u0131, 2. b\u00f6l\u00fcm\u00fcnde bar\u0131\u015f\u00e7\u0131l toplant\u0131 ve g\u00f6steri y\u00fcr\u00fcy\u00fc\u015f\u00fc, 3. b\u00f6l\u00fcmde genel olarak toplant\u0131 ve g\u00f6steri y\u00fcr\u00fcy\u00fc\u015f\u00fc hakk\u0131na kamu m\u00fcdahalesi kavram\u0131, 4. b\u00f6l\u00fcmde toplant\u0131 ve g\u00f6steri y\u00fcr\u00fcy\u00fc\u015f\u00fc hakk\u0131 kullan\u0131lmadan \u00f6nceki m\u00fcdahaleler, 5. b\u00f6l\u00fcmde toplant\u0131 ve g\u00f6steri y\u00fcr\u00fcy\u00fc\u015f\u00fc hakk\u0131 kullan\u0131ld\u0131\u011f\u0131 s\u0131radaki m\u00fcdahaleler, 6. b\u00f6l\u00fcmde ise toplant\u0131 ve g\u00f6steri y\u00fcr\u00fcy\u00fc\u015f\u00fcn\u00fcn kullan\u0131lmas\u0131ndan sonraki m\u00fcdahaleler incelenecektir. Konular incelenirken Avrupa \u0130nsan Haklar\u0131 Mahkemesi (A\u0130HM) ve Anayasa Mahkemesi\u2019nin (AYM) yakla\u015f\u0131m\u0131 esas al\u0131nmaya \u00e7al\u0131\u015f\u0131lacakt\u0131r.<\/p>\n<p>TOPLANTI VE G\u00d6STER\u0130 Y\u00dcR\u00dcY\u00dc\u015e\u00dc HAKKI<\/p>\n<p>Aristoteles\u2019e g\u00f6re, s\u00fcr\u00fc halinde ya\u015fayan politik\u00a0 (sosyal) bir hayvan olan\u00a0 insan, di\u011fer hayvanlardan farkl\u0131 olarak konu\u015fma yetene\u011fine sahiptir. \u0130nsan, bu yetene\u011fi sayesinde yararl\u0131 ve zararl\u0131y\u0131, do\u011fru ve yanl\u0131\u015f\u0131 ifade edebilmektedir. \u0130nsan ve di\u011fer hayvanlar aras\u0131ndaki en b\u00fcy\u00fck fark insanlar\u0131n do\u011fru ve yanl\u0131\u015f\u0131, iyi ve k\u00f6t\u00fcy\u00fc ay\u0131rt edebilmeleridir.[i] \u0130nsanlar\u0131n en temel \u00f6zelli\u011finin do\u011fru ve yanl\u0131\u015f\u0131, iyi ve k\u00f6t\u00fcy\u00fc ay\u0131rt edebilmeleri oldu\u011fu tespiti do\u011fru olmakla birlikte bu de\u011ferlerin insandan insana, gruptan gruba de\u011fi\u015febilmesi ortak paydada bulu\u015fmay\u0131 zorla\u015ft\u0131rmaktad\u0131r. \u00d6rne\u011fin bir grup insan i\u00e7in fok bal\u0131\u011f\u0131 avc\u0131l\u0131\u011f\u0131 end\u00fcstriyel bir faaliyetin par\u00e7as\u0131n\u0131 olu\u015fturmaktayken, baz\u0131lar\u0131 i\u00e7in ise bir vah\u015feti temsil etmektedir. Dolay\u0131s\u0131yla bir\u00e7ok konuda insanlar\u0131n ortak do\u011fru ve yanl\u0131\u015fta, iyi ve k\u00f6t\u00fcde bulu\u015fabilmeleri her zaman m\u00fcmk\u00fcn olamamaktad\u0131r. Bu gibi durumlarda ise, insanlar\u0131n kendi do\u011fru ve yanl\u0131\u015f\u0131n\u0131, iyi ve k\u00f6t\u00fcs\u00fcn\u00fc di\u011fer insanlara ve karar verici otoritelere iletme ya da tepkisel davran\u0131\u015f\u0131n\u0131 g\u00f6sterme ihtiyac\u0131 ortaya \u00e7\u0131kmaktad\u0131r.<\/p>\n<p>Bireylerin, y\u00f6netime ve y\u00f6netenlere kar\u015f\u0131 dilek, \u00f6neri ve istekleriyle \u015fik\u00e2yet, ele\u015ftiri ve uyar\u0131lar\u0131n\u0131 sunma ihtiyac\u0131, insan do\u011fas\u0131n\u0131n ve ayn\u0131 zamanda insan\u0131n sosyal bir varl\u0131k olu\u015funun sonucu olup bu ihtiya\u00e7 tek ya da toplu olarak \u00e7e\u015fitli ara\u00e7lardan yararlan\u0131larak yerine getirilmektedir.[ii] \u00a0Demokratik toplumlarda, bu ihtiyac\u0131 gidermenin en temel yolu toplant\u0131 ve g\u00f6steri y\u00fcr\u00fcy\u00fc\u015fleridir. Bu ihtiyac\u0131n gereklili\u011fi, zaman i\u00e7erisinde evrensel de\u011ferlere sahip toplumlar\u0131 g\u00f6steri ve toplant\u0131 y\u00fcr\u00fcy\u00fc\u015f\u00fcn\u00fc bir hak ve \u00f6zg\u00fcrl\u00fck olarak kabul etme noktas\u0131na getirmi\u015ftir. Bireyler, adaletsiz oldu\u011funu d\u00fc\u015f\u00fcnd\u00fckleri \u00a0durumlarla kar\u015f\u0131 kar\u015f\u0131ya geldiklerinde yerle\u015fik normlara meydan okuyan eylem bi\u00e7imlerini benimsemekte ve karar vericileri etkilemek i\u00e7in protesto y\u00f6ntemini kullanmakta, bu \u015fekilde g\u00fc\u00e7s\u00fcz akt\u00f6rler daha g\u00fc\u00e7l\u00fc gruplar\u0131n deste\u011fini harekete ge\u00e7irmeyi, kitle ileti\u015fim ara\u00e7lar\u0131 arac\u0131l\u0131\u011f\u0131yla karar vericilerin referans ald\u0131\u011f\u0131 halka ula\u015fmay\u0131 hedeflemektedir.[iii] Bir karar, olay ya da uygulamay\u0131 desteklemek i\u00e7in yap\u0131lan toplant\u0131 ve g\u00f6steri y\u00fcr\u00fcy\u00fc\u015flerinin de, \u00f6z\u00fcnde,\u00a0 karar, olay ya da uygulamay\u0131 desteklemeyen ki\u015filere y\u00f6nelik bir protestoyu bar\u0131nd\u0131rd\u0131\u011f\u0131 s\u00f6ylenebilir.<\/p>\n<p>Esas\u0131nda toplant\u0131 ve g\u00f6steri y\u00fcr\u00fcy\u00fc\u015f\u00fc hakk\u0131, ifade \u00f6zg\u00fcrl\u00fc\u011f\u00fcn\u00fcn \u00f6zel bir g\u00f6r\u00fcn\u00fcm\u00fc niteli\u011findedir. A\u0130HM, toplant\u0131 d\u00fczenleme \u00f6zg\u00fcrl\u00fc\u011f\u00fcn\u00fcn, ifade \u00f6zg\u00fcrl\u00fc\u011f\u00fc gibi bir toplumu toplum yapan de\u011ferlerden oldu\u011funu belirterek s\u00f6zle\u015fmede d\u00fczenlenen ki\u015fisel fikirlerin korunmas\u0131n\u0131n bar\u0131\u015f\u00e7\u0131l toplant\u0131 d\u00fczenleme \u00f6zg\u00fcrl\u00fc\u011f\u00fcn\u00fcn ama\u00e7lar\u0131ndan birisi oldu\u011funu ve ifade \u00f6zg\u00fcrl\u00fc\u011f\u00fcn\u00fcn, toplant\u0131 yapma \u00f6zg\u00fcrl\u00fc\u011f\u00fcnden ba\u011f\u0131ms\u0131z d\u00fc\u015f\u00fcn\u00fclemeyece\u011fi tespitini yapmaktad\u0131r (Djavit An\/T\u00fcrkiye Davas\u0131).<\/p>\n<p>AYM de A\u0130HM\u2019e benzer \u015fekilde, toplant\u0131 ve g\u00f6steri y\u00fcr\u00fcy\u00fc\u015f\u00fc d\u00fczenleme hakk\u0131n\u0131n, d\u00fc\u015f\u00fcnceyi ifade bi\u00e7imlerinden birini olu\u015fturdu\u011funu ve bu hakk\u0131n bireylerin bir fikri a\u00e7\u0131klamak, ortak \u00e7\u0131karlar\u0131 savunmak, belli fikir ve kanaatler \u00e7er\u00e7evesinde kamuoyu olu\u015fturmak ve siyasal karar organlar\u0131n\u0131 etkilemek i\u00e7in bir araya gelebilmeleri amac\u0131na hizmet etti\u011fini, dolay\u0131s\u0131yla ifade \u00f6zg\u00fcrl\u00fc\u011f\u00fcyle de yak\u0131ndan ilgili olup ifade \u00f6zg\u00fcrl\u00fc\u011f\u00fc ile birlikte demokratik toplumun temelini olu\u015fturdu\u011funu, demokratik bir toplumda ifade \u00f6zg\u00fcrl\u00fc\u011f\u00fcne g\u00f6sterilen \u00f6nem ve hassasiyetin, toplant\u0131 ve g\u00f6steri y\u00fcr\u00fcy\u00fc\u015f\u00fc d\u00fczenleme hakk\u0131 y\u00f6n\u00fcnden de ge\u00e7erli olmas\u0131 gerekti\u011fini belirtmektedir (E.2020\/12, K.2020\/46, 10\/09\/2020).<\/p>\n<p>Toplant\u0131 ve g\u00f6steri y\u00fcr\u00fcy\u00fc\u015f\u00fc hakk\u0131 da ayn\u0131 \u015fekilde ifade \u00f6zg\u00fcrl\u00fc\u011f\u00fcn\u00fcn yararland\u0131\u011f\u0131 koruma ve geni\u015f s\u0131n\u0131rlardan yaralanmak zorundad\u0131r. \u0130fade \u00f6zg\u00fcrl\u00fc\u011f\u00fcne ili\u015fkin gerek ulusal gerekse uluslararas\u0131 metinlerde yer alan geni\u015f \u00f6zg\u00fcrl\u00fck s\u0131n\u0131rlar\u0131 toplant\u0131 ve g\u00f6steri y\u00fcr\u00fcy\u00fc\u015fleri i\u00e7in de ge\u00e7erlidir. Bu durumu AYM, toplant\u0131 ve g\u00f6steri y\u00fcr\u00fcy\u00fc\u015f\u00fc d\u00fczenleme hakk\u0131n\u0131n kullan\u0131lmas\u0131 bak\u0131m\u0131ndan toplant\u0131 veya g\u00f6steriyi tertip edenlerin savundu\u011fu ve ifade etti\u011fi d\u00fc\u015f\u00fcncenin i\u00e7eri\u011finin bir \u00f6neminin bulunmad\u0131\u011f\u0131n\u0131, toplant\u0131 ve g\u00f6steri y\u00fcr\u00fcy\u00fc\u015f\u00fc d\u00fczenleme hakk\u0131n\u0131n, ifade \u00f6zg\u00fcrl\u00fc\u011f\u00fcnde oldu\u011fu gibi sadece toplumun geneli taraf\u0131ndan savunulan ve kabul g\u00f6ren d\u00fc\u015f\u00fcnce ve fikirleri korumakla s\u0131n\u0131rl\u0131 de\u011ferlendirilemeyece\u011fini belirtip, bunun yan\u0131nda toplumun genelini rahats\u0131z edebilecek, endi\u015felendirecek, hatta \u015fok edecek veya onlar\u0131n belirli d\u00fczeyde tepkilerini \u00e7ekebilecek fikirleri savunmak amac\u0131yla da toplant\u0131 ve g\u00f6steri y\u00fcr\u00fcy\u00fc\u015f\u00fc d\u00fczenlenebilece\u011fi, bu durumun da bu hakka dahil oldu\u011fu, bir toplant\u0131 veya g\u00f6steri y\u00fcr\u00fcy\u00fc\u015f\u00fcnde a\u00e7\u0131klanan d\u00fc\u015f\u00fcnce ve g\u00f6r\u00fc\u015flerin s\u0131rf \u00e7o\u011funluk ya da siyasal iktidar taraf\u0131ndan benimsenmemesi veya onlarda rahats\u0131zl\u0131k uyand\u0131rmas\u0131 nedeniyle yasaklanmas\u0131 veyahut s\u0131n\u0131rlanmas\u0131n\u0131n m\u00fcmk\u00fcn olmad\u0131\u011f\u0131, ifade edilen g\u00f6r\u00fc\u015f ve ele\u015ftiriler ne derece sert ve rahats\u0131z edici olursa olsun \u015fiddet i\u00e7ermedi\u011fi ve bar\u0131\u015f\u00e7\u0131l niteli\u011fini korudu\u011fu m\u00fcddet\u00e7e, yetkili makamlar\u0131n her t\u00fcrl\u00fc toplant\u0131 ve g\u00f6steri y\u00fcr\u00fcy\u00fc\u015f\u00fcne tahamm\u00fcl g\u00f6stermesi ve ho\u015fg\u00f6r\u00fcyle yakla\u015fmas\u0131n\u0131n demokrasinin bir gere\u011fi oldu\u011fu \u015feklinde ifade etmi\u015ftir (E.2014\/101, K.2017\/142, 28.09.2017). AYM\u2019nin bu yakla\u015f\u0131m\u0131 A\u0130HM yakla\u015f\u0131mlar\u0131 ile \u00f6rt\u00fc\u015fmektedir \u00a0(bkz. Handys\u0131de\/Birle\u015fik Krall\u0131k davas\u0131).<\/p>\n<p>Toplant\u0131 ve g\u00f6steri y\u00fcr\u00fcy\u00fc\u015f\u00fc, g\u00f6stericiler taraf\u0131ndan taleplerinin halka ve kamu otoritelerine ula\u015ft\u0131r\u0131lmas\u0131 i\u00e7in bir ara\u00e7 olarak g\u00f6r\u00fclmekte iken, genellikle y\u00f6netenler ve \u00a0kamu otoriteleri taraf\u0131ndan\u00a0 ise\u00a0 kamu g\u00fcvenli\u011fi ve d\u00fczenine y\u00f6nelik tehditleri a\u00e7\u0131s\u0131ndan de\u011ferlendirilmektedir. Kamu otoritelerinin bu yakla\u015f\u0131m\u0131nda, toplant\u0131 ve g\u00f6steri y\u00fcr\u00fcy\u00fc\u015f\u00fcn\u00fcn, kamuoyu olu\u015fturma, di\u011fer g\u00fc\u00e7 sahiplerini, karar vericileri ve \u00a0halk\u0131 etkileme fonksiyonlar\u0131n\u0131n yan\u0131nda, kalabal\u0131klar\u0131n kontrolden \u00e7\u0131karak \u015fiddet eylemlerine ba\u015fvurma potansiyellerinin bulunmas\u0131, kar\u015f\u0131t g\u00f6r\u00fc\u015f sahiplerinin reaksiyonlar\u0131n\u0131n yaratabilece\u011fi olumsuzluklar ve yasa d\u0131\u015f\u0131 \u00f6rg\u00fct ve yap\u0131lar\u0131n zaman zaman toplant\u0131 ve g\u00f6steri y\u00fcr\u00fcy\u00fc\u015flerini propaganda ya da korku panik yaratmak amac\u0131yla kullanmalar\u0131 da \u00f6nemli bir yere sahiptir.<\/p>\n<p>Y\u00fcr\u00fcrl\u00fckte bulunan mevzuat\u0131m\u0131zda, 1981 Anayasas\u0131n\u0131n 34. maddesinde yer alan \u201cHerkes, \u00f6nceden izin almadan, silahs\u0131z ve sald\u0131r\u0131s\u0131z toplant\u0131 ve g\u00f6ster y\u00fcr\u00fcy\u00fc\u015f\u00fc d\u00fczenleme hakk\u0131na sahiptir\u201d h\u00fckm\u00fc, toplanma hakk\u0131n\u0131 anayasal teminat alt\u0131na alm\u0131\u015f ve bu hakk\u0131n uygulanmas\u0131 ise 2911 say\u0131l\u0131 TVGYK ile d\u00fczenlenmi\u015ftir.<\/p>\n<p>&#8212;&#8212;&#8212;&#8212;&#8212;&#8212;<\/p>\n<p>* Bu \u00e7al\u0131\u015fma yazar\u0131n \u201cToplumsal Olaylarda Adli Sorunlar\u201d (Kara, Ey\u00fcp, Toplumsal Olaylarda Adli Sorunlar, Adli Bil. ve Kriminalistik Ansiklopedisi, 7. Cilt, s. 3639-3656, Adalet Yay\u0131nevi, 2023) adl\u0131 makalesinden yararlan\u0131larak\u00a0haz\u0131rlanm\u0131\u015ft\u0131r.<\/p>\n<p>[i] Aristoteles, Politika, Say Yay\u0131nlar\u0131, 2020, s.26-27<\/p>\n<p>[ii] Anayurt, \u00d6., Toplanma H\u00fcrriyeti Kavram\u0131 ve T\u00fcrk Anayasa Hukukunda Toplanma H\u00fcrriyeti, 1996, (Tez) http:\/\/nek.istanbul.edu.tr:4444\/ekos\/TEZ\/29341.pdf Eri\u015fim Tarihi 30 Nisan 2021, s. 1,<\/p>\n<p>[iii] Porta; DD., D\u0131an\u0131, M., Toplumsal Hareketler, T\u00fcrkiye \u0130\u015f Bankas\u0131 Yay\u0131nlar\u0131, 2020, s. 231 \u2013 233<\/p>\n<p>At\u0131f yap\u0131lan kararlar:<\/p>\n<p>Djavit An \u2013 T\u00fcrkiye Davas\u0131, https:\/\/www.kararara.com\/aihm\/turkce3\/aihm11897.htm Eri\u015fim Tarihi 1 May\u0131s 2021<\/p>\n<p>E. 2014\/101, K. 2017\/142, 28\/09\/2017, https:\/\/normkararlarbilgibankasi.anayasa.gov.tr\/ND\/2017\/142 Eri\u015fim Tarihi 1 May\u0131s 2021<\/p>\n<p>E. 2020\/12, K. 2020\/46, 10\/09\/2020, https:\/\/normkararlarbilgibankasi.anayasa.gov.tr\/ND\/2020\/46 Eri\u015fim Tarihi 1 May\u0131s 2021<\/p>\n<p>Handdys\u0131de &#8211; Birle\u015fik Krall\u0131k Davas\u0131, https:\/\/cdn.istanbul.edu.tr\/FileHandler2.ashx?f=handyside.pdf Eri\u015fim Tarihi 1 May\u0131s 2021<\/p>\n<p>\u200bBu \u00e7al\u0131\u015fmada dizi halinde \u00a0toplant\u0131 ve g\u00f6steri y\u00fcr\u00fcy\u00fc\u015f\u00fc hakk\u0131 ile bu hakka y\u00f6nelik kamu m\u00fcdahalesi ve bu m\u00fcdahalenin s\u0131n\u0131rlar\u0131 incelenmeye \u00e7al\u0131\u015f\u0131lacakt\u0131r. Dizinin 1. b\u00f6l\u00fcmde toplant\u0131 ve g\u00f6steri y\u00fcr\u00fcy\u00fc\u015f\u00fc hakk\u0131, 2. b\u00f6l\u00fcm\u00fcnde bar\u0131\u015f\u00e7\u0131l toplant\u0131 ve g\u00f6steri y\u00fcr\u00fcy\u00fc\u015f\u00fc, 3. b\u00f6l\u00fcmde genel olarak toplant\u0131 ve g\u00f6steri y\u00fcr\u00fcy\u00fc\u015f\u00fc hakk\u0131na kamu m\u00fcdahalesi kavram\u0131, 4. b\u00f6l\u00fcmde toplant\u0131 ve g\u00f6steri y\u00fcr\u00fcy\u00fc\u015f\u00fc hakk\u0131 kullan\u0131lmadan \u00f6nceki m\u00fcdahaleler, 5. b\u00f6l\u00fcmde toplant\u0131 ve g\u00f6steri y\u00fcr\u00fcy\u00fc\u015f\u00fc hakk\u0131 kullan\u0131ld\u0131\u011f\u0131 s\u0131radaki m\u00fcdahaleler, 6. b\u00f6l\u00fcmde ise toplant\u0131 ve g\u00f6steri y\u00fcr\u00fcy\u00fc\u015f\u00fcn\u00fcn kullan\u0131lmas\u0131ndan sonraki m\u00fcdahaleler incelenecektir. Konular incelenirken Avrupa \u0130nsan Haklar\u0131 Mahkemesi (A\u0130HM) ve Anayasa Mahkemesi\u2019nin (AYM) yakla\u015f\u0131m\u0131 esas al\u0131nmaya \u00e7al\u0131\u015f\u0131lacakt\u0131r.<\/p>\n<p>TOPLANTI VE G\u00d6STER\u0130 Y\u00dcR\u00dcY\u00dc\u015e\u00dc HAKKI<\/p>\n<p>Aristoteles\u2019e g\u00f6re, s\u00fcr\u00fc halinde ya\u015fayan politik\u00a0 (sosyal) bir hayvan olan\u00a0 insan, di\u011fer hayvanlardan farkl\u0131 olarak konu\u015fma yetene\u011fine sahiptir. \u0130nsan, bu yetene\u011fi sayesinde yararl\u0131 ve zararl\u0131y\u0131, do\u011fru ve yanl\u0131\u015f\u0131 ifade edebilmektedir. \u0130nsan ve di\u011fer hayvanlar aras\u0131ndaki en b\u00fcy\u00fck fark insanlar\u0131n do\u011fru ve yanl\u0131\u015f\u0131, iyi ve k\u00f6t\u00fcy\u00fc ay\u0131rt edebilmeleridir.[i] \u0130nsanlar\u0131n en temel \u00f6zelli\u011finin do\u011fru ve yanl\u0131\u015f\u0131, iyi ve k\u00f6t\u00fcy\u00fc ay\u0131rt edebilmeleri oldu\u011fu tespiti do\u011fru olmakla birlikte bu de\u011ferlerin insandan insana, gruptan gruba de\u011fi\u015febilmesi ortak paydada bulu\u015fmay\u0131 zorla\u015ft\u0131rmaktad\u0131r. \u00d6rne\u011fin bir grup insan i\u00e7in fok bal\u0131\u011f\u0131 avc\u0131l\u0131\u011f\u0131 end\u00fcstriyel bir faaliyetin par\u00e7as\u0131n\u0131 olu\u015fturmaktayken, baz\u0131lar\u0131 i\u00e7in ise bir vah\u015feti temsil etmektedir. Dolay\u0131s\u0131yla bir\u00e7ok konuda insanlar\u0131n ortak do\u011fru ve yanl\u0131\u015fta, iyi ve k\u00f6t\u00fcde bulu\u015fabilmeleri her zaman m\u00fcmk\u00fcn olamamaktad\u0131r. Bu gibi durumlarda ise, insanlar\u0131n kendi do\u011fru ve yanl\u0131\u015f\u0131n\u0131, iyi ve k\u00f6t\u00fcs\u00fcn\u00fc di\u011fer insanlara ve karar verici otoritelere iletme ya da tepkisel davran\u0131\u015f\u0131n\u0131 g\u00f6sterme ihtiyac\u0131 ortaya \u00e7\u0131kmaktad\u0131r.<\/p>\n<p>Bireylerin, y\u00f6netime ve y\u00f6netenlere kar\u015f\u0131 dilek, \u00f6neri ve istekleriyle \u015fik\u00e2yet, ele\u015ftiri ve uyar\u0131lar\u0131n\u0131 sunma ihtiyac\u0131, insan do\u011fas\u0131n\u0131n ve ayn\u0131 zamanda insan\u0131n sosyal bir varl\u0131k olu\u015funun sonucu olup bu ihtiya\u00e7 tek ya da toplu olarak \u00e7e\u015fitli ara\u00e7lardan yararlan\u0131larak yerine getirilmektedir.[ii] \u00a0Demokratik toplumlarda, bu ihtiyac\u0131 gidermenin en temel yolu toplant\u0131 ve g\u00f6steri y\u00fcr\u00fcy\u00fc\u015fleridir. Bu ihtiyac\u0131n gereklili\u011fi, zaman i\u00e7erisinde evrensel de\u011ferlere sahip toplumlar\u0131 g\u00f6steri ve toplant\u0131 y\u00fcr\u00fcy\u00fc\u015f\u00fcn\u00fc bir hak ve \u00f6zg\u00fcrl\u00fck olarak kabul etme noktas\u0131na getirmi\u015ftir. Bireyler, adaletsiz oldu\u011funu d\u00fc\u015f\u00fcnd\u00fckleri \u00a0durumlarla kar\u015f\u0131 kar\u015f\u0131ya geldiklerinde yerle\u015fik normlara meydan okuyan eylem bi\u00e7imlerini benimsemekte ve karar vericileri etkilemek i\u00e7in protesto y\u00f6ntemini kullanmakta, bu \u015fekilde g\u00fc\u00e7s\u00fcz akt\u00f6rler daha g\u00fc\u00e7l\u00fc gruplar\u0131n deste\u011fini harekete ge\u00e7irmeyi, kitle ileti\u015fim ara\u00e7lar\u0131 arac\u0131l\u0131\u011f\u0131yla karar vericilerin referans ald\u0131\u011f\u0131 halka ula\u015fmay\u0131 hedeflemektedir.[iii] Bir karar, olay ya da uygulamay\u0131 desteklemek i\u00e7in yap\u0131lan toplant\u0131 ve g\u00f6steri y\u00fcr\u00fcy\u00fc\u015flerinin de, \u00f6z\u00fcnde,\u00a0 karar, olay ya da uygulamay\u0131 desteklemeyen ki\u015filere y\u00f6nelik bir protestoyu bar\u0131nd\u0131rd\u0131\u011f\u0131 s\u00f6ylenebilir.<\/p>\n<p>Esas\u0131nda toplant\u0131 ve g\u00f6steri y\u00fcr\u00fcy\u00fc\u015f\u00fc hakk\u0131, ifade \u00f6zg\u00fcrl\u00fc\u011f\u00fcn\u00fcn \u00f6zel bir g\u00f6r\u00fcn\u00fcm\u00fc niteli\u011findedir. A\u0130HM, toplant\u0131 d\u00fczenleme \u00f6zg\u00fcrl\u00fc\u011f\u00fcn\u00fcn, ifade \u00f6zg\u00fcrl\u00fc\u011f\u00fc gibi bir toplumu toplum yapan de\u011ferlerden oldu\u011funu belirterek s\u00f6zle\u015fmede d\u00fczenlenen ki\u015fisel fikirlerin korunmas\u0131n\u0131n bar\u0131\u015f\u00e7\u0131l toplant\u0131 d\u00fczenleme \u00f6zg\u00fcrl\u00fc\u011f\u00fcn\u00fcn ama\u00e7lar\u0131ndan birisi oldu\u011funu ve ifade \u00f6zg\u00fcrl\u00fc\u011f\u00fcn\u00fcn, toplant\u0131 yapma \u00f6zg\u00fcrl\u00fc\u011f\u00fcnden ba\u011f\u0131ms\u0131z d\u00fc\u015f\u00fcn\u00fclemeyece\u011fi tespitini yapmaktad\u0131r (Djavit An\/T\u00fcrkiye Davas\u0131).<\/p>\n<p>AYM de A\u0130HM\u2019e benzer \u015fekilde, toplant\u0131 ve g\u00f6steri y\u00fcr\u00fcy\u00fc\u015f\u00fc d\u00fczenleme hakk\u0131n\u0131n, d\u00fc\u015f\u00fcnceyi ifade bi\u00e7imlerinden birini olu\u015fturdu\u011funu ve bu hakk\u0131n bireylerin bir fikri a\u00e7\u0131klamak, ortak \u00e7\u0131karlar\u0131 savunmak, belli fikir ve kanaatler \u00e7er\u00e7evesinde kamuoyu olu\u015fturmak ve siyasal karar organlar\u0131n\u0131 etkilemek i\u00e7in bir araya gelebilmeleri amac\u0131na hizmet etti\u011fini, dolay\u0131s\u0131yla ifade \u00f6zg\u00fcrl\u00fc\u011f\u00fcyle de yak\u0131ndan ilgili olup ifade \u00f6zg\u00fcrl\u00fc\u011f\u00fc ile birlikte demokratik toplumun temelini olu\u015fturdu\u011funu, demokratik bir toplumda ifade \u00f6zg\u00fcrl\u00fc\u011f\u00fcne g\u00f6sterilen \u00f6nem ve hassasiyetin, toplant\u0131 ve g\u00f6steri y\u00fcr\u00fcy\u00fc\u015f\u00fc d\u00fczenleme hakk\u0131 y\u00f6n\u00fcnden de ge\u00e7erli olmas\u0131 gerekti\u011fini belirtmektedir (E.2020\/12, K.2020\/46, 10\/09\/2020).<\/p>\n<p>Toplant\u0131 ve g\u00f6steri y\u00fcr\u00fcy\u00fc\u015f\u00fc hakk\u0131 da ayn\u0131 \u015fekilde ifade \u00f6zg\u00fcrl\u00fc\u011f\u00fcn\u00fcn yararland\u0131\u011f\u0131 koruma ve geni\u015f s\u0131n\u0131rlardan yaralanmak zorundad\u0131r. \u0130fade \u00f6zg\u00fcrl\u00fc\u011f\u00fcne ili\u015fkin gerek ulusal gerekse uluslararas\u0131 metinlerde yer alan geni\u015f \u00f6zg\u00fcrl\u00fck s\u0131n\u0131rlar\u0131 toplant\u0131 ve g\u00f6steri y\u00fcr\u00fcy\u00fc\u015fleri i\u00e7in de ge\u00e7erlidir. Bu durumu AYM, toplant\u0131 ve g\u00f6steri y\u00fcr\u00fcy\u00fc\u015f\u00fc d\u00fczenleme hakk\u0131n\u0131n kullan\u0131lmas\u0131 bak\u0131m\u0131ndan toplant\u0131 veya g\u00f6steriyi tertip edenlerin savundu\u011fu ve ifade etti\u011fi d\u00fc\u015f\u00fcncenin i\u00e7eri\u011finin bir \u00f6neminin bulunmad\u0131\u011f\u0131n\u0131, toplant\u0131 ve g\u00f6steri y\u00fcr\u00fcy\u00fc\u015f\u00fc d\u00fczenleme hakk\u0131n\u0131n, ifade \u00f6zg\u00fcrl\u00fc\u011f\u00fcnde oldu\u011fu gibi sadece toplumun geneli taraf\u0131ndan savunulan ve kabul g\u00f6ren d\u00fc\u015f\u00fcnce ve fikirleri korumakla s\u0131n\u0131rl\u0131 de\u011ferlendirilemeyece\u011fini belirtip, bunun yan\u0131nda toplumun genelini rahats\u0131z edebilecek, endi\u015felendirecek, hatta \u015fok edecek veya onlar\u0131n belirli d\u00fczeyde tepkilerini \u00e7ekebilecek fikirleri savunmak amac\u0131yla da toplant\u0131 ve g\u00f6steri y\u00fcr\u00fcy\u00fc\u015f\u00fc d\u00fczenlenebilece\u011fi, bu durumun da bu hakka dahil oldu\u011fu, bir toplant\u0131 veya g\u00f6steri y\u00fcr\u00fcy\u00fc\u015f\u00fcnde a\u00e7\u0131klanan d\u00fc\u015f\u00fcnce ve g\u00f6r\u00fc\u015flerin s\u0131rf \u00e7o\u011funluk ya da siyasal iktidar taraf\u0131ndan benimsenmemesi veya onlarda rahats\u0131zl\u0131k uyand\u0131rmas\u0131 nedeniyle yasaklanmas\u0131 veyahut s\u0131n\u0131rlanmas\u0131n\u0131n m\u00fcmk\u00fcn olmad\u0131\u011f\u0131, ifade edilen g\u00f6r\u00fc\u015f ve ele\u015ftiriler ne derece sert ve rahats\u0131z edici olursa olsun \u015fiddet i\u00e7ermedi\u011fi ve bar\u0131\u015f\u00e7\u0131l niteli\u011fini korudu\u011fu m\u00fcddet\u00e7e, yetkili makamlar\u0131n her t\u00fcrl\u00fc toplant\u0131 ve g\u00f6steri y\u00fcr\u00fcy\u00fc\u015f\u00fcne tahamm\u00fcl g\u00f6stermesi ve ho\u015fg\u00f6r\u00fcyle yakla\u015fmas\u0131n\u0131n demokrasinin bir gere\u011fi oldu\u011fu \u015feklinde ifade etmi\u015ftir (E.2014\/101, K.2017\/142, 28.09.2017). AYM\u2019nin bu yakla\u015f\u0131m\u0131 A\u0130HM yakla\u015f\u0131mlar\u0131 ile \u00f6rt\u00fc\u015fmektedir \u00a0(bkz. Handys\u0131de\/Birle\u015fik Krall\u0131k davas\u0131).<\/p>\n<p>Toplant\u0131 ve g\u00f6steri y\u00fcr\u00fcy\u00fc\u015f\u00fc, g\u00f6stericiler taraf\u0131ndan taleplerinin halka ve kamu otoritelerine ula\u015ft\u0131r\u0131lmas\u0131 i\u00e7in bir ara\u00e7 olarak g\u00f6r\u00fclmekte iken, genellikle y\u00f6netenler ve \u00a0kamu otoriteleri taraf\u0131ndan\u00a0 ise\u00a0 kamu g\u00fcvenli\u011fi ve d\u00fczenine y\u00f6nelik tehditleri a\u00e7\u0131s\u0131ndan de\u011ferlendirilmektedir. Kamu otoritelerinin bu yakla\u015f\u0131m\u0131nda, toplant\u0131 ve g\u00f6steri y\u00fcr\u00fcy\u00fc\u015f\u00fcn\u00fcn, kamuoyu olu\u015fturma, di\u011fer g\u00fc\u00e7 sahiplerini, karar vericileri ve \u00a0halk\u0131 etkileme fonksiyonlar\u0131n\u0131n yan\u0131nda, kalabal\u0131klar\u0131n kontrolden \u00e7\u0131karak \u015fiddet eylemlerine ba\u015fvurma potansiyellerinin bulunmas\u0131, kar\u015f\u0131t g\u00f6r\u00fc\u015f sahiplerinin reaksiyonlar\u0131n\u0131n yaratabilece\u011fi olumsuzluklar ve yasa d\u0131\u015f\u0131 \u00f6rg\u00fct ve yap\u0131lar\u0131n zaman zaman toplant\u0131 ve g\u00f6steri y\u00fcr\u00fcy\u00fc\u015flerini propaganda ya da korku panik yaratmak amac\u0131yla kullanmalar\u0131 da \u00f6nemli bir yere sahiptir.<\/p>\n<p>Y\u00fcr\u00fcrl\u00fckte bulunan mevzuat\u0131m\u0131zda, 1981 Anayasas\u0131n\u0131n 34. maddesinde yer alan \u201cHerkes, \u00f6nceden izin almadan, silahs\u0131z ve sald\u0131r\u0131s\u0131z toplant\u0131 ve g\u00f6ster y\u00fcr\u00fcy\u00fc\u015f\u00fc d\u00fczenleme hakk\u0131na sahiptir\u201d h\u00fckm\u00fc, toplanma hakk\u0131n\u0131 anayasal teminat alt\u0131na alm\u0131\u015f ve bu hakk\u0131n uygulanmas\u0131 ise 2911 say\u0131l\u0131 TVGYK ile d\u00fczenlenmi\u015ftir.<\/p>\n<p>&#8212;&#8212;&#8212;&#8212;&#8212;&#8212;<\/p>\n<p>* Bu \u00e7al\u0131\u015fma yazar\u0131n \u201cToplumsal Olaylarda Adli Sorunlar\u201d (Kara, Ey\u00fcp, Toplumsal Olaylarda Adli Sorunlar, Adli Bil. ve Kriminalistik Ansiklopedisi, 7. Cilt, s. 3639-3656, Adalet Yay\u0131nevi, 2023) adl\u0131 makalesinden yararlan\u0131larak\u00a0haz\u0131rlanm\u0131\u015ft\u0131r.<\/p>\n<p>[i] Aristoteles, Politika, Say Yay\u0131nlar\u0131, 2020, s.26-27<\/p>\n<p>[ii] Anayurt, \u00d6., Toplanma H\u00fcrriyeti Kavram\u0131 ve T\u00fcrk Anayasa Hukukunda Toplanma H\u00fcrriyeti, 1996, (Tez) http:\/\/nek.istanbul.edu.tr:4444\/ekos\/TEZ\/29341.pdf Eri\u015fim Tarihi 30 Nisan 2021, s. 1,<\/p>\n<p>[iii] Porta; DD., D\u0131an\u0131, M., Toplumsal Hareketler, T\u00fcrkiye \u0130\u015f Bankas\u0131 Yay\u0131nlar\u0131, 2020, s. 231 \u2013 233<\/p>\n<p>At\u0131f yap\u0131lan kararlar:<\/p>\n<p>Djavit An \u2013 T\u00fcrkiye Davas\u0131, https:\/\/www.kararara.com\/aihm\/turkce3\/aihm11897.htm Eri\u015fim Tarihi 1 May\u0131s 2021<\/p>\n<p>E. 2014\/101, K. 2017\/142, 28\/09\/2017, https:\/\/normkararlarbilgibankasi.anayasa.gov.tr\/ND\/2017\/142 Eri\u015fim Tarihi 1 May\u0131s 2021<\/p>\n<p>E. 2020\/12, K. 2020\/46, 10\/09\/2020, https:\/\/normkararlarbilgibankasi.anayasa.gov.tr\/ND\/2020\/46 Eri\u015fim Tarihi 1 May\u0131s 2021<\/p>\n<p>Handdys\u0131de &#8211; Birle\u015fik Krall\u0131k Davas\u0131, https:\/\/cdn.istanbul.edu.tr\/FileHandler2.ashx?f=handyside.pdf Eri\u015fim Tarihi 1 May\u0131s 2021\u00a0Hukuki Haber<\/p>\n<p>Haberin Al\u0131nt\u0131land\u0131\u011f\u0131 Kaynak: www.hukukihaber.net<\/p>","protected":false},"excerpt":{"rendered":"<p>Bu \u00e7al\u0131\u015fmada dizi halinde \u00a0toplant\u0131 ve g\u00f6steri y\u00fcr\u00fcy\u00fc\u015f\u00fc hakk\u0131 ile bu hakka y\u00f6nelik kamu m\u00fcdahalesi ve bu m\u00fcdahalenin s\u0131n\u0131rlar\u0131 incelenmeye \u00e7al\u0131\u015f\u0131lacakt\u0131r. Dizinin 1. b\u00f6l\u00fcmde toplant\u0131 ve g\u00f6steri y\u00fcr\u00fcy\u00fc\u015f\u00fc hakk\u0131, 2. b\u00f6l\u00fcm\u00fcnde bar\u0131\u015f\u00e7\u0131l toplant\u0131 ve g\u00f6steri y\u00fcr\u00fcy\u00fc\u015f\u00fc, 3. b\u00f6l\u00fcmde genel olarak toplant\u0131 ve g\u00f6steri y\u00fcr\u00fcy\u00fc\u015f\u00fc hakk\u0131na kamu m\u00fcdahalesi kavram\u0131, 4. b\u00f6l\u00fcmde toplant\u0131 ve g\u00f6steri y\u00fcr\u00fcy\u00fc\u015f\u00fc hakk\u0131 kullan\u0131lmadan \u00f6nceki m\u00fcdahaleler, 5. b\u00f6l\u00fcmde toplant\u0131 ve g\u00f6steri y\u00fcr\u00fcy\u00fc\u015f\u00fc hakk\u0131 kullan\u0131ld\u0131\u011f\u0131 s\u0131radaki m\u00fcdahaleler, 6. b\u00f6l\u00fcmde ise toplant\u0131 ve g\u00f6steri y\u00fcr\u00fcy\u00fc\u015f\u00fcn\u00fcn kullan\u0131lmas\u0131ndan sonraki m\u00fcdahaleler incelenecektir. Konular incelenirken Avrupa \u0130nsan Haklar\u0131 Mahkemesi (A\u0130HM) ve Anayasa Mahkemesi\u2019nin (AYM) yakla\u015f\u0131m\u0131 esas al\u0131nmaya \u00e7al\u0131\u015f\u0131lacakt\u0131r. TOPLANTI VE G\u00d6STER\u0130 Y\u00dcR\u00dcY\u00dc\u015e\u00dc HAKKI Aristoteles\u2019e g\u00f6re, s\u00fcr\u00fc halinde ya\u015fayan politik\u00a0 (sosyal) bir hayvan olan\u00a0 insan, di\u011fer hayvanlardan farkl\u0131 olarak konu\u015fma yetene\u011fine sahiptir. \u0130nsan, bu yetene\u011fi sayesinde yararl\u0131 ve zararl\u0131y\u0131, do\u011fru ve yanl\u0131\u015f\u0131 ifade edebilmektedir. \u0130nsan ve di\u011fer hayvanlar aras\u0131ndaki en b\u00fcy\u00fck fark insanlar\u0131n do\u011fru ve yanl\u0131\u015f\u0131, iyi ve k\u00f6t\u00fcy\u00fc ay\u0131rt edebilmeleridir.[i] \u0130nsanlar\u0131n en temel \u00f6zelli\u011finin do\u011fru ve yanl\u0131\u015f\u0131, iyi ve k\u00f6t\u00fcy\u00fc ay\u0131rt edebilmeleri oldu\u011fu tespiti do\u011fru olmakla birlikte bu de\u011ferlerin insandan insana, gruptan gruba de\u011fi\u015febilmesi ortak paydada bulu\u015fmay\u0131 zorla\u015ft\u0131rmaktad\u0131r. \u00d6rne\u011fin bir grup insan i\u00e7in fok bal\u0131\u011f\u0131 avc\u0131l\u0131\u011f\u0131 end\u00fcstriyel bir faaliyetin par\u00e7as\u0131n\u0131 olu\u015fturmaktayken, baz\u0131lar\u0131 i\u00e7in ise bir vah\u015feti temsil etmektedir. Dolay\u0131s\u0131yla bir\u00e7ok konuda insanlar\u0131n ortak do\u011fru &hellip;<\/p>\n","protected":false},"author":3,"featured_media":0,"comment_status":"","ping_status":"open","sticky":false,"template":"","format":"standard","meta":{"_acf_changed":false,"footnotes":""},"categories":[27],"tags":[],"class_list":["post-37222","post","type-post","status-publish","format-standard","has-post-thumbnail","hentry","category-hukukihaber"],"acf":[],"yoast_head":"<!-- This site is optimized with the Yoast SEO Premium plugin v26.6 (Yoast SEO v27.1.1) - https:\/\/yoast.com\/product\/yoast-seo-premium-wordpress\/ -->\n<title>TOPLANTI VE G\u00d6STER\u0130 Y\u00dcR\u00dcY\u00dc\u015e\u00dc HAKKI VE BU HAKKA KAMU M\u00dcDAHALES\u0130N\u0130N SINIRLARI-1 - Av. Deniz Can K\u0131z\u0131l<\/title>\n<meta name=\"robots\" content=\"index, follow, max-snippet:-1, max-image-preview:large, max-video-preview:-1\" \/>\n<link rel=\"canonical\" href=\"http:\/\/denizcankizil.tr\/en\/hukukihaber\/toplanti-ve-gosteri-yuruyusu-hakki-ve-bu-hakka-kamu-mudahalesinin-sinirlari-1\/\" \/>\n<meta property=\"og:locale\" content=\"en_GB\" \/>\n<meta property=\"og:type\" content=\"article\" \/>\n<meta property=\"og:title\" content=\"TOPLANTI VE G\u00d6STER\u0130 Y\u00dcR\u00dcY\u00dc\u015e\u00dc HAKKI VE BU HAKKA KAMU M\u00dcDAHALES\u0130N\u0130N SINIRLARI-1\" \/>\n<meta property=\"og:description\" content=\"Bu \u00e7al\u0131\u015fmada dizi halinde \u00a0toplant\u0131 ve g\u00f6steri y\u00fcr\u00fcy\u00fc\u015f\u00fc hakk\u0131 ile bu hakka y\u00f6nelik kamu m\u00fcdahalesi ve bu m\u00fcdahalenin s\u0131n\u0131rlar\u0131 incelenmeye \u00e7al\u0131\u015f\u0131lacakt\u0131r. Dizinin 1. b\u00f6l\u00fcmde toplant\u0131 ve g\u00f6steri y\u00fcr\u00fcy\u00fc\u015f\u00fc hakk\u0131, 2. b\u00f6l\u00fcm\u00fcnde bar\u0131\u015f\u00e7\u0131l toplant\u0131 ve g\u00f6steri y\u00fcr\u00fcy\u00fc\u015f\u00fc, 3. b\u00f6l\u00fcmde genel olarak toplant\u0131 ve g\u00f6steri y\u00fcr\u00fcy\u00fc\u015f\u00fc hakk\u0131na kamu m\u00fcdahalesi kavram\u0131, 4. b\u00f6l\u00fcmde toplant\u0131 ve g\u00f6steri y\u00fcr\u00fcy\u00fc\u015f\u00fc hakk\u0131 kullan\u0131lmadan \u00f6nceki m\u00fcdahaleler, 5. b\u00f6l\u00fcmde toplant\u0131 ve g\u00f6steri y\u00fcr\u00fcy\u00fc\u015f\u00fc hakk\u0131 kullan\u0131ld\u0131\u011f\u0131 s\u0131radaki m\u00fcdahaleler, 6. b\u00f6l\u00fcmde ise toplant\u0131 ve g\u00f6steri y\u00fcr\u00fcy\u00fc\u015f\u00fcn\u00fcn kullan\u0131lmas\u0131ndan sonraki m\u00fcdahaleler incelenecektir. Konular incelenirken Avrupa \u0130nsan Haklar\u0131 Mahkemesi (A\u0130HM) ve Anayasa Mahkemesi\u2019nin (AYM) yakla\u015f\u0131m\u0131 esas al\u0131nmaya \u00e7al\u0131\u015f\u0131lacakt\u0131r. TOPLANTI VE G\u00d6STER\u0130 Y\u00dcR\u00dcY\u00dc\u015e\u00dc HAKKI Aristoteles\u2019e g\u00f6re, s\u00fcr\u00fc halinde ya\u015fayan politik\u00a0 (sosyal) bir hayvan olan\u00a0 insan, di\u011fer hayvanlardan farkl\u0131 olarak konu\u015fma yetene\u011fine sahiptir. \u0130nsan, bu yetene\u011fi sayesinde yararl\u0131 ve zararl\u0131y\u0131, do\u011fru ve yanl\u0131\u015f\u0131 ifade edebilmektedir. \u0130nsan ve di\u011fer hayvanlar aras\u0131ndaki en b\u00fcy\u00fck fark insanlar\u0131n do\u011fru ve yanl\u0131\u015f\u0131, iyi ve k\u00f6t\u00fcy\u00fc ay\u0131rt edebilmeleridir.[i] \u0130nsanlar\u0131n en temel \u00f6zelli\u011finin do\u011fru ve yanl\u0131\u015f\u0131, iyi ve k\u00f6t\u00fcy\u00fc ay\u0131rt edebilmeleri oldu\u011fu tespiti do\u011fru olmakla birlikte bu de\u011ferlerin insandan insana, gruptan gruba de\u011fi\u015febilmesi ortak paydada bulu\u015fmay\u0131 zorla\u015ft\u0131rmaktad\u0131r. \u00d6rne\u011fin bir grup insan i\u00e7in fok bal\u0131\u011f\u0131 avc\u0131l\u0131\u011f\u0131 end\u00fcstriyel bir faaliyetin par\u00e7as\u0131n\u0131 olu\u015fturmaktayken, baz\u0131lar\u0131 i\u00e7in ise bir vah\u015feti temsil etmektedir. Dolay\u0131s\u0131yla bir\u00e7ok konuda insanlar\u0131n ortak do\u011fru &hellip;\" \/>\n<meta property=\"og:url\" content=\"http:\/\/denizcankizil.tr\/en\/hukukihaber\/toplanti-ve-gosteri-yuruyusu-hakki-ve-bu-hakka-kamu-mudahalesinin-sinirlari-1\/\" \/>\n<meta property=\"og:site_name\" content=\"Av. Deniz Can K\u0131z\u0131l\" \/>\n<meta property=\"article:published_time\" content=\"2025-03-26T08:40:00+00:00\" \/>\n<meta name=\"author\" content=\"Hukuki Haber.net\" \/>\n<meta name=\"twitter:card\" content=\"summary_large_image\" \/>\n<meta name=\"twitter:label1\" content=\"Written by\" \/>\n\t<meta name=\"twitter:data1\" content=\"Hukuki Haber.net\" \/>\n\t<meta name=\"twitter:label2\" content=\"Estimated reading time\" \/>\n\t<meta name=\"twitter:data2\" content=\"15 minutes\" \/>\n<script type=\"application\/ld+json\" class=\"yoast-schema-graph\">{\"@context\":\"https:\/\/schema.org\",\"@graph\":[{\"@type\":\"Article\",\"@id\":\"http:\/\/denizcankizil.tr\/en\/hukukihaber\/toplanti-ve-gosteri-yuruyusu-hakki-ve-bu-hakka-kamu-mudahalesinin-sinirlari-1\/#article\",\"isPartOf\":{\"@id\":\"http:\/\/denizcankizil.tr\/en\/hukukihaber\/toplanti-ve-gosteri-yuruyusu-hakki-ve-bu-hakka-kamu-mudahalesinin-sinirlari-1\/\"},\"author\":{\"name\":\"Hukuki Haber.net\",\"@id\":\"https:\/\/denizcankizil.tr\/#\/schema\/person\/001a271de994a0aa3f90eea084424822\"},\"headline\":\"TOPLANTI VE G\u00d6STER\u0130 Y\u00dcR\u00dcY\u00dc\u015e\u00dc HAKKI VE BU HAKKA KAMU M\u00dcDAHALES\u0130N\u0130N SINIRLARI-1\",\"datePublished\":\"2025-03-26T08:40:00+00:00\",\"mainEntityOfPage\":{\"@id\":\"http:\/\/denizcankizil.tr\/en\/hukukihaber\/toplanti-ve-gosteri-yuruyusu-hakki-ve-bu-hakka-kamu-mudahalesinin-sinirlari-1\/\"},\"wordCount\":2965,\"publisher\":{\"@id\":\"https:\/\/denizcankizil.tr\/#organization\"},\"articleSection\":[\"Hukuki Haberler\"],\"inLanguage\":\"en-GB\"},{\"@type\":\"WebPage\",\"@id\":\"http:\/\/denizcankizil.tr\/en\/hukukihaber\/toplanti-ve-gosteri-yuruyusu-hakki-ve-bu-hakka-kamu-mudahalesinin-sinirlari-1\/\",\"url\":\"http:\/\/denizcankizil.tr\/en\/hukukihaber\/toplanti-ve-gosteri-yuruyusu-hakki-ve-bu-hakka-kamu-mudahalesinin-sinirlari-1\/\",\"name\":\"TOPLANTI VE G\u00d6STER\u0130 Y\u00dcR\u00dcY\u00dc\u015e\u00dc HAKKI VE BU HAKKA KAMU M\u00dcDAHALES\u0130N\u0130N SINIRLARI-1 - Av. Deniz Can K\u0131z\u0131l\",\"isPartOf\":{\"@id\":\"https:\/\/denizcankizil.tr\/#website\"},\"datePublished\":\"2025-03-26T08:40:00+00:00\",\"breadcrumb\":{\"@id\":\"http:\/\/denizcankizil.tr\/en\/hukukihaber\/toplanti-ve-gosteri-yuruyusu-hakki-ve-bu-hakka-kamu-mudahalesinin-sinirlari-1\/#breadcrumb\"},\"inLanguage\":\"en-GB\",\"potentialAction\":[{\"@type\":\"ReadAction\",\"target\":[\"http:\/\/denizcankizil.tr\/en\/hukukihaber\/toplanti-ve-gosteri-yuruyusu-hakki-ve-bu-hakka-kamu-mudahalesinin-sinirlari-1\/\"]}]},{\"@type\":\"BreadcrumbList\",\"@id\":\"http:\/\/denizcankizil.tr\/en\/hukukihaber\/toplanti-ve-gosteri-yuruyusu-hakki-ve-bu-hakka-kamu-mudahalesinin-sinirlari-1\/#breadcrumb\",\"itemListElement\":[{\"@type\":\"ListItem\",\"position\":1,\"name\":\"Home\",\"item\":\"https:\/\/denizcankizil.tr\/de\/\"},{\"@type\":\"ListItem\",\"position\":2,\"name\":\"TOPLANTI VE G\u00d6STER\u0130 Y\u00dcR\u00dcY\u00dc\u015e\u00dc HAKKI VE BU HAKKA KAMU M\u00dcDAHALES\u0130N\u0130N SINIRLARI-1\"}]},{\"@type\":\"WebSite\",\"@id\":\"https:\/\/denizcankizil.tr\/#website\",\"url\":\"https:\/\/denizcankizil.tr\/\",\"name\":\"Av. Deniz Can K\u0131z\u0131l\",\"description\":\"Avukat Deniz Can K\u0131z\u0131l Antalya Barosu\",\"publisher\":{\"@id\":\"https:\/\/denizcankizil.tr\/#organization\"},\"potentialAction\":[{\"@type\":\"SearchAction\",\"target\":{\"@type\":\"EntryPoint\",\"urlTemplate\":\"https:\/\/denizcankizil.tr\/?s={search_term_string}\"},\"query-input\":{\"@type\":\"PropertyValueSpecification\",\"valueRequired\":true,\"valueName\":\"search_term_string\"}}],\"inLanguage\":\"en-GB\"},{\"@type\":\"Organization\",\"@id\":\"https:\/\/denizcankizil.tr\/#organization\",\"name\":\"Av. Deniz Can K\u0131z\u0131l\",\"url\":\"https:\/\/denizcankizil.tr\/\",\"logo\":{\"@type\":\"ImageObject\",\"inLanguage\":\"en-GB\",\"@id\":\"https:\/\/denizcankizil.tr\/#\/schema\/logo\/image\/\",\"url\":\"http:\/\/denizcankizil.tr\/wp-content\/uploads\/2024\/10\/siyah-logo-svg.svg\",\"contentUrl\":\"http:\/\/denizcankizil.tr\/wp-content\/uploads\/2024\/10\/siyah-logo-svg.svg\",\"width\":1080,\"height\":1080,\"caption\":\"Av. Deniz Can K\u0131z\u0131l\"},\"image\":{\"@id\":\"https:\/\/denizcankizil.tr\/#\/schema\/logo\/image\/\"}},{\"@type\":\"Person\",\"@id\":\"https:\/\/denizcankizil.tr\/#\/schema\/person\/001a271de994a0aa3f90eea084424822\",\"name\":\"Hukuki Haber.net\",\"image\":{\"@type\":\"ImageObject\",\"inLanguage\":\"en-GB\",\"@id\":\"https:\/\/denizcankizil.tr\/#\/schema\/person\/image\/\",\"url\":\"https:\/\/secure.gravatar.com\/avatar\/57d8a49151495586611a149d29fc42865b951dc053a84709a3172ccb5abf3118?s=96&d=mm&r=g\",\"contentUrl\":\"https:\/\/secure.gravatar.com\/avatar\/57d8a49151495586611a149d29fc42865b951dc053a84709a3172ccb5abf3118?s=96&d=mm&r=g\",\"caption\":\"Hukuki Haber.net\"},\"sameAs\":[\"http:\/\/www.hukukihaber.net\"],\"url\":\"https:\/\/www.hukukihaber.net\/toplanti-ve-gosteri-yuruyusu-hakki-ve-bu-hakka-kamu-mudahalesinin-sinirlari-1\"}]}<\/script>\n<!-- \/ Yoast SEO Premium plugin. -->","yoast_head_json":{"title":"TOPLANTI VE G\u00d6STER\u0130 Y\u00dcR\u00dcY\u00dc\u015e\u00dc HAKKI VE BU HAKKA KAMU M\u00dcDAHALES\u0130N\u0130N SINIRLARI-1 - Av. Deniz Can K\u0131z\u0131l","robots":{"index":"index","follow":"follow","max-snippet":"max-snippet:-1","max-image-preview":"max-image-preview:large","max-video-preview":"max-video-preview:-1"},"canonical":"http:\/\/denizcankizil.tr\/en\/hukukihaber\/toplanti-ve-gosteri-yuruyusu-hakki-ve-bu-hakka-kamu-mudahalesinin-sinirlari-1\/","og_locale":"en_GB","og_type":"article","og_title":"TOPLANTI VE G\u00d6STER\u0130 Y\u00dcR\u00dcY\u00dc\u015e\u00dc HAKKI VE BU HAKKA KAMU M\u00dcDAHALES\u0130N\u0130N SINIRLARI-1","og_description":"Bu \u00e7al\u0131\u015fmada dizi halinde \u00a0toplant\u0131 ve g\u00f6steri y\u00fcr\u00fcy\u00fc\u015f\u00fc hakk\u0131 ile bu hakka y\u00f6nelik kamu m\u00fcdahalesi ve bu m\u00fcdahalenin s\u0131n\u0131rlar\u0131 incelenmeye \u00e7al\u0131\u015f\u0131lacakt\u0131r. Dizinin 1. b\u00f6l\u00fcmde toplant\u0131 ve g\u00f6steri y\u00fcr\u00fcy\u00fc\u015f\u00fc hakk\u0131, 2. b\u00f6l\u00fcm\u00fcnde bar\u0131\u015f\u00e7\u0131l toplant\u0131 ve g\u00f6steri y\u00fcr\u00fcy\u00fc\u015f\u00fc, 3. b\u00f6l\u00fcmde genel olarak toplant\u0131 ve g\u00f6steri y\u00fcr\u00fcy\u00fc\u015f\u00fc hakk\u0131na kamu m\u00fcdahalesi kavram\u0131, 4. b\u00f6l\u00fcmde toplant\u0131 ve g\u00f6steri y\u00fcr\u00fcy\u00fc\u015f\u00fc hakk\u0131 kullan\u0131lmadan \u00f6nceki m\u00fcdahaleler, 5. b\u00f6l\u00fcmde toplant\u0131 ve g\u00f6steri y\u00fcr\u00fcy\u00fc\u015f\u00fc hakk\u0131 kullan\u0131ld\u0131\u011f\u0131 s\u0131radaki m\u00fcdahaleler, 6. b\u00f6l\u00fcmde ise toplant\u0131 ve g\u00f6steri y\u00fcr\u00fcy\u00fc\u015f\u00fcn\u00fcn kullan\u0131lmas\u0131ndan sonraki m\u00fcdahaleler incelenecektir. Konular incelenirken Avrupa \u0130nsan Haklar\u0131 Mahkemesi (A\u0130HM) ve Anayasa Mahkemesi\u2019nin (AYM) yakla\u015f\u0131m\u0131 esas al\u0131nmaya \u00e7al\u0131\u015f\u0131lacakt\u0131r. TOPLANTI VE G\u00d6STER\u0130 Y\u00dcR\u00dcY\u00dc\u015e\u00dc HAKKI Aristoteles\u2019e g\u00f6re, s\u00fcr\u00fc halinde ya\u015fayan politik\u00a0 (sosyal) bir hayvan olan\u00a0 insan, di\u011fer hayvanlardan farkl\u0131 olarak konu\u015fma yetene\u011fine sahiptir. \u0130nsan, bu yetene\u011fi sayesinde yararl\u0131 ve zararl\u0131y\u0131, do\u011fru ve yanl\u0131\u015f\u0131 ifade edebilmektedir. \u0130nsan ve di\u011fer hayvanlar aras\u0131ndaki en b\u00fcy\u00fck fark insanlar\u0131n do\u011fru ve yanl\u0131\u015f\u0131, iyi ve k\u00f6t\u00fcy\u00fc ay\u0131rt edebilmeleridir.[i] \u0130nsanlar\u0131n en temel \u00f6zelli\u011finin do\u011fru ve yanl\u0131\u015f\u0131, iyi ve k\u00f6t\u00fcy\u00fc ay\u0131rt edebilmeleri oldu\u011fu tespiti do\u011fru olmakla birlikte bu de\u011ferlerin insandan insana, gruptan gruba de\u011fi\u015febilmesi ortak paydada bulu\u015fmay\u0131 zorla\u015ft\u0131rmaktad\u0131r. \u00d6rne\u011fin bir grup insan i\u00e7in fok bal\u0131\u011f\u0131 avc\u0131l\u0131\u011f\u0131 end\u00fcstriyel bir faaliyetin par\u00e7as\u0131n\u0131 olu\u015fturmaktayken, baz\u0131lar\u0131 i\u00e7in ise bir vah\u015feti temsil etmektedir. Dolay\u0131s\u0131yla bir\u00e7ok konuda insanlar\u0131n ortak do\u011fru &hellip;","og_url":"http:\/\/denizcankizil.tr\/en\/hukukihaber\/toplanti-ve-gosteri-yuruyusu-hakki-ve-bu-hakka-kamu-mudahalesinin-sinirlari-1\/","og_site_name":"Av. Deniz Can K\u0131z\u0131l","article_published_time":"2025-03-26T08:40:00+00:00","author":"Hukuki Haber.net","twitter_card":"summary_large_image","twitter_misc":{"Written by":"Hukuki Haber.net","Estimated reading time":"15 minutes"},"schema":{"@context":"https:\/\/schema.org","@graph":[{"@type":"Article","@id":"http:\/\/denizcankizil.tr\/en\/hukukihaber\/toplanti-ve-gosteri-yuruyusu-hakki-ve-bu-hakka-kamu-mudahalesinin-sinirlari-1\/#article","isPartOf":{"@id":"http:\/\/denizcankizil.tr\/en\/hukukihaber\/toplanti-ve-gosteri-yuruyusu-hakki-ve-bu-hakka-kamu-mudahalesinin-sinirlari-1\/"},"author":{"name":"Hukuki Haber.net","@id":"https:\/\/denizcankizil.tr\/#\/schema\/person\/001a271de994a0aa3f90eea084424822"},"headline":"TOPLANTI VE G\u00d6STER\u0130 Y\u00dcR\u00dcY\u00dc\u015e\u00dc HAKKI VE BU HAKKA KAMU M\u00dcDAHALES\u0130N\u0130N SINIRLARI-1","datePublished":"2025-03-26T08:40:00+00:00","mainEntityOfPage":{"@id":"http:\/\/denizcankizil.tr\/en\/hukukihaber\/toplanti-ve-gosteri-yuruyusu-hakki-ve-bu-hakka-kamu-mudahalesinin-sinirlari-1\/"},"wordCount":2965,"publisher":{"@id":"https:\/\/denizcankizil.tr\/#organization"},"articleSection":["Hukuki Haberler"],"inLanguage":"en-GB"},{"@type":"WebPage","@id":"http:\/\/denizcankizil.tr\/en\/hukukihaber\/toplanti-ve-gosteri-yuruyusu-hakki-ve-bu-hakka-kamu-mudahalesinin-sinirlari-1\/","url":"http:\/\/denizcankizil.tr\/en\/hukukihaber\/toplanti-ve-gosteri-yuruyusu-hakki-ve-bu-hakka-kamu-mudahalesinin-sinirlari-1\/","name":"TOPLANTI VE G\u00d6STER\u0130 Y\u00dcR\u00dcY\u00dc\u015e\u00dc HAKKI VE BU HAKKA KAMU M\u00dcDAHALES\u0130N\u0130N SINIRLARI-1 - Av. Deniz Can K\u0131z\u0131l","isPartOf":{"@id":"https:\/\/denizcankizil.tr\/#website"},"datePublished":"2025-03-26T08:40:00+00:00","breadcrumb":{"@id":"http:\/\/denizcankizil.tr\/en\/hukukihaber\/toplanti-ve-gosteri-yuruyusu-hakki-ve-bu-hakka-kamu-mudahalesinin-sinirlari-1\/#breadcrumb"},"inLanguage":"en-GB","potentialAction":[{"@type":"ReadAction","target":["http:\/\/denizcankizil.tr\/en\/hukukihaber\/toplanti-ve-gosteri-yuruyusu-hakki-ve-bu-hakka-kamu-mudahalesinin-sinirlari-1\/"]}]},{"@type":"BreadcrumbList","@id":"http:\/\/denizcankizil.tr\/en\/hukukihaber\/toplanti-ve-gosteri-yuruyusu-hakki-ve-bu-hakka-kamu-mudahalesinin-sinirlari-1\/#breadcrumb","itemListElement":[{"@type":"ListItem","position":1,"name":"Home","item":"https:\/\/denizcankizil.tr\/de\/"},{"@type":"ListItem","position":2,"name":"TOPLANTI VE G\u00d6STER\u0130 Y\u00dcR\u00dcY\u00dc\u015e\u00dc HAKKI VE BU HAKKA KAMU M\u00dcDAHALES\u0130N\u0130N SINIRLARI-1"}]},{"@type":"WebSite","@id":"https:\/\/denizcankizil.tr\/#website","url":"https:\/\/denizcankizil.tr\/","name":"Av. Deniz Can K\u0131z\u0131l","description":"Avukat Deniz Can K\u0131z\u0131l Antalya Barosu","publisher":{"@id":"https:\/\/denizcankizil.tr\/#organization"},"potentialAction":[{"@type":"SearchAction","target":{"@type":"EntryPoint","urlTemplate":"https:\/\/denizcankizil.tr\/?s={search_term_string}"},"query-input":{"@type":"PropertyValueSpecification","valueRequired":true,"valueName":"search_term_string"}}],"inLanguage":"en-GB"},{"@type":"Organization","@id":"https:\/\/denizcankizil.tr\/#organization","name":"Av. Deniz Can K\u0131z\u0131l","url":"https:\/\/denizcankizil.tr\/","logo":{"@type":"ImageObject","inLanguage":"en-GB","@id":"https:\/\/denizcankizil.tr\/#\/schema\/logo\/image\/","url":"http:\/\/denizcankizil.tr\/wp-content\/uploads\/2024\/10\/siyah-logo-svg.svg","contentUrl":"http:\/\/denizcankizil.tr\/wp-content\/uploads\/2024\/10\/siyah-logo-svg.svg","width":1080,"height":1080,"caption":"Av. Deniz Can K\u0131z\u0131l"},"image":{"@id":"https:\/\/denizcankizil.tr\/#\/schema\/logo\/image\/"}},{"@type":"Person","@id":"https:\/\/denizcankizil.tr\/#\/schema\/person\/001a271de994a0aa3f90eea084424822","name":"Hukuki Haber.net","image":{"@type":"ImageObject","inLanguage":"en-GB","@id":"https:\/\/denizcankizil.tr\/#\/schema\/person\/image\/","url":"https:\/\/secure.gravatar.com\/avatar\/57d8a49151495586611a149d29fc42865b951dc053a84709a3172ccb5abf3118?s=96&d=mm&r=g","contentUrl":"https:\/\/secure.gravatar.com\/avatar\/57d8a49151495586611a149d29fc42865b951dc053a84709a3172ccb5abf3118?s=96&d=mm&r=g","caption":"Hukuki Haber.net"},"sameAs":["http:\/\/www.hukukihaber.net"],"url":"https:\/\/www.hukukihaber.net\/toplanti-ve-gosteri-yuruyusu-hakki-ve-bu-hakka-kamu-mudahalesinin-sinirlari-1"}]}},"_links":{"self":[{"href":"http:\/\/denizcankizil.tr\/en\/wp-json\/wp\/v2\/posts\/37222","targetHints":{"allow":["GET"]}}],"collection":[{"href":"http:\/\/denizcankizil.tr\/en\/wp-json\/wp\/v2\/posts"}],"about":[{"href":"http:\/\/denizcankizil.tr\/en\/wp-json\/wp\/v2\/types\/post"}],"author":[{"embeddable":true,"href":"http:\/\/denizcankizil.tr\/en\/wp-json\/wp\/v2\/users\/3"}],"replies":[{"embeddable":true,"href":"http:\/\/denizcankizil.tr\/en\/wp-json\/wp\/v2\/comments?post=37222"}],"version-history":[{"count":0,"href":"http:\/\/denizcankizil.tr\/en\/wp-json\/wp\/v2\/posts\/37222\/revisions"}],"wp:attachment":[{"href":"http:\/\/denizcankizil.tr\/en\/wp-json\/wp\/v2\/media?parent=37222"}],"wp:term":[{"taxonomy":"category","embeddable":true,"href":"http:\/\/denizcankizil.tr\/en\/wp-json\/wp\/v2\/categories?post=37222"},{"taxonomy":"post_tag","embeddable":true,"href":"http:\/\/denizcankizil.tr\/en\/wp-json\/wp\/v2\/tags?post=37222"}],"curies":[{"name":"wp","href":"https:\/\/api.w.org\/{rel}","templated":true}]}}