{"id":37162,"date":"2025-03-26T21:41:14","date_gmt":"2025-03-26T18:41:14","guid":{"rendered":"https:\/\/denizcankizil.tr\/uncategorized-tr\/ramazan-bayrami-tatili-9-gune-cikti\/"},"modified":"2025-03-26T21:41:14","modified_gmt":"2025-03-26T18:41:14","slug":"ramazan-bayrami-tatili-9-gune-cikti","status":"publish","type":"post","link":"http:\/\/denizcankizil.tr\/en\/haberler\/gundem\/ramazan-bayrami-tatili-9-gune-cikti\/","title":{"rendered":"Ramazan Bayram\u0131 tatili 9 g\u00fcne \u00e7\u0131kt\u0131!"},"content":{"rendered":"<p>Cumhurba\u015fkan\u0131 ve AK Parti Genel Ba\u015fkan\u0131 Recep Tayyip Erdo\u011fan, \u201cKamu \u00e7al\u0131\u015fanlar\u0131m\u0131z i\u00e7in bayram\u0131 takip eden 3 g\u00fcnl\u00fck s\u00fcreyi de idari izin kapsam\u0131na ald\u0131k\u201d ifadelerini kulland\u0131. Bu\u00a0a\u00e7\u0131klama ile bayramda tatil 9 g\u00fcne \u00e7\u0131km\u0131\u015f oldu.<\/p>\n<p>BAYRAMI SEV\u0130N\u00c7LE \u0130DRAK ETS\u0130NLER<\/p>\n<p>Erdo\u011fan\u2019\u0131n konuya ili\u015fkin a\u00e7\u0131klamas\u0131nda \u015fu ifadeler yer buldu: \u201cGelecek hafta t\u00fcm okullar\u0131m\u0131z ikinci ara tatillerine giriyor. Ara tatilin oldu\u011fu pazartesi ve sal\u0131 g\u00fcnleri ayn\u0131 zamanda Ramazan bayram\u0131 tatilinin ikinci ve \u00fc\u00e7\u00fcnc\u00fc g\u00fcnlerine denk geliyor. Ailelerimiz \u00e7ocuklar\u0131yla doya doya vakit ge\u00e7irsin, bayram\u0131 aileleriyle birlikte huzurla, sevin\u00e7le idrak etsin istiyoruz. Bu ama\u00e7la kamu \u00e7al\u0131\u015fanlar\u0131m\u0131z i\u00e7in bayram\u0131 takip eden 3 g\u00fcnl\u00fck s\u00fcreyi de idari izin kapsam\u0131na ald\u0131k. Yani 2 Nisan \u00c7ar\u015famba, 3 Nisan Per\u015fembe ve 4 Nisan Cuma g\u00fcn\u00fc de kamu \u00e7al\u0131\u015fanlar\u0131m\u0131z idari izinli say\u0131lacak. B\u00f6ylece milletimiz toplamda 9 g\u00fcnl\u00fck bir tatil yapma imkan\u0131na kavu\u015facak.&#8221; 29 Mart\u2019ta ba\u015flayacak bayram tatili 9 g\u00fcn boyunca s\u00fcrecek ve 7 Nisan\u2019da yeniden i\u015fba\u015f\u0131 yap\u0131lacak.<br \/>\n\u00a0<\/p>\n<p>\u200bCumhurba\u015fkan\u0131 Recep Tayyip Erdo\u011fan, Ramazan Bayram\u0131\u2019nda tatil s\u00fcresinin kamuda 9 g\u00fcn oldu\u011funu duyurdu. \u0130\u015fte ayr\u0131nt\u0131lar&#8230;\u00a0<\/p>\n<p>\u200bHaberin Al\u0131nt\u0131land\u0131\u011f\u0131 Kaynak: www.antalyakorfez.com<\/p>","protected":false},"excerpt":{"rendered":"<p>Cumhurba\u015fkan\u0131 ve AK Parti Genel Ba\u015fkan\u0131 Recep Tayyip Erdo\u011fan, \u201cKamu \u00e7al\u0131\u015fanlar\u0131m\u0131z i\u00e7in bayram\u0131 takip eden 3 g\u00fcnl\u00fck s\u00fcreyi de idari izin kapsam\u0131na ald\u0131k\u201d ifadelerini kulland\u0131. Bu\u00a0a\u00e7\u0131klama ile bayramda tatil 9 g\u00fcne \u00e7\u0131km\u0131\u015f oldu. BAYRAMI SEV\u0130N\u00c7LE \u0130DRAK ETS\u0130NLER Erdo\u011fan\u2019\u0131n konuya ili\u015fkin a\u00e7\u0131klamas\u0131nda \u015fu ifadeler yer buldu: \u201cGelecek hafta t\u00fcm okullar\u0131m\u0131z ikinci ara tatillerine giriyor. Ara tatilin oldu\u011fu pazartesi ve sal\u0131 g\u00fcnleri ayn\u0131 zamanda Ramazan bayram\u0131 tatilinin ikinci ve \u00fc\u00e7\u00fcnc\u00fc g\u00fcnlerine denk geliyor. Ailelerimiz \u00e7ocuklar\u0131yla doya doya vakit ge\u00e7irsin, bayram\u0131 aileleriyle birlikte huzurla, sevin\u00e7le idrak etsin istiyoruz. Bu ama\u00e7la kamu \u00e7al\u0131\u015fanlar\u0131m\u0131z i\u00e7in bayram\u0131 takip eden 3 g\u00fcnl\u00fck s\u00fcreyi de idari izin kapsam\u0131na ald\u0131k. Yani 2 Nisan \u00c7ar\u015famba, 3 Nisan Per\u015fembe ve 4 Nisan Cuma g\u00fcn\u00fc de kamu \u00e7al\u0131\u015fanlar\u0131m\u0131z idari izinli say\u0131lacak. B\u00f6ylece milletimiz toplamda 9 g\u00fcnl\u00fck bir tatil yapma imkan\u0131na kavu\u015facak.&#8221; 29 Mart\u2019ta ba\u015flayacak bayram tatili 9 g\u00fcn boyunca s\u00fcrecek ve 7 Nisan\u2019da yeniden i\u015fba\u015f\u0131 yap\u0131lacak. \u00a0 \u200bCumhurba\u015fkan\u0131 Recep Tayyip Erdo\u011fan, Ramazan Bayram\u0131\u2019nda tatil s\u00fcresinin kamuda 9 g\u00fcn oldu\u011funu duyurdu. \u0130\u015fte ayr\u0131nt\u0131lar&#8230;\u00a0 \u200bHaberin Al\u0131nt\u0131land\u0131\u011f\u0131 Kaynak: www.antalyakorfez.com<\/p>","protected":false},"author":5,"featured_media":0,"comment_status":"","ping_status":"open","sticky":false,"template":"","format":"standard","meta":{"_acf_changed":false,"footnotes":""},"categories":[24],"tags":[],"class_list":["post-37162","post","type-post","status-publish","format-standard","has-post-thumbnail","hentry","category-gundem"],"acf":[],"yoast_head":"<!-- This site is optimized with the Yoast SEO Premium plugin v26.6 (Yoast SEO v27.1.1) - https:\/\/yoast.com\/product\/yoast-seo-premium-wordpress\/ -->\n<title>Ramazan Bayram\u0131 tatili 9 g\u00fcne \u00e7\u0131kt\u0131! - Av. Deniz Can K\u0131z\u0131l<\/title>\n<meta name=\"robots\" content=\"index, follow, max-snippet:-1, max-image-preview:large, max-video-preview:-1\" \/>\n<link rel=\"canonical\" href=\"http:\/\/denizcankizil.tr\/en\/haberler\/gundem\/ramazan-bayrami-tatili-9-gune-cikti\/\" \/>\n<meta property=\"og:locale\" content=\"en_GB\" \/>\n<meta property=\"og:type\" content=\"article\" \/>\n<meta property=\"og:title\" content=\"Ramazan Bayram\u0131 tatili 9 g\u00fcne \u00e7\u0131kt\u0131!\" \/>\n<meta property=\"og:description\" content=\"Cumhurba\u015fkan\u0131 ve AK Parti Genel Ba\u015fkan\u0131 Recep Tayyip Erdo\u011fan, \u201cKamu \u00e7al\u0131\u015fanlar\u0131m\u0131z i\u00e7in bayram\u0131 takip eden 3 g\u00fcnl\u00fck s\u00fcreyi de idari izin kapsam\u0131na ald\u0131k\u201d ifadelerini kulland\u0131. Bu\u00a0a\u00e7\u0131klama ile bayramda tatil 9 g\u00fcne \u00e7\u0131km\u0131\u015f oldu. BAYRAMI SEV\u0130N\u00c7LE \u0130DRAK ETS\u0130NLER Erdo\u011fan\u2019\u0131n konuya ili\u015fkin a\u00e7\u0131klamas\u0131nda \u015fu ifadeler yer buldu: \u201cGelecek hafta t\u00fcm okullar\u0131m\u0131z ikinci ara tatillerine giriyor. Ara tatilin oldu\u011fu pazartesi ve sal\u0131 g\u00fcnleri ayn\u0131 zamanda Ramazan bayram\u0131 tatilinin ikinci ve \u00fc\u00e7\u00fcnc\u00fc g\u00fcnlerine denk geliyor. Ailelerimiz \u00e7ocuklar\u0131yla doya doya vakit ge\u00e7irsin, bayram\u0131 aileleriyle birlikte huzurla, sevin\u00e7le idrak etsin istiyoruz. Bu ama\u00e7la kamu \u00e7al\u0131\u015fanlar\u0131m\u0131z i\u00e7in bayram\u0131 takip eden 3 g\u00fcnl\u00fck s\u00fcreyi de idari izin kapsam\u0131na ald\u0131k. Yani 2 Nisan \u00c7ar\u015famba, 3 Nisan Per\u015fembe ve 4 Nisan Cuma g\u00fcn\u00fc de kamu \u00e7al\u0131\u015fanlar\u0131m\u0131z idari izinli say\u0131lacak. B\u00f6ylece milletimiz toplamda 9 g\u00fcnl\u00fck bir tatil yapma imkan\u0131na kavu\u015facak.&#8221; 29 Mart\u2019ta ba\u015flayacak bayram tatili 9 g\u00fcn boyunca s\u00fcrecek ve 7 Nisan\u2019da yeniden i\u015fba\u015f\u0131 yap\u0131lacak. \u00a0 \u200bCumhurba\u015fkan\u0131 Recep Tayyip Erdo\u011fan, Ramazan Bayram\u0131\u2019nda tatil s\u00fcresinin kamuda 9 g\u00fcn oldu\u011funu duyurdu. \u0130\u015fte ayr\u0131nt\u0131lar&#8230;\u00a0 \u200bHaberin Al\u0131nt\u0131land\u0131\u011f\u0131 Kaynak: www.antalyakorfez.com\" \/>\n<meta property=\"og:url\" content=\"http:\/\/denizcankizil.tr\/en\/haberler\/gundem\/ramazan-bayrami-tatili-9-gune-cikti\/\" \/>\n<meta property=\"og:site_name\" content=\"Av. Deniz Can K\u0131z\u0131l\" \/>\n<meta property=\"article:published_time\" content=\"2025-03-26T18:41:14+00:00\" \/>\n<meta name=\"author\" content=\"Antalya K\u00f6rfez\" \/>\n<meta name=\"twitter:card\" content=\"summary_large_image\" \/>\n<meta name=\"twitter:label1\" content=\"Written by\" \/>\n\t<meta name=\"twitter:data1\" content=\"Antalya K\u00f6rfez\" \/>\n\t<meta name=\"twitter:label2\" content=\"Estimated reading time\" \/>\n\t<meta name=\"twitter:data2\" content=\"1 minute\" \/>\n<script type=\"application\/ld+json\" class=\"yoast-schema-graph\">{\"@context\":\"https:\/\/schema.org\",\"@graph\":[{\"@type\":\"Article\",\"@id\":\"http:\/\/denizcankizil.tr\/en\/haberler\/gundem\/ramazan-bayrami-tatili-9-gune-cikti\/#article\",\"isPartOf\":{\"@id\":\"http:\/\/denizcankizil.tr\/en\/haberler\/gundem\/ramazan-bayrami-tatili-9-gune-cikti\/\"},\"author\":{\"name\":\"Antalya K\u00f6rfez\",\"@id\":\"https:\/\/denizcankizil.tr\/de\/#\/schema\/person\/e1eb71bb4dd684d46563f0af307e1234\"},\"headline\":\"Ramazan Bayram\u0131 tatili 9 g\u00fcne \u00e7\u0131kt\u0131!\",\"datePublished\":\"2025-03-26T18:41:14+00:00\",\"mainEntityOfPage\":{\"@id\":\"http:\/\/denizcankizil.tr\/en\/haberler\/gundem\/ramazan-bayrami-tatili-9-gune-cikti\/\"},\"wordCount\":231,\"publisher\":{\"@id\":\"https:\/\/denizcankizil.tr\/de\/#organization\"},\"articleSection\":[\"G\u00fcndem\"],\"inLanguage\":\"en-GB\"},{\"@type\":\"WebPage\",\"@id\":\"http:\/\/denizcankizil.tr\/en\/haberler\/gundem\/ramazan-bayrami-tatili-9-gune-cikti\/\",\"url\":\"http:\/\/denizcankizil.tr\/en\/haberler\/gundem\/ramazan-bayrami-tatili-9-gune-cikti\/\",\"name\":\"Ramazan Bayram\u0131 tatili 9 g\u00fcne \u00e7\u0131kt\u0131! - Av. Deniz Can K\u0131z\u0131l\",\"isPartOf\":{\"@id\":\"https:\/\/denizcankizil.tr\/de\/#website\"},\"datePublished\":\"2025-03-26T18:41:14+00:00\",\"breadcrumb\":{\"@id\":\"http:\/\/denizcankizil.tr\/en\/haberler\/gundem\/ramazan-bayrami-tatili-9-gune-cikti\/#breadcrumb\"},\"inLanguage\":\"en-GB\",\"potentialAction\":[{\"@type\":\"ReadAction\",\"target\":[\"http:\/\/denizcankizil.tr\/en\/haberler\/gundem\/ramazan-bayrami-tatili-9-gune-cikti\/\"]}]},{\"@type\":\"BreadcrumbList\",\"@id\":\"http:\/\/denizcankizil.tr\/en\/haberler\/gundem\/ramazan-bayrami-tatili-9-gune-cikti\/#breadcrumb\",\"itemListElement\":[{\"@type\":\"ListItem\",\"position\":1,\"name\":\"Home\",\"item\":\"https:\/\/denizcankizil.tr\/de\/\"},{\"@type\":\"ListItem\",\"position\":2,\"name\":\"Ramazan Bayram\u0131 tatili 9 g\u00fcne \u00e7\u0131kt\u0131!\"}]},{\"@type\":\"WebSite\",\"@id\":\"https:\/\/denizcankizil.tr\/de\/#website\",\"url\":\"https:\/\/denizcankizil.tr\/de\/\",\"name\":\"Av. Deniz Can K\u0131z\u0131l\",\"description\":\"Avukat Deniz Can K\u0131z\u0131l Antalya Barosu\",\"publisher\":{\"@id\":\"https:\/\/denizcankizil.tr\/de\/#organization\"},\"potentialAction\":[{\"@type\":\"SearchAction\",\"target\":{\"@type\":\"EntryPoint\",\"urlTemplate\":\"https:\/\/denizcankizil.tr\/de\/?s={search_term_string}\"},\"query-input\":{\"@type\":\"PropertyValueSpecification\",\"valueRequired\":true,\"valueName\":\"search_term_string\"}}],\"inLanguage\":\"en-GB\"},{\"@type\":\"Organization\",\"@id\":\"https:\/\/denizcankizil.tr\/de\/#organization\",\"name\":\"Av. Deniz Can K\u0131z\u0131l\",\"url\":\"https:\/\/denizcankizil.tr\/de\/\",\"logo\":{\"@type\":\"ImageObject\",\"inLanguage\":\"en-GB\",\"@id\":\"https:\/\/denizcankizil.tr\/de\/#\/schema\/logo\/image\/\",\"url\":\"http:\/\/denizcankizil.tr\/wp-content\/uploads\/2024\/10\/siyah-logo-svg.svg\",\"contentUrl\":\"http:\/\/denizcankizil.tr\/wp-content\/uploads\/2024\/10\/siyah-logo-svg.svg\",\"width\":1080,\"height\":1080,\"caption\":\"Av. Deniz Can K\u0131z\u0131l\"},\"image\":{\"@id\":\"https:\/\/denizcankizil.tr\/de\/#\/schema\/logo\/image\/\"}},{\"@type\":\"Person\",\"@id\":\"https:\/\/denizcankizil.tr\/de\/#\/schema\/person\/e1eb71bb4dd684d46563f0af307e1234\",\"name\":\"Antalya K\u00f6rfez\",\"image\":{\"@type\":\"ImageObject\",\"inLanguage\":\"en-GB\",\"@id\":\"https:\/\/denizcankizil.tr\/de\/#\/schema\/person\/image\/\",\"url\":\"https:\/\/secure.gravatar.com\/avatar\/42b01982558a48a0b501fdcab6a408d3717ea5919095ee2e67b0e521799c5905?s=96&d=mm&r=g\",\"contentUrl\":\"https:\/\/secure.gravatar.com\/avatar\/42b01982558a48a0b501fdcab6a408d3717ea5919095ee2e67b0e521799c5905?s=96&d=mm&r=g\",\"caption\":\"Antalya K\u00f6rfez\"},\"sameAs\":[\"http:\/\/www.antalyakorfez.com\"],\"url\":\"https:\/\/www.antalyakorfez.com\/ramazan-bayrami-tatili-9-gune-cikti\"}]}<\/script>\n<!-- \/ Yoast SEO Premium plugin. -->","yoast_head_json":{"title":"Ramazan Bayram\u0131 tatili 9 g\u00fcne \u00e7\u0131kt\u0131! - Av. Deniz Can K\u0131z\u0131l","robots":{"index":"index","follow":"follow","max-snippet":"max-snippet:-1","max-image-preview":"max-image-preview:large","max-video-preview":"max-video-preview:-1"},"canonical":"http:\/\/denizcankizil.tr\/en\/haberler\/gundem\/ramazan-bayrami-tatili-9-gune-cikti\/","og_locale":"en_GB","og_type":"article","og_title":"Ramazan Bayram\u0131 tatili 9 g\u00fcne \u00e7\u0131kt\u0131!","og_description":"Cumhurba\u015fkan\u0131 ve AK Parti Genel Ba\u015fkan\u0131 Recep Tayyip Erdo\u011fan, \u201cKamu \u00e7al\u0131\u015fanlar\u0131m\u0131z i\u00e7in bayram\u0131 takip eden 3 g\u00fcnl\u00fck s\u00fcreyi de idari izin kapsam\u0131na ald\u0131k\u201d ifadelerini kulland\u0131. Bu\u00a0a\u00e7\u0131klama ile bayramda tatil 9 g\u00fcne \u00e7\u0131km\u0131\u015f oldu. BAYRAMI SEV\u0130N\u00c7LE \u0130DRAK ETS\u0130NLER Erdo\u011fan\u2019\u0131n konuya ili\u015fkin a\u00e7\u0131klamas\u0131nda \u015fu ifadeler yer buldu: \u201cGelecek hafta t\u00fcm okullar\u0131m\u0131z ikinci ara tatillerine giriyor. Ara tatilin oldu\u011fu pazartesi ve sal\u0131 g\u00fcnleri ayn\u0131 zamanda Ramazan bayram\u0131 tatilinin ikinci ve \u00fc\u00e7\u00fcnc\u00fc g\u00fcnlerine denk geliyor. Ailelerimiz \u00e7ocuklar\u0131yla doya doya vakit ge\u00e7irsin, bayram\u0131 aileleriyle birlikte huzurla, sevin\u00e7le idrak etsin istiyoruz. Bu ama\u00e7la kamu \u00e7al\u0131\u015fanlar\u0131m\u0131z i\u00e7in bayram\u0131 takip eden 3 g\u00fcnl\u00fck s\u00fcreyi de idari izin kapsam\u0131na ald\u0131k. Yani 2 Nisan \u00c7ar\u015famba, 3 Nisan Per\u015fembe ve 4 Nisan Cuma g\u00fcn\u00fc de kamu \u00e7al\u0131\u015fanlar\u0131m\u0131z idari izinli say\u0131lacak. B\u00f6ylece milletimiz toplamda 9 g\u00fcnl\u00fck bir tatil yapma imkan\u0131na kavu\u015facak.&#8221; 29 Mart\u2019ta ba\u015flayacak bayram tatili 9 g\u00fcn boyunca s\u00fcrecek ve 7 Nisan\u2019da yeniden i\u015fba\u015f\u0131 yap\u0131lacak. \u00a0 \u200bCumhurba\u015fkan\u0131 Recep Tayyip Erdo\u011fan, Ramazan Bayram\u0131\u2019nda tatil s\u00fcresinin kamuda 9 g\u00fcn oldu\u011funu duyurdu. \u0130\u015fte ayr\u0131nt\u0131lar&#8230;\u00a0 \u200bHaberin Al\u0131nt\u0131land\u0131\u011f\u0131 Kaynak: www.antalyakorfez.com","og_url":"http:\/\/denizcankizil.tr\/en\/haberler\/gundem\/ramazan-bayrami-tatili-9-gune-cikti\/","og_site_name":"Av. Deniz Can K\u0131z\u0131l","article_published_time":"2025-03-26T18:41:14+00:00","author":"Antalya K\u00f6rfez","twitter_card":"summary_large_image","twitter_misc":{"Written by":"Antalya K\u00f6rfez","Estimated reading time":"1 minute"},"schema":{"@context":"https:\/\/schema.org","@graph":[{"@type":"Article","@id":"http:\/\/denizcankizil.tr\/en\/haberler\/gundem\/ramazan-bayrami-tatili-9-gune-cikti\/#article","isPartOf":{"@id":"http:\/\/denizcankizil.tr\/en\/haberler\/gundem\/ramazan-bayrami-tatili-9-gune-cikti\/"},"author":{"name":"Antalya K\u00f6rfez","@id":"https:\/\/denizcankizil.tr\/de\/#\/schema\/person\/e1eb71bb4dd684d46563f0af307e1234"},"headline":"Ramazan Bayram\u0131 tatili 9 g\u00fcne \u00e7\u0131kt\u0131!","datePublished":"2025-03-26T18:41:14+00:00","mainEntityOfPage":{"@id":"http:\/\/denizcankizil.tr\/en\/haberler\/gundem\/ramazan-bayrami-tatili-9-gune-cikti\/"},"wordCount":231,"publisher":{"@id":"https:\/\/denizcankizil.tr\/de\/#organization"},"articleSection":["G\u00fcndem"],"inLanguage":"en-GB"},{"@type":"WebPage","@id":"http:\/\/denizcankizil.tr\/en\/haberler\/gundem\/ramazan-bayrami-tatili-9-gune-cikti\/","url":"http:\/\/denizcankizil.tr\/en\/haberler\/gundem\/ramazan-bayrami-tatili-9-gune-cikti\/","name":"Ramazan Bayram\u0131 tatili 9 g\u00fcne \u00e7\u0131kt\u0131! - Av. Deniz Can K\u0131z\u0131l","isPartOf":{"@id":"https:\/\/denizcankizil.tr\/de\/#website"},"datePublished":"2025-03-26T18:41:14+00:00","breadcrumb":{"@id":"http:\/\/denizcankizil.tr\/en\/haberler\/gundem\/ramazan-bayrami-tatili-9-gune-cikti\/#breadcrumb"},"inLanguage":"en-GB","potentialAction":[{"@type":"ReadAction","target":["http:\/\/denizcankizil.tr\/en\/haberler\/gundem\/ramazan-bayrami-tatili-9-gune-cikti\/"]}]},{"@type":"BreadcrumbList","@id":"http:\/\/denizcankizil.tr\/en\/haberler\/gundem\/ramazan-bayrami-tatili-9-gune-cikti\/#breadcrumb","itemListElement":[{"@type":"ListItem","position":1,"name":"Home","item":"https:\/\/denizcankizil.tr\/de\/"},{"@type":"ListItem","position":2,"name":"Ramazan Bayram\u0131 tatili 9 g\u00fcne \u00e7\u0131kt\u0131!"}]},{"@type":"WebSite","@id":"https:\/\/denizcankizil.tr\/de\/#website","url":"https:\/\/denizcankizil.tr\/de\/","name":"Av. Deniz Can K\u0131z\u0131l","description":"Avukat Deniz Can K\u0131z\u0131l Antalya Barosu","publisher":{"@id":"https:\/\/denizcankizil.tr\/de\/#organization"},"potentialAction":[{"@type":"SearchAction","target":{"@type":"EntryPoint","urlTemplate":"https:\/\/denizcankizil.tr\/de\/?s={search_term_string}"},"query-input":{"@type":"PropertyValueSpecification","valueRequired":true,"valueName":"search_term_string"}}],"inLanguage":"en-GB"},{"@type":"Organization","@id":"https:\/\/denizcankizil.tr\/de\/#organization","name":"Av. Deniz Can K\u0131z\u0131l","url":"https:\/\/denizcankizil.tr\/de\/","logo":{"@type":"ImageObject","inLanguage":"en-GB","@id":"https:\/\/denizcankizil.tr\/de\/#\/schema\/logo\/image\/","url":"http:\/\/denizcankizil.tr\/wp-content\/uploads\/2024\/10\/siyah-logo-svg.svg","contentUrl":"http:\/\/denizcankizil.tr\/wp-content\/uploads\/2024\/10\/siyah-logo-svg.svg","width":1080,"height":1080,"caption":"Av. Deniz Can K\u0131z\u0131l"},"image":{"@id":"https:\/\/denizcankizil.tr\/de\/#\/schema\/logo\/image\/"}},{"@type":"Person","@id":"https:\/\/denizcankizil.tr\/de\/#\/schema\/person\/e1eb71bb4dd684d46563f0af307e1234","name":"Antalya K\u00f6rfez","image":{"@type":"ImageObject","inLanguage":"en-GB","@id":"https:\/\/denizcankizil.tr\/de\/#\/schema\/person\/image\/","url":"https:\/\/secure.gravatar.com\/avatar\/42b01982558a48a0b501fdcab6a408d3717ea5919095ee2e67b0e521799c5905?s=96&d=mm&r=g","contentUrl":"https:\/\/secure.gravatar.com\/avatar\/42b01982558a48a0b501fdcab6a408d3717ea5919095ee2e67b0e521799c5905?s=96&d=mm&r=g","caption":"Antalya K\u00f6rfez"},"sameAs":["http:\/\/www.antalyakorfez.com"],"url":"https:\/\/www.antalyakorfez.com\/ramazan-bayrami-tatili-9-gune-cikti"}]}},"_links":{"self":[{"href":"http:\/\/denizcankizil.tr\/en\/wp-json\/wp\/v2\/posts\/37162","targetHints":{"allow":["GET"]}}],"collection":[{"href":"http:\/\/denizcankizil.tr\/en\/wp-json\/wp\/v2\/posts"}],"about":[{"href":"http:\/\/denizcankizil.tr\/en\/wp-json\/wp\/v2\/types\/post"}],"author":[{"embeddable":true,"href":"http:\/\/denizcankizil.tr\/en\/wp-json\/wp\/v2\/users\/5"}],"replies":[{"embeddable":true,"href":"http:\/\/denizcankizil.tr\/en\/wp-json\/wp\/v2\/comments?post=37162"}],"version-history":[{"count":0,"href":"http:\/\/denizcankizil.tr\/en\/wp-json\/wp\/v2\/posts\/37162\/revisions"}],"wp:attachment":[{"href":"http:\/\/denizcankizil.tr\/en\/wp-json\/wp\/v2\/media?parent=37162"}],"wp:term":[{"taxonomy":"category","embeddable":true,"href":"http:\/\/denizcankizil.tr\/en\/wp-json\/wp\/v2\/categories?post=37162"},{"taxonomy":"post_tag","embeddable":true,"href":"http:\/\/denizcankizil.tr\/en\/wp-json\/wp\/v2\/tags?post=37162"}],"curies":[{"name":"wp","href":"https:\/\/api.w.org\/{rel}","templated":true}]}}