{"id":37073,"date":"2025-03-26T10:42:03","date_gmt":"2025-03-26T07:42:03","guid":{"rendered":"https:\/\/denizcankizil.tr\/uncategorized-tr\/bin-aydan-daha-hayirli-kadir-gecemiz-mubarek-olsun\/"},"modified":"2025-03-26T10:42:03","modified_gmt":"2025-03-26T07:42:03","slug":"bin-aydan-daha-hayirli-kadir-gecemiz-mubarek-olsun","status":"publish","type":"post","link":"http:\/\/denizcankizil.tr\/en\/haberler\/gundem\/bin-aydan-daha-hayirli-kadir-gecemiz-mubarek-olsun\/","title":{"rendered":"Bin aydan daha hay\u0131rl\u0131&#8230; Kadir Gecemiz m\u00fcbarek olsun"},"content":{"rendered":"<p>Kadir Gecesi bug\u00fcn t\u00fcm d\u00fcnyada idrak ediliyor. Kur&#8217;an&#8217;\u0131 Kerim&#8217;de m\u00fcjdelenen Kadir Gecesi bin aydan daha hay\u0131rl\u0131 olarak nitelendirilmektedir.BURSA (\u0130GFA) &#8211; Ramazan Bayram\u0131&#8217;na geri say\u0131m ba\u015flam\u0131\u015fken M\u00fcsl\u00fcmanlar taraf\u0131ndan heyecanla beklenen Kadir Gecesi, 2025 Diyanet Takvimi&#8217;ne g\u00f6re 26 Mart \u00c7ar\u015famba g\u00fcn\u00fc idrak edilecek.<br \/>\nKAD\u0130R GECES\u0130 NED\u0130R?<br \/>\nKadir Gecesi, \u0130slam inanc\u0131na g\u00f6re Kur&#8217;an&#8217;\u0131n, Allah taraf\u0131ndan Cebrail arac\u0131l\u0131\u011f\u0131yla Hz. Muhammed (S.A.V.)&#8217;e vahyedilmeye ba\u015fland\u0131\u011f\u0131 gecedir. Kur&#8217;an&#8217;da bin aydan daha hay\u0131rl\u0131 oldu\u011fu vahyedilmi\u015ftir.<br \/>\nT\u00fcm \u0130slam D\u00fcnyas\u0131&#8217;nda ise Ramazan Ay\u0131&#8217;n\u0131n 27. gecesinin Kadir Gecesi oldu\u011fu y\u00f6n\u00fcndeki kuvvetli inan\u00e7 gere\u011fi inananlar genellikle Ramazan Ay\u0131&#8217;n\u0131n 27. gecesini Kadir Gecesi kabul edip buna g\u00f6re ibadet etmektedir. Takvimlerde ise bu inanca ba\u011fl\u0131 olarak Ramazan Ay\u0131&#8217;n\u0131n 27. gecesi Kadir Gecesi olarak yer almaktad\u0131r.<\/p>\n<p>KAD\u0130R GECES\u0130 \u00d6NEM\u0130 NED\u0130R?<br \/>\n\u00dc\u00e7 aylar\u0131n \u00fc\u00e7\u00fcnc\u00fcs\u00fc olan ramazan ay\u0131n\u0131n 27. Gecesi Kadir gecesi olarak i\u015faret edilse de Peygamber Efendimiz son on g\u00fcn\u00fcn tekli gecelerinde Kadir Gecesinin aranmas\u0131n\u0131 tavsiye etmi\u015fti.<br \/>\nAllah\u2019\u0131n peygamberler vas\u0131tas\u0131yla insanlara son hitab\u0131 ve niha\u00ee mesaj\u0131 olan Kur\u2019an\u2019\u0131 indirmesi insanl\u0131\u011f\u0131n hidayetinde bir d\u00f6n\u00fcm noktas\u0131 oldu\u011fu i\u00e7in bu olay\u0131n ger\u00e7ekle\u015fti\u011fi Kadir Gecesi \u00f6zel bir anlam ta\u015f\u0131r.<br \/>\nKadir suresinde bildirildi\u011fine g\u00f6re bu gecede Allah\u2019\u0131n izniyle melekler ve Cebr\u00e2il yery\u00fcz\u00fcne iner ve gece boyunca yery\u00fcz\u00fcne bar\u0131\u015f ve esenlik h\u00e2kim olur.<br \/>\nKadir gecesinin \u00f6nemine i\u015faret eden bir hadiste, \u00f6nceki \u00fcmmetlerin uzun \u00f6m\u00fcrl\u00fc olmalar\u0131 sebebiyle fazla sevap kazanma imk\u00e2n\u0131na sahip bulunmalar\u0131na kar\u015f\u0131l\u0131k M\u00fcsl\u00fcmanlara Kadir gecesinin verildi\u011fi belirtilir (el-Muva\u1e6d\u1e6da\u02be, \u0130\u02bftik\u00e2f, 15).,<br \/>\nKAD\u0130R GECES\u0130 NASIL DE\u011eERLEND\u0130R\u0130LMEL\u0130?<br \/>\nKadir gecesinin ibadetle de\u011ferlendirilmesi b\u00fcy\u00fck bir kazan\u00e7t\u0131r. \u00c7\u00fcnk\u00fc bu gecede yap\u0131lan ibadet bin ayda yap\u0131lan ibadetten daha hay\u0131rl\u0131d\u0131r.<br \/>\nBu geceye mahsus bir ibadet yoktur. Bu gecede yap\u0131lacak olan, Kur\u2019an okumak, namaz k\u0131lmak, dua etmek, g\u00fcnahlardan tevbe ve isti\u011ffar etmektir.<br \/>\n\u00dczerinde namaz borcu olan kimsenin bu gecede en az\u0131ndan bir g\u00fcnl\u00fck namaz kaza etmesi uygun olur. B\u00f6ylece hem borcunu \u00f6der hem de geceyi ihya etmi\u015f olur.<br \/>\nKaynak: Diyanet \u0130\u015fleri Ba\u015fkanl\u0131\u011f\u0131<\/p>\n<p>\u200bKadir Gecesi bug\u00fcn t\u00fcm d\u00fcnyada idrak ediliyor. Kur&#8217;an&#8217;\u0131 Kerim&#8217;de m\u00fcjdelenen Kadir Gecesi bin aydan daha hay\u0131rl\u0131 olarak nitelendirilmektedir.BURSA (\u0130GFA) &#8211; Ramazan Bayram\u0131&#8217;na geri say\u0131m ba\u015flam\u0131\u015fken M\u00fcsl\u00fcmanlar taraf\u0131ndan heyecanla beklenen Kadir Gecesi, 2025 Diyanet Takvimi&#8217;ne g\u00f6re 26 Mart \u00c7ar\u015famba g\u00fcn\u00fc idrak edilecek.<br \/>\nKAD\u0130R GECES\u0130 NED\u0130R?<br \/>\nKadir Gecesi, \u0130slam inanc\u0131na g\u00f6re Kur&#8217;an&#8217;\u0131n, Allah taraf\u0131ndan Cebrail arac\u0131l\u0131\u011f\u0131yla Hz. Muhammed (S.A.V.)&#8217;e vahyedilmeye ba\u015fland\u0131\u011f\u0131 gecedir. Kur&#8217;an&#8217;da bin aydan daha hay\u0131rl\u0131 oldu\u011fu vahyedilmi\u015ftir.<br \/>\nT\u00fcm \u0130slam D\u00fcnyas\u0131&#8217;nda ise Ramazan Ay\u0131&#8217;n\u0131n 27. gecesinin Kadir Gecesi oldu\u011fu y\u00f6n\u00fcndeki kuvvetli inan\u00e7 gere\u011fi inananlar genellikle Ramazan Ay\u0131&#8217;n\u0131n 27. gecesini Kadir Gecesi kabul edip buna g\u00f6re ibadet etmektedir. Takvimlerde ise bu inanca ba\u011fl\u0131 olarak Ramazan Ay\u0131&#8217;n\u0131n 27. gecesi Kadir Gecesi olarak yer almaktad\u0131r.<\/p>\n<p>KAD\u0130R GECES\u0130 \u00d6NEM\u0130 NED\u0130R?<br \/>\n\u00dc\u00e7 aylar\u0131n \u00fc\u00e7\u00fcnc\u00fcs\u00fc olan ramazan ay\u0131n\u0131n 27. Gecesi Kadir gecesi olarak i\u015faret edilse de Peygamber Efendimiz son on g\u00fcn\u00fcn tekli gecelerinde Kadir Gecesinin aranmas\u0131n\u0131 tavsiye etmi\u015fti.<br \/>\nAllah\u2019\u0131n peygamberler vas\u0131tas\u0131yla insanlara son hitab\u0131 ve niha\u00ee mesaj\u0131 olan Kur\u2019an\u2019\u0131 indirmesi insanl\u0131\u011f\u0131n hidayetinde bir d\u00f6n\u00fcm noktas\u0131 oldu\u011fu i\u00e7in bu olay\u0131n ger\u00e7ekle\u015fti\u011fi Kadir Gecesi \u00f6zel bir anlam ta\u015f\u0131r.<br \/>\nKadir suresinde bildirildi\u011fine g\u00f6re bu gecede Allah\u2019\u0131n izniyle melekler ve Cebr\u00e2il yery\u00fcz\u00fcne iner ve gece boyunca yery\u00fcz\u00fcne bar\u0131\u015f ve esenlik h\u00e2kim olur.<br \/>\nKadir gecesinin \u00f6nemine i\u015faret eden bir hadiste, \u00f6nceki \u00fcmmetlerin uzun \u00f6m\u00fcrl\u00fc olmalar\u0131 sebebiyle fazla sevap kazanma imk\u00e2n\u0131na sahip bulunmalar\u0131na kar\u015f\u0131l\u0131k M\u00fcsl\u00fcmanlara Kadir gecesinin verildi\u011fi belirtilir (el-Muva\u1e6d\u1e6da\u02be, \u0130\u02bftik\u00e2f, 15).,<br \/>\nKAD\u0130R GECES\u0130 NASIL DE\u011eERLEND\u0130R\u0130LMEL\u0130?<br \/>\nKadir gecesinin ibadetle de\u011ferlendirilmesi b\u00fcy\u00fck bir kazan\u00e7t\u0131r. \u00c7\u00fcnk\u00fc bu gecede yap\u0131lan ibadet bin ayda yap\u0131lan ibadetten daha hay\u0131rl\u0131d\u0131r.<br \/>\nBu geceye mahsus bir ibadet yoktur. Bu gecede yap\u0131lacak olan, Kur\u2019an okumak, namaz k\u0131lmak, dua etmek, g\u00fcnahlardan tevbe ve isti\u011ffar etmektir.<br \/>\n\u00dczerinde namaz borcu olan kimsenin bu gecede en az\u0131ndan bir g\u00fcnl\u00fck namaz kaza etmesi uygun olur. B\u00f6ylece hem borcunu \u00f6der hem de geceyi ihya etmi\u015f olur.<br \/>\nKaynak: Diyanet \u0130\u015fleri Ba\u015fkanl\u0131\u011f\u0131\u00a0<\/p>\n<p>\u200bHaberin Al\u0131nt\u0131land\u0131\u011f\u0131 Kaynak: www.iskenderun.org<\/p>","protected":false},"excerpt":{"rendered":"<p>Kadir Gecesi bug\u00fcn t\u00fcm d\u00fcnyada idrak ediliyor. Kur&#8217;an&#8217;\u0131 Kerim&#8217;de m\u00fcjdelenen Kadir Gecesi bin aydan daha hay\u0131rl\u0131 olarak nitelendirilmektedir.BURSA (\u0130GFA) &#8211; Ramazan Bayram\u0131&#8217;na geri say\u0131m ba\u015flam\u0131\u015fken M\u00fcsl\u00fcmanlar taraf\u0131ndan heyecanla beklenen Kadir Gecesi, 2025 Diyanet Takvimi&#8217;ne g\u00f6re 26 Mart \u00c7ar\u015famba g\u00fcn\u00fc idrak edilecek. KAD\u0130R GECES\u0130 NED\u0130R? Kadir Gecesi, \u0130slam inanc\u0131na g\u00f6re Kur&#8217;an&#8217;\u0131n, Allah taraf\u0131ndan Cebrail arac\u0131l\u0131\u011f\u0131yla Hz. Muhammed (S.A.V.)&#8217;e vahyedilmeye ba\u015fland\u0131\u011f\u0131 gecedir. Kur&#8217;an&#8217;da bin aydan daha hay\u0131rl\u0131 oldu\u011fu vahyedilmi\u015ftir. T\u00fcm \u0130slam D\u00fcnyas\u0131&#8217;nda ise Ramazan Ay\u0131&#8217;n\u0131n 27. gecesinin Kadir Gecesi oldu\u011fu y\u00f6n\u00fcndeki kuvvetli inan\u00e7 gere\u011fi inananlar genellikle Ramazan Ay\u0131&#8217;n\u0131n 27. gecesini Kadir Gecesi kabul edip buna g\u00f6re ibadet etmektedir. Takvimlerde ise bu inanca ba\u011fl\u0131 olarak Ramazan Ay\u0131&#8217;n\u0131n 27. gecesi Kadir Gecesi olarak yer almaktad\u0131r. KAD\u0130R GECES\u0130 \u00d6NEM\u0130 NED\u0130R? \u00dc\u00e7 aylar\u0131n \u00fc\u00e7\u00fcnc\u00fcs\u00fc olan ramazan ay\u0131n\u0131n 27. Gecesi Kadir gecesi olarak i\u015faret edilse de Peygamber Efendimiz son on g\u00fcn\u00fcn tekli gecelerinde Kadir Gecesinin aranmas\u0131n\u0131 tavsiye etmi\u015fti. Allah\u2019\u0131n peygamberler vas\u0131tas\u0131yla insanlara son hitab\u0131 ve niha\u00ee mesaj\u0131 olan Kur\u2019an\u2019\u0131 indirmesi insanl\u0131\u011f\u0131n hidayetinde bir d\u00f6n\u00fcm noktas\u0131 oldu\u011fu i\u00e7in bu olay\u0131n ger\u00e7ekle\u015fti\u011fi Kadir Gecesi \u00f6zel bir anlam ta\u015f\u0131r. Kadir suresinde bildirildi\u011fine g\u00f6re bu gecede Allah\u2019\u0131n izniyle melekler ve Cebr\u00e2il yery\u00fcz\u00fcne iner ve gece boyunca yery\u00fcz\u00fcne bar\u0131\u015f ve esenlik h\u00e2kim olur. Kadir gecesinin \u00f6nemine i\u015faret eden bir hadiste, \u00f6nceki \u00fcmmetlerin &hellip;<\/p>","protected":false},"author":1,"featured_media":0,"comment_status":"","ping_status":"open","sticky":false,"template":"","format":"standard","meta":{"_acf_changed":false,"footnotes":""},"categories":[24],"tags":[],"class_list":["post-37073","post","type-post","status-publish","format-standard","has-post-thumbnail","hentry","category-gundem"],"acf":[],"yoast_head":"<!-- This site is optimized with the Yoast SEO Premium plugin v26.6 (Yoast SEO v27.1.1) - https:\/\/yoast.com\/product\/yoast-seo-premium-wordpress\/ -->\n<title>Bin aydan daha hay\u0131rl\u0131... Kadir Gecemiz m\u00fcbarek olsun - Av. Deniz Can K\u0131z\u0131l<\/title>\n<meta name=\"robots\" content=\"index, follow, max-snippet:-1, max-image-preview:large, max-video-preview:-1\" \/>\n<link rel=\"canonical\" href=\"http:\/\/denizcankizil.tr\/en\/haberler\/gundem\/bin-aydan-daha-hayirli-kadir-gecemiz-mubarek-olsun\/\" \/>\n<meta property=\"og:locale\" content=\"en_GB\" \/>\n<meta property=\"og:type\" content=\"article\" \/>\n<meta property=\"og:title\" content=\"Bin aydan daha hay\u0131rl\u0131... Kadir Gecemiz m\u00fcbarek olsun\" \/>\n<meta property=\"og:description\" content=\"Kadir Gecesi bug\u00fcn t\u00fcm d\u00fcnyada idrak ediliyor. Kur&#8217;an&#8217;\u0131 Kerim&#8217;de m\u00fcjdelenen Kadir Gecesi bin aydan daha hay\u0131rl\u0131 olarak nitelendirilmektedir.BURSA (\u0130GFA) &#8211; Ramazan Bayram\u0131&#8217;na geri say\u0131m ba\u015flam\u0131\u015fken M\u00fcsl\u00fcmanlar taraf\u0131ndan heyecanla beklenen Kadir Gecesi, 2025 Diyanet Takvimi&#8217;ne g\u00f6re 26 Mart \u00c7ar\u015famba g\u00fcn\u00fc idrak edilecek. KAD\u0130R GECES\u0130 NED\u0130R? Kadir Gecesi, \u0130slam inanc\u0131na g\u00f6re Kur&#8217;an&#8217;\u0131n, Allah taraf\u0131ndan Cebrail arac\u0131l\u0131\u011f\u0131yla Hz. Muhammed (S.A.V.)&#8217;e vahyedilmeye ba\u015fland\u0131\u011f\u0131 gecedir. Kur&#8217;an&#8217;da bin aydan daha hay\u0131rl\u0131 oldu\u011fu vahyedilmi\u015ftir. T\u00fcm \u0130slam D\u00fcnyas\u0131&#8217;nda ise Ramazan Ay\u0131&#8217;n\u0131n 27. gecesinin Kadir Gecesi oldu\u011fu y\u00f6n\u00fcndeki kuvvetli inan\u00e7 gere\u011fi inananlar genellikle Ramazan Ay\u0131&#8217;n\u0131n 27. gecesini Kadir Gecesi kabul edip buna g\u00f6re ibadet etmektedir. Takvimlerde ise bu inanca ba\u011fl\u0131 olarak Ramazan Ay\u0131&#8217;n\u0131n 27. gecesi Kadir Gecesi olarak yer almaktad\u0131r. KAD\u0130R GECES\u0130 \u00d6NEM\u0130 NED\u0130R? \u00dc\u00e7 aylar\u0131n \u00fc\u00e7\u00fcnc\u00fcs\u00fc olan ramazan ay\u0131n\u0131n 27. Gecesi Kadir gecesi olarak i\u015faret edilse de Peygamber Efendimiz son on g\u00fcn\u00fcn tekli gecelerinde Kadir Gecesinin aranmas\u0131n\u0131 tavsiye etmi\u015fti. Allah\u2019\u0131n peygamberler vas\u0131tas\u0131yla insanlara son hitab\u0131 ve niha\u00ee mesaj\u0131 olan Kur\u2019an\u2019\u0131 indirmesi insanl\u0131\u011f\u0131n hidayetinde bir d\u00f6n\u00fcm noktas\u0131 oldu\u011fu i\u00e7in bu olay\u0131n ger\u00e7ekle\u015fti\u011fi Kadir Gecesi \u00f6zel bir anlam ta\u015f\u0131r. Kadir suresinde bildirildi\u011fine g\u00f6re bu gecede Allah\u2019\u0131n izniyle melekler ve Cebr\u00e2il yery\u00fcz\u00fcne iner ve gece boyunca yery\u00fcz\u00fcne bar\u0131\u015f ve esenlik h\u00e2kim olur. Kadir gecesinin \u00f6nemine i\u015faret eden bir hadiste, \u00f6nceki \u00fcmmetlerin &hellip;\" \/>\n<meta property=\"og:url\" content=\"http:\/\/denizcankizil.tr\/en\/haberler\/gundem\/bin-aydan-daha-hayirli-kadir-gecemiz-mubarek-olsun\/\" \/>\n<meta property=\"og:site_name\" content=\"Av. Deniz Can K\u0131z\u0131l\" \/>\n<meta property=\"article:published_time\" content=\"2025-03-26T07:42:03+00:00\" \/>\n<meta name=\"author\" content=\"admin\" \/>\n<meta name=\"twitter:card\" content=\"summary_large_image\" \/>\n<meta name=\"twitter:label1\" content=\"Written by\" \/>\n\t<meta name=\"twitter:data1\" content=\"admin\" \/>\n\t<meta name=\"twitter:label2\" content=\"Estimated reading time\" \/>\n\t<meta name=\"twitter:data2\" content=\"4 minutes\" \/>\n<script type=\"application\/ld+json\" class=\"yoast-schema-graph\">{\"@context\":\"https:\/\/schema.org\",\"@graph\":[{\"@type\":\"Article\",\"@id\":\"http:\/\/denizcankizil.tr\/en\/haberler\/gundem\/bin-aydan-daha-hayirli-kadir-gecemiz-mubarek-olsun\/#article\",\"isPartOf\":{\"@id\":\"http:\/\/denizcankizil.tr\/en\/haberler\/gundem\/bin-aydan-daha-hayirli-kadir-gecemiz-mubarek-olsun\/\"},\"author\":{\"name\":\"admin\",\"@id\":\"https:\/\/denizcankizil.tr\/de\/#\/schema\/person\/be3c05fe6a12686905512445d8185489\"},\"headline\":\"Bin aydan daha hay\u0131rl\u0131&#8230; Kadir Gecemiz m\u00fcbarek olsun\",\"datePublished\":\"2025-03-26T07:42:03+00:00\",\"mainEntityOfPage\":{\"@id\":\"http:\/\/denizcankizil.tr\/en\/haberler\/gundem\/bin-aydan-daha-hayirli-kadir-gecemiz-mubarek-olsun\/\"},\"wordCount\":832,\"publisher\":{\"@id\":\"https:\/\/denizcankizil.tr\/de\/#organization\"},\"articleSection\":[\"G\u00fcndem\"],\"inLanguage\":\"en-GB\"},{\"@type\":\"WebPage\",\"@id\":\"http:\/\/denizcankizil.tr\/en\/haberler\/gundem\/bin-aydan-daha-hayirli-kadir-gecemiz-mubarek-olsun\/\",\"url\":\"http:\/\/denizcankizil.tr\/en\/haberler\/gundem\/bin-aydan-daha-hayirli-kadir-gecemiz-mubarek-olsun\/\",\"name\":\"Bin aydan daha hay\u0131rl\u0131... Kadir Gecemiz m\u00fcbarek olsun - Av. Deniz Can K\u0131z\u0131l\",\"isPartOf\":{\"@id\":\"https:\/\/denizcankizil.tr\/de\/#website\"},\"datePublished\":\"2025-03-26T07:42:03+00:00\",\"breadcrumb\":{\"@id\":\"http:\/\/denizcankizil.tr\/en\/haberler\/gundem\/bin-aydan-daha-hayirli-kadir-gecemiz-mubarek-olsun\/#breadcrumb\"},\"inLanguage\":\"en-GB\",\"potentialAction\":[{\"@type\":\"ReadAction\",\"target\":[\"http:\/\/denizcankizil.tr\/en\/haberler\/gundem\/bin-aydan-daha-hayirli-kadir-gecemiz-mubarek-olsun\/\"]}]},{\"@type\":\"BreadcrumbList\",\"@id\":\"http:\/\/denizcankizil.tr\/en\/haberler\/gundem\/bin-aydan-daha-hayirli-kadir-gecemiz-mubarek-olsun\/#breadcrumb\",\"itemListElement\":[{\"@type\":\"ListItem\",\"position\":1,\"name\":\"Home\",\"item\":\"https:\/\/denizcankizil.tr\/de\/\"},{\"@type\":\"ListItem\",\"position\":2,\"name\":\"Bin aydan daha hay\u0131rl\u0131&#8230; Kadir Gecemiz m\u00fcbarek olsun\"}]},{\"@type\":\"WebSite\",\"@id\":\"https:\/\/denizcankizil.tr\/de\/#website\",\"url\":\"https:\/\/denizcankizil.tr\/de\/\",\"name\":\"Av. Deniz Can K\u0131z\u0131l\",\"description\":\"Avukat Deniz Can K\u0131z\u0131l Antalya Barosu\",\"publisher\":{\"@id\":\"https:\/\/denizcankizil.tr\/de\/#organization\"},\"potentialAction\":[{\"@type\":\"SearchAction\",\"target\":{\"@type\":\"EntryPoint\",\"urlTemplate\":\"https:\/\/denizcankizil.tr\/de\/?s={search_term_string}\"},\"query-input\":{\"@type\":\"PropertyValueSpecification\",\"valueRequired\":true,\"valueName\":\"search_term_string\"}}],\"inLanguage\":\"en-GB\"},{\"@type\":\"Organization\",\"@id\":\"https:\/\/denizcankizil.tr\/de\/#organization\",\"name\":\"Av. Deniz Can K\u0131z\u0131l\",\"url\":\"https:\/\/denizcankizil.tr\/de\/\",\"logo\":{\"@type\":\"ImageObject\",\"inLanguage\":\"en-GB\",\"@id\":\"https:\/\/denizcankizil.tr\/de\/#\/schema\/logo\/image\/\",\"url\":\"http:\/\/denizcankizil.tr\/wp-content\/uploads\/2024\/10\/siyah-logo-svg.svg\",\"contentUrl\":\"http:\/\/denizcankizil.tr\/wp-content\/uploads\/2024\/10\/siyah-logo-svg.svg\",\"width\":1080,\"height\":1080,\"caption\":\"Av. Deniz Can K\u0131z\u0131l\"},\"image\":{\"@id\":\"https:\/\/denizcankizil.tr\/de\/#\/schema\/logo\/image\/\"}},{\"@type\":\"Person\",\"@id\":\"https:\/\/denizcankizil.tr\/de\/#\/schema\/person\/be3c05fe6a12686905512445d8185489\",\"name\":\"admin\",\"image\":{\"@type\":\"ImageObject\",\"inLanguage\":\"en-GB\",\"@id\":\"https:\/\/denizcankizil.tr\/de\/#\/schema\/person\/image\/\",\"url\":\"https:\/\/secure.gravatar.com\/avatar\/c1fce94c830dc79107e174f890d7210541c4a63e8e5d816341794a2151c9d58c?s=96&d=mm&r=g\",\"contentUrl\":\"https:\/\/secure.gravatar.com\/avatar\/c1fce94c830dc79107e174f890d7210541c4a63e8e5d816341794a2151c9d58c?s=96&d=mm&r=g\",\"caption\":\"admin\"},\"sameAs\":[\"http:\/\/denizcankizil.tr\"],\"url\":\"https:\/\/www.iskenderun.org\/bin-aydan-daha-hayirli-kadir-gecemiz-mubarek-olsun\"}]}<\/script>\n<!-- \/ Yoast SEO Premium plugin. -->","yoast_head_json":{"title":"Bin aydan daha hay\u0131rl\u0131... Kadir Gecemiz m\u00fcbarek olsun - Av. Deniz Can K\u0131z\u0131l","robots":{"index":"index","follow":"follow","max-snippet":"max-snippet:-1","max-image-preview":"max-image-preview:large","max-video-preview":"max-video-preview:-1"},"canonical":"http:\/\/denizcankizil.tr\/en\/haberler\/gundem\/bin-aydan-daha-hayirli-kadir-gecemiz-mubarek-olsun\/","og_locale":"en_GB","og_type":"article","og_title":"Bin aydan daha hay\u0131rl\u0131... Kadir Gecemiz m\u00fcbarek olsun","og_description":"Kadir Gecesi bug\u00fcn t\u00fcm d\u00fcnyada idrak ediliyor. Kur&#8217;an&#8217;\u0131 Kerim&#8217;de m\u00fcjdelenen Kadir Gecesi bin aydan daha hay\u0131rl\u0131 olarak nitelendirilmektedir.BURSA (\u0130GFA) &#8211; Ramazan Bayram\u0131&#8217;na geri say\u0131m ba\u015flam\u0131\u015fken M\u00fcsl\u00fcmanlar taraf\u0131ndan heyecanla beklenen Kadir Gecesi, 2025 Diyanet Takvimi&#8217;ne g\u00f6re 26 Mart \u00c7ar\u015famba g\u00fcn\u00fc idrak edilecek. KAD\u0130R GECES\u0130 NED\u0130R? Kadir Gecesi, \u0130slam inanc\u0131na g\u00f6re Kur&#8217;an&#8217;\u0131n, Allah taraf\u0131ndan Cebrail arac\u0131l\u0131\u011f\u0131yla Hz. Muhammed (S.A.V.)&#8217;e vahyedilmeye ba\u015fland\u0131\u011f\u0131 gecedir. Kur&#8217;an&#8217;da bin aydan daha hay\u0131rl\u0131 oldu\u011fu vahyedilmi\u015ftir. T\u00fcm \u0130slam D\u00fcnyas\u0131&#8217;nda ise Ramazan Ay\u0131&#8217;n\u0131n 27. gecesinin Kadir Gecesi oldu\u011fu y\u00f6n\u00fcndeki kuvvetli inan\u00e7 gere\u011fi inananlar genellikle Ramazan Ay\u0131&#8217;n\u0131n 27. gecesini Kadir Gecesi kabul edip buna g\u00f6re ibadet etmektedir. Takvimlerde ise bu inanca ba\u011fl\u0131 olarak Ramazan Ay\u0131&#8217;n\u0131n 27. gecesi Kadir Gecesi olarak yer almaktad\u0131r. KAD\u0130R GECES\u0130 \u00d6NEM\u0130 NED\u0130R? \u00dc\u00e7 aylar\u0131n \u00fc\u00e7\u00fcnc\u00fcs\u00fc olan ramazan ay\u0131n\u0131n 27. Gecesi Kadir gecesi olarak i\u015faret edilse de Peygamber Efendimiz son on g\u00fcn\u00fcn tekli gecelerinde Kadir Gecesinin aranmas\u0131n\u0131 tavsiye etmi\u015fti. Allah\u2019\u0131n peygamberler vas\u0131tas\u0131yla insanlara son hitab\u0131 ve niha\u00ee mesaj\u0131 olan Kur\u2019an\u2019\u0131 indirmesi insanl\u0131\u011f\u0131n hidayetinde bir d\u00f6n\u00fcm noktas\u0131 oldu\u011fu i\u00e7in bu olay\u0131n ger\u00e7ekle\u015fti\u011fi Kadir Gecesi \u00f6zel bir anlam ta\u015f\u0131r. Kadir suresinde bildirildi\u011fine g\u00f6re bu gecede Allah\u2019\u0131n izniyle melekler ve Cebr\u00e2il yery\u00fcz\u00fcne iner ve gece boyunca yery\u00fcz\u00fcne bar\u0131\u015f ve esenlik h\u00e2kim olur. Kadir gecesinin \u00f6nemine i\u015faret eden bir hadiste, \u00f6nceki \u00fcmmetlerin &hellip;","og_url":"http:\/\/denizcankizil.tr\/en\/haberler\/gundem\/bin-aydan-daha-hayirli-kadir-gecemiz-mubarek-olsun\/","og_site_name":"Av. Deniz Can K\u0131z\u0131l","article_published_time":"2025-03-26T07:42:03+00:00","author":"admin","twitter_card":"summary_large_image","twitter_misc":{"Written by":"admin","Estimated reading time":"4 minutes"},"schema":{"@context":"https:\/\/schema.org","@graph":[{"@type":"Article","@id":"http:\/\/denizcankizil.tr\/en\/haberler\/gundem\/bin-aydan-daha-hayirli-kadir-gecemiz-mubarek-olsun\/#article","isPartOf":{"@id":"http:\/\/denizcankizil.tr\/en\/haberler\/gundem\/bin-aydan-daha-hayirli-kadir-gecemiz-mubarek-olsun\/"},"author":{"name":"admin","@id":"https:\/\/denizcankizil.tr\/de\/#\/schema\/person\/be3c05fe6a12686905512445d8185489"},"headline":"Bin aydan daha hay\u0131rl\u0131&#8230; Kadir Gecemiz m\u00fcbarek olsun","datePublished":"2025-03-26T07:42:03+00:00","mainEntityOfPage":{"@id":"http:\/\/denizcankizil.tr\/en\/haberler\/gundem\/bin-aydan-daha-hayirli-kadir-gecemiz-mubarek-olsun\/"},"wordCount":832,"publisher":{"@id":"https:\/\/denizcankizil.tr\/de\/#organization"},"articleSection":["G\u00fcndem"],"inLanguage":"en-GB"},{"@type":"WebPage","@id":"http:\/\/denizcankizil.tr\/en\/haberler\/gundem\/bin-aydan-daha-hayirli-kadir-gecemiz-mubarek-olsun\/","url":"http:\/\/denizcankizil.tr\/en\/haberler\/gundem\/bin-aydan-daha-hayirli-kadir-gecemiz-mubarek-olsun\/","name":"Bin aydan daha hay\u0131rl\u0131... Kadir Gecemiz m\u00fcbarek olsun - Av. Deniz Can K\u0131z\u0131l","isPartOf":{"@id":"https:\/\/denizcankizil.tr\/de\/#website"},"datePublished":"2025-03-26T07:42:03+00:00","breadcrumb":{"@id":"http:\/\/denizcankizil.tr\/en\/haberler\/gundem\/bin-aydan-daha-hayirli-kadir-gecemiz-mubarek-olsun\/#breadcrumb"},"inLanguage":"en-GB","potentialAction":[{"@type":"ReadAction","target":["http:\/\/denizcankizil.tr\/en\/haberler\/gundem\/bin-aydan-daha-hayirli-kadir-gecemiz-mubarek-olsun\/"]}]},{"@type":"BreadcrumbList","@id":"http:\/\/denizcankizil.tr\/en\/haberler\/gundem\/bin-aydan-daha-hayirli-kadir-gecemiz-mubarek-olsun\/#breadcrumb","itemListElement":[{"@type":"ListItem","position":1,"name":"Home","item":"https:\/\/denizcankizil.tr\/de\/"},{"@type":"ListItem","position":2,"name":"Bin aydan daha hay\u0131rl\u0131&#8230; Kadir Gecemiz m\u00fcbarek olsun"}]},{"@type":"WebSite","@id":"https:\/\/denizcankizil.tr\/de\/#website","url":"https:\/\/denizcankizil.tr\/de\/","name":"Av. Deniz Can K\u0131z\u0131l","description":"Avukat Deniz Can K\u0131z\u0131l Antalya Barosu","publisher":{"@id":"https:\/\/denizcankizil.tr\/de\/#organization"},"potentialAction":[{"@type":"SearchAction","target":{"@type":"EntryPoint","urlTemplate":"https:\/\/denizcankizil.tr\/de\/?s={search_term_string}"},"query-input":{"@type":"PropertyValueSpecification","valueRequired":true,"valueName":"search_term_string"}}],"inLanguage":"en-GB"},{"@type":"Organization","@id":"https:\/\/denizcankizil.tr\/de\/#organization","name":"Av. Deniz Can K\u0131z\u0131l","url":"https:\/\/denizcankizil.tr\/de\/","logo":{"@type":"ImageObject","inLanguage":"en-GB","@id":"https:\/\/denizcankizil.tr\/de\/#\/schema\/logo\/image\/","url":"http:\/\/denizcankizil.tr\/wp-content\/uploads\/2024\/10\/siyah-logo-svg.svg","contentUrl":"http:\/\/denizcankizil.tr\/wp-content\/uploads\/2024\/10\/siyah-logo-svg.svg","width":1080,"height":1080,"caption":"Av. Deniz Can K\u0131z\u0131l"},"image":{"@id":"https:\/\/denizcankizil.tr\/de\/#\/schema\/logo\/image\/"}},{"@type":"Person","@id":"https:\/\/denizcankizil.tr\/de\/#\/schema\/person\/be3c05fe6a12686905512445d8185489","name":"admin","image":{"@type":"ImageObject","inLanguage":"en-GB","@id":"https:\/\/denizcankizil.tr\/de\/#\/schema\/person\/image\/","url":"https:\/\/secure.gravatar.com\/avatar\/c1fce94c830dc79107e174f890d7210541c4a63e8e5d816341794a2151c9d58c?s=96&d=mm&r=g","contentUrl":"https:\/\/secure.gravatar.com\/avatar\/c1fce94c830dc79107e174f890d7210541c4a63e8e5d816341794a2151c9d58c?s=96&d=mm&r=g","caption":"admin"},"sameAs":["http:\/\/denizcankizil.tr"],"url":"https:\/\/www.iskenderun.org\/bin-aydan-daha-hayirli-kadir-gecemiz-mubarek-olsun"}]}},"_links":{"self":[{"href":"http:\/\/denizcankizil.tr\/en\/wp-json\/wp\/v2\/posts\/37073","targetHints":{"allow":["GET"]}}],"collection":[{"href":"http:\/\/denizcankizil.tr\/en\/wp-json\/wp\/v2\/posts"}],"about":[{"href":"http:\/\/denizcankizil.tr\/en\/wp-json\/wp\/v2\/types\/post"}],"author":[{"embeddable":true,"href":"http:\/\/denizcankizil.tr\/en\/wp-json\/wp\/v2\/users\/1"}],"replies":[{"embeddable":true,"href":"http:\/\/denizcankizil.tr\/en\/wp-json\/wp\/v2\/comments?post=37073"}],"version-history":[{"count":0,"href":"http:\/\/denizcankizil.tr\/en\/wp-json\/wp\/v2\/posts\/37073\/revisions"}],"wp:attachment":[{"href":"http:\/\/denizcankizil.tr\/en\/wp-json\/wp\/v2\/media?parent=37073"}],"wp:term":[{"taxonomy":"category","embeddable":true,"href":"http:\/\/denizcankizil.tr\/en\/wp-json\/wp\/v2\/categories?post=37073"},{"taxonomy":"post_tag","embeddable":true,"href":"http:\/\/denizcankizil.tr\/en\/wp-json\/wp\/v2\/tags?post=37073"}],"curies":[{"name":"wp","href":"https:\/\/api.w.org\/{rel}","templated":true}]}}