{"id":37002,"date":"2025-03-25T18:41:29","date_gmt":"2025-03-25T15:41:29","guid":{"rendered":"https:\/\/denizcankizil.tr\/uncategorized-tr\/yazar-halil-ibrahim-izgi-sukran-dukkani-ile-sakaryada\/"},"modified":"2025-03-25T18:41:29","modified_gmt":"2025-03-25T15:41:29","slug":"yazar-halil-ibrahim-izgi-sukran-dukkani-ile-sakaryada","status":"publish","type":"post","link":"http:\/\/denizcankizil.tr\/en\/haberler\/gundem\/yazar-halil-ibrahim-izgi-sukran-dukkani-ile-sakaryada\/","title":{"rendered":"Yazar Halil \u0130brahim \u0130zgi \u2018\u015e\u00fckran D\u00fckk\u00e2n\u0131\u2019 ile Sakarya\u2019da"},"content":{"rendered":"<p>Sakarya B\u00fcy\u00fck\u015fehir Ramazan k\u00fclt\u00fcr sanat etkinlikleri Yazar Halil \u0130brahim \u0130zgi\u2019nin minik kitapseverlerle bulu\u015ftu\u011fu \u201c\u015e\u00fckran D\u00fckk\u00e2n\u0131\u201d adl\u0131 s\u00f6yle\u015fiyle devam etti. \u00c7ocuklarla \u2018\u0130yilik Gazetesi\u2019 adl\u0131 at\u00f6lye ger\u00e7ekle\u015ftiren Yazar \u0130zgi, \u201cAmac\u0131m\u0131z, k\u0131ymetli \u00e7ocuklar\u0131m\u0131za de\u011ferlerimizi aktarmak ve iyili\u011fi birlikte yaymak. \u0130yilik, halka halka \u00e7evremize yay\u0131ld\u0131k\u00e7a g\u00fc\u00e7lenir\u201d dedi. S\u00f6yle\u015fide \u00e7ok anlaml\u0131 toplumsal mesajlar verildi.<br \/>\nSAKARYA (\u0130GFA) &#8211;\u00a0Sakarya B\u00fcy\u00fck\u015fehir Belediyesi, Ramazan K\u00fclt\u00fcr Takvimi kapsam\u0131nda birbirinden de\u011ferli organizasyonlara ev sahipli\u011fi yap\u0131yor.<br \/>\nMinik kitapseverlerle bulu\u015ftu<br \/>\n\u00c7ocuklar\u0131n birbirinden g\u00fczel etkinliklerde bulu\u015ftu\u011fu takvimin son etkinli\u011fi \u201c\u015e\u00fckran D\u00fckk\u00e2n\u0131\u201d s\u00f6yle\u015fi program\u0131, keyifli bir ak\u015fama sahne oldu.<br \/>\nFaik Baysal K\u00fct\u00fcphanesi\u2019nde ger\u00e7ekle\u015ftirilen s\u00f6yle\u015fiye konu\u015fmac\u0131 olarak \u201c\u015e\u00fckran D\u00fckk\u00e2n\u0131\u201d adl\u0131 kitab\u0131n Yazar\u0131 Halil \u0130brahim \u0130zgi kat\u0131ld\u0131.<br \/>\n\u015e\u00fckran D\u00fckkan\u0131\u2019n\u0131n hikayesi<br \/>\n\u00c7ok say\u0131da minik kitapseverlerin kat\u0131ld\u0131\u011f\u0131 s\u00f6yle\u015fide Yazar \u0130zgi, insanlara te\u015fekk\u00fcr etmeyi ve nezaketi hat\u0131rlatan hayali bir d\u00fckk\u00e2n \u2018\u015e\u00fckran D\u00fckkan\u0131\u2019n\u0131n yaz\u0131m s\u00fcrecini anlatt\u0131.<br \/>\nTe\u015fekk\u00fcr\u00fc ve nezaketi hat\u0131rlatan\u2026<br \/>\nHik\u00e2ye arac\u0131l\u0131\u011f\u0131yla \u00e7ocuklara iyili\u011fin ve \u015f\u00fckran duygusunun \u00f6nemini aktarmay\u0131 ama\u00e7lad\u0131\u011f\u0131n\u0131 dile getiren Yazar Halil \u0130brahim \u0130zgi, \u201c\u015e\u00fckran D\u00fckk\u00e2n\u0131, insanlara te\u015fekk\u00fcr etmeyi ve nezaketi hat\u0131rlatan hayali bir d\u00fckk\u00e2nd\u0131r. Be\u015f ku\u015fakt\u0131r ayn\u0131 aile taraf\u0131ndan i\u015fletilen bu d\u00fckk\u00e2n\u0131n sahibi Mayege, ilgiyi art\u0131rmak i\u00e7in yeni fikirler geli\u015ftirir. Bunlardan biri de iyilik haberlerini bir araya getiren \u0130yilik Gazetesi\u2019dir\u201d dedi.<br \/>\n\u00a0\u0130yilik Gazetesi<br \/>\nS\u00f6yle\u015finin ard\u0131ndan minik kitapseverlerin kat\u0131l\u0131m\u0131yla \u201c\u0130yilik Gazetesi\u201d isimli bir at\u00f6lye \u00e7al\u0131\u015fmas\u0131 ger\u00e7ekle\u015ftirildi. \u0130yilik haberlerinin bir araya getirilmesiyle g\u00fczel haberlerin daha h\u0131zl\u0131 yay\u0131labilece\u011fi fikrinden yola \u00e7\u0131k\u0131lan bu at\u00f6lyede minikler gazete haz\u0131rlad\u0131.<br \/>\n\u00a0\u0130yili\u011fi hep birlikte yaymal\u0131y\u0131z<br \/>\nProgram sonunda d\u00fc\u015f\u00fcncelerini payla\u015fan Halil \u0130brahim \u0130zgi, \u00e7ocuklar\u0131n ilgisinden duydu\u011fu memnuniyeti dile getirerek, \u201cAmac\u0131m\u0131z, k\u0131ymetli \u00e7ocuklar\u0131m\u0131za de\u011ferlerimizi aktarmak ve iyili\u011fi birlikte yaymak. \u0130yilik, halka halka \u00e7evremize yay\u0131ld\u0131k\u00e7a g\u00fc\u00e7lenir\u201d ifadelerini kulland\u0131.<br \/>\n\u00c7ocuklar\u0131n e\u011flence ve keyifle ge\u00e7irdi\u011fi ak\u015fam, hat\u0131ra foto\u011fraflar\u0131yla \u00f6l\u00fcms\u00fczle\u015ftirildi.<\/p>\n<p>\u200bSakarya B\u00fcy\u00fck\u015fehir Ramazan k\u00fclt\u00fcr sanat etkinlikleri Yazar Halil \u0130brahim \u0130zgi\u2019nin minik kitapseverlerle bulu\u015ftu\u011fu \u201c\u015e\u00fckran D\u00fckk\u00e2n\u0131\u201d adl\u0131 s\u00f6yle\u015fiyle devam etti. \u00c7ocuklarla \u2018\u0130yilik Gazetesi\u2019 adl\u0131 at\u00f6lye ger\u00e7ekle\u015ftiren Yazar \u0130zgi, \u201cAmac\u0131m\u0131z, k\u0131ymetli \u00e7ocuklar\u0131m\u0131za de\u011ferlerimizi aktarmak ve iyili\u011fi birlikte yaymak. \u0130yilik, halka halka \u00e7evremize yay\u0131ld\u0131k\u00e7a g\u00fc\u00e7lenir\u201d dedi. S\u00f6yle\u015fide \u00e7ok anlaml\u0131 toplumsal mesajlar verildi.<br \/>\nSAKARYA (\u0130GFA) &#8211;\u00a0Sakarya B\u00fcy\u00fck\u015fehir Belediyesi, Ramazan K\u00fclt\u00fcr Takvimi kapsam\u0131nda birbirinden de\u011ferli organizasyonlara ev sahipli\u011fi yap\u0131yor.<br \/>\nMinik kitapseverlerle bulu\u015ftu<br \/>\n\u00c7ocuklar\u0131n birbirinden g\u00fczel etkinliklerde bulu\u015ftu\u011fu takvimin son etkinli\u011fi \u201c\u015e\u00fckran D\u00fckk\u00e2n\u0131\u201d s\u00f6yle\u015fi program\u0131, keyifli bir ak\u015fama sahne oldu.<br \/>\nFaik Baysal K\u00fct\u00fcphanesi\u2019nde ger\u00e7ekle\u015ftirilen s\u00f6yle\u015fiye konu\u015fmac\u0131 olarak \u201c\u015e\u00fckran D\u00fckk\u00e2n\u0131\u201d adl\u0131 kitab\u0131n Yazar\u0131 Halil \u0130brahim \u0130zgi kat\u0131ld\u0131.<br \/>\n\u015e\u00fckran D\u00fckkan\u0131\u2019n\u0131n hikayesi<br \/>\n\u00c7ok say\u0131da minik kitapseverlerin kat\u0131ld\u0131\u011f\u0131 s\u00f6yle\u015fide Yazar \u0130zgi, insanlara te\u015fekk\u00fcr etmeyi ve nezaketi hat\u0131rlatan hayali bir d\u00fckk\u00e2n \u2018\u015e\u00fckran D\u00fckkan\u0131\u2019n\u0131n yaz\u0131m s\u00fcrecini anlatt\u0131.<br \/>\nTe\u015fekk\u00fcr\u00fc ve nezaketi hat\u0131rlatan\u2026<br \/>\nHik\u00e2ye arac\u0131l\u0131\u011f\u0131yla \u00e7ocuklara iyili\u011fin ve \u015f\u00fckran duygusunun \u00f6nemini aktarmay\u0131 ama\u00e7lad\u0131\u011f\u0131n\u0131 dile getiren Yazar Halil \u0130brahim \u0130zgi, \u201c\u015e\u00fckran D\u00fckk\u00e2n\u0131, insanlara te\u015fekk\u00fcr etmeyi ve nezaketi hat\u0131rlatan hayali bir d\u00fckk\u00e2nd\u0131r. Be\u015f ku\u015fakt\u0131r ayn\u0131 aile taraf\u0131ndan i\u015fletilen bu d\u00fckk\u00e2n\u0131n sahibi Mayege, ilgiyi art\u0131rmak i\u00e7in yeni fikirler geli\u015ftirir. Bunlardan biri de iyilik haberlerini bir araya getiren \u0130yilik Gazetesi\u2019dir\u201d dedi.<br \/>\n\u00a0\u0130yilik Gazetesi<br \/>\nS\u00f6yle\u015finin ard\u0131ndan minik kitapseverlerin kat\u0131l\u0131m\u0131yla \u201c\u0130yilik Gazetesi\u201d isimli bir at\u00f6lye \u00e7al\u0131\u015fmas\u0131 ger\u00e7ekle\u015ftirildi. \u0130yilik haberlerinin bir araya getirilmesiyle g\u00fczel haberlerin daha h\u0131zl\u0131 yay\u0131labilece\u011fi fikrinden yola \u00e7\u0131k\u0131lan bu at\u00f6lyede minikler gazete haz\u0131rlad\u0131.<br \/>\n\u00a0\u0130yili\u011fi hep birlikte yaymal\u0131y\u0131z<br \/>\nProgram sonunda d\u00fc\u015f\u00fcncelerini payla\u015fan Halil \u0130brahim \u0130zgi, \u00e7ocuklar\u0131n ilgisinden duydu\u011fu memnuniyeti dile getirerek, \u201cAmac\u0131m\u0131z, k\u0131ymetli \u00e7ocuklar\u0131m\u0131za de\u011ferlerimizi aktarmak ve iyili\u011fi birlikte yaymak. \u0130yilik, halka halka \u00e7evremize yay\u0131ld\u0131k\u00e7a g\u00fc\u00e7lenir\u201d ifadelerini kulland\u0131.<br \/>\n\u00c7ocuklar\u0131n e\u011flence ve keyifle ge\u00e7irdi\u011fi ak\u015fam, hat\u0131ra foto\u011fraflar\u0131yla \u00f6l\u00fcms\u00fczle\u015ftirildi.\u00a0<\/p>\n<p>\u200bHaberin Al\u0131nt\u0131land\u0131\u011f\u0131 Kaynak: www.iskenderun.org<\/p>","protected":false},"excerpt":{"rendered":"<p>Sakarya B\u00fcy\u00fck\u015fehir Ramazan k\u00fclt\u00fcr sanat etkinlikleri Yazar Halil \u0130brahim \u0130zgi\u2019nin minik kitapseverlerle bulu\u015ftu\u011fu \u201c\u015e\u00fckran D\u00fckk\u00e2n\u0131\u201d adl\u0131 s\u00f6yle\u015fiyle devam etti. \u00c7ocuklarla \u2018\u0130yilik Gazetesi\u2019 adl\u0131 at\u00f6lye ger\u00e7ekle\u015ftiren Yazar \u0130zgi, \u201cAmac\u0131m\u0131z, k\u0131ymetli \u00e7ocuklar\u0131m\u0131za de\u011ferlerimizi aktarmak ve iyili\u011fi birlikte yaymak. \u0130yilik, halka halka \u00e7evremize yay\u0131ld\u0131k\u00e7a g\u00fc\u00e7lenir\u201d dedi. S\u00f6yle\u015fide \u00e7ok anlaml\u0131 toplumsal mesajlar verildi. SAKARYA (\u0130GFA) &#8211;\u00a0Sakarya B\u00fcy\u00fck\u015fehir Belediyesi, Ramazan K\u00fclt\u00fcr Takvimi kapsam\u0131nda birbirinden de\u011ferli organizasyonlara ev sahipli\u011fi yap\u0131yor. Minik kitapseverlerle bulu\u015ftu \u00c7ocuklar\u0131n birbirinden g\u00fczel etkinliklerde bulu\u015ftu\u011fu takvimin son etkinli\u011fi \u201c\u015e\u00fckran D\u00fckk\u00e2n\u0131\u201d s\u00f6yle\u015fi program\u0131, keyifli bir ak\u015fama sahne oldu. Faik Baysal K\u00fct\u00fcphanesi\u2019nde ger\u00e7ekle\u015ftirilen s\u00f6yle\u015fiye konu\u015fmac\u0131 olarak \u201c\u015e\u00fckran D\u00fckk\u00e2n\u0131\u201d adl\u0131 kitab\u0131n Yazar\u0131 Halil \u0130brahim \u0130zgi kat\u0131ld\u0131. \u015e\u00fckran D\u00fckkan\u0131\u2019n\u0131n hikayesi \u00c7ok say\u0131da minik kitapseverlerin kat\u0131ld\u0131\u011f\u0131 s\u00f6yle\u015fide Yazar \u0130zgi, insanlara te\u015fekk\u00fcr etmeyi ve nezaketi hat\u0131rlatan hayali bir d\u00fckk\u00e2n \u2018\u015e\u00fckran D\u00fckkan\u0131\u2019n\u0131n yaz\u0131m s\u00fcrecini anlatt\u0131. Te\u015fekk\u00fcr\u00fc ve nezaketi hat\u0131rlatan\u2026 Hik\u00e2ye arac\u0131l\u0131\u011f\u0131yla \u00e7ocuklara iyili\u011fin ve \u015f\u00fckran duygusunun \u00f6nemini aktarmay\u0131 ama\u00e7lad\u0131\u011f\u0131n\u0131 dile getiren Yazar Halil \u0130brahim \u0130zgi, \u201c\u015e\u00fckran D\u00fckk\u00e2n\u0131, insanlara te\u015fekk\u00fcr etmeyi ve nezaketi hat\u0131rlatan hayali bir d\u00fckk\u00e2nd\u0131r. Be\u015f ku\u015fakt\u0131r ayn\u0131 aile taraf\u0131ndan i\u015fletilen bu d\u00fckk\u00e2n\u0131n sahibi Mayege, ilgiyi art\u0131rmak i\u00e7in yeni fikirler geli\u015ftirir. Bunlardan biri de iyilik haberlerini bir araya getiren \u0130yilik Gazetesi\u2019dir\u201d dedi. \u00a0\u0130yilik Gazetesi S\u00f6yle\u015finin ard\u0131ndan minik kitapseverlerin kat\u0131l\u0131m\u0131yla \u201c\u0130yilik Gazetesi\u201d isimli bir at\u00f6lye \u00e7al\u0131\u015fmas\u0131 ger\u00e7ekle\u015ftirildi. \u0130yilik haberlerinin bir &hellip;<\/p>","protected":false},"author":1,"featured_media":0,"comment_status":"","ping_status":"open","sticky":false,"template":"","format":"standard","meta":{"_acf_changed":false,"footnotes":""},"categories":[24],"tags":[],"class_list":["post-37002","post","type-post","status-publish","format-standard","has-post-thumbnail","hentry","category-gundem"],"acf":[],"yoast_head":"<!-- This site is optimized with the Yoast SEO Premium plugin v26.6 (Yoast SEO v27.1.1) - https:\/\/yoast.com\/product\/yoast-seo-premium-wordpress\/ -->\n<title>Yazar Halil \u0130brahim \u0130zgi \u2018\u015e\u00fckran D\u00fckk\u00e2n\u0131\u2019 ile Sakarya\u2019da - Av. Deniz Can K\u0131z\u0131l<\/title>\n<meta name=\"robots\" content=\"index, follow, max-snippet:-1, max-image-preview:large, max-video-preview:-1\" \/>\n<link rel=\"canonical\" href=\"http:\/\/denizcankizil.tr\/en\/haberler\/gundem\/yazar-halil-ibrahim-izgi-sukran-dukkani-ile-sakaryada\/\" \/>\n<meta property=\"og:locale\" content=\"en_GB\" \/>\n<meta property=\"og:type\" content=\"article\" \/>\n<meta property=\"og:title\" content=\"Yazar Halil \u0130brahim \u0130zgi \u2018\u015e\u00fckran D\u00fckk\u00e2n\u0131\u2019 ile Sakarya\u2019da\" \/>\n<meta property=\"og:description\" content=\"Sakarya B\u00fcy\u00fck\u015fehir Ramazan k\u00fclt\u00fcr sanat etkinlikleri Yazar Halil \u0130brahim \u0130zgi\u2019nin minik kitapseverlerle bulu\u015ftu\u011fu \u201c\u015e\u00fckran D\u00fckk\u00e2n\u0131\u201d adl\u0131 s\u00f6yle\u015fiyle devam etti. \u00c7ocuklarla \u2018\u0130yilik Gazetesi\u2019 adl\u0131 at\u00f6lye ger\u00e7ekle\u015ftiren Yazar \u0130zgi, \u201cAmac\u0131m\u0131z, k\u0131ymetli \u00e7ocuklar\u0131m\u0131za de\u011ferlerimizi aktarmak ve iyili\u011fi birlikte yaymak. \u0130yilik, halka halka \u00e7evremize yay\u0131ld\u0131k\u00e7a g\u00fc\u00e7lenir\u201d dedi. S\u00f6yle\u015fide \u00e7ok anlaml\u0131 toplumsal mesajlar verildi. SAKARYA (\u0130GFA) &#8211;\u00a0Sakarya B\u00fcy\u00fck\u015fehir Belediyesi, Ramazan K\u00fclt\u00fcr Takvimi kapsam\u0131nda birbirinden de\u011ferli organizasyonlara ev sahipli\u011fi yap\u0131yor. Minik kitapseverlerle bulu\u015ftu \u00c7ocuklar\u0131n birbirinden g\u00fczel etkinliklerde bulu\u015ftu\u011fu takvimin son etkinli\u011fi \u201c\u015e\u00fckran D\u00fckk\u00e2n\u0131\u201d s\u00f6yle\u015fi program\u0131, keyifli bir ak\u015fama sahne oldu. Faik Baysal K\u00fct\u00fcphanesi\u2019nde ger\u00e7ekle\u015ftirilen s\u00f6yle\u015fiye konu\u015fmac\u0131 olarak \u201c\u015e\u00fckran D\u00fckk\u00e2n\u0131\u201d adl\u0131 kitab\u0131n Yazar\u0131 Halil \u0130brahim \u0130zgi kat\u0131ld\u0131. \u015e\u00fckran D\u00fckkan\u0131\u2019n\u0131n hikayesi \u00c7ok say\u0131da minik kitapseverlerin kat\u0131ld\u0131\u011f\u0131 s\u00f6yle\u015fide Yazar \u0130zgi, insanlara te\u015fekk\u00fcr etmeyi ve nezaketi hat\u0131rlatan hayali bir d\u00fckk\u00e2n \u2018\u015e\u00fckran D\u00fckkan\u0131\u2019n\u0131n yaz\u0131m s\u00fcrecini anlatt\u0131. Te\u015fekk\u00fcr\u00fc ve nezaketi hat\u0131rlatan\u2026 Hik\u00e2ye arac\u0131l\u0131\u011f\u0131yla \u00e7ocuklara iyili\u011fin ve \u015f\u00fckran duygusunun \u00f6nemini aktarmay\u0131 ama\u00e7lad\u0131\u011f\u0131n\u0131 dile getiren Yazar Halil \u0130brahim \u0130zgi, \u201c\u015e\u00fckran D\u00fckk\u00e2n\u0131, insanlara te\u015fekk\u00fcr etmeyi ve nezaketi hat\u0131rlatan hayali bir d\u00fckk\u00e2nd\u0131r. Be\u015f ku\u015fakt\u0131r ayn\u0131 aile taraf\u0131ndan i\u015fletilen bu d\u00fckk\u00e2n\u0131n sahibi Mayege, ilgiyi art\u0131rmak i\u00e7in yeni fikirler geli\u015ftirir. Bunlardan biri de iyilik haberlerini bir araya getiren \u0130yilik Gazetesi\u2019dir\u201d dedi. \u00a0\u0130yilik Gazetesi S\u00f6yle\u015finin ard\u0131ndan minik kitapseverlerin kat\u0131l\u0131m\u0131yla \u201c\u0130yilik Gazetesi\u201d isimli bir at\u00f6lye \u00e7al\u0131\u015fmas\u0131 ger\u00e7ekle\u015ftirildi. \u0130yilik haberlerinin bir &hellip;\" \/>\n<meta property=\"og:url\" content=\"http:\/\/denizcankizil.tr\/en\/haberler\/gundem\/yazar-halil-ibrahim-izgi-sukran-dukkani-ile-sakaryada\/\" \/>\n<meta property=\"og:site_name\" content=\"Av. Deniz Can K\u0131z\u0131l\" \/>\n<meta property=\"article:published_time\" content=\"2025-03-25T15:41:29+00:00\" \/>\n<meta name=\"author\" content=\"admin\" \/>\n<meta name=\"twitter:card\" content=\"summary_large_image\" \/>\n<meta name=\"twitter:label1\" content=\"Written by\" \/>\n\t<meta name=\"twitter:data1\" content=\"admin\" \/>\n\t<meta name=\"twitter:label2\" content=\"Estimated reading time\" \/>\n\t<meta name=\"twitter:data2\" content=\"4 minutes\" \/>\n<script type=\"application\/ld+json\" class=\"yoast-schema-graph\">{\"@context\":\"https:\/\/schema.org\",\"@graph\":[{\"@type\":\"Article\",\"@id\":\"http:\/\/denizcankizil.tr\/en\/haberler\/gundem\/yazar-halil-ibrahim-izgi-sukran-dukkani-ile-sakaryada\/#article\",\"isPartOf\":{\"@id\":\"http:\/\/denizcankizil.tr\/en\/haberler\/gundem\/yazar-halil-ibrahim-izgi-sukran-dukkani-ile-sakaryada\/\"},\"author\":{\"name\":\"admin\",\"@id\":\"https:\/\/denizcankizil.tr\/#\/schema\/person\/be3c05fe6a12686905512445d8185489\"},\"headline\":\"Yazar Halil \u0130brahim \u0130zgi \u2018\u015e\u00fckran D\u00fckk\u00e2n\u0131\u2019 ile Sakarya\u2019da\",\"datePublished\":\"2025-03-25T15:41:29+00:00\",\"mainEntityOfPage\":{\"@id\":\"http:\/\/denizcankizil.tr\/en\/haberler\/gundem\/yazar-halil-ibrahim-izgi-sukran-dukkani-ile-sakaryada\/\"},\"wordCount\":839,\"publisher\":{\"@id\":\"https:\/\/denizcankizil.tr\/#organization\"},\"articleSection\":[\"G\u00fcndem\"],\"inLanguage\":\"en-GB\"},{\"@type\":\"WebPage\",\"@id\":\"http:\/\/denizcankizil.tr\/en\/haberler\/gundem\/yazar-halil-ibrahim-izgi-sukran-dukkani-ile-sakaryada\/\",\"url\":\"http:\/\/denizcankizil.tr\/en\/haberler\/gundem\/yazar-halil-ibrahim-izgi-sukran-dukkani-ile-sakaryada\/\",\"name\":\"Yazar Halil \u0130brahim \u0130zgi \u2018\u015e\u00fckran D\u00fckk\u00e2n\u0131\u2019 ile Sakarya\u2019da - Av. Deniz Can K\u0131z\u0131l\",\"isPartOf\":{\"@id\":\"https:\/\/denizcankizil.tr\/#website\"},\"datePublished\":\"2025-03-25T15:41:29+00:00\",\"breadcrumb\":{\"@id\":\"http:\/\/denizcankizil.tr\/en\/haberler\/gundem\/yazar-halil-ibrahim-izgi-sukran-dukkani-ile-sakaryada\/#breadcrumb\"},\"inLanguage\":\"en-GB\",\"potentialAction\":[{\"@type\":\"ReadAction\",\"target\":[\"http:\/\/denizcankizil.tr\/en\/haberler\/gundem\/yazar-halil-ibrahim-izgi-sukran-dukkani-ile-sakaryada\/\"]}]},{\"@type\":\"BreadcrumbList\",\"@id\":\"http:\/\/denizcankizil.tr\/en\/haberler\/gundem\/yazar-halil-ibrahim-izgi-sukran-dukkani-ile-sakaryada\/#breadcrumb\",\"itemListElement\":[{\"@type\":\"ListItem\",\"position\":1,\"name\":\"Home\",\"item\":\"https:\/\/denizcankizil.tr\/de\/\"},{\"@type\":\"ListItem\",\"position\":2,\"name\":\"Yazar Halil \u0130brahim \u0130zgi \u2018\u015e\u00fckran D\u00fckk\u00e2n\u0131\u2019 ile Sakarya\u2019da\"}]},{\"@type\":\"WebSite\",\"@id\":\"https:\/\/denizcankizil.tr\/#website\",\"url\":\"https:\/\/denizcankizil.tr\/\",\"name\":\"Av. Deniz Can K\u0131z\u0131l\",\"description\":\"Avukat Deniz Can K\u0131z\u0131l Antalya Barosu\",\"publisher\":{\"@id\":\"https:\/\/denizcankizil.tr\/#organization\"},\"potentialAction\":[{\"@type\":\"SearchAction\",\"target\":{\"@type\":\"EntryPoint\",\"urlTemplate\":\"https:\/\/denizcankizil.tr\/?s={search_term_string}\"},\"query-input\":{\"@type\":\"PropertyValueSpecification\",\"valueRequired\":true,\"valueName\":\"search_term_string\"}}],\"inLanguage\":\"en-GB\"},{\"@type\":\"Organization\",\"@id\":\"https:\/\/denizcankizil.tr\/#organization\",\"name\":\"Av. Deniz Can K\u0131z\u0131l\",\"url\":\"https:\/\/denizcankizil.tr\/\",\"logo\":{\"@type\":\"ImageObject\",\"inLanguage\":\"en-GB\",\"@id\":\"https:\/\/denizcankizil.tr\/#\/schema\/logo\/image\/\",\"url\":\"http:\/\/denizcankizil.tr\/wp-content\/uploads\/2024\/10\/siyah-logo-svg.svg\",\"contentUrl\":\"http:\/\/denizcankizil.tr\/wp-content\/uploads\/2024\/10\/siyah-logo-svg.svg\",\"width\":1080,\"height\":1080,\"caption\":\"Av. Deniz Can K\u0131z\u0131l\"},\"image\":{\"@id\":\"https:\/\/denizcankizil.tr\/#\/schema\/logo\/image\/\"}},{\"@type\":\"Person\",\"@id\":\"https:\/\/denizcankizil.tr\/#\/schema\/person\/be3c05fe6a12686905512445d8185489\",\"name\":\"admin\",\"image\":{\"@type\":\"ImageObject\",\"inLanguage\":\"en-GB\",\"@id\":\"https:\/\/denizcankizil.tr\/#\/schema\/person\/image\/\",\"url\":\"https:\/\/secure.gravatar.com\/avatar\/c1fce94c830dc79107e174f890d7210541c4a63e8e5d816341794a2151c9d58c?s=96&d=mm&r=g\",\"contentUrl\":\"https:\/\/secure.gravatar.com\/avatar\/c1fce94c830dc79107e174f890d7210541c4a63e8e5d816341794a2151c9d58c?s=96&d=mm&r=g\",\"caption\":\"admin\"},\"sameAs\":[\"http:\/\/denizcankizil.tr\"],\"url\":\"https:\/\/www.iskenderun.org\/yazar-halil-ibrahim-izgi-sukran-dukkani-ile-sakaryada\"}]}<\/script>\n<!-- \/ Yoast SEO Premium plugin. -->","yoast_head_json":{"title":"Yazar Halil \u0130brahim \u0130zgi \u2018\u015e\u00fckran D\u00fckk\u00e2n\u0131\u2019 ile Sakarya\u2019da - Av. Deniz Can K\u0131z\u0131l","robots":{"index":"index","follow":"follow","max-snippet":"max-snippet:-1","max-image-preview":"max-image-preview:large","max-video-preview":"max-video-preview:-1"},"canonical":"http:\/\/denizcankizil.tr\/en\/haberler\/gundem\/yazar-halil-ibrahim-izgi-sukran-dukkani-ile-sakaryada\/","og_locale":"en_GB","og_type":"article","og_title":"Yazar Halil \u0130brahim \u0130zgi \u2018\u015e\u00fckran D\u00fckk\u00e2n\u0131\u2019 ile Sakarya\u2019da","og_description":"Sakarya B\u00fcy\u00fck\u015fehir Ramazan k\u00fclt\u00fcr sanat etkinlikleri Yazar Halil \u0130brahim \u0130zgi\u2019nin minik kitapseverlerle bulu\u015ftu\u011fu \u201c\u015e\u00fckran D\u00fckk\u00e2n\u0131\u201d adl\u0131 s\u00f6yle\u015fiyle devam etti. \u00c7ocuklarla \u2018\u0130yilik Gazetesi\u2019 adl\u0131 at\u00f6lye ger\u00e7ekle\u015ftiren Yazar \u0130zgi, \u201cAmac\u0131m\u0131z, k\u0131ymetli \u00e7ocuklar\u0131m\u0131za de\u011ferlerimizi aktarmak ve iyili\u011fi birlikte yaymak. \u0130yilik, halka halka \u00e7evremize yay\u0131ld\u0131k\u00e7a g\u00fc\u00e7lenir\u201d dedi. S\u00f6yle\u015fide \u00e7ok anlaml\u0131 toplumsal mesajlar verildi. SAKARYA (\u0130GFA) &#8211;\u00a0Sakarya B\u00fcy\u00fck\u015fehir Belediyesi, Ramazan K\u00fclt\u00fcr Takvimi kapsam\u0131nda birbirinden de\u011ferli organizasyonlara ev sahipli\u011fi yap\u0131yor. Minik kitapseverlerle bulu\u015ftu \u00c7ocuklar\u0131n birbirinden g\u00fczel etkinliklerde bulu\u015ftu\u011fu takvimin son etkinli\u011fi \u201c\u015e\u00fckran D\u00fckk\u00e2n\u0131\u201d s\u00f6yle\u015fi program\u0131, keyifli bir ak\u015fama sahne oldu. Faik Baysal K\u00fct\u00fcphanesi\u2019nde ger\u00e7ekle\u015ftirilen s\u00f6yle\u015fiye konu\u015fmac\u0131 olarak \u201c\u015e\u00fckran D\u00fckk\u00e2n\u0131\u201d adl\u0131 kitab\u0131n Yazar\u0131 Halil \u0130brahim \u0130zgi kat\u0131ld\u0131. \u015e\u00fckran D\u00fckkan\u0131\u2019n\u0131n hikayesi \u00c7ok say\u0131da minik kitapseverlerin kat\u0131ld\u0131\u011f\u0131 s\u00f6yle\u015fide Yazar \u0130zgi, insanlara te\u015fekk\u00fcr etmeyi ve nezaketi hat\u0131rlatan hayali bir d\u00fckk\u00e2n \u2018\u015e\u00fckran D\u00fckkan\u0131\u2019n\u0131n yaz\u0131m s\u00fcrecini anlatt\u0131. Te\u015fekk\u00fcr\u00fc ve nezaketi hat\u0131rlatan\u2026 Hik\u00e2ye arac\u0131l\u0131\u011f\u0131yla \u00e7ocuklara iyili\u011fin ve \u015f\u00fckran duygusunun \u00f6nemini aktarmay\u0131 ama\u00e7lad\u0131\u011f\u0131n\u0131 dile getiren Yazar Halil \u0130brahim \u0130zgi, \u201c\u015e\u00fckran D\u00fckk\u00e2n\u0131, insanlara te\u015fekk\u00fcr etmeyi ve nezaketi hat\u0131rlatan hayali bir d\u00fckk\u00e2nd\u0131r. Be\u015f ku\u015fakt\u0131r ayn\u0131 aile taraf\u0131ndan i\u015fletilen bu d\u00fckk\u00e2n\u0131n sahibi Mayege, ilgiyi art\u0131rmak i\u00e7in yeni fikirler geli\u015ftirir. Bunlardan biri de iyilik haberlerini bir araya getiren \u0130yilik Gazetesi\u2019dir\u201d dedi. \u00a0\u0130yilik Gazetesi S\u00f6yle\u015finin ard\u0131ndan minik kitapseverlerin kat\u0131l\u0131m\u0131yla \u201c\u0130yilik Gazetesi\u201d isimli bir at\u00f6lye \u00e7al\u0131\u015fmas\u0131 ger\u00e7ekle\u015ftirildi. \u0130yilik haberlerinin bir &hellip;","og_url":"http:\/\/denizcankizil.tr\/en\/haberler\/gundem\/yazar-halil-ibrahim-izgi-sukran-dukkani-ile-sakaryada\/","og_site_name":"Av. Deniz Can K\u0131z\u0131l","article_published_time":"2025-03-25T15:41:29+00:00","author":"admin","twitter_card":"summary_large_image","twitter_misc":{"Written by":"admin","Estimated reading time":"4 minutes"},"schema":{"@context":"https:\/\/schema.org","@graph":[{"@type":"Article","@id":"http:\/\/denizcankizil.tr\/en\/haberler\/gundem\/yazar-halil-ibrahim-izgi-sukran-dukkani-ile-sakaryada\/#article","isPartOf":{"@id":"http:\/\/denizcankizil.tr\/en\/haberler\/gundem\/yazar-halil-ibrahim-izgi-sukran-dukkani-ile-sakaryada\/"},"author":{"name":"admin","@id":"https:\/\/denizcankizil.tr\/#\/schema\/person\/be3c05fe6a12686905512445d8185489"},"headline":"Yazar Halil \u0130brahim \u0130zgi \u2018\u015e\u00fckran D\u00fckk\u00e2n\u0131\u2019 ile Sakarya\u2019da","datePublished":"2025-03-25T15:41:29+00:00","mainEntityOfPage":{"@id":"http:\/\/denizcankizil.tr\/en\/haberler\/gundem\/yazar-halil-ibrahim-izgi-sukran-dukkani-ile-sakaryada\/"},"wordCount":839,"publisher":{"@id":"https:\/\/denizcankizil.tr\/#organization"},"articleSection":["G\u00fcndem"],"inLanguage":"en-GB"},{"@type":"WebPage","@id":"http:\/\/denizcankizil.tr\/en\/haberler\/gundem\/yazar-halil-ibrahim-izgi-sukran-dukkani-ile-sakaryada\/","url":"http:\/\/denizcankizil.tr\/en\/haberler\/gundem\/yazar-halil-ibrahim-izgi-sukran-dukkani-ile-sakaryada\/","name":"Yazar Halil \u0130brahim \u0130zgi \u2018\u015e\u00fckran D\u00fckk\u00e2n\u0131\u2019 ile Sakarya\u2019da - Av. Deniz Can K\u0131z\u0131l","isPartOf":{"@id":"https:\/\/denizcankizil.tr\/#website"},"datePublished":"2025-03-25T15:41:29+00:00","breadcrumb":{"@id":"http:\/\/denizcankizil.tr\/en\/haberler\/gundem\/yazar-halil-ibrahim-izgi-sukran-dukkani-ile-sakaryada\/#breadcrumb"},"inLanguage":"en-GB","potentialAction":[{"@type":"ReadAction","target":["http:\/\/denizcankizil.tr\/en\/haberler\/gundem\/yazar-halil-ibrahim-izgi-sukran-dukkani-ile-sakaryada\/"]}]},{"@type":"BreadcrumbList","@id":"http:\/\/denizcankizil.tr\/en\/haberler\/gundem\/yazar-halil-ibrahim-izgi-sukran-dukkani-ile-sakaryada\/#breadcrumb","itemListElement":[{"@type":"ListItem","position":1,"name":"Home","item":"https:\/\/denizcankizil.tr\/de\/"},{"@type":"ListItem","position":2,"name":"Yazar Halil \u0130brahim \u0130zgi \u2018\u015e\u00fckran D\u00fckk\u00e2n\u0131\u2019 ile Sakarya\u2019da"}]},{"@type":"WebSite","@id":"https:\/\/denizcankizil.tr\/#website","url":"https:\/\/denizcankizil.tr\/","name":"Av. Deniz Can K\u0131z\u0131l","description":"Avukat Deniz Can K\u0131z\u0131l Antalya Barosu","publisher":{"@id":"https:\/\/denizcankizil.tr\/#organization"},"potentialAction":[{"@type":"SearchAction","target":{"@type":"EntryPoint","urlTemplate":"https:\/\/denizcankizil.tr\/?s={search_term_string}"},"query-input":{"@type":"PropertyValueSpecification","valueRequired":true,"valueName":"search_term_string"}}],"inLanguage":"en-GB"},{"@type":"Organization","@id":"https:\/\/denizcankizil.tr\/#organization","name":"Av. Deniz Can K\u0131z\u0131l","url":"https:\/\/denizcankizil.tr\/","logo":{"@type":"ImageObject","inLanguage":"en-GB","@id":"https:\/\/denizcankizil.tr\/#\/schema\/logo\/image\/","url":"http:\/\/denizcankizil.tr\/wp-content\/uploads\/2024\/10\/siyah-logo-svg.svg","contentUrl":"http:\/\/denizcankizil.tr\/wp-content\/uploads\/2024\/10\/siyah-logo-svg.svg","width":1080,"height":1080,"caption":"Av. Deniz Can K\u0131z\u0131l"},"image":{"@id":"https:\/\/denizcankizil.tr\/#\/schema\/logo\/image\/"}},{"@type":"Person","@id":"https:\/\/denizcankizil.tr\/#\/schema\/person\/be3c05fe6a12686905512445d8185489","name":"admin","image":{"@type":"ImageObject","inLanguage":"en-GB","@id":"https:\/\/denizcankizil.tr\/#\/schema\/person\/image\/","url":"https:\/\/secure.gravatar.com\/avatar\/c1fce94c830dc79107e174f890d7210541c4a63e8e5d816341794a2151c9d58c?s=96&d=mm&r=g","contentUrl":"https:\/\/secure.gravatar.com\/avatar\/c1fce94c830dc79107e174f890d7210541c4a63e8e5d816341794a2151c9d58c?s=96&d=mm&r=g","caption":"admin"},"sameAs":["http:\/\/denizcankizil.tr"],"url":"https:\/\/www.iskenderun.org\/yazar-halil-ibrahim-izgi-sukran-dukkani-ile-sakaryada"}]}},"_links":{"self":[{"href":"http:\/\/denizcankizil.tr\/en\/wp-json\/wp\/v2\/posts\/37002","targetHints":{"allow":["GET"]}}],"collection":[{"href":"http:\/\/denizcankizil.tr\/en\/wp-json\/wp\/v2\/posts"}],"about":[{"href":"http:\/\/denizcankizil.tr\/en\/wp-json\/wp\/v2\/types\/post"}],"author":[{"embeddable":true,"href":"http:\/\/denizcankizil.tr\/en\/wp-json\/wp\/v2\/users\/1"}],"replies":[{"embeddable":true,"href":"http:\/\/denizcankizil.tr\/en\/wp-json\/wp\/v2\/comments?post=37002"}],"version-history":[{"count":0,"href":"http:\/\/denizcankizil.tr\/en\/wp-json\/wp\/v2\/posts\/37002\/revisions"}],"wp:attachment":[{"href":"http:\/\/denizcankizil.tr\/en\/wp-json\/wp\/v2\/media?parent=37002"}],"wp:term":[{"taxonomy":"category","embeddable":true,"href":"http:\/\/denizcankizil.tr\/en\/wp-json\/wp\/v2\/categories?post=37002"},{"taxonomy":"post_tag","embeddable":true,"href":"http:\/\/denizcankizil.tr\/en\/wp-json\/wp\/v2\/tags?post=37002"}],"curies":[{"name":"wp","href":"https:\/\/api.w.org\/{rel}","templated":true}]}}