{"id":36750,"date":"2025-03-24T12:41:35","date_gmt":"2025-03-24T09:41:35","guid":{"rendered":"https:\/\/denizcankizil.tr\/uncategorized-tr\/ses-antalya-subesinin-calisani-ifadeye-cagrildi\/"},"modified":"2025-03-24T12:41:35","modified_gmt":"2025-03-24T09:41:35","slug":"ses-antalya-subesinin-calisani-ifadeye-cagrildi","status":"publish","type":"post","link":"http:\/\/denizcankizil.tr\/en\/haberler\/gundem\/ses-antalya-subesinin-calisani-ifadeye-cagrildi\/","title":{"rendered":"SES Antalya \u015fubesinin \u00e7al\u0131\u015fan\u0131 ifadeye \u00e7a\u011fr\u0131ld\u0131"},"content":{"rendered":"<p>Sa\u011fl\u0131k ve Sosyal Hizmet Emek\u00e7ileri Sendikas\u0131 (SES) Antalya \u015eubesi sosyal medya \u00fczerinden yapt\u0131\u011f\u0131 bir payla\u015f\u0131mda \u0130stanbul B\u00fcy\u00fck\u015fehir Belediye Ba\u015fkan\u0131 Ekrem \u0130mamo\u011flu&#8217;nun g\u00f6zalt\u0131na al\u0131nmas\u0131yla birlikte ba\u015flayan ve \u00fclke geneline yay\u0131lan protestolar nedeniyle sendika \u00e7al\u0131\u015fan\u0131 Sabri K\u0131rdar\u2019\u0131n ifadeye \u00e7a\u011fr\u0131ld\u0131\u011f\u0131 duyurdu. \u00a0Sendika yapt\u0131\u011f\u0131 a\u00e7\u0131klamada sadece kendilerinin de\u011fil E\u011fitim Sen Antalya \u015eubesi \u00fcyeleri ve \u00f6\u011frencilerden \u00e7ok say\u0131da ki\u015fi g\u00f6zalt\u0131na al\u0131nd\u0131\u011f\u0131 bilgini verdi.\u00a0<\/p>\n<p>\u201cM\u00dcCADELE ETMEYE DEVAM EDECE\u011e\u0130Z\u201d<\/p>\n<p>Antalya SES taraf\u0131ndan yap\u0131lan a\u00e7\u0131klamada, \u201cEkrem \u0130mamo\u011flu&#8217;nun g\u00f6zalt\u0131na al\u0131nmas\u0131yla birlikte ba\u015flayan ve \u00fclke sath\u0131na yay\u0131lan demokratik g\u00f6steriler nedeniyle yeni g\u00f6zalt\u0131na almalar ve bask\u0131lar devam ediyor. Antalya \u015eube \u00e7al\u0131\u015fan\u0131m\u0131z Sabri K\u0131rdar ifadeye \u00e7a\u011fr\u0131l\u0131rken E\u011fitim Sen Antalya \u015eubesi \u00fcyeleri, dost partilerden ve \u00f6\u011frencilerden \u00e7ok say\u0131da ki\u015fi g\u00f6zalt\u0131na al\u0131nd\u0131. Bask\u0131lar\u0131n\u0131z, g\u00f6zaltlar\u0131n\u0131z bizleri y\u0131ld\u0131ramayacak! Demokrasiye ve halk\u0131n iradesine sahip \u00e7\u0131kmak i\u00e7in m\u00fccadele etmeye devam edece\u011fiz\u201d denildi.\u00a0<\/p>\n<p>@sesgenelmerkezi @KESK1995 pic.twitter.com\/bxHac80SQT<br \/>\n\u2014 SES Antalya (@SESAntalya) March 24, 2025<\/p>\n<p>\u00a0<\/p>\n<p>\u200bSa\u011fl\u0131k ve Sosyal Hizmet Emek\u00e7ileri Sendikas\u0131 (SES) Antalya \u015eubesi, \u0130stanbul B\u00fcy\u00fck\u015fehir Belediye Ba\u015fkan\u0131 Ekrem \u0130mamo\u011flu&#8217;nun g\u00f6zalt\u0131na al\u0131nmas\u0131yla birlikte ba\u015flayan protestolar nedeniyle sendika \u00e7al\u0131\u015fan\u0131n\u0131n ifadeye \u00e7a\u011fr\u0131ld\u0131\u011f\u0131n\u0131 a\u00e7\u0131klad\u0131.\u00a0<\/p>\n<p>\u200bHaberin Al\u0131nt\u0131land\u0131\u011f\u0131 Kaynak: www.antalyakorfez.com<\/p>","protected":false},"excerpt":{"rendered":"<p>Sa\u011fl\u0131k ve Sosyal Hizmet Emek\u00e7ileri Sendikas\u0131 (SES) Antalya \u015eubesi sosyal medya \u00fczerinden yapt\u0131\u011f\u0131 bir payla\u015f\u0131mda \u0130stanbul B\u00fcy\u00fck\u015fehir Belediye Ba\u015fkan\u0131 Ekrem \u0130mamo\u011flu&#8217;nun g\u00f6zalt\u0131na al\u0131nmas\u0131yla birlikte ba\u015flayan ve \u00fclke geneline yay\u0131lan protestolar nedeniyle sendika \u00e7al\u0131\u015fan\u0131 Sabri K\u0131rdar\u2019\u0131n ifadeye \u00e7a\u011fr\u0131ld\u0131\u011f\u0131 duyurdu. \u00a0Sendika yapt\u0131\u011f\u0131 a\u00e7\u0131klamada sadece kendilerinin de\u011fil E\u011fitim Sen Antalya \u015eubesi \u00fcyeleri ve \u00f6\u011frencilerden \u00e7ok say\u0131da ki\u015fi g\u00f6zalt\u0131na al\u0131nd\u0131\u011f\u0131 bilgini verdi.\u00a0 \u201cM\u00dcCADELE ETMEYE DEVAM EDECE\u011e\u0130Z\u201d Antalya SES taraf\u0131ndan yap\u0131lan a\u00e7\u0131klamada, \u201cEkrem \u0130mamo\u011flu&#8217;nun g\u00f6zalt\u0131na al\u0131nmas\u0131yla birlikte ba\u015flayan ve \u00fclke sath\u0131na yay\u0131lan demokratik g\u00f6steriler nedeniyle yeni g\u00f6zalt\u0131na almalar ve bask\u0131lar devam ediyor. Antalya \u015eube \u00e7al\u0131\u015fan\u0131m\u0131z Sabri K\u0131rdar ifadeye \u00e7a\u011fr\u0131l\u0131rken E\u011fitim Sen Antalya \u015eubesi \u00fcyeleri, dost partilerden ve \u00f6\u011frencilerden \u00e7ok say\u0131da ki\u015fi g\u00f6zalt\u0131na al\u0131nd\u0131. Bask\u0131lar\u0131n\u0131z, g\u00f6zaltlar\u0131n\u0131z bizleri y\u0131ld\u0131ramayacak! Demokrasiye ve halk\u0131n iradesine sahip \u00e7\u0131kmak i\u00e7in m\u00fccadele etmeye devam edece\u011fiz\u201d denildi.\u00a0 @sesgenelmerkezi @KESK1995 pic.twitter.com\/bxHac80SQT \u2014 SES Antalya (@SESAntalya) March 24, 2025 \u00a0 \u200bSa\u011fl\u0131k ve Sosyal Hizmet Emek\u00e7ileri Sendikas\u0131 (SES) Antalya \u015eubesi, \u0130stanbul B\u00fcy\u00fck\u015fehir Belediye Ba\u015fkan\u0131 Ekrem \u0130mamo\u011flu&#8217;nun g\u00f6zalt\u0131na al\u0131nmas\u0131yla birlikte ba\u015flayan protestolar nedeniyle sendika \u00e7al\u0131\u015fan\u0131n\u0131n ifadeye \u00e7a\u011fr\u0131ld\u0131\u011f\u0131n\u0131 a\u00e7\u0131klad\u0131.\u00a0 \u200bHaberin Al\u0131nt\u0131land\u0131\u011f\u0131 Kaynak: www.antalyakorfez.com<\/p>","protected":false},"author":5,"featured_media":0,"comment_status":"","ping_status":"open","sticky":false,"template":"","format":"standard","meta":{"_acf_changed":false,"footnotes":""},"categories":[24],"tags":[],"class_list":["post-36750","post","type-post","status-publish","format-standard","has-post-thumbnail","hentry","category-gundem"],"acf":[],"yoast_head":"<!-- This site is optimized with the Yoast SEO Premium plugin v26.6 (Yoast SEO v27.1.1) - https:\/\/yoast.com\/product\/yoast-seo-premium-wordpress\/ -->\n<title>SES Antalya \u015fubesinin \u00e7al\u0131\u015fan\u0131 ifadeye \u00e7a\u011fr\u0131ld\u0131 - Av. Deniz Can K\u0131z\u0131l<\/title>\n<meta name=\"robots\" content=\"index, follow, max-snippet:-1, max-image-preview:large, max-video-preview:-1\" \/>\n<link rel=\"canonical\" href=\"https:\/\/denizcankizil.tr\/en\/haberler\/gundem\/ses-antalya-subesinin-calisani-ifadeye-cagrildi\/\" \/>\n<meta property=\"og:locale\" content=\"en_GB\" \/>\n<meta property=\"og:type\" content=\"article\" \/>\n<meta property=\"og:title\" content=\"SES Antalya \u015fubesinin \u00e7al\u0131\u015fan\u0131 ifadeye \u00e7a\u011fr\u0131ld\u0131\" \/>\n<meta property=\"og:description\" content=\"Sa\u011fl\u0131k ve Sosyal Hizmet Emek\u00e7ileri Sendikas\u0131 (SES) Antalya \u015eubesi sosyal medya \u00fczerinden yapt\u0131\u011f\u0131 bir payla\u015f\u0131mda \u0130stanbul B\u00fcy\u00fck\u015fehir Belediye Ba\u015fkan\u0131 Ekrem \u0130mamo\u011flu&#8217;nun g\u00f6zalt\u0131na al\u0131nmas\u0131yla birlikte ba\u015flayan ve \u00fclke geneline yay\u0131lan protestolar nedeniyle sendika \u00e7al\u0131\u015fan\u0131 Sabri K\u0131rdar\u2019\u0131n ifadeye \u00e7a\u011fr\u0131ld\u0131\u011f\u0131 duyurdu. \u00a0Sendika yapt\u0131\u011f\u0131 a\u00e7\u0131klamada sadece kendilerinin de\u011fil E\u011fitim Sen Antalya \u015eubesi \u00fcyeleri ve \u00f6\u011frencilerden \u00e7ok say\u0131da ki\u015fi g\u00f6zalt\u0131na al\u0131nd\u0131\u011f\u0131 bilgini verdi.\u00a0 \u201cM\u00dcCADELE ETMEYE DEVAM EDECE\u011e\u0130Z\u201d Antalya SES taraf\u0131ndan yap\u0131lan a\u00e7\u0131klamada, \u201cEkrem \u0130mamo\u011flu&#8217;nun g\u00f6zalt\u0131na al\u0131nmas\u0131yla birlikte ba\u015flayan ve \u00fclke sath\u0131na yay\u0131lan demokratik g\u00f6steriler nedeniyle yeni g\u00f6zalt\u0131na almalar ve bask\u0131lar devam ediyor. Antalya \u015eube \u00e7al\u0131\u015fan\u0131m\u0131z Sabri K\u0131rdar ifadeye \u00e7a\u011fr\u0131l\u0131rken E\u011fitim Sen Antalya \u015eubesi \u00fcyeleri, dost partilerden ve \u00f6\u011frencilerden \u00e7ok say\u0131da ki\u015fi g\u00f6zalt\u0131na al\u0131nd\u0131. Bask\u0131lar\u0131n\u0131z, g\u00f6zaltlar\u0131n\u0131z bizleri y\u0131ld\u0131ramayacak! Demokrasiye ve halk\u0131n iradesine sahip \u00e7\u0131kmak i\u00e7in m\u00fccadele etmeye devam edece\u011fiz\u201d denildi.\u00a0 @sesgenelmerkezi @KESK1995 pic.twitter.com\/bxHac80SQT \u2014 SES Antalya (@SESAntalya) March 24, 2025 \u00a0 \u200bSa\u011fl\u0131k ve Sosyal Hizmet Emek\u00e7ileri Sendikas\u0131 (SES) Antalya \u015eubesi, \u0130stanbul B\u00fcy\u00fck\u015fehir Belediye Ba\u015fkan\u0131 Ekrem \u0130mamo\u011flu&#8217;nun g\u00f6zalt\u0131na al\u0131nmas\u0131yla birlikte ba\u015flayan protestolar nedeniyle sendika \u00e7al\u0131\u015fan\u0131n\u0131n ifadeye \u00e7a\u011fr\u0131ld\u0131\u011f\u0131n\u0131 a\u00e7\u0131klad\u0131.\u00a0 \u200bHaberin Al\u0131nt\u0131land\u0131\u011f\u0131 Kaynak: www.antalyakorfez.com\" \/>\n<meta property=\"og:url\" content=\"https:\/\/denizcankizil.tr\/en\/haberler\/gundem\/ses-antalya-subesinin-calisani-ifadeye-cagrildi\/\" \/>\n<meta property=\"og:site_name\" content=\"Av. Deniz Can K\u0131z\u0131l\" \/>\n<meta property=\"article:published_time\" content=\"2025-03-24T09:41:35+00:00\" \/>\n<meta name=\"author\" content=\"Antalya K\u00f6rfez\" \/>\n<meta name=\"twitter:card\" content=\"summary_large_image\" \/>\n<meta name=\"twitter:label1\" content=\"Written by\" \/>\n\t<meta name=\"twitter:data1\" content=\"Antalya K\u00f6rfez\" \/>\n\t<meta name=\"twitter:label2\" content=\"Estimated reading time\" \/>\n\t<meta name=\"twitter:data2\" content=\"1 minute\" \/>\n<script type=\"application\/ld+json\" class=\"yoast-schema-graph\">{\"@context\":\"https:\/\/schema.org\",\"@graph\":[{\"@type\":\"Article\",\"@id\":\"https:\/\/denizcankizil.tr\/de\/haberler\/gundem\/ses-antalya-subesinin-calisani-ifadeye-cagrildi\/#article\",\"isPartOf\":{\"@id\":\"https:\/\/denizcankizil.tr\/de\/haberler\/gundem\/ses-antalya-subesinin-calisani-ifadeye-cagrildi\/\"},\"author\":{\"name\":\"Antalya K\u00f6rfez\",\"@id\":\"https:\/\/denizcankizil.tr\/#\/schema\/person\/e1eb71bb4dd684d46563f0af307e1234\"},\"headline\":\"SES Antalya \u015fubesinin \u00e7al\u0131\u015fan\u0131 ifadeye \u00e7a\u011fr\u0131ld\u0131\",\"datePublished\":\"2025-03-24T09:41:35+00:00\",\"mainEntityOfPage\":{\"@id\":\"https:\/\/denizcankizil.tr\/de\/haberler\/gundem\/ses-antalya-subesinin-calisani-ifadeye-cagrildi\/\"},\"wordCount\":271,\"publisher\":{\"@id\":\"https:\/\/denizcankizil.tr\/#organization\"},\"articleSection\":[\"G\u00fcndem\"],\"inLanguage\":\"en-GB\"},{\"@type\":\"WebPage\",\"@id\":\"https:\/\/denizcankizil.tr\/de\/haberler\/gundem\/ses-antalya-subesinin-calisani-ifadeye-cagrildi\/\",\"url\":\"https:\/\/denizcankizil.tr\/de\/haberler\/gundem\/ses-antalya-subesinin-calisani-ifadeye-cagrildi\/\",\"name\":\"SES Antalya \u015fubesinin \u00e7al\u0131\u015fan\u0131 ifadeye \u00e7a\u011fr\u0131ld\u0131 - Av. Deniz Can K\u0131z\u0131l\",\"isPartOf\":{\"@id\":\"https:\/\/denizcankizil.tr\/#website\"},\"datePublished\":\"2025-03-24T09:41:35+00:00\",\"breadcrumb\":{\"@id\":\"https:\/\/denizcankizil.tr\/de\/haberler\/gundem\/ses-antalya-subesinin-calisani-ifadeye-cagrildi\/#breadcrumb\"},\"inLanguage\":\"en-GB\",\"potentialAction\":[{\"@type\":\"ReadAction\",\"target\":[\"https:\/\/denizcankizil.tr\/de\/haberler\/gundem\/ses-antalya-subesinin-calisani-ifadeye-cagrildi\/\"]}]},{\"@type\":\"BreadcrumbList\",\"@id\":\"https:\/\/denizcankizil.tr\/de\/haberler\/gundem\/ses-antalya-subesinin-calisani-ifadeye-cagrildi\/#breadcrumb\",\"itemListElement\":[{\"@type\":\"ListItem\",\"position\":1,\"name\":\"Home\",\"item\":\"https:\/\/denizcankizil.tr\/de\/\"},{\"@type\":\"ListItem\",\"position\":2,\"name\":\"SES Antalya \u015fubesinin \u00e7al\u0131\u015fan\u0131 ifadeye \u00e7a\u011fr\u0131ld\u0131\"}]},{\"@type\":\"WebSite\",\"@id\":\"https:\/\/denizcankizil.tr\/#website\",\"url\":\"https:\/\/denizcankizil.tr\/\",\"name\":\"Av. Deniz Can K\u0131z\u0131l\",\"description\":\"Avukat Deniz Can K\u0131z\u0131l Antalya Barosu\",\"publisher\":{\"@id\":\"https:\/\/denizcankizil.tr\/#organization\"},\"potentialAction\":[{\"@type\":\"SearchAction\",\"target\":{\"@type\":\"EntryPoint\",\"urlTemplate\":\"https:\/\/denizcankizil.tr\/?s={search_term_string}\"},\"query-input\":{\"@type\":\"PropertyValueSpecification\",\"valueRequired\":true,\"valueName\":\"search_term_string\"}}],\"inLanguage\":\"en-GB\"},{\"@type\":\"Organization\",\"@id\":\"https:\/\/denizcankizil.tr\/#organization\",\"name\":\"Av. Deniz Can K\u0131z\u0131l\",\"url\":\"https:\/\/denizcankizil.tr\/\",\"logo\":{\"@type\":\"ImageObject\",\"inLanguage\":\"en-GB\",\"@id\":\"https:\/\/denizcankizil.tr\/#\/schema\/logo\/image\/\",\"url\":\"http:\/\/denizcankizil.tr\/wp-content\/uploads\/2024\/10\/siyah-logo-svg.svg\",\"contentUrl\":\"http:\/\/denizcankizil.tr\/wp-content\/uploads\/2024\/10\/siyah-logo-svg.svg\",\"width\":1080,\"height\":1080,\"caption\":\"Av. Deniz Can K\u0131z\u0131l\"},\"image\":{\"@id\":\"https:\/\/denizcankizil.tr\/#\/schema\/logo\/image\/\"}},{\"@type\":\"Person\",\"@id\":\"https:\/\/denizcankizil.tr\/#\/schema\/person\/e1eb71bb4dd684d46563f0af307e1234\",\"name\":\"Antalya K\u00f6rfez\",\"image\":{\"@type\":\"ImageObject\",\"inLanguage\":\"en-GB\",\"@id\":\"https:\/\/denizcankizil.tr\/#\/schema\/person\/image\/\",\"url\":\"https:\/\/secure.gravatar.com\/avatar\/42b01982558a48a0b501fdcab6a408d3717ea5919095ee2e67b0e521799c5905?s=96&d=mm&r=g\",\"contentUrl\":\"https:\/\/secure.gravatar.com\/avatar\/42b01982558a48a0b501fdcab6a408d3717ea5919095ee2e67b0e521799c5905?s=96&d=mm&r=g\",\"caption\":\"Antalya K\u00f6rfez\"},\"sameAs\":[\"http:\/\/www.antalyakorfez.com\"],\"url\":\"https:\/\/www.antalyakorfez.com\/ses-antalya-subesinin-calisani-ifadeye-cagrildi\"}]}<\/script>\n<!-- \/ Yoast SEO Premium plugin. -->","yoast_head_json":{"title":"SES Antalya \u015fubesinin \u00e7al\u0131\u015fan\u0131 ifadeye \u00e7a\u011fr\u0131ld\u0131 - Av. Deniz Can K\u0131z\u0131l","robots":{"index":"index","follow":"follow","max-snippet":"max-snippet:-1","max-image-preview":"max-image-preview:large","max-video-preview":"max-video-preview:-1"},"canonical":"https:\/\/denizcankizil.tr\/en\/haberler\/gundem\/ses-antalya-subesinin-calisani-ifadeye-cagrildi\/","og_locale":"en_GB","og_type":"article","og_title":"SES Antalya \u015fubesinin \u00e7al\u0131\u015fan\u0131 ifadeye \u00e7a\u011fr\u0131ld\u0131","og_description":"Sa\u011fl\u0131k ve Sosyal Hizmet Emek\u00e7ileri Sendikas\u0131 (SES) Antalya \u015eubesi sosyal medya \u00fczerinden yapt\u0131\u011f\u0131 bir payla\u015f\u0131mda \u0130stanbul B\u00fcy\u00fck\u015fehir Belediye Ba\u015fkan\u0131 Ekrem \u0130mamo\u011flu&#8217;nun g\u00f6zalt\u0131na al\u0131nmas\u0131yla birlikte ba\u015flayan ve \u00fclke geneline yay\u0131lan protestolar nedeniyle sendika \u00e7al\u0131\u015fan\u0131 Sabri K\u0131rdar\u2019\u0131n ifadeye \u00e7a\u011fr\u0131ld\u0131\u011f\u0131 duyurdu. \u00a0Sendika yapt\u0131\u011f\u0131 a\u00e7\u0131klamada sadece kendilerinin de\u011fil E\u011fitim Sen Antalya \u015eubesi \u00fcyeleri ve \u00f6\u011frencilerden \u00e7ok say\u0131da ki\u015fi g\u00f6zalt\u0131na al\u0131nd\u0131\u011f\u0131 bilgini verdi.\u00a0 \u201cM\u00dcCADELE ETMEYE DEVAM EDECE\u011e\u0130Z\u201d Antalya SES taraf\u0131ndan yap\u0131lan a\u00e7\u0131klamada, \u201cEkrem \u0130mamo\u011flu&#8217;nun g\u00f6zalt\u0131na al\u0131nmas\u0131yla birlikte ba\u015flayan ve \u00fclke sath\u0131na yay\u0131lan demokratik g\u00f6steriler nedeniyle yeni g\u00f6zalt\u0131na almalar ve bask\u0131lar devam ediyor. Antalya \u015eube \u00e7al\u0131\u015fan\u0131m\u0131z Sabri K\u0131rdar ifadeye \u00e7a\u011fr\u0131l\u0131rken E\u011fitim Sen Antalya \u015eubesi \u00fcyeleri, dost partilerden ve \u00f6\u011frencilerden \u00e7ok say\u0131da ki\u015fi g\u00f6zalt\u0131na al\u0131nd\u0131. Bask\u0131lar\u0131n\u0131z, g\u00f6zaltlar\u0131n\u0131z bizleri y\u0131ld\u0131ramayacak! Demokrasiye ve halk\u0131n iradesine sahip \u00e7\u0131kmak i\u00e7in m\u00fccadele etmeye devam edece\u011fiz\u201d denildi.\u00a0 @sesgenelmerkezi @KESK1995 pic.twitter.com\/bxHac80SQT \u2014 SES Antalya (@SESAntalya) March 24, 2025 \u00a0 \u200bSa\u011fl\u0131k ve Sosyal Hizmet Emek\u00e7ileri Sendikas\u0131 (SES) Antalya \u015eubesi, \u0130stanbul B\u00fcy\u00fck\u015fehir Belediye Ba\u015fkan\u0131 Ekrem \u0130mamo\u011flu&#8217;nun g\u00f6zalt\u0131na al\u0131nmas\u0131yla birlikte ba\u015flayan protestolar nedeniyle sendika \u00e7al\u0131\u015fan\u0131n\u0131n ifadeye \u00e7a\u011fr\u0131ld\u0131\u011f\u0131n\u0131 a\u00e7\u0131klad\u0131.\u00a0 \u200bHaberin Al\u0131nt\u0131land\u0131\u011f\u0131 Kaynak: www.antalyakorfez.com","og_url":"https:\/\/denizcankizil.tr\/en\/haberler\/gundem\/ses-antalya-subesinin-calisani-ifadeye-cagrildi\/","og_site_name":"Av. Deniz Can K\u0131z\u0131l","article_published_time":"2025-03-24T09:41:35+00:00","author":"Antalya K\u00f6rfez","twitter_card":"summary_large_image","twitter_misc":{"Written by":"Antalya K\u00f6rfez","Estimated reading time":"1 minute"},"schema":{"@context":"https:\/\/schema.org","@graph":[{"@type":"Article","@id":"https:\/\/denizcankizil.tr\/de\/haberler\/gundem\/ses-antalya-subesinin-calisani-ifadeye-cagrildi\/#article","isPartOf":{"@id":"https:\/\/denizcankizil.tr\/de\/haberler\/gundem\/ses-antalya-subesinin-calisani-ifadeye-cagrildi\/"},"author":{"name":"Antalya K\u00f6rfez","@id":"https:\/\/denizcankizil.tr\/#\/schema\/person\/e1eb71bb4dd684d46563f0af307e1234"},"headline":"SES Antalya \u015fubesinin \u00e7al\u0131\u015fan\u0131 ifadeye \u00e7a\u011fr\u0131ld\u0131","datePublished":"2025-03-24T09:41:35+00:00","mainEntityOfPage":{"@id":"https:\/\/denizcankizil.tr\/de\/haberler\/gundem\/ses-antalya-subesinin-calisani-ifadeye-cagrildi\/"},"wordCount":271,"publisher":{"@id":"https:\/\/denizcankizil.tr\/#organization"},"articleSection":["G\u00fcndem"],"inLanguage":"en-GB"},{"@type":"WebPage","@id":"https:\/\/denizcankizil.tr\/de\/haberler\/gundem\/ses-antalya-subesinin-calisani-ifadeye-cagrildi\/","url":"https:\/\/denizcankizil.tr\/de\/haberler\/gundem\/ses-antalya-subesinin-calisani-ifadeye-cagrildi\/","name":"SES Antalya \u015fubesinin \u00e7al\u0131\u015fan\u0131 ifadeye \u00e7a\u011fr\u0131ld\u0131 - Av. Deniz Can K\u0131z\u0131l","isPartOf":{"@id":"https:\/\/denizcankizil.tr\/#website"},"datePublished":"2025-03-24T09:41:35+00:00","breadcrumb":{"@id":"https:\/\/denizcankizil.tr\/de\/haberler\/gundem\/ses-antalya-subesinin-calisani-ifadeye-cagrildi\/#breadcrumb"},"inLanguage":"en-GB","potentialAction":[{"@type":"ReadAction","target":["https:\/\/denizcankizil.tr\/de\/haberler\/gundem\/ses-antalya-subesinin-calisani-ifadeye-cagrildi\/"]}]},{"@type":"BreadcrumbList","@id":"https:\/\/denizcankizil.tr\/de\/haberler\/gundem\/ses-antalya-subesinin-calisani-ifadeye-cagrildi\/#breadcrumb","itemListElement":[{"@type":"ListItem","position":1,"name":"Home","item":"https:\/\/denizcankizil.tr\/de\/"},{"@type":"ListItem","position":2,"name":"SES Antalya \u015fubesinin \u00e7al\u0131\u015fan\u0131 ifadeye \u00e7a\u011fr\u0131ld\u0131"}]},{"@type":"WebSite","@id":"https:\/\/denizcankizil.tr\/#website","url":"https:\/\/denizcankizil.tr\/","name":"Av. Deniz Can K\u0131z\u0131l","description":"Avukat Deniz Can K\u0131z\u0131l Antalya Barosu","publisher":{"@id":"https:\/\/denizcankizil.tr\/#organization"},"potentialAction":[{"@type":"SearchAction","target":{"@type":"EntryPoint","urlTemplate":"https:\/\/denizcankizil.tr\/?s={search_term_string}"},"query-input":{"@type":"PropertyValueSpecification","valueRequired":true,"valueName":"search_term_string"}}],"inLanguage":"en-GB"},{"@type":"Organization","@id":"https:\/\/denizcankizil.tr\/#organization","name":"Av. Deniz Can K\u0131z\u0131l","url":"https:\/\/denizcankizil.tr\/","logo":{"@type":"ImageObject","inLanguage":"en-GB","@id":"https:\/\/denizcankizil.tr\/#\/schema\/logo\/image\/","url":"http:\/\/denizcankizil.tr\/wp-content\/uploads\/2024\/10\/siyah-logo-svg.svg","contentUrl":"http:\/\/denizcankizil.tr\/wp-content\/uploads\/2024\/10\/siyah-logo-svg.svg","width":1080,"height":1080,"caption":"Av. Deniz Can K\u0131z\u0131l"},"image":{"@id":"https:\/\/denizcankizil.tr\/#\/schema\/logo\/image\/"}},{"@type":"Person","@id":"https:\/\/denizcankizil.tr\/#\/schema\/person\/e1eb71bb4dd684d46563f0af307e1234","name":"Antalya K\u00f6rfez","image":{"@type":"ImageObject","inLanguage":"en-GB","@id":"https:\/\/denizcankizil.tr\/#\/schema\/person\/image\/","url":"https:\/\/secure.gravatar.com\/avatar\/42b01982558a48a0b501fdcab6a408d3717ea5919095ee2e67b0e521799c5905?s=96&d=mm&r=g","contentUrl":"https:\/\/secure.gravatar.com\/avatar\/42b01982558a48a0b501fdcab6a408d3717ea5919095ee2e67b0e521799c5905?s=96&d=mm&r=g","caption":"Antalya K\u00f6rfez"},"sameAs":["http:\/\/www.antalyakorfez.com"],"url":"https:\/\/www.antalyakorfez.com\/ses-antalya-subesinin-calisani-ifadeye-cagrildi"}]}},"_links":{"self":[{"href":"http:\/\/denizcankizil.tr\/en\/wp-json\/wp\/v2\/posts\/36750","targetHints":{"allow":["GET"]}}],"collection":[{"href":"http:\/\/denizcankizil.tr\/en\/wp-json\/wp\/v2\/posts"}],"about":[{"href":"http:\/\/denizcankizil.tr\/en\/wp-json\/wp\/v2\/types\/post"}],"author":[{"embeddable":true,"href":"http:\/\/denizcankizil.tr\/en\/wp-json\/wp\/v2\/users\/5"}],"replies":[{"embeddable":true,"href":"http:\/\/denizcankizil.tr\/en\/wp-json\/wp\/v2\/comments?post=36750"}],"version-history":[{"count":0,"href":"http:\/\/denizcankizil.tr\/en\/wp-json\/wp\/v2\/posts\/36750\/revisions"}],"wp:attachment":[{"href":"http:\/\/denizcankizil.tr\/en\/wp-json\/wp\/v2\/media?parent=36750"}],"wp:term":[{"taxonomy":"category","embeddable":true,"href":"http:\/\/denizcankizil.tr\/en\/wp-json\/wp\/v2\/categories?post=36750"},{"taxonomy":"post_tag","embeddable":true,"href":"http:\/\/denizcankizil.tr\/en\/wp-json\/wp\/v2\/tags?post=36750"}],"curies":[{"name":"wp","href":"https:\/\/api.w.org\/{rel}","templated":true}]}}