{"id":36454,"date":"2025-03-21T11:41:55","date_gmt":"2025-03-21T08:41:55","guid":{"rendered":"https:\/\/denizcankizil.tr\/uncategorized-tr\/silifkede-down-sendromlu-cocuklar-icin-anlamli-bulusma\/"},"modified":"2025-03-21T11:41:55","modified_gmt":"2025-03-21T08:41:55","slug":"silifkede-down-sendromlu-cocuklar-icin-anlamli-bulusma","status":"publish","type":"post","link":"http:\/\/denizcankizil.tr\/en\/haberler\/gundem\/silifkede-down-sendromlu-cocuklar-icin-anlamli-bulusma\/","title":{"rendered":"Silifke&#8217;de down sendromlu \u00e7ocuklar i\u00e7in anlaml\u0131 bulu\u015fma"},"content":{"rendered":"<p>Mersin&#8217;in Silifke il\u00e7esinde, 21 Mart D\u00fcnya Down Sendromu Fark\u0131ndal\u0131k G\u00fcn\u00fc kapsam\u0131nda Silifke \u00d6zel \u00c7ocuklar Etkile\u015fim Derne\u011fi, Silifke \u0130l\u00e7e Sa\u011fl\u0131k M\u00fcd\u00fcrl\u00fc\u011f\u00fc ve Silifke Devlet Hastanesi&#8217;nin koordinesinde \u0130l\u00e7e Sa\u011fl\u0131k M\u00fcd\u00fcrl\u00fc\u011f\u00fcnde \u00e7al\u0131\u015fan sa\u011fl\u0131k\u00e7\u0131lar, protokol, aileler ve \u00f6zel \u00e7ocuklar bir araya geldi.\u00a0<\/p>\n<p>&#8220;ONLARA FIRSAT E\u015e\u0130TL\u0130\u011e\u0130 SA\u011eLAMAK HEP\u0130M\u0130Z\u0130N SORUMLULU\u011eUNDADIR&#8221;\u00a0<\/p>\n<p>Etkinli\u011finde &#8216;+1&#8217; farkla sevgi zinciri olu\u015fturularak hep birlikte &#8216;sevgiyle b\u00fcy\u00fcyoruz&#8217; mesaj\u0131 verildi. Mavi ve sar\u0131 balonlar g\u00fczel dileklerle g\u00f6ky\u00fcz\u00fcne b\u0131rak\u0131ld\u0131. \u00c7ocuklar i\u00e7in haz\u0131rlanan pasta kesimi hep birlikte ger\u00e7ekle\u015ftirilerek m\u00fczik e\u015fli\u011finde dans g\u00f6sterileri yap\u0131ld\u0131. Silifke \u00d6zel \u00c7ocuklar Etkile\u015fim Derne\u011fi Ba\u015fkan\u0131 Erhan D\u00fczg\u00fcn yapt\u0131\u011f\u0131 konu\u015fmada, etkinli\u011fin d\u00fczenlenmesinde katk\u0131 sa\u011flayanlara te\u015fekk\u00fcr ederek, \u015fu s\u00f6zleri dile getirdi:\u00a0<\/p>\n<p>&#8220;\u00d6zel bireylerimize y\u00f6nelik olarak fizyoterapist ve diyetisyen hizmetinin, s\u00fcreklilik esas\u0131na dayanarak semt poliklini\u011fimizde sunulmas\u0131n\u0131 sa\u011flayan de\u011ferli \u0130l\u00e7e Sa\u011fl\u0131k M\u00fcd\u00fcr\u00fcm\u00fcze ve Ba\u015fhekimimize g\u00f6n\u00fclden bir kez daha te\u015fekk\u00fcr ediyorum. Bu \u00f6nemli hizmet, \u00f6zel bireylerimizin sa\u011fl\u0131k ve ya\u015fam kalitesini art\u0131rmak ad\u0131na at\u0131lm\u0131\u015f b\u00fcy\u00fck bir ad\u0131md\u0131r. \u0130n\u015fallah en k\u0131sa zamanda, \u00f6zel bireylerimizin en b\u00fcy\u00fck sorunlar\u0131ndan biri olan di\u015f tedavi s\u00fcre\u00e7lerini de destekleriyle \u00e7\u00f6z\u00fcme kavu\u015fturarak, ailelerimizin Mersin&#8217;e gitmesine veya \u00f6zel hastanelere y\u00f6nelmek zorunda kalmas\u0131na gerek kalmadan, bu hizmeti Silifke&#8217;de sunaca\u011f\u0131z. Bu sayede, \u00f6zel bireylerimizin sa\u011fl\u0131k hizmetlerine eri\u015fimini kolayla\u015ft\u0131rarak onlar\u0131n ya\u015fam standartlar\u0131n\u0131 daha da y\u00fckseltmeyi hedefliyoruz. Etkinli\u011fimize katk\u0131 sunan Silifke Belediyesine, de\u011ferli kurum amirlerimize, g\u00f6n\u00fcll\u00fclerimize ve eme\u011fi ge\u00e7en herkese te\u015fekk\u00fcr ediyorum. Bug\u00fcn burada sadece fark\u0131ndal\u0131k olu\u015fturmuyoruz, ayn\u0131 zamanda sevgi, birliktelik ve kapsay\u0131c\u0131l\u0131\u011f\u0131 en g\u00fc\u00e7l\u00fc \u015fekilde hissediyoruz. Down sendromlu ve \u00f6zel bireylerimiz, sevgileri, i\u00e7tenlikleri ve samimi g\u00fcl\u00fcmsemeleriyle hayat\u0131m\u0131za renk kat\u0131yor. Onlar\u0131n hayallerine ortak olmak, f\u0131rsat e\u015fitli\u011fi sa\u011flamak ve topluma tam kat\u0131l\u0131mlar\u0131n\u0131 desteklemek hepimizin sorumlulu\u011fudur. Unutmayal\u0131m ki farkl\u0131l\u0131klar\u0131m\u0131z bizleri zenginle\u015ftirir ve daha g\u00fc\u00e7l\u00fc bir toplum in\u015fa etmemizi sa\u011flar. Bug\u00fcn att\u0131\u011f\u0131m\u0131z her ad\u0131m, sevgiyle b\u00fcy\u00fcyen, engellerin olmad\u0131\u011f\u0131 bir d\u00fcnya i\u00e7in \u00f6nemli bir ad\u0131md\u0131r.&#8221;<\/p>\n<p>&#8220;DOWN SENDROMU B\u0130R HASTALIK DE\u011e\u0130L, GENET\u0130K B\u0130R FARKLILIKTIR&#8221;\u00a0<\/p>\n<p>Silifke Devlet Hastanesi Ba\u015fhekimi Ali G\u00fcng\u00f6r de konu\u015fmas\u0131nda, &#8220;Down Sendromu bir hastal\u0131k de\u011fil, genetik bir farkl\u0131l\u0131kt\u0131r. \u00d6zel \u00e7ocuklar\u0131m\u0131z\u0131n sosyalle\u015fmesine y\u00f6nelik bu t\u00fcr \u00e7al\u0131\u015fmalar toplumda fark\u0131ndal\u0131k ve bilin\u00e7lendirme olu\u015fmas\u0131 a\u00e7\u0131s\u0131ndan k\u0131ymetlidir. Organizasyonda emek veren herkese te\u015fekk\u00fcrlerimi iletiyorum&#8221; ifadelerini kulland\u0131.\u00a0Silifke \u0130l\u00e7e Sa\u011fl\u0131k M\u00fcd\u00fcr\u00fc U\u011furhan U\u011fur ise \u00f6zel \u00e7ocuklar\u0131n sadece bir g\u00fcn de\u011fil, her g\u00fcn an\u0131msanmas\u0131 gerekti\u011fini belirterek, \u00f6zel \u00e7ocuklara y\u00f6nelik il\u00e7e sa\u011fl\u0131k kurumunda \u00e7e\u015fitli projelerin hayata ge\u00e7irilece\u011fini belirtti.\u00a0D\u00fczenlenen etkinli\u011fe Silifke Cumhuriyet Ba\u015fsavc\u0131s\u0131 Ahmet Aky\u0131ld\u0131z ile \u00f6zel \u00e7ocuklar, aileleri ve sa\u011fl\u0131k \u00e7al\u0131\u015fanlar\u0131 kat\u0131ld\u0131.\u00a0<br \/>\n\u00a0 \u00a0 \u00a0 \u00a0 \u00a0 \u00a0 \u00a0 \u00a0 \u00a0 \u00a0 \u00a0<\/p>\n<p>\u200bMersin&#8217;in Silifke il\u00e7esinde, 21 Mart D\u00fcnya Down Sendromu Fark\u0131ndal\u0131k G\u00fcn\u00fc kapsam\u0131nda d\u00fczenlenen etkinlikte \u00f6zel \u00e7ocuklar, aileleri ve sa\u011fl\u0131k \u00e7al\u0131\u015fanlar\u0131 bir araya geldi. Sevgi ve dayan\u0131\u015fma mesajlar\u0131n\u0131n verildi\u011fi etkinlikte, \u00f6zel bireylerin sa\u011fl\u0131k hizmetlerine daha kolay eri\u015fmesi i\u00e7in yeni projelerin m\u00fcjdesi de payla\u015f\u0131ld\u0131.\u00a0<\/p>\n<p>\u200bHaberin Al\u0131nt\u0131land\u0131\u011f\u0131 Kaynak: www.antalyakorfez.com<\/p>","protected":false},"excerpt":{"rendered":"<p>Mersin&#8217;in Silifke il\u00e7esinde, 21 Mart D\u00fcnya Down Sendromu Fark\u0131ndal\u0131k G\u00fcn\u00fc kapsam\u0131nda Silifke \u00d6zel \u00c7ocuklar Etkile\u015fim Derne\u011fi, Silifke \u0130l\u00e7e Sa\u011fl\u0131k M\u00fcd\u00fcrl\u00fc\u011f\u00fc ve Silifke Devlet Hastanesi&#8217;nin koordinesinde \u0130l\u00e7e Sa\u011fl\u0131k M\u00fcd\u00fcrl\u00fc\u011f\u00fcnde \u00e7al\u0131\u015fan sa\u011fl\u0131k\u00e7\u0131lar, protokol, aileler ve \u00f6zel \u00e7ocuklar bir araya geldi.\u00a0 &#8220;ONLARA FIRSAT E\u015e\u0130TL\u0130\u011e\u0130 SA\u011eLAMAK HEP\u0130M\u0130Z\u0130N SORUMLULU\u011eUNDADIR&#8221;\u00a0 Etkinli\u011finde &#8216;+1&#8217; farkla sevgi zinciri olu\u015fturularak hep birlikte &#8216;sevgiyle b\u00fcy\u00fcyoruz&#8217; mesaj\u0131 verildi. Mavi ve sar\u0131 balonlar g\u00fczel dileklerle g\u00f6ky\u00fcz\u00fcne b\u0131rak\u0131ld\u0131. \u00c7ocuklar i\u00e7in haz\u0131rlanan pasta kesimi hep birlikte ger\u00e7ekle\u015ftirilerek m\u00fczik e\u015fli\u011finde dans g\u00f6sterileri yap\u0131ld\u0131. Silifke \u00d6zel \u00c7ocuklar Etkile\u015fim Derne\u011fi Ba\u015fkan\u0131 Erhan D\u00fczg\u00fcn yapt\u0131\u011f\u0131 konu\u015fmada, etkinli\u011fin d\u00fczenlenmesinde katk\u0131 sa\u011flayanlara te\u015fekk\u00fcr ederek, \u015fu s\u00f6zleri dile getirdi:\u00a0 &#8220;\u00d6zel bireylerimize y\u00f6nelik olarak fizyoterapist ve diyetisyen hizmetinin, s\u00fcreklilik esas\u0131na dayanarak semt poliklini\u011fimizde sunulmas\u0131n\u0131 sa\u011flayan de\u011ferli \u0130l\u00e7e Sa\u011fl\u0131k M\u00fcd\u00fcr\u00fcm\u00fcze ve Ba\u015fhekimimize g\u00f6n\u00fclden bir kez daha te\u015fekk\u00fcr ediyorum. Bu \u00f6nemli hizmet, \u00f6zel bireylerimizin sa\u011fl\u0131k ve ya\u015fam kalitesini art\u0131rmak ad\u0131na at\u0131lm\u0131\u015f b\u00fcy\u00fck bir ad\u0131md\u0131r. \u0130n\u015fallah en k\u0131sa zamanda, \u00f6zel bireylerimizin en b\u00fcy\u00fck sorunlar\u0131ndan biri olan di\u015f tedavi s\u00fcre\u00e7lerini de destekleriyle \u00e7\u00f6z\u00fcme kavu\u015fturarak, ailelerimizin Mersin&#8217;e gitmesine veya \u00f6zel hastanelere y\u00f6nelmek zorunda kalmas\u0131na gerek kalmadan, bu hizmeti Silifke&#8217;de sunaca\u011f\u0131z. Bu sayede, \u00f6zel bireylerimizin sa\u011fl\u0131k hizmetlerine eri\u015fimini kolayla\u015ft\u0131rarak onlar\u0131n ya\u015fam standartlar\u0131n\u0131 daha da y\u00fckseltmeyi hedefliyoruz. Etkinli\u011fimize katk\u0131 sunan Silifke Belediyesine, de\u011ferli kurum amirlerimize, g\u00f6n\u00fcll\u00fclerimize ve eme\u011fi ge\u00e7en herkese &hellip;<\/p>","protected":false},"author":5,"featured_media":0,"comment_status":"","ping_status":"open","sticky":false,"template":"","format":"standard","meta":{"_acf_changed":false,"footnotes":""},"categories":[24],"tags":[],"class_list":["post-36454","post","type-post","status-publish","format-standard","has-post-thumbnail","hentry","category-gundem"],"acf":[],"yoast_head":"<!-- This site is optimized with the Yoast SEO Premium plugin v26.6 (Yoast SEO v27.1.1) - https:\/\/yoast.com\/product\/yoast-seo-premium-wordpress\/ -->\n<title>Silifke&#039;de down sendromlu \u00e7ocuklar i\u00e7in anlaml\u0131 bulu\u015fma - Av. Deniz Can K\u0131z\u0131l<\/title>\n<meta name=\"robots\" content=\"index, follow, max-snippet:-1, max-image-preview:large, max-video-preview:-1\" \/>\n<link rel=\"canonical\" href=\"http:\/\/denizcankizil.tr\/en\/haberler\/gundem\/silifkede-down-sendromlu-cocuklar-icin-anlamli-bulusma\/\" \/>\n<meta property=\"og:locale\" content=\"en_GB\" \/>\n<meta property=\"og:type\" content=\"article\" \/>\n<meta property=\"og:title\" content=\"Silifke&#039;de down sendromlu \u00e7ocuklar i\u00e7in anlaml\u0131 bulu\u015fma\" \/>\n<meta property=\"og:description\" content=\"Mersin&#8217;in Silifke il\u00e7esinde, 21 Mart D\u00fcnya Down Sendromu Fark\u0131ndal\u0131k G\u00fcn\u00fc kapsam\u0131nda Silifke \u00d6zel \u00c7ocuklar Etkile\u015fim Derne\u011fi, Silifke \u0130l\u00e7e Sa\u011fl\u0131k M\u00fcd\u00fcrl\u00fc\u011f\u00fc ve Silifke Devlet Hastanesi&#8217;nin koordinesinde \u0130l\u00e7e Sa\u011fl\u0131k M\u00fcd\u00fcrl\u00fc\u011f\u00fcnde \u00e7al\u0131\u015fan sa\u011fl\u0131k\u00e7\u0131lar, protokol, aileler ve \u00f6zel \u00e7ocuklar bir araya geldi.\u00a0 &#8220;ONLARA FIRSAT E\u015e\u0130TL\u0130\u011e\u0130 SA\u011eLAMAK HEP\u0130M\u0130Z\u0130N SORUMLULU\u011eUNDADIR&#8221;\u00a0 Etkinli\u011finde &#8216;+1&#8217; farkla sevgi zinciri olu\u015fturularak hep birlikte &#8216;sevgiyle b\u00fcy\u00fcyoruz&#8217; mesaj\u0131 verildi. Mavi ve sar\u0131 balonlar g\u00fczel dileklerle g\u00f6ky\u00fcz\u00fcne b\u0131rak\u0131ld\u0131. \u00c7ocuklar i\u00e7in haz\u0131rlanan pasta kesimi hep birlikte ger\u00e7ekle\u015ftirilerek m\u00fczik e\u015fli\u011finde dans g\u00f6sterileri yap\u0131ld\u0131. Silifke \u00d6zel \u00c7ocuklar Etkile\u015fim Derne\u011fi Ba\u015fkan\u0131 Erhan D\u00fczg\u00fcn yapt\u0131\u011f\u0131 konu\u015fmada, etkinli\u011fin d\u00fczenlenmesinde katk\u0131 sa\u011flayanlara te\u015fekk\u00fcr ederek, \u015fu s\u00f6zleri dile getirdi:\u00a0 &#8220;\u00d6zel bireylerimize y\u00f6nelik olarak fizyoterapist ve diyetisyen hizmetinin, s\u00fcreklilik esas\u0131na dayanarak semt poliklini\u011fimizde sunulmas\u0131n\u0131 sa\u011flayan de\u011ferli \u0130l\u00e7e Sa\u011fl\u0131k M\u00fcd\u00fcr\u00fcm\u00fcze ve Ba\u015fhekimimize g\u00f6n\u00fclden bir kez daha te\u015fekk\u00fcr ediyorum. Bu \u00f6nemli hizmet, \u00f6zel bireylerimizin sa\u011fl\u0131k ve ya\u015fam kalitesini art\u0131rmak ad\u0131na at\u0131lm\u0131\u015f b\u00fcy\u00fck bir ad\u0131md\u0131r. \u0130n\u015fallah en k\u0131sa zamanda, \u00f6zel bireylerimizin en b\u00fcy\u00fck sorunlar\u0131ndan biri olan di\u015f tedavi s\u00fcre\u00e7lerini de destekleriyle \u00e7\u00f6z\u00fcme kavu\u015fturarak, ailelerimizin Mersin&#8217;e gitmesine veya \u00f6zel hastanelere y\u00f6nelmek zorunda kalmas\u0131na gerek kalmadan, bu hizmeti Silifke&#8217;de sunaca\u011f\u0131z. Bu sayede, \u00f6zel bireylerimizin sa\u011fl\u0131k hizmetlerine eri\u015fimini kolayla\u015ft\u0131rarak onlar\u0131n ya\u015fam standartlar\u0131n\u0131 daha da y\u00fckseltmeyi hedefliyoruz. Etkinli\u011fimize katk\u0131 sunan Silifke Belediyesine, de\u011ferli kurum amirlerimize, g\u00f6n\u00fcll\u00fclerimize ve eme\u011fi ge\u00e7en herkese &hellip;\" \/>\n<meta property=\"og:url\" content=\"http:\/\/denizcankizil.tr\/en\/haberler\/gundem\/silifkede-down-sendromlu-cocuklar-icin-anlamli-bulusma\/\" \/>\n<meta property=\"og:site_name\" content=\"Av. Deniz Can K\u0131z\u0131l\" \/>\n<meta property=\"article:published_time\" content=\"2025-03-21T08:41:55+00:00\" \/>\n<meta name=\"author\" content=\"Antalya K\u00f6rfez\" \/>\n<meta name=\"twitter:card\" content=\"summary_large_image\" \/>\n<meta name=\"twitter:label1\" content=\"Written by\" \/>\n\t<meta name=\"twitter:data1\" content=\"Antalya K\u00f6rfez\" \/>\n\t<meta name=\"twitter:label2\" content=\"Estimated reading time\" \/>\n\t<meta name=\"twitter:data2\" content=\"3 minutes\" \/>\n<script type=\"application\/ld+json\" class=\"yoast-schema-graph\">{\"@context\":\"https:\/\/schema.org\",\"@graph\":[{\"@type\":\"Article\",\"@id\":\"http:\/\/denizcankizil.tr\/en\/haberler\/gundem\/silifkede-down-sendromlu-cocuklar-icin-anlamli-bulusma\/#article\",\"isPartOf\":{\"@id\":\"http:\/\/denizcankizil.tr\/en\/haberler\/gundem\/silifkede-down-sendromlu-cocuklar-icin-anlamli-bulusma\/\"},\"author\":{\"name\":\"Antalya K\u00f6rfez\",\"@id\":\"https:\/\/denizcankizil.tr\/#\/schema\/person\/e1eb71bb4dd684d46563f0af307e1234\"},\"headline\":\"Silifke&#8217;de down sendromlu \u00e7ocuklar i\u00e7in anlaml\u0131 bulu\u015fma\",\"datePublished\":\"2025-03-21T08:41:55+00:00\",\"mainEntityOfPage\":{\"@id\":\"http:\/\/denizcankizil.tr\/en\/haberler\/gundem\/silifkede-down-sendromlu-cocuklar-icin-anlamli-bulusma\/\"},\"wordCount\":662,\"publisher\":{\"@id\":\"https:\/\/denizcankizil.tr\/#organization\"},\"articleSection\":[\"G\u00fcndem\"],\"inLanguage\":\"en-GB\"},{\"@type\":\"WebPage\",\"@id\":\"http:\/\/denizcankizil.tr\/en\/haberler\/gundem\/silifkede-down-sendromlu-cocuklar-icin-anlamli-bulusma\/\",\"url\":\"http:\/\/denizcankizil.tr\/en\/haberler\/gundem\/silifkede-down-sendromlu-cocuklar-icin-anlamli-bulusma\/\",\"name\":\"Silifke'de down sendromlu \u00e7ocuklar i\u00e7in anlaml\u0131 bulu\u015fma - Av. Deniz Can K\u0131z\u0131l\",\"isPartOf\":{\"@id\":\"https:\/\/denizcankizil.tr\/#website\"},\"datePublished\":\"2025-03-21T08:41:55+00:00\",\"breadcrumb\":{\"@id\":\"http:\/\/denizcankizil.tr\/en\/haberler\/gundem\/silifkede-down-sendromlu-cocuklar-icin-anlamli-bulusma\/#breadcrumb\"},\"inLanguage\":\"en-GB\",\"potentialAction\":[{\"@type\":\"ReadAction\",\"target\":[\"http:\/\/denizcankizil.tr\/en\/haberler\/gundem\/silifkede-down-sendromlu-cocuklar-icin-anlamli-bulusma\/\"]}]},{\"@type\":\"BreadcrumbList\",\"@id\":\"http:\/\/denizcankizil.tr\/en\/haberler\/gundem\/silifkede-down-sendromlu-cocuklar-icin-anlamli-bulusma\/#breadcrumb\",\"itemListElement\":[{\"@type\":\"ListItem\",\"position\":1,\"name\":\"Home\",\"item\":\"https:\/\/denizcankizil.tr\/de\/\"},{\"@type\":\"ListItem\",\"position\":2,\"name\":\"Silifke&#8217;de down sendromlu \u00e7ocuklar i\u00e7in anlaml\u0131 bulu\u015fma\"}]},{\"@type\":\"WebSite\",\"@id\":\"https:\/\/denizcankizil.tr\/#website\",\"url\":\"https:\/\/denizcankizil.tr\/\",\"name\":\"Av. Deniz Can K\u0131z\u0131l\",\"description\":\"Avukat Deniz Can K\u0131z\u0131l Antalya Barosu\",\"publisher\":{\"@id\":\"https:\/\/denizcankizil.tr\/#organization\"},\"potentialAction\":[{\"@type\":\"SearchAction\",\"target\":{\"@type\":\"EntryPoint\",\"urlTemplate\":\"https:\/\/denizcankizil.tr\/?s={search_term_string}\"},\"query-input\":{\"@type\":\"PropertyValueSpecification\",\"valueRequired\":true,\"valueName\":\"search_term_string\"}}],\"inLanguage\":\"en-GB\"},{\"@type\":\"Organization\",\"@id\":\"https:\/\/denizcankizil.tr\/#organization\",\"name\":\"Av. Deniz Can K\u0131z\u0131l\",\"url\":\"https:\/\/denizcankizil.tr\/\",\"logo\":{\"@type\":\"ImageObject\",\"inLanguage\":\"en-GB\",\"@id\":\"https:\/\/denizcankizil.tr\/#\/schema\/logo\/image\/\",\"url\":\"http:\/\/denizcankizil.tr\/wp-content\/uploads\/2024\/10\/siyah-logo-svg.svg\",\"contentUrl\":\"http:\/\/denizcankizil.tr\/wp-content\/uploads\/2024\/10\/siyah-logo-svg.svg\",\"width\":1080,\"height\":1080,\"caption\":\"Av. Deniz Can K\u0131z\u0131l\"},\"image\":{\"@id\":\"https:\/\/denizcankizil.tr\/#\/schema\/logo\/image\/\"}},{\"@type\":\"Person\",\"@id\":\"https:\/\/denizcankizil.tr\/#\/schema\/person\/e1eb71bb4dd684d46563f0af307e1234\",\"name\":\"Antalya K\u00f6rfez\",\"image\":{\"@type\":\"ImageObject\",\"inLanguage\":\"en-GB\",\"@id\":\"https:\/\/denizcankizil.tr\/#\/schema\/person\/image\/\",\"url\":\"https:\/\/secure.gravatar.com\/avatar\/42b01982558a48a0b501fdcab6a408d3717ea5919095ee2e67b0e521799c5905?s=96&d=mm&r=g\",\"contentUrl\":\"https:\/\/secure.gravatar.com\/avatar\/42b01982558a48a0b501fdcab6a408d3717ea5919095ee2e67b0e521799c5905?s=96&d=mm&r=g\",\"caption\":\"Antalya K\u00f6rfez\"},\"sameAs\":[\"http:\/\/www.antalyakorfez.com\"],\"url\":\"https:\/\/www.antalyakorfez.com\/silifkede-down-sendromlu-cocuklar-icin-anlamli-bulusma\"}]}<\/script>\n<!-- \/ Yoast SEO Premium plugin. -->","yoast_head_json":{"title":"Silifke'de down sendromlu \u00e7ocuklar i\u00e7in anlaml\u0131 bulu\u015fma - Av. Deniz Can K\u0131z\u0131l","robots":{"index":"index","follow":"follow","max-snippet":"max-snippet:-1","max-image-preview":"max-image-preview:large","max-video-preview":"max-video-preview:-1"},"canonical":"http:\/\/denizcankizil.tr\/en\/haberler\/gundem\/silifkede-down-sendromlu-cocuklar-icin-anlamli-bulusma\/","og_locale":"en_GB","og_type":"article","og_title":"Silifke'de down sendromlu \u00e7ocuklar i\u00e7in anlaml\u0131 bulu\u015fma","og_description":"Mersin&#8217;in Silifke il\u00e7esinde, 21 Mart D\u00fcnya Down Sendromu Fark\u0131ndal\u0131k G\u00fcn\u00fc kapsam\u0131nda Silifke \u00d6zel \u00c7ocuklar Etkile\u015fim Derne\u011fi, Silifke \u0130l\u00e7e Sa\u011fl\u0131k M\u00fcd\u00fcrl\u00fc\u011f\u00fc ve Silifke Devlet Hastanesi&#8217;nin koordinesinde \u0130l\u00e7e Sa\u011fl\u0131k M\u00fcd\u00fcrl\u00fc\u011f\u00fcnde \u00e7al\u0131\u015fan sa\u011fl\u0131k\u00e7\u0131lar, protokol, aileler ve \u00f6zel \u00e7ocuklar bir araya geldi.\u00a0 &#8220;ONLARA FIRSAT E\u015e\u0130TL\u0130\u011e\u0130 SA\u011eLAMAK HEP\u0130M\u0130Z\u0130N SORUMLULU\u011eUNDADIR&#8221;\u00a0 Etkinli\u011finde &#8216;+1&#8217; farkla sevgi zinciri olu\u015fturularak hep birlikte &#8216;sevgiyle b\u00fcy\u00fcyoruz&#8217; mesaj\u0131 verildi. Mavi ve sar\u0131 balonlar g\u00fczel dileklerle g\u00f6ky\u00fcz\u00fcne b\u0131rak\u0131ld\u0131. \u00c7ocuklar i\u00e7in haz\u0131rlanan pasta kesimi hep birlikte ger\u00e7ekle\u015ftirilerek m\u00fczik e\u015fli\u011finde dans g\u00f6sterileri yap\u0131ld\u0131. Silifke \u00d6zel \u00c7ocuklar Etkile\u015fim Derne\u011fi Ba\u015fkan\u0131 Erhan D\u00fczg\u00fcn yapt\u0131\u011f\u0131 konu\u015fmada, etkinli\u011fin d\u00fczenlenmesinde katk\u0131 sa\u011flayanlara te\u015fekk\u00fcr ederek, \u015fu s\u00f6zleri dile getirdi:\u00a0 &#8220;\u00d6zel bireylerimize y\u00f6nelik olarak fizyoterapist ve diyetisyen hizmetinin, s\u00fcreklilik esas\u0131na dayanarak semt poliklini\u011fimizde sunulmas\u0131n\u0131 sa\u011flayan de\u011ferli \u0130l\u00e7e Sa\u011fl\u0131k M\u00fcd\u00fcr\u00fcm\u00fcze ve Ba\u015fhekimimize g\u00f6n\u00fclden bir kez daha te\u015fekk\u00fcr ediyorum. Bu \u00f6nemli hizmet, \u00f6zel bireylerimizin sa\u011fl\u0131k ve ya\u015fam kalitesini art\u0131rmak ad\u0131na at\u0131lm\u0131\u015f b\u00fcy\u00fck bir ad\u0131md\u0131r. \u0130n\u015fallah en k\u0131sa zamanda, \u00f6zel bireylerimizin en b\u00fcy\u00fck sorunlar\u0131ndan biri olan di\u015f tedavi s\u00fcre\u00e7lerini de destekleriyle \u00e7\u00f6z\u00fcme kavu\u015fturarak, ailelerimizin Mersin&#8217;e gitmesine veya \u00f6zel hastanelere y\u00f6nelmek zorunda kalmas\u0131na gerek kalmadan, bu hizmeti Silifke&#8217;de sunaca\u011f\u0131z. Bu sayede, \u00f6zel bireylerimizin sa\u011fl\u0131k hizmetlerine eri\u015fimini kolayla\u015ft\u0131rarak onlar\u0131n ya\u015fam standartlar\u0131n\u0131 daha da y\u00fckseltmeyi hedefliyoruz. Etkinli\u011fimize katk\u0131 sunan Silifke Belediyesine, de\u011ferli kurum amirlerimize, g\u00f6n\u00fcll\u00fclerimize ve eme\u011fi ge\u00e7en herkese &hellip;","og_url":"http:\/\/denizcankizil.tr\/en\/haberler\/gundem\/silifkede-down-sendromlu-cocuklar-icin-anlamli-bulusma\/","og_site_name":"Av. Deniz Can K\u0131z\u0131l","article_published_time":"2025-03-21T08:41:55+00:00","author":"Antalya K\u00f6rfez","twitter_card":"summary_large_image","twitter_misc":{"Written by":"Antalya K\u00f6rfez","Estimated reading time":"3 minutes"},"schema":{"@context":"https:\/\/schema.org","@graph":[{"@type":"Article","@id":"http:\/\/denizcankizil.tr\/en\/haberler\/gundem\/silifkede-down-sendromlu-cocuklar-icin-anlamli-bulusma\/#article","isPartOf":{"@id":"http:\/\/denizcankizil.tr\/en\/haberler\/gundem\/silifkede-down-sendromlu-cocuklar-icin-anlamli-bulusma\/"},"author":{"name":"Antalya K\u00f6rfez","@id":"https:\/\/denizcankizil.tr\/#\/schema\/person\/e1eb71bb4dd684d46563f0af307e1234"},"headline":"Silifke&#8217;de down sendromlu \u00e7ocuklar i\u00e7in anlaml\u0131 bulu\u015fma","datePublished":"2025-03-21T08:41:55+00:00","mainEntityOfPage":{"@id":"http:\/\/denizcankizil.tr\/en\/haberler\/gundem\/silifkede-down-sendromlu-cocuklar-icin-anlamli-bulusma\/"},"wordCount":662,"publisher":{"@id":"https:\/\/denizcankizil.tr\/#organization"},"articleSection":["G\u00fcndem"],"inLanguage":"en-GB"},{"@type":"WebPage","@id":"http:\/\/denizcankizil.tr\/en\/haberler\/gundem\/silifkede-down-sendromlu-cocuklar-icin-anlamli-bulusma\/","url":"http:\/\/denizcankizil.tr\/en\/haberler\/gundem\/silifkede-down-sendromlu-cocuklar-icin-anlamli-bulusma\/","name":"Silifke'de down sendromlu \u00e7ocuklar i\u00e7in anlaml\u0131 bulu\u015fma - Av. Deniz Can K\u0131z\u0131l","isPartOf":{"@id":"https:\/\/denizcankizil.tr\/#website"},"datePublished":"2025-03-21T08:41:55+00:00","breadcrumb":{"@id":"http:\/\/denizcankizil.tr\/en\/haberler\/gundem\/silifkede-down-sendromlu-cocuklar-icin-anlamli-bulusma\/#breadcrumb"},"inLanguage":"en-GB","potentialAction":[{"@type":"ReadAction","target":["http:\/\/denizcankizil.tr\/en\/haberler\/gundem\/silifkede-down-sendromlu-cocuklar-icin-anlamli-bulusma\/"]}]},{"@type":"BreadcrumbList","@id":"http:\/\/denizcankizil.tr\/en\/haberler\/gundem\/silifkede-down-sendromlu-cocuklar-icin-anlamli-bulusma\/#breadcrumb","itemListElement":[{"@type":"ListItem","position":1,"name":"Home","item":"https:\/\/denizcankizil.tr\/de\/"},{"@type":"ListItem","position":2,"name":"Silifke&#8217;de down sendromlu \u00e7ocuklar i\u00e7in anlaml\u0131 bulu\u015fma"}]},{"@type":"WebSite","@id":"https:\/\/denizcankizil.tr\/#website","url":"https:\/\/denizcankizil.tr\/","name":"Av. Deniz Can K\u0131z\u0131l","description":"Avukat Deniz Can K\u0131z\u0131l Antalya Barosu","publisher":{"@id":"https:\/\/denizcankizil.tr\/#organization"},"potentialAction":[{"@type":"SearchAction","target":{"@type":"EntryPoint","urlTemplate":"https:\/\/denizcankizil.tr\/?s={search_term_string}"},"query-input":{"@type":"PropertyValueSpecification","valueRequired":true,"valueName":"search_term_string"}}],"inLanguage":"en-GB"},{"@type":"Organization","@id":"https:\/\/denizcankizil.tr\/#organization","name":"Av. Deniz Can K\u0131z\u0131l","url":"https:\/\/denizcankizil.tr\/","logo":{"@type":"ImageObject","inLanguage":"en-GB","@id":"https:\/\/denizcankizil.tr\/#\/schema\/logo\/image\/","url":"http:\/\/denizcankizil.tr\/wp-content\/uploads\/2024\/10\/siyah-logo-svg.svg","contentUrl":"http:\/\/denizcankizil.tr\/wp-content\/uploads\/2024\/10\/siyah-logo-svg.svg","width":1080,"height":1080,"caption":"Av. Deniz Can K\u0131z\u0131l"},"image":{"@id":"https:\/\/denizcankizil.tr\/#\/schema\/logo\/image\/"}},{"@type":"Person","@id":"https:\/\/denizcankizil.tr\/#\/schema\/person\/e1eb71bb4dd684d46563f0af307e1234","name":"Antalya K\u00f6rfez","image":{"@type":"ImageObject","inLanguage":"en-GB","@id":"https:\/\/denizcankizil.tr\/#\/schema\/person\/image\/","url":"https:\/\/secure.gravatar.com\/avatar\/42b01982558a48a0b501fdcab6a408d3717ea5919095ee2e67b0e521799c5905?s=96&d=mm&r=g","contentUrl":"https:\/\/secure.gravatar.com\/avatar\/42b01982558a48a0b501fdcab6a408d3717ea5919095ee2e67b0e521799c5905?s=96&d=mm&r=g","caption":"Antalya K\u00f6rfez"},"sameAs":["http:\/\/www.antalyakorfez.com"],"url":"https:\/\/www.antalyakorfez.com\/silifkede-down-sendromlu-cocuklar-icin-anlamli-bulusma"}]}},"_links":{"self":[{"href":"http:\/\/denizcankizil.tr\/en\/wp-json\/wp\/v2\/posts\/36454","targetHints":{"allow":["GET"]}}],"collection":[{"href":"http:\/\/denizcankizil.tr\/en\/wp-json\/wp\/v2\/posts"}],"about":[{"href":"http:\/\/denizcankizil.tr\/en\/wp-json\/wp\/v2\/types\/post"}],"author":[{"embeddable":true,"href":"http:\/\/denizcankizil.tr\/en\/wp-json\/wp\/v2\/users\/5"}],"replies":[{"embeddable":true,"href":"http:\/\/denizcankizil.tr\/en\/wp-json\/wp\/v2\/comments?post=36454"}],"version-history":[{"count":0,"href":"http:\/\/denizcankizil.tr\/en\/wp-json\/wp\/v2\/posts\/36454\/revisions"}],"wp:attachment":[{"href":"http:\/\/denizcankizil.tr\/en\/wp-json\/wp\/v2\/media?parent=36454"}],"wp:term":[{"taxonomy":"category","embeddable":true,"href":"http:\/\/denizcankizil.tr\/en\/wp-json\/wp\/v2\/categories?post=36454"},{"taxonomy":"post_tag","embeddable":true,"href":"http:\/\/denizcankizil.tr\/en\/wp-json\/wp\/v2\/tags?post=36454"}],"curies":[{"name":"wp","href":"https:\/\/api.w.org\/{rel}","templated":true}]}}