{"id":36434,"date":"2025-03-20T22:41:20","date_gmt":"2025-03-20T19:41:20","guid":{"rendered":"https:\/\/denizcankizil.tr\/uncategorized-tr\/beylikduzu-belediye-baskani-caliktan-bilgi-kirliligi-aciklamasi\/"},"modified":"2025-03-20T22:41:20","modified_gmt":"2025-03-20T19:41:20","slug":"beylikduzu-belediye-baskani-caliktan-bilgi-kirliligi-aciklamasi","status":"publish","type":"post","link":"http:\/\/denizcankizil.tr\/en\/haberler\/gundem\/beylikduzu-belediye-baskani-caliktan-bilgi-kirliligi-aciklamasi\/","title":{"rendered":"Beylikd\u00fcz\u00fc Belediye Ba\u015fkan\u0131 \u00c7al\u0131k&#8217;tan &#8216;bilgi kirlili\u011fi&#8217; a\u00e7\u0131klamas\u0131"},"content":{"rendered":"<p>\u0130stanbul B\u00fcy\u00fck\u015fehir Belediye Ba\u015fkan\u0131 Ekrem \u0130mamo\u011flu ile birlikte g\u00f6zalt\u0131na al\u0131nanlar aras\u0131nda yer alan Beylikd\u00fcz\u00fc Belediye Ba\u015fkan\u0131 Mehmet Murat \u00c7al\u0131k, avukat\u0131 arac\u0131l\u0131\u011f\u0131yla sosyal medyada yay\u0131lan bilgi kirlili\u011fine il\u015fikin resmi a\u00e7\u0131klamada bulundu.\u0130STANBUL (\u0130GFA) &#8211; \u0130stanbul Beylikd\u00fcz\u00fc Belediye Ba\u015fkan\u0131 Mehmet Murat \u00c7al\u0131k&#8217;\u0131n vekili Avukat Melih Ko\u00e7han, sosyal medyada yay\u0131lan bilgi kirlili\u011fine y\u00f6nelik a\u00e7\u0131klama yapt\u0131.<br \/>\nBa\u015fkan \u00c7al\u0131k hakk\u0131nda sistematik bir dezenformasyon kampanyas\u0131 y\u00fcr\u00fct\u00fcld\u00fc\u011f\u00fcn\u00fc belirtirken, &#8220;Hakk\u0131m\u0131zda y\u00f6neltilen iddialar\u0131ndan haberdar dahi de\u011filken, bu t\u00fcr as\u0131ls\u0131z payla\u015f\u0131mlara itibare edilmemesini rica ederiz. Ger\u00e7e\u011fe ayk\u0131r\u0131 haberler ve sahte i\u00e7eriklerin tamam\u0131yla ilgili yasal yollara ba\u015fvurarak su\u00e7 duyurusunda bulunaca\u011f\u0131m\u0131z\u0131 ve kamuoyunu d\u00fczenli olarak bilgliendirmeye devam edilece\u011fini bildiririz&#8221; denildi.<\/p>\n<p>\u200b\u0130stanbul B\u00fcy\u00fck\u015fehir Belediye Ba\u015fkan\u0131 Ekrem \u0130mamo\u011flu ile birlikte g\u00f6zalt\u0131na al\u0131nanlar aras\u0131nda yer alan Beylikd\u00fcz\u00fc Belediye Ba\u015fkan\u0131 Mehmet Murat \u00c7al\u0131k, avukat\u0131 arac\u0131l\u0131\u011f\u0131yla sosyal medyada yay\u0131lan bilgi kirlili\u011fine il\u015fikin resmi a\u00e7\u0131klamada bulundu.\u0130STANBUL (\u0130GFA) &#8211; \u0130stanbul Beylikd\u00fcz\u00fc Belediye Ba\u015fkan\u0131 Mehmet Murat \u00c7al\u0131k&#8217;\u0131n vekili Avukat Melih Ko\u00e7han, sosyal medyada yay\u0131lan bilgi kirlili\u011fine y\u00f6nelik a\u00e7\u0131klama yapt\u0131.<br \/>\nBa\u015fkan \u00c7al\u0131k hakk\u0131nda sistematik bir dezenformasyon kampanyas\u0131 y\u00fcr\u00fct\u00fcld\u00fc\u011f\u00fcn\u00fc belirtirken, &#8220;Hakk\u0131m\u0131zda y\u00f6neltilen iddialar\u0131ndan haberdar dahi de\u011filken, bu t\u00fcr as\u0131ls\u0131z payla\u015f\u0131mlara itibare edilmemesini rica ederiz. Ger\u00e7e\u011fe ayk\u0131r\u0131 haberler ve sahte i\u00e7eriklerin tamam\u0131yla ilgili yasal yollara ba\u015fvurarak su\u00e7 duyurusunda bulunaca\u011f\u0131m\u0131z\u0131 ve kamuoyunu d\u00fczenli olarak bilgliendirmeye devam edilece\u011fini bildiririz&#8221; denildi.\u00a0<\/p>\n<p>\u200bHaberin Al\u0131nt\u0131land\u0131\u011f\u0131 Kaynak: www.iskenderun.org<\/p>","protected":false},"excerpt":{"rendered":"<p>\u0130stanbul B\u00fcy\u00fck\u015fehir Belediye Ba\u015fkan\u0131 Ekrem \u0130mamo\u011flu ile birlikte g\u00f6zalt\u0131na al\u0131nanlar aras\u0131nda yer alan Beylikd\u00fcz\u00fc Belediye Ba\u015fkan\u0131 Mehmet Murat \u00c7al\u0131k, avukat\u0131 arac\u0131l\u0131\u011f\u0131yla sosyal medyada yay\u0131lan bilgi kirlili\u011fine il\u015fikin resmi a\u00e7\u0131klamada bulundu.\u0130STANBUL (\u0130GFA) &#8211; \u0130stanbul Beylikd\u00fcz\u00fc Belediye Ba\u015fkan\u0131 Mehmet Murat \u00c7al\u0131k&#8217;\u0131n vekili Avukat Melih Ko\u00e7han, sosyal medyada yay\u0131lan bilgi kirlili\u011fine y\u00f6nelik a\u00e7\u0131klama yapt\u0131. Ba\u015fkan \u00c7al\u0131k hakk\u0131nda sistematik bir dezenformasyon kampanyas\u0131 y\u00fcr\u00fct\u00fcld\u00fc\u011f\u00fcn\u00fc belirtirken, &#8220;Hakk\u0131m\u0131zda y\u00f6neltilen iddialar\u0131ndan haberdar dahi de\u011filken, bu t\u00fcr as\u0131ls\u0131z payla\u015f\u0131mlara itibare edilmemesini rica ederiz. Ger\u00e7e\u011fe ayk\u0131r\u0131 haberler ve sahte i\u00e7eriklerin tamam\u0131yla ilgili yasal yollara ba\u015fvurarak su\u00e7 duyurusunda bulunaca\u011f\u0131m\u0131z\u0131 ve kamuoyunu d\u00fczenli olarak bilgliendirmeye devam edilece\u011fini bildiririz&#8221; denildi. \u200b\u0130stanbul B\u00fcy\u00fck\u015fehir Belediye Ba\u015fkan\u0131 Ekrem \u0130mamo\u011flu ile birlikte g\u00f6zalt\u0131na al\u0131nanlar aras\u0131nda yer alan Beylikd\u00fcz\u00fc Belediye Ba\u015fkan\u0131 Mehmet Murat \u00c7al\u0131k, avukat\u0131 arac\u0131l\u0131\u011f\u0131yla sosyal medyada yay\u0131lan bilgi kirlili\u011fine il\u015fikin resmi a\u00e7\u0131klamada bulundu.\u0130STANBUL (\u0130GFA) &#8211; \u0130stanbul Beylikd\u00fcz\u00fc Belediye Ba\u015fkan\u0131 Mehmet Murat \u00c7al\u0131k&#8217;\u0131n vekili Avukat Melih Ko\u00e7han, sosyal medyada yay\u0131lan bilgi kirlili\u011fine y\u00f6nelik a\u00e7\u0131klama yapt\u0131. Ba\u015fkan \u00c7al\u0131k hakk\u0131nda sistematik bir dezenformasyon kampanyas\u0131 y\u00fcr\u00fct\u00fcld\u00fc\u011f\u00fcn\u00fc belirtirken, &#8220;Hakk\u0131m\u0131zda y\u00f6neltilen iddialar\u0131ndan haberdar dahi de\u011filken, bu t\u00fcr as\u0131ls\u0131z payla\u015f\u0131mlara itibare edilmemesini rica ederiz. Ger\u00e7e\u011fe ayk\u0131r\u0131 haberler ve sahte i\u00e7eriklerin tamam\u0131yla ilgili yasal yollara ba\u015fvurarak su\u00e7 duyurusunda bulunaca\u011f\u0131m\u0131z\u0131 ve kamuoyunu d\u00fczenli olarak bilgliendirmeye devam edilece\u011fini bildiririz&#8221; denildi.\u00a0 \u200bHaberin Al\u0131nt\u0131land\u0131\u011f\u0131 Kaynak: www.iskenderun.org<\/p>","protected":false},"author":1,"featured_media":0,"comment_status":"","ping_status":"open","sticky":false,"template":"","format":"standard","meta":{"_acf_changed":false,"footnotes":""},"categories":[24],"tags":[],"class_list":["post-36434","post","type-post","status-publish","format-standard","has-post-thumbnail","hentry","category-gundem"],"acf":[],"yoast_head":"<!-- This site is optimized with the Yoast SEO Premium plugin v26.6 (Yoast SEO v27.1.1) - https:\/\/yoast.com\/product\/yoast-seo-premium-wordpress\/ -->\n<title>Beylikd\u00fcz\u00fc Belediye Ba\u015fkan\u0131 \u00c7al\u0131k&#039;tan &#039;bilgi kirlili\u011fi&#039; a\u00e7\u0131klamas\u0131 - Av. Deniz Can K\u0131z\u0131l<\/title>\n<meta name=\"robots\" content=\"index, follow, max-snippet:-1, max-image-preview:large, max-video-preview:-1\" \/>\n<link rel=\"canonical\" href=\"https:\/\/denizcankizil.tr\/en\/haberler\/gundem\/beylikduzu-belediye-baskani-caliktan-bilgi-kirliligi-aciklamasi\/\" \/>\n<meta property=\"og:locale\" content=\"en_GB\" \/>\n<meta property=\"og:type\" content=\"article\" \/>\n<meta property=\"og:title\" content=\"Beylikd\u00fcz\u00fc Belediye Ba\u015fkan\u0131 \u00c7al\u0131k&#039;tan &#039;bilgi kirlili\u011fi&#039; a\u00e7\u0131klamas\u0131\" \/>\n<meta property=\"og:description\" content=\"\u0130stanbul B\u00fcy\u00fck\u015fehir Belediye Ba\u015fkan\u0131 Ekrem \u0130mamo\u011flu ile birlikte g\u00f6zalt\u0131na al\u0131nanlar aras\u0131nda yer alan Beylikd\u00fcz\u00fc Belediye Ba\u015fkan\u0131 Mehmet Murat \u00c7al\u0131k, avukat\u0131 arac\u0131l\u0131\u011f\u0131yla sosyal medyada yay\u0131lan bilgi kirlili\u011fine il\u015fikin resmi a\u00e7\u0131klamada bulundu.\u0130STANBUL (\u0130GFA) &#8211; \u0130stanbul Beylikd\u00fcz\u00fc Belediye Ba\u015fkan\u0131 Mehmet Murat \u00c7al\u0131k&#8217;\u0131n vekili Avukat Melih Ko\u00e7han, sosyal medyada yay\u0131lan bilgi kirlili\u011fine y\u00f6nelik a\u00e7\u0131klama yapt\u0131. Ba\u015fkan \u00c7al\u0131k hakk\u0131nda sistematik bir dezenformasyon kampanyas\u0131 y\u00fcr\u00fct\u00fcld\u00fc\u011f\u00fcn\u00fc belirtirken, &#8220;Hakk\u0131m\u0131zda y\u00f6neltilen iddialar\u0131ndan haberdar dahi de\u011filken, bu t\u00fcr as\u0131ls\u0131z payla\u015f\u0131mlara itibare edilmemesini rica ederiz. Ger\u00e7e\u011fe ayk\u0131r\u0131 haberler ve sahte i\u00e7eriklerin tamam\u0131yla ilgili yasal yollara ba\u015fvurarak su\u00e7 duyurusunda bulunaca\u011f\u0131m\u0131z\u0131 ve kamuoyunu d\u00fczenli olarak bilgliendirmeye devam edilece\u011fini bildiririz&#8221; denildi. \u200b\u0130stanbul B\u00fcy\u00fck\u015fehir Belediye Ba\u015fkan\u0131 Ekrem \u0130mamo\u011flu ile birlikte g\u00f6zalt\u0131na al\u0131nanlar aras\u0131nda yer alan Beylikd\u00fcz\u00fc Belediye Ba\u015fkan\u0131 Mehmet Murat \u00c7al\u0131k, avukat\u0131 arac\u0131l\u0131\u011f\u0131yla sosyal medyada yay\u0131lan bilgi kirlili\u011fine il\u015fikin resmi a\u00e7\u0131klamada bulundu.\u0130STANBUL (\u0130GFA) &#8211; \u0130stanbul Beylikd\u00fcz\u00fc Belediye Ba\u015fkan\u0131 Mehmet Murat \u00c7al\u0131k&#8217;\u0131n vekili Avukat Melih Ko\u00e7han, sosyal medyada yay\u0131lan bilgi kirlili\u011fine y\u00f6nelik a\u00e7\u0131klama yapt\u0131. Ba\u015fkan \u00c7al\u0131k hakk\u0131nda sistematik bir dezenformasyon kampanyas\u0131 y\u00fcr\u00fct\u00fcld\u00fc\u011f\u00fcn\u00fc belirtirken, &#8220;Hakk\u0131m\u0131zda y\u00f6neltilen iddialar\u0131ndan haberdar dahi de\u011filken, bu t\u00fcr as\u0131ls\u0131z payla\u015f\u0131mlara itibare edilmemesini rica ederiz. Ger\u00e7e\u011fe ayk\u0131r\u0131 haberler ve sahte i\u00e7eriklerin tamam\u0131yla ilgili yasal yollara ba\u015fvurarak su\u00e7 duyurusunda bulunaca\u011f\u0131m\u0131z\u0131 ve kamuoyunu d\u00fczenli olarak bilgliendirmeye devam edilece\u011fini bildiririz&#8221; denildi.\u00a0 \u200bHaberin Al\u0131nt\u0131land\u0131\u011f\u0131 Kaynak: www.iskenderun.org\" \/>\n<meta property=\"og:url\" content=\"https:\/\/denizcankizil.tr\/en\/haberler\/gundem\/beylikduzu-belediye-baskani-caliktan-bilgi-kirliligi-aciklamasi\/\" \/>\n<meta property=\"og:site_name\" content=\"Av. Deniz Can K\u0131z\u0131l\" \/>\n<meta property=\"article:published_time\" content=\"2025-03-20T19:41:20+00:00\" \/>\n<meta name=\"author\" content=\"admin\" \/>\n<meta name=\"twitter:card\" content=\"summary_large_image\" \/>\n<meta name=\"twitter:label1\" content=\"Written by\" \/>\n\t<meta name=\"twitter:data1\" content=\"admin\" \/>\n\t<meta name=\"twitter:label2\" content=\"Estimated reading time\" \/>\n\t<meta name=\"twitter:data2\" content=\"2 minutes\" \/>\n<script type=\"application\/ld+json\" class=\"yoast-schema-graph\">{\"@context\":\"https:\/\/schema.org\",\"@graph\":[{\"@type\":\"Article\",\"@id\":\"https:\/\/denizcankizil.tr\/ru\/haberler\/gundem\/beylikduzu-belediye-baskani-caliktan-bilgi-kirliligi-aciklamasi\/#article\",\"isPartOf\":{\"@id\":\"https:\/\/denizcankizil.tr\/ru\/haberler\/gundem\/beylikduzu-belediye-baskani-caliktan-bilgi-kirliligi-aciklamasi\/\"},\"author\":{\"name\":\"admin\",\"@id\":\"https:\/\/denizcankizil.tr\/de\/#\/schema\/person\/be3c05fe6a12686905512445d8185489\"},\"headline\":\"Beylikd\u00fcz\u00fc Belediye Ba\u015fkan\u0131 \u00c7al\u0131k&#8217;tan &#8216;bilgi kirlili\u011fi&#8217; a\u00e7\u0131klamas\u0131\",\"datePublished\":\"2025-03-20T19:41:20+00:00\",\"mainEntityOfPage\":{\"@id\":\"https:\/\/denizcankizil.tr\/ru\/haberler\/gundem\/beylikduzu-belediye-baskani-caliktan-bilgi-kirliligi-aciklamasi\/\"},\"wordCount\":323,\"publisher\":{\"@id\":\"https:\/\/denizcankizil.tr\/de\/#organization\"},\"articleSection\":[\"G\u00fcndem\"],\"inLanguage\":\"en-GB\"},{\"@type\":\"WebPage\",\"@id\":\"https:\/\/denizcankizil.tr\/ru\/haberler\/gundem\/beylikduzu-belediye-baskani-caliktan-bilgi-kirliligi-aciklamasi\/\",\"url\":\"https:\/\/denizcankizil.tr\/ru\/haberler\/gundem\/beylikduzu-belediye-baskani-caliktan-bilgi-kirliligi-aciklamasi\/\",\"name\":\"Beylikd\u00fcz\u00fc Belediye Ba\u015fkan\u0131 \u00c7al\u0131k'tan 'bilgi kirlili\u011fi' a\u00e7\u0131klamas\u0131 - Av. Deniz Can K\u0131z\u0131l\",\"isPartOf\":{\"@id\":\"https:\/\/denizcankizil.tr\/de\/#website\"},\"datePublished\":\"2025-03-20T19:41:20+00:00\",\"breadcrumb\":{\"@id\":\"https:\/\/denizcankizil.tr\/ru\/haberler\/gundem\/beylikduzu-belediye-baskani-caliktan-bilgi-kirliligi-aciklamasi\/#breadcrumb\"},\"inLanguage\":\"en-GB\",\"potentialAction\":[{\"@type\":\"ReadAction\",\"target\":[\"https:\/\/denizcankizil.tr\/ru\/haberler\/gundem\/beylikduzu-belediye-baskani-caliktan-bilgi-kirliligi-aciklamasi\/\"]}]},{\"@type\":\"BreadcrumbList\",\"@id\":\"https:\/\/denizcankizil.tr\/ru\/haberler\/gundem\/beylikduzu-belediye-baskani-caliktan-bilgi-kirliligi-aciklamasi\/#breadcrumb\",\"itemListElement\":[{\"@type\":\"ListItem\",\"position\":1,\"name\":\"Home\",\"item\":\"https:\/\/denizcankizil.tr\/de\/\"},{\"@type\":\"ListItem\",\"position\":2,\"name\":\"Beylikd\u00fcz\u00fc Belediye Ba\u015fkan\u0131 \u00c7al\u0131k&#8217;tan &#8216;bilgi kirlili\u011fi&#8217; a\u00e7\u0131klamas\u0131\"}]},{\"@type\":\"WebSite\",\"@id\":\"https:\/\/denizcankizil.tr\/de\/#website\",\"url\":\"https:\/\/denizcankizil.tr\/de\/\",\"name\":\"Av. Deniz Can K\u0131z\u0131l\",\"description\":\"Avukat Deniz Can K\u0131z\u0131l Antalya Barosu\",\"publisher\":{\"@id\":\"https:\/\/denizcankizil.tr\/de\/#organization\"},\"potentialAction\":[{\"@type\":\"SearchAction\",\"target\":{\"@type\":\"EntryPoint\",\"urlTemplate\":\"https:\/\/denizcankizil.tr\/de\/?s={search_term_string}\"},\"query-input\":{\"@type\":\"PropertyValueSpecification\",\"valueRequired\":true,\"valueName\":\"search_term_string\"}}],\"inLanguage\":\"en-GB\"},{\"@type\":\"Organization\",\"@id\":\"https:\/\/denizcankizil.tr\/de\/#organization\",\"name\":\"Av. Deniz Can K\u0131z\u0131l\",\"url\":\"https:\/\/denizcankizil.tr\/de\/\",\"logo\":{\"@type\":\"ImageObject\",\"inLanguage\":\"en-GB\",\"@id\":\"https:\/\/denizcankizil.tr\/de\/#\/schema\/logo\/image\/\",\"url\":\"http:\/\/denizcankizil.tr\/wp-content\/uploads\/2024\/10\/siyah-logo-svg.svg\",\"contentUrl\":\"http:\/\/denizcankizil.tr\/wp-content\/uploads\/2024\/10\/siyah-logo-svg.svg\",\"width\":1080,\"height\":1080,\"caption\":\"Av. Deniz Can K\u0131z\u0131l\"},\"image\":{\"@id\":\"https:\/\/denizcankizil.tr\/de\/#\/schema\/logo\/image\/\"}},{\"@type\":\"Person\",\"@id\":\"https:\/\/denizcankizil.tr\/de\/#\/schema\/person\/be3c05fe6a12686905512445d8185489\",\"name\":\"admin\",\"image\":{\"@type\":\"ImageObject\",\"inLanguage\":\"en-GB\",\"@id\":\"https:\/\/denizcankizil.tr\/de\/#\/schema\/person\/image\/\",\"url\":\"https:\/\/secure.gravatar.com\/avatar\/c1fce94c830dc79107e174f890d7210541c4a63e8e5d816341794a2151c9d58c?s=96&d=mm&r=g\",\"contentUrl\":\"https:\/\/secure.gravatar.com\/avatar\/c1fce94c830dc79107e174f890d7210541c4a63e8e5d816341794a2151c9d58c?s=96&d=mm&r=g\",\"caption\":\"admin\"},\"sameAs\":[\"http:\/\/denizcankizil.tr\"],\"url\":\"https:\/\/www.iskenderun.org\/beylikduzu-belediye-baskani-caliktan-bilgi-kirliligi-aciklamasi\"}]}<\/script>\n<!-- \/ Yoast SEO Premium plugin. -->","yoast_head_json":{"title":"Beylikd\u00fcz\u00fc Belediye Ba\u015fkan\u0131 \u00c7al\u0131k'tan 'bilgi kirlili\u011fi' a\u00e7\u0131klamas\u0131 - Av. Deniz Can K\u0131z\u0131l","robots":{"index":"index","follow":"follow","max-snippet":"max-snippet:-1","max-image-preview":"max-image-preview:large","max-video-preview":"max-video-preview:-1"},"canonical":"https:\/\/denizcankizil.tr\/en\/haberler\/gundem\/beylikduzu-belediye-baskani-caliktan-bilgi-kirliligi-aciklamasi\/","og_locale":"en_GB","og_type":"article","og_title":"Beylikd\u00fcz\u00fc Belediye Ba\u015fkan\u0131 \u00c7al\u0131k'tan 'bilgi kirlili\u011fi' a\u00e7\u0131klamas\u0131","og_description":"\u0130stanbul B\u00fcy\u00fck\u015fehir Belediye Ba\u015fkan\u0131 Ekrem \u0130mamo\u011flu ile birlikte g\u00f6zalt\u0131na al\u0131nanlar aras\u0131nda yer alan Beylikd\u00fcz\u00fc Belediye Ba\u015fkan\u0131 Mehmet Murat \u00c7al\u0131k, avukat\u0131 arac\u0131l\u0131\u011f\u0131yla sosyal medyada yay\u0131lan bilgi kirlili\u011fine il\u015fikin resmi a\u00e7\u0131klamada bulundu.\u0130STANBUL (\u0130GFA) &#8211; \u0130stanbul Beylikd\u00fcz\u00fc Belediye Ba\u015fkan\u0131 Mehmet Murat \u00c7al\u0131k&#8217;\u0131n vekili Avukat Melih Ko\u00e7han, sosyal medyada yay\u0131lan bilgi kirlili\u011fine y\u00f6nelik a\u00e7\u0131klama yapt\u0131. Ba\u015fkan \u00c7al\u0131k hakk\u0131nda sistematik bir dezenformasyon kampanyas\u0131 y\u00fcr\u00fct\u00fcld\u00fc\u011f\u00fcn\u00fc belirtirken, &#8220;Hakk\u0131m\u0131zda y\u00f6neltilen iddialar\u0131ndan haberdar dahi de\u011filken, bu t\u00fcr as\u0131ls\u0131z payla\u015f\u0131mlara itibare edilmemesini rica ederiz. Ger\u00e7e\u011fe ayk\u0131r\u0131 haberler ve sahte i\u00e7eriklerin tamam\u0131yla ilgili yasal yollara ba\u015fvurarak su\u00e7 duyurusunda bulunaca\u011f\u0131m\u0131z\u0131 ve kamuoyunu d\u00fczenli olarak bilgliendirmeye devam edilece\u011fini bildiririz&#8221; denildi. \u200b\u0130stanbul B\u00fcy\u00fck\u015fehir Belediye Ba\u015fkan\u0131 Ekrem \u0130mamo\u011flu ile birlikte g\u00f6zalt\u0131na al\u0131nanlar aras\u0131nda yer alan Beylikd\u00fcz\u00fc Belediye Ba\u015fkan\u0131 Mehmet Murat \u00c7al\u0131k, avukat\u0131 arac\u0131l\u0131\u011f\u0131yla sosyal medyada yay\u0131lan bilgi kirlili\u011fine il\u015fikin resmi a\u00e7\u0131klamada bulundu.\u0130STANBUL (\u0130GFA) &#8211; \u0130stanbul Beylikd\u00fcz\u00fc Belediye Ba\u015fkan\u0131 Mehmet Murat \u00c7al\u0131k&#8217;\u0131n vekili Avukat Melih Ko\u00e7han, sosyal medyada yay\u0131lan bilgi kirlili\u011fine y\u00f6nelik a\u00e7\u0131klama yapt\u0131. Ba\u015fkan \u00c7al\u0131k hakk\u0131nda sistematik bir dezenformasyon kampanyas\u0131 y\u00fcr\u00fct\u00fcld\u00fc\u011f\u00fcn\u00fc belirtirken, &#8220;Hakk\u0131m\u0131zda y\u00f6neltilen iddialar\u0131ndan haberdar dahi de\u011filken, bu t\u00fcr as\u0131ls\u0131z payla\u015f\u0131mlara itibare edilmemesini rica ederiz. Ger\u00e7e\u011fe ayk\u0131r\u0131 haberler ve sahte i\u00e7eriklerin tamam\u0131yla ilgili yasal yollara ba\u015fvurarak su\u00e7 duyurusunda bulunaca\u011f\u0131m\u0131z\u0131 ve kamuoyunu d\u00fczenli olarak bilgliendirmeye devam edilece\u011fini bildiririz&#8221; denildi.\u00a0 \u200bHaberin Al\u0131nt\u0131land\u0131\u011f\u0131 Kaynak: www.iskenderun.org","og_url":"https:\/\/denizcankizil.tr\/en\/haberler\/gundem\/beylikduzu-belediye-baskani-caliktan-bilgi-kirliligi-aciklamasi\/","og_site_name":"Av. Deniz Can K\u0131z\u0131l","article_published_time":"2025-03-20T19:41:20+00:00","author":"admin","twitter_card":"summary_large_image","twitter_misc":{"Written by":"admin","Estimated reading time":"2 minutes"},"schema":{"@context":"https:\/\/schema.org","@graph":[{"@type":"Article","@id":"https:\/\/denizcankizil.tr\/ru\/haberler\/gundem\/beylikduzu-belediye-baskani-caliktan-bilgi-kirliligi-aciklamasi\/#article","isPartOf":{"@id":"https:\/\/denizcankizil.tr\/ru\/haberler\/gundem\/beylikduzu-belediye-baskani-caliktan-bilgi-kirliligi-aciklamasi\/"},"author":{"name":"admin","@id":"https:\/\/denizcankizil.tr\/de\/#\/schema\/person\/be3c05fe6a12686905512445d8185489"},"headline":"Beylikd\u00fcz\u00fc Belediye Ba\u015fkan\u0131 \u00c7al\u0131k&#8217;tan &#8216;bilgi kirlili\u011fi&#8217; a\u00e7\u0131klamas\u0131","datePublished":"2025-03-20T19:41:20+00:00","mainEntityOfPage":{"@id":"https:\/\/denizcankizil.tr\/ru\/haberler\/gundem\/beylikduzu-belediye-baskani-caliktan-bilgi-kirliligi-aciklamasi\/"},"wordCount":323,"publisher":{"@id":"https:\/\/denizcankizil.tr\/de\/#organization"},"articleSection":["G\u00fcndem"],"inLanguage":"en-GB"},{"@type":"WebPage","@id":"https:\/\/denizcankizil.tr\/ru\/haberler\/gundem\/beylikduzu-belediye-baskani-caliktan-bilgi-kirliligi-aciklamasi\/","url":"https:\/\/denizcankizil.tr\/ru\/haberler\/gundem\/beylikduzu-belediye-baskani-caliktan-bilgi-kirliligi-aciklamasi\/","name":"Beylikd\u00fcz\u00fc Belediye Ba\u015fkan\u0131 \u00c7al\u0131k'tan 'bilgi kirlili\u011fi' a\u00e7\u0131klamas\u0131 - Av. Deniz Can K\u0131z\u0131l","isPartOf":{"@id":"https:\/\/denizcankizil.tr\/de\/#website"},"datePublished":"2025-03-20T19:41:20+00:00","breadcrumb":{"@id":"https:\/\/denizcankizil.tr\/ru\/haberler\/gundem\/beylikduzu-belediye-baskani-caliktan-bilgi-kirliligi-aciklamasi\/#breadcrumb"},"inLanguage":"en-GB","potentialAction":[{"@type":"ReadAction","target":["https:\/\/denizcankizil.tr\/ru\/haberler\/gundem\/beylikduzu-belediye-baskani-caliktan-bilgi-kirliligi-aciklamasi\/"]}]},{"@type":"BreadcrumbList","@id":"https:\/\/denizcankizil.tr\/ru\/haberler\/gundem\/beylikduzu-belediye-baskani-caliktan-bilgi-kirliligi-aciklamasi\/#breadcrumb","itemListElement":[{"@type":"ListItem","position":1,"name":"Home","item":"https:\/\/denizcankizil.tr\/de\/"},{"@type":"ListItem","position":2,"name":"Beylikd\u00fcz\u00fc Belediye Ba\u015fkan\u0131 \u00c7al\u0131k&#8217;tan &#8216;bilgi kirlili\u011fi&#8217; a\u00e7\u0131klamas\u0131"}]},{"@type":"WebSite","@id":"https:\/\/denizcankizil.tr\/de\/#website","url":"https:\/\/denizcankizil.tr\/de\/","name":"Av. Deniz Can K\u0131z\u0131l","description":"Avukat Deniz Can K\u0131z\u0131l Antalya Barosu","publisher":{"@id":"https:\/\/denizcankizil.tr\/de\/#organization"},"potentialAction":[{"@type":"SearchAction","target":{"@type":"EntryPoint","urlTemplate":"https:\/\/denizcankizil.tr\/de\/?s={search_term_string}"},"query-input":{"@type":"PropertyValueSpecification","valueRequired":true,"valueName":"search_term_string"}}],"inLanguage":"en-GB"},{"@type":"Organization","@id":"https:\/\/denizcankizil.tr\/de\/#organization","name":"Av. Deniz Can K\u0131z\u0131l","url":"https:\/\/denizcankizil.tr\/de\/","logo":{"@type":"ImageObject","inLanguage":"en-GB","@id":"https:\/\/denizcankizil.tr\/de\/#\/schema\/logo\/image\/","url":"http:\/\/denizcankizil.tr\/wp-content\/uploads\/2024\/10\/siyah-logo-svg.svg","contentUrl":"http:\/\/denizcankizil.tr\/wp-content\/uploads\/2024\/10\/siyah-logo-svg.svg","width":1080,"height":1080,"caption":"Av. Deniz Can K\u0131z\u0131l"},"image":{"@id":"https:\/\/denizcankizil.tr\/de\/#\/schema\/logo\/image\/"}},{"@type":"Person","@id":"https:\/\/denizcankizil.tr\/de\/#\/schema\/person\/be3c05fe6a12686905512445d8185489","name":"admin","image":{"@type":"ImageObject","inLanguage":"en-GB","@id":"https:\/\/denizcankizil.tr\/de\/#\/schema\/person\/image\/","url":"https:\/\/secure.gravatar.com\/avatar\/c1fce94c830dc79107e174f890d7210541c4a63e8e5d816341794a2151c9d58c?s=96&d=mm&r=g","contentUrl":"https:\/\/secure.gravatar.com\/avatar\/c1fce94c830dc79107e174f890d7210541c4a63e8e5d816341794a2151c9d58c?s=96&d=mm&r=g","caption":"admin"},"sameAs":["http:\/\/denizcankizil.tr"],"url":"https:\/\/www.iskenderun.org\/beylikduzu-belediye-baskani-caliktan-bilgi-kirliligi-aciklamasi"}]}},"_links":{"self":[{"href":"http:\/\/denizcankizil.tr\/en\/wp-json\/wp\/v2\/posts\/36434","targetHints":{"allow":["GET"]}}],"collection":[{"href":"http:\/\/denizcankizil.tr\/en\/wp-json\/wp\/v2\/posts"}],"about":[{"href":"http:\/\/denizcankizil.tr\/en\/wp-json\/wp\/v2\/types\/post"}],"author":[{"embeddable":true,"href":"http:\/\/denizcankizil.tr\/en\/wp-json\/wp\/v2\/users\/1"}],"replies":[{"embeddable":true,"href":"http:\/\/denizcankizil.tr\/en\/wp-json\/wp\/v2\/comments?post=36434"}],"version-history":[{"count":0,"href":"http:\/\/denizcankizil.tr\/en\/wp-json\/wp\/v2\/posts\/36434\/revisions"}],"wp:attachment":[{"href":"http:\/\/denizcankizil.tr\/en\/wp-json\/wp\/v2\/media?parent=36434"}],"wp:term":[{"taxonomy":"category","embeddable":true,"href":"http:\/\/denizcankizil.tr\/en\/wp-json\/wp\/v2\/categories?post=36434"},{"taxonomy":"post_tag","embeddable":true,"href":"http:\/\/denizcankizil.tr\/en\/wp-json\/wp\/v2\/tags?post=36434"}],"curies":[{"name":"wp","href":"https:\/\/api.w.org\/{rel}","templated":true}]}}