{"id":36245,"date":"2025-03-18T20:41:26","date_gmt":"2025-03-18T17:41:26","guid":{"rendered":"https:\/\/denizcankizil.tr\/uncategorized-tr\/mugla-milasta-sehitlik-anitinin-acilis-toreni-gerceklestirildi\/"},"modified":"2025-03-18T20:41:26","modified_gmt":"2025-03-18T17:41:26","slug":"mugla-milasta-sehitlik-anitinin-acilis-toreni-gerceklestirildi","status":"publish","type":"post","link":"http:\/\/denizcankizil.tr\/en\/haberler\/gundem\/mugla-milasta-sehitlik-anitinin-acilis-toreni-gerceklestirildi\/","title":{"rendered":"Mu\u011fla Milas\u2019ta \u015fehitlik an\u0131t\u0131n\u0131n a\u00e7\u0131l\u0131\u015f t\u00f6reni ger\u00e7ekle\u015ftirildi"},"content":{"rendered":"<p>Mu\u011fla Milas Belediyesi taraf\u0131ndan aziz \u015fehitlerimizin an\u0131s\u0131n\u0131 ya\u015fatmak i\u00e7in yap\u0131m\u0131 tamamlanan \u015fehitlik an\u0131t\u0131n\u0131n a\u00e7\u0131l\u0131\u015f\u0131 yap\u0131ld\u0131.MU\u011eLA (\u0130GFA) &#8211;\u00a0Mu\u011fla Milas \u015eehir Mezarl\u0131\u011f\u0131\u2019n\u0131n giri\u015fine 1 metre 20 santimetre kaide \u00fczerine 4 metre 30 santimetre y\u00fcksekli\u011finde tasarlanan \u015fehitlik abidesi blok mermerden yap\u0131ld\u0131. Toprak zeminle an\u0131t aras\u0131nda hilalimizi ve vatan\u0131m\u0131z i\u00e7in \u015fehit olmaya her daim haz\u0131r olan milletimizi simgeleyen yar\u0131m ay \u015feklinde beyaz mermer ve \u00fczeri kutsal kan\u0131m\u0131z\u0131 temsil eden k\u0131rm\u0131z\u0131 mermerden olu\u015fan ku\u015fak bulunuyor. \u015eehitlerimize vefam\u0131z\u0131 g\u00f6steren abide tam da bu ku\u015fa\u011f\u0131n ortas\u0131nda g\u00f6\u011fe do\u011fru y\u00fckselmekte olup \u015fehitlerimizin \u00f6l\u00fcms\u00fczl\u00fc\u011f\u00fcne at\u0131fta bulunuyor.<br \/>\n18 Mart \u00c7anakkale Zaferi ve \u015eehitleri Anma G\u00fcn\u00fc\u2019nde ger\u00e7ekle\u015fen a\u00e7\u0131l\u0131\u015f t\u00f6reni sayg\u0131 duru\u015fu ve \u0130stiklal Mar\u015f\u0131m\u0131z\u0131n okunmas\u0131yla ba\u015flad\u0131. Protokol konu\u015fmalar\u0131yla devam eden t\u00f6ren \u015fehitlik an\u0131t\u0131n\u0131n a\u00e7\u0131l\u0131\u015f\u0131 ve an\u0131t \u00f6n\u00fcnde \u00e7ekilen foto\u011fraflar ile son buldu.<br \/>\nBA\u015eKAN TOPUZ\u2019A TE\u015eEKK\u00dcR\u2026<br \/>\nT\u00f6rende ilk konu\u015fmay\u0131 Milas Muharip Gaziler Derne\u011fi Ba\u015fkan\u0131 Mehmet Sarban ger\u00e7ekle\u015ftirdi.\u00a0 Milas Belediye Ba\u015fkan\u0131 Fevzi Topuz\u2019a anlaml\u0131 an\u0131t i\u00e7in te\u015fekk\u00fcr eden Ba\u015fkan Sarban 18 Mart \u00c7anakkale Zaferi\u2019nin 110. y\u0131ld\u00f6n\u00fcm\u00fcnde t\u00fcm \u015fehit ve gazilerimizi sayg\u0131 ve rahmetle and\u0131\u011f\u0131n\u0131 ifade etti.<br \/>\n\u201cBU ANIT AZ\u0130Z \u015eEH\u0130TLER\u0130M\u0130Z\u0130N KAHRAMANLI\u011eININ VE M\u0130LLET\u00c7E TA\u015eIDI\u011eIMIZ VATAN SEVG\u0130S\u0130N\u0130N EBED\u0130 N\u0130\u015eANES\u0130D\u0130R\u201d\u2026<br \/>\nT\u00f6rende konu\u015fan Milas Belediye Ba\u015fkan\u0131 Fevzi Topuz \u201cMilas Belediyesi olarak aziz \u015fehitlerimizin hat\u0131ras\u0131n\u0131 ya\u015fatmak i\u00e7in yap\u0131m\u0131n\u0131 tamamlad\u0131\u011f\u0131m\u0131z \u015eehitlik An\u0131t\u0131\u2019n\u0131n a\u00e7\u0131l\u0131\u015f\u0131n\u0131 ger\u00e7ekle\u015ftirmenin gururunu ve onurunu ya\u015f\u0131yoruz. 18 Mart \u00c7anakkale Zaferi ve \u015eehitleri Anma G\u00fcn\u00fc vesilesiyle, vatan topraklar\u0131 i\u00e7in can\u0131n\u0131 feda eden kahramanlar\u0131m\u0131z\u0131 bir kez daha rahmet ve minnetle an\u0131yoruz. Bu an\u0131t sadece ta\u015f bir yap\u0131 de\u011fildir; aziz \u015fehitlerimizin kahramanl\u0131\u011f\u0131n\u0131n ve millet\u00e7e ta\u015f\u0131d\u0131\u011f\u0131m\u0131z vatan sevgisinin ebedi ni\u015fanesidir. Ba\u015fta \u00c7anakkale Destan\u0131\u2019n\u0131n mimarlar\u0131 Ulu \u00d6nderimiz Gazi Mustafa Kemal Atat\u00fcrk ve silah arkada\u015flar\u0131 olmak \u00fczere, \u00fclkemizin ba\u011f\u0131ms\u0131zl\u0131\u011f\u0131 i\u00e7in canlar\u0131n\u0131 feda eden t\u00fcm kahraman \u015fehitlerimizin ruhlar\u0131 \u015fad olsun. Bu an\u0131t, onlar\u0131n fedak\u00e2rl\u0131klar\u0131n\u0131, ideallerini ve bizlere b\u0131rakm\u0131\u015f olduklar\u0131 miras\u0131 daima hat\u0131rlatacak bir sembol olacakt\u0131r. Bu anlaml\u0131 g\u00fcnde hepinizi en i\u00e7ten sayg\u0131 ve sevgiyle selaml\u0131yor; a\u00e7\u0131l\u0131\u015f\u0131m\u0131za kat\u0131ld\u0131\u011f\u0131n\u0131z i\u00e7in te\u015fekk\u00fcr ediyor, kahramanlar\u0131m\u0131z\u0131n aziz hat\u0131ralar\u0131 \u00f6n\u00fcnde bir kez daha sayg\u0131yla e\u011filiyorum\u201d dedi.<br \/>\nT\u00dcM \u015eEH\u0130TLER\u0130M\u0130Z\u0130 FEDAKAR GAZ\u0130LER\u0130M\u0130Z\u0130 SAYGIYLA VE M\u0130NNETLE ANIYORUM\u2026<br \/>\nT\u00f6rende son konu\u015fmay\u0131 ger\u00e7ekle\u015ftiren Milas Kaymakam\u0131 Mustafa \u00dcnver B\u00f6ke \u201c 18 Mart \u00c7anakkale Zaferimizin 110. y\u0131l\u0131 kutlu olsun. \u00dclkemizin ismini tarihe alt\u0131n harflerle yazd\u0131ran Ulu \u00d6nder Gazi Mustafa Kemal Atat\u00fcrk ve silah arkada\u015flar\u0131n\u0131 t\u00fcm \u015fehitlerimizi fedakar gazilerimizi sayg\u0131yla ve minnetle an\u0131yorum\u201d dedi.<br \/>\nKonu\u015fmalar\u0131n tamamlanmas\u0131n\u0131n ard\u0131ndan Milas Belediyesi taraf\u0131ndan yap\u0131m\u0131 tamamlanan \u015eehitlik An\u0131t\u0131\u2019n\u0131n a\u00e7\u0131l\u0131\u015f\u0131 ger\u00e7ekle\u015ftirildi.<\/p>\n<p>\u200bMu\u011fla Milas Belediyesi taraf\u0131ndan aziz \u015fehitlerimizin an\u0131s\u0131n\u0131 ya\u015fatmak i\u00e7in yap\u0131m\u0131 tamamlanan \u015fehitlik an\u0131t\u0131n\u0131n a\u00e7\u0131l\u0131\u015f\u0131 yap\u0131ld\u0131.MU\u011eLA (\u0130GFA) &#8211;\u00a0Mu\u011fla Milas \u015eehir Mezarl\u0131\u011f\u0131\u2019n\u0131n giri\u015fine 1 metre 20 santimetre kaide \u00fczerine 4 metre 30 santimetre y\u00fcksekli\u011finde tasarlanan \u015fehitlik abidesi blok mermerden yap\u0131ld\u0131. Toprak zeminle an\u0131t aras\u0131nda hilalimizi ve vatan\u0131m\u0131z i\u00e7in \u015fehit olmaya her daim haz\u0131r olan milletimizi simgeleyen yar\u0131m ay \u015feklinde beyaz mermer ve \u00fczeri kutsal kan\u0131m\u0131z\u0131 temsil eden k\u0131rm\u0131z\u0131 mermerden olu\u015fan ku\u015fak bulunuyor. \u015eehitlerimize vefam\u0131z\u0131 g\u00f6steren abide tam da bu ku\u015fa\u011f\u0131n ortas\u0131nda g\u00f6\u011fe do\u011fru y\u00fckselmekte olup \u015fehitlerimizin \u00f6l\u00fcms\u00fczl\u00fc\u011f\u00fcne at\u0131fta bulunuyor.<br \/>\n18 Mart \u00c7anakkale Zaferi ve \u015eehitleri Anma G\u00fcn\u00fc\u2019nde ger\u00e7ekle\u015fen a\u00e7\u0131l\u0131\u015f t\u00f6reni sayg\u0131 duru\u015fu ve \u0130stiklal Mar\u015f\u0131m\u0131z\u0131n okunmas\u0131yla ba\u015flad\u0131. Protokol konu\u015fmalar\u0131yla devam eden t\u00f6ren \u015fehitlik an\u0131t\u0131n\u0131n a\u00e7\u0131l\u0131\u015f\u0131 ve an\u0131t \u00f6n\u00fcnde \u00e7ekilen foto\u011fraflar ile son buldu.<br \/>\nBA\u015eKAN TOPUZ\u2019A TE\u015eEKK\u00dcR\u2026<br \/>\nT\u00f6rende ilk konu\u015fmay\u0131 Milas Muharip Gaziler Derne\u011fi Ba\u015fkan\u0131 Mehmet Sarban ger\u00e7ekle\u015ftirdi.\u00a0 Milas Belediye Ba\u015fkan\u0131 Fevzi Topuz\u2019a anlaml\u0131 an\u0131t i\u00e7in te\u015fekk\u00fcr eden Ba\u015fkan Sarban 18 Mart \u00c7anakkale Zaferi\u2019nin 110. y\u0131ld\u00f6n\u00fcm\u00fcnde t\u00fcm \u015fehit ve gazilerimizi sayg\u0131 ve rahmetle and\u0131\u011f\u0131n\u0131 ifade etti.<br \/>\n\u201cBU ANIT AZ\u0130Z \u015eEH\u0130TLER\u0130M\u0130Z\u0130N KAHRAMANLI\u011eININ VE M\u0130LLET\u00c7E TA\u015eIDI\u011eIMIZ VATAN SEVG\u0130S\u0130N\u0130N EBED\u0130 N\u0130\u015eANES\u0130D\u0130R\u201d\u2026<br \/>\nT\u00f6rende konu\u015fan Milas Belediye Ba\u015fkan\u0131 Fevzi Topuz \u201cMilas Belediyesi olarak aziz \u015fehitlerimizin hat\u0131ras\u0131n\u0131 ya\u015fatmak i\u00e7in yap\u0131m\u0131n\u0131 tamamlad\u0131\u011f\u0131m\u0131z \u015eehitlik An\u0131t\u0131\u2019n\u0131n a\u00e7\u0131l\u0131\u015f\u0131n\u0131 ger\u00e7ekle\u015ftirmenin gururunu ve onurunu ya\u015f\u0131yoruz. 18 Mart \u00c7anakkale Zaferi ve \u015eehitleri Anma G\u00fcn\u00fc vesilesiyle, vatan topraklar\u0131 i\u00e7in can\u0131n\u0131 feda eden kahramanlar\u0131m\u0131z\u0131 bir kez daha rahmet ve minnetle an\u0131yoruz. Bu an\u0131t sadece ta\u015f bir yap\u0131 de\u011fildir; aziz \u015fehitlerimizin kahramanl\u0131\u011f\u0131n\u0131n ve millet\u00e7e ta\u015f\u0131d\u0131\u011f\u0131m\u0131z vatan sevgisinin ebedi ni\u015fanesidir. Ba\u015fta \u00c7anakkale Destan\u0131\u2019n\u0131n mimarlar\u0131 Ulu \u00d6nderimiz Gazi Mustafa Kemal Atat\u00fcrk ve silah arkada\u015flar\u0131 olmak \u00fczere, \u00fclkemizin ba\u011f\u0131ms\u0131zl\u0131\u011f\u0131 i\u00e7in canlar\u0131n\u0131 feda eden t\u00fcm kahraman \u015fehitlerimizin ruhlar\u0131 \u015fad olsun. Bu an\u0131t, onlar\u0131n fedak\u00e2rl\u0131klar\u0131n\u0131, ideallerini ve bizlere b\u0131rakm\u0131\u015f olduklar\u0131 miras\u0131 daima hat\u0131rlatacak bir sembol olacakt\u0131r. Bu anlaml\u0131 g\u00fcnde hepinizi en i\u00e7ten sayg\u0131 ve sevgiyle selaml\u0131yor; a\u00e7\u0131l\u0131\u015f\u0131m\u0131za kat\u0131ld\u0131\u011f\u0131n\u0131z i\u00e7in te\u015fekk\u00fcr ediyor, kahramanlar\u0131m\u0131z\u0131n aziz hat\u0131ralar\u0131 \u00f6n\u00fcnde bir kez daha sayg\u0131yla e\u011filiyorum\u201d dedi.<br \/>\nT\u00dcM \u015eEH\u0130TLER\u0130M\u0130Z\u0130 FEDAKAR GAZ\u0130LER\u0130M\u0130Z\u0130 SAYGIYLA VE M\u0130NNETLE ANIYORUM\u2026<br \/>\nT\u00f6rende son konu\u015fmay\u0131 ger\u00e7ekle\u015ftiren Milas Kaymakam\u0131 Mustafa \u00dcnver B\u00f6ke \u201c 18 Mart \u00c7anakkale Zaferimizin 110. y\u0131l\u0131 kutlu olsun. \u00dclkemizin ismini tarihe alt\u0131n harflerle yazd\u0131ran Ulu \u00d6nder Gazi Mustafa Kemal Atat\u00fcrk ve silah arkada\u015flar\u0131n\u0131 t\u00fcm \u015fehitlerimizi fedakar gazilerimizi sayg\u0131yla ve minnetle an\u0131yorum\u201d dedi.<br \/>\nKonu\u015fmalar\u0131n tamamlanmas\u0131n\u0131n ard\u0131ndan Milas Belediyesi taraf\u0131ndan yap\u0131m\u0131 tamamlanan \u015eehitlik An\u0131t\u0131\u2019n\u0131n a\u00e7\u0131l\u0131\u015f\u0131 ger\u00e7ekle\u015ftirildi.\u00a0<\/p>\n<p>\u200bHaberin Al\u0131nt\u0131land\u0131\u011f\u0131 Kaynak: www.iskenderun.org<\/p>","protected":false},"excerpt":{"rendered":"<p>Mu\u011fla Milas Belediyesi taraf\u0131ndan aziz \u015fehitlerimizin an\u0131s\u0131n\u0131 ya\u015fatmak i\u00e7in yap\u0131m\u0131 tamamlanan \u015fehitlik an\u0131t\u0131n\u0131n a\u00e7\u0131l\u0131\u015f\u0131 yap\u0131ld\u0131.MU\u011eLA (\u0130GFA) &#8211;\u00a0Mu\u011fla Milas \u015eehir Mezarl\u0131\u011f\u0131\u2019n\u0131n giri\u015fine 1 metre 20 santimetre kaide \u00fczerine 4 metre 30 santimetre y\u00fcksekli\u011finde tasarlanan \u015fehitlik abidesi blok mermerden yap\u0131ld\u0131. Toprak zeminle an\u0131t aras\u0131nda hilalimizi ve vatan\u0131m\u0131z i\u00e7in \u015fehit olmaya her daim haz\u0131r olan milletimizi simgeleyen yar\u0131m ay \u015feklinde beyaz mermer ve \u00fczeri kutsal kan\u0131m\u0131z\u0131 temsil eden k\u0131rm\u0131z\u0131 mermerden olu\u015fan ku\u015fak bulunuyor. \u015eehitlerimize vefam\u0131z\u0131 g\u00f6steren abide tam da bu ku\u015fa\u011f\u0131n ortas\u0131nda g\u00f6\u011fe do\u011fru y\u00fckselmekte olup \u015fehitlerimizin \u00f6l\u00fcms\u00fczl\u00fc\u011f\u00fcne at\u0131fta bulunuyor. 18 Mart \u00c7anakkale Zaferi ve \u015eehitleri Anma G\u00fcn\u00fc\u2019nde ger\u00e7ekle\u015fen a\u00e7\u0131l\u0131\u015f t\u00f6reni sayg\u0131 duru\u015fu ve \u0130stiklal Mar\u015f\u0131m\u0131z\u0131n okunmas\u0131yla ba\u015flad\u0131. Protokol konu\u015fmalar\u0131yla devam eden t\u00f6ren \u015fehitlik an\u0131t\u0131n\u0131n a\u00e7\u0131l\u0131\u015f\u0131 ve an\u0131t \u00f6n\u00fcnde \u00e7ekilen foto\u011fraflar ile son buldu. BA\u015eKAN TOPUZ\u2019A TE\u015eEKK\u00dcR\u2026 T\u00f6rende ilk konu\u015fmay\u0131 Milas Muharip Gaziler Derne\u011fi Ba\u015fkan\u0131 Mehmet Sarban ger\u00e7ekle\u015ftirdi.\u00a0 Milas Belediye Ba\u015fkan\u0131 Fevzi Topuz\u2019a anlaml\u0131 an\u0131t i\u00e7in te\u015fekk\u00fcr eden Ba\u015fkan Sarban 18 Mart \u00c7anakkale Zaferi\u2019nin 110. y\u0131ld\u00f6n\u00fcm\u00fcnde t\u00fcm \u015fehit ve gazilerimizi sayg\u0131 ve rahmetle and\u0131\u011f\u0131n\u0131 ifade etti. \u201cBU ANIT AZ\u0130Z \u015eEH\u0130TLER\u0130M\u0130Z\u0130N KAHRAMANLI\u011eININ VE M\u0130LLET\u00c7E TA\u015eIDI\u011eIMIZ VATAN SEVG\u0130S\u0130N\u0130N EBED\u0130 N\u0130\u015eANES\u0130D\u0130R\u201d\u2026 T\u00f6rende konu\u015fan Milas Belediye Ba\u015fkan\u0131 Fevzi Topuz \u201cMilas Belediyesi olarak aziz \u015fehitlerimizin hat\u0131ras\u0131n\u0131 ya\u015fatmak i\u00e7in yap\u0131m\u0131n\u0131 tamamlad\u0131\u011f\u0131m\u0131z \u015eehitlik An\u0131t\u0131\u2019n\u0131n a\u00e7\u0131l\u0131\u015f\u0131n\u0131 ger\u00e7ekle\u015ftirmenin gururunu ve onurunu ya\u015f\u0131yoruz. &hellip;<\/p>","protected":false},"author":1,"featured_media":0,"comment_status":"","ping_status":"open","sticky":false,"template":"","format":"standard","meta":{"_acf_changed":false,"footnotes":""},"categories":[24],"tags":[],"class_list":["post-36245","post","type-post","status-publish","format-standard","has-post-thumbnail","hentry","category-gundem"],"acf":[],"yoast_head":"<!-- This site is optimized with the Yoast SEO Premium plugin v26.6 (Yoast SEO v27.1.1) - https:\/\/yoast.com\/product\/yoast-seo-premium-wordpress\/ -->\n<title>Mu\u011fla Milas\u2019ta \u015fehitlik an\u0131t\u0131n\u0131n a\u00e7\u0131l\u0131\u015f t\u00f6reni ger\u00e7ekle\u015ftirildi - Av. Deniz Can K\u0131z\u0131l<\/title>\n<meta name=\"robots\" content=\"index, follow, max-snippet:-1, max-image-preview:large, max-video-preview:-1\" \/>\n<link rel=\"canonical\" href=\"http:\/\/denizcankizil.tr\/en\/haberler\/gundem\/mugla-milasta-sehitlik-anitinin-acilis-toreni-gerceklestirildi\/\" \/>\n<meta property=\"og:locale\" content=\"en_GB\" \/>\n<meta property=\"og:type\" content=\"article\" \/>\n<meta property=\"og:title\" content=\"Mu\u011fla Milas\u2019ta \u015fehitlik an\u0131t\u0131n\u0131n a\u00e7\u0131l\u0131\u015f t\u00f6reni ger\u00e7ekle\u015ftirildi\" \/>\n<meta property=\"og:description\" content=\"Mu\u011fla Milas Belediyesi taraf\u0131ndan aziz \u015fehitlerimizin an\u0131s\u0131n\u0131 ya\u015fatmak i\u00e7in yap\u0131m\u0131 tamamlanan \u015fehitlik an\u0131t\u0131n\u0131n a\u00e7\u0131l\u0131\u015f\u0131 yap\u0131ld\u0131.MU\u011eLA (\u0130GFA) &#8211;\u00a0Mu\u011fla Milas \u015eehir Mezarl\u0131\u011f\u0131\u2019n\u0131n giri\u015fine 1 metre 20 santimetre kaide \u00fczerine 4 metre 30 santimetre y\u00fcksekli\u011finde tasarlanan \u015fehitlik abidesi blok mermerden yap\u0131ld\u0131. Toprak zeminle an\u0131t aras\u0131nda hilalimizi ve vatan\u0131m\u0131z i\u00e7in \u015fehit olmaya her daim haz\u0131r olan milletimizi simgeleyen yar\u0131m ay \u015feklinde beyaz mermer ve \u00fczeri kutsal kan\u0131m\u0131z\u0131 temsil eden k\u0131rm\u0131z\u0131 mermerden olu\u015fan ku\u015fak bulunuyor. \u015eehitlerimize vefam\u0131z\u0131 g\u00f6steren abide tam da bu ku\u015fa\u011f\u0131n ortas\u0131nda g\u00f6\u011fe do\u011fru y\u00fckselmekte olup \u015fehitlerimizin \u00f6l\u00fcms\u00fczl\u00fc\u011f\u00fcne at\u0131fta bulunuyor. 18 Mart \u00c7anakkale Zaferi ve \u015eehitleri Anma G\u00fcn\u00fc\u2019nde ger\u00e7ekle\u015fen a\u00e7\u0131l\u0131\u015f t\u00f6reni sayg\u0131 duru\u015fu ve \u0130stiklal Mar\u015f\u0131m\u0131z\u0131n okunmas\u0131yla ba\u015flad\u0131. Protokol konu\u015fmalar\u0131yla devam eden t\u00f6ren \u015fehitlik an\u0131t\u0131n\u0131n a\u00e7\u0131l\u0131\u015f\u0131 ve an\u0131t \u00f6n\u00fcnde \u00e7ekilen foto\u011fraflar ile son buldu. BA\u015eKAN TOPUZ\u2019A TE\u015eEKK\u00dcR\u2026 T\u00f6rende ilk konu\u015fmay\u0131 Milas Muharip Gaziler Derne\u011fi Ba\u015fkan\u0131 Mehmet Sarban ger\u00e7ekle\u015ftirdi.\u00a0 Milas Belediye Ba\u015fkan\u0131 Fevzi Topuz\u2019a anlaml\u0131 an\u0131t i\u00e7in te\u015fekk\u00fcr eden Ba\u015fkan Sarban 18 Mart \u00c7anakkale Zaferi\u2019nin 110. y\u0131ld\u00f6n\u00fcm\u00fcnde t\u00fcm \u015fehit ve gazilerimizi sayg\u0131 ve rahmetle and\u0131\u011f\u0131n\u0131 ifade etti. \u201cBU ANIT AZ\u0130Z \u015eEH\u0130TLER\u0130M\u0130Z\u0130N KAHRAMANLI\u011eININ VE M\u0130LLET\u00c7E TA\u015eIDI\u011eIMIZ VATAN SEVG\u0130S\u0130N\u0130N EBED\u0130 N\u0130\u015eANES\u0130D\u0130R\u201d\u2026 T\u00f6rende konu\u015fan Milas Belediye Ba\u015fkan\u0131 Fevzi Topuz \u201cMilas Belediyesi olarak aziz \u015fehitlerimizin hat\u0131ras\u0131n\u0131 ya\u015fatmak i\u00e7in yap\u0131m\u0131n\u0131 tamamlad\u0131\u011f\u0131m\u0131z \u015eehitlik An\u0131t\u0131\u2019n\u0131n a\u00e7\u0131l\u0131\u015f\u0131n\u0131 ger\u00e7ekle\u015ftirmenin gururunu ve onurunu ya\u015f\u0131yoruz. &hellip;\" \/>\n<meta property=\"og:url\" content=\"http:\/\/denizcankizil.tr\/en\/haberler\/gundem\/mugla-milasta-sehitlik-anitinin-acilis-toreni-gerceklestirildi\/\" \/>\n<meta property=\"og:site_name\" content=\"Av. Deniz Can K\u0131z\u0131l\" \/>\n<meta property=\"article:published_time\" content=\"2025-03-18T17:41:26+00:00\" \/>\n<meta name=\"author\" content=\"admin\" \/>\n<meta name=\"twitter:card\" content=\"summary_large_image\" \/>\n<meta name=\"twitter:label1\" content=\"Written by\" \/>\n\t<meta name=\"twitter:data1\" content=\"admin\" \/>\n\t<meta name=\"twitter:label2\" content=\"Estimated reading time\" \/>\n\t<meta name=\"twitter:data2\" content=\"6 minutes\" \/>\n<script type=\"application\/ld+json\" class=\"yoast-schema-graph\">{\"@context\":\"https:\/\/schema.org\",\"@graph\":[{\"@type\":\"Article\",\"@id\":\"http:\/\/denizcankizil.tr\/ru\/haberler\/gundem\/mugla-milasta-sehitlik-anitinin-acilis-toreni-gerceklestirildi\/#article\",\"isPartOf\":{\"@id\":\"http:\/\/denizcankizil.tr\/ru\/haberler\/gundem\/mugla-milasta-sehitlik-anitinin-acilis-toreni-gerceklestirildi\/\"},\"author\":{\"name\":\"admin\",\"@id\":\"https:\/\/denizcankizil.tr\/de\/#\/schema\/person\/be3c05fe6a12686905512445d8185489\"},\"headline\":\"Mu\u011fla Milas\u2019ta \u015fehitlik an\u0131t\u0131n\u0131n a\u00e7\u0131l\u0131\u015f t\u00f6reni ger\u00e7ekle\u015ftirildi\",\"datePublished\":\"2025-03-18T17:41:26+00:00\",\"mainEntityOfPage\":{\"@id\":\"http:\/\/denizcankizil.tr\/ru\/haberler\/gundem\/mugla-milasta-sehitlik-anitinin-acilis-toreni-gerceklestirildi\/\"},\"wordCount\":1170,\"publisher\":{\"@id\":\"https:\/\/denizcankizil.tr\/de\/#organization\"},\"articleSection\":[\"G\u00fcndem\"],\"inLanguage\":\"en-GB\"},{\"@type\":\"WebPage\",\"@id\":\"http:\/\/denizcankizil.tr\/ru\/haberler\/gundem\/mugla-milasta-sehitlik-anitinin-acilis-toreni-gerceklestirildi\/\",\"url\":\"http:\/\/denizcankizil.tr\/ru\/haberler\/gundem\/mugla-milasta-sehitlik-anitinin-acilis-toreni-gerceklestirildi\/\",\"name\":\"Mu\u011fla Milas\u2019ta \u015fehitlik an\u0131t\u0131n\u0131n a\u00e7\u0131l\u0131\u015f t\u00f6reni ger\u00e7ekle\u015ftirildi - Av. Deniz Can K\u0131z\u0131l\",\"isPartOf\":{\"@id\":\"https:\/\/denizcankizil.tr\/de\/#website\"},\"datePublished\":\"2025-03-18T17:41:26+00:00\",\"breadcrumb\":{\"@id\":\"http:\/\/denizcankizil.tr\/ru\/haberler\/gundem\/mugla-milasta-sehitlik-anitinin-acilis-toreni-gerceklestirildi\/#breadcrumb\"},\"inLanguage\":\"en-GB\",\"potentialAction\":[{\"@type\":\"ReadAction\",\"target\":[\"http:\/\/denizcankizil.tr\/ru\/haberler\/gundem\/mugla-milasta-sehitlik-anitinin-acilis-toreni-gerceklestirildi\/\"]}]},{\"@type\":\"BreadcrumbList\",\"@id\":\"http:\/\/denizcankizil.tr\/ru\/haberler\/gundem\/mugla-milasta-sehitlik-anitinin-acilis-toreni-gerceklestirildi\/#breadcrumb\",\"itemListElement\":[{\"@type\":\"ListItem\",\"position\":1,\"name\":\"Home\",\"item\":\"https:\/\/denizcankizil.tr\/de\/\"},{\"@type\":\"ListItem\",\"position\":2,\"name\":\"Mu\u011fla Milas\u2019ta \u015fehitlik an\u0131t\u0131n\u0131n a\u00e7\u0131l\u0131\u015f t\u00f6reni ger\u00e7ekle\u015ftirildi\"}]},{\"@type\":\"WebSite\",\"@id\":\"https:\/\/denizcankizil.tr\/de\/#website\",\"url\":\"https:\/\/denizcankizil.tr\/de\/\",\"name\":\"Av. Deniz Can K\u0131z\u0131l\",\"description\":\"Avukat Deniz Can K\u0131z\u0131l Antalya Barosu\",\"publisher\":{\"@id\":\"https:\/\/denizcankizil.tr\/de\/#organization\"},\"potentialAction\":[{\"@type\":\"SearchAction\",\"target\":{\"@type\":\"EntryPoint\",\"urlTemplate\":\"https:\/\/denizcankizil.tr\/de\/?s={search_term_string}\"},\"query-input\":{\"@type\":\"PropertyValueSpecification\",\"valueRequired\":true,\"valueName\":\"search_term_string\"}}],\"inLanguage\":\"en-GB\"},{\"@type\":\"Organization\",\"@id\":\"https:\/\/denizcankizil.tr\/de\/#organization\",\"name\":\"Av. Deniz Can K\u0131z\u0131l\",\"url\":\"https:\/\/denizcankizil.tr\/de\/\",\"logo\":{\"@type\":\"ImageObject\",\"inLanguage\":\"en-GB\",\"@id\":\"https:\/\/denizcankizil.tr\/de\/#\/schema\/logo\/image\/\",\"url\":\"http:\/\/denizcankizil.tr\/wp-content\/uploads\/2024\/10\/siyah-logo-svg.svg\",\"contentUrl\":\"http:\/\/denizcankizil.tr\/wp-content\/uploads\/2024\/10\/siyah-logo-svg.svg\",\"width\":1080,\"height\":1080,\"caption\":\"Av. Deniz Can K\u0131z\u0131l\"},\"image\":{\"@id\":\"https:\/\/denizcankizil.tr\/de\/#\/schema\/logo\/image\/\"}},{\"@type\":\"Person\",\"@id\":\"https:\/\/denizcankizil.tr\/de\/#\/schema\/person\/be3c05fe6a12686905512445d8185489\",\"name\":\"admin\",\"image\":{\"@type\":\"ImageObject\",\"inLanguage\":\"en-GB\",\"@id\":\"https:\/\/denizcankizil.tr\/de\/#\/schema\/person\/image\/\",\"url\":\"https:\/\/secure.gravatar.com\/avatar\/c1fce94c830dc79107e174f890d7210541c4a63e8e5d816341794a2151c9d58c?s=96&d=mm&r=g\",\"contentUrl\":\"https:\/\/secure.gravatar.com\/avatar\/c1fce94c830dc79107e174f890d7210541c4a63e8e5d816341794a2151c9d58c?s=96&d=mm&r=g\",\"caption\":\"admin\"},\"sameAs\":[\"http:\/\/denizcankizil.tr\"],\"url\":\"https:\/\/www.iskenderun.org\/mugla-milasta-sehitlik-anitinin-acilis-toreni-gerceklestirildi\"}]}<\/script>\n<!-- \/ Yoast SEO Premium plugin. -->","yoast_head_json":{"title":"Mu\u011fla Milas\u2019ta \u015fehitlik an\u0131t\u0131n\u0131n a\u00e7\u0131l\u0131\u015f t\u00f6reni ger\u00e7ekle\u015ftirildi - Av. Deniz Can K\u0131z\u0131l","robots":{"index":"index","follow":"follow","max-snippet":"max-snippet:-1","max-image-preview":"max-image-preview:large","max-video-preview":"max-video-preview:-1"},"canonical":"http:\/\/denizcankizil.tr\/en\/haberler\/gundem\/mugla-milasta-sehitlik-anitinin-acilis-toreni-gerceklestirildi\/","og_locale":"en_GB","og_type":"article","og_title":"Mu\u011fla Milas\u2019ta \u015fehitlik an\u0131t\u0131n\u0131n a\u00e7\u0131l\u0131\u015f t\u00f6reni ger\u00e7ekle\u015ftirildi","og_description":"Mu\u011fla Milas Belediyesi taraf\u0131ndan aziz \u015fehitlerimizin an\u0131s\u0131n\u0131 ya\u015fatmak i\u00e7in yap\u0131m\u0131 tamamlanan \u015fehitlik an\u0131t\u0131n\u0131n a\u00e7\u0131l\u0131\u015f\u0131 yap\u0131ld\u0131.MU\u011eLA (\u0130GFA) &#8211;\u00a0Mu\u011fla Milas \u015eehir Mezarl\u0131\u011f\u0131\u2019n\u0131n giri\u015fine 1 metre 20 santimetre kaide \u00fczerine 4 metre 30 santimetre y\u00fcksekli\u011finde tasarlanan \u015fehitlik abidesi blok mermerden yap\u0131ld\u0131. Toprak zeminle an\u0131t aras\u0131nda hilalimizi ve vatan\u0131m\u0131z i\u00e7in \u015fehit olmaya her daim haz\u0131r olan milletimizi simgeleyen yar\u0131m ay \u015feklinde beyaz mermer ve \u00fczeri kutsal kan\u0131m\u0131z\u0131 temsil eden k\u0131rm\u0131z\u0131 mermerden olu\u015fan ku\u015fak bulunuyor. \u015eehitlerimize vefam\u0131z\u0131 g\u00f6steren abide tam da bu ku\u015fa\u011f\u0131n ortas\u0131nda g\u00f6\u011fe do\u011fru y\u00fckselmekte olup \u015fehitlerimizin \u00f6l\u00fcms\u00fczl\u00fc\u011f\u00fcne at\u0131fta bulunuyor. 18 Mart \u00c7anakkale Zaferi ve \u015eehitleri Anma G\u00fcn\u00fc\u2019nde ger\u00e7ekle\u015fen a\u00e7\u0131l\u0131\u015f t\u00f6reni sayg\u0131 duru\u015fu ve \u0130stiklal Mar\u015f\u0131m\u0131z\u0131n okunmas\u0131yla ba\u015flad\u0131. Protokol konu\u015fmalar\u0131yla devam eden t\u00f6ren \u015fehitlik an\u0131t\u0131n\u0131n a\u00e7\u0131l\u0131\u015f\u0131 ve an\u0131t \u00f6n\u00fcnde \u00e7ekilen foto\u011fraflar ile son buldu. BA\u015eKAN TOPUZ\u2019A TE\u015eEKK\u00dcR\u2026 T\u00f6rende ilk konu\u015fmay\u0131 Milas Muharip Gaziler Derne\u011fi Ba\u015fkan\u0131 Mehmet Sarban ger\u00e7ekle\u015ftirdi.\u00a0 Milas Belediye Ba\u015fkan\u0131 Fevzi Topuz\u2019a anlaml\u0131 an\u0131t i\u00e7in te\u015fekk\u00fcr eden Ba\u015fkan Sarban 18 Mart \u00c7anakkale Zaferi\u2019nin 110. y\u0131ld\u00f6n\u00fcm\u00fcnde t\u00fcm \u015fehit ve gazilerimizi sayg\u0131 ve rahmetle and\u0131\u011f\u0131n\u0131 ifade etti. \u201cBU ANIT AZ\u0130Z \u015eEH\u0130TLER\u0130M\u0130Z\u0130N KAHRAMANLI\u011eININ VE M\u0130LLET\u00c7E TA\u015eIDI\u011eIMIZ VATAN SEVG\u0130S\u0130N\u0130N EBED\u0130 N\u0130\u015eANES\u0130D\u0130R\u201d\u2026 T\u00f6rende konu\u015fan Milas Belediye Ba\u015fkan\u0131 Fevzi Topuz \u201cMilas Belediyesi olarak aziz \u015fehitlerimizin hat\u0131ras\u0131n\u0131 ya\u015fatmak i\u00e7in yap\u0131m\u0131n\u0131 tamamlad\u0131\u011f\u0131m\u0131z \u015eehitlik An\u0131t\u0131\u2019n\u0131n a\u00e7\u0131l\u0131\u015f\u0131n\u0131 ger\u00e7ekle\u015ftirmenin gururunu ve onurunu ya\u015f\u0131yoruz. &hellip;","og_url":"http:\/\/denizcankizil.tr\/en\/haberler\/gundem\/mugla-milasta-sehitlik-anitinin-acilis-toreni-gerceklestirildi\/","og_site_name":"Av. Deniz Can K\u0131z\u0131l","article_published_time":"2025-03-18T17:41:26+00:00","author":"admin","twitter_card":"summary_large_image","twitter_misc":{"Written by":"admin","Estimated reading time":"6 minutes"},"schema":{"@context":"https:\/\/schema.org","@graph":[{"@type":"Article","@id":"http:\/\/denizcankizil.tr\/ru\/haberler\/gundem\/mugla-milasta-sehitlik-anitinin-acilis-toreni-gerceklestirildi\/#article","isPartOf":{"@id":"http:\/\/denizcankizil.tr\/ru\/haberler\/gundem\/mugla-milasta-sehitlik-anitinin-acilis-toreni-gerceklestirildi\/"},"author":{"name":"admin","@id":"https:\/\/denizcankizil.tr\/de\/#\/schema\/person\/be3c05fe6a12686905512445d8185489"},"headline":"Mu\u011fla Milas\u2019ta \u015fehitlik an\u0131t\u0131n\u0131n a\u00e7\u0131l\u0131\u015f t\u00f6reni ger\u00e7ekle\u015ftirildi","datePublished":"2025-03-18T17:41:26+00:00","mainEntityOfPage":{"@id":"http:\/\/denizcankizil.tr\/ru\/haberler\/gundem\/mugla-milasta-sehitlik-anitinin-acilis-toreni-gerceklestirildi\/"},"wordCount":1170,"publisher":{"@id":"https:\/\/denizcankizil.tr\/de\/#organization"},"articleSection":["G\u00fcndem"],"inLanguage":"en-GB"},{"@type":"WebPage","@id":"http:\/\/denizcankizil.tr\/ru\/haberler\/gundem\/mugla-milasta-sehitlik-anitinin-acilis-toreni-gerceklestirildi\/","url":"http:\/\/denizcankizil.tr\/ru\/haberler\/gundem\/mugla-milasta-sehitlik-anitinin-acilis-toreni-gerceklestirildi\/","name":"Mu\u011fla Milas\u2019ta \u015fehitlik an\u0131t\u0131n\u0131n a\u00e7\u0131l\u0131\u015f t\u00f6reni ger\u00e7ekle\u015ftirildi - Av. Deniz Can K\u0131z\u0131l","isPartOf":{"@id":"https:\/\/denizcankizil.tr\/de\/#website"},"datePublished":"2025-03-18T17:41:26+00:00","breadcrumb":{"@id":"http:\/\/denizcankizil.tr\/ru\/haberler\/gundem\/mugla-milasta-sehitlik-anitinin-acilis-toreni-gerceklestirildi\/#breadcrumb"},"inLanguage":"en-GB","potentialAction":[{"@type":"ReadAction","target":["http:\/\/denizcankizil.tr\/ru\/haberler\/gundem\/mugla-milasta-sehitlik-anitinin-acilis-toreni-gerceklestirildi\/"]}]},{"@type":"BreadcrumbList","@id":"http:\/\/denizcankizil.tr\/ru\/haberler\/gundem\/mugla-milasta-sehitlik-anitinin-acilis-toreni-gerceklestirildi\/#breadcrumb","itemListElement":[{"@type":"ListItem","position":1,"name":"Home","item":"https:\/\/denizcankizil.tr\/de\/"},{"@type":"ListItem","position":2,"name":"Mu\u011fla Milas\u2019ta \u015fehitlik an\u0131t\u0131n\u0131n a\u00e7\u0131l\u0131\u015f t\u00f6reni ger\u00e7ekle\u015ftirildi"}]},{"@type":"WebSite","@id":"https:\/\/denizcankizil.tr\/de\/#website","url":"https:\/\/denizcankizil.tr\/de\/","name":"Av. Deniz Can K\u0131z\u0131l","description":"Avukat Deniz Can K\u0131z\u0131l Antalya Barosu","publisher":{"@id":"https:\/\/denizcankizil.tr\/de\/#organization"},"potentialAction":[{"@type":"SearchAction","target":{"@type":"EntryPoint","urlTemplate":"https:\/\/denizcankizil.tr\/de\/?s={search_term_string}"},"query-input":{"@type":"PropertyValueSpecification","valueRequired":true,"valueName":"search_term_string"}}],"inLanguage":"en-GB"},{"@type":"Organization","@id":"https:\/\/denizcankizil.tr\/de\/#organization","name":"Av. Deniz Can K\u0131z\u0131l","url":"https:\/\/denizcankizil.tr\/de\/","logo":{"@type":"ImageObject","inLanguage":"en-GB","@id":"https:\/\/denizcankizil.tr\/de\/#\/schema\/logo\/image\/","url":"http:\/\/denizcankizil.tr\/wp-content\/uploads\/2024\/10\/siyah-logo-svg.svg","contentUrl":"http:\/\/denizcankizil.tr\/wp-content\/uploads\/2024\/10\/siyah-logo-svg.svg","width":1080,"height":1080,"caption":"Av. Deniz Can K\u0131z\u0131l"},"image":{"@id":"https:\/\/denizcankizil.tr\/de\/#\/schema\/logo\/image\/"}},{"@type":"Person","@id":"https:\/\/denizcankizil.tr\/de\/#\/schema\/person\/be3c05fe6a12686905512445d8185489","name":"admin","image":{"@type":"ImageObject","inLanguage":"en-GB","@id":"https:\/\/denizcankizil.tr\/de\/#\/schema\/person\/image\/","url":"https:\/\/secure.gravatar.com\/avatar\/c1fce94c830dc79107e174f890d7210541c4a63e8e5d816341794a2151c9d58c?s=96&d=mm&r=g","contentUrl":"https:\/\/secure.gravatar.com\/avatar\/c1fce94c830dc79107e174f890d7210541c4a63e8e5d816341794a2151c9d58c?s=96&d=mm&r=g","caption":"admin"},"sameAs":["http:\/\/denizcankizil.tr"],"url":"https:\/\/www.iskenderun.org\/mugla-milasta-sehitlik-anitinin-acilis-toreni-gerceklestirildi"}]}},"_links":{"self":[{"href":"http:\/\/denizcankizil.tr\/en\/wp-json\/wp\/v2\/posts\/36245","targetHints":{"allow":["GET"]}}],"collection":[{"href":"http:\/\/denizcankizil.tr\/en\/wp-json\/wp\/v2\/posts"}],"about":[{"href":"http:\/\/denizcankizil.tr\/en\/wp-json\/wp\/v2\/types\/post"}],"author":[{"embeddable":true,"href":"http:\/\/denizcankizil.tr\/en\/wp-json\/wp\/v2\/users\/1"}],"replies":[{"embeddable":true,"href":"http:\/\/denizcankizil.tr\/en\/wp-json\/wp\/v2\/comments?post=36245"}],"version-history":[{"count":0,"href":"http:\/\/denizcankizil.tr\/en\/wp-json\/wp\/v2\/posts\/36245\/revisions"}],"wp:attachment":[{"href":"http:\/\/denizcankizil.tr\/en\/wp-json\/wp\/v2\/media?parent=36245"}],"wp:term":[{"taxonomy":"category","embeddable":true,"href":"http:\/\/denizcankizil.tr\/en\/wp-json\/wp\/v2\/categories?post=36245"},{"taxonomy":"post_tag","embeddable":true,"href":"http:\/\/denizcankizil.tr\/en\/wp-json\/wp\/v2\/tags?post=36245"}],"curies":[{"name":"wp","href":"https:\/\/api.w.org\/{rel}","templated":true}]}}