{"id":36159,"date":"2025-03-18T12:42:17","date_gmt":"2025-03-18T09:42:17","guid":{"rendered":"https:\/\/denizcankizil.tr\/uncategorized-tr\/hatayda-ulasima-nefes-aldiracak-dev-proje\/"},"modified":"2025-03-18T12:42:17","modified_gmt":"2025-03-18T09:42:17","slug":"hatayda-ulasima-nefes-aldiracak-dev-proje","status":"publish","type":"post","link":"http:\/\/denizcankizil.tr\/en\/haberler\/gundem\/hatayda-ulasima-nefes-aldiracak-dev-proje\/","title":{"rendered":"Hatay\u2019da Ula\u015f\u0131ma Nefes Ald\u0131racak Dev Proje\u2026"},"content":{"rendered":"<p>Vatanda\u015flara daha konforlu, g\u00fcvenli ve kesintisiz ula\u015f\u0131m imk\u00e2n\u0131 sunmay\u0131 hedefleyen proje, b\u00f6lgenin ula\u015f\u0131m altyap\u0131s\u0131n\u0131 \u00f6nemli \u00f6l\u00e7\u00fcde g\u00fc\u00e7lendirecek. HBB Yol Bak\u0131m ve Alt Yap\u0131 Koordinasyon Dairesi Ba\u015fkanl\u0131\u011f\u0131 ekipleri, Hatay B\u00fcy\u00fck\u015fehir Belediye Ba\u015fkan\u0131 Mehmet \u00d6nt\u00fcrk\u2019\u00fcn talimatlar\u0131 do\u011frultusunda, yol yap\u0131m \u00e7al\u0131\u015fmalar\u0131n\u0131 b\u00fcy\u00fck bir titizlik ve \u00f6zveriyle s\u00fcrd\u00fcr\u00fcyor. Tamamen Hatay B\u00fcy\u00fck\u015fehir Belediyesi\u2019nin imk\u00e2nlar\u0131yla y\u00fcr\u00fct\u00fclen projede, yol geni\u015fletme, ya\u011fmur suyu drenaj sistemleri ve altyap\u0131 g\u00fc\u00e7lendirme \u00e7al\u0131\u015fmalar\u0131 h\u0131zla ilerliyor.<\/p>\n<p>Serinyol-Madenli Yolu\u2019nun, 2025 y\u0131l\u0131 Haziran ay\u0131nda tamamlanmas\u0131 planlan\u0131yor. Bu \u00f6nemli proje, b\u00f6lge halk\u0131n\u0131n ula\u015f\u0131m\u0131n\u0131 daha rahat ve g\u00fcvenli hale getirecek, ayn\u0131 zamanda Hatay\u2019\u0131n ula\u015f\u0131m altyap\u0131s\u0131na \u00f6nemli bir katk\u0131 sa\u011flayacak.<\/p>\n<p>\u200bHatay B\u00fcy\u00fck\u015fehir Belediyesi, Antakya, Belen ve Arsuz il\u00e7elerini birbirine ba\u011flayacak olan Serinyol-Madenli Yolu\u2019nun yap\u0131m \u00e7al\u0131\u015fmalar\u0131 h\u0131z kesmeden devam ederken, Haziran ay\u0131nda tamamlanmas\u0131 planlan\u0131yor.\u00a0<\/p>\n<p>\u200bHaberin Al\u0131nt\u0131land\u0131\u011f\u0131 Kaynak: www.iskenderun.org<\/p>","protected":false},"excerpt":{"rendered":"<p>Vatanda\u015flara daha konforlu, g\u00fcvenli ve kesintisiz ula\u015f\u0131m imk\u00e2n\u0131 sunmay\u0131 hedefleyen proje, b\u00f6lgenin ula\u015f\u0131m altyap\u0131s\u0131n\u0131 \u00f6nemli \u00f6l\u00e7\u00fcde g\u00fc\u00e7lendirecek. HBB Yol Bak\u0131m ve Alt Yap\u0131 Koordinasyon Dairesi Ba\u015fkanl\u0131\u011f\u0131 ekipleri, Hatay B\u00fcy\u00fck\u015fehir Belediye Ba\u015fkan\u0131 Mehmet \u00d6nt\u00fcrk\u2019\u00fcn talimatlar\u0131 do\u011frultusunda, yol yap\u0131m \u00e7al\u0131\u015fmalar\u0131n\u0131 b\u00fcy\u00fck bir titizlik ve \u00f6zveriyle s\u00fcrd\u00fcr\u00fcyor. Tamamen Hatay B\u00fcy\u00fck\u015fehir Belediyesi\u2019nin imk\u00e2nlar\u0131yla y\u00fcr\u00fct\u00fclen projede, yol geni\u015fletme, ya\u011fmur suyu drenaj sistemleri ve altyap\u0131 g\u00fc\u00e7lendirme \u00e7al\u0131\u015fmalar\u0131 h\u0131zla ilerliyor. Serinyol-Madenli Yolu\u2019nun, 2025 y\u0131l\u0131 Haziran ay\u0131nda tamamlanmas\u0131 planlan\u0131yor. Bu \u00f6nemli proje, b\u00f6lge halk\u0131n\u0131n ula\u015f\u0131m\u0131n\u0131 daha rahat ve g\u00fcvenli hale getirecek, ayn\u0131 zamanda Hatay\u2019\u0131n ula\u015f\u0131m altyap\u0131s\u0131na \u00f6nemli bir katk\u0131 sa\u011flayacak. \u200bHatay B\u00fcy\u00fck\u015fehir Belediyesi, Antakya, Belen ve Arsuz il\u00e7elerini birbirine ba\u011flayacak olan Serinyol-Madenli Yolu\u2019nun yap\u0131m \u00e7al\u0131\u015fmalar\u0131 h\u0131z kesmeden devam ederken, Haziran ay\u0131nda tamamlanmas\u0131 planlan\u0131yor.\u00a0 \u200bHaberin Al\u0131nt\u0131land\u0131\u011f\u0131 Kaynak: www.iskenderun.org<\/p>","protected":false},"author":1,"featured_media":0,"comment_status":"","ping_status":"open","sticky":false,"template":"","format":"standard","meta":{"_acf_changed":false,"footnotes":""},"categories":[24],"tags":[],"class_list":["post-36159","post","type-post","status-publish","format-standard","has-post-thumbnail","hentry","category-gundem"],"acf":[],"yoast_head":"<!-- This site is optimized with the Yoast SEO Premium plugin v26.6 (Yoast SEO v27.1.1) - https:\/\/yoast.com\/product\/yoast-seo-premium-wordpress\/ -->\n<title>Hatay\u2019da Ula\u015f\u0131ma Nefes Ald\u0131racak Dev Proje\u2026 - Av. Deniz Can K\u0131z\u0131l<\/title>\n<meta name=\"robots\" content=\"index, follow, max-snippet:-1, max-image-preview:large, max-video-preview:-1\" \/>\n<link rel=\"canonical\" href=\"http:\/\/denizcankizil.tr\/en\/haberler\/gundem\/hatayda-ulasima-nefes-aldiracak-dev-proje\/\" \/>\n<meta property=\"og:locale\" content=\"en_GB\" \/>\n<meta property=\"og:type\" content=\"article\" \/>\n<meta property=\"og:title\" content=\"Hatay\u2019da Ula\u015f\u0131ma Nefes Ald\u0131racak Dev Proje\u2026\" \/>\n<meta property=\"og:description\" content=\"Vatanda\u015flara daha konforlu, g\u00fcvenli ve kesintisiz ula\u015f\u0131m imk\u00e2n\u0131 sunmay\u0131 hedefleyen proje, b\u00f6lgenin ula\u015f\u0131m altyap\u0131s\u0131n\u0131 \u00f6nemli \u00f6l\u00e7\u00fcde g\u00fc\u00e7lendirecek. HBB Yol Bak\u0131m ve Alt Yap\u0131 Koordinasyon Dairesi Ba\u015fkanl\u0131\u011f\u0131 ekipleri, Hatay B\u00fcy\u00fck\u015fehir Belediye Ba\u015fkan\u0131 Mehmet \u00d6nt\u00fcrk\u2019\u00fcn talimatlar\u0131 do\u011frultusunda, yol yap\u0131m \u00e7al\u0131\u015fmalar\u0131n\u0131 b\u00fcy\u00fck bir titizlik ve \u00f6zveriyle s\u00fcrd\u00fcr\u00fcyor. Tamamen Hatay B\u00fcy\u00fck\u015fehir Belediyesi\u2019nin imk\u00e2nlar\u0131yla y\u00fcr\u00fct\u00fclen projede, yol geni\u015fletme, ya\u011fmur suyu drenaj sistemleri ve altyap\u0131 g\u00fc\u00e7lendirme \u00e7al\u0131\u015fmalar\u0131 h\u0131zla ilerliyor. Serinyol-Madenli Yolu\u2019nun, 2025 y\u0131l\u0131 Haziran ay\u0131nda tamamlanmas\u0131 planlan\u0131yor. Bu \u00f6nemli proje, b\u00f6lge halk\u0131n\u0131n ula\u015f\u0131m\u0131n\u0131 daha rahat ve g\u00fcvenli hale getirecek, ayn\u0131 zamanda Hatay\u2019\u0131n ula\u015f\u0131m altyap\u0131s\u0131na \u00f6nemli bir katk\u0131 sa\u011flayacak. \u200bHatay B\u00fcy\u00fck\u015fehir Belediyesi, Antakya, Belen ve Arsuz il\u00e7elerini birbirine ba\u011flayacak olan Serinyol-Madenli Yolu\u2019nun yap\u0131m \u00e7al\u0131\u015fmalar\u0131 h\u0131z kesmeden devam ederken, Haziran ay\u0131nda tamamlanmas\u0131 planlan\u0131yor.\u00a0 \u200bHaberin Al\u0131nt\u0131land\u0131\u011f\u0131 Kaynak: www.iskenderun.org\" \/>\n<meta property=\"og:url\" content=\"http:\/\/denizcankizil.tr\/en\/haberler\/gundem\/hatayda-ulasima-nefes-aldiracak-dev-proje\/\" \/>\n<meta property=\"og:site_name\" content=\"Av. Deniz Can K\u0131z\u0131l\" \/>\n<meta property=\"article:published_time\" content=\"2025-03-18T09:42:17+00:00\" \/>\n<meta name=\"author\" content=\"admin\" \/>\n<meta name=\"twitter:card\" content=\"summary_large_image\" \/>\n<meta name=\"twitter:label1\" content=\"Written by\" \/>\n\t<meta name=\"twitter:data1\" content=\"admin\" \/>\n\t<meta name=\"twitter:label2\" content=\"Estimated reading time\" \/>\n\t<meta name=\"twitter:data2\" content=\"1 minute\" \/>\n<script type=\"application\/ld+json\" class=\"yoast-schema-graph\">{\"@context\":\"https:\/\/schema.org\",\"@graph\":[{\"@type\":\"Article\",\"@id\":\"http:\/\/denizcankizil.tr\/en\/haberler\/gundem\/hatayda-ulasima-nefes-aldiracak-dev-proje\/#article\",\"isPartOf\":{\"@id\":\"http:\/\/denizcankizil.tr\/en\/haberler\/gundem\/hatayda-ulasima-nefes-aldiracak-dev-proje\/\"},\"author\":{\"name\":\"admin\",\"@id\":\"https:\/\/denizcankizil.tr\/de\/#\/schema\/person\/be3c05fe6a12686905512445d8185489\"},\"headline\":\"Hatay\u2019da Ula\u015f\u0131ma Nefes Ald\u0131racak Dev Proje\u2026\",\"datePublished\":\"2025-03-18T09:42:17+00:00\",\"mainEntityOfPage\":{\"@id\":\"http:\/\/denizcankizil.tr\/en\/haberler\/gundem\/hatayda-ulasima-nefes-aldiracak-dev-proje\/\"},\"wordCount\":198,\"publisher\":{\"@id\":\"https:\/\/denizcankizil.tr\/de\/#organization\"},\"articleSection\":[\"G\u00fcndem\"],\"inLanguage\":\"en-GB\"},{\"@type\":\"WebPage\",\"@id\":\"http:\/\/denizcankizil.tr\/en\/haberler\/gundem\/hatayda-ulasima-nefes-aldiracak-dev-proje\/\",\"url\":\"http:\/\/denizcankizil.tr\/en\/haberler\/gundem\/hatayda-ulasima-nefes-aldiracak-dev-proje\/\",\"name\":\"Hatay\u2019da Ula\u015f\u0131ma Nefes Ald\u0131racak Dev Proje\u2026 - Av. Deniz Can K\u0131z\u0131l\",\"isPartOf\":{\"@id\":\"https:\/\/denizcankizil.tr\/de\/#website\"},\"datePublished\":\"2025-03-18T09:42:17+00:00\",\"breadcrumb\":{\"@id\":\"http:\/\/denizcankizil.tr\/en\/haberler\/gundem\/hatayda-ulasima-nefes-aldiracak-dev-proje\/#breadcrumb\"},\"inLanguage\":\"en-GB\",\"potentialAction\":[{\"@type\":\"ReadAction\",\"target\":[\"http:\/\/denizcankizil.tr\/en\/haberler\/gundem\/hatayda-ulasima-nefes-aldiracak-dev-proje\/\"]}]},{\"@type\":\"BreadcrumbList\",\"@id\":\"http:\/\/denizcankizil.tr\/en\/haberler\/gundem\/hatayda-ulasima-nefes-aldiracak-dev-proje\/#breadcrumb\",\"itemListElement\":[{\"@type\":\"ListItem\",\"position\":1,\"name\":\"Home\",\"item\":\"https:\/\/denizcankizil.tr\/de\/\"},{\"@type\":\"ListItem\",\"position\":2,\"name\":\"Hatay\u2019da Ula\u015f\u0131ma Nefes Ald\u0131racak Dev Proje\u2026\"}]},{\"@type\":\"WebSite\",\"@id\":\"https:\/\/denizcankizil.tr\/de\/#website\",\"url\":\"https:\/\/denizcankizil.tr\/de\/\",\"name\":\"Av. Deniz Can K\u0131z\u0131l\",\"description\":\"Avukat Deniz Can K\u0131z\u0131l Antalya Barosu\",\"publisher\":{\"@id\":\"https:\/\/denizcankizil.tr\/de\/#organization\"},\"potentialAction\":[{\"@type\":\"SearchAction\",\"target\":{\"@type\":\"EntryPoint\",\"urlTemplate\":\"https:\/\/denizcankizil.tr\/de\/?s={search_term_string}\"},\"query-input\":{\"@type\":\"PropertyValueSpecification\",\"valueRequired\":true,\"valueName\":\"search_term_string\"}}],\"inLanguage\":\"en-GB\"},{\"@type\":\"Organization\",\"@id\":\"https:\/\/denizcankizil.tr\/de\/#organization\",\"name\":\"Av. Deniz Can K\u0131z\u0131l\",\"url\":\"https:\/\/denizcankizil.tr\/de\/\",\"logo\":{\"@type\":\"ImageObject\",\"inLanguage\":\"en-GB\",\"@id\":\"https:\/\/denizcankizil.tr\/de\/#\/schema\/logo\/image\/\",\"url\":\"http:\/\/denizcankizil.tr\/wp-content\/uploads\/2024\/10\/siyah-logo-svg.svg\",\"contentUrl\":\"http:\/\/denizcankizil.tr\/wp-content\/uploads\/2024\/10\/siyah-logo-svg.svg\",\"width\":1080,\"height\":1080,\"caption\":\"Av. Deniz Can K\u0131z\u0131l\"},\"image\":{\"@id\":\"https:\/\/denizcankizil.tr\/de\/#\/schema\/logo\/image\/\"}},{\"@type\":\"Person\",\"@id\":\"https:\/\/denizcankizil.tr\/de\/#\/schema\/person\/be3c05fe6a12686905512445d8185489\",\"name\":\"admin\",\"image\":{\"@type\":\"ImageObject\",\"inLanguage\":\"en-GB\",\"@id\":\"https:\/\/denizcankizil.tr\/de\/#\/schema\/person\/image\/\",\"url\":\"https:\/\/secure.gravatar.com\/avatar\/c1fce94c830dc79107e174f890d7210541c4a63e8e5d816341794a2151c9d58c?s=96&d=mm&r=g\",\"contentUrl\":\"https:\/\/secure.gravatar.com\/avatar\/c1fce94c830dc79107e174f890d7210541c4a63e8e5d816341794a2151c9d58c?s=96&d=mm&r=g\",\"caption\":\"admin\"},\"sameAs\":[\"http:\/\/denizcankizil.tr\"],\"url\":\"https:\/\/www.iskenderun.org\/hatayda-ulasima-nefes-aldiracak-dev-proje\"}]}<\/script>\n<!-- \/ Yoast SEO Premium plugin. -->","yoast_head_json":{"title":"Hatay\u2019da Ula\u015f\u0131ma Nefes Ald\u0131racak Dev Proje\u2026 - Av. Deniz Can K\u0131z\u0131l","robots":{"index":"index","follow":"follow","max-snippet":"max-snippet:-1","max-image-preview":"max-image-preview:large","max-video-preview":"max-video-preview:-1"},"canonical":"http:\/\/denizcankizil.tr\/en\/haberler\/gundem\/hatayda-ulasima-nefes-aldiracak-dev-proje\/","og_locale":"en_GB","og_type":"article","og_title":"Hatay\u2019da Ula\u015f\u0131ma Nefes Ald\u0131racak Dev Proje\u2026","og_description":"Vatanda\u015flara daha konforlu, g\u00fcvenli ve kesintisiz ula\u015f\u0131m imk\u00e2n\u0131 sunmay\u0131 hedefleyen proje, b\u00f6lgenin ula\u015f\u0131m altyap\u0131s\u0131n\u0131 \u00f6nemli \u00f6l\u00e7\u00fcde g\u00fc\u00e7lendirecek. HBB Yol Bak\u0131m ve Alt Yap\u0131 Koordinasyon Dairesi Ba\u015fkanl\u0131\u011f\u0131 ekipleri, Hatay B\u00fcy\u00fck\u015fehir Belediye Ba\u015fkan\u0131 Mehmet \u00d6nt\u00fcrk\u2019\u00fcn talimatlar\u0131 do\u011frultusunda, yol yap\u0131m \u00e7al\u0131\u015fmalar\u0131n\u0131 b\u00fcy\u00fck bir titizlik ve \u00f6zveriyle s\u00fcrd\u00fcr\u00fcyor. Tamamen Hatay B\u00fcy\u00fck\u015fehir Belediyesi\u2019nin imk\u00e2nlar\u0131yla y\u00fcr\u00fct\u00fclen projede, yol geni\u015fletme, ya\u011fmur suyu drenaj sistemleri ve altyap\u0131 g\u00fc\u00e7lendirme \u00e7al\u0131\u015fmalar\u0131 h\u0131zla ilerliyor. Serinyol-Madenli Yolu\u2019nun, 2025 y\u0131l\u0131 Haziran ay\u0131nda tamamlanmas\u0131 planlan\u0131yor. Bu \u00f6nemli proje, b\u00f6lge halk\u0131n\u0131n ula\u015f\u0131m\u0131n\u0131 daha rahat ve g\u00fcvenli hale getirecek, ayn\u0131 zamanda Hatay\u2019\u0131n ula\u015f\u0131m altyap\u0131s\u0131na \u00f6nemli bir katk\u0131 sa\u011flayacak. \u200bHatay B\u00fcy\u00fck\u015fehir Belediyesi, Antakya, Belen ve Arsuz il\u00e7elerini birbirine ba\u011flayacak olan Serinyol-Madenli Yolu\u2019nun yap\u0131m \u00e7al\u0131\u015fmalar\u0131 h\u0131z kesmeden devam ederken, Haziran ay\u0131nda tamamlanmas\u0131 planlan\u0131yor.\u00a0 \u200bHaberin Al\u0131nt\u0131land\u0131\u011f\u0131 Kaynak: www.iskenderun.org","og_url":"http:\/\/denizcankizil.tr\/en\/haberler\/gundem\/hatayda-ulasima-nefes-aldiracak-dev-proje\/","og_site_name":"Av. Deniz Can K\u0131z\u0131l","article_published_time":"2025-03-18T09:42:17+00:00","author":"admin","twitter_card":"summary_large_image","twitter_misc":{"Written by":"admin","Estimated reading time":"1 minute"},"schema":{"@context":"https:\/\/schema.org","@graph":[{"@type":"Article","@id":"http:\/\/denizcankizil.tr\/en\/haberler\/gundem\/hatayda-ulasima-nefes-aldiracak-dev-proje\/#article","isPartOf":{"@id":"http:\/\/denizcankizil.tr\/en\/haberler\/gundem\/hatayda-ulasima-nefes-aldiracak-dev-proje\/"},"author":{"name":"admin","@id":"https:\/\/denizcankizil.tr\/de\/#\/schema\/person\/be3c05fe6a12686905512445d8185489"},"headline":"Hatay\u2019da Ula\u015f\u0131ma Nefes Ald\u0131racak Dev Proje\u2026","datePublished":"2025-03-18T09:42:17+00:00","mainEntityOfPage":{"@id":"http:\/\/denizcankizil.tr\/en\/haberler\/gundem\/hatayda-ulasima-nefes-aldiracak-dev-proje\/"},"wordCount":198,"publisher":{"@id":"https:\/\/denizcankizil.tr\/de\/#organization"},"articleSection":["G\u00fcndem"],"inLanguage":"en-GB"},{"@type":"WebPage","@id":"http:\/\/denizcankizil.tr\/en\/haberler\/gundem\/hatayda-ulasima-nefes-aldiracak-dev-proje\/","url":"http:\/\/denizcankizil.tr\/en\/haberler\/gundem\/hatayda-ulasima-nefes-aldiracak-dev-proje\/","name":"Hatay\u2019da Ula\u015f\u0131ma Nefes Ald\u0131racak Dev Proje\u2026 - Av. Deniz Can K\u0131z\u0131l","isPartOf":{"@id":"https:\/\/denizcankizil.tr\/de\/#website"},"datePublished":"2025-03-18T09:42:17+00:00","breadcrumb":{"@id":"http:\/\/denizcankizil.tr\/en\/haberler\/gundem\/hatayda-ulasima-nefes-aldiracak-dev-proje\/#breadcrumb"},"inLanguage":"en-GB","potentialAction":[{"@type":"ReadAction","target":["http:\/\/denizcankizil.tr\/en\/haberler\/gundem\/hatayda-ulasima-nefes-aldiracak-dev-proje\/"]}]},{"@type":"BreadcrumbList","@id":"http:\/\/denizcankizil.tr\/en\/haberler\/gundem\/hatayda-ulasima-nefes-aldiracak-dev-proje\/#breadcrumb","itemListElement":[{"@type":"ListItem","position":1,"name":"Home","item":"https:\/\/denizcankizil.tr\/de\/"},{"@type":"ListItem","position":2,"name":"Hatay\u2019da Ula\u015f\u0131ma Nefes Ald\u0131racak Dev Proje\u2026"}]},{"@type":"WebSite","@id":"https:\/\/denizcankizil.tr\/de\/#website","url":"https:\/\/denizcankizil.tr\/de\/","name":"Av. Deniz Can K\u0131z\u0131l","description":"Avukat Deniz Can K\u0131z\u0131l Antalya Barosu","publisher":{"@id":"https:\/\/denizcankizil.tr\/de\/#organization"},"potentialAction":[{"@type":"SearchAction","target":{"@type":"EntryPoint","urlTemplate":"https:\/\/denizcankizil.tr\/de\/?s={search_term_string}"},"query-input":{"@type":"PropertyValueSpecification","valueRequired":true,"valueName":"search_term_string"}}],"inLanguage":"en-GB"},{"@type":"Organization","@id":"https:\/\/denizcankizil.tr\/de\/#organization","name":"Av. Deniz Can K\u0131z\u0131l","url":"https:\/\/denizcankizil.tr\/de\/","logo":{"@type":"ImageObject","inLanguage":"en-GB","@id":"https:\/\/denizcankizil.tr\/de\/#\/schema\/logo\/image\/","url":"http:\/\/denizcankizil.tr\/wp-content\/uploads\/2024\/10\/siyah-logo-svg.svg","contentUrl":"http:\/\/denizcankizil.tr\/wp-content\/uploads\/2024\/10\/siyah-logo-svg.svg","width":1080,"height":1080,"caption":"Av. Deniz Can K\u0131z\u0131l"},"image":{"@id":"https:\/\/denizcankizil.tr\/de\/#\/schema\/logo\/image\/"}},{"@type":"Person","@id":"https:\/\/denizcankizil.tr\/de\/#\/schema\/person\/be3c05fe6a12686905512445d8185489","name":"admin","image":{"@type":"ImageObject","inLanguage":"en-GB","@id":"https:\/\/denizcankizil.tr\/de\/#\/schema\/person\/image\/","url":"https:\/\/secure.gravatar.com\/avatar\/c1fce94c830dc79107e174f890d7210541c4a63e8e5d816341794a2151c9d58c?s=96&d=mm&r=g","contentUrl":"https:\/\/secure.gravatar.com\/avatar\/c1fce94c830dc79107e174f890d7210541c4a63e8e5d816341794a2151c9d58c?s=96&d=mm&r=g","caption":"admin"},"sameAs":["http:\/\/denizcankizil.tr"],"url":"https:\/\/www.iskenderun.org\/hatayda-ulasima-nefes-aldiracak-dev-proje"}]}},"_links":{"self":[{"href":"http:\/\/denizcankizil.tr\/en\/wp-json\/wp\/v2\/posts\/36159","targetHints":{"allow":["GET"]}}],"collection":[{"href":"http:\/\/denizcankizil.tr\/en\/wp-json\/wp\/v2\/posts"}],"about":[{"href":"http:\/\/denizcankizil.tr\/en\/wp-json\/wp\/v2\/types\/post"}],"author":[{"embeddable":true,"href":"http:\/\/denizcankizil.tr\/en\/wp-json\/wp\/v2\/users\/1"}],"replies":[{"embeddable":true,"href":"http:\/\/denizcankizil.tr\/en\/wp-json\/wp\/v2\/comments?post=36159"}],"version-history":[{"count":0,"href":"http:\/\/denizcankizil.tr\/en\/wp-json\/wp\/v2\/posts\/36159\/revisions"}],"wp:attachment":[{"href":"http:\/\/denizcankizil.tr\/en\/wp-json\/wp\/v2\/media?parent=36159"}],"wp:term":[{"taxonomy":"category","embeddable":true,"href":"http:\/\/denizcankizil.tr\/en\/wp-json\/wp\/v2\/categories?post=36159"},{"taxonomy":"post_tag","embeddable":true,"href":"http:\/\/denizcankizil.tr\/en\/wp-json\/wp\/v2\/tags?post=36159"}],"curies":[{"name":"wp","href":"https:\/\/api.w.org\/{rel}","templated":true}]}}