{"id":3535,"date":"2024-10-16T21:45:28","date_gmt":"2024-10-16T18:45:28","guid":{"rendered":"https:\/\/denizcankizil.tr\/uncategorized\/aliagali-minik-ogrenciler-sakranda-zeytin-hasadi-yapti\/"},"modified":"2024-10-16T21:45:28","modified_gmt":"2024-10-16T18:45:28","slug":"aliagali-minik-ogrenciler-sakranda-zeytin-hasadi-yapti","status":"publish","type":"post","link":"http:\/\/denizcankizil.tr\/en\/haberler\/gundem\/aliagali-minik-ogrenciler-sakranda-zeytin-hasadi-yapti\/","title":{"rendered":"Alia\u011fal\u0131 Minik \u00d6\u011frenciler \u015eakran\u2019da Zeytin Hasad\u0131 Yapt\u0131"},"content":{"rendered":"<p>Alia\u011fa\u2019da zeytin hasat sezonunun ba\u015flamas\u0131yla birlikte zeytinin dal\u0131ndan sofraya yolculu\u011fu da ba\u015flad\u0131. Sezonun ba\u015flamas\u0131n\u0131 f\u0131rsat bilen Alia\u011fal\u0131 minik \u00f6\u011frenciler, zeytinya\u011f\u0131 ile me\u015fhur \u015eakran\u2019da zeytin hasad\u0131 yap\u0131p, zeytinin ya\u011fa d\u00f6n\u00fc\u015fme ser\u00fcvenine tan\u0131kl\u0131k ettiler.<\/p>\n<p>\u200bAlia\u011fa\u2019da zeytin hasat sezonunun ba\u015flamas\u0131yla birlikte zeytinin dal\u0131ndan sofraya yolculu\u011fu da ba\u015flad\u0131. Sezonun ba\u015flamas\u0131n\u0131 f\u0131rsat bilen Alia\u011fal\u0131 minik \u00f6\u011frenciler, zeytinya\u011f\u0131 ile me\u015fhur \u015eakran\u2019da zeytin hasad\u0131 yap\u0131p, zeytinin ya\u011fa d\u00f6n\u00fc\u015fme ser\u00fcvenine tan\u0131kl\u0131k ettiler.\u00a0<\/p>\n<p>\u200bHaberin Al\u0131nt\u0131land\u0131\u011f\u0131 Kaynak: www.iskenderun.org<\/p>","protected":false},"excerpt":{"rendered":"<p>Alia\u011fa\u2019da zeytin hasat sezonunun ba\u015flamas\u0131yla birlikte zeytinin dal\u0131ndan sofraya yolculu\u011fu da ba\u015flad\u0131. Sezonun ba\u015flamas\u0131n\u0131 f\u0131rsat bilen Alia\u011fal\u0131 minik \u00f6\u011frenciler, zeytinya\u011f\u0131 ile me\u015fhur \u015eakran\u2019da zeytin hasad\u0131 yap\u0131p, zeytinin ya\u011fa d\u00f6n\u00fc\u015fme ser\u00fcvenine tan\u0131kl\u0131k ettiler. \u200bAlia\u011fa\u2019da zeytin hasat sezonunun ba\u015flamas\u0131yla birlikte zeytinin dal\u0131ndan sofraya yolculu\u011fu da ba\u015flad\u0131. Sezonun ba\u015flamas\u0131n\u0131 f\u0131rsat bilen Alia\u011fal\u0131 minik \u00f6\u011frenciler, zeytinya\u011f\u0131 ile me\u015fhur \u015eakran\u2019da zeytin hasad\u0131 yap\u0131p, zeytinin ya\u011fa d\u00f6n\u00fc\u015fme ser\u00fcvenine tan\u0131kl\u0131k ettiler.\u00a0 \u200bHaberin Al\u0131nt\u0131land\u0131\u011f\u0131 Kaynak: www.iskenderun.org<\/p>","protected":false},"author":0,"featured_media":0,"comment_status":"open","ping_status":"open","sticky":false,"template":"","format":"standard","meta":{"_acf_changed":false,"footnotes":""},"categories":[24],"tags":[],"class_list":["post-3535","post","type-post","status-publish","format-standard","has-post-thumbnail","hentry","category-gundem"],"acf":[],"yoast_head":"<!-- This site is optimized with the Yoast SEO Premium plugin v26.6 (Yoast SEO v27.1.1) - https:\/\/yoast.com\/product\/yoast-seo-premium-wordpress\/ -->\n<title>Alia\u011fal\u0131 Minik \u00d6\u011frenciler \u015eakran\u2019da Zeytin Hasad\u0131 Yapt\u0131 - Av. Deniz Can K\u0131z\u0131l<\/title>\n<meta name=\"robots\" content=\"index, follow, max-snippet:-1, max-image-preview:large, max-video-preview:-1\" \/>\n<link rel=\"canonical\" href=\"http:\/\/denizcankizil.tr\/en\/haberler\/gundem\/aliagali-minik-ogrenciler-sakranda-zeytin-hasadi-yapti\/\" \/>\n<meta property=\"og:locale\" content=\"en_GB\" \/>\n<meta property=\"og:type\" content=\"article\" \/>\n<meta property=\"og:title\" content=\"Alia\u011fal\u0131 Minik \u00d6\u011frenciler \u015eakran\u2019da Zeytin Hasad\u0131 Yapt\u0131\" \/>\n<meta property=\"og:description\" content=\"Alia\u011fa\u2019da zeytin hasat sezonunun ba\u015flamas\u0131yla birlikte zeytinin dal\u0131ndan sofraya yolculu\u011fu da ba\u015flad\u0131. Sezonun ba\u015flamas\u0131n\u0131 f\u0131rsat bilen Alia\u011fal\u0131 minik \u00f6\u011frenciler, zeytinya\u011f\u0131 ile me\u015fhur \u015eakran\u2019da zeytin hasad\u0131 yap\u0131p, zeytinin ya\u011fa d\u00f6n\u00fc\u015fme ser\u00fcvenine tan\u0131kl\u0131k ettiler. \u200bAlia\u011fa\u2019da zeytin hasat sezonunun ba\u015flamas\u0131yla birlikte zeytinin dal\u0131ndan sofraya yolculu\u011fu da ba\u015flad\u0131. Sezonun ba\u015flamas\u0131n\u0131 f\u0131rsat bilen Alia\u011fal\u0131 minik \u00f6\u011frenciler, zeytinya\u011f\u0131 ile me\u015fhur \u015eakran\u2019da zeytin hasad\u0131 yap\u0131p, zeytinin ya\u011fa d\u00f6n\u00fc\u015fme ser\u00fcvenine tan\u0131kl\u0131k ettiler.\u00a0 \u200bHaberin Al\u0131nt\u0131land\u0131\u011f\u0131 Kaynak: www.iskenderun.org\" \/>\n<meta property=\"og:url\" content=\"http:\/\/denizcankizil.tr\/en\/haberler\/gundem\/aliagali-minik-ogrenciler-sakranda-zeytin-hasadi-yapti\/\" \/>\n<meta property=\"og:site_name\" content=\"Av. Deniz Can K\u0131z\u0131l\" \/>\n<meta property=\"article:published_time\" content=\"2024-10-16T18:45:28+00:00\" \/>\n<meta name=\"twitter:card\" content=\"summary_large_image\" \/>\n<meta name=\"twitter:label1\" content=\"Estimated reading time\" \/>\n\t<meta name=\"twitter:data1\" content=\"1 minute\" \/>\n<script type=\"application\/ld+json\" class=\"yoast-schema-graph\">{\"@context\":\"https:\/\/schema.org\",\"@graph\":[{\"@type\":\"Article\",\"@id\":\"http:\/\/denizcankizil.tr\/en\/haberler\/gundem\/aliagali-minik-ogrenciler-sakranda-zeytin-hasadi-yapti\/#article\",\"isPartOf\":{\"@id\":\"http:\/\/denizcankizil.tr\/en\/haberler\/gundem\/aliagali-minik-ogrenciler-sakranda-zeytin-hasadi-yapti\/\"},\"author\":{\"name\":\"\",\"@id\":\"\"},\"headline\":\"Alia\u011fal\u0131 Minik \u00d6\u011frenciler \u015eakran\u2019da Zeytin Hasad\u0131 Yapt\u0131\",\"datePublished\":\"2024-10-16T18:45:28+00:00\",\"mainEntityOfPage\":{\"@id\":\"http:\/\/denizcankizil.tr\/en\/haberler\/gundem\/aliagali-minik-ogrenciler-sakranda-zeytin-hasadi-yapti\/\"},\"wordCount\":121,\"commentCount\":0,\"publisher\":{\"@id\":\"https:\/\/denizcankizil.tr\/#organization\"},\"articleSection\":[\"G\u00fcndem\"],\"inLanguage\":\"en-GB\",\"potentialAction\":[{\"@type\":\"CommentAction\",\"name\":\"Comment\",\"target\":[\"http:\/\/denizcankizil.tr\/en\/haberler\/gundem\/aliagali-minik-ogrenciler-sakranda-zeytin-hasadi-yapti\/#respond\"]}]},{\"@type\":\"WebPage\",\"@id\":\"http:\/\/denizcankizil.tr\/en\/haberler\/gundem\/aliagali-minik-ogrenciler-sakranda-zeytin-hasadi-yapti\/\",\"url\":\"http:\/\/denizcankizil.tr\/en\/haberler\/gundem\/aliagali-minik-ogrenciler-sakranda-zeytin-hasadi-yapti\/\",\"name\":\"Alia\u011fal\u0131 Minik \u00d6\u011frenciler \u015eakran\u2019da Zeytin Hasad\u0131 Yapt\u0131 - Av. Deniz Can K\u0131z\u0131l\",\"isPartOf\":{\"@id\":\"https:\/\/denizcankizil.tr\/#website\"},\"datePublished\":\"2024-10-16T18:45:28+00:00\",\"breadcrumb\":{\"@id\":\"http:\/\/denizcankizil.tr\/en\/haberler\/gundem\/aliagali-minik-ogrenciler-sakranda-zeytin-hasadi-yapti\/#breadcrumb\"},\"inLanguage\":\"en-GB\",\"potentialAction\":[{\"@type\":\"ReadAction\",\"target\":[\"http:\/\/denizcankizil.tr\/en\/haberler\/gundem\/aliagali-minik-ogrenciler-sakranda-zeytin-hasadi-yapti\/\"]}]},{\"@type\":\"BreadcrumbList\",\"@id\":\"http:\/\/denizcankizil.tr\/en\/haberler\/gundem\/aliagali-minik-ogrenciler-sakranda-zeytin-hasadi-yapti\/#breadcrumb\",\"itemListElement\":[{\"@type\":\"ListItem\",\"position\":1,\"name\":\"Home\",\"item\":\"https:\/\/denizcankizil.tr\/de\/\"},{\"@type\":\"ListItem\",\"position\":2,\"name\":\"Alia\u011fal\u0131 Minik \u00d6\u011frenciler \u015eakran\u2019da Zeytin Hasad\u0131 Yapt\u0131\"}]},{\"@type\":\"WebSite\",\"@id\":\"https:\/\/denizcankizil.tr\/#website\",\"url\":\"https:\/\/denizcankizil.tr\/\",\"name\":\"Av. Deniz Can K\u0131z\u0131l\",\"description\":\"Avukat Deniz Can K\u0131z\u0131l Antalya Barosu\",\"publisher\":{\"@id\":\"https:\/\/denizcankizil.tr\/#organization\"},\"potentialAction\":[{\"@type\":\"SearchAction\",\"target\":{\"@type\":\"EntryPoint\",\"urlTemplate\":\"https:\/\/denizcankizil.tr\/?s={search_term_string}\"},\"query-input\":{\"@type\":\"PropertyValueSpecification\",\"valueRequired\":true,\"valueName\":\"search_term_string\"}}],\"inLanguage\":\"en-GB\"},{\"@type\":\"Organization\",\"@id\":\"https:\/\/denizcankizil.tr\/#organization\",\"name\":\"Av. Deniz Can K\u0131z\u0131l\",\"url\":\"https:\/\/denizcankizil.tr\/\",\"logo\":{\"@type\":\"ImageObject\",\"inLanguage\":\"en-GB\",\"@id\":\"https:\/\/denizcankizil.tr\/#\/schema\/logo\/image\/\",\"url\":\"http:\/\/denizcankizil.tr\/wp-content\/uploads\/2024\/10\/siyah-logo-svg.svg\",\"contentUrl\":\"http:\/\/denizcankizil.tr\/wp-content\/uploads\/2024\/10\/siyah-logo-svg.svg\",\"width\":1080,\"height\":1080,\"caption\":\"Av. Deniz Can K\u0131z\u0131l\"},\"image\":{\"@id\":\"https:\/\/denizcankizil.tr\/#\/schema\/logo\/image\/\"}}]}<\/script>\n<!-- \/ Yoast SEO Premium plugin. -->","yoast_head_json":{"title":"Alia\u011fal\u0131 Minik \u00d6\u011frenciler \u015eakran\u2019da Zeytin Hasad\u0131 Yapt\u0131 - Av. Deniz Can K\u0131z\u0131l","robots":{"index":"index","follow":"follow","max-snippet":"max-snippet:-1","max-image-preview":"max-image-preview:large","max-video-preview":"max-video-preview:-1"},"canonical":"http:\/\/denizcankizil.tr\/en\/haberler\/gundem\/aliagali-minik-ogrenciler-sakranda-zeytin-hasadi-yapti\/","og_locale":"en_GB","og_type":"article","og_title":"Alia\u011fal\u0131 Minik \u00d6\u011frenciler \u015eakran\u2019da Zeytin Hasad\u0131 Yapt\u0131","og_description":"Alia\u011fa\u2019da zeytin hasat sezonunun ba\u015flamas\u0131yla birlikte zeytinin dal\u0131ndan sofraya yolculu\u011fu da ba\u015flad\u0131. Sezonun ba\u015flamas\u0131n\u0131 f\u0131rsat bilen Alia\u011fal\u0131 minik \u00f6\u011frenciler, zeytinya\u011f\u0131 ile me\u015fhur \u015eakran\u2019da zeytin hasad\u0131 yap\u0131p, zeytinin ya\u011fa d\u00f6n\u00fc\u015fme ser\u00fcvenine tan\u0131kl\u0131k ettiler. \u200bAlia\u011fa\u2019da zeytin hasat sezonunun ba\u015flamas\u0131yla birlikte zeytinin dal\u0131ndan sofraya yolculu\u011fu da ba\u015flad\u0131. Sezonun ba\u015flamas\u0131n\u0131 f\u0131rsat bilen Alia\u011fal\u0131 minik \u00f6\u011frenciler, zeytinya\u011f\u0131 ile me\u015fhur \u015eakran\u2019da zeytin hasad\u0131 yap\u0131p, zeytinin ya\u011fa d\u00f6n\u00fc\u015fme ser\u00fcvenine tan\u0131kl\u0131k ettiler.\u00a0 \u200bHaberin Al\u0131nt\u0131land\u0131\u011f\u0131 Kaynak: www.iskenderun.org","og_url":"http:\/\/denizcankizil.tr\/en\/haberler\/gundem\/aliagali-minik-ogrenciler-sakranda-zeytin-hasadi-yapti\/","og_site_name":"Av. Deniz Can K\u0131z\u0131l","article_published_time":"2024-10-16T18:45:28+00:00","twitter_card":"summary_large_image","twitter_misc":{"Estimated reading time":"1 minute"},"schema":{"@context":"https:\/\/schema.org","@graph":[{"@type":"Article","@id":"http:\/\/denizcankizil.tr\/en\/haberler\/gundem\/aliagali-minik-ogrenciler-sakranda-zeytin-hasadi-yapti\/#article","isPartOf":{"@id":"http:\/\/denizcankizil.tr\/en\/haberler\/gundem\/aliagali-minik-ogrenciler-sakranda-zeytin-hasadi-yapti\/"},"author":{"name":"","@id":""},"headline":"Alia\u011fal\u0131 Minik \u00d6\u011frenciler \u015eakran\u2019da Zeytin Hasad\u0131 Yapt\u0131","datePublished":"2024-10-16T18:45:28+00:00","mainEntityOfPage":{"@id":"http:\/\/denizcankizil.tr\/en\/haberler\/gundem\/aliagali-minik-ogrenciler-sakranda-zeytin-hasadi-yapti\/"},"wordCount":121,"commentCount":0,"publisher":{"@id":"https:\/\/denizcankizil.tr\/#organization"},"articleSection":["G\u00fcndem"],"inLanguage":"en-GB","potentialAction":[{"@type":"CommentAction","name":"Comment","target":["http:\/\/denizcankizil.tr\/en\/haberler\/gundem\/aliagali-minik-ogrenciler-sakranda-zeytin-hasadi-yapti\/#respond"]}]},{"@type":"WebPage","@id":"http:\/\/denizcankizil.tr\/en\/haberler\/gundem\/aliagali-minik-ogrenciler-sakranda-zeytin-hasadi-yapti\/","url":"http:\/\/denizcankizil.tr\/en\/haberler\/gundem\/aliagali-minik-ogrenciler-sakranda-zeytin-hasadi-yapti\/","name":"Alia\u011fal\u0131 Minik \u00d6\u011frenciler \u015eakran\u2019da Zeytin Hasad\u0131 Yapt\u0131 - Av. Deniz Can K\u0131z\u0131l","isPartOf":{"@id":"https:\/\/denizcankizil.tr\/#website"},"datePublished":"2024-10-16T18:45:28+00:00","breadcrumb":{"@id":"http:\/\/denizcankizil.tr\/en\/haberler\/gundem\/aliagali-minik-ogrenciler-sakranda-zeytin-hasadi-yapti\/#breadcrumb"},"inLanguage":"en-GB","potentialAction":[{"@type":"ReadAction","target":["http:\/\/denizcankizil.tr\/en\/haberler\/gundem\/aliagali-minik-ogrenciler-sakranda-zeytin-hasadi-yapti\/"]}]},{"@type":"BreadcrumbList","@id":"http:\/\/denizcankizil.tr\/en\/haberler\/gundem\/aliagali-minik-ogrenciler-sakranda-zeytin-hasadi-yapti\/#breadcrumb","itemListElement":[{"@type":"ListItem","position":1,"name":"Home","item":"https:\/\/denizcankizil.tr\/de\/"},{"@type":"ListItem","position":2,"name":"Alia\u011fal\u0131 Minik \u00d6\u011frenciler \u015eakran\u2019da Zeytin Hasad\u0131 Yapt\u0131"}]},{"@type":"WebSite","@id":"https:\/\/denizcankizil.tr\/#website","url":"https:\/\/denizcankizil.tr\/","name":"Av. Deniz Can K\u0131z\u0131l","description":"Avukat Deniz Can K\u0131z\u0131l Antalya Barosu","publisher":{"@id":"https:\/\/denizcankizil.tr\/#organization"},"potentialAction":[{"@type":"SearchAction","target":{"@type":"EntryPoint","urlTemplate":"https:\/\/denizcankizil.tr\/?s={search_term_string}"},"query-input":{"@type":"PropertyValueSpecification","valueRequired":true,"valueName":"search_term_string"}}],"inLanguage":"en-GB"},{"@type":"Organization","@id":"https:\/\/denizcankizil.tr\/#organization","name":"Av. Deniz Can K\u0131z\u0131l","url":"https:\/\/denizcankizil.tr\/","logo":{"@type":"ImageObject","inLanguage":"en-GB","@id":"https:\/\/denizcankizil.tr\/#\/schema\/logo\/image\/","url":"http:\/\/denizcankizil.tr\/wp-content\/uploads\/2024\/10\/siyah-logo-svg.svg","contentUrl":"http:\/\/denizcankizil.tr\/wp-content\/uploads\/2024\/10\/siyah-logo-svg.svg","width":1080,"height":1080,"caption":"Av. Deniz Can K\u0131z\u0131l"},"image":{"@id":"https:\/\/denizcankizil.tr\/#\/schema\/logo\/image\/"}}]}},"_links":{"self":[{"href":"http:\/\/denizcankizil.tr\/en\/wp-json\/wp\/v2\/posts\/3535","targetHints":{"allow":["GET"]}}],"collection":[{"href":"http:\/\/denizcankizil.tr\/en\/wp-json\/wp\/v2\/posts"}],"about":[{"href":"http:\/\/denizcankizil.tr\/en\/wp-json\/wp\/v2\/types\/post"}],"replies":[{"embeddable":true,"href":"http:\/\/denizcankizil.tr\/en\/wp-json\/wp\/v2\/comments?post=3535"}],"version-history":[{"count":0,"href":"http:\/\/denizcankizil.tr\/en\/wp-json\/wp\/v2\/posts\/3535\/revisions"}],"wp:attachment":[{"href":"http:\/\/denizcankizil.tr\/en\/wp-json\/wp\/v2\/media?parent=3535"}],"wp:term":[{"taxonomy":"category","embeddable":true,"href":"http:\/\/denizcankizil.tr\/en\/wp-json\/wp\/v2\/categories?post=3535"},{"taxonomy":"post_tag","embeddable":true,"href":"http:\/\/denizcankizil.tr\/en\/wp-json\/wp\/v2\/tags?post=3535"}],"curies":[{"name":"wp","href":"https:\/\/api.w.org\/{rel}","templated":true}]}}