{"id":35310,"date":"2025-03-10T19:41:42","date_gmt":"2025-03-10T16:41:42","guid":{"rendered":"https:\/\/denizcankizil.tr\/uncategorized-tr\/ayvalikta-nostalji-ruzgari\/"},"modified":"2025-03-10T19:41:42","modified_gmt":"2025-03-10T16:41:42","slug":"ayvalikta-nostalji-ruzgari","status":"publish","type":"post","link":"http:\/\/denizcankizil.tr\/en\/haberler\/gundem\/ayvalikta-nostalji-ruzgari\/","title":{"rendered":"Ayval\u0131k&#8217;ta nostalji r\u00fczgar\u0131!"},"content":{"rendered":"<p>M\u00fczik direkt\u00f6rl\u00fc\u011f\u00fcn\u00fc ve solistli\u011fini Halil Erg\u00fcl\u2019\u00fcn yapt\u0131\u011f\u0131 \u201c90\u2019lar A\u015fk \u015eark\u0131lar\u0131\u201d Pop M\u00fczik Konseri Ayval\u0131kl\u0131 sanatseverlere haf\u0131zalardan uzun s\u00fcre silinmeyecek bir gece ya\u015fatt\u0131.BALIKES\u0130R (\u0130GFA) &#8211; Bal\u0131kesir\u00a0Ayval\u0131k Belediyesi Vural Sinemas\u0131 Nejat Uygur Sahnesi\u2019nde ger\u00e7ekle\u015ftirilen konser b\u00fcy\u00fck ilgi g\u00f6rd\u00fc, koltuklar dolunca sanatseverler merdivenlere oturarak konseri izlemek zorunda kald\u0131. Orkestran\u0131n kurucusu, koordinat\u00f6r\u00fc ve ayn\u0131 zamanda solisti Halil Erg\u00fcl, sahneyi Ecem Ay ile payla\u015ft\u0131. Halil Erg\u00fcl, yeni d\u00f6nemde de projelerin devam edece\u011fini s\u00f6yledi.<br \/>\nDaha \u00f6nceki projelerde 80\u2019ler aranjman plak \u015fark\u0131lar\u0131n\u0131 dinleyiciler ile bulu\u015fturan ekip, bu kez 90\u2019l\u0131 y\u0131llar\u0131n en g\u00fczel a\u015fk \u015fark\u0131lar\u0131ndan bir se\u00e7kiyi dinleyicilerle bulu\u015fturdu.<br \/>\nKonserde; \u00d6zdemir Erdo\u011fan ve Sezen Aksu\u2019nun ilk kez seslendirmi\u015f oldu\u011fu K\u00fc\u00e7\u00fck Bir A\u015fk Masal\u0131, Kara \u00c7i\u00e7e\u011fim, Ellerim Bombo\u015f, Susma Veda Ederken, Bile Bile, Serserim Benim ve Arnavut Kald\u0131r\u0131m\u0131 gibi dillere pelesenk olmu\u015f eserleri, seyircinin de yo\u011fun kat\u0131l\u0131m\u0131ylaseslendirildi.<br \/>\nOrkestrada, Halil Erg\u00fcl M\u00fczik Direkt\u00f6r\u00fc ve assolist olarak,klavye ve baslarda Mesut Y\u00fcn, klasik gitarda Evren Sevgili, davulda Ender Bal\u00e7\u0131k, yan fl\u00fct ve back vokalde Firdevs Minha\u00e7 Ok Dilek, kemanda H\u00fcseyin Bilgi\u00e7 ve \u00e7ello\u2019da Hazal K\u0131rba\u015f yer ald\u0131.<\/p>\n<p>\u200bM\u00fczik direkt\u00f6rl\u00fc\u011f\u00fcn\u00fc ve solistli\u011fini Halil Erg\u00fcl\u2019\u00fcn yapt\u0131\u011f\u0131 \u201c90\u2019lar A\u015fk \u015eark\u0131lar\u0131\u201d Pop M\u00fczik Konseri Ayval\u0131kl\u0131 sanatseverlere haf\u0131zalardan uzun s\u00fcre silinmeyecek bir gece ya\u015fatt\u0131.BALIKES\u0130R (\u0130GFA) &#8211; Bal\u0131kesir\u00a0Ayval\u0131k Belediyesi Vural Sinemas\u0131 Nejat Uygur Sahnesi\u2019nde ger\u00e7ekle\u015ftirilen konser b\u00fcy\u00fck ilgi g\u00f6rd\u00fc, koltuklar dolunca sanatseverler merdivenlere oturarak konseri izlemek zorunda kald\u0131. Orkestran\u0131n kurucusu, koordinat\u00f6r\u00fc ve ayn\u0131 zamanda solisti Halil Erg\u00fcl, sahneyi Ecem Ay ile payla\u015ft\u0131. Halil Erg\u00fcl, yeni d\u00f6nemde de projelerin devam edece\u011fini s\u00f6yledi.<br \/>\nDaha \u00f6nceki projelerde 80\u2019ler aranjman plak \u015fark\u0131lar\u0131n\u0131 dinleyiciler ile bulu\u015fturan ekip, bu kez 90\u2019l\u0131 y\u0131llar\u0131n en g\u00fczel a\u015fk \u015fark\u0131lar\u0131ndan bir se\u00e7kiyi dinleyicilerle bulu\u015fturdu.<br \/>\nKonserde; \u00d6zdemir Erdo\u011fan ve Sezen Aksu\u2019nun ilk kez seslendirmi\u015f oldu\u011fu K\u00fc\u00e7\u00fck Bir A\u015fk Masal\u0131, Kara \u00c7i\u00e7e\u011fim, Ellerim Bombo\u015f, Susma Veda Ederken, Bile Bile, Serserim Benim ve Arnavut Kald\u0131r\u0131m\u0131 gibi dillere pelesenk olmu\u015f eserleri, seyircinin de yo\u011fun kat\u0131l\u0131m\u0131ylaseslendirildi.<br \/>\nOrkestrada, Halil Erg\u00fcl M\u00fczik Direkt\u00f6r\u00fc ve assolist olarak,klavye ve baslarda Mesut Y\u00fcn, klasik gitarda Evren Sevgili, davulda Ender Bal\u00e7\u0131k, yan fl\u00fct ve back vokalde Firdevs Minha\u00e7 Ok Dilek, kemanda H\u00fcseyin Bilgi\u00e7 ve \u00e7ello\u2019da Hazal K\u0131rba\u015f yer ald\u0131.\u00a0<\/p>\n<p>\u200bHaberin Al\u0131nt\u0131land\u0131\u011f\u0131 Kaynak: www.iskenderun.org<\/p>","protected":false},"excerpt":{"rendered":"<p>M\u00fczik direkt\u00f6rl\u00fc\u011f\u00fcn\u00fc ve solistli\u011fini Halil Erg\u00fcl\u2019\u00fcn yapt\u0131\u011f\u0131 \u201c90\u2019lar A\u015fk \u015eark\u0131lar\u0131\u201d Pop M\u00fczik Konseri Ayval\u0131kl\u0131 sanatseverlere haf\u0131zalardan uzun s\u00fcre silinmeyecek bir gece ya\u015fatt\u0131.BALIKES\u0130R (\u0130GFA) &#8211; Bal\u0131kesir\u00a0Ayval\u0131k Belediyesi Vural Sinemas\u0131 Nejat Uygur Sahnesi\u2019nde ger\u00e7ekle\u015ftirilen konser b\u00fcy\u00fck ilgi g\u00f6rd\u00fc, koltuklar dolunca sanatseverler merdivenlere oturarak konseri izlemek zorunda kald\u0131. Orkestran\u0131n kurucusu, koordinat\u00f6r\u00fc ve ayn\u0131 zamanda solisti Halil Erg\u00fcl, sahneyi Ecem Ay ile payla\u015ft\u0131. Halil Erg\u00fcl, yeni d\u00f6nemde de projelerin devam edece\u011fini s\u00f6yledi. Daha \u00f6nceki projelerde 80\u2019ler aranjman plak \u015fark\u0131lar\u0131n\u0131 dinleyiciler ile bulu\u015fturan ekip, bu kez 90\u2019l\u0131 y\u0131llar\u0131n en g\u00fczel a\u015fk \u015fark\u0131lar\u0131ndan bir se\u00e7kiyi dinleyicilerle bulu\u015fturdu. Konserde; \u00d6zdemir Erdo\u011fan ve Sezen Aksu\u2019nun ilk kez seslendirmi\u015f oldu\u011fu K\u00fc\u00e7\u00fck Bir A\u015fk Masal\u0131, Kara \u00c7i\u00e7e\u011fim, Ellerim Bombo\u015f, Susma Veda Ederken, Bile Bile, Serserim Benim ve Arnavut Kald\u0131r\u0131m\u0131 gibi dillere pelesenk olmu\u015f eserleri, seyircinin de yo\u011fun kat\u0131l\u0131m\u0131ylaseslendirildi. Orkestrada, Halil Erg\u00fcl M\u00fczik Direkt\u00f6r\u00fc ve assolist olarak,klavye ve baslarda Mesut Y\u00fcn, klasik gitarda Evren Sevgili, davulda Ender Bal\u00e7\u0131k, yan fl\u00fct ve back vokalde Firdevs Minha\u00e7 Ok Dilek, kemanda H\u00fcseyin Bilgi\u00e7 ve \u00e7ello\u2019da Hazal K\u0131rba\u015f yer ald\u0131. \u200bM\u00fczik direkt\u00f6rl\u00fc\u011f\u00fcn\u00fc ve solistli\u011fini Halil Erg\u00fcl\u2019\u00fcn yapt\u0131\u011f\u0131 \u201c90\u2019lar A\u015fk \u015eark\u0131lar\u0131\u201d Pop M\u00fczik Konseri Ayval\u0131kl\u0131 sanatseverlere haf\u0131zalardan uzun s\u00fcre silinmeyecek bir gece ya\u015fatt\u0131.BALIKES\u0130R (\u0130GFA) &#8211; Bal\u0131kesir\u00a0Ayval\u0131k Belediyesi Vural Sinemas\u0131 Nejat Uygur Sahnesi\u2019nde ger\u00e7ekle\u015ftirilen konser b\u00fcy\u00fck ilgi &hellip;<\/p>","protected":false},"author":1,"featured_media":0,"comment_status":"open","ping_status":"open","sticky":false,"template":"","format":"standard","meta":{"_acf_changed":false,"footnotes":""},"categories":[24],"tags":[],"class_list":["post-35310","post","type-post","status-publish","format-standard","has-post-thumbnail","hentry","category-gundem"],"acf":[],"yoast_head":"<!-- This site is optimized with the Yoast SEO Premium plugin v26.6 (Yoast SEO v27.1.1) - https:\/\/yoast.com\/product\/yoast-seo-premium-wordpress\/ -->\n<title>Ayval\u0131k&#039;ta nostalji r\u00fczgar\u0131! - Av. Deniz Can K\u0131z\u0131l<\/title>\n<meta name=\"robots\" content=\"index, follow, max-snippet:-1, max-image-preview:large, max-video-preview:-1\" \/>\n<link rel=\"canonical\" href=\"http:\/\/denizcankizil.tr\/en\/haberler\/gundem\/ayvalikta-nostalji-ruzgari\/\" \/>\n<meta property=\"og:locale\" content=\"en_GB\" \/>\n<meta property=\"og:type\" content=\"article\" \/>\n<meta property=\"og:title\" content=\"Ayval\u0131k&#039;ta nostalji r\u00fczgar\u0131!\" \/>\n<meta property=\"og:description\" content=\"M\u00fczik direkt\u00f6rl\u00fc\u011f\u00fcn\u00fc ve solistli\u011fini Halil Erg\u00fcl\u2019\u00fcn yapt\u0131\u011f\u0131 \u201c90\u2019lar A\u015fk \u015eark\u0131lar\u0131\u201d Pop M\u00fczik Konseri Ayval\u0131kl\u0131 sanatseverlere haf\u0131zalardan uzun s\u00fcre silinmeyecek bir gece ya\u015fatt\u0131.BALIKES\u0130R (\u0130GFA) &#8211; Bal\u0131kesir\u00a0Ayval\u0131k Belediyesi Vural Sinemas\u0131 Nejat Uygur Sahnesi\u2019nde ger\u00e7ekle\u015ftirilen konser b\u00fcy\u00fck ilgi g\u00f6rd\u00fc, koltuklar dolunca sanatseverler merdivenlere oturarak konseri izlemek zorunda kald\u0131. Orkestran\u0131n kurucusu, koordinat\u00f6r\u00fc ve ayn\u0131 zamanda solisti Halil Erg\u00fcl, sahneyi Ecem Ay ile payla\u015ft\u0131. Halil Erg\u00fcl, yeni d\u00f6nemde de projelerin devam edece\u011fini s\u00f6yledi. Daha \u00f6nceki projelerde 80\u2019ler aranjman plak \u015fark\u0131lar\u0131n\u0131 dinleyiciler ile bulu\u015fturan ekip, bu kez 90\u2019l\u0131 y\u0131llar\u0131n en g\u00fczel a\u015fk \u015fark\u0131lar\u0131ndan bir se\u00e7kiyi dinleyicilerle bulu\u015fturdu. Konserde; \u00d6zdemir Erdo\u011fan ve Sezen Aksu\u2019nun ilk kez seslendirmi\u015f oldu\u011fu K\u00fc\u00e7\u00fck Bir A\u015fk Masal\u0131, Kara \u00c7i\u00e7e\u011fim, Ellerim Bombo\u015f, Susma Veda Ederken, Bile Bile, Serserim Benim ve Arnavut Kald\u0131r\u0131m\u0131 gibi dillere pelesenk olmu\u015f eserleri, seyircinin de yo\u011fun kat\u0131l\u0131m\u0131ylaseslendirildi. Orkestrada, Halil Erg\u00fcl M\u00fczik Direkt\u00f6r\u00fc ve assolist olarak,klavye ve baslarda Mesut Y\u00fcn, klasik gitarda Evren Sevgili, davulda Ender Bal\u00e7\u0131k, yan fl\u00fct ve back vokalde Firdevs Minha\u00e7 Ok Dilek, kemanda H\u00fcseyin Bilgi\u00e7 ve \u00e7ello\u2019da Hazal K\u0131rba\u015f yer ald\u0131. \u200bM\u00fczik direkt\u00f6rl\u00fc\u011f\u00fcn\u00fc ve solistli\u011fini Halil Erg\u00fcl\u2019\u00fcn yapt\u0131\u011f\u0131 \u201c90\u2019lar A\u015fk \u015eark\u0131lar\u0131\u201d Pop M\u00fczik Konseri Ayval\u0131kl\u0131 sanatseverlere haf\u0131zalardan uzun s\u00fcre silinmeyecek bir gece ya\u015fatt\u0131.BALIKES\u0130R (\u0130GFA) &#8211; Bal\u0131kesir\u00a0Ayval\u0131k Belediyesi Vural Sinemas\u0131 Nejat Uygur Sahnesi\u2019nde ger\u00e7ekle\u015ftirilen konser b\u00fcy\u00fck ilgi &hellip;\" \/>\n<meta property=\"og:url\" content=\"http:\/\/denizcankizil.tr\/en\/haberler\/gundem\/ayvalikta-nostalji-ruzgari\/\" \/>\n<meta property=\"og:site_name\" content=\"Av. Deniz Can K\u0131z\u0131l\" \/>\n<meta property=\"article:published_time\" content=\"2025-03-10T16:41:42+00:00\" \/>\n<meta name=\"author\" content=\"admin\" \/>\n<meta name=\"twitter:card\" content=\"summary_large_image\" \/>\n<meta name=\"twitter:label1\" content=\"Written by\" \/>\n\t<meta name=\"twitter:data1\" content=\"admin\" \/>\n\t<meta name=\"twitter:label2\" content=\"Estimated reading time\" \/>\n\t<meta name=\"twitter:data2\" content=\"2 minutes\" \/>\n<script type=\"application\/ld+json\" class=\"yoast-schema-graph\">{\"@context\":\"https:\/\/schema.org\",\"@graph\":[{\"@type\":\"Article\",\"@id\":\"http:\/\/denizcankizil.tr\/en\/haberler\/gundem\/ayvalikta-nostalji-ruzgari\/#article\",\"isPartOf\":{\"@id\":\"http:\/\/denizcankizil.tr\/en\/haberler\/gundem\/ayvalikta-nostalji-ruzgari\/\"},\"author\":{\"name\":\"admin\",\"@id\":\"https:\/\/denizcankizil.tr\/de\/#\/schema\/person\/be3c05fe6a12686905512445d8185489\"},\"headline\":\"Ayval\u0131k&#8217;ta nostalji r\u00fczgar\u0131!\",\"datePublished\":\"2025-03-10T16:41:42+00:00\",\"mainEntityOfPage\":{\"@id\":\"http:\/\/denizcankizil.tr\/en\/haberler\/gundem\/ayvalikta-nostalji-ruzgari\/\"},\"wordCount\":476,\"commentCount\":0,\"publisher\":{\"@id\":\"https:\/\/denizcankizil.tr\/de\/#organization\"},\"articleSection\":[\"G\u00fcndem\"],\"inLanguage\":\"en-GB\",\"potentialAction\":[{\"@type\":\"CommentAction\",\"name\":\"Comment\",\"target\":[\"http:\/\/denizcankizil.tr\/en\/haberler\/gundem\/ayvalikta-nostalji-ruzgari\/#respond\"]}]},{\"@type\":\"WebPage\",\"@id\":\"http:\/\/denizcankizil.tr\/en\/haberler\/gundem\/ayvalikta-nostalji-ruzgari\/\",\"url\":\"http:\/\/denizcankizil.tr\/en\/haberler\/gundem\/ayvalikta-nostalji-ruzgari\/\",\"name\":\"Ayval\u0131k'ta nostalji r\u00fczgar\u0131! - Av. Deniz Can K\u0131z\u0131l\",\"isPartOf\":{\"@id\":\"https:\/\/denizcankizil.tr\/de\/#website\"},\"datePublished\":\"2025-03-10T16:41:42+00:00\",\"breadcrumb\":{\"@id\":\"http:\/\/denizcankizil.tr\/en\/haberler\/gundem\/ayvalikta-nostalji-ruzgari\/#breadcrumb\"},\"inLanguage\":\"en-GB\",\"potentialAction\":[{\"@type\":\"ReadAction\",\"target\":[\"http:\/\/denizcankizil.tr\/en\/haberler\/gundem\/ayvalikta-nostalji-ruzgari\/\"]}]},{\"@type\":\"BreadcrumbList\",\"@id\":\"http:\/\/denizcankizil.tr\/en\/haberler\/gundem\/ayvalikta-nostalji-ruzgari\/#breadcrumb\",\"itemListElement\":[{\"@type\":\"ListItem\",\"position\":1,\"name\":\"Home\",\"item\":\"https:\/\/denizcankizil.tr\/de\/\"},{\"@type\":\"ListItem\",\"position\":2,\"name\":\"Ayval\u0131k&#8217;ta nostalji r\u00fczgar\u0131!\"}]},{\"@type\":\"WebSite\",\"@id\":\"https:\/\/denizcankizil.tr\/de\/#website\",\"url\":\"https:\/\/denizcankizil.tr\/de\/\",\"name\":\"Av. Deniz Can K\u0131z\u0131l\",\"description\":\"Avukat Deniz Can K\u0131z\u0131l Antalya Barosu\",\"publisher\":{\"@id\":\"https:\/\/denizcankizil.tr\/de\/#organization\"},\"potentialAction\":[{\"@type\":\"SearchAction\",\"target\":{\"@type\":\"EntryPoint\",\"urlTemplate\":\"https:\/\/denizcankizil.tr\/de\/?s={search_term_string}\"},\"query-input\":{\"@type\":\"PropertyValueSpecification\",\"valueRequired\":true,\"valueName\":\"search_term_string\"}}],\"inLanguage\":\"en-GB\"},{\"@type\":\"Organization\",\"@id\":\"https:\/\/denizcankizil.tr\/de\/#organization\",\"name\":\"Av. Deniz Can K\u0131z\u0131l\",\"url\":\"https:\/\/denizcankizil.tr\/de\/\",\"logo\":{\"@type\":\"ImageObject\",\"inLanguage\":\"en-GB\",\"@id\":\"https:\/\/denizcankizil.tr\/de\/#\/schema\/logo\/image\/\",\"url\":\"http:\/\/denizcankizil.tr\/wp-content\/uploads\/2024\/10\/siyah-logo-svg.svg\",\"contentUrl\":\"http:\/\/denizcankizil.tr\/wp-content\/uploads\/2024\/10\/siyah-logo-svg.svg\",\"width\":1080,\"height\":1080,\"caption\":\"Av. Deniz Can K\u0131z\u0131l\"},\"image\":{\"@id\":\"https:\/\/denizcankizil.tr\/de\/#\/schema\/logo\/image\/\"}},{\"@type\":\"Person\",\"@id\":\"https:\/\/denizcankizil.tr\/de\/#\/schema\/person\/be3c05fe6a12686905512445d8185489\",\"name\":\"admin\",\"image\":{\"@type\":\"ImageObject\",\"inLanguage\":\"en-GB\",\"@id\":\"https:\/\/denizcankizil.tr\/de\/#\/schema\/person\/image\/\",\"url\":\"https:\/\/secure.gravatar.com\/avatar\/c1fce94c830dc79107e174f890d7210541c4a63e8e5d816341794a2151c9d58c?s=96&d=mm&r=g\",\"contentUrl\":\"https:\/\/secure.gravatar.com\/avatar\/c1fce94c830dc79107e174f890d7210541c4a63e8e5d816341794a2151c9d58c?s=96&d=mm&r=g\",\"caption\":\"admin\"},\"sameAs\":[\"http:\/\/denizcankizil.tr\"],\"url\":\"https:\/\/www.iskenderun.org\/ayvalikta-nostalji-ruzgari\"}]}<\/script>\n<!-- \/ Yoast SEO Premium plugin. -->","yoast_head_json":{"title":"Ayval\u0131k'ta nostalji r\u00fczgar\u0131! - Av. Deniz Can K\u0131z\u0131l","robots":{"index":"index","follow":"follow","max-snippet":"max-snippet:-1","max-image-preview":"max-image-preview:large","max-video-preview":"max-video-preview:-1"},"canonical":"http:\/\/denizcankizil.tr\/en\/haberler\/gundem\/ayvalikta-nostalji-ruzgari\/","og_locale":"en_GB","og_type":"article","og_title":"Ayval\u0131k'ta nostalji r\u00fczgar\u0131!","og_description":"M\u00fczik direkt\u00f6rl\u00fc\u011f\u00fcn\u00fc ve solistli\u011fini Halil Erg\u00fcl\u2019\u00fcn yapt\u0131\u011f\u0131 \u201c90\u2019lar A\u015fk \u015eark\u0131lar\u0131\u201d Pop M\u00fczik Konseri Ayval\u0131kl\u0131 sanatseverlere haf\u0131zalardan uzun s\u00fcre silinmeyecek bir gece ya\u015fatt\u0131.BALIKES\u0130R (\u0130GFA) &#8211; Bal\u0131kesir\u00a0Ayval\u0131k Belediyesi Vural Sinemas\u0131 Nejat Uygur Sahnesi\u2019nde ger\u00e7ekle\u015ftirilen konser b\u00fcy\u00fck ilgi g\u00f6rd\u00fc, koltuklar dolunca sanatseverler merdivenlere oturarak konseri izlemek zorunda kald\u0131. Orkestran\u0131n kurucusu, koordinat\u00f6r\u00fc ve ayn\u0131 zamanda solisti Halil Erg\u00fcl, sahneyi Ecem Ay ile payla\u015ft\u0131. Halil Erg\u00fcl, yeni d\u00f6nemde de projelerin devam edece\u011fini s\u00f6yledi. Daha \u00f6nceki projelerde 80\u2019ler aranjman plak \u015fark\u0131lar\u0131n\u0131 dinleyiciler ile bulu\u015fturan ekip, bu kez 90\u2019l\u0131 y\u0131llar\u0131n en g\u00fczel a\u015fk \u015fark\u0131lar\u0131ndan bir se\u00e7kiyi dinleyicilerle bulu\u015fturdu. Konserde; \u00d6zdemir Erdo\u011fan ve Sezen Aksu\u2019nun ilk kez seslendirmi\u015f oldu\u011fu K\u00fc\u00e7\u00fck Bir A\u015fk Masal\u0131, Kara \u00c7i\u00e7e\u011fim, Ellerim Bombo\u015f, Susma Veda Ederken, Bile Bile, Serserim Benim ve Arnavut Kald\u0131r\u0131m\u0131 gibi dillere pelesenk olmu\u015f eserleri, seyircinin de yo\u011fun kat\u0131l\u0131m\u0131ylaseslendirildi. Orkestrada, Halil Erg\u00fcl M\u00fczik Direkt\u00f6r\u00fc ve assolist olarak,klavye ve baslarda Mesut Y\u00fcn, klasik gitarda Evren Sevgili, davulda Ender Bal\u00e7\u0131k, yan fl\u00fct ve back vokalde Firdevs Minha\u00e7 Ok Dilek, kemanda H\u00fcseyin Bilgi\u00e7 ve \u00e7ello\u2019da Hazal K\u0131rba\u015f yer ald\u0131. \u200bM\u00fczik direkt\u00f6rl\u00fc\u011f\u00fcn\u00fc ve solistli\u011fini Halil Erg\u00fcl\u2019\u00fcn yapt\u0131\u011f\u0131 \u201c90\u2019lar A\u015fk \u015eark\u0131lar\u0131\u201d Pop M\u00fczik Konseri Ayval\u0131kl\u0131 sanatseverlere haf\u0131zalardan uzun s\u00fcre silinmeyecek bir gece ya\u015fatt\u0131.BALIKES\u0130R (\u0130GFA) &#8211; Bal\u0131kesir\u00a0Ayval\u0131k Belediyesi Vural Sinemas\u0131 Nejat Uygur Sahnesi\u2019nde ger\u00e7ekle\u015ftirilen konser b\u00fcy\u00fck ilgi &hellip;","og_url":"http:\/\/denizcankizil.tr\/en\/haberler\/gundem\/ayvalikta-nostalji-ruzgari\/","og_site_name":"Av. Deniz Can K\u0131z\u0131l","article_published_time":"2025-03-10T16:41:42+00:00","author":"admin","twitter_card":"summary_large_image","twitter_misc":{"Written by":"admin","Estimated reading time":"2 minutes"},"schema":{"@context":"https:\/\/schema.org","@graph":[{"@type":"Article","@id":"http:\/\/denizcankizil.tr\/en\/haberler\/gundem\/ayvalikta-nostalji-ruzgari\/#article","isPartOf":{"@id":"http:\/\/denizcankizil.tr\/en\/haberler\/gundem\/ayvalikta-nostalji-ruzgari\/"},"author":{"name":"admin","@id":"https:\/\/denizcankizil.tr\/de\/#\/schema\/person\/be3c05fe6a12686905512445d8185489"},"headline":"Ayval\u0131k&#8217;ta nostalji r\u00fczgar\u0131!","datePublished":"2025-03-10T16:41:42+00:00","mainEntityOfPage":{"@id":"http:\/\/denizcankizil.tr\/en\/haberler\/gundem\/ayvalikta-nostalji-ruzgari\/"},"wordCount":476,"commentCount":0,"publisher":{"@id":"https:\/\/denizcankizil.tr\/de\/#organization"},"articleSection":["G\u00fcndem"],"inLanguage":"en-GB","potentialAction":[{"@type":"CommentAction","name":"Comment","target":["http:\/\/denizcankizil.tr\/en\/haberler\/gundem\/ayvalikta-nostalji-ruzgari\/#respond"]}]},{"@type":"WebPage","@id":"http:\/\/denizcankizil.tr\/en\/haberler\/gundem\/ayvalikta-nostalji-ruzgari\/","url":"http:\/\/denizcankizil.tr\/en\/haberler\/gundem\/ayvalikta-nostalji-ruzgari\/","name":"Ayval\u0131k'ta nostalji r\u00fczgar\u0131! - Av. Deniz Can K\u0131z\u0131l","isPartOf":{"@id":"https:\/\/denizcankizil.tr\/de\/#website"},"datePublished":"2025-03-10T16:41:42+00:00","breadcrumb":{"@id":"http:\/\/denizcankizil.tr\/en\/haberler\/gundem\/ayvalikta-nostalji-ruzgari\/#breadcrumb"},"inLanguage":"en-GB","potentialAction":[{"@type":"ReadAction","target":["http:\/\/denizcankizil.tr\/en\/haberler\/gundem\/ayvalikta-nostalji-ruzgari\/"]}]},{"@type":"BreadcrumbList","@id":"http:\/\/denizcankizil.tr\/en\/haberler\/gundem\/ayvalikta-nostalji-ruzgari\/#breadcrumb","itemListElement":[{"@type":"ListItem","position":1,"name":"Home","item":"https:\/\/denizcankizil.tr\/de\/"},{"@type":"ListItem","position":2,"name":"Ayval\u0131k&#8217;ta nostalji r\u00fczgar\u0131!"}]},{"@type":"WebSite","@id":"https:\/\/denizcankizil.tr\/de\/#website","url":"https:\/\/denizcankizil.tr\/de\/","name":"Av. Deniz Can K\u0131z\u0131l","description":"Avukat Deniz Can K\u0131z\u0131l Antalya Barosu","publisher":{"@id":"https:\/\/denizcankizil.tr\/de\/#organization"},"potentialAction":[{"@type":"SearchAction","target":{"@type":"EntryPoint","urlTemplate":"https:\/\/denizcankizil.tr\/de\/?s={search_term_string}"},"query-input":{"@type":"PropertyValueSpecification","valueRequired":true,"valueName":"search_term_string"}}],"inLanguage":"en-GB"},{"@type":"Organization","@id":"https:\/\/denizcankizil.tr\/de\/#organization","name":"Av. Deniz Can K\u0131z\u0131l","url":"https:\/\/denizcankizil.tr\/de\/","logo":{"@type":"ImageObject","inLanguage":"en-GB","@id":"https:\/\/denizcankizil.tr\/de\/#\/schema\/logo\/image\/","url":"http:\/\/denizcankizil.tr\/wp-content\/uploads\/2024\/10\/siyah-logo-svg.svg","contentUrl":"http:\/\/denizcankizil.tr\/wp-content\/uploads\/2024\/10\/siyah-logo-svg.svg","width":1080,"height":1080,"caption":"Av. Deniz Can K\u0131z\u0131l"},"image":{"@id":"https:\/\/denizcankizil.tr\/de\/#\/schema\/logo\/image\/"}},{"@type":"Person","@id":"https:\/\/denizcankizil.tr\/de\/#\/schema\/person\/be3c05fe6a12686905512445d8185489","name":"admin","image":{"@type":"ImageObject","inLanguage":"en-GB","@id":"https:\/\/denizcankizil.tr\/de\/#\/schema\/person\/image\/","url":"https:\/\/secure.gravatar.com\/avatar\/c1fce94c830dc79107e174f890d7210541c4a63e8e5d816341794a2151c9d58c?s=96&d=mm&r=g","contentUrl":"https:\/\/secure.gravatar.com\/avatar\/c1fce94c830dc79107e174f890d7210541c4a63e8e5d816341794a2151c9d58c?s=96&d=mm&r=g","caption":"admin"},"sameAs":["http:\/\/denizcankizil.tr"],"url":"https:\/\/www.iskenderun.org\/ayvalikta-nostalji-ruzgari"}]}},"_links":{"self":[{"href":"http:\/\/denizcankizil.tr\/en\/wp-json\/wp\/v2\/posts\/35310","targetHints":{"allow":["GET"]}}],"collection":[{"href":"http:\/\/denizcankizil.tr\/en\/wp-json\/wp\/v2\/posts"}],"about":[{"href":"http:\/\/denizcankizil.tr\/en\/wp-json\/wp\/v2\/types\/post"}],"author":[{"embeddable":true,"href":"http:\/\/denizcankizil.tr\/en\/wp-json\/wp\/v2\/users\/1"}],"replies":[{"embeddable":true,"href":"http:\/\/denizcankizil.tr\/en\/wp-json\/wp\/v2\/comments?post=35310"}],"version-history":[{"count":0,"href":"http:\/\/denizcankizil.tr\/en\/wp-json\/wp\/v2\/posts\/35310\/revisions"}],"wp:attachment":[{"href":"http:\/\/denizcankizil.tr\/en\/wp-json\/wp\/v2\/media?parent=35310"}],"wp:term":[{"taxonomy":"category","embeddable":true,"href":"http:\/\/denizcankizil.tr\/en\/wp-json\/wp\/v2\/categories?post=35310"},{"taxonomy":"post_tag","embeddable":true,"href":"http:\/\/denizcankizil.tr\/en\/wp-json\/wp\/v2\/tags?post=35310"}],"curies":[{"name":"wp","href":"https:\/\/api.w.org\/{rel}","templated":true}]}}