{"id":35282,"date":"2025-03-10T16:41:37","date_gmt":"2025-03-10T13:41:37","guid":{"rendered":"https:\/\/denizcankizil.tr\/uncategorized-tr\/antalya-kadin-platformundan-8-mart-aciklamasi\/"},"modified":"2025-03-10T16:41:37","modified_gmt":"2025-03-10T13:41:37","slug":"antalya-kadin-platformundan-8-mart-aciklamasi","status":"publish","type":"post","link":"http:\/\/denizcankizil.tr\/en\/haberler\/gundem\/antalya-kadin-platformundan-8-mart-aciklamasi\/","title":{"rendered":"Antalya Kad\u0131n Platformu\u2019ndan 8 Mart a\u00e7\u0131klamas\u0131"},"content":{"rendered":"<p>Antalya Kad\u0131n Platformu, 8 Mart\u2019ta ya\u015fanan olay\u0131n \u00fczerine a\u00e7\u0131klama yapt\u0131. E\u011fitim-Sen Antalya \u015eube Ba\u015fkanl\u0131\u011f\u0131nda ger\u00e7ekle\u015ftirilen a\u00e7\u0131klamada, \u201cBiz kad\u0131nlar bizi birbirimize d\u00fc\u015f\u00fcrmek amac\u0131yla yap\u0131lan her t\u00fcrl\u00fc provakasyona ve manip\u00fclasyona kar\u015f\u0131 yan yana olmaya, beraber m\u00fccadele etmeye, alanlar\u0131 doldurmaya devam edece\u011fiz. Ger\u00e7e\u011fi yok sayarak, \u00e7arp\u0131tarak yap\u0131lan karalama kampanyalar\u0131na izin vermeyece\u011fiz\u201d denildi.\u00a0<\/p>\n<p>A\u011eIR \u0130THAM VE SALDIRILARA MARUZ KALDIK!<\/p>\n<p>Antalya Kad\u0131n Platformu taraf\u0131ndan yap\u0131lan a\u00e7\u0131klamada, \u201c8 Mart 2025 D\u00fcnya Kad\u0131nlar G\u00fcn\u00fc y\u00fcr\u00fcy\u00fc\u015f\u00fc s\u0131ras\u0131nda ger\u00e7ekle\u015fen ve platformumuzla platform \u00fcyelerimizin \u00e7irkin iddia, a\u011f\u0131r itham ve sald\u0131r\u0131lara maruz b\u0131rak\u0131lmas\u0131ndan dolay\u0131 bu bas\u0131n a\u00e7\u0131klamas\u0131yla ger\u00e7eklerin kamuoyuna duyurulmas\u0131 gereklili\u011fi do\u011fmu\u015ftur. 8 Mart 2025 tarihinde platformumuzca d\u00fczenlenen y\u00fcr\u00fcy\u00fc\u015fte ya\u015fanan olay bilin\u00e7li bir \u015fekilde \u00e7arp\u0131t\u0131lm\u0131\u015f olarak baz\u0131 gazetelerce servis edilmi\u015ftir. Platformumuz ve arkada\u015f\u0131m\u0131z hedef haline getirilerek sosyal medya \u015fiddetine maruz b\u0131rak\u0131lm\u0131\u015ft\u0131r\u201d denildi.\u00a0<\/p>\n<p>B\u0130RL\u0130K, M\u00dcCADELE VE DAYANI\u015eMA G\u00dcN\u00dc<\/p>\n<p>8 Mart\u2019\u0131n \u00f6nemine vurgu yap\u0131lan a\u00e7\u0131klamada, 8 Mart eylemleri kad\u0131nlar\u0131n dil, din, etnik k\u00f6ken, s\u0131n\u0131f ayr\u0131m\u0131 olmaks\u0131z\u0131n yan yana gelip m\u00fccadelelerini b\u00fcy\u00fctt\u00fckleri g\u00fcn\u00fcn ad\u0131d\u0131r. Meydanlarda da bu ama\u00e7la bulunulur. Kad\u0131na y\u00f6nelik \u015fiddete kar\u015f\u0131 m\u00fccadelede birle\u015filir ve bunu zay\u0131flatabilecek milliyet\u00e7i ve militarist s\u00f6ylemlerden uzak durulur\u201d \u015feklinde yap\u0131lan a\u00e7\u0131klamada daha sonra; \u201cKad\u0131nlar\u0131n y\u00fckselen m\u00fccadelesine g\u00f6lge d\u00fc\u015f\u00fcrmek i\u00e7in ger\u00e7e\u011fi \u00e7arp\u0131tarak yap\u0131lan haberler kad\u0131n arkada\u015f\u0131m\u0131z ve platformumuz nefret s\u00f6ylemlerine maruz kalm\u0131\u015f ve hedef g\u00f6sterilmi\u015ftir\u201d denildi.\u00a0<\/p>\n<p>KORTEJ\u0130N \u00d6N\u00dcNE GE\u00c7EN KADINLAR UYARILDI\u00a0<\/p>\n<p>A\u00e7\u0131klamada daha sonra \u015fu ifadelere yer verildi: \u201cAntalya Kad\u0131n Platformu \u015fiddetsiz ve s\u00f6m\u00fcr\u00fcs\u00fcz m\u00fccadele prati\u011finden bir ad\u0131m dahi geri ad\u0131m atmama kararl\u0131l\u0131\u011f\u0131n\u0131 s\u00fcrd\u00fcrmektedir. Y\u00fcr\u00fcy\u00fc\u015f\u00fcn devam etti\u011fi s\u0131rada sonradan pankart\u0131n \u00f6n\u00fcne kortejden ayr\u0131 bir \u015fekilde y\u00fcr\u00fcy\u00fc\u015fe dahil olan ki\u015filer kortejin d\u00fczenini, disiplinini ve y\u00fcr\u00fcy\u00fc\u015fte yer alan t\u00fcm kad\u0131nlar\u0131n g\u00fcvenli\u011fini tehlikeye att\u0131klar\u0131 y\u00f6n\u00fcnde uyar\u0131lm\u0131\u015ft\u0131r. Y\u00fcr\u00fcy\u00fc\u015f boyunca platform komitesi taraf\u0131ndan herhangi bir m\u00fcdahalede bulunulmaks\u0131z\u0131n kad\u0131nlar y\u00fcr\u00fcy\u00fc\u015f g\u00fczergah\u0131nda kalm\u0131\u015f ve alandan \u00e7\u0131kar\u0131lmam\u0131\u015ft\u0131r. Ya\u015fanan olay bundan ibarettir. Biz kad\u0131nlar bizi birbirimize d\u00fc\u015f\u00fcrmek amac\u0131yla yap\u0131lan her t\u00fcrl\u00fc provakasyona ve manip\u00fclasyona kar\u015f\u0131 yan yana olmaya, beraber m\u00fccadele etmeye, alanlar\u0131 doldurmaya devam edece\u011fiz. Ger\u00e7e\u011fi yok sayarak, \u00e7arp\u0131tarak yap\u0131lan karalama kampanyalar\u0131na izin vermeyece\u011fiz! Kad\u0131n dayan\u0131\u015fmas\u0131n\u0131 yok edemeyeceksiniz, susturamayacaks\u0131n\u0131z.\u201d<\/p>\n<p>\u200bAntalya\u2019da 8 Mart D\u00fcnya Emek\u00e7i Kad\u0131nlar G\u00fcn\u00fc dolay\u0131s\u0131yla ger\u00e7ekle\u015ftirilen etkinlikte T\u00fcrk bayra\u011f\u0131 ile kortejin \u00f6n\u00fcnde y\u00fcr\u00fcmek isteyen kad\u0131nlar kortejde y\u00fcr\u00fcmeleri konusunda uyar\u0131ld\u0131. Uyar\u0131lar\u0131 dikkate almayan kad\u0131nlar\u0131n provokasyon yapt\u0131\u011f\u0131 iddia edildi. Antalya Kad\u0131n Platformu, ya\u015fananlarla ilgili bas\u0131n a\u00e7\u0131klamas\u0131 yapt\u0131\u00a0<\/p>\n<p>\u200bHaberin Al\u0131nt\u0131land\u0131\u011f\u0131 Kaynak: www.antalyakorfez.com<\/p>","protected":false},"excerpt":{"rendered":"<p>Antalya Kad\u0131n Platformu, 8 Mart\u2019ta ya\u015fanan olay\u0131n \u00fczerine a\u00e7\u0131klama yapt\u0131. E\u011fitim-Sen Antalya \u015eube Ba\u015fkanl\u0131\u011f\u0131nda ger\u00e7ekle\u015ftirilen a\u00e7\u0131klamada, \u201cBiz kad\u0131nlar bizi birbirimize d\u00fc\u015f\u00fcrmek amac\u0131yla yap\u0131lan her t\u00fcrl\u00fc provakasyona ve manip\u00fclasyona kar\u015f\u0131 yan yana olmaya, beraber m\u00fccadele etmeye, alanlar\u0131 doldurmaya devam edece\u011fiz. Ger\u00e7e\u011fi yok sayarak, \u00e7arp\u0131tarak yap\u0131lan karalama kampanyalar\u0131na izin vermeyece\u011fiz\u201d denildi.\u00a0 A\u011eIR \u0130THAM VE SALDIRILARA MARUZ KALDIK! Antalya Kad\u0131n Platformu taraf\u0131ndan yap\u0131lan a\u00e7\u0131klamada, \u201c8 Mart 2025 D\u00fcnya Kad\u0131nlar G\u00fcn\u00fc y\u00fcr\u00fcy\u00fc\u015f\u00fc s\u0131ras\u0131nda ger\u00e7ekle\u015fen ve platformumuzla platform \u00fcyelerimizin \u00e7irkin iddia, a\u011f\u0131r itham ve sald\u0131r\u0131lara maruz b\u0131rak\u0131lmas\u0131ndan dolay\u0131 bu bas\u0131n a\u00e7\u0131klamas\u0131yla ger\u00e7eklerin kamuoyuna duyurulmas\u0131 gereklili\u011fi do\u011fmu\u015ftur. 8 Mart 2025 tarihinde platformumuzca d\u00fczenlenen y\u00fcr\u00fcy\u00fc\u015fte ya\u015fanan olay bilin\u00e7li bir \u015fekilde \u00e7arp\u0131t\u0131lm\u0131\u015f olarak baz\u0131 gazetelerce servis edilmi\u015ftir. Platformumuz ve arkada\u015f\u0131m\u0131z hedef haline getirilerek sosyal medya \u015fiddetine maruz b\u0131rak\u0131lm\u0131\u015ft\u0131r\u201d denildi.\u00a0 B\u0130RL\u0130K, M\u00dcCADELE VE DAYANI\u015eMA G\u00dcN\u00dc 8 Mart\u2019\u0131n \u00f6nemine vurgu yap\u0131lan a\u00e7\u0131klamada, 8 Mart eylemleri kad\u0131nlar\u0131n dil, din, etnik k\u00f6ken, s\u0131n\u0131f ayr\u0131m\u0131 olmaks\u0131z\u0131n yan yana gelip m\u00fccadelelerini b\u00fcy\u00fctt\u00fckleri g\u00fcn\u00fcn ad\u0131d\u0131r. Meydanlarda da bu ama\u00e7la bulunulur. Kad\u0131na y\u00f6nelik \u015fiddete kar\u015f\u0131 m\u00fccadelede birle\u015filir ve bunu zay\u0131flatabilecek milliyet\u00e7i ve militarist s\u00f6ylemlerden uzak durulur\u201d \u015feklinde yap\u0131lan a\u00e7\u0131klamada daha sonra; \u201cKad\u0131nlar\u0131n y\u00fckselen m\u00fccadelesine g\u00f6lge d\u00fc\u015f\u00fcrmek i\u00e7in ger\u00e7e\u011fi \u00e7arp\u0131tarak yap\u0131lan haberler kad\u0131n arkada\u015f\u0131m\u0131z ve platformumuz nefret s\u00f6ylemlerine maruz kalm\u0131\u015f ve hedef g\u00f6sterilmi\u015ftir\u201d denildi.\u00a0 KORTEJ\u0130N \u00d6N\u00dcNE GE\u00c7EN &hellip;<\/p>","protected":false},"author":5,"featured_media":0,"comment_status":"open","ping_status":"open","sticky":false,"template":"","format":"standard","meta":{"_acf_changed":false,"footnotes":""},"categories":[24],"tags":[],"class_list":["post-35282","post","type-post","status-publish","format-standard","has-post-thumbnail","hentry","category-gundem"],"acf":[],"yoast_head":"<!-- This site is optimized with the Yoast SEO Premium plugin v26.6 (Yoast SEO v27.1.1) - https:\/\/yoast.com\/product\/yoast-seo-premium-wordpress\/ -->\n<title>Antalya Kad\u0131n Platformu\u2019ndan 8 Mart a\u00e7\u0131klamas\u0131 - Av. Deniz Can K\u0131z\u0131l<\/title>\n<meta name=\"robots\" content=\"index, follow, max-snippet:-1, max-image-preview:large, max-video-preview:-1\" \/>\n<link rel=\"canonical\" href=\"http:\/\/denizcankizil.tr\/en\/haberler\/gundem\/antalya-kadin-platformundan-8-mart-aciklamasi\/\" \/>\n<meta property=\"og:locale\" content=\"en_GB\" \/>\n<meta property=\"og:type\" content=\"article\" \/>\n<meta property=\"og:title\" content=\"Antalya Kad\u0131n Platformu\u2019ndan 8 Mart a\u00e7\u0131klamas\u0131\" \/>\n<meta property=\"og:description\" content=\"Antalya Kad\u0131n Platformu, 8 Mart\u2019ta ya\u015fanan olay\u0131n \u00fczerine a\u00e7\u0131klama yapt\u0131. E\u011fitim-Sen Antalya \u015eube Ba\u015fkanl\u0131\u011f\u0131nda ger\u00e7ekle\u015ftirilen a\u00e7\u0131klamada, \u201cBiz kad\u0131nlar bizi birbirimize d\u00fc\u015f\u00fcrmek amac\u0131yla yap\u0131lan her t\u00fcrl\u00fc provakasyona ve manip\u00fclasyona kar\u015f\u0131 yan yana olmaya, beraber m\u00fccadele etmeye, alanlar\u0131 doldurmaya devam edece\u011fiz. Ger\u00e7e\u011fi yok sayarak, \u00e7arp\u0131tarak yap\u0131lan karalama kampanyalar\u0131na izin vermeyece\u011fiz\u201d denildi.\u00a0 A\u011eIR \u0130THAM VE SALDIRILARA MARUZ KALDIK! Antalya Kad\u0131n Platformu taraf\u0131ndan yap\u0131lan a\u00e7\u0131klamada, \u201c8 Mart 2025 D\u00fcnya Kad\u0131nlar G\u00fcn\u00fc y\u00fcr\u00fcy\u00fc\u015f\u00fc s\u0131ras\u0131nda ger\u00e7ekle\u015fen ve platformumuzla platform \u00fcyelerimizin \u00e7irkin iddia, a\u011f\u0131r itham ve sald\u0131r\u0131lara maruz b\u0131rak\u0131lmas\u0131ndan dolay\u0131 bu bas\u0131n a\u00e7\u0131klamas\u0131yla ger\u00e7eklerin kamuoyuna duyurulmas\u0131 gereklili\u011fi do\u011fmu\u015ftur. 8 Mart 2025 tarihinde platformumuzca d\u00fczenlenen y\u00fcr\u00fcy\u00fc\u015fte ya\u015fanan olay bilin\u00e7li bir \u015fekilde \u00e7arp\u0131t\u0131lm\u0131\u015f olarak baz\u0131 gazetelerce servis edilmi\u015ftir. Platformumuz ve arkada\u015f\u0131m\u0131z hedef haline getirilerek sosyal medya \u015fiddetine maruz b\u0131rak\u0131lm\u0131\u015ft\u0131r\u201d denildi.\u00a0 B\u0130RL\u0130K, M\u00dcCADELE VE DAYANI\u015eMA G\u00dcN\u00dc 8 Mart\u2019\u0131n \u00f6nemine vurgu yap\u0131lan a\u00e7\u0131klamada, 8 Mart eylemleri kad\u0131nlar\u0131n dil, din, etnik k\u00f6ken, s\u0131n\u0131f ayr\u0131m\u0131 olmaks\u0131z\u0131n yan yana gelip m\u00fccadelelerini b\u00fcy\u00fctt\u00fckleri g\u00fcn\u00fcn ad\u0131d\u0131r. Meydanlarda da bu ama\u00e7la bulunulur. Kad\u0131na y\u00f6nelik \u015fiddete kar\u015f\u0131 m\u00fccadelede birle\u015filir ve bunu zay\u0131flatabilecek milliyet\u00e7i ve militarist s\u00f6ylemlerden uzak durulur\u201d \u015feklinde yap\u0131lan a\u00e7\u0131klamada daha sonra; \u201cKad\u0131nlar\u0131n y\u00fckselen m\u00fccadelesine g\u00f6lge d\u00fc\u015f\u00fcrmek i\u00e7in ger\u00e7e\u011fi \u00e7arp\u0131tarak yap\u0131lan haberler kad\u0131n arkada\u015f\u0131m\u0131z ve platformumuz nefret s\u00f6ylemlerine maruz kalm\u0131\u015f ve hedef g\u00f6sterilmi\u015ftir\u201d denildi.\u00a0 KORTEJ\u0130N \u00d6N\u00dcNE GE\u00c7EN &hellip;\" \/>\n<meta property=\"og:url\" content=\"http:\/\/denizcankizil.tr\/en\/haberler\/gundem\/antalya-kadin-platformundan-8-mart-aciklamasi\/\" \/>\n<meta property=\"og:site_name\" content=\"Av. Deniz Can K\u0131z\u0131l\" \/>\n<meta property=\"article:published_time\" content=\"2025-03-10T13:41:37+00:00\" \/>\n<meta name=\"author\" content=\"Antalya K\u00f6rfez\" \/>\n<meta name=\"twitter:card\" content=\"summary_large_image\" \/>\n<meta name=\"twitter:label1\" content=\"Written by\" \/>\n\t<meta name=\"twitter:data1\" content=\"Antalya K\u00f6rfez\" \/>\n\t<meta name=\"twitter:label2\" content=\"Estimated reading time\" \/>\n\t<meta name=\"twitter:data2\" content=\"3 minutes\" \/>\n<script type=\"application\/ld+json\" class=\"yoast-schema-graph\">{\"@context\":\"https:\/\/schema.org\",\"@graph\":[{\"@type\":\"Article\",\"@id\":\"http:\/\/denizcankizil.tr\/en\/haberler\/gundem\/antalya-kadin-platformundan-8-mart-aciklamasi\/#article\",\"isPartOf\":{\"@id\":\"http:\/\/denizcankizil.tr\/en\/haberler\/gundem\/antalya-kadin-platformundan-8-mart-aciklamasi\/\"},\"author\":{\"name\":\"Antalya K\u00f6rfez\",\"@id\":\"https:\/\/denizcankizil.tr\/#\/schema\/person\/e1eb71bb4dd684d46563f0af307e1234\"},\"headline\":\"Antalya Kad\u0131n Platformu\u2019ndan 8 Mart a\u00e7\u0131klamas\u0131\",\"datePublished\":\"2025-03-10T13:41:37+00:00\",\"mainEntityOfPage\":{\"@id\":\"http:\/\/denizcankizil.tr\/en\/haberler\/gundem\/antalya-kadin-platformundan-8-mart-aciklamasi\/\"},\"wordCount\":576,\"commentCount\":0,\"publisher\":{\"@id\":\"https:\/\/denizcankizil.tr\/#organization\"},\"articleSection\":[\"G\u00fcndem\"],\"inLanguage\":\"en-GB\",\"potentialAction\":[{\"@type\":\"CommentAction\",\"name\":\"Comment\",\"target\":[\"http:\/\/denizcankizil.tr\/en\/haberler\/gundem\/antalya-kadin-platformundan-8-mart-aciklamasi\/#respond\"]}]},{\"@type\":\"WebPage\",\"@id\":\"http:\/\/denizcankizil.tr\/en\/haberler\/gundem\/antalya-kadin-platformundan-8-mart-aciklamasi\/\",\"url\":\"http:\/\/denizcankizil.tr\/en\/haberler\/gundem\/antalya-kadin-platformundan-8-mart-aciklamasi\/\",\"name\":\"Antalya Kad\u0131n Platformu\u2019ndan 8 Mart a\u00e7\u0131klamas\u0131 - Av. Deniz Can K\u0131z\u0131l\",\"isPartOf\":{\"@id\":\"https:\/\/denizcankizil.tr\/#website\"},\"datePublished\":\"2025-03-10T13:41:37+00:00\",\"breadcrumb\":{\"@id\":\"http:\/\/denizcankizil.tr\/en\/haberler\/gundem\/antalya-kadin-platformundan-8-mart-aciklamasi\/#breadcrumb\"},\"inLanguage\":\"en-GB\",\"potentialAction\":[{\"@type\":\"ReadAction\",\"target\":[\"http:\/\/denizcankizil.tr\/en\/haberler\/gundem\/antalya-kadin-platformundan-8-mart-aciklamasi\/\"]}]},{\"@type\":\"BreadcrumbList\",\"@id\":\"http:\/\/denizcankizil.tr\/en\/haberler\/gundem\/antalya-kadin-platformundan-8-mart-aciklamasi\/#breadcrumb\",\"itemListElement\":[{\"@type\":\"ListItem\",\"position\":1,\"name\":\"Home\",\"item\":\"https:\/\/denizcankizil.tr\/uk\/\"},{\"@type\":\"ListItem\",\"position\":2,\"name\":\"Antalya Kad\u0131n Platformu\u2019ndan 8 Mart a\u00e7\u0131klamas\u0131\"}]},{\"@type\":\"WebSite\",\"@id\":\"https:\/\/denizcankizil.tr\/#website\",\"url\":\"https:\/\/denizcankizil.tr\/\",\"name\":\"Av. Deniz Can K\u0131z\u0131l\",\"description\":\"Avukat Deniz Can K\u0131z\u0131l Antalya Barosu\",\"publisher\":{\"@id\":\"https:\/\/denizcankizil.tr\/#organization\"},\"potentialAction\":[{\"@type\":\"SearchAction\",\"target\":{\"@type\":\"EntryPoint\",\"urlTemplate\":\"https:\/\/denizcankizil.tr\/?s={search_term_string}\"},\"query-input\":{\"@type\":\"PropertyValueSpecification\",\"valueRequired\":true,\"valueName\":\"search_term_string\"}}],\"inLanguage\":\"en-GB\"},{\"@type\":\"Organization\",\"@id\":\"https:\/\/denizcankizil.tr\/#organization\",\"name\":\"Av. Deniz Can K\u0131z\u0131l\",\"url\":\"https:\/\/denizcankizil.tr\/\",\"logo\":{\"@type\":\"ImageObject\",\"inLanguage\":\"en-GB\",\"@id\":\"https:\/\/denizcankizil.tr\/#\/schema\/logo\/image\/\",\"url\":\"http:\/\/denizcankizil.tr\/wp-content\/uploads\/2024\/10\/siyah-logo-svg.svg\",\"contentUrl\":\"http:\/\/denizcankizil.tr\/wp-content\/uploads\/2024\/10\/siyah-logo-svg.svg\",\"width\":1080,\"height\":1080,\"caption\":\"Av. Deniz Can K\u0131z\u0131l\"},\"image\":{\"@id\":\"https:\/\/denizcankizil.tr\/#\/schema\/logo\/image\/\"}},{\"@type\":\"Person\",\"@id\":\"https:\/\/denizcankizil.tr\/#\/schema\/person\/e1eb71bb4dd684d46563f0af307e1234\",\"name\":\"Antalya K\u00f6rfez\",\"image\":{\"@type\":\"ImageObject\",\"inLanguage\":\"en-GB\",\"@id\":\"https:\/\/denizcankizil.tr\/#\/schema\/person\/image\/\",\"url\":\"https:\/\/secure.gravatar.com\/avatar\/42b01982558a48a0b501fdcab6a408d3717ea5919095ee2e67b0e521799c5905?s=96&d=mm&r=g\",\"contentUrl\":\"https:\/\/secure.gravatar.com\/avatar\/42b01982558a48a0b501fdcab6a408d3717ea5919095ee2e67b0e521799c5905?s=96&d=mm&r=g\",\"caption\":\"Antalya K\u00f6rfez\"},\"sameAs\":[\"http:\/\/www.antalyakorfez.com\"],\"url\":\"https:\/\/www.antalyakorfez.com\/antalya-kadin-platformundan-8-mart-aciklamasi\"}]}<\/script>\n<!-- \/ Yoast SEO Premium plugin. -->","yoast_head_json":{"title":"Antalya Kad\u0131n Platformu\u2019ndan 8 Mart a\u00e7\u0131klamas\u0131 - Av. Deniz Can K\u0131z\u0131l","robots":{"index":"index","follow":"follow","max-snippet":"max-snippet:-1","max-image-preview":"max-image-preview:large","max-video-preview":"max-video-preview:-1"},"canonical":"http:\/\/denizcankizil.tr\/en\/haberler\/gundem\/antalya-kadin-platformundan-8-mart-aciklamasi\/","og_locale":"en_GB","og_type":"article","og_title":"Antalya Kad\u0131n Platformu\u2019ndan 8 Mart a\u00e7\u0131klamas\u0131","og_description":"Antalya Kad\u0131n Platformu, 8 Mart\u2019ta ya\u015fanan olay\u0131n \u00fczerine a\u00e7\u0131klama yapt\u0131. E\u011fitim-Sen Antalya \u015eube Ba\u015fkanl\u0131\u011f\u0131nda ger\u00e7ekle\u015ftirilen a\u00e7\u0131klamada, \u201cBiz kad\u0131nlar bizi birbirimize d\u00fc\u015f\u00fcrmek amac\u0131yla yap\u0131lan her t\u00fcrl\u00fc provakasyona ve manip\u00fclasyona kar\u015f\u0131 yan yana olmaya, beraber m\u00fccadele etmeye, alanlar\u0131 doldurmaya devam edece\u011fiz. Ger\u00e7e\u011fi yok sayarak, \u00e7arp\u0131tarak yap\u0131lan karalama kampanyalar\u0131na izin vermeyece\u011fiz\u201d denildi.\u00a0 A\u011eIR \u0130THAM VE SALDIRILARA MARUZ KALDIK! Antalya Kad\u0131n Platformu taraf\u0131ndan yap\u0131lan a\u00e7\u0131klamada, \u201c8 Mart 2025 D\u00fcnya Kad\u0131nlar G\u00fcn\u00fc y\u00fcr\u00fcy\u00fc\u015f\u00fc s\u0131ras\u0131nda ger\u00e7ekle\u015fen ve platformumuzla platform \u00fcyelerimizin \u00e7irkin iddia, a\u011f\u0131r itham ve sald\u0131r\u0131lara maruz b\u0131rak\u0131lmas\u0131ndan dolay\u0131 bu bas\u0131n a\u00e7\u0131klamas\u0131yla ger\u00e7eklerin kamuoyuna duyurulmas\u0131 gereklili\u011fi do\u011fmu\u015ftur. 8 Mart 2025 tarihinde platformumuzca d\u00fczenlenen y\u00fcr\u00fcy\u00fc\u015fte ya\u015fanan olay bilin\u00e7li bir \u015fekilde \u00e7arp\u0131t\u0131lm\u0131\u015f olarak baz\u0131 gazetelerce servis edilmi\u015ftir. Platformumuz ve arkada\u015f\u0131m\u0131z hedef haline getirilerek sosyal medya \u015fiddetine maruz b\u0131rak\u0131lm\u0131\u015ft\u0131r\u201d denildi.\u00a0 B\u0130RL\u0130K, M\u00dcCADELE VE DAYANI\u015eMA G\u00dcN\u00dc 8 Mart\u2019\u0131n \u00f6nemine vurgu yap\u0131lan a\u00e7\u0131klamada, 8 Mart eylemleri kad\u0131nlar\u0131n dil, din, etnik k\u00f6ken, s\u0131n\u0131f ayr\u0131m\u0131 olmaks\u0131z\u0131n yan yana gelip m\u00fccadelelerini b\u00fcy\u00fctt\u00fckleri g\u00fcn\u00fcn ad\u0131d\u0131r. Meydanlarda da bu ama\u00e7la bulunulur. Kad\u0131na y\u00f6nelik \u015fiddete kar\u015f\u0131 m\u00fccadelede birle\u015filir ve bunu zay\u0131flatabilecek milliyet\u00e7i ve militarist s\u00f6ylemlerden uzak durulur\u201d \u015feklinde yap\u0131lan a\u00e7\u0131klamada daha sonra; \u201cKad\u0131nlar\u0131n y\u00fckselen m\u00fccadelesine g\u00f6lge d\u00fc\u015f\u00fcrmek i\u00e7in ger\u00e7e\u011fi \u00e7arp\u0131tarak yap\u0131lan haberler kad\u0131n arkada\u015f\u0131m\u0131z ve platformumuz nefret s\u00f6ylemlerine maruz kalm\u0131\u015f ve hedef g\u00f6sterilmi\u015ftir\u201d denildi.\u00a0 KORTEJ\u0130N \u00d6N\u00dcNE GE\u00c7EN &hellip;","og_url":"http:\/\/denizcankizil.tr\/en\/haberler\/gundem\/antalya-kadin-platformundan-8-mart-aciklamasi\/","og_site_name":"Av. Deniz Can K\u0131z\u0131l","article_published_time":"2025-03-10T13:41:37+00:00","author":"Antalya K\u00f6rfez","twitter_card":"summary_large_image","twitter_misc":{"Written by":"Antalya K\u00f6rfez","Estimated reading time":"3 minutes"},"schema":{"@context":"https:\/\/schema.org","@graph":[{"@type":"Article","@id":"http:\/\/denizcankizil.tr\/en\/haberler\/gundem\/antalya-kadin-platformundan-8-mart-aciklamasi\/#article","isPartOf":{"@id":"http:\/\/denizcankizil.tr\/en\/haberler\/gundem\/antalya-kadin-platformundan-8-mart-aciklamasi\/"},"author":{"name":"Antalya K\u00f6rfez","@id":"https:\/\/denizcankizil.tr\/#\/schema\/person\/e1eb71bb4dd684d46563f0af307e1234"},"headline":"Antalya Kad\u0131n Platformu\u2019ndan 8 Mart a\u00e7\u0131klamas\u0131","datePublished":"2025-03-10T13:41:37+00:00","mainEntityOfPage":{"@id":"http:\/\/denizcankizil.tr\/en\/haberler\/gundem\/antalya-kadin-platformundan-8-mart-aciklamasi\/"},"wordCount":576,"commentCount":0,"publisher":{"@id":"https:\/\/denizcankizil.tr\/#organization"},"articleSection":["G\u00fcndem"],"inLanguage":"en-GB","potentialAction":[{"@type":"CommentAction","name":"Comment","target":["http:\/\/denizcankizil.tr\/en\/haberler\/gundem\/antalya-kadin-platformundan-8-mart-aciklamasi\/#respond"]}]},{"@type":"WebPage","@id":"http:\/\/denizcankizil.tr\/en\/haberler\/gundem\/antalya-kadin-platformundan-8-mart-aciklamasi\/","url":"http:\/\/denizcankizil.tr\/en\/haberler\/gundem\/antalya-kadin-platformundan-8-mart-aciklamasi\/","name":"Antalya Kad\u0131n Platformu\u2019ndan 8 Mart a\u00e7\u0131klamas\u0131 - Av. Deniz Can K\u0131z\u0131l","isPartOf":{"@id":"https:\/\/denizcankizil.tr\/#website"},"datePublished":"2025-03-10T13:41:37+00:00","breadcrumb":{"@id":"http:\/\/denizcankizil.tr\/en\/haberler\/gundem\/antalya-kadin-platformundan-8-mart-aciklamasi\/#breadcrumb"},"inLanguage":"en-GB","potentialAction":[{"@type":"ReadAction","target":["http:\/\/denizcankizil.tr\/en\/haberler\/gundem\/antalya-kadin-platformundan-8-mart-aciklamasi\/"]}]},{"@type":"BreadcrumbList","@id":"http:\/\/denizcankizil.tr\/en\/haberler\/gundem\/antalya-kadin-platformundan-8-mart-aciklamasi\/#breadcrumb","itemListElement":[{"@type":"ListItem","position":1,"name":"Home","item":"https:\/\/denizcankizil.tr\/uk\/"},{"@type":"ListItem","position":2,"name":"Antalya Kad\u0131n Platformu\u2019ndan 8 Mart a\u00e7\u0131klamas\u0131"}]},{"@type":"WebSite","@id":"https:\/\/denizcankizil.tr\/#website","url":"https:\/\/denizcankizil.tr\/","name":"Av. Deniz Can K\u0131z\u0131l","description":"Avukat Deniz Can K\u0131z\u0131l Antalya Barosu","publisher":{"@id":"https:\/\/denizcankizil.tr\/#organization"},"potentialAction":[{"@type":"SearchAction","target":{"@type":"EntryPoint","urlTemplate":"https:\/\/denizcankizil.tr\/?s={search_term_string}"},"query-input":{"@type":"PropertyValueSpecification","valueRequired":true,"valueName":"search_term_string"}}],"inLanguage":"en-GB"},{"@type":"Organization","@id":"https:\/\/denizcankizil.tr\/#organization","name":"Av. Deniz Can K\u0131z\u0131l","url":"https:\/\/denizcankizil.tr\/","logo":{"@type":"ImageObject","inLanguage":"en-GB","@id":"https:\/\/denizcankizil.tr\/#\/schema\/logo\/image\/","url":"http:\/\/denizcankizil.tr\/wp-content\/uploads\/2024\/10\/siyah-logo-svg.svg","contentUrl":"http:\/\/denizcankizil.tr\/wp-content\/uploads\/2024\/10\/siyah-logo-svg.svg","width":1080,"height":1080,"caption":"Av. Deniz Can K\u0131z\u0131l"},"image":{"@id":"https:\/\/denizcankizil.tr\/#\/schema\/logo\/image\/"}},{"@type":"Person","@id":"https:\/\/denizcankizil.tr\/#\/schema\/person\/e1eb71bb4dd684d46563f0af307e1234","name":"Antalya K\u00f6rfez","image":{"@type":"ImageObject","inLanguage":"en-GB","@id":"https:\/\/denizcankizil.tr\/#\/schema\/person\/image\/","url":"https:\/\/secure.gravatar.com\/avatar\/42b01982558a48a0b501fdcab6a408d3717ea5919095ee2e67b0e521799c5905?s=96&d=mm&r=g","contentUrl":"https:\/\/secure.gravatar.com\/avatar\/42b01982558a48a0b501fdcab6a408d3717ea5919095ee2e67b0e521799c5905?s=96&d=mm&r=g","caption":"Antalya K\u00f6rfez"},"sameAs":["http:\/\/www.antalyakorfez.com"],"url":"https:\/\/www.antalyakorfez.com\/antalya-kadin-platformundan-8-mart-aciklamasi"}]}},"_links":{"self":[{"href":"http:\/\/denizcankizil.tr\/en\/wp-json\/wp\/v2\/posts\/35282","targetHints":{"allow":["GET"]}}],"collection":[{"href":"http:\/\/denizcankizil.tr\/en\/wp-json\/wp\/v2\/posts"}],"about":[{"href":"http:\/\/denizcankizil.tr\/en\/wp-json\/wp\/v2\/types\/post"}],"author":[{"embeddable":true,"href":"http:\/\/denizcankizil.tr\/en\/wp-json\/wp\/v2\/users\/5"}],"replies":[{"embeddable":true,"href":"http:\/\/denizcankizil.tr\/en\/wp-json\/wp\/v2\/comments?post=35282"}],"version-history":[{"count":0,"href":"http:\/\/denizcankizil.tr\/en\/wp-json\/wp\/v2\/posts\/35282\/revisions"}],"wp:attachment":[{"href":"http:\/\/denizcankizil.tr\/en\/wp-json\/wp\/v2\/media?parent=35282"}],"wp:term":[{"taxonomy":"category","embeddable":true,"href":"http:\/\/denizcankizil.tr\/en\/wp-json\/wp\/v2\/categories?post=35282"},{"taxonomy":"post_tag","embeddable":true,"href":"http:\/\/denizcankizil.tr\/en\/wp-json\/wp\/v2\/tags?post=35282"}],"curies":[{"name":"wp","href":"https:\/\/api.w.org\/{rel}","templated":true}]}}