{"id":35280,"date":"2025-03-10T16:41:28","date_gmt":"2025-03-10T13:41:28","guid":{"rendered":"https:\/\/denizcankizil.tr\/uncategorized-tr\/olum-haberini-alinca-babasi-kalp-spazmi-gecirmis\/"},"modified":"2025-03-10T16:41:28","modified_gmt":"2025-03-10T13:41:28","slug":"olum-haberini-alinca-babasi-kalp-spazmi-gecirmis","status":"publish","type":"post","link":"http:\/\/denizcankizil.tr\/en\/haberler\/antalya\/olum-haberini-alinca-babasi-kalp-spazmi-gecirmis\/","title":{"rendered":"\u00d6l\u00fcm haberini al\u0131nca babas\u0131 kalp spazm\u0131 ge\u00e7irmi\u015f"},"content":{"rendered":"<p>Cenaze al\u0131nd\u0131\u011f\u0131 s\u0131rada anne Havva \u00dcnay, baba G\u00fcnay Demir, k\u0131z karde\u015fi Ekin Demir ve yak\u0131nlar\u0131n\u0131n b\u00fcy\u00fck \u00fcz\u00fcnt\u00fc ya\u015fad\u0131\u011f\u0131 g\u00f6r\u00fcld\u00fc. Ekin Demir, iki yak\u0131n\u0131n\u0131n yard\u0131m\u0131yla ayakta durabildi. Yak\u0131nlar\u0131n\u0131n kolunda y\u00fcr\u00fcyen G\u00fcnay Demir&#8217;in, \u0130skenderun&#8217;da k\u0131z\u0131n\u0131n \u00f6l\u00fcm haberini al\u0131nca kalp spazm\u0131 ge\u00e7irdi\u011fi, tedavisinin ard\u0131ndan Antalya&#8217;ya geldi\u011fi \u00f6\u011frenildi. Sevcan Demir Sakman&#8217;\u0131n cenazesi, topra\u011fa verilmek \u00fczere \u0130skenderun&#8217;a g\u00f6t\u00fcr\u00fcld\u00fc.<\/p>\n<p>Kaynak: www.kanalv.com.tr Haber Sitesinden Al\u0131nm\u0131\u015ft\u0131r.<\/p>","protected":false},"excerpt":{"rendered":"<p>Cenaze al\u0131nd\u0131\u011f\u0131 s\u0131rada anne Havva \u00dcnay, baba G\u00fcnay Demir, k\u0131z karde\u015fi Ekin Demir ve yak\u0131nlar\u0131n\u0131n b\u00fcy\u00fck \u00fcz\u00fcnt\u00fc ya\u015fad\u0131\u011f\u0131 g\u00f6r\u00fcld\u00fc. Ekin Demir, iki yak\u0131n\u0131n\u0131n yard\u0131m\u0131yla ayakta durabildi. Yak\u0131nlar\u0131n\u0131n kolunda y\u00fcr\u00fcyen G\u00fcnay Demir&#8217;in, \u0130skenderun&#8217;da k\u0131z\u0131n\u0131n \u00f6l\u00fcm haberini al\u0131nca kalp spazm\u0131 ge\u00e7irdi\u011fi, tedavisinin ard\u0131ndan Antalya&#8217;ya geldi\u011fi \u00f6\u011frenildi. Sevcan Demir Sakman&#8217;\u0131n cenazesi, topra\u011fa verilmek \u00fczere \u0130skenderun&#8217;a g\u00f6t\u00fcr\u00fcld\u00fc. Kaynak: www.kanalv.com.tr Haber Sitesinden Al\u0131nm\u0131\u015ft\u0131r.<\/p>","protected":false},"author":4,"featured_media":35281,"comment_status":"open","ping_status":"open","sticky":false,"template":"","format":"standard","meta":{"_acf_changed":false,"footnotes":""},"categories":[26],"tags":[],"class_list":["post-35280","post","type-post","status-publish","format-standard","has-post-thumbnail","hentry","category-antalya"],"acf":[],"yoast_head":"<!-- This site is optimized with the Yoast SEO Premium plugin v26.6 (Yoast SEO v27.1.1) - https:\/\/yoast.com\/product\/yoast-seo-premium-wordpress\/ -->\n<title>\u00d6l\u00fcm haberini al\u0131nca babas\u0131 kalp spazm\u0131 ge\u00e7irmi\u015f - Av. Deniz Can K\u0131z\u0131l<\/title>\n<meta name=\"robots\" content=\"index, follow, max-snippet:-1, max-image-preview:large, max-video-preview:-1\" \/>\n<link rel=\"canonical\" href=\"http:\/\/denizcankizil.tr\/en\/haberler\/antalya\/olum-haberini-alinca-babasi-kalp-spazmi-gecirmis\/\" \/>\n<meta property=\"og:locale\" content=\"en_GB\" \/>\n<meta property=\"og:type\" content=\"article\" \/>\n<meta property=\"og:title\" content=\"\u00d6l\u00fcm haberini al\u0131nca babas\u0131 kalp spazm\u0131 ge\u00e7irmi\u015f\" \/>\n<meta property=\"og:description\" content=\"Cenaze al\u0131nd\u0131\u011f\u0131 s\u0131rada anne Havva \u00dcnay, baba G\u00fcnay Demir, k\u0131z karde\u015fi Ekin Demir ve yak\u0131nlar\u0131n\u0131n b\u00fcy\u00fck \u00fcz\u00fcnt\u00fc ya\u015fad\u0131\u011f\u0131 g\u00f6r\u00fcld\u00fc. Ekin Demir, iki yak\u0131n\u0131n\u0131n yard\u0131m\u0131yla ayakta durabildi. Yak\u0131nlar\u0131n\u0131n kolunda y\u00fcr\u00fcyen G\u00fcnay Demir&#8217;in, \u0130skenderun&#8217;da k\u0131z\u0131n\u0131n \u00f6l\u00fcm haberini al\u0131nca kalp spazm\u0131 ge\u00e7irdi\u011fi, tedavisinin ard\u0131ndan Antalya&#8217;ya geldi\u011fi \u00f6\u011frenildi. Sevcan Demir Sakman&#8217;\u0131n cenazesi, topra\u011fa verilmek \u00fczere \u0130skenderun&#8217;a g\u00f6t\u00fcr\u00fcld\u00fc. Kaynak: www.kanalv.com.tr Haber Sitesinden Al\u0131nm\u0131\u015ft\u0131r.\" \/>\n<meta property=\"og:url\" content=\"http:\/\/denizcankizil.tr\/en\/haberler\/antalya\/olum-haberini-alinca-babasi-kalp-spazmi-gecirmis\/\" \/>\n<meta property=\"og:site_name\" content=\"Av. Deniz Can K\u0131z\u0131l\" \/>\n<meta property=\"article:published_time\" content=\"2025-03-10T13:41:28+00:00\" \/>\n<meta property=\"og:image\" content=\"http:\/\/denizcankizil.tr\/wp-content\/uploads\/2025\/03\/5424-01-b611nM.jpeg\" \/>\n\t<meta property=\"og:image:width\" content=\"1280\" \/>\n\t<meta property=\"og:image:height\" content=\"720\" \/>\n\t<meta property=\"og:image:type\" content=\"image\/jpeg\" \/>\n<meta name=\"author\" content=\"Av. Deniz Can K\u0131z\u0131l\" \/>\n<meta name=\"twitter:card\" content=\"summary_large_image\" \/>\n<meta name=\"twitter:label1\" content=\"Written by\" \/>\n\t<meta name=\"twitter:data1\" content=\"Av. Deniz Can K\u0131z\u0131l\" \/>\n\t<meta name=\"twitter:label2\" content=\"Estimated reading time\" \/>\n\t<meta name=\"twitter:data2\" content=\"1 minute\" \/>\n<script type=\"application\/ld+json\" class=\"yoast-schema-graph\">{\"@context\":\"https:\/\/schema.org\",\"@graph\":[{\"@type\":\"Article\",\"@id\":\"http:\/\/denizcankizil.tr\/uk\/haberler\/antalya\/olum-haberini-alinca-babasi-kalp-spazmi-gecirmis\/#article\",\"isPartOf\":{\"@id\":\"http:\/\/denizcankizil.tr\/uk\/haberler\/antalya\/olum-haberini-alinca-babasi-kalp-spazmi-gecirmis\/\"},\"author\":{\"name\":\"Av. Deniz Can K\u0131z\u0131l\",\"@id\":\"https:\/\/denizcankizil.tr\/de\/#\/schema\/person\/5dc1b22991bd7ac833867c10afc9b0ff\"},\"headline\":\"\u00d6l\u00fcm haberini al\u0131nca babas\u0131 kalp spazm\u0131 ge\u00e7irmi\u015f\",\"datePublished\":\"2025-03-10T13:41:28+00:00\",\"mainEntityOfPage\":{\"@id\":\"http:\/\/denizcankizil.tr\/uk\/haberler\/antalya\/olum-haberini-alinca-babasi-kalp-spazmi-gecirmis\/\"},\"wordCount\":117,\"commentCount\":0,\"publisher\":{\"@id\":\"https:\/\/denizcankizil.tr\/de\/#organization\"},\"image\":{\"@id\":\"http:\/\/denizcankizil.tr\/uk\/haberler\/antalya\/olum-haberini-alinca-babasi-kalp-spazmi-gecirmis\/#primaryimage\"},\"thumbnailUrl\":\"http:\/\/denizcankizil.tr\/wp-content\/uploads\/2025\/03\/5424-01-b611nM.jpeg\",\"articleSection\":[\"Antalya\"],\"inLanguage\":\"en-GB\",\"potentialAction\":[{\"@type\":\"CommentAction\",\"name\":\"Comment\",\"target\":[\"http:\/\/denizcankizil.tr\/uk\/haberler\/antalya\/olum-haberini-alinca-babasi-kalp-spazmi-gecirmis\/#respond\"]}]},{\"@type\":\"WebPage\",\"@id\":\"http:\/\/denizcankizil.tr\/uk\/haberler\/antalya\/olum-haberini-alinca-babasi-kalp-spazmi-gecirmis\/\",\"url\":\"http:\/\/denizcankizil.tr\/uk\/haberler\/antalya\/olum-haberini-alinca-babasi-kalp-spazmi-gecirmis\/\",\"name\":\"\u00d6l\u00fcm haberini al\u0131nca babas\u0131 kalp spazm\u0131 ge\u00e7irmi\u015f - Av. Deniz Can K\u0131z\u0131l\",\"isPartOf\":{\"@id\":\"https:\/\/denizcankizil.tr\/de\/#website\"},\"primaryImageOfPage\":{\"@id\":\"http:\/\/denizcankizil.tr\/uk\/haberler\/antalya\/olum-haberini-alinca-babasi-kalp-spazmi-gecirmis\/#primaryimage\"},\"image\":{\"@id\":\"http:\/\/denizcankizil.tr\/uk\/haberler\/antalya\/olum-haberini-alinca-babasi-kalp-spazmi-gecirmis\/#primaryimage\"},\"thumbnailUrl\":\"http:\/\/denizcankizil.tr\/wp-content\/uploads\/2025\/03\/5424-01-b611nM.jpeg\",\"datePublished\":\"2025-03-10T13:41:28+00:00\",\"breadcrumb\":{\"@id\":\"http:\/\/denizcankizil.tr\/uk\/haberler\/antalya\/olum-haberini-alinca-babasi-kalp-spazmi-gecirmis\/#breadcrumb\"},\"inLanguage\":\"en-GB\",\"potentialAction\":[{\"@type\":\"ReadAction\",\"target\":[\"http:\/\/denizcankizil.tr\/uk\/haberler\/antalya\/olum-haberini-alinca-babasi-kalp-spazmi-gecirmis\/\"]}]},{\"@type\":\"ImageObject\",\"inLanguage\":\"en-GB\",\"@id\":\"http:\/\/denizcankizil.tr\/uk\/haberler\/antalya\/olum-haberini-alinca-babasi-kalp-spazmi-gecirmis\/#primaryimage\",\"url\":\"http:\/\/denizcankizil.tr\/wp-content\/uploads\/2025\/03\/5424-01-b611nM.jpeg\",\"contentUrl\":\"http:\/\/denizcankizil.tr\/wp-content\/uploads\/2025\/03\/5424-01-b611nM.jpeg\",\"width\":1280,\"height\":720},{\"@type\":\"BreadcrumbList\",\"@id\":\"http:\/\/denizcankizil.tr\/uk\/haberler\/antalya\/olum-haberini-alinca-babasi-kalp-spazmi-gecirmis\/#breadcrumb\",\"itemListElement\":[{\"@type\":\"ListItem\",\"position\":1,\"name\":\"Home\",\"item\":\"https:\/\/denizcankizil.tr\/de\/\"},{\"@type\":\"ListItem\",\"position\":2,\"name\":\"\u00d6l\u00fcm haberini al\u0131nca babas\u0131 kalp spazm\u0131 ge\u00e7irmi\u015f\"}]},{\"@type\":\"WebSite\",\"@id\":\"https:\/\/denizcankizil.tr\/de\/#website\",\"url\":\"https:\/\/denizcankizil.tr\/de\/\",\"name\":\"Av. Deniz Can K\u0131z\u0131l\",\"description\":\"Avukat Deniz Can K\u0131z\u0131l Antalya Barosu\",\"publisher\":{\"@id\":\"https:\/\/denizcankizil.tr\/de\/#organization\"},\"potentialAction\":[{\"@type\":\"SearchAction\",\"target\":{\"@type\":\"EntryPoint\",\"urlTemplate\":\"https:\/\/denizcankizil.tr\/de\/?s={search_term_string}\"},\"query-input\":{\"@type\":\"PropertyValueSpecification\",\"valueRequired\":true,\"valueName\":\"search_term_string\"}}],\"inLanguage\":\"en-GB\"},{\"@type\":\"Organization\",\"@id\":\"https:\/\/denizcankizil.tr\/de\/#organization\",\"name\":\"Av. Deniz Can K\u0131z\u0131l\",\"url\":\"https:\/\/denizcankizil.tr\/de\/\",\"logo\":{\"@type\":\"ImageObject\",\"inLanguage\":\"en-GB\",\"@id\":\"https:\/\/denizcankizil.tr\/de\/#\/schema\/logo\/image\/\",\"url\":\"http:\/\/denizcankizil.tr\/wp-content\/uploads\/2024\/10\/siyah-logo-svg.svg\",\"contentUrl\":\"http:\/\/denizcankizil.tr\/wp-content\/uploads\/2024\/10\/siyah-logo-svg.svg\",\"width\":1080,\"height\":1080,\"caption\":\"Av. Deniz Can K\u0131z\u0131l\"},\"image\":{\"@id\":\"https:\/\/denizcankizil.tr\/de\/#\/schema\/logo\/image\/\"}},{\"@type\":\"Person\",\"@id\":\"https:\/\/denizcankizil.tr\/de\/#\/schema\/person\/5dc1b22991bd7ac833867c10afc9b0ff\",\"name\":\"Av. Deniz Can K\u0131z\u0131l\",\"image\":{\"@type\":\"ImageObject\",\"inLanguage\":\"en-GB\",\"@id\":\"https:\/\/denizcankizil.tr\/de\/#\/schema\/person\/image\/\",\"url\":\"https:\/\/secure.gravatar.com\/avatar\/a0b128fb9855c79efc976d5640eedb31dc35ec297594d6016d2cf7c60e975bb6?s=96&d=mm&r=g\",\"contentUrl\":\"https:\/\/secure.gravatar.com\/avatar\/a0b128fb9855c79efc976d5640eedb31dc35ec297594d6016d2cf7c60e975bb6?s=96&d=mm&r=g\",\"caption\":\"Av. Deniz Can K\u0131z\u0131l\"},\"sameAs\":[\"http:\/\/www.denizcankizil.tr\"],\"url\":\"http:\/\/denizcankizil.tr\/en\/author\/denizcankizil\/\"}]}<\/script>\n<!-- \/ Yoast SEO Premium plugin. -->","yoast_head_json":{"title":"\u00d6l\u00fcm haberini al\u0131nca babas\u0131 kalp spazm\u0131 ge\u00e7irmi\u015f - Av. Deniz Can K\u0131z\u0131l","robots":{"index":"index","follow":"follow","max-snippet":"max-snippet:-1","max-image-preview":"max-image-preview:large","max-video-preview":"max-video-preview:-1"},"canonical":"http:\/\/denizcankizil.tr\/en\/haberler\/antalya\/olum-haberini-alinca-babasi-kalp-spazmi-gecirmis\/","og_locale":"en_GB","og_type":"article","og_title":"\u00d6l\u00fcm haberini al\u0131nca babas\u0131 kalp spazm\u0131 ge\u00e7irmi\u015f","og_description":"Cenaze al\u0131nd\u0131\u011f\u0131 s\u0131rada anne Havva \u00dcnay, baba G\u00fcnay Demir, k\u0131z karde\u015fi Ekin Demir ve yak\u0131nlar\u0131n\u0131n b\u00fcy\u00fck \u00fcz\u00fcnt\u00fc ya\u015fad\u0131\u011f\u0131 g\u00f6r\u00fcld\u00fc. Ekin Demir, iki yak\u0131n\u0131n\u0131n yard\u0131m\u0131yla ayakta durabildi. Yak\u0131nlar\u0131n\u0131n kolunda y\u00fcr\u00fcyen G\u00fcnay Demir&#8217;in, \u0130skenderun&#8217;da k\u0131z\u0131n\u0131n \u00f6l\u00fcm haberini al\u0131nca kalp spazm\u0131 ge\u00e7irdi\u011fi, tedavisinin ard\u0131ndan Antalya&#8217;ya geldi\u011fi \u00f6\u011frenildi. Sevcan Demir Sakman&#8217;\u0131n cenazesi, topra\u011fa verilmek \u00fczere \u0130skenderun&#8217;a g\u00f6t\u00fcr\u00fcld\u00fc. Kaynak: www.kanalv.com.tr Haber Sitesinden Al\u0131nm\u0131\u015ft\u0131r.","og_url":"http:\/\/denizcankizil.tr\/en\/haberler\/antalya\/olum-haberini-alinca-babasi-kalp-spazmi-gecirmis\/","og_site_name":"Av. Deniz Can K\u0131z\u0131l","article_published_time":"2025-03-10T13:41:28+00:00","og_image":[{"width":1280,"height":720,"url":"http:\/\/denizcankizil.tr\/wp-content\/uploads\/2025\/03\/5424-01-b611nM.jpeg","type":"image\/jpeg"}],"author":"Av. Deniz Can K\u0131z\u0131l","twitter_card":"summary_large_image","twitter_misc":{"Written by":"Av. Deniz Can K\u0131z\u0131l","Estimated reading time":"1 minute"},"schema":{"@context":"https:\/\/schema.org","@graph":[{"@type":"Article","@id":"http:\/\/denizcankizil.tr\/uk\/haberler\/antalya\/olum-haberini-alinca-babasi-kalp-spazmi-gecirmis\/#article","isPartOf":{"@id":"http:\/\/denizcankizil.tr\/uk\/haberler\/antalya\/olum-haberini-alinca-babasi-kalp-spazmi-gecirmis\/"},"author":{"name":"Av. Deniz Can K\u0131z\u0131l","@id":"https:\/\/denizcankizil.tr\/de\/#\/schema\/person\/5dc1b22991bd7ac833867c10afc9b0ff"},"headline":"\u00d6l\u00fcm haberini al\u0131nca babas\u0131 kalp spazm\u0131 ge\u00e7irmi\u015f","datePublished":"2025-03-10T13:41:28+00:00","mainEntityOfPage":{"@id":"http:\/\/denizcankizil.tr\/uk\/haberler\/antalya\/olum-haberini-alinca-babasi-kalp-spazmi-gecirmis\/"},"wordCount":117,"commentCount":0,"publisher":{"@id":"https:\/\/denizcankizil.tr\/de\/#organization"},"image":{"@id":"http:\/\/denizcankizil.tr\/uk\/haberler\/antalya\/olum-haberini-alinca-babasi-kalp-spazmi-gecirmis\/#primaryimage"},"thumbnailUrl":"http:\/\/denizcankizil.tr\/wp-content\/uploads\/2025\/03\/5424-01-b611nM.jpeg","articleSection":["Antalya"],"inLanguage":"en-GB","potentialAction":[{"@type":"CommentAction","name":"Comment","target":["http:\/\/denizcankizil.tr\/uk\/haberler\/antalya\/olum-haberini-alinca-babasi-kalp-spazmi-gecirmis\/#respond"]}]},{"@type":"WebPage","@id":"http:\/\/denizcankizil.tr\/uk\/haberler\/antalya\/olum-haberini-alinca-babasi-kalp-spazmi-gecirmis\/","url":"http:\/\/denizcankizil.tr\/uk\/haberler\/antalya\/olum-haberini-alinca-babasi-kalp-spazmi-gecirmis\/","name":"\u00d6l\u00fcm haberini al\u0131nca babas\u0131 kalp spazm\u0131 ge\u00e7irmi\u015f - Av. Deniz Can K\u0131z\u0131l","isPartOf":{"@id":"https:\/\/denizcankizil.tr\/de\/#website"},"primaryImageOfPage":{"@id":"http:\/\/denizcankizil.tr\/uk\/haberler\/antalya\/olum-haberini-alinca-babasi-kalp-spazmi-gecirmis\/#primaryimage"},"image":{"@id":"http:\/\/denizcankizil.tr\/uk\/haberler\/antalya\/olum-haberini-alinca-babasi-kalp-spazmi-gecirmis\/#primaryimage"},"thumbnailUrl":"http:\/\/denizcankizil.tr\/wp-content\/uploads\/2025\/03\/5424-01-b611nM.jpeg","datePublished":"2025-03-10T13:41:28+00:00","breadcrumb":{"@id":"http:\/\/denizcankizil.tr\/uk\/haberler\/antalya\/olum-haberini-alinca-babasi-kalp-spazmi-gecirmis\/#breadcrumb"},"inLanguage":"en-GB","potentialAction":[{"@type":"ReadAction","target":["http:\/\/denizcankizil.tr\/uk\/haberler\/antalya\/olum-haberini-alinca-babasi-kalp-spazmi-gecirmis\/"]}]},{"@type":"ImageObject","inLanguage":"en-GB","@id":"http:\/\/denizcankizil.tr\/uk\/haberler\/antalya\/olum-haberini-alinca-babasi-kalp-spazmi-gecirmis\/#primaryimage","url":"http:\/\/denizcankizil.tr\/wp-content\/uploads\/2025\/03\/5424-01-b611nM.jpeg","contentUrl":"http:\/\/denizcankizil.tr\/wp-content\/uploads\/2025\/03\/5424-01-b611nM.jpeg","width":1280,"height":720},{"@type":"BreadcrumbList","@id":"http:\/\/denizcankizil.tr\/uk\/haberler\/antalya\/olum-haberini-alinca-babasi-kalp-spazmi-gecirmis\/#breadcrumb","itemListElement":[{"@type":"ListItem","position":1,"name":"Home","item":"https:\/\/denizcankizil.tr\/de\/"},{"@type":"ListItem","position":2,"name":"\u00d6l\u00fcm haberini al\u0131nca babas\u0131 kalp spazm\u0131 ge\u00e7irmi\u015f"}]},{"@type":"WebSite","@id":"https:\/\/denizcankizil.tr\/de\/#website","url":"https:\/\/denizcankizil.tr\/de\/","name":"Av. Deniz Can K\u0131z\u0131l","description":"Avukat Deniz Can K\u0131z\u0131l Antalya Barosu","publisher":{"@id":"https:\/\/denizcankizil.tr\/de\/#organization"},"potentialAction":[{"@type":"SearchAction","target":{"@type":"EntryPoint","urlTemplate":"https:\/\/denizcankizil.tr\/de\/?s={search_term_string}"},"query-input":{"@type":"PropertyValueSpecification","valueRequired":true,"valueName":"search_term_string"}}],"inLanguage":"en-GB"},{"@type":"Organization","@id":"https:\/\/denizcankizil.tr\/de\/#organization","name":"Av. Deniz Can K\u0131z\u0131l","url":"https:\/\/denizcankizil.tr\/de\/","logo":{"@type":"ImageObject","inLanguage":"en-GB","@id":"https:\/\/denizcankizil.tr\/de\/#\/schema\/logo\/image\/","url":"http:\/\/denizcankizil.tr\/wp-content\/uploads\/2024\/10\/siyah-logo-svg.svg","contentUrl":"http:\/\/denizcankizil.tr\/wp-content\/uploads\/2024\/10\/siyah-logo-svg.svg","width":1080,"height":1080,"caption":"Av. Deniz Can K\u0131z\u0131l"},"image":{"@id":"https:\/\/denizcankizil.tr\/de\/#\/schema\/logo\/image\/"}},{"@type":"Person","@id":"https:\/\/denizcankizil.tr\/de\/#\/schema\/person\/5dc1b22991bd7ac833867c10afc9b0ff","name":"Av. Deniz Can K\u0131z\u0131l","image":{"@type":"ImageObject","inLanguage":"en-GB","@id":"https:\/\/denizcankizil.tr\/de\/#\/schema\/person\/image\/","url":"https:\/\/secure.gravatar.com\/avatar\/a0b128fb9855c79efc976d5640eedb31dc35ec297594d6016d2cf7c60e975bb6?s=96&d=mm&r=g","contentUrl":"https:\/\/secure.gravatar.com\/avatar\/a0b128fb9855c79efc976d5640eedb31dc35ec297594d6016d2cf7c60e975bb6?s=96&d=mm&r=g","caption":"Av. Deniz Can K\u0131z\u0131l"},"sameAs":["http:\/\/www.denizcankizil.tr"],"url":"http:\/\/denizcankizil.tr\/en\/author\/denizcankizil\/"}]}},"_links":{"self":[{"href":"http:\/\/denizcankizil.tr\/en\/wp-json\/wp\/v2\/posts\/35280","targetHints":{"allow":["GET"]}}],"collection":[{"href":"http:\/\/denizcankizil.tr\/en\/wp-json\/wp\/v2\/posts"}],"about":[{"href":"http:\/\/denizcankizil.tr\/en\/wp-json\/wp\/v2\/types\/post"}],"author":[{"embeddable":true,"href":"http:\/\/denizcankizil.tr\/en\/wp-json\/wp\/v2\/users\/4"}],"replies":[{"embeddable":true,"href":"http:\/\/denizcankizil.tr\/en\/wp-json\/wp\/v2\/comments?post=35280"}],"version-history":[{"count":0,"href":"http:\/\/denizcankizil.tr\/en\/wp-json\/wp\/v2\/posts\/35280\/revisions"}],"wp:featuredmedia":[{"embeddable":true,"href":"http:\/\/denizcankizil.tr\/en\/wp-json\/wp\/v2\/media\/35281"}],"wp:attachment":[{"href":"http:\/\/denizcankizil.tr\/en\/wp-json\/wp\/v2\/media?parent=35280"}],"wp:term":[{"taxonomy":"category","embeddable":true,"href":"http:\/\/denizcankizil.tr\/en\/wp-json\/wp\/v2\/categories?post=35280"},{"taxonomy":"post_tag","embeddable":true,"href":"http:\/\/denizcankizil.tr\/en\/wp-json\/wp\/v2\/tags?post=35280"}],"curies":[{"name":"wp","href":"https:\/\/api.w.org\/{rel}","templated":true}]}}