{"id":35179,"date":"2025-03-09T17:41:33","date_gmt":"2025-03-09T14:41:33","guid":{"rendered":"https:\/\/denizcankizil.tr\/uncategorized-tr\/kurye-hizmetleri-posta-sektorune-dahil-oldu-kuryede-yeni-donem-basladi\/"},"modified":"2025-03-09T17:41:33","modified_gmt":"2025-03-09T14:41:33","slug":"kurye-hizmetleri-posta-sektorune-dahil-oldu-kuryede-yeni-donem-basladi","status":"publish","type":"post","link":"http:\/\/denizcankizil.tr\/en\/haberler\/gundem\/kurye-hizmetleri-posta-sektorune-dahil-oldu-kuryede-yeni-donem-basladi\/","title":{"rendered":"Kurye hizmetleri posta sekt\u00f6r\u00fcne dahil oldu&#8230; Kuryede yeni d\u00f6nem ba\u015flad\u0131"},"content":{"rendered":"<p>\u0130nternet sitesi, mobil site veya uygulamalar \u00fczerinden sunulan h\u0131zl\u0131 g\u00f6nderi hizmetlerine y\u00f6nelik yeni d\u00fczenlemelerin y\u00fcr\u00fcrl\u00fc\u011fe girdi\u011fini an\u0131msatan Ula\u015ft\u0131rma ve Altyap\u0131 Bakan\u0131 Abdulkadir Uralo\u011flu, kuryelerin \u00e7al\u0131\u015fma saatlerinin Bilgi Teknolojileri ve \u0130leti\u015fim Kurumu\u2019na bildirilmesi zorunlulu\u011fu sayesinde mevzuata ayk\u0131r\u0131 \u00e7al\u0131\u015fma saatleri ve buna ba\u011fl\u0131 olumsuzluklar\u0131n \u00f6n\u00fcne ge\u00e7eceklerini duyurdu.ANKARA (\u0130GFA) &#8211; Posta Sekt\u00f6r\u00fcne \u0130li\u015fkin Yetkilendirme Y\u00f6netmeli\u011finde De\u011fi\u015fiklik Yap\u0131lmas\u0131na Dair Y\u00f6netmelik\u2019in Resmi Gazete\u2019de yay\u0131mlanarak y\u00fcr\u00fcrl\u00fc\u011fe girdi.<br \/>\nUla\u015ft\u0131rma ve Altyap\u0131 Bakan\u0131 Abdulkadir Uralo\u011flu, dijital platformlar \u00fczerinden h\u0131zl\u0131 teslimat hizmeti sunan \u015firketler posta sekt\u00f6r\u00fc kapsam\u0131na al\u0131nd\u0131\u011f\u0131n\u0131 belirterek, platforma ba\u011fl\u0131 posta hizmeti tan\u0131m\u0131 yap\u0131larak, hizmet sunanlara y\u00f6nelik yetkilendirme \u015fartlar\u0131 belirlendi ve mevcut yetkilendirme \u015fartlar\u0131 g\u00fcncellendi\u011fini a\u00e7\u0131klad\u0131.<br \/>\nPandemi d\u00f6neminde zorunluluk haline gelen ve b\u00fcy\u00fcyerek sekt\u00f6rle\u015fen dijital ortamlar \u00fczerinden\u00a0 sunulan kurye hizmetlerine y\u00f6nelik d\u00fczenlemenin t\u00fcketici memnuniyeti ve hizmet kalitesini art\u0131rmay\u0131 ama\u00e7lad\u0131\u011f\u0131n\u0131 belirten Bakan Uralo\u011flu, \u201cBu hizmetler ba\u015flang\u0131\u00e7ta temel g\u0131da \u00fcr\u00fcnlerinin ta\u015f\u0131nmas\u0131 ile ba\u015flad\u0131 ancak giderek geni\u015fledi. Sekt\u00f6rdeki b\u00fcy\u00fcmenin ani olmas\u0131 konuya ili\u015fkin bir d\u00fczenleme yap\u0131lmas\u0131 ihtiyac\u0131n\u0131 do\u011furdu.\u201d ifadelerini kulland\u0131.<\/p>\n<p>G\u00d6NDER\u0130 G\u00dcVENL\u0130\u011e\u0130 G\u00dcVENCE ALTINA ALINACAK<br \/>\nBakan Uralo\u011flu, Avrupa Birli\u011fi (AB) \u00fclkelerinde de benzer hizmetlerin posta sekt\u00f6r\u00fc kapsam\u0131nda de\u011ferlendirildi\u011fine dikkat \u00e7ekerek, \u201cAB \u00f6rneklerinde oldu\u011fu gibi, bu hizmetleri posta sekt\u00f6r\u00fc kapsam\u0131na alarak yetkilendirme ve denetim \u015fartlar\u0131n\u0131 belirledik. B\u00f6ylece hizmet kalitesi, t\u00fcketici memnuniyeti ve g\u00f6nderi g\u00fcvenli\u011fi gibi hususlar\u0131 g\u00fcvence alt\u0131na alaca\u011f\u0131z.\u201d dedi.<br \/>\nYeni d\u00fczenleme ile s\u00f6z konusu hizmeti sunan \u015firketlerin, hizmet kalitesi ve t\u00fcketici memnuniyeti ba\u015fta olmak \u00fczere denetim alt\u0131na al\u0131naca\u011f\u0131n\u0131 belirten Uralo\u011flu, \u201cBu alanda daha \u00f6nce herhangi bir kurum taraf\u0131ndan denetim yap\u0131lm\u0131yordu. \u015eikayetlerin ele al\u0131nmas\u0131nda ciddi problemler ya\u015fan\u0131yordu. \u015eimdi ise yetkilendirme ve denetim \u015fartlar\u0131 sayesinde t\u00fcketici \u015fikayetlerinin azalmas\u0131n\u0131 bekliyoruz.\u201d \u015feklinde konu\u015ftu.<br \/>\n\u00c7ALI\u015eMA SAATLER\u0130NE D\u00dcZENLEME<br \/>\nBakan Uralo\u011flu, yeni d\u00fczenlemenin \u00e7evresel s\u00fcrd\u00fcr\u00fclebilirlik kapsam\u0131nda da \u00f6nemli yenilikler getirdi\u011fini belirterek, \u201cNegatif d\u0131\u015fsall\u0131klar\u0131n en aza indirilmesi i\u00e7in y\u00fck\u00fcml\u00fcl\u00fckler getiriyoruz. Ayr\u0131ca, kuryelerin \u00e7al\u0131\u015fma saatlerinin Bilgi Teknolojileri ve \u0130leti\u015fim Kurumu\u2019na bildirilmesi zorunlulu\u011fu sayesinde mevzuata ayk\u0131r\u0131 \u00e7al\u0131\u015fma saatleri ve buna ba\u011fl\u0131 olumsuzluklar\u0131n \u00f6n\u00fcne ge\u00e7ece\u011fiz.\u201d diye konu\u015ftu. Bakan Uralo\u011flu, d\u00fczenleme ile kay\u0131t d\u0131\u015f\u0131 posta hizmetlerinin \u00f6nlenece\u011fini belirterek, hizmetlerin daha planl\u0131 ve sistemli sunulmas\u0131 sa\u011flanaca\u011f\u0131, b\u00f6ylelikle hem hizmet kalitesi, hem de gerekti\u011finde idari yapt\u0131r\u0131mlar\u0131n uygulanabilece\u011fini kaydetti.<\/p>\n<p>\u200b\u0130nternet sitesi, mobil site veya uygulamalar \u00fczerinden sunulan h\u0131zl\u0131 g\u00f6nderi hizmetlerine y\u00f6nelik yeni d\u00fczenlemelerin y\u00fcr\u00fcrl\u00fc\u011fe girdi\u011fini an\u0131msatan Ula\u015ft\u0131rma ve Altyap\u0131 Bakan\u0131 Abdulkadir Uralo\u011flu, kuryelerin \u00e7al\u0131\u015fma saatlerinin Bilgi Teknolojileri ve \u0130leti\u015fim Kurumu\u2019na bildirilmesi zorunlulu\u011fu sayesinde mevzuata ayk\u0131r\u0131 \u00e7al\u0131\u015fma saatleri ve buna ba\u011fl\u0131 olumsuzluklar\u0131n \u00f6n\u00fcne ge\u00e7eceklerini duyurdu.ANKARA (\u0130GFA) &#8211; Posta Sekt\u00f6r\u00fcne \u0130li\u015fkin Yetkilendirme Y\u00f6netmeli\u011finde De\u011fi\u015fiklik Yap\u0131lmas\u0131na Dair Y\u00f6netmelik\u2019in Resmi Gazete\u2019de yay\u0131mlanarak y\u00fcr\u00fcrl\u00fc\u011fe girdi.<br \/>\nUla\u015ft\u0131rma ve Altyap\u0131 Bakan\u0131 Abdulkadir Uralo\u011flu, dijital platformlar \u00fczerinden h\u0131zl\u0131 teslimat hizmeti sunan \u015firketler posta sekt\u00f6r\u00fc kapsam\u0131na al\u0131nd\u0131\u011f\u0131n\u0131 belirterek, platforma ba\u011fl\u0131 posta hizmeti tan\u0131m\u0131 yap\u0131larak, hizmet sunanlara y\u00f6nelik yetkilendirme \u015fartlar\u0131 belirlendi ve mevcut yetkilendirme \u015fartlar\u0131 g\u00fcncellendi\u011fini a\u00e7\u0131klad\u0131.<br \/>\nPandemi d\u00f6neminde zorunluluk haline gelen ve b\u00fcy\u00fcyerek sekt\u00f6rle\u015fen dijital ortamlar \u00fczerinden\u00a0 sunulan kurye hizmetlerine y\u00f6nelik d\u00fczenlemenin t\u00fcketici memnuniyeti ve hizmet kalitesini art\u0131rmay\u0131 ama\u00e7lad\u0131\u011f\u0131n\u0131 belirten Bakan Uralo\u011flu, \u201cBu hizmetler ba\u015flang\u0131\u00e7ta temel g\u0131da \u00fcr\u00fcnlerinin ta\u015f\u0131nmas\u0131 ile ba\u015flad\u0131 ancak giderek geni\u015fledi. Sekt\u00f6rdeki b\u00fcy\u00fcmenin ani olmas\u0131 konuya ili\u015fkin bir d\u00fczenleme yap\u0131lmas\u0131 ihtiyac\u0131n\u0131 do\u011furdu.\u201d ifadelerini kulland\u0131.<\/p>\n<p>G\u00d6NDER\u0130 G\u00dcVENL\u0130\u011e\u0130 G\u00dcVENCE ALTINA ALINACAK<br \/>\nBakan Uralo\u011flu, Avrupa Birli\u011fi (AB) \u00fclkelerinde de benzer hizmetlerin posta sekt\u00f6r\u00fc kapsam\u0131nda de\u011ferlendirildi\u011fine dikkat \u00e7ekerek, \u201cAB \u00f6rneklerinde oldu\u011fu gibi, bu hizmetleri posta sekt\u00f6r\u00fc kapsam\u0131na alarak yetkilendirme ve denetim \u015fartlar\u0131n\u0131 belirledik. B\u00f6ylece hizmet kalitesi, t\u00fcketici memnuniyeti ve g\u00f6nderi g\u00fcvenli\u011fi gibi hususlar\u0131 g\u00fcvence alt\u0131na alaca\u011f\u0131z.\u201d dedi.<br \/>\nYeni d\u00fczenleme ile s\u00f6z konusu hizmeti sunan \u015firketlerin, hizmet kalitesi ve t\u00fcketici memnuniyeti ba\u015fta olmak \u00fczere denetim alt\u0131na al\u0131naca\u011f\u0131n\u0131 belirten Uralo\u011flu, \u201cBu alanda daha \u00f6nce herhangi bir kurum taraf\u0131ndan denetim yap\u0131lm\u0131yordu. \u015eikayetlerin ele al\u0131nmas\u0131nda ciddi problemler ya\u015fan\u0131yordu. \u015eimdi ise yetkilendirme ve denetim \u015fartlar\u0131 sayesinde t\u00fcketici \u015fikayetlerinin azalmas\u0131n\u0131 bekliyoruz.\u201d \u015feklinde konu\u015ftu.<br \/>\n\u00c7ALI\u015eMA SAATLER\u0130NE D\u00dcZENLEME<br \/>\nBakan Uralo\u011flu, yeni d\u00fczenlemenin \u00e7evresel s\u00fcrd\u00fcr\u00fclebilirlik kapsam\u0131nda da \u00f6nemli yenilikler getirdi\u011fini belirterek, \u201cNegatif d\u0131\u015fsall\u0131klar\u0131n en aza indirilmesi i\u00e7in y\u00fck\u00fcml\u00fcl\u00fckler getiriyoruz. Ayr\u0131ca, kuryelerin \u00e7al\u0131\u015fma saatlerinin Bilgi Teknolojileri ve \u0130leti\u015fim Kurumu\u2019na bildirilmesi zorunlulu\u011fu sayesinde mevzuata ayk\u0131r\u0131 \u00e7al\u0131\u015fma saatleri ve buna ba\u011fl\u0131 olumsuzluklar\u0131n \u00f6n\u00fcne ge\u00e7ece\u011fiz.\u201d diye konu\u015ftu. Bakan Uralo\u011flu, d\u00fczenleme ile kay\u0131t d\u0131\u015f\u0131 posta hizmetlerinin \u00f6nlenece\u011fini belirterek, hizmetlerin daha planl\u0131 ve sistemli sunulmas\u0131 sa\u011flanaca\u011f\u0131, b\u00f6ylelikle hem hizmet kalitesi, hem de gerekti\u011finde idari yapt\u0131r\u0131mlar\u0131n uygulanabilece\u011fini kaydetti.\u00a0<\/p>\n<p>\u200bHaberin Al\u0131nt\u0131land\u0131\u011f\u0131 Kaynak: www.iskenderun.org<\/p>","protected":false},"excerpt":{"rendered":"<p>\u0130nternet sitesi, mobil site veya uygulamalar \u00fczerinden sunulan h\u0131zl\u0131 g\u00f6nderi hizmetlerine y\u00f6nelik yeni d\u00fczenlemelerin y\u00fcr\u00fcrl\u00fc\u011fe girdi\u011fini an\u0131msatan Ula\u015ft\u0131rma ve Altyap\u0131 Bakan\u0131 Abdulkadir Uralo\u011flu, kuryelerin \u00e7al\u0131\u015fma saatlerinin Bilgi Teknolojileri ve \u0130leti\u015fim Kurumu\u2019na bildirilmesi zorunlulu\u011fu sayesinde mevzuata ayk\u0131r\u0131 \u00e7al\u0131\u015fma saatleri ve buna ba\u011fl\u0131 olumsuzluklar\u0131n \u00f6n\u00fcne ge\u00e7eceklerini duyurdu.ANKARA (\u0130GFA) &#8211; Posta Sekt\u00f6r\u00fcne \u0130li\u015fkin Yetkilendirme Y\u00f6netmeli\u011finde De\u011fi\u015fiklik Yap\u0131lmas\u0131na Dair Y\u00f6netmelik\u2019in Resmi Gazete\u2019de yay\u0131mlanarak y\u00fcr\u00fcrl\u00fc\u011fe girdi. Ula\u015ft\u0131rma ve Altyap\u0131 Bakan\u0131 Abdulkadir Uralo\u011flu, dijital platformlar \u00fczerinden h\u0131zl\u0131 teslimat hizmeti sunan \u015firketler posta sekt\u00f6r\u00fc kapsam\u0131na al\u0131nd\u0131\u011f\u0131n\u0131 belirterek, platforma ba\u011fl\u0131 posta hizmeti tan\u0131m\u0131 yap\u0131larak, hizmet sunanlara y\u00f6nelik yetkilendirme \u015fartlar\u0131 belirlendi ve mevcut yetkilendirme \u015fartlar\u0131 g\u00fcncellendi\u011fini a\u00e7\u0131klad\u0131. Pandemi d\u00f6neminde zorunluluk haline gelen ve b\u00fcy\u00fcyerek sekt\u00f6rle\u015fen dijital ortamlar \u00fczerinden\u00a0 sunulan kurye hizmetlerine y\u00f6nelik d\u00fczenlemenin t\u00fcketici memnuniyeti ve hizmet kalitesini art\u0131rmay\u0131 ama\u00e7lad\u0131\u011f\u0131n\u0131 belirten Bakan Uralo\u011flu, \u201cBu hizmetler ba\u015flang\u0131\u00e7ta temel g\u0131da \u00fcr\u00fcnlerinin ta\u015f\u0131nmas\u0131 ile ba\u015flad\u0131 ancak giderek geni\u015fledi. Sekt\u00f6rdeki b\u00fcy\u00fcmenin ani olmas\u0131 konuya ili\u015fkin bir d\u00fczenleme yap\u0131lmas\u0131 ihtiyac\u0131n\u0131 do\u011furdu.\u201d ifadelerini kulland\u0131. G\u00d6NDER\u0130 G\u00dcVENL\u0130\u011e\u0130 G\u00dcVENCE ALTINA ALINACAK Bakan Uralo\u011flu, Avrupa Birli\u011fi (AB) \u00fclkelerinde de benzer hizmetlerin posta sekt\u00f6r\u00fc kapsam\u0131nda de\u011ferlendirildi\u011fine dikkat \u00e7ekerek, \u201cAB \u00f6rneklerinde oldu\u011fu gibi, bu hizmetleri posta sekt\u00f6r\u00fc kapsam\u0131na alarak yetkilendirme ve denetim \u015fartlar\u0131n\u0131 belirledik. B\u00f6ylece hizmet kalitesi, t\u00fcketici memnuniyeti ve g\u00f6nderi g\u00fcvenli\u011fi gibi hususlar\u0131 g\u00fcvence alt\u0131na alaca\u011f\u0131z.\u201d dedi. Yeni d\u00fczenleme &hellip;<\/p>","protected":false},"author":1,"featured_media":0,"comment_status":"open","ping_status":"open","sticky":false,"template":"","format":"standard","meta":{"_acf_changed":false,"footnotes":""},"categories":[24],"tags":[],"class_list":["post-35179","post","type-post","status-publish","format-standard","has-post-thumbnail","hentry","category-gundem"],"acf":[],"yoast_head":"<!-- This site is optimized with the Yoast SEO Premium plugin v26.6 (Yoast SEO v27.1.1) - https:\/\/yoast.com\/product\/yoast-seo-premium-wordpress\/ -->\n<title>Kurye hizmetleri posta sekt\u00f6r\u00fcne dahil oldu... Kuryede yeni d\u00f6nem ba\u015flad\u0131 - Av. Deniz Can K\u0131z\u0131l<\/title>\n<meta name=\"robots\" content=\"index, follow, max-snippet:-1, max-image-preview:large, max-video-preview:-1\" \/>\n<link rel=\"canonical\" href=\"http:\/\/denizcankizil.tr\/en\/haberler\/gundem\/kurye-hizmetleri-posta-sektorune-dahil-oldu-kuryede-yeni-donem-basladi\/\" \/>\n<meta property=\"og:locale\" content=\"en_GB\" \/>\n<meta property=\"og:type\" content=\"article\" \/>\n<meta property=\"og:title\" content=\"Kurye hizmetleri posta sekt\u00f6r\u00fcne dahil oldu... Kuryede yeni d\u00f6nem ba\u015flad\u0131\" \/>\n<meta property=\"og:description\" content=\"\u0130nternet sitesi, mobil site veya uygulamalar \u00fczerinden sunulan h\u0131zl\u0131 g\u00f6nderi hizmetlerine y\u00f6nelik yeni d\u00fczenlemelerin y\u00fcr\u00fcrl\u00fc\u011fe girdi\u011fini an\u0131msatan Ula\u015ft\u0131rma ve Altyap\u0131 Bakan\u0131 Abdulkadir Uralo\u011flu, kuryelerin \u00e7al\u0131\u015fma saatlerinin Bilgi Teknolojileri ve \u0130leti\u015fim Kurumu\u2019na bildirilmesi zorunlulu\u011fu sayesinde mevzuata ayk\u0131r\u0131 \u00e7al\u0131\u015fma saatleri ve buna ba\u011fl\u0131 olumsuzluklar\u0131n \u00f6n\u00fcne ge\u00e7eceklerini duyurdu.ANKARA (\u0130GFA) &#8211; Posta Sekt\u00f6r\u00fcne \u0130li\u015fkin Yetkilendirme Y\u00f6netmeli\u011finde De\u011fi\u015fiklik Yap\u0131lmas\u0131na Dair Y\u00f6netmelik\u2019in Resmi Gazete\u2019de yay\u0131mlanarak y\u00fcr\u00fcrl\u00fc\u011fe girdi. Ula\u015ft\u0131rma ve Altyap\u0131 Bakan\u0131 Abdulkadir Uralo\u011flu, dijital platformlar \u00fczerinden h\u0131zl\u0131 teslimat hizmeti sunan \u015firketler posta sekt\u00f6r\u00fc kapsam\u0131na al\u0131nd\u0131\u011f\u0131n\u0131 belirterek, platforma ba\u011fl\u0131 posta hizmeti tan\u0131m\u0131 yap\u0131larak, hizmet sunanlara y\u00f6nelik yetkilendirme \u015fartlar\u0131 belirlendi ve mevcut yetkilendirme \u015fartlar\u0131 g\u00fcncellendi\u011fini a\u00e7\u0131klad\u0131. Pandemi d\u00f6neminde zorunluluk haline gelen ve b\u00fcy\u00fcyerek sekt\u00f6rle\u015fen dijital ortamlar \u00fczerinden\u00a0 sunulan kurye hizmetlerine y\u00f6nelik d\u00fczenlemenin t\u00fcketici memnuniyeti ve hizmet kalitesini art\u0131rmay\u0131 ama\u00e7lad\u0131\u011f\u0131n\u0131 belirten Bakan Uralo\u011flu, \u201cBu hizmetler ba\u015flang\u0131\u00e7ta temel g\u0131da \u00fcr\u00fcnlerinin ta\u015f\u0131nmas\u0131 ile ba\u015flad\u0131 ancak giderek geni\u015fledi. Sekt\u00f6rdeki b\u00fcy\u00fcmenin ani olmas\u0131 konuya ili\u015fkin bir d\u00fczenleme yap\u0131lmas\u0131 ihtiyac\u0131n\u0131 do\u011furdu.\u201d ifadelerini kulland\u0131. G\u00d6NDER\u0130 G\u00dcVENL\u0130\u011e\u0130 G\u00dcVENCE ALTINA ALINACAK Bakan Uralo\u011flu, Avrupa Birli\u011fi (AB) \u00fclkelerinde de benzer hizmetlerin posta sekt\u00f6r\u00fc kapsam\u0131nda de\u011ferlendirildi\u011fine dikkat \u00e7ekerek, \u201cAB \u00f6rneklerinde oldu\u011fu gibi, bu hizmetleri posta sekt\u00f6r\u00fc kapsam\u0131na alarak yetkilendirme ve denetim \u015fartlar\u0131n\u0131 belirledik. B\u00f6ylece hizmet kalitesi, t\u00fcketici memnuniyeti ve g\u00f6nderi g\u00fcvenli\u011fi gibi hususlar\u0131 g\u00fcvence alt\u0131na alaca\u011f\u0131z.\u201d dedi. Yeni d\u00fczenleme &hellip;\" \/>\n<meta property=\"og:url\" content=\"http:\/\/denizcankizil.tr\/en\/haberler\/gundem\/kurye-hizmetleri-posta-sektorune-dahil-oldu-kuryede-yeni-donem-basladi\/\" \/>\n<meta property=\"og:site_name\" content=\"Av. Deniz Can K\u0131z\u0131l\" \/>\n<meta property=\"article:published_time\" content=\"2025-03-09T14:41:33+00:00\" \/>\n<meta name=\"author\" content=\"admin\" \/>\n<meta name=\"twitter:card\" content=\"summary_large_image\" \/>\n<meta name=\"twitter:label1\" content=\"Written by\" \/>\n\t<meta name=\"twitter:data1\" content=\"admin\" \/>\n\t<meta name=\"twitter:label2\" content=\"Estimated reading time\" \/>\n\t<meta name=\"twitter:data2\" content=\"5 minutes\" \/>\n<script type=\"application\/ld+json\" class=\"yoast-schema-graph\">{\"@context\":\"https:\/\/schema.org\",\"@graph\":[{\"@type\":\"Article\",\"@id\":\"http:\/\/denizcankizil.tr\/en\/haberler\/gundem\/kurye-hizmetleri-posta-sektorune-dahil-oldu-kuryede-yeni-donem-basladi\/#article\",\"isPartOf\":{\"@id\":\"http:\/\/denizcankizil.tr\/en\/haberler\/gundem\/kurye-hizmetleri-posta-sektorune-dahil-oldu-kuryede-yeni-donem-basladi\/\"},\"author\":{\"name\":\"admin\",\"@id\":\"https:\/\/denizcankizil.tr\/#\/schema\/person\/be3c05fe6a12686905512445d8185489\"},\"headline\":\"Kurye hizmetleri posta sekt\u00f6r\u00fcne dahil oldu&#8230; Kuryede yeni d\u00f6nem ba\u015flad\u0131\",\"datePublished\":\"2025-03-09T14:41:33+00:00\",\"mainEntityOfPage\":{\"@id\":\"http:\/\/denizcankizil.tr\/en\/haberler\/gundem\/kurye-hizmetleri-posta-sektorune-dahil-oldu-kuryede-yeni-donem-basladi\/\"},\"wordCount\":992,\"commentCount\":0,\"publisher\":{\"@id\":\"https:\/\/denizcankizil.tr\/#organization\"},\"articleSection\":[\"G\u00fcndem\"],\"inLanguage\":\"en-GB\",\"potentialAction\":[{\"@type\":\"CommentAction\",\"name\":\"Comment\",\"target\":[\"http:\/\/denizcankizil.tr\/en\/haberler\/gundem\/kurye-hizmetleri-posta-sektorune-dahil-oldu-kuryede-yeni-donem-basladi\/#respond\"]}]},{\"@type\":\"WebPage\",\"@id\":\"http:\/\/denizcankizil.tr\/en\/haberler\/gundem\/kurye-hizmetleri-posta-sektorune-dahil-oldu-kuryede-yeni-donem-basladi\/\",\"url\":\"http:\/\/denizcankizil.tr\/en\/haberler\/gundem\/kurye-hizmetleri-posta-sektorune-dahil-oldu-kuryede-yeni-donem-basladi\/\",\"name\":\"Kurye hizmetleri posta sekt\u00f6r\u00fcne dahil oldu... Kuryede yeni d\u00f6nem ba\u015flad\u0131 - Av. Deniz Can K\u0131z\u0131l\",\"isPartOf\":{\"@id\":\"https:\/\/denizcankizil.tr\/#website\"},\"datePublished\":\"2025-03-09T14:41:33+00:00\",\"breadcrumb\":{\"@id\":\"http:\/\/denizcankizil.tr\/en\/haberler\/gundem\/kurye-hizmetleri-posta-sektorune-dahil-oldu-kuryede-yeni-donem-basladi\/#breadcrumb\"},\"inLanguage\":\"en-GB\",\"potentialAction\":[{\"@type\":\"ReadAction\",\"target\":[\"http:\/\/denizcankizil.tr\/en\/haberler\/gundem\/kurye-hizmetleri-posta-sektorune-dahil-oldu-kuryede-yeni-donem-basladi\/\"]}]},{\"@type\":\"BreadcrumbList\",\"@id\":\"http:\/\/denizcankizil.tr\/en\/haberler\/gundem\/kurye-hizmetleri-posta-sektorune-dahil-oldu-kuryede-yeni-donem-basladi\/#breadcrumb\",\"itemListElement\":[{\"@type\":\"ListItem\",\"position\":1,\"name\":\"Home\",\"item\":\"https:\/\/denizcankizil.tr\/uk\/\"},{\"@type\":\"ListItem\",\"position\":2,\"name\":\"Kurye hizmetleri posta sekt\u00f6r\u00fcne dahil oldu&#8230; Kuryede yeni d\u00f6nem ba\u015flad\u0131\"}]},{\"@type\":\"WebSite\",\"@id\":\"https:\/\/denizcankizil.tr\/#website\",\"url\":\"https:\/\/denizcankizil.tr\/\",\"name\":\"Av. Deniz Can K\u0131z\u0131l\",\"description\":\"Avukat Deniz Can K\u0131z\u0131l Antalya Barosu\",\"publisher\":{\"@id\":\"https:\/\/denizcankizil.tr\/#organization\"},\"potentialAction\":[{\"@type\":\"SearchAction\",\"target\":{\"@type\":\"EntryPoint\",\"urlTemplate\":\"https:\/\/denizcankizil.tr\/?s={search_term_string}\"},\"query-input\":{\"@type\":\"PropertyValueSpecification\",\"valueRequired\":true,\"valueName\":\"search_term_string\"}}],\"inLanguage\":\"en-GB\"},{\"@type\":\"Organization\",\"@id\":\"https:\/\/denizcankizil.tr\/#organization\",\"name\":\"Av. Deniz Can K\u0131z\u0131l\",\"url\":\"https:\/\/denizcankizil.tr\/\",\"logo\":{\"@type\":\"ImageObject\",\"inLanguage\":\"en-GB\",\"@id\":\"https:\/\/denizcankizil.tr\/#\/schema\/logo\/image\/\",\"url\":\"http:\/\/denizcankizil.tr\/wp-content\/uploads\/2024\/10\/siyah-logo-svg.svg\",\"contentUrl\":\"http:\/\/denizcankizil.tr\/wp-content\/uploads\/2024\/10\/siyah-logo-svg.svg\",\"width\":1080,\"height\":1080,\"caption\":\"Av. Deniz Can K\u0131z\u0131l\"},\"image\":{\"@id\":\"https:\/\/denizcankizil.tr\/#\/schema\/logo\/image\/\"}},{\"@type\":\"Person\",\"@id\":\"https:\/\/denizcankizil.tr\/#\/schema\/person\/be3c05fe6a12686905512445d8185489\",\"name\":\"admin\",\"image\":{\"@type\":\"ImageObject\",\"inLanguage\":\"en-GB\",\"@id\":\"https:\/\/denizcankizil.tr\/#\/schema\/person\/image\/\",\"url\":\"https:\/\/secure.gravatar.com\/avatar\/c1fce94c830dc79107e174f890d7210541c4a63e8e5d816341794a2151c9d58c?s=96&d=mm&r=g\",\"contentUrl\":\"https:\/\/secure.gravatar.com\/avatar\/c1fce94c830dc79107e174f890d7210541c4a63e8e5d816341794a2151c9d58c?s=96&d=mm&r=g\",\"caption\":\"admin\"},\"sameAs\":[\"http:\/\/denizcankizil.tr\"],\"url\":\"https:\/\/www.iskenderun.org\/kurye-hizmetleri-posta-sektorune-dahil-oldu-kuryede-yeni-donem-basladi\"}]}<\/script>\n<!-- \/ Yoast SEO Premium plugin. -->","yoast_head_json":{"title":"Kurye hizmetleri posta sekt\u00f6r\u00fcne dahil oldu... Kuryede yeni d\u00f6nem ba\u015flad\u0131 - Av. Deniz Can K\u0131z\u0131l","robots":{"index":"index","follow":"follow","max-snippet":"max-snippet:-1","max-image-preview":"max-image-preview:large","max-video-preview":"max-video-preview:-1"},"canonical":"http:\/\/denizcankizil.tr\/en\/haberler\/gundem\/kurye-hizmetleri-posta-sektorune-dahil-oldu-kuryede-yeni-donem-basladi\/","og_locale":"en_GB","og_type":"article","og_title":"Kurye hizmetleri posta sekt\u00f6r\u00fcne dahil oldu... Kuryede yeni d\u00f6nem ba\u015flad\u0131","og_description":"\u0130nternet sitesi, mobil site veya uygulamalar \u00fczerinden sunulan h\u0131zl\u0131 g\u00f6nderi hizmetlerine y\u00f6nelik yeni d\u00fczenlemelerin y\u00fcr\u00fcrl\u00fc\u011fe girdi\u011fini an\u0131msatan Ula\u015ft\u0131rma ve Altyap\u0131 Bakan\u0131 Abdulkadir Uralo\u011flu, kuryelerin \u00e7al\u0131\u015fma saatlerinin Bilgi Teknolojileri ve \u0130leti\u015fim Kurumu\u2019na bildirilmesi zorunlulu\u011fu sayesinde mevzuata ayk\u0131r\u0131 \u00e7al\u0131\u015fma saatleri ve buna ba\u011fl\u0131 olumsuzluklar\u0131n \u00f6n\u00fcne ge\u00e7eceklerini duyurdu.ANKARA (\u0130GFA) &#8211; Posta Sekt\u00f6r\u00fcne \u0130li\u015fkin Yetkilendirme Y\u00f6netmeli\u011finde De\u011fi\u015fiklik Yap\u0131lmas\u0131na Dair Y\u00f6netmelik\u2019in Resmi Gazete\u2019de yay\u0131mlanarak y\u00fcr\u00fcrl\u00fc\u011fe girdi. Ula\u015ft\u0131rma ve Altyap\u0131 Bakan\u0131 Abdulkadir Uralo\u011flu, dijital platformlar \u00fczerinden h\u0131zl\u0131 teslimat hizmeti sunan \u015firketler posta sekt\u00f6r\u00fc kapsam\u0131na al\u0131nd\u0131\u011f\u0131n\u0131 belirterek, platforma ba\u011fl\u0131 posta hizmeti tan\u0131m\u0131 yap\u0131larak, hizmet sunanlara y\u00f6nelik yetkilendirme \u015fartlar\u0131 belirlendi ve mevcut yetkilendirme \u015fartlar\u0131 g\u00fcncellendi\u011fini a\u00e7\u0131klad\u0131. Pandemi d\u00f6neminde zorunluluk haline gelen ve b\u00fcy\u00fcyerek sekt\u00f6rle\u015fen dijital ortamlar \u00fczerinden\u00a0 sunulan kurye hizmetlerine y\u00f6nelik d\u00fczenlemenin t\u00fcketici memnuniyeti ve hizmet kalitesini art\u0131rmay\u0131 ama\u00e7lad\u0131\u011f\u0131n\u0131 belirten Bakan Uralo\u011flu, \u201cBu hizmetler ba\u015flang\u0131\u00e7ta temel g\u0131da \u00fcr\u00fcnlerinin ta\u015f\u0131nmas\u0131 ile ba\u015flad\u0131 ancak giderek geni\u015fledi. Sekt\u00f6rdeki b\u00fcy\u00fcmenin ani olmas\u0131 konuya ili\u015fkin bir d\u00fczenleme yap\u0131lmas\u0131 ihtiyac\u0131n\u0131 do\u011furdu.\u201d ifadelerini kulland\u0131. G\u00d6NDER\u0130 G\u00dcVENL\u0130\u011e\u0130 G\u00dcVENCE ALTINA ALINACAK Bakan Uralo\u011flu, Avrupa Birli\u011fi (AB) \u00fclkelerinde de benzer hizmetlerin posta sekt\u00f6r\u00fc kapsam\u0131nda de\u011ferlendirildi\u011fine dikkat \u00e7ekerek, \u201cAB \u00f6rneklerinde oldu\u011fu gibi, bu hizmetleri posta sekt\u00f6r\u00fc kapsam\u0131na alarak yetkilendirme ve denetim \u015fartlar\u0131n\u0131 belirledik. B\u00f6ylece hizmet kalitesi, t\u00fcketici memnuniyeti ve g\u00f6nderi g\u00fcvenli\u011fi gibi hususlar\u0131 g\u00fcvence alt\u0131na alaca\u011f\u0131z.\u201d dedi. Yeni d\u00fczenleme &hellip;","og_url":"http:\/\/denizcankizil.tr\/en\/haberler\/gundem\/kurye-hizmetleri-posta-sektorune-dahil-oldu-kuryede-yeni-donem-basladi\/","og_site_name":"Av. Deniz Can K\u0131z\u0131l","article_published_time":"2025-03-09T14:41:33+00:00","author":"admin","twitter_card":"summary_large_image","twitter_misc":{"Written by":"admin","Estimated reading time":"5 minutes"},"schema":{"@context":"https:\/\/schema.org","@graph":[{"@type":"Article","@id":"http:\/\/denizcankizil.tr\/en\/haberler\/gundem\/kurye-hizmetleri-posta-sektorune-dahil-oldu-kuryede-yeni-donem-basladi\/#article","isPartOf":{"@id":"http:\/\/denizcankizil.tr\/en\/haberler\/gundem\/kurye-hizmetleri-posta-sektorune-dahil-oldu-kuryede-yeni-donem-basladi\/"},"author":{"name":"admin","@id":"https:\/\/denizcankizil.tr\/#\/schema\/person\/be3c05fe6a12686905512445d8185489"},"headline":"Kurye hizmetleri posta sekt\u00f6r\u00fcne dahil oldu&#8230; Kuryede yeni d\u00f6nem ba\u015flad\u0131","datePublished":"2025-03-09T14:41:33+00:00","mainEntityOfPage":{"@id":"http:\/\/denizcankizil.tr\/en\/haberler\/gundem\/kurye-hizmetleri-posta-sektorune-dahil-oldu-kuryede-yeni-donem-basladi\/"},"wordCount":992,"commentCount":0,"publisher":{"@id":"https:\/\/denizcankizil.tr\/#organization"},"articleSection":["G\u00fcndem"],"inLanguage":"en-GB","potentialAction":[{"@type":"CommentAction","name":"Comment","target":["http:\/\/denizcankizil.tr\/en\/haberler\/gundem\/kurye-hizmetleri-posta-sektorune-dahil-oldu-kuryede-yeni-donem-basladi\/#respond"]}]},{"@type":"WebPage","@id":"http:\/\/denizcankizil.tr\/en\/haberler\/gundem\/kurye-hizmetleri-posta-sektorune-dahil-oldu-kuryede-yeni-donem-basladi\/","url":"http:\/\/denizcankizil.tr\/en\/haberler\/gundem\/kurye-hizmetleri-posta-sektorune-dahil-oldu-kuryede-yeni-donem-basladi\/","name":"Kurye hizmetleri posta sekt\u00f6r\u00fcne dahil oldu... Kuryede yeni d\u00f6nem ba\u015flad\u0131 - Av. Deniz Can K\u0131z\u0131l","isPartOf":{"@id":"https:\/\/denizcankizil.tr\/#website"},"datePublished":"2025-03-09T14:41:33+00:00","breadcrumb":{"@id":"http:\/\/denizcankizil.tr\/en\/haberler\/gundem\/kurye-hizmetleri-posta-sektorune-dahil-oldu-kuryede-yeni-donem-basladi\/#breadcrumb"},"inLanguage":"en-GB","potentialAction":[{"@type":"ReadAction","target":["http:\/\/denizcankizil.tr\/en\/haberler\/gundem\/kurye-hizmetleri-posta-sektorune-dahil-oldu-kuryede-yeni-donem-basladi\/"]}]},{"@type":"BreadcrumbList","@id":"http:\/\/denizcankizil.tr\/en\/haberler\/gundem\/kurye-hizmetleri-posta-sektorune-dahil-oldu-kuryede-yeni-donem-basladi\/#breadcrumb","itemListElement":[{"@type":"ListItem","position":1,"name":"Home","item":"https:\/\/denizcankizil.tr\/uk\/"},{"@type":"ListItem","position":2,"name":"Kurye hizmetleri posta sekt\u00f6r\u00fcne dahil oldu&#8230; Kuryede yeni d\u00f6nem ba\u015flad\u0131"}]},{"@type":"WebSite","@id":"https:\/\/denizcankizil.tr\/#website","url":"https:\/\/denizcankizil.tr\/","name":"Av. Deniz Can K\u0131z\u0131l","description":"Avukat Deniz Can K\u0131z\u0131l Antalya Barosu","publisher":{"@id":"https:\/\/denizcankizil.tr\/#organization"},"potentialAction":[{"@type":"SearchAction","target":{"@type":"EntryPoint","urlTemplate":"https:\/\/denizcankizil.tr\/?s={search_term_string}"},"query-input":{"@type":"PropertyValueSpecification","valueRequired":true,"valueName":"search_term_string"}}],"inLanguage":"en-GB"},{"@type":"Organization","@id":"https:\/\/denizcankizil.tr\/#organization","name":"Av. Deniz Can K\u0131z\u0131l","url":"https:\/\/denizcankizil.tr\/","logo":{"@type":"ImageObject","inLanguage":"en-GB","@id":"https:\/\/denizcankizil.tr\/#\/schema\/logo\/image\/","url":"http:\/\/denizcankizil.tr\/wp-content\/uploads\/2024\/10\/siyah-logo-svg.svg","contentUrl":"http:\/\/denizcankizil.tr\/wp-content\/uploads\/2024\/10\/siyah-logo-svg.svg","width":1080,"height":1080,"caption":"Av. Deniz Can K\u0131z\u0131l"},"image":{"@id":"https:\/\/denizcankizil.tr\/#\/schema\/logo\/image\/"}},{"@type":"Person","@id":"https:\/\/denizcankizil.tr\/#\/schema\/person\/be3c05fe6a12686905512445d8185489","name":"admin","image":{"@type":"ImageObject","inLanguage":"en-GB","@id":"https:\/\/denizcankizil.tr\/#\/schema\/person\/image\/","url":"https:\/\/secure.gravatar.com\/avatar\/c1fce94c830dc79107e174f890d7210541c4a63e8e5d816341794a2151c9d58c?s=96&d=mm&r=g","contentUrl":"https:\/\/secure.gravatar.com\/avatar\/c1fce94c830dc79107e174f890d7210541c4a63e8e5d816341794a2151c9d58c?s=96&d=mm&r=g","caption":"admin"},"sameAs":["http:\/\/denizcankizil.tr"],"url":"https:\/\/www.iskenderun.org\/kurye-hizmetleri-posta-sektorune-dahil-oldu-kuryede-yeni-donem-basladi"}]}},"_links":{"self":[{"href":"http:\/\/denizcankizil.tr\/en\/wp-json\/wp\/v2\/posts\/35179","targetHints":{"allow":["GET"]}}],"collection":[{"href":"http:\/\/denizcankizil.tr\/en\/wp-json\/wp\/v2\/posts"}],"about":[{"href":"http:\/\/denizcankizil.tr\/en\/wp-json\/wp\/v2\/types\/post"}],"author":[{"embeddable":true,"href":"http:\/\/denizcankizil.tr\/en\/wp-json\/wp\/v2\/users\/1"}],"replies":[{"embeddable":true,"href":"http:\/\/denizcankizil.tr\/en\/wp-json\/wp\/v2\/comments?post=35179"}],"version-history":[{"count":0,"href":"http:\/\/denizcankizil.tr\/en\/wp-json\/wp\/v2\/posts\/35179\/revisions"}],"wp:attachment":[{"href":"http:\/\/denizcankizil.tr\/en\/wp-json\/wp\/v2\/media?parent=35179"}],"wp:term":[{"taxonomy":"category","embeddable":true,"href":"http:\/\/denizcankizil.tr\/en\/wp-json\/wp\/v2\/categories?post=35179"},{"taxonomy":"post_tag","embeddable":true,"href":"http:\/\/denizcankizil.tr\/en\/wp-json\/wp\/v2\/tags?post=35179"}],"curies":[{"name":"wp","href":"https:\/\/api.w.org\/{rel}","templated":true}]}}