{"id":35002,"date":"2025-03-07T12:42:02","date_gmt":"2025-03-07T09:42:02","guid":{"rendered":"https:\/\/denizcankizil.tr\/uncategorized-tr\/vedat-milora-kent-lokantasi-sorusturmasi\/"},"modified":"2025-03-07T12:42:02","modified_gmt":"2025-03-07T09:42:02","slug":"vedat-milora-kent-lokantasi-sorusturmasi","status":"publish","type":"post","link":"http:\/\/denizcankizil.tr\/en\/haberler\/gundem\/vedat-milora-kent-lokantasi-sorusturmasi\/","title":{"rendered":"Vedat Milor&#8217;a &#8216;Kent Lokantas\u0131&#8217; soru\u015fturmas\u0131"},"content":{"rendered":"<p>Yemek ele\u015ftirmeni ve sosyolog Vedat Milor&#8217;un, Ocak ay\u0131nda \u0130stanbul B\u00fcy\u00fck\u015fehir Belediyesi&#8217;ne ba\u011fl\u0131 \u00dcsk\u00fcdar Kent Lokantas\u0131n\u0131 ziyaret etmesi ve bu deneyimini YouTube hesab\u0131ndan payla\u015fmas\u0131, Ticaret Bakanl\u0131\u011f\u0131 taraf\u0131ndan &#8220;\u00f6rt\u00fcl\u00fc reklam&#8221; iddias\u0131yla inceleme ba\u015flat\u0131lmas\u0131na yol a\u00e7t\u0131.\u0130STANBUL (\u0130GFA) &#8211; Ticaret Bakanl\u0131\u011f\u0131&#8217;na ba\u011fl\u0131 T\u00fcketicinin Korunmas\u0131 ve Piyasa G\u00f6zetimi Genel M\u00fcd\u00fcrl\u00fc\u011f\u00fc, Vedat Milor&#8217;un YouTube kanal\u0131nda yay\u0131nlad\u0131\u011f\u0131 &#8220;40 Liraya 4 \u00e7e\u015fit yemek: Bu fiyat ger\u00e7ek mi?&#8221; ba\u015fl\u0131kl\u0131 videoyu Ticari Reklam ve Haks\u0131z Ticari Uygulamalar Y\u00f6netmeli\u011fi&#8217;ne ayk\u0131r\u0131l\u0131k te\u015fkil etti\u011fini \u00f6ne s\u00fcrerek, mercek alt\u0131na ald\u0131.<br \/>\nBakanl\u0131k, inceleme kapsam\u0131nda Milor&#8217;dan, &#8220;Kent Lokantas\u0131&#8221; ile herhangi bir reklam anla\u015fmas\u0131 yap\u0131p yapmad\u0131\u011f\u0131na dair belgeleri, videonun ba\u015fka medya organlar\u0131nda yay\u0131nlan\u0131p yay\u0131nlanmad\u0131\u011f\u0131n\u0131 ve gelir durumunu g\u00f6steren evraklar\u0131 talep etti.\u00a0<br \/>\nTalep yaz\u0131s\u0131nda, &#8220;S\u00f6z konusu tan\u0131t\u0131mlar\u0131n ba\u015fka mecra kurulu\u015flar\u0131nda yay\u0131mlan\u0131p yay\u0131mlanmad\u0131\u011f\u0131, yay\u0131mland\u0131 ise hangi mecra kurulu\u015flar\u0131nda ve hangi tarihlerde yay\u0131mland\u0131\u011f\u0131n\u0131n bilinmesina, yaz\u0131l\u0131 bas\u0131nda yay\u0131mlanm\u0131\u015f olanlar\u0131n as\u0131llar\u0131na, s\u00f6zl\u00fc ve g\u00f6rsel bas\u0131nda yay\u0131mlananlara ait ses ve g\u00f6r\u00fcnt\u00fc kay\u0131tlar\u0131na, ba\u011fl\u0131 bulundu\u011funuz Vergi Dairesi\u2019nin ad\u0131 ile varsa kurulu\u015funuzun vergi kimlik numaras\u0131na, varsa kay\u0131tl\u0131 elektronik posta(KEP) adresine, \u015eahs\u0131n\u0131za ait resmi tebligat adres bilgisi ile varsa kurulu\u015funuzun a\u00e7\u0131k unvan\u0131, kay\u0131tl\u0131 olunan meslek odas\u0131 faaliyet belgesi ile \u015firket ana s\u00f6zle\u015fmesinin birer \u00f6rne\u011fine, gelir durumunuzu g\u00f6sterir belge (son tarihli y\u0131ll\u0131k vergi beyan\u0131 ile eki gelir tablosu, bilan\u00e7o vb.) \u00f6rne\u011fine ihtiya\u00e7 duyulmaktad\u0131r&#8221; ifadeleri kullan\u0131ld\u0131.<br \/>\nKENT LOKANTASINI \u00d6VME GEREK\u00c7E G\u00d6STER\u0130LD\u0130<br \/>\nTicaret Bakanl\u0131\u011f\u0131&#8217;na g\u00f6re, Milor&#8217;un videosunda Kent Lokantas\u0131&#8217;na dair olumlu ifadeler ve lokanta hakk\u0131nda detayl\u0131 bilgiler yer almas\u0131, bunun bir &#8220;\u00f6rt\u00fcl\u00fc reklam&#8221; niteli\u011fini ta\u015f\u0131yabilece\u011fi \u015feklinde de\u011ferlendirildi.Bakanl\u0131k soru\u015fturmas\u0131na gerek\u00e7e olarak, bir sosyal medya i\u00e7eri\u011finin ticari reklam say\u0131labilmesi i\u00e7in i\u00e7eri\u011fi yay\u0131nlayan ki\u015finin maddi veya ayni bir fayda sa\u011flam\u0131\u015f olmas\u0131 \u015fart\u0131n\u0131 gerek\u00e7e g\u00f6sterdi.\u00a0<br \/>\nM\u0130LOR\u2019A \u0130DAR\u0130 YAPTIRIM UYGULANAB\u0130L\u0130R<br \/>\nTicaret Bakanl\u0131\u011f\u0131, inceleme sonunda Milor&#8217;un videosunun &#8220;\u00f6rt\u00fcl\u00fc reklam&#8221; say\u0131l\u0131p say\u0131lmayaca\u011f\u0131na karar verecek. E\u011fer video &#8220;ticari reklam&#8221; olarak nitelendirilirse, Milor&#8217;a idari yapt\u0131r\u0131m uygulanmas\u0131 s\u00f6z konusu olabilecek.<br \/>\nHat\u0131rlanaca\u011f\u0131 gibi Vedat Milor, \u0130stanbul Planlama Ajans\u0131 Ba\u015fkan\u0131 Bu\u011fra G\u00f6k\u00e7e ile birlikte ger\u00e7ekle\u015ftirdi\u011fi ziyaretin ard\u0131ndan dile getirilen benzer iddialarla ilgili sosyal medya hesab\u0131ndan yapt\u0131\u011f\u0131 a\u00e7\u0131klamada, Kent Lokantas\u0131 ziyaretinin tamamen kendi inisiyatifiyle ger\u00e7ekle\u015fti\u011fini ve herhangi bir kurulu\u015ftan \u00f6deme almad\u0131\u011f\u0131n\u0131 vurgulam\u0131\u015f, &#8220;Hem bir yemek ele\u015ftirmeni hem de bir sosyolog olarak bu hizmeti gastronomik ve sosyolojik a\u00e7\u0131dan de\u011ferlendirmek istedim. Hi\u00e7bir kurumdan \u00f6deme almad\u0131m. Bundan sonra bu t\u00fcr as\u0131ls\u0131z iftiralar kar\u015f\u0131s\u0131nda hukuki yollara ba\u015fvuraca\u011f\u0131m.&#8221; ifadelerini kullanm\u0131\u015ft\u0131.<\/p>\n<p>\u200bYemek ele\u015ftirmeni ve sosyolog Vedat Milor&#8217;un, Ocak ay\u0131nda \u0130stanbul B\u00fcy\u00fck\u015fehir Belediyesi&#8217;ne ba\u011fl\u0131 \u00dcsk\u00fcdar Kent Lokantas\u0131n\u0131 ziyaret etmesi ve bu deneyimini YouTube hesab\u0131ndan payla\u015fmas\u0131, Ticaret Bakanl\u0131\u011f\u0131 taraf\u0131ndan &#8220;\u00f6rt\u00fcl\u00fc reklam&#8221; iddias\u0131yla inceleme ba\u015flat\u0131lmas\u0131na yol a\u00e7t\u0131.\u0130STANBUL (\u0130GFA) &#8211; Ticaret Bakanl\u0131\u011f\u0131&#8217;na ba\u011fl\u0131 T\u00fcketicinin Korunmas\u0131 ve Piyasa G\u00f6zetimi Genel M\u00fcd\u00fcrl\u00fc\u011f\u00fc, Vedat Milor&#8217;un YouTube kanal\u0131nda yay\u0131nlad\u0131\u011f\u0131 &#8220;40 Liraya 4 \u00e7e\u015fit yemek: Bu fiyat ger\u00e7ek mi?&#8221; ba\u015fl\u0131kl\u0131 videoyu Ticari Reklam ve Haks\u0131z Ticari Uygulamalar Y\u00f6netmeli\u011fi&#8217;ne ayk\u0131r\u0131l\u0131k te\u015fkil etti\u011fini \u00f6ne s\u00fcrerek, mercek alt\u0131na ald\u0131.<br \/>\nBakanl\u0131k, inceleme kapsam\u0131nda Milor&#8217;dan, &#8220;Kent Lokantas\u0131&#8221; ile herhangi bir reklam anla\u015fmas\u0131 yap\u0131p yapmad\u0131\u011f\u0131na dair belgeleri, videonun ba\u015fka medya organlar\u0131nda yay\u0131nlan\u0131p yay\u0131nlanmad\u0131\u011f\u0131n\u0131 ve gelir durumunu g\u00f6steren evraklar\u0131 talep etti.\u00a0<br \/>\nTalep yaz\u0131s\u0131nda, &#8220;S\u00f6z konusu tan\u0131t\u0131mlar\u0131n ba\u015fka mecra kurulu\u015flar\u0131nda yay\u0131mlan\u0131p yay\u0131mlanmad\u0131\u011f\u0131, yay\u0131mland\u0131 ise hangi mecra kurulu\u015flar\u0131nda ve hangi tarihlerde yay\u0131mland\u0131\u011f\u0131n\u0131n bilinmesina, yaz\u0131l\u0131 bas\u0131nda yay\u0131mlanm\u0131\u015f olanlar\u0131n as\u0131llar\u0131na, s\u00f6zl\u00fc ve g\u00f6rsel bas\u0131nda yay\u0131mlananlara ait ses ve g\u00f6r\u00fcnt\u00fc kay\u0131tlar\u0131na, ba\u011fl\u0131 bulundu\u011funuz Vergi Dairesi\u2019nin ad\u0131 ile varsa kurulu\u015funuzun vergi kimlik numaras\u0131na, varsa kay\u0131tl\u0131 elektronik posta(KEP) adresine, \u015eahs\u0131n\u0131za ait resmi tebligat adres bilgisi ile varsa kurulu\u015funuzun a\u00e7\u0131k unvan\u0131, kay\u0131tl\u0131 olunan meslek odas\u0131 faaliyet belgesi ile \u015firket ana s\u00f6zle\u015fmesinin birer \u00f6rne\u011fine, gelir durumunuzu g\u00f6sterir belge (son tarihli y\u0131ll\u0131k vergi beyan\u0131 ile eki gelir tablosu, bilan\u00e7o vb.) \u00f6rne\u011fine ihtiya\u00e7 duyulmaktad\u0131r&#8221; ifadeleri kullan\u0131ld\u0131.<br \/>\nKENT LOKANTASINI \u00d6VME GEREK\u00c7E G\u00d6STER\u0130LD\u0130<br \/>\nTicaret Bakanl\u0131\u011f\u0131&#8217;na g\u00f6re, Milor&#8217;un videosunda Kent Lokantas\u0131&#8217;na dair olumlu ifadeler ve lokanta hakk\u0131nda detayl\u0131 bilgiler yer almas\u0131, bunun bir &#8220;\u00f6rt\u00fcl\u00fc reklam&#8221; niteli\u011fini ta\u015f\u0131yabilece\u011fi \u015feklinde de\u011ferlendirildi.Bakanl\u0131k soru\u015fturmas\u0131na gerek\u00e7e olarak, bir sosyal medya i\u00e7eri\u011finin ticari reklam say\u0131labilmesi i\u00e7in i\u00e7eri\u011fi yay\u0131nlayan ki\u015finin maddi veya ayni bir fayda sa\u011flam\u0131\u015f olmas\u0131 \u015fart\u0131n\u0131 gerek\u00e7e g\u00f6sterdi.\u00a0<br \/>\nM\u0130LOR\u2019A \u0130DAR\u0130 YAPTIRIM UYGULANAB\u0130L\u0130R<br \/>\nTicaret Bakanl\u0131\u011f\u0131, inceleme sonunda Milor&#8217;un videosunun &#8220;\u00f6rt\u00fcl\u00fc reklam&#8221; say\u0131l\u0131p say\u0131lmayaca\u011f\u0131na karar verecek. E\u011fer video &#8220;ticari reklam&#8221; olarak nitelendirilirse, Milor&#8217;a idari yapt\u0131r\u0131m uygulanmas\u0131 s\u00f6z konusu olabilecek.<br \/>\nHat\u0131rlanaca\u011f\u0131 gibi Vedat Milor, \u0130stanbul Planlama Ajans\u0131 Ba\u015fkan\u0131 Bu\u011fra G\u00f6k\u00e7e ile birlikte ger\u00e7ekle\u015ftirdi\u011fi ziyaretin ard\u0131ndan dile getirilen benzer iddialarla ilgili sosyal medya hesab\u0131ndan yapt\u0131\u011f\u0131 a\u00e7\u0131klamada, Kent Lokantas\u0131 ziyaretinin tamamen kendi inisiyatifiyle ger\u00e7ekle\u015fti\u011fini ve herhangi bir kurulu\u015ftan \u00f6deme almad\u0131\u011f\u0131n\u0131 vurgulam\u0131\u015f, &#8220;Hem bir yemek ele\u015ftirmeni hem de bir sosyolog olarak bu hizmeti gastronomik ve sosyolojik a\u00e7\u0131dan de\u011ferlendirmek istedim. Hi\u00e7bir kurumdan \u00f6deme almad\u0131m. Bundan sonra bu t\u00fcr as\u0131ls\u0131z iftiralar kar\u015f\u0131s\u0131nda hukuki yollara ba\u015fvuraca\u011f\u0131m.&#8221; ifadelerini kullanm\u0131\u015ft\u0131.\u00a0<\/p>\n<p>\u200bHaberin Al\u0131nt\u0131land\u0131\u011f\u0131 Kaynak: www.iskenderun.org<\/p>","protected":false},"excerpt":{"rendered":"<p>Yemek ele\u015ftirmeni ve sosyolog Vedat Milor&#8217;un, Ocak ay\u0131nda \u0130stanbul B\u00fcy\u00fck\u015fehir Belediyesi&#8217;ne ba\u011fl\u0131 \u00dcsk\u00fcdar Kent Lokantas\u0131n\u0131 ziyaret etmesi ve bu deneyimini YouTube hesab\u0131ndan payla\u015fmas\u0131, Ticaret Bakanl\u0131\u011f\u0131 taraf\u0131ndan &#8220;\u00f6rt\u00fcl\u00fc reklam&#8221; iddias\u0131yla inceleme ba\u015flat\u0131lmas\u0131na yol a\u00e7t\u0131.\u0130STANBUL (\u0130GFA) &#8211; Ticaret Bakanl\u0131\u011f\u0131&#8217;na ba\u011fl\u0131 T\u00fcketicinin Korunmas\u0131 ve Piyasa G\u00f6zetimi Genel M\u00fcd\u00fcrl\u00fc\u011f\u00fc, Vedat Milor&#8217;un YouTube kanal\u0131nda yay\u0131nlad\u0131\u011f\u0131 &#8220;40 Liraya 4 \u00e7e\u015fit yemek: Bu fiyat ger\u00e7ek mi?&#8221; ba\u015fl\u0131kl\u0131 videoyu Ticari Reklam ve Haks\u0131z Ticari Uygulamalar Y\u00f6netmeli\u011fi&#8217;ne ayk\u0131r\u0131l\u0131k te\u015fkil etti\u011fini \u00f6ne s\u00fcrerek, mercek alt\u0131na ald\u0131. Bakanl\u0131k, inceleme kapsam\u0131nda Milor&#8217;dan, &#8220;Kent Lokantas\u0131&#8221; ile herhangi bir reklam anla\u015fmas\u0131 yap\u0131p yapmad\u0131\u011f\u0131na dair belgeleri, videonun ba\u015fka medya organlar\u0131nda yay\u0131nlan\u0131p yay\u0131nlanmad\u0131\u011f\u0131n\u0131 ve gelir durumunu g\u00f6steren evraklar\u0131 talep etti.\u00a0 Talep yaz\u0131s\u0131nda, &#8220;S\u00f6z konusu tan\u0131t\u0131mlar\u0131n ba\u015fka mecra kurulu\u015flar\u0131nda yay\u0131mlan\u0131p yay\u0131mlanmad\u0131\u011f\u0131, yay\u0131mland\u0131 ise hangi mecra kurulu\u015flar\u0131nda ve hangi tarihlerde yay\u0131mland\u0131\u011f\u0131n\u0131n bilinmesina, yaz\u0131l\u0131 bas\u0131nda yay\u0131mlanm\u0131\u015f olanlar\u0131n as\u0131llar\u0131na, s\u00f6zl\u00fc ve g\u00f6rsel bas\u0131nda yay\u0131mlananlara ait ses ve g\u00f6r\u00fcnt\u00fc kay\u0131tlar\u0131na, ba\u011fl\u0131 bulundu\u011funuz Vergi Dairesi\u2019nin ad\u0131 ile varsa kurulu\u015funuzun vergi kimlik numaras\u0131na, varsa kay\u0131tl\u0131 elektronik posta(KEP) adresine, \u015eahs\u0131n\u0131za ait resmi tebligat adres bilgisi ile varsa kurulu\u015funuzun a\u00e7\u0131k unvan\u0131, kay\u0131tl\u0131 olunan meslek odas\u0131 faaliyet belgesi ile \u015firket ana s\u00f6zle\u015fmesinin birer \u00f6rne\u011fine, gelir durumunuzu g\u00f6sterir belge (son tarihli y\u0131ll\u0131k vergi beyan\u0131 ile eki gelir tablosu, bilan\u00e7o vb.) \u00f6rne\u011fine ihtiya\u00e7 duyulmaktad\u0131r&#8221; ifadeleri kullan\u0131ld\u0131. KENT LOKANTASINI &hellip;<\/p>","protected":false},"author":1,"featured_media":0,"comment_status":"open","ping_status":"open","sticky":false,"template":"","format":"standard","meta":{"_acf_changed":false,"footnotes":""},"categories":[24],"tags":[],"class_list":["post-35002","post","type-post","status-publish","format-standard","has-post-thumbnail","hentry","category-gundem"],"acf":[],"yoast_head":"<!-- This site is optimized with the Yoast SEO Premium plugin v26.6 (Yoast SEO v27.1.1) - https:\/\/yoast.com\/product\/yoast-seo-premium-wordpress\/ -->\n<title>Vedat Milor&#039;a &#039;Kent Lokantas\u0131&#039; soru\u015fturmas\u0131 - Av. Deniz Can K\u0131z\u0131l<\/title>\n<meta name=\"robots\" content=\"index, follow, max-snippet:-1, max-image-preview:large, max-video-preview:-1\" \/>\n<link rel=\"canonical\" href=\"http:\/\/denizcankizil.tr\/en\/haberler\/gundem\/vedat-milora-kent-lokantasi-sorusturmasi\/\" \/>\n<meta property=\"og:locale\" content=\"en_GB\" \/>\n<meta property=\"og:type\" content=\"article\" \/>\n<meta property=\"og:title\" content=\"Vedat Milor&#039;a &#039;Kent Lokantas\u0131&#039; soru\u015fturmas\u0131\" \/>\n<meta property=\"og:description\" content=\"Yemek ele\u015ftirmeni ve sosyolog Vedat Milor&#8217;un, Ocak ay\u0131nda \u0130stanbul B\u00fcy\u00fck\u015fehir Belediyesi&#8217;ne ba\u011fl\u0131 \u00dcsk\u00fcdar Kent Lokantas\u0131n\u0131 ziyaret etmesi ve bu deneyimini YouTube hesab\u0131ndan payla\u015fmas\u0131, Ticaret Bakanl\u0131\u011f\u0131 taraf\u0131ndan &#8220;\u00f6rt\u00fcl\u00fc reklam&#8221; iddias\u0131yla inceleme ba\u015flat\u0131lmas\u0131na yol a\u00e7t\u0131.\u0130STANBUL (\u0130GFA) &#8211; Ticaret Bakanl\u0131\u011f\u0131&#8217;na ba\u011fl\u0131 T\u00fcketicinin Korunmas\u0131 ve Piyasa G\u00f6zetimi Genel M\u00fcd\u00fcrl\u00fc\u011f\u00fc, Vedat Milor&#8217;un YouTube kanal\u0131nda yay\u0131nlad\u0131\u011f\u0131 &#8220;40 Liraya 4 \u00e7e\u015fit yemek: Bu fiyat ger\u00e7ek mi?&#8221; ba\u015fl\u0131kl\u0131 videoyu Ticari Reklam ve Haks\u0131z Ticari Uygulamalar Y\u00f6netmeli\u011fi&#8217;ne ayk\u0131r\u0131l\u0131k te\u015fkil etti\u011fini \u00f6ne s\u00fcrerek, mercek alt\u0131na ald\u0131. Bakanl\u0131k, inceleme kapsam\u0131nda Milor&#8217;dan, &#8220;Kent Lokantas\u0131&#8221; ile herhangi bir reklam anla\u015fmas\u0131 yap\u0131p yapmad\u0131\u011f\u0131na dair belgeleri, videonun ba\u015fka medya organlar\u0131nda yay\u0131nlan\u0131p yay\u0131nlanmad\u0131\u011f\u0131n\u0131 ve gelir durumunu g\u00f6steren evraklar\u0131 talep etti.\u00a0 Talep yaz\u0131s\u0131nda, &#8220;S\u00f6z konusu tan\u0131t\u0131mlar\u0131n ba\u015fka mecra kurulu\u015flar\u0131nda yay\u0131mlan\u0131p yay\u0131mlanmad\u0131\u011f\u0131, yay\u0131mland\u0131 ise hangi mecra kurulu\u015flar\u0131nda ve hangi tarihlerde yay\u0131mland\u0131\u011f\u0131n\u0131n bilinmesina, yaz\u0131l\u0131 bas\u0131nda yay\u0131mlanm\u0131\u015f olanlar\u0131n as\u0131llar\u0131na, s\u00f6zl\u00fc ve g\u00f6rsel bas\u0131nda yay\u0131mlananlara ait ses ve g\u00f6r\u00fcnt\u00fc kay\u0131tlar\u0131na, ba\u011fl\u0131 bulundu\u011funuz Vergi Dairesi\u2019nin ad\u0131 ile varsa kurulu\u015funuzun vergi kimlik numaras\u0131na, varsa kay\u0131tl\u0131 elektronik posta(KEP) adresine, \u015eahs\u0131n\u0131za ait resmi tebligat adres bilgisi ile varsa kurulu\u015funuzun a\u00e7\u0131k unvan\u0131, kay\u0131tl\u0131 olunan meslek odas\u0131 faaliyet belgesi ile \u015firket ana s\u00f6zle\u015fmesinin birer \u00f6rne\u011fine, gelir durumunuzu g\u00f6sterir belge (son tarihli y\u0131ll\u0131k vergi beyan\u0131 ile eki gelir tablosu, bilan\u00e7o vb.) \u00f6rne\u011fine ihtiya\u00e7 duyulmaktad\u0131r&#8221; ifadeleri kullan\u0131ld\u0131. KENT LOKANTASINI &hellip;\" \/>\n<meta property=\"og:url\" content=\"http:\/\/denizcankizil.tr\/en\/haberler\/gundem\/vedat-milora-kent-lokantasi-sorusturmasi\/\" \/>\n<meta property=\"og:site_name\" content=\"Av. Deniz Can K\u0131z\u0131l\" \/>\n<meta property=\"article:published_time\" content=\"2025-03-07T09:42:02+00:00\" \/>\n<meta name=\"author\" content=\"admin\" \/>\n<meta name=\"twitter:card\" content=\"summary_large_image\" \/>\n<meta name=\"twitter:label1\" content=\"Written by\" \/>\n\t<meta name=\"twitter:data1\" content=\"admin\" \/>\n\t<meta name=\"twitter:label2\" content=\"Estimated reading time\" \/>\n\t<meta name=\"twitter:data2\" content=\"5 minutes\" \/>\n<script type=\"application\/ld+json\" class=\"yoast-schema-graph\">{\"@context\":\"https:\/\/schema.org\",\"@graph\":[{\"@type\":\"Article\",\"@id\":\"http:\/\/denizcankizil.tr\/de\/haberler\/gundem\/vedat-milora-kent-lokantasi-sorusturmasi\/#article\",\"isPartOf\":{\"@id\":\"http:\/\/denizcankizil.tr\/de\/haberler\/gundem\/vedat-milora-kent-lokantasi-sorusturmasi\/\"},\"author\":{\"name\":\"admin\",\"@id\":\"https:\/\/denizcankizil.tr\/de\/#\/schema\/person\/be3c05fe6a12686905512445d8185489\"},\"headline\":\"Vedat Milor&#8217;a &#8216;Kent Lokantas\u0131&#8217; soru\u015fturmas\u0131\",\"datePublished\":\"2025-03-07T09:42:02+00:00\",\"mainEntityOfPage\":{\"@id\":\"http:\/\/denizcankizil.tr\/de\/haberler\/gundem\/vedat-milora-kent-lokantasi-sorusturmasi\/\"},\"wordCount\":1087,\"commentCount\":0,\"publisher\":{\"@id\":\"https:\/\/denizcankizil.tr\/de\/#organization\"},\"articleSection\":[\"G\u00fcndem\"],\"inLanguage\":\"en-GB\",\"potentialAction\":[{\"@type\":\"CommentAction\",\"name\":\"Comment\",\"target\":[\"http:\/\/denizcankizil.tr\/de\/haberler\/gundem\/vedat-milora-kent-lokantasi-sorusturmasi\/#respond\"]}]},{\"@type\":\"WebPage\",\"@id\":\"http:\/\/denizcankizil.tr\/de\/haberler\/gundem\/vedat-milora-kent-lokantasi-sorusturmasi\/\",\"url\":\"http:\/\/denizcankizil.tr\/de\/haberler\/gundem\/vedat-milora-kent-lokantasi-sorusturmasi\/\",\"name\":\"Vedat Milor'a 'Kent Lokantas\u0131' soru\u015fturmas\u0131 - Av. Deniz Can K\u0131z\u0131l\",\"isPartOf\":{\"@id\":\"https:\/\/denizcankizil.tr\/de\/#website\"},\"datePublished\":\"2025-03-07T09:42:02+00:00\",\"breadcrumb\":{\"@id\":\"http:\/\/denizcankizil.tr\/de\/haberler\/gundem\/vedat-milora-kent-lokantasi-sorusturmasi\/#breadcrumb\"},\"inLanguage\":\"en-GB\",\"potentialAction\":[{\"@type\":\"ReadAction\",\"target\":[\"http:\/\/denizcankizil.tr\/de\/haberler\/gundem\/vedat-milora-kent-lokantasi-sorusturmasi\/\"]}]},{\"@type\":\"BreadcrumbList\",\"@id\":\"http:\/\/denizcankizil.tr\/de\/haberler\/gundem\/vedat-milora-kent-lokantasi-sorusturmasi\/#breadcrumb\",\"itemListElement\":[{\"@type\":\"ListItem\",\"position\":1,\"name\":\"Home\",\"item\":\"https:\/\/denizcankizil.tr\/de\/\"},{\"@type\":\"ListItem\",\"position\":2,\"name\":\"Vedat Milor&#8217;a &#8216;Kent Lokantas\u0131&#8217; soru\u015fturmas\u0131\"}]},{\"@type\":\"WebSite\",\"@id\":\"https:\/\/denizcankizil.tr\/de\/#website\",\"url\":\"https:\/\/denizcankizil.tr\/de\/\",\"name\":\"Av. Deniz Can K\u0131z\u0131l\",\"description\":\"Avukat Deniz Can K\u0131z\u0131l Antalya Barosu\",\"publisher\":{\"@id\":\"https:\/\/denizcankizil.tr\/de\/#organization\"},\"potentialAction\":[{\"@type\":\"SearchAction\",\"target\":{\"@type\":\"EntryPoint\",\"urlTemplate\":\"https:\/\/denizcankizil.tr\/de\/?s={search_term_string}\"},\"query-input\":{\"@type\":\"PropertyValueSpecification\",\"valueRequired\":true,\"valueName\":\"search_term_string\"}}],\"inLanguage\":\"en-GB\"},{\"@type\":\"Organization\",\"@id\":\"https:\/\/denizcankizil.tr\/de\/#organization\",\"name\":\"Av. Deniz Can K\u0131z\u0131l\",\"url\":\"https:\/\/denizcankizil.tr\/de\/\",\"logo\":{\"@type\":\"ImageObject\",\"inLanguage\":\"en-GB\",\"@id\":\"https:\/\/denizcankizil.tr\/de\/#\/schema\/logo\/image\/\",\"url\":\"http:\/\/denizcankizil.tr\/wp-content\/uploads\/2024\/10\/siyah-logo-svg.svg\",\"contentUrl\":\"http:\/\/denizcankizil.tr\/wp-content\/uploads\/2024\/10\/siyah-logo-svg.svg\",\"width\":1080,\"height\":1080,\"caption\":\"Av. Deniz Can K\u0131z\u0131l\"},\"image\":{\"@id\":\"https:\/\/denizcankizil.tr\/de\/#\/schema\/logo\/image\/\"}},{\"@type\":\"Person\",\"@id\":\"https:\/\/denizcankizil.tr\/de\/#\/schema\/person\/be3c05fe6a12686905512445d8185489\",\"name\":\"admin\",\"image\":{\"@type\":\"ImageObject\",\"inLanguage\":\"en-GB\",\"@id\":\"https:\/\/denizcankizil.tr\/de\/#\/schema\/person\/image\/\",\"url\":\"https:\/\/secure.gravatar.com\/avatar\/c1fce94c830dc79107e174f890d7210541c4a63e8e5d816341794a2151c9d58c?s=96&d=mm&r=g\",\"contentUrl\":\"https:\/\/secure.gravatar.com\/avatar\/c1fce94c830dc79107e174f890d7210541c4a63e8e5d816341794a2151c9d58c?s=96&d=mm&r=g\",\"caption\":\"admin\"},\"sameAs\":[\"http:\/\/denizcankizil.tr\"],\"url\":\"https:\/\/www.iskenderun.org\/vedat-milora-kent-lokantasi-sorusturmasi\"}]}<\/script>\n<!-- \/ Yoast SEO Premium plugin. -->","yoast_head_json":{"title":"Vedat Milor'a 'Kent Lokantas\u0131' soru\u015fturmas\u0131 - Av. Deniz Can K\u0131z\u0131l","robots":{"index":"index","follow":"follow","max-snippet":"max-snippet:-1","max-image-preview":"max-image-preview:large","max-video-preview":"max-video-preview:-1"},"canonical":"http:\/\/denizcankizil.tr\/en\/haberler\/gundem\/vedat-milora-kent-lokantasi-sorusturmasi\/","og_locale":"en_GB","og_type":"article","og_title":"Vedat Milor'a 'Kent Lokantas\u0131' soru\u015fturmas\u0131","og_description":"Yemek ele\u015ftirmeni ve sosyolog Vedat Milor&#8217;un, Ocak ay\u0131nda \u0130stanbul B\u00fcy\u00fck\u015fehir Belediyesi&#8217;ne ba\u011fl\u0131 \u00dcsk\u00fcdar Kent Lokantas\u0131n\u0131 ziyaret etmesi ve bu deneyimini YouTube hesab\u0131ndan payla\u015fmas\u0131, Ticaret Bakanl\u0131\u011f\u0131 taraf\u0131ndan &#8220;\u00f6rt\u00fcl\u00fc reklam&#8221; iddias\u0131yla inceleme ba\u015flat\u0131lmas\u0131na yol a\u00e7t\u0131.\u0130STANBUL (\u0130GFA) &#8211; Ticaret Bakanl\u0131\u011f\u0131&#8217;na ba\u011fl\u0131 T\u00fcketicinin Korunmas\u0131 ve Piyasa G\u00f6zetimi Genel M\u00fcd\u00fcrl\u00fc\u011f\u00fc, Vedat Milor&#8217;un YouTube kanal\u0131nda yay\u0131nlad\u0131\u011f\u0131 &#8220;40 Liraya 4 \u00e7e\u015fit yemek: Bu fiyat ger\u00e7ek mi?&#8221; ba\u015fl\u0131kl\u0131 videoyu Ticari Reklam ve Haks\u0131z Ticari Uygulamalar Y\u00f6netmeli\u011fi&#8217;ne ayk\u0131r\u0131l\u0131k te\u015fkil etti\u011fini \u00f6ne s\u00fcrerek, mercek alt\u0131na ald\u0131. Bakanl\u0131k, inceleme kapsam\u0131nda Milor&#8217;dan, &#8220;Kent Lokantas\u0131&#8221; ile herhangi bir reklam anla\u015fmas\u0131 yap\u0131p yapmad\u0131\u011f\u0131na dair belgeleri, videonun ba\u015fka medya organlar\u0131nda yay\u0131nlan\u0131p yay\u0131nlanmad\u0131\u011f\u0131n\u0131 ve gelir durumunu g\u00f6steren evraklar\u0131 talep etti.\u00a0 Talep yaz\u0131s\u0131nda, &#8220;S\u00f6z konusu tan\u0131t\u0131mlar\u0131n ba\u015fka mecra kurulu\u015flar\u0131nda yay\u0131mlan\u0131p yay\u0131mlanmad\u0131\u011f\u0131, yay\u0131mland\u0131 ise hangi mecra kurulu\u015flar\u0131nda ve hangi tarihlerde yay\u0131mland\u0131\u011f\u0131n\u0131n bilinmesina, yaz\u0131l\u0131 bas\u0131nda yay\u0131mlanm\u0131\u015f olanlar\u0131n as\u0131llar\u0131na, s\u00f6zl\u00fc ve g\u00f6rsel bas\u0131nda yay\u0131mlananlara ait ses ve g\u00f6r\u00fcnt\u00fc kay\u0131tlar\u0131na, ba\u011fl\u0131 bulundu\u011funuz Vergi Dairesi\u2019nin ad\u0131 ile varsa kurulu\u015funuzun vergi kimlik numaras\u0131na, varsa kay\u0131tl\u0131 elektronik posta(KEP) adresine, \u015eahs\u0131n\u0131za ait resmi tebligat adres bilgisi ile varsa kurulu\u015funuzun a\u00e7\u0131k unvan\u0131, kay\u0131tl\u0131 olunan meslek odas\u0131 faaliyet belgesi ile \u015firket ana s\u00f6zle\u015fmesinin birer \u00f6rne\u011fine, gelir durumunuzu g\u00f6sterir belge (son tarihli y\u0131ll\u0131k vergi beyan\u0131 ile eki gelir tablosu, bilan\u00e7o vb.) \u00f6rne\u011fine ihtiya\u00e7 duyulmaktad\u0131r&#8221; ifadeleri kullan\u0131ld\u0131. KENT LOKANTASINI &hellip;","og_url":"http:\/\/denizcankizil.tr\/en\/haberler\/gundem\/vedat-milora-kent-lokantasi-sorusturmasi\/","og_site_name":"Av. Deniz Can K\u0131z\u0131l","article_published_time":"2025-03-07T09:42:02+00:00","author":"admin","twitter_card":"summary_large_image","twitter_misc":{"Written by":"admin","Estimated reading time":"5 minutes"},"schema":{"@context":"https:\/\/schema.org","@graph":[{"@type":"Article","@id":"http:\/\/denizcankizil.tr\/de\/haberler\/gundem\/vedat-milora-kent-lokantasi-sorusturmasi\/#article","isPartOf":{"@id":"http:\/\/denizcankizil.tr\/de\/haberler\/gundem\/vedat-milora-kent-lokantasi-sorusturmasi\/"},"author":{"name":"admin","@id":"https:\/\/denizcankizil.tr\/de\/#\/schema\/person\/be3c05fe6a12686905512445d8185489"},"headline":"Vedat Milor&#8217;a &#8216;Kent Lokantas\u0131&#8217; soru\u015fturmas\u0131","datePublished":"2025-03-07T09:42:02+00:00","mainEntityOfPage":{"@id":"http:\/\/denizcankizil.tr\/de\/haberler\/gundem\/vedat-milora-kent-lokantasi-sorusturmasi\/"},"wordCount":1087,"commentCount":0,"publisher":{"@id":"https:\/\/denizcankizil.tr\/de\/#organization"},"articleSection":["G\u00fcndem"],"inLanguage":"en-GB","potentialAction":[{"@type":"CommentAction","name":"Comment","target":["http:\/\/denizcankizil.tr\/de\/haberler\/gundem\/vedat-milora-kent-lokantasi-sorusturmasi\/#respond"]}]},{"@type":"WebPage","@id":"http:\/\/denizcankizil.tr\/de\/haberler\/gundem\/vedat-milora-kent-lokantasi-sorusturmasi\/","url":"http:\/\/denizcankizil.tr\/de\/haberler\/gundem\/vedat-milora-kent-lokantasi-sorusturmasi\/","name":"Vedat Milor'a 'Kent Lokantas\u0131' soru\u015fturmas\u0131 - Av. Deniz Can K\u0131z\u0131l","isPartOf":{"@id":"https:\/\/denizcankizil.tr\/de\/#website"},"datePublished":"2025-03-07T09:42:02+00:00","breadcrumb":{"@id":"http:\/\/denizcankizil.tr\/de\/haberler\/gundem\/vedat-milora-kent-lokantasi-sorusturmasi\/#breadcrumb"},"inLanguage":"en-GB","potentialAction":[{"@type":"ReadAction","target":["http:\/\/denizcankizil.tr\/de\/haberler\/gundem\/vedat-milora-kent-lokantasi-sorusturmasi\/"]}]},{"@type":"BreadcrumbList","@id":"http:\/\/denizcankizil.tr\/de\/haberler\/gundem\/vedat-milora-kent-lokantasi-sorusturmasi\/#breadcrumb","itemListElement":[{"@type":"ListItem","position":1,"name":"Home","item":"https:\/\/denizcankizil.tr\/de\/"},{"@type":"ListItem","position":2,"name":"Vedat Milor&#8217;a &#8216;Kent Lokantas\u0131&#8217; soru\u015fturmas\u0131"}]},{"@type":"WebSite","@id":"https:\/\/denizcankizil.tr\/de\/#website","url":"https:\/\/denizcankizil.tr\/de\/","name":"Av. Deniz Can K\u0131z\u0131l","description":"Avukat Deniz Can K\u0131z\u0131l Antalya Barosu","publisher":{"@id":"https:\/\/denizcankizil.tr\/de\/#organization"},"potentialAction":[{"@type":"SearchAction","target":{"@type":"EntryPoint","urlTemplate":"https:\/\/denizcankizil.tr\/de\/?s={search_term_string}"},"query-input":{"@type":"PropertyValueSpecification","valueRequired":true,"valueName":"search_term_string"}}],"inLanguage":"en-GB"},{"@type":"Organization","@id":"https:\/\/denizcankizil.tr\/de\/#organization","name":"Av. Deniz Can K\u0131z\u0131l","url":"https:\/\/denizcankizil.tr\/de\/","logo":{"@type":"ImageObject","inLanguage":"en-GB","@id":"https:\/\/denizcankizil.tr\/de\/#\/schema\/logo\/image\/","url":"http:\/\/denizcankizil.tr\/wp-content\/uploads\/2024\/10\/siyah-logo-svg.svg","contentUrl":"http:\/\/denizcankizil.tr\/wp-content\/uploads\/2024\/10\/siyah-logo-svg.svg","width":1080,"height":1080,"caption":"Av. Deniz Can K\u0131z\u0131l"},"image":{"@id":"https:\/\/denizcankizil.tr\/de\/#\/schema\/logo\/image\/"}},{"@type":"Person","@id":"https:\/\/denizcankizil.tr\/de\/#\/schema\/person\/be3c05fe6a12686905512445d8185489","name":"admin","image":{"@type":"ImageObject","inLanguage":"en-GB","@id":"https:\/\/denizcankizil.tr\/de\/#\/schema\/person\/image\/","url":"https:\/\/secure.gravatar.com\/avatar\/c1fce94c830dc79107e174f890d7210541c4a63e8e5d816341794a2151c9d58c?s=96&d=mm&r=g","contentUrl":"https:\/\/secure.gravatar.com\/avatar\/c1fce94c830dc79107e174f890d7210541c4a63e8e5d816341794a2151c9d58c?s=96&d=mm&r=g","caption":"admin"},"sameAs":["http:\/\/denizcankizil.tr"],"url":"https:\/\/www.iskenderun.org\/vedat-milora-kent-lokantasi-sorusturmasi"}]}},"_links":{"self":[{"href":"http:\/\/denizcankizil.tr\/en\/wp-json\/wp\/v2\/posts\/35002","targetHints":{"allow":["GET"]}}],"collection":[{"href":"http:\/\/denizcankizil.tr\/en\/wp-json\/wp\/v2\/posts"}],"about":[{"href":"http:\/\/denizcankizil.tr\/en\/wp-json\/wp\/v2\/types\/post"}],"author":[{"embeddable":true,"href":"http:\/\/denizcankizil.tr\/en\/wp-json\/wp\/v2\/users\/1"}],"replies":[{"embeddable":true,"href":"http:\/\/denizcankizil.tr\/en\/wp-json\/wp\/v2\/comments?post=35002"}],"version-history":[{"count":0,"href":"http:\/\/denizcankizil.tr\/en\/wp-json\/wp\/v2\/posts\/35002\/revisions"}],"wp:attachment":[{"href":"http:\/\/denizcankizil.tr\/en\/wp-json\/wp\/v2\/media?parent=35002"}],"wp:term":[{"taxonomy":"category","embeddable":true,"href":"http:\/\/denizcankizil.tr\/en\/wp-json\/wp\/v2\/categories?post=35002"},{"taxonomy":"post_tag","embeddable":true,"href":"http:\/\/denizcankizil.tr\/en\/wp-json\/wp\/v2\/tags?post=35002"}],"curies":[{"name":"wp","href":"https:\/\/api.w.org\/{rel}","templated":true}]}}