{"id":34938,"date":"2025-03-06T23:41:16","date_gmt":"2025-03-06T20:41:16","guid":{"rendered":"https:\/\/denizcankizil.tr\/uncategorized-tr\/konyaaltindaki-otel-yangini-sonrasi-baskan-kotandan-ziyaret\/"},"modified":"2025-03-06T23:41:16","modified_gmt":"2025-03-06T20:41:16","slug":"konyaaltindaki-otel-yangini-sonrasi-baskan-kotandan-ziyaret","status":"publish","type":"post","link":"http:\/\/denizcankizil.tr\/en\/haberler\/gundem\/konyaaltindaki-otel-yangini-sonrasi-baskan-kotandan-ziyaret\/","title":{"rendered":"Konyaalt\u0131&#8217;ndaki otel yang\u0131n\u0131 sonras\u0131 Ba\u015fkan Kotan&#8217;dan ziyaret"},"content":{"rendered":"<p>Antalya&#8217;n\u0131n Konyaalt\u0131 il\u00e7esinde bulunan Megasaray Otel&#8217;de d\u00fcn ak\u015fam saatlerinde yang\u0131n \u00e7\u0131kt\u0131. Yang\u0131n k\u0131sa s\u00fcrede kontrol alt\u0131na al\u0131n\u0131rken, otelde maddi hasar meydana geldi.\u00a0<\/p>\n<p>BA\u015eKAN KOTAN, OTEL\u0130 Z\u0130YARET ETT\u0130\u00a0<\/p>\n<p>Konyaalt\u0131 Belediye Ba\u015fkan\u0131 Cem Kotan, olay\u0131n ard\u0131ndan tesisi ziyaret ederek sosyal medya hesab\u0131ndan a\u00e7\u0131klama yapt\u0131. Kotan, &#8220;\u0130l\u00e7emizde faaliyet g\u00f6steren ve d\u00fcn ak\u015fam saatlerinde \u00e7\u0131kan yang\u0131n sonucu zarar g\u00f6ren Megasaray Otel&#8217;i ziyaret ettik. Kendilerine ve yang\u0131nda zarar g\u00f6ren herkese ge\u00e7mi\u015f olsun dileklerimi iletiyorum&#8221; ifadelerini kulland\u0131.\u00a0<\/p>\n<p>YANGIN ANI VATANDA\u015e KAMERASINA YANSIDI\u00a0<\/p>\n<p>Megasaray Otel&#8217;de \u00e7\u0131kan yang\u0131n, \u00e7evredeki vatanda\u015flar taraf\u0131ndan cep telefonu kameralar\u0131yla g\u00f6r\u00fcnt\u00fclendi. Yang\u0131n s\u0131ras\u0131nda kaydedilen g\u00f6r\u00fcnt\u00fclerde bir vatanda\u015f\u0131n, &#8220;Otelin yang\u0131n alarmlar\u0131 \u00e7al\u0131yor&#8221; dedi\u011fi duyuluyor. Bu ifade, 21 Ocak&#8217;ta Bolu&#8217;daki Grand Kartalkaya Otel&#8217;de \u00e7\u0131kan yang\u0131n\u0131 hat\u0131rlatt\u0131. Grand Kartalkaya&#8217;da \u00e7\u0131kan yang\u0131n da gece saatlerinde, tesiste vatanda\u015flar\u0131n uyudu\u011fu s\u0131rada \u00e7\u0131km\u0131\u015f yang\u0131n alarm\u0131n\u0131n \u00e7almamas\u0131 sebebiyle faciada 78 ki\u015fi ya\u015fam\u0131n\u0131 yitirmi\u015f, 51 ki\u015fi ise yaralanm\u0131\u015ft\u0131.\u00a0<\/p>\n<p>\u00d6te yandan yetkililer, Megasaray Otel&#8217;deki yang\u0131n\u0131n \u00e7\u0131k\u0131\u015f sebebiyle ilgili incelemelere devam etti\u011fini belirtti.\u00a0<\/p>\n<p>\u200bMegasaray Otel&#8217;de \u00e7\u0131kan yang\u0131n sonras\u0131 Konyaalt\u0131 Belediye Ba\u015fkan\u0131 Cem Kotan, oteli ziyaret ederek ge\u00e7mi\u015f olsun dileklerini iletti. Yang\u0131n an\u0131na dair g\u00f6r\u00fcnt\u00fcler, Bolu&#8217;daki Grand Kartalkaya Otel yang\u0131n\u0131n\u0131 hat\u0131rlatt\u0131.\u00a0<\/p>\n<p>\u200bHaberin Al\u0131nt\u0131land\u0131\u011f\u0131 Kaynak: www.antalyakorfez.com<\/p>","protected":false},"excerpt":{"rendered":"<p>Antalya&#8217;n\u0131n Konyaalt\u0131 il\u00e7esinde bulunan Megasaray Otel&#8217;de d\u00fcn ak\u015fam saatlerinde yang\u0131n \u00e7\u0131kt\u0131. Yang\u0131n k\u0131sa s\u00fcrede kontrol alt\u0131na al\u0131n\u0131rken, otelde maddi hasar meydana geldi.\u00a0 BA\u015eKAN KOTAN, OTEL\u0130 Z\u0130YARET ETT\u0130\u00a0 Konyaalt\u0131 Belediye Ba\u015fkan\u0131 Cem Kotan, olay\u0131n ard\u0131ndan tesisi ziyaret ederek sosyal medya hesab\u0131ndan a\u00e7\u0131klama yapt\u0131. Kotan, &#8220;\u0130l\u00e7emizde faaliyet g\u00f6steren ve d\u00fcn ak\u015fam saatlerinde \u00e7\u0131kan yang\u0131n sonucu zarar g\u00f6ren Megasaray Otel&#8217;i ziyaret ettik. Kendilerine ve yang\u0131nda zarar g\u00f6ren herkese ge\u00e7mi\u015f olsun dileklerimi iletiyorum&#8221; ifadelerini kulland\u0131.\u00a0 YANGIN ANI VATANDA\u015e KAMERASINA YANSIDI\u00a0 Megasaray Otel&#8217;de \u00e7\u0131kan yang\u0131n, \u00e7evredeki vatanda\u015flar taraf\u0131ndan cep telefonu kameralar\u0131yla g\u00f6r\u00fcnt\u00fclendi. Yang\u0131n s\u0131ras\u0131nda kaydedilen g\u00f6r\u00fcnt\u00fclerde bir vatanda\u015f\u0131n, &#8220;Otelin yang\u0131n alarmlar\u0131 \u00e7al\u0131yor&#8221; dedi\u011fi duyuluyor. Bu ifade, 21 Ocak&#8217;ta Bolu&#8217;daki Grand Kartalkaya Otel&#8217;de \u00e7\u0131kan yang\u0131n\u0131 hat\u0131rlatt\u0131. Grand Kartalkaya&#8217;da \u00e7\u0131kan yang\u0131n da gece saatlerinde, tesiste vatanda\u015flar\u0131n uyudu\u011fu s\u0131rada \u00e7\u0131km\u0131\u015f yang\u0131n alarm\u0131n\u0131n \u00e7almamas\u0131 sebebiyle faciada 78 ki\u015fi ya\u015fam\u0131n\u0131 yitirmi\u015f, 51 ki\u015fi ise yaralanm\u0131\u015ft\u0131.\u00a0 \u00d6te yandan yetkililer, Megasaray Otel&#8217;deki yang\u0131n\u0131n \u00e7\u0131k\u0131\u015f sebebiyle ilgili incelemelere devam etti\u011fini belirtti.\u00a0 \u200bMegasaray Otel&#8217;de \u00e7\u0131kan yang\u0131n sonras\u0131 Konyaalt\u0131 Belediye Ba\u015fkan\u0131 Cem Kotan, oteli ziyaret ederek ge\u00e7mi\u015f olsun dileklerini iletti. Yang\u0131n an\u0131na dair g\u00f6r\u00fcnt\u00fcler, Bolu&#8217;daki Grand Kartalkaya Otel yang\u0131n\u0131n\u0131 hat\u0131rlatt\u0131.\u00a0 \u200bHaberin Al\u0131nt\u0131land\u0131\u011f\u0131 Kaynak: www.antalyakorfez.com<\/p>","protected":false},"author":5,"featured_media":0,"comment_status":"open","ping_status":"open","sticky":false,"template":"","format":"standard","meta":{"_acf_changed":false,"footnotes":""},"categories":[24],"tags":[],"class_list":["post-34938","post","type-post","status-publish","format-standard","has-post-thumbnail","hentry","category-gundem"],"acf":[],"yoast_head":"<!-- This site is optimized with the Yoast SEO Premium plugin v26.6 (Yoast SEO v27.1.1) - https:\/\/yoast.com\/product\/yoast-seo-premium-wordpress\/ -->\n<title>Konyaalt\u0131&#039;ndaki otel yang\u0131n\u0131 sonras\u0131 Ba\u015fkan Kotan&#039;dan ziyaret - Av. Deniz Can K\u0131z\u0131l<\/title>\n<meta name=\"robots\" content=\"index, follow, max-snippet:-1, max-image-preview:large, max-video-preview:-1\" \/>\n<link rel=\"canonical\" href=\"http:\/\/denizcankizil.tr\/en\/haberler\/gundem\/konyaaltindaki-otel-yangini-sonrasi-baskan-kotandan-ziyaret\/\" \/>\n<meta property=\"og:locale\" content=\"en_GB\" \/>\n<meta property=\"og:type\" content=\"article\" \/>\n<meta property=\"og:title\" content=\"Konyaalt\u0131&#039;ndaki otel yang\u0131n\u0131 sonras\u0131 Ba\u015fkan Kotan&#039;dan ziyaret\" \/>\n<meta property=\"og:description\" content=\"Antalya&#8217;n\u0131n Konyaalt\u0131 il\u00e7esinde bulunan Megasaray Otel&#8217;de d\u00fcn ak\u015fam saatlerinde yang\u0131n \u00e7\u0131kt\u0131. Yang\u0131n k\u0131sa s\u00fcrede kontrol alt\u0131na al\u0131n\u0131rken, otelde maddi hasar meydana geldi.\u00a0 BA\u015eKAN KOTAN, OTEL\u0130 Z\u0130YARET ETT\u0130\u00a0 Konyaalt\u0131 Belediye Ba\u015fkan\u0131 Cem Kotan, olay\u0131n ard\u0131ndan tesisi ziyaret ederek sosyal medya hesab\u0131ndan a\u00e7\u0131klama yapt\u0131. Kotan, &#8220;\u0130l\u00e7emizde faaliyet g\u00f6steren ve d\u00fcn ak\u015fam saatlerinde \u00e7\u0131kan yang\u0131n sonucu zarar g\u00f6ren Megasaray Otel&#8217;i ziyaret ettik. Kendilerine ve yang\u0131nda zarar g\u00f6ren herkese ge\u00e7mi\u015f olsun dileklerimi iletiyorum&#8221; ifadelerini kulland\u0131.\u00a0 YANGIN ANI VATANDA\u015e KAMERASINA YANSIDI\u00a0 Megasaray Otel&#8217;de \u00e7\u0131kan yang\u0131n, \u00e7evredeki vatanda\u015flar taraf\u0131ndan cep telefonu kameralar\u0131yla g\u00f6r\u00fcnt\u00fclendi. Yang\u0131n s\u0131ras\u0131nda kaydedilen g\u00f6r\u00fcnt\u00fclerde bir vatanda\u015f\u0131n, &#8220;Otelin yang\u0131n alarmlar\u0131 \u00e7al\u0131yor&#8221; dedi\u011fi duyuluyor. Bu ifade, 21 Ocak&#8217;ta Bolu&#8217;daki Grand Kartalkaya Otel&#8217;de \u00e7\u0131kan yang\u0131n\u0131 hat\u0131rlatt\u0131. Grand Kartalkaya&#8217;da \u00e7\u0131kan yang\u0131n da gece saatlerinde, tesiste vatanda\u015flar\u0131n uyudu\u011fu s\u0131rada \u00e7\u0131km\u0131\u015f yang\u0131n alarm\u0131n\u0131n \u00e7almamas\u0131 sebebiyle faciada 78 ki\u015fi ya\u015fam\u0131n\u0131 yitirmi\u015f, 51 ki\u015fi ise yaralanm\u0131\u015ft\u0131.\u00a0 \u00d6te yandan yetkililer, Megasaray Otel&#8217;deki yang\u0131n\u0131n \u00e7\u0131k\u0131\u015f sebebiyle ilgili incelemelere devam etti\u011fini belirtti.\u00a0 \u200bMegasaray Otel&#8217;de \u00e7\u0131kan yang\u0131n sonras\u0131 Konyaalt\u0131 Belediye Ba\u015fkan\u0131 Cem Kotan, oteli ziyaret ederek ge\u00e7mi\u015f olsun dileklerini iletti. Yang\u0131n an\u0131na dair g\u00f6r\u00fcnt\u00fcler, Bolu&#8217;daki Grand Kartalkaya Otel yang\u0131n\u0131n\u0131 hat\u0131rlatt\u0131.\u00a0 \u200bHaberin Al\u0131nt\u0131land\u0131\u011f\u0131 Kaynak: www.antalyakorfez.com\" \/>\n<meta property=\"og:url\" content=\"http:\/\/denizcankizil.tr\/en\/haberler\/gundem\/konyaaltindaki-otel-yangini-sonrasi-baskan-kotandan-ziyaret\/\" \/>\n<meta property=\"og:site_name\" content=\"Av. Deniz Can K\u0131z\u0131l\" \/>\n<meta property=\"article:published_time\" content=\"2025-03-06T20:41:16+00:00\" \/>\n<meta name=\"author\" content=\"Antalya K\u00f6rfez\" \/>\n<meta name=\"twitter:card\" content=\"summary_large_image\" \/>\n<meta name=\"twitter:label1\" content=\"Written by\" \/>\n\t<meta name=\"twitter:data1\" content=\"Antalya K\u00f6rfez\" \/>\n\t<meta name=\"twitter:label2\" content=\"Estimated reading time\" \/>\n\t<meta name=\"twitter:data2\" content=\"1 minute\" \/>\n<script type=\"application\/ld+json\" class=\"yoast-schema-graph\">{\"@context\":\"https:\/\/schema.org\",\"@graph\":[{\"@type\":\"Article\",\"@id\":\"http:\/\/denizcankizil.tr\/en\/haberler\/gundem\/konyaaltindaki-otel-yangini-sonrasi-baskan-kotandan-ziyaret\/#article\",\"isPartOf\":{\"@id\":\"http:\/\/denizcankizil.tr\/en\/haberler\/gundem\/konyaaltindaki-otel-yangini-sonrasi-baskan-kotandan-ziyaret\/\"},\"author\":{\"name\":\"Antalya K\u00f6rfez\",\"@id\":\"https:\/\/denizcankizil.tr\/de\/#\/schema\/person\/e1eb71bb4dd684d46563f0af307e1234\"},\"headline\":\"Konyaalt\u0131&#8217;ndaki otel yang\u0131n\u0131 sonras\u0131 Ba\u015fkan Kotan&#8217;dan ziyaret\",\"datePublished\":\"2025-03-06T20:41:16+00:00\",\"mainEntityOfPage\":{\"@id\":\"http:\/\/denizcankizil.tr\/en\/haberler\/gundem\/konyaaltindaki-otel-yangini-sonrasi-baskan-kotandan-ziyaret\/\"},\"wordCount\":275,\"commentCount\":0,\"publisher\":{\"@id\":\"https:\/\/denizcankizil.tr\/de\/#organization\"},\"articleSection\":[\"G\u00fcndem\"],\"inLanguage\":\"en-GB\",\"potentialAction\":[{\"@type\":\"CommentAction\",\"name\":\"Comment\",\"target\":[\"http:\/\/denizcankizil.tr\/en\/haberler\/gundem\/konyaaltindaki-otel-yangini-sonrasi-baskan-kotandan-ziyaret\/#respond\"]}]},{\"@type\":\"WebPage\",\"@id\":\"http:\/\/denizcankizil.tr\/en\/haberler\/gundem\/konyaaltindaki-otel-yangini-sonrasi-baskan-kotandan-ziyaret\/\",\"url\":\"http:\/\/denizcankizil.tr\/en\/haberler\/gundem\/konyaaltindaki-otel-yangini-sonrasi-baskan-kotandan-ziyaret\/\",\"name\":\"Konyaalt\u0131'ndaki otel yang\u0131n\u0131 sonras\u0131 Ba\u015fkan Kotan'dan ziyaret - Av. Deniz Can K\u0131z\u0131l\",\"isPartOf\":{\"@id\":\"https:\/\/denizcankizil.tr\/de\/#website\"},\"datePublished\":\"2025-03-06T20:41:16+00:00\",\"breadcrumb\":{\"@id\":\"http:\/\/denizcankizil.tr\/en\/haberler\/gundem\/konyaaltindaki-otel-yangini-sonrasi-baskan-kotandan-ziyaret\/#breadcrumb\"},\"inLanguage\":\"en-GB\",\"potentialAction\":[{\"@type\":\"ReadAction\",\"target\":[\"http:\/\/denizcankizil.tr\/en\/haberler\/gundem\/konyaaltindaki-otel-yangini-sonrasi-baskan-kotandan-ziyaret\/\"]}]},{\"@type\":\"BreadcrumbList\",\"@id\":\"http:\/\/denizcankizil.tr\/en\/haberler\/gundem\/konyaaltindaki-otel-yangini-sonrasi-baskan-kotandan-ziyaret\/#breadcrumb\",\"itemListElement\":[{\"@type\":\"ListItem\",\"position\":1,\"name\":\"Home\",\"item\":\"https:\/\/denizcankizil.tr\/de\/\"},{\"@type\":\"ListItem\",\"position\":2,\"name\":\"Konyaalt\u0131&#8217;ndaki otel yang\u0131n\u0131 sonras\u0131 Ba\u015fkan Kotan&#8217;dan ziyaret\"}]},{\"@type\":\"WebSite\",\"@id\":\"https:\/\/denizcankizil.tr\/de\/#website\",\"url\":\"https:\/\/denizcankizil.tr\/de\/\",\"name\":\"Av. Deniz Can K\u0131z\u0131l\",\"description\":\"Avukat Deniz Can K\u0131z\u0131l Antalya Barosu\",\"publisher\":{\"@id\":\"https:\/\/denizcankizil.tr\/de\/#organization\"},\"potentialAction\":[{\"@type\":\"SearchAction\",\"target\":{\"@type\":\"EntryPoint\",\"urlTemplate\":\"https:\/\/denizcankizil.tr\/de\/?s={search_term_string}\"},\"query-input\":{\"@type\":\"PropertyValueSpecification\",\"valueRequired\":true,\"valueName\":\"search_term_string\"}}],\"inLanguage\":\"en-GB\"},{\"@type\":\"Organization\",\"@id\":\"https:\/\/denizcankizil.tr\/de\/#organization\",\"name\":\"Av. Deniz Can K\u0131z\u0131l\",\"url\":\"https:\/\/denizcankizil.tr\/de\/\",\"logo\":{\"@type\":\"ImageObject\",\"inLanguage\":\"en-GB\",\"@id\":\"https:\/\/denizcankizil.tr\/de\/#\/schema\/logo\/image\/\",\"url\":\"http:\/\/denizcankizil.tr\/wp-content\/uploads\/2024\/10\/siyah-logo-svg.svg\",\"contentUrl\":\"http:\/\/denizcankizil.tr\/wp-content\/uploads\/2024\/10\/siyah-logo-svg.svg\",\"width\":1080,\"height\":1080,\"caption\":\"Av. Deniz Can K\u0131z\u0131l\"},\"image\":{\"@id\":\"https:\/\/denizcankizil.tr\/de\/#\/schema\/logo\/image\/\"}},{\"@type\":\"Person\",\"@id\":\"https:\/\/denizcankizil.tr\/de\/#\/schema\/person\/e1eb71bb4dd684d46563f0af307e1234\",\"name\":\"Antalya K\u00f6rfez\",\"image\":{\"@type\":\"ImageObject\",\"inLanguage\":\"en-GB\",\"@id\":\"https:\/\/denizcankizil.tr\/de\/#\/schema\/person\/image\/\",\"url\":\"https:\/\/secure.gravatar.com\/avatar\/42b01982558a48a0b501fdcab6a408d3717ea5919095ee2e67b0e521799c5905?s=96&d=mm&r=g\",\"contentUrl\":\"https:\/\/secure.gravatar.com\/avatar\/42b01982558a48a0b501fdcab6a408d3717ea5919095ee2e67b0e521799c5905?s=96&d=mm&r=g\",\"caption\":\"Antalya K\u00f6rfez\"},\"sameAs\":[\"http:\/\/www.antalyakorfez.com\"],\"url\":\"https:\/\/www.antalyakorfez.com\/konyaaltindaki-otel-yangini-sonrasi-baskan-kotandan-ziyaret\"}]}<\/script>\n<!-- \/ Yoast SEO Premium plugin. -->","yoast_head_json":{"title":"Konyaalt\u0131'ndaki otel yang\u0131n\u0131 sonras\u0131 Ba\u015fkan Kotan'dan ziyaret - Av. Deniz Can K\u0131z\u0131l","robots":{"index":"index","follow":"follow","max-snippet":"max-snippet:-1","max-image-preview":"max-image-preview:large","max-video-preview":"max-video-preview:-1"},"canonical":"http:\/\/denizcankizil.tr\/en\/haberler\/gundem\/konyaaltindaki-otel-yangini-sonrasi-baskan-kotandan-ziyaret\/","og_locale":"en_GB","og_type":"article","og_title":"Konyaalt\u0131'ndaki otel yang\u0131n\u0131 sonras\u0131 Ba\u015fkan Kotan'dan ziyaret","og_description":"Antalya&#8217;n\u0131n Konyaalt\u0131 il\u00e7esinde bulunan Megasaray Otel&#8217;de d\u00fcn ak\u015fam saatlerinde yang\u0131n \u00e7\u0131kt\u0131. Yang\u0131n k\u0131sa s\u00fcrede kontrol alt\u0131na al\u0131n\u0131rken, otelde maddi hasar meydana geldi.\u00a0 BA\u015eKAN KOTAN, OTEL\u0130 Z\u0130YARET ETT\u0130\u00a0 Konyaalt\u0131 Belediye Ba\u015fkan\u0131 Cem Kotan, olay\u0131n ard\u0131ndan tesisi ziyaret ederek sosyal medya hesab\u0131ndan a\u00e7\u0131klama yapt\u0131. Kotan, &#8220;\u0130l\u00e7emizde faaliyet g\u00f6steren ve d\u00fcn ak\u015fam saatlerinde \u00e7\u0131kan yang\u0131n sonucu zarar g\u00f6ren Megasaray Otel&#8217;i ziyaret ettik. Kendilerine ve yang\u0131nda zarar g\u00f6ren herkese ge\u00e7mi\u015f olsun dileklerimi iletiyorum&#8221; ifadelerini kulland\u0131.\u00a0 YANGIN ANI VATANDA\u015e KAMERASINA YANSIDI\u00a0 Megasaray Otel&#8217;de \u00e7\u0131kan yang\u0131n, \u00e7evredeki vatanda\u015flar taraf\u0131ndan cep telefonu kameralar\u0131yla g\u00f6r\u00fcnt\u00fclendi. Yang\u0131n s\u0131ras\u0131nda kaydedilen g\u00f6r\u00fcnt\u00fclerde bir vatanda\u015f\u0131n, &#8220;Otelin yang\u0131n alarmlar\u0131 \u00e7al\u0131yor&#8221; dedi\u011fi duyuluyor. Bu ifade, 21 Ocak&#8217;ta Bolu&#8217;daki Grand Kartalkaya Otel&#8217;de \u00e7\u0131kan yang\u0131n\u0131 hat\u0131rlatt\u0131. Grand Kartalkaya&#8217;da \u00e7\u0131kan yang\u0131n da gece saatlerinde, tesiste vatanda\u015flar\u0131n uyudu\u011fu s\u0131rada \u00e7\u0131km\u0131\u015f yang\u0131n alarm\u0131n\u0131n \u00e7almamas\u0131 sebebiyle faciada 78 ki\u015fi ya\u015fam\u0131n\u0131 yitirmi\u015f, 51 ki\u015fi ise yaralanm\u0131\u015ft\u0131.\u00a0 \u00d6te yandan yetkililer, Megasaray Otel&#8217;deki yang\u0131n\u0131n \u00e7\u0131k\u0131\u015f sebebiyle ilgili incelemelere devam etti\u011fini belirtti.\u00a0 \u200bMegasaray Otel&#8217;de \u00e7\u0131kan yang\u0131n sonras\u0131 Konyaalt\u0131 Belediye Ba\u015fkan\u0131 Cem Kotan, oteli ziyaret ederek ge\u00e7mi\u015f olsun dileklerini iletti. Yang\u0131n an\u0131na dair g\u00f6r\u00fcnt\u00fcler, Bolu&#8217;daki Grand Kartalkaya Otel yang\u0131n\u0131n\u0131 hat\u0131rlatt\u0131.\u00a0 \u200bHaberin Al\u0131nt\u0131land\u0131\u011f\u0131 Kaynak: www.antalyakorfez.com","og_url":"http:\/\/denizcankizil.tr\/en\/haberler\/gundem\/konyaaltindaki-otel-yangini-sonrasi-baskan-kotandan-ziyaret\/","og_site_name":"Av. Deniz Can K\u0131z\u0131l","article_published_time":"2025-03-06T20:41:16+00:00","author":"Antalya K\u00f6rfez","twitter_card":"summary_large_image","twitter_misc":{"Written by":"Antalya K\u00f6rfez","Estimated reading time":"1 minute"},"schema":{"@context":"https:\/\/schema.org","@graph":[{"@type":"Article","@id":"http:\/\/denizcankizil.tr\/en\/haberler\/gundem\/konyaaltindaki-otel-yangini-sonrasi-baskan-kotandan-ziyaret\/#article","isPartOf":{"@id":"http:\/\/denizcankizil.tr\/en\/haberler\/gundem\/konyaaltindaki-otel-yangini-sonrasi-baskan-kotandan-ziyaret\/"},"author":{"name":"Antalya K\u00f6rfez","@id":"https:\/\/denizcankizil.tr\/de\/#\/schema\/person\/e1eb71bb4dd684d46563f0af307e1234"},"headline":"Konyaalt\u0131&#8217;ndaki otel yang\u0131n\u0131 sonras\u0131 Ba\u015fkan Kotan&#8217;dan ziyaret","datePublished":"2025-03-06T20:41:16+00:00","mainEntityOfPage":{"@id":"http:\/\/denizcankizil.tr\/en\/haberler\/gundem\/konyaaltindaki-otel-yangini-sonrasi-baskan-kotandan-ziyaret\/"},"wordCount":275,"commentCount":0,"publisher":{"@id":"https:\/\/denizcankizil.tr\/de\/#organization"},"articleSection":["G\u00fcndem"],"inLanguage":"en-GB","potentialAction":[{"@type":"CommentAction","name":"Comment","target":["http:\/\/denizcankizil.tr\/en\/haberler\/gundem\/konyaaltindaki-otel-yangini-sonrasi-baskan-kotandan-ziyaret\/#respond"]}]},{"@type":"WebPage","@id":"http:\/\/denizcankizil.tr\/en\/haberler\/gundem\/konyaaltindaki-otel-yangini-sonrasi-baskan-kotandan-ziyaret\/","url":"http:\/\/denizcankizil.tr\/en\/haberler\/gundem\/konyaaltindaki-otel-yangini-sonrasi-baskan-kotandan-ziyaret\/","name":"Konyaalt\u0131'ndaki otel yang\u0131n\u0131 sonras\u0131 Ba\u015fkan Kotan'dan ziyaret - Av. Deniz Can K\u0131z\u0131l","isPartOf":{"@id":"https:\/\/denizcankizil.tr\/de\/#website"},"datePublished":"2025-03-06T20:41:16+00:00","breadcrumb":{"@id":"http:\/\/denizcankizil.tr\/en\/haberler\/gundem\/konyaaltindaki-otel-yangini-sonrasi-baskan-kotandan-ziyaret\/#breadcrumb"},"inLanguage":"en-GB","potentialAction":[{"@type":"ReadAction","target":["http:\/\/denizcankizil.tr\/en\/haberler\/gundem\/konyaaltindaki-otel-yangini-sonrasi-baskan-kotandan-ziyaret\/"]}]},{"@type":"BreadcrumbList","@id":"http:\/\/denizcankizil.tr\/en\/haberler\/gundem\/konyaaltindaki-otel-yangini-sonrasi-baskan-kotandan-ziyaret\/#breadcrumb","itemListElement":[{"@type":"ListItem","position":1,"name":"Home","item":"https:\/\/denizcankizil.tr\/de\/"},{"@type":"ListItem","position":2,"name":"Konyaalt\u0131&#8217;ndaki otel yang\u0131n\u0131 sonras\u0131 Ba\u015fkan Kotan&#8217;dan ziyaret"}]},{"@type":"WebSite","@id":"https:\/\/denizcankizil.tr\/de\/#website","url":"https:\/\/denizcankizil.tr\/de\/","name":"Av. Deniz Can K\u0131z\u0131l","description":"Avukat Deniz Can K\u0131z\u0131l Antalya Barosu","publisher":{"@id":"https:\/\/denizcankizil.tr\/de\/#organization"},"potentialAction":[{"@type":"SearchAction","target":{"@type":"EntryPoint","urlTemplate":"https:\/\/denizcankizil.tr\/de\/?s={search_term_string}"},"query-input":{"@type":"PropertyValueSpecification","valueRequired":true,"valueName":"search_term_string"}}],"inLanguage":"en-GB"},{"@type":"Organization","@id":"https:\/\/denizcankizil.tr\/de\/#organization","name":"Av. Deniz Can K\u0131z\u0131l","url":"https:\/\/denizcankizil.tr\/de\/","logo":{"@type":"ImageObject","inLanguage":"en-GB","@id":"https:\/\/denizcankizil.tr\/de\/#\/schema\/logo\/image\/","url":"http:\/\/denizcankizil.tr\/wp-content\/uploads\/2024\/10\/siyah-logo-svg.svg","contentUrl":"http:\/\/denizcankizil.tr\/wp-content\/uploads\/2024\/10\/siyah-logo-svg.svg","width":1080,"height":1080,"caption":"Av. Deniz Can K\u0131z\u0131l"},"image":{"@id":"https:\/\/denizcankizil.tr\/de\/#\/schema\/logo\/image\/"}},{"@type":"Person","@id":"https:\/\/denizcankizil.tr\/de\/#\/schema\/person\/e1eb71bb4dd684d46563f0af307e1234","name":"Antalya K\u00f6rfez","image":{"@type":"ImageObject","inLanguage":"en-GB","@id":"https:\/\/denizcankizil.tr\/de\/#\/schema\/person\/image\/","url":"https:\/\/secure.gravatar.com\/avatar\/42b01982558a48a0b501fdcab6a408d3717ea5919095ee2e67b0e521799c5905?s=96&d=mm&r=g","contentUrl":"https:\/\/secure.gravatar.com\/avatar\/42b01982558a48a0b501fdcab6a408d3717ea5919095ee2e67b0e521799c5905?s=96&d=mm&r=g","caption":"Antalya K\u00f6rfez"},"sameAs":["http:\/\/www.antalyakorfez.com"],"url":"https:\/\/www.antalyakorfez.com\/konyaaltindaki-otel-yangini-sonrasi-baskan-kotandan-ziyaret"}]}},"_links":{"self":[{"href":"http:\/\/denizcankizil.tr\/en\/wp-json\/wp\/v2\/posts\/34938","targetHints":{"allow":["GET"]}}],"collection":[{"href":"http:\/\/denizcankizil.tr\/en\/wp-json\/wp\/v2\/posts"}],"about":[{"href":"http:\/\/denizcankizil.tr\/en\/wp-json\/wp\/v2\/types\/post"}],"author":[{"embeddable":true,"href":"http:\/\/denizcankizil.tr\/en\/wp-json\/wp\/v2\/users\/5"}],"replies":[{"embeddable":true,"href":"http:\/\/denizcankizil.tr\/en\/wp-json\/wp\/v2\/comments?post=34938"}],"version-history":[{"count":0,"href":"http:\/\/denizcankizil.tr\/en\/wp-json\/wp\/v2\/posts\/34938\/revisions"}],"wp:attachment":[{"href":"http:\/\/denizcankizil.tr\/en\/wp-json\/wp\/v2\/media?parent=34938"}],"wp:term":[{"taxonomy":"category","embeddable":true,"href":"http:\/\/denizcankizil.tr\/en\/wp-json\/wp\/v2\/categories?post=34938"},{"taxonomy":"post_tag","embeddable":true,"href":"http:\/\/denizcankizil.tr\/en\/wp-json\/wp\/v2\/tags?post=34938"}],"curies":[{"name":"wp","href":"https:\/\/api.w.org\/{rel}","templated":true}]}}