{"id":34774,"date":"2025-03-05T15:42:20","date_gmt":"2025-03-05T12:42:20","guid":{"rendered":"https:\/\/denizcankizil.tr\/uncategorized-tr\/issos-da-kazi-devam-edecek\/"},"modified":"2025-03-05T15:42:20","modified_gmt":"2025-03-05T12:42:20","slug":"issos-da-kazi-devam-edecek","status":"publish","type":"post","link":"http:\/\/denizcankizil.tr\/en\/haberler\/gundem\/issos-da-kazi-devam-edecek\/","title":{"rendered":"\u0130ssos &#8216;da Kaz\u0131 Devam Edecek"},"content":{"rendered":"<p>HMK\u00dc Arkeoloji B\u00f6l\u00fcm\u00fc \u00f6\u011fretim \u00fcyesi Do\u00e7. Dr. Banu \u00d6zdilek taraf\u0131ndan 2022 y\u0131l\u0131ndan beri Hatay Erzin\u2019de s\u00fcrd\u00fcr\u00fclen \u0130ssos Epiphaneia\u2019daki arkeolojik kaz\u0131 ve ara\u015ft\u0131rmalar 2025 y\u0131l\u0131 itibariyle Cumhurba\u015fkanl\u0131\u011f\u0131 Kararnameli kaz\u0131 ve ara\u015ft\u0131rma stat\u00fcs\u00fc elde etti.<\/p>\n<p>Bu ba\u015far\u0131 sayesinde Hatay Mustafa Kemal \u00dcniversitesi\u2019ne, T\u00fcrkiye Cumhuriyeti K\u00fclt\u00fcr ve Turizm Bakanl\u0131\u011f\u0131 ortakl\u0131\u011f\u0131nda uluslararas\u0131 bir bilim projesi kazand\u0131r\u0131ld\u0131.<\/p>\n<p>2022 y\u0131l\u0131ndan itibaren Hatay Mustafa Kemal \u00dcniversite\u2019nin \u00f6\u011fretim \u00fcyeleri ve \u00f6\u011frencilerinin kat\u0131l\u0131m sa\u011flad\u0131\u011f\u0131 ara\u015ft\u0131rmalar\u0131n bu stat\u00fc ile daha etkili ve geni\u015f kapsaml\u0131 interdisipliner ortakl\u0131klarla y\u00fcr\u00fct\u00fclece\u011fi belirtildi.<\/p>\n<p>\u200bHatay Mustafa Kemal \u00dcniversitesi (HMK\u00dc) \u0130ssos Epiphaneia\u2019daki arkeolojik kaz\u0131 ve ara\u015ft\u0131rmalar\u0131 Cumhurba\u015fkanl\u0131\u011f\u0131 Kararnamesi ile Kaz\u0131 ve Ara\u015ft\u0131rma Stat\u00fcs\u00fc Kazand\u0131.\u00a0<\/p>\n<p>\u200bHaberin Al\u0131nt\u0131land\u0131\u011f\u0131 Kaynak: www.iskenderun.org<\/p>","protected":false},"excerpt":{"rendered":"<p>HMK\u00dc Arkeoloji B\u00f6l\u00fcm\u00fc \u00f6\u011fretim \u00fcyesi Do\u00e7. Dr. Banu \u00d6zdilek taraf\u0131ndan 2022 y\u0131l\u0131ndan beri Hatay Erzin\u2019de s\u00fcrd\u00fcr\u00fclen \u0130ssos Epiphaneia\u2019daki arkeolojik kaz\u0131 ve ara\u015ft\u0131rmalar 2025 y\u0131l\u0131 itibariyle Cumhurba\u015fkanl\u0131\u011f\u0131 Kararnameli kaz\u0131 ve ara\u015ft\u0131rma stat\u00fcs\u00fc elde etti. Bu ba\u015far\u0131 sayesinde Hatay Mustafa Kemal \u00dcniversitesi\u2019ne, T\u00fcrkiye Cumhuriyeti K\u00fclt\u00fcr ve Turizm Bakanl\u0131\u011f\u0131 ortakl\u0131\u011f\u0131nda uluslararas\u0131 bir bilim projesi kazand\u0131r\u0131ld\u0131. 2022 y\u0131l\u0131ndan itibaren Hatay Mustafa Kemal \u00dcniversite\u2019nin \u00f6\u011fretim \u00fcyeleri ve \u00f6\u011frencilerinin kat\u0131l\u0131m sa\u011flad\u0131\u011f\u0131 ara\u015ft\u0131rmalar\u0131n bu stat\u00fc ile daha etkili ve geni\u015f kapsaml\u0131 interdisipliner ortakl\u0131klarla y\u00fcr\u00fct\u00fclece\u011fi belirtildi. \u200bHatay Mustafa Kemal \u00dcniversitesi (HMK\u00dc) \u0130ssos Epiphaneia\u2019daki arkeolojik kaz\u0131 ve ara\u015ft\u0131rmalar\u0131 Cumhurba\u015fkanl\u0131\u011f\u0131 Kararnamesi ile Kaz\u0131 ve Ara\u015ft\u0131rma Stat\u00fcs\u00fc Kazand\u0131.\u00a0 \u200bHaberin Al\u0131nt\u0131land\u0131\u011f\u0131 Kaynak: www.iskenderun.org<\/p>","protected":false},"author":1,"featured_media":0,"comment_status":"open","ping_status":"open","sticky":false,"template":"","format":"standard","meta":{"_acf_changed":false,"footnotes":""},"categories":[24],"tags":[],"class_list":["post-34774","post","type-post","status-publish","format-standard","has-post-thumbnail","hentry","category-gundem"],"acf":[],"yoast_head":"<!-- This site is optimized with the Yoast SEO Premium plugin v26.6 (Yoast SEO v27.1.1) - https:\/\/yoast.com\/product\/yoast-seo-premium-wordpress\/ -->\n<title>\u0130ssos &#039;da Kaz\u0131 Devam Edecek - Av. Deniz Can K\u0131z\u0131l<\/title>\n<meta name=\"robots\" content=\"index, follow, max-snippet:-1, max-image-preview:large, max-video-preview:-1\" \/>\n<link rel=\"canonical\" href=\"http:\/\/denizcankizil.tr\/en\/haberler\/gundem\/issos-da-kazi-devam-edecek\/\" \/>\n<meta property=\"og:locale\" content=\"en_GB\" \/>\n<meta property=\"og:type\" content=\"article\" \/>\n<meta property=\"og:title\" content=\"\u0130ssos &#039;da Kaz\u0131 Devam Edecek\" \/>\n<meta property=\"og:description\" content=\"HMK\u00dc Arkeoloji B\u00f6l\u00fcm\u00fc \u00f6\u011fretim \u00fcyesi Do\u00e7. Dr. Banu \u00d6zdilek taraf\u0131ndan 2022 y\u0131l\u0131ndan beri Hatay Erzin\u2019de s\u00fcrd\u00fcr\u00fclen \u0130ssos Epiphaneia\u2019daki arkeolojik kaz\u0131 ve ara\u015ft\u0131rmalar 2025 y\u0131l\u0131 itibariyle Cumhurba\u015fkanl\u0131\u011f\u0131 Kararnameli kaz\u0131 ve ara\u015ft\u0131rma stat\u00fcs\u00fc elde etti. Bu ba\u015far\u0131 sayesinde Hatay Mustafa Kemal \u00dcniversitesi\u2019ne, T\u00fcrkiye Cumhuriyeti K\u00fclt\u00fcr ve Turizm Bakanl\u0131\u011f\u0131 ortakl\u0131\u011f\u0131nda uluslararas\u0131 bir bilim projesi kazand\u0131r\u0131ld\u0131. 2022 y\u0131l\u0131ndan itibaren Hatay Mustafa Kemal \u00dcniversite\u2019nin \u00f6\u011fretim \u00fcyeleri ve \u00f6\u011frencilerinin kat\u0131l\u0131m sa\u011flad\u0131\u011f\u0131 ara\u015ft\u0131rmalar\u0131n bu stat\u00fc ile daha etkili ve geni\u015f kapsaml\u0131 interdisipliner ortakl\u0131klarla y\u00fcr\u00fct\u00fclece\u011fi belirtildi. \u200bHatay Mustafa Kemal \u00dcniversitesi (HMK\u00dc) \u0130ssos Epiphaneia\u2019daki arkeolojik kaz\u0131 ve ara\u015ft\u0131rmalar\u0131 Cumhurba\u015fkanl\u0131\u011f\u0131 Kararnamesi ile Kaz\u0131 ve Ara\u015ft\u0131rma Stat\u00fcs\u00fc Kazand\u0131.\u00a0 \u200bHaberin Al\u0131nt\u0131land\u0131\u011f\u0131 Kaynak: www.iskenderun.org\" \/>\n<meta property=\"og:url\" content=\"http:\/\/denizcankizil.tr\/en\/haberler\/gundem\/issos-da-kazi-devam-edecek\/\" \/>\n<meta property=\"og:site_name\" content=\"Av. Deniz Can K\u0131z\u0131l\" \/>\n<meta property=\"article:published_time\" content=\"2025-03-05T12:42:20+00:00\" \/>\n<meta name=\"author\" content=\"admin\" \/>\n<meta name=\"twitter:card\" content=\"summary_large_image\" \/>\n<meta name=\"twitter:label1\" content=\"Written by\" \/>\n\t<meta name=\"twitter:data1\" content=\"admin\" \/>\n\t<meta name=\"twitter:label2\" content=\"Estimated reading time\" \/>\n\t<meta name=\"twitter:data2\" content=\"1 minute\" \/>\n<script type=\"application\/ld+json\" class=\"yoast-schema-graph\">{\"@context\":\"https:\/\/schema.org\",\"@graph\":[{\"@type\":\"Article\",\"@id\":\"http:\/\/denizcankizil.tr\/en\/haberler\/gundem\/issos-da-kazi-devam-edecek\/#article\",\"isPartOf\":{\"@id\":\"http:\/\/denizcankizil.tr\/en\/haberler\/gundem\/issos-da-kazi-devam-edecek\/\"},\"author\":{\"name\":\"admin\",\"@id\":\"https:\/\/denizcankizil.tr\/#\/schema\/person\/be3c05fe6a12686905512445d8185489\"},\"headline\":\"\u0130ssos &#8216;da Kaz\u0131 Devam Edecek\",\"datePublished\":\"2025-03-05T12:42:20+00:00\",\"mainEntityOfPage\":{\"@id\":\"http:\/\/denizcankizil.tr\/en\/haberler\/gundem\/issos-da-kazi-devam-edecek\/\"},\"wordCount\":153,\"commentCount\":0,\"publisher\":{\"@id\":\"https:\/\/denizcankizil.tr\/#organization\"},\"articleSection\":[\"G\u00fcndem\"],\"inLanguage\":\"en-GB\",\"potentialAction\":[{\"@type\":\"CommentAction\",\"name\":\"Comment\",\"target\":[\"http:\/\/denizcankizil.tr\/en\/haberler\/gundem\/issos-da-kazi-devam-edecek\/#respond\"]}]},{\"@type\":\"WebPage\",\"@id\":\"http:\/\/denizcankizil.tr\/en\/haberler\/gundem\/issos-da-kazi-devam-edecek\/\",\"url\":\"http:\/\/denizcankizil.tr\/en\/haberler\/gundem\/issos-da-kazi-devam-edecek\/\",\"name\":\"\u0130ssos 'da Kaz\u0131 Devam Edecek - Av. Deniz Can K\u0131z\u0131l\",\"isPartOf\":{\"@id\":\"https:\/\/denizcankizil.tr\/#website\"},\"datePublished\":\"2025-03-05T12:42:20+00:00\",\"breadcrumb\":{\"@id\":\"http:\/\/denizcankizil.tr\/en\/haberler\/gundem\/issos-da-kazi-devam-edecek\/#breadcrumb\"},\"inLanguage\":\"en-GB\",\"potentialAction\":[{\"@type\":\"ReadAction\",\"target\":[\"http:\/\/denizcankizil.tr\/en\/haberler\/gundem\/issos-da-kazi-devam-edecek\/\"]}]},{\"@type\":\"BreadcrumbList\",\"@id\":\"http:\/\/denizcankizil.tr\/en\/haberler\/gundem\/issos-da-kazi-devam-edecek\/#breadcrumb\",\"itemListElement\":[{\"@type\":\"ListItem\",\"position\":1,\"name\":\"Home\",\"item\":\"https:\/\/denizcankizil.tr\/de\/\"},{\"@type\":\"ListItem\",\"position\":2,\"name\":\"\u0130ssos &#8216;da Kaz\u0131 Devam Edecek\"}]},{\"@type\":\"WebSite\",\"@id\":\"https:\/\/denizcankizil.tr\/#website\",\"url\":\"https:\/\/denizcankizil.tr\/\",\"name\":\"Av. Deniz Can K\u0131z\u0131l\",\"description\":\"Avukat Deniz Can K\u0131z\u0131l Antalya Barosu\",\"publisher\":{\"@id\":\"https:\/\/denizcankizil.tr\/#organization\"},\"potentialAction\":[{\"@type\":\"SearchAction\",\"target\":{\"@type\":\"EntryPoint\",\"urlTemplate\":\"https:\/\/denizcankizil.tr\/?s={search_term_string}\"},\"query-input\":{\"@type\":\"PropertyValueSpecification\",\"valueRequired\":true,\"valueName\":\"search_term_string\"}}],\"inLanguage\":\"en-GB\"},{\"@type\":\"Organization\",\"@id\":\"https:\/\/denizcankizil.tr\/#organization\",\"name\":\"Av. Deniz Can K\u0131z\u0131l\",\"url\":\"https:\/\/denizcankizil.tr\/\",\"logo\":{\"@type\":\"ImageObject\",\"inLanguage\":\"en-GB\",\"@id\":\"https:\/\/denizcankizil.tr\/#\/schema\/logo\/image\/\",\"url\":\"http:\/\/denizcankizil.tr\/wp-content\/uploads\/2024\/10\/siyah-logo-svg.svg\",\"contentUrl\":\"http:\/\/denizcankizil.tr\/wp-content\/uploads\/2024\/10\/siyah-logo-svg.svg\",\"width\":1080,\"height\":1080,\"caption\":\"Av. Deniz Can K\u0131z\u0131l\"},\"image\":{\"@id\":\"https:\/\/denizcankizil.tr\/#\/schema\/logo\/image\/\"}},{\"@type\":\"Person\",\"@id\":\"https:\/\/denizcankizil.tr\/#\/schema\/person\/be3c05fe6a12686905512445d8185489\",\"name\":\"admin\",\"image\":{\"@type\":\"ImageObject\",\"inLanguage\":\"en-GB\",\"@id\":\"https:\/\/denizcankizil.tr\/#\/schema\/person\/image\/\",\"url\":\"https:\/\/secure.gravatar.com\/avatar\/c1fce94c830dc79107e174f890d7210541c4a63e8e5d816341794a2151c9d58c?s=96&d=mm&r=g\",\"contentUrl\":\"https:\/\/secure.gravatar.com\/avatar\/c1fce94c830dc79107e174f890d7210541c4a63e8e5d816341794a2151c9d58c?s=96&d=mm&r=g\",\"caption\":\"admin\"},\"sameAs\":[\"http:\/\/denizcankizil.tr\"],\"url\":\"https:\/\/www.iskenderun.org\/issos-da-kazi-devam-edecek\"}]}<\/script>\n<!-- \/ Yoast SEO Premium plugin. -->","yoast_head_json":{"title":"\u0130ssos 'da Kaz\u0131 Devam Edecek - Av. Deniz Can K\u0131z\u0131l","robots":{"index":"index","follow":"follow","max-snippet":"max-snippet:-1","max-image-preview":"max-image-preview:large","max-video-preview":"max-video-preview:-1"},"canonical":"http:\/\/denizcankizil.tr\/en\/haberler\/gundem\/issos-da-kazi-devam-edecek\/","og_locale":"en_GB","og_type":"article","og_title":"\u0130ssos 'da Kaz\u0131 Devam Edecek","og_description":"HMK\u00dc Arkeoloji B\u00f6l\u00fcm\u00fc \u00f6\u011fretim \u00fcyesi Do\u00e7. Dr. Banu \u00d6zdilek taraf\u0131ndan 2022 y\u0131l\u0131ndan beri Hatay Erzin\u2019de s\u00fcrd\u00fcr\u00fclen \u0130ssos Epiphaneia\u2019daki arkeolojik kaz\u0131 ve ara\u015ft\u0131rmalar 2025 y\u0131l\u0131 itibariyle Cumhurba\u015fkanl\u0131\u011f\u0131 Kararnameli kaz\u0131 ve ara\u015ft\u0131rma stat\u00fcs\u00fc elde etti. Bu ba\u015far\u0131 sayesinde Hatay Mustafa Kemal \u00dcniversitesi\u2019ne, T\u00fcrkiye Cumhuriyeti K\u00fclt\u00fcr ve Turizm Bakanl\u0131\u011f\u0131 ortakl\u0131\u011f\u0131nda uluslararas\u0131 bir bilim projesi kazand\u0131r\u0131ld\u0131. 2022 y\u0131l\u0131ndan itibaren Hatay Mustafa Kemal \u00dcniversite\u2019nin \u00f6\u011fretim \u00fcyeleri ve \u00f6\u011frencilerinin kat\u0131l\u0131m sa\u011flad\u0131\u011f\u0131 ara\u015ft\u0131rmalar\u0131n bu stat\u00fc ile daha etkili ve geni\u015f kapsaml\u0131 interdisipliner ortakl\u0131klarla y\u00fcr\u00fct\u00fclece\u011fi belirtildi. \u200bHatay Mustafa Kemal \u00dcniversitesi (HMK\u00dc) \u0130ssos Epiphaneia\u2019daki arkeolojik kaz\u0131 ve ara\u015ft\u0131rmalar\u0131 Cumhurba\u015fkanl\u0131\u011f\u0131 Kararnamesi ile Kaz\u0131 ve Ara\u015ft\u0131rma Stat\u00fcs\u00fc Kazand\u0131.\u00a0 \u200bHaberin Al\u0131nt\u0131land\u0131\u011f\u0131 Kaynak: www.iskenderun.org","og_url":"http:\/\/denizcankizil.tr\/en\/haberler\/gundem\/issos-da-kazi-devam-edecek\/","og_site_name":"Av. Deniz Can K\u0131z\u0131l","article_published_time":"2025-03-05T12:42:20+00:00","author":"admin","twitter_card":"summary_large_image","twitter_misc":{"Written by":"admin","Estimated reading time":"1 minute"},"schema":{"@context":"https:\/\/schema.org","@graph":[{"@type":"Article","@id":"http:\/\/denizcankizil.tr\/en\/haberler\/gundem\/issos-da-kazi-devam-edecek\/#article","isPartOf":{"@id":"http:\/\/denizcankizil.tr\/en\/haberler\/gundem\/issos-da-kazi-devam-edecek\/"},"author":{"name":"admin","@id":"https:\/\/denizcankizil.tr\/#\/schema\/person\/be3c05fe6a12686905512445d8185489"},"headline":"\u0130ssos &#8216;da Kaz\u0131 Devam Edecek","datePublished":"2025-03-05T12:42:20+00:00","mainEntityOfPage":{"@id":"http:\/\/denizcankizil.tr\/en\/haberler\/gundem\/issos-da-kazi-devam-edecek\/"},"wordCount":153,"commentCount":0,"publisher":{"@id":"https:\/\/denizcankizil.tr\/#organization"},"articleSection":["G\u00fcndem"],"inLanguage":"en-GB","potentialAction":[{"@type":"CommentAction","name":"Comment","target":["http:\/\/denizcankizil.tr\/en\/haberler\/gundem\/issos-da-kazi-devam-edecek\/#respond"]}]},{"@type":"WebPage","@id":"http:\/\/denizcankizil.tr\/en\/haberler\/gundem\/issos-da-kazi-devam-edecek\/","url":"http:\/\/denizcankizil.tr\/en\/haberler\/gundem\/issos-da-kazi-devam-edecek\/","name":"\u0130ssos 'da Kaz\u0131 Devam Edecek - Av. Deniz Can K\u0131z\u0131l","isPartOf":{"@id":"https:\/\/denizcankizil.tr\/#website"},"datePublished":"2025-03-05T12:42:20+00:00","breadcrumb":{"@id":"http:\/\/denizcankizil.tr\/en\/haberler\/gundem\/issos-da-kazi-devam-edecek\/#breadcrumb"},"inLanguage":"en-GB","potentialAction":[{"@type":"ReadAction","target":["http:\/\/denizcankizil.tr\/en\/haberler\/gundem\/issos-da-kazi-devam-edecek\/"]}]},{"@type":"BreadcrumbList","@id":"http:\/\/denizcankizil.tr\/en\/haberler\/gundem\/issos-da-kazi-devam-edecek\/#breadcrumb","itemListElement":[{"@type":"ListItem","position":1,"name":"Home","item":"https:\/\/denizcankizil.tr\/de\/"},{"@type":"ListItem","position":2,"name":"\u0130ssos &#8216;da Kaz\u0131 Devam Edecek"}]},{"@type":"WebSite","@id":"https:\/\/denizcankizil.tr\/#website","url":"https:\/\/denizcankizil.tr\/","name":"Av. Deniz Can K\u0131z\u0131l","description":"Avukat Deniz Can K\u0131z\u0131l Antalya Barosu","publisher":{"@id":"https:\/\/denizcankizil.tr\/#organization"},"potentialAction":[{"@type":"SearchAction","target":{"@type":"EntryPoint","urlTemplate":"https:\/\/denizcankizil.tr\/?s={search_term_string}"},"query-input":{"@type":"PropertyValueSpecification","valueRequired":true,"valueName":"search_term_string"}}],"inLanguage":"en-GB"},{"@type":"Organization","@id":"https:\/\/denizcankizil.tr\/#organization","name":"Av. Deniz Can K\u0131z\u0131l","url":"https:\/\/denizcankizil.tr\/","logo":{"@type":"ImageObject","inLanguage":"en-GB","@id":"https:\/\/denizcankizil.tr\/#\/schema\/logo\/image\/","url":"http:\/\/denizcankizil.tr\/wp-content\/uploads\/2024\/10\/siyah-logo-svg.svg","contentUrl":"http:\/\/denizcankizil.tr\/wp-content\/uploads\/2024\/10\/siyah-logo-svg.svg","width":1080,"height":1080,"caption":"Av. Deniz Can K\u0131z\u0131l"},"image":{"@id":"https:\/\/denizcankizil.tr\/#\/schema\/logo\/image\/"}},{"@type":"Person","@id":"https:\/\/denizcankizil.tr\/#\/schema\/person\/be3c05fe6a12686905512445d8185489","name":"admin","image":{"@type":"ImageObject","inLanguage":"en-GB","@id":"https:\/\/denizcankizil.tr\/#\/schema\/person\/image\/","url":"https:\/\/secure.gravatar.com\/avatar\/c1fce94c830dc79107e174f890d7210541c4a63e8e5d816341794a2151c9d58c?s=96&d=mm&r=g","contentUrl":"https:\/\/secure.gravatar.com\/avatar\/c1fce94c830dc79107e174f890d7210541c4a63e8e5d816341794a2151c9d58c?s=96&d=mm&r=g","caption":"admin"},"sameAs":["http:\/\/denizcankizil.tr"],"url":"https:\/\/www.iskenderun.org\/issos-da-kazi-devam-edecek"}]}},"_links":{"self":[{"href":"http:\/\/denizcankizil.tr\/en\/wp-json\/wp\/v2\/posts\/34774","targetHints":{"allow":["GET"]}}],"collection":[{"href":"http:\/\/denizcankizil.tr\/en\/wp-json\/wp\/v2\/posts"}],"about":[{"href":"http:\/\/denizcankizil.tr\/en\/wp-json\/wp\/v2\/types\/post"}],"author":[{"embeddable":true,"href":"http:\/\/denizcankizil.tr\/en\/wp-json\/wp\/v2\/users\/1"}],"replies":[{"embeddable":true,"href":"http:\/\/denizcankizil.tr\/en\/wp-json\/wp\/v2\/comments?post=34774"}],"version-history":[{"count":0,"href":"http:\/\/denizcankizil.tr\/en\/wp-json\/wp\/v2\/posts\/34774\/revisions"}],"wp:attachment":[{"href":"http:\/\/denizcankizil.tr\/en\/wp-json\/wp\/v2\/media?parent=34774"}],"wp:term":[{"taxonomy":"category","embeddable":true,"href":"http:\/\/denizcankizil.tr\/en\/wp-json\/wp\/v2\/categories?post=34774"},{"taxonomy":"post_tag","embeddable":true,"href":"http:\/\/denizcankizil.tr\/en\/wp-json\/wp\/v2\/tags?post=34774"}],"curies":[{"name":"wp","href":"https:\/\/api.w.org\/{rel}","templated":true}]}}