{"id":34679,"date":"2025-03-04T16:41:32","date_gmt":"2025-03-04T13:41:32","guid":{"rendered":"https:\/\/denizcankizil.tr\/uncategorized-tr\/araclarin-lastiklerini-patlatan-sahis-yakalandi\/"},"modified":"2025-03-04T16:41:32","modified_gmt":"2025-03-04T13:41:32","slug":"araclarin-lastiklerini-patlatan-sahis-yakalandi","status":"publish","type":"post","link":"http:\/\/denizcankizil.tr\/en\/haberler\/antalya\/araclarin-lastiklerini-patlatan-sahis-yakalandi\/","title":{"rendered":"Ara\u00e7lar\u0131n lastiklerini patlatan \u015fah\u0131s yakaland\u0131"},"content":{"rendered":"<p>Olay, saat 12.45 s\u0131ralar\u0131nda Cumhuriyet Mahallesi Ulusal Egemenlik Bulvar\u0131\u2019nda meydana geldi. Edinilen bilgiye g\u00f6re, K.S.T.(30) isimli \u015fah\u0131s, elindeki b\u0131\u00e7akla cadde \u00fczerindeki park halindeki ara\u00e7lar\u0131n lastiklerini patlatarak zarar verdi. \u00c7evredeki vatanda\u015flar\u0131n ihbar\u0131 \u00fczerine olay yerine polis ekipleri sevk edildi. Birka\u00e7 dakika sonra ayn\u0131 \u015fah\u0131s\u0131n Pazarc\u0131 Mahallesi\u2019nde de ara\u00e7lara zarar verdi\u011fi bilgisini alan polis ekipleri, \u015fahs\u0131n bulundu\u011fu yere geldi. Eli b\u0131\u00e7akl\u0131 \u015fahs\u0131 ikna etmekte zorlanan polis ekipleri, \u015fahs\u0131 biber gaz\u0131 kullanarak etkisiz hale getirmek zorunda kald\u0131. \u015eah\u0131s, g\u00f6zalt\u0131na al\u0131nd\u0131ktan sonra olay yerine \u00e7a\u011fr\u0131lan sa\u011fl\u0131k ekiplerince Gazipa\u015fa Devlet Hastanesine kald\u0131r\u0131ld\u0131.<br \/>\nOlayla ilgili tahkikat devam ediyor.<\/p>\n<p>Kaynak: www.kanalv.com.tr Haber Sitesinden Al\u0131nm\u0131\u015ft\u0131r.<\/p>","protected":false},"excerpt":{"rendered":"<p>Olay, saat 12.45 s\u0131ralar\u0131nda Cumhuriyet Mahallesi Ulusal Egemenlik Bulvar\u0131\u2019nda meydana geldi. Edinilen bilgiye g\u00f6re, K.S.T.(30) isimli \u015fah\u0131s, elindeki b\u0131\u00e7akla cadde \u00fczerindeki park halindeki ara\u00e7lar\u0131n lastiklerini patlatarak zarar verdi. \u00c7evredeki vatanda\u015flar\u0131n ihbar\u0131 \u00fczerine olay yerine polis ekipleri sevk edildi. Birka\u00e7 dakika sonra ayn\u0131 \u015fah\u0131s\u0131n Pazarc\u0131 Mahallesi\u2019nde de ara\u00e7lara zarar verdi\u011fi bilgisini alan polis ekipleri, \u015fahs\u0131n bulundu\u011fu yere geldi. Eli b\u0131\u00e7akl\u0131 \u015fahs\u0131 ikna etmekte zorlanan polis ekipleri, \u015fahs\u0131 biber gaz\u0131 kullanarak etkisiz hale getirmek zorunda kald\u0131. \u015eah\u0131s, g\u00f6zalt\u0131na al\u0131nd\u0131ktan sonra olay yerine \u00e7a\u011fr\u0131lan sa\u011fl\u0131k ekiplerince Gazipa\u015fa Devlet Hastanesine kald\u0131r\u0131ld\u0131. Olayla ilgili tahkikat devam ediyor. Kaynak: www.kanalv.com.tr Haber Sitesinden Al\u0131nm\u0131\u015ft\u0131r.<\/p>","protected":false},"author":4,"featured_media":34680,"comment_status":"open","ping_status":"open","sticky":false,"template":"","format":"standard","meta":{"_acf_changed":false,"footnotes":""},"categories":[26],"tags":[],"class_list":["post-34679","post","type-post","status-publish","format-standard","has-post-thumbnail","hentry","category-antalya"],"acf":[],"yoast_head":"<!-- This site is optimized with the Yoast SEO Premium plugin v26.6 (Yoast SEO v27.1.1) - https:\/\/yoast.com\/product\/yoast-seo-premium-wordpress\/ -->\n<title>Ara\u00e7lar\u0131n lastiklerini patlatan \u015fah\u0131s yakaland\u0131 - Av. Deniz Can K\u0131z\u0131l<\/title>\n<meta name=\"robots\" content=\"index, follow, max-snippet:-1, max-image-preview:large, max-video-preview:-1\" \/>\n<link rel=\"canonical\" href=\"http:\/\/denizcankizil.tr\/en\/haberler\/antalya\/araclarin-lastiklerini-patlatan-sahis-yakalandi\/\" \/>\n<meta property=\"og:locale\" content=\"en_GB\" \/>\n<meta property=\"og:type\" content=\"article\" \/>\n<meta property=\"og:title\" content=\"Ara\u00e7lar\u0131n lastiklerini patlatan \u015fah\u0131s yakaland\u0131\" \/>\n<meta property=\"og:description\" content=\"Olay, saat 12.45 s\u0131ralar\u0131nda Cumhuriyet Mahallesi Ulusal Egemenlik Bulvar\u0131\u2019nda meydana geldi. Edinilen bilgiye g\u00f6re, K.S.T.(30) isimli \u015fah\u0131s, elindeki b\u0131\u00e7akla cadde \u00fczerindeki park halindeki ara\u00e7lar\u0131n lastiklerini patlatarak zarar verdi. \u00c7evredeki vatanda\u015flar\u0131n ihbar\u0131 \u00fczerine olay yerine polis ekipleri sevk edildi. Birka\u00e7 dakika sonra ayn\u0131 \u015fah\u0131s\u0131n Pazarc\u0131 Mahallesi\u2019nde de ara\u00e7lara zarar verdi\u011fi bilgisini alan polis ekipleri, \u015fahs\u0131n bulundu\u011fu yere geldi. Eli b\u0131\u00e7akl\u0131 \u015fahs\u0131 ikna etmekte zorlanan polis ekipleri, \u015fahs\u0131 biber gaz\u0131 kullanarak etkisiz hale getirmek zorunda kald\u0131. \u015eah\u0131s, g\u00f6zalt\u0131na al\u0131nd\u0131ktan sonra olay yerine \u00e7a\u011fr\u0131lan sa\u011fl\u0131k ekiplerince Gazipa\u015fa Devlet Hastanesine kald\u0131r\u0131ld\u0131. Olayla ilgili tahkikat devam ediyor. Kaynak: www.kanalv.com.tr Haber Sitesinden Al\u0131nm\u0131\u015ft\u0131r.\" \/>\n<meta property=\"og:url\" content=\"http:\/\/denizcankizil.tr\/en\/haberler\/antalya\/araclarin-lastiklerini-patlatan-sahis-yakalandi\/\" \/>\n<meta property=\"og:site_name\" content=\"Av. Deniz Can K\u0131z\u0131l\" \/>\n<meta property=\"article:published_time\" content=\"2025-03-04T13:41:32+00:00\" \/>\n<meta property=\"og:image\" content=\"http:\/\/denizcankizil.tr\/wp-content\/uploads\/2025\/03\/5315-01-4UTIWG.jpeg\" \/>\n\t<meta property=\"og:image:width\" content=\"1280\" \/>\n\t<meta property=\"og:image:height\" content=\"720\" \/>\n\t<meta property=\"og:image:type\" content=\"image\/jpeg\" \/>\n<meta name=\"author\" content=\"Av. Deniz Can K\u0131z\u0131l\" \/>\n<meta name=\"twitter:card\" content=\"summary_large_image\" \/>\n<meta name=\"twitter:label1\" content=\"Written by\" \/>\n\t<meta name=\"twitter:data1\" content=\"Av. Deniz Can K\u0131z\u0131l\" \/>\n\t<meta name=\"twitter:label2\" content=\"Estimated reading time\" \/>\n\t<meta name=\"twitter:data2\" content=\"1 minute\" \/>\n<script type=\"application\/ld+json\" class=\"yoast-schema-graph\">{\"@context\":\"https:\/\/schema.org\",\"@graph\":[{\"@type\":\"Article\",\"@id\":\"http:\/\/denizcankizil.tr\/en\/haberler\/antalya\/araclarin-lastiklerini-patlatan-sahis-yakalandi\/#article\",\"isPartOf\":{\"@id\":\"http:\/\/denizcankizil.tr\/en\/haberler\/antalya\/araclarin-lastiklerini-patlatan-sahis-yakalandi\/\"},\"author\":{\"name\":\"Av. Deniz Can K\u0131z\u0131l\",\"@id\":\"https:\/\/denizcankizil.tr\/de\/#\/schema\/person\/5dc1b22991bd7ac833867c10afc9b0ff\"},\"headline\":\"Ara\u00e7lar\u0131n lastiklerini patlatan \u015fah\u0131s yakaland\u0131\",\"datePublished\":\"2025-03-04T13:41:32+00:00\",\"mainEntityOfPage\":{\"@id\":\"http:\/\/denizcankizil.tr\/en\/haberler\/antalya\/araclarin-lastiklerini-patlatan-sahis-yakalandi\/\"},\"wordCount\":142,\"commentCount\":0,\"publisher\":{\"@id\":\"https:\/\/denizcankizil.tr\/de\/#organization\"},\"image\":{\"@id\":\"http:\/\/denizcankizil.tr\/en\/haberler\/antalya\/araclarin-lastiklerini-patlatan-sahis-yakalandi\/#primaryimage\"},\"thumbnailUrl\":\"http:\/\/denizcankizil.tr\/wp-content\/uploads\/2025\/03\/5315-01-4UTIWG.jpeg\",\"articleSection\":[\"Antalya\"],\"inLanguage\":\"en-GB\",\"potentialAction\":[{\"@type\":\"CommentAction\",\"name\":\"Comment\",\"target\":[\"http:\/\/denizcankizil.tr\/en\/haberler\/antalya\/araclarin-lastiklerini-patlatan-sahis-yakalandi\/#respond\"]}]},{\"@type\":\"WebPage\",\"@id\":\"http:\/\/denizcankizil.tr\/en\/haberler\/antalya\/araclarin-lastiklerini-patlatan-sahis-yakalandi\/\",\"url\":\"http:\/\/denizcankizil.tr\/en\/haberler\/antalya\/araclarin-lastiklerini-patlatan-sahis-yakalandi\/\",\"name\":\"Ara\u00e7lar\u0131n lastiklerini patlatan \u015fah\u0131s yakaland\u0131 - Av. Deniz Can K\u0131z\u0131l\",\"isPartOf\":{\"@id\":\"https:\/\/denizcankizil.tr\/de\/#website\"},\"primaryImageOfPage\":{\"@id\":\"http:\/\/denizcankizil.tr\/en\/haberler\/antalya\/araclarin-lastiklerini-patlatan-sahis-yakalandi\/#primaryimage\"},\"image\":{\"@id\":\"http:\/\/denizcankizil.tr\/en\/haberler\/antalya\/araclarin-lastiklerini-patlatan-sahis-yakalandi\/#primaryimage\"},\"thumbnailUrl\":\"http:\/\/denizcankizil.tr\/wp-content\/uploads\/2025\/03\/5315-01-4UTIWG.jpeg\",\"datePublished\":\"2025-03-04T13:41:32+00:00\",\"breadcrumb\":{\"@id\":\"http:\/\/denizcankizil.tr\/en\/haberler\/antalya\/araclarin-lastiklerini-patlatan-sahis-yakalandi\/#breadcrumb\"},\"inLanguage\":\"en-GB\",\"potentialAction\":[{\"@type\":\"ReadAction\",\"target\":[\"http:\/\/denizcankizil.tr\/en\/haberler\/antalya\/araclarin-lastiklerini-patlatan-sahis-yakalandi\/\"]}]},{\"@type\":\"ImageObject\",\"inLanguage\":\"en-GB\",\"@id\":\"http:\/\/denizcankizil.tr\/en\/haberler\/antalya\/araclarin-lastiklerini-patlatan-sahis-yakalandi\/#primaryimage\",\"url\":\"http:\/\/denizcankizil.tr\/wp-content\/uploads\/2025\/03\/5315-01-4UTIWG.jpeg\",\"contentUrl\":\"http:\/\/denizcankizil.tr\/wp-content\/uploads\/2025\/03\/5315-01-4UTIWG.jpeg\",\"width\":1280,\"height\":720},{\"@type\":\"BreadcrumbList\",\"@id\":\"http:\/\/denizcankizil.tr\/en\/haberler\/antalya\/araclarin-lastiklerini-patlatan-sahis-yakalandi\/#breadcrumb\",\"itemListElement\":[{\"@type\":\"ListItem\",\"position\":1,\"name\":\"Home\",\"item\":\"https:\/\/denizcankizil.tr\/de\/\"},{\"@type\":\"ListItem\",\"position\":2,\"name\":\"Ara\u00e7lar\u0131n lastiklerini patlatan \u015fah\u0131s yakaland\u0131\"}]},{\"@type\":\"WebSite\",\"@id\":\"https:\/\/denizcankizil.tr\/de\/#website\",\"url\":\"https:\/\/denizcankizil.tr\/de\/\",\"name\":\"Av. Deniz Can K\u0131z\u0131l\",\"description\":\"Avukat Deniz Can K\u0131z\u0131l Antalya Barosu\",\"publisher\":{\"@id\":\"https:\/\/denizcankizil.tr\/de\/#organization\"},\"potentialAction\":[{\"@type\":\"SearchAction\",\"target\":{\"@type\":\"EntryPoint\",\"urlTemplate\":\"https:\/\/denizcankizil.tr\/de\/?s={search_term_string}\"},\"query-input\":{\"@type\":\"PropertyValueSpecification\",\"valueRequired\":true,\"valueName\":\"search_term_string\"}}],\"inLanguage\":\"en-GB\"},{\"@type\":\"Organization\",\"@id\":\"https:\/\/denizcankizil.tr\/de\/#organization\",\"name\":\"Av. Deniz Can K\u0131z\u0131l\",\"url\":\"https:\/\/denizcankizil.tr\/de\/\",\"logo\":{\"@type\":\"ImageObject\",\"inLanguage\":\"en-GB\",\"@id\":\"https:\/\/denizcankizil.tr\/de\/#\/schema\/logo\/image\/\",\"url\":\"http:\/\/denizcankizil.tr\/wp-content\/uploads\/2024\/10\/siyah-logo-svg.svg\",\"contentUrl\":\"http:\/\/denizcankizil.tr\/wp-content\/uploads\/2024\/10\/siyah-logo-svg.svg\",\"width\":1080,\"height\":1080,\"caption\":\"Av. Deniz Can K\u0131z\u0131l\"},\"image\":{\"@id\":\"https:\/\/denizcankizil.tr\/de\/#\/schema\/logo\/image\/\"}},{\"@type\":\"Person\",\"@id\":\"https:\/\/denizcankizil.tr\/de\/#\/schema\/person\/5dc1b22991bd7ac833867c10afc9b0ff\",\"name\":\"Av. Deniz Can K\u0131z\u0131l\",\"image\":{\"@type\":\"ImageObject\",\"inLanguage\":\"en-GB\",\"@id\":\"https:\/\/denizcankizil.tr\/de\/#\/schema\/person\/image\/\",\"url\":\"https:\/\/secure.gravatar.com\/avatar\/a0b128fb9855c79efc976d5640eedb31dc35ec297594d6016d2cf7c60e975bb6?s=96&d=mm&r=g\",\"contentUrl\":\"https:\/\/secure.gravatar.com\/avatar\/a0b128fb9855c79efc976d5640eedb31dc35ec297594d6016d2cf7c60e975bb6?s=96&d=mm&r=g\",\"caption\":\"Av. Deniz Can K\u0131z\u0131l\"},\"sameAs\":[\"http:\/\/www.denizcankizil.tr\"],\"url\":\"http:\/\/denizcankizil.tr\/en\/author\/denizcankizil\/\"}]}<\/script>\n<!-- \/ Yoast SEO Premium plugin. -->","yoast_head_json":{"title":"Ara\u00e7lar\u0131n lastiklerini patlatan \u015fah\u0131s yakaland\u0131 - Av. Deniz Can K\u0131z\u0131l","robots":{"index":"index","follow":"follow","max-snippet":"max-snippet:-1","max-image-preview":"max-image-preview:large","max-video-preview":"max-video-preview:-1"},"canonical":"http:\/\/denizcankizil.tr\/en\/haberler\/antalya\/araclarin-lastiklerini-patlatan-sahis-yakalandi\/","og_locale":"en_GB","og_type":"article","og_title":"Ara\u00e7lar\u0131n lastiklerini patlatan \u015fah\u0131s yakaland\u0131","og_description":"Olay, saat 12.45 s\u0131ralar\u0131nda Cumhuriyet Mahallesi Ulusal Egemenlik Bulvar\u0131\u2019nda meydana geldi. Edinilen bilgiye g\u00f6re, K.S.T.(30) isimli \u015fah\u0131s, elindeki b\u0131\u00e7akla cadde \u00fczerindeki park halindeki ara\u00e7lar\u0131n lastiklerini patlatarak zarar verdi. \u00c7evredeki vatanda\u015flar\u0131n ihbar\u0131 \u00fczerine olay yerine polis ekipleri sevk edildi. Birka\u00e7 dakika sonra ayn\u0131 \u015fah\u0131s\u0131n Pazarc\u0131 Mahallesi\u2019nde de ara\u00e7lara zarar verdi\u011fi bilgisini alan polis ekipleri, \u015fahs\u0131n bulundu\u011fu yere geldi. Eli b\u0131\u00e7akl\u0131 \u015fahs\u0131 ikna etmekte zorlanan polis ekipleri, \u015fahs\u0131 biber gaz\u0131 kullanarak etkisiz hale getirmek zorunda kald\u0131. \u015eah\u0131s, g\u00f6zalt\u0131na al\u0131nd\u0131ktan sonra olay yerine \u00e7a\u011fr\u0131lan sa\u011fl\u0131k ekiplerince Gazipa\u015fa Devlet Hastanesine kald\u0131r\u0131ld\u0131. Olayla ilgili tahkikat devam ediyor. Kaynak: www.kanalv.com.tr Haber Sitesinden Al\u0131nm\u0131\u015ft\u0131r.","og_url":"http:\/\/denizcankizil.tr\/en\/haberler\/antalya\/araclarin-lastiklerini-patlatan-sahis-yakalandi\/","og_site_name":"Av. Deniz Can K\u0131z\u0131l","article_published_time":"2025-03-04T13:41:32+00:00","og_image":[{"width":1280,"height":720,"url":"http:\/\/denizcankizil.tr\/wp-content\/uploads\/2025\/03\/5315-01-4UTIWG.jpeg","type":"image\/jpeg"}],"author":"Av. Deniz Can K\u0131z\u0131l","twitter_card":"summary_large_image","twitter_misc":{"Written by":"Av. Deniz Can K\u0131z\u0131l","Estimated reading time":"1 minute"},"schema":{"@context":"https:\/\/schema.org","@graph":[{"@type":"Article","@id":"http:\/\/denizcankizil.tr\/en\/haberler\/antalya\/araclarin-lastiklerini-patlatan-sahis-yakalandi\/#article","isPartOf":{"@id":"http:\/\/denizcankizil.tr\/en\/haberler\/antalya\/araclarin-lastiklerini-patlatan-sahis-yakalandi\/"},"author":{"name":"Av. Deniz Can K\u0131z\u0131l","@id":"https:\/\/denizcankizil.tr\/de\/#\/schema\/person\/5dc1b22991bd7ac833867c10afc9b0ff"},"headline":"Ara\u00e7lar\u0131n lastiklerini patlatan \u015fah\u0131s yakaland\u0131","datePublished":"2025-03-04T13:41:32+00:00","mainEntityOfPage":{"@id":"http:\/\/denizcankizil.tr\/en\/haberler\/antalya\/araclarin-lastiklerini-patlatan-sahis-yakalandi\/"},"wordCount":142,"commentCount":0,"publisher":{"@id":"https:\/\/denizcankizil.tr\/de\/#organization"},"image":{"@id":"http:\/\/denizcankizil.tr\/en\/haberler\/antalya\/araclarin-lastiklerini-patlatan-sahis-yakalandi\/#primaryimage"},"thumbnailUrl":"http:\/\/denizcankizil.tr\/wp-content\/uploads\/2025\/03\/5315-01-4UTIWG.jpeg","articleSection":["Antalya"],"inLanguage":"en-GB","potentialAction":[{"@type":"CommentAction","name":"Comment","target":["http:\/\/denizcankizil.tr\/en\/haberler\/antalya\/araclarin-lastiklerini-patlatan-sahis-yakalandi\/#respond"]}]},{"@type":"WebPage","@id":"http:\/\/denizcankizil.tr\/en\/haberler\/antalya\/araclarin-lastiklerini-patlatan-sahis-yakalandi\/","url":"http:\/\/denizcankizil.tr\/en\/haberler\/antalya\/araclarin-lastiklerini-patlatan-sahis-yakalandi\/","name":"Ara\u00e7lar\u0131n lastiklerini patlatan \u015fah\u0131s yakaland\u0131 - Av. Deniz Can K\u0131z\u0131l","isPartOf":{"@id":"https:\/\/denizcankizil.tr\/de\/#website"},"primaryImageOfPage":{"@id":"http:\/\/denizcankizil.tr\/en\/haberler\/antalya\/araclarin-lastiklerini-patlatan-sahis-yakalandi\/#primaryimage"},"image":{"@id":"http:\/\/denizcankizil.tr\/en\/haberler\/antalya\/araclarin-lastiklerini-patlatan-sahis-yakalandi\/#primaryimage"},"thumbnailUrl":"http:\/\/denizcankizil.tr\/wp-content\/uploads\/2025\/03\/5315-01-4UTIWG.jpeg","datePublished":"2025-03-04T13:41:32+00:00","breadcrumb":{"@id":"http:\/\/denizcankizil.tr\/en\/haberler\/antalya\/araclarin-lastiklerini-patlatan-sahis-yakalandi\/#breadcrumb"},"inLanguage":"en-GB","potentialAction":[{"@type":"ReadAction","target":["http:\/\/denizcankizil.tr\/en\/haberler\/antalya\/araclarin-lastiklerini-patlatan-sahis-yakalandi\/"]}]},{"@type":"ImageObject","inLanguage":"en-GB","@id":"http:\/\/denizcankizil.tr\/en\/haberler\/antalya\/araclarin-lastiklerini-patlatan-sahis-yakalandi\/#primaryimage","url":"http:\/\/denizcankizil.tr\/wp-content\/uploads\/2025\/03\/5315-01-4UTIWG.jpeg","contentUrl":"http:\/\/denizcankizil.tr\/wp-content\/uploads\/2025\/03\/5315-01-4UTIWG.jpeg","width":1280,"height":720},{"@type":"BreadcrumbList","@id":"http:\/\/denizcankizil.tr\/en\/haberler\/antalya\/araclarin-lastiklerini-patlatan-sahis-yakalandi\/#breadcrumb","itemListElement":[{"@type":"ListItem","position":1,"name":"Home","item":"https:\/\/denizcankizil.tr\/de\/"},{"@type":"ListItem","position":2,"name":"Ara\u00e7lar\u0131n lastiklerini patlatan \u015fah\u0131s yakaland\u0131"}]},{"@type":"WebSite","@id":"https:\/\/denizcankizil.tr\/de\/#website","url":"https:\/\/denizcankizil.tr\/de\/","name":"Av. Deniz Can K\u0131z\u0131l","description":"Avukat Deniz Can K\u0131z\u0131l Antalya Barosu","publisher":{"@id":"https:\/\/denizcankizil.tr\/de\/#organization"},"potentialAction":[{"@type":"SearchAction","target":{"@type":"EntryPoint","urlTemplate":"https:\/\/denizcankizil.tr\/de\/?s={search_term_string}"},"query-input":{"@type":"PropertyValueSpecification","valueRequired":true,"valueName":"search_term_string"}}],"inLanguage":"en-GB"},{"@type":"Organization","@id":"https:\/\/denizcankizil.tr\/de\/#organization","name":"Av. Deniz Can K\u0131z\u0131l","url":"https:\/\/denizcankizil.tr\/de\/","logo":{"@type":"ImageObject","inLanguage":"en-GB","@id":"https:\/\/denizcankizil.tr\/de\/#\/schema\/logo\/image\/","url":"http:\/\/denizcankizil.tr\/wp-content\/uploads\/2024\/10\/siyah-logo-svg.svg","contentUrl":"http:\/\/denizcankizil.tr\/wp-content\/uploads\/2024\/10\/siyah-logo-svg.svg","width":1080,"height":1080,"caption":"Av. Deniz Can K\u0131z\u0131l"},"image":{"@id":"https:\/\/denizcankizil.tr\/de\/#\/schema\/logo\/image\/"}},{"@type":"Person","@id":"https:\/\/denizcankizil.tr\/de\/#\/schema\/person\/5dc1b22991bd7ac833867c10afc9b0ff","name":"Av. Deniz Can K\u0131z\u0131l","image":{"@type":"ImageObject","inLanguage":"en-GB","@id":"https:\/\/denizcankizil.tr\/de\/#\/schema\/person\/image\/","url":"https:\/\/secure.gravatar.com\/avatar\/a0b128fb9855c79efc976d5640eedb31dc35ec297594d6016d2cf7c60e975bb6?s=96&d=mm&r=g","contentUrl":"https:\/\/secure.gravatar.com\/avatar\/a0b128fb9855c79efc976d5640eedb31dc35ec297594d6016d2cf7c60e975bb6?s=96&d=mm&r=g","caption":"Av. Deniz Can K\u0131z\u0131l"},"sameAs":["http:\/\/www.denizcankizil.tr"],"url":"http:\/\/denizcankizil.tr\/en\/author\/denizcankizil\/"}]}},"_links":{"self":[{"href":"http:\/\/denizcankizil.tr\/en\/wp-json\/wp\/v2\/posts\/34679","targetHints":{"allow":["GET"]}}],"collection":[{"href":"http:\/\/denizcankizil.tr\/en\/wp-json\/wp\/v2\/posts"}],"about":[{"href":"http:\/\/denizcankizil.tr\/en\/wp-json\/wp\/v2\/types\/post"}],"author":[{"embeddable":true,"href":"http:\/\/denizcankizil.tr\/en\/wp-json\/wp\/v2\/users\/4"}],"replies":[{"embeddable":true,"href":"http:\/\/denizcankizil.tr\/en\/wp-json\/wp\/v2\/comments?post=34679"}],"version-history":[{"count":0,"href":"http:\/\/denizcankizil.tr\/en\/wp-json\/wp\/v2\/posts\/34679\/revisions"}],"wp:featuredmedia":[{"embeddable":true,"href":"http:\/\/denizcankizil.tr\/en\/wp-json\/wp\/v2\/media\/34680"}],"wp:attachment":[{"href":"http:\/\/denizcankizil.tr\/en\/wp-json\/wp\/v2\/media?parent=34679"}],"wp:term":[{"taxonomy":"category","embeddable":true,"href":"http:\/\/denizcankizil.tr\/en\/wp-json\/wp\/v2\/categories?post=34679"},{"taxonomy":"post_tag","embeddable":true,"href":"http:\/\/denizcankizil.tr\/en\/wp-json\/wp\/v2\/tags?post=34679"}],"curies":[{"name":"wp","href":"https:\/\/api.w.org\/{rel}","templated":true}]}}