{"id":34498,"date":"2025-03-02T12:41:22","date_gmt":"2025-03-02T09:41:22","guid":{"rendered":"https:\/\/denizcankizil.tr\/uncategorized-tr\/hijazkar-grubunun-bicare-aksamlar-konseri-manisalilarla-bulustu-2\/"},"modified":"2025-03-02T12:41:22","modified_gmt":"2025-03-02T09:41:22","slug":"hijazkar-grubunun-bicare-aksamlar-konseri-manisalilarla-bulustu-2","status":"publish","type":"post","link":"http:\/\/denizcankizil.tr\/en\/haberler\/gundem\/hijazkar-grubunun-bicare-aksamlar-konseri-manisalilarla-bulustu-2\/","title":{"rendered":"Hijazk\u00e2r Grubu\u2019nun \u2018Bi\u00e7are Ak\u015famlar\u2019 Konseri Manisal\u0131larla Bulu\u015ftu"},"content":{"rendered":"<p>Manisa B\u00fcy\u00fck\u015fehir Belediyesi taraf\u0131ndan d\u00fczenlenen ve sanatseverlerin b\u00fcy\u00fck ilgi g\u00f6sterdi\u011fi Hijazk\u00e2r Grubu\u2019nun \u2018Bi\u00e7are Ak\u015famlar\u2019 konseri, K\u00fclt\u00fcr Merkezi Lale Salonu\u2019nda vatanda\u015flar\u0131n yo\u011fun kat\u0131l\u0131m\u0131yla ger\u00e7ekle\u015fti.\u00a0MAN\u0130SA (\u0130GFA) &#8211;\u00a0Manisa B\u00fcy\u00fck\u015fehir Belediyesi K\u00fclt\u00fcr ve Sosyal \u0130\u015fler Dairesi taraf\u0131ndan organize edilen, m\u00fczi\u011fin b\u00fcy\u00fcleyici t\u0131n\u0131lar\u0131yla dolu gece, K\u00fclt\u00fcr Merkezi Lale Salonu\u2019nda d\u00fczenlendi.<br \/>\nManisa B\u00fcy\u00fck\u015fehir Belediyesi K\u00fclt\u00fcr ve Sosyal \u0130\u015fler Dairesi Halk E\u011fitim \u015eube M\u00fcd\u00fcr\u00fc Serap G\u00fcc\u00fcyen\u2019in de kat\u0131ld\u0131\u011f\u0131 ve vatanda\u015flar\u0131n yo\u011fun ilgi g\u00f6sterdi\u011fi konser, T\u00fcrk m\u00fczi\u011finin se\u00e7kin eserleriyle izleyicilere unutulmaz anlar ya\u015fatt\u0131.<br \/>\nSanat\u00e7\u0131lar, g\u00fc\u00e7l\u00fc yorumlar\u0131yla dinleyicileri ge\u00e7mi\u015ften g\u00fcn\u00fcm\u00fcze uzanan m\u00fczikal bir yolculu\u011fa \u00e7\u0131kard\u0131. \u00dccretsiz olarak ger\u00e7ekle\u015ftirilen konser, sanatseverlerden tam not ald\u0131. \u0130zleyiciler, duygu dolu anlar ya\u015farken program sonunda sanat\u00e7\u0131lar\u0131 uzun s\u00fcre ayakta alk\u0131\u015flad\u0131.<\/p>\n<p>\u200bManisa B\u00fcy\u00fck\u015fehir Belediyesi taraf\u0131ndan d\u00fczenlenen ve sanatseverlerin b\u00fcy\u00fck ilgi g\u00f6sterdi\u011fi Hijazk\u00e2r Grubu\u2019nun \u2018Bi\u00e7are Ak\u015famlar\u2019 konseri, K\u00fclt\u00fcr Merkezi Lale Salonu\u2019nda vatanda\u015flar\u0131n yo\u011fun kat\u0131l\u0131m\u0131yla ger\u00e7ekle\u015fti.\u00a0MAN\u0130SA (\u0130GFA) &#8211;\u00a0Manisa B\u00fcy\u00fck\u015fehir Belediyesi K\u00fclt\u00fcr ve Sosyal \u0130\u015fler Dairesi taraf\u0131ndan organize edilen, m\u00fczi\u011fin b\u00fcy\u00fcleyici t\u0131n\u0131lar\u0131yla dolu gece, K\u00fclt\u00fcr Merkezi Lale Salonu\u2019nda d\u00fczenlendi.<br \/>\nManisa B\u00fcy\u00fck\u015fehir Belediyesi K\u00fclt\u00fcr ve Sosyal \u0130\u015fler Dairesi Halk E\u011fitim \u015eube M\u00fcd\u00fcr\u00fc Serap G\u00fcc\u00fcyen\u2019in de kat\u0131ld\u0131\u011f\u0131 ve vatanda\u015flar\u0131n yo\u011fun ilgi g\u00f6sterdi\u011fi konser, T\u00fcrk m\u00fczi\u011finin se\u00e7kin eserleriyle izleyicilere unutulmaz anlar ya\u015fatt\u0131.<br \/>\nSanat\u00e7\u0131lar, g\u00fc\u00e7l\u00fc yorumlar\u0131yla dinleyicileri ge\u00e7mi\u015ften g\u00fcn\u00fcm\u00fcze uzanan m\u00fczikal bir yolculu\u011fa \u00e7\u0131kard\u0131. \u00dccretsiz olarak ger\u00e7ekle\u015ftirilen konser, sanatseverlerden tam not ald\u0131. \u0130zleyiciler, duygu dolu anlar ya\u015farken program sonunda sanat\u00e7\u0131lar\u0131 uzun s\u00fcre ayakta alk\u0131\u015flad\u0131.\u00a0<\/p>\n<p>\u200bHaberin Al\u0131nt\u0131land\u0131\u011f\u0131 Kaynak: www.iskenderun.org<\/p>","protected":false},"excerpt":{"rendered":"<p>Manisa B\u00fcy\u00fck\u015fehir Belediyesi taraf\u0131ndan d\u00fczenlenen ve sanatseverlerin b\u00fcy\u00fck ilgi g\u00f6sterdi\u011fi Hijazk\u00e2r Grubu\u2019nun \u2018Bi\u00e7are Ak\u015famlar\u2019 konseri, K\u00fclt\u00fcr Merkezi Lale Salonu\u2019nda vatanda\u015flar\u0131n yo\u011fun kat\u0131l\u0131m\u0131yla ger\u00e7ekle\u015fti.\u00a0MAN\u0130SA (\u0130GFA) &#8211;\u00a0Manisa B\u00fcy\u00fck\u015fehir Belediyesi K\u00fclt\u00fcr ve Sosyal \u0130\u015fler Dairesi taraf\u0131ndan organize edilen, m\u00fczi\u011fin b\u00fcy\u00fcleyici t\u0131n\u0131lar\u0131yla dolu gece, K\u00fclt\u00fcr Merkezi Lale Salonu\u2019nda d\u00fczenlendi. Manisa B\u00fcy\u00fck\u015fehir Belediyesi K\u00fclt\u00fcr ve Sosyal \u0130\u015fler Dairesi Halk E\u011fitim \u015eube M\u00fcd\u00fcr\u00fc Serap G\u00fcc\u00fcyen\u2019in de kat\u0131ld\u0131\u011f\u0131 ve vatanda\u015flar\u0131n yo\u011fun ilgi g\u00f6sterdi\u011fi konser, T\u00fcrk m\u00fczi\u011finin se\u00e7kin eserleriyle izleyicilere unutulmaz anlar ya\u015fatt\u0131. Sanat\u00e7\u0131lar, g\u00fc\u00e7l\u00fc yorumlar\u0131yla dinleyicileri ge\u00e7mi\u015ften g\u00fcn\u00fcm\u00fcze uzanan m\u00fczikal bir yolculu\u011fa \u00e7\u0131kard\u0131. \u00dccretsiz olarak ger\u00e7ekle\u015ftirilen konser, sanatseverlerden tam not ald\u0131. \u0130zleyiciler, duygu dolu anlar ya\u015farken program sonunda sanat\u00e7\u0131lar\u0131 uzun s\u00fcre ayakta alk\u0131\u015flad\u0131. \u200bManisa B\u00fcy\u00fck\u015fehir Belediyesi taraf\u0131ndan d\u00fczenlenen ve sanatseverlerin b\u00fcy\u00fck ilgi g\u00f6sterdi\u011fi Hijazk\u00e2r Grubu\u2019nun \u2018Bi\u00e7are Ak\u015famlar\u2019 konseri, K\u00fclt\u00fcr Merkezi Lale Salonu\u2019nda vatanda\u015flar\u0131n yo\u011fun kat\u0131l\u0131m\u0131yla ger\u00e7ekle\u015fti.\u00a0MAN\u0130SA (\u0130GFA) &#8211;\u00a0Manisa B\u00fcy\u00fck\u015fehir Belediyesi K\u00fclt\u00fcr ve Sosyal \u0130\u015fler Dairesi taraf\u0131ndan organize edilen, m\u00fczi\u011fin b\u00fcy\u00fcleyici t\u0131n\u0131lar\u0131yla dolu gece, K\u00fclt\u00fcr Merkezi Lale Salonu\u2019nda d\u00fczenlendi. Manisa B\u00fcy\u00fck\u015fehir Belediyesi K\u00fclt\u00fcr ve Sosyal \u0130\u015fler Dairesi Halk E\u011fitim \u015eube M\u00fcd\u00fcr\u00fc Serap G\u00fcc\u00fcyen\u2019in de kat\u0131ld\u0131\u011f\u0131 ve vatanda\u015flar\u0131n yo\u011fun ilgi g\u00f6sterdi\u011fi konser, T\u00fcrk m\u00fczi\u011finin se\u00e7kin eserleriyle izleyicilere unutulmaz anlar ya\u015fatt\u0131. Sanat\u00e7\u0131lar, g\u00fc\u00e7l\u00fc yorumlar\u0131yla dinleyicileri ge\u00e7mi\u015ften g\u00fcn\u00fcm\u00fcze uzanan m\u00fczikal bir yolculu\u011fa \u00e7\u0131kard\u0131. \u00dccretsiz olarak ger\u00e7ekle\u015ftirilen konser, sanatseverlerden tam not ald\u0131. &hellip;<\/p>","protected":false},"author":1,"featured_media":0,"comment_status":"open","ping_status":"open","sticky":false,"template":"","format":"standard","meta":{"_acf_changed":false,"footnotes":""},"categories":[24],"tags":[],"class_list":["post-34498","post","type-post","status-publish","format-standard","has-post-thumbnail","hentry","category-gundem"],"acf":[],"yoast_head":"<!-- This site is optimized with the Yoast SEO Premium plugin v26.6 (Yoast SEO v27.1.1) - https:\/\/yoast.com\/product\/yoast-seo-premium-wordpress\/ -->\n<title>Hijazk\u00e2r Grubu\u2019nun \u2018Bi\u00e7are Ak\u015famlar\u2019 Konseri Manisal\u0131larla Bulu\u015ftu - Av. Deniz Can K\u0131z\u0131l<\/title>\n<meta name=\"robots\" content=\"index, follow, max-snippet:-1, max-image-preview:large, max-video-preview:-1\" \/>\n<link rel=\"canonical\" href=\"http:\/\/denizcankizil.tr\/en\/haberler\/gundem\/hijazkar-grubunun-bicare-aksamlar-konseri-manisalilarla-bulustu-2\/\" \/>\n<meta property=\"og:locale\" content=\"en_GB\" \/>\n<meta property=\"og:type\" content=\"article\" \/>\n<meta property=\"og:title\" content=\"Hijazk\u00e2r Grubu\u2019nun \u2018Bi\u00e7are Ak\u015famlar\u2019 Konseri Manisal\u0131larla Bulu\u015ftu\" \/>\n<meta property=\"og:description\" content=\"Manisa B\u00fcy\u00fck\u015fehir Belediyesi taraf\u0131ndan d\u00fczenlenen ve sanatseverlerin b\u00fcy\u00fck ilgi g\u00f6sterdi\u011fi Hijazk\u00e2r Grubu\u2019nun \u2018Bi\u00e7are Ak\u015famlar\u2019 konseri, K\u00fclt\u00fcr Merkezi Lale Salonu\u2019nda vatanda\u015flar\u0131n yo\u011fun kat\u0131l\u0131m\u0131yla ger\u00e7ekle\u015fti.\u00a0MAN\u0130SA (\u0130GFA) &#8211;\u00a0Manisa B\u00fcy\u00fck\u015fehir Belediyesi K\u00fclt\u00fcr ve Sosyal \u0130\u015fler Dairesi taraf\u0131ndan organize edilen, m\u00fczi\u011fin b\u00fcy\u00fcleyici t\u0131n\u0131lar\u0131yla dolu gece, K\u00fclt\u00fcr Merkezi Lale Salonu\u2019nda d\u00fczenlendi. Manisa B\u00fcy\u00fck\u015fehir Belediyesi K\u00fclt\u00fcr ve Sosyal \u0130\u015fler Dairesi Halk E\u011fitim \u015eube M\u00fcd\u00fcr\u00fc Serap G\u00fcc\u00fcyen\u2019in de kat\u0131ld\u0131\u011f\u0131 ve vatanda\u015flar\u0131n yo\u011fun ilgi g\u00f6sterdi\u011fi konser, T\u00fcrk m\u00fczi\u011finin se\u00e7kin eserleriyle izleyicilere unutulmaz anlar ya\u015fatt\u0131. Sanat\u00e7\u0131lar, g\u00fc\u00e7l\u00fc yorumlar\u0131yla dinleyicileri ge\u00e7mi\u015ften g\u00fcn\u00fcm\u00fcze uzanan m\u00fczikal bir yolculu\u011fa \u00e7\u0131kard\u0131. \u00dccretsiz olarak ger\u00e7ekle\u015ftirilen konser, sanatseverlerden tam not ald\u0131. \u0130zleyiciler, duygu dolu anlar ya\u015farken program sonunda sanat\u00e7\u0131lar\u0131 uzun s\u00fcre ayakta alk\u0131\u015flad\u0131. \u200bManisa B\u00fcy\u00fck\u015fehir Belediyesi taraf\u0131ndan d\u00fczenlenen ve sanatseverlerin b\u00fcy\u00fck ilgi g\u00f6sterdi\u011fi Hijazk\u00e2r Grubu\u2019nun \u2018Bi\u00e7are Ak\u015famlar\u2019 konseri, K\u00fclt\u00fcr Merkezi Lale Salonu\u2019nda vatanda\u015flar\u0131n yo\u011fun kat\u0131l\u0131m\u0131yla ger\u00e7ekle\u015fti.\u00a0MAN\u0130SA (\u0130GFA) &#8211;\u00a0Manisa B\u00fcy\u00fck\u015fehir Belediyesi K\u00fclt\u00fcr ve Sosyal \u0130\u015fler Dairesi taraf\u0131ndan organize edilen, m\u00fczi\u011fin b\u00fcy\u00fcleyici t\u0131n\u0131lar\u0131yla dolu gece, K\u00fclt\u00fcr Merkezi Lale Salonu\u2019nda d\u00fczenlendi. Manisa B\u00fcy\u00fck\u015fehir Belediyesi K\u00fclt\u00fcr ve Sosyal \u0130\u015fler Dairesi Halk E\u011fitim \u015eube M\u00fcd\u00fcr\u00fc Serap G\u00fcc\u00fcyen\u2019in de kat\u0131ld\u0131\u011f\u0131 ve vatanda\u015flar\u0131n yo\u011fun ilgi g\u00f6sterdi\u011fi konser, T\u00fcrk m\u00fczi\u011finin se\u00e7kin eserleriyle izleyicilere unutulmaz anlar ya\u015fatt\u0131. Sanat\u00e7\u0131lar, g\u00fc\u00e7l\u00fc yorumlar\u0131yla dinleyicileri ge\u00e7mi\u015ften g\u00fcn\u00fcm\u00fcze uzanan m\u00fczikal bir yolculu\u011fa \u00e7\u0131kard\u0131. \u00dccretsiz olarak ger\u00e7ekle\u015ftirilen konser, sanatseverlerden tam not ald\u0131. &hellip;\" \/>\n<meta property=\"og:url\" content=\"http:\/\/denizcankizil.tr\/en\/haberler\/gundem\/hijazkar-grubunun-bicare-aksamlar-konseri-manisalilarla-bulustu-2\/\" \/>\n<meta property=\"og:site_name\" content=\"Av. Deniz Can K\u0131z\u0131l\" \/>\n<meta property=\"article:published_time\" content=\"2025-03-02T09:41:22+00:00\" \/>\n<meta name=\"author\" content=\"admin\" \/>\n<meta name=\"twitter:card\" content=\"summary_large_image\" \/>\n<meta name=\"twitter:label1\" content=\"Written by\" \/>\n\t<meta name=\"twitter:data1\" content=\"admin\" \/>\n\t<meta name=\"twitter:label2\" content=\"Estimated reading time\" \/>\n\t<meta name=\"twitter:data2\" content=\"2 minutes\" \/>\n<script type=\"application\/ld+json\" class=\"yoast-schema-graph\">{\"@context\":\"https:\/\/schema.org\",\"@graph\":[{\"@type\":\"Article\",\"@id\":\"http:\/\/denizcankizil.tr\/en\/haberler\/gundem\/hijazkar-grubunun-bicare-aksamlar-konseri-manisalilarla-bulustu-2\/#article\",\"isPartOf\":{\"@id\":\"http:\/\/denizcankizil.tr\/en\/haberler\/gundem\/hijazkar-grubunun-bicare-aksamlar-konseri-manisalilarla-bulustu-2\/\"},\"author\":{\"name\":\"admin\",\"@id\":\"https:\/\/denizcankizil.tr\/de\/#\/schema\/person\/be3c05fe6a12686905512445d8185489\"},\"headline\":\"Hijazk\u00e2r Grubu\u2019nun \u2018Bi\u00e7are Ak\u015famlar\u2019 Konseri Manisal\u0131larla Bulu\u015ftu\",\"datePublished\":\"2025-03-02T09:41:22+00:00\",\"mainEntityOfPage\":{\"@id\":\"http:\/\/denizcankizil.tr\/en\/haberler\/gundem\/hijazkar-grubunun-bicare-aksamlar-konseri-manisalilarla-bulustu-2\/\"},\"wordCount\":397,\"commentCount\":0,\"publisher\":{\"@id\":\"https:\/\/denizcankizil.tr\/de\/#organization\"},\"articleSection\":[\"G\u00fcndem\"],\"inLanguage\":\"en-GB\",\"potentialAction\":[{\"@type\":\"CommentAction\",\"name\":\"Comment\",\"target\":[\"http:\/\/denizcankizil.tr\/en\/haberler\/gundem\/hijazkar-grubunun-bicare-aksamlar-konseri-manisalilarla-bulustu-2\/#respond\"]}]},{\"@type\":\"WebPage\",\"@id\":\"http:\/\/denizcankizil.tr\/en\/haberler\/gundem\/hijazkar-grubunun-bicare-aksamlar-konseri-manisalilarla-bulustu-2\/\",\"url\":\"http:\/\/denizcankizil.tr\/en\/haberler\/gundem\/hijazkar-grubunun-bicare-aksamlar-konseri-manisalilarla-bulustu-2\/\",\"name\":\"Hijazk\u00e2r Grubu\u2019nun \u2018Bi\u00e7are Ak\u015famlar\u2019 Konseri Manisal\u0131larla Bulu\u015ftu - Av. Deniz Can K\u0131z\u0131l\",\"isPartOf\":{\"@id\":\"https:\/\/denizcankizil.tr\/de\/#website\"},\"datePublished\":\"2025-03-02T09:41:22+00:00\",\"breadcrumb\":{\"@id\":\"http:\/\/denizcankizil.tr\/en\/haberler\/gundem\/hijazkar-grubunun-bicare-aksamlar-konseri-manisalilarla-bulustu-2\/#breadcrumb\"},\"inLanguage\":\"en-GB\",\"potentialAction\":[{\"@type\":\"ReadAction\",\"target\":[\"http:\/\/denizcankizil.tr\/en\/haberler\/gundem\/hijazkar-grubunun-bicare-aksamlar-konseri-manisalilarla-bulustu-2\/\"]}]},{\"@type\":\"BreadcrumbList\",\"@id\":\"http:\/\/denizcankizil.tr\/en\/haberler\/gundem\/hijazkar-grubunun-bicare-aksamlar-konseri-manisalilarla-bulustu-2\/#breadcrumb\",\"itemListElement\":[{\"@type\":\"ListItem\",\"position\":1,\"name\":\"Home\",\"item\":\"https:\/\/denizcankizil.tr\/de\/\"},{\"@type\":\"ListItem\",\"position\":2,\"name\":\"Hijazk\u00e2r Grubu\u2019nun \u2018Bi\u00e7are Ak\u015famlar\u2019 Konseri Manisal\u0131larla Bulu\u015ftu\"}]},{\"@type\":\"WebSite\",\"@id\":\"https:\/\/denizcankizil.tr\/de\/#website\",\"url\":\"https:\/\/denizcankizil.tr\/de\/\",\"name\":\"Av. Deniz Can K\u0131z\u0131l\",\"description\":\"Avukat Deniz Can K\u0131z\u0131l Antalya Barosu\",\"publisher\":{\"@id\":\"https:\/\/denizcankizil.tr\/de\/#organization\"},\"potentialAction\":[{\"@type\":\"SearchAction\",\"target\":{\"@type\":\"EntryPoint\",\"urlTemplate\":\"https:\/\/denizcankizil.tr\/de\/?s={search_term_string}\"},\"query-input\":{\"@type\":\"PropertyValueSpecification\",\"valueRequired\":true,\"valueName\":\"search_term_string\"}}],\"inLanguage\":\"en-GB\"},{\"@type\":\"Organization\",\"@id\":\"https:\/\/denizcankizil.tr\/de\/#organization\",\"name\":\"Av. Deniz Can K\u0131z\u0131l\",\"url\":\"https:\/\/denizcankizil.tr\/de\/\",\"logo\":{\"@type\":\"ImageObject\",\"inLanguage\":\"en-GB\",\"@id\":\"https:\/\/denizcankizil.tr\/de\/#\/schema\/logo\/image\/\",\"url\":\"http:\/\/denizcankizil.tr\/wp-content\/uploads\/2024\/10\/siyah-logo-svg.svg\",\"contentUrl\":\"http:\/\/denizcankizil.tr\/wp-content\/uploads\/2024\/10\/siyah-logo-svg.svg\",\"width\":1080,\"height\":1080,\"caption\":\"Av. Deniz Can K\u0131z\u0131l\"},\"image\":{\"@id\":\"https:\/\/denizcankizil.tr\/de\/#\/schema\/logo\/image\/\"}},{\"@type\":\"Person\",\"@id\":\"https:\/\/denizcankizil.tr\/de\/#\/schema\/person\/be3c05fe6a12686905512445d8185489\",\"name\":\"admin\",\"image\":{\"@type\":\"ImageObject\",\"inLanguage\":\"en-GB\",\"@id\":\"https:\/\/denizcankizil.tr\/de\/#\/schema\/person\/image\/\",\"url\":\"https:\/\/secure.gravatar.com\/avatar\/c1fce94c830dc79107e174f890d7210541c4a63e8e5d816341794a2151c9d58c?s=96&d=mm&r=g\",\"contentUrl\":\"https:\/\/secure.gravatar.com\/avatar\/c1fce94c830dc79107e174f890d7210541c4a63e8e5d816341794a2151c9d58c?s=96&d=mm&r=g\",\"caption\":\"admin\"},\"sameAs\":[\"http:\/\/denizcankizil.tr\"],\"url\":\"https:\/\/www.iskenderun.org\/hijazkar-grubunun-bicare-aksamlar-konseri-manisalilarla-bulustu-1\"}]}<\/script>\n<!-- \/ Yoast SEO Premium plugin. -->","yoast_head_json":{"title":"Hijazk\u00e2r Grubu\u2019nun \u2018Bi\u00e7are Ak\u015famlar\u2019 Konseri Manisal\u0131larla Bulu\u015ftu - Av. Deniz Can K\u0131z\u0131l","robots":{"index":"index","follow":"follow","max-snippet":"max-snippet:-1","max-image-preview":"max-image-preview:large","max-video-preview":"max-video-preview:-1"},"canonical":"http:\/\/denizcankizil.tr\/en\/haberler\/gundem\/hijazkar-grubunun-bicare-aksamlar-konseri-manisalilarla-bulustu-2\/","og_locale":"en_GB","og_type":"article","og_title":"Hijazk\u00e2r Grubu\u2019nun \u2018Bi\u00e7are Ak\u015famlar\u2019 Konseri Manisal\u0131larla Bulu\u015ftu","og_description":"Manisa B\u00fcy\u00fck\u015fehir Belediyesi taraf\u0131ndan d\u00fczenlenen ve sanatseverlerin b\u00fcy\u00fck ilgi g\u00f6sterdi\u011fi Hijazk\u00e2r Grubu\u2019nun \u2018Bi\u00e7are Ak\u015famlar\u2019 konseri, K\u00fclt\u00fcr Merkezi Lale Salonu\u2019nda vatanda\u015flar\u0131n yo\u011fun kat\u0131l\u0131m\u0131yla ger\u00e7ekle\u015fti.\u00a0MAN\u0130SA (\u0130GFA) &#8211;\u00a0Manisa B\u00fcy\u00fck\u015fehir Belediyesi K\u00fclt\u00fcr ve Sosyal \u0130\u015fler Dairesi taraf\u0131ndan organize edilen, m\u00fczi\u011fin b\u00fcy\u00fcleyici t\u0131n\u0131lar\u0131yla dolu gece, K\u00fclt\u00fcr Merkezi Lale Salonu\u2019nda d\u00fczenlendi. Manisa B\u00fcy\u00fck\u015fehir Belediyesi K\u00fclt\u00fcr ve Sosyal \u0130\u015fler Dairesi Halk E\u011fitim \u015eube M\u00fcd\u00fcr\u00fc Serap G\u00fcc\u00fcyen\u2019in de kat\u0131ld\u0131\u011f\u0131 ve vatanda\u015flar\u0131n yo\u011fun ilgi g\u00f6sterdi\u011fi konser, T\u00fcrk m\u00fczi\u011finin se\u00e7kin eserleriyle izleyicilere unutulmaz anlar ya\u015fatt\u0131. Sanat\u00e7\u0131lar, g\u00fc\u00e7l\u00fc yorumlar\u0131yla dinleyicileri ge\u00e7mi\u015ften g\u00fcn\u00fcm\u00fcze uzanan m\u00fczikal bir yolculu\u011fa \u00e7\u0131kard\u0131. \u00dccretsiz olarak ger\u00e7ekle\u015ftirilen konser, sanatseverlerden tam not ald\u0131. \u0130zleyiciler, duygu dolu anlar ya\u015farken program sonunda sanat\u00e7\u0131lar\u0131 uzun s\u00fcre ayakta alk\u0131\u015flad\u0131. \u200bManisa B\u00fcy\u00fck\u015fehir Belediyesi taraf\u0131ndan d\u00fczenlenen ve sanatseverlerin b\u00fcy\u00fck ilgi g\u00f6sterdi\u011fi Hijazk\u00e2r Grubu\u2019nun \u2018Bi\u00e7are Ak\u015famlar\u2019 konseri, K\u00fclt\u00fcr Merkezi Lale Salonu\u2019nda vatanda\u015flar\u0131n yo\u011fun kat\u0131l\u0131m\u0131yla ger\u00e7ekle\u015fti.\u00a0MAN\u0130SA (\u0130GFA) &#8211;\u00a0Manisa B\u00fcy\u00fck\u015fehir Belediyesi K\u00fclt\u00fcr ve Sosyal \u0130\u015fler Dairesi taraf\u0131ndan organize edilen, m\u00fczi\u011fin b\u00fcy\u00fcleyici t\u0131n\u0131lar\u0131yla dolu gece, K\u00fclt\u00fcr Merkezi Lale Salonu\u2019nda d\u00fczenlendi. Manisa B\u00fcy\u00fck\u015fehir Belediyesi K\u00fclt\u00fcr ve Sosyal \u0130\u015fler Dairesi Halk E\u011fitim \u015eube M\u00fcd\u00fcr\u00fc Serap G\u00fcc\u00fcyen\u2019in de kat\u0131ld\u0131\u011f\u0131 ve vatanda\u015flar\u0131n yo\u011fun ilgi g\u00f6sterdi\u011fi konser, T\u00fcrk m\u00fczi\u011finin se\u00e7kin eserleriyle izleyicilere unutulmaz anlar ya\u015fatt\u0131. Sanat\u00e7\u0131lar, g\u00fc\u00e7l\u00fc yorumlar\u0131yla dinleyicileri ge\u00e7mi\u015ften g\u00fcn\u00fcm\u00fcze uzanan m\u00fczikal bir yolculu\u011fa \u00e7\u0131kard\u0131. \u00dccretsiz olarak ger\u00e7ekle\u015ftirilen konser, sanatseverlerden tam not ald\u0131. &hellip;","og_url":"http:\/\/denizcankizil.tr\/en\/haberler\/gundem\/hijazkar-grubunun-bicare-aksamlar-konseri-manisalilarla-bulustu-2\/","og_site_name":"Av. Deniz Can K\u0131z\u0131l","article_published_time":"2025-03-02T09:41:22+00:00","author":"admin","twitter_card":"summary_large_image","twitter_misc":{"Written by":"admin","Estimated reading time":"2 minutes"},"schema":{"@context":"https:\/\/schema.org","@graph":[{"@type":"Article","@id":"http:\/\/denizcankizil.tr\/en\/haberler\/gundem\/hijazkar-grubunun-bicare-aksamlar-konseri-manisalilarla-bulustu-2\/#article","isPartOf":{"@id":"http:\/\/denizcankizil.tr\/en\/haberler\/gundem\/hijazkar-grubunun-bicare-aksamlar-konseri-manisalilarla-bulustu-2\/"},"author":{"name":"admin","@id":"https:\/\/denizcankizil.tr\/de\/#\/schema\/person\/be3c05fe6a12686905512445d8185489"},"headline":"Hijazk\u00e2r Grubu\u2019nun \u2018Bi\u00e7are Ak\u015famlar\u2019 Konseri Manisal\u0131larla Bulu\u015ftu","datePublished":"2025-03-02T09:41:22+00:00","mainEntityOfPage":{"@id":"http:\/\/denizcankizil.tr\/en\/haberler\/gundem\/hijazkar-grubunun-bicare-aksamlar-konseri-manisalilarla-bulustu-2\/"},"wordCount":397,"commentCount":0,"publisher":{"@id":"https:\/\/denizcankizil.tr\/de\/#organization"},"articleSection":["G\u00fcndem"],"inLanguage":"en-GB","potentialAction":[{"@type":"CommentAction","name":"Comment","target":["http:\/\/denizcankizil.tr\/en\/haberler\/gundem\/hijazkar-grubunun-bicare-aksamlar-konseri-manisalilarla-bulustu-2\/#respond"]}]},{"@type":"WebPage","@id":"http:\/\/denizcankizil.tr\/en\/haberler\/gundem\/hijazkar-grubunun-bicare-aksamlar-konseri-manisalilarla-bulustu-2\/","url":"http:\/\/denizcankizil.tr\/en\/haberler\/gundem\/hijazkar-grubunun-bicare-aksamlar-konseri-manisalilarla-bulustu-2\/","name":"Hijazk\u00e2r Grubu\u2019nun \u2018Bi\u00e7are Ak\u015famlar\u2019 Konseri Manisal\u0131larla Bulu\u015ftu - Av. Deniz Can K\u0131z\u0131l","isPartOf":{"@id":"https:\/\/denizcankizil.tr\/de\/#website"},"datePublished":"2025-03-02T09:41:22+00:00","breadcrumb":{"@id":"http:\/\/denizcankizil.tr\/en\/haberler\/gundem\/hijazkar-grubunun-bicare-aksamlar-konseri-manisalilarla-bulustu-2\/#breadcrumb"},"inLanguage":"en-GB","potentialAction":[{"@type":"ReadAction","target":["http:\/\/denizcankizil.tr\/en\/haberler\/gundem\/hijazkar-grubunun-bicare-aksamlar-konseri-manisalilarla-bulustu-2\/"]}]},{"@type":"BreadcrumbList","@id":"http:\/\/denizcankizil.tr\/en\/haberler\/gundem\/hijazkar-grubunun-bicare-aksamlar-konseri-manisalilarla-bulustu-2\/#breadcrumb","itemListElement":[{"@type":"ListItem","position":1,"name":"Home","item":"https:\/\/denizcankizil.tr\/de\/"},{"@type":"ListItem","position":2,"name":"Hijazk\u00e2r Grubu\u2019nun \u2018Bi\u00e7are Ak\u015famlar\u2019 Konseri Manisal\u0131larla Bulu\u015ftu"}]},{"@type":"WebSite","@id":"https:\/\/denizcankizil.tr\/de\/#website","url":"https:\/\/denizcankizil.tr\/de\/","name":"Av. Deniz Can K\u0131z\u0131l","description":"Avukat Deniz Can K\u0131z\u0131l Antalya Barosu","publisher":{"@id":"https:\/\/denizcankizil.tr\/de\/#organization"},"potentialAction":[{"@type":"SearchAction","target":{"@type":"EntryPoint","urlTemplate":"https:\/\/denizcankizil.tr\/de\/?s={search_term_string}"},"query-input":{"@type":"PropertyValueSpecification","valueRequired":true,"valueName":"search_term_string"}}],"inLanguage":"en-GB"},{"@type":"Organization","@id":"https:\/\/denizcankizil.tr\/de\/#organization","name":"Av. Deniz Can K\u0131z\u0131l","url":"https:\/\/denizcankizil.tr\/de\/","logo":{"@type":"ImageObject","inLanguage":"en-GB","@id":"https:\/\/denizcankizil.tr\/de\/#\/schema\/logo\/image\/","url":"http:\/\/denizcankizil.tr\/wp-content\/uploads\/2024\/10\/siyah-logo-svg.svg","contentUrl":"http:\/\/denizcankizil.tr\/wp-content\/uploads\/2024\/10\/siyah-logo-svg.svg","width":1080,"height":1080,"caption":"Av. Deniz Can K\u0131z\u0131l"},"image":{"@id":"https:\/\/denizcankizil.tr\/de\/#\/schema\/logo\/image\/"}},{"@type":"Person","@id":"https:\/\/denizcankizil.tr\/de\/#\/schema\/person\/be3c05fe6a12686905512445d8185489","name":"admin","image":{"@type":"ImageObject","inLanguage":"en-GB","@id":"https:\/\/denizcankizil.tr\/de\/#\/schema\/person\/image\/","url":"https:\/\/secure.gravatar.com\/avatar\/c1fce94c830dc79107e174f890d7210541c4a63e8e5d816341794a2151c9d58c?s=96&d=mm&r=g","contentUrl":"https:\/\/secure.gravatar.com\/avatar\/c1fce94c830dc79107e174f890d7210541c4a63e8e5d816341794a2151c9d58c?s=96&d=mm&r=g","caption":"admin"},"sameAs":["http:\/\/denizcankizil.tr"],"url":"https:\/\/www.iskenderun.org\/hijazkar-grubunun-bicare-aksamlar-konseri-manisalilarla-bulustu-1"}]}},"_links":{"self":[{"href":"http:\/\/denizcankizil.tr\/en\/wp-json\/wp\/v2\/posts\/34498","targetHints":{"allow":["GET"]}}],"collection":[{"href":"http:\/\/denizcankizil.tr\/en\/wp-json\/wp\/v2\/posts"}],"about":[{"href":"http:\/\/denizcankizil.tr\/en\/wp-json\/wp\/v2\/types\/post"}],"author":[{"embeddable":true,"href":"http:\/\/denizcankizil.tr\/en\/wp-json\/wp\/v2\/users\/1"}],"replies":[{"embeddable":true,"href":"http:\/\/denizcankizil.tr\/en\/wp-json\/wp\/v2\/comments?post=34498"}],"version-history":[{"count":0,"href":"http:\/\/denizcankizil.tr\/en\/wp-json\/wp\/v2\/posts\/34498\/revisions"}],"wp:attachment":[{"href":"http:\/\/denizcankizil.tr\/en\/wp-json\/wp\/v2\/media?parent=34498"}],"wp:term":[{"taxonomy":"category","embeddable":true,"href":"http:\/\/denizcankizil.tr\/en\/wp-json\/wp\/v2\/categories?post=34498"},{"taxonomy":"post_tag","embeddable":true,"href":"http:\/\/denizcankizil.tr\/en\/wp-json\/wp\/v2\/tags?post=34498"}],"curies":[{"name":"wp","href":"https:\/\/api.w.org\/{rel}","templated":true}]}}