{"id":34469,"date":"2025-03-01T14:41:32","date_gmt":"2025-03-01T11:41:32","guid":{"rendered":"https:\/\/denizcankizil.tr\/uncategorized-tr\/japonyada-ilk-iftar-yapildi-bile\/"},"modified":"2025-03-01T14:41:32","modified_gmt":"2025-03-01T11:41:32","slug":"japonyada-ilk-iftar-yapildi-bile","status":"publish","type":"post","link":"http:\/\/denizcankizil.tr\/en\/haberler\/gundem\/japonyada-ilk-iftar-yapildi-bile\/","title":{"rendered":"Japonya\u2019da ilk iftar yap\u0131ld\u0131 bile!"},"content":{"rendered":"<p>Japonya&#8217;daki M\u00fcsl\u00fcmanlar, Ramazan heyecan\u0131n\u0131 Tokyo Camii ve Diyanet T\u00fcrk K\u00fclt\u00fcr Merkezi&#8217;nde ya\u015fad\u0131. Ba\u015fkent Tokyo ve \u00e7evresindeki b\u00f6lgelerde ikamet eden bir\u00e7ok M\u00fcsl\u00fcman, Ramazan ay\u0131 s\u00fcresince her ak\u015fam d\u00fczenlenecek olan geleneksel iftar program\u0131n\u0131n ilkinde bir araya geldi.<\/p>\n<p>TOKYO CAM\u0130\u0130\u2019NDE \u0130LK \u0130FTAR<\/p>\n<p>\u00dclkelerinden binlerce kilometre uzakta bulunan bir\u00e7ok M\u00fcsl\u00fcman, Ramazan ay\u0131n\u0131n ilk orucunu birlikte a\u00e7man\u0131n mutlulu\u011funu payla\u015ft\u0131. \u0130slam dinine ilgi duyan baz\u0131 Japonlar da iftar program\u0131na yo\u011fun ilgi g\u00f6sterdi. Tokyo Camii \u0130mam Hatibi Musa Atc\u0131, geleneksel hale gelen iftar program\u0131 kapsam\u0131nda misafirlerini Tokyo Camii&#8217;nde a\u011f\u0131rlad\u0131klar\u0131n\u0131 belirtti.<\/p>\n<p>\u0130FTAR YO\u011eUN \u0130LG\u0130 G\u00d6R\u00dcYOR<\/p>\n<p>Atc\u0131, &#8220;Hafta i\u00e7i 300-400. Hafta sonu ise bu say\u0131 600-700&#8217;e kadar \u00e7\u0131kmakta&#8221; ifadelerini kulland\u0131. T\u00fcrklerin yan\u0131 s\u0131ra di\u011fer \u00fclkelerden olan M\u00fcsl\u00fcmanlar\u0131n ve \u0130slam dinine ilgi duyan gayrim\u00fcslimlerin de iftar program\u0131na yo\u011fun ilgi g\u00f6sterdi\u011fini kaydeden Atc\u0131, &#8220;Ayr\u0131ca hafta sonlar\u0131 daha yo\u011fun olmak \u00fczere M\u00fcsl\u00fcman ya da gayrim\u00fcslim olan Japon karde\u015flerimiz de geliyor. Onlar da etkinliklerimizi ho\u015f kar\u015f\u0131l\u0131yorlar&#8221; \u015feklinde konu\u015ftu.<\/p>\n<p>\u0130SLAM\u2019A \u0130LG\u0130 DUYAN ARKADA\u015eLARINI GET\u0130RD\u0130<\/p>\n<p>M\u00fcsl\u00fcman olan Japon vatanda\u015f\u0131 Shinku Shirakawa arkada\u015flar\u0131n\u0131 iftar program\u0131na getirdi\u011fini belirterek, &#8220;Onlar M\u00fcsl\u00fcman de\u011filler, ancak \u0130slam k\u00fclt\u00fcr\u00fcne ilgi duyuyorlar&#8221; dedi. Bir di\u011fer M\u00fcsl\u00fcman Japon vatanda\u015f\u0131 Daisuke Kido da iftar program\u0131nda g\u00f6n\u00fcll\u00fc olarak \u00e7al\u0131\u015fmak i\u00e7in Tokyo Camii&#8217;ne geldi\u011fini s\u00f6yledi. Bir\u00e7ok M\u00fcsl\u00fcman arkada\u015f\u0131n\u0131n yan\u0131 s\u0131ra M\u00fcsl\u00fcman olmayan Japon tan\u0131d\u0131klar\u0131n\u0131 da iftara davet etti\u011fini kaydeden Kido, &#8220;M\u00fcsl\u00fcmanlar i\u00e7in b\u00f6ylesine \u00f6nemli bir ayda ve iftar gibi \u00f6nemli bir etkinlikte birli\u011fimizi peki\u015ftirmekten \u00e7ok mutluyum. Ayn\u0131 zamanda bu bir hay\u0131r i\u015fi&#8221; diye konu\u015ftu.<\/p>\n<p>\u200bM\u00fcbarek Ramazan ay\u0131n\u0131n ilk iftar\u0131 Japonya ve \u00e7evresinde yap\u0131ld\u0131. \u0130lk iftar sofras\u0131n\u0131n kuruldu\u011fu Tokyo Camii doldu ta\u015ft\u0131\u00a0<\/p>\n<p>\u200bHaberin Al\u0131nt\u0131land\u0131\u011f\u0131 Kaynak: www.antalyakorfez.com<\/p>","protected":false},"excerpt":{"rendered":"<p>Japonya&#8217;daki M\u00fcsl\u00fcmanlar, Ramazan heyecan\u0131n\u0131 Tokyo Camii ve Diyanet T\u00fcrk K\u00fclt\u00fcr Merkezi&#8217;nde ya\u015fad\u0131. Ba\u015fkent Tokyo ve \u00e7evresindeki b\u00f6lgelerde ikamet eden bir\u00e7ok M\u00fcsl\u00fcman, Ramazan ay\u0131 s\u00fcresince her ak\u015fam d\u00fczenlenecek olan geleneksel iftar program\u0131n\u0131n ilkinde bir araya geldi. TOKYO CAM\u0130\u0130\u2019NDE \u0130LK \u0130FTAR \u00dclkelerinden binlerce kilometre uzakta bulunan bir\u00e7ok M\u00fcsl\u00fcman, Ramazan ay\u0131n\u0131n ilk orucunu birlikte a\u00e7man\u0131n mutlulu\u011funu payla\u015ft\u0131. \u0130slam dinine ilgi duyan baz\u0131 Japonlar da iftar program\u0131na yo\u011fun ilgi g\u00f6sterdi. Tokyo Camii \u0130mam Hatibi Musa Atc\u0131, geleneksel hale gelen iftar program\u0131 kapsam\u0131nda misafirlerini Tokyo Camii&#8217;nde a\u011f\u0131rlad\u0131klar\u0131n\u0131 belirtti. \u0130FTAR YO\u011eUN \u0130LG\u0130 G\u00d6R\u00dcYOR Atc\u0131, &#8220;Hafta i\u00e7i 300-400. Hafta sonu ise bu say\u0131 600-700&#8217;e kadar \u00e7\u0131kmakta&#8221; ifadelerini kulland\u0131. T\u00fcrklerin yan\u0131 s\u0131ra di\u011fer \u00fclkelerden olan M\u00fcsl\u00fcmanlar\u0131n ve \u0130slam dinine ilgi duyan gayrim\u00fcslimlerin de iftar program\u0131na yo\u011fun ilgi g\u00f6sterdi\u011fini kaydeden Atc\u0131, &#8220;Ayr\u0131ca hafta sonlar\u0131 daha yo\u011fun olmak \u00fczere M\u00fcsl\u00fcman ya da gayrim\u00fcslim olan Japon karde\u015flerimiz de geliyor. Onlar da etkinliklerimizi ho\u015f kar\u015f\u0131l\u0131yorlar&#8221; \u015feklinde konu\u015ftu. \u0130SLAM\u2019A \u0130LG\u0130 DUYAN ARKADA\u015eLARINI GET\u0130RD\u0130 M\u00fcsl\u00fcman olan Japon vatanda\u015f\u0131 Shinku Shirakawa arkada\u015flar\u0131n\u0131 iftar program\u0131na getirdi\u011fini belirterek, &#8220;Onlar M\u00fcsl\u00fcman de\u011filler, ancak \u0130slam k\u00fclt\u00fcr\u00fcne ilgi duyuyorlar&#8221; dedi. Bir di\u011fer M\u00fcsl\u00fcman Japon vatanda\u015f\u0131 Daisuke Kido da iftar program\u0131nda g\u00f6n\u00fcll\u00fc olarak \u00e7al\u0131\u015fmak i\u00e7in Tokyo Camii&#8217;ne geldi\u011fini s\u00f6yledi. Bir\u00e7ok M\u00fcsl\u00fcman arkada\u015f\u0131n\u0131n yan\u0131 s\u0131ra M\u00fcsl\u00fcman olmayan Japon tan\u0131d\u0131klar\u0131n\u0131 da iftara davet &hellip;<\/p>","protected":false},"author":5,"featured_media":0,"comment_status":"open","ping_status":"open","sticky":false,"template":"","format":"standard","meta":{"_acf_changed":false,"footnotes":""},"categories":[24],"tags":[],"class_list":["post-34469","post","type-post","status-publish","format-standard","has-post-thumbnail","hentry","category-gundem"],"acf":[],"yoast_head":"<!-- This site is optimized with the Yoast SEO Premium plugin v26.6 (Yoast SEO v27.1.1) - https:\/\/yoast.com\/product\/yoast-seo-premium-wordpress\/ -->\n<title>Japonya\u2019da ilk iftar yap\u0131ld\u0131 bile! - Av. Deniz Can K\u0131z\u0131l<\/title>\n<meta name=\"robots\" content=\"index, follow, max-snippet:-1, max-image-preview:large, max-video-preview:-1\" \/>\n<link rel=\"canonical\" href=\"http:\/\/denizcankizil.tr\/en\/haberler\/gundem\/japonyada-ilk-iftar-yapildi-bile\/\" \/>\n<meta property=\"og:locale\" content=\"en_GB\" \/>\n<meta property=\"og:type\" content=\"article\" \/>\n<meta property=\"og:title\" content=\"Japonya\u2019da ilk iftar yap\u0131ld\u0131 bile!\" \/>\n<meta property=\"og:description\" content=\"Japonya&#8217;daki M\u00fcsl\u00fcmanlar, Ramazan heyecan\u0131n\u0131 Tokyo Camii ve Diyanet T\u00fcrk K\u00fclt\u00fcr Merkezi&#8217;nde ya\u015fad\u0131. Ba\u015fkent Tokyo ve \u00e7evresindeki b\u00f6lgelerde ikamet eden bir\u00e7ok M\u00fcsl\u00fcman, Ramazan ay\u0131 s\u00fcresince her ak\u015fam d\u00fczenlenecek olan geleneksel iftar program\u0131n\u0131n ilkinde bir araya geldi. TOKYO CAM\u0130\u0130\u2019NDE \u0130LK \u0130FTAR \u00dclkelerinden binlerce kilometre uzakta bulunan bir\u00e7ok M\u00fcsl\u00fcman, Ramazan ay\u0131n\u0131n ilk orucunu birlikte a\u00e7man\u0131n mutlulu\u011funu payla\u015ft\u0131. \u0130slam dinine ilgi duyan baz\u0131 Japonlar da iftar program\u0131na yo\u011fun ilgi g\u00f6sterdi. Tokyo Camii \u0130mam Hatibi Musa Atc\u0131, geleneksel hale gelen iftar program\u0131 kapsam\u0131nda misafirlerini Tokyo Camii&#8217;nde a\u011f\u0131rlad\u0131klar\u0131n\u0131 belirtti. \u0130FTAR YO\u011eUN \u0130LG\u0130 G\u00d6R\u00dcYOR Atc\u0131, &#8220;Hafta i\u00e7i 300-400. Hafta sonu ise bu say\u0131 600-700&#8217;e kadar \u00e7\u0131kmakta&#8221; ifadelerini kulland\u0131. T\u00fcrklerin yan\u0131 s\u0131ra di\u011fer \u00fclkelerden olan M\u00fcsl\u00fcmanlar\u0131n ve \u0130slam dinine ilgi duyan gayrim\u00fcslimlerin de iftar program\u0131na yo\u011fun ilgi g\u00f6sterdi\u011fini kaydeden Atc\u0131, &#8220;Ayr\u0131ca hafta sonlar\u0131 daha yo\u011fun olmak \u00fczere M\u00fcsl\u00fcman ya da gayrim\u00fcslim olan Japon karde\u015flerimiz de geliyor. Onlar da etkinliklerimizi ho\u015f kar\u015f\u0131l\u0131yorlar&#8221; \u015feklinde konu\u015ftu. \u0130SLAM\u2019A \u0130LG\u0130 DUYAN ARKADA\u015eLARINI GET\u0130RD\u0130 M\u00fcsl\u00fcman olan Japon vatanda\u015f\u0131 Shinku Shirakawa arkada\u015flar\u0131n\u0131 iftar program\u0131na getirdi\u011fini belirterek, &#8220;Onlar M\u00fcsl\u00fcman de\u011filler, ancak \u0130slam k\u00fclt\u00fcr\u00fcne ilgi duyuyorlar&#8221; dedi. Bir di\u011fer M\u00fcsl\u00fcman Japon vatanda\u015f\u0131 Daisuke Kido da iftar program\u0131nda g\u00f6n\u00fcll\u00fc olarak \u00e7al\u0131\u015fmak i\u00e7in Tokyo Camii&#8217;ne geldi\u011fini s\u00f6yledi. Bir\u00e7ok M\u00fcsl\u00fcman arkada\u015f\u0131n\u0131n yan\u0131 s\u0131ra M\u00fcsl\u00fcman olmayan Japon tan\u0131d\u0131klar\u0131n\u0131 da iftara davet &hellip;\" \/>\n<meta property=\"og:url\" content=\"http:\/\/denizcankizil.tr\/en\/haberler\/gundem\/japonyada-ilk-iftar-yapildi-bile\/\" \/>\n<meta property=\"og:site_name\" content=\"Av. Deniz Can K\u0131z\u0131l\" \/>\n<meta property=\"article:published_time\" content=\"2025-03-01T11:41:32+00:00\" \/>\n<meta name=\"author\" content=\"Antalya K\u00f6rfez\" \/>\n<meta name=\"twitter:card\" content=\"summary_large_image\" \/>\n<meta name=\"twitter:label1\" content=\"Written by\" \/>\n\t<meta name=\"twitter:data1\" content=\"Antalya K\u00f6rfez\" \/>\n\t<meta name=\"twitter:label2\" content=\"Estimated reading time\" \/>\n\t<meta name=\"twitter:data2\" content=\"2 minutes\" \/>\n<script type=\"application\/ld+json\" class=\"yoast-schema-graph\">{\"@context\":\"https:\/\/schema.org\",\"@graph\":[{\"@type\":\"Article\",\"@id\":\"http:\/\/denizcankizil.tr\/en\/haberler\/gundem\/japonyada-ilk-iftar-yapildi-bile\/#article\",\"isPartOf\":{\"@id\":\"http:\/\/denizcankizil.tr\/en\/haberler\/gundem\/japonyada-ilk-iftar-yapildi-bile\/\"},\"author\":{\"name\":\"Antalya K\u00f6rfez\",\"@id\":\"https:\/\/denizcankizil.tr\/#\/schema\/person\/e1eb71bb4dd684d46563f0af307e1234\"},\"headline\":\"Japonya\u2019da ilk iftar yap\u0131ld\u0131 bile!\",\"datePublished\":\"2025-03-01T11:41:32+00:00\",\"mainEntityOfPage\":{\"@id\":\"http:\/\/denizcankizil.tr\/en\/haberler\/gundem\/japonyada-ilk-iftar-yapildi-bile\/\"},\"wordCount\":376,\"commentCount\":0,\"publisher\":{\"@id\":\"https:\/\/denizcankizil.tr\/#organization\"},\"articleSection\":[\"G\u00fcndem\"],\"inLanguage\":\"en-GB\",\"potentialAction\":[{\"@type\":\"CommentAction\",\"name\":\"Comment\",\"target\":[\"http:\/\/denizcankizil.tr\/en\/haberler\/gundem\/japonyada-ilk-iftar-yapildi-bile\/#respond\"]}]},{\"@type\":\"WebPage\",\"@id\":\"http:\/\/denizcankizil.tr\/en\/haberler\/gundem\/japonyada-ilk-iftar-yapildi-bile\/\",\"url\":\"http:\/\/denizcankizil.tr\/en\/haberler\/gundem\/japonyada-ilk-iftar-yapildi-bile\/\",\"name\":\"Japonya\u2019da ilk iftar yap\u0131ld\u0131 bile! - Av. Deniz Can K\u0131z\u0131l\",\"isPartOf\":{\"@id\":\"https:\/\/denizcankizil.tr\/#website\"},\"datePublished\":\"2025-03-01T11:41:32+00:00\",\"breadcrumb\":{\"@id\":\"http:\/\/denizcankizil.tr\/en\/haberler\/gundem\/japonyada-ilk-iftar-yapildi-bile\/#breadcrumb\"},\"inLanguage\":\"en-GB\",\"potentialAction\":[{\"@type\":\"ReadAction\",\"target\":[\"http:\/\/denizcankizil.tr\/en\/haberler\/gundem\/japonyada-ilk-iftar-yapildi-bile\/\"]}]},{\"@type\":\"BreadcrumbList\",\"@id\":\"http:\/\/denizcankizil.tr\/en\/haberler\/gundem\/japonyada-ilk-iftar-yapildi-bile\/#breadcrumb\",\"itemListElement\":[{\"@type\":\"ListItem\",\"position\":1,\"name\":\"Home\",\"item\":\"https:\/\/denizcankizil.tr\/uk\/\"},{\"@type\":\"ListItem\",\"position\":2,\"name\":\"Japonya\u2019da ilk iftar yap\u0131ld\u0131 bile!\"}]},{\"@type\":\"WebSite\",\"@id\":\"https:\/\/denizcankizil.tr\/#website\",\"url\":\"https:\/\/denizcankizil.tr\/\",\"name\":\"Av. Deniz Can K\u0131z\u0131l\",\"description\":\"Avukat Deniz Can K\u0131z\u0131l Antalya Barosu\",\"publisher\":{\"@id\":\"https:\/\/denizcankizil.tr\/#organization\"},\"potentialAction\":[{\"@type\":\"SearchAction\",\"target\":{\"@type\":\"EntryPoint\",\"urlTemplate\":\"https:\/\/denizcankizil.tr\/?s={search_term_string}\"},\"query-input\":{\"@type\":\"PropertyValueSpecification\",\"valueRequired\":true,\"valueName\":\"search_term_string\"}}],\"inLanguage\":\"en-GB\"},{\"@type\":\"Organization\",\"@id\":\"https:\/\/denizcankizil.tr\/#organization\",\"name\":\"Av. Deniz Can K\u0131z\u0131l\",\"url\":\"https:\/\/denizcankizil.tr\/\",\"logo\":{\"@type\":\"ImageObject\",\"inLanguage\":\"en-GB\",\"@id\":\"https:\/\/denizcankizil.tr\/#\/schema\/logo\/image\/\",\"url\":\"http:\/\/denizcankizil.tr\/wp-content\/uploads\/2024\/10\/siyah-logo-svg.svg\",\"contentUrl\":\"http:\/\/denizcankizil.tr\/wp-content\/uploads\/2024\/10\/siyah-logo-svg.svg\",\"width\":1080,\"height\":1080,\"caption\":\"Av. Deniz Can K\u0131z\u0131l\"},\"image\":{\"@id\":\"https:\/\/denizcankizil.tr\/#\/schema\/logo\/image\/\"}},{\"@type\":\"Person\",\"@id\":\"https:\/\/denizcankizil.tr\/#\/schema\/person\/e1eb71bb4dd684d46563f0af307e1234\",\"name\":\"Antalya K\u00f6rfez\",\"image\":{\"@type\":\"ImageObject\",\"inLanguage\":\"en-GB\",\"@id\":\"https:\/\/denizcankizil.tr\/#\/schema\/person\/image\/\",\"url\":\"https:\/\/secure.gravatar.com\/avatar\/42b01982558a48a0b501fdcab6a408d3717ea5919095ee2e67b0e521799c5905?s=96&d=mm&r=g\",\"contentUrl\":\"https:\/\/secure.gravatar.com\/avatar\/42b01982558a48a0b501fdcab6a408d3717ea5919095ee2e67b0e521799c5905?s=96&d=mm&r=g\",\"caption\":\"Antalya K\u00f6rfez\"},\"sameAs\":[\"http:\/\/www.antalyakorfez.com\"],\"url\":\"https:\/\/www.antalyakorfez.com\/japonyada-ilk-iftar-yapildi-bile\"}]}<\/script>\n<!-- \/ Yoast SEO Premium plugin. -->","yoast_head_json":{"title":"Japonya\u2019da ilk iftar yap\u0131ld\u0131 bile! - Av. Deniz Can K\u0131z\u0131l","robots":{"index":"index","follow":"follow","max-snippet":"max-snippet:-1","max-image-preview":"max-image-preview:large","max-video-preview":"max-video-preview:-1"},"canonical":"http:\/\/denizcankizil.tr\/en\/haberler\/gundem\/japonyada-ilk-iftar-yapildi-bile\/","og_locale":"en_GB","og_type":"article","og_title":"Japonya\u2019da ilk iftar yap\u0131ld\u0131 bile!","og_description":"Japonya&#8217;daki M\u00fcsl\u00fcmanlar, Ramazan heyecan\u0131n\u0131 Tokyo Camii ve Diyanet T\u00fcrk K\u00fclt\u00fcr Merkezi&#8217;nde ya\u015fad\u0131. Ba\u015fkent Tokyo ve \u00e7evresindeki b\u00f6lgelerde ikamet eden bir\u00e7ok M\u00fcsl\u00fcman, Ramazan ay\u0131 s\u00fcresince her ak\u015fam d\u00fczenlenecek olan geleneksel iftar program\u0131n\u0131n ilkinde bir araya geldi. TOKYO CAM\u0130\u0130\u2019NDE \u0130LK \u0130FTAR \u00dclkelerinden binlerce kilometre uzakta bulunan bir\u00e7ok M\u00fcsl\u00fcman, Ramazan ay\u0131n\u0131n ilk orucunu birlikte a\u00e7man\u0131n mutlulu\u011funu payla\u015ft\u0131. \u0130slam dinine ilgi duyan baz\u0131 Japonlar da iftar program\u0131na yo\u011fun ilgi g\u00f6sterdi. Tokyo Camii \u0130mam Hatibi Musa Atc\u0131, geleneksel hale gelen iftar program\u0131 kapsam\u0131nda misafirlerini Tokyo Camii&#8217;nde a\u011f\u0131rlad\u0131klar\u0131n\u0131 belirtti. \u0130FTAR YO\u011eUN \u0130LG\u0130 G\u00d6R\u00dcYOR Atc\u0131, &#8220;Hafta i\u00e7i 300-400. Hafta sonu ise bu say\u0131 600-700&#8217;e kadar \u00e7\u0131kmakta&#8221; ifadelerini kulland\u0131. T\u00fcrklerin yan\u0131 s\u0131ra di\u011fer \u00fclkelerden olan M\u00fcsl\u00fcmanlar\u0131n ve \u0130slam dinine ilgi duyan gayrim\u00fcslimlerin de iftar program\u0131na yo\u011fun ilgi g\u00f6sterdi\u011fini kaydeden Atc\u0131, &#8220;Ayr\u0131ca hafta sonlar\u0131 daha yo\u011fun olmak \u00fczere M\u00fcsl\u00fcman ya da gayrim\u00fcslim olan Japon karde\u015flerimiz de geliyor. Onlar da etkinliklerimizi ho\u015f kar\u015f\u0131l\u0131yorlar&#8221; \u015feklinde konu\u015ftu. \u0130SLAM\u2019A \u0130LG\u0130 DUYAN ARKADA\u015eLARINI GET\u0130RD\u0130 M\u00fcsl\u00fcman olan Japon vatanda\u015f\u0131 Shinku Shirakawa arkada\u015flar\u0131n\u0131 iftar program\u0131na getirdi\u011fini belirterek, &#8220;Onlar M\u00fcsl\u00fcman de\u011filler, ancak \u0130slam k\u00fclt\u00fcr\u00fcne ilgi duyuyorlar&#8221; dedi. Bir di\u011fer M\u00fcsl\u00fcman Japon vatanda\u015f\u0131 Daisuke Kido da iftar program\u0131nda g\u00f6n\u00fcll\u00fc olarak \u00e7al\u0131\u015fmak i\u00e7in Tokyo Camii&#8217;ne geldi\u011fini s\u00f6yledi. Bir\u00e7ok M\u00fcsl\u00fcman arkada\u015f\u0131n\u0131n yan\u0131 s\u0131ra M\u00fcsl\u00fcman olmayan Japon tan\u0131d\u0131klar\u0131n\u0131 da iftara davet &hellip;","og_url":"http:\/\/denizcankizil.tr\/en\/haberler\/gundem\/japonyada-ilk-iftar-yapildi-bile\/","og_site_name":"Av. Deniz Can K\u0131z\u0131l","article_published_time":"2025-03-01T11:41:32+00:00","author":"Antalya K\u00f6rfez","twitter_card":"summary_large_image","twitter_misc":{"Written by":"Antalya K\u00f6rfez","Estimated reading time":"2 minutes"},"schema":{"@context":"https:\/\/schema.org","@graph":[{"@type":"Article","@id":"http:\/\/denizcankizil.tr\/en\/haberler\/gundem\/japonyada-ilk-iftar-yapildi-bile\/#article","isPartOf":{"@id":"http:\/\/denizcankizil.tr\/en\/haberler\/gundem\/japonyada-ilk-iftar-yapildi-bile\/"},"author":{"name":"Antalya K\u00f6rfez","@id":"https:\/\/denizcankizil.tr\/#\/schema\/person\/e1eb71bb4dd684d46563f0af307e1234"},"headline":"Japonya\u2019da ilk iftar yap\u0131ld\u0131 bile!","datePublished":"2025-03-01T11:41:32+00:00","mainEntityOfPage":{"@id":"http:\/\/denizcankizil.tr\/en\/haberler\/gundem\/japonyada-ilk-iftar-yapildi-bile\/"},"wordCount":376,"commentCount":0,"publisher":{"@id":"https:\/\/denizcankizil.tr\/#organization"},"articleSection":["G\u00fcndem"],"inLanguage":"en-GB","potentialAction":[{"@type":"CommentAction","name":"Comment","target":["http:\/\/denizcankizil.tr\/en\/haberler\/gundem\/japonyada-ilk-iftar-yapildi-bile\/#respond"]}]},{"@type":"WebPage","@id":"http:\/\/denizcankizil.tr\/en\/haberler\/gundem\/japonyada-ilk-iftar-yapildi-bile\/","url":"http:\/\/denizcankizil.tr\/en\/haberler\/gundem\/japonyada-ilk-iftar-yapildi-bile\/","name":"Japonya\u2019da ilk iftar yap\u0131ld\u0131 bile! - Av. Deniz Can K\u0131z\u0131l","isPartOf":{"@id":"https:\/\/denizcankizil.tr\/#website"},"datePublished":"2025-03-01T11:41:32+00:00","breadcrumb":{"@id":"http:\/\/denizcankizil.tr\/en\/haberler\/gundem\/japonyada-ilk-iftar-yapildi-bile\/#breadcrumb"},"inLanguage":"en-GB","potentialAction":[{"@type":"ReadAction","target":["http:\/\/denizcankizil.tr\/en\/haberler\/gundem\/japonyada-ilk-iftar-yapildi-bile\/"]}]},{"@type":"BreadcrumbList","@id":"http:\/\/denizcankizil.tr\/en\/haberler\/gundem\/japonyada-ilk-iftar-yapildi-bile\/#breadcrumb","itemListElement":[{"@type":"ListItem","position":1,"name":"Home","item":"https:\/\/denizcankizil.tr\/uk\/"},{"@type":"ListItem","position":2,"name":"Japonya\u2019da ilk iftar yap\u0131ld\u0131 bile!"}]},{"@type":"WebSite","@id":"https:\/\/denizcankizil.tr\/#website","url":"https:\/\/denizcankizil.tr\/","name":"Av. Deniz Can K\u0131z\u0131l","description":"Avukat Deniz Can K\u0131z\u0131l Antalya Barosu","publisher":{"@id":"https:\/\/denizcankizil.tr\/#organization"},"potentialAction":[{"@type":"SearchAction","target":{"@type":"EntryPoint","urlTemplate":"https:\/\/denizcankizil.tr\/?s={search_term_string}"},"query-input":{"@type":"PropertyValueSpecification","valueRequired":true,"valueName":"search_term_string"}}],"inLanguage":"en-GB"},{"@type":"Organization","@id":"https:\/\/denizcankizil.tr\/#organization","name":"Av. Deniz Can K\u0131z\u0131l","url":"https:\/\/denizcankizil.tr\/","logo":{"@type":"ImageObject","inLanguage":"en-GB","@id":"https:\/\/denizcankizil.tr\/#\/schema\/logo\/image\/","url":"http:\/\/denizcankizil.tr\/wp-content\/uploads\/2024\/10\/siyah-logo-svg.svg","contentUrl":"http:\/\/denizcankizil.tr\/wp-content\/uploads\/2024\/10\/siyah-logo-svg.svg","width":1080,"height":1080,"caption":"Av. Deniz Can K\u0131z\u0131l"},"image":{"@id":"https:\/\/denizcankizil.tr\/#\/schema\/logo\/image\/"}},{"@type":"Person","@id":"https:\/\/denizcankizil.tr\/#\/schema\/person\/e1eb71bb4dd684d46563f0af307e1234","name":"Antalya K\u00f6rfez","image":{"@type":"ImageObject","inLanguage":"en-GB","@id":"https:\/\/denizcankizil.tr\/#\/schema\/person\/image\/","url":"https:\/\/secure.gravatar.com\/avatar\/42b01982558a48a0b501fdcab6a408d3717ea5919095ee2e67b0e521799c5905?s=96&d=mm&r=g","contentUrl":"https:\/\/secure.gravatar.com\/avatar\/42b01982558a48a0b501fdcab6a408d3717ea5919095ee2e67b0e521799c5905?s=96&d=mm&r=g","caption":"Antalya K\u00f6rfez"},"sameAs":["http:\/\/www.antalyakorfez.com"],"url":"https:\/\/www.antalyakorfez.com\/japonyada-ilk-iftar-yapildi-bile"}]}},"_links":{"self":[{"href":"http:\/\/denizcankizil.tr\/en\/wp-json\/wp\/v2\/posts\/34469","targetHints":{"allow":["GET"]}}],"collection":[{"href":"http:\/\/denizcankizil.tr\/en\/wp-json\/wp\/v2\/posts"}],"about":[{"href":"http:\/\/denizcankizil.tr\/en\/wp-json\/wp\/v2\/types\/post"}],"author":[{"embeddable":true,"href":"http:\/\/denizcankizil.tr\/en\/wp-json\/wp\/v2\/users\/5"}],"replies":[{"embeddable":true,"href":"http:\/\/denizcankizil.tr\/en\/wp-json\/wp\/v2\/comments?post=34469"}],"version-history":[{"count":0,"href":"http:\/\/denizcankizil.tr\/en\/wp-json\/wp\/v2\/posts\/34469\/revisions"}],"wp:attachment":[{"href":"http:\/\/denizcankizil.tr\/en\/wp-json\/wp\/v2\/media?parent=34469"}],"wp:term":[{"taxonomy":"category","embeddable":true,"href":"http:\/\/denizcankizil.tr\/en\/wp-json\/wp\/v2\/categories?post=34469"},{"taxonomy":"post_tag","embeddable":true,"href":"http:\/\/denizcankizil.tr\/en\/wp-json\/wp\/v2\/tags?post=34469"}],"curies":[{"name":"wp","href":"https:\/\/api.w.org\/{rel}","templated":true}]}}