{"id":34330,"date":"2025-02-28T11:41:55","date_gmt":"2025-02-28T08:41:55","guid":{"rendered":"https:\/\/denizcankizil.tr\/uncategorized-tr\/izmirde-50-tlye-iftar\/"},"modified":"2025-02-28T11:41:55","modified_gmt":"2025-02-28T08:41:55","slug":"izmirde-50-tlye-iftar","status":"publish","type":"post","link":"http:\/\/denizcankizil.tr\/en\/haberler\/gundem\/izmirde-50-tlye-iftar\/","title":{"rendered":"\u0130zmir&#8217;de 50 TL&#8217;ye iftar!"},"content":{"rendered":"<p>\u0130zmir B\u00fcy\u00fck\u015fehir Belediyesi, Ramazan ay\u0131nda Kent Lokantalar\u0131n\u0131 da iftar program\u0131na d\u00e2hil etti. 80 lira olarak a\u00e7\u0131klanan Ramazan\u2019a \u00f6zel iftar men\u00fcs\u00fc Ba\u015fkan Dr. Cemil Tugay\u2019\u0131n talebi \u00fczerine 50 liraya d\u00fc\u015f\u00fcr\u00fcld\u00fc.\u0130ZM\u0130R (\u0130GFA) &#8211; \u0130zmir B\u00fcy\u00fck\u015fehir Belediye Ba\u015fkan\u0131 Dr. Cemil Tugay\u2019\u0131n g\u00f6reve gelmesi sonras\u0131nda hayata ge\u00e7irilen Kent Lokantalar\u0131 da iftar program\u0131na d\u00e2hil oldu.<br \/>\nHalk\u0131 sa\u011fl\u0131kl\u0131, g\u00fcvenilir ve ekonomik g\u0131da ile bulu\u015fturmak i\u00e7in a\u00e7\u0131lan ve d\u00f6rt \u00e7e\u015fit yeme\u011fin 50 liradan sunuldu\u011fu Kent Lokantalar\u0131, \u00f6zel iftar men\u00fcs\u00fcn\u00fc de ayn\u0131 fiyattan vatanda\u015fla bulu\u015fturacak. Karaba\u011flar, \u00c7i\u011fli, Menemen ve Alia\u011fa\u2019daki lokantalarda iftar yeme\u011fi ilk etapta belirlenen 80 lira yerine Ba\u015fkan Tugay\u2019\u0131n talebiyle 50 liradan sunulacak.<br \/>\nKent Lokantalar\u0131 kentin 5 ayr\u0131 noktas\u0131nda hizmet veriyor. Sadece Kemeralt\u0131\u2019ndaki lokantada Ramazan ay\u0131na \u00f6zel bir program olu\u015fturulmad\u0131. Kent Lokantalar\u0131nda hafta i\u00e7i saat 11.30\u2019dan itibaren verilen rutin hizmet kapsam\u0131nda d\u00f6rt \u00e7e\u015fit yemekten olu\u015fan men\u00fc 50 TL\u2019den sunuluyor.<\/p>\n<p>MEN\u00dc HER G\u00dcN DE\u011e\u0130\u015e\u0130YOR<br \/>\nKent Lokantalar\u0131nda men\u00fc her g\u00fcn de\u011fi\u015fiyor. Mercimek, sebze, \u015fehriye, tavuk suyu, yayla, ezogelin, domates ya da mantar \u00e7orbas\u0131na ana yemek olarak orman kebab\u0131, sebzeli k\u00f6fte, k\u00f6rili f\u0131r\u0131n but, k\u0131ymal\u0131 \u0131spanak, etli nohut, rosto k\u00f6fte, tencere g\u00fcveci, tavuk sote, k\u0131ymal\u0131 bezelye ya da kuru fasulye e\u015flik edecek. Yan\u0131nda ise \u015fehriyeli pirin\u00e7 pilav\u0131, arpa \u015fehriye pilav\u0131, bulgur pilav\u0131, makarna ya da pirin\u00e7 pilav\u0131 olacak. Tatl\u0131 olarak revani veya Kemalpa\u015fa tatl\u0131s\u0131 var. Mevsim salata, yo\u011furt, elma veya portakal da men\u00fcn\u00fcn i\u00e7inde yer al\u0131yor. Ekmek, su, iftariyelik mutlaka her men\u00fcde bulunuyor.<br \/>\n\u00d6te yandan \u0130zmir B\u00fcy\u00fck\u015fehir Belediyesi, Ramazan ay\u0131nda \u00f6zel yemek men\u00fcleri haz\u0131rlayarak her g\u00fcn iftar saatinden \u00f6nce ihtiya\u00e7 sahibi ailelere ula\u015ft\u0131racak. \u0130zmir\u2019deki Dayan\u0131\u015fma Noktalar\u0131 arac\u0131l\u0131\u011f\u0131yla g\u00fcnde 15 bin ki\u015fiye s\u0131cak yemek da\u011f\u0131t\u0131lacak. Ramazan Bayram\u0131\u2019nda sosyal takip sistemine kay\u0131tl\u0131 50 bin \u0130zmirliye bin lira olan ve toplamda 50 milyon TL\u2019ye tekab\u00fcl eden nakdi yard\u0131m sa\u011flanacak. Ayr\u0131ca 50 bin vatanda\u015fa g\u0131da paketi da\u011f\u0131t\u0131lacak.<\/p>\n<p>\u200b\u0130zmir B\u00fcy\u00fck\u015fehir Belediyesi, Ramazan ay\u0131nda Kent Lokantalar\u0131n\u0131 da iftar program\u0131na d\u00e2hil etti. 80 lira olarak a\u00e7\u0131klanan Ramazan\u2019a \u00f6zel iftar men\u00fcs\u00fc Ba\u015fkan Dr. Cemil Tugay\u2019\u0131n talebi \u00fczerine 50 liraya d\u00fc\u015f\u00fcr\u00fcld\u00fc.\u0130ZM\u0130R (\u0130GFA) &#8211; \u0130zmir B\u00fcy\u00fck\u015fehir Belediye Ba\u015fkan\u0131 Dr. Cemil Tugay\u2019\u0131n g\u00f6reve gelmesi sonras\u0131nda hayata ge\u00e7irilen Kent Lokantalar\u0131 da iftar program\u0131na d\u00e2hil oldu.<br \/>\nHalk\u0131 sa\u011fl\u0131kl\u0131, g\u00fcvenilir ve ekonomik g\u0131da ile bulu\u015fturmak i\u00e7in a\u00e7\u0131lan ve d\u00f6rt \u00e7e\u015fit yeme\u011fin 50 liradan sunuldu\u011fu Kent Lokantalar\u0131, \u00f6zel iftar men\u00fcs\u00fcn\u00fc de ayn\u0131 fiyattan vatanda\u015fla bulu\u015fturacak. Karaba\u011flar, \u00c7i\u011fli, Menemen ve Alia\u011fa\u2019daki lokantalarda iftar yeme\u011fi ilk etapta belirlenen 80 lira yerine Ba\u015fkan Tugay\u2019\u0131n talebiyle 50 liradan sunulacak.<br \/>\nKent Lokantalar\u0131 kentin 5 ayr\u0131 noktas\u0131nda hizmet veriyor. Sadece Kemeralt\u0131\u2019ndaki lokantada Ramazan ay\u0131na \u00f6zel bir program olu\u015fturulmad\u0131. Kent Lokantalar\u0131nda hafta i\u00e7i saat 11.30\u2019dan itibaren verilen rutin hizmet kapsam\u0131nda d\u00f6rt \u00e7e\u015fit yemekten olu\u015fan men\u00fc 50 TL\u2019den sunuluyor.<\/p>\n<p>MEN\u00dc HER G\u00dcN DE\u011e\u0130\u015e\u0130YOR<br \/>\nKent Lokantalar\u0131nda men\u00fc her g\u00fcn de\u011fi\u015fiyor. Mercimek, sebze, \u015fehriye, tavuk suyu, yayla, ezogelin, domates ya da mantar \u00e7orbas\u0131na ana yemek olarak orman kebab\u0131, sebzeli k\u00f6fte, k\u00f6rili f\u0131r\u0131n but, k\u0131ymal\u0131 \u0131spanak, etli nohut, rosto k\u00f6fte, tencere g\u00fcveci, tavuk sote, k\u0131ymal\u0131 bezelye ya da kuru fasulye e\u015flik edecek. Yan\u0131nda ise \u015fehriyeli pirin\u00e7 pilav\u0131, arpa \u015fehriye pilav\u0131, bulgur pilav\u0131, makarna ya da pirin\u00e7 pilav\u0131 olacak. Tatl\u0131 olarak revani veya Kemalpa\u015fa tatl\u0131s\u0131 var. Mevsim salata, yo\u011furt, elma veya portakal da men\u00fcn\u00fcn i\u00e7inde yer al\u0131yor. Ekmek, su, iftariyelik mutlaka her men\u00fcde bulunuyor.<br \/>\n\u00d6te yandan \u0130zmir B\u00fcy\u00fck\u015fehir Belediyesi, Ramazan ay\u0131nda \u00f6zel yemek men\u00fcleri haz\u0131rlayarak her g\u00fcn iftar saatinden \u00f6nce ihtiya\u00e7 sahibi ailelere ula\u015ft\u0131racak. \u0130zmir\u2019deki Dayan\u0131\u015fma Noktalar\u0131 arac\u0131l\u0131\u011f\u0131yla g\u00fcnde 15 bin ki\u015fiye s\u0131cak yemek da\u011f\u0131t\u0131lacak. Ramazan Bayram\u0131\u2019nda sosyal takip sistemine kay\u0131tl\u0131 50 bin \u0130zmirliye bin lira olan ve toplamda 50 milyon TL\u2019ye tekab\u00fcl eden nakdi yard\u0131m sa\u011flanacak. Ayr\u0131ca 50 bin vatanda\u015fa g\u0131da paketi da\u011f\u0131t\u0131lacak.\u00a0<\/p>\n<p>\u200bHaberin Al\u0131nt\u0131land\u0131\u011f\u0131 Kaynak: www.iskenderun.org<\/p>","protected":false},"excerpt":{"rendered":"<p>\u0130zmir B\u00fcy\u00fck\u015fehir Belediyesi, Ramazan ay\u0131nda Kent Lokantalar\u0131n\u0131 da iftar program\u0131na d\u00e2hil etti. 80 lira olarak a\u00e7\u0131klanan Ramazan\u2019a \u00f6zel iftar men\u00fcs\u00fc Ba\u015fkan Dr. Cemil Tugay\u2019\u0131n talebi \u00fczerine 50 liraya d\u00fc\u015f\u00fcr\u00fcld\u00fc.\u0130ZM\u0130R (\u0130GFA) &#8211; \u0130zmir B\u00fcy\u00fck\u015fehir Belediye Ba\u015fkan\u0131 Dr. Cemil Tugay\u2019\u0131n g\u00f6reve gelmesi sonras\u0131nda hayata ge\u00e7irilen Kent Lokantalar\u0131 da iftar program\u0131na d\u00e2hil oldu. Halk\u0131 sa\u011fl\u0131kl\u0131, g\u00fcvenilir ve ekonomik g\u0131da ile bulu\u015fturmak i\u00e7in a\u00e7\u0131lan ve d\u00f6rt \u00e7e\u015fit yeme\u011fin 50 liradan sunuldu\u011fu Kent Lokantalar\u0131, \u00f6zel iftar men\u00fcs\u00fcn\u00fc de ayn\u0131 fiyattan vatanda\u015fla bulu\u015fturacak. Karaba\u011flar, \u00c7i\u011fli, Menemen ve Alia\u011fa\u2019daki lokantalarda iftar yeme\u011fi ilk etapta belirlenen 80 lira yerine Ba\u015fkan Tugay\u2019\u0131n talebiyle 50 liradan sunulacak. Kent Lokantalar\u0131 kentin 5 ayr\u0131 noktas\u0131nda hizmet veriyor. Sadece Kemeralt\u0131\u2019ndaki lokantada Ramazan ay\u0131na \u00f6zel bir program olu\u015fturulmad\u0131. Kent Lokantalar\u0131nda hafta i\u00e7i saat 11.30\u2019dan itibaren verilen rutin hizmet kapsam\u0131nda d\u00f6rt \u00e7e\u015fit yemekten olu\u015fan men\u00fc 50 TL\u2019den sunuluyor. MEN\u00dc HER G\u00dcN DE\u011e\u0130\u015e\u0130YOR Kent Lokantalar\u0131nda men\u00fc her g\u00fcn de\u011fi\u015fiyor. Mercimek, sebze, \u015fehriye, tavuk suyu, yayla, ezogelin, domates ya da mantar \u00e7orbas\u0131na ana yemek olarak orman kebab\u0131, sebzeli k\u00f6fte, k\u00f6rili f\u0131r\u0131n but, k\u0131ymal\u0131 \u0131spanak, etli nohut, rosto k\u00f6fte, tencere g\u00fcveci, tavuk sote, k\u0131ymal\u0131 bezelye ya da kuru fasulye e\u015flik edecek. Yan\u0131nda ise \u015fehriyeli pirin\u00e7 pilav\u0131, arpa \u015fehriye pilav\u0131, bulgur pilav\u0131, makarna ya da pirin\u00e7 pilav\u0131 olacak. Tatl\u0131 &hellip;<\/p>","protected":false},"author":1,"featured_media":0,"comment_status":"open","ping_status":"open","sticky":false,"template":"","format":"standard","meta":{"_acf_changed":false,"footnotes":""},"categories":[24],"tags":[],"class_list":["post-34330","post","type-post","status-publish","format-standard","has-post-thumbnail","hentry","category-gundem"],"acf":[],"yoast_head":"<!-- This site is optimized with the Yoast SEO Premium plugin v26.6 (Yoast SEO v27.1.1) - https:\/\/yoast.com\/product\/yoast-seo-premium-wordpress\/ -->\n<title>\u0130zmir&#039;de 50 TL&#039;ye iftar! - Av. Deniz Can K\u0131z\u0131l<\/title>\n<meta name=\"robots\" content=\"index, follow, max-snippet:-1, max-image-preview:large, max-video-preview:-1\" \/>\n<link rel=\"canonical\" href=\"http:\/\/denizcankizil.tr\/en\/haberler\/gundem\/izmirde-50-tlye-iftar\/\" \/>\n<meta property=\"og:locale\" content=\"en_GB\" \/>\n<meta property=\"og:type\" content=\"article\" \/>\n<meta property=\"og:title\" content=\"\u0130zmir&#039;de 50 TL&#039;ye iftar!\" \/>\n<meta property=\"og:description\" content=\"\u0130zmir B\u00fcy\u00fck\u015fehir Belediyesi, Ramazan ay\u0131nda Kent Lokantalar\u0131n\u0131 da iftar program\u0131na d\u00e2hil etti. 80 lira olarak a\u00e7\u0131klanan Ramazan\u2019a \u00f6zel iftar men\u00fcs\u00fc Ba\u015fkan Dr. Cemil Tugay\u2019\u0131n talebi \u00fczerine 50 liraya d\u00fc\u015f\u00fcr\u00fcld\u00fc.\u0130ZM\u0130R (\u0130GFA) &#8211; \u0130zmir B\u00fcy\u00fck\u015fehir Belediye Ba\u015fkan\u0131 Dr. Cemil Tugay\u2019\u0131n g\u00f6reve gelmesi sonras\u0131nda hayata ge\u00e7irilen Kent Lokantalar\u0131 da iftar program\u0131na d\u00e2hil oldu. Halk\u0131 sa\u011fl\u0131kl\u0131, g\u00fcvenilir ve ekonomik g\u0131da ile bulu\u015fturmak i\u00e7in a\u00e7\u0131lan ve d\u00f6rt \u00e7e\u015fit yeme\u011fin 50 liradan sunuldu\u011fu Kent Lokantalar\u0131, \u00f6zel iftar men\u00fcs\u00fcn\u00fc de ayn\u0131 fiyattan vatanda\u015fla bulu\u015fturacak. Karaba\u011flar, \u00c7i\u011fli, Menemen ve Alia\u011fa\u2019daki lokantalarda iftar yeme\u011fi ilk etapta belirlenen 80 lira yerine Ba\u015fkan Tugay\u2019\u0131n talebiyle 50 liradan sunulacak. Kent Lokantalar\u0131 kentin 5 ayr\u0131 noktas\u0131nda hizmet veriyor. Sadece Kemeralt\u0131\u2019ndaki lokantada Ramazan ay\u0131na \u00f6zel bir program olu\u015fturulmad\u0131. Kent Lokantalar\u0131nda hafta i\u00e7i saat 11.30\u2019dan itibaren verilen rutin hizmet kapsam\u0131nda d\u00f6rt \u00e7e\u015fit yemekten olu\u015fan men\u00fc 50 TL\u2019den sunuluyor. MEN\u00dc HER G\u00dcN DE\u011e\u0130\u015e\u0130YOR Kent Lokantalar\u0131nda men\u00fc her g\u00fcn de\u011fi\u015fiyor. Mercimek, sebze, \u015fehriye, tavuk suyu, yayla, ezogelin, domates ya da mantar \u00e7orbas\u0131na ana yemek olarak orman kebab\u0131, sebzeli k\u00f6fte, k\u00f6rili f\u0131r\u0131n but, k\u0131ymal\u0131 \u0131spanak, etli nohut, rosto k\u00f6fte, tencere g\u00fcveci, tavuk sote, k\u0131ymal\u0131 bezelye ya da kuru fasulye e\u015flik edecek. Yan\u0131nda ise \u015fehriyeli pirin\u00e7 pilav\u0131, arpa \u015fehriye pilav\u0131, bulgur pilav\u0131, makarna ya da pirin\u00e7 pilav\u0131 olacak. Tatl\u0131 &hellip;\" \/>\n<meta property=\"og:url\" content=\"http:\/\/denizcankizil.tr\/en\/haberler\/gundem\/izmirde-50-tlye-iftar\/\" \/>\n<meta property=\"og:site_name\" content=\"Av. Deniz Can K\u0131z\u0131l\" \/>\n<meta property=\"article:published_time\" content=\"2025-02-28T08:41:55+00:00\" \/>\n<meta name=\"author\" content=\"admin\" \/>\n<meta name=\"twitter:card\" content=\"summary_large_image\" \/>\n<meta name=\"twitter:label1\" content=\"Written by\" \/>\n\t<meta name=\"twitter:data1\" content=\"admin\" \/>\n\t<meta name=\"twitter:label2\" content=\"Estimated reading time\" \/>\n\t<meta name=\"twitter:data2\" content=\"4 minutes\" \/>\n<script type=\"application\/ld+json\" class=\"yoast-schema-graph\">{\"@context\":\"https:\/\/schema.org\",\"@graph\":[{\"@type\":\"Article\",\"@id\":\"http:\/\/denizcankizil.tr\/en\/haberler\/gundem\/izmirde-50-tlye-iftar\/#article\",\"isPartOf\":{\"@id\":\"http:\/\/denizcankizil.tr\/en\/haberler\/gundem\/izmirde-50-tlye-iftar\/\"},\"author\":{\"name\":\"admin\",\"@id\":\"https:\/\/denizcankizil.tr\/#\/schema\/person\/be3c05fe6a12686905512445d8185489\"},\"headline\":\"\u0130zmir&#8217;de 50 TL&#8217;ye iftar!\",\"datePublished\":\"2025-02-28T08:41:55+00:00\",\"mainEntityOfPage\":{\"@id\":\"http:\/\/denizcankizil.tr\/en\/haberler\/gundem\/izmirde-50-tlye-iftar\/\"},\"wordCount\":785,\"commentCount\":0,\"publisher\":{\"@id\":\"https:\/\/denizcankizil.tr\/#organization\"},\"articleSection\":[\"G\u00fcndem\"],\"inLanguage\":\"en-GB\",\"potentialAction\":[{\"@type\":\"CommentAction\",\"name\":\"Comment\",\"target\":[\"http:\/\/denizcankizil.tr\/en\/haberler\/gundem\/izmirde-50-tlye-iftar\/#respond\"]}]},{\"@type\":\"WebPage\",\"@id\":\"http:\/\/denizcankizil.tr\/en\/haberler\/gundem\/izmirde-50-tlye-iftar\/\",\"url\":\"http:\/\/denizcankizil.tr\/en\/haberler\/gundem\/izmirde-50-tlye-iftar\/\",\"name\":\"\u0130zmir'de 50 TL'ye iftar! - Av. Deniz Can K\u0131z\u0131l\",\"isPartOf\":{\"@id\":\"https:\/\/denizcankizil.tr\/#website\"},\"datePublished\":\"2025-02-28T08:41:55+00:00\",\"breadcrumb\":{\"@id\":\"http:\/\/denizcankizil.tr\/en\/haberler\/gundem\/izmirde-50-tlye-iftar\/#breadcrumb\"},\"inLanguage\":\"en-GB\",\"potentialAction\":[{\"@type\":\"ReadAction\",\"target\":[\"http:\/\/denizcankizil.tr\/en\/haberler\/gundem\/izmirde-50-tlye-iftar\/\"]}]},{\"@type\":\"BreadcrumbList\",\"@id\":\"http:\/\/denizcankizil.tr\/en\/haberler\/gundem\/izmirde-50-tlye-iftar\/#breadcrumb\",\"itemListElement\":[{\"@type\":\"ListItem\",\"position\":1,\"name\":\"Home\",\"item\":\"https:\/\/denizcankizil.tr\/de\/\"},{\"@type\":\"ListItem\",\"position\":2,\"name\":\"\u0130zmir&#8217;de 50 TL&#8217;ye iftar!\"}]},{\"@type\":\"WebSite\",\"@id\":\"https:\/\/denizcankizil.tr\/#website\",\"url\":\"https:\/\/denizcankizil.tr\/\",\"name\":\"Av. Deniz Can K\u0131z\u0131l\",\"description\":\"Avukat Deniz Can K\u0131z\u0131l Antalya Barosu\",\"publisher\":{\"@id\":\"https:\/\/denizcankizil.tr\/#organization\"},\"potentialAction\":[{\"@type\":\"SearchAction\",\"target\":{\"@type\":\"EntryPoint\",\"urlTemplate\":\"https:\/\/denizcankizil.tr\/?s={search_term_string}\"},\"query-input\":{\"@type\":\"PropertyValueSpecification\",\"valueRequired\":true,\"valueName\":\"search_term_string\"}}],\"inLanguage\":\"en-GB\"},{\"@type\":\"Organization\",\"@id\":\"https:\/\/denizcankizil.tr\/#organization\",\"name\":\"Av. Deniz Can K\u0131z\u0131l\",\"url\":\"https:\/\/denizcankizil.tr\/\",\"logo\":{\"@type\":\"ImageObject\",\"inLanguage\":\"en-GB\",\"@id\":\"https:\/\/denizcankizil.tr\/#\/schema\/logo\/image\/\",\"url\":\"http:\/\/denizcankizil.tr\/wp-content\/uploads\/2024\/10\/siyah-logo-svg.svg\",\"contentUrl\":\"http:\/\/denizcankizil.tr\/wp-content\/uploads\/2024\/10\/siyah-logo-svg.svg\",\"width\":1080,\"height\":1080,\"caption\":\"Av. Deniz Can K\u0131z\u0131l\"},\"image\":{\"@id\":\"https:\/\/denizcankizil.tr\/#\/schema\/logo\/image\/\"}},{\"@type\":\"Person\",\"@id\":\"https:\/\/denizcankizil.tr\/#\/schema\/person\/be3c05fe6a12686905512445d8185489\",\"name\":\"admin\",\"image\":{\"@type\":\"ImageObject\",\"inLanguage\":\"en-GB\",\"@id\":\"https:\/\/denizcankizil.tr\/#\/schema\/person\/image\/\",\"url\":\"https:\/\/secure.gravatar.com\/avatar\/c1fce94c830dc79107e174f890d7210541c4a63e8e5d816341794a2151c9d58c?s=96&d=mm&r=g\",\"contentUrl\":\"https:\/\/secure.gravatar.com\/avatar\/c1fce94c830dc79107e174f890d7210541c4a63e8e5d816341794a2151c9d58c?s=96&d=mm&r=g\",\"caption\":\"admin\"},\"sameAs\":[\"http:\/\/denizcankizil.tr\"],\"url\":\"https:\/\/www.iskenderun.org\/izmirde-50-tlye-iftar\"}]}<\/script>\n<!-- \/ Yoast SEO Premium plugin. -->","yoast_head_json":{"title":"\u0130zmir'de 50 TL'ye iftar! - Av. Deniz Can K\u0131z\u0131l","robots":{"index":"index","follow":"follow","max-snippet":"max-snippet:-1","max-image-preview":"max-image-preview:large","max-video-preview":"max-video-preview:-1"},"canonical":"http:\/\/denizcankizil.tr\/en\/haberler\/gundem\/izmirde-50-tlye-iftar\/","og_locale":"en_GB","og_type":"article","og_title":"\u0130zmir'de 50 TL'ye iftar!","og_description":"\u0130zmir B\u00fcy\u00fck\u015fehir Belediyesi, Ramazan ay\u0131nda Kent Lokantalar\u0131n\u0131 da iftar program\u0131na d\u00e2hil etti. 80 lira olarak a\u00e7\u0131klanan Ramazan\u2019a \u00f6zel iftar men\u00fcs\u00fc Ba\u015fkan Dr. Cemil Tugay\u2019\u0131n talebi \u00fczerine 50 liraya d\u00fc\u015f\u00fcr\u00fcld\u00fc.\u0130ZM\u0130R (\u0130GFA) &#8211; \u0130zmir B\u00fcy\u00fck\u015fehir Belediye Ba\u015fkan\u0131 Dr. Cemil Tugay\u2019\u0131n g\u00f6reve gelmesi sonras\u0131nda hayata ge\u00e7irilen Kent Lokantalar\u0131 da iftar program\u0131na d\u00e2hil oldu. Halk\u0131 sa\u011fl\u0131kl\u0131, g\u00fcvenilir ve ekonomik g\u0131da ile bulu\u015fturmak i\u00e7in a\u00e7\u0131lan ve d\u00f6rt \u00e7e\u015fit yeme\u011fin 50 liradan sunuldu\u011fu Kent Lokantalar\u0131, \u00f6zel iftar men\u00fcs\u00fcn\u00fc de ayn\u0131 fiyattan vatanda\u015fla bulu\u015fturacak. Karaba\u011flar, \u00c7i\u011fli, Menemen ve Alia\u011fa\u2019daki lokantalarda iftar yeme\u011fi ilk etapta belirlenen 80 lira yerine Ba\u015fkan Tugay\u2019\u0131n talebiyle 50 liradan sunulacak. Kent Lokantalar\u0131 kentin 5 ayr\u0131 noktas\u0131nda hizmet veriyor. Sadece Kemeralt\u0131\u2019ndaki lokantada Ramazan ay\u0131na \u00f6zel bir program olu\u015fturulmad\u0131. Kent Lokantalar\u0131nda hafta i\u00e7i saat 11.30\u2019dan itibaren verilen rutin hizmet kapsam\u0131nda d\u00f6rt \u00e7e\u015fit yemekten olu\u015fan men\u00fc 50 TL\u2019den sunuluyor. MEN\u00dc HER G\u00dcN DE\u011e\u0130\u015e\u0130YOR Kent Lokantalar\u0131nda men\u00fc her g\u00fcn de\u011fi\u015fiyor. Mercimek, sebze, \u015fehriye, tavuk suyu, yayla, ezogelin, domates ya da mantar \u00e7orbas\u0131na ana yemek olarak orman kebab\u0131, sebzeli k\u00f6fte, k\u00f6rili f\u0131r\u0131n but, k\u0131ymal\u0131 \u0131spanak, etli nohut, rosto k\u00f6fte, tencere g\u00fcveci, tavuk sote, k\u0131ymal\u0131 bezelye ya da kuru fasulye e\u015flik edecek. Yan\u0131nda ise \u015fehriyeli pirin\u00e7 pilav\u0131, arpa \u015fehriye pilav\u0131, bulgur pilav\u0131, makarna ya da pirin\u00e7 pilav\u0131 olacak. Tatl\u0131 &hellip;","og_url":"http:\/\/denizcankizil.tr\/en\/haberler\/gundem\/izmirde-50-tlye-iftar\/","og_site_name":"Av. Deniz Can K\u0131z\u0131l","article_published_time":"2025-02-28T08:41:55+00:00","author":"admin","twitter_card":"summary_large_image","twitter_misc":{"Written by":"admin","Estimated reading time":"4 minutes"},"schema":{"@context":"https:\/\/schema.org","@graph":[{"@type":"Article","@id":"http:\/\/denizcankizil.tr\/en\/haberler\/gundem\/izmirde-50-tlye-iftar\/#article","isPartOf":{"@id":"http:\/\/denizcankizil.tr\/en\/haberler\/gundem\/izmirde-50-tlye-iftar\/"},"author":{"name":"admin","@id":"https:\/\/denizcankizil.tr\/#\/schema\/person\/be3c05fe6a12686905512445d8185489"},"headline":"\u0130zmir&#8217;de 50 TL&#8217;ye iftar!","datePublished":"2025-02-28T08:41:55+00:00","mainEntityOfPage":{"@id":"http:\/\/denizcankizil.tr\/en\/haberler\/gundem\/izmirde-50-tlye-iftar\/"},"wordCount":785,"commentCount":0,"publisher":{"@id":"https:\/\/denizcankizil.tr\/#organization"},"articleSection":["G\u00fcndem"],"inLanguage":"en-GB","potentialAction":[{"@type":"CommentAction","name":"Comment","target":["http:\/\/denizcankizil.tr\/en\/haberler\/gundem\/izmirde-50-tlye-iftar\/#respond"]}]},{"@type":"WebPage","@id":"http:\/\/denizcankizil.tr\/en\/haberler\/gundem\/izmirde-50-tlye-iftar\/","url":"http:\/\/denizcankizil.tr\/en\/haberler\/gundem\/izmirde-50-tlye-iftar\/","name":"\u0130zmir'de 50 TL'ye iftar! - Av. Deniz Can K\u0131z\u0131l","isPartOf":{"@id":"https:\/\/denizcankizil.tr\/#website"},"datePublished":"2025-02-28T08:41:55+00:00","breadcrumb":{"@id":"http:\/\/denizcankizil.tr\/en\/haberler\/gundem\/izmirde-50-tlye-iftar\/#breadcrumb"},"inLanguage":"en-GB","potentialAction":[{"@type":"ReadAction","target":["http:\/\/denizcankizil.tr\/en\/haberler\/gundem\/izmirde-50-tlye-iftar\/"]}]},{"@type":"BreadcrumbList","@id":"http:\/\/denizcankizil.tr\/en\/haberler\/gundem\/izmirde-50-tlye-iftar\/#breadcrumb","itemListElement":[{"@type":"ListItem","position":1,"name":"Home","item":"https:\/\/denizcankizil.tr\/de\/"},{"@type":"ListItem","position":2,"name":"\u0130zmir&#8217;de 50 TL&#8217;ye iftar!"}]},{"@type":"WebSite","@id":"https:\/\/denizcankizil.tr\/#website","url":"https:\/\/denizcankizil.tr\/","name":"Av. Deniz Can K\u0131z\u0131l","description":"Avukat Deniz Can K\u0131z\u0131l Antalya Barosu","publisher":{"@id":"https:\/\/denizcankizil.tr\/#organization"},"potentialAction":[{"@type":"SearchAction","target":{"@type":"EntryPoint","urlTemplate":"https:\/\/denizcankizil.tr\/?s={search_term_string}"},"query-input":{"@type":"PropertyValueSpecification","valueRequired":true,"valueName":"search_term_string"}}],"inLanguage":"en-GB"},{"@type":"Organization","@id":"https:\/\/denizcankizil.tr\/#organization","name":"Av. Deniz Can K\u0131z\u0131l","url":"https:\/\/denizcankizil.tr\/","logo":{"@type":"ImageObject","inLanguage":"en-GB","@id":"https:\/\/denizcankizil.tr\/#\/schema\/logo\/image\/","url":"http:\/\/denizcankizil.tr\/wp-content\/uploads\/2024\/10\/siyah-logo-svg.svg","contentUrl":"http:\/\/denizcankizil.tr\/wp-content\/uploads\/2024\/10\/siyah-logo-svg.svg","width":1080,"height":1080,"caption":"Av. Deniz Can K\u0131z\u0131l"},"image":{"@id":"https:\/\/denizcankizil.tr\/#\/schema\/logo\/image\/"}},{"@type":"Person","@id":"https:\/\/denizcankizil.tr\/#\/schema\/person\/be3c05fe6a12686905512445d8185489","name":"admin","image":{"@type":"ImageObject","inLanguage":"en-GB","@id":"https:\/\/denizcankizil.tr\/#\/schema\/person\/image\/","url":"https:\/\/secure.gravatar.com\/avatar\/c1fce94c830dc79107e174f890d7210541c4a63e8e5d816341794a2151c9d58c?s=96&d=mm&r=g","contentUrl":"https:\/\/secure.gravatar.com\/avatar\/c1fce94c830dc79107e174f890d7210541c4a63e8e5d816341794a2151c9d58c?s=96&d=mm&r=g","caption":"admin"},"sameAs":["http:\/\/denizcankizil.tr"],"url":"https:\/\/www.iskenderun.org\/izmirde-50-tlye-iftar"}]}},"_links":{"self":[{"href":"http:\/\/denizcankizil.tr\/en\/wp-json\/wp\/v2\/posts\/34330","targetHints":{"allow":["GET"]}}],"collection":[{"href":"http:\/\/denizcankizil.tr\/en\/wp-json\/wp\/v2\/posts"}],"about":[{"href":"http:\/\/denizcankizil.tr\/en\/wp-json\/wp\/v2\/types\/post"}],"author":[{"embeddable":true,"href":"http:\/\/denizcankizil.tr\/en\/wp-json\/wp\/v2\/users\/1"}],"replies":[{"embeddable":true,"href":"http:\/\/denizcankizil.tr\/en\/wp-json\/wp\/v2\/comments?post=34330"}],"version-history":[{"count":0,"href":"http:\/\/denizcankizil.tr\/en\/wp-json\/wp\/v2\/posts\/34330\/revisions"}],"wp:attachment":[{"href":"http:\/\/denizcankizil.tr\/en\/wp-json\/wp\/v2\/media?parent=34330"}],"wp:term":[{"taxonomy":"category","embeddable":true,"href":"http:\/\/denizcankizil.tr\/en\/wp-json\/wp\/v2\/categories?post=34330"},{"taxonomy":"post_tag","embeddable":true,"href":"http:\/\/denizcankizil.tr\/en\/wp-json\/wp\/v2\/tags?post=34330"}],"curies":[{"name":"wp","href":"https:\/\/api.w.org\/{rel}","templated":true}]}}