{"id":34205,"date":"2025-02-26T23:41:28","date_gmt":"2025-02-26T20:41:28","guid":{"rendered":"https:\/\/denizcankizil.tr\/uncategorized-tr\/bursa-buyuksehirden-cinucen-tanrikorur-anisina-konser\/"},"modified":"2025-02-26T23:41:28","modified_gmt":"2025-02-26T20:41:28","slug":"bursa-buyuksehirden-cinucen-tanrikorur-anisina-konser","status":"publish","type":"post","link":"http:\/\/denizcankizil.tr\/en\/haberler\/gundem\/bursa-buyuksehirden-cinucen-tanrikorur-anisina-konser\/","title":{"rendered":"Bursa B\u00fcy\u00fck\u015fehir\u2019den Cinu\u00e7en Tanr\u0131korur an\u0131s\u0131na konser"},"content":{"rendered":"<p>Bursa B\u00fcy\u00fck\u015fehir Belediyesi Orkestra \u015eube M\u00fcd\u00fcrl\u00fc\u011f\u00fc taraf\u0131ndan d\u00fczenlenen konserde, ut virt\u00fc\u00f6z\u00fc, bestekar, musiki hocas\u0131 ve yazar Cinu\u00e7en Tanr\u0131korur, vefat\u0131n\u0131n 25. y\u0131l\u0131nda kendi eserleriyle an\u0131ld\u0131.BURSA (\u0130GFA) &#8211;\u00a0Bursa B\u00fcy\u00fck\u015fehir Belediyesi Orkestra \u015eube M\u00fcd\u00fcrl\u00fc\u011f\u00fc T\u00fcrk Sanat M\u00fczi\u011fi B\u00f6l\u00fcm\u00fc taraf\u0131ndan Cinu\u00e7en Tanr\u0131korur&#8217;un vefat\u0131n\u0131n 25. y\u0131l\u0131nda anma konseri d\u00fczenlendi.<br \/>\nSunuculu\u011funu Nalan H\u00f6ke&#8217;nin \u00fcstlendi\u011fi Merinos Atat\u00fcrk Kongre K\u00fclt\u00fcr Merkezi\u2019ndeki konsere, usta sanat\u00e7\u0131n\u0131n e\u015fi Barih\u00fcda Tanr\u0131korur da kat\u0131l\u0131rken, sanatseverler yo\u011fun ilgi g\u00f6sterdi. \u015eef Salih Berkmen y\u00f6netiminde sahne alan T\u00fcrk Sanat M\u00fczi\u011fi B\u00f6l\u00fcm\u00fc sanat\u00e7\u0131lar\u0131, solo ve koro halinde Cinu\u00e7en Tanr\u0131korur\u2019un eserlerini okudu.<br \/>\nUsta sanat\u00e7\u0131n\u0131n eserlerini seslendiren Kemal Alevli, Ay\u015fe Balkan, Serkan Gencer, Esranur \u00c7e\u011fil, Meri\u00e7\u00a0Ersal ve Ay\u015fe G\u00fcl Y\u00fczge\u00e7, performanslar\u0131yla dinleyenler taraf\u0131ndan alk\u0131\u015fland\u0131. Konserin sonunda \u015fef Salih Berkmen, solistler ve orkestra sanat\u00e7\u0131lar\u0131 sanatseverler taraf\u0131ndan uzun s\u00fcre alk\u0131\u015fland\u0131.<br \/>\nCinu\u00e7en Tanr\u0131korur\u2019un e\u015fi Barih\u00fcda Tanr\u0131korur, usta sanat\u00e7\u0131n\u0131n an\u0131s\u0131na d\u00fczenlenen konser dolay\u0131s\u0131yla b\u00fcy\u00fck bir mutluluk ya\u015fad\u0131\u011f\u0131n\u0131 dile getirerek Bursa B\u00fcy\u00fck\u015fehir Belediyesi\u2019ne te\u015fekk\u00fcr etti.<\/p>\n<p>\u200bBursa B\u00fcy\u00fck\u015fehir Belediyesi Orkestra \u015eube M\u00fcd\u00fcrl\u00fc\u011f\u00fc taraf\u0131ndan d\u00fczenlenen konserde, ut virt\u00fc\u00f6z\u00fc, bestekar, musiki hocas\u0131 ve yazar Cinu\u00e7en Tanr\u0131korur, vefat\u0131n\u0131n 25. y\u0131l\u0131nda kendi eserleriyle an\u0131ld\u0131.BURSA (\u0130GFA) &#8211;\u00a0Bursa B\u00fcy\u00fck\u015fehir Belediyesi Orkestra \u015eube M\u00fcd\u00fcrl\u00fc\u011f\u00fc T\u00fcrk Sanat M\u00fczi\u011fi B\u00f6l\u00fcm\u00fc taraf\u0131ndan Cinu\u00e7en Tanr\u0131korur&#8217;un vefat\u0131n\u0131n 25. y\u0131l\u0131nda anma konseri d\u00fczenlendi.<br \/>\nSunuculu\u011funu Nalan H\u00f6ke&#8217;nin \u00fcstlendi\u011fi Merinos Atat\u00fcrk Kongre K\u00fclt\u00fcr Merkezi\u2019ndeki konsere, usta sanat\u00e7\u0131n\u0131n e\u015fi Barih\u00fcda Tanr\u0131korur da kat\u0131l\u0131rken, sanatseverler yo\u011fun ilgi g\u00f6sterdi. \u015eef Salih Berkmen y\u00f6netiminde sahne alan T\u00fcrk Sanat M\u00fczi\u011fi B\u00f6l\u00fcm\u00fc sanat\u00e7\u0131lar\u0131, solo ve koro halinde Cinu\u00e7en Tanr\u0131korur\u2019un eserlerini okudu.<br \/>\nUsta sanat\u00e7\u0131n\u0131n eserlerini seslendiren Kemal Alevli, Ay\u015fe Balkan, Serkan Gencer, Esranur \u00c7e\u011fil, Meri\u00e7\u00a0Ersal ve Ay\u015fe G\u00fcl Y\u00fczge\u00e7, performanslar\u0131yla dinleyenler taraf\u0131ndan alk\u0131\u015fland\u0131. Konserin sonunda \u015fef Salih Berkmen, solistler ve orkestra sanat\u00e7\u0131lar\u0131 sanatseverler taraf\u0131ndan uzun s\u00fcre alk\u0131\u015fland\u0131.<br \/>\nCinu\u00e7en Tanr\u0131korur\u2019un e\u015fi Barih\u00fcda Tanr\u0131korur, usta sanat\u00e7\u0131n\u0131n an\u0131s\u0131na d\u00fczenlenen konser dolay\u0131s\u0131yla b\u00fcy\u00fck bir mutluluk ya\u015fad\u0131\u011f\u0131n\u0131 dile getirerek Bursa B\u00fcy\u00fck\u015fehir Belediyesi\u2019ne te\u015fekk\u00fcr etti.\u00a0<\/p>\n<p>\u200bHaberin Al\u0131nt\u0131land\u0131\u011f\u0131 Kaynak: www.iskenderun.org<\/p>","protected":false},"excerpt":{"rendered":"<p>Bursa B\u00fcy\u00fck\u015fehir Belediyesi Orkestra \u015eube M\u00fcd\u00fcrl\u00fc\u011f\u00fc taraf\u0131ndan d\u00fczenlenen konserde, ut virt\u00fc\u00f6z\u00fc, bestekar, musiki hocas\u0131 ve yazar Cinu\u00e7en Tanr\u0131korur, vefat\u0131n\u0131n 25. y\u0131l\u0131nda kendi eserleriyle an\u0131ld\u0131.BURSA (\u0130GFA) &#8211;\u00a0Bursa B\u00fcy\u00fck\u015fehir Belediyesi Orkestra \u015eube M\u00fcd\u00fcrl\u00fc\u011f\u00fc T\u00fcrk Sanat M\u00fczi\u011fi B\u00f6l\u00fcm\u00fc taraf\u0131ndan Cinu\u00e7en Tanr\u0131korur&#8217;un vefat\u0131n\u0131n 25. y\u0131l\u0131nda anma konseri d\u00fczenlendi. Sunuculu\u011funu Nalan H\u00f6ke&#8217;nin \u00fcstlendi\u011fi Merinos Atat\u00fcrk Kongre K\u00fclt\u00fcr Merkezi\u2019ndeki konsere, usta sanat\u00e7\u0131n\u0131n e\u015fi Barih\u00fcda Tanr\u0131korur da kat\u0131l\u0131rken, sanatseverler yo\u011fun ilgi g\u00f6sterdi. \u015eef Salih Berkmen y\u00f6netiminde sahne alan T\u00fcrk Sanat M\u00fczi\u011fi B\u00f6l\u00fcm\u00fc sanat\u00e7\u0131lar\u0131, solo ve koro halinde Cinu\u00e7en Tanr\u0131korur\u2019un eserlerini okudu. Usta sanat\u00e7\u0131n\u0131n eserlerini seslendiren Kemal Alevli, Ay\u015fe Balkan, Serkan Gencer, Esranur \u00c7e\u011fil, Meri\u00e7\u00a0Ersal ve Ay\u015fe G\u00fcl Y\u00fczge\u00e7, performanslar\u0131yla dinleyenler taraf\u0131ndan alk\u0131\u015fland\u0131. Konserin sonunda \u015fef Salih Berkmen, solistler ve orkestra sanat\u00e7\u0131lar\u0131 sanatseverler taraf\u0131ndan uzun s\u00fcre alk\u0131\u015fland\u0131. Cinu\u00e7en Tanr\u0131korur\u2019un e\u015fi Barih\u00fcda Tanr\u0131korur, usta sanat\u00e7\u0131n\u0131n an\u0131s\u0131na d\u00fczenlenen konser dolay\u0131s\u0131yla b\u00fcy\u00fck bir mutluluk ya\u015fad\u0131\u011f\u0131n\u0131 dile getirerek Bursa B\u00fcy\u00fck\u015fehir Belediyesi\u2019ne te\u015fekk\u00fcr etti. \u200bBursa B\u00fcy\u00fck\u015fehir Belediyesi Orkestra \u015eube M\u00fcd\u00fcrl\u00fc\u011f\u00fc taraf\u0131ndan d\u00fczenlenen konserde, ut virt\u00fc\u00f6z\u00fc, bestekar, musiki hocas\u0131 ve yazar Cinu\u00e7en Tanr\u0131korur, vefat\u0131n\u0131n 25. y\u0131l\u0131nda kendi eserleriyle an\u0131ld\u0131.BURSA (\u0130GFA) &#8211;\u00a0Bursa B\u00fcy\u00fck\u015fehir Belediyesi Orkestra \u015eube M\u00fcd\u00fcrl\u00fc\u011f\u00fc T\u00fcrk Sanat M\u00fczi\u011fi B\u00f6l\u00fcm\u00fc taraf\u0131ndan Cinu\u00e7en Tanr\u0131korur&#8217;un vefat\u0131n\u0131n 25. y\u0131l\u0131nda anma konseri d\u00fczenlendi. Sunuculu\u011funu Nalan H\u00f6ke&#8217;nin \u00fcstlendi\u011fi Merinos Atat\u00fcrk Kongre K\u00fclt\u00fcr Merkezi\u2019ndeki konsere, usta sanat\u00e7\u0131n\u0131n e\u015fi Barih\u00fcda Tanr\u0131korur &hellip;<\/p>","protected":false},"author":1,"featured_media":0,"comment_status":"open","ping_status":"open","sticky":false,"template":"","format":"standard","meta":{"_acf_changed":false,"footnotes":""},"categories":[24],"tags":[],"class_list":["post-34205","post","type-post","status-publish","format-standard","has-post-thumbnail","hentry","category-gundem"],"acf":[],"yoast_head":"<!-- This site is optimized with the Yoast SEO Premium plugin v26.6 (Yoast SEO v27.1.1) - https:\/\/yoast.com\/product\/yoast-seo-premium-wordpress\/ -->\n<title>Bursa B\u00fcy\u00fck\u015fehir\u2019den Cinu\u00e7en Tanr\u0131korur an\u0131s\u0131na konser - Av. Deniz Can K\u0131z\u0131l<\/title>\n<meta name=\"robots\" content=\"index, follow, max-snippet:-1, max-image-preview:large, max-video-preview:-1\" \/>\n<link rel=\"canonical\" href=\"http:\/\/denizcankizil.tr\/en\/haberler\/gundem\/bursa-buyuksehirden-cinucen-tanrikorur-anisina-konser\/\" \/>\n<meta property=\"og:locale\" content=\"en_GB\" \/>\n<meta property=\"og:type\" content=\"article\" \/>\n<meta property=\"og:title\" content=\"Bursa B\u00fcy\u00fck\u015fehir\u2019den Cinu\u00e7en Tanr\u0131korur an\u0131s\u0131na konser\" \/>\n<meta property=\"og:description\" content=\"Bursa B\u00fcy\u00fck\u015fehir Belediyesi Orkestra \u015eube M\u00fcd\u00fcrl\u00fc\u011f\u00fc taraf\u0131ndan d\u00fczenlenen konserde, ut virt\u00fc\u00f6z\u00fc, bestekar, musiki hocas\u0131 ve yazar Cinu\u00e7en Tanr\u0131korur, vefat\u0131n\u0131n 25. y\u0131l\u0131nda kendi eserleriyle an\u0131ld\u0131.BURSA (\u0130GFA) &#8211;\u00a0Bursa B\u00fcy\u00fck\u015fehir Belediyesi Orkestra \u015eube M\u00fcd\u00fcrl\u00fc\u011f\u00fc T\u00fcrk Sanat M\u00fczi\u011fi B\u00f6l\u00fcm\u00fc taraf\u0131ndan Cinu\u00e7en Tanr\u0131korur&#8217;un vefat\u0131n\u0131n 25. y\u0131l\u0131nda anma konseri d\u00fczenlendi. Sunuculu\u011funu Nalan H\u00f6ke&#8217;nin \u00fcstlendi\u011fi Merinos Atat\u00fcrk Kongre K\u00fclt\u00fcr Merkezi\u2019ndeki konsere, usta sanat\u00e7\u0131n\u0131n e\u015fi Barih\u00fcda Tanr\u0131korur da kat\u0131l\u0131rken, sanatseverler yo\u011fun ilgi g\u00f6sterdi. \u015eef Salih Berkmen y\u00f6netiminde sahne alan T\u00fcrk Sanat M\u00fczi\u011fi B\u00f6l\u00fcm\u00fc sanat\u00e7\u0131lar\u0131, solo ve koro halinde Cinu\u00e7en Tanr\u0131korur\u2019un eserlerini okudu. Usta sanat\u00e7\u0131n\u0131n eserlerini seslendiren Kemal Alevli, Ay\u015fe Balkan, Serkan Gencer, Esranur \u00c7e\u011fil, Meri\u00e7\u00a0Ersal ve Ay\u015fe G\u00fcl Y\u00fczge\u00e7, performanslar\u0131yla dinleyenler taraf\u0131ndan alk\u0131\u015fland\u0131. Konserin sonunda \u015fef Salih Berkmen, solistler ve orkestra sanat\u00e7\u0131lar\u0131 sanatseverler taraf\u0131ndan uzun s\u00fcre alk\u0131\u015fland\u0131. Cinu\u00e7en Tanr\u0131korur\u2019un e\u015fi Barih\u00fcda Tanr\u0131korur, usta sanat\u00e7\u0131n\u0131n an\u0131s\u0131na d\u00fczenlenen konser dolay\u0131s\u0131yla b\u00fcy\u00fck bir mutluluk ya\u015fad\u0131\u011f\u0131n\u0131 dile getirerek Bursa B\u00fcy\u00fck\u015fehir Belediyesi\u2019ne te\u015fekk\u00fcr etti. \u200bBursa B\u00fcy\u00fck\u015fehir Belediyesi Orkestra \u015eube M\u00fcd\u00fcrl\u00fc\u011f\u00fc taraf\u0131ndan d\u00fczenlenen konserde, ut virt\u00fc\u00f6z\u00fc, bestekar, musiki hocas\u0131 ve yazar Cinu\u00e7en Tanr\u0131korur, vefat\u0131n\u0131n 25. y\u0131l\u0131nda kendi eserleriyle an\u0131ld\u0131.BURSA (\u0130GFA) &#8211;\u00a0Bursa B\u00fcy\u00fck\u015fehir Belediyesi Orkestra \u015eube M\u00fcd\u00fcrl\u00fc\u011f\u00fc T\u00fcrk Sanat M\u00fczi\u011fi B\u00f6l\u00fcm\u00fc taraf\u0131ndan Cinu\u00e7en Tanr\u0131korur&#8217;un vefat\u0131n\u0131n 25. y\u0131l\u0131nda anma konseri d\u00fczenlendi. Sunuculu\u011funu Nalan H\u00f6ke&#8217;nin \u00fcstlendi\u011fi Merinos Atat\u00fcrk Kongre K\u00fclt\u00fcr Merkezi\u2019ndeki konsere, usta sanat\u00e7\u0131n\u0131n e\u015fi Barih\u00fcda Tanr\u0131korur &hellip;\" \/>\n<meta property=\"og:url\" content=\"http:\/\/denizcankizil.tr\/en\/haberler\/gundem\/bursa-buyuksehirden-cinucen-tanrikorur-anisina-konser\/\" \/>\n<meta property=\"og:site_name\" content=\"Av. Deniz Can K\u0131z\u0131l\" \/>\n<meta property=\"article:published_time\" content=\"2025-02-26T20:41:28+00:00\" \/>\n<meta name=\"author\" content=\"admin\" \/>\n<meta name=\"twitter:card\" content=\"summary_large_image\" \/>\n<meta name=\"twitter:label1\" content=\"Written by\" \/>\n\t<meta name=\"twitter:data1\" content=\"admin\" \/>\n\t<meta name=\"twitter:label2\" content=\"Estimated reading time\" \/>\n\t<meta name=\"twitter:data2\" content=\"2 minutes\" \/>\n<script type=\"application\/ld+json\" class=\"yoast-schema-graph\">{\"@context\":\"https:\/\/schema.org\",\"@graph\":[{\"@type\":\"Article\",\"@id\":\"http:\/\/denizcankizil.tr\/en\/haberler\/gundem\/bursa-buyuksehirden-cinucen-tanrikorur-anisina-konser\/#article\",\"isPartOf\":{\"@id\":\"http:\/\/denizcankizil.tr\/en\/haberler\/gundem\/bursa-buyuksehirden-cinucen-tanrikorur-anisina-konser\/\"},\"author\":{\"name\":\"admin\",\"@id\":\"https:\/\/denizcankizil.tr\/#\/schema\/person\/be3c05fe6a12686905512445d8185489\"},\"headline\":\"Bursa B\u00fcy\u00fck\u015fehir\u2019den Cinu\u00e7en Tanr\u0131korur an\u0131s\u0131na konser\",\"datePublished\":\"2025-02-26T20:41:28+00:00\",\"mainEntityOfPage\":{\"@id\":\"http:\/\/denizcankizil.tr\/en\/haberler\/gundem\/bursa-buyuksehirden-cinucen-tanrikorur-anisina-konser\/\"},\"wordCount\":502,\"commentCount\":0,\"publisher\":{\"@id\":\"https:\/\/denizcankizil.tr\/#organization\"},\"articleSection\":[\"G\u00fcndem\"],\"inLanguage\":\"en-GB\",\"potentialAction\":[{\"@type\":\"CommentAction\",\"name\":\"Comment\",\"target\":[\"http:\/\/denizcankizil.tr\/en\/haberler\/gundem\/bursa-buyuksehirden-cinucen-tanrikorur-anisina-konser\/#respond\"]}]},{\"@type\":\"WebPage\",\"@id\":\"http:\/\/denizcankizil.tr\/en\/haberler\/gundem\/bursa-buyuksehirden-cinucen-tanrikorur-anisina-konser\/\",\"url\":\"http:\/\/denizcankizil.tr\/en\/haberler\/gundem\/bursa-buyuksehirden-cinucen-tanrikorur-anisina-konser\/\",\"name\":\"Bursa B\u00fcy\u00fck\u015fehir\u2019den Cinu\u00e7en Tanr\u0131korur an\u0131s\u0131na konser - Av. Deniz Can K\u0131z\u0131l\",\"isPartOf\":{\"@id\":\"https:\/\/denizcankizil.tr\/#website\"},\"datePublished\":\"2025-02-26T20:41:28+00:00\",\"breadcrumb\":{\"@id\":\"http:\/\/denizcankizil.tr\/en\/haberler\/gundem\/bursa-buyuksehirden-cinucen-tanrikorur-anisina-konser\/#breadcrumb\"},\"inLanguage\":\"en-GB\",\"potentialAction\":[{\"@type\":\"ReadAction\",\"target\":[\"http:\/\/denizcankizil.tr\/en\/haberler\/gundem\/bursa-buyuksehirden-cinucen-tanrikorur-anisina-konser\/\"]}]},{\"@type\":\"BreadcrumbList\",\"@id\":\"http:\/\/denizcankizil.tr\/en\/haberler\/gundem\/bursa-buyuksehirden-cinucen-tanrikorur-anisina-konser\/#breadcrumb\",\"itemListElement\":[{\"@type\":\"ListItem\",\"position\":1,\"name\":\"Home\",\"item\":\"https:\/\/denizcankizil.tr\/de\/\"},{\"@type\":\"ListItem\",\"position\":2,\"name\":\"Bursa B\u00fcy\u00fck\u015fehir\u2019den Cinu\u00e7en Tanr\u0131korur an\u0131s\u0131na konser\"}]},{\"@type\":\"WebSite\",\"@id\":\"https:\/\/denizcankizil.tr\/#website\",\"url\":\"https:\/\/denizcankizil.tr\/\",\"name\":\"Av. Deniz Can K\u0131z\u0131l\",\"description\":\"Avukat Deniz Can K\u0131z\u0131l Antalya Barosu\",\"publisher\":{\"@id\":\"https:\/\/denizcankizil.tr\/#organization\"},\"potentialAction\":[{\"@type\":\"SearchAction\",\"target\":{\"@type\":\"EntryPoint\",\"urlTemplate\":\"https:\/\/denizcankizil.tr\/?s={search_term_string}\"},\"query-input\":{\"@type\":\"PropertyValueSpecification\",\"valueRequired\":true,\"valueName\":\"search_term_string\"}}],\"inLanguage\":\"en-GB\"},{\"@type\":\"Organization\",\"@id\":\"https:\/\/denizcankizil.tr\/#organization\",\"name\":\"Av. Deniz Can K\u0131z\u0131l\",\"url\":\"https:\/\/denizcankizil.tr\/\",\"logo\":{\"@type\":\"ImageObject\",\"inLanguage\":\"en-GB\",\"@id\":\"https:\/\/denizcankizil.tr\/#\/schema\/logo\/image\/\",\"url\":\"http:\/\/denizcankizil.tr\/wp-content\/uploads\/2024\/10\/siyah-logo-svg.svg\",\"contentUrl\":\"http:\/\/denizcankizil.tr\/wp-content\/uploads\/2024\/10\/siyah-logo-svg.svg\",\"width\":1080,\"height\":1080,\"caption\":\"Av. Deniz Can K\u0131z\u0131l\"},\"image\":{\"@id\":\"https:\/\/denizcankizil.tr\/#\/schema\/logo\/image\/\"}},{\"@type\":\"Person\",\"@id\":\"https:\/\/denizcankizil.tr\/#\/schema\/person\/be3c05fe6a12686905512445d8185489\",\"name\":\"admin\",\"image\":{\"@type\":\"ImageObject\",\"inLanguage\":\"en-GB\",\"@id\":\"https:\/\/denizcankizil.tr\/#\/schema\/person\/image\/\",\"url\":\"https:\/\/secure.gravatar.com\/avatar\/c1fce94c830dc79107e174f890d7210541c4a63e8e5d816341794a2151c9d58c?s=96&d=mm&r=g\",\"contentUrl\":\"https:\/\/secure.gravatar.com\/avatar\/c1fce94c830dc79107e174f890d7210541c4a63e8e5d816341794a2151c9d58c?s=96&d=mm&r=g\",\"caption\":\"admin\"},\"sameAs\":[\"http:\/\/denizcankizil.tr\"],\"url\":\"https:\/\/www.iskenderun.org\/bursa-buyuksehirden-cinucen-tanrikorur-anisina-konser\"}]}<\/script>\n<!-- \/ Yoast SEO Premium plugin. -->","yoast_head_json":{"title":"Bursa B\u00fcy\u00fck\u015fehir\u2019den Cinu\u00e7en Tanr\u0131korur an\u0131s\u0131na konser - Av. Deniz Can K\u0131z\u0131l","robots":{"index":"index","follow":"follow","max-snippet":"max-snippet:-1","max-image-preview":"max-image-preview:large","max-video-preview":"max-video-preview:-1"},"canonical":"http:\/\/denizcankizil.tr\/en\/haberler\/gundem\/bursa-buyuksehirden-cinucen-tanrikorur-anisina-konser\/","og_locale":"en_GB","og_type":"article","og_title":"Bursa B\u00fcy\u00fck\u015fehir\u2019den Cinu\u00e7en Tanr\u0131korur an\u0131s\u0131na konser","og_description":"Bursa B\u00fcy\u00fck\u015fehir Belediyesi Orkestra \u015eube M\u00fcd\u00fcrl\u00fc\u011f\u00fc taraf\u0131ndan d\u00fczenlenen konserde, ut virt\u00fc\u00f6z\u00fc, bestekar, musiki hocas\u0131 ve yazar Cinu\u00e7en Tanr\u0131korur, vefat\u0131n\u0131n 25. y\u0131l\u0131nda kendi eserleriyle an\u0131ld\u0131.BURSA (\u0130GFA) &#8211;\u00a0Bursa B\u00fcy\u00fck\u015fehir Belediyesi Orkestra \u015eube M\u00fcd\u00fcrl\u00fc\u011f\u00fc T\u00fcrk Sanat M\u00fczi\u011fi B\u00f6l\u00fcm\u00fc taraf\u0131ndan Cinu\u00e7en Tanr\u0131korur&#8217;un vefat\u0131n\u0131n 25. y\u0131l\u0131nda anma konseri d\u00fczenlendi. Sunuculu\u011funu Nalan H\u00f6ke&#8217;nin \u00fcstlendi\u011fi Merinos Atat\u00fcrk Kongre K\u00fclt\u00fcr Merkezi\u2019ndeki konsere, usta sanat\u00e7\u0131n\u0131n e\u015fi Barih\u00fcda Tanr\u0131korur da kat\u0131l\u0131rken, sanatseverler yo\u011fun ilgi g\u00f6sterdi. \u015eef Salih Berkmen y\u00f6netiminde sahne alan T\u00fcrk Sanat M\u00fczi\u011fi B\u00f6l\u00fcm\u00fc sanat\u00e7\u0131lar\u0131, solo ve koro halinde Cinu\u00e7en Tanr\u0131korur\u2019un eserlerini okudu. Usta sanat\u00e7\u0131n\u0131n eserlerini seslendiren Kemal Alevli, Ay\u015fe Balkan, Serkan Gencer, Esranur \u00c7e\u011fil, Meri\u00e7\u00a0Ersal ve Ay\u015fe G\u00fcl Y\u00fczge\u00e7, performanslar\u0131yla dinleyenler taraf\u0131ndan alk\u0131\u015fland\u0131. Konserin sonunda \u015fef Salih Berkmen, solistler ve orkestra sanat\u00e7\u0131lar\u0131 sanatseverler taraf\u0131ndan uzun s\u00fcre alk\u0131\u015fland\u0131. Cinu\u00e7en Tanr\u0131korur\u2019un e\u015fi Barih\u00fcda Tanr\u0131korur, usta sanat\u00e7\u0131n\u0131n an\u0131s\u0131na d\u00fczenlenen konser dolay\u0131s\u0131yla b\u00fcy\u00fck bir mutluluk ya\u015fad\u0131\u011f\u0131n\u0131 dile getirerek Bursa B\u00fcy\u00fck\u015fehir Belediyesi\u2019ne te\u015fekk\u00fcr etti. \u200bBursa B\u00fcy\u00fck\u015fehir Belediyesi Orkestra \u015eube M\u00fcd\u00fcrl\u00fc\u011f\u00fc taraf\u0131ndan d\u00fczenlenen konserde, ut virt\u00fc\u00f6z\u00fc, bestekar, musiki hocas\u0131 ve yazar Cinu\u00e7en Tanr\u0131korur, vefat\u0131n\u0131n 25. y\u0131l\u0131nda kendi eserleriyle an\u0131ld\u0131.BURSA (\u0130GFA) &#8211;\u00a0Bursa B\u00fcy\u00fck\u015fehir Belediyesi Orkestra \u015eube M\u00fcd\u00fcrl\u00fc\u011f\u00fc T\u00fcrk Sanat M\u00fczi\u011fi B\u00f6l\u00fcm\u00fc taraf\u0131ndan Cinu\u00e7en Tanr\u0131korur&#8217;un vefat\u0131n\u0131n 25. y\u0131l\u0131nda anma konseri d\u00fczenlendi. Sunuculu\u011funu Nalan H\u00f6ke&#8217;nin \u00fcstlendi\u011fi Merinos Atat\u00fcrk Kongre K\u00fclt\u00fcr Merkezi\u2019ndeki konsere, usta sanat\u00e7\u0131n\u0131n e\u015fi Barih\u00fcda Tanr\u0131korur &hellip;","og_url":"http:\/\/denizcankizil.tr\/en\/haberler\/gundem\/bursa-buyuksehirden-cinucen-tanrikorur-anisina-konser\/","og_site_name":"Av. Deniz Can K\u0131z\u0131l","article_published_time":"2025-02-26T20:41:28+00:00","author":"admin","twitter_card":"summary_large_image","twitter_misc":{"Written by":"admin","Estimated reading time":"2 minutes"},"schema":{"@context":"https:\/\/schema.org","@graph":[{"@type":"Article","@id":"http:\/\/denizcankizil.tr\/en\/haberler\/gundem\/bursa-buyuksehirden-cinucen-tanrikorur-anisina-konser\/#article","isPartOf":{"@id":"http:\/\/denizcankizil.tr\/en\/haberler\/gundem\/bursa-buyuksehirden-cinucen-tanrikorur-anisina-konser\/"},"author":{"name":"admin","@id":"https:\/\/denizcankizil.tr\/#\/schema\/person\/be3c05fe6a12686905512445d8185489"},"headline":"Bursa B\u00fcy\u00fck\u015fehir\u2019den Cinu\u00e7en Tanr\u0131korur an\u0131s\u0131na konser","datePublished":"2025-02-26T20:41:28+00:00","mainEntityOfPage":{"@id":"http:\/\/denizcankizil.tr\/en\/haberler\/gundem\/bursa-buyuksehirden-cinucen-tanrikorur-anisina-konser\/"},"wordCount":502,"commentCount":0,"publisher":{"@id":"https:\/\/denizcankizil.tr\/#organization"},"articleSection":["G\u00fcndem"],"inLanguage":"en-GB","potentialAction":[{"@type":"CommentAction","name":"Comment","target":["http:\/\/denizcankizil.tr\/en\/haberler\/gundem\/bursa-buyuksehirden-cinucen-tanrikorur-anisina-konser\/#respond"]}]},{"@type":"WebPage","@id":"http:\/\/denizcankizil.tr\/en\/haberler\/gundem\/bursa-buyuksehirden-cinucen-tanrikorur-anisina-konser\/","url":"http:\/\/denizcankizil.tr\/en\/haberler\/gundem\/bursa-buyuksehirden-cinucen-tanrikorur-anisina-konser\/","name":"Bursa B\u00fcy\u00fck\u015fehir\u2019den Cinu\u00e7en Tanr\u0131korur an\u0131s\u0131na konser - Av. Deniz Can K\u0131z\u0131l","isPartOf":{"@id":"https:\/\/denizcankizil.tr\/#website"},"datePublished":"2025-02-26T20:41:28+00:00","breadcrumb":{"@id":"http:\/\/denizcankizil.tr\/en\/haberler\/gundem\/bursa-buyuksehirden-cinucen-tanrikorur-anisina-konser\/#breadcrumb"},"inLanguage":"en-GB","potentialAction":[{"@type":"ReadAction","target":["http:\/\/denizcankizil.tr\/en\/haberler\/gundem\/bursa-buyuksehirden-cinucen-tanrikorur-anisina-konser\/"]}]},{"@type":"BreadcrumbList","@id":"http:\/\/denizcankizil.tr\/en\/haberler\/gundem\/bursa-buyuksehirden-cinucen-tanrikorur-anisina-konser\/#breadcrumb","itemListElement":[{"@type":"ListItem","position":1,"name":"Home","item":"https:\/\/denizcankizil.tr\/de\/"},{"@type":"ListItem","position":2,"name":"Bursa B\u00fcy\u00fck\u015fehir\u2019den Cinu\u00e7en Tanr\u0131korur an\u0131s\u0131na konser"}]},{"@type":"WebSite","@id":"https:\/\/denizcankizil.tr\/#website","url":"https:\/\/denizcankizil.tr\/","name":"Av. Deniz Can K\u0131z\u0131l","description":"Avukat Deniz Can K\u0131z\u0131l Antalya Barosu","publisher":{"@id":"https:\/\/denizcankizil.tr\/#organization"},"potentialAction":[{"@type":"SearchAction","target":{"@type":"EntryPoint","urlTemplate":"https:\/\/denizcankizil.tr\/?s={search_term_string}"},"query-input":{"@type":"PropertyValueSpecification","valueRequired":true,"valueName":"search_term_string"}}],"inLanguage":"en-GB"},{"@type":"Organization","@id":"https:\/\/denizcankizil.tr\/#organization","name":"Av. Deniz Can K\u0131z\u0131l","url":"https:\/\/denizcankizil.tr\/","logo":{"@type":"ImageObject","inLanguage":"en-GB","@id":"https:\/\/denizcankizil.tr\/#\/schema\/logo\/image\/","url":"http:\/\/denizcankizil.tr\/wp-content\/uploads\/2024\/10\/siyah-logo-svg.svg","contentUrl":"http:\/\/denizcankizil.tr\/wp-content\/uploads\/2024\/10\/siyah-logo-svg.svg","width":1080,"height":1080,"caption":"Av. Deniz Can K\u0131z\u0131l"},"image":{"@id":"https:\/\/denizcankizil.tr\/#\/schema\/logo\/image\/"}},{"@type":"Person","@id":"https:\/\/denizcankizil.tr\/#\/schema\/person\/be3c05fe6a12686905512445d8185489","name":"admin","image":{"@type":"ImageObject","inLanguage":"en-GB","@id":"https:\/\/denizcankizil.tr\/#\/schema\/person\/image\/","url":"https:\/\/secure.gravatar.com\/avatar\/c1fce94c830dc79107e174f890d7210541c4a63e8e5d816341794a2151c9d58c?s=96&d=mm&r=g","contentUrl":"https:\/\/secure.gravatar.com\/avatar\/c1fce94c830dc79107e174f890d7210541c4a63e8e5d816341794a2151c9d58c?s=96&d=mm&r=g","caption":"admin"},"sameAs":["http:\/\/denizcankizil.tr"],"url":"https:\/\/www.iskenderun.org\/bursa-buyuksehirden-cinucen-tanrikorur-anisina-konser"}]}},"_links":{"self":[{"href":"http:\/\/denizcankizil.tr\/en\/wp-json\/wp\/v2\/posts\/34205","targetHints":{"allow":["GET"]}}],"collection":[{"href":"http:\/\/denizcankizil.tr\/en\/wp-json\/wp\/v2\/posts"}],"about":[{"href":"http:\/\/denizcankizil.tr\/en\/wp-json\/wp\/v2\/types\/post"}],"author":[{"embeddable":true,"href":"http:\/\/denizcankizil.tr\/en\/wp-json\/wp\/v2\/users\/1"}],"replies":[{"embeddable":true,"href":"http:\/\/denizcankizil.tr\/en\/wp-json\/wp\/v2\/comments?post=34205"}],"version-history":[{"count":0,"href":"http:\/\/denizcankizil.tr\/en\/wp-json\/wp\/v2\/posts\/34205\/revisions"}],"wp:attachment":[{"href":"http:\/\/denizcankizil.tr\/en\/wp-json\/wp\/v2\/media?parent=34205"}],"wp:term":[{"taxonomy":"category","embeddable":true,"href":"http:\/\/denizcankizil.tr\/en\/wp-json\/wp\/v2\/categories?post=34205"},{"taxonomy":"post_tag","embeddable":true,"href":"http:\/\/denizcankizil.tr\/en\/wp-json\/wp\/v2\/tags?post=34205"}],"curies":[{"name":"wp","href":"https:\/\/api.w.org\/{rel}","templated":true}]}}