{"id":34122,"date":"2025-02-26T10:42:10","date_gmt":"2025-02-26T07:42:10","guid":{"rendered":"https:\/\/denizcankizil.tr\/uncategorized-tr\/izmir-mavisi-sanatla-bulustu\/"},"modified":"2025-02-26T10:42:10","modified_gmt":"2025-02-26T07:42:10","slug":"izmir-mavisi-sanatla-bulustu","status":"publish","type":"post","link":"http:\/\/denizcankizil.tr\/en\/haberler\/gundem\/izmir-mavisi-sanatla-bulustu\/","title":{"rendered":"\u0130zmir mavisi sanatla bulu\u015ftu"},"content":{"rendered":"<p>\u0130zmir, Slovenyal\u0131 \u00fcnl\u00fc sanat\u00e7\u0131 ve restorat\u00f6r Mira Li\u010den\u2019in sergisine ev sahipli\u011fi yap\u0131yor.\u00a0 \u201cSadece Sevgi Yarat\u0131r\u201d isimli resim sergisi, Ahmed Adnan Saygun Sanat Merkezi\u2019nde 30 Mart tarihine kadar ziyaret edilebilecek.<br \/>\n\u0130ZM\u0130R (\u0130GFA) &#8211;\u00a0Mira Li\u010den\u2019in \u201cSadece Sevgi Yarat\u0131r\u201d resim sergisi, Ahmed Adnan Saygun Sanat Merkezi\u2019nde a\u00e7\u0131ld\u0131. Sanat\u0131n ve sevginin birle\u015ftirici g\u00fcc\u00fcn\u00fc ke\u015ffetmeye davet eden sergi, 30 Mart tarihine kadar a\u00e7\u0131k kalacak. Mozaik, vitray, resim ve cam f\u00fczyon gibi farkl\u0131 tekniklerle \u00e7al\u0131\u015fan sanat\u00e7\u0131n\u0131n bu sergideki resimleri ve enstalasyon \u00e7al\u0131\u015fmalar\u0131, \u0130zmir ve Slovenya aras\u0131nda bir k\u00fclt\u00fcr k\u00f6pr\u00fcs\u00fc kuruyor.<br \/>\n\u0130ZM\u0130R MAV\u0130S\u0130<br \/>\nSerginin a\u00e7\u0131l\u0131\u015f\u0131na Ba\u015fpiskopos Dr. Martin Kmetec, Slovenya Cumhurba\u015fkan\u0131 Nata\u0161a Pirc Musar\u2019\u0131n e\u015fi Mr. Ale\u0161 Musar, sanat\u00e7\u0131 Mira L\u0131\u010den ve \u0130zmir B\u00fcy\u00fck\u015fehir Belediye Meclisi CHP Grup S\u00f6zc\u00fcs\u00fc Elvin S\u00f6nmez G\u00fcler\u00a0kat\u0131ld\u0131. Mira Li\u010den, serginin a\u00e7\u0131lmas\u0131nda eme\u011fi olan herkese te\u015fekk\u00fcr etti. Slovenya Cumhurba\u015fkan\u0131 Musar\u2019\u0131n e\u015fi Mr. Ale\u0161 Musar, \u201cBir sanat\u00e7\u0131 olarak Mira Li\u010den, hem ge\u00e7mi\u015fimize tan\u0131kl\u0131k eden sanat eserlerini korumak hem de k\u00fclt\u00fcrel miras\u0131m\u0131z haline gelebilecek yeni eserler yaratmak i\u00e7in her iki alanda da \u00e7al\u0131\u015f\u0131yor\u201d dedi. Sergi i\u00e7in haz\u0131rlanan katalo\u011fa ilk bakt\u0131\u011f\u0131nda mavinin \u00e7ok \u00f6zel bir tonunun dikkati \u00e7ekti\u011fini s\u00f6yleyen Ale\u0161 Musar, \u201cMira&#8217;n\u0131n restorasyon \u00e7al\u0131\u015fmalar\u0131na \u00f6nc\u00fcl\u00fck etti\u011fi ve bu nedenle de iki y\u0131ld\u0131r \u0130zmir&#8217;de ya\u015fad\u0131\u011f\u0131 Sen Polikarp Kilisesi&#8217;ni ziyaret ettikten sonra, Mira&#8217;n\u0131n \u0130zmir&#8217;e ne verdi\u011fini a\u00e7\u0131k\u00e7a anlad\u0131m ve ayn\u0131 zamanda \u0130zmir&#8217;in Mira&#8217;ya ne verdi\u011fini de. Mavinin o \u00f6zel tonu haf\u0131zamda \u0130zmir mavisi olarak kalacak\u201d diye konu\u015ftu.<br \/>\n\u201cDOSTLU\u011eU PEK\u0130\u015eT\u0130R\u0130YOR\u201d<br \/>\n\u0130zmir B\u00fcy\u00fck\u015fehir Belediye Meclisi CHP Grup S\u00f6zc\u00fcs\u00fc Elvin S\u00f6nmez G\u00fcler\u00a0ise \u0130zmir B\u00fcy\u00fck\u015fehir Belediye Ba\u015fkan\u0131 Dr. Cemil Tugay\u2019\u0131n selamlar\u0131n\u0131 ileterek s\u00f6zlerine ba\u015flad\u0131. Elvin S\u00f6nmez G\u00fcler, \u201cKentimizin sanat\u0131n evrensel diliyle daha da zenginle\u015fmesini sa\u011flayan her etkinli\u011fi b\u00fcy\u00fck bir memnuniyetle destekliyor ve bu k\u00fclt\u00fcrel k\u00f6pr\u00fcy\u00fc bir kez daha in\u015fa etmenin gururunu ya\u015f\u0131yoruz. A\u00e7\u0131l\u0131\u015f\u0131n\u0131 yapt\u0131\u011f\u0131m\u0131z bu sergi, \u0130zmir ve Slovenya aras\u0131ndaki k\u00fclt\u00fcrel dostlu\u011fu daha da peki\u015ftiriyor\u201d dedi.<\/p>\n<p>\u200b\u0130zmir, Slovenyal\u0131 \u00fcnl\u00fc sanat\u00e7\u0131 ve restorat\u00f6r Mira Li\u010den\u2019in sergisine ev sahipli\u011fi yap\u0131yor.\u00a0 \u201cSadece Sevgi Yarat\u0131r\u201d isimli resim sergisi, Ahmed Adnan Saygun Sanat Merkezi\u2019nde 30 Mart tarihine kadar ziyaret edilebilecek.<br \/>\n\u0130ZM\u0130R (\u0130GFA) &#8211;\u00a0Mira Li\u010den\u2019in \u201cSadece Sevgi Yarat\u0131r\u201d resim sergisi, Ahmed Adnan Saygun Sanat Merkezi\u2019nde a\u00e7\u0131ld\u0131. Sanat\u0131n ve sevginin birle\u015ftirici g\u00fcc\u00fcn\u00fc ke\u015ffetmeye davet eden sergi, 30 Mart tarihine kadar a\u00e7\u0131k kalacak. Mozaik, vitray, resim ve cam f\u00fczyon gibi farkl\u0131 tekniklerle \u00e7al\u0131\u015fan sanat\u00e7\u0131n\u0131n bu sergideki resimleri ve enstalasyon \u00e7al\u0131\u015fmalar\u0131, \u0130zmir ve Slovenya aras\u0131nda bir k\u00fclt\u00fcr k\u00f6pr\u00fcs\u00fc kuruyor.<br \/>\n\u0130ZM\u0130R MAV\u0130S\u0130<br \/>\nSerginin a\u00e7\u0131l\u0131\u015f\u0131na Ba\u015fpiskopos Dr. Martin Kmetec, Slovenya Cumhurba\u015fkan\u0131 Nata\u0161a Pirc Musar\u2019\u0131n e\u015fi Mr. Ale\u0161 Musar, sanat\u00e7\u0131 Mira L\u0131\u010den ve \u0130zmir B\u00fcy\u00fck\u015fehir Belediye Meclisi CHP Grup S\u00f6zc\u00fcs\u00fc Elvin S\u00f6nmez G\u00fcler\u00a0kat\u0131ld\u0131. Mira Li\u010den, serginin a\u00e7\u0131lmas\u0131nda eme\u011fi olan herkese te\u015fekk\u00fcr etti. Slovenya Cumhurba\u015fkan\u0131 Musar\u2019\u0131n e\u015fi Mr. Ale\u0161 Musar, \u201cBir sanat\u00e7\u0131 olarak Mira Li\u010den, hem ge\u00e7mi\u015fimize tan\u0131kl\u0131k eden sanat eserlerini korumak hem de k\u00fclt\u00fcrel miras\u0131m\u0131z haline gelebilecek yeni eserler yaratmak i\u00e7in her iki alanda da \u00e7al\u0131\u015f\u0131yor\u201d dedi. Sergi i\u00e7in haz\u0131rlanan katalo\u011fa ilk bakt\u0131\u011f\u0131nda mavinin \u00e7ok \u00f6zel bir tonunun dikkati \u00e7ekti\u011fini s\u00f6yleyen Ale\u0161 Musar, \u201cMira&#8217;n\u0131n restorasyon \u00e7al\u0131\u015fmalar\u0131na \u00f6nc\u00fcl\u00fck etti\u011fi ve bu nedenle de iki y\u0131ld\u0131r \u0130zmir&#8217;de ya\u015fad\u0131\u011f\u0131 Sen Polikarp Kilisesi&#8217;ni ziyaret ettikten sonra, Mira&#8217;n\u0131n \u0130zmir&#8217;e ne verdi\u011fini a\u00e7\u0131k\u00e7a anlad\u0131m ve ayn\u0131 zamanda \u0130zmir&#8217;in Mira&#8217;ya ne verdi\u011fini de. Mavinin o \u00f6zel tonu haf\u0131zamda \u0130zmir mavisi olarak kalacak\u201d diye konu\u015ftu.<br \/>\n\u201cDOSTLU\u011eU PEK\u0130\u015eT\u0130R\u0130YOR\u201d<br \/>\n\u0130zmir B\u00fcy\u00fck\u015fehir Belediye Meclisi CHP Grup S\u00f6zc\u00fcs\u00fc Elvin S\u00f6nmez G\u00fcler\u00a0ise \u0130zmir B\u00fcy\u00fck\u015fehir Belediye Ba\u015fkan\u0131 Dr. Cemil Tugay\u2019\u0131n selamlar\u0131n\u0131 ileterek s\u00f6zlerine ba\u015flad\u0131. Elvin S\u00f6nmez G\u00fcler, \u201cKentimizin sanat\u0131n evrensel diliyle daha da zenginle\u015fmesini sa\u011flayan her etkinli\u011fi b\u00fcy\u00fck bir memnuniyetle destekliyor ve bu k\u00fclt\u00fcrel k\u00f6pr\u00fcy\u00fc bir kez daha in\u015fa etmenin gururunu ya\u015f\u0131yoruz. A\u00e7\u0131l\u0131\u015f\u0131n\u0131 yapt\u0131\u011f\u0131m\u0131z bu sergi, \u0130zmir ve Slovenya aras\u0131ndaki k\u00fclt\u00fcrel dostlu\u011fu daha da peki\u015ftiriyor\u201d dedi.\u00a0<\/p>\n<p>\u200bHaberin Al\u0131nt\u0131land\u0131\u011f\u0131 Kaynak: www.iskenderun.org<\/p>","protected":false},"excerpt":{"rendered":"<p>\u0130zmir, Slovenyal\u0131 \u00fcnl\u00fc sanat\u00e7\u0131 ve restorat\u00f6r Mira Li\u010den\u2019in sergisine ev sahipli\u011fi yap\u0131yor.\u00a0 \u201cSadece Sevgi Yarat\u0131r\u201d isimli resim sergisi, Ahmed Adnan Saygun Sanat Merkezi\u2019nde 30 Mart tarihine kadar ziyaret edilebilecek. \u0130ZM\u0130R (\u0130GFA) &#8211;\u00a0Mira Li\u010den\u2019in \u201cSadece Sevgi Yarat\u0131r\u201d resim sergisi, Ahmed Adnan Saygun Sanat Merkezi\u2019nde a\u00e7\u0131ld\u0131. Sanat\u0131n ve sevginin birle\u015ftirici g\u00fcc\u00fcn\u00fc ke\u015ffetmeye davet eden sergi, 30 Mart tarihine kadar a\u00e7\u0131k kalacak. Mozaik, vitray, resim ve cam f\u00fczyon gibi farkl\u0131 tekniklerle \u00e7al\u0131\u015fan sanat\u00e7\u0131n\u0131n bu sergideki resimleri ve enstalasyon \u00e7al\u0131\u015fmalar\u0131, \u0130zmir ve Slovenya aras\u0131nda bir k\u00fclt\u00fcr k\u00f6pr\u00fcs\u00fc kuruyor. \u0130ZM\u0130R MAV\u0130S\u0130 Serginin a\u00e7\u0131l\u0131\u015f\u0131na Ba\u015fpiskopos Dr. Martin Kmetec, Slovenya Cumhurba\u015fkan\u0131 Nata\u0161a Pirc Musar\u2019\u0131n e\u015fi Mr. Ale\u0161 Musar, sanat\u00e7\u0131 Mira L\u0131\u010den ve \u0130zmir B\u00fcy\u00fck\u015fehir Belediye Meclisi CHP Grup S\u00f6zc\u00fcs\u00fc Elvin S\u00f6nmez G\u00fcler\u00a0kat\u0131ld\u0131. Mira Li\u010den, serginin a\u00e7\u0131lmas\u0131nda eme\u011fi olan herkese te\u015fekk\u00fcr etti. Slovenya Cumhurba\u015fkan\u0131 Musar\u2019\u0131n e\u015fi Mr. Ale\u0161 Musar, \u201cBir sanat\u00e7\u0131 olarak Mira Li\u010den, hem ge\u00e7mi\u015fimize tan\u0131kl\u0131k eden sanat eserlerini korumak hem de k\u00fclt\u00fcrel miras\u0131m\u0131z haline gelebilecek yeni eserler yaratmak i\u00e7in her iki alanda da \u00e7al\u0131\u015f\u0131yor\u201d dedi. Sergi i\u00e7in haz\u0131rlanan katalo\u011fa ilk bakt\u0131\u011f\u0131nda mavinin \u00e7ok \u00f6zel bir tonunun dikkati \u00e7ekti\u011fini s\u00f6yleyen Ale\u0161 Musar, \u201cMira&#8217;n\u0131n restorasyon \u00e7al\u0131\u015fmalar\u0131na \u00f6nc\u00fcl\u00fck etti\u011fi ve bu nedenle de iki y\u0131ld\u0131r \u0130zmir&#8217;de ya\u015fad\u0131\u011f\u0131 Sen Polikarp Kilisesi&#8217;ni ziyaret ettikten sonra, Mira&#8217;n\u0131n \u0130zmir&#8217;e ne verdi\u011fini a\u00e7\u0131k\u00e7a anlad\u0131m &hellip;<\/p>","protected":false},"author":1,"featured_media":0,"comment_status":"open","ping_status":"open","sticky":false,"template":"","format":"standard","meta":{"_acf_changed":false,"footnotes":""},"categories":[24],"tags":[],"class_list":["post-34122","post","type-post","status-publish","format-standard","has-post-thumbnail","hentry","category-gundem"],"acf":[],"yoast_head":"<!-- This site is optimized with the Yoast SEO Premium plugin v26.6 (Yoast SEO v27.1.1) - https:\/\/yoast.com\/product\/yoast-seo-premium-wordpress\/ -->\n<title>\u0130zmir mavisi sanatla bulu\u015ftu - Av. Deniz Can K\u0131z\u0131l<\/title>\n<meta name=\"robots\" content=\"index, follow, max-snippet:-1, max-image-preview:large, max-video-preview:-1\" \/>\n<link rel=\"canonical\" href=\"http:\/\/denizcankizil.tr\/en\/haberler\/gundem\/izmir-mavisi-sanatla-bulustu\/\" \/>\n<meta property=\"og:locale\" content=\"en_GB\" \/>\n<meta property=\"og:type\" content=\"article\" \/>\n<meta property=\"og:title\" content=\"\u0130zmir mavisi sanatla bulu\u015ftu\" \/>\n<meta property=\"og:description\" content=\"\u0130zmir, Slovenyal\u0131 \u00fcnl\u00fc sanat\u00e7\u0131 ve restorat\u00f6r Mira Li\u010den\u2019in sergisine ev sahipli\u011fi yap\u0131yor.\u00a0 \u201cSadece Sevgi Yarat\u0131r\u201d isimli resim sergisi, Ahmed Adnan Saygun Sanat Merkezi\u2019nde 30 Mart tarihine kadar ziyaret edilebilecek. \u0130ZM\u0130R (\u0130GFA) &#8211;\u00a0Mira Li\u010den\u2019in \u201cSadece Sevgi Yarat\u0131r\u201d resim sergisi, Ahmed Adnan Saygun Sanat Merkezi\u2019nde a\u00e7\u0131ld\u0131. Sanat\u0131n ve sevginin birle\u015ftirici g\u00fcc\u00fcn\u00fc ke\u015ffetmeye davet eden sergi, 30 Mart tarihine kadar a\u00e7\u0131k kalacak. Mozaik, vitray, resim ve cam f\u00fczyon gibi farkl\u0131 tekniklerle \u00e7al\u0131\u015fan sanat\u00e7\u0131n\u0131n bu sergideki resimleri ve enstalasyon \u00e7al\u0131\u015fmalar\u0131, \u0130zmir ve Slovenya aras\u0131nda bir k\u00fclt\u00fcr k\u00f6pr\u00fcs\u00fc kuruyor. \u0130ZM\u0130R MAV\u0130S\u0130 Serginin a\u00e7\u0131l\u0131\u015f\u0131na Ba\u015fpiskopos Dr. Martin Kmetec, Slovenya Cumhurba\u015fkan\u0131 Nata\u0161a Pirc Musar\u2019\u0131n e\u015fi Mr. Ale\u0161 Musar, sanat\u00e7\u0131 Mira L\u0131\u010den ve \u0130zmir B\u00fcy\u00fck\u015fehir Belediye Meclisi CHP Grup S\u00f6zc\u00fcs\u00fc Elvin S\u00f6nmez G\u00fcler\u00a0kat\u0131ld\u0131. Mira Li\u010den, serginin a\u00e7\u0131lmas\u0131nda eme\u011fi olan herkese te\u015fekk\u00fcr etti. Slovenya Cumhurba\u015fkan\u0131 Musar\u2019\u0131n e\u015fi Mr. Ale\u0161 Musar, \u201cBir sanat\u00e7\u0131 olarak Mira Li\u010den, hem ge\u00e7mi\u015fimize tan\u0131kl\u0131k eden sanat eserlerini korumak hem de k\u00fclt\u00fcrel miras\u0131m\u0131z haline gelebilecek yeni eserler yaratmak i\u00e7in her iki alanda da \u00e7al\u0131\u015f\u0131yor\u201d dedi. Sergi i\u00e7in haz\u0131rlanan katalo\u011fa ilk bakt\u0131\u011f\u0131nda mavinin \u00e7ok \u00f6zel bir tonunun dikkati \u00e7ekti\u011fini s\u00f6yleyen Ale\u0161 Musar, \u201cMira&#8217;n\u0131n restorasyon \u00e7al\u0131\u015fmalar\u0131na \u00f6nc\u00fcl\u00fck etti\u011fi ve bu nedenle de iki y\u0131ld\u0131r \u0130zmir&#8217;de ya\u015fad\u0131\u011f\u0131 Sen Polikarp Kilisesi&#8217;ni ziyaret ettikten sonra, Mira&#8217;n\u0131n \u0130zmir&#8217;e ne verdi\u011fini a\u00e7\u0131k\u00e7a anlad\u0131m &hellip;\" \/>\n<meta property=\"og:url\" content=\"http:\/\/denizcankizil.tr\/en\/haberler\/gundem\/izmir-mavisi-sanatla-bulustu\/\" \/>\n<meta property=\"og:site_name\" content=\"Av. Deniz Can K\u0131z\u0131l\" \/>\n<meta property=\"article:published_time\" content=\"2025-02-26T07:42:10+00:00\" \/>\n<meta name=\"author\" content=\"admin\" \/>\n<meta name=\"twitter:card\" content=\"summary_large_image\" \/>\n<meta name=\"twitter:label1\" content=\"Written by\" \/>\n\t<meta name=\"twitter:data1\" content=\"admin\" \/>\n\t<meta name=\"twitter:label2\" content=\"Estimated reading time\" \/>\n\t<meta name=\"twitter:data2\" content=\"4 minutes\" \/>\n<script type=\"application\/ld+json\" class=\"yoast-schema-graph\">{\"@context\":\"https:\/\/schema.org\",\"@graph\":[{\"@type\":\"Article\",\"@id\":\"http:\/\/denizcankizil.tr\/en\/haberler\/gundem\/izmir-mavisi-sanatla-bulustu\/#article\",\"isPartOf\":{\"@id\":\"http:\/\/denizcankizil.tr\/en\/haberler\/gundem\/izmir-mavisi-sanatla-bulustu\/\"},\"author\":{\"name\":\"admin\",\"@id\":\"https:\/\/denizcankizil.tr\/de\/#\/schema\/person\/be3c05fe6a12686905512445d8185489\"},\"headline\":\"\u0130zmir mavisi sanatla bulu\u015ftu\",\"datePublished\":\"2025-02-26T07:42:10+00:00\",\"mainEntityOfPage\":{\"@id\":\"http:\/\/denizcankizil.tr\/en\/haberler\/gundem\/izmir-mavisi-sanatla-bulustu\/\"},\"wordCount\":861,\"commentCount\":0,\"publisher\":{\"@id\":\"https:\/\/denizcankizil.tr\/de\/#organization\"},\"articleSection\":[\"G\u00fcndem\"],\"inLanguage\":\"en-GB\",\"potentialAction\":[{\"@type\":\"CommentAction\",\"name\":\"Comment\",\"target\":[\"http:\/\/denizcankizil.tr\/en\/haberler\/gundem\/izmir-mavisi-sanatla-bulustu\/#respond\"]}]},{\"@type\":\"WebPage\",\"@id\":\"http:\/\/denizcankizil.tr\/en\/haberler\/gundem\/izmir-mavisi-sanatla-bulustu\/\",\"url\":\"http:\/\/denizcankizil.tr\/en\/haberler\/gundem\/izmir-mavisi-sanatla-bulustu\/\",\"name\":\"\u0130zmir mavisi sanatla bulu\u015ftu - Av. Deniz Can K\u0131z\u0131l\",\"isPartOf\":{\"@id\":\"https:\/\/denizcankizil.tr\/de\/#website\"},\"datePublished\":\"2025-02-26T07:42:10+00:00\",\"breadcrumb\":{\"@id\":\"http:\/\/denizcankizil.tr\/en\/haberler\/gundem\/izmir-mavisi-sanatla-bulustu\/#breadcrumb\"},\"inLanguage\":\"en-GB\",\"potentialAction\":[{\"@type\":\"ReadAction\",\"target\":[\"http:\/\/denizcankizil.tr\/en\/haberler\/gundem\/izmir-mavisi-sanatla-bulustu\/\"]}]},{\"@type\":\"BreadcrumbList\",\"@id\":\"http:\/\/denizcankizil.tr\/en\/haberler\/gundem\/izmir-mavisi-sanatla-bulustu\/#breadcrumb\",\"itemListElement\":[{\"@type\":\"ListItem\",\"position\":1,\"name\":\"Home\",\"item\":\"https:\/\/denizcankizil.tr\/de\/\"},{\"@type\":\"ListItem\",\"position\":2,\"name\":\"\u0130zmir mavisi sanatla bulu\u015ftu\"}]},{\"@type\":\"WebSite\",\"@id\":\"https:\/\/denizcankizil.tr\/de\/#website\",\"url\":\"https:\/\/denizcankizil.tr\/de\/\",\"name\":\"Av. Deniz Can K\u0131z\u0131l\",\"description\":\"Avukat Deniz Can K\u0131z\u0131l Antalya Barosu\",\"publisher\":{\"@id\":\"https:\/\/denizcankizil.tr\/de\/#organization\"},\"potentialAction\":[{\"@type\":\"SearchAction\",\"target\":{\"@type\":\"EntryPoint\",\"urlTemplate\":\"https:\/\/denizcankizil.tr\/de\/?s={search_term_string}\"},\"query-input\":{\"@type\":\"PropertyValueSpecification\",\"valueRequired\":true,\"valueName\":\"search_term_string\"}}],\"inLanguage\":\"en-GB\"},{\"@type\":\"Organization\",\"@id\":\"https:\/\/denizcankizil.tr\/de\/#organization\",\"name\":\"Av. Deniz Can K\u0131z\u0131l\",\"url\":\"https:\/\/denizcankizil.tr\/de\/\",\"logo\":{\"@type\":\"ImageObject\",\"inLanguage\":\"en-GB\",\"@id\":\"https:\/\/denizcankizil.tr\/de\/#\/schema\/logo\/image\/\",\"url\":\"http:\/\/denizcankizil.tr\/wp-content\/uploads\/2024\/10\/siyah-logo-svg.svg\",\"contentUrl\":\"http:\/\/denizcankizil.tr\/wp-content\/uploads\/2024\/10\/siyah-logo-svg.svg\",\"width\":1080,\"height\":1080,\"caption\":\"Av. Deniz Can K\u0131z\u0131l\"},\"image\":{\"@id\":\"https:\/\/denizcankizil.tr\/de\/#\/schema\/logo\/image\/\"}},{\"@type\":\"Person\",\"@id\":\"https:\/\/denizcankizil.tr\/de\/#\/schema\/person\/be3c05fe6a12686905512445d8185489\",\"name\":\"admin\",\"image\":{\"@type\":\"ImageObject\",\"inLanguage\":\"en-GB\",\"@id\":\"https:\/\/denizcankizil.tr\/de\/#\/schema\/person\/image\/\",\"url\":\"https:\/\/secure.gravatar.com\/avatar\/c1fce94c830dc79107e174f890d7210541c4a63e8e5d816341794a2151c9d58c?s=96&d=mm&r=g\",\"contentUrl\":\"https:\/\/secure.gravatar.com\/avatar\/c1fce94c830dc79107e174f890d7210541c4a63e8e5d816341794a2151c9d58c?s=96&d=mm&r=g\",\"caption\":\"admin\"},\"sameAs\":[\"http:\/\/denizcankizil.tr\"],\"url\":\"https:\/\/www.iskenderun.org\/izmir-mavisi-sanatla-bulustu\"}]}<\/script>\n<!-- \/ Yoast SEO Premium plugin. -->","yoast_head_json":{"title":"\u0130zmir mavisi sanatla bulu\u015ftu - Av. Deniz Can K\u0131z\u0131l","robots":{"index":"index","follow":"follow","max-snippet":"max-snippet:-1","max-image-preview":"max-image-preview:large","max-video-preview":"max-video-preview:-1"},"canonical":"http:\/\/denizcankizil.tr\/en\/haberler\/gundem\/izmir-mavisi-sanatla-bulustu\/","og_locale":"en_GB","og_type":"article","og_title":"\u0130zmir mavisi sanatla bulu\u015ftu","og_description":"\u0130zmir, Slovenyal\u0131 \u00fcnl\u00fc sanat\u00e7\u0131 ve restorat\u00f6r Mira Li\u010den\u2019in sergisine ev sahipli\u011fi yap\u0131yor.\u00a0 \u201cSadece Sevgi Yarat\u0131r\u201d isimli resim sergisi, Ahmed Adnan Saygun Sanat Merkezi\u2019nde 30 Mart tarihine kadar ziyaret edilebilecek. \u0130ZM\u0130R (\u0130GFA) &#8211;\u00a0Mira Li\u010den\u2019in \u201cSadece Sevgi Yarat\u0131r\u201d resim sergisi, Ahmed Adnan Saygun Sanat Merkezi\u2019nde a\u00e7\u0131ld\u0131. Sanat\u0131n ve sevginin birle\u015ftirici g\u00fcc\u00fcn\u00fc ke\u015ffetmeye davet eden sergi, 30 Mart tarihine kadar a\u00e7\u0131k kalacak. Mozaik, vitray, resim ve cam f\u00fczyon gibi farkl\u0131 tekniklerle \u00e7al\u0131\u015fan sanat\u00e7\u0131n\u0131n bu sergideki resimleri ve enstalasyon \u00e7al\u0131\u015fmalar\u0131, \u0130zmir ve Slovenya aras\u0131nda bir k\u00fclt\u00fcr k\u00f6pr\u00fcs\u00fc kuruyor. \u0130ZM\u0130R MAV\u0130S\u0130 Serginin a\u00e7\u0131l\u0131\u015f\u0131na Ba\u015fpiskopos Dr. Martin Kmetec, Slovenya Cumhurba\u015fkan\u0131 Nata\u0161a Pirc Musar\u2019\u0131n e\u015fi Mr. Ale\u0161 Musar, sanat\u00e7\u0131 Mira L\u0131\u010den ve \u0130zmir B\u00fcy\u00fck\u015fehir Belediye Meclisi CHP Grup S\u00f6zc\u00fcs\u00fc Elvin S\u00f6nmez G\u00fcler\u00a0kat\u0131ld\u0131. Mira Li\u010den, serginin a\u00e7\u0131lmas\u0131nda eme\u011fi olan herkese te\u015fekk\u00fcr etti. Slovenya Cumhurba\u015fkan\u0131 Musar\u2019\u0131n e\u015fi Mr. Ale\u0161 Musar, \u201cBir sanat\u00e7\u0131 olarak Mira Li\u010den, hem ge\u00e7mi\u015fimize tan\u0131kl\u0131k eden sanat eserlerini korumak hem de k\u00fclt\u00fcrel miras\u0131m\u0131z haline gelebilecek yeni eserler yaratmak i\u00e7in her iki alanda da \u00e7al\u0131\u015f\u0131yor\u201d dedi. Sergi i\u00e7in haz\u0131rlanan katalo\u011fa ilk bakt\u0131\u011f\u0131nda mavinin \u00e7ok \u00f6zel bir tonunun dikkati \u00e7ekti\u011fini s\u00f6yleyen Ale\u0161 Musar, \u201cMira&#8217;n\u0131n restorasyon \u00e7al\u0131\u015fmalar\u0131na \u00f6nc\u00fcl\u00fck etti\u011fi ve bu nedenle de iki y\u0131ld\u0131r \u0130zmir&#8217;de ya\u015fad\u0131\u011f\u0131 Sen Polikarp Kilisesi&#8217;ni ziyaret ettikten sonra, Mira&#8217;n\u0131n \u0130zmir&#8217;e ne verdi\u011fini a\u00e7\u0131k\u00e7a anlad\u0131m &hellip;","og_url":"http:\/\/denizcankizil.tr\/en\/haberler\/gundem\/izmir-mavisi-sanatla-bulustu\/","og_site_name":"Av. Deniz Can K\u0131z\u0131l","article_published_time":"2025-02-26T07:42:10+00:00","author":"admin","twitter_card":"summary_large_image","twitter_misc":{"Written by":"admin","Estimated reading time":"4 minutes"},"schema":{"@context":"https:\/\/schema.org","@graph":[{"@type":"Article","@id":"http:\/\/denizcankizil.tr\/en\/haberler\/gundem\/izmir-mavisi-sanatla-bulustu\/#article","isPartOf":{"@id":"http:\/\/denizcankizil.tr\/en\/haberler\/gundem\/izmir-mavisi-sanatla-bulustu\/"},"author":{"name":"admin","@id":"https:\/\/denizcankizil.tr\/de\/#\/schema\/person\/be3c05fe6a12686905512445d8185489"},"headline":"\u0130zmir mavisi sanatla bulu\u015ftu","datePublished":"2025-02-26T07:42:10+00:00","mainEntityOfPage":{"@id":"http:\/\/denizcankizil.tr\/en\/haberler\/gundem\/izmir-mavisi-sanatla-bulustu\/"},"wordCount":861,"commentCount":0,"publisher":{"@id":"https:\/\/denizcankizil.tr\/de\/#organization"},"articleSection":["G\u00fcndem"],"inLanguage":"en-GB","potentialAction":[{"@type":"CommentAction","name":"Comment","target":["http:\/\/denizcankizil.tr\/en\/haberler\/gundem\/izmir-mavisi-sanatla-bulustu\/#respond"]}]},{"@type":"WebPage","@id":"http:\/\/denizcankizil.tr\/en\/haberler\/gundem\/izmir-mavisi-sanatla-bulustu\/","url":"http:\/\/denizcankizil.tr\/en\/haberler\/gundem\/izmir-mavisi-sanatla-bulustu\/","name":"\u0130zmir mavisi sanatla bulu\u015ftu - Av. Deniz Can K\u0131z\u0131l","isPartOf":{"@id":"https:\/\/denizcankizil.tr\/de\/#website"},"datePublished":"2025-02-26T07:42:10+00:00","breadcrumb":{"@id":"http:\/\/denizcankizil.tr\/en\/haberler\/gundem\/izmir-mavisi-sanatla-bulustu\/#breadcrumb"},"inLanguage":"en-GB","potentialAction":[{"@type":"ReadAction","target":["http:\/\/denizcankizil.tr\/en\/haberler\/gundem\/izmir-mavisi-sanatla-bulustu\/"]}]},{"@type":"BreadcrumbList","@id":"http:\/\/denizcankizil.tr\/en\/haberler\/gundem\/izmir-mavisi-sanatla-bulustu\/#breadcrumb","itemListElement":[{"@type":"ListItem","position":1,"name":"Home","item":"https:\/\/denizcankizil.tr\/de\/"},{"@type":"ListItem","position":2,"name":"\u0130zmir mavisi sanatla bulu\u015ftu"}]},{"@type":"WebSite","@id":"https:\/\/denizcankizil.tr\/de\/#website","url":"https:\/\/denizcankizil.tr\/de\/","name":"Av. Deniz Can K\u0131z\u0131l","description":"Avukat Deniz Can K\u0131z\u0131l Antalya Barosu","publisher":{"@id":"https:\/\/denizcankizil.tr\/de\/#organization"},"potentialAction":[{"@type":"SearchAction","target":{"@type":"EntryPoint","urlTemplate":"https:\/\/denizcankizil.tr\/de\/?s={search_term_string}"},"query-input":{"@type":"PropertyValueSpecification","valueRequired":true,"valueName":"search_term_string"}}],"inLanguage":"en-GB"},{"@type":"Organization","@id":"https:\/\/denizcankizil.tr\/de\/#organization","name":"Av. Deniz Can K\u0131z\u0131l","url":"https:\/\/denizcankizil.tr\/de\/","logo":{"@type":"ImageObject","inLanguage":"en-GB","@id":"https:\/\/denizcankizil.tr\/de\/#\/schema\/logo\/image\/","url":"http:\/\/denizcankizil.tr\/wp-content\/uploads\/2024\/10\/siyah-logo-svg.svg","contentUrl":"http:\/\/denizcankizil.tr\/wp-content\/uploads\/2024\/10\/siyah-logo-svg.svg","width":1080,"height":1080,"caption":"Av. Deniz Can K\u0131z\u0131l"},"image":{"@id":"https:\/\/denizcankizil.tr\/de\/#\/schema\/logo\/image\/"}},{"@type":"Person","@id":"https:\/\/denizcankizil.tr\/de\/#\/schema\/person\/be3c05fe6a12686905512445d8185489","name":"admin","image":{"@type":"ImageObject","inLanguage":"en-GB","@id":"https:\/\/denizcankizil.tr\/de\/#\/schema\/person\/image\/","url":"https:\/\/secure.gravatar.com\/avatar\/c1fce94c830dc79107e174f890d7210541c4a63e8e5d816341794a2151c9d58c?s=96&d=mm&r=g","contentUrl":"https:\/\/secure.gravatar.com\/avatar\/c1fce94c830dc79107e174f890d7210541c4a63e8e5d816341794a2151c9d58c?s=96&d=mm&r=g","caption":"admin"},"sameAs":["http:\/\/denizcankizil.tr"],"url":"https:\/\/www.iskenderun.org\/izmir-mavisi-sanatla-bulustu"}]}},"_links":{"self":[{"href":"http:\/\/denizcankizil.tr\/en\/wp-json\/wp\/v2\/posts\/34122","targetHints":{"allow":["GET"]}}],"collection":[{"href":"http:\/\/denizcankizil.tr\/en\/wp-json\/wp\/v2\/posts"}],"about":[{"href":"http:\/\/denizcankizil.tr\/en\/wp-json\/wp\/v2\/types\/post"}],"author":[{"embeddable":true,"href":"http:\/\/denizcankizil.tr\/en\/wp-json\/wp\/v2\/users\/1"}],"replies":[{"embeddable":true,"href":"http:\/\/denizcankizil.tr\/en\/wp-json\/wp\/v2\/comments?post=34122"}],"version-history":[{"count":0,"href":"http:\/\/denizcankizil.tr\/en\/wp-json\/wp\/v2\/posts\/34122\/revisions"}],"wp:attachment":[{"href":"http:\/\/denizcankizil.tr\/en\/wp-json\/wp\/v2\/media?parent=34122"}],"wp:term":[{"taxonomy":"category","embeddable":true,"href":"http:\/\/denizcankizil.tr\/en\/wp-json\/wp\/v2\/categories?post=34122"},{"taxonomy":"post_tag","embeddable":true,"href":"http:\/\/denizcankizil.tr\/en\/wp-json\/wp\/v2\/tags?post=34122"}],"curies":[{"name":"wp","href":"https:\/\/api.w.org\/{rel}","templated":true}]}}