{"id":33501,"date":"2025-02-19T13:42:08","date_gmt":"2025-02-19T10:42:08","guid":{"rendered":"https:\/\/denizcankizil.tr\/uncategorized-tr\/buyukcigli-mezarligindaki-hasar-gideriliyor\/"},"modified":"2025-02-19T13:42:08","modified_gmt":"2025-02-19T10:42:08","slug":"buyukcigli-mezarligindaki-hasar-gideriliyor","status":"publish","type":"post","link":"http:\/\/denizcankizil.tr\/en\/haberler\/gundem\/buyukcigli-mezarligindaki-hasar-gideriliyor\/","title":{"rendered":"B\u00fcy\u00fck\u00e7i\u011fli Mezarl\u0131\u011f\u0131\u2019ndaki hasar gideriliyor"},"content":{"rendered":"<p>\u0130zmir B\u00fcy\u00fck\u015fehir Belediyesi \u00c7i\u011fli\u2019deki B\u00fcy\u00fck\u00e7i\u011fli Mezarl\u0131\u011f\u0131\u2019na zarar veren ki\u015filer hakk\u0131nda adli s\u00fcre\u00e7 ba\u015flat\u0131lmas\u0131 i\u00e7in harekete ge\u00e7ti. Tahrip edilen mezarlar\u0131n onar\u0131lmas\u0131 i\u00e7in de \u00e7al\u0131\u015fma ba\u015flat\u0131ld\u0131.<\/p>\n<p>\u200b\u0130zmir B\u00fcy\u00fck\u015fehir Belediyesi \u00c7i\u011fli\u2019deki B\u00fcy\u00fck\u00e7i\u011fli Mezarl\u0131\u011f\u0131\u2019na zarar veren ki\u015filer hakk\u0131nda adli s\u00fcre\u00e7 ba\u015flat\u0131lmas\u0131 i\u00e7in harekete ge\u00e7ti. Tahrip edilen mezarlar\u0131n onar\u0131lmas\u0131 i\u00e7in de \u00e7al\u0131\u015fma ba\u015flat\u0131ld\u0131.\u00a0<\/p>\n<p>\u200bHaberin Al\u0131nt\u0131land\u0131\u011f\u0131 Kaynak: www.iskenderun.org<\/p>","protected":false},"excerpt":{"rendered":"<p>\u0130zmir B\u00fcy\u00fck\u015fehir Belediyesi \u00c7i\u011fli\u2019deki B\u00fcy\u00fck\u00e7i\u011fli Mezarl\u0131\u011f\u0131\u2019na zarar veren ki\u015filer hakk\u0131nda adli s\u00fcre\u00e7 ba\u015flat\u0131lmas\u0131 i\u00e7in harekete ge\u00e7ti. Tahrip edilen mezarlar\u0131n onar\u0131lmas\u0131 i\u00e7in de \u00e7al\u0131\u015fma ba\u015flat\u0131ld\u0131. \u200b\u0130zmir B\u00fcy\u00fck\u015fehir Belediyesi \u00c7i\u011fli\u2019deki B\u00fcy\u00fck\u00e7i\u011fli Mezarl\u0131\u011f\u0131\u2019na zarar veren ki\u015filer hakk\u0131nda adli s\u00fcre\u00e7 ba\u015flat\u0131lmas\u0131 i\u00e7in harekete ge\u00e7ti. Tahrip edilen mezarlar\u0131n onar\u0131lmas\u0131 i\u00e7in de \u00e7al\u0131\u015fma ba\u015flat\u0131ld\u0131.\u00a0 \u200bHaberin Al\u0131nt\u0131land\u0131\u011f\u0131 Kaynak: www.iskenderun.org<\/p>","protected":false},"author":1,"featured_media":0,"comment_status":"open","ping_status":"open","sticky":false,"template":"","format":"standard","meta":{"_acf_changed":false,"footnotes":""},"categories":[24],"tags":[],"class_list":["post-33501","post","type-post","status-publish","format-standard","has-post-thumbnail","hentry","category-gundem"],"acf":[],"yoast_head":"<!-- This site is optimized with the Yoast SEO Premium plugin v26.6 (Yoast SEO v27.1.1) - https:\/\/yoast.com\/product\/yoast-seo-premium-wordpress\/ -->\n<title>B\u00fcy\u00fck\u00e7i\u011fli Mezarl\u0131\u011f\u0131\u2019ndaki hasar gideriliyor - Av. Deniz Can K\u0131z\u0131l<\/title>\n<meta name=\"robots\" content=\"index, follow, max-snippet:-1, max-image-preview:large, max-video-preview:-1\" \/>\n<link rel=\"canonical\" href=\"http:\/\/denizcankizil.tr\/en\/haberler\/gundem\/buyukcigli-mezarligindaki-hasar-gideriliyor\/\" \/>\n<meta property=\"og:locale\" content=\"en_GB\" \/>\n<meta property=\"og:type\" content=\"article\" \/>\n<meta property=\"og:title\" content=\"B\u00fcy\u00fck\u00e7i\u011fli Mezarl\u0131\u011f\u0131\u2019ndaki hasar gideriliyor\" \/>\n<meta property=\"og:description\" content=\"\u0130zmir B\u00fcy\u00fck\u015fehir Belediyesi \u00c7i\u011fli\u2019deki B\u00fcy\u00fck\u00e7i\u011fli Mezarl\u0131\u011f\u0131\u2019na zarar veren ki\u015filer hakk\u0131nda adli s\u00fcre\u00e7 ba\u015flat\u0131lmas\u0131 i\u00e7in harekete ge\u00e7ti. Tahrip edilen mezarlar\u0131n onar\u0131lmas\u0131 i\u00e7in de \u00e7al\u0131\u015fma ba\u015flat\u0131ld\u0131. \u200b\u0130zmir B\u00fcy\u00fck\u015fehir Belediyesi \u00c7i\u011fli\u2019deki B\u00fcy\u00fck\u00e7i\u011fli Mezarl\u0131\u011f\u0131\u2019na zarar veren ki\u015filer hakk\u0131nda adli s\u00fcre\u00e7 ba\u015flat\u0131lmas\u0131 i\u00e7in harekete ge\u00e7ti. Tahrip edilen mezarlar\u0131n onar\u0131lmas\u0131 i\u00e7in de \u00e7al\u0131\u015fma ba\u015flat\u0131ld\u0131.\u00a0 \u200bHaberin Al\u0131nt\u0131land\u0131\u011f\u0131 Kaynak: www.iskenderun.org\" \/>\n<meta property=\"og:url\" content=\"http:\/\/denizcankizil.tr\/en\/haberler\/gundem\/buyukcigli-mezarligindaki-hasar-gideriliyor\/\" \/>\n<meta property=\"og:site_name\" content=\"Av. Deniz Can K\u0131z\u0131l\" \/>\n<meta property=\"article:published_time\" content=\"2025-02-19T10:42:08+00:00\" \/>\n<meta name=\"author\" content=\"admin\" \/>\n<meta name=\"twitter:card\" content=\"summary_large_image\" \/>\n<meta name=\"twitter:label1\" content=\"Written by\" \/>\n\t<meta name=\"twitter:data1\" content=\"admin\" \/>\n\t<meta name=\"twitter:label2\" content=\"Estimated reading time\" \/>\n\t<meta name=\"twitter:data2\" content=\"1 minute\" \/>\n<script type=\"application\/ld+json\" class=\"yoast-schema-graph\">{\"@context\":\"https:\/\/schema.org\",\"@graph\":[{\"@type\":\"Article\",\"@id\":\"http:\/\/denizcankizil.tr\/en\/haberler\/gundem\/buyukcigli-mezarligindaki-hasar-gideriliyor\/#article\",\"isPartOf\":{\"@id\":\"http:\/\/denizcankizil.tr\/en\/haberler\/gundem\/buyukcigli-mezarligindaki-hasar-gideriliyor\/\"},\"author\":{\"name\":\"admin\",\"@id\":\"https:\/\/denizcankizil.tr\/de\/#\/schema\/person\/be3c05fe6a12686905512445d8185489\"},\"headline\":\"B\u00fcy\u00fck\u00e7i\u011fli Mezarl\u0131\u011f\u0131\u2019ndaki hasar gideriliyor\",\"datePublished\":\"2025-02-19T10:42:08+00:00\",\"mainEntityOfPage\":{\"@id\":\"http:\/\/denizcankizil.tr\/en\/haberler\/gundem\/buyukcigli-mezarligindaki-hasar-gideriliyor\/\"},\"wordCount\":111,\"commentCount\":0,\"publisher\":{\"@id\":\"https:\/\/denizcankizil.tr\/de\/#organization\"},\"articleSection\":[\"G\u00fcndem\"],\"inLanguage\":\"en-GB\",\"potentialAction\":[{\"@type\":\"CommentAction\",\"name\":\"Comment\",\"target\":[\"http:\/\/denizcankizil.tr\/en\/haberler\/gundem\/buyukcigli-mezarligindaki-hasar-gideriliyor\/#respond\"]}]},{\"@type\":\"WebPage\",\"@id\":\"http:\/\/denizcankizil.tr\/en\/haberler\/gundem\/buyukcigli-mezarligindaki-hasar-gideriliyor\/\",\"url\":\"http:\/\/denizcankizil.tr\/en\/haberler\/gundem\/buyukcigli-mezarligindaki-hasar-gideriliyor\/\",\"name\":\"B\u00fcy\u00fck\u00e7i\u011fli Mezarl\u0131\u011f\u0131\u2019ndaki hasar gideriliyor - Av. Deniz Can K\u0131z\u0131l\",\"isPartOf\":{\"@id\":\"https:\/\/denizcankizil.tr\/de\/#website\"},\"datePublished\":\"2025-02-19T10:42:08+00:00\",\"breadcrumb\":{\"@id\":\"http:\/\/denizcankizil.tr\/en\/haberler\/gundem\/buyukcigli-mezarligindaki-hasar-gideriliyor\/#breadcrumb\"},\"inLanguage\":\"en-GB\",\"potentialAction\":[{\"@type\":\"ReadAction\",\"target\":[\"http:\/\/denizcankizil.tr\/en\/haberler\/gundem\/buyukcigli-mezarligindaki-hasar-gideriliyor\/\"]}]},{\"@type\":\"BreadcrumbList\",\"@id\":\"http:\/\/denizcankizil.tr\/en\/haberler\/gundem\/buyukcigli-mezarligindaki-hasar-gideriliyor\/#breadcrumb\",\"itemListElement\":[{\"@type\":\"ListItem\",\"position\":1,\"name\":\"Home\",\"item\":\"https:\/\/denizcankizil.tr\/de\/\"},{\"@type\":\"ListItem\",\"position\":2,\"name\":\"B\u00fcy\u00fck\u00e7i\u011fli Mezarl\u0131\u011f\u0131\u2019ndaki hasar gideriliyor\"}]},{\"@type\":\"WebSite\",\"@id\":\"https:\/\/denizcankizil.tr\/de\/#website\",\"url\":\"https:\/\/denizcankizil.tr\/de\/\",\"name\":\"Av. Deniz Can K\u0131z\u0131l\",\"description\":\"Avukat Deniz Can K\u0131z\u0131l Antalya Barosu\",\"publisher\":{\"@id\":\"https:\/\/denizcankizil.tr\/de\/#organization\"},\"potentialAction\":[{\"@type\":\"SearchAction\",\"target\":{\"@type\":\"EntryPoint\",\"urlTemplate\":\"https:\/\/denizcankizil.tr\/de\/?s={search_term_string}\"},\"query-input\":{\"@type\":\"PropertyValueSpecification\",\"valueRequired\":true,\"valueName\":\"search_term_string\"}}],\"inLanguage\":\"en-GB\"},{\"@type\":\"Organization\",\"@id\":\"https:\/\/denizcankizil.tr\/de\/#organization\",\"name\":\"Av. Deniz Can K\u0131z\u0131l\",\"url\":\"https:\/\/denizcankizil.tr\/de\/\",\"logo\":{\"@type\":\"ImageObject\",\"inLanguage\":\"en-GB\",\"@id\":\"https:\/\/denizcankizil.tr\/de\/#\/schema\/logo\/image\/\",\"url\":\"http:\/\/denizcankizil.tr\/wp-content\/uploads\/2024\/10\/siyah-logo-svg.svg\",\"contentUrl\":\"http:\/\/denizcankizil.tr\/wp-content\/uploads\/2024\/10\/siyah-logo-svg.svg\",\"width\":1080,\"height\":1080,\"caption\":\"Av. Deniz Can K\u0131z\u0131l\"},\"image\":{\"@id\":\"https:\/\/denizcankizil.tr\/de\/#\/schema\/logo\/image\/\"}},{\"@type\":\"Person\",\"@id\":\"https:\/\/denizcankizil.tr\/de\/#\/schema\/person\/be3c05fe6a12686905512445d8185489\",\"name\":\"admin\",\"image\":{\"@type\":\"ImageObject\",\"inLanguage\":\"en-GB\",\"@id\":\"https:\/\/denizcankizil.tr\/de\/#\/schema\/person\/image\/\",\"url\":\"https:\/\/secure.gravatar.com\/avatar\/c1fce94c830dc79107e174f890d7210541c4a63e8e5d816341794a2151c9d58c?s=96&d=mm&r=g\",\"contentUrl\":\"https:\/\/secure.gravatar.com\/avatar\/c1fce94c830dc79107e174f890d7210541c4a63e8e5d816341794a2151c9d58c?s=96&d=mm&r=g\",\"caption\":\"admin\"},\"sameAs\":[\"http:\/\/denizcankizil.tr\"],\"url\":\"https:\/\/www.iskenderun.org\/buyukcigli-mezarligindaki-hasar-gideriliyor\"}]}<\/script>\n<!-- \/ Yoast SEO Premium plugin. -->","yoast_head_json":{"title":"B\u00fcy\u00fck\u00e7i\u011fli Mezarl\u0131\u011f\u0131\u2019ndaki hasar gideriliyor - Av. Deniz Can K\u0131z\u0131l","robots":{"index":"index","follow":"follow","max-snippet":"max-snippet:-1","max-image-preview":"max-image-preview:large","max-video-preview":"max-video-preview:-1"},"canonical":"http:\/\/denizcankizil.tr\/en\/haberler\/gundem\/buyukcigli-mezarligindaki-hasar-gideriliyor\/","og_locale":"en_GB","og_type":"article","og_title":"B\u00fcy\u00fck\u00e7i\u011fli Mezarl\u0131\u011f\u0131\u2019ndaki hasar gideriliyor","og_description":"\u0130zmir B\u00fcy\u00fck\u015fehir Belediyesi \u00c7i\u011fli\u2019deki B\u00fcy\u00fck\u00e7i\u011fli Mezarl\u0131\u011f\u0131\u2019na zarar veren ki\u015filer hakk\u0131nda adli s\u00fcre\u00e7 ba\u015flat\u0131lmas\u0131 i\u00e7in harekete ge\u00e7ti. Tahrip edilen mezarlar\u0131n onar\u0131lmas\u0131 i\u00e7in de \u00e7al\u0131\u015fma ba\u015flat\u0131ld\u0131. \u200b\u0130zmir B\u00fcy\u00fck\u015fehir Belediyesi \u00c7i\u011fli\u2019deki B\u00fcy\u00fck\u00e7i\u011fli Mezarl\u0131\u011f\u0131\u2019na zarar veren ki\u015filer hakk\u0131nda adli s\u00fcre\u00e7 ba\u015flat\u0131lmas\u0131 i\u00e7in harekete ge\u00e7ti. Tahrip edilen mezarlar\u0131n onar\u0131lmas\u0131 i\u00e7in de \u00e7al\u0131\u015fma ba\u015flat\u0131ld\u0131.\u00a0 \u200bHaberin Al\u0131nt\u0131land\u0131\u011f\u0131 Kaynak: www.iskenderun.org","og_url":"http:\/\/denizcankizil.tr\/en\/haberler\/gundem\/buyukcigli-mezarligindaki-hasar-gideriliyor\/","og_site_name":"Av. Deniz Can K\u0131z\u0131l","article_published_time":"2025-02-19T10:42:08+00:00","author":"admin","twitter_card":"summary_large_image","twitter_misc":{"Written by":"admin","Estimated reading time":"1 minute"},"schema":{"@context":"https:\/\/schema.org","@graph":[{"@type":"Article","@id":"http:\/\/denizcankizil.tr\/en\/haberler\/gundem\/buyukcigli-mezarligindaki-hasar-gideriliyor\/#article","isPartOf":{"@id":"http:\/\/denizcankizil.tr\/en\/haberler\/gundem\/buyukcigli-mezarligindaki-hasar-gideriliyor\/"},"author":{"name":"admin","@id":"https:\/\/denizcankizil.tr\/de\/#\/schema\/person\/be3c05fe6a12686905512445d8185489"},"headline":"B\u00fcy\u00fck\u00e7i\u011fli Mezarl\u0131\u011f\u0131\u2019ndaki hasar gideriliyor","datePublished":"2025-02-19T10:42:08+00:00","mainEntityOfPage":{"@id":"http:\/\/denizcankizil.tr\/en\/haberler\/gundem\/buyukcigli-mezarligindaki-hasar-gideriliyor\/"},"wordCount":111,"commentCount":0,"publisher":{"@id":"https:\/\/denizcankizil.tr\/de\/#organization"},"articleSection":["G\u00fcndem"],"inLanguage":"en-GB","potentialAction":[{"@type":"CommentAction","name":"Comment","target":["http:\/\/denizcankizil.tr\/en\/haberler\/gundem\/buyukcigli-mezarligindaki-hasar-gideriliyor\/#respond"]}]},{"@type":"WebPage","@id":"http:\/\/denizcankizil.tr\/en\/haberler\/gundem\/buyukcigli-mezarligindaki-hasar-gideriliyor\/","url":"http:\/\/denizcankizil.tr\/en\/haberler\/gundem\/buyukcigli-mezarligindaki-hasar-gideriliyor\/","name":"B\u00fcy\u00fck\u00e7i\u011fli Mezarl\u0131\u011f\u0131\u2019ndaki hasar gideriliyor - Av. Deniz Can K\u0131z\u0131l","isPartOf":{"@id":"https:\/\/denizcankizil.tr\/de\/#website"},"datePublished":"2025-02-19T10:42:08+00:00","breadcrumb":{"@id":"http:\/\/denizcankizil.tr\/en\/haberler\/gundem\/buyukcigli-mezarligindaki-hasar-gideriliyor\/#breadcrumb"},"inLanguage":"en-GB","potentialAction":[{"@type":"ReadAction","target":["http:\/\/denizcankizil.tr\/en\/haberler\/gundem\/buyukcigli-mezarligindaki-hasar-gideriliyor\/"]}]},{"@type":"BreadcrumbList","@id":"http:\/\/denizcankizil.tr\/en\/haberler\/gundem\/buyukcigli-mezarligindaki-hasar-gideriliyor\/#breadcrumb","itemListElement":[{"@type":"ListItem","position":1,"name":"Home","item":"https:\/\/denizcankizil.tr\/de\/"},{"@type":"ListItem","position":2,"name":"B\u00fcy\u00fck\u00e7i\u011fli Mezarl\u0131\u011f\u0131\u2019ndaki hasar gideriliyor"}]},{"@type":"WebSite","@id":"https:\/\/denizcankizil.tr\/de\/#website","url":"https:\/\/denizcankizil.tr\/de\/","name":"Av. Deniz Can K\u0131z\u0131l","description":"Avukat Deniz Can K\u0131z\u0131l Antalya Barosu","publisher":{"@id":"https:\/\/denizcankizil.tr\/de\/#organization"},"potentialAction":[{"@type":"SearchAction","target":{"@type":"EntryPoint","urlTemplate":"https:\/\/denizcankizil.tr\/de\/?s={search_term_string}"},"query-input":{"@type":"PropertyValueSpecification","valueRequired":true,"valueName":"search_term_string"}}],"inLanguage":"en-GB"},{"@type":"Organization","@id":"https:\/\/denizcankizil.tr\/de\/#organization","name":"Av. Deniz Can K\u0131z\u0131l","url":"https:\/\/denizcankizil.tr\/de\/","logo":{"@type":"ImageObject","inLanguage":"en-GB","@id":"https:\/\/denizcankizil.tr\/de\/#\/schema\/logo\/image\/","url":"http:\/\/denizcankizil.tr\/wp-content\/uploads\/2024\/10\/siyah-logo-svg.svg","contentUrl":"http:\/\/denizcankizil.tr\/wp-content\/uploads\/2024\/10\/siyah-logo-svg.svg","width":1080,"height":1080,"caption":"Av. Deniz Can K\u0131z\u0131l"},"image":{"@id":"https:\/\/denizcankizil.tr\/de\/#\/schema\/logo\/image\/"}},{"@type":"Person","@id":"https:\/\/denizcankizil.tr\/de\/#\/schema\/person\/be3c05fe6a12686905512445d8185489","name":"admin","image":{"@type":"ImageObject","inLanguage":"en-GB","@id":"https:\/\/denizcankizil.tr\/de\/#\/schema\/person\/image\/","url":"https:\/\/secure.gravatar.com\/avatar\/c1fce94c830dc79107e174f890d7210541c4a63e8e5d816341794a2151c9d58c?s=96&d=mm&r=g","contentUrl":"https:\/\/secure.gravatar.com\/avatar\/c1fce94c830dc79107e174f890d7210541c4a63e8e5d816341794a2151c9d58c?s=96&d=mm&r=g","caption":"admin"},"sameAs":["http:\/\/denizcankizil.tr"],"url":"https:\/\/www.iskenderun.org\/buyukcigli-mezarligindaki-hasar-gideriliyor"}]}},"_links":{"self":[{"href":"http:\/\/denizcankizil.tr\/en\/wp-json\/wp\/v2\/posts\/33501","targetHints":{"allow":["GET"]}}],"collection":[{"href":"http:\/\/denizcankizil.tr\/en\/wp-json\/wp\/v2\/posts"}],"about":[{"href":"http:\/\/denizcankizil.tr\/en\/wp-json\/wp\/v2\/types\/post"}],"author":[{"embeddable":true,"href":"http:\/\/denizcankizil.tr\/en\/wp-json\/wp\/v2\/users\/1"}],"replies":[{"embeddable":true,"href":"http:\/\/denizcankizil.tr\/en\/wp-json\/wp\/v2\/comments?post=33501"}],"version-history":[{"count":0,"href":"http:\/\/denizcankizil.tr\/en\/wp-json\/wp\/v2\/posts\/33501\/revisions"}],"wp:attachment":[{"href":"http:\/\/denizcankizil.tr\/en\/wp-json\/wp\/v2\/media?parent=33501"}],"wp:term":[{"taxonomy":"category","embeddable":true,"href":"http:\/\/denizcankizil.tr\/en\/wp-json\/wp\/v2\/categories?post=33501"},{"taxonomy":"post_tag","embeddable":true,"href":"http:\/\/denizcankizil.tr\/en\/wp-json\/wp\/v2\/tags?post=33501"}],"curies":[{"name":"wp","href":"https:\/\/api.w.org\/{rel}","templated":true}]}}